{"id":10177,"date":"2019-12-12T08:04:39","date_gmt":"2019-12-12T07:04:39","guid":{"rendered":"https:\/\/skalnik.pl\/blog\/?p=10177"},"modified":"2023-01-10T08:12:45","modified_gmt":"2023-01-10T07:12:45","slug":"nie-znosze-gdy-mowi-sie-ze-na-everest-mozna-kogos-wniesc-wywiad-z-magda-lassota","status":"publish","type":"post","link":"https:\/\/www.skalnik.pl\/blog\/nie-znosze-gdy-mowi-sie-ze-na-everest-mozna-kogos-wniesc-wywiad-z-magda-lassota\/","title":{"rendered":"Nie znosz\u0119, gdy m\u00f3wi si\u0119, \u017ce na Everest mo\u017cna kogo\u015b wnie\u015b\u0107  \u2013 wywiad z Magd\u0105 Lassot\u0105"},"content":{"rendered":"<p><b>Opowie\u015bci z Himalaj\u00f3w cz\u0119sto s\u0105 do siebie bardzo podobne. Ich rytm wyznacza zdobywanie aklimatyzacji i wysoko\u015bci. Ta b\u0119dzie jednak inna. Magda Lassota pojecha\u0142a pod Everest nie po to, by kursowa\u0107 w niesko\u0144czono\u015b\u0107 mi\u0119dzy obozami i nie po to, by wej\u015b\u0107 na szczyt. Chcia\u0142a pozna\u0107 ludzi, kt\u00f3rych przyci\u0105gn\u0105\u0142 Everest i zajrze\u0107 w ka\u017cdy zakamarek Everest Base Camp. Pod najwy\u017csz\u0105 z g\u00f3r sp\u0119dzi\u0142a dwa d\u0142ugie miesi\u0105ce, podczas kt\u00f3rych realizowa\u0142a projekt reporterski \u201eW cieniu Everestu\u201d.<\/b><\/p>\n<p><b>Zacznijmy od szczero\u015bci. Co Ciebie przyci\u0105gn\u0119\u0142o pod Everest? Przecie\u017c nie chcia\u0142a\u015b wej\u015b\u0107 na szczyt.<\/b><\/p>\n<p>To jest trudne pytanie. Nie wiem, dlaczego ten Everest tak przyci\u0105ga. Bardzo chcia\u0142am pozna\u0107 odpowied\u017a na to pytanie, dlatego pojecha\u0142am do bazy. Jednak nie do ko\u0144ca mi si\u0119 to uda\u0142o\u2026 Zawsze powtarza\u0142am, \u017ce nie chc\u0119 wchodzi\u0107 na Everest. W pewnym momencie jednak zmieni\u0142am zdanie i mnie r\u00f3wnie\u017c ta g\u00f3ra zacz\u0119\u0142a przyci\u0105ga\u0107.<\/p>\n<p><b>Magnes tego szczytu by\u0142 silniejszy ni\u017c plany?<\/b><\/p>\n<p>By\u0142 bardzo silny! Na szcz\u0119\u015bcie szybko zesz\u0142am na ziemi\u0119 i wr\u00f3ci\u0142am do mojego pierwotnego my\u015blenia, \u017ce nie chc\u0119 wchodzi\u0107 na Everest. Przyznam, \u017ce na pocz\u0105tku chcia\u0142am zrobi\u0107 tylko projekt fotograficzny. Przede wszystkim jestem fotografem i chcia\u0142am robi\u0107 zdj\u0119cia wspinaczy przed wej\u015bciem na g\u00f3r\u0119 i po zej\u015bciu z niej. Jednak p\u00f3\u017aniej zacz\u0119\u0142o interesowa\u0107 mnie wiele wi\u0119cej i tak powsta\u0142 pomys\u0142 na obszerny reporta\u017c. W Polsce nie by\u0142o takiego projektu. Nie s\u0105dz\u0119 te\u017c, \u017ceby kto\u015b co\u015b podobnego na \u015bwiecie ju\u017c zrobi\u0142.<\/p>\n<div id=\"attachment_10180\" style=\"width: 1034px\" class=\"wp-caption aligncenter\"><img loading=\"lazy\" decoding=\"async\" aria-describedby=\"caption-attachment-10180\" class=\"wp-image-10180 size-large\" src=\"https:\/\/skalnik.pl\/blog\/wp-content\/uploads\/2019\/12\/Ja-1024x682.jpg\" alt=\"\" width=\"1024\" height=\"682\" srcset=\"https:\/\/www.skalnik.pl\/blog\/wp-content\/uploads\/2019\/12\/Ja.jpg 1024w, https:\/\/www.skalnik.pl\/blog\/wp-content\/uploads\/2019\/12\/Ja-300x200.jpg 300w, https:\/\/www.skalnik.pl\/blog\/wp-content\/uploads\/2019\/12\/Ja-768x512.jpg 768w\" sizes=\"auto, (max-width: 1024px) 100vw, 1024px\" \/><p id=\"caption-attachment-10180\" class=\"wp-caption-text\">Everest Base Camp na dwa miesi\u0105ce sta\u0142 si\u0119 domem Magdy. (fot. Magda Lassota)<\/p><\/div>\n<p><b>S\u0142uchaj, skoro chcia\u0142a\u015b fotografowa\u0107 wspinaczy przed i po Evere\u015bcie, to zak\u0142ada\u0142a\u015b, \u017ce szczyt zmienia. Na zdj\u0119ciach wida\u0107 by\u0142oby pewnie t\u0119 stron\u0119 fizyczn\u0105.<\/b><\/p>\n<p>Nie jest tak, \u017ce ten projekt si\u0119 nie uda\u0142. Zrobi\u0142am seri\u0119 takich zdj\u0119\u0107. Nie wszystkim. Zw\u0142aszcza po zej\u015bciu z g\u00f3ry by\u0142o to trudne, bo wspinacze wtedy bardzo szybko uciekaj\u0105 z bazy. Helikopter praktycznie ju\u017c na nich czeka. Everest bardzo zmienia fizycznie. Wspinacze potrafi\u0105 schudn\u0105\u0107 kilkana\u015bcie kilogram\u00f3w w czasie tygodniowego ataku szczytowego. Na ich twarzach wida\u0107 tak zwany Everest Kiss \u2013 poca\u0142unek Everestu \u2013 czyli odmro\u017cenia na policzkach. To jest bardzo wyra\u017ane.<\/p>\n<p><b>Ile ludzi jest pod Everestem w sezonie?<\/b><\/p>\n<p>W tym roku w bazie by\u0142o oko\u0142o 1200 os\u00f3b. Ogromnie du\u017co.<\/p>\n<p><b>Ci ludzie si\u0119 zmieniaj\u0105, czy s\u0105 to przewa\u017cnie te same osoby przez d\u0142ugi czas?<\/b><\/p>\n<p>Jest grupa ludzi, kt\u00f3rzy przychodz\u0105 i odchodz\u0105, jak na przyk\u0142ad tragarze. W wi\u0119kszo\u015bci jest to jednak sta\u0142a grupa, kt\u00f3ra tam po prostu mieszka przez ca\u0142y czas trwania wyprawy. Wszyscy, kt\u00f3rzy s\u0105 w bazie s\u0105 natomiast zwi\u0105zani z wyprawami. W bazie nie ma trekkers\u00f3w, bo oni maj\u0105 zakaz wchodzenia na jej teren. Trekking do bazy pod Everestem to jest tak naprawd\u0119 trekking do punktu na samym pocz\u0105tku bazy. Teoretycznie za to miejsce trekkersi nie mog\u0105 wchodzi\u0107. To jest strefa tylko dla wspinaczy.<\/p>\n<div id=\"attachment_10181\" style=\"width: 1034px\" class=\"wp-caption aligncenter\"><img loading=\"lazy\" decoding=\"async\" aria-describedby=\"caption-attachment-10181\" class=\"wp-image-10181 size-large\" title=\"wspinacze w bazie pod Everestem\" src=\"https:\/\/skalnik.pl\/blog\/wp-content\/uploads\/2019\/12\/MG_5139-1024x682.jpg\" alt=\"ekspedycja everest\" width=\"1024\" height=\"682\" srcset=\"https:\/\/www.skalnik.pl\/blog\/wp-content\/uploads\/2019\/12\/MG_5139.jpg 1024w, https:\/\/www.skalnik.pl\/blog\/wp-content\/uploads\/2019\/12\/MG_5139-300x200.jpg 300w, https:\/\/www.skalnik.pl\/blog\/wp-content\/uploads\/2019\/12\/MG_5139-768x512.jpg 768w\" sizes=\"auto, (max-width: 1024px) 100vw, 1024px\" \/><p id=\"caption-attachment-10181\" class=\"wp-caption-text\">Baza to przede wszystkim ludzie, a nie namioty l\u00f3d i kamienie. (fot. Magda Lassota)<\/p><\/div>\n<p><b>Czyli b\u0119d\u0105c w bazie mia\u0142a\u015b wykupione pozwolenie na szczyt?<\/b><\/p>\n<p>Mia\u0142am pozwolenie, ale nie na Everest, bo jest ono bardzo drogie. Mia\u0142am pozwolenie na Nuptse. Bez \u017cadnego pozwolenia nie mo\u017cna przebywa\u0107 w bazie, a na pewno nie tak d\u0142ugo. Oczywi\u015bcie nie da si\u0119 sprawdzi\u0107, czy ka\u017cda osoba w bazie ma pozwolenie i czy nie zapl\u0105ta\u0142 si\u0119 tu \u017caden turysta. Trzeba jednak wierzy\u0107, \u017ce ludzie trzymaj\u0105 si\u0119 tych przepis\u00f3w i nie wchodz\u0105 za wielki g\u0142az na pocz\u0105tku bazy, na kt\u00f3rym jest tabliczka z zakazem.<\/p>\n<p>Nie ma czego\u015b takiego jak baza dla trekkers\u00f3w. Jednak co roku pod ten wielki g\u0142az przychodz\u0105 dziesi\u0105tki tysi\u0119cy turyst\u00f3w, \u017ceby z pewnej odleg\u0142o\u015bci przyjrze\u0107 si\u0119 bazie, w kt\u00f3rej w tym roku by\u0142o 380 os\u00f3b z pozwoleniami wspinaczkowymi na Everest.<\/p>\n<p><b>W mediach, kt\u00f3re informowa\u0142y o Twoim projekcie mo\u017cna by\u0142o wyczyta\u0107, \u017ce sp\u0119dzi\u0142a\u015b dwa miesi\u0105ce w \u201ehotelu\u201d z widokiem na Everest. Z bazy jednak samego Everestu chyba nie wida\u0107?<\/b><\/p>\n<p>Z kilku tylko miejsc wida\u0107 kopu\u0142\u0119 szczytow\u0105, jednak g\u0142\u00f3wnie wida\u0107 Lol\u0119 i Nuptse, kt\u00f3re zas\u0142aniaj\u0105 Everest.<\/p>\n<p><b>A nie inne namioty, kt\u00f3re zas\u0142aniaj\u0105 te g\u00f3ry?<\/b><\/p>\n<p>Masz troch\u0119 racji. Widok z bazy jest zarazem pi\u0119kny i brzydki. Jak przemierza\u0142am t\u0119 baz\u0119, to czasem czu\u0142am, \u017ce id\u0119 przez pole namiotowe\u2026 jak w \u0141ebie albo w Mielnie\u2026 Pole, na kt\u00f3rym nie chce si\u0119 by\u0107, bo jest na nim t\u0142um. Natomiast za ka\u017cdym razem, gdy podnosi\u0142am g\u0142ow\u0119, nie mog\u0142am uwierzy\u0107 w to, jak pi\u0119knie po\u0142o\u017cona jest baza, otoczona o\u015bnie\u017conymi szczytami. Z jednej strony Lola i Nuptse, z drugiej Pumori. Ka\u017cda po siedem tysi\u0119cy. A do tego wiesz, \u017ce zaraz za nimi jest ju\u017c Tybet.<\/p>\n<div id=\"attachment_10182\" style=\"width: 1034px\" class=\"wp-caption alignnone\"><img loading=\"lazy\" decoding=\"async\" aria-describedby=\"caption-attachment-10182\" class=\"wp-image-10182 size-large\" title=\"Everest Base Camp\" src=\"https:\/\/skalnik.pl\/blog\/wp-content\/uploads\/2019\/12\/4240668-1024x682.jpg\" alt=\"baza g\u0142\u00f3wna pod Everestem\" width=\"1024\" height=\"682\" srcset=\"https:\/\/www.skalnik.pl\/blog\/wp-content\/uploads\/2019\/12\/4240668.jpg 1024w, https:\/\/www.skalnik.pl\/blog\/wp-content\/uploads\/2019\/12\/4240668-300x200.jpg 300w, https:\/\/www.skalnik.pl\/blog\/wp-content\/uploads\/2019\/12\/4240668-768x512.jpg 768w\" sizes=\"auto, (max-width: 1024px) 100vw, 1024px\" \/><p id=\"caption-attachment-10182\" class=\"wp-caption-text\">Everest Base Camp &#8211; ca\u0142kiem spore &#8222;pole namiotowe&#8221;. (fot. Magda Lassota)<\/p><\/div>\n<p><b>Wi\u0119c jest to miejsce niejednoznaczne. Jaki jest najwi\u0119kszy mit o Everest Base Camp?<\/b><\/p>\n<p>Nie wiem, jaki jest najwi\u0119kszy mit o samej bazie, ale wiem, jaki jest najwi\u0119kszy mit o samym Evere\u015bcie. To mnie strasznie denerwuje i nie znosz\u0119, gdy m\u00f3wi si\u0119, \u017ce na Everest mo\u017cna kogo\u015b wnie\u015b\u0107. B\u0119d\u0119 z tym walczy\u0107! Nie znosz\u0119, gdy ludzie m\u00f3wi\u0105, \u017ce tak jest. I \u017ce wystarczy mie\u0107 pieni\u0105dze, \u017ceby wej\u015b\u0107 na Everest. One wcale niczego nie gwarantuj\u0105. A ju\u017c na pewno nie tego, \u017ce kto\u015b nas tam wniesie.<\/p>\n<p><b>No tak, ale pieni\u0105dze du\u017co w tej drodze na dach \u015bwiata u\u0142atwiaj\u0105.<\/b><\/p>\n<p>U\u0142atwiaj\u0105, ale nie gwarantuj\u0105 sukcesu.<\/p>\n<p><b>Pewna rosyjska agencja zapowiada\u0142a w 2018 roku, \u017ce tak podniesie standard, \u017ce b\u0119d\u0105 normalne \u0142\u00f3\u017cka, \u017ce b\u0119d\u0105 dywany w namiotach.<\/b><\/p>\n<p>Ju\u017c to jest. Ja w namiocie mia\u0142am dywan, p\u00f3\u0142eczk\u0119 i materac. Ale w dro\u017cszych agencjach \u0142\u00f3\u017cka te\u017c si\u0119 zdarzaj\u0105.<\/p>\n<p><b>Czyli luksus?<\/b><\/p>\n<p>Dla mnie m\u00f3j namiot by\u0142 luksusowy, cho\u0107 zdarzaj\u0105 si\u0119 jeszcze bardziej luksusowe. Namiot wygl\u0105da jak prostok\u0105tny domek z dwuspadowym dachem. Mo\u017cna si\u0119 w nim normalnie wyprostowa\u0107, stan\u0105\u0107. Ma mniej wi\u0119cej wymiary dwa metry na metr. W \u015brodku jest \u0142\u00f3\u017cko lub sam materac, dywan, szafeczka turystyczna. Dla mnie to by\u0142 szok. M\u00f3j ma\u0142y pa\u0142ac. S\u0105 oczywi\u015bcie agencje, kt\u00f3re oferuj\u0105 nawet prywatne ogrzewanie w namiotach. To si\u0119 dzieje nie od dzi\u015b, a b\u0119dzie jeszcze bardziej luksusowo.<\/p>\n<div id=\"attachment_10183\" style=\"width: 1034px\" class=\"wp-caption aligncenter\"><img loading=\"lazy\" decoding=\"async\" aria-describedby=\"caption-attachment-10183\" class=\"wp-image-10183 size-large\" title=\"Everest Base Camp wspinacz\" src=\"https:\/\/skalnik.pl\/blog\/wp-content\/uploads\/2019\/12\/MG_5712-1024x682.jpg\" alt=\"wspinacz w bazie pod Everestem\" width=\"1024\" height=\"682\" srcset=\"https:\/\/www.skalnik.pl\/blog\/wp-content\/uploads\/2019\/12\/MG_5712.jpg 1024w, https:\/\/www.skalnik.pl\/blog\/wp-content\/uploads\/2019\/12\/MG_5712-300x200.jpg 300w, https:\/\/www.skalnik.pl\/blog\/wp-content\/uploads\/2019\/12\/MG_5712-768x512.jpg 768w\" sizes=\"auto, (max-width: 1024px) 100vw, 1024px\" \/><p id=\"caption-attachment-10183\" class=\"wp-caption-text\">Pod Everest ka\u017cdy przyje\u017cdza ze swoj\u0105 histori\u0105. (fot. Magda Lassota)<\/p><\/div>\n<p><b>Rozmawia\u0142a\u015b w bazie z wieloma osobami i pojecha\u0142a\u015b, \u017ceby ich zrozumie\u0107. Po co si\u0119 idzie na ten Everest? By\u0142o tam ju\u017c tylu ludzi.<\/b><\/p>\n<p>Nie wiem. Robi\u0142am wszystko, \u017ceby si\u0119 tego dowiedzie\u0107 i mam wra\u017cenie, \u017ce dwa miesi\u0105ce w bazie a\u017c tak bardzo nie przybli\u017cy\u0142y mnie do rozwi\u0105zania tej zagadki. Ka\u017cdy podaje jakie\u015b powody: mi\u0142o\u015b\u0107 do g\u00f3r, kolejny krok we wspinaczkowej karierze, kompletowanie Korony Ziemi. Czasem kto\u015b przekonuje, \u017ce jest to misja spo\u0142eczna. Nie kupuj\u0119 takiego t\u0142umaczenia. Pami\u0119tam, \u017ce rozmawia\u0142am z kim\u015b, kto m\u00f3wi\u0142, \u017ce tak naprawd\u0119 na pocz\u0105tku jest decyzja. Decydujesz, \u017ce chcesz wej\u015b\u0107 na Everest, a potem mo\u017cesz \u2013 ale nie musisz \u2013 budowa\u0107 wok\u00f3\u0142 tego otoczk\u0119, m\u00f3wi\u0107, \u017ce to jaka\u015b misja spo\u0142eczna. Na przyk\u0142ad m\u00f3wisz, \u017ce walczysz o czyje\u015b prawa. Niezale\u017cnie od tego, jak bardzo kto\u015b chcia\u0142by zrobi\u0107 z siebie bohatera, to najpierw jest jego decyzja, jego ego. A potem mo\u017ce opowiada\u0107, co mu si\u0119 \u017cywnie podoba.<\/p>\n<p><b>Czyli jest to projekt egoistyczny?<\/b><\/p>\n<p>Oczywi\u015bcie. Wchodzenie na t\u0119 g\u00f3r\u0119 jest absolutnie egoistyczne. Czasem ludzie sami nie do ko\u0144ca wiedz\u0105, co nimi kieruje, a czasem nie chc\u0105 si\u0119 po prostu przyzna\u0107.<\/p>\n<p><b>Mo\u017ce te\u017c jest tak, \u017ce ta motywacja zmienia si\u0119 w czasie wyprawy?<\/b><\/p>\n<p>Mo\u017ce. Na pewno jest du\u017co takich os\u00f3b, kt\u00f3re kochaj\u0105 si\u0119 wspina\u0107, a Everest pojawi\u0142 si\u0119 w ich g\u0142owie ju\u017c dawno. Pozna\u0142am takich wspinaczy, kt\u00f3rzy m\u00f3wili, \u017ce my\u015bleli o tej g\u00f3rze od lat, od dzieci\u0144stwa, i w ko\u0144cu tu s\u0105. Dla wielu to po prostu marzenie.<\/p>\n<div id=\"attachment_10184\" style=\"width: 1034px\" class=\"wp-caption alignnone\"><img loading=\"lazy\" decoding=\"async\" aria-describedby=\"caption-attachment-10184\" class=\"wp-image-10184 size-large\" title=\"droga na Everest\" src=\"https:\/\/skalnik.pl\/blog\/wp-content\/uploads\/2019\/12\/Ice-Fall-i-wspinacze-id\u0105cy-do-C1-1024x682.jpg\" alt=\"Everest nocne wyj\u015bcie z bazy\" width=\"1024\" height=\"682\" srcset=\"https:\/\/www.skalnik.pl\/blog\/wp-content\/uploads\/2019\/12\/Ice-Fall-i-wspinacze-id\u0105cy-do-C1.jpg 1024w, https:\/\/www.skalnik.pl\/blog\/wp-content\/uploads\/2019\/12\/Ice-Fall-i-wspinacze-id\u0105cy-do-C1-300x200.jpg 300w, https:\/\/www.skalnik.pl\/blog\/wp-content\/uploads\/2019\/12\/Ice-Fall-i-wspinacze-id\u0105cy-do-C1-768x512.jpg 768w\" sizes=\"auto, (max-width: 1024px) 100vw, 1024px\" \/><p id=\"caption-attachment-10184\" class=\"wp-caption-text\">&#8222;Dach \u015bwiata&#8221; to magnes, kt\u00f3ry przyci\u0105ga wielu wspinaczy. (fot. Magda Lassota)<\/p><\/div>\n<p><b>Skoro rozmawia\u0142a\u015b te\u017c z tymi, kt\u00f3rzy to marzenie osi\u0105gn\u0119li, to powiedz, co oni m\u00f3wi\u0105 ju\u017c po zej\u015bciu z g\u00f3ry, po tym jak stan\u0119li na najwy\u017cszym szczycie Ziemi. Czy oni m\u00f3wi\u0105 na przyk\u0142ad, \u017ce warto wzi\u0105\u0107 kredyt na 30 ty\u015b. dolar\u00f3w i tego dokona\u0107?<\/b><\/p>\n<p>Hmmm\u2026 30 ty\u015b. dolar\u00f3w to tak \u015brednio. Raczej wi\u0119cej. W ka\u017cdym razie nikt mi nie powiedzia\u0142, \u017ce \u017ca\u0142uje tych pieni\u0119dzy. Raczej m\u00f3wili, \u017ce powt\u00f3rzyliby to, bo jest to tak niesamowite prze\u017cycie. Nie spotka\u0142am nikogo, kto powiedzia\u0142: \u201ekurcz\u0119, nie, to nie by\u0142o warte tego kredytu\u201d. Spotka\u0142am natomiast osob\u0119, kt\u00f3ra wzi\u0119\u0142a ju\u017c dwa kredyty. Raz jej si\u0119 nie uda\u0142o, ale za drugim razem wesz\u0142a. Chyba jednak wi\u0119kszo\u015b\u0107 wspinaczy uwa\u017ca to za swoje najwi\u0119ksze osi\u0105gni\u0119cie i p\u0142aci t\u0119 cen\u0119.<\/p>\n<p><b>Takie wej\u015bcie na Everest to jeszcze sport, himalaizm? Sporo jest g\u0142os\u00f3w, \u017ce to tylko wysokog\u00f3rska turystyka.<\/b><\/p>\n<p>To prawda. Nawet musz\u0119 si\u0119 z tym zgodzi\u0107. Niekt\u00f3rzy s\u0105 bardzo do\u015bwiadczeni, ale jednak jest wiele os\u00f3b, kt\u00f3re w bardzo du\u017cym stopniu korzystaj\u0105 z pomocy Szerp\u00f3w.<\/p>\n<p><b>Spotka\u0142a\u015b kogo\u015b, kto nie korzysta\u0142 na przyk\u0142ad z tlenu? Bywaj\u0105 w bazie w czasie sezonu wspinacze ze sportowymi ambicjami?<\/b><\/p>\n<p>W tym roku chyba nikt nie wszed\u0142 nie u\u017cywaj\u0105c tlenu. W najlepszy dzie\u0144 do ataku szczytowego by\u0142a s\u0142ynna kolejka i na przyk\u0142ad Elizabeth Revol te\u017c nie mog\u0142a pozwoli\u0107 sobie na to, by czeka\u0107 w kolejce i nie u\u017cywa\u0107 tlenu, chocia\u017cby z powodu ryzyka odmro\u017ce\u0144. Nie daj\u0119 g\u0142owy, \u017ce nikomu si\u0119 nie uda\u0142o, ale ja nie s\u0142ysza\u0142am o takim wej\u015bciu w tym sezonie.<\/p>\n<div id=\"attachment_10185\" style=\"width: 1034px\" class=\"wp-caption aligncenter\"><img loading=\"lazy\" decoding=\"async\" aria-describedby=\"caption-attachment-10185\" class=\"wp-image-10185 size-large\" title=\"himalajski przewodnik \" src=\"https:\/\/skalnik.pl\/blog\/wp-content\/uploads\/2019\/12\/5050206-1024x682.jpg\" alt=\"przewodnik wysokog\u00f3rski himalaje\" width=\"1024\" height=\"682\" srcset=\"https:\/\/www.skalnik.pl\/blog\/wp-content\/uploads\/2019\/12\/5050206.jpg 1024w, https:\/\/www.skalnik.pl\/blog\/wp-content\/uploads\/2019\/12\/5050206-300x200.jpg 300w, https:\/\/www.skalnik.pl\/blog\/wp-content\/uploads\/2019\/12\/5050206-768x512.jpg 768w\" sizes=\"auto, (max-width: 1024px) 100vw, 1024px\" \/><p id=\"caption-attachment-10185\" class=\"wp-caption-text\">Baza to nie tylko ci, kt\u00f3rzy marz\u0105 o szczycie. To r\u00f3wnie\u017c tragarze, kucharze i przewodnicy. (fot. Magda Lassota)<\/p><\/div>\n<p><b>Baza pod Everestem to te\u017c \u201elokalsi\u201d, kt\u00f3rzy pracuj\u0105 przy wyprawach. Czyje opowie\u015bci s\u0105 ciekawsze \u2013 wspinaczy czy tragarzy, przewodnik\u00f3w i kucharzy?<\/b><\/p>\n<p>Ci\u0119\u017cko to por\u00f3wna\u0107. S\u0142ysza\u0142am mas\u0119 ciekawych historii wspinaczy i mn\u00f3stwo ciekawych historii Szerp\u00f3w. Problem jest taki, \u017ce cz\u0142owiek z zachodu wejdzie raz na Everest i jest gwiazd\u0105 w swoim kraju. Szerpa wchodzi 10, 15, 20 razy i nikt o nim nie s\u0142yszy. Szerpowie, kt\u00f3rzy weszli na przyk\u0142ad 5 razy na szczyt m\u00f3wi\u0105, \u017ce to ma\u0142o. Oni nie robi\u0105 tego dla s\u0142awy, to ich praca, robi\u0105 to, \u017ceby prze\u017cy\u0107. Ich historie s\u0105 takie ciekawe, bo o ich \u017cyciu wiemy niewiele.<\/p>\n<p><b>Napisa\u0142a\u015b reporta\u017c, w kt\u00f3rym zastanawia\u0142a\u015b si\u0119, czy Szerpowie s\u0105 szcz\u0119\u015bliwi czy nieszcz\u0119\u015bliwi.<\/b><\/p>\n<p>Nepalczycy m\u00f3wi\u0105, \u017ce s\u0105 szcz\u0119\u015bliwi. M\u00f3wi\u0105, \u017ce trzeba by\u0107 szcz\u0119\u015bliwym i nie ma co narzeka\u0107 i zbytnio si\u0119 nad tym zastanawia\u0107. Wp\u0142yw ma na to te\u017c buddyzm. My\u015bl\u0119, \u017ce nie do ko\u0144ca chc\u0105 si\u0119 przyznawa\u0107, \u017ce tak naprawd\u0119 jest ci\u0119\u017cko. \u017beby si\u0119 tego dowiedzie\u0107, trzeba ich lepiej pozna\u0107.<\/p>\n<p><b>M\u00f3wi si\u0119, \u017ce pod Everestem jest du\u017co problem\u00f3w. Media nag\u0142a\u015bniaj\u0105 na przyk\u0142ad problem \u015bmieci, kolejek pod szczytem, \u015bmierci na g\u00f3rze. To s\u0105 po prostu no\u015bne tematy czy pal\u0105ce problemy?<\/b><\/p>\n<p>Liczba ludzi pod t\u0105 g\u00f3r\u0105 nie musi wp\u0142ywa\u0107 na wi\u0119ksze za\u015bmiecenie. Z roku na rok coraz bardziej dba si\u0119 o to, \u017ceby tych \u015bmieci ubywa\u0142o. Ja chc\u0119 wierzy\u0107 w to, co m\u00f3wi\u0105 ludzie z pozarz\u0105dowej agencji SPCC \u2013 Sagarmatha Pollution Control Committe, kt\u00f3ra zajmuje si\u0119 w\u0142a\u015bnie problemem \u015bmieci na Evere\u015bcie, pod Everestem i w ca\u0142ym Parku Narodowym Sagarmatha. Oni maj\u0105 misj\u0119, chc\u0105, \u017ceby ta g\u00f3ra za kilka lat by\u0142a czysta. A to, \u017ce na Everest wspina si\u0119 du\u017co za du\u017co ludzi, to niepodwa\u017calny fakt. Rz\u0105d w \u017caden spos\u00f3b nie kontroluje ani liczby pozwole\u0144, ani umiej\u0119tno\u015bci wspinaczy.<\/p>\n<div class=\"page_gallery\">\n\n\t\t<style type=\"text\/css\">\n\t\t\t#gallery-1 {\n\t\t\t\tmargin: auto;\n\t\t\t}\n\t\t\t#gallery-1 .gallery-item {\n\t\t\t\tfloat: left;\n\t\t\t\tmargin-top: 10px;\n\t\t\t\ttext-align: center;\n\t\t\t\twidth: 33%;\n\t\t\t}\n\t\t\t#gallery-1 img {\n\t\t\t\tborder: 2px solid #cfcfcf;\n\t\t\t}\n\t\t\t#gallery-1 .gallery-caption {\n\t\t\t\tmargin-left: 0;\n\t\t\t}\n\t\t\t\/* see gallery_shortcode() in wp-includes\/media.php *\/\n\t\t<\/style>\n\t\t<div id='gallery-1' class='gallery galleryid-10177 gallery-columns-3 gallery-size-large'><dl class='gallery-item'>\n\t\t\t<dt class='gallery-icon landscape'>\n\t\t\t\t<img loading=\"lazy\" decoding=\"async\" width=\"1024\" height=\"683\" src=\"https:\/\/www.skalnik.pl\/blog\/wp-content\/uploads\/2019\/12\/DSC00390-1024x683.jpg\" class=\"attachment-large size-large\" alt=\"\" aria-describedby=\"gallery-1-10203\" srcset=\"https:\/\/www.skalnik.pl\/blog\/wp-content\/uploads\/2019\/12\/DSC00390.jpg 1024w, https:\/\/www.skalnik.pl\/blog\/wp-content\/uploads\/2019\/12\/DSC00390-300x200.jpg 300w, https:\/\/www.skalnik.pl\/blog\/wp-content\/uploads\/2019\/12\/DSC00390-768x512.jpg 768w\" sizes=\"auto, (max-width: 1024px) 100vw, 1024px\" \/>\n\t\t\t<\/dt>\n\t\t\t\t<dd class='wp-caption-text gallery-caption' id='gallery-1-10203'>\n\t\t\t\tMagd\u0119 go\u015bcili\u015bmy na Spotkaniach z G\u00f3rami. Jej prezentacja pozwoli\u0142a zajrze\u0107 w wiele zakamark\u00f3w EBC (fot. Pawe\u0142 Ruda)\n\t\t\t\t<\/dd><\/dl><dl class='gallery-item'>\n\t\t\t<dt class='gallery-icon landscape'>\n\t\t\t\t<img loading=\"lazy\" decoding=\"async\" width=\"1024\" height=\"683\" src=\"https:\/\/www.skalnik.pl\/blog\/wp-content\/uploads\/2019\/12\/DSC00338-1024x683.jpg\" class=\"attachment-large size-large\" alt=\"\" aria-describedby=\"gallery-1-10186\" srcset=\"https:\/\/www.skalnik.pl\/blog\/wp-content\/uploads\/2019\/12\/DSC00338.jpg 1024w, https:\/\/www.skalnik.pl\/blog\/wp-content\/uploads\/2019\/12\/DSC00338-300x200.jpg 300w, https:\/\/www.skalnik.pl\/blog\/wp-content\/uploads\/2019\/12\/DSC00338-768x512.jpg 768w\" sizes=\"auto, (max-width: 1024px) 100vw, 1024px\" \/>\n\t\t\t<\/dt>\n\t\t\t\t<dd class='wp-caption-text gallery-caption' id='gallery-1-10186'>\n\t\t\t\tSpotkaniom z G\u00f3rami towarzyszy\u0142a wystawa. (fot. Pawe\u0142 Ruda)\n\t\t\t\t<\/dd><\/dl><dl class='gallery-item'>\n\t\t\t<dt class='gallery-icon landscape'>\n\t\t\t\t<img loading=\"lazy\" decoding=\"async\" width=\"1024\" height=\"682\" src=\"https:\/\/www.skalnik.pl\/blog\/wp-content\/uploads\/2019\/12\/DSC03210-1024x682.jpg\" class=\"attachment-large size-large\" alt=\"\" aria-describedby=\"gallery-1-10189\" srcset=\"https:\/\/www.skalnik.pl\/blog\/wp-content\/uploads\/2019\/12\/DSC03210.jpg 1024w, https:\/\/www.skalnik.pl\/blog\/wp-content\/uploads\/2019\/12\/DSC03210-300x200.jpg 300w, https:\/\/www.skalnik.pl\/blog\/wp-content\/uploads\/2019\/12\/DSC03210-768x512.jpg 768w\" sizes=\"auto, (max-width: 1024px) 100vw, 1024px\" \/>\n\t\t\t<\/dt>\n\t\t\t\t<dd class='wp-caption-text gallery-caption' id='gallery-1-10189'>\n\t\t\t\tKombinezon wyprawowy The North Face budzi\u0142 du\u017ce zainteresowanie. (fot. S\u0142awek Nosal)\n\t\t\t\t<\/dd><\/dl><br style=\"clear: both\" \/><dl class='gallery-item'>\n\t\t\t<dt class='gallery-icon landscape'>\n\t\t\t\t<img loading=\"lazy\" decoding=\"async\" width=\"1024\" height=\"683\" src=\"https:\/\/www.skalnik.pl\/blog\/wp-content\/uploads\/2019\/12\/DSC00471-1024x683.jpg\" class=\"attachment-large size-large\" alt=\"\" aria-describedby=\"gallery-1-10188\" srcset=\"https:\/\/www.skalnik.pl\/blog\/wp-content\/uploads\/2019\/12\/DSC00471.jpg 1024w, https:\/\/www.skalnik.pl\/blog\/wp-content\/uploads\/2019\/12\/DSC00471-300x200.jpg 300w, https:\/\/www.skalnik.pl\/blog\/wp-content\/uploads\/2019\/12\/DSC00471-768x512.jpg 768w\" sizes=\"auto, (max-width: 1024px) 100vw, 1024px\" \/>\n\t\t\t<\/dt>\n\t\t\t\t<dd class='wp-caption-text gallery-caption' id='gallery-1-10188'>\n\t\t\t\tSpoktania z G\u00f3rami zako\u0144czy\u0142y pytania od publiczno\u015bci. (fot. Pawe\u0142 Ruda)\n\t\t\t\t<\/dd><\/dl><dl class='gallery-item'>\n\t\t\t<dt class='gallery-icon landscape'>\n\t\t\t\t<img loading=\"lazy\" decoding=\"async\" width=\"1024\" height=\"683\" src=\"https:\/\/www.skalnik.pl\/blog\/wp-content\/uploads\/2019\/12\/DSC00505-1024x683.jpg\" class=\"attachment-large size-large\" alt=\"\" aria-describedby=\"gallery-1-10190\" srcset=\"https:\/\/www.skalnik.pl\/blog\/wp-content\/uploads\/2019\/12\/DSC00505.jpg 1024w, https:\/\/www.skalnik.pl\/blog\/wp-content\/uploads\/2019\/12\/DSC00505-300x200.jpg 300w, https:\/\/www.skalnik.pl\/blog\/wp-content\/uploads\/2019\/12\/DSC00505-768x512.jpg 768w\" sizes=\"auto, (max-width: 1024px) 100vw, 1024px\" \/>\n\t\t\t<\/dt>\n\t\t\t\t<dd class='wp-caption-text gallery-caption' id='gallery-1-10190'>\n\t\t\t\tNa wroc\u0142awskim spotkaniu nie zabrak\u0142o rozm\u00f3w w cztery oczy. (fot. Pawe\u0142 Ruda)\n\t\t\t\t<\/dd><\/dl>\n\t\t\t<br style='clear: both' \/>\n\t\t<\/div>\n\n<\/div>\n<p><b>Nie widzisz szans, \u017ceby to si\u0119 zmieni\u0142o? Nie ma szansy, \u017ce b\u0119dzie tam po prostu mniej ludzi?<\/b><\/p>\n<p>Nikt nie widzi. Dla rz\u0105du licz\u0105 si\u0119 pieni\u0105dze. Politykom by\u0142y przedstawiane r\u00f3\u017cne rozwi\u0105zania. Szerpa, kt\u00f3ry 17 razy wszed\u0142 na szczyt i prowadzi\u0142 wiele ekspedycji \u2013 Lakpa Rita Sherpa \u2013 sam przedstawia\u0142 rz\u0105dowi propozycj\u0119, dzi\u0119ki kt\u00f3rej na Evere\u015bcie by\u0142oby mniej niedo\u015bwiadczonych ludzi, a pieni\u0119dzy dla Nepalu tyle samo, ale to nic nie da\u0142o. Na przyk\u0142ad s\u0105 takie pomys\u0142y, \u017ceby wspinacz, kt\u00f3ry ma wej\u015b\u0107 na Everest, wcze\u015bniej zdoby\u0142 inny o\u015bmiotysi\u0119cznik. Poniewa\u017c wi\u0119kszo\u015b\u0107 o\u015bmiotysi\u0119cznik\u00f3w le\u017cy w Nepalu, to zasada ta zatrzyma\u0142aby pieni\u0105dze w kraju, a nawet by\u0142oby ich wi\u0119cej. Wspinacze musieliby zrobi\u0107 przynajmniej o jedn\u0105 ekspedycj\u0119 wi\u0119cej. I mieliby te\u017c wi\u0119ksze do\u015bwiadczenie.<\/p>\n<p>Teraz \u2013 po nag\u0142o\u015bnieniu sprawy z kolejk\u0105 \u2013 m\u00f3wi si\u0119 o takiej zasadzie, \u017ce wspinacz powinien wcze\u015bniej zdoby\u0107 dowolny szczyt licz\u0105cy 6500 metr\u00f3w, ale to jest mydlenie oczu i wiele os\u00f3b si\u0119 z tego \u015bmieje. S\u0105 przecie\u017c proste szczyty i to nic nie zmieni.<\/p>\n<p><b>Skoro tak du\u017co ludzi jest w g\u00f3rach \u2013 nawet tych najwy\u017cszych \u2013 to porozmawiajmy chwil\u0119 o fenomenie, kt\u00f3ry mo\u017cna okre\u015bli\u0107 jako \u201emod\u0119 na g\u00f3ry\u201d. Czemu Himalaje interesuj\u0105 tak wielu Polak\u00f3w? Jad\u0105c tam musia\u0142e\u015b zak\u0142ada\u0107, \u017ce to b\u0119dzie interesuj\u0105ce dla ludzi.<\/b><\/p>\n<p>Najpierw wpad\u0142am na ten pomys\u0142, a potem rzeczywi\u015bcie pomy\u015bla\u0142am, \u017ce mo\u017ce b\u0119dzie \u0142atwiej, bo to s\u0142owo Everest tak przyci\u0105ga uwag\u0119, dzia\u0142a na wyobra\u017ani\u0119. Teraz w og\u00f3le coraz wi\u0119cej ludzi jest \u201especjalistami\u201d od g\u00f3r wysokich. Wydaje mi si\u0119, \u017ce to za spraw\u0105 medi\u00f3w i tragedii. Czy kto\u015b wcze\u015bniej s\u0142ysza\u0142 o Tomku Mackiewiczu, kt\u00f3ry siedem razy pr\u00f3bowa\u0142 wej\u015b\u0107 zim\u0105 na Nang\u0119? Czy kto\u015b s\u0142ysza\u0142 o Revol? A teraz tak \u0142atwo jest j\u0105 ocenia\u0107. To tak, jak z Ma\u0142yszem, gdy by\u0142o o nim g\u0142o\u015bno, ca\u0142a Polska interesowa\u0142a si\u0119 skokami.<\/p>\n<div id=\"attachment_10191\" style=\"width: 1034px\" class=\"wp-caption aligncenter\"><img loading=\"lazy\" decoding=\"async\" aria-describedby=\"caption-attachment-10191\" class=\"wp-image-10191 size-large\" title=\"Baza pod Mount Everest\" src=\"https:\/\/skalnik.pl\/blog\/wp-content\/uploads\/2019\/12\/MG_5421-1024x682.jpg\" alt=\"baza everestowska\" width=\"1024\" height=\"682\" srcset=\"https:\/\/www.skalnik.pl\/blog\/wp-content\/uploads\/2019\/12\/MG_5421.jpg 1024w, https:\/\/www.skalnik.pl\/blog\/wp-content\/uploads\/2019\/12\/MG_5421-300x200.jpg 300w, https:\/\/www.skalnik.pl\/blog\/wp-content\/uploads\/2019\/12\/MG_5421-768x512.jpg 768w\" sizes=\"auto, (max-width: 1024px) 100vw, 1024px\" \/><p id=\"caption-attachment-10191\" class=\"wp-caption-text\">Everest Base Camp to dom wspinaczy i sztab, gdzie opracowuje si\u0119 plan ataku szczytowego. (fot. Magda Lassota)<\/p><\/div>\n<p><b>Ale w g\u00f3rach wida\u0107 wi\u0119cej ludzi.<\/b><\/p>\n<p>My\u015blisz, \u017ce jest ich wi\u0119cej ni\u017c kiedy\u015b?<\/p>\n<p><b>Widz\u0119 to cho\u0107by w najpopularniejszych miejscach Karkonoszy, gdzie bywam cz\u0119sto. Mo\u017ce jest to wina medi\u00f3w spo\u0142eczno\u015bciowych, dzielenia si\u0119 prze\u017cyciami na Instagramie, Facebooku.<\/b><\/p>\n<p>By\u0107 mo\u017ce. Coraz cz\u0119\u015bciej m\u00f3wi si\u0119 o spo\u0142ecznej odpowiedzialno\u015bci tych medi\u00f3w, \u017ce doprowadzaj\u0105 do tego, \u017ce w niekt\u00f3rych miejscach jest za du\u017co ludzi. W Himalajach zdecydowanie przyby\u0142o turyst\u00f3w. Wcze\u015bniej panowa\u0142o przekonanie, \u017ce s\u0105 takie niedost\u0119pne, odleg\u0142e, tylko dla zawodowc\u00f3w. A teraz wiadomo, \u017ce zrobienie trekkingu w Himalajach nie jest ani skomplikowane, ani nie musi by\u0107 trudne. Tylko wszystko trzeba robi\u0107 z g\u0142ow\u0105.<\/p>\n<p><b>Po Himalajach masz pono\u0107 apetyt na Karakorum. Co z kolejn\u0105 wypraw\u0105? Pojedziesz tam w g\u00f3ry, czy zn\u00f3w poznawa\u0107 ludzi?<\/b><\/p>\n<p>Na pewno jad\u0119 na trekking, od dawna marz\u0119 o Karakorum. Wiesz, Himalaje s\u0105 pi\u0119kne, ale te trasy trekkingowe s\u0105 ju\u017c bardzo skomercjalizowane. Maj\u0105 rozwini\u0119t\u0105 infrastruktur\u0119, a ja chc\u0119 poczu\u0107 surowo\u015b\u0107 g\u00f3r i pozna\u0107 Pakistan. Mam kilku przyjaci\u00f3\u0142 Pakista\u0144czyk\u00f3w, wi\u0119c nie boj\u0119 si\u0119 tam jecha\u0107, bo kto\u015b na pewno si\u0119 mn\u0105 zaopiekuje. Chc\u0119 zobaczy\u0107, jak mieszkaj\u0105, \u017cyj\u0105, dowiedzie\u0107 si\u0119 jak, pracuj\u0105 pakista\u0144scy tragarze i przewodnicy. Nie wiem jednak jeszcze, czy wyjdzie z tego jaki\u015b reporta\u017c. Po prostu nie wiem, czy uda mi si\u0119 a\u017c tyle czasu sp\u0119dzi\u0107 w g\u00f3rach, bo na to s\u0105 potrzebne du\u017ce fundusze.<\/p>\n<div id=\"attachment_10192\" style=\"width: 1034px\" class=\"wp-caption aligncenter\"><img loading=\"lazy\" decoding=\"async\" aria-describedby=\"caption-attachment-10192\" class=\"wp-image-10192 size-large\" title=\"trekking w Himalajach\" src=\"https:\/\/skalnik.pl\/blog\/wp-content\/uploads\/2019\/12\/MG_5601-1024x682.jpg\" alt=\"Himalaje trekking\" width=\"1024\" height=\"682\" srcset=\"https:\/\/www.skalnik.pl\/blog\/wp-content\/uploads\/2019\/12\/MG_5601.jpg 1024w, https:\/\/www.skalnik.pl\/blog\/wp-content\/uploads\/2019\/12\/MG_5601-300x200.jpg 300w, https:\/\/www.skalnik.pl\/blog\/wp-content\/uploads\/2019\/12\/MG_5601-768x512.jpg 768w\" sizes=\"auto, (max-width: 1024px) 100vw, 1024px\" \/><p id=\"caption-attachment-10192\" class=\"wp-caption-text\">&#8222;Himalaje s\u0105 pi\u0119kne, ale te trasy trekkingowe s\u0105 ju\u017c bardzo skomercjalizowane.&#8221; (fot. Magda Lassota)<\/p><\/div>\n<p><b>Karakorum jest dro\u017csze?<\/b><\/p>\n<p>Tak. M\u00f3wi si\u0119, \u017ce Pakistan potrafi by\u0107 dro\u017cszy od Nepalu. A Nepal ju\u017c nie jest tani, a przede wszystkim trekking pod Everest, Wszystkie te teehouse\u2019y, jedzenie, pozwolenia s\u0105 nieprawdopodobnie drogie. W\u0142a\u015bciciele teahouse\u2019\u00f3w mog\u0105 podnosi\u0107 ceny, bo wiedz\u0105, \u017ce tury\u015bci i tak b\u0119d\u0105 musieli zap\u0142aci\u0107. W jeden dzie\u0144 trekkingu mo\u017cna wyda\u0107 50 dolar\u00f3w i wi\u0119cej, do tego pozwolenia, loty do Lukli. Najgorsze jednak jest to, \u017ce jak zwykle bogac\u0105 si\u0119 bogaci, a biedni nadal s\u0105 biedni. Zobaczymy, jak b\u0119dzie w Pakistanie.<\/p>\n<p><b>Trzymam wi\u0119c kciuki za kolejne projekty i dzi\u0119kuj\u0119 Ci bardzo za ciekaw\u0105 rozmow\u0119.<\/b><\/p>\n<p><i>Rozmawia\u0142: S\u0142awek Nosal<\/i><\/p>\n<p><i>Wi\u0119cej o Magdzie Lassocie i jej projektach: <a href=\"https:\/\/www.magdalassota.com\/\" target=\"_blank\" rel=\"nofollow, noopener noreferrer\">www.magdalassota.com<\/a><\/i><\/p>\n<p><i>Zobacz wywiad, w kt\u00f3rym zadali\u015bmy jeszcze kilka innych pyta\u0144.&nbsp;<\/i><\/p>\n<p><iframe loading=\"lazy\" src=\"https:\/\/www.youtube.com\/embed\/86-AwDgiLnA\" allowfullscreen=\"allowfullscreen\" width=\"800\" height=\"442\" frameborder=\"0\"><\/iframe><\/p>\n","protected":false},"excerpt":{"rendered":"<p>Ciekawi ci\u0119, jak wygl\u0105da \u017cycie w Everest Base Camp? Zapytali\u015bmy o to Magd\u0119 Lassot\u0119, kt\u00f3ra w bazie pod Everestem sp\u0119dzi\u0142a ca\u0142e dwa miesi\u0105ce.  <\/p>\n","protected":false},"author":8,"featured_media":10179,"comment_status":"open","ping_status":"open","sticky":false,"template":"","format":"standard","meta":{"_acf_changed":false,"footnotes":""},"categories":[220],"tags":[164,316,94,202],"magento_category":[115],"magento_product":[],"class_list":["post-10177","post","type-post","status-publish","format-standard","has-post-thumbnail","hentry","category-wywiady","tag-himalaizm","tag-himalaje","tag-inspiracje","tag-spotkania-z-gorami"],"acf":[],"aioseo_notices":[],"aioseo_head":"\n\t\t<!-- All in One SEO 4.9.10 - aioseo.com -->\n\t<meta name=\"description\" content=\"Wywiad z Magd\u0105 Lassot\u0105 to podr\u00f3\u017c do bazy pod Everestem. Polka sp\u0119dzi\u0142a tam dwa miesi\u0105ce realizuj\u0105c fotoreporta\u017c &quot;W Cieniu Everestu&quot;. Zobacz jak wygl\u0105da \u017cycie w EBC.\" \/>\n\t<meta name=\"robots\" content=\"max-image-preview:large\" \/>\n\t<meta name=\"author\" content=\"S\u0142awek Nosal\"\/>\n\t<link rel=\"canonical\" href=\"https:\/\/www.skalnik.pl\/blog\/nie-znosze-gdy-mowi-sie-ze-na-everest-mozna-kogos-wniesc-wywiad-z-magda-lassota\/\" \/>\n\t<meta name=\"generator\" content=\"All in One SEO (AIOSEO) 4.9.10\" \/>\n\t\t<meta property=\"og:locale\" content=\"pl_PL\" \/>\n\t\t<meta property=\"og:site_name\" content=\"blog Skalnik - Blog, porady, artyku\u0142y - blog Skalnik\" \/>\n\t\t<meta property=\"og:type\" content=\"article\" \/>\n\t\t<meta property=\"og:title\" content=\"Nie znosz\u0119, gdy m\u00f3wi si\u0119, \u017ce na Everest mo\u017cna kogo\u015b wnie\u015b\u0107 \u2013 wywiad z Magd\u0105 Lassot\u0105 - blog Skalnik\" \/>\n\t\t<meta property=\"og:description\" content=\"Wywiad z Magd\u0105 Lassot\u0105 to podr\u00f3\u017c do bazy pod Everestem. Polka sp\u0119dzi\u0142a tam dwa miesi\u0105ce realizuj\u0105c fotoreporta\u017c &quot;W Cieniu Everestu&quot;. Zobacz jak wygl\u0105da \u017cycie w EBC.\" \/>\n\t\t<meta property=\"og:url\" content=\"https:\/\/www.skalnik.pl\/blog\/nie-znosze-gdy-mowi-sie-ze-na-everest-mozna-kogos-wniesc-wywiad-z-magda-lassota\/\" \/>\n\t\t<meta property=\"og:image\" content=\"https:\/\/skalnik.pl\/blog\/wp-content\/uploads\/2019\/12\/Ja-1024x682.jpg\" \/>\n\t\t<meta property=\"og:image:secure_url\" content=\"https:\/\/skalnik.pl\/blog\/wp-content\/uploads\/2019\/12\/Ja-1024x682.jpg\" \/>\n\t\t<meta property=\"article:tag\" content=\"wywiady\" \/>\n\t\t<meta property=\"article:tag\" content=\"himalaizm\" \/>\n\t\t<meta property=\"article:tag\" content=\"himalaje\" \/>\n\t\t<meta property=\"article:tag\" content=\"inspiracje\" \/>\n\t\t<meta property=\"article:tag\" content=\"spotkania z g\u00f3rami\" \/>\n\t\t<meta property=\"article:published_time\" content=\"2019-12-12T07:04:39+00:00\" \/>\n\t\t<meta property=\"article:modified_time\" content=\"2023-01-10T07:12:45+00:00\" \/>\n\t\t<meta name=\"twitter:card\" content=\"summary_large_image\" \/>\n\t\t<meta name=\"twitter:title\" content=\"Nie znosz\u0119, gdy m\u00f3wi si\u0119, \u017ce na Everest mo\u017cna kogo\u015b wnie\u015b\u0107 \u2013 wywiad z Magd\u0105 Lassot\u0105 - blog Skalnik\" \/>\n\t\t<meta name=\"twitter:description\" content=\"Wywiad z Magd\u0105 Lassot\u0105 to podr\u00f3\u017c do bazy pod Everestem. Polka sp\u0119dzi\u0142a tam dwa miesi\u0105ce realizuj\u0105c fotoreporta\u017c &quot;W Cieniu Everestu&quot;. Zobacz jak wygl\u0105da \u017cycie w EBC.\" \/>\n\t\t<meta name=\"twitter:image\" content=\"https:\/\/skalnik.pl\/blog\/wp-content\/uploads\/2019\/12\/Ja-1024x682.jpg\" \/>\n\t\t<script type=\"application\/ld+json\" class=\"aioseo-schema\">\n\t\t\t{\"@context\":\"https:\\\/\\\/schema.org\",\"@graph\":[{\"@type\":\"BlogPosting\",\"@id\":\"https:\\\/\\\/www.skalnik.pl\\\/blog\\\/nie-znosze-gdy-mowi-sie-ze-na-everest-mozna-kogos-wniesc-wywiad-z-magda-lassota\\\/#blogposting\",\"name\":\"Nie znosz\\u0119, gdy m\\u00f3wi si\\u0119, \\u017ce na Everest mo\\u017cna kogo\\u015b wnie\\u015b\\u0107 \\u2013 wywiad z Magd\\u0105 Lassot\\u0105 - blog Skalnik\",\"headline\":\"Nie znosz\\u0119, gdy m\\u00f3wi si\\u0119, \\u017ce na Everest mo\\u017cna kogo\\u015b wnie\\u015b\\u0107  \\u2013 wywiad z Magd\\u0105 Lassot\\u0105\",\"author\":{\"@id\":\"https:\\\/\\\/www.skalnik.pl\\\/blog\\\/author\\\/slawek-nosal\\\/#author\"},\"publisher\":{\"@id\":\"https:\\\/\\\/www.skalnik.pl\\\/blog\\\/#organization\"},\"image\":{\"@type\":\"ImageObject\",\"url\":\"https:\\\/\\\/www.skalnik.pl\\\/blog\\\/wp-content\\\/uploads\\\/2019\\\/12\\\/Puja-w-14EBC.jpg\",\"width\":1925,\"height\":705},\"datePublished\":\"2019-12-12T08:04:39+02:00\",\"dateModified\":\"2023-01-10T08:12:45+02:00\",\"inLanguage\":\"pl-PL\",\"mainEntityOfPage\":{\"@id\":\"https:\\\/\\\/www.skalnik.pl\\\/blog\\\/nie-znosze-gdy-mowi-sie-ze-na-everest-mozna-kogos-wniesc-wywiad-z-magda-lassota\\\/#webpage\"},\"isPartOf\":{\"@id\":\"https:\\\/\\\/www.skalnik.pl\\\/blog\\\/nie-znosze-gdy-mowi-sie-ze-na-everest-mozna-kogos-wniesc-wywiad-z-magda-lassota\\\/#webpage\"},\"articleSection\":\"Wywiady, himalaizm, himalaje, inspiracje, spotkania z g\\u00f3rami, 1226\"},{\"@type\":\"BreadcrumbList\",\"@id\":\"https:\\\/\\\/www.skalnik.pl\\\/blog\\\/nie-znosze-gdy-mowi-sie-ze-na-everest-mozna-kogos-wniesc-wywiad-z-magda-lassota\\\/#breadcrumblist\",\"itemListElement\":[{\"@type\":\"ListItem\",\"@id\":\"https:\\\/\\\/www.skalnik.pl\\\/blog#listItem\",\"position\":1,\"name\":\"Home\",\"item\":\"https:\\\/\\\/www.skalnik.pl\\\/blog\",\"nextItem\":{\"@type\":\"ListItem\",\"@id\":\"https:\\\/\\\/www.skalnik.pl\\\/blog\\\/.\\\/wywiady\\\/#listItem\",\"name\":\"Wywiady\"}},{\"@type\":\"ListItem\",\"@id\":\"https:\\\/\\\/www.skalnik.pl\\\/blog\\\/.\\\/wywiady\\\/#listItem\",\"position\":2,\"name\":\"Wywiady\",\"item\":\"https:\\\/\\\/www.skalnik.pl\\\/blog\\\/.\\\/wywiady\\\/\",\"nextItem\":{\"@type\":\"ListItem\",\"@id\":\"https:\\\/\\\/www.skalnik.pl\\\/blog\\\/nie-znosze-gdy-mowi-sie-ze-na-everest-mozna-kogos-wniesc-wywiad-z-magda-lassota\\\/#listItem\",\"name\":\"Nie znosz\\u0119, gdy m\\u00f3wi si\\u0119, \\u017ce na Everest mo\\u017cna kogo\\u015b wnie\\u015b\\u0107  \\u2013 wywiad z Magd\\u0105 Lassot\\u0105\"},\"previousItem\":{\"@type\":\"ListItem\",\"@id\":\"https:\\\/\\\/www.skalnik.pl\\\/blog#listItem\",\"name\":\"Home\"}},{\"@type\":\"ListItem\",\"@id\":\"https:\\\/\\\/www.skalnik.pl\\\/blog\\\/nie-znosze-gdy-mowi-sie-ze-na-everest-mozna-kogos-wniesc-wywiad-z-magda-lassota\\\/#listItem\",\"position\":3,\"name\":\"Nie znosz\\u0119, gdy m\\u00f3wi si\\u0119, \\u017ce na Everest mo\\u017cna kogo\\u015b wnie\\u015b\\u0107  \\u2013 wywiad z Magd\\u0105 Lassot\\u0105\",\"previousItem\":{\"@type\":\"ListItem\",\"@id\":\"https:\\\/\\\/www.skalnik.pl\\\/blog\\\/.\\\/wywiady\\\/#listItem\",\"name\":\"Wywiady\"}}]},{\"@type\":\"Organization\",\"@id\":\"https:\\\/\\\/www.skalnik.pl\\\/blog\\\/#organization\",\"name\":\"blog Skalnik\",\"description\":\"Blog, porady, artyku\\u0142y - blog Skalnik\",\"url\":\"https:\\\/\\\/www.skalnik.pl\\\/blog\\\/\"},{\"@type\":\"Person\",\"@id\":\"https:\\\/\\\/www.skalnik.pl\\\/blog\\\/author\\\/slawek-nosal\\\/#author\",\"url\":\"https:\\\/\\\/www.skalnik.pl\\\/blog\\\/author\\\/slawek-nosal\\\/\",\"name\":\"S\\u0142awek Nosal\",\"image\":{\"@type\":\"ImageObject\",\"@id\":\"https:\\\/\\\/www.skalnik.pl\\\/blog\\\/nie-znosze-gdy-mowi-sie-ze-na-everest-mozna-kogos-wniesc-wywiad-z-magda-lassota\\\/#authorImage\",\"url\":\"https:\\\/\\\/secure.gravatar.com\\\/avatar\\\/376f39150afcfc713e809ef8313d42dee4210bb1425eaad8153efa8965009197?s=96&d=mm&r=g\",\"width\":96,\"height\":96,\"caption\":\"S\\u0142awek Nosal\"}},{\"@type\":\"WebPage\",\"@id\":\"https:\\\/\\\/www.skalnik.pl\\\/blog\\\/nie-znosze-gdy-mowi-sie-ze-na-everest-mozna-kogos-wniesc-wywiad-z-magda-lassota\\\/#webpage\",\"url\":\"https:\\\/\\\/www.skalnik.pl\\\/blog\\\/nie-znosze-gdy-mowi-sie-ze-na-everest-mozna-kogos-wniesc-wywiad-z-magda-lassota\\\/\",\"name\":\"Nie znosz\\u0119, gdy m\\u00f3wi si\\u0119, \\u017ce na Everest mo\\u017cna kogo\\u015b wnie\\u015b\\u0107 \\u2013 wywiad z Magd\\u0105 Lassot\\u0105 - blog Skalnik\",\"description\":\"Wywiad z Magd\\u0105 Lassot\\u0105 to podr\\u00f3\\u017c do bazy pod Everestem. Polka sp\\u0119dzi\\u0142a tam dwa miesi\\u0105ce realizuj\\u0105c fotoreporta\\u017c \\\"W Cieniu Everestu\\\". Zobacz jak wygl\\u0105da \\u017cycie w EBC.\",\"inLanguage\":\"pl-PL\",\"isPartOf\":{\"@id\":\"https:\\\/\\\/www.skalnik.pl\\\/blog\\\/#website\"},\"breadcrumb\":{\"@id\":\"https:\\\/\\\/www.skalnik.pl\\\/blog\\\/nie-znosze-gdy-mowi-sie-ze-na-everest-mozna-kogos-wniesc-wywiad-z-magda-lassota\\\/#breadcrumblist\"},\"author\":{\"@id\":\"https:\\\/\\\/www.skalnik.pl\\\/blog\\\/author\\\/slawek-nosal\\\/#author\"},\"creator\":{\"@id\":\"https:\\\/\\\/www.skalnik.pl\\\/blog\\\/author\\\/slawek-nosal\\\/#author\"},\"image\":{\"@type\":\"ImageObject\",\"url\":\"https:\\\/\\\/www.skalnik.pl\\\/blog\\\/wp-content\\\/uploads\\\/2019\\\/12\\\/Puja-w-14EBC.jpg\",\"@id\":\"https:\\\/\\\/www.skalnik.pl\\\/blog\\\/nie-znosze-gdy-mowi-sie-ze-na-everest-mozna-kogos-wniesc-wywiad-z-magda-lassota\\\/#mainImage\",\"width\":1925,\"height\":705},\"primaryImageOfPage\":{\"@id\":\"https:\\\/\\\/www.skalnik.pl\\\/blog\\\/nie-znosze-gdy-mowi-sie-ze-na-everest-mozna-kogos-wniesc-wywiad-z-magda-lassota\\\/#mainImage\"},\"datePublished\":\"2019-12-12T08:04:39+02:00\",\"dateModified\":\"2023-01-10T08:12:45+02:00\"},{\"@type\":\"WebSite\",\"@id\":\"https:\\\/\\\/www.skalnik.pl\\\/blog\\\/#website\",\"url\":\"https:\\\/\\\/www.skalnik.pl\\\/blog\\\/\",\"name\":\"blog Skalnik\",\"description\":\"Blog, porady, artyku\\u0142y - blog Skalnik\",\"inLanguage\":\"pl-PL\",\"publisher\":{\"@id\":\"https:\\\/\\\/www.skalnik.pl\\\/blog\\\/#organization\"}}]}\n\t\t<\/script>\n\t\t<!-- All in One SEO -->\n\n","aioseo_head_json":{"title":"Nie znosz\u0119, gdy m\u00f3wi si\u0119, \u017ce na Everest mo\u017cna kogo\u015b wnie\u015b\u0107 \u2013 wywiad z Magd\u0105 Lassot\u0105 - blog Skalnik","description":"Wywiad z Magd\u0105 Lassot\u0105 to podr\u00f3\u017c do bazy pod Everestem. Polka sp\u0119dzi\u0142a tam dwa miesi\u0105ce realizuj\u0105c fotoreporta\u017c \"W Cieniu Everestu\". Zobacz jak wygl\u0105da \u017cycie w EBC.","canonical_url":"https:\/\/www.skalnik.pl\/blog\/nie-znosze-gdy-mowi-sie-ze-na-everest-mozna-kogos-wniesc-wywiad-z-magda-lassota\/","robots":"max-image-preview:large","keywords":"","webmasterTools":{"miscellaneous":""},"schema":{"@context":"https:\/\/schema.org","@graph":[{"@type":"BlogPosting","@id":"https:\/\/www.skalnik.pl\/blog\/nie-znosze-gdy-mowi-sie-ze-na-everest-mozna-kogos-wniesc-wywiad-z-magda-lassota\/#blogposting","name":"Nie znosz\u0119, gdy m\u00f3wi si\u0119, \u017ce na Everest mo\u017cna kogo\u015b wnie\u015b\u0107 \u2013 wywiad z Magd\u0105 Lassot\u0105 - blog Skalnik","headline":"Nie znosz\u0119, gdy m\u00f3wi si\u0119, \u017ce na Everest mo\u017cna kogo\u015b wnie\u015b\u0107  \u2013 wywiad z Magd\u0105 Lassot\u0105","author":{"@id":"https:\/\/www.skalnik.pl\/blog\/author\/slawek-nosal\/#author"},"publisher":{"@id":"https:\/\/www.skalnik.pl\/blog\/#organization"},"image":{"@type":"ImageObject","url":"https:\/\/www.skalnik.pl\/blog\/wp-content\/uploads\/2019\/12\/Puja-w-14EBC.jpg","width":1925,"height":705},"datePublished":"2019-12-12T08:04:39+02:00","dateModified":"2023-01-10T08:12:45+02:00","inLanguage":"pl-PL","mainEntityOfPage":{"@id":"https:\/\/www.skalnik.pl\/blog\/nie-znosze-gdy-mowi-sie-ze-na-everest-mozna-kogos-wniesc-wywiad-z-magda-lassota\/#webpage"},"isPartOf":{"@id":"https:\/\/www.skalnik.pl\/blog\/nie-znosze-gdy-mowi-sie-ze-na-everest-mozna-kogos-wniesc-wywiad-z-magda-lassota\/#webpage"},"articleSection":"Wywiady, himalaizm, himalaje, inspiracje, spotkania z g\u00f3rami, 1226"},{"@type":"BreadcrumbList","@id":"https:\/\/www.skalnik.pl\/blog\/nie-znosze-gdy-mowi-sie-ze-na-everest-mozna-kogos-wniesc-wywiad-z-magda-lassota\/#breadcrumblist","itemListElement":[{"@type":"ListItem","@id":"https:\/\/www.skalnik.pl\/blog#listItem","position":1,"name":"Home","item":"https:\/\/www.skalnik.pl\/blog","nextItem":{"@type":"ListItem","@id":"https:\/\/www.skalnik.pl\/blog\/.\/wywiady\/#listItem","name":"Wywiady"}},{"@type":"ListItem","@id":"https:\/\/www.skalnik.pl\/blog\/.\/wywiady\/#listItem","position":2,"name":"Wywiady","item":"https:\/\/www.skalnik.pl\/blog\/.\/wywiady\/","nextItem":{"@type":"ListItem","@id":"https:\/\/www.skalnik.pl\/blog\/nie-znosze-gdy-mowi-sie-ze-na-everest-mozna-kogos-wniesc-wywiad-z-magda-lassota\/#listItem","name":"Nie znosz\u0119, gdy m\u00f3wi si\u0119, \u017ce na Everest mo\u017cna kogo\u015b wnie\u015b\u0107  \u2013 wywiad z Magd\u0105 Lassot\u0105"},"previousItem":{"@type":"ListItem","@id":"https:\/\/www.skalnik.pl\/blog#listItem","name":"Home"}},{"@type":"ListItem","@id":"https:\/\/www.skalnik.pl\/blog\/nie-znosze-gdy-mowi-sie-ze-na-everest-mozna-kogos-wniesc-wywiad-z-magda-lassota\/#listItem","position":3,"name":"Nie znosz\u0119, gdy m\u00f3wi si\u0119, \u017ce na Everest mo\u017cna kogo\u015b wnie\u015b\u0107  \u2013 wywiad z Magd\u0105 Lassot\u0105","previousItem":{"@type":"ListItem","@id":"https:\/\/www.skalnik.pl\/blog\/.\/wywiady\/#listItem","name":"Wywiady"}}]},{"@type":"Organization","@id":"https:\/\/www.skalnik.pl\/blog\/#organization","name":"blog Skalnik","description":"Blog, porady, artyku\u0142y - blog Skalnik","url":"https:\/\/www.skalnik.pl\/blog\/"},{"@type":"Person","@id":"https:\/\/www.skalnik.pl\/blog\/author\/slawek-nosal\/#author","url":"https:\/\/www.skalnik.pl\/blog\/author\/slawek-nosal\/","name":"S\u0142awek Nosal","image":{"@type":"ImageObject","@id":"https:\/\/www.skalnik.pl\/blog\/nie-znosze-gdy-mowi-sie-ze-na-everest-mozna-kogos-wniesc-wywiad-z-magda-lassota\/#authorImage","url":"https:\/\/secure.gravatar.com\/avatar\/376f39150afcfc713e809ef8313d42dee4210bb1425eaad8153efa8965009197?s=96&d=mm&r=g","width":96,"height":96,"caption":"S\u0142awek Nosal"}},{"@type":"WebPage","@id":"https:\/\/www.skalnik.pl\/blog\/nie-znosze-gdy-mowi-sie-ze-na-everest-mozna-kogos-wniesc-wywiad-z-magda-lassota\/#webpage","url":"https:\/\/www.skalnik.pl\/blog\/nie-znosze-gdy-mowi-sie-ze-na-everest-mozna-kogos-wniesc-wywiad-z-magda-lassota\/","name":"Nie znosz\u0119, gdy m\u00f3wi si\u0119, \u017ce na Everest mo\u017cna kogo\u015b wnie\u015b\u0107 \u2013 wywiad z Magd\u0105 Lassot\u0105 - blog Skalnik","description":"Wywiad z Magd\u0105 Lassot\u0105 to podr\u00f3\u017c do bazy pod Everestem. Polka sp\u0119dzi\u0142a tam dwa miesi\u0105ce realizuj\u0105c fotoreporta\u017c \"W Cieniu Everestu\". Zobacz jak wygl\u0105da \u017cycie w EBC.","inLanguage":"pl-PL","isPartOf":{"@id":"https:\/\/www.skalnik.pl\/blog\/#website"},"breadcrumb":{"@id":"https:\/\/www.skalnik.pl\/blog\/nie-znosze-gdy-mowi-sie-ze-na-everest-mozna-kogos-wniesc-wywiad-z-magda-lassota\/#breadcrumblist"},"author":{"@id":"https:\/\/www.skalnik.pl\/blog\/author\/slawek-nosal\/#author"},"creator":{"@id":"https:\/\/www.skalnik.pl\/blog\/author\/slawek-nosal\/#author"},"image":{"@type":"ImageObject","url":"https:\/\/www.skalnik.pl\/blog\/wp-content\/uploads\/2019\/12\/Puja-w-14EBC.jpg","@id":"https:\/\/www.skalnik.pl\/blog\/nie-znosze-gdy-mowi-sie-ze-na-everest-mozna-kogos-wniesc-wywiad-z-magda-lassota\/#mainImage","width":1925,"height":705},"primaryImageOfPage":{"@id":"https:\/\/www.skalnik.pl\/blog\/nie-znosze-gdy-mowi-sie-ze-na-everest-mozna-kogos-wniesc-wywiad-z-magda-lassota\/#mainImage"},"datePublished":"2019-12-12T08:04:39+02:00","dateModified":"2023-01-10T08:12:45+02:00"},{"@type":"WebSite","@id":"https:\/\/www.skalnik.pl\/blog\/#website","url":"https:\/\/www.skalnik.pl\/blog\/","name":"blog Skalnik","description":"Blog, porady, artyku\u0142y - blog Skalnik","inLanguage":"pl-PL","publisher":{"@id":"https:\/\/www.skalnik.pl\/blog\/#organization"}}]},"og:locale":"pl_PL","og:site_name":"blog Skalnik - Blog, porady, artyku\u0142y - blog Skalnik","og:type":"article","og:title":"Nie znosz\u0119, gdy m\u00f3wi si\u0119, \u017ce na Everest mo\u017cna kogo\u015b wnie\u015b\u0107 \u2013 wywiad z Magd\u0105 Lassot\u0105 - blog Skalnik","og:description":"Wywiad z Magd\u0105 Lassot\u0105 to podr\u00f3\u017c do bazy pod Everestem. Polka sp\u0119dzi\u0142a tam dwa miesi\u0105ce realizuj\u0105c fotoreporta\u017c &quot;W Cieniu Everestu&quot;. Zobacz jak wygl\u0105da \u017cycie w EBC.","og:url":"https:\/\/www.skalnik.pl\/blog\/nie-znosze-gdy-mowi-sie-ze-na-everest-mozna-kogos-wniesc-wywiad-z-magda-lassota\/","og:image":"https:\/\/skalnik.pl\/blog\/wp-content\/uploads\/2019\/12\/Ja-1024x682.jpg","og:image:secure_url":"https:\/\/skalnik.pl\/blog\/wp-content\/uploads\/2019\/12\/Ja-1024x682.jpg","article:tag":["wywiady","himalaizm","himalaje","inspiracje","spotkania z g\u00f3rami"],"article:published_time":"2019-12-12T07:04:39+00:00","article:modified_time":"2023-01-10T07:12:45+00:00","twitter:card":"summary_large_image","twitter:title":"Nie znosz\u0119, gdy m\u00f3wi si\u0119, \u017ce na Everest mo\u017cna kogo\u015b wnie\u015b\u0107 \u2013 wywiad z Magd\u0105 Lassot\u0105 - blog Skalnik","twitter:description":"Wywiad z Magd\u0105 Lassot\u0105 to podr\u00f3\u017c do bazy pod Everestem. Polka sp\u0119dzi\u0142a tam dwa miesi\u0105ce realizuj\u0105c fotoreporta\u017c &quot;W Cieniu Everestu&quot;. Zobacz jak wygl\u0105da \u017cycie w EBC.","twitter:image":"https:\/\/skalnik.pl\/blog\/wp-content\/uploads\/2019\/12\/Ja-1024x682.jpg"},"aioseo_meta_data":{"post_id":"10177","title":null,"description":"Wywiad z Magd\u0105 Lassot\u0105 to podr\u00f3\u017c do bazy pod Everestem. Polka sp\u0119dzi\u0142a tam dwa miesi\u0105ce realizuj\u0105c fotoreporta\u017c &quot;W Cieniu Everestu&quot;. Zobacz jak wygl\u0105da \u017cycie w EBC.","keywords":[{"label":"baza Everest","value":"baza Everest"},{"label":"trekking himalaje","value":"trekking himalaje"},{"label":"Everest Base Camp","value":"Everest Base Camp"},{"label":"Magda Lassota","value":"Magda Lassota"},{"label":"wywiad","value":"wywiad"}],"keyphrases":null,"primary_term":null,"canonical_url":null,"og_title":null,"og_description":null,"og_object_type":"default","og_image_type":"default","og_image_url":null,"og_image_width":null,"og_image_height":null,"og_image_custom_url":null,"og_image_custom_fields":null,"og_video":null,"og_custom_url":null,"og_article_section":null,"og_article_tags":null,"twitter_use_og":false,"twitter_card":"default","twitter_image_type":"default","twitter_image_url":null,"twitter_image_custom_url":null,"twitter_image_custom_fields":null,"twitter_title":null,"twitter_description":null,"schema":{"blockGraphs":[],"customGraphs":[],"default":{"data":{"Article":[],"Course":[],"Dataset":[],"FAQPage":[],"Movie":[],"Person":[],"Product":[],"ProductReview":[],"Car":[],"Recipe":[],"Service":[],"SoftwareApplication":[],"WebPage":[]},"graphName":"BlogPosting","isEnabled":true},"graphs":[]},"schema_type":"default","schema_type_options":null,"pillar_content":false,"robots_default":true,"robots_noindex":false,"robots_noarchive":false,"robots_nosnippet":false,"robots_nofollow":false,"robots_noimageindex":false,"robots_noodp":false,"robots_notranslate":false,"robots_max_snippet":null,"robots_max_videopreview":null,"robots_max_imagepreview":"large","priority":null,"frequency":null,"local_seo":null,"breadcrumb_settings":null,"limit_modified_date":false,"ai":null,"created":"2022-08-26 10:10:49","updated":"2026-02-17 21:43:26","seo_analyzer_scan_date":null},"aioseo_breadcrumb":"<div class=\"aioseo-breadcrumbs\"><span class=\"aioseo-breadcrumb\">\n\t\t\t<a href=\"https:\/\/www.skalnik.pl\/blog\" title=\"Home\">Home<\/a>\n\t\t<\/span><span class=\"aioseo-breadcrumb-separator\">&raquo;<\/span><span class=\"aioseo-breadcrumb\">\n\t\t\t<a href=\"https:\/\/www.skalnik.pl\/blog\/.\/wywiady\/\" title=\"Wywiady\">Wywiady<\/a>\n\t\t<\/span><span class=\"aioseo-breadcrumb-separator\">&raquo;<\/span><span class=\"aioseo-breadcrumb\">\n\t\t\tNie znosz\u0119, gdy m\u00f3wi si\u0119, \u017ce na Everest mo\u017cna kogo\u015b wnie\u015b\u0107  \u2013 wywiad z Magd\u0105 Lassot\u0105\n\t\t<\/span><\/div>","aioseo_breadcrumb_json":[{"label":"Home","link":"https:\/\/www.skalnik.pl\/blog"},{"label":"Wywiady","link":"https:\/\/www.skalnik.pl\/blog\/.\/wywiady\/"},{"label":"Nie znosz\u0119, gdy m\u00f3wi si\u0119, \u017ce na Everest mo\u017cna kogo\u015b wnie\u015b\u0107  \u2013 wywiad z Magd\u0105 Lassot\u0105","link":"https:\/\/www.skalnik.pl\/blog\/nie-znosze-gdy-mowi-sie-ze-na-everest-mozna-kogos-wniesc-wywiad-z-magda-lassota\/"}],"_links":{"self":[{"href":"https:\/\/www.skalnik.pl\/blog\/wp-json\/wp\/v2\/posts\/10177","targetHints":{"allow":["GET"]}}],"collection":[{"href":"https:\/\/www.skalnik.pl\/blog\/wp-json\/wp\/v2\/posts"}],"about":[{"href":"https:\/\/www.skalnik.pl\/blog\/wp-json\/wp\/v2\/types\/post"}],"author":[{"embeddable":true,"href":"https:\/\/www.skalnik.pl\/blog\/wp-json\/wp\/v2\/users\/8"}],"replies":[{"embeddable":true,"href":"https:\/\/www.skalnik.pl\/blog\/wp-json\/wp\/v2\/comments?post=10177"}],"version-history":[{"count":15,"href":"https:\/\/www.skalnik.pl\/blog\/wp-json\/wp\/v2\/posts\/10177\/revisions"}],"predecessor-version":[{"id":21829,"href":"https:\/\/www.skalnik.pl\/blog\/wp-json\/wp\/v2\/posts\/10177\/revisions\/21829"}],"wp:featuredmedia":[{"embeddable":true,"href":"https:\/\/www.skalnik.pl\/blog\/wp-json\/wp\/v2\/media\/10179"}],"wp:attachment":[{"href":"https:\/\/www.skalnik.pl\/blog\/wp-json\/wp\/v2\/media?parent=10177"}],"wp:term":[{"taxonomy":"category","embeddable":true,"href":"https:\/\/www.skalnik.pl\/blog\/wp-json\/wp\/v2\/categories?post=10177"},{"taxonomy":"post_tag","embeddable":true,"href":"https:\/\/www.skalnik.pl\/blog\/wp-json\/wp\/v2\/tags?post=10177"},{"taxonomy":"magento_category","embeddable":true,"href":"https:\/\/www.skalnik.pl\/blog\/wp-json\/wp\/v2\/magento_category?post=10177"},{"taxonomy":"magento_product","embeddable":true,"href":"https:\/\/www.skalnik.pl\/blog\/wp-json\/wp\/v2\/magento_product?post=10177"}],"curies":[{"name":"wp","href":"https:\/\/api.w.org\/{rel}","templated":true}]}}