{"id":10443,"date":"2019-12-26T11:32:00","date_gmt":"2019-12-26T10:32:00","guid":{"rendered":"https:\/\/skalnik.pl\/blog\/?p=10443"},"modified":"2023-09-29T14:08:12","modified_gmt":"2023-09-29T12:08:12","slug":"kurtka-the-north-face-stratos-test","status":"publish","type":"post","link":"https:\/\/www.skalnik.pl\/blog\/kurtka-the-north-face-stratos-test\/","title":{"rendered":"Kurtka The North Face Stratos &#8211; test"},"content":{"rendered":"\n<p>Bez wzgl\u0119du na to czy jeste\u015bcie zaprawionymi w boju piechurami, czy dwa razy do roku wybieracie si\u0119 poza miasto na lekki trekking z rodzin\u0105 &#8211; dobra kurtka typu hardshell powinna si\u0119 znale\u017a\u0107 w ka\u017cdym plecaku, niezale\u017cnie od poziomu do\u015bwiadczenia. <\/p>\n\n\n\n<p>Nasze pocz\u0105tki z turystyk\u0105 piesz\u0105 pokaza\u0142y nam, \u017ce jednak jako\u015b\u0107 wyposa\u017cenia ma znaczenie. Tym razem w nasze r\u0119ce trafi\u0142a kurtka The North Face Stratos. Czy warto w ni\u0105 zainwestowa\u0107? Zapraszamy do lektury!<\/p>\n\n\n\n<div id=\"ez-toc-container\" class=\"ez-toc-v2_0_85 counter-hierarchy ez-toc-counter ez-toc-light-blue ez-toc-container-direction\">\n<div class=\"ez-toc-title-container\">\n<p class=\"ez-toc-title\" style=\"cursor:inherit\">SPIS TRE\u015aCI <\/p>\n<span class=\"ez-toc-title-toggle\"><a href=\"#\" class=\"ez-toc-pull-right ez-toc-btn ez-toc-btn-xs ez-toc-btn-default ez-toc-toggle\" aria-label=\"Prze\u0142\u0105cznik Spisu Tre\u015bci\"><span class=\"ez-toc-js-icon-con\"><span class=\"\"><span class=\"eztoc-hide\" style=\"display:none;\">Toggle<\/span><span class=\"ez-toc-icon-toggle-span\"><svg style=\"fill: #999;color:#999\" xmlns=\"http:\/\/www.w3.org\/2000\/svg\" class=\"list-377408\" width=\"20px\" height=\"20px\" viewBox=\"0 0 24 24\" fill=\"none\"><path d=\"M6 6H4v2h2V6zm14 0H8v2h12V6zM4 11h2v2H4v-2zm16 0H8v2h12v-2zM4 16h2v2H4v-2zm16 0H8v2h12v-2z\" fill=\"currentColor\"><\/path><\/svg><svg style=\"fill: #999;color:#999\" class=\"arrow-unsorted-368013\" xmlns=\"http:\/\/www.w3.org\/2000\/svg\" width=\"10px\" height=\"10px\" viewBox=\"0 0 24 24\" version=\"1.2\" baseProfile=\"tiny\"><path d=\"M18.2 9.3l-6.2-6.3-6.2 6.3c-.2.2-.3.4-.3.7s.1.5.3.7c.2.2.4.3.7.3h11c.3 0 .5-.1.7-.3.2-.2.3-.5.3-.7s-.1-.5-.3-.7zM5.8 14.7l6.2 6.3 6.2-6.3c.2-.2.3-.5.3-.7s-.1-.5-.3-.7c-.2-.2-.4-.3-.7-.3h-11c-.3 0-.5.1-.7.3-.2.2-.3.5-.3.7s.1.5.3.7z\"\/><\/svg><\/span><\/span><\/span><\/a><\/span><\/div>\n<nav><ul class='ez-toc-list ez-toc-list-level-1 ' ><li class='ez-toc-page-1 ez-toc-heading-level-2'><a class=\"ez-toc-link ez-toc-heading-1\" href=\"https:\/\/www.skalnik.pl\/blog\/kurtka-the-north-face-stratos-test\/#Co_to_jest_Hardshell\" >Co to jest Hardshell<\/a><\/li><li class='ez-toc-page-1 ez-toc-heading-level-2'><a class=\"ez-toc-link ez-toc-heading-2\" href=\"https:\/\/www.skalnik.pl\/blog\/kurtka-the-north-face-stratos-test\/#O_marce_The_North_Face\" >O marce The North Face<\/a><\/li><li class='ez-toc-page-1 ez-toc-heading-level-2'><a class=\"ez-toc-link ez-toc-heading-3\" href=\"https:\/\/www.skalnik.pl\/blog\/kurtka-the-north-face-stratos-test\/#Wlasciwosci_kurtki\" >W\u0142a\u015bciwo\u015bci kurtki<\/a><\/li><li class='ez-toc-page-1 ez-toc-heading-level-2'><a class=\"ez-toc-link ez-toc-heading-4\" href=\"https:\/\/www.skalnik.pl\/blog\/kurtka-the-north-face-stratos-test\/#Nasz_test\" >Nasz test<\/a><\/li><li class='ez-toc-page-1 ez-toc-heading-level-2'><a class=\"ez-toc-link ez-toc-heading-5\" href=\"https:\/\/www.skalnik.pl\/blog\/kurtka-the-north-face-stratos-test\/#Podsumowanie\" >Podsumowanie<\/a><\/li><\/ul><\/nav><\/div>\n<h2 class=\"wp-block-heading\"><span class=\"ez-toc-section\" id=\"Co_to_jest_Hardshell\"><\/span>Co to jest Hardshell<span class=\"ez-toc-section-end\"><\/span><\/h2>\n\n\n\n<p>Jest to odzie\u017c, kt\u00f3r\u0105 wyr\u00f3\u017cnia przede wszystkim wykorzystanie wynalazku ameryka\u0144skiego in\u017cyniera Roberta Gore &#8211; membrany. Jest to tkanina posiadaj\u0105ca olbrzymi\u0105 ilo\u015b\u0107 mikropor\u00f3w, kt\u00f3re s\u0105 na tyle ma\u0142e, \u017ce nie przepuszczaj\u0105 kropel wody, ale na tyle du\u017cych \u017ce odprowadzaj\u0105 wilgo\u0107 w postaci pary wodnej. Co to oznacza w praktyce? To, \u017ce odzie\u017c taka powinna nas chroni\u0107 przed deszczem, a jednocze\u015bnie nie pozwala nam si\u0119 \u201cugotowa\u0107\u201d. Je\u015bli nigdy nie do\u015bwiadczyli\u015bcie tego uczucia, polecamy za\u0142o\u017cy\u0107 w g\u00f3rach przeciwdeszczow\u0105 foli\u0119 dost\u0119pn\u0105 w ka\u017cdym kiosku. Tkaniny, z kt\u00f3rych wykonana jest odzie\u017c hardshellowa, mo\u017cna podzieli\u0107 na trzy g\u0142\u00f3wne grupy pod wzgl\u0119dem warstw, z kt\u00f3rych si\u0119 sk\u0142adaj\u0105:<\/p>\n\n\n\n<ul class=\"wp-block-list\">\n<li>dwuwarstwowe (2L) &#8211; membrana jest przyklejona bezpo\u015brednio do zewn\u0119trznej warstwy materia\u0142u i oddzielona zostaje od cia\u0142a przy przy pomocy osobnej podszewki, na przyk\u0142ad siateczki,<\/li>\n\n\n\n<li>dwu i p\u00f3\u0142warstwowe (2,5L) &#8211; konstrukcja jest zbli\u017cona do poprzedniej wersji, z tym \u017ce nie posiadaj\u0105 one oddzielaj\u0105cej podszewki, a jedynie cienk\u0105 warstw\u0119 ochronn\u0105, kt\u00f3ra \u201enadrukowana\u201d zostaje na membranie,<\/li>\n\n\n\n<li>tr\u00f3jwarstwowe (3L) &#8211; s\u0105 najbardziej wytrzyma\u0142e, poniewa\u017c membrana znajduje si\u0119 pomi\u0119dzy dwiema sprasowanymi warstwami materia\u0142u.<\/li>\n<\/ul>\n\n\n\n<p>Paradoksalnie im wi\u0119cej warstw, tym mniejsze s\u0105 gabaryty oraz ni\u017csza waga takiej odzie\u017cy. Jednocze\u015bnie ze wzrostem ilo\u015bci warstw ro\u015bnie cena takiego produktu.<\/p>\n\n\n\n<p>Warto r\u00f3wnie\u017c wspomnie\u0107, \u017ce hardshell nie jest warstw\u0105 ogrzewaj\u0105c\u0105! Dopiero w po\u0142\u0105czeniu z softshellem, b\u0105d\u017a kurtk\u0105 puchow\u0105 stanowi\u0105 duet nadaj\u0105cy si\u0119 na zimowe warunki.<\/p>\n\n\n\n<h2 class=\"wp-block-heading\"><span class=\"ez-toc-section\" id=\"O_marce_The_North_Face\"><\/span>O marce The North Face<span class=\"ez-toc-section-end\"><\/span><\/h2>\n\n\n\n<p>Historia nazwy jest do\u015b\u0107 zabawna, poniewa\u017c oznacza ona w dos\u0142ownym t\u0142umaczeniu \u201cp\u00f3\u0142nocna \u015bciana\u201d &#8211; czyli stron\u0119 g\u00f3r, na kt\u00f3rej panuj\u0105 najtrudniejsze warunki. Bezpo\u015bredni\u0105 inspiracj\u0105 dla nazwy <a href=\"https:\/\/skalnik.pl\/the-north-face\">The North Face<\/a> jest p\u00f3\u0142nocna \u015bciana Eigeru, kt\u00f3ra uchodzi za jedn\u0105 z najsurowszych w Alpach. Pomys\u0142 nazw\u0119 ameryka\u0144skiej marki zrodzi\u0142 si\u0119 na\u2026 pla\u017cy w San Francisco na osza\u0142amiaj\u0105cej wysoko\u015bci 45 m n.p.m.<\/p>\n\n\n<div class=\"wp-block-image\">\n<figure class=\"aligncenter size-large is-resized\"><img decoding=\"async\" src=\"https:\/\/skalnik.pl\/blog\/wp-content\/uploads\/2019\/12\/The-North-Face-kurtka-z-logo-683x1024.jpg\" alt=\"The North Face - kurtka z logo\" class=\"wp-image-10450\" width=\"500\" srcset=\"https:\/\/www.skalnik.pl\/blog\/wp-content\/uploads\/2019\/12\/The-North-Face-kurtka-z-logo-683x1024.jpg 683w, https:\/\/www.skalnik.pl\/blog\/wp-content\/uploads\/2019\/12\/The-North-Face-kurtka-z-logo-200x300.jpg 200w, https:\/\/www.skalnik.pl\/blog\/wp-content\/uploads\/2019\/12\/The-North-Face-kurtka-z-logo-768x1152.jpg 768w, https:\/\/www.skalnik.pl\/blog\/wp-content\/uploads\/2019\/12\/The-North-Face-kurtka-z-logo-1024x1536.jpg 1024w, https:\/\/www.skalnik.pl\/blog\/wp-content\/uploads\/2019\/12\/The-North-Face-kurtka-z-logo-1365x2048.jpg 1365w, https:\/\/www.skalnik.pl\/blog\/wp-content\/uploads\/2019\/12\/The-North-Face-kurtka-z-logo.jpg 1400w\" sizes=\"(max-width: 683px) 100vw, 683px\" \/><figcaption class=\"wp-element-caption\">Logotyp The North Face inspirowany jest kszta\u0142tem Half Dome w Parku Narodowym Yosemite (fot. Start Your Adventure)<\/figcaption><\/figure>\n<\/div>\n\n\n<p>Firma powsta\u0142a w 1968 roku, za\u0142o\u017cyli j\u0105 Douglas i Susie Tompkinsowie. By\u0142o to spe\u0142nienie ich marze\u0144 o stworzeniu marki dostarczaj\u0105cej klientom najwy\u017cszej jako\u015bci sprz\u0119t oraz odzie\u017c outdoorow\u0105. Dzisiaj, po ponad 40 latach na rynku, North Face jest to jedna z najbardziej rozpoznawalnych marek odzie\u017cowych, kt\u00f3ra czynnie dzia\u0142a w \u015brodowisku g\u00f3rskim. Wdra\u017ca wiele innowacyjnych rozwi\u0105za\u0144 i pomaga sportowcom w realizowaniu ich pasji &#8211; zgodnie z dewiz\u0105 firmy, kt\u00f3ra brzmi: \u201cNever Stop Exploring\u2122\u201d<\/p>\n\n\n\n<h2 class=\"wp-block-heading\"><span class=\"ez-toc-section\" id=\"Wlasciwosci_kurtki\"><\/span>W\u0142a\u015bciwo\u015bci kurtki<span class=\"ez-toc-section-end\"><\/span><\/h2>\n\n\n\n<p>Zanim przyst\u0105pimy do testu, kilka fakt\u00f3w o kurtce The North Face Stratos.<\/p>\n\n\n\n<ul class=\"wp-block-list\">\n<li>dwuwarstwowa membrana DryVent\u2122 2L  &#8211; zapewnia wodoodporno\u015b\u0107 rz\u0119du 15000 mmH2O (producent wykonuje testy dopiero po 20 praniach!), ochron\u0119 przed wiatrem, oraz oddychalno\u015b\u0107 na poziomie 12000 g\/m2\/24h.  <\/li>\n\n\n\n<li>wysoka garda &#8211; ochrania znaczn\u0105 cz\u0119\u015b\u0107 twarzy przed wiatrem<\/li>\n\n\n\n<li>szczotkowana dzianina jako wyko\u0144czenie podszewki os\u0142ony podbr\u00f3dka &#8211; zwi\u0119ksza komfort u\u017cytkowania<\/li>\n\n\n\n<li>regulowany kaptur &#8211; pozwala na idealne dopasowanie do kszta\u0142tu g\u0142owy, utrzymuj\u0105c go mimo silnego wiatru<\/li>\n\n\n\n<li>laminowane zamki &#8211; zwi\u0119kszaj\u0105 szczelno\u015b\u0107 kurtki w newralgicznych miejscach <\/li>\n\n\n\n<li>otwory wentylacyjne pod pachami &#8211; zwi\u0119kszaj\u0105 cyrkulacj\u0119 powietrza i odprowadzanie ciep\u0142a w momencie wzmo\u017conego wysi\u0142ku fizycznego<\/li>\n\n\n\n<li>wyszywane logo &#8211; zdecydowanie trwalsze, nie ma ryzyka jego wykruszenia b\u0105d\u017a wytarcia<\/li>\n\n\n\n<li>regulowana dolna cz\u0119\u015b\u0107 kurtki &#8211; pozwala na dopasowanie i wzmacnia wiatroszczelno\u015b\u0107, co wi\u0119cej, zako\u0144czenia sznurk\u00f3w znajduj\u0105 si\u0119 w kieszeniach, co pozwala na regulacj\u0119 bez konieczno\u015bci wyci\u0105gania r\u0105k z kieszeni<\/li>\n\n\n\n<li>mankiety z regulacj\u0105 &#8211; chroni\u0105 przed wiatrem <\/li>\n\n\n\n<li>nowoczesny design &#8211; kurtka \u015bwietnie sprawdzi si\u0119 w warunkach g\u00f3rskich i miejskich <\/li>\n\n\n\n<li>du\u017cy wyb\u00f3r kolor\u00f3w w wersji damskiej oraz m\u0119skiej<\/li>\n<\/ul>\n\n\n\n<h2 class=\"wp-block-heading\"><span class=\"ez-toc-section\" id=\"Nasz_test\"><\/span>Nasz test<span class=\"ez-toc-section-end\"><\/span><\/h2>\n\n\n\n<p>Mieli\u015bmy okazj\u0119 korzysta\u0107 z kurtek innych firm i model opisywany przez nas w tym te\u015bcie wypad\u0142 zdecydowanie najlepiej. Mia\u0142a okazj\u0119 wykaza\u0107 si\u0119 w porywistym Islandzkim wietrze na Karkonoskich, Bieszczadzkich i Tatrza\u0144skich szlakach, w przer\u00f3\u017cnych warunkach pogodowych.<\/p>\n\n\n<div class=\"wp-block-image\">\n<figure class=\"aligncenter size-full\"><img loading=\"lazy\" decoding=\"async\" width=\"2000\" height=\"1333\" src=\"https:\/\/skalnik.pl\/blog\/wp-content\/uploads\/2019\/12\/The-North-Face-kurtka-Stratos-fot-Start-Your-Adventure.jpg\" alt=\"The North Face kurtka Stratos fot Start Your Adventure\" class=\"wp-image-10456\" srcset=\"https:\/\/www.skalnik.pl\/blog\/wp-content\/uploads\/2019\/12\/The-North-Face-kurtka-Stratos-fot-Start-Your-Adventure.jpg 2000w, https:\/\/www.skalnik.pl\/blog\/wp-content\/uploads\/2019\/12\/The-North-Face-kurtka-Stratos-fot-Start-Your-Adventure-300x200.jpg 300w, https:\/\/www.skalnik.pl\/blog\/wp-content\/uploads\/2019\/12\/The-North-Face-kurtka-Stratos-fot-Start-Your-Adventure-1024x682.jpg 1024w, https:\/\/www.skalnik.pl\/blog\/wp-content\/uploads\/2019\/12\/The-North-Face-kurtka-Stratos-fot-Start-Your-Adventure-768x512.jpg 768w, https:\/\/www.skalnik.pl\/blog\/wp-content\/uploads\/2019\/12\/The-North-Face-kurtka-Stratos-fot-Start-Your-Adventure-1536x1024.jpg 1536w\" sizes=\"auto, (max-width: 2000px) 100vw, 2000px\" \/><figcaption class=\"wp-element-caption\">Kurtk\u0119 Stratos testowali\u015bmy przez kilka miesi\u0119cy w r\u00f3\u017cnych warunkach (fot. Start Your Adventure)<\/figcaption><\/figure>\n<\/div>\n\n\n<p>Sprawdzi\u0142a si\u0119 \u015bwietnie mi\u0119dzy innymi podczas polowania na zorz\u0119 na Islandii. Opr\u00f3cz prognoz, kt\u00f3re zapowiada\u0142y silny wiatr s\u0142oneczny, do\u015bwiadczyli\u015bmy r\u00f3wnie\u017c bardzo zimnego i porywistego wiatru, charakterystycznego dla obszaru okolic Fiord\u00f3w Zachodnich. By\u0142 on niezwykle przenikliwy. Testowana <a href=\"https:\/\/skalnik.pl\/odziez\/odziez-meska\/odziez-meska-kurtki\/the-north-face\">kurtka The North Face<\/a>, w po\u0142\u0105czeniu z puch\u00f3wk\u0105, jako warstw\u0105 docieplaj\u0105c\u0105, stanowi\u0142y szczeln\u0105 barier\u0119 dla wiatru i zapewnia\u0142y komfort cieplny przez wiele godzin wyczekiwania na to niesamowite zjawisko. Tego dnia ogl\u0105dali\u015bmy na niebie sze\u015bciogodzinny spektakl ta\u0144cz\u0105cych \u015bwiate\u0142! Bez odpowiedniego sprz\u0119tu najzwyczajniej w \u015bwiecie by\u015bmy zamarzli. <\/p>\n\n\n\n<p>Podczas tego wyjazdu niejednokrotnie zaskoczy\u0142 nas r\u00f3wnie\u017c ulewny deszcz, kt\u00f3ry przy Islandzkich warunkach potrafi pada\u0107 nawet poziomo. Z racji tego, \u017ce wodoodporno\u015b\u0107 to jedna z najwi\u0119kszych zalet tej kurtki, bardzo dobrze chroni\u0142a przed tego typu niespodziankami, co by\u0142o dla nas niezwykle wa\u017cne, poniewa\u017c podczas nocleg\u00f3w pod namiotem i w ci\u0105g\u0142ym biegu nie by\u0142o mowy o wysuszeniu ciuch\u00f3w. Mo\u017cna wi\u0119c powiedzie\u0107, \u017ce w tego typu wyprawach kurtka typu hardshell to zdecydowanie must-have.<\/p>\n\n\n<div class=\"wp-block-image\">\n<figure class=\"aligncenter size-full\"><img loading=\"lazy\" decoding=\"async\" width=\"2000\" height=\"1334\" src=\"https:\/\/skalnik.pl\/blog\/wp-content\/uploads\/2019\/12\/Kurtka-przeciwdeszczowa-North-Face.jpg\" alt=\"Kurtka przeciwdeszczowa North Face\" class=\"wp-image-10458\" srcset=\"https:\/\/www.skalnik.pl\/blog\/wp-content\/uploads\/2019\/12\/Kurtka-przeciwdeszczowa-North-Face.jpg 2000w, https:\/\/www.skalnik.pl\/blog\/wp-content\/uploads\/2019\/12\/Kurtka-przeciwdeszczowa-North-Face-300x200.jpg 300w, https:\/\/www.skalnik.pl\/blog\/wp-content\/uploads\/2019\/12\/Kurtka-przeciwdeszczowa-North-Face-1024x683.jpg 1024w, https:\/\/www.skalnik.pl\/blog\/wp-content\/uploads\/2019\/12\/Kurtka-przeciwdeszczowa-North-Face-768x512.jpg 768w, https:\/\/www.skalnik.pl\/blog\/wp-content\/uploads\/2019\/12\/Kurtka-przeciwdeszczowa-North-Face-1536x1025.jpg 1536w\" sizes=\"auto, (max-width: 2000px) 100vw, 2000px\" \/><figcaption class=\"wp-element-caption\">Zaskoczy\u0142 nas r\u00f3wnie\u017c wygodny kr\u00f3j kurtki (fot. Start Your Adventure)<\/figcaption><\/figure>\n<\/div>\n\n\n<p>Opr\u00f3cz parametr\u00f3w chroni\u0105cych przed trudnymi warunkami pogodowymi, kurtka jest bardzo wygodna i \u015bwietnie sprawdza si\u0119 przy wzmo\u017conej aktywno\u015bci fizycznej. Testowana by\u0142a wielokrotnie na g\u00f3rskich szlakach. Towarzyszy\u0142a nam w trakcie porannych przymrozk\u00f3w w Bieszczadach, przy porywistym Tatrza\u0144skim wietrze oraz podczas przelotnego deszczu w Karkonoszach. Zar\u00f3wno w czasie podej\u015b\u0107, przej\u015b\u0107 grzbietami Tatr, Bieszczad oraz Karkonoszy, jak i w czasie zej\u015bcia w doliny sprawdza\u0142a si\u0119 \u015bwietnie, nie kr\u0119powa\u0142a ruch\u00f3w, a konstrukcja kaptura zapewnia\u0142a rewelacyjn\u0105 ochron\u0119 przed wiatrem i deszczem. <\/p>\n\n\n\n<p>Membrana DryVent\u2122 2L sprawia, \u017ce mimo mozolnych podej\u015b\u0107 u\u017cytkownik kurtki nie b\u0119dzie narzeka\u0142 na nadmiar ciep\u0142a. Co wi\u0119cej w najtrudniejszych momentach, kt\u00f3re wymaga\u0142y wzmo\u017conego wysi\u0142ku, mo\u017cna by\u0142o jednym sprawnym ruchem otworzy\u0107 wywietrzniki umieszczone pod pachami. Ich konstrukcja sprawia, \u017ce podczas otwierania wentylacji zamek si\u0119 nie zacina. Po karko\u0142omnym podej\u015bciu nie raz zatrzymywali\u015bmy si\u0119, \u017ceby robi\u0107 zdj\u0119cia, czy po prostu podziwia\u0107 pi\u0119kne panoramy. Wtedy kurtka pokazywa\u0142a swoje mo\u017cliwo\u015bci &#8211; odprowadza\u0142a nadmiar ciep\u0142a natychmiastowo, minimalizuj\u0105c uczucie dyskomfortu, przepocenia, co mo\u017ce niejednokrotnie uchroni\u0107 przed wyzi\u0119bieniem. W czasie w\u0119dr\u00f3wek w deszczu nie do\u015bwiadczyli\u015bmy przemokni\u0119cia, a po ustaniu opad\u00f3w kurtka momentalnie wysycha\u0142a.<\/p>\n\n\n<div class=\"wp-block-image\">\n<figure class=\"aligncenter size-large is-resized\"><img decoding=\"async\" src=\"https:\/\/skalnik.pl\/blog\/wp-content\/uploads\/2019\/12\/Wodospad-i-kurtka-The-North-Face-fot-Start-Your-Adventure-683x1024.jpg\" alt=\"Wodospad i kurtka The North Face fot Start Your Adventure\" class=\"wp-image-10460\" width=\"500\" srcset=\"https:\/\/www.skalnik.pl\/blog\/wp-content\/uploads\/2019\/12\/Wodospad-i-kurtka-The-North-Face-fot-Start-Your-Adventure-683x1024.jpg 683w, https:\/\/www.skalnik.pl\/blog\/wp-content\/uploads\/2019\/12\/Wodospad-i-kurtka-The-North-Face-fot-Start-Your-Adventure-200x300.jpg 200w, https:\/\/www.skalnik.pl\/blog\/wp-content\/uploads\/2019\/12\/Wodospad-i-kurtka-The-North-Face-fot-Start-Your-Adventure-768x1152.jpg 768w, https:\/\/www.skalnik.pl\/blog\/wp-content\/uploads\/2019\/12\/Wodospad-i-kurtka-The-North-Face-fot-Start-Your-Adventure-1024x1536.jpg 1024w, https:\/\/www.skalnik.pl\/blog\/wp-content\/uploads\/2019\/12\/Wodospad-i-kurtka-The-North-Face-fot-Start-Your-Adventure-1365x2048.jpg 1365w, https:\/\/www.skalnik.pl\/blog\/wp-content\/uploads\/2019\/12\/Wodospad-i-kurtka-The-North-Face-fot-Start-Your-Adventure.jpg 1400w\" sizes=\"(max-width: 683px) 100vw, 683px\" \/><figcaption class=\"wp-element-caption\">Warunki, w kt\u00f3rych testowali\u015bmy kurtk\u0119 by\u0142y naprawd\u0119 r\u00f3\u017cne (fot. Start Your Adventure)<\/figcaption><\/figure>\n<\/div>\n\n\n<p>Nasz test nie ogranicza\u0142 si\u0119 tylko do warunk\u00f3w outdoorowych. Produkowana przez The North Face kurtka zda\u0142a egzamin na mocn\u0105 pi\u0105tk\u0119 tak\u017ce w warunkach miejskich. Produkt ten by\u0142 u\u017cywany przez kilka miesi\u0119cy, praktycznie ka\u017cdego dnia. Wykorzystywana by\u0142a podczas jazdy rowerem przy zr\u00f3\u017cnicowanej pogodzie (r\u00f3wnie\u017c w ulewnym deszczu) oraz przy codziennych aktywno\u015bciach. <\/p>\n\n\n\n<p>Jeste\u015bmy przekonani, \u017ce The North Face Stratos doceni\u0105 zar\u00f3wno wprawieni g\u00f3rscy piechurzy, jak i tury\u015bci, kt\u00f3rzy b\u0119d\u0105 j\u0105 wykorzystywa\u0107 sporadycznie w outdoorze i dodatkowo b\u0119dzie ich codziennym okryciem wierzchnim. Je\u015bli szukacie atrakcyjnej, wodoodpornej kurtki o niebanalnym designie, nadaj\u0105cej si\u0119 zar\u00f3wno w g\u00f3ry, jak i na co dzie\u0144 &#8211; jest to zdecydowanie produkt dla was!<\/p>\n\n\n\n<h2 class=\"wp-block-heading\"><span class=\"ez-toc-section\" id=\"Podsumowanie\"><\/span>Podsumowanie<span class=\"ez-toc-section-end\"><\/span><\/h2>\n\n\n\n<p>Po kilku miesi\u0105cach u\u017cytkowania kurtki The North Face mo\u017cemy \u015bmia\u0142o stwierdzi\u0107, \u017ce jest to bardzo dobry jako\u015bciowo produkt, za stosunkowo nisk\u0105 cen\u0119. W tym czasie nie zauwa\u017cyli\u015bmy \u017cadnych minus\u00f3w. Trzeba mie\u0107 jednak \u015bwiadomo\u015b\u0107, \u017ce jest to do\u015b\u0107 uniwersalny produkt, kt\u00f3ry nie jest dedykowany do specjalistycznych i ekstremalnych zastosowa\u0144. Tak jak wspominali\u015bmy, mimo wykorzystania przez producenta dwuwarstwowego laminatu, ani razu nie dosz\u0142o do przemokni\u0119cia kurtki, ani zbytniego przegrzania. Ta <a href=\"https:\/\/skalnik.pl\/odziez\/przeciwdeszczowa\">kurtka przeciwdeszczowa<\/a> zapewnia wysoki komfort podczas uprawiania g\u00f3rskich aktywno\u015bci i nie kr\u0119puje ruch\u00f3w. Dodatkowo jest wykonana z nale\u017cyt\u0105 staranno\u015bci\u0105, jak przysta\u0142o na znan\u0105 z niezawodnej jako\u015bci mark\u0119 The North Face. <\/p>\n\n\n\n<p class=\"has-text-align-right\"><a href=\"https:\/\/www.instagram.com\/startyouradventure.pl\/\" rel=\"nofollow\">Start Your Adventure<\/a><\/p>\n\n\n\n<p class=\"has-text-align-right\">Angelika&amp;Mi\u0142osz Mazur<\/p>\n","protected":false},"excerpt":{"rendered":"<p>Stratos to jedna z popularniejszych kurtek The North Face. Przeczytaj recenzj\u0119 przygotowan\u0105 przez Start Your Adventure. Przez kilka miesi\u0119cy kurtka The North Face Stratos towarzyszy\u0142a im w g\u00f3rskich wyjazdach.<\/p>\n","protected":false},"author":7,"featured_media":10449,"comment_status":"open","ping_status":"open","sticky":false,"template":"","format":"standard","meta":{"_acf_changed":false,"footnotes":""},"categories":[8],"tags":[15,229,153],"magento_category":[40],"magento_product":[756,752,754,753,743,741,744,742,747,746,745,750,748,749,755,751,757],"class_list":["post-10443","post","type-post","status-publish","format-standard","has-post-thumbnail","hentry","category-testy","tag-odziez","tag-testy","tag-the-north-face"],"acf":[],"aioseo_notices":[],"aioseo_head":"\n\t\t<!-- All in One SEO 4.9.10 - aioseo.com -->\n\t<meta name=\"description\" content=\"Sprawd\u017a jak kurtka The North Face stratos wypad\u0142a w terenowym te\u015bcie ekipy Start Your Adventure. Przez kilka miesi\u0119cy kurtka North Face zwiedzi\u0142a Karkonosze, Bieszczady, Tatry i Islandi\u0119\" \/>\n\t<meta name=\"robots\" content=\"max-image-preview:large\" \/>\n\t<meta name=\"author\" content=\"Redakcja skalnik.pl\"\/>\n\t<link rel=\"canonical\" href=\"https:\/\/www.skalnik.pl\/blog\/kurtka-the-north-face-stratos-test\/\" \/>\n\t<meta name=\"generator\" content=\"All in One SEO (AIOSEO) 4.9.10\" \/>\n\t\t<meta property=\"og:locale\" content=\"pl_PL\" \/>\n\t\t<meta property=\"og:site_name\" content=\"blog Skalnik - Blog, porady, artyku\u0142y - blog Skalnik\" \/>\n\t\t<meta property=\"og:type\" content=\"article\" \/>\n\t\t<meta property=\"og:title\" content=\"Kurtka The North Face Stratos \u2013 test - blog Skalnik\" \/>\n\t\t<meta property=\"og:description\" content=\"Sprawd\u017a jak kurtka The North Face stratos wypad\u0142a w terenowym te\u015bcie ekipy Start Your Adventure. Przez kilka miesi\u0119cy kurtka North Face zwiedzi\u0142a Karkonosze, Bieszczady, Tatry i Islandi\u0119\" \/>\n\t\t<meta property=\"og:url\" content=\"https:\/\/www.skalnik.pl\/blog\/kurtka-the-north-face-stratos-test\/\" \/>\n\t\t<meta property=\"og:image\" content=\"https:\/\/skalnik.pl\/blog\/wp-content\/uploads\/2019\/12\/The-North-Face-kurtka-z-logo-683x1024.jpg\" \/>\n\t\t<meta property=\"og:image:secure_url\" content=\"https:\/\/skalnik.pl\/blog\/wp-content\/uploads\/2019\/12\/The-North-Face-kurtka-z-logo-683x1024.jpg\" \/>\n\t\t<meta property=\"article:tag\" content=\"testy\" \/>\n\t\t<meta property=\"article:tag\" content=\"odzie\u017c\" \/>\n\t\t<meta property=\"article:tag\" content=\"the north face\" \/>\n\t\t<meta property=\"article:published_time\" content=\"2019-12-26T10:32:00+00:00\" \/>\n\t\t<meta property=\"article:modified_time\" content=\"2023-09-29T12:08:12+00:00\" \/>\n\t\t<meta name=\"twitter:card\" content=\"summary_large_image\" \/>\n\t\t<meta name=\"twitter:title\" content=\"Kurtka The North Face Stratos \u2013 test - blog Skalnik\" \/>\n\t\t<meta name=\"twitter:description\" content=\"Sprawd\u017a jak kurtka The North Face stratos wypad\u0142a w terenowym te\u015bcie ekipy Start Your Adventure. Przez kilka miesi\u0119cy kurtka North Face zwiedzi\u0142a Karkonosze, Bieszczady, Tatry i Islandi\u0119\" \/>\n\t\t<meta name=\"twitter:image\" content=\"https:\/\/skalnik.pl\/blog\/wp-content\/uploads\/2019\/12\/The-North-Face-kurtka-z-logo-683x1024.jpg\" \/>\n\t\t<script type=\"application\/ld+json\" class=\"aioseo-schema\">\n\t\t\t{\"@context\":\"https:\\\/\\\/schema.org\",\"@graph\":[{\"@type\":\"BlogPosting\",\"@id\":\"https:\\\/\\\/www.skalnik.pl\\\/blog\\\/kurtka-the-north-face-stratos-test\\\/#blogposting\",\"name\":\"Kurtka The North Face Stratos \\u2013 test - blog Skalnik\",\"headline\":\"Kurtka The North Face Stratos &#8211; test\",\"author\":{\"@id\":\"https:\\\/\\\/www.skalnik.pl\\\/blog\\\/author\\\/redakcja-skalnik-pl\\\/#author\"},\"publisher\":{\"@id\":\"https:\\\/\\\/www.skalnik.pl\\\/blog\\\/#organization\"},\"image\":{\"@type\":\"ImageObject\",\"url\":\"https:\\\/\\\/www.skalnik.pl\\\/blog\\\/wp-content\\\/uploads\\\/2019\\\/12\\\/The-North-Face-Stratos-fot-Start-Your-Adventure.jpg\",\"width\":1920,\"height\":704,\"caption\":\"The North Face Stratos fot Start Your Adventure\"},\"datePublished\":\"2019-12-26T11:32:00+02:00\",\"dateModified\":\"2023-09-29T14:08:12+02:00\",\"inLanguage\":\"pl-PL\",\"mainEntityOfPage\":{\"@id\":\"https:\\\/\\\/www.skalnik.pl\\\/blog\\\/kurtka-the-north-face-stratos-test\\\/#webpage\"},\"isPartOf\":{\"@id\":\"https:\\\/\\\/www.skalnik.pl\\\/blog\\\/kurtka-the-north-face-stratos-test\\\/#webpage\"},\"articleSection\":\"Testy, odzie\\u017c, testy, the north face, 1090, 1015195, 1015197, 1015199, 1016770, 598216, 598217, 598218, 598221, 598223, 598224, 598227, 598233, 598234, 666858, 667005, 676784, 689487\"},{\"@type\":\"BreadcrumbList\",\"@id\":\"https:\\\/\\\/www.skalnik.pl\\\/blog\\\/kurtka-the-north-face-stratos-test\\\/#breadcrumblist\",\"itemListElement\":[{\"@type\":\"ListItem\",\"@id\":\"https:\\\/\\\/www.skalnik.pl\\\/blog#listItem\",\"position\":1,\"name\":\"Home\",\"item\":\"https:\\\/\\\/www.skalnik.pl\\\/blog\",\"nextItem\":{\"@type\":\"ListItem\",\"@id\":\"https:\\\/\\\/www.skalnik.pl\\\/blog\\\/.\\\/testy\\\/#listItem\",\"name\":\"Testy\"}},{\"@type\":\"ListItem\",\"@id\":\"https:\\\/\\\/www.skalnik.pl\\\/blog\\\/.\\\/testy\\\/#listItem\",\"position\":2,\"name\":\"Testy\",\"item\":\"https:\\\/\\\/www.skalnik.pl\\\/blog\\\/.\\\/testy\\\/\",\"nextItem\":{\"@type\":\"ListItem\",\"@id\":\"https:\\\/\\\/www.skalnik.pl\\\/blog\\\/kurtka-the-north-face-stratos-test\\\/#listItem\",\"name\":\"Kurtka The North Face Stratos &#8211; test\"},\"previousItem\":{\"@type\":\"ListItem\",\"@id\":\"https:\\\/\\\/www.skalnik.pl\\\/blog#listItem\",\"name\":\"Home\"}},{\"@type\":\"ListItem\",\"@id\":\"https:\\\/\\\/www.skalnik.pl\\\/blog\\\/kurtka-the-north-face-stratos-test\\\/#listItem\",\"position\":3,\"name\":\"Kurtka The North Face Stratos &#8211; test\",\"previousItem\":{\"@type\":\"ListItem\",\"@id\":\"https:\\\/\\\/www.skalnik.pl\\\/blog\\\/.\\\/testy\\\/#listItem\",\"name\":\"Testy\"}}]},{\"@type\":\"Organization\",\"@id\":\"https:\\\/\\\/www.skalnik.pl\\\/blog\\\/#organization\",\"name\":\"blog Skalnik\",\"description\":\"Blog, porady, artyku\\u0142y - blog Skalnik\",\"url\":\"https:\\\/\\\/www.skalnik.pl\\\/blog\\\/\"},{\"@type\":\"Person\",\"@id\":\"https:\\\/\\\/www.skalnik.pl\\\/blog\\\/author\\\/redakcja-skalnik-pl\\\/#author\",\"url\":\"https:\\\/\\\/www.skalnik.pl\\\/blog\\\/author\\\/redakcja-skalnik-pl\\\/\",\"name\":\"Redakcja skalnik.pl\",\"image\":{\"@type\":\"ImageObject\",\"@id\":\"https:\\\/\\\/www.skalnik.pl\\\/blog\\\/kurtka-the-north-face-stratos-test\\\/#authorImage\",\"url\":\"https:\\\/\\\/secure.gravatar.com\\\/avatar\\\/7eab29b048aaf0899cd9a145e9adb814e2130ced31e65b454b902500bea65f9e?s=96&d=mm&r=g\",\"width\":96,\"height\":96,\"caption\":\"Redakcja skalnik.pl\"}},{\"@type\":\"WebPage\",\"@id\":\"https:\\\/\\\/www.skalnik.pl\\\/blog\\\/kurtka-the-north-face-stratos-test\\\/#webpage\",\"url\":\"https:\\\/\\\/www.skalnik.pl\\\/blog\\\/kurtka-the-north-face-stratos-test\\\/\",\"name\":\"Kurtka The North Face Stratos \\u2013 test - blog Skalnik\",\"description\":\"Sprawd\\u017a jak kurtka The North Face stratos wypad\\u0142a w terenowym te\\u015bcie ekipy Start Your Adventure. Przez kilka miesi\\u0119cy kurtka North Face zwiedzi\\u0142a Karkonosze, Bieszczady, Tatry i Islandi\\u0119\",\"inLanguage\":\"pl-PL\",\"isPartOf\":{\"@id\":\"https:\\\/\\\/www.skalnik.pl\\\/blog\\\/#website\"},\"breadcrumb\":{\"@id\":\"https:\\\/\\\/www.skalnik.pl\\\/blog\\\/kurtka-the-north-face-stratos-test\\\/#breadcrumblist\"},\"author\":{\"@id\":\"https:\\\/\\\/www.skalnik.pl\\\/blog\\\/author\\\/redakcja-skalnik-pl\\\/#author\"},\"creator\":{\"@id\":\"https:\\\/\\\/www.skalnik.pl\\\/blog\\\/author\\\/redakcja-skalnik-pl\\\/#author\"},\"image\":{\"@type\":\"ImageObject\",\"url\":\"https:\\\/\\\/www.skalnik.pl\\\/blog\\\/wp-content\\\/uploads\\\/2019\\\/12\\\/The-North-Face-Stratos-fot-Start-Your-Adventure.jpg\",\"@id\":\"https:\\\/\\\/www.skalnik.pl\\\/blog\\\/kurtka-the-north-face-stratos-test\\\/#mainImage\",\"width\":1920,\"height\":704,\"caption\":\"The North Face Stratos fot Start Your Adventure\"},\"primaryImageOfPage\":{\"@id\":\"https:\\\/\\\/www.skalnik.pl\\\/blog\\\/kurtka-the-north-face-stratos-test\\\/#mainImage\"},\"datePublished\":\"2019-12-26T11:32:00+02:00\",\"dateModified\":\"2023-09-29T14:08:12+02:00\"},{\"@type\":\"WebSite\",\"@id\":\"https:\\\/\\\/www.skalnik.pl\\\/blog\\\/#website\",\"url\":\"https:\\\/\\\/www.skalnik.pl\\\/blog\\\/\",\"name\":\"blog Skalnik\",\"description\":\"Blog, porady, artyku\\u0142y - blog Skalnik\",\"inLanguage\":\"pl-PL\",\"publisher\":{\"@id\":\"https:\\\/\\\/www.skalnik.pl\\\/blog\\\/#organization\"}}]}\n\t\t<\/script>\n\t\t<!-- All in One SEO -->\n\n","aioseo_head_json":{"title":"Kurtka The North Face Stratos \u2013 test - blog Skalnik","description":"Sprawd\u017a jak kurtka The North Face stratos wypad\u0142a w terenowym te\u015bcie ekipy Start Your Adventure. Przez kilka miesi\u0119cy kurtka North Face zwiedzi\u0142a Karkonosze, Bieszczady, Tatry i Islandi\u0119","canonical_url":"https:\/\/www.skalnik.pl\/blog\/kurtka-the-north-face-stratos-test\/","robots":"max-image-preview:large","keywords":"","webmasterTools":{"miscellaneous":""},"schema":{"@context":"https:\/\/schema.org","@graph":[{"@type":"BlogPosting","@id":"https:\/\/www.skalnik.pl\/blog\/kurtka-the-north-face-stratos-test\/#blogposting","name":"Kurtka The North Face Stratos \u2013 test - blog Skalnik","headline":"Kurtka The North Face Stratos &#8211; test","author":{"@id":"https:\/\/www.skalnik.pl\/blog\/author\/redakcja-skalnik-pl\/#author"},"publisher":{"@id":"https:\/\/www.skalnik.pl\/blog\/#organization"},"image":{"@type":"ImageObject","url":"https:\/\/www.skalnik.pl\/blog\/wp-content\/uploads\/2019\/12\/The-North-Face-Stratos-fot-Start-Your-Adventure.jpg","width":1920,"height":704,"caption":"The North Face Stratos fot Start Your Adventure"},"datePublished":"2019-12-26T11:32:00+02:00","dateModified":"2023-09-29T14:08:12+02:00","inLanguage":"pl-PL","mainEntityOfPage":{"@id":"https:\/\/www.skalnik.pl\/blog\/kurtka-the-north-face-stratos-test\/#webpage"},"isPartOf":{"@id":"https:\/\/www.skalnik.pl\/blog\/kurtka-the-north-face-stratos-test\/#webpage"},"articleSection":"Testy, odzie\u017c, testy, the north face, 1090, 1015195, 1015197, 1015199, 1016770, 598216, 598217, 598218, 598221, 598223, 598224, 598227, 598233, 598234, 666858, 667005, 676784, 689487"},{"@type":"BreadcrumbList","@id":"https:\/\/www.skalnik.pl\/blog\/kurtka-the-north-face-stratos-test\/#breadcrumblist","itemListElement":[{"@type":"ListItem","@id":"https:\/\/www.skalnik.pl\/blog#listItem","position":1,"name":"Home","item":"https:\/\/www.skalnik.pl\/blog","nextItem":{"@type":"ListItem","@id":"https:\/\/www.skalnik.pl\/blog\/.\/testy\/#listItem","name":"Testy"}},{"@type":"ListItem","@id":"https:\/\/www.skalnik.pl\/blog\/.\/testy\/#listItem","position":2,"name":"Testy","item":"https:\/\/www.skalnik.pl\/blog\/.\/testy\/","nextItem":{"@type":"ListItem","@id":"https:\/\/www.skalnik.pl\/blog\/kurtka-the-north-face-stratos-test\/#listItem","name":"Kurtka The North Face Stratos &#8211; test"},"previousItem":{"@type":"ListItem","@id":"https:\/\/www.skalnik.pl\/blog#listItem","name":"Home"}},{"@type":"ListItem","@id":"https:\/\/www.skalnik.pl\/blog\/kurtka-the-north-face-stratos-test\/#listItem","position":3,"name":"Kurtka The North Face Stratos &#8211; test","previousItem":{"@type":"ListItem","@id":"https:\/\/www.skalnik.pl\/blog\/.\/testy\/#listItem","name":"Testy"}}]},{"@type":"Organization","@id":"https:\/\/www.skalnik.pl\/blog\/#organization","name":"blog Skalnik","description":"Blog, porady, artyku\u0142y - blog Skalnik","url":"https:\/\/www.skalnik.pl\/blog\/"},{"@type":"Person","@id":"https:\/\/www.skalnik.pl\/blog\/author\/redakcja-skalnik-pl\/#author","url":"https:\/\/www.skalnik.pl\/blog\/author\/redakcja-skalnik-pl\/","name":"Redakcja skalnik.pl","image":{"@type":"ImageObject","@id":"https:\/\/www.skalnik.pl\/blog\/kurtka-the-north-face-stratos-test\/#authorImage","url":"https:\/\/secure.gravatar.com\/avatar\/7eab29b048aaf0899cd9a145e9adb814e2130ced31e65b454b902500bea65f9e?s=96&d=mm&r=g","width":96,"height":96,"caption":"Redakcja skalnik.pl"}},{"@type":"WebPage","@id":"https:\/\/www.skalnik.pl\/blog\/kurtka-the-north-face-stratos-test\/#webpage","url":"https:\/\/www.skalnik.pl\/blog\/kurtka-the-north-face-stratos-test\/","name":"Kurtka The North Face Stratos \u2013 test - blog Skalnik","description":"Sprawd\u017a jak kurtka The North Face stratos wypad\u0142a w terenowym te\u015bcie ekipy Start Your Adventure. Przez kilka miesi\u0119cy kurtka North Face zwiedzi\u0142a Karkonosze, Bieszczady, Tatry i Islandi\u0119","inLanguage":"pl-PL","isPartOf":{"@id":"https:\/\/www.skalnik.pl\/blog\/#website"},"breadcrumb":{"@id":"https:\/\/www.skalnik.pl\/blog\/kurtka-the-north-face-stratos-test\/#breadcrumblist"},"author":{"@id":"https:\/\/www.skalnik.pl\/blog\/author\/redakcja-skalnik-pl\/#author"},"creator":{"@id":"https:\/\/www.skalnik.pl\/blog\/author\/redakcja-skalnik-pl\/#author"},"image":{"@type":"ImageObject","url":"https:\/\/www.skalnik.pl\/blog\/wp-content\/uploads\/2019\/12\/The-North-Face-Stratos-fot-Start-Your-Adventure.jpg","@id":"https:\/\/www.skalnik.pl\/blog\/kurtka-the-north-face-stratos-test\/#mainImage","width":1920,"height":704,"caption":"The North Face Stratos fot Start Your Adventure"},"primaryImageOfPage":{"@id":"https:\/\/www.skalnik.pl\/blog\/kurtka-the-north-face-stratos-test\/#mainImage"},"datePublished":"2019-12-26T11:32:00+02:00","dateModified":"2023-09-29T14:08:12+02:00"},{"@type":"WebSite","@id":"https:\/\/www.skalnik.pl\/blog\/#website","url":"https:\/\/www.skalnik.pl\/blog\/","name":"blog Skalnik","description":"Blog, porady, artyku\u0142y - blog Skalnik","inLanguage":"pl-PL","publisher":{"@id":"https:\/\/www.skalnik.pl\/blog\/#organization"}}]},"og:locale":"pl_PL","og:site_name":"blog Skalnik - Blog, porady, artyku\u0142y - blog Skalnik","og:type":"article","og:title":"Kurtka The North Face Stratos \u2013 test - blog Skalnik","og:description":"Sprawd\u017a jak kurtka The North Face stratos wypad\u0142a w terenowym te\u015bcie ekipy Start Your Adventure. Przez kilka miesi\u0119cy kurtka North Face zwiedzi\u0142a Karkonosze, Bieszczady, Tatry i Islandi\u0119","og:url":"https:\/\/www.skalnik.pl\/blog\/kurtka-the-north-face-stratos-test\/","og:image":"https:\/\/skalnik.pl\/blog\/wp-content\/uploads\/2019\/12\/The-North-Face-kurtka-z-logo-683x1024.jpg","og:image:secure_url":"https:\/\/skalnik.pl\/blog\/wp-content\/uploads\/2019\/12\/The-North-Face-kurtka-z-logo-683x1024.jpg","article:tag":{"0":"testy","1":"odzie\u017c","3":"the north face"},"article:published_time":"2019-12-26T10:32:00+00:00","article:modified_time":"2023-09-29T12:08:12+00:00","twitter:card":"summary_large_image","twitter:title":"Kurtka The North Face Stratos \u2013 test - blog Skalnik","twitter:description":"Sprawd\u017a jak kurtka The North Face stratos wypad\u0142a w terenowym te\u015bcie ekipy Start Your Adventure. Przez kilka miesi\u0119cy kurtka North Face zwiedzi\u0142a Karkonosze, Bieszczady, Tatry i Islandi\u0119","twitter:image":"https:\/\/skalnik.pl\/blog\/wp-content\/uploads\/2019\/12\/The-North-Face-kurtka-z-logo-683x1024.jpg"},"aioseo_meta_data":{"post_id":"10443","title":null,"description":"Sprawd\u017a jak kurtka The North Face stratos wypad\u0142a w terenowym te\u015bcie ekipy Start Your Adventure. Przez kilka miesi\u0119cy kurtka North Face zwiedzi\u0142a Karkonosze, Bieszczady, Tatry i Islandi\u0119","keywords":[{"label":"kurtka the north face","value":"kurtka the north face"},{"label":"north face","value":"north face"},{"label":"the north face stratos","value":"the north face stratos"},{"label":"the north face","value":"the north face"},{"label":"kurtka stratos","value":"kurtka stratos"}],"keyphrases":{"focus":{"keyphrase":"","score":0,"analysis":{"keyphraseInTitle":{"score":0,"maxScore":9,"error":1}}},"additional":[]},"primary_term":null,"canonical_url":null,"og_title":null,"og_description":null,"og_object_type":"default","og_image_type":"default","og_image_url":null,"og_image_width":null,"og_image_height":null,"og_image_custom_url":null,"og_image_custom_fields":null,"og_video":"","og_custom_url":null,"og_article_section":null,"og_article_tags":[],"twitter_use_og":false,"twitter_card":"default","twitter_image_type":"default","twitter_image_url":null,"twitter_image_custom_url":null,"twitter_image_custom_fields":null,"twitter_title":null,"twitter_description":null,"schema":{"blockGraphs":[],"customGraphs":[],"default":{"data":{"Article":[],"Course":[],"Dataset":[],"FAQPage":[],"Movie":[],"Person":[],"Product":[],"ProductReview":[],"Car":[],"Recipe":[],"Service":[],"SoftwareApplication":[],"WebPage":[]},"graphName":"","isEnabled":true},"graphs":[]},"schema_type":"default","schema_type_options":null,"pillar_content":false,"robots_default":true,"robots_noindex":false,"robots_noarchive":false,"robots_nosnippet":false,"robots_nofollow":false,"robots_noimageindex":false,"robots_noodp":false,"robots_notranslate":false,"robots_max_snippet":"-1","robots_max_videopreview":"-1","robots_max_imagepreview":"large","priority":null,"frequency":"default","local_seo":null,"breadcrumb_settings":null,"limit_modified_date":false,"ai":null,"created":"2022-08-26 10:10:49","updated":"2026-02-17 21:44:19","seo_analyzer_scan_date":null},"aioseo_breadcrumb":"<div class=\"aioseo-breadcrumbs\"><span class=\"aioseo-breadcrumb\">\n\t\t\t<a href=\"https:\/\/www.skalnik.pl\/blog\" title=\"Home\">Home<\/a>\n\t\t<\/span><span class=\"aioseo-breadcrumb-separator\">&raquo;<\/span><span class=\"aioseo-breadcrumb\">\n\t\t\t<a href=\"https:\/\/www.skalnik.pl\/blog\/.\/testy\/\" title=\"Testy\">Testy<\/a>\n\t\t<\/span><span class=\"aioseo-breadcrumb-separator\">&raquo;<\/span><span class=\"aioseo-breadcrumb\">\n\t\t\tKurtka The North Face Stratos \u2013 test\n\t\t<\/span><\/div>","aioseo_breadcrumb_json":[{"label":"Home","link":"https:\/\/www.skalnik.pl\/blog"},{"label":"Testy","link":"https:\/\/www.skalnik.pl\/blog\/.\/testy\/"},{"label":"Kurtka The North Face Stratos &#8211; test","link":"https:\/\/www.skalnik.pl\/blog\/kurtka-the-north-face-stratos-test\/"}],"_links":{"self":[{"href":"https:\/\/www.skalnik.pl\/blog\/wp-json\/wp\/v2\/posts\/10443","targetHints":{"allow":["GET"]}}],"collection":[{"href":"https:\/\/www.skalnik.pl\/blog\/wp-json\/wp\/v2\/posts"}],"about":[{"href":"https:\/\/www.skalnik.pl\/blog\/wp-json\/wp\/v2\/types\/post"}],"author":[{"embeddable":true,"href":"https:\/\/www.skalnik.pl\/blog\/wp-json\/wp\/v2\/users\/7"}],"replies":[{"embeddable":true,"href":"https:\/\/www.skalnik.pl\/blog\/wp-json\/wp\/v2\/comments?post=10443"}],"version-history":[{"count":15,"href":"https:\/\/www.skalnik.pl\/blog\/wp-json\/wp\/v2\/posts\/10443\/revisions"}],"predecessor-version":[{"id":24405,"href":"https:\/\/www.skalnik.pl\/blog\/wp-json\/wp\/v2\/posts\/10443\/revisions\/24405"}],"wp:featuredmedia":[{"embeddable":true,"href":"https:\/\/www.skalnik.pl\/blog\/wp-json\/wp\/v2\/media\/10449"}],"wp:attachment":[{"href":"https:\/\/www.skalnik.pl\/blog\/wp-json\/wp\/v2\/media?parent=10443"}],"wp:term":[{"taxonomy":"category","embeddable":true,"href":"https:\/\/www.skalnik.pl\/blog\/wp-json\/wp\/v2\/categories?post=10443"},{"taxonomy":"post_tag","embeddable":true,"href":"https:\/\/www.skalnik.pl\/blog\/wp-json\/wp\/v2\/tags?post=10443"},{"taxonomy":"magento_category","embeddable":true,"href":"https:\/\/www.skalnik.pl\/blog\/wp-json\/wp\/v2\/magento_category?post=10443"},{"taxonomy":"magento_product","embeddable":true,"href":"https:\/\/www.skalnik.pl\/blog\/wp-json\/wp\/v2\/magento_product?post=10443"}],"curies":[{"name":"wp","href":"https:\/\/api.w.org\/{rel}","templated":true}]}}