{"id":10609,"date":"2020-01-08T07:45:00","date_gmt":"2020-01-08T06:45:00","guid":{"rendered":"https:\/\/skalnik.pl\/blog\/?p=10609"},"modified":"2020-01-08T07:44:54","modified_gmt":"2020-01-08T06:44:54","slug":"jak-dbac-o-termos","status":"publish","type":"post","link":"https:\/\/www.skalnik.pl\/blog\/jak-dbac-o-termos\/","title":{"rendered":"Jak dba\u0107 o termos"},"content":{"rendered":"\n<p><strong>Termos turystyczny\nwype\u0142niony gor\u0105c\u0105 herbat\u0105 musi znale\u017a\u0107 si\u0119 w plecaku ka\u017cdego, kto wybiera si\u0119\nzim\u0105 w g\u00f3ry. Natomiast termos obiadowy przyda si\u0119 szczeg\u00f3lnie na\nkilkunastogodzinnych trasach lub rodzinom na turystycznych wypadach. Po\nporadach na temat wyboru tych naczy\u0144 przyszed\u0142 czas, by si\u0119 o nie zatroszczy\u0107.\nSprawd\u017a, jak dba\u0107 o termos, by s\u0142u\u017cy\u0142 ci jak najd\u0142u\u017cej.<\/strong><\/p>\n\n\n\n<p>Je\u015bli wyb\u00f3r termosu turystycznego jest jeszcze przed tob\u0105, zajrzyj do <a rel=\"noreferrer noopener\" aria-label=\"naszej porady (otwiera si\u0119 na nowej zak\u0142adce)\" href=\"https:\/\/skalnik.pl\/blog\/jaki-termos-w-gory\/\" target=\"_blank\">naszego tekstu<\/a> i zainspiruj si\u0119 praktycznymi poradami. Dobrej jako\u015bci termos b\u0119dzie twoim towarzyszem podczas wielu w\u0119dr\u00f3wek, warto zatem wybiera\u0107 go z perspektyw\u0105 u\u017cywania co najmniej przez kilka sezon\u00f3w. Dbanie o termos nie jest wcale trudne i wymaga stosowania tylko kilku wa\u017cnych zasad.<\/p>\n\n\n\n<div id=\"ez-toc-container\" class=\"ez-toc-v2_0_85 counter-hierarchy ez-toc-counter ez-toc-light-blue ez-toc-container-direction\">\n<div class=\"ez-toc-title-container\">\n<p class=\"ez-toc-title\" style=\"cursor:inherit\">SPIS TRE\u015aCI <\/p>\n<span class=\"ez-toc-title-toggle\"><a href=\"#\" class=\"ez-toc-pull-right ez-toc-btn ez-toc-btn-xs ez-toc-btn-default ez-toc-toggle\" aria-label=\"Prze\u0142\u0105cznik Spisu Tre\u015bci\"><span class=\"ez-toc-js-icon-con\"><span class=\"\"><span class=\"eztoc-hide\" style=\"display:none;\">Toggle<\/span><span class=\"ez-toc-icon-toggle-span\"><svg style=\"fill: #999;color:#999\" xmlns=\"http:\/\/www.w3.org\/2000\/svg\" class=\"list-377408\" width=\"20px\" height=\"20px\" viewBox=\"0 0 24 24\" fill=\"none\"><path d=\"M6 6H4v2h2V6zm14 0H8v2h12V6zM4 11h2v2H4v-2zm16 0H8v2h12v-2zM4 16h2v2H4v-2zm16 0H8v2h12v-2z\" fill=\"currentColor\"><\/path><\/svg><svg style=\"fill: #999;color:#999\" class=\"arrow-unsorted-368013\" xmlns=\"http:\/\/www.w3.org\/2000\/svg\" width=\"10px\" height=\"10px\" viewBox=\"0 0 24 24\" version=\"1.2\" baseProfile=\"tiny\"><path d=\"M18.2 9.3l-6.2-6.3-6.2 6.3c-.2.2-.3.4-.3.7s.1.5.3.7c.2.2.4.3.7.3h11c.3 0 .5-.1.7-.3.2-.2.3-.5.3-.7s-.1-.5-.3-.7zM5.8 14.7l6.2 6.3 6.2-6.3c.2-.2.3-.5.3-.7s-.1-.5-.3-.7c-.2-.2-.4-.3-.7-.3h-11c-.3 0-.5.1-.7.3-.2.2-.3.5-.3.7s.1.5.3.7z\"\/><\/svg><\/span><\/span><\/span><\/a><\/span><\/div>\n<nav><ul class='ez-toc-list ez-toc-list-level-1 ' ><li class='ez-toc-page-1 ez-toc-heading-level-2'><a class=\"ez-toc-link ez-toc-heading-1\" href=\"https:\/\/www.skalnik.pl\/blog\/jak-dbac-o-termos\/#Termos_%E2%80%93_obchodz_sie_z_nim_ostroznie\" >Termos &#8211; obchod\u017a si\u0119 z\nnim ostro\u017cnie<\/a><\/li><li class='ez-toc-page-1 ez-toc-heading-level-2'><a class=\"ez-toc-link ez-toc-heading-2\" href=\"https:\/\/www.skalnik.pl\/blog\/jak-dbac-o-termos\/#Idealny_termos_%E2%80%93_dlugo_trzyma_cieplo\" >Idealny termos  \u2013 d\u0142ugo trzyma ciep\u0142o<\/a><\/li><li class='ez-toc-page-1 ez-toc-heading-level-2'><a class=\"ez-toc-link ez-toc-heading-3\" href=\"https:\/\/www.skalnik.pl\/blog\/jak-dbac-o-termos\/#Termos_na_kawe_termos_na_herbate\" >Termos na kaw\u0119,\ntermos na herbat\u0119<\/a><\/li><li class='ez-toc-page-1 ez-toc-heading-level-2'><a class=\"ez-toc-link ez-toc-heading-4\" href=\"https:\/\/www.skalnik.pl\/blog\/jak-dbac-o-termos\/#Termos_obiadowy_na_swiezy_posilek\" >Termos obiadowy na\n\u015bwie\u017cy posi\u0142ek<\/a><\/li><li class='ez-toc-page-1 ez-toc-heading-level-2'><a class=\"ez-toc-link ez-toc-heading-5\" href=\"https:\/\/www.skalnik.pl\/blog\/jak-dbac-o-termos\/#Termosy_myjemy_po_kazdym_uzyciu\" >Termosy myjemy po\nka\u017cdym u\u017cyciu<\/a><\/li><li class='ez-toc-page-1 ez-toc-heading-level-2'><a class=\"ez-toc-link ez-toc-heading-6\" href=\"https:\/\/www.skalnik.pl\/blog\/jak-dbac-o-termos\/#Termos_na_zupe_a_zmywarka\" >Termos na zup\u0119 a zmywarka<\/a><\/li><\/ul><\/nav><\/div>\n<h2 class=\"wp-block-heading\"><span class=\"ez-toc-section\" id=\"Termos_%E2%80%93_obchodz_sie_z_nim_ostroznie\"><\/span><strong>Termos &#8211; obchod\u017a si\u0119 z\nnim ostro\u017cnie<\/strong><span class=\"ez-toc-section-end\"><\/span><\/h2>\n\n\n\n<p>Er\u0119 termos\u00f3w ze szklanym wk\u0142adem mamy ju\u017c szcz\u0119\u015bliwie za sob\u0105. Jednak dwuwarstwowe termosy ze stali nierdzewnej tak\u017ce zas\u0142uguj\u0105 na pewn\u0105 delikatno\u015b\u0107 w obchodzeniu si\u0119 z nimi. Jak pewnie wiesz (lub pami\u0119tasz z <a rel=\"noreferrer noopener\" aria-label=\"innych tekst\u00f3w (otwiera si\u0119 na nowej zak\u0142adce)\" href=\"https:\/\/skalnik.pl\/blog\/ktory-termos-esbit-wybrac\/\" target=\"_blank\">innych tekst\u00f3w<\/a>) termos mo\u017ce zachowywa\u0107 temperatur\u0119 p\u0142ynu lub jedzenia, dzi\u0119ki izolacji w postaci pr\u00f3\u017cni. Znajduje si\u0119 ona mi\u0119dzy dwiema warstwami stali nierdzewnej. Powa\u017cne uszkodzenia jednej z warstw \u2013 najcz\u0119\u015bciej zewn\u0119trznej \u2013\u00a0 mo\u017ce nie\u015b\u0107 ze sob\u0105 ryzyko rozszczelnienia, a co za tym idzie utrat\u0119 izolacji. Dlatego staraj si\u0119 trzyma\u0107 sw\u00f3j termos z dala od takich przyg\u00f3d jak np. na upadek z wysoko\u015bci lub obijanie si\u0119 o ska\u0142y. Je\u015bli jednak zdarzy\u0142o ci si\u0119 narazi\u0107 termos na uszczerbek po powrocie do domu lub schroniska sprawd\u017a jego szczelno\u015b\u0107. Nie ka\u017cde wgniecenie musi od razu oznacza\u0107 utrat\u0119 w\u0142a\u015bciwo\u015bci izolacyjnych.<\/p>\n\n\n\n<div class=\"wp-block-image\"><figure class=\"aligncenter size-large\"><img loading=\"lazy\" decoding=\"async\" width=\"1024\" height=\"684\" src=\"https:\/\/skalnik.pl\/blog\/wp-content\/uploads\/2020\/01\/termos-zimoa-1024x684.jpg\" alt=\"\" class=\"wp-image-10627\" srcset=\"https:\/\/www.skalnik.pl\/blog\/wp-content\/uploads\/2020\/01\/termos-zimoa-1024x684.jpg 1024w, https:\/\/www.skalnik.pl\/blog\/wp-content\/uploads\/2020\/01\/termos-zimoa-300x200.jpg 300w, https:\/\/www.skalnik.pl\/blog\/wp-content\/uploads\/2020\/01\/termos-zimoa-768x513.jpg 768w, https:\/\/www.skalnik.pl\/blog\/wp-content\/uploads\/2020\/01\/termos-zimoa-1536x1026.jpg 1536w, https:\/\/www.skalnik.pl\/blog\/wp-content\/uploads\/2020\/01\/termos-zimoa.jpg 1920w\" sizes=\"auto, (max-width: 1024px) 100vw, 1024px\" \/><figcaption>Zimowe w\u0119dr\u00f3wki koniecznie z termosem. Fot. Esbit<\/figcaption><\/figure><\/div>\n\n\n\n<p>Z w\u0142asnego do\u015bwiadczenia dodam, \u017ce zdarza mi si\u0119 zabiera\u0107 termos do jaski\u0144. Tam nie zawsze mo\u017cliwe jest przenoszenie go z nale\u017cn\u0105 trosk\u0105. Zwykle bowiem w\u00f3r transportowy (z termosem w \u015brodku) klinuje si\u0119 w w\u0105skich miejscach, zwisa poni\u017cej groto\u0142aza i jest przerzucany lub wci\u0105gany na pro\u017cki. Ch\u0119\u0107 wypicia ciep\u0142ej herbaty w trakcie wielogodzinnej akcji jest jednak zbyt kusz\u0105ca. Po ka\u017cdej takiej akcji sprawdzam szczelno\u015b\u0107 termosu \u2013 o dziwo do tej pory ci\u0105gle dobrze trzyma temperatur\u0119 mimo wielu wgniece\u0144 i rys.&nbsp; <\/p>\n\n\n\n<h2 class=\"wp-block-heading\"><span class=\"ez-toc-section\" id=\"Idealny_termos_%E2%80%93_dlugo_trzyma_cieplo\"><\/span>Idealny termos  \u2013 d\u0142ugo trzyma ciep\u0142o<span class=\"ez-toc-section-end\"><\/span><\/h2>\n\n\n\n<p>Skoro kupujemy <a href=\"https:\/\/skalnik.pl\/sprzet-turystyczny\/camping\/camping-termosy\" target=\"_blank\" rel=\"noreferrer noopener\" aria-label=\"termos (otwiera si\u0119 na nowej zak\u0142adce)\">termos<\/a>, chcemy mie\u0107 pewno\u015b\u0107, \u017ce d\u0142ugo b\u0119dzie utrzymywa\u0142 wysok\u0105 (lub nisk\u0105) temperatur\u0119 p\u0142yn\u00f3w. Mo\u017cemy \u0142atwo mu w tym pom\u00f3c. Wystarczy je\u015bli przed zrobieniem kawy czy herbaty zalejemy termos wrz\u0105tkiem i pozostawimy na kilka minut. W ten spos\u00f3b zostanie &#8222;zahartowany&#8221;, a czas utrzymywania wysokiej temperatury si\u0119 wyd\u0142u\u017cy. Zreszt\u0105 podobny spos\u00f3b mo\u017cna stosowa\u0107 w przypadku zimnych napoj\u00f3w w lecie  \u2013  tylko wtedy zalewamy termos jak najzimniejsz\u0105 wod\u0105.<\/p>\n\n\n\n<p>Po\u0142\u0105czenie troski o termos z poprzedniego akapitu i &#8222;hartowanie&#8221; go da naprawd\u0119 dobre efekty, kt\u00f3re docenicie na szlakach. Wcale nie tak rzadko  zdarza mi si\u0119 pi\u0107 na kolacj\u0119, a nawet na kolejne \u015bniadanie herbat\u0119 zrobion\u0105 o \u015bwicie.<\/p>\n\n\n\n<h2 class=\"wp-block-heading\"><span class=\"ez-toc-section\" id=\"Termos_na_kawe_termos_na_herbate\"><\/span><strong>Termos na kaw\u0119,\ntermos na herbat\u0119<\/strong><span class=\"ez-toc-section-end\"><\/span><\/h2>\n\n\n\n<p>Stal nierdzewna to materia\u0142 nie tylko bezpieczny dla artyku\u0142\u00f3w spo\u017cywczych, ale tak\u017ce bardzo uniwersalny, bowiem nie przejmuje zapach\u00f3w z napoj\u00f3w i potraw. Teoretycznie wystarczy jeden termos zar\u00f3wno dla kawoszy, jak i mi\u0142o\u015bnik\u00f3w herbaty, w kt\u00f3rym \u2013 za pomoc\u0105 perswazji lub kompromisu \u2013 raz b\u0119dzie zaparzany jeden nap\u00f3j, raz drugi. Teoria teori\u0105 a w praktyce po sezonie pe\u0142nym wyjazd\u00f3w zapachy si\u0119 przenikn\u0105 i trudno b\u0119dzie orzec, co znajduje si\u0119 w termosie. <\/p>\n\n\n\n<p>Moja rada jest taka, by mie\u0107 osobne termosy \u2013 jeden na kaw\u0119, drugi na herbat\u0119. U mnie sprawdza si\u0119 to doskonale i ka\u017cde z nas pija w g\u00f3rach to, co najbardziej lubi.<\/p>\n\n\n\n<div class=\"wp-block-image\"><figure class=\"aligncenter size-large\"><img loading=\"lazy\" decoding=\"async\" width=\"1024\" height=\"684\" src=\"https:\/\/skalnik.pl\/blog\/wp-content\/uploads\/2020\/01\/termos-zima-1024x684.jpg\" alt=\"\" class=\"wp-image-10629\" srcset=\"https:\/\/www.skalnik.pl\/blog\/wp-content\/uploads\/2020\/01\/termos-zima-1024x684.jpg 1024w, https:\/\/www.skalnik.pl\/blog\/wp-content\/uploads\/2020\/01\/termos-zima-300x200.jpg 300w, https:\/\/www.skalnik.pl\/blog\/wp-content\/uploads\/2020\/01\/termos-zima-768x513.jpg 768w, https:\/\/www.skalnik.pl\/blog\/wp-content\/uploads\/2020\/01\/termos-zima-1536x1026.jpg 1536w, https:\/\/www.skalnik.pl\/blog\/wp-content\/uploads\/2020\/01\/termos-zima.jpg 1920w\" sizes=\"auto, (max-width: 1024px) 100vw, 1024px\" \/><figcaption>Ciep\u0142o zim\u0105  &#8211; w g\u00f3rach zadbaj o gor\u0105cy p\u0142yn w termosie. Fot. Esbit<\/figcaption><\/figure><\/div>\n\n\n\n<p>Niezmiernie wa\u017cne jest, by ograniczy\u0107, a najlepiej\nzrezygnowa\u0107 w og\u00f3le, z przechowywania w termosie mleka i dolewania go do kawy\nczy herbaty. Mleko bowiem bardzo szybko si\u0119 psuje przy okazji wydzielaj\u0105c\nnieprzyjemne zapachy. Trudno je potem usun\u0105\u0107, a resztki mleka lubi\u0105 si\u0119 te\u017c\ngromadzi\u0107 na dnie termosu, sk\u0105d ci\u0119\u017cko je porz\u0105dnie wyp\u0142uka\u0107. <\/p>\n\n\n\n<h2 class=\"wp-block-heading\"><span class=\"ez-toc-section\" id=\"Termos_obiadowy_na_swiezy_posilek\"><\/span><strong>Termos obiadowy na\n\u015bwie\u017cy posi\u0142ek<\/strong><span class=\"ez-toc-section-end\"><\/span><\/h2>\n\n\n\n<p>Do przechowywania posi\u0142k\u00f3w s\u0142u\u017c\u0105 <a href=\"https:\/\/skalnik.pl\/sprzet-turystyczny\/camping\/camping-termosy\/na-zywnosc\" target=\"_blank\" rel=\"noreferrer noopener\" aria-label=\" (otwiera si\u0119 na nowej zak\u0142adce)\">termosy obiadowe<\/a>. Najwa\u017cniejsz\u0105 zasad\u0105 jest, by przechowywane w nich posi\u0142ki by\u0142y przede wszystkim \u015bwie\u017ce. Oczywi\u015bcie chodzi tutaj o zdrowie jedz\u0105cego i higien\u0119 przechowywania. Im d\u0142u\u017cej posi\u0142ek b\u0119dzie w zamkni\u0119ciu, tym wi\u0119cej drobnoustroj\u00f3w zacznie si\u0119 nim po\u017cywia\u0107. Jest te\u017c dobra wiadomo\u015b\u0107: w przypadku termos\u00f3w obiadowych mleczne potrawy s\u0105 bezpieczniejsze, zatem nie musicie si\u0119 ba\u0107 przechowywania w nich wszelkich owsianek i kremowych sos\u00f3w, a latem \u2013 lod\u00f3w. &nbsp;Sprawa jest prosta \u2013 dost\u0119p do wn\u0119trza takiego termosu jest \u0142atwiejszy, mo\u017cna zatem skutecznie go umy\u0107 po ka\u017cdym posi\u0142ku.<\/p>\n\n\n\n<div class=\"wp-block-image\"><figure class=\"aligncenter size-large\"><img loading=\"lazy\" decoding=\"async\" width=\"1024\" height=\"684\" src=\"https:\/\/skalnik.pl\/blog\/wp-content\/uploads\/2020\/01\/termos-na-zupe-esbit-1024x684.jpg\" alt=\"\" class=\"wp-image-10628\" srcset=\"https:\/\/www.skalnik.pl\/blog\/wp-content\/uploads\/2020\/01\/termos-na-zupe-esbit-1024x684.jpg 1024w, https:\/\/www.skalnik.pl\/blog\/wp-content\/uploads\/2020\/01\/termos-na-zupe-esbit-300x200.jpg 300w, https:\/\/www.skalnik.pl\/blog\/wp-content\/uploads\/2020\/01\/termos-na-zupe-esbit-768x513.jpg 768w, https:\/\/www.skalnik.pl\/blog\/wp-content\/uploads\/2020\/01\/termos-na-zupe-esbit-1536x1026.jpg 1536w, https:\/\/www.skalnik.pl\/blog\/wp-content\/uploads\/2020\/01\/termos-na-zupe-esbit.jpg 1920w\" sizes=\"auto, (max-width: 1024px) 100vw, 1024px\" \/><figcaption>W trakcie d\u0142ugiej w\u0119dr\u00f3wki dobrze zje\u015b\u0107 co\u015b smacznego, po\u017cywnego i ciep\u0142ego. Fot. Esbit<\/figcaption><\/figure><\/div>\n\n\n\n<h2 class=\"wp-block-heading\"><span class=\"ez-toc-section\" id=\"Termosy_myjemy_po_kazdym_uzyciu\"><\/span><strong>Termosy myjemy po\nka\u017cdym u\u017cyciu <\/strong><span class=\"ez-toc-section-end\"><\/span><\/h2>\n\n\n\n<p>O termosy \u2013 zar\u00f3wno tradycyjne, jak i obiadowe  \u2013  trzeba dba\u0107, by s\u0142u\u017cy\u0142y nam jak najd\u0142u\u017cej. Co wi\u0119cej dobrze to zrobi\u0107 jak najszybciej po powrocie do schroniska lub do domu. Do mycia codziennego wystarczy odrobina detergentu i woda (najlepiej ciep\u0142a). Najszybszy spos\u00f3b to szczelne zakr\u0119cenie tak przygotowanego termosu i wstrz\u0105\u015bni\u0119cie nim par\u0119 razy, a nast\u0119pnie porz\u0105dne wyp\u0142ukanie. W domu mo\u017cna skorzysta\u0107 z myjki do butelek. Potem wystarczy jeszcze przemy\u0107 korek oraz kubek. <\/p>\n\n\n\n<p>Znam doskonale uczucie zej\u015bcia z g\u00f3r i totalnej niemocy oraz solenne obiecanki, \u017ce termosem zajm\u0119 si\u0119 rano. Je\u015bli jest pe\u0142ny czasem mo\u017cna jeszcze co\u015b \u0142ykn\u0105\u0107 do \u015bniadania, zatem nie zawsze jest to z\u0142y pomys\u0142. Gorzej, gdy doprowadzimy do tego, \u017ce p\u0142yn, kt\u00f3ry ju\u017c dawno wystyg\u0142, ci\u0105gle jest w termosie. Efekt jest \u0142atwy do przewidzenia \u2013 \u015bcianki wewn\u0119trzne termosu zaczyna pokrywa\u0107 nalot, a zamiast b\u0142yszcz\u0105cej stali nierdzewnej, widzimy ciemno\u015b\u0107. <\/p>\n\n\n\n<p>Na szcz\u0119\u015bcie jest \u0142atwy spos\u00f3b, by pozby\u0107 si\u0119 tego nalotu. Wystarczy raz na jaki\u015b czas wyczy\u015bci\u0107 wn\u0119trze termosu za pomoc\u0105 kuchennej sody oczyszczonej. To spos\u00f3b \u0142atwy i tani, a tak\u017ce bezpieczny dla \u015brodowiska. Sod\u0119 nale\u017cy zala\u0107 niewielk\u0105 ilo\u015bci\u0105 wody, a nast\u0119pnie za pomoc\u0105 myjki do butelek porz\u0105dnie wyszorowa\u0107 wn\u0119trze. Efekt murowany, a termos b\u0142yszcz\u0105cy.<\/p>\n\n\n\n<h2 class=\"wp-block-heading\"><span class=\"ez-toc-section\" id=\"Termos_na_zupe_a_zmywarka\"><\/span><strong>Termos na zup\u0119 a zmywarka<\/strong><span class=\"ez-toc-section-end\"><\/span><\/h2>\n\n\n\n<p>Poniewa\u017c termos obiadowy ma bardziej p\u0119kat\u0105 budow\u0119 i szeroki otw\u00f3r, a\u017c kusi, by go my\u0107 w zmywarce. Wi\u0119kszo\u015b\u0107 producent\u00f3w wyra\u017anie zaznacza, \u017ce produkt si\u0119 do tego nie nadaje. Tego typu informacje znajdziesz, gdy wybierzesz <a href=\"https:\/\/skalnik.pl\/sprzet-turystyczny\/camping\/camping-termosy\/esbit-na-zywnosc\" target=\"_blank\" rel=\"noreferrer noopener\" aria-label=\"termosy obiadowe Esbit (otwiera si\u0119 na nowej zak\u0142adce)\">termosy obiadowe Esbit<\/a> lub Primus. Mycie takie mo\u017ce spowodowa\u0107 uszkodzenie przede wszystkim powleczonej proszkowo warstwy zewn\u0119trznej. &nbsp;Lepiej postawi\u0107 na tradycyjne sposoby, takie jak w przypadku tradycyjnych termos\u00f3w. Je\u015bli w termosie obiadowym jakie\u015b resztki przywar\u0142y do \u015bcianek, lepiej zala\u0107 go wod\u0105 i pozostawi\u0107 na godzin\u0119 lub dwie. Wtedy nie trzeba b\u0119dzie szorowa\u0107 i u\u017cywa\u0107 si\u0142y.<\/p>\n\n\n\n<div class=\"wp-block-image\"><figure class=\"aligncenter size-large\"><img loading=\"lazy\" decoding=\"async\" width=\"1024\" height=\"684\" src=\"https:\/\/skalnik.pl\/blog\/wp-content\/uploads\/2020\/01\/termos-obiadowy-esbit-1024x684.jpg\" alt=\"\" class=\"wp-image-10630\" srcset=\"https:\/\/www.skalnik.pl\/blog\/wp-content\/uploads\/2020\/01\/termos-obiadowy-esbit-1024x684.jpg 1024w, https:\/\/www.skalnik.pl\/blog\/wp-content\/uploads\/2020\/01\/termos-obiadowy-esbit-300x200.jpg 300w, https:\/\/www.skalnik.pl\/blog\/wp-content\/uploads\/2020\/01\/termos-obiadowy-esbit-768x513.jpg 768w, https:\/\/www.skalnik.pl\/blog\/wp-content\/uploads\/2020\/01\/termos-obiadowy-esbit-1536x1026.jpg 1536w, https:\/\/www.skalnik.pl\/blog\/wp-content\/uploads\/2020\/01\/termos-obiadowy-esbit.jpg 1920w\" sizes=\"auto, (max-width: 1024px) 100vw, 1024px\" \/><figcaption>Termos na zup\u0119 sprawdza si\u0119 o ka\u017cdej porze roku. Fot. Esbit<\/figcaption><\/figure><\/div>\n\n\n\n<p><\/p>\n\n\n\n<p>Dbanie o termos obiadowy czy turystyczny nie jest wcale trudne. Wymaga jedynie wypracowania kilku nawyk\u00f3w i regularnego ich stosowania. Odwdzi\u0119cz\u0105 si\u0119 gor\u0105cym napojem lub posi\u0142kiem, kt\u00f3ry doda wam na szlaku kilku punkt\u00f3w mocy. Warto!<\/p>\n","protected":false},"excerpt":{"rendered":"<p>Dbanie o termos to zaledwie kilka prostych regu\u0142, kt\u00f3re warto wcieli\u0107 w \u017cycie ju\u017c od nast\u0119pnego wypadu w g\u00f3ry.<\/p>\n","protected":false},"author":9,"featured_media":10631,"comment_status":"open","ping_status":"open","sticky":false,"template":"","format":"standard","meta":{"_acf_changed":false,"footnotes":""},"categories":[3],"tags":[28,13,118],"magento_category":[],"magento_product":[],"class_list":["post-10609","post","type-post","status-publish","format-standard","has-post-thumbnail","hentry","category-porady","tag-gory","tag-porady","tag-termosy"],"acf":[],"aioseo_notices":[],"aioseo_head":"\n\t\t<!-- All in One SEO 4.9.10 - aioseo.com -->\n\t<meta name=\"description\" content=\"Wystarczy kilka nawyk\u00f3w, by termos turystyczny lub termos obiadowy przez d\u0142ugi czas s\u0142u\u017cy\u0142 ci podczas wypad\u00f3w w g\u00f3ry. Oto porady jak dba\u0107 o termos.\" \/>\n\t<meta name=\"robots\" content=\"max-image-preview:large\" \/>\n\t<meta name=\"author\" content=\"Beata Nawrotkiewicz\"\/>\n\t<link rel=\"canonical\" href=\"https:\/\/www.skalnik.pl\/blog\/jak-dbac-o-termos\/\" \/>\n\t<meta name=\"generator\" content=\"All in One SEO (AIOSEO) 4.9.10\" \/>\n\t\t<meta property=\"og:locale\" content=\"pl_PL\" \/>\n\t\t<meta property=\"og:site_name\" content=\"blog Skalnik - Blog, porady, artyku\u0142y - blog Skalnik\" \/>\n\t\t<meta property=\"og:type\" content=\"article\" \/>\n\t\t<meta property=\"og:title\" content=\"Jak dba\u0107 o termos - blog Skalnik\" \/>\n\t\t<meta property=\"og:description\" content=\"Wystarczy kilka nawyk\u00f3w, by termos turystyczny lub termos obiadowy przez d\u0142ugi czas s\u0142u\u017cy\u0142 ci podczas wypad\u00f3w w g\u00f3ry. Oto porady jak dba\u0107 o termos.\" \/>\n\t\t<meta property=\"og:url\" content=\"https:\/\/www.skalnik.pl\/blog\/jak-dbac-o-termos\/\" \/>\n\t\t<meta property=\"og:image\" content=\"https:\/\/skalnik.pl\/blog\/wp-content\/uploads\/2020\/01\/termos-zimoa-1024x684.jpg\" \/>\n\t\t<meta property=\"og:image:secure_url\" content=\"https:\/\/skalnik.pl\/blog\/wp-content\/uploads\/2020\/01\/termos-zimoa-1024x684.jpg\" \/>\n\t\t<meta property=\"article:tag\" content=\"porady\" \/>\n\t\t<meta property=\"article:tag\" content=\"g\u00f3ry\" \/>\n\t\t<meta property=\"article:tag\" content=\"termosy\" \/>\n\t\t<meta property=\"article:published_time\" content=\"2020-01-08T06:45:00+00:00\" \/>\n\t\t<meta property=\"article:modified_time\" content=\"2020-01-08T06:44:54+00:00\" \/>\n\t\t<meta name=\"twitter:card\" content=\"summary_large_image\" \/>\n\t\t<meta name=\"twitter:title\" content=\"Jak dba\u0107 o termos - blog Skalnik\" \/>\n\t\t<meta name=\"twitter:description\" content=\"Wystarczy kilka nawyk\u00f3w, by termos turystyczny lub termos obiadowy przez d\u0142ugi czas s\u0142u\u017cy\u0142 ci podczas wypad\u00f3w w g\u00f3ry. Oto porady jak dba\u0107 o termos.\" \/>\n\t\t<meta name=\"twitter:image\" content=\"https:\/\/skalnik.pl\/blog\/wp-content\/uploads\/2020\/01\/termos-zimoa-1024x684.jpg\" \/>\n\t\t<script type=\"application\/ld+json\" class=\"aioseo-schema\">\n\t\t\t{\"@context\":\"https:\\\/\\\/schema.org\",\"@graph\":[{\"@type\":\"BlogPosting\",\"@id\":\"https:\\\/\\\/www.skalnik.pl\\\/blog\\\/jak-dbac-o-termos\\\/#blogposting\",\"name\":\"Jak dba\\u0107 o termos - blog Skalnik\",\"headline\":\"Jak dba\\u0107 o termos\",\"author\":{\"@id\":\"https:\\\/\\\/www.skalnik.pl\\\/blog\\\/author\\\/beata-nawrotkiewicz\\\/#author\"},\"publisher\":{\"@id\":\"https:\\\/\\\/www.skalnik.pl\\\/blog\\\/#organization\"},\"image\":{\"@type\":\"ImageObject\",\"url\":\"https:\\\/\\\/www.skalnik.pl\\\/blog\\\/wp-content\\\/uploads\\\/2020\\\/01\\\/termos-tytulowe.jpg\",\"width\":1920,\"height\":705,\"caption\":\"kobieta z termosem w g\\u00f3rach\"},\"datePublished\":\"2020-01-08T07:45:00+02:00\",\"dateModified\":\"2020-01-08T07:44:54+02:00\",\"inLanguage\":\"pl-PL\",\"mainEntityOfPage\":{\"@id\":\"https:\\\/\\\/www.skalnik.pl\\\/blog\\\/jak-dbac-o-termos\\\/#webpage\"},\"isPartOf\":{\"@id\":\"https:\\\/\\\/www.skalnik.pl\\\/blog\\\/jak-dbac-o-termos\\\/#webpage\"},\"articleSection\":\"Porady, g\\u00f3ry, porady, termosy\"},{\"@type\":\"BreadcrumbList\",\"@id\":\"https:\\\/\\\/www.skalnik.pl\\\/blog\\\/jak-dbac-o-termos\\\/#breadcrumblist\",\"itemListElement\":[{\"@type\":\"ListItem\",\"@id\":\"https:\\\/\\\/www.skalnik.pl\\\/blog#listItem\",\"position\":1,\"name\":\"Home\",\"item\":\"https:\\\/\\\/www.skalnik.pl\\\/blog\",\"nextItem\":{\"@type\":\"ListItem\",\"@id\":\"https:\\\/\\\/www.skalnik.pl\\\/blog\\\/.\\\/porady\\\/#listItem\",\"name\":\"Porady\"}},{\"@type\":\"ListItem\",\"@id\":\"https:\\\/\\\/www.skalnik.pl\\\/blog\\\/.\\\/porady\\\/#listItem\",\"position\":2,\"name\":\"Porady\",\"item\":\"https:\\\/\\\/www.skalnik.pl\\\/blog\\\/.\\\/porady\\\/\",\"nextItem\":{\"@type\":\"ListItem\",\"@id\":\"https:\\\/\\\/www.skalnik.pl\\\/blog\\\/jak-dbac-o-termos\\\/#listItem\",\"name\":\"Jak dba\\u0107 o termos\"},\"previousItem\":{\"@type\":\"ListItem\",\"@id\":\"https:\\\/\\\/www.skalnik.pl\\\/blog#listItem\",\"name\":\"Home\"}},{\"@type\":\"ListItem\",\"@id\":\"https:\\\/\\\/www.skalnik.pl\\\/blog\\\/jak-dbac-o-termos\\\/#listItem\",\"position\":3,\"name\":\"Jak dba\\u0107 o termos\",\"previousItem\":{\"@type\":\"ListItem\",\"@id\":\"https:\\\/\\\/www.skalnik.pl\\\/blog\\\/.\\\/porady\\\/#listItem\",\"name\":\"Porady\"}}]},{\"@type\":\"Organization\",\"@id\":\"https:\\\/\\\/www.skalnik.pl\\\/blog\\\/#organization\",\"name\":\"blog Skalnik\",\"description\":\"Blog, porady, artyku\\u0142y - blog Skalnik\",\"url\":\"https:\\\/\\\/www.skalnik.pl\\\/blog\\\/\"},{\"@type\":\"Person\",\"@id\":\"https:\\\/\\\/www.skalnik.pl\\\/blog\\\/author\\\/beata-nawrotkiewicz\\\/#author\",\"url\":\"https:\\\/\\\/www.skalnik.pl\\\/blog\\\/author\\\/beata-nawrotkiewicz\\\/\",\"name\":\"Beata Nawrotkiewicz\",\"image\":{\"@type\":\"ImageObject\",\"@id\":\"https:\\\/\\\/www.skalnik.pl\\\/blog\\\/jak-dbac-o-termos\\\/#authorImage\",\"url\":\"https:\\\/\\\/secure.gravatar.com\\\/avatar\\\/53cf81cfcc3a81694535515925ffcf159be725e8bd1fb455eeb9e2cadcaa5684?s=96&d=mm&r=g\",\"width\":96,\"height\":96,\"caption\":\"Beata Nawrotkiewicz\"}},{\"@type\":\"WebPage\",\"@id\":\"https:\\\/\\\/www.skalnik.pl\\\/blog\\\/jak-dbac-o-termos\\\/#webpage\",\"url\":\"https:\\\/\\\/www.skalnik.pl\\\/blog\\\/jak-dbac-o-termos\\\/\",\"name\":\"Jak dba\\u0107 o termos - blog Skalnik\",\"description\":\"Wystarczy kilka nawyk\\u00f3w, by termos turystyczny lub termos obiadowy przez d\\u0142ugi czas s\\u0142u\\u017cy\\u0142 ci podczas wypad\\u00f3w w g\\u00f3ry. Oto porady jak dba\\u0107 o termos.\",\"inLanguage\":\"pl-PL\",\"isPartOf\":{\"@id\":\"https:\\\/\\\/www.skalnik.pl\\\/blog\\\/#website\"},\"breadcrumb\":{\"@id\":\"https:\\\/\\\/www.skalnik.pl\\\/blog\\\/jak-dbac-o-termos\\\/#breadcrumblist\"},\"author\":{\"@id\":\"https:\\\/\\\/www.skalnik.pl\\\/blog\\\/author\\\/beata-nawrotkiewicz\\\/#author\"},\"creator\":{\"@id\":\"https:\\\/\\\/www.skalnik.pl\\\/blog\\\/author\\\/beata-nawrotkiewicz\\\/#author\"},\"image\":{\"@type\":\"ImageObject\",\"url\":\"https:\\\/\\\/www.skalnik.pl\\\/blog\\\/wp-content\\\/uploads\\\/2020\\\/01\\\/termos-tytulowe.jpg\",\"@id\":\"https:\\\/\\\/www.skalnik.pl\\\/blog\\\/jak-dbac-o-termos\\\/#mainImage\",\"width\":1920,\"height\":705,\"caption\":\"kobieta z termosem w g\\u00f3rach\"},\"primaryImageOfPage\":{\"@id\":\"https:\\\/\\\/www.skalnik.pl\\\/blog\\\/jak-dbac-o-termos\\\/#mainImage\"},\"datePublished\":\"2020-01-08T07:45:00+02:00\",\"dateModified\":\"2020-01-08T07:44:54+02:00\"},{\"@type\":\"WebSite\",\"@id\":\"https:\\\/\\\/www.skalnik.pl\\\/blog\\\/#website\",\"url\":\"https:\\\/\\\/www.skalnik.pl\\\/blog\\\/\",\"name\":\"blog Skalnik\",\"description\":\"Blog, porady, artyku\\u0142y - blog Skalnik\",\"inLanguage\":\"pl-PL\",\"publisher\":{\"@id\":\"https:\\\/\\\/www.skalnik.pl\\\/blog\\\/#organization\"}}]}\n\t\t<\/script>\n\t\t<!-- All in One SEO -->\n\n","aioseo_head_json":{"title":"Jak dba\u0107 o termos - blog Skalnik","description":"Wystarczy kilka nawyk\u00f3w, by termos turystyczny lub termos obiadowy przez d\u0142ugi czas s\u0142u\u017cy\u0142 ci podczas wypad\u00f3w w g\u00f3ry. Oto porady jak dba\u0107 o termos.","canonical_url":"https:\/\/www.skalnik.pl\/blog\/jak-dbac-o-termos\/","robots":"max-image-preview:large","keywords":"","webmasterTools":{"miscellaneous":""},"schema":{"@context":"https:\/\/schema.org","@graph":[{"@type":"BlogPosting","@id":"https:\/\/www.skalnik.pl\/blog\/jak-dbac-o-termos\/#blogposting","name":"Jak dba\u0107 o termos - blog Skalnik","headline":"Jak dba\u0107 o termos","author":{"@id":"https:\/\/www.skalnik.pl\/blog\/author\/beata-nawrotkiewicz\/#author"},"publisher":{"@id":"https:\/\/www.skalnik.pl\/blog\/#organization"},"image":{"@type":"ImageObject","url":"https:\/\/www.skalnik.pl\/blog\/wp-content\/uploads\/2020\/01\/termos-tytulowe.jpg","width":1920,"height":705,"caption":"kobieta z termosem w g\u00f3rach"},"datePublished":"2020-01-08T07:45:00+02:00","dateModified":"2020-01-08T07:44:54+02:00","inLanguage":"pl-PL","mainEntityOfPage":{"@id":"https:\/\/www.skalnik.pl\/blog\/jak-dbac-o-termos\/#webpage"},"isPartOf":{"@id":"https:\/\/www.skalnik.pl\/blog\/jak-dbac-o-termos\/#webpage"},"articleSection":"Porady, g\u00f3ry, porady, termosy"},{"@type":"BreadcrumbList","@id":"https:\/\/www.skalnik.pl\/blog\/jak-dbac-o-termos\/#breadcrumblist","itemListElement":[{"@type":"ListItem","@id":"https:\/\/www.skalnik.pl\/blog#listItem","position":1,"name":"Home","item":"https:\/\/www.skalnik.pl\/blog","nextItem":{"@type":"ListItem","@id":"https:\/\/www.skalnik.pl\/blog\/.\/porady\/#listItem","name":"Porady"}},{"@type":"ListItem","@id":"https:\/\/www.skalnik.pl\/blog\/.\/porady\/#listItem","position":2,"name":"Porady","item":"https:\/\/www.skalnik.pl\/blog\/.\/porady\/","nextItem":{"@type":"ListItem","@id":"https:\/\/www.skalnik.pl\/blog\/jak-dbac-o-termos\/#listItem","name":"Jak dba\u0107 o termos"},"previousItem":{"@type":"ListItem","@id":"https:\/\/www.skalnik.pl\/blog#listItem","name":"Home"}},{"@type":"ListItem","@id":"https:\/\/www.skalnik.pl\/blog\/jak-dbac-o-termos\/#listItem","position":3,"name":"Jak dba\u0107 o termos","previousItem":{"@type":"ListItem","@id":"https:\/\/www.skalnik.pl\/blog\/.\/porady\/#listItem","name":"Porady"}}]},{"@type":"Organization","@id":"https:\/\/www.skalnik.pl\/blog\/#organization","name":"blog Skalnik","description":"Blog, porady, artyku\u0142y - blog Skalnik","url":"https:\/\/www.skalnik.pl\/blog\/"},{"@type":"Person","@id":"https:\/\/www.skalnik.pl\/blog\/author\/beata-nawrotkiewicz\/#author","url":"https:\/\/www.skalnik.pl\/blog\/author\/beata-nawrotkiewicz\/","name":"Beata Nawrotkiewicz","image":{"@type":"ImageObject","@id":"https:\/\/www.skalnik.pl\/blog\/jak-dbac-o-termos\/#authorImage","url":"https:\/\/secure.gravatar.com\/avatar\/53cf81cfcc3a81694535515925ffcf159be725e8bd1fb455eeb9e2cadcaa5684?s=96&d=mm&r=g","width":96,"height":96,"caption":"Beata Nawrotkiewicz"}},{"@type":"WebPage","@id":"https:\/\/www.skalnik.pl\/blog\/jak-dbac-o-termos\/#webpage","url":"https:\/\/www.skalnik.pl\/blog\/jak-dbac-o-termos\/","name":"Jak dba\u0107 o termos - blog Skalnik","description":"Wystarczy kilka nawyk\u00f3w, by termos turystyczny lub termos obiadowy przez d\u0142ugi czas s\u0142u\u017cy\u0142 ci podczas wypad\u00f3w w g\u00f3ry. Oto porady jak dba\u0107 o termos.","inLanguage":"pl-PL","isPartOf":{"@id":"https:\/\/www.skalnik.pl\/blog\/#website"},"breadcrumb":{"@id":"https:\/\/www.skalnik.pl\/blog\/jak-dbac-o-termos\/#breadcrumblist"},"author":{"@id":"https:\/\/www.skalnik.pl\/blog\/author\/beata-nawrotkiewicz\/#author"},"creator":{"@id":"https:\/\/www.skalnik.pl\/blog\/author\/beata-nawrotkiewicz\/#author"},"image":{"@type":"ImageObject","url":"https:\/\/www.skalnik.pl\/blog\/wp-content\/uploads\/2020\/01\/termos-tytulowe.jpg","@id":"https:\/\/www.skalnik.pl\/blog\/jak-dbac-o-termos\/#mainImage","width":1920,"height":705,"caption":"kobieta z termosem w g\u00f3rach"},"primaryImageOfPage":{"@id":"https:\/\/www.skalnik.pl\/blog\/jak-dbac-o-termos\/#mainImage"},"datePublished":"2020-01-08T07:45:00+02:00","dateModified":"2020-01-08T07:44:54+02:00"},{"@type":"WebSite","@id":"https:\/\/www.skalnik.pl\/blog\/#website","url":"https:\/\/www.skalnik.pl\/blog\/","name":"blog Skalnik","description":"Blog, porady, artyku\u0142y - blog Skalnik","inLanguage":"pl-PL","publisher":{"@id":"https:\/\/www.skalnik.pl\/blog\/#organization"}}]},"og:locale":"pl_PL","og:site_name":"blog Skalnik - Blog, porady, artyku\u0142y - blog Skalnik","og:type":"article","og:title":"Jak dba\u0107 o termos - blog Skalnik","og:description":"Wystarczy kilka nawyk\u00f3w, by termos turystyczny lub termos obiadowy przez d\u0142ugi czas s\u0142u\u017cy\u0142 ci podczas wypad\u00f3w w g\u00f3ry. Oto porady jak dba\u0107 o termos.","og:url":"https:\/\/www.skalnik.pl\/blog\/jak-dbac-o-termos\/","og:image":"https:\/\/skalnik.pl\/blog\/wp-content\/uploads\/2020\/01\/termos-zimoa-1024x684.jpg","og:image:secure_url":"https:\/\/skalnik.pl\/blog\/wp-content\/uploads\/2020\/01\/termos-zimoa-1024x684.jpg","article:tag":{"0":"porady","1":"g\u00f3ry","3":"termosy"},"article:published_time":"2020-01-08T06:45:00+00:00","article:modified_time":"2020-01-08T06:44:54+00:00","twitter:card":"summary_large_image","twitter:title":"Jak dba\u0107 o termos - blog Skalnik","twitter:description":"Wystarczy kilka nawyk\u00f3w, by termos turystyczny lub termos obiadowy przez d\u0142ugi czas s\u0142u\u017cy\u0142 ci podczas wypad\u00f3w w g\u00f3ry. Oto porady jak dba\u0107 o termos.","twitter:image":"https:\/\/skalnik.pl\/blog\/wp-content\/uploads\/2020\/01\/termos-zimoa-1024x684.jpg"},"aioseo_meta_data":{"post_id":"10609","title":null,"description":"Wystarczy kilka nawyk\u00f3w, by termos turystyczny lub termos obiadowy przez d\u0142ugi czas s\u0142u\u017cy\u0142 ci podczas wypad\u00f3w w g\u00f3ry. Oto porady jak dba\u0107 o termos.","keywords":[{"label":"termos obiadowy","value":"termos obiadowy"},{"label":"termosy","value":"termosy"},{"label":"czyszczenie termosu","value":"czyszczenie termosu"},{"label":"termos","value":"termos"},{"label":"termos na zup\u0119","value":"termos na zup\u0119"}],"keyphrases":null,"primary_term":null,"canonical_url":null,"og_title":null,"og_description":null,"og_object_type":"default","og_image_type":"default","og_image_url":null,"og_image_width":null,"og_image_height":null,"og_image_custom_url":null,"og_image_custom_fields":null,"og_video":null,"og_custom_url":null,"og_article_section":null,"og_article_tags":null,"twitter_use_og":false,"twitter_card":"default","twitter_image_type":"default","twitter_image_url":null,"twitter_image_custom_url":null,"twitter_image_custom_fields":null,"twitter_title":null,"twitter_description":null,"schema":{"blockGraphs":[],"customGraphs":[],"default":{"data":{"Article":[],"Course":[],"Dataset":[],"FAQPage":[],"Movie":[],"Person":[],"Product":[],"ProductReview":[],"Car":[],"Recipe":[],"Service":[],"SoftwareApplication":[],"WebPage":[]},"graphName":"BlogPosting","isEnabled":true},"graphs":[]},"schema_type":"default","schema_type_options":null,"pillar_content":false,"robots_default":true,"robots_noindex":false,"robots_noarchive":false,"robots_nosnippet":false,"robots_nofollow":false,"robots_noimageindex":false,"robots_noodp":false,"robots_notranslate":false,"robots_max_snippet":null,"robots_max_videopreview":null,"robots_max_imagepreview":"large","priority":null,"frequency":null,"local_seo":null,"breadcrumb_settings":null,"limit_modified_date":false,"ai":null,"created":"2022-08-26 10:12:01","updated":"2026-02-17 21:45:25","seo_analyzer_scan_date":null},"aioseo_breadcrumb":"<div class=\"aioseo-breadcrumbs\"><span class=\"aioseo-breadcrumb\">\n\t\t\t<a href=\"https:\/\/www.skalnik.pl\/blog\" title=\"Home\">Home<\/a>\n\t\t<\/span><span class=\"aioseo-breadcrumb-separator\">&raquo;<\/span><span class=\"aioseo-breadcrumb\">\n\t\t\t<a href=\"https:\/\/www.skalnik.pl\/blog\/.\/porady\/\" title=\"Porady\">Porady<\/a>\n\t\t<\/span><span class=\"aioseo-breadcrumb-separator\">&raquo;<\/span><span class=\"aioseo-breadcrumb\">\n\t\t\tJak dba\u0107 o termos\n\t\t<\/span><\/div>","aioseo_breadcrumb_json":[{"label":"Home","link":"https:\/\/www.skalnik.pl\/blog"},{"label":"Porady","link":"https:\/\/www.skalnik.pl\/blog\/.\/porady\/"},{"label":"Jak dba\u0107 o termos","link":"https:\/\/www.skalnik.pl\/blog\/jak-dbac-o-termos\/"}],"_links":{"self":[{"href":"https:\/\/www.skalnik.pl\/blog\/wp-json\/wp\/v2\/posts\/10609","targetHints":{"allow":["GET"]}}],"collection":[{"href":"https:\/\/www.skalnik.pl\/blog\/wp-json\/wp\/v2\/posts"}],"about":[{"href":"https:\/\/www.skalnik.pl\/blog\/wp-json\/wp\/v2\/types\/post"}],"author":[{"embeddable":true,"href":"https:\/\/www.skalnik.pl\/blog\/wp-json\/wp\/v2\/users\/9"}],"replies":[{"embeddable":true,"href":"https:\/\/www.skalnik.pl\/blog\/wp-json\/wp\/v2\/comments?post=10609"}],"version-history":[{"count":10,"href":"https:\/\/www.skalnik.pl\/blog\/wp-json\/wp\/v2\/posts\/10609\/revisions"}],"predecessor-version":[{"id":10650,"href":"https:\/\/www.skalnik.pl\/blog\/wp-json\/wp\/v2\/posts\/10609\/revisions\/10650"}],"wp:featuredmedia":[{"embeddable":true,"href":"https:\/\/www.skalnik.pl\/blog\/wp-json\/wp\/v2\/media\/10631"}],"wp:attachment":[{"href":"https:\/\/www.skalnik.pl\/blog\/wp-json\/wp\/v2\/media?parent=10609"}],"wp:term":[{"taxonomy":"category","embeddable":true,"href":"https:\/\/www.skalnik.pl\/blog\/wp-json\/wp\/v2\/categories?post=10609"},{"taxonomy":"post_tag","embeddable":true,"href":"https:\/\/www.skalnik.pl\/blog\/wp-json\/wp\/v2\/tags?post=10609"},{"taxonomy":"magento_category","embeddable":true,"href":"https:\/\/www.skalnik.pl\/blog\/wp-json\/wp\/v2\/magento_category?post=10609"},{"taxonomy":"magento_product","embeddable":true,"href":"https:\/\/www.skalnik.pl\/blog\/wp-json\/wp\/v2\/magento_product?post=10609"}],"curies":[{"name":"wp","href":"https:\/\/api.w.org\/{rel}","templated":true}]}}