{"id":10642,"date":"2020-01-13T07:54:00","date_gmt":"2020-01-13T06:54:00","guid":{"rendered":"https:\/\/skalnik.pl\/blog\/?p=10642"},"modified":"2020-01-20T08:56:00","modified_gmt":"2020-01-20T07:56:00","slug":"plecaki-damskie-deuter","status":"publish","type":"post","link":"https:\/\/www.skalnik.pl\/blog\/plecaki-damskie-deuter\/","title":{"rendered":"Plecaki damskie Deuter"},"content":{"rendered":"\n<p><strong>Widzisz \u017c\u00f3\u0142ty kwiatek i od razu wiesz,\n\u017ce masz przed sob\u0105 zaprojektowany przez Deuter plecak damski. Przyczepiany\nkwiatek nie jest jednak jedyn\u0105 rzecz\u0105, kt\u00f3ra odr\u00f3\u017cnia plecak dla kobiet od\nsprz\u0119tu dla m\u0119\u017cczyzn. Czym w praktyce wyr\u00f3\u017cnia si\u0119 plecak damski Deuter?<\/strong><\/p>\n\n\n\n<p>Najwy\u017csze\nszczyty mog\u0105 zdobywa\u0107 zar\u00f3wno m\u0119\u017cczy\u017ani, jak i kobiety. Aby jednak ka\u017cda osoba\nna szlaku mog\u0142a cieszy\u0107 si\u0119 jak najwi\u0119kszym komfortem, warto dopasowa\u0107 sprz\u0119t\ndo swojej budowy cia\u0142a. W\u0142a\u015bnie dlatego plecaki Deuter s\u0105 produkowane w r\u00f3\u017cnych\nwersjach. W jaki spos\u00f3b plecak damski Deuter dostosowuje si\u0119 do kobiecej\nsylwetki?<\/p>\n\n\n\n<div id=\"ez-toc-container\" class=\"ez-toc-v2_0_85 counter-hierarchy ez-toc-counter ez-toc-light-blue ez-toc-container-direction\">\n<div class=\"ez-toc-title-container\">\n<p class=\"ez-toc-title\" style=\"cursor:inherit\">SPIS TRE\u015aCI <\/p>\n<span class=\"ez-toc-title-toggle\"><a href=\"#\" class=\"ez-toc-pull-right ez-toc-btn ez-toc-btn-xs ez-toc-btn-default ez-toc-toggle\" aria-label=\"Prze\u0142\u0105cznik Spisu Tre\u015bci\"><span class=\"ez-toc-js-icon-con\"><span class=\"\"><span class=\"eztoc-hide\" style=\"display:none;\">Toggle<\/span><span class=\"ez-toc-icon-toggle-span\"><svg style=\"fill: #999;color:#999\" xmlns=\"http:\/\/www.w3.org\/2000\/svg\" class=\"list-377408\" width=\"20px\" height=\"20px\" viewBox=\"0 0 24 24\" fill=\"none\"><path d=\"M6 6H4v2h2V6zm14 0H8v2h12V6zM4 11h2v2H4v-2zm16 0H8v2h12v-2zM4 16h2v2H4v-2zm16 0H8v2h12v-2z\" fill=\"currentColor\"><\/path><\/svg><svg style=\"fill: #999;color:#999\" class=\"arrow-unsorted-368013\" xmlns=\"http:\/\/www.w3.org\/2000\/svg\" width=\"10px\" height=\"10px\" viewBox=\"0 0 24 24\" version=\"1.2\" baseProfile=\"tiny\"><path d=\"M18.2 9.3l-6.2-6.3-6.2 6.3c-.2.2-.3.4-.3.7s.1.5.3.7c.2.2.4.3.7.3h11c.3 0 .5-.1.7-.3.2-.2.3-.5.3-.7s-.1-.5-.3-.7zM5.8 14.7l6.2 6.3 6.2-6.3c.2-.2.3-.5.3-.7s-.1-.5-.3-.7c-.2-.2-.4-.3-.7-.3h-11c-.3 0-.5.1-.7.3-.2.2-.3.5-.3.7s.1.5.3.7z\"\/><\/svg><\/span><\/span><\/span><\/a><\/span><\/div>\n<nav><ul class='ez-toc-list ez-toc-list-level-1 ' ><li class='ez-toc-page-1 ez-toc-heading-level-2'><a class=\"ez-toc-link ez-toc-heading-1\" href=\"https:\/\/www.skalnik.pl\/blog\/plecaki-damskie-deuter\/#Deuter_dba_o_kregoslupy_roznych_turystow\" >Deuter dba o kr\u0119gos\u0142upy r\u00f3\u017cnych\nturyst\u00f3w<\/a><\/li><li class='ez-toc-page-1 ez-toc-heading-level-2'><a class=\"ez-toc-link ez-toc-heading-2\" href=\"https:\/\/www.skalnik.pl\/blog\/plecaki-damskie-deuter\/#Plecak_Deuter_%E2%80%93_jaki_system_nosny_wybrac\" >Plecak Deuter \u2013 jaki system no\u015bny wybra\u0107<\/a><ul class='ez-toc-list-level-3' ><li class='ez-toc-heading-level-3'><a class=\"ez-toc-link ez-toc-heading-3\" href=\"https:\/\/www.skalnik.pl\/blog\/plecaki-damskie-deuter\/#Airstripes_%E2%80%93_proste_i_skuteczne\" >Airstripes \u2013 proste i skuteczne<\/a><\/li><li class='ez-toc-page-1 ez-toc-heading-level-3'><a class=\"ez-toc-link ez-toc-heading-4\" href=\"https:\/\/www.skalnik.pl\/blog\/plecaki-damskie-deuter\/#Aircomfort_%E2%80%93_dla_zawsze_suchych_plecow\" >Aircomfort \u2013 dla zawsze suchych plec\u00f3w<\/a><\/li><li class='ez-toc-page-1 ez-toc-heading-level-3'><a class=\"ez-toc-link ez-toc-heading-5\" href=\"https:\/\/www.skalnik.pl\/blog\/plecaki-damskie-deuter\/#Aircontact_%E2%80%93_pelna_kontrola_nad_plecakiem\" >Aircontact \u2013 pe\u0142na kontrola nad\nplecakiem<\/a><\/li><li class='ez-toc-page-1 ez-toc-heading-level-3'><a class=\"ez-toc-link ez-toc-heading-6\" href=\"https:\/\/www.skalnik.pl\/blog\/plecaki-damskie-deuter\/#Alpine_%E2%80%93_z_mysla_o_wspinaczach\" >Alpine \u2013 z my\u015bl\u0105 o wspinaczach<\/a><\/li><\/ul><\/li><li class='ez-toc-page-1 ez-toc-heading-level-2'><a class=\"ez-toc-link ez-toc-heading-7\" href=\"https:\/\/www.skalnik.pl\/blog\/plecaki-damskie-deuter\/#Co_wyroznia_plecak_Deuter_damski\" >Co wyr\u00f3\u017cnia plecak Deuter damski<\/a><\/li><\/ul><\/nav><\/div>\n<h2 class=\"wp-block-heading\"><span class=\"ez-toc-section\" id=\"Deuter_dba_o_kregoslupy_roznych_turystow\"><\/span><strong>Deuter dba o kr\u0119gos\u0142upy r\u00f3\u017cnych\nturyst\u00f3w<\/strong><span class=\"ez-toc-section-end\"><\/span><\/h2>\n\n\n\n<p>Stopy i kr\u0119gos\u0142up to dwie cz\u0119\u015bci cia\u0142a najbardziej nara\u017cone na urazy w trakcie w\u0119dr\u00f3wek po g\u00f3rach. Wybieraj\u0105c outdoorowy sprz\u0119t, najwi\u0119ksz\u0105 uwag\u0119 trzeba wi\u0119c zwr\u00f3ci\u0107 na dob\u00f3r but\u00f3w i plecaka. Dobry <a href=\"https:\/\/skalnik.pl\/sprzet-turystyczny\/plecaki\">plecak <\/a>roz\u0142o\u017cy optymalnie ci\u0119\u017car mi\u0119dzy barki i biodra, dzi\u0119ki czemu po powrocie ze szlaku tw\u00f3j kr\u0119gos\u0142up nie b\u0119dzie krzycza\u0142, \u017ce w tym roku to on ju\u017c si\u0119 w g\u00f3ry nie wybiera.<\/p>\n\n\n\n<p>Tury\u015bci\nposzukuj\u0105cy takiego dobrego plecaka cz\u0119sto decyduj\u0105 si\u0119 na sprz\u0119t niemieckiej\nmarki Deuter. Nic dziwnego: plecaki Deuter to synonim dobrego wykonania i\ninnowacyjnych rozwi\u0105za\u0144. Produkcj\u0119 plecak\u00f3w firma zacz\u0119\u0142a ju\u017c 110 lat temu i\nobecnie jest jednym z lider\u00f3w rynku outdoorowego w tym segmencie.<\/p>\n\n\n\n<div class=\"wp-block-image\"><figure class=\"aligncenter size-full\"><img loading=\"lazy\" decoding=\"async\" width=\"1500\" height=\"1001\" src=\"https:\/\/skalnik.pl\/blog\/wp-content\/uploads\/2020\/01\/Hiking_FuturaPro_SideShot_1_Manuel-Ferrigato-s.jpg\" alt=\"Hiking_FuturaPro_SideShot_1_Manuel-Ferrigato s\" class=\"wp-image-10684\" srcset=\"https:\/\/www.skalnik.pl\/blog\/wp-content\/uploads\/2020\/01\/Hiking_FuturaPro_SideShot_1_Manuel-Ferrigato-s.jpg 1500w, https:\/\/www.skalnik.pl\/blog\/wp-content\/uploads\/2020\/01\/Hiking_FuturaPro_SideShot_1_Manuel-Ferrigato-s-300x200.jpg 300w, https:\/\/www.skalnik.pl\/blog\/wp-content\/uploads\/2020\/01\/Hiking_FuturaPro_SideShot_1_Manuel-Ferrigato-s-1024x683.jpg 1024w, https:\/\/www.skalnik.pl\/blog\/wp-content\/uploads\/2020\/01\/Hiking_FuturaPro_SideShot_1_Manuel-Ferrigato-s-768x513.jpg 768w\" sizes=\"auto, (max-width: 1500px) 100vw, 1500px\" \/><figcaption>Niemiecka marka Deuter wypracowa\u0142a sobie miejsce w czo\u0142\u00f3wce producent\u00f3w plecak\u00f3w (fot. Deuter)<\/figcaption><\/figure><\/div>\n\n\n\n<p>Tym co\nwyr\u00f3\u017cnia projektowane przez Deuter plecaki s\u0105 autorskie systemy no\u015bne. To\nw\u0142a\u015bnie one sprawiaj\u0105, \u017ce plecak Deuter damski czy m\u0119ski dobrze rozk\u0142ada\numieszczony w nim ci\u0119\u017car. <\/p>\n\n\n\n<h2 class=\"wp-block-heading\"><span class=\"ez-toc-section\" id=\"Plecak_Deuter_%E2%80%93_jaki_system_nosny_wybrac\"><\/span><strong>Plecak Deuter \u2013 jaki system no\u015bny wybra\u0107<\/strong><span class=\"ez-toc-section-end\"><\/span><\/h2>\n\n\n\n<p>Dzi\u0119ki wieloletniemu do\u015bwiadczeniu w\nprodukcji plecak\u00f3w Deuter mo\u017ce pochwali\u0107 si\u0119 nie jednym, a kilkoma w\u0142asnymi\nsystemami no\u015bnymi u\u017cywanymi w r\u00f3\u017cnych liniach plecak\u00f3w. Co wa\u017cne, ka\u017cdy z tych\nsystem\u00f3w jest stosowany zar\u00f3wno w plecakach dla m\u0119\u017cczyzn, jak i dla kobiet.\nKupuj\u0105c plecak damski Deuter, mo\u017cesz wi\u0119c wybra\u0107 taki system no\u015bny, kt\u00f3ry\nnajbardziej ci odpowiada. Nie musisz i\u015b\u0107 na \u017cadne kompromisy! Czym wyr\u00f3\u017cniaj\u0105\nsi\u0119 poszczeg\u00f3lne systemy no\u015bne?<\/p>\n\n\n\n<h3 class=\"wp-block-heading\"><span class=\"ez-toc-section\" id=\"Airstripes_%E2%80%93_proste_i_skuteczne\"><\/span><strong>Airstripes \u2013 proste i skuteczne<\/strong><span class=\"ez-toc-section-end\"><\/span><\/h3>\n\n\n\n<p>Airstripes to najprostszy system no\u015bny zaprojektowany przez <a href=\"https:\/\/skalnik.pl\/deuter\">Deuter<\/a>. Jest on wykorzystywany w plecakach miejskich oraz rowerowych. System Airstripes oparto na dw\u00f3ch pasach wykonanych z oddychaj\u0105cej pianki. Pomi\u0119dzy nimi powstaje powietrzny tunel, kt\u00f3ry zapewnia doskona\u0142\u0105 wentylacj\u0119. System Airstripes jest wykorzystywany w serii plecak\u00f3w Giga oraz Trans Alpine. Giga to stworzony przez Deuter plecak miejski. Posiada on oddzieln\u0105 przegrod\u0119 na laptop. W g\u0142\u00f3wnej komorze zmie\u015bcisz natomiast dokumenty A4. Deuter Trans Alpine to natomiast plecak rowerowy. Mo\u017cesz do niego przymocowa\u0107 kask, a szeroki pas biodrowy \u015bwietnie stabilizuje plecak nawet na ostrych zakr\u0119tach.<\/p>\n\n\n\n<h3 class=\"wp-block-heading\"><span class=\"ez-toc-section\" id=\"Aircomfort_%E2%80%93_dla_zawsze_suchych_plecow\"><\/span><strong>Aircomfort \u2013 dla zawsze suchych plec\u00f3w<\/strong><span class=\"ez-toc-section-end\"><\/span><\/h3>\n\n\n\n<p>Aircomfort to system no\u015bny zbudowany na stalowej spr\u0119\u017cystej ramie oraz wytrzyma\u0142ej siatce dystansuj\u0105cej. Badania pokazuj\u0105, \u017ce redukuje on potliwo\u015b\u0107 a\u017c o 25%. Nawet w gor\u0105ce dni zaprojektowany przez Deuter plecak skutecznie odprowadzi wi\u0119c nadmiar wilgoci i ciep\u0142ego powietrza. System Aircomfort znajdziesz mi\u0119dzy innymi w serii Deuter Futura. To linia plecak\u00f3w o niewielkiej pojemno\u015bci przeznaczonych na kr\u00f3tkie wypady. Najmniejszy z nich \u2013 Deuter Futura 22 \u2013 przypomina miejski plecak. Nieco wi\u0119kszy plecak damski Deuter Futura 28 wygl\u0105da ju\u017c jak standardowy plecak turystyczny. Nada si\u0119 on doskonale na jednodniow\u0105 wycieczk\u0119, a nawet weekendowy wyjazd, je\u015bli jeste\u015b fank\u0105 minimalistycznego w\u0119drowania. W spakowaniu si\u0119 pomog\u0105 liczne kieszenie oraz troki, kt\u00f3re pozwol\u0105 przyczepi\u0107 na przyk\u0142ad <a href=\"https:\/\/skalnik.pl\/sprzet-turystyczny\/akcesoria-turystyczne\/akcesoria-turystyczne-kije-trekkingowe\">kijki trekkingowe<\/a>.<\/p>\n\n\n\n<div class=\"wp-block-image\"><figure class=\"aligncenter size-full\"><img loading=\"lazy\" decoding=\"async\" width=\"1500\" height=\"1001\" src=\"https:\/\/skalnik.pl\/blog\/wp-content\/uploads\/2020\/01\/Hiking_FuturaPro_SideShot_3_Manuel-Ferrigato-s.jpg\" alt=\"Hiking_FuturaPro_SideShot_3_Manuel-Ferrigato s\" class=\"wp-image-10686\" srcset=\"https:\/\/www.skalnik.pl\/blog\/wp-content\/uploads\/2020\/01\/Hiking_FuturaPro_SideShot_3_Manuel-Ferrigato-s.jpg 1500w, https:\/\/www.skalnik.pl\/blog\/wp-content\/uploads\/2020\/01\/Hiking_FuturaPro_SideShot_3_Manuel-Ferrigato-s-300x200.jpg 300w, https:\/\/www.skalnik.pl\/blog\/wp-content\/uploads\/2020\/01\/Hiking_FuturaPro_SideShot_3_Manuel-Ferrigato-s-1024x683.jpg 1024w, https:\/\/www.skalnik.pl\/blog\/wp-content\/uploads\/2020\/01\/Hiking_FuturaPro_SideShot_3_Manuel-Ferrigato-s-768x513.jpg 768w\" sizes=\"auto, (max-width: 1500px) 100vw, 1500px\" \/><figcaption>Siatka dystansuj\u0105ca w modelu Futura sprawdza si\u0119 podczas intensywnego wysi\u0142ku (fot. Deuter)<\/figcaption><\/figure><\/div>\n\n\n\n<h3 class=\"wp-block-heading\"><span class=\"ez-toc-section\" id=\"Aircontact_%E2%80%93_pelna_kontrola_nad_plecakiem\"><\/span><strong>Aircontact \u2013 pe\u0142na kontrola nad\nplecakiem<\/strong><span class=\"ez-toc-section-end\"><\/span><\/h3>\n\n\n\n<p>Aircontact to\nchyba najbardziej rozpoznawalny system no\u015bny marki Deuter. Umiejscawia on\nci\u0119\u017car jak najbli\u017cej plec\u00f3w u\u017cytkownika, co stabilizuje \u015brodek ci\u0119\u017cko\u015bci.\nWi\u0119kszo\u015b\u0107 obci\u0105\u017cenia jest przenoszona na pas biodrowy wykonany z porowatej\npianki, kt\u00f3ra doskonale odprowadza wilgo\u0107. Plecak turystyczny Deuter z tym\nsystemem to mi\u0119dzy innymi Deuter Aircontact oraz Aircontact PRO. Na plecak\nDeuter Aircontact zwr\u00f3\u0107 uwag\u0119, je\u015bli szukasz niezawodnego towarzysza na d\u0142u\u017cszy\ntrekking. Zintegrowany pokrowiec wodoodporny, dzielone komory, boczne\nkieszenie, dost\u0119p od do\u0142u oraz od frontu do komory g\u0142\u00f3wnej \u2013 to wszystko\nsprawi, \u017ce twoje rzeczy b\u0119d\u0105 bezpieczne przez ca\u0142y szlak.<\/p>\n\n\n\n<h3 class=\"wp-block-heading\"><span class=\"ez-toc-section\" id=\"Alpine_%E2%80%93_z_mysla_o_wspinaczach\"><\/span><strong>Alpine \u2013 z my\u015bl\u0105 o wspinaczach<\/strong><span class=\"ez-toc-section-end\"><\/span><\/h3>\n\n\n\n<p>Alpine to\nkompaktowy i komfortowy system no\u015bny stosowany mi\u0119dzy innymi w plecakach\nwspinaczkowych. Stabilizacja \u015brodka ci\u0119\u017cko\u015bci daje pe\u0142n\u0105 kontrol\u0119 nad\nplecakiem, a piankowe pasy adaptuj\u0105 si\u0119 do plec\u00f3w u\u017cytkownika. System Alpine\njest stosowany mi\u0119dzy innymi w serii Guide przeznaczonej dla wspinaczy i\nalpinist\u00f3w. Do plecaka Deuter Guide bez problemu przytroczysz kije, czekan, a\nnawet narty. <\/p>\n\n\n\n<h2 class=\"wp-block-heading\"><span class=\"ez-toc-section\" id=\"Co_wyroznia_plecak_Deuter_damski\"><\/span><strong>Co wyr\u00f3\u017cnia plecak Deuter damski<\/strong><span class=\"ez-toc-section-end\"><\/span><\/h2>\n\n\n\n<p>Wiesz ju\u017c jaki system no\u015bny i linia\nplecak\u00f3w ci najbardziej odpowiada? Zanim zdecydujesz si\u0119 na konkretny model,\nzwr\u00f3\u0107 jeszcze uwag\u0119 na oznaczenia stoj\u0105ce obok nazwy. Nie s\u0105 to bowiem nic\nnieznacz\u0105ce literki. Projektowane przez Deuter plecaki s\u0105 oznaczone w\nnast\u0119puj\u0105cy spos\u00f3b:<\/p>\n\n\n\n<ul class=\"wp-block-list\"><li>bez dodatkowego oznaczenia \u2013 plecak przeznaczony dla m\u0119\u017cczyzn o standardowej budowie cia\u0142a;<\/li><li>SL (Slim Line) \u2013 plecak Deuter z tym oznaczeniem jest przeznaczony dla kobiet oraz dla m\u0119\u017cczyzn o drobniejszej budowie;<\/li><li>EL (Extra Long) \u2013 plecak przeznaczony dla wysokich os\u00f3b (wzrost pow. 185 cm). <\/li><\/ul>\n\n\n\n<p>Czym w\npraktyce r\u00f3\u017cni si\u0119 plecak Deuter SL od plecaka przeznaczonego dla m\u0119\u017cczyzn?\nKiedy ogl\u0105da si\u0119 stworzony przez Deuter plecak damski pierwszym co rzuca si\u0119 w\noczy jest \u017c\u00f3\u0142ty kwiatek. Co jednak si\u0119 stanie, je\u015bli skorzysta si\u0119 z mo\u017cliwo\u015bci\nodczepienia charakterystycznego kwiatka? Czy wtedy plecak Deuter damski b\u0119dzie\nju\u017c nie do odr\u00f3\u017cnienia od m\u0119skiej wersji? Nic bardziej mylnego. G\u0142\u00f3wne r\u00f3\u017cnice\ntkwi\u0105 bowiem w budowie plecaka, a nie w \u017c\u00f3\u0142tym kwiatku czy kolorze sprz\u0119tu.<\/p>\n\n\n\n<div class=\"wp-block-image\"><figure class=\"aligncenter size-full\"><img loading=\"lazy\" decoding=\"async\" width=\"1500\" height=\"1001\" src=\"https:\/\/skalnik.pl\/blog\/wp-content\/uploads\/2020\/01\/Deuter-plecak-damski-speed-lite.jpg\" alt=\"Deuter plecak damski speed lite\" class=\"wp-image-10682\" srcset=\"https:\/\/www.skalnik.pl\/blog\/wp-content\/uploads\/2020\/01\/Deuter-plecak-damski-speed-lite.jpg 1500w, https:\/\/www.skalnik.pl\/blog\/wp-content\/uploads\/2020\/01\/Deuter-plecak-damski-speed-lite-300x200.jpg 300w, https:\/\/www.skalnik.pl\/blog\/wp-content\/uploads\/2020\/01\/Deuter-plecak-damski-speed-lite-1024x683.jpg 1024w, https:\/\/www.skalnik.pl\/blog\/wp-content\/uploads\/2020\/01\/Deuter-plecak-damski-speed-lite-768x513.jpg 768w\" sizes=\"auto, (max-width: 1500px) 100vw, 1500px\" \/><figcaption>Plecaki w wersji SL posiadaj\u0105 charakterystyczny, \u017c\u00f3\u0142ty kwiatek. Mo\u017cna go jednak \u0142atwo zdemontowa\u0107 (fot. Deuter)<\/figcaption><\/figure><\/div>\n\n\n\n<p>Plecaki\nDeuter przeznaczone dla pa\u0144 s\u0105 projektowane przez specjalny zesp\u00f3\u0142 kobiet\nzwi\u0105zanych z outdoorem. Dzi\u0119ki temu systemy no\u015bne plecak\u00f3w rozwi\u0105zuj\u0105 faktyczne\nproblemy, z kt\u00f3rymi mierz\u0105 si\u0119 mi\u0142o\u015bniczki g\u00f3r. W jaki spos\u00f3b projektanci\ndostosowali plecak damski Deuter do kobiecej sylwetki?<\/p>\n\n\n\n<p>Po pierwsze\npanie maj\u0105 zazwyczaj kr\u00f3tsze plecy i d\u0142u\u017csze nogi. U m\u0119\u017cczyzn jest na odwr\u00f3t.\nDlatego projektowany przez Deuter plecak damski ma kr\u00f3tszy system no\u015bny. Ci\u0119\u017car\njest wi\u0119c faktycznie przenoszony na biodra w\u0119drowniczki. <\/p>\n\n\n\n<p>Kobiety maj\u0105\nte\u017c w\u0119\u017csze ramiona. Zdarzy\u0142o ci si\u0119 kiedy\u015b, \u017ce po po\u017cyczeniu plecaka od brata\nczy ch\u0142opaka wci\u0105\u017c poprawia\u0142a\u015b zsuwaj\u0105ce si\u0119 paski? To w\u0142a\u015bnie efekt tej\nr\u00f3\u017cnicy w budowie. Plecaki Deuter dla pa\u0144 maj\u0105 wi\u0119c pasy no\u015bne osadzone bli\u017cej\nsiebie. Od wewn\u0119trznej strony s\u0105 one te\u017c obszyte dodatkowym materia\u0142em, kt\u00f3ry\neliminuje ryzyko obtar\u0107.<\/p>\n\n\n\n<p>W damskich\nplecakach inaczej zbudowany jest te\u017c oczywi\u015bcie pas piersiowy. Przede wszystkim\nmo\u017cna go bardziej regulowa\u0107 w pionie. Deuter dba tak\u017ce o to, by konstrukcja\npaska nie powodowa\u0142a ucisku na piersi.<\/p>\n\n\n\n<p>Projektowany przez Deuter plecak damski wyr\u00f3\u017cnia\nsi\u0119 te\u017c innym kszta\u0142tem pasa biodrowego. Ma on bardziej eliptyczny kszta\u0142t oraz\nposiada dodatkowe wewn\u0119trzne kliny z mi\u0119kkiej pianki umieszczone na wysoko\u015bci\nko\u015bci biodrowych.<\/p>\n\n\n\n<div class=\"wp-block-image\"><figure class=\"aligncenter size-full\"><img loading=\"lazy\" decoding=\"async\" width=\"1500\" height=\"1743\" src=\"https:\/\/skalnik.pl\/blog\/wp-content\/uploads\/2020\/01\/SL-Team_BirgitGelder.jpg\" alt=\"Deuter kobiety w g\u00f3rach\" class=\"wp-image-10689\" srcset=\"https:\/\/www.skalnik.pl\/blog\/wp-content\/uploads\/2020\/01\/SL-Team_BirgitGelder.jpg 1500w, https:\/\/www.skalnik.pl\/blog\/wp-content\/uploads\/2020\/01\/SL-Team_BirgitGelder-258x300.jpg 258w, https:\/\/www.skalnik.pl\/blog\/wp-content\/uploads\/2020\/01\/SL-Team_BirgitGelder-881x1024.jpg 881w, https:\/\/www.skalnik.pl\/blog\/wp-content\/uploads\/2020\/01\/SL-Team_BirgitGelder-768x892.jpg 768w, https:\/\/www.skalnik.pl\/blog\/wp-content\/uploads\/2020\/01\/SL-Team_BirgitGelder-1322x1536.jpg 1322w\" sizes=\"auto, (max-width: 1500px) 100vw, 1500px\" \/><figcaption>Plecaki damskie Deuter podczas test\u00f3w team Birgit Gelder (fot. Deuter)<\/figcaption><\/figure><\/div>\n\n\n\n<p>Deuter ca\u0142y czas rozwija swoje plecaki, wi\u0119c mo\u017cna by\u0107 pewnym, \u017ce nast\u0119pne lata przynios\u0105 kolejne zmiany w sprz\u0119cie przeznaczonym dla kobiet. Oczywi\u015bcie, nie wszystkie te udogodnienia s\u0105 niezb\u0119dne do tego, by cieszy\u0107 si\u0119 g\u00f3rskimi szlakami bez b\u00f3lu kr\u0119gos\u0142upa. Je\u015bli jedziesz w g\u00f3ry na jeden czy dwa dni, mo\u017cesz wzi\u0105\u0107 <a href=\"https:\/\/skalnik.pl\/sprzet-turystyczny\/plecaki\/plecaki-turystyczne\">plecak turystyczny<\/a>, kt\u00f3ry nie do ko\u0144ca pasuje do twojej sylwetki i \u017cadna wielka tragedia si\u0119 nie stanie. Im jednak wi\u0119kszy ci\u0119\u017car i d\u0142u\u017csze szlaki, tym bardziej docenisz zaprojektowane przez Deuter plecaki, kt\u00f3re stworzono specjalnie z my\u015bl\u0105 o kobietach.<\/p>\n\n\n\n<p class=\"has-text-align-right\"><em>Katarzyna Butkiewicz<\/em><\/p>\n","protected":false},"excerpt":{"rendered":"<p>Czy wiesz czym r\u00f3\u017cni\u0105 si\u0119 plecaki Deuter damskie od m\u0119skich? Bynajmniej nie tylko \u017c\u00f3\u0142tym kwiatkiem. Sprawd\u017a czego mo\u017cesz si\u0119 spodziewa\u0107 po plecaku Deuter z oznaczeniem SL.<\/p>\n","protected":false},"author":7,"featured_media":10681,"comment_status":"open","ping_status":"open","sticky":false,"template":"","format":"standard","meta":{"_acf_changed":false,"footnotes":""},"categories":[3],"tags":[250,23,210],"magento_category":[242],"magento_product":[],"class_list":["post-10642","post","type-post","status-publish","format-standard","has-post-thumbnail","hentry","category-porady","tag-deuter","tag-plecaki","tag-turystyka"],"acf":[],"aioseo_notices":[],"aioseo_head":"\n\t\t<!-- All in One SEO 4.9.10 - aioseo.com -->\n\t<meta name=\"description\" content=\"Budowa kobiet znacz\u0105co r\u00f3\u017cni si\u0119 od m\u0119\u017cczyzn. W\u0142a\u015bnie dlatego plecaki Deuter z oznaczeniem SL zaprojektowano z my\u015bl\u0105 o kobietach. Sprawd\u017a czym r\u00f3\u017cni\u0105 si\u0119 od standardowej wersji.\" \/>\n\t<meta name=\"robots\" content=\"max-image-preview:large\" \/>\n\t<meta name=\"author\" content=\"Redakcja skalnik.pl\"\/>\n\t<link rel=\"canonical\" href=\"https:\/\/www.skalnik.pl\/blog\/plecaki-damskie-deuter\/\" \/>\n\t<meta name=\"generator\" content=\"All in One SEO (AIOSEO) 4.9.10\" \/>\n\t\t<meta property=\"og:locale\" content=\"pl_PL\" \/>\n\t\t<meta property=\"og:site_name\" content=\"blog Skalnik - Blog, porady, artyku\u0142y - blog Skalnik\" \/>\n\t\t<meta property=\"og:type\" content=\"article\" \/>\n\t\t<meta property=\"og:title\" content=\"Plecaki damskie Deuter - blog Skalnik\" \/>\n\t\t<meta property=\"og:description\" content=\"Budowa kobiet znacz\u0105co r\u00f3\u017cni si\u0119 od m\u0119\u017cczyzn. W\u0142a\u015bnie dlatego plecaki Deuter z oznaczeniem SL zaprojektowano z my\u015bl\u0105 o kobietach. Sprawd\u017a czym r\u00f3\u017cni\u0105 si\u0119 od standardowej wersji.\" \/>\n\t\t<meta property=\"og:url\" content=\"https:\/\/www.skalnik.pl\/blog\/plecaki-damskie-deuter\/\" \/>\n\t\t<meta property=\"og:image\" content=\"https:\/\/skalnik.pl\/blog\/wp-content\/uploads\/2020\/01\/Hiking_FuturaPro_SideShot_1_Manuel-Ferrigato-s.jpg\" \/>\n\t\t<meta property=\"og:image:secure_url\" content=\"https:\/\/skalnik.pl\/blog\/wp-content\/uploads\/2020\/01\/Hiking_FuturaPro_SideShot_1_Manuel-Ferrigato-s.jpg\" \/>\n\t\t<meta property=\"article:tag\" content=\"porady\" \/>\n\t\t<meta property=\"article:tag\" content=\"deuter\" \/>\n\t\t<meta property=\"article:tag\" content=\"plecaki\" \/>\n\t\t<meta property=\"article:tag\" content=\"turystyka\" \/>\n\t\t<meta property=\"article:published_time\" content=\"2020-01-13T06:54:00+00:00\" \/>\n\t\t<meta property=\"article:modified_time\" content=\"2020-01-20T07:56:00+00:00\" \/>\n\t\t<meta name=\"twitter:card\" content=\"summary_large_image\" \/>\n\t\t<meta name=\"twitter:title\" content=\"Plecaki damskie Deuter - blog Skalnik\" \/>\n\t\t<meta name=\"twitter:description\" content=\"Budowa kobiet znacz\u0105co r\u00f3\u017cni si\u0119 od m\u0119\u017cczyzn. W\u0142a\u015bnie dlatego plecaki Deuter z oznaczeniem SL zaprojektowano z my\u015bl\u0105 o kobietach. Sprawd\u017a czym r\u00f3\u017cni\u0105 si\u0119 od standardowej wersji.\" \/>\n\t\t<meta name=\"twitter:image\" content=\"https:\/\/skalnik.pl\/blog\/wp-content\/uploads\/2020\/01\/Hiking_FuturaPro_SideShot_1_Manuel-Ferrigato-s.jpg\" \/>\n\t\t<script type=\"application\/ld+json\" class=\"aioseo-schema\">\n\t\t\t{\"@context\":\"https:\\\/\\\/schema.org\",\"@graph\":[{\"@type\":\"BlogPosting\",\"@id\":\"https:\\\/\\\/www.skalnik.pl\\\/blog\\\/plecaki-damskie-deuter\\\/#blogposting\",\"name\":\"Plecaki damskie Deuter - blog Skalnik\",\"headline\":\"Plecaki damskie Deuter\",\"author\":{\"@id\":\"https:\\\/\\\/www.skalnik.pl\\\/blog\\\/author\\\/redakcja-skalnik-pl\\\/#author\"},\"publisher\":{\"@id\":\"https:\\\/\\\/www.skalnik.pl\\\/blog\\\/#organization\"},\"image\":{\"@type\":\"ImageObject\",\"url\":\"https:\\\/\\\/www.skalnik.pl\\\/blog\\\/wp-content\\\/uploads\\\/2020\\\/01\\\/Plecaki-damskie-Deuter.jpg\",\"width\":1920,\"height\":705,\"caption\":\"Plecaki damskie Deuter\"},\"datePublished\":\"2020-01-13T07:54:00+02:00\",\"dateModified\":\"2020-01-20T08:56:00+02:00\",\"inLanguage\":\"pl-PL\",\"mainEntityOfPage\":{\"@id\":\"https:\\\/\\\/www.skalnik.pl\\\/blog\\\/plecaki-damskie-deuter\\\/#webpage\"},\"isPartOf\":{\"@id\":\"https:\\\/\\\/www.skalnik.pl\\\/blog\\\/plecaki-damskie-deuter\\\/#webpage\"},\"articleSection\":\"Porady, deuter, plecaki, turystyka, 1201\"},{\"@type\":\"BreadcrumbList\",\"@id\":\"https:\\\/\\\/www.skalnik.pl\\\/blog\\\/plecaki-damskie-deuter\\\/#breadcrumblist\",\"itemListElement\":[{\"@type\":\"ListItem\",\"@id\":\"https:\\\/\\\/www.skalnik.pl\\\/blog#listItem\",\"position\":1,\"name\":\"Home\",\"item\":\"https:\\\/\\\/www.skalnik.pl\\\/blog\",\"nextItem\":{\"@type\":\"ListItem\",\"@id\":\"https:\\\/\\\/www.skalnik.pl\\\/blog\\\/.\\\/porady\\\/#listItem\",\"name\":\"Porady\"}},{\"@type\":\"ListItem\",\"@id\":\"https:\\\/\\\/www.skalnik.pl\\\/blog\\\/.\\\/porady\\\/#listItem\",\"position\":2,\"name\":\"Porady\",\"item\":\"https:\\\/\\\/www.skalnik.pl\\\/blog\\\/.\\\/porady\\\/\",\"nextItem\":{\"@type\":\"ListItem\",\"@id\":\"https:\\\/\\\/www.skalnik.pl\\\/blog\\\/plecaki-damskie-deuter\\\/#listItem\",\"name\":\"Plecaki damskie Deuter\"},\"previousItem\":{\"@type\":\"ListItem\",\"@id\":\"https:\\\/\\\/www.skalnik.pl\\\/blog#listItem\",\"name\":\"Home\"}},{\"@type\":\"ListItem\",\"@id\":\"https:\\\/\\\/www.skalnik.pl\\\/blog\\\/plecaki-damskie-deuter\\\/#listItem\",\"position\":3,\"name\":\"Plecaki damskie Deuter\",\"previousItem\":{\"@type\":\"ListItem\",\"@id\":\"https:\\\/\\\/www.skalnik.pl\\\/blog\\\/.\\\/porady\\\/#listItem\",\"name\":\"Porady\"}}]},{\"@type\":\"Organization\",\"@id\":\"https:\\\/\\\/www.skalnik.pl\\\/blog\\\/#organization\",\"name\":\"blog Skalnik\",\"description\":\"Blog, porady, artyku\\u0142y - blog Skalnik\",\"url\":\"https:\\\/\\\/www.skalnik.pl\\\/blog\\\/\"},{\"@type\":\"Person\",\"@id\":\"https:\\\/\\\/www.skalnik.pl\\\/blog\\\/author\\\/redakcja-skalnik-pl\\\/#author\",\"url\":\"https:\\\/\\\/www.skalnik.pl\\\/blog\\\/author\\\/redakcja-skalnik-pl\\\/\",\"name\":\"Redakcja skalnik.pl\",\"image\":{\"@type\":\"ImageObject\",\"@id\":\"https:\\\/\\\/www.skalnik.pl\\\/blog\\\/plecaki-damskie-deuter\\\/#authorImage\",\"url\":\"https:\\\/\\\/secure.gravatar.com\\\/avatar\\\/7eab29b048aaf0899cd9a145e9adb814e2130ced31e65b454b902500bea65f9e?s=96&d=mm&r=g\",\"width\":96,\"height\":96,\"caption\":\"Redakcja skalnik.pl\"}},{\"@type\":\"WebPage\",\"@id\":\"https:\\\/\\\/www.skalnik.pl\\\/blog\\\/plecaki-damskie-deuter\\\/#webpage\",\"url\":\"https:\\\/\\\/www.skalnik.pl\\\/blog\\\/plecaki-damskie-deuter\\\/\",\"name\":\"Plecaki damskie Deuter - blog Skalnik\",\"description\":\"Budowa kobiet znacz\\u0105co r\\u00f3\\u017cni si\\u0119 od m\\u0119\\u017cczyzn. W\\u0142a\\u015bnie dlatego plecaki Deuter z oznaczeniem SL zaprojektowano z my\\u015bl\\u0105 o kobietach. Sprawd\\u017a czym r\\u00f3\\u017cni\\u0105 si\\u0119 od standardowej wersji.\",\"inLanguage\":\"pl-PL\",\"isPartOf\":{\"@id\":\"https:\\\/\\\/www.skalnik.pl\\\/blog\\\/#website\"},\"breadcrumb\":{\"@id\":\"https:\\\/\\\/www.skalnik.pl\\\/blog\\\/plecaki-damskie-deuter\\\/#breadcrumblist\"},\"author\":{\"@id\":\"https:\\\/\\\/www.skalnik.pl\\\/blog\\\/author\\\/redakcja-skalnik-pl\\\/#author\"},\"creator\":{\"@id\":\"https:\\\/\\\/www.skalnik.pl\\\/blog\\\/author\\\/redakcja-skalnik-pl\\\/#author\"},\"image\":{\"@type\":\"ImageObject\",\"url\":\"https:\\\/\\\/www.skalnik.pl\\\/blog\\\/wp-content\\\/uploads\\\/2020\\\/01\\\/Plecaki-damskie-Deuter.jpg\",\"@id\":\"https:\\\/\\\/www.skalnik.pl\\\/blog\\\/plecaki-damskie-deuter\\\/#mainImage\",\"width\":1920,\"height\":705,\"caption\":\"Plecaki damskie Deuter\"},\"primaryImageOfPage\":{\"@id\":\"https:\\\/\\\/www.skalnik.pl\\\/blog\\\/plecaki-damskie-deuter\\\/#mainImage\"},\"datePublished\":\"2020-01-13T07:54:00+02:00\",\"dateModified\":\"2020-01-20T08:56:00+02:00\"},{\"@type\":\"WebSite\",\"@id\":\"https:\\\/\\\/www.skalnik.pl\\\/blog\\\/#website\",\"url\":\"https:\\\/\\\/www.skalnik.pl\\\/blog\\\/\",\"name\":\"blog Skalnik\",\"description\":\"Blog, porady, artyku\\u0142y - blog Skalnik\",\"inLanguage\":\"pl-PL\",\"publisher\":{\"@id\":\"https:\\\/\\\/www.skalnik.pl\\\/blog\\\/#organization\"}}]}\n\t\t<\/script>\n\t\t<!-- All in One SEO -->\n\n","aioseo_head_json":{"title":"Plecaki damskie Deuter - blog Skalnik","description":"Budowa kobiet znacz\u0105co r\u00f3\u017cni si\u0119 od m\u0119\u017cczyzn. W\u0142a\u015bnie dlatego plecaki Deuter z oznaczeniem SL zaprojektowano z my\u015bl\u0105 o kobietach. Sprawd\u017a czym r\u00f3\u017cni\u0105 si\u0119 od standardowej wersji.","canonical_url":"https:\/\/www.skalnik.pl\/blog\/plecaki-damskie-deuter\/","robots":"max-image-preview:large","keywords":"","webmasterTools":{"miscellaneous":""},"schema":{"@context":"https:\/\/schema.org","@graph":[{"@type":"BlogPosting","@id":"https:\/\/www.skalnik.pl\/blog\/plecaki-damskie-deuter\/#blogposting","name":"Plecaki damskie Deuter - blog Skalnik","headline":"Plecaki damskie Deuter","author":{"@id":"https:\/\/www.skalnik.pl\/blog\/author\/redakcja-skalnik-pl\/#author"},"publisher":{"@id":"https:\/\/www.skalnik.pl\/blog\/#organization"},"image":{"@type":"ImageObject","url":"https:\/\/www.skalnik.pl\/blog\/wp-content\/uploads\/2020\/01\/Plecaki-damskie-Deuter.jpg","width":1920,"height":705,"caption":"Plecaki damskie Deuter"},"datePublished":"2020-01-13T07:54:00+02:00","dateModified":"2020-01-20T08:56:00+02:00","inLanguage":"pl-PL","mainEntityOfPage":{"@id":"https:\/\/www.skalnik.pl\/blog\/plecaki-damskie-deuter\/#webpage"},"isPartOf":{"@id":"https:\/\/www.skalnik.pl\/blog\/plecaki-damskie-deuter\/#webpage"},"articleSection":"Porady, deuter, plecaki, turystyka, 1201"},{"@type":"BreadcrumbList","@id":"https:\/\/www.skalnik.pl\/blog\/plecaki-damskie-deuter\/#breadcrumblist","itemListElement":[{"@type":"ListItem","@id":"https:\/\/www.skalnik.pl\/blog#listItem","position":1,"name":"Home","item":"https:\/\/www.skalnik.pl\/blog","nextItem":{"@type":"ListItem","@id":"https:\/\/www.skalnik.pl\/blog\/.\/porady\/#listItem","name":"Porady"}},{"@type":"ListItem","@id":"https:\/\/www.skalnik.pl\/blog\/.\/porady\/#listItem","position":2,"name":"Porady","item":"https:\/\/www.skalnik.pl\/blog\/.\/porady\/","nextItem":{"@type":"ListItem","@id":"https:\/\/www.skalnik.pl\/blog\/plecaki-damskie-deuter\/#listItem","name":"Plecaki damskie Deuter"},"previousItem":{"@type":"ListItem","@id":"https:\/\/www.skalnik.pl\/blog#listItem","name":"Home"}},{"@type":"ListItem","@id":"https:\/\/www.skalnik.pl\/blog\/plecaki-damskie-deuter\/#listItem","position":3,"name":"Plecaki damskie Deuter","previousItem":{"@type":"ListItem","@id":"https:\/\/www.skalnik.pl\/blog\/.\/porady\/#listItem","name":"Porady"}}]},{"@type":"Organization","@id":"https:\/\/www.skalnik.pl\/blog\/#organization","name":"blog Skalnik","description":"Blog, porady, artyku\u0142y - blog Skalnik","url":"https:\/\/www.skalnik.pl\/blog\/"},{"@type":"Person","@id":"https:\/\/www.skalnik.pl\/blog\/author\/redakcja-skalnik-pl\/#author","url":"https:\/\/www.skalnik.pl\/blog\/author\/redakcja-skalnik-pl\/","name":"Redakcja skalnik.pl","image":{"@type":"ImageObject","@id":"https:\/\/www.skalnik.pl\/blog\/plecaki-damskie-deuter\/#authorImage","url":"https:\/\/secure.gravatar.com\/avatar\/7eab29b048aaf0899cd9a145e9adb814e2130ced31e65b454b902500bea65f9e?s=96&d=mm&r=g","width":96,"height":96,"caption":"Redakcja skalnik.pl"}},{"@type":"WebPage","@id":"https:\/\/www.skalnik.pl\/blog\/plecaki-damskie-deuter\/#webpage","url":"https:\/\/www.skalnik.pl\/blog\/plecaki-damskie-deuter\/","name":"Plecaki damskie Deuter - blog Skalnik","description":"Budowa kobiet znacz\u0105co r\u00f3\u017cni si\u0119 od m\u0119\u017cczyzn. W\u0142a\u015bnie dlatego plecaki Deuter z oznaczeniem SL zaprojektowano z my\u015bl\u0105 o kobietach. Sprawd\u017a czym r\u00f3\u017cni\u0105 si\u0119 od standardowej wersji.","inLanguage":"pl-PL","isPartOf":{"@id":"https:\/\/www.skalnik.pl\/blog\/#website"},"breadcrumb":{"@id":"https:\/\/www.skalnik.pl\/blog\/plecaki-damskie-deuter\/#breadcrumblist"},"author":{"@id":"https:\/\/www.skalnik.pl\/blog\/author\/redakcja-skalnik-pl\/#author"},"creator":{"@id":"https:\/\/www.skalnik.pl\/blog\/author\/redakcja-skalnik-pl\/#author"},"image":{"@type":"ImageObject","url":"https:\/\/www.skalnik.pl\/blog\/wp-content\/uploads\/2020\/01\/Plecaki-damskie-Deuter.jpg","@id":"https:\/\/www.skalnik.pl\/blog\/plecaki-damskie-deuter\/#mainImage","width":1920,"height":705,"caption":"Plecaki damskie Deuter"},"primaryImageOfPage":{"@id":"https:\/\/www.skalnik.pl\/blog\/plecaki-damskie-deuter\/#mainImage"},"datePublished":"2020-01-13T07:54:00+02:00","dateModified":"2020-01-20T08:56:00+02:00"},{"@type":"WebSite","@id":"https:\/\/www.skalnik.pl\/blog\/#website","url":"https:\/\/www.skalnik.pl\/blog\/","name":"blog Skalnik","description":"Blog, porady, artyku\u0142y - blog Skalnik","inLanguage":"pl-PL","publisher":{"@id":"https:\/\/www.skalnik.pl\/blog\/#organization"}}]},"og:locale":"pl_PL","og:site_name":"blog Skalnik - Blog, porady, artyku\u0142y - blog Skalnik","og:type":"article","og:title":"Plecaki damskie Deuter - blog Skalnik","og:description":"Budowa kobiet znacz\u0105co r\u00f3\u017cni si\u0119 od m\u0119\u017cczyzn. W\u0142a\u015bnie dlatego plecaki Deuter z oznaczeniem SL zaprojektowano z my\u015bl\u0105 o kobietach. Sprawd\u017a czym r\u00f3\u017cni\u0105 si\u0119 od standardowej wersji.","og:url":"https:\/\/www.skalnik.pl\/blog\/plecaki-damskie-deuter\/","og:image":"https:\/\/skalnik.pl\/blog\/wp-content\/uploads\/2020\/01\/Hiking_FuturaPro_SideShot_1_Manuel-Ferrigato-s.jpg","og:image:secure_url":"https:\/\/skalnik.pl\/blog\/wp-content\/uploads\/2020\/01\/Hiking_FuturaPro_SideShot_1_Manuel-Ferrigato-s.jpg","article:tag":["porady","deuter","plecaki","turystyka"],"article:published_time":"2020-01-13T06:54:00+00:00","article:modified_time":"2020-01-20T07:56:00+00:00","twitter:card":"summary_large_image","twitter:title":"Plecaki damskie Deuter - blog Skalnik","twitter:description":"Budowa kobiet znacz\u0105co r\u00f3\u017cni si\u0119 od m\u0119\u017cczyzn. W\u0142a\u015bnie dlatego plecaki Deuter z oznaczeniem SL zaprojektowano z my\u015bl\u0105 o kobietach. Sprawd\u017a czym r\u00f3\u017cni\u0105 si\u0119 od standardowej wersji.","twitter:image":"https:\/\/skalnik.pl\/blog\/wp-content\/uploads\/2020\/01\/Hiking_FuturaPro_SideShot_1_Manuel-Ferrigato-s.jpg"},"aioseo_meta_data":{"post_id":"10642","title":"","description":"Budowa kobiet znacz\u0105co r\u00f3\u017cni si\u0119 od m\u0119\u017cczyzn. W\u0142a\u015bnie dlatego plecaki Deuter z oznaczeniem SL zaprojektowano z my\u015bl\u0105 o kobietach. Sprawd\u017a czym r\u00f3\u017cni\u0105 si\u0119 od standardowej wersji.","keywords":[{"label":"deuter","value":"deuter"},{"label":"plecak deuter","value":"plecak deuter"},{"label":"deuter plecak damski","value":"deuter plecak damski"},{"label":"plecak deuter damski","value":"plecak deuter damski"},{"label":"plecak turystyczny deuter","value":"plecak turystyczny deuter"}],"keyphrases":null,"primary_term":null,"canonical_url":null,"og_title":null,"og_description":null,"og_object_type":"default","og_image_type":"default","og_image_url":null,"og_image_width":null,"og_image_height":null,"og_image_custom_url":null,"og_image_custom_fields":null,"og_video":null,"og_custom_url":null,"og_article_section":null,"og_article_tags":null,"twitter_use_og":false,"twitter_card":"default","twitter_image_type":"default","twitter_image_url":null,"twitter_image_custom_url":null,"twitter_image_custom_fields":null,"twitter_title":null,"twitter_description":null,"schema":{"blockGraphs":[],"customGraphs":[],"default":{"data":{"Article":[],"Course":[],"Dataset":[],"FAQPage":[],"Movie":[],"Person":[],"Product":[],"ProductReview":[],"Car":[],"Recipe":[],"Service":[],"SoftwareApplication":[],"WebPage":[]},"graphName":"BlogPosting","isEnabled":true},"graphs":[]},"schema_type":"default","schema_type_options":null,"pillar_content":false,"robots_default":true,"robots_noindex":false,"robots_noarchive":false,"robots_nosnippet":false,"robots_nofollow":false,"robots_noimageindex":false,"robots_noodp":false,"robots_notranslate":false,"robots_max_snippet":null,"robots_max_videopreview":null,"robots_max_imagepreview":"large","priority":null,"frequency":null,"local_seo":null,"breadcrumb_settings":null,"limit_modified_date":false,"ai":null,"created":"2022-08-26 09:47:42","updated":"2026-02-17 21:45:25","seo_analyzer_scan_date":null},"aioseo_breadcrumb":"<div class=\"aioseo-breadcrumbs\"><span class=\"aioseo-breadcrumb\">\n\t\t\t<a href=\"https:\/\/www.skalnik.pl\/blog\" title=\"Home\">Home<\/a>\n\t\t<\/span><span class=\"aioseo-breadcrumb-separator\">&raquo;<\/span><span class=\"aioseo-breadcrumb\">\n\t\t\t<a href=\"https:\/\/www.skalnik.pl\/blog\/.\/porady\/\" title=\"Porady\">Porady<\/a>\n\t\t<\/span><span class=\"aioseo-breadcrumb-separator\">&raquo;<\/span><span class=\"aioseo-breadcrumb\">\n\t\t\tPlecaki damskie Deuter\n\t\t<\/span><\/div>","aioseo_breadcrumb_json":[{"label":"Home","link":"https:\/\/www.skalnik.pl\/blog"},{"label":"Porady","link":"https:\/\/www.skalnik.pl\/blog\/.\/porady\/"},{"label":"Plecaki damskie Deuter","link":"https:\/\/www.skalnik.pl\/blog\/plecaki-damskie-deuter\/"}],"_links":{"self":[{"href":"https:\/\/www.skalnik.pl\/blog\/wp-json\/wp\/v2\/posts\/10642","targetHints":{"allow":["GET"]}}],"collection":[{"href":"https:\/\/www.skalnik.pl\/blog\/wp-json\/wp\/v2\/posts"}],"about":[{"href":"https:\/\/www.skalnik.pl\/blog\/wp-json\/wp\/v2\/types\/post"}],"author":[{"embeddable":true,"href":"https:\/\/www.skalnik.pl\/blog\/wp-json\/wp\/v2\/users\/7"}],"replies":[{"embeddable":true,"href":"https:\/\/www.skalnik.pl\/blog\/wp-json\/wp\/v2\/comments?post=10642"}],"version-history":[{"count":8,"href":"https:\/\/www.skalnik.pl\/blog\/wp-json\/wp\/v2\/posts\/10642\/revisions"}],"predecessor-version":[{"id":10690,"href":"https:\/\/www.skalnik.pl\/blog\/wp-json\/wp\/v2\/posts\/10642\/revisions\/10690"}],"wp:featuredmedia":[{"embeddable":true,"href":"https:\/\/www.skalnik.pl\/blog\/wp-json\/wp\/v2\/media\/10681"}],"wp:attachment":[{"href":"https:\/\/www.skalnik.pl\/blog\/wp-json\/wp\/v2\/media?parent=10642"}],"wp:term":[{"taxonomy":"category","embeddable":true,"href":"https:\/\/www.skalnik.pl\/blog\/wp-json\/wp\/v2\/categories?post=10642"},{"taxonomy":"post_tag","embeddable":true,"href":"https:\/\/www.skalnik.pl\/blog\/wp-json\/wp\/v2\/tags?post=10642"},{"taxonomy":"magento_category","embeddable":true,"href":"https:\/\/www.skalnik.pl\/blog\/wp-json\/wp\/v2\/magento_category?post=10642"},{"taxonomy":"magento_product","embeddable":true,"href":"https:\/\/www.skalnik.pl\/blog\/wp-json\/wp\/v2\/magento_product?post=10642"}],"curies":[{"name":"wp","href":"https:\/\/api.w.org\/{rel}","templated":true}]}}