{"id":10694,"date":"2020-01-16T08:09:00","date_gmt":"2020-01-16T07:09:00","guid":{"rendered":"https:\/\/skalnik.pl\/blog\/?p=10694"},"modified":"2024-05-21T08:38:09","modified_gmt":"2024-05-21T06:38:09","slug":"kijki-trekkingowe-na-zime","status":"publish","type":"post","link":"https:\/\/www.skalnik.pl\/blog\/kijki-trekkingowe-na-zime\/","title":{"rendered":"Kijki trekkingowe na zim\u0119"},"content":{"rendered":"\n<p><strong>Przed tob\u0105 na szlaku bielutki, jeszcze\nnietkni\u0119ty przez nikogo \u015bnieg. Wygl\u0105da pi\u0119knie, ale ju\u017c po kilku minutach\nzapadania si\u0119 w mi\u0119kki puch i przedzierania przez zaspy masz go do\u015b\u0107 i nie\nmo\u017cesz doczeka\u0107 si\u0119 nadej\u015bcia wiosny. W takim momencie pom\u00f3c mog\u0105 kijki\ntrekkingowe. Jak wybra\u0107 kije trekkingowe na zim\u0119?<\/strong><\/p>\n\n\n\n<p>Kijki\ntrekkingowe nie s\u0105 niezb\u0119dnym wyposa\u017ceniem turysty. Kiedy jednak ju\u017c zacznie\nsi\u0119 z nimi chodzi\u0107, najch\u0119tniej zabiera\u0142oby si\u0119 je na ka\u017cd\u0105 wypraw\u0119 przez\nokr\u0105g\u0142y rok. Jak wybra\u0107 kijki do chodzenia po g\u00f3rach zim\u0105?<\/p>\n\n\n\n<div id=\"ez-toc-container\" class=\"ez-toc-v2_0_85 counter-hierarchy ez-toc-counter ez-toc-light-blue ez-toc-container-direction\">\n<div class=\"ez-toc-title-container\">\n<p class=\"ez-toc-title\" style=\"cursor:inherit\">SPIS TRE\u015aCI <\/p>\n<span class=\"ez-toc-title-toggle\"><a href=\"#\" class=\"ez-toc-pull-right ez-toc-btn ez-toc-btn-xs ez-toc-btn-default ez-toc-toggle\" aria-label=\"Prze\u0142\u0105cznik Spisu Tre\u015bci\"><span class=\"ez-toc-js-icon-con\"><span class=\"\"><span class=\"eztoc-hide\" style=\"display:none;\">Toggle<\/span><span class=\"ez-toc-icon-toggle-span\"><svg style=\"fill: #999;color:#999\" xmlns=\"http:\/\/www.w3.org\/2000\/svg\" class=\"list-377408\" width=\"20px\" height=\"20px\" viewBox=\"0 0 24 24\" fill=\"none\"><path d=\"M6 6H4v2h2V6zm14 0H8v2h12V6zM4 11h2v2H4v-2zm16 0H8v2h12v-2zM4 16h2v2H4v-2zm16 0H8v2h12v-2z\" fill=\"currentColor\"><\/path><\/svg><svg style=\"fill: #999;color:#999\" class=\"arrow-unsorted-368013\" xmlns=\"http:\/\/www.w3.org\/2000\/svg\" width=\"10px\" height=\"10px\" viewBox=\"0 0 24 24\" version=\"1.2\" baseProfile=\"tiny\"><path d=\"M18.2 9.3l-6.2-6.3-6.2 6.3c-.2.2-.3.4-.3.7s.1.5.3.7c.2.2.4.3.7.3h11c.3 0 .5-.1.7-.3.2-.2.3-.5.3-.7s-.1-.5-.3-.7zM5.8 14.7l6.2 6.3 6.2-6.3c.2-.2.3-.5.3-.7s-.1-.5-.3-.7c-.2-.2-.4-.3-.7-.3h-11c-.3 0-.5.1-.7.3-.2.2-.3.5-.3.7s.1.5.3.7z\"\/><\/svg><\/span><\/span><\/span><\/a><\/span><\/div>\n<nav><ul class='ez-toc-list ez-toc-list-level-1 ' ><li class='ez-toc-page-1 ez-toc-heading-level-2'><a class=\"ez-toc-link ez-toc-heading-1\" href=\"https:\/\/www.skalnik.pl\/blog\/kijki-trekkingowe-na-zime\/#Jak_kijki_trekkingowe_ulatwiaja_zimowa_wedrowke\" >Jak kijki trekkingowe u\u0142atwiaj\u0105 zimow\u0105\nw\u0119dr\u00f3wk\u0119<\/a><\/li><li class='ez-toc-page-1 ez-toc-heading-level-2'><a class=\"ez-toc-link ez-toc-heading-2\" href=\"https:\/\/www.skalnik.pl\/blog\/kijki-trekkingowe-na-zime\/#Jakie_kijki_w_gory_wybrac_na_zime\" >Jakie kijki w g\u00f3ry wybra\u0107 na zim\u0119<\/a><ul class='ez-toc-list-level-3' ><li class='ez-toc-heading-level-3'><a class=\"ez-toc-link ez-toc-heading-3\" href=\"https:\/\/www.skalnik.pl\/blog\/kijki-trekkingowe-na-zime\/#1_Material\" >1. Materia\u0142<\/a><\/li><li class='ez-toc-page-1 ez-toc-heading-level-3'><a class=\"ez-toc-link ez-toc-heading-4\" href=\"https:\/\/www.skalnik.pl\/blog\/kijki-trekkingowe-na-zime\/#2_Liczba_segmentow\" >2. Liczba segment\u00f3w<\/a><\/li><li class='ez-toc-page-1 ez-toc-heading-level-3'><a class=\"ez-toc-link ez-toc-heading-5\" href=\"https:\/\/www.skalnik.pl\/blog\/kijki-trekkingowe-na-zime\/#3_Mechanizm_blokujacy\" >3. Mechanizm blokuj\u0105cy<\/a><\/li><li class='ez-toc-page-1 ez-toc-heading-level-3'><a class=\"ez-toc-link ez-toc-heading-6\" href=\"https:\/\/www.skalnik.pl\/blog\/kijki-trekkingowe-na-zime\/#4_Material_i_dlugosc_raczki\" >4. Materia\u0142 i d\u0142ugo\u015b\u0107 r\u0105czki<\/a><\/li><li class='ez-toc-page-1 ez-toc-heading-level-3'><a class=\"ez-toc-link ez-toc-heading-7\" href=\"https:\/\/www.skalnik.pl\/blog\/kijki-trekkingowe-na-zime\/#5_Grot\" >5. Grot<\/a><\/li><li class='ez-toc-page-1 ez-toc-heading-level-3'><a class=\"ez-toc-link ez-toc-heading-8\" href=\"https:\/\/www.skalnik.pl\/blog\/kijki-trekkingowe-na-zime\/#6_Talerzyki\" >6. Talerzyki<\/a><\/li><\/ul><\/li><li class='ez-toc-page-1 ez-toc-heading-level-2'><a class=\"ez-toc-link ez-toc-heading-9\" href=\"https:\/\/www.skalnik.pl\/blog\/kijki-trekkingowe-na-zime\/#Jakie_kije_trekkingowe_Black_Diamond_i_Komperdell_wybrac_na_zime\" >Jakie kije trekkingowe Black Diamond i\nKomperdell wybra\u0107 na zim\u0119?<\/a><ul class='ez-toc-list-level-3' ><li class='ez-toc-heading-level-3'><a class=\"ez-toc-link ez-toc-heading-10\" href=\"https:\/\/www.skalnik.pl\/blog\/kijki-trekkingowe-na-zime\/#Kije_Black_Diamond_Expedition_2\" >Kije Black Diamond Expedition 2<\/a><\/li><li class='ez-toc-page-1 ez-toc-heading-level-3'><a class=\"ez-toc-link ez-toc-heading-11\" href=\"https:\/\/www.skalnik.pl\/blog\/kijki-trekkingowe-na-zime\/#Kije_trekkingowe_Black_Diamond_Traverse\" >Kije trekkingowe Black Diamond\nTraverse<\/a><\/li><li class='ez-toc-page-1 ez-toc-heading-level-3'><a class=\"ez-toc-link ez-toc-heading-12\" href=\"https:\/\/www.skalnik.pl\/blog\/kijki-trekkingowe-na-zime\/#Kijki_trekkingowe_Komperdell_Contour_Titanal_II_Pro\" >Kijki trekkingowe Komperdell Contour\nTitanal II Pro<\/a><\/li><li class='ez-toc-page-1 ez-toc-heading-level-3'><a class=\"ez-toc-link ez-toc-heading-13\" href=\"https:\/\/www.skalnik.pl\/blog\/kijki-trekkingowe-na-zime\/#Kijki_trekkingowe_w_gory_Komperdell_Titanal_Explorer_Pro\" >Kijki trekkingowe w g\u00f3ry Komperdell\nTitanal Explorer Pro<\/a><\/li><\/ul><\/li><\/ul><\/nav><\/div>\n<h2 class=\"wp-block-heading\"><span class=\"ez-toc-section\" id=\"Jak_kijki_trekkingowe_ulatwiaja_zimowa_wedrowke\"><\/span><strong>Jak kijki trekkingowe u\u0142atwiaj\u0105 zimow\u0105\nw\u0119dr\u00f3wk\u0119<\/strong><span class=\"ez-toc-section-end\"><\/span><\/h2>\n\n\n\n<p>Kijki trekkingowe mo\u017ce i wygl\u0105daj\u0105 niepozornie, ale turystom s\u0142u\u017c\u0105 wielk\u0105 pomoc\u0105. W jaki spos\u00f3b dwa zwyk\u0142e kije pomagaj\u0105 w w\u0119drowaniu?<\/p>\n\n\n\n<ul class=\"wp-block-list\">\n<li>Roz\u0142o\u017cenie ci\u0119\u017caru \u2013 cz\u0119\u015b\u0107 ci\u0119\u017caru przenosi si\u0119 na kije trekkingowe, dzi\u0119ki czemu odci\u0105\u017casz kr\u0119gos\u0142up i stawy dolnych ko\u0144czyn. Jest to szczeg\u00f3lnie przydatne wtedy, kiedy ruszasz na d\u0142ugi trekking z do\u015b\u0107 ci\u0119\u017ckim plecakiem.<\/li>\n\n\n\n<li>Dodatkowe punkty podparcia \u2013 kijki do trekkingu stanowi\u0105 dwa dodatkowe punkty podparcia, wi\u0119c \u0142atwiej zachowasz r\u00f3wnowag\u0119. Je\u015bli na nogi za\u0142o\u017cysz <a href=\"https:\/\/www.skalnik.pl\/buty\/buty-meskie\" target=\"_blank\" rel=\"noopener\" title=\"\">buty trekkingowe<\/a> z przyczepn\u0105 podeszw\u0105, a w r\u0119ce chwycisz kije trekkingowe, nawet strome zej\u015bcie ci\u0119 nie przestraszy. Dodatkowe punkty podparcie pomog\u0105 tak\u017ce zachowa\u0107 wyprostowan\u0105 sylwetk\u0119 (pod warunkiem \u017ce kijki s\u0105 dobrze wyregulowane!).<\/li>\n\n\n\n<li>Wzmocnienie mi\u0119\u015bni g\u00f3rnej cz\u0119\u015bci cia\u0142a \u2013 w g\u00f3rach mo\u017cesz \u0107wiczy\u0107 nie tylko mi\u0119\u015bnie n\u00f3g. Kiedy u\u017cywasz kijk\u00f3w trekkingowych, pracuj\u0105 te\u017c twoje barki, ramiona i mi\u0119\u015bnie klatki piersiowej. G\u00f3rska w\u0119dr\u00f3wka staje si\u0119 wi\u0119c treningiem dla ca\u0142ego cia\u0142a.<\/li>\n<\/ul>\n\n\n<div class=\"wp-block-image\">\n<figure class=\"aligncenter size-large\"><img loading=\"lazy\" decoding=\"async\" width=\"1024\" height=\"683\" src=\"https:\/\/skalnik.pl\/blog\/wp-content\/uploads\/2020\/01\/Photo-by-eberhard-grossgasteiger-on-Unsplash.jpg\" alt=\"kije trekkingowe zima g\u00f3ry\" class=\"wp-image-10757\" srcset=\"https:\/\/www.skalnik.pl\/blog\/wp-content\/uploads\/2020\/01\/Photo-by-eberhard-grossgasteiger-on-Unsplash.jpg 1024w, https:\/\/www.skalnik.pl\/blog\/wp-content\/uploads\/2020\/01\/Photo-by-eberhard-grossgasteiger-on-Unsplash-300x200.jpg 300w, https:\/\/www.skalnik.pl\/blog\/wp-content\/uploads\/2020\/01\/Photo-by-eberhard-grossgasteiger-on-Unsplash-768x512.jpg 768w\" sizes=\"auto, (max-width: 1024px) 100vw, 1024px\" \/><figcaption class=\"wp-element-caption\"><em>Kije trekkingowe u\u0142atwiaj\u0105 zdecydowanie zimow\u0105 w\u0119dr\u00f3wk\u0119. <br>(fot. Eberhard Grossgasteiger, Unsplash)<\/em><\/figcaption><\/figure>\n<\/div>\n\n\n<p>M\u00f3wi\u0105c w\nskr\u00f3cie, kijki trekkingowe pozwalaj\u0105 porusza\u0107 si\u0119 pewniej, zmniejszaj\u0105\nobci\u0105\u017cenia i&nbsp;&nbsp; aktywizuj\u0105 g\u00f3rne partie\ncia\u0142a. Zim\u0105 dodatkowo u\u0142atwiaj\u0105 poruszanie si\u0119 w g\u0142\u0119bokim \u015bniegu. Kije trekkingowe\npomog\u0105 ci w takich warunkach dotrze\u0107 do schroniska przed zapadni\u0119ciem zmroku.<\/p>\n\n\n\n<p>Zim\u0105 kije\ntrekkingowe pozwalaj\u0105 tak\u017ce dostrzec to, co niewidoczne. Kamienie czy korzenie\nmog\u0105 ukry\u0107 si\u0119 przed wzrokiem pod \u015bniegiem, ale dzi\u0119ki kijkom \u0142atwo je\nwyczujesz. Przydaje si\u0119 to szczeg\u00f3lnie wtedy, kiedy chcesz w miar\u0119 szybko zej\u015b\u0107\nza\u015bnie\u017conym zboczem.<\/p>\n\n\n\n<h2 class=\"wp-block-heading\"><span class=\"ez-toc-section\" id=\"Jakie_kijki_w_gory_wybrac_na_zime\"><\/span><strong>Jakie kijki w g\u00f3ry wybra\u0107 na zim\u0119<\/strong><span class=\"ez-toc-section-end\"><\/span><\/h2>\n\n\n\n<p>Zasadniczo wszystkie <a href=\"https:\/\/skalnik.pl\/sprzet-turystyczny\/akcesoria-turystyczne\/akcesoria-turystyczne-kije-trekkingowe\/black-diamond\">kije trekkingowe Black Diamond<\/a> czy Komperdell mog\u0105 by\u0107 u\u017cywane przez ca\u0142y rok. Je\u015bli jednak \u2013 tak jak ja \u2013 kijki zabierasz na praktycznie ka\u017cd\u0105 wypraw\u0119 w g\u00f3ry, warto pomy\u015ble\u0107 nad zakupem kij\u00f3w dostosowanych lepiej do warunk\u00f3w zimowych. Dzi\u0119ki temu wytrzymaj\u0105 one wi\u0119cej g\u00f3rskich wypad\u00f3w. B\u0119d\u0105 one tak\u017ce dobrym uzupe\u0142nieniem rakiet \u015bnie\u017cnych.<\/p>\n\n\n\n<p>Czym wi\u0119c\nwyr\u00f3\u017cniaj\u0105 si\u0119 kijki trekkingowe dedykowane na zimowe dni?<\/p>\n\n\n\n<h3 class=\"wp-block-heading\"><span class=\"ez-toc-section\" id=\"1_Material\"><\/span>1. <strong>Materia\u0142<\/strong><span class=\"ez-toc-section-end\"><\/span><\/h3>\n\n\n\n<p>Kijki w g\u00f3ry\ns\u0105 zazwyczaj wykonane z karbonu lub aluminium. Co prawda, kijek wykonany z\naluminium nieco \u0142atwiej si\u0119 odkszta\u0142ca, ale trudniej go ca\u0142kowicie z\u0142ama\u0107.\nZastosowanie odpowiedniej domieszki oraz hartowanie mog\u0105 te\u017c dodatkowo\nzwi\u0119kszy\u0107 wytrzyma\u0142o\u015b\u0107 materia\u0142u. Zim\u0105 najlepiej wi\u0119c zdecydowa\u0107 si\u0119 na kijki\nze wzmocnionego aluminium.<\/p>\n\n\n\n<h3 class=\"wp-block-heading\"><span class=\"ez-toc-section\" id=\"2_Liczba_segmentow\"><\/span>2. <strong>Liczba segment\u00f3w<\/strong><span class=\"ez-toc-section-end\"><\/span><\/h3>\n\n\n\n<p>Na wiosn\u0119 czy lato wi\u0119kszo\u015b\u0107 turyst\u00f3w wybiera kijki do trekkingu sk\u0142adaj\u0105ce si\u0119 z trzech segment\u00f3w. Po z\u0142o\u017ceniu zajmuj\u0105 one bowiem mniej miejsca. Ka\u017cde \u0142\u0105czenie segment\u00f3w to jednak potencjalny s\u0142aby punkt kijk\u00f3w. Dlatego na zim\u0119 lepiej wybra\u0107 dwusegmentowe kijki trekkingowe albo wybra\u0107 na wycieczk\u0119 kije skiturowe. &nbsp;Po z\u0142o\u017ceniu s\u0105 one nieco d\u0142u\u017csze, ale rekompensuj\u0105 to wi\u0119ksz\u0105 wytrzyma\u0142o\u015bci\u0105.<\/p>\n\n\n<div class=\"wp-block-image\">\n<figure class=\"aligncenter size-large\"><img loading=\"lazy\" decoding=\"async\" width=\"1024\" height=\"657\" src=\"https:\/\/skalnik.pl\/blog\/wp-content\/uploads\/2020\/01\/Photo-by-Sheshan-R-on-Unsplash.jpg\" alt=\"kije trekkingowe przy plecaku\" class=\"wp-image-10761\" srcset=\"https:\/\/www.skalnik.pl\/blog\/wp-content\/uploads\/2020\/01\/Photo-by-Sheshan-R-on-Unsplash.jpg 1024w, https:\/\/www.skalnik.pl\/blog\/wp-content\/uploads\/2020\/01\/Photo-by-Sheshan-R-on-Unsplash-300x192.jpg 300w, https:\/\/www.skalnik.pl\/blog\/wp-content\/uploads\/2020\/01\/Photo-by-Sheshan-R-on-Unsplash-768x493.jpg 768w\" sizes=\"auto, (max-width: 1024px) 100vw, 1024px\" \/><figcaption class=\"wp-element-caption\"><em>Mniej segment\u00f3w to wi\u0119ksza sztywno\u015b\u0107 i wytrzyma\u0142o\u015b\u0107. Po z\u0142o\u017ceniu takie kije mog\u0105 jednak by\u0107 mniej wygodne przy transportowaniu. (fot. Sheshan R, Unsplash)<\/em><\/figcaption><\/figure>\n<\/div>\n\n\n<h3 class=\"wp-block-heading\"><span class=\"ez-toc-section\" id=\"3_Mechanizm_blokujacy\"><\/span>3. Mechanizm blokuj\u0105cy<span class=\"ez-toc-section-end\"><\/span><\/h3>\n\n\n\n<p>Kijki\ntrekkingowe w g\u00f3ry s\u0105 skr\u0119cane (plastikowy element z gwintem obraca si\u0119 wtedy\nwewn\u0105trz kijk\u00f3w) albo posiadaj\u0105 zewn\u0119trzn\u0105 blokad\u0119 z d\u017awigni\u0105. Na zimow\u0105 por\u0119\nzdecydowanie lepiej sprawdzi si\u0119 ten drugi mechanizm. Jest on mniej awaryjny, mniej\npodatny na zamarzanie, a kijki wyposa\u017cone w tak\u0105 blokad\u0119 mo\u017cesz wyregulowa\u0107\nnawet w grubych r\u0119kawicach. Jest to dla mnie szczeg\u00f3lnie wa\u017cne, poniewa\u017c moje\nr\u0119ce bardzo \u0142atwo marzn\u0105. Jak tylko mog\u0119, unikam wi\u0119c zdejmowania r\u0119kawiczek na\nmrozie.<\/p>\n\n\n\n<p><a href=\"https:\/\/skalnik.pl\/sprzet-turystyczny\/akcesoria-turystyczne\/akcesoria-turystyczne-kije-trekkingowe\">Kijki trekkingowe<\/a> wyposa\u017cone w zewn\u0119trzn\u0105 blokad\u0119 s\u0105 te\u017c bardziej odporne na niskie temperatury. Nie musisz obawia\u0107 si\u0119, \u017ce kluczowy element szybko zamarznie, pozbawiaj\u0105c ci\u0119 mo\u017cliwo\u015bci regulacji d\u0142ugo\u015bci kijka.<\/p>\n\n\n\n<p>Zewn\u0119trzn\u0105\nblokad\u0119 posiadaj\u0105 mi\u0119dzy innymi kije Black Diamond. FlickLock to autorski\nsystem blokowania kij\u00f3w ameryka\u0144skiej marki znanej z niezawodnego sprz\u0119tu. Kije\ntrekkingowe Black Diamond wyposa\u017cone w system FlickLock stawi\u0105 czo\u0142a nawet\nbardzo wilgotnemu powietrzu i niskim temperaturom.<\/p>\n\n\n\n<h3 class=\"wp-block-heading\"><span class=\"ez-toc-section\" id=\"4_Material_i_dlugosc_raczki\"><\/span>4. Materia\u0142 i d\u0142ugo\u015b\u0107 r\u0105czki<span class=\"ez-toc-section-end\"><\/span><\/h3>\n\n\n\n<p>Jak jest\nzima, to musi by\u0107 zimno. Nie oznacza to jednak, \u017ce trzeba zmusza\u0107 si\u0119 do\nchodzenia z kijkami wyposa\u017conymi w r\u0105czki z twardego plastiku, kt\u00f3ry zim\u0105 jest\nniezbyt przyjemny w dotyku i szybko wych\u0142adza d\u0142onie. W niskich temperaturach o\nwiele lepiej sprawdzi si\u0119 r\u0105czka z syntetycznej, izoluj\u0105cej pianki. <\/p>\n\n\n\n<p>Kijki\ntrekkingowe zimowe powinny tak\u017ce posiada\u0107 wyd\u0142u\u017con\u0105 r\u0105czk\u0119. Najlepiej, by\npianka zakrywa\u0142a kijek na oko\u0142o 30 cm poni\u017cej miejsca na d\u0142o\u0144. Zim\u0105 bowiem o\nwiele cz\u0119\u015bciej trzeba dostosowywa\u0107 d\u0142ugo\u015b\u0107 kijka do zmieniaj\u0105cych si\u0119 warunk\u00f3w\nna szlaku. Na trudnym za\u015bnie\u017conym podej\u015bciu, w czasie trawersowania zbocza, czy\nw trakcie w\u0119dr\u00f3wki przez szlak pokryty g\u0142\u0119bokim \u015bniegiem przyda si\u0119 kr\u00f3tszy\nkijek. Wyd\u0142u\u017cona r\u0105czka pozwoli ci wygodnie z\u0142apa\u0107 ni\u017cej kijek. Nie trzeba wi\u0119c\nzatrzymywa\u0107 si\u0119 przed ka\u017cdym trudniejszym momentem, aby wyregulowa\u0107 d\u0142ugo\u015b\u0107.<\/p>\n\n\n<div class=\"wp-block-image\">\n<figure class=\"aligncenter size-large\"><img loading=\"lazy\" decoding=\"async\" width=\"1024\" height=\"614\" src=\"https:\/\/skalnik.pl\/blog\/wp-content\/uploads\/2020\/01\/Photo-by-Fabrizio-Conti-on-Unsplash.jpg\" alt=\"kije trekkingowe do rakiet  \u015bnieznych\" class=\"wp-image-10762\" srcset=\"https:\/\/www.skalnik.pl\/blog\/wp-content\/uploads\/2020\/01\/Photo-by-Fabrizio-Conti-on-Unsplash.jpg 1024w, https:\/\/www.skalnik.pl\/blog\/wp-content\/uploads\/2020\/01\/Photo-by-Fabrizio-Conti-on-Unsplash-300x180.jpg 300w, https:\/\/www.skalnik.pl\/blog\/wp-content\/uploads\/2020\/01\/Photo-by-Fabrizio-Conti-on-Unsplash-768x461.jpg 768w\" sizes=\"auto, (max-width: 1024px) 100vw, 1024px\" \/><figcaption class=\"wp-element-caption\"><em>Zim\u0105 bardzo przydaje si\u0119 wyd\u0142u\u017cona r\u0105czka. W czasie trawersowania zbocza mo\u017cna z\u0142apa\u0107 kij ni\u017cej, zamiast skraca\u0107 go tylko na chwil\u0119. (fot. Fabrizio Conti, Unsplash)<\/em><\/figcaption><\/figure>\n<\/div>\n\n\n<h3 class=\"wp-block-heading\"><span class=\"ez-toc-section\" id=\"5_Grot\"><\/span>5. Grot<span class=\"ez-toc-section-end\"><\/span><\/h3>\n\n\n\n<p>Kijki\ntrekkingowe mog\u0105 mie\u0107 ko\u0144c\u00f3wki widiowe lub stalowe. Podczas gdy wybieraj\u0105c\nkijki w g\u00f3ry na lato, mo\u017cna si\u0119 jeszcze zastanawia\u0107, na jaki materia\u0142 si\u0119\nzdecydowa\u0107, to zim\u0105 odpowied\u017a jest jasna. Groty widiowe s\u0105 bardziej odporne na\nuszkodzenia i d\u0142u\u017cej zachowuj\u0105 ostro\u015b\u0107, wi\u0119c kijki trekkingowe w g\u00f3ry na zimowe\nmiesi\u0105ce powinny mie\u0107 w\u0142a\u015bnie takie ko\u0144c\u00f3wki.<\/p>\n\n\n\n<h3 class=\"wp-block-heading\"><span class=\"ez-toc-section\" id=\"6_Talerzyki\"><\/span>6. Talerzyki<span class=\"ez-toc-section-end\"><\/span><\/h3>\n\n\n\n<p>Na zim\u0119 niezb\u0119dne s\u0105 du\u017ce talerzyki, kt\u00f3re zapobiegn\u0105 zapadni\u0119ciu si\u0119 w puch. Pewniejszym wyborem b\u0119d\u0105 talerzyki nakr\u0119cane ni\u017c wciskane. Producenci zazwyczaj do\u0142\u0105czaj\u0105 do kijk\u00f3w dwa zestawy talerzyk\u00f3w: zimowe i letnie. Je\u015bli jednak dokupujesz je oddzielnie (bo na przyk\u0142ad poprzednie gdzie\u015b si\u0119 zagubi\u0142y), najlepiej wybierz talerzyki z tej samej firmy co twoje kijki do trekkingu. Dzi\u0119ki temu b\u0119d\u0105 si\u0119 one lepiej trzyma\u0142y.<\/p>\n\n\n<div class=\"wp-block-image\">\n<figure class=\"aligncenter size-full\"><img loading=\"lazy\" decoding=\"async\" width=\"1200\" height=\"422\" src=\"https:\/\/skalnik.pl\/blog\/wp-content\/uploads\/2020\/01\/Zimowe-kije-trekkingowe.jpg\" alt=\"Zimowe kije trekkingowe\" class=\"wp-image-10748\" srcset=\"https:\/\/www.skalnik.pl\/blog\/wp-content\/uploads\/2020\/01\/Zimowe-kije-trekkingowe.jpg 1200w, https:\/\/www.skalnik.pl\/blog\/wp-content\/uploads\/2020\/01\/Zimowe-kije-trekkingowe-300x106.jpg 300w, https:\/\/www.skalnik.pl\/blog\/wp-content\/uploads\/2020\/01\/Zimowe-kije-trekkingowe-1024x360.jpg 1024w, https:\/\/www.skalnik.pl\/blog\/wp-content\/uploads\/2020\/01\/Zimowe-kije-trekkingowe-768x270.jpg 768w\" sizes=\"auto, (max-width: 1200px) 100vw, 1200px\" \/><figcaption class=\"wp-element-caption\"><em>W kijach na zim\u0119 warto zwr\u00f3ci\u0107 uwag\u0119 na kilka detali (opracowanie w\u0142asne)<\/em><\/figcaption><\/figure>\n<\/div>\n\n\n<h2 class=\"wp-block-heading\"><span class=\"ez-toc-section\" id=\"Jakie_kije_trekkingowe_Black_Diamond_i_Komperdell_wybrac_na_zime\"><\/span><strong>Jakie kije trekkingowe Black Diamond i\nKomperdell wybra\u0107 na zim\u0119?<\/strong><span class=\"ez-toc-section-end\"><\/span><\/h2>\n\n\n\n<p>Black Diamond oraz <a href=\"https:\/\/skalnik.pl\/komperdell\">Komperdell<\/a> to dwie marki outdoorowe znane z wysokiej jako\u015bci kij\u00f3w. Poni\u017cej prezentuj\u0119 wi\u0119c po dwa zaprojektowane przez te firmy modele kijk\u00f3w trekkingowych, kt\u00f3re doskonale sprawdz\u0105 si\u0119 zim\u0105.<\/p>\n\n\n\n<h3 class=\"wp-block-heading\"><span class=\"ez-toc-section\" id=\"Kije_Black_Diamond_Expedition_2\"><\/span><strong>Kije Black Diamond Expedition 2<\/strong><span class=\"ez-toc-section-end\"><\/span><\/h3>\n\n\n\n<p>Kije trekkingowe\nBlack Diamond Expedition 2 zaprojektowano jako kije skiturowe.&nbsp; \u015awietnie sprawdz\u0105 si\u0119 tak\u017ce na zimowy\ntrekking. Posiadaj\u0105 one tylko dwa segmenty i s\u0105 wykonane z grubszych rurek\naluminiowych, dzi\u0119ki czemu s\u0105 bardziej wytrzyma\u0142e. Te kijki trekkingowe wyposa\u017cono\nw opisywany wcze\u015bniej system zaciskowy FlickLock. R\u0105czki s\u0105 przed\u0142u\u017cone w\ndolnej cz\u0119\u015bci, a pasek na nadgarstki jest regulowany, wi\u0119c mo\u017cna go dopasowa\u0107\ndo swojej d\u0142oni. Kije Black Diamond Expedition sprzedawane s\u0105 razem z\ntalerzykami zimowymi.<\/p>\n\n\n\n<figure class=\"wp-block-image size-large\"><img loading=\"lazy\" decoding=\"async\" width=\"1024\" height=\"326\" src=\"https:\/\/skalnik.pl\/blog\/wp-content\/uploads\/2020\/01\/111544_expedition_2_collapse_web-1024x326.jpg\" alt=\"Kije Black Diamond Expedition 2\" class=\"wp-image-10765\" srcset=\"https:\/\/www.skalnik.pl\/blog\/wp-content\/uploads\/2020\/01\/111544_expedition_2_collapse_web-1024x326.jpg 1024w, https:\/\/www.skalnik.pl\/blog\/wp-content\/uploads\/2020\/01\/111544_expedition_2_collapse_web-300x96.jpg 300w, https:\/\/www.skalnik.pl\/blog\/wp-content\/uploads\/2020\/01\/111544_expedition_2_collapse_web-768x245.jpg 768w, https:\/\/www.skalnik.pl\/blog\/wp-content\/uploads\/2020\/01\/111544_expedition_2_collapse_web-1536x489.jpg 1536w, https:\/\/www.skalnik.pl\/blog\/wp-content\/uploads\/2020\/01\/111544_expedition_2_collapse_web.jpg 1692w\" sizes=\"auto, (max-width: 1024px) 100vw, 1024px\" \/><\/figure>\n\n\n\n<h3 class=\"wp-block-heading\"><span class=\"ez-toc-section\" id=\"Kije_trekkingowe_Black_Diamond_Traverse\"><\/span><strong>Kije trekkingowe Black Diamond\nTraverse<\/strong><span class=\"ez-toc-section-end\"><\/span><\/h3>\n\n\n\n<p>Kije Black\nDiamond Traverse to wysokiej jako\u015bci kije skiturowe wykonane z wytrzyma\u0142ego\naluminium. Podobnie jak opisywany powy\u017cej model s\u0105 z\u0142o\u017cone z dw\u00f3ch segment\u00f3w\noraz wyposa\u017cone w \u0142atwy w obs\u0142udze system regulacji FlickLock. Te kijki do\nchodzenia po g\u00f3rach wyposa\u017cono dodatkowo w specjalny, antypo\u015blizgowy panel\numieszczony poni\u017cej r\u0105czki. Umo\u017cliwia on wygodne i szybkie chwycenie kijk\u00f3w\nni\u017cej na przyk\u0142ad przy podchodzeniu.<\/p>\n\n\n\n<figure class=\"wp-block-image size-large\"><img loading=\"lazy\" decoding=\"async\" width=\"1024\" height=\"231\" src=\"https:\/\/skalnik.pl\/blog\/wp-content\/uploads\/2020\/01\/kije-traverse-1024x231.jpg\" alt=\"Kije trekkingowe Black Diamond Traverse\" class=\"wp-image-10767\" srcset=\"https:\/\/www.skalnik.pl\/blog\/wp-content\/uploads\/2020\/01\/kije-traverse-1024x231.jpg 1024w, https:\/\/www.skalnik.pl\/blog\/wp-content\/uploads\/2020\/01\/kije-traverse-300x68.jpg 300w, https:\/\/www.skalnik.pl\/blog\/wp-content\/uploads\/2020\/01\/kije-traverse-768x173.jpg 768w, https:\/\/www.skalnik.pl\/blog\/wp-content\/uploads\/2020\/01\/kije-traverse-1536x347.jpg 1536w, https:\/\/www.skalnik.pl\/blog\/wp-content\/uploads\/2020\/01\/kije-traverse.jpg 1697w\" sizes=\"auto, (max-width: 1024px) 100vw, 1024px\" \/><\/figure>\n\n\n\n<h3 class=\"wp-block-heading\"><span class=\"ez-toc-section\" id=\"Kijki_trekkingowe_Komperdell_Contour_Titanal_II_Pro\"><\/span><strong>Kijki trekkingowe Komperdell Contour\nTitanal II Pro<\/strong><span class=\"ez-toc-section-end\"><\/span><\/h3>\n\n\n\n<p>Te kijki\ntrekkingowe w g\u00f3ry firmy Komperdell s\u0105 tak\u017ce dwusekcyjne i wyposa\u017cone w\nzewn\u0119trzn\u0105 blokad\u0119. Wykonano je z mieszanki tytanu i aluminium Titanal.HF,\ndzi\u0119ki czemu s\u0105 praktycznie nie do z\u0142amania. Kijki Komperdell posiadaj\u0105\nprzed\u0142u\u017con\u0105 r\u0105czk\u0119 oraz widiowy grot. S\u0105 sprzedawane razem z zimowymi\ntalerzykami.<\/p>\n\n\n\n<figure class=\"wp-block-image size-large\"><img loading=\"lazy\" decoding=\"async\" width=\"1024\" height=\"185\" src=\"https:\/\/skalnik.pl\/blog\/wp-content\/uploads\/2020\/01\/kije_contour_titanal_ii_pro-1024x185.jpg\" alt=\"Kijki trekkingowe Komperdell Contour Titanal II Pro\" class=\"wp-image-10769\" srcset=\"https:\/\/www.skalnik.pl\/blog\/wp-content\/uploads\/2020\/01\/kije_contour_titanal_ii_pro-1024x185.jpg 1024w, https:\/\/www.skalnik.pl\/blog\/wp-content\/uploads\/2020\/01\/kije_contour_titanal_ii_pro-300x54.jpg 300w, https:\/\/www.skalnik.pl\/blog\/wp-content\/uploads\/2020\/01\/kije_contour_titanal_ii_pro-768x139.jpg 768w, https:\/\/www.skalnik.pl\/blog\/wp-content\/uploads\/2020\/01\/kije_contour_titanal_ii_pro.jpg 1386w\" sizes=\"auto, (max-width: 1024px) 100vw, 1024px\" \/><\/figure>\n\n\n\n<h3 class=\"wp-block-heading\"><span class=\"ez-toc-section\" id=\"Kijki_trekkingowe_w_gory_Komperdell_Titanal_Explorer_Pro\"><\/span><strong>Kijki trekkingowe w g\u00f3ry Komperdell\nTitanal Explorer Pro<\/strong><span class=\"ez-toc-section-end\"><\/span><\/h3>\n\n\n\n<p>Je\u015bli szukasz\nkijk\u00f3w, kt\u00f3re s\u0105 zar\u00f3wno wytrzyma\u0142e, jak i kompaktowe zwr\u00f3\u0107 uwag\u0119 na kijki\nTitanal Explorer Pro. Sk\u0142adaj\u0105 si\u0119 one z trzech segment\u00f3w, wi\u0119c po z\u0142o\u017ceniu\nzajmuj\u0105 mniej miejsca. Jednocze\u015bnie jednak dzi\u0119ki wykonaniu z niezwykle\ntrwa\u0142ego materia\u0142u Titanal.HF dadz\u0105 rad\u0119 nawet w niskich temperaturach.\nNiezawodny mechanizm Powerlock umo\u017cliwia szybk\u0105 regulacj\u0119 d\u0142ugo\u015bci, a dzi\u0119ki\nwidiowym grotom kijki b\u0119d\u0105 ci s\u0142u\u017cy\u0107 przez wiele wypraw.<\/p>\n\n\n\n<figure class=\"wp-block-image size-large\"><img loading=\"lazy\" decoding=\"async\" width=\"1024\" height=\"166\" src=\"https:\/\/skalnik.pl\/blog\/wp-content\/uploads\/2020\/01\/komperdell-titanal-explorer-pro-wintersportstoecke-silber-gruen-1800-zoom-0-1024x166.jpg\" alt=\"\" class=\"wp-image-10770\" srcset=\"https:\/\/www.skalnik.pl\/blog\/wp-content\/uploads\/2020\/01\/komperdell-titanal-explorer-pro-wintersportstoecke-silber-gruen-1800-zoom-0-1024x166.jpg 1024w, https:\/\/www.skalnik.pl\/blog\/wp-content\/uploads\/2020\/01\/komperdell-titanal-explorer-pro-wintersportstoecke-silber-gruen-1800-zoom-0-300x49.jpg 300w, https:\/\/www.skalnik.pl\/blog\/wp-content\/uploads\/2020\/01\/komperdell-titanal-explorer-pro-wintersportstoecke-silber-gruen-1800-zoom-0-768x124.jpg 768w, https:\/\/www.skalnik.pl\/blog\/wp-content\/uploads\/2020\/01\/komperdell-titanal-explorer-pro-wintersportstoecke-silber-gruen-1800-zoom-0-1536x249.jpg 1536w, https:\/\/www.skalnik.pl\/blog\/wp-content\/uploads\/2020\/01\/komperdell-titanal-explorer-pro-wintersportstoecke-silber-gruen-1800-zoom-0.jpg 1605w\" sizes=\"auto, (max-width: 1024px) 100vw, 1024px\" \/><\/figure>\n\n\n\n<p>Chcesz cieszy\u0107 si\u0119 zim\u0105, a nie martwi\u0107 si\u0119 tym, jak przedrzesz si\u0119 przez \u015bwie\u017cy \u015bnieg na szlaku? Kijki trekkingowe zimowe pozwol\u0105 ci w pe\u0142ni korzysta\u0107 z urok\u00f3w ch\u0142odnych miesi\u0119cy. \u015amia\u0142o wi\u0119c ruszaj z nimi na szlaki. Nie ma sensu czeka\u0107 do wiosny z g\u00f3rskimi wypadami!<\/p>\n\n\n\n<p class=\"has-text-align-right\"><em>Katarzyna Butkiewicz<\/em><\/p>\n","protected":false},"excerpt":{"rendered":"<p>Sprawd\u017a, co powinny mie\u0107 modele zimowe, a potem zabierz kijki trekkingowe na szlak!   <\/p>\n","protected":false},"author":7,"featured_media":10755,"comment_status":"open","ping_status":"open","sticky":false,"template":"","format":"standard","meta":{"_acf_changed":false,"footnotes":""},"categories":[3],"tags":[103,110,210],"magento_category":[79],"magento_product":[],"class_list":["post-10694","post","type-post","status-publish","format-standard","has-post-thumbnail","hentry","category-porady","tag-black-diamond","tag-kije-trekkingowe","tag-turystyka"],"acf":[],"aioseo_notices":[],"aioseo_head":"\n\t\t<!-- All in One SEO 4.9.10 - aioseo.com -->\n\t<meta name=\"description\" content=\"Kije trekkingowe zim\u0105 u\u0142atwiaj\u0105 g\u00f3rskie w\u0119dr\u00f3wki. Zobacz co powinny mie\u0107 kijki trekkingowe na zim\u0119, by jak najlepiej spe\u0142nia\u0107 swoje zadania.\" \/>\n\t<meta name=\"robots\" content=\"max-image-preview:large\" \/>\n\t<meta name=\"author\" content=\"Redakcja skalnik.pl\"\/>\n\t<link rel=\"canonical\" href=\"https:\/\/www.skalnik.pl\/blog\/kijki-trekkingowe-na-zime\/\" \/>\n\t<meta name=\"generator\" content=\"All in One SEO (AIOSEO) 4.9.10\" \/>\n\t\t<meta property=\"og:locale\" content=\"pl_PL\" \/>\n\t\t<meta property=\"og:site_name\" content=\"blog Skalnik - Blog, porady, artyku\u0142y - blog Skalnik\" \/>\n\t\t<meta property=\"og:type\" content=\"article\" \/>\n\t\t<meta property=\"og:title\" content=\"Kijki trekkingowe na zim\u0119 - blog Skalnik\" \/>\n\t\t<meta property=\"og:description\" content=\"Kije trekkingowe zim\u0105 u\u0142atwiaj\u0105 g\u00f3rskie w\u0119dr\u00f3wki. Zobacz co powinny mie\u0107 kijki trekkingowe na zim\u0119, by jak najlepiej spe\u0142nia\u0107 swoje zadania.\" \/>\n\t\t<meta property=\"og:url\" content=\"https:\/\/www.skalnik.pl\/blog\/kijki-trekkingowe-na-zime\/\" \/>\n\t\t<meta property=\"og:image\" content=\"https:\/\/skalnik.pl\/blog\/wp-content\/uploads\/2020\/01\/Photo-by-eberhard-grossgasteiger-on-Unsplash.jpg\" \/>\n\t\t<meta property=\"og:image:secure_url\" content=\"https:\/\/skalnik.pl\/blog\/wp-content\/uploads\/2020\/01\/Photo-by-eberhard-grossgasteiger-on-Unsplash.jpg\" \/>\n\t\t<meta property=\"article:tag\" content=\"porady\" \/>\n\t\t<meta property=\"article:tag\" content=\"black diamond\" \/>\n\t\t<meta property=\"article:tag\" content=\"kije trekkingowe\" \/>\n\t\t<meta property=\"article:tag\" content=\"turystyka\" \/>\n\t\t<meta property=\"article:published_time\" content=\"2020-01-16T07:09:00+00:00\" \/>\n\t\t<meta property=\"article:modified_time\" content=\"2024-05-21T06:38:09+00:00\" \/>\n\t\t<meta name=\"twitter:card\" content=\"summary_large_image\" \/>\n\t\t<meta name=\"twitter:title\" content=\"Kijki trekkingowe na zim\u0119 - blog Skalnik\" \/>\n\t\t<meta name=\"twitter:description\" content=\"Kije trekkingowe zim\u0105 u\u0142atwiaj\u0105 g\u00f3rskie w\u0119dr\u00f3wki. Zobacz co powinny mie\u0107 kijki trekkingowe na zim\u0119, by jak najlepiej spe\u0142nia\u0107 swoje zadania.\" \/>\n\t\t<meta name=\"twitter:image\" content=\"https:\/\/skalnik.pl\/blog\/wp-content\/uploads\/2020\/01\/Photo-by-eberhard-grossgasteiger-on-Unsplash.jpg\" \/>\n\t\t<script type=\"application\/ld+json\" class=\"aioseo-schema\">\n\t\t\t{\"@context\":\"https:\\\/\\\/schema.org\",\"@graph\":[{\"@type\":\"BlogPosting\",\"@id\":\"https:\\\/\\\/www.skalnik.pl\\\/blog\\\/kijki-trekkingowe-na-zime\\\/#blogposting\",\"name\":\"Kijki trekkingowe na zim\\u0119 - blog Skalnik\",\"headline\":\"Kijki trekkingowe na zim\\u0119\",\"author\":{\"@id\":\"https:\\\/\\\/www.skalnik.pl\\\/blog\\\/author\\\/redakcja-skalnik-pl\\\/#author\"},\"publisher\":{\"@id\":\"https:\\\/\\\/www.skalnik.pl\\\/blog\\\/#organization\"},\"image\":{\"@type\":\"ImageObject\",\"url\":\"https:\\\/\\\/www.skalnik.pl\\\/blog\\\/wp-content\\\/uploads\\\/2020\\\/01\\\/Photo-by-Parker-Amstutz-on-Unsplash.jpg\",\"width\":1920,\"height\":705},\"datePublished\":\"2020-01-16T08:09:00+02:00\",\"dateModified\":\"2024-05-21T08:38:09+02:00\",\"inLanguage\":\"pl-PL\",\"mainEntityOfPage\":{\"@id\":\"https:\\\/\\\/www.skalnik.pl\\\/blog\\\/kijki-trekkingowe-na-zime\\\/#webpage\"},\"isPartOf\":{\"@id\":\"https:\\\/\\\/www.skalnik.pl\\\/blog\\\/kijki-trekkingowe-na-zime\\\/#webpage\"},\"articleSection\":\"Porady, black diamond, kije trekkingowe, turystyka, 1248\"},{\"@type\":\"BreadcrumbList\",\"@id\":\"https:\\\/\\\/www.skalnik.pl\\\/blog\\\/kijki-trekkingowe-na-zime\\\/#breadcrumblist\",\"itemListElement\":[{\"@type\":\"ListItem\",\"@id\":\"https:\\\/\\\/www.skalnik.pl\\\/blog#listItem\",\"position\":1,\"name\":\"Home\",\"item\":\"https:\\\/\\\/www.skalnik.pl\\\/blog\",\"nextItem\":{\"@type\":\"ListItem\",\"@id\":\"https:\\\/\\\/www.skalnik.pl\\\/blog\\\/.\\\/porady\\\/#listItem\",\"name\":\"Porady\"}},{\"@type\":\"ListItem\",\"@id\":\"https:\\\/\\\/www.skalnik.pl\\\/blog\\\/.\\\/porady\\\/#listItem\",\"position\":2,\"name\":\"Porady\",\"item\":\"https:\\\/\\\/www.skalnik.pl\\\/blog\\\/.\\\/porady\\\/\",\"nextItem\":{\"@type\":\"ListItem\",\"@id\":\"https:\\\/\\\/www.skalnik.pl\\\/blog\\\/kijki-trekkingowe-na-zime\\\/#listItem\",\"name\":\"Kijki trekkingowe na zim\\u0119\"},\"previousItem\":{\"@type\":\"ListItem\",\"@id\":\"https:\\\/\\\/www.skalnik.pl\\\/blog#listItem\",\"name\":\"Home\"}},{\"@type\":\"ListItem\",\"@id\":\"https:\\\/\\\/www.skalnik.pl\\\/blog\\\/kijki-trekkingowe-na-zime\\\/#listItem\",\"position\":3,\"name\":\"Kijki trekkingowe na zim\\u0119\",\"previousItem\":{\"@type\":\"ListItem\",\"@id\":\"https:\\\/\\\/www.skalnik.pl\\\/blog\\\/.\\\/porady\\\/#listItem\",\"name\":\"Porady\"}}]},{\"@type\":\"Organization\",\"@id\":\"https:\\\/\\\/www.skalnik.pl\\\/blog\\\/#organization\",\"name\":\"blog Skalnik\",\"description\":\"Blog, porady, artyku\\u0142y - blog Skalnik\",\"url\":\"https:\\\/\\\/www.skalnik.pl\\\/blog\\\/\"},{\"@type\":\"Person\",\"@id\":\"https:\\\/\\\/www.skalnik.pl\\\/blog\\\/author\\\/redakcja-skalnik-pl\\\/#author\",\"url\":\"https:\\\/\\\/www.skalnik.pl\\\/blog\\\/author\\\/redakcja-skalnik-pl\\\/\",\"name\":\"Redakcja skalnik.pl\",\"image\":{\"@type\":\"ImageObject\",\"@id\":\"https:\\\/\\\/www.skalnik.pl\\\/blog\\\/kijki-trekkingowe-na-zime\\\/#authorImage\",\"url\":\"https:\\\/\\\/secure.gravatar.com\\\/avatar\\\/7eab29b048aaf0899cd9a145e9adb814e2130ced31e65b454b902500bea65f9e?s=96&d=mm&r=g\",\"width\":96,\"height\":96,\"caption\":\"Redakcja skalnik.pl\"}},{\"@type\":\"WebPage\",\"@id\":\"https:\\\/\\\/www.skalnik.pl\\\/blog\\\/kijki-trekkingowe-na-zime\\\/#webpage\",\"url\":\"https:\\\/\\\/www.skalnik.pl\\\/blog\\\/kijki-trekkingowe-na-zime\\\/\",\"name\":\"Kijki trekkingowe na zim\\u0119 - blog Skalnik\",\"description\":\"Kije trekkingowe zim\\u0105 u\\u0142atwiaj\\u0105 g\\u00f3rskie w\\u0119dr\\u00f3wki. Zobacz co powinny mie\\u0107 kijki trekkingowe na zim\\u0119, by jak najlepiej spe\\u0142nia\\u0107 swoje zadania.\",\"inLanguage\":\"pl-PL\",\"isPartOf\":{\"@id\":\"https:\\\/\\\/www.skalnik.pl\\\/blog\\\/#website\"},\"breadcrumb\":{\"@id\":\"https:\\\/\\\/www.skalnik.pl\\\/blog\\\/kijki-trekkingowe-na-zime\\\/#breadcrumblist\"},\"author\":{\"@id\":\"https:\\\/\\\/www.skalnik.pl\\\/blog\\\/author\\\/redakcja-skalnik-pl\\\/#author\"},\"creator\":{\"@id\":\"https:\\\/\\\/www.skalnik.pl\\\/blog\\\/author\\\/redakcja-skalnik-pl\\\/#author\"},\"image\":{\"@type\":\"ImageObject\",\"url\":\"https:\\\/\\\/www.skalnik.pl\\\/blog\\\/wp-content\\\/uploads\\\/2020\\\/01\\\/Photo-by-Parker-Amstutz-on-Unsplash.jpg\",\"@id\":\"https:\\\/\\\/www.skalnik.pl\\\/blog\\\/kijki-trekkingowe-na-zime\\\/#mainImage\",\"width\":1920,\"height\":705},\"primaryImageOfPage\":{\"@id\":\"https:\\\/\\\/www.skalnik.pl\\\/blog\\\/kijki-trekkingowe-na-zime\\\/#mainImage\"},\"datePublished\":\"2020-01-16T08:09:00+02:00\",\"dateModified\":\"2024-05-21T08:38:09+02:00\"},{\"@type\":\"WebSite\",\"@id\":\"https:\\\/\\\/www.skalnik.pl\\\/blog\\\/#website\",\"url\":\"https:\\\/\\\/www.skalnik.pl\\\/blog\\\/\",\"name\":\"blog Skalnik\",\"description\":\"Blog, porady, artyku\\u0142y - blog Skalnik\",\"inLanguage\":\"pl-PL\",\"publisher\":{\"@id\":\"https:\\\/\\\/www.skalnik.pl\\\/blog\\\/#organization\"}}]}\n\t\t<\/script>\n\t\t<!-- All in One SEO -->\n\n","aioseo_head_json":{"title":"Kijki trekkingowe na zim\u0119 - blog Skalnik","description":"Kije trekkingowe zim\u0105 u\u0142atwiaj\u0105 g\u00f3rskie w\u0119dr\u00f3wki. Zobacz co powinny mie\u0107 kijki trekkingowe na zim\u0119, by jak najlepiej spe\u0142nia\u0107 swoje zadania.","canonical_url":"https:\/\/www.skalnik.pl\/blog\/kijki-trekkingowe-na-zime\/","robots":"max-image-preview:large","keywords":"","webmasterTools":{"miscellaneous":""},"schema":{"@context":"https:\/\/schema.org","@graph":[{"@type":"BlogPosting","@id":"https:\/\/www.skalnik.pl\/blog\/kijki-trekkingowe-na-zime\/#blogposting","name":"Kijki trekkingowe na zim\u0119 - blog Skalnik","headline":"Kijki trekkingowe na zim\u0119","author":{"@id":"https:\/\/www.skalnik.pl\/blog\/author\/redakcja-skalnik-pl\/#author"},"publisher":{"@id":"https:\/\/www.skalnik.pl\/blog\/#organization"},"image":{"@type":"ImageObject","url":"https:\/\/www.skalnik.pl\/blog\/wp-content\/uploads\/2020\/01\/Photo-by-Parker-Amstutz-on-Unsplash.jpg","width":1920,"height":705},"datePublished":"2020-01-16T08:09:00+02:00","dateModified":"2024-05-21T08:38:09+02:00","inLanguage":"pl-PL","mainEntityOfPage":{"@id":"https:\/\/www.skalnik.pl\/blog\/kijki-trekkingowe-na-zime\/#webpage"},"isPartOf":{"@id":"https:\/\/www.skalnik.pl\/blog\/kijki-trekkingowe-na-zime\/#webpage"},"articleSection":"Porady, black diamond, kije trekkingowe, turystyka, 1248"},{"@type":"BreadcrumbList","@id":"https:\/\/www.skalnik.pl\/blog\/kijki-trekkingowe-na-zime\/#breadcrumblist","itemListElement":[{"@type":"ListItem","@id":"https:\/\/www.skalnik.pl\/blog#listItem","position":1,"name":"Home","item":"https:\/\/www.skalnik.pl\/blog","nextItem":{"@type":"ListItem","@id":"https:\/\/www.skalnik.pl\/blog\/.\/porady\/#listItem","name":"Porady"}},{"@type":"ListItem","@id":"https:\/\/www.skalnik.pl\/blog\/.\/porady\/#listItem","position":2,"name":"Porady","item":"https:\/\/www.skalnik.pl\/blog\/.\/porady\/","nextItem":{"@type":"ListItem","@id":"https:\/\/www.skalnik.pl\/blog\/kijki-trekkingowe-na-zime\/#listItem","name":"Kijki trekkingowe na zim\u0119"},"previousItem":{"@type":"ListItem","@id":"https:\/\/www.skalnik.pl\/blog#listItem","name":"Home"}},{"@type":"ListItem","@id":"https:\/\/www.skalnik.pl\/blog\/kijki-trekkingowe-na-zime\/#listItem","position":3,"name":"Kijki trekkingowe na zim\u0119","previousItem":{"@type":"ListItem","@id":"https:\/\/www.skalnik.pl\/blog\/.\/porady\/#listItem","name":"Porady"}}]},{"@type":"Organization","@id":"https:\/\/www.skalnik.pl\/blog\/#organization","name":"blog Skalnik","description":"Blog, porady, artyku\u0142y - blog Skalnik","url":"https:\/\/www.skalnik.pl\/blog\/"},{"@type":"Person","@id":"https:\/\/www.skalnik.pl\/blog\/author\/redakcja-skalnik-pl\/#author","url":"https:\/\/www.skalnik.pl\/blog\/author\/redakcja-skalnik-pl\/","name":"Redakcja skalnik.pl","image":{"@type":"ImageObject","@id":"https:\/\/www.skalnik.pl\/blog\/kijki-trekkingowe-na-zime\/#authorImage","url":"https:\/\/secure.gravatar.com\/avatar\/7eab29b048aaf0899cd9a145e9adb814e2130ced31e65b454b902500bea65f9e?s=96&d=mm&r=g","width":96,"height":96,"caption":"Redakcja skalnik.pl"}},{"@type":"WebPage","@id":"https:\/\/www.skalnik.pl\/blog\/kijki-trekkingowe-na-zime\/#webpage","url":"https:\/\/www.skalnik.pl\/blog\/kijki-trekkingowe-na-zime\/","name":"Kijki trekkingowe na zim\u0119 - blog Skalnik","description":"Kije trekkingowe zim\u0105 u\u0142atwiaj\u0105 g\u00f3rskie w\u0119dr\u00f3wki. Zobacz co powinny mie\u0107 kijki trekkingowe na zim\u0119, by jak najlepiej spe\u0142nia\u0107 swoje zadania.","inLanguage":"pl-PL","isPartOf":{"@id":"https:\/\/www.skalnik.pl\/blog\/#website"},"breadcrumb":{"@id":"https:\/\/www.skalnik.pl\/blog\/kijki-trekkingowe-na-zime\/#breadcrumblist"},"author":{"@id":"https:\/\/www.skalnik.pl\/blog\/author\/redakcja-skalnik-pl\/#author"},"creator":{"@id":"https:\/\/www.skalnik.pl\/blog\/author\/redakcja-skalnik-pl\/#author"},"image":{"@type":"ImageObject","url":"https:\/\/www.skalnik.pl\/blog\/wp-content\/uploads\/2020\/01\/Photo-by-Parker-Amstutz-on-Unsplash.jpg","@id":"https:\/\/www.skalnik.pl\/blog\/kijki-trekkingowe-na-zime\/#mainImage","width":1920,"height":705},"primaryImageOfPage":{"@id":"https:\/\/www.skalnik.pl\/blog\/kijki-trekkingowe-na-zime\/#mainImage"},"datePublished":"2020-01-16T08:09:00+02:00","dateModified":"2024-05-21T08:38:09+02:00"},{"@type":"WebSite","@id":"https:\/\/www.skalnik.pl\/blog\/#website","url":"https:\/\/www.skalnik.pl\/blog\/","name":"blog Skalnik","description":"Blog, porady, artyku\u0142y - blog Skalnik","inLanguage":"pl-PL","publisher":{"@id":"https:\/\/www.skalnik.pl\/blog\/#organization"}}]},"og:locale":"pl_PL","og:site_name":"blog Skalnik - Blog, porady, artyku\u0142y - blog Skalnik","og:type":"article","og:title":"Kijki trekkingowe na zim\u0119 - blog Skalnik","og:description":"Kije trekkingowe zim\u0105 u\u0142atwiaj\u0105 g\u00f3rskie w\u0119dr\u00f3wki. Zobacz co powinny mie\u0107 kijki trekkingowe na zim\u0119, by jak najlepiej spe\u0142nia\u0107 swoje zadania.","og:url":"https:\/\/www.skalnik.pl\/blog\/kijki-trekkingowe-na-zime\/","og:image":"https:\/\/skalnik.pl\/blog\/wp-content\/uploads\/2020\/01\/Photo-by-eberhard-grossgasteiger-on-Unsplash.jpg","og:image:secure_url":"https:\/\/skalnik.pl\/blog\/wp-content\/uploads\/2020\/01\/Photo-by-eberhard-grossgasteiger-on-Unsplash.jpg","article:tag":["porady","black diamond","kije trekkingowe","turystyka"],"article:published_time":"2020-01-16T07:09:00+00:00","article:modified_time":"2024-05-21T06:38:09+00:00","twitter:card":"summary_large_image","twitter:title":"Kijki trekkingowe na zim\u0119 - blog Skalnik","twitter:description":"Kije trekkingowe zim\u0105 u\u0142atwiaj\u0105 g\u00f3rskie w\u0119dr\u00f3wki. Zobacz co powinny mie\u0107 kijki trekkingowe na zim\u0119, by jak najlepiej spe\u0142nia\u0107 swoje zadania.","twitter:image":"https:\/\/skalnik.pl\/blog\/wp-content\/uploads\/2020\/01\/Photo-by-eberhard-grossgasteiger-on-Unsplash.jpg"},"aioseo_meta_data":{"post_id":"10694","title":null,"description":"Kije trekkingowe zim\u0105 u\u0142atwiaj\u0105 g\u00f3rskie w\u0119dr\u00f3wki. Zobacz co powinny mie\u0107 kijki trekkingowe na zim\u0119, by jak najlepiej spe\u0142nia\u0107 swoje zadania.","keywords":[{"label":"kijki trekkingowe","value":"kijki trekkingowe"},{"label":"kije trekkingowe","value":"kije trekkingowe"},{"label":"kijki trekkingowe w g\u00f3ry","value":"kijki trekkingowe w g\u00f3ry"},{"label":"kijki w g\u00f3ry","value":"kijki w g\u00f3ry"},{"label":"kijki trekkingowe zimowe","value":"kijki trekkingowe zimowe"},{"label":"kije trekkingowe na zim\u0119","value":"kije trekkingowe na zim\u0119"}],"keyphrases":{"focus":{"keyphrase":"","score":0,"analysis":{"keyphraseInTitle":{"score":0,"maxScore":9,"error":1}}},"additional":[]},"primary_term":null,"canonical_url":null,"og_title":null,"og_description":null,"og_object_type":"default","og_image_type":"default","og_image_url":null,"og_image_width":null,"og_image_height":null,"og_image_custom_url":null,"og_image_custom_fields":null,"og_video":"","og_custom_url":null,"og_article_section":null,"og_article_tags":[],"twitter_use_og":false,"twitter_card":"default","twitter_image_type":"default","twitter_image_url":null,"twitter_image_custom_url":null,"twitter_image_custom_fields":null,"twitter_title":null,"twitter_description":null,"schema":{"blockGraphs":[],"customGraphs":[],"default":{"data":{"Article":[],"Course":[],"Dataset":[],"FAQPage":[],"Movie":[],"Person":[],"Product":[],"ProductReview":[],"Car":[],"Recipe":[],"Service":[],"SoftwareApplication":[],"WebPage":[]},"graphName":"","isEnabled":true},"graphs":[]},"schema_type":"default","schema_type_options":null,"pillar_content":false,"robots_default":true,"robots_noindex":false,"robots_noarchive":false,"robots_nosnippet":false,"robots_nofollow":false,"robots_noimageindex":false,"robots_noodp":false,"robots_notranslate":false,"robots_max_snippet":"-1","robots_max_videopreview":"-1","robots_max_imagepreview":"large","priority":null,"frequency":"default","local_seo":null,"breadcrumb_settings":null,"limit_modified_date":false,"ai":null,"created":"2022-08-26 10:12:44","updated":"2026-02-17 21:45:25","seo_analyzer_scan_date":null},"aioseo_breadcrumb":"<div class=\"aioseo-breadcrumbs\"><span class=\"aioseo-breadcrumb\">\n\t\t\t<a href=\"https:\/\/www.skalnik.pl\/blog\" title=\"Home\">Home<\/a>\n\t\t<\/span><span class=\"aioseo-breadcrumb-separator\">&raquo;<\/span><span class=\"aioseo-breadcrumb\">\n\t\t\t<a href=\"https:\/\/www.skalnik.pl\/blog\/.\/porady\/\" title=\"Porady\">Porady<\/a>\n\t\t<\/span><span class=\"aioseo-breadcrumb-separator\">&raquo;<\/span><span class=\"aioseo-breadcrumb\">\n\t\t\tKijki trekkingowe na zim\u0119\n\t\t<\/span><\/div>","aioseo_breadcrumb_json":[{"label":"Home","link":"https:\/\/www.skalnik.pl\/blog"},{"label":"Porady","link":"https:\/\/www.skalnik.pl\/blog\/.\/porady\/"},{"label":"Kijki trekkingowe na zim\u0119","link":"https:\/\/www.skalnik.pl\/blog\/kijki-trekkingowe-na-zime\/"}],"_links":{"self":[{"href":"https:\/\/www.skalnik.pl\/blog\/wp-json\/wp\/v2\/posts\/10694","targetHints":{"allow":["GET"]}}],"collection":[{"href":"https:\/\/www.skalnik.pl\/blog\/wp-json\/wp\/v2\/posts"}],"about":[{"href":"https:\/\/www.skalnik.pl\/blog\/wp-json\/wp\/v2\/types\/post"}],"author":[{"embeddable":true,"href":"https:\/\/www.skalnik.pl\/blog\/wp-json\/wp\/v2\/users\/7"}],"replies":[{"embeddable":true,"href":"https:\/\/www.skalnik.pl\/blog\/wp-json\/wp\/v2\/comments?post=10694"}],"version-history":[{"count":19,"href":"https:\/\/www.skalnik.pl\/blog\/wp-json\/wp\/v2\/posts\/10694\/revisions"}],"predecessor-version":[{"id":26344,"href":"https:\/\/www.skalnik.pl\/blog\/wp-json\/wp\/v2\/posts\/10694\/revisions\/26344"}],"wp:featuredmedia":[{"embeddable":true,"href":"https:\/\/www.skalnik.pl\/blog\/wp-json\/wp\/v2\/media\/10755"}],"wp:attachment":[{"href":"https:\/\/www.skalnik.pl\/blog\/wp-json\/wp\/v2\/media?parent=10694"}],"wp:term":[{"taxonomy":"category","embeddable":true,"href":"https:\/\/www.skalnik.pl\/blog\/wp-json\/wp\/v2\/categories?post=10694"},{"taxonomy":"post_tag","embeddable":true,"href":"https:\/\/www.skalnik.pl\/blog\/wp-json\/wp\/v2\/tags?post=10694"},{"taxonomy":"magento_category","embeddable":true,"href":"https:\/\/www.skalnik.pl\/blog\/wp-json\/wp\/v2\/magento_category?post=10694"},{"taxonomy":"magento_product","embeddable":true,"href":"https:\/\/www.skalnik.pl\/blog\/wp-json\/wp\/v2\/magento_product?post=10694"}],"curies":[{"name":"wp","href":"https:\/\/api.w.org\/{rel}","templated":true}]}}