{"id":11023,"date":"2020-02-14T11:22:09","date_gmt":"2020-02-14T10:22:09","guid":{"rendered":"https:\/\/skalnik.pl\/blog\/?p=11023"},"modified":"2023-10-13T15:08:39","modified_gmt":"2023-10-13T13:08:39","slug":"korona-gor-polski-sniezka","status":"publish","type":"post","link":"https:\/\/www.skalnik.pl\/blog\/korona-gor-polski-sniezka\/","title":{"rendered":"Korona G\u00f3r Polski &#8211; \u015anie\u017cka"},"content":{"rendered":"\n<p><strong>Najwy\u017cszy szczyt Karkonoszy, najwy\u017cszy szczyt Sudet\u00f3w, najwy\u017cszy szczyt Czech. Ca\u0142kiem sporo tych \u201cnaj\u201d, a&nbsp;by\u0142 nawet czas, \u017ce&nbsp;\u015anie\u017cka (zwana nawet g\u00f3r\u0105 olbrzymi\u0105) uchodzi\u0142a za&nbsp;najwy\u017csz\u0105 g\u00f3r\u0119 Europy. Na&nbsp;li\u015bcie szczyt\u00f3w Korony G\u00f3r Polski \u015anie\u017cka zajmuje 3.&nbsp;miejsce, mierz\u0105c \u2013&nbsp;w zale\u017cno\u015bci od&nbsp;pomiar\u00f3w \u2013&nbsp;1602 lub 1603 m&nbsp;n.p.m.<\/strong><\/p>\n\n\n\n<p>\u015anie\u017cka po\u0142o\u017cona jest w\nKarkonoszach i jako najwy\u017cszy szczyt tego w\u0142a\u015bnie pasma jest celem\ndla os\u00f3b kompletuj\u0105cych Koron\u0119 G\u00f3r Polski. Same Karkonosze to\njedno z pasm \u0142a\u0144cucha g\u00f3rskiego zwanego Sudetami, kt\u00f3ry rozci\u0105ga\nsi\u0119 mi\u0119dzy G\u00f3rami Po\u0142abskimi a Bram\u0105 Morawsk\u0105. Ta ostatnia\noddziela Sudety od Karpat. \u0141a\u0144cuch sudecki ma oko\u0142o 300 km\nd\u0142ugo\u015bci, le\u017c\u0105c na terytorium trzech pa\u0144stw: Polski, Czech i\nNiemiec. \n<\/p>\n\n\n\n<p>Karkonosze to najwy\u017csze pasmo \u0142a\u0144cucha, po\u0142o\u017cone w Sudetach Zachodnich. Jest to jedno z najch\u0119tniej odwiedzanych i najbardziej atrakcyjnych pasm g\u00f3rskich, w kt\u00f3rych tury\u015bci podziwia\u0107 mog\u0105 cechy rze\u017aby alpejskiej (na przyk\u0142ad kot\u0142y lodowcowe) oraz do\u015bwiadcza\u0107 surowego klimatu, kt\u00f3remu na podobnych wysoko\u015bciach ust\u0119puj\u0105 nawet Tatry.  Warto pami\u0119ta\u0107, \u017ce najwy\u017csze partie Karkonoszy po\u0142o\u017cone s\u0105 na terenie Karkonoskiego Parku Narodowego lub jego czeskiego odpowiednika, kt\u00f3rym jest Krkono\u0161sk\u00fd n\u00e1rodn\u00ed park, w skr\u00f3cie KRNAP. Pami\u0119tajmy o tym, bowiem przebywanie na terenie Karkonoskiego Parku Narodowego wi\u0105\u017ce si\u0119 z konieczno\u015bci\u0105 zastosowania si\u0119 do zasad ochrony przyrody w takim miejscu.<\/p>\n\n\n\n<div id=\"ez-toc-container\" class=\"ez-toc-v2_0_85 counter-hierarchy ez-toc-counter ez-toc-light-blue ez-toc-container-direction\">\n<div class=\"ez-toc-title-container\">\n<p class=\"ez-toc-title\" style=\"cursor:inherit\">SPIS TRE\u015aCI <\/p>\n<span class=\"ez-toc-title-toggle\"><a href=\"#\" class=\"ez-toc-pull-right ez-toc-btn ez-toc-btn-xs ez-toc-btn-default ez-toc-toggle\" aria-label=\"Prze\u0142\u0105cznik Spisu Tre\u015bci\"><span class=\"ez-toc-js-icon-con\"><span class=\"\"><span class=\"eztoc-hide\" style=\"display:none;\">Toggle<\/span><span class=\"ez-toc-icon-toggle-span\"><svg style=\"fill: #999;color:#999\" xmlns=\"http:\/\/www.w3.org\/2000\/svg\" class=\"list-377408\" width=\"20px\" height=\"20px\" viewBox=\"0 0 24 24\" fill=\"none\"><path d=\"M6 6H4v2h2V6zm14 0H8v2h12V6zM4 11h2v2H4v-2zm16 0H8v2h12v-2zM4 16h2v2H4v-2zm16 0H8v2h12v-2z\" fill=\"currentColor\"><\/path><\/svg><svg style=\"fill: #999;color:#999\" class=\"arrow-unsorted-368013\" xmlns=\"http:\/\/www.w3.org\/2000\/svg\" width=\"10px\" height=\"10px\" viewBox=\"0 0 24 24\" version=\"1.2\" baseProfile=\"tiny\"><path d=\"M18.2 9.3l-6.2-6.3-6.2 6.3c-.2.2-.3.4-.3.7s.1.5.3.7c.2.2.4.3.7.3h11c.3 0 .5-.1.7-.3.2-.2.3-.5.3-.7s-.1-.5-.3-.7zM5.8 14.7l6.2 6.3 6.2-6.3c.2-.2.3-.5.3-.7s-.1-.5-.3-.7c-.2-.2-.4-.3-.7-.3h-11c-.3 0-.5.1-.7.3-.2.2-.3.5-.3.7s.1.5.3.7z\"\/><\/svg><\/span><\/span><\/span><\/a><\/span><\/div>\n<nav><ul class='ez-toc-list ez-toc-list-level-1 ' ><li class='ez-toc-page-1 ez-toc-heading-level-2'><a class=\"ez-toc-link ez-toc-heading-1\" href=\"https:\/\/www.skalnik.pl\/blog\/korona-gor-polski-sniezka\/#Sniezka_%E2%80%93_szczyt_KGP_ktory_przyciaga_od_dawna\" >\u015anie\u017cka &#8211; szczyt KGP, kt\u00f3ry przyci\u0105ga od dawna<\/a><\/li><li class='ez-toc-page-1 ez-toc-heading-level-2'><a class=\"ez-toc-link ez-toc-heading-2\" href=\"https:\/\/www.skalnik.pl\/blog\/korona-gor-polski-sniezka\/#Sniezka_gdzie_zaparkowac_gdzie_nocowac_skad_wyruszyc\" >\u015anie\u017cka: gdzie\nzaparkowa\u0107, gdzie nocowa\u0107, sk\u0105d wyruszy\u0107<\/a><\/li><li class='ez-toc-page-1 ez-toc-heading-level-2'><a class=\"ez-toc-link ez-toc-heading-3\" href=\"https:\/\/www.skalnik.pl\/blog\/korona-gor-polski-sniezka\/#Zanim_ruszysz_na_szlaki_na_Sniezke\" >Zanim ruszysz na szlaki na \u015anie\u017ck\u0119<\/a><\/li><li class='ez-toc-page-1 ez-toc-heading-level-2'><a class=\"ez-toc-link ez-toc-heading-4\" href=\"https:\/\/www.skalnik.pl\/blog\/korona-gor-polski-sniezka\/#Sniezka_%E2%80%93_szlaki\" >\u015anie\u017cka &#8211; szlaki<\/a><ul class='ez-toc-list-level-3' ><li class='ez-toc-heading-level-3'><a class=\"ez-toc-link ez-toc-heading-5\" href=\"https:\/\/www.skalnik.pl\/blog\/korona-gor-polski-sniezka\/#Sniezka_przez_Sowia_Doline_i_Czarny_Grzbiet\" >\u015anie\u017cka przez Sowi\u0105\nDolin\u0119 i Czarny Grzbiet<\/a><\/li><li class='ez-toc-page-1 ez-toc-heading-level-3'><a class=\"ez-toc-link ez-toc-heading-6\" href=\"https:\/\/www.skalnik.pl\/blog\/korona-gor-polski-sniezka\/#Sniezka_przez_Kociol_Lomniczki_%E2%80%93_czerwony_szlak_zamkniety_zima\" >\u015anie\u017cka przez Kocio\u0142 \u0141omniczki &#8211; czerwony szlak zamkni\u0119ty zim\u0105<\/a><\/li><li class='ez-toc-page-1 ez-toc-heading-level-3'><a class=\"ez-toc-link ez-toc-heading-7\" href=\"https:\/\/www.skalnik.pl\/blog\/korona-gor-polski-sniezka\/#Sniezka_czarnym_szlakiem_do_Domu_Slaskiego\" >\u015anie\u017cka czarnym\nszlakiem do Domu \u015al\u0105skiego<\/a><\/li><li class='ez-toc-page-1 ez-toc-heading-level-3'><a class=\"ez-toc-link ez-toc-heading-8\" href=\"https:\/\/www.skalnik.pl\/blog\/korona-gor-polski-sniezka\/#Zoltym_szlakiem_na_szczyt_Sniezki\" >\u017b\u00f3\u0142tym szlakiem na szczyt \u015anie\u017cki<\/a><\/li><\/ul><\/li><li class='ez-toc-page-1 ez-toc-heading-level-2'><a class=\"ez-toc-link ez-toc-heading-9\" href=\"https:\/\/www.skalnik.pl\/blog\/korona-gor-polski-sniezka\/#Sniezka_przez_Wang_Samotnie_Strzeche_Akademicka_%E2%80%93_niebieski_szlak_do_schroniska_Dom_Slaski\" >\u015anie\u017cka przez Wang, Samotni\u0119, Strzech\u0119 Akademick\u0105 &#8211; niebieski szlak do schroniska Dom \u015al\u0105ski<\/a><ul class='ez-toc-list-level-3' ><li class='ez-toc-heading-level-3'><a class=\"ez-toc-link ez-toc-heading-10\" href=\"https:\/\/www.skalnik.pl\/blog\/korona-gor-polski-sniezka\/#Szlak_czerwony_%E2%80%93_tzw_zakosami\" >Szlak czerwony &#8211; tzw.\nzakosami<\/a><\/li><li class='ez-toc-page-1 ez-toc-heading-level-3'><a class=\"ez-toc-link ez-toc-heading-11\" href=\"https:\/\/www.skalnik.pl\/blog\/korona-gor-polski-sniezka\/#Szlak_niebieski_%E2%80%93_Droga_Jubileuszowa\" >Szlak niebieski &#8211;\nDroga Jubileuszowa<\/a><\/li><\/ul><\/li><li class='ez-toc-page-1 ez-toc-heading-level-2'><a class=\"ez-toc-link ez-toc-heading-12\" href=\"https:\/\/www.skalnik.pl\/blog\/korona-gor-polski-sniezka\/#Sniezka_%E2%80%93_trzeci_najwyzszy_szczyt_KGP\" >\u015anie\u017cka &#8211; trzeci\nnajwy\u017cszy szczyt KGP<\/a><\/li><li class='ez-toc-page-1 ez-toc-heading-level-2'><a class=\"ez-toc-link ez-toc-heading-13\" href=\"https:\/\/www.skalnik.pl\/blog\/korona-gor-polski-sniezka\/#Ciekawostki\" >Ciekawostki<\/a><\/li><\/ul><\/nav><\/div>\n<h2 class=\"wp-block-heading\"><span class=\"ez-toc-section\" id=\"Sniezka_%E2%80%93_szczyt_KGP_ktory_przyciaga_od_dawna\"><\/span>\u015anie\u017cka &#8211; szczyt KGP, kt\u00f3ry przyci\u0105ga od dawna<span class=\"ez-toc-section-end\"><\/span><\/h2>\n\n\n\n<p>Trudno jednoznacznie stwierdzi\u0107, kiedy\nzosta\u0142a zdobyta \u015anie\u017cka po raz pierwszy. Z kart historii wiemy\njednak, \u017ce przynajmniej od XVI w. \u015anie\u017cka by\u0142a celem wypraw\nnaukowych, a nawet turystycznych. W tym te\u017c czasie dokonano jej\npierwszych pomiar\u00f3w, kt\u00f3re dawa\u0142y kr\u00f3lowej Sudet\u00f3w nawet 5880 m.\nNa owe czasy i znajomo\u015b\u0107 g\u00f3r \u015bwiata, uplasowa\u0142o to karkonoski\nszczyt na li\u015bcie najwy\u017cszych g\u00f3r na \u015bwiecie. Od tamtego czasu\n\u015anie\u017cka troch\u0119 zmala\u0142a w oczach ludzi, ale wci\u0105\u017c jest\nnajwybitniejszym szczytem w Polsce. \n<\/p>\n\n\n\n<p>Rozw\u00f3j turystyki sprawi\u0142, \u017ce&nbsp;szczyt z&nbsp;czasem sta\u0142 si\u0119 jedn\u0105 z&nbsp;najch\u0119tniej odwiedzanych g\u00f3r w&nbsp;tej cz\u0119\u015bci Europy. G\u00f3r\u0119 zdobywano zazwyczaj w dwa dni. Pierwszy po\u015bwi\u0119cano na doj\u015bcie do miejsca, gdzie stoi dzi\u015b Schronisko Strzecha Akademicka. Potwierdzi\u0107 mo\u017ce to&nbsp;tak\u017ce fakt, \u017ce&nbsp;to w\u0142a\u015bnie u&nbsp;st\u00f3p tej g\u00f3ry w&nbsp;XIX w.&nbsp;powsta\u0142a pierwsza w&nbsp;Europie licencjonowana organizacja przewodnik\u00f3w g\u00f3rskich. Popularno\u015b\u0107 szczytu nie s\u0142abnie i&nbsp;w sezonie, ka\u017cdego dnia szturmuje \u015anie\u017ck\u0119 du\u017ca liczba turyst\u00f3w. Liczb\u0119 t\u0119&nbsp;pot\u0119guje czeski wyci\u0105g na&nbsp;\u015anie\u017ck\u0119 oraz polski wyci\u0105g na&nbsp;Kop\u0119 z&nbsp;Karpacza. Widoczna \u015anie\u017cka z&nbsp;Kopy wydaje si\u0119 na&nbsp;wyci\u0105gni\u0119cie r\u0119ki, cho\u0107 niejednokrotnie panuj\u0105ce w&nbsp;g\u00f3rach warunki sprawiaj\u0105, \u017ce&nbsp;wcale nie jest tak \u0142atwo. Z g\u00f3rnej stacji kolejki do pokonania jest nieca\u0142e 300 m przewy\u017csze\u0144, bowiem le\u017cy ona na wysoko\u015bci 1325 m n.p.m.<\/p>\n\n\n<div class=\"wp-block-image\">\n<figure class=\"aligncenter size-large\"><img loading=\"lazy\" decoding=\"async\" width=\"600\" height=\"364\" src=\"https:\/\/skalnik.pl\/blog\/wp-content\/uploads\/2020\/02\/poczt\u00f3wka-1905-1.jpg\" alt=\"\u015bniezka stara poczt\u00f3wka\" class=\"wp-image-11390\" srcset=\"https:\/\/www.skalnik.pl\/blog\/wp-content\/uploads\/2020\/02\/poczt\u00f3wka-1905-1.jpg 600w, https:\/\/www.skalnik.pl\/blog\/wp-content\/uploads\/2020\/02\/poczt\u00f3wka-1905-1-300x182.jpg 300w\" sizes=\"auto, (max-width: 600px) 100vw, 600px\" \/><figcaption class=\"wp-element-caption\"><em>Szczyt \u015anie\u017cki na poczt\u00f3wce z 1906 r. <\/em><br><em>(\u017ar\u00f3d\u0142o: Ksi\u0105\u017cnica Karkonoska; domena publiczna)<\/em><\/figcaption><\/figure>\n<\/div>\n\n\n<h2 class=\"wp-block-heading\"><span class=\"ez-toc-section\" id=\"Sniezka_gdzie_zaparkowac_gdzie_nocowac_skad_wyruszyc\"><\/span>\u015anie\u017cka: gdzie\nzaparkowa\u0107, gdzie nocowa\u0107, sk\u0105d wyruszy\u0107<span class=\"ez-toc-section-end\"><\/span><\/h2>\n\n\n\n<p>Bez w\u0105tpienia najpopularniejsze\nmiejsce startu na \u015anie\u017ck\u0119 to Karpacz. Bogata baza turystyczna i\nrozwini\u0119ta infrastruktura szlak\u00f3w turystycznych sprawia, \u017ce\nnajcz\u0119\u015bciej zdobywana jest \u015anie\u017cka z Karpacza. W mie\u015bcie nie\nbrakuje miejsc parkingowych, cho\u0107 zazwyczaj s\u0105 to miejsca p\u0142atne.\nWyruszaj\u0105c z Karpacza na \u015anie\u017ck\u0119 najlepiej wybra\u0107 jeden z\nparking\u00f3w w okolicach Ko\u015bcio\u0142a Wang lub na ul. Olimpijskiej,\nnieopodal dolnej stacji wyci\u0105gu na Kop\u0119. Z tych miejsc w kierunku\n\u015anie\u017cki wiedzie kilka szlak\u00f3w. \n<\/p>\n\n\n\n<p>Jako start na \u015anie\u017ck\u0119 mo\u017cna wybra\u0107 r\u00f3wnie\u017c czeski Pec pod Sn\u011b\u017ekou (st\u0105d te\u017c startuje jedyny wyci\u0105g na szczyt \u015anie\u017cki) b\u0105d\u017a Prze\u0142\u0119cz Okraj, na kt\u00f3r\u0105 mo\u017cna dojecha\u0107 samochodem. Tu\u017c przy szlakach z Pecu i Prze\u0142\u0119czy Okraj znajduj\u0105 si\u0119 parkingi.<\/p>\n\n\n\n<p>\u015anie\u017cka to szczyt, kt\u00f3ry zdob\u0119dziesz w czasie jednodniowej wycieczki. Przed wyjazdem dobrze zapoznaj si\u0119 ze szlakami na \u015anie\u017ck\u0119. Opcji jest wiele, bo szczyt mo\u017cna zdoby\u0107 r\u00f3\u017cnymi szlakami: z Polski, od strony czeskiej, wybra\u0107 najbardziej malownicz\u0105 drog\u0119 lub najkr\u00f3tszy szlak. Karkonosze s\u0105 dobrze zagospodarowane turystycznie. Opr\u00f3cz du\u017cej ilo\u015bci szlak\u00f3w, istnieje tu wiele schronisk. Mo\u017ce warto wybra\u0107 jedno z nich na nocleg? Przed wej\u015bciem na \u015anie\u017ck\u0119 mo\u017cesz odpocz\u0105\u0107, zanocowa\u0107 lub zje\u015b\u0107 w takich schroniskach jak Schronisko Strzecha Akademicka, Schronisko PTTK Samotnia czy Dom \u015al\u0105ski. Wspania\u0142e widoki czekaj\u0105!  <\/p>\n\n\n\n<h2 class=\"wp-block-heading\"><span class=\"ez-toc-section\" id=\"Zanim_ruszysz_na_szlaki_na_Sniezke\"><\/span>Zanim ruszysz na szlaki na \u015anie\u017ck\u0119<span class=\"ez-toc-section-end\"><\/span><\/h2>\n\n\n\n<p>Kilka \u201ctip\u00f3w\u201d zanim wyjdziesz na g\u00f3rski szlak. Zaplanuj wycieczk\u0119. Mo\u017cesz skorzystac w tym celu z serwisu <a aria-label=\"mapa-turystyczna.pl (otwiera si\u0119 na nowej zak\u0142adce)\" href=\"https:\/\/mapa-turystyczna.pl\" target=\"_blank\" rel=\"nofollow, noopener noreferrer\">mapa-turystyczna.pl<\/a>. Pami\u0119taj, \u017ce \u015anie\u017cka le\u017cy w Karkonoskim Parku Narodowym. Wst\u0119p do parku jest biletowany. Bilety mo\u017cna kupi\u0107 w kasach na pocz\u0105tku szlaku, przez smartfon lub internetowo. Na szlakach zdarzaj\u0105 si\u0119 kontrole bilet\u00f3w, cho\u0107 warto pami\u0119ta\u0107 r\u00f3wnie\u017c, \u017ce kupuj\u0105c bilet wspierasz te\u017c goprowc\u00f3w. Cz\u0119\u015b\u0107 wp\u0142yw\u00f3w z ka\u017cdego biletu wspomaga prac\u0119 ratownik\u00f3w GOPR.<\/p>\n\n\n<div class=\"wp-block-image\">\n<figure class=\"aligncenter size-large\"><img loading=\"lazy\" decoding=\"async\" width=\"1022\" height=\"575\" src=\"https:\/\/skalnik.pl\/blog\/wp-content\/uploads\/2020\/02\/2GK-GOPR-\u0141ukasz-podg\u00f3rski-Pixabay-1024x682-1.jpg\" alt=\"karkonoska grupa gopr\" class=\"wp-image-11515\" srcset=\"https:\/\/www.skalnik.pl\/blog\/wp-content\/uploads\/2020\/02\/2GK-GOPR-\u0141ukasz-podg\u00f3rski-Pixabay-1024x682-1.jpg 1022w, https:\/\/www.skalnik.pl\/blog\/wp-content\/uploads\/2020\/02\/2GK-GOPR-\u0141ukasz-podg\u00f3rski-Pixabay-1024x682-1-300x169.jpg 300w, https:\/\/www.skalnik.pl\/blog\/wp-content\/uploads\/2020\/02\/2GK-GOPR-\u0141ukasz-podg\u00f3rski-Pixabay-1024x682-1-768x432.jpg 768w\" sizes=\"auto, (max-width: 1022px) 100vw, 1022px\" \/><figcaption class=\"wp-element-caption\">  <em>W Sudetach Zachodnich pomocy udziela Grupa Karkonoska GOPR. <\/em><br><em>Zapisz w telefonie numer ratunkowy w g\u00f3rach 985 lub 601 100 300 oraz pobierz na smartfon aplikacj\u0119 Ratunek. (fot. \u0141ukasz Podg\u00f3rski, pixabay)<\/em>  <\/figcaption><\/figure>\n<\/div>\n\n\n<p>W Karkonoszach nad bezpiecze\u0144stwem turyst\u00f3w czuwa Grupa Karkonoska GOPR, a po stronie czeskiej Horsk\u00e1 slu\u017eba Krkono\u0161e. Na stronie polskich ratownik\u00f3w g\u00f3rskich z Karkonoszy &#8211; <a rel=\"nofollow, noopener noreferrer\" aria-label=\" (otwiera si\u0119 na nowej zak\u0142adce)\" href=\"http:\/\/www.gopr.org\/\" target=\"_blank\">www.gopr.org<\/a> &#8211; codziennie znajdziesz komunikat o warunkach panuj\u0105cych w g\u00f3rach. Lista i mapa zamkni\u0119tych szlak\u00f3w w Karkonoszach znajduje si\u0119 natomiast na stronie tej <a rel=\"nofollow, noopener noreferrer\" aria-label=\"podstronie serwisu KPN (otwiera si\u0119 na nowej zak\u0142adce)\" href=\"https:\/\/kpnmab.pl\/ostrzezenia\" target=\"_blank\">podstronie serwisu KPN<\/a>. Szlaki zamykane s\u0105 najcz\u0119\u015bciej z powodu zagro\u017cenia lawinowego lub ze wzgl\u0119du na ochron\u0119 przyrody (m.in. soko\u0142a w\u0119drownego i cietrzewia).  <\/p>\n\n\n\n<figure class=\"wp-block-image size-large\"><img loading=\"lazy\" decoding=\"async\" width=\"1024\" height=\"350\" src=\"https:\/\/skalnik.pl\/blog\/wp-content\/uploads\/2020\/07\/gopr-hs-1.jpg\" alt=\"telefony alarmowe w g\u00f3rach polska i czechy\" class=\"wp-image-12933\" srcset=\"https:\/\/www.skalnik.pl\/blog\/wp-content\/uploads\/2020\/07\/gopr-hs-1.jpg 1024w, https:\/\/www.skalnik.pl\/blog\/wp-content\/uploads\/2020\/07\/gopr-hs-1-300x103.jpg 300w, https:\/\/www.skalnik.pl\/blog\/wp-content\/uploads\/2020\/07\/gopr-hs-1-768x263.jpg 768w\" sizes=\"auto, (max-width: 1024px) 100vw, 1024px\" \/><\/figure>\n\n\n\n<p>Karkonoski Park Narodowy to miejsce\ncenne przyrodniczo. Z tego powodu ruch turystyczny mo\u017ce odbywa\u0107\ntylko po wyznaczonych szlakach. Nie schod\u017a ze \u015bcie\u017cki, a tak\u017ce\nplanuj wycieczki tak, by porusza\u0107 si\u0119 od \u015bwitu do zmroku. Na\nterenie parku (z niewielkimi wyj\u0105tkami) nie wolno porusza\u0107 si\u0119\nnoc\u0105. To pora, gdy g\u00f3ry te pozostawiamy dla zwierz\u0105t.<\/p>\n\n\n\n<h2 class=\"wp-block-heading\"><span class=\"ez-toc-section\" id=\"Sniezka_%E2%80%93_szlaki\"><\/span>\u015anie\u017cka &#8211; szlaki <span class=\"ez-toc-section-end\"><\/span><\/h2>\n\n\n\n<p>Jak wej\u015b\u0107 na \u015anie\u017ck\u0119? Gdyby na szczyt wiod\u0142a jedna droga sprawa by\u0142aby prostsza. Prawda jest taka, \u017ce na \u015anie\u017ck\u0119 mo\u017cna wej\u015b\u0107 wieloma szlakami, a za ka\u017cdym przemawia jaki\u015b atut. Zasady zdobywania Korony G\u00f3r Polski nie okre\u015blaj\u0105, kt\u00f3r\u0105 drog\u0105 masz wej\u015b\u0107 na szczyt, wi\u0119c zale\u017cy to od ciebie. Skupi\u0119 si\u0119 na szlakach prowadz\u0105cych z Polski, cho\u0107 wej\u015bcie na \u015anie\u017ck\u0119 z Czech przez Ob\u0159\u00ed D\u016fl, czy urokliwe miejsce jakim jest Horsk\u00e1 bouda R\u016f\u017eohorky, to te\u017c godne polecenia wycieczki. A zatem jaki szlak wybra\u0107?<\/p>\n\n\n\n<h3 class=\"wp-block-heading\"><span class=\"ez-toc-section\" id=\"Sniezka_przez_Sowia_Doline_i_Czarny_Grzbiet\"><\/span>\u015anie\u017cka przez Sowi\u0105\nDolin\u0119 i Czarny Grzbiet<span class=\"ez-toc-section-end\"><\/span><\/h3>\n\n\n\n<p>Czas przej\u015bcia: 3:40 h<br>Dystans: 8 km<\/p>\n\n\n\n<p>Na pocz\u0105tek jedyna trasa, kt\u00f3ra nie poprowadzi przez Schronisko Dom \u015al\u0105ski. Wariant ten to&nbsp;jedna z&nbsp;d\u0142u\u017cszych wycieczek, kt\u00f3ra prowadzi te\u017c najd\u0142u\u017cej wysokimi partiami Karkonoszy, dok\u0142adniej m\u00f3wi\u0105c Czarnym Grzbietem. \u017beby t\u0105&nbsp;drog\u0105 osi\u0105gn\u0105\u0107 szczyt \u015anie\u017cki musisz podej\u015b\u0107 ponad kilometr przewy\u017csze\u0144, zak\u0142adaj\u0105c start przy Kruczych Ska\u0142ach w&nbsp;Karpaczu. Nagrod\u0105 na&nbsp;tej trasie jest w\u0119dr\u00f3wka Sowi\u0105 Dolin\u0105 a\u017c na Sowi\u0105 Prze\u0142\u0119cz, mo\u017cliwo\u015b\u0107 postoju w&nbsp;czeskim schronisku Jelenka, gdzie mo\u017cesz zje\u015b\u0107 dobr\u0105 zup\u0119 oraz widoki z&nbsp;Czarnego Grzbietu. Zim\u0105 raczej nie licz tu&nbsp;na przetarte szlaki.<\/p>\n\n\n\n<p>Podobn\u0105 tras\u0105 mo\u017cna doj\u015b\u0107 na&nbsp;\u015anie\u017ck\u0119 z&nbsp;Prze\u0142\u0119czy Okraj. Szlak Prze\u0142\u0119cz Okraj \u2013&nbsp;\u015anie\u017cka \u0142\u0105czy si\u0119 ze&nbsp;szlakiem przez Sowi\u0105 Dolin\u0119 na&nbsp;Sowiej Prze\u0142\u0119czy. Z Okraju mo\u017cna wyruszy\u0107 na \u015anie\u017ck\u0119 te\u017c przez Skalny St\u00f3\u0142. Sowia Prze\u0142\u0119cz to ciekawy w\u0119ze\u0142 szlak\u00f3w.<\/p>\n\n\n\n<p>Dalej droga biegnie przez Jelenk\u0119 i&nbsp;Czarn\u0105 Kop\u0119. Wybieraj\u0105c t\u0119 opcj\u0119 b\u0119dziemy porusza\u0107 si\u0119 tak\u017ce po czeskiej stronie granicy. Trzeba zabra\u0107 dokumenty, ale te\u017c warto pomy\u015ble\u0107 o ubezpieczeniu.<\/p>\n\n\n<div class=\"wp-block-image\">\n<figure class=\"aligncenter size-large\"><img loading=\"lazy\" decoding=\"async\" width=\"1024\" height=\"576\" src=\"https:\/\/skalnik.pl\/blog\/wp-content\/uploads\/2020\/02\/czarny-grzbiet-szlak-na-\u015bnie\u017ck\u0119.png\" alt=\"czarny grzbiet\" class=\"wp-image-11490\" srcset=\"https:\/\/www.skalnik.pl\/blog\/wp-content\/uploads\/2020\/02\/czarny-grzbiet-szlak-na-\u015bnie\u017ck\u0119.png 1024w, https:\/\/www.skalnik.pl\/blog\/wp-content\/uploads\/2020\/02\/czarny-grzbiet-szlak-na-\u015bnie\u017ck\u0119-300x169.png 300w, https:\/\/www.skalnik.pl\/blog\/wp-content\/uploads\/2020\/02\/czarny-grzbiet-szlak-na-\u015bnie\u017ck\u0119-768x432.png 768w\" sizes=\"auto, (max-width: 1024px) 100vw, 1024px\" \/><figcaption class=\"wp-element-caption\"><em>D\u0142ugie, ale pi\u0119kne podej\u015bcie na \u015anie\u017ck\u0119 wiedzie przez Czarn\u0105 Kop\u0119 i Czarny Grzbiet. (fot. S\u0142awek Nosal)<\/em><\/figcaption><\/figure>\n<\/div>\n\n\n<h3 class=\"wp-block-heading\"><span class=\"ez-toc-section\" id=\"Sniezka_przez_Kociol_Lomniczki_%E2%80%93_czerwony_szlak_zamkniety_zima\"><\/span>\u015anie\u017cka przez Kocio\u0142 \u0141omniczki &#8211; czerwony szlak zamkni\u0119ty zim\u0105<span class=\"ez-toc-section-end\"><\/span><\/h3>\n\n\n\n<p>Czas przej\u015bcia: 3:30 h<br>Dystans: 7,3 km <\/p>\n\n\n\n<p>Wszystkie nast\u0119pne propozycje b\u0119d\u0105\nwi\u0105za\u0107 si\u0119 z przej\u015bciem przez Dom \u015al\u0105ski i wyborem jednego z\ndw\u00f3ch szlak\u00f3w, kt\u00f3re doprowadzaj\u0105 ju\u017c na szczyt: \n<\/p>\n\n\n\n<ol class=\"wp-block-list\">\n<li>szlaku niebieskiego &#8211; tzw. Drogi Jubileuszowej (\u0142agodniejszy, zamkni\u0119ty zim\u0105) <\/li>\n\n\n\n<li>szlaku czerwonego &#8211; tzw. zakos\u00f3w (bardziej stromy, zim\u0105 bardzo \u015bliski i wymagaj\u0105cy cz\u0119sto sprz\u0119tu takiego jak raki lub <a href=\"https:\/\/www.skalnik.pl\/sprzet-zimowy\/turystyka-zimowa\/turystyka-zimowa-raki-raczki\" target=\"_blank\" rel=\"noopener\" title=\"\">raczki turystyczne<\/a>). <\/li>\n<\/ol>\n\n\n\n<p>Czerwony szlak przez Kocio\u0142 \u0141omniczki to jeden z najciekawszych, najtrudniejszych i najkr\u00f3tszych szlak\u00f3w na \u015anie\u017ck\u0119. Trasa ta jest fragmentem G\u0142\u00f3wnego Szlaku Sudeckiego (GSS). Startuj\u0105c z okolic skoczni Orlinek po ok. 3 godz. mo\u017cesz by\u0107 na szczycie. Droga wiedzie najg\u0142\u0119bszym z karkonoskich kot\u0142\u00f3w polodowcowych. Po drodze obejrzysz kaskady \u0141omniczki i symboliczny cmentarz ludzi g\u00f3r, na kt\u00f3rym znajduje si\u0119 te\u017c tabliczka po\u015bwi\u0119cona W\u0142odzimierzowi Szcz\u0119snemu &#8211; za\u0142o\u017cycielowi Skalnika. <\/p>\n\n\n\n<p>Pami\u0119taj, \u017ce&nbsp;Schronisko PTTK w&nbsp;Kotle \u0141omniczki jest obecnie zamkni\u0119te, a&nbsp;szlak ten jest zamkni\u0119ty zim\u0105 ze&nbsp;wzgl\u0119du na&nbsp;zagro\u017cenie lawinowe, co oznacza, \u017ce G\u0142\u00f3wny Szlak Sudecki nie jest do przej\u015bcia zim\u0105 po swym kanonicznym przebiegu. To&nbsp;miejsce pami\u0119ta niejeden wypadek lawinowy, w&nbsp;kt\u00f3rym gin\u0119li ludzie. Obieraj\u0105c t\u0119&nbsp;tras\u0119 przejdziesz przez schronisko Dom \u015al\u0105ski. Tu\u017c przed nim czeka ci\u0119 bardzo, bardzo strome podej\u015bcie.  <\/p>\n\n\n\n<p class=\"has-white-color has-vivid-cyan-blue-background-color has-text-color has-background\">O karkonoskich lawinach czytaj &#8211;&gt; <a aria-label=\"tutaj (otwiera si\u0119 na nowej zak\u0142adce)\" href=\"https:\/\/skalnik.pl\/blog\/lawiny-w-karkonoszach\/\" target=\"_blank\" rel=\"noreferrer noopener\"><strong>tutaj<\/strong><\/a>.  <\/p>\n\n\n<div class=\"wp-block-image\">\n<figure class=\"aligncenter size-large\"><img loading=\"lazy\" decoding=\"async\" width=\"1024\" height=\"681\" src=\"https:\/\/skalnik.pl\/blog\/wp-content\/uploads\/2020\/02\/dom-\u015bl\u0105ski_-jerzy-w\u00f3jcik-Niestandardowy.jpg\" alt=\"Som \u015al\u0105ski schronisko\" class=\"wp-image-11391\" srcset=\"https:\/\/www.skalnik.pl\/blog\/wp-content\/uploads\/2020\/02\/dom-\u015bl\u0105ski_-jerzy-w\u00f3jcik-Niestandardowy.jpg 1024w, https:\/\/www.skalnik.pl\/blog\/wp-content\/uploads\/2020\/02\/dom-\u015bl\u0105ski_-jerzy-w\u00f3jcik-Niestandardowy-300x200.jpg 300w, https:\/\/www.skalnik.pl\/blog\/wp-content\/uploads\/2020\/02\/dom-\u015bl\u0105ski_-jerzy-w\u00f3jcik-Niestandardowy-768x511.jpg 768w\" sizes=\"auto, (max-width: 1024px) 100vw, 1024px\" \/><figcaption class=\"wp-element-caption\"><em>Schronisko Dom \u015al\u0105ski (fot. Jerzy W\u00f3jcik, pixabay)<\/em><\/figcaption><\/figure>\n<\/div>\n\n\n<h3 class=\"wp-block-heading\"><span class=\"ez-toc-section\" id=\"Sniezka_czarnym_szlakiem_do_Domu_Slaskiego\"><\/span>\u015anie\u017cka czarnym\nszlakiem do Domu \u015al\u0105skiego  \n<span class=\"ez-toc-section-end\"><\/span><\/h3>\n\n\n\n<p>Czas przej\u015bcia: 3:25 h<br>Dystans: 7,3 km  <\/p>\n\n\n\n<p>To r\u00f3wnie\u017c jedna z najszybszych dr\u00f3g na trzeci szczyt Korony G\u00f3r Polski. Szlak dost\u0119pny jest r\u00f3wnie\u017c zim\u0105. Je\u015bli wybierasz t\u0119 drog\u0119 to masz przed sob\u0105 6 kilometr\u00f3w w\u0119dr\u00f3wki pod g\u00f3r\u0119, co powinno zaj\u0105\u0107 oko\u0142o 3 godziny. Po drodze przejdziesz nieopodal Bia\u0142ego Jaru &#8211; miejsca, w kt\u00f3rym wydarzy\u0142 si\u0119 najwi\u0119kszy wypadek lawinowy w polskich g\u00f3rach. Pami\u0119taj, by zim\u0105 pod \u017cadnym pozorem nie zbacza\u0107 tu na \u017c\u00f3\u0142ty szlak do Strzechy Akademickiej. Czarny szlak zaprowadzi ci\u0119 do Domu \u015al\u0105skiego. Tu\u017c przed nim miniesz \u0142\u0105cznik z g\u00f3rn\u0105 stacj\u0105 kolejki linowej na Kop\u0119.  <\/p>\n\n\n\n<h3 class=\"wp-block-heading\"><span class=\"ez-toc-section\" id=\"Zoltym_szlakiem_na_szczyt_Sniezki\"><\/span>\u017b\u00f3\u0142tym szlakiem na szczyt \u015anie\u017cki<span class=\"ez-toc-section-end\"><\/span><\/h3>\n\n\n\n<p>Czas przej\u015bcia: 3:40 h<br>Dystans: 8,4 km  <\/p>\n\n\n\n<p>Kolejny szlak na&nbsp;\u015anie\u017ck\u0119 z&nbsp;Karpacza to&nbsp;szlak \u017c\u00f3\u0142ty do&nbsp;schroniska Strzecha Akademicka i przez tzw. Kocio\u0142 Bia\u0142ego Jaru, b\u0119d\u0105c tak na prawd\u0119 nisz\u0105 niwaln\u0105. Id\u0105c \u017c\u00f3\u0142tym szlakiem mo\u017cesz zobaczy\u0107 najpierw kamie\u0144 z rytem sa\u0144, a nast\u0119pnie miejsce tragicznej lawiny z 1968 r. Droga ta s\u0142u\u017cy\u0142a bowiem kiedy\u015b jako tor saneczkowy. Ze schroniska drog\u0119 na \u015anie\u017ck\u0119 mo\u017cna kontynuowa\u0107:<\/p>\n\n\n\n<ol class=\"wp-block-list\">\n<li>niebieskim szlakiem (do Spalonej Stra\u017cnicy) &#8211; szlakiem czerwonym\/niebieskim (od Domu \u015al\u0105skiego) <\/li>\n\n\n\n<li>\u017c\u00f3\u0142tym szlakiem &#8211; czarnym szlakiem &#8211; szlakiem czerwonym\/niebieskim (z Domu \u015al\u0105skiego)  <\/li>\n<\/ol>\n\n\n\n<p>Pami\u0119taj, \u017ce zim\u0105 zamkni\u0119ty jest niebieski szlak pod sam\u0105 \u015anie\u017ck\u0105 (wariant \u201c1\u201d), a na drugiej trasie (wariant \u201c2\u201d) nie mo\u017cesz i\u015b\u0107 trawersem przez Bia\u0142y Jar (szlak \u017c\u00f3\u0142ty za Strzech\u0105 Akademick\u0105).  <\/p>\n\n\n<div class=\"wp-block-image\">\n<figure class=\"aligncenter size-large\"><img loading=\"lazy\" decoding=\"async\" width=\"1024\" height=\"675\" src=\"https:\/\/skalnik.pl\/blog\/wp-content\/uploads\/2018\/03\/bialyjar2018-1024x675.jpg\" alt=\"bia\u0142 jar nisza niwalna\" class=\"wp-image-3166\" srcset=\"https:\/\/www.skalnik.pl\/blog\/wp-content\/uploads\/2018\/03\/bialyjar2018-1024x675.jpg 1024w, https:\/\/www.skalnik.pl\/blog\/wp-content\/uploads\/2018\/03\/bialyjar2018-300x198.jpg 300w, https:\/\/www.skalnik.pl\/blog\/wp-content\/uploads\/2018\/03\/bialyjar2018-768x506.jpg 768w\" sizes=\"auto, (max-width: 1024px) 100vw, 1024px\" \/><figcaption class=\"wp-element-caption\">Bia\u0142y Jar &#8211; lawiniasta nisza niwalna. To tu w 1968 r. dosz\u0142o do najwi\u0119kszego wypadku lawinowego w polskich g\u00f3rach. (fot. S\u0142awek Nosal)<\/figcaption><\/figure>\n<\/div>\n\n\n<h2 class=\"wp-block-heading\"><span class=\"ez-toc-section\" id=\"Sniezka_przez_Wang_Samotnie_Strzeche_Akademicka_%E2%80%93_niebieski_szlak_do_schroniska_Dom_Slaski\"><\/span><strong>\u015anie\u017cka przez Wang, Samotni\u0119, Strzech\u0119 Akademick\u0105 &#8211; niebieski szlak do schroniska Dom \u015al\u0105ski<\/strong><span class=\"ez-toc-section-end\"><\/span><\/h2>\n\n\n\n<p>Czas przej\u015bcia: 3:35 h<br>Dystans: 9,3 km  <\/p>\n\n\n\n<p>Na koniec zostawi\u0142em ostatni\u0105, wprawdzie najd\u0142u\u017csz\u0105, ale te\u017c najatrakcyjniejsz\u0105 tras\u0119. Tras\u0119 Karpacz G\u00f3rny \u2013&nbsp;Wang \u2013&nbsp;Polana \u2013&nbsp;Schronisko Samotnia \u2013&nbsp;Schronisko Strzech Akademicka \u2013&nbsp;Dom \u015al\u0105ski \u2013&nbsp;\u015anie\u017cka opisz\u0119 bardziej szczeg\u00f3\u0142owo. Wybieram j\u0105&nbsp;do takiego opisu dlatego, \u017ce&nbsp;ta droga poprowadzi ci\u0119 przez najwi\u0119ksze atrakcje turystyczne tej cz\u0119\u015bci Karkonoszy. <\/p>\n\n\n\n<div style=\"max-width:1000px;overflow:hidden;margin:0 auto;min-width:300px;\"><iframe src=\"https:\/\/mapa-turystyczna.pl\/map\/widget\/route\/h1l0p1\/6gel.html\" style=\"width:100%;border:0;\" height=\"800\" frameborder=\"0\"><\/iframe><a href=\"https:\/\/mapa-turystyczna.pl\/route\/6gel?utm_source=external_web&amp;utm_medium=widget&amp;utm_campaign=route_widget\" target=\"_blank\" style=\"color:#999;padding:7px 0;font-size: 13px;font-family:Roboto,Arial,sans-serif;display: inline-block;\" rel=\"noopener noreferrer\">Trasa: Karpacz, skrzy\u017cowanie przy Ko\u015bciele Wang \u2013 \u015anie\u017cka | mapa-turystyczna.pl<\/a><\/div>\n\n\n\n<p>Wycieczk\u0119 rozpocznij w G\u00f3rnym Karpaczu. Nast\u0119pnie wybierz niebieski szlak, kt\u00f3ry zaprowadzi ci\u0119 najpierw do unikatowego Ko\u015bcio\u0142a Wang. Jest to dzi\u015b ewangelicka \u015bwi\u0105tynia, kt\u00f3ra w XIX w. zosta\u0142a przeniesiona w to miejsce z Norwegii. Ko\u015bci\u00f3\u0142 ten powsta\u0142 w&nbsp;ojczy\u017anie Wiking\u00f3w ju\u017c na&nbsp;prze\u0142omie XII i&nbsp;XIII w. i czasem bywa, \u017ce jest okre\u015blany najstarsz\u0105 drewnian\u0105 \u015bwi\u0105tyni\u0105 w Polsce, cho\u0107 zdania s\u0105 podzielone.<\/p>\n\n\n<div class=\"wp-block-image\">\n<figure class=\"aligncenter size-large\"><img loading=\"lazy\" decoding=\"async\" width=\"1024\" height=\"686\" src=\"https:\/\/skalnik.pl\/blog\/wp-content\/uploads\/2020\/02\/kosciol-wang.jpg\" alt=\"ko\u015bci\u00f3\u0142ek wang\" class=\"wp-image-11491\" srcset=\"https:\/\/www.skalnik.pl\/blog\/wp-content\/uploads\/2020\/02\/kosciol-wang.jpg 1024w, https:\/\/www.skalnik.pl\/blog\/wp-content\/uploads\/2020\/02\/kosciol-wang-300x201.jpg 300w, https:\/\/www.skalnik.pl\/blog\/wp-content\/uploads\/2020\/02\/kosciol-wang-768x515.jpg 768w\" sizes=\"auto, (max-width: 1024px) 100vw, 1024px\" \/><figcaption class=\"wp-element-caption\">Drewniany ko\u015bci\u00f3\u0142 Wang z XII\/XIII w. (fot. Marcin Nosal)  <\/figcaption><\/figure>\n<\/div>\n\n\n<p>Niebieski szlak zaprowadzi ci\u0119 dalej\ndo miejsca zwanego Polan\u0105. Dawniej sta\u0142o w tej okolicy kilka\nschronisk. Najwi\u0119ksze z nich \u2013 zwane po II Wojnie \u015awiatowej\nSchroniskiem im. Bronka Czecha \u2013 strawi\u0142 po\u017car w grudniu 1966 r.\nZ Polany pod\u0105\u017caj dalej szlakiem niebieskim, kt\u00f3ry tu skr\u0119ca w\nlewo, czyli w kierunku wschodnim. St\u0105d masz 45 minut w\u0119dr\u00f3wki do\nSamotni, kt\u00f3ra uznawana jest za najpi\u0119kniejsze schronisko w\nKarkonoszach. \n<\/p>\n\n\n<div class=\"wp-block-image\">\n<figure class=\"aligncenter size-large\"><img loading=\"lazy\" decoding=\"async\" width=\"1024\" height=\"682\" src=\"https:\/\/skalnik.pl\/blog\/wp-content\/uploads\/2020\/02\/samotnia_\u0142ukasz-podg\u00f3rski-pixabay-1024x682.jpg\" alt=\"schronisko samotnia w kotle ma\u0142ego stawu\" class=\"wp-image-11509\" srcset=\"https:\/\/www.skalnik.pl\/blog\/wp-content\/uploads\/2020\/02\/samotnia_\u0142ukasz-podg\u00f3rski-pixabay-1024x682.jpg 1024w, https:\/\/www.skalnik.pl\/blog\/wp-content\/uploads\/2020\/02\/samotnia_\u0142ukasz-podg\u00f3rski-pixabay-300x200.jpg 300w, https:\/\/www.skalnik.pl\/blog\/wp-content\/uploads\/2020\/02\/samotnia_\u0142ukasz-podg\u00f3rski-pixabay-768x512.jpg 768w, https:\/\/www.skalnik.pl\/blog\/wp-content\/uploads\/2020\/02\/samotnia_\u0142ukasz-podg\u00f3rski-pixabay.jpg 1280w\" sizes=\"auto, (max-width: 1024px) 100vw, 1024px\" \/><figcaption class=\"wp-element-caption\">Samotnia zim\u0105. (fot. \u0141ukasz Podg\u00f3rski, pixabay)<\/figcaption><\/figure>\n<\/div>\n\n\n<p>Po drodze do Samotni miniesz z lewej strony Domek My\u015bliwski. Dzi\u015b to miejsce pe\u0142ni funkcj\u0119 o\u015brodka informacyjno-edukacyjnego Karkonoskiego Parku Narodowego. Znajdziesz tu informacje o przyrodzie lub pos\u0142uchasz ciekawych opowie\u015bci pracownik\u00f3w parku b\u0105d\u017a przewodnik\u00f3w sudeckich, kt\u00f3rzy b\u0119d\u0105 dy\u017curowa\u0107 w domku. Tu\u017c za Domkiem My\u015bliwskim mo\u017cna podziwia\u0107 rze\u017ab\u0119 Kot\u0142a Ma\u0142ego Stawu, kt\u00f3ry powsta\u0142 w wyniku dzia\u0142alno\u015bci lokalnego lodowca. Zim\u0105 nie przejdziesz niebieskim szlakiem, ale nie ma powodu do ca\u0142kowitej zmiany plan\u00f3w. Jeszcze przed Domkiem My\u015bliwskim trzeba po prostu wybra\u0107 drog\u0119 transportow\u0105 do Samotni, a nie szlak pod \u015bcianami polodowcowego kot\u0142a. Okresowo szlak na tym samym odcinku bywa zamykany z powodu ochrony soko\u0142a w\u0119drownego.<\/p>\n\n\n<div class=\"page_gallery\">\n\n\t\t<style type=\"text\/css\">\n\t\t\t#gallery-1 {\n\t\t\t\tmargin: auto;\n\t\t\t}\n\t\t\t#gallery-1 .gallery-item {\n\t\t\t\tfloat: left;\n\t\t\t\tmargin-top: 10px;\n\t\t\t\ttext-align: center;\n\t\t\t\twidth: 33%;\n\t\t\t}\n\t\t\t#gallery-1 img {\n\t\t\t\tborder: 2px solid #cfcfcf;\n\t\t\t}\n\t\t\t#gallery-1 .gallery-caption {\n\t\t\t\tmargin-left: 0;\n\t\t\t}\n\t\t\t\/* see gallery_shortcode() in wp-includes\/media.php *\/\n\t\t<\/style>\n\t\t<div id='gallery-1' class='gallery galleryid-11023 gallery-columns-3 gallery-size-large'><dl class='gallery-item'>\n\t\t\t<dt class='gallery-icon landscape'>\n\t\t\t\t<img loading=\"lazy\" decoding=\"async\" width=\"1024\" height=\"682\" src=\"https:\/\/www.skalnik.pl\/blog\/wp-content\/uploads\/2020\/02\/przez-kocio\u0142-ma\u0142aego-stawu1024.jpg\" class=\"attachment-large size-large\" alt=\"\" aria-describedby=\"gallery-1-11506\" srcset=\"https:\/\/www.skalnik.pl\/blog\/wp-content\/uploads\/2020\/02\/przez-kocio\u0142-ma\u0142aego-stawu1024.jpg 1024w, https:\/\/www.skalnik.pl\/blog\/wp-content\/uploads\/2020\/02\/przez-kocio\u0142-ma\u0142aego-stawu1024-300x200.jpg 300w, https:\/\/www.skalnik.pl\/blog\/wp-content\/uploads\/2020\/02\/przez-kocio\u0142-ma\u0142aego-stawu1024-768x512.jpg 768w\" sizes=\"auto, (max-width: 1024px) 100vw, 1024px\" \/>\n\t\t\t<\/dt>\n\t\t\t\t<dd class='wp-caption-text gallery-caption' id='gallery-1-11506'>\n\t\t\t\tSzlak przez Kocio\u0142 Ma\u0142ego Stawu\n\t\t\t\t<\/dd><\/dl><dl class='gallery-item'>\n\t\t\t<dt class='gallery-icon landscape'>\n\t\t\t\t<img loading=\"lazy\" decoding=\"async\" width=\"1024\" height=\"683\" src=\"https:\/\/www.skalnik.pl\/blog\/wp-content\/uploads\/2020\/02\/droga-do-samotni-ma\u0142y-staw-1024.jpg\" class=\"attachment-large size-large\" alt=\"\" aria-describedby=\"gallery-1-11504\" srcset=\"https:\/\/www.skalnik.pl\/blog\/wp-content\/uploads\/2020\/02\/droga-do-samotni-ma\u0142y-staw-1024.jpg 1024w, https:\/\/www.skalnik.pl\/blog\/wp-content\/uploads\/2020\/02\/droga-do-samotni-ma\u0142y-staw-1024-300x200.jpg 300w, https:\/\/www.skalnik.pl\/blog\/wp-content\/uploads\/2020\/02\/droga-do-samotni-ma\u0142y-staw-1024-768x512.jpg 768w\" sizes=\"auto, (max-width: 1024px) 100vw, 1024px\" \/>\n\t\t\t<\/dt>\n\t\t\t\t<dd class='wp-caption-text gallery-caption' id='gallery-1-11504'>\n\t\t\t\tNad Ma\u0142ym Stawem\n\t\t\t\t<\/dd><\/dl><dl class='gallery-item'>\n\t\t\t<dt class='gallery-icon landscape'>\n\t\t\t\t<img loading=\"lazy\" decoding=\"async\" width=\"1024\" height=\"690\" src=\"https:\/\/www.skalnik.pl\/blog\/wp-content\/uploads\/2020\/02\/samotnia1024.jpg\" class=\"attachment-large size-large\" alt=\"\" aria-describedby=\"gallery-1-11505\" srcset=\"https:\/\/www.skalnik.pl\/blog\/wp-content\/uploads\/2020\/02\/samotnia1024.jpg 1024w, https:\/\/www.skalnik.pl\/blog\/wp-content\/uploads\/2020\/02\/samotnia1024-300x202.jpg 300w, https:\/\/www.skalnik.pl\/blog\/wp-content\/uploads\/2020\/02\/samotnia1024-768x518.jpg 768w\" sizes=\"auto, (max-width: 1024px) 100vw, 1024px\" \/>\n\t\t\t<\/dt>\n\t\t\t\t<dd class='wp-caption-text gallery-caption' id='gallery-1-11505'>\n\t\t\t\tSamotnia i \u015bciany kot\u0142a\n\t\t\t\t<\/dd><\/dl><br style=\"clear: both\" \/><dl class='gallery-item'>\n\t\t\t<dt class='gallery-icon landscape'>\n\t\t\t\t<img loading=\"lazy\" decoding=\"async\" width=\"1024\" height=\"683\" src=\"https:\/\/www.skalnik.pl\/blog\/wp-content\/uploads\/2020\/02\/szlak-nad-strzech\u0105-akademick\u0105.jpg\" class=\"attachment-large size-large\" alt=\"\" aria-describedby=\"gallery-1-11507\" srcset=\"https:\/\/www.skalnik.pl\/blog\/wp-content\/uploads\/2020\/02\/szlak-nad-strzech\u0105-akademick\u0105.jpg 1024w, https:\/\/www.skalnik.pl\/blog\/wp-content\/uploads\/2020\/02\/szlak-nad-strzech\u0105-akademick\u0105-300x200.jpg 300w, https:\/\/www.skalnik.pl\/blog\/wp-content\/uploads\/2020\/02\/szlak-nad-strzech\u0105-akademick\u0105-768x512.jpg 768w\" sizes=\"auto, (max-width: 1024px) 100vw, 1024px\" \/>\n\t\t\t<\/dt>\n\t\t\t\t<dd class='wp-caption-text gallery-caption' id='gallery-1-11507'>\n\t\t\t\tSzlak powy\u017cej Strzechy Akademickiej\n\t\t\t\t<\/dd><\/dl>\n\t\t\t<br style='clear: both' \/>\n\t\t<\/div>\n\n<\/div>\n\n\n<p>Schronisko PTTK Samotnia im. Waldemara Siemaszki to&nbsp;miejsce z&nbsp;pi\u0119kn\u0105 histori\u0105 i&nbsp;pi\u0119knym otoczeniem. Uznaje si\u0119 je za najpi\u0119kniej po\u0142o\u017cone schronisko w Karkonoszach. Trzeba je zobaczy\u0107, ale te\u017c warto wej\u015b\u0107 do&nbsp;\u015brodka, poczu\u0107 klimat tego miejsca i&nbsp;przy kawie spojrze\u0107 przez ma\u0142e okienka na&nbsp;Ma\u0142y Staw i&nbsp;skalne \u015bciany. Je\u015bli b\u0119dzie zbyt t\u0142oczno, kwadrans w\u0119dr\u00f3wki dzieli ci\u0119 do s\u0105siedniego schroniska &#8211; od&nbsp;Schroniska PTTK Strzecha Akademicka na&nbsp;polanie Z\u0142ot\u00f3wka. To&nbsp;w\u0142a\u015bnie w&nbsp;tym miejscu powsta\u0142o jedno z&nbsp;najstarszych karkonoskich schronisk. St\u0105d czeka ci\u0119 podej\u015bcie na&nbsp;\u015al\u0105ski Grzbiet, zwany przez wielu g\u0142\u00f3wnym grzbietem Karkonoszy. Dotrzesz do&nbsp;niego w&nbsp;miejscu zwanym Spalona Stra\u017cnica, czyli w&nbsp;punkcie, gdzie szlak niebieski \u0142\u0105czy si\u0119 z&nbsp;czerwonym. Na Spalonej Stra\u017cnicy istnia\u0142a kiedy\u015b stra\u017cnica WOP.<\/p>\n\n\n\n<p>Kolejnym punktem na drodze b\u0119dzie\nSchronisko Dom \u015al\u0105ski. Budynek pe\u0142ni\u0142 najpierw funkcj\u0119\nschroniska, potem przez ponad 50 lat by\u0142 plac\u00f3wk\u0105 WOP, a potem\nStra\u017cy Granicznej. Wydaje si\u0119, \u017ce na \u015anie\u017ck\u0119 z Domu \u015al\u0105skiego\njest ju\u017c kilka krok\u00f3w. St\u0105d na szczyt \u015anie\u017cki masz do wyboru dwa\nszlaki.<\/p>\n\n\n\n<h3 class=\"wp-block-heading\"><span class=\"ez-toc-section\" id=\"Szlak_czerwony_%E2%80%93_tzw_zakosami\"><\/span>Szlak czerwony &#8211; tzw.\nzakosami<span class=\"ez-toc-section-end\"><\/span><\/h3>\n\n\n\n<p>Jest to najszybsza i najkr\u00f3tsza droga z Domu \u015al\u0105skiego na \u015anie\u017ck\u0119. Pokonuje si\u0119 j\u0105 zwykle w dwa, trzy kwadransy. Po&nbsp;drodze czerwonym szlakiem czekaj\u0105 na turyst\u00f3w \u015bwietne widoki na Kocio\u0142 \u0141omniczki, Ob\u0159\u00ed D\u016fl i g\u00f3ruj\u0105cy nad nim szczyt Studni\u010dn\u00ed hora &#8211; trzeci najwy\u017cszy szczyt ca\u0142ych Karkonoszy. Po drodze miniesz punkty widokowe i krzy\u017c po\u015bwi\u0119cony dw\u00f3m czeskim ratownikom. Krzy\u017c i tablica upami\u0119tnia ratownik\u00f3w czeskiej <em>Horsk\u00e9j slu\u017eby<\/em> \u2013 Jana Messnera i \u0160tefan Spust\u0119 \u2013  kt\u00f3rzy w 1975 r. zgin\u0119li na stokach \u015anie\u017cki nios\u0105c pomoc czeskiemu tury\u015bcie.<\/p>\n\n\n<div class=\"wp-block-image\">\n<figure class=\"aligncenter size-large\"><img loading=\"lazy\" decoding=\"async\" width=\"1024\" height=\"683\" src=\"https:\/\/skalnik.pl\/blog\/wp-content\/uploads\/2020\/02\/w-tle-kocio\u0142-\u0142omniczki2.jpg\" alt=\"szal czerwony na \u015bnie\u017ck\u0119\" class=\"wp-image-11498\" srcset=\"https:\/\/www.skalnik.pl\/blog\/wp-content\/uploads\/2020\/02\/w-tle-kocio\u0142-\u0142omniczki2.jpg 1024w, https:\/\/www.skalnik.pl\/blog\/wp-content\/uploads\/2020\/02\/w-tle-kocio\u0142-\u0142omniczki2-300x200.jpg 300w, https:\/\/www.skalnik.pl\/blog\/wp-content\/uploads\/2020\/02\/w-tle-kocio\u0142-\u0142omniczki2-768x512.jpg 768w\" sizes=\"auto, (max-width: 1024px) 100vw, 1024px\" \/><figcaption class=\"wp-element-caption\">Podej\u015bcie czerwonym szlakiem od Domu \u015al\u0105skiego. W tle strome \u015bciany Kot\u0142a \u0141omniczki. <br>(fot. S\u0142awek Nosal) <\/figcaption><\/figure>\n<\/div>\n\n\n<p>Szlak czerwony do\u015b\u0107 stromo pnie si\u0119 na najwy\u017cszy szczyt Czech. Z jednej strony ograniczony jest \u0142a\u0144cuchami. Zim\u0105 trasa ta wy\u015blizgana jest przez innych turyst\u00f3w lub zalegania na niej l\u00f3d lub szre\u0144. Turystyczne raczki b\u0105d\u017a <a href=\"https:\/\/www.skalnik.pl\/sprzet-zimowy\/turystyka-zimowa\/turystyka-zimowa-raki-raczki\" target=\"_blank\" rel=\"noopener\" title=\"\">raki<\/a> powinny by\u0107 tu standardem w trakcie zimowych wej\u015b\u0107. Szlak dopuszczony jest tylko do ruchu pieszego, nie mo\u017cna na nim podchodzi\u0107 na nartach. W okresach najwi\u0119kszego ruchu turystycznego (np. wakacje) zdarzy\u0142o si\u0119, \u017ce by\u0142 jednokierunkowy (wi\u00f3d\u0142 na szczyt).  <\/p>\n\n\n<div class=\"wp-block-image\">\n<figure class=\"aligncenter size-large\"><img loading=\"lazy\" decoding=\"async\" width=\"1024\" height=\"683\" src=\"https:\/\/skalnik.pl\/blog\/wp-content\/uploads\/2020\/02\/podej\u015bcie-zakosami.jpg\" alt=\"czerwony szlak na \u015bnie\u017ck\u0119 zima\" class=\"wp-image-11493\" srcset=\"https:\/\/www.skalnik.pl\/blog\/wp-content\/uploads\/2020\/02\/podej\u015bcie-zakosami.jpg 1024w, https:\/\/www.skalnik.pl\/blog\/wp-content\/uploads\/2020\/02\/podej\u015bcie-zakosami-300x200.jpg 300w, https:\/\/www.skalnik.pl\/blog\/wp-content\/uploads\/2020\/02\/podej\u015bcie-zakosami-768x512.jpg 768w\" sizes=\"auto, (max-width: 1024px) 100vw, 1024px\" \/><figcaption class=\"wp-element-caption\"><em>Zakosami mo\u017cna podej\u015b\u0107 tylko &#8222;z buta&#8221;. Szalenie niebezpieczne i nieodpowiedzialne jest korzystanie w tym miejscu z tzw. jab\u0142uszek i innych wynalazk\u00f3w do zjazdu. (fot. S\u0142awek Nosal)<\/em><\/figcaption><\/figure>\n<\/div>\n\n\n<h3 class=\"wp-block-heading\"><span class=\"ez-toc-section\" id=\"Szlak_niebieski_%E2%80%93_Droga_Jubileuszowa\"><\/span>Szlak niebieski &#8211;\nDroga Jubileuszowa \n<span class=\"ez-toc-section-end\"><\/span><\/h3>\n\n\n\n<p>Droga Jubileuszowa to niebieski szlak, kt\u00f3ry najpierw trawersuje p\u00f3\u0142nocne zbocza \u015anie\u017cki, nast\u0119pnie wiedzie, tu\u017c za granic\u0105 pa\u0144stwow\u0105, po czeskiej stronie, znakami czerwonymi na sam wierzcho\u0142ek. Droga Jubileuszowa zosta\u0142a wytyczona w 1905 r. na 25-lecie Towarzystwa Karkonoskiego (<em>Riesengebirgsverein, RGV<\/em>). Jest to szlak \u0142agodniejszy, ale zim\u0105 zamkni\u0119ty z powodu zagro\u017cenia lawinowego. To nie jedyny pow\u00f3d zamykania szlaku zim\u0105. Droga praktycznie przecina tzw. Rynn\u0119 \u015amierci na zboczu \u015anie\u017cki, kt\u00f3ra przy oblodzeniu mo\u017ce stanowi\u0107 ogromne zagro\u017cenie dla turyst\u00f3w. Zbocza s\u0105 w tym miejscu tak strome, \u017ce nawet latem obserwowano tu sp\u0142ywy b\u0142otno-gruzowe. Przy korzystnych warunkach jest to jednak naj\u0142atwiejszy szlak na szczyt \u015anie\u017cki.<\/p>\n\n\n\n<p>Szlak oferuje \u0142agodniejsz\u0105 w\u0119dr\u00f3wk\u0119 i&nbsp;pi\u0119kne widoki na&nbsp;Kocio\u0142 \u0141omniczki i&nbsp;zbocza Czarnej Kopy. Je\u015bli nie decydujesz si\u0119 wchodzi\u0107 Drog\u0105 Jubileuszow\u0105 na&nbsp;\u015anie\u017ck\u0119, to&nbsp;warto wybra\u0107 drog\u0119 szlakiem niebieskim jako opcj\u0119 powrotn\u0105.  <\/p>\n\n\n\n<h2 class=\"wp-block-heading\"><span class=\"ez-toc-section\" id=\"Sniezka_%E2%80%93_trzeci_najwyzszy_szczyt_KGP\"><\/span>\u015anie\u017cka &#8211; trzeci\nnajwy\u017cszy szczyt KGP<span class=\"ez-toc-section-end\"><\/span><\/h2>\n\n\n\n<p>Szczyt \u015anie\u017cki to miejsce wyj\u0105tkowe.\nNa \u017cadnej innej g\u00f3rze nie spotkasz spodk\u00f3w UFO, kt\u00f3re przycupn\u0119\u0142y\ni zosta\u0142y na d\u0142u\u017cej. Charakterystyczna forma obserwatorium IMGW,\nnajwy\u017cej po\u0142o\u017cony obiekt sakralny w Polsce &#8211; czyli kaplica \u015bw.\nWawrzy\u0144ca z XVII w. &#8211; oraz najwy\u017cej po\u0142o\u017cona poczta w Czechach to\nnie jedyne osobliwo\u015bci szczytu. Zupe\u0142nie wyj\u0105tkowy jest r\u00f3wnie\u017c\nklimat \u015anie\u017cki. To jedna z najbardziej zachmurzonych i wietrznych\ng\u00f3r. \n<\/p>\n\n\n<div class=\"wp-block-image\">\n<figure class=\"aligncenter size-large\"><img loading=\"lazy\" decoding=\"async\" width=\"1024\" height=\"576\" src=\"https:\/\/skalnik.pl\/blog\/wp-content\/uploads\/2020\/02\/DSC_0295-1024x576.jpg\" alt=\"szczyt \u015bnie\u017cki\" class=\"wp-image-11494\" srcset=\"https:\/\/www.skalnik.pl\/blog\/wp-content\/uploads\/2020\/02\/DSC_0295-1024x576.jpg 1024w, https:\/\/www.skalnik.pl\/blog\/wp-content\/uploads\/2020\/02\/DSC_0295-300x169.jpg 300w, https:\/\/www.skalnik.pl\/blog\/wp-content\/uploads\/2020\/02\/DSC_0295-768x432.jpg 768w, https:\/\/www.skalnik.pl\/blog\/wp-content\/uploads\/2020\/02\/DSC_0295-1536x864.jpg 1536w, https:\/\/www.skalnik.pl\/blog\/wp-content\/uploads\/2020\/02\/DSC_0295-2048x1152.jpg 2048w\" sizes=\"auto, (max-width: 1024px) 100vw, 1024px\" \/><figcaption class=\"wp-element-caption\">Wiekowa kaplica \u015bw. Wawrzy\u0144ca i futurystyczne spodki obserwatorium meteo. (fot. Marcin Nosal) <\/figcaption><\/figure>\n<\/div>\n\n\n<p>Od kilku lat schronisko na \u015anie\u017cce pozostaje zamkni\u0119te. Schroni\u0107 si\u0119 i ogrza\u0107 mo\u017cesz w razie potrzeby ju\u017c po czeskiej stronie w bufecie i poczcie. Trwaj\u0105 prac\u0119, by najwy\u017cszy szczyt Karkonoszy zn\u00f3w mia\u0142 lepsz\u0105 infrastruktur\u0119 turystyczn\u0105. W ramach projektu Nowa \u015anie\u017cka IMGW planuje przywr\u00f3ci\u0107 do \u017cycia dolny spodek.<\/p>\n\n\n\n<div style=\"width:1024; height:600px; padding: 15px; resize:both; overflow: auto;\"> <div style=\"width:100%; height:100%; box-shadow: 5px 5px 15px #00000038;\"> <iframe src=\"https:\/\/kgp3d.amu.edu.pl\/szczyty\/Sniezka.html\" allow=\"xr xr-spatial-tracking\" style=\"height: 100%; width: 100%; border: 0;\"><\/iframe> <\/div> <\/div>\n\n\n\n<h2 class=\"wp-block-heading\"><span class=\"ez-toc-section\" id=\"Ciekawostki\"><\/span>Ciekawostki<span class=\"ez-toc-section-end\"><\/span><\/h2>\n\n\n\n<ul class=\"wp-block-list\">\n<li>\u015brednia temperatura roczna na szczycie wynosi 0,4\u00b0C <\/li>\n\n\n\n<li>obserwatorium meteorologiczne na \u015anie\u017cce to jedna z dw\u00f3ch takich g\u00f3rskich stacji IMGW<\/li>\n\n\n\n<li>na szczycie wyst\u0119puj\u0105 gwa\u0142towne za\u0142amania pogody <\/li>\n\n\n\n<li>na szczycie \u015brednio 190 dni w roku to dni pochmurne, a dni mglistych jest ok. 300  <\/li>\n\n\n\n<li>w 1990 r. odnotowano na szczycie podmuch wiatru o pr\u0119dko\u015bci 345 km\/h; jest to najwy\u017cszy pomiar odnotowany w Polsce <\/li>\n\n\n\n<li>istnieje tu poczta czeska; pierwsz\u0105 agencj\u0119 pocztow\u0105 otworzono na \u015anie\u017cce w 1872 r. po \u015bl\u0105skiej stronie g\u00f3ry; by\u0142a to najwy\u017cej po\u0142o\u017cona agencja pocztowa w Prusach  <\/li>\n\n\n\n<li>najwi\u0119cej razy szczyt zdoby\u0142 najprawdopodobniej listonosz Robert Flei\u00df; przez 37 lat codziennie zdobywa\u0142 g\u00f3r\u0119 i nosi\u0142 z niej listy <\/li>\n\n\n\n<li>kaplica \u015bw. Wawrzy\u0144ca przez 30 lat pe\u0142ni\u0142a funkcj\u0119 schroniska <\/li>\n\n\n\n<li>10 sierpnia obchodzi si\u0119 na szczycie dzie\u0144 \u015bw. Wawrzy\u0144ca &#8211; patrona przewodnik\u00f3w g\u00f3rskich i ratownik\u00f3w GOPR <\/li>\n\n\n\n<li>osobliwo\u015bci\u0105 szczytu by\u0142 niegdy\u015b tzw. kamie\u0144 fio\u0142kowy wydzielaj\u0105cy charakterystyczny zapach, co wi\u0105za\u0142o si\u0119 z wyst\u0119powaniem organizm\u00f3w <em>Trentepohlia jlitus<\/em> <\/li>\n\n\n\n<li>obszar szczytu jest cenny przyrodniczo, dlatego turystom nie wolno wychodzi\u0107 poza \u0142a\u0144cuchy i barierki <\/li>\n\n\n\n<li>na \u015anie\u017ck\u0119 wyruszano, by ogl\u0105da\u0107 wsch\u00f3d s\u0142o\u0144ca, by\u0142 to jeden z powod\u00f3w wybudowania na szczycie pierwszego schroniska<\/li>\n\n\n\n<li>przez szczyt \u015anie\u017cki wiedzie trasa ultramaratonu 3 x \u015anie\u017cka = 1 x Mont Blanc <\/li>\n\n\n\n<li>organizuje si\u0119 tu zawody \u201cnosiczy\u201d; rekord tragarza \u2013 Zdenka P\u00e1chy \u2013 to 211 kg <\/li>\n\n\n\n<li>\u015anie\u017cka jest najwy\u017cszym szczytem Republiki Czeskiej, tym samym znajduje si\u0119 na li\u015bcie Korony Europy<\/li>\n<\/ul>\n","protected":false},"excerpt":{"rendered":"<p>\u015anie\u017cka to 3. najwy\u017cszy szczyt Korony G\u00f3r Polski. Zobacz jak wej\u015b\u0107 na \u015anie\u017ck\u0119 &#8211; najwy\u017csz\u0105 g\u00f3r\u0119 Karkonoszy. <\/p>\n","protected":false},"author":8,"featured_media":11492,"comment_status":"open","ping_status":"open","sticky":false,"template":"","format":"standard","meta":{"_acf_changed":false,"footnotes":""},"categories":[84],"tags":[28,260,162,210],"magento_category":[],"magento_product":[],"class_list":["post-11023","post","type-post","status-publish","format-standard","has-post-thumbnail","hentry","category-pasja","tag-gory","tag-korona-gor-polski","tag-sudety","tag-turystyka"],"acf":[],"aioseo_notices":[],"aioseo_head":"\n\t\t<!-- All in One SEO 4.9.10 - aioseo.com -->\n\t<meta name=\"description\" content=\"Jak wej\u015b\u0107 na \u015anie\u017ck\u0119? Przewodnik sudecki podpowiada, kt\u00f3rym szlakiem na \u015anie\u017ck\u0119 warto wej\u015b\u0107 i jak zdoby\u0107 bezpiecznie 3. najwy\u017cszy szczyt Korony G\u00f3r Polski!\" \/>\n\t<meta name=\"robots\" content=\"max-image-preview:large\" \/>\n\t<meta name=\"author\" content=\"S\u0142awek Nosal\"\/>\n\t<link rel=\"canonical\" href=\"https:\/\/www.skalnik.pl\/blog\/korona-gor-polski-sniezka\/\" \/>\n\t<meta name=\"generator\" content=\"All in One SEO (AIOSEO) 4.9.10\" \/>\n\t\t<meta property=\"og:locale\" content=\"pl_PL\" \/>\n\t\t<meta property=\"og:site_name\" content=\"blog Skalnik - Blog, porady, artyku\u0142y - blog Skalnik\" \/>\n\t\t<meta property=\"og:type\" content=\"article\" \/>\n\t\t<meta property=\"og:title\" content=\"Korona G\u00f3r Polski \u2013 \u015anie\u017cka - blog Skalnik\" \/>\n\t\t<meta property=\"og:description\" content=\"Jak wej\u015b\u0107 na \u015anie\u017ck\u0119? Przewodnik sudecki podpowiada, kt\u00f3rym szlakiem na \u015anie\u017ck\u0119 warto wej\u015b\u0107 i jak zdoby\u0107 bezpiecznie 3. najwy\u017cszy szczyt Korony G\u00f3r Polski!\" \/>\n\t\t<meta property=\"og:url\" content=\"https:\/\/www.skalnik.pl\/blog\/korona-gor-polski-sniezka\/\" \/>\n\t\t<meta property=\"og:image\" content=\"https:\/\/skalnik.pl\/blog\/wp-content\/uploads\/2020\/02\/poczt\u00f3wka-1905-1.jpg\" \/>\n\t\t<meta property=\"og:image:secure_url\" content=\"https:\/\/skalnik.pl\/blog\/wp-content\/uploads\/2020\/02\/poczt\u00f3wka-1905-1.jpg\" \/>\n\t\t<meta property=\"article:tag\" content=\"pasja\" \/>\n\t\t<meta property=\"article:tag\" content=\"g\u00f3ry\" \/>\n\t\t<meta property=\"article:tag\" content=\"korona g\u00f3r polski\" \/>\n\t\t<meta property=\"article:tag\" content=\"sudety\" \/>\n\t\t<meta property=\"article:tag\" content=\"turystyka\" \/>\n\t\t<meta property=\"article:published_time\" content=\"2020-02-14T10:22:09+00:00\" \/>\n\t\t<meta property=\"article:modified_time\" content=\"2023-10-13T13:08:39+00:00\" \/>\n\t\t<meta name=\"twitter:card\" content=\"summary_large_image\" \/>\n\t\t<meta name=\"twitter:title\" content=\"Korona G\u00f3r Polski \u2013 \u015anie\u017cka - blog Skalnik\" \/>\n\t\t<meta name=\"twitter:description\" content=\"Jak wej\u015b\u0107 na \u015anie\u017ck\u0119? Przewodnik sudecki podpowiada, kt\u00f3rym szlakiem na \u015anie\u017ck\u0119 warto wej\u015b\u0107 i jak zdoby\u0107 bezpiecznie 3. najwy\u017cszy szczyt Korony G\u00f3r Polski!\" \/>\n\t\t<meta name=\"twitter:image\" content=\"https:\/\/skalnik.pl\/blog\/wp-content\/uploads\/2020\/02\/poczt\u00f3wka-1905-1.jpg\" \/>\n\t\t<script type=\"application\/ld+json\" class=\"aioseo-schema\">\n\t\t\t{\"@context\":\"https:\\\/\\\/schema.org\",\"@graph\":[{\"@type\":\"BlogPosting\",\"@id\":\"https:\\\/\\\/www.skalnik.pl\\\/blog\\\/korona-gor-polski-sniezka\\\/#blogposting\",\"name\":\"Korona G\\u00f3r Polski \\u2013 \\u015anie\\u017cka - blog Skalnik\",\"headline\":\"Korona G\\u00f3r Polski &#8211; \\u015anie\\u017cka\",\"author\":{\"@id\":\"https:\\\/\\\/www.skalnik.pl\\\/blog\\\/author\\\/slawek-nosal\\\/#author\"},\"publisher\":{\"@id\":\"https:\\\/\\\/www.skalnik.pl\\\/blog\\\/#organization\"},\"image\":{\"@type\":\"ImageObject\",\"url\":\"https:\\\/\\\/www.skalnik.pl\\\/blog\\\/wp-content\\\/uploads\\\/2020\\\/02\\\/olladka-\\u015bnie\\u017cka-KGP.jpg\",\"width\":1920,\"height\":705},\"datePublished\":\"2020-02-14T11:22:09+02:00\",\"dateModified\":\"2023-10-13T15:08:39+02:00\",\"inLanguage\":\"pl-PL\",\"mainEntityOfPage\":{\"@id\":\"https:\\\/\\\/www.skalnik.pl\\\/blog\\\/korona-gor-polski-sniezka\\\/#webpage\"},\"isPartOf\":{\"@id\":\"https:\\\/\\\/www.skalnik.pl\\\/blog\\\/korona-gor-polski-sniezka\\\/#webpage\"},\"articleSection\":\"Pasja, g\\u00f3ry, korona g\\u00f3r polski, sudety, turystyka\"},{\"@type\":\"BreadcrumbList\",\"@id\":\"https:\\\/\\\/www.skalnik.pl\\\/blog\\\/korona-gor-polski-sniezka\\\/#breadcrumblist\",\"itemListElement\":[{\"@type\":\"ListItem\",\"@id\":\"https:\\\/\\\/www.skalnik.pl\\\/blog#listItem\",\"position\":1,\"name\":\"Home\",\"item\":\"https:\\\/\\\/www.skalnik.pl\\\/blog\",\"nextItem\":{\"@type\":\"ListItem\",\"@id\":\"https:\\\/\\\/www.skalnik.pl\\\/blog\\\/.\\\/pasja\\\/#listItem\",\"name\":\"Pasja\"}},{\"@type\":\"ListItem\",\"@id\":\"https:\\\/\\\/www.skalnik.pl\\\/blog\\\/.\\\/pasja\\\/#listItem\",\"position\":2,\"name\":\"Pasja\",\"item\":\"https:\\\/\\\/www.skalnik.pl\\\/blog\\\/.\\\/pasja\\\/\",\"nextItem\":{\"@type\":\"ListItem\",\"@id\":\"https:\\\/\\\/www.skalnik.pl\\\/blog\\\/korona-gor-polski-sniezka\\\/#listItem\",\"name\":\"Korona G\\u00f3r Polski &#8211; \\u015anie\\u017cka\"},\"previousItem\":{\"@type\":\"ListItem\",\"@id\":\"https:\\\/\\\/www.skalnik.pl\\\/blog#listItem\",\"name\":\"Home\"}},{\"@type\":\"ListItem\",\"@id\":\"https:\\\/\\\/www.skalnik.pl\\\/blog\\\/korona-gor-polski-sniezka\\\/#listItem\",\"position\":3,\"name\":\"Korona G\\u00f3r Polski &#8211; \\u015anie\\u017cka\",\"previousItem\":{\"@type\":\"ListItem\",\"@id\":\"https:\\\/\\\/www.skalnik.pl\\\/blog\\\/.\\\/pasja\\\/#listItem\",\"name\":\"Pasja\"}}]},{\"@type\":\"Organization\",\"@id\":\"https:\\\/\\\/www.skalnik.pl\\\/blog\\\/#organization\",\"name\":\"blog Skalnik\",\"description\":\"Blog, porady, artyku\\u0142y - blog Skalnik\",\"url\":\"https:\\\/\\\/www.skalnik.pl\\\/blog\\\/\"},{\"@type\":\"Person\",\"@id\":\"https:\\\/\\\/www.skalnik.pl\\\/blog\\\/author\\\/slawek-nosal\\\/#author\",\"url\":\"https:\\\/\\\/www.skalnik.pl\\\/blog\\\/author\\\/slawek-nosal\\\/\",\"name\":\"S\\u0142awek Nosal\",\"image\":{\"@type\":\"ImageObject\",\"@id\":\"https:\\\/\\\/www.skalnik.pl\\\/blog\\\/korona-gor-polski-sniezka\\\/#authorImage\",\"url\":\"https:\\\/\\\/secure.gravatar.com\\\/avatar\\\/376f39150afcfc713e809ef8313d42dee4210bb1425eaad8153efa8965009197?s=96&d=mm&r=g\",\"width\":96,\"height\":96,\"caption\":\"S\\u0142awek Nosal\"}},{\"@type\":\"WebPage\",\"@id\":\"https:\\\/\\\/www.skalnik.pl\\\/blog\\\/korona-gor-polski-sniezka\\\/#webpage\",\"url\":\"https:\\\/\\\/www.skalnik.pl\\\/blog\\\/korona-gor-polski-sniezka\\\/\",\"name\":\"Korona G\\u00f3r Polski \\u2013 \\u015anie\\u017cka - blog Skalnik\",\"description\":\"Jak wej\\u015b\\u0107 na \\u015anie\\u017ck\\u0119? Przewodnik sudecki podpowiada, kt\\u00f3rym szlakiem na \\u015anie\\u017ck\\u0119 warto wej\\u015b\\u0107 i jak zdoby\\u0107 bezpiecznie 3. najwy\\u017cszy szczyt Korony G\\u00f3r Polski!\",\"inLanguage\":\"pl-PL\",\"isPartOf\":{\"@id\":\"https:\\\/\\\/www.skalnik.pl\\\/blog\\\/#website\"},\"breadcrumb\":{\"@id\":\"https:\\\/\\\/www.skalnik.pl\\\/blog\\\/korona-gor-polski-sniezka\\\/#breadcrumblist\"},\"author\":{\"@id\":\"https:\\\/\\\/www.skalnik.pl\\\/blog\\\/author\\\/slawek-nosal\\\/#author\"},\"creator\":{\"@id\":\"https:\\\/\\\/www.skalnik.pl\\\/blog\\\/author\\\/slawek-nosal\\\/#author\"},\"image\":{\"@type\":\"ImageObject\",\"url\":\"https:\\\/\\\/www.skalnik.pl\\\/blog\\\/wp-content\\\/uploads\\\/2020\\\/02\\\/olladka-\\u015bnie\\u017cka-KGP.jpg\",\"@id\":\"https:\\\/\\\/www.skalnik.pl\\\/blog\\\/korona-gor-polski-sniezka\\\/#mainImage\",\"width\":1920,\"height\":705},\"primaryImageOfPage\":{\"@id\":\"https:\\\/\\\/www.skalnik.pl\\\/blog\\\/korona-gor-polski-sniezka\\\/#mainImage\"},\"datePublished\":\"2020-02-14T11:22:09+02:00\",\"dateModified\":\"2023-10-13T15:08:39+02:00\"},{\"@type\":\"WebSite\",\"@id\":\"https:\\\/\\\/www.skalnik.pl\\\/blog\\\/#website\",\"url\":\"https:\\\/\\\/www.skalnik.pl\\\/blog\\\/\",\"name\":\"blog Skalnik\",\"description\":\"Blog, porady, artyku\\u0142y - blog Skalnik\",\"inLanguage\":\"pl-PL\",\"publisher\":{\"@id\":\"https:\\\/\\\/www.skalnik.pl\\\/blog\\\/#organization\"}}]}\n\t\t<\/script>\n\t\t<!-- All in One SEO -->\n\n","aioseo_head_json":{"title":"Korona G\u00f3r Polski \u2013 \u015anie\u017cka - blog Skalnik","description":"Jak wej\u015b\u0107 na \u015anie\u017ck\u0119? Przewodnik sudecki podpowiada, kt\u00f3rym szlakiem na \u015anie\u017ck\u0119 warto wej\u015b\u0107 i jak zdoby\u0107 bezpiecznie 3. najwy\u017cszy szczyt Korony G\u00f3r Polski!","canonical_url":"https:\/\/www.skalnik.pl\/blog\/korona-gor-polski-sniezka\/","robots":"max-image-preview:large","keywords":"","webmasterTools":{"miscellaneous":""},"schema":{"@context":"https:\/\/schema.org","@graph":[{"@type":"BlogPosting","@id":"https:\/\/www.skalnik.pl\/blog\/korona-gor-polski-sniezka\/#blogposting","name":"Korona G\u00f3r Polski \u2013 \u015anie\u017cka - blog Skalnik","headline":"Korona G\u00f3r Polski &#8211; \u015anie\u017cka","author":{"@id":"https:\/\/www.skalnik.pl\/blog\/author\/slawek-nosal\/#author"},"publisher":{"@id":"https:\/\/www.skalnik.pl\/blog\/#organization"},"image":{"@type":"ImageObject","url":"https:\/\/www.skalnik.pl\/blog\/wp-content\/uploads\/2020\/02\/olladka-\u015bnie\u017cka-KGP.jpg","width":1920,"height":705},"datePublished":"2020-02-14T11:22:09+02:00","dateModified":"2023-10-13T15:08:39+02:00","inLanguage":"pl-PL","mainEntityOfPage":{"@id":"https:\/\/www.skalnik.pl\/blog\/korona-gor-polski-sniezka\/#webpage"},"isPartOf":{"@id":"https:\/\/www.skalnik.pl\/blog\/korona-gor-polski-sniezka\/#webpage"},"articleSection":"Pasja, g\u00f3ry, korona g\u00f3r polski, sudety, turystyka"},{"@type":"BreadcrumbList","@id":"https:\/\/www.skalnik.pl\/blog\/korona-gor-polski-sniezka\/#breadcrumblist","itemListElement":[{"@type":"ListItem","@id":"https:\/\/www.skalnik.pl\/blog#listItem","position":1,"name":"Home","item":"https:\/\/www.skalnik.pl\/blog","nextItem":{"@type":"ListItem","@id":"https:\/\/www.skalnik.pl\/blog\/.\/pasja\/#listItem","name":"Pasja"}},{"@type":"ListItem","@id":"https:\/\/www.skalnik.pl\/blog\/.\/pasja\/#listItem","position":2,"name":"Pasja","item":"https:\/\/www.skalnik.pl\/blog\/.\/pasja\/","nextItem":{"@type":"ListItem","@id":"https:\/\/www.skalnik.pl\/blog\/korona-gor-polski-sniezka\/#listItem","name":"Korona G\u00f3r Polski &#8211; \u015anie\u017cka"},"previousItem":{"@type":"ListItem","@id":"https:\/\/www.skalnik.pl\/blog#listItem","name":"Home"}},{"@type":"ListItem","@id":"https:\/\/www.skalnik.pl\/blog\/korona-gor-polski-sniezka\/#listItem","position":3,"name":"Korona G\u00f3r Polski &#8211; \u015anie\u017cka","previousItem":{"@type":"ListItem","@id":"https:\/\/www.skalnik.pl\/blog\/.\/pasja\/#listItem","name":"Pasja"}}]},{"@type":"Organization","@id":"https:\/\/www.skalnik.pl\/blog\/#organization","name":"blog Skalnik","description":"Blog, porady, artyku\u0142y - blog Skalnik","url":"https:\/\/www.skalnik.pl\/blog\/"},{"@type":"Person","@id":"https:\/\/www.skalnik.pl\/blog\/author\/slawek-nosal\/#author","url":"https:\/\/www.skalnik.pl\/blog\/author\/slawek-nosal\/","name":"S\u0142awek Nosal","image":{"@type":"ImageObject","@id":"https:\/\/www.skalnik.pl\/blog\/korona-gor-polski-sniezka\/#authorImage","url":"https:\/\/secure.gravatar.com\/avatar\/376f39150afcfc713e809ef8313d42dee4210bb1425eaad8153efa8965009197?s=96&d=mm&r=g","width":96,"height":96,"caption":"S\u0142awek Nosal"}},{"@type":"WebPage","@id":"https:\/\/www.skalnik.pl\/blog\/korona-gor-polski-sniezka\/#webpage","url":"https:\/\/www.skalnik.pl\/blog\/korona-gor-polski-sniezka\/","name":"Korona G\u00f3r Polski \u2013 \u015anie\u017cka - blog Skalnik","description":"Jak wej\u015b\u0107 na \u015anie\u017ck\u0119? Przewodnik sudecki podpowiada, kt\u00f3rym szlakiem na \u015anie\u017ck\u0119 warto wej\u015b\u0107 i jak zdoby\u0107 bezpiecznie 3. najwy\u017cszy szczyt Korony G\u00f3r Polski!","inLanguage":"pl-PL","isPartOf":{"@id":"https:\/\/www.skalnik.pl\/blog\/#website"},"breadcrumb":{"@id":"https:\/\/www.skalnik.pl\/blog\/korona-gor-polski-sniezka\/#breadcrumblist"},"author":{"@id":"https:\/\/www.skalnik.pl\/blog\/author\/slawek-nosal\/#author"},"creator":{"@id":"https:\/\/www.skalnik.pl\/blog\/author\/slawek-nosal\/#author"},"image":{"@type":"ImageObject","url":"https:\/\/www.skalnik.pl\/blog\/wp-content\/uploads\/2020\/02\/olladka-\u015bnie\u017cka-KGP.jpg","@id":"https:\/\/www.skalnik.pl\/blog\/korona-gor-polski-sniezka\/#mainImage","width":1920,"height":705},"primaryImageOfPage":{"@id":"https:\/\/www.skalnik.pl\/blog\/korona-gor-polski-sniezka\/#mainImage"},"datePublished":"2020-02-14T11:22:09+02:00","dateModified":"2023-10-13T15:08:39+02:00"},{"@type":"WebSite","@id":"https:\/\/www.skalnik.pl\/blog\/#website","url":"https:\/\/www.skalnik.pl\/blog\/","name":"blog Skalnik","description":"Blog, porady, artyku\u0142y - blog Skalnik","inLanguage":"pl-PL","publisher":{"@id":"https:\/\/www.skalnik.pl\/blog\/#organization"}}]},"og:locale":"pl_PL","og:site_name":"blog Skalnik - Blog, porady, artyku\u0142y - blog Skalnik","og:type":"article","og:title":"Korona G\u00f3r Polski \u2013 \u015anie\u017cka - blog Skalnik","og:description":"Jak wej\u015b\u0107 na \u015anie\u017ck\u0119? Przewodnik sudecki podpowiada, kt\u00f3rym szlakiem na \u015anie\u017ck\u0119 warto wej\u015b\u0107 i jak zdoby\u0107 bezpiecznie 3. najwy\u017cszy szczyt Korony G\u00f3r Polski!","og:url":"https:\/\/www.skalnik.pl\/blog\/korona-gor-polski-sniezka\/","og:image":"https:\/\/skalnik.pl\/blog\/wp-content\/uploads\/2020\/02\/poczt\u00f3wka-1905-1.jpg","og:image:secure_url":"https:\/\/skalnik.pl\/blog\/wp-content\/uploads\/2020\/02\/poczt\u00f3wka-1905-1.jpg","article:tag":["pasja","g\u00f3ry","korona g\u00f3r polski","sudety","turystyka"],"article:published_time":"2020-02-14T10:22:09+00:00","article:modified_time":"2023-10-13T13:08:39+00:00","twitter:card":"summary_large_image","twitter:title":"Korona G\u00f3r Polski \u2013 \u015anie\u017cka - blog Skalnik","twitter:description":"Jak wej\u015b\u0107 na \u015anie\u017ck\u0119? Przewodnik sudecki podpowiada, kt\u00f3rym szlakiem na \u015anie\u017ck\u0119 warto wej\u015b\u0107 i jak zdoby\u0107 bezpiecznie 3. najwy\u017cszy szczyt Korony G\u00f3r Polski!","twitter:image":"https:\/\/skalnik.pl\/blog\/wp-content\/uploads\/2020\/02\/poczt\u00f3wka-1905-1.jpg"},"aioseo_meta_data":{"post_id":"11023","title":null,"description":"Jak wej\u015b\u0107 na \u015anie\u017ck\u0119? Przewodnik sudecki podpowiada, kt\u00f3rym szlakiem na \u015anie\u017ck\u0119 warto wej\u015b\u0107 i jak zdoby\u0107 bezpiecznie 3. najwy\u017cszy szczyt Korony G\u00f3r Polski!","keywords":[{"label":"korona g\u00f3r polski","value":"korona g\u00f3r polski"},{"label":"KGP","value":"KGP"},{"label":"\u015bnie\u017cka","value":"\u015bnie\u017cka"},{"label":"jaki szlak \u015anie\u017cka","value":"jaki szlak \u015anie\u017cka"},{"label":"Karonosze","value":"Karonosze"},{"label":"szlak na \u015anie\u017ck\u0119","value":"szlak na \u015anie\u017ck\u0119"},{"label":"mapa","value":"mapa"}],"keyphrases":{"focus":{"keyphrase":"","score":0,"analysis":{"keyphraseInTitle":{"score":0,"maxScore":9,"error":1}}},"additional":[]},"primary_term":null,"canonical_url":null,"og_title":null,"og_description":null,"og_object_type":"default","og_image_type":"default","og_image_url":null,"og_image_width":null,"og_image_height":null,"og_image_custom_url":null,"og_image_custom_fields":null,"og_video":"","og_custom_url":null,"og_article_section":null,"og_article_tags":[],"twitter_use_og":false,"twitter_card":"default","twitter_image_type":"default","twitter_image_url":null,"twitter_image_custom_url":null,"twitter_image_custom_fields":null,"twitter_title":null,"twitter_description":null,"schema":{"blockGraphs":[],"customGraphs":[],"default":{"data":{"Article":[],"Course":[],"Dataset":[],"FAQPage":[],"Movie":[],"Person":[],"Product":[],"ProductReview":[],"Car":[],"Recipe":[],"Service":[],"SoftwareApplication":[],"WebPage":[]},"graphName":"","isEnabled":true},"graphs":[]},"schema_type":"default","schema_type_options":null,"pillar_content":false,"robots_default":true,"robots_noindex":false,"robots_noarchive":false,"robots_nosnippet":false,"robots_nofollow":false,"robots_noimageindex":false,"robots_noodp":false,"robots_notranslate":false,"robots_max_snippet":"-1","robots_max_videopreview":"-1","robots_max_imagepreview":"large","priority":null,"frequency":"default","local_seo":null,"breadcrumb_settings":null,"limit_modified_date":false,"ai":null,"created":"2022-08-26 10:14:52","updated":"2026-02-17 21:47:26","seo_analyzer_scan_date":null},"aioseo_breadcrumb":"<div class=\"aioseo-breadcrumbs\"><span class=\"aioseo-breadcrumb\">\n\t\t\t<a href=\"https:\/\/www.skalnik.pl\/blog\" title=\"Home\">Home<\/a>\n\t\t<\/span><span class=\"aioseo-breadcrumb-separator\">&raquo;<\/span><span class=\"aioseo-breadcrumb\">\n\t\t\t<a href=\"https:\/\/www.skalnik.pl\/blog\/.\/pasja\/\" title=\"Pasja\">Pasja<\/a>\n\t\t<\/span><span class=\"aioseo-breadcrumb-separator\">&raquo;<\/span><span class=\"aioseo-breadcrumb\">\n\t\t\tKorona G\u00f3r Polski \u2013 \u015anie\u017cka\n\t\t<\/span><\/div>","aioseo_breadcrumb_json":[{"label":"Home","link":"https:\/\/www.skalnik.pl\/blog"},{"label":"Pasja","link":"https:\/\/www.skalnik.pl\/blog\/.\/pasja\/"},{"label":"Korona G\u00f3r Polski &#8211; \u015anie\u017cka","link":"https:\/\/www.skalnik.pl\/blog\/korona-gor-polski-sniezka\/"}],"_links":{"self":[{"href":"https:\/\/www.skalnik.pl\/blog\/wp-json\/wp\/v2\/posts\/11023","targetHints":{"allow":["GET"]}}],"collection":[{"href":"https:\/\/www.skalnik.pl\/blog\/wp-json\/wp\/v2\/posts"}],"about":[{"href":"https:\/\/www.skalnik.pl\/blog\/wp-json\/wp\/v2\/types\/post"}],"author":[{"embeddable":true,"href":"https:\/\/www.skalnik.pl\/blog\/wp-json\/wp\/v2\/users\/8"}],"replies":[{"embeddable":true,"href":"https:\/\/www.skalnik.pl\/blog\/wp-json\/wp\/v2\/comments?post=11023"}],"version-history":[{"count":48,"href":"https:\/\/www.skalnik.pl\/blog\/wp-json\/wp\/v2\/posts\/11023\/revisions"}],"predecessor-version":[{"id":24507,"href":"https:\/\/www.skalnik.pl\/blog\/wp-json\/wp\/v2\/posts\/11023\/revisions\/24507"}],"wp:featuredmedia":[{"embeddable":true,"href":"https:\/\/www.skalnik.pl\/blog\/wp-json\/wp\/v2\/media\/11492"}],"wp:attachment":[{"href":"https:\/\/www.skalnik.pl\/blog\/wp-json\/wp\/v2\/media?parent=11023"}],"wp:term":[{"taxonomy":"category","embeddable":true,"href":"https:\/\/www.skalnik.pl\/blog\/wp-json\/wp\/v2\/categories?post=11023"},{"taxonomy":"post_tag","embeddable":true,"href":"https:\/\/www.skalnik.pl\/blog\/wp-json\/wp\/v2\/tags?post=11023"},{"taxonomy":"magento_category","embeddable":true,"href":"https:\/\/www.skalnik.pl\/blog\/wp-json\/wp\/v2\/magento_category?post=11023"},{"taxonomy":"magento_product","embeddable":true,"href":"https:\/\/www.skalnik.pl\/blog\/wp-json\/wp\/v2\/magento_product?post=11023"}],"curies":[{"name":"wp","href":"https:\/\/api.w.org\/{rel}","templated":true}]}}