{"id":11062,"date":"2020-01-28T08:00:00","date_gmt":"2020-01-28T07:00:00","guid":{"rendered":"https:\/\/skalnik.pl\/blog\/?p=11062"},"modified":"2022-01-31T12:57:31","modified_gmt":"2022-01-31T11:57:31","slug":"jaki-czekan-w-tatry","status":"publish","type":"post","link":"https:\/\/www.skalnik.pl\/blog\/jaki-czekan-w-tatry\/","title":{"rendered":"Jaki czekan w Tatry"},"content":{"rendered":"\n<p><strong>Mimo \u017ce Polska nie jest krajem g\u00f3rzystym i pr\u00f3\u017cno szuka\u0107 u nas bardzo ekstremalnych g\u00f3rskich dozna\u0144, to jednak mo\u017cemy zazna\u0107 i\u015bcie alpejskiego klimatu bez wyje\u017cd\u017cania za granic\u0119. Wystarczy skierowa\u0107 sw\u00f3j wzrok na po\u0142udniowy kraniec, gdzie znajduje si\u0119 nasze najwy\u017csze pasmo g\u00f3rskie.<\/strong><br><\/p>\n\n\n\n<p>Tatry zim\u0105 to marzenie niejednego g\u00f3ro\u0142aza. I jest o co powalczy\u0107! Ale najpierw trzeba si\u0119 odpowiednio przygotowa\u0107. Przydatn\u0105 wiedz\u0119 w pigu\u0142ce znajdziesz <a href=\"https:\/\/skalnik.pl\/blog\/tatry-zima\/\" target=\"_blank\" rel=\"noreferrer noopener\" aria-label=\" (otwiera si\u0119 na nowej zak\u0142adce)\">w tek\u015bcie Beaty<\/a>, natomiast je\u015bli ju\u017c planujesz zakup sprz\u0119tu, to w tym artykule poruszam temat czekana. Poczytaj, je\u015bli chcesz wiedzie\u0107, jaki czekan w Tatry wybra\u0107.<br><\/p>\n\n\n\n<div id=\"ez-toc-container\" class=\"ez-toc-v2_0_85 counter-hierarchy ez-toc-counter ez-toc-light-blue ez-toc-container-direction\">\n<div class=\"ez-toc-title-container\">\n<p class=\"ez-toc-title\" style=\"cursor:inherit\">SPIS TRE\u015aCI <\/p>\n<span class=\"ez-toc-title-toggle\"><a href=\"#\" class=\"ez-toc-pull-right ez-toc-btn ez-toc-btn-xs ez-toc-btn-default ez-toc-toggle\" aria-label=\"Prze\u0142\u0105cznik Spisu Tre\u015bci\"><span class=\"ez-toc-js-icon-con\"><span class=\"\"><span class=\"eztoc-hide\" style=\"display:none;\">Toggle<\/span><span class=\"ez-toc-icon-toggle-span\"><svg style=\"fill: #999;color:#999\" xmlns=\"http:\/\/www.w3.org\/2000\/svg\" class=\"list-377408\" width=\"20px\" height=\"20px\" viewBox=\"0 0 24 24\" fill=\"none\"><path d=\"M6 6H4v2h2V6zm14 0H8v2h12V6zM4 11h2v2H4v-2zm16 0H8v2h12v-2zM4 16h2v2H4v-2zm16 0H8v2h12v-2z\" fill=\"currentColor\"><\/path><\/svg><svg style=\"fill: #999;color:#999\" class=\"arrow-unsorted-368013\" xmlns=\"http:\/\/www.w3.org\/2000\/svg\" width=\"10px\" height=\"10px\" viewBox=\"0 0 24 24\" version=\"1.2\" baseProfile=\"tiny\"><path d=\"M18.2 9.3l-6.2-6.3-6.2 6.3c-.2.2-.3.4-.3.7s.1.5.3.7c.2.2.4.3.7.3h11c.3 0 .5-.1.7-.3.2-.2.3-.5.3-.7s-.1-.5-.3-.7zM5.8 14.7l6.2 6.3 6.2-6.3c.2-.2.3-.5.3-.7s-.1-.5-.3-.7c-.2-.2-.4-.3-.7-.3h-11c-.3 0-.5.1-.7.3-.2.2-.3.5-.3.7s.1.5.3.7z\"\/><\/svg><\/span><\/span><\/span><\/a><\/span><\/div>\n<nav><ul class='ez-toc-list ez-toc-list-level-1 ' ><li class='ez-toc-page-1 ez-toc-heading-level-2'><a class=\"ez-toc-link ez-toc-heading-1\" href=\"https:\/\/www.skalnik.pl\/blog\/jaki-czekan-w-tatry\/#Tatry_zima_%E2%80%93_o_co_tyle_halasu\" >Tatry zim\u0105 &#8211; o co tyle ha\u0142asu<\/a><\/li><li class='ez-toc-page-1 ez-toc-heading-level-2'><a class=\"ez-toc-link ez-toc-heading-2\" href=\"https:\/\/www.skalnik.pl\/blog\/jaki-czekan-w-tatry\/#Czekan_w_Tatry_%E2%80%93_na_co_zwrocic_uwage_przy_wyborze\" >Czekan w Tatry &#8211; na co zwr\u00f3ci\u0107 uwag\u0119 przy wyborze<\/a><\/li><li class='ez-toc-page-1 ez-toc-heading-level-2'><a class=\"ez-toc-link ez-toc-heading-3\" href=\"https:\/\/www.skalnik.pl\/blog\/jaki-czekan-w-tatry\/#Skitoury_lodospady_i_graniowki_w_Tatrach\" >Skitoury, lodospady i grani\u00f3wki w Tatrach<\/a><\/li><li class='ez-toc-page-1 ez-toc-heading-level-2'><a class=\"ez-toc-link ez-toc-heading-4\" href=\"https:\/\/www.skalnik.pl\/blog\/jaki-czekan-w-tatry\/#Czekan_turystyczny_w_Tatry\" >Czekan turystyczny w Tatry<\/a><\/li><li class='ez-toc-page-1 ez-toc-heading-level-2'><a class=\"ez-toc-link ez-toc-heading-5\" href=\"https:\/\/www.skalnik.pl\/blog\/jaki-czekan-w-tatry\/#Symbolika_ma_znaczenie\" >Symbolika ma znaczenie<\/a><\/li><li class='ez-toc-page-1 ez-toc-heading-level-2'><a class=\"ez-toc-link ez-toc-heading-6\" href=\"https:\/\/www.skalnik.pl\/blog\/jaki-czekan-w-tatry\/#Waga_i_materialy_w_czekanach\" >Waga i materia\u0142y w czekanach<\/a><ul class='ez-toc-list-level-3' ><li class='ez-toc-heading-level-3'><a class=\"ez-toc-link ez-toc-heading-7\" href=\"https:\/\/www.skalnik.pl\/blog\/jaki-czekan-w-tatry\/#Czekan_Alpin_Tour_%E2%80%93_tatrzanski_klasyk\" >Czekan Alpin Tour &#8211; tatrza\u0144ski klasyk<\/a><\/li><li class='ez-toc-page-1 ez-toc-heading-level-3'><a class=\"ez-toc-link ez-toc-heading-8\" href=\"https:\/\/www.skalnik.pl\/blog\/jaki-czekan-w-tatry\/#Alpin_Tour_Light\" >Alpin Tour Light<\/a><\/li><li class='ez-toc-page-1 ez-toc-heading-level-3'><a class=\"ez-toc-link ez-toc-heading-9\" href=\"https:\/\/www.skalnik.pl\/blog\/jaki-czekan-w-tatry\/#Hound_Plus\" >Hound Plus<\/a><\/li><li class='ez-toc-page-1 ez-toc-heading-level-3'><a class=\"ez-toc-link ez-toc-heading-10\" href=\"https:\/\/www.skalnik.pl\/blog\/jaki-czekan-w-tatry\/#Salewa_Alpine-X\" >Salewa Alpine-X<\/a><\/li><li class='ez-toc-page-1 ez-toc-heading-level-3'><a class=\"ez-toc-link ez-toc-heading-11\" href=\"https:\/\/www.skalnik.pl\/blog\/jaki-czekan-w-tatry\/#Grivel_Air_Tech_Evolution\" >Grivel Air Tech Evolution<\/a><\/li><\/ul><\/li><\/ul><\/nav><\/div>\n<h2 class=\"wp-block-heading\"><span class=\"ez-toc-section\" id=\"Tatry_zima_%E2%80%93_o_co_tyle_halasu\"><\/span><strong>Tatry zim\u0105 &#8211; o co tyle ha\u0142asu<\/strong><span class=\"ez-toc-section-end\"><\/span><\/h2>\n\n\n\n<p>Zimowe wycieczki w g\u00f3rach s\u0105 bardziej wymagaj\u0105ce ni\u017c te latem. Warunki potrafi\u0105 porz\u0105dnie da\u0107 w ko\u015b\u0107, a pogoda lubi p\u0142ata\u0107 figle. O ile teren jest jeszcze w miar\u0119 prosty mo\u017cemy testowa\u0107 sw\u00f3j organizm i sprawdza\u0107 umiej\u0119tno\u015bci, ale gdy robi si\u0119 stromo i wymagaj\u0105co, sprawa si\u0119 nieco bardziej komplikuje. Tatry zim\u0105 potrafi\u0105 pokaza\u0107 swoje srogie oblicze, zw\u0142aszcza dla mniej do\u015bwiadczonych turyst\u00f3w. Ich ukszta\u0142towanie mocno odbiega od pozosta\u0142ych pasm g\u00f3rskich w Polsce, ale jest tak samo \u0142atwo dost\u0119pne jak latem. Mo\u017ce si\u0119 wi\u0119c wydawa\u0107, \u017ce wystarczy si\u0119 ciep\u0142o ubra\u0107 i wyj\u015b\u0107 w g\u00f3ry. Nieprawda.<br><\/p>\n\n\n\n<p>Budowa Tatr charakteryzuje si\u0119 wyra\u017an\u0105 strzelisto\u015bci\u0105. Granie pi\u0119trz\u0105 si\u0119 wielkimi blokami skalnymi, a zbocza stromo opadaj\u0105 do g\u0142\u0119boko wci\u0119tych dolin. Do tego cz\u0119sto teren jest kruchy i obsypuj\u0105cy. Zim\u0105 temperatura spada mocno poni\u017cej zera, a stoki i \u017cleby pokrywaj\u0105 si\u0119 grub\u0105 warstw\u0105 \u015bniegu. Do zdobywania takich szczyt\u00f3w trzeba si\u0119 przygotowa\u0107 i odpowiednio wyposa\u017cy\u0107. Raki i czekan staj\u0105 si\u0119 wi\u0119c podstawowym niezb\u0119dnikiem zimowego turysty. Dzi\u0119ki nim mo\u017cesz pewniej stawia\u0107 kroki, podpiera\u0107 si\u0119 w stromym terenie i wyhamowa\u0107 w razie upadku. Poni\u017cej umie\u015bci\u0142am film, w kt\u00f3rym prezentujemy najcz\u0119\u015bciej wybierany przez turyst\u00f3w zestaw, czyli czekan i <a href=\"https:\/\/skalnik.pl\/sprzet-zimowy\/turystyka-zimowa\/turystyka-zimowa-raki-raczki\" target=\"_blank\" rel=\"noreferrer noopener\" aria-label=\" (otwiera si\u0119 na nowej zak\u0142adce)\">raki<\/a> od Climbing Technology.<br><\/p>\n\n\n\n<iframe loading=\"lazy\" src=\"https:\/\/www.youtube.com\/embed\/riCLgL0ZxwQ\" allow=\"accelerometer; autoplay; encrypted-media; gyroscope; picture-in-picture\" allowfullscreen=\"\" width=\"800\" height=\"442\" frameborder=\"0\"><\/iframe>\n\n\n\n<h2 class=\"wp-block-heading\"><span class=\"ez-toc-section\" id=\"Czekan_w_Tatry_%E2%80%93_na_co_zwrocic_uwage_przy_wyborze\"><\/span><strong>Czekan w Tatry &#8211; na co zwr\u00f3ci\u0107 uwag\u0119 przy wyborze<\/strong><span class=\"ez-toc-section-end\"><\/span><\/h2>\n\n\n\n<p>Gdy ju\u017c jeste\u015b zdecydowany, by ruszy\u0107 na podb\u00f3j zimowych Tatr, czas dobra\u0107 sprz\u0119t. Czekan na pierwszy rzut oka nie jest skomplikowan\u0105 konstrukcj\u0105, ale to nie znaczy, \u017ce mo\u017cesz wybra\u0107 pierwszy lepszy lub sugerowa\u0107 si\u0119 kolorem. Wszystko dlatego, \u017ce zupe\u0142nie inny b\u0119dzie zaawansowany czekan wspinaczkowy, a inny dla pocz\u0105tkuj\u0105cego turysty.&nbsp;<br><\/p>\n\n\n\n<p><a href=\"https:\/\/skalnik.pl\/sprzet-zimowy\/turystyka-zimowa\/turystyka-zimowa-czekany\" target=\"_blank\" rel=\"noreferrer noopener\" aria-label=\" (otwiera si\u0119 na nowej zak\u0142adce)\">Czekan<\/a> sk\u0142ada si\u0119 ze <strong>styliska <\/strong>i <strong>g\u0142owicy<\/strong>. Obie te cz\u0119\u015bci r\u00f3\u017cni\u0105 si\u0119 od siebie w zale\u017cno\u015bci od tego, do jakich cel\u00f3w zosta\u0142y stworzone. Przy wyborze wa\u017cny jest wi\u0119c kszta\u0142t, d\u0142ugo\u015b\u0107, waga, materia\u0142 i funkcjonalno\u015b\u0107 np. szeroka \u0142opatka do kopania stopni w \u015bniegu lub p\u0119tla nadgarstkowa.&nbsp;<br><\/p>\n\n\n\n<div class=\"wp-block-image\"><figure class=\"aligncenter size-large\"><img loading=\"lazy\" decoding=\"async\" width=\"1024\" height=\"444\" src=\"https:\/\/skalnik.pl\/blog\/wp-content\/uploads\/2020\/01\/budowa-czekana-1024x444.jpg\" alt=\"Budowa czekana\" class=\"wp-image-11064\" srcset=\"https:\/\/www.skalnik.pl\/blog\/wp-content\/uploads\/2020\/01\/budowa-czekana-1024x444.jpg 1024w, https:\/\/www.skalnik.pl\/blog\/wp-content\/uploads\/2020\/01\/budowa-czekana-300x130.jpg 300w, https:\/\/www.skalnik.pl\/blog\/wp-content\/uploads\/2020\/01\/budowa-czekana-768x333.jpg 768w, https:\/\/www.skalnik.pl\/blog\/wp-content\/uploads\/2020\/01\/budowa-czekana.jpg 1200w\" sizes=\"auto, (max-width: 1024px) 100vw, 1024px\" \/><figcaption><em>Ka\u017cdy czekan zbudowany jest z tych samych element\u00f3w. <\/em><br><em>Mog\u0105 si\u0119 one r\u00f3\u017cni\u0107 kszta\u0142tem i materia\u0142ami.<\/em><\/figcaption><\/figure><\/div>\n\n\n\n<h2 class=\"wp-block-heading\"><span class=\"ez-toc-section\" id=\"Skitoury_lodospady_i_graniowki_w_Tatrach\"><\/span><strong>Skitoury, lodospady i grani\u00f3wki w Tatrach<\/strong><span class=\"ez-toc-section-end\"><\/span><\/h2>\n\n\n\n<p>Mo\u017cliwo\u015bci w Tatrach s\u0105 szerokie. Wybieraj\u0105c czekan do aktywno\u015bci w tych g\u00f3rach, musisz odpowiedzie\u0107 sobie na pytanie: co b\u0119dziesz tam robi\u0107.<br><\/p>\n\n\n\n<p><strong>Czekan wspinaczkowy<\/strong>, czyli dla zaawansowanych i ambitnych. Planujesz wspinanie w lodzie, trudne przej\u015bcia po tatrza\u0144skich graniach i poruszanie si\u0119 w terenie mikstowym. Tutaj zainteresuj\u0105 Ci\u0119 wszystkie powyginane dziaby, wygodne uchwyty i solidne dzioby naszpikowane ostrymi z\u0119bami na g\u0142owicy. Mo\u017cesz wybiera\u0107 z takich marek jak Grivel, Petzl czy Black Diamond i zapewne wiesz dok\u0142adnie, czego potrzebujesz.<br><\/p>\n\n\n\n<p><strong>Ultralekkie czekany<\/strong> to z kolei najcz\u0119stszy wyb\u00f3r skiturowc\u00f3w. Przez wi\u0119kszo\u015b\u0107 czasu ten sprz\u0119t b\u0119dziesz nosi\u0107 przytroczony do plecaka, dlatego waga ma tak du\u017ce znaczenie. Czekana u\u017cyjesz na stromych stokach. W Tatrach nie ma lodowc\u00f3w i je\u015bli nie zamierzasz si\u0119 wspina\u0107, to lekki model b\u0119dzie odpowiednim wyborem. Przyk\u0142adem takiego jest czekan Climbing Technology Alpin Tour Light.<br><\/p>\n\n\n\n<p><strong>Czekan turystyczny<\/strong>, czyli klasyczny czekan do zastosowa\u0144 w turystyce g\u00f3rskiej. Dla wszystkich, kt\u00f3rzy planuj\u0105 zimowe wycieczki po turystycznych tatrza\u0144skich szlakach i ich zimowych wersjach. S\u0142u\u017cy do podpierania si\u0119 i hamowania upadku, a czasem tworzenia stanowisk. Skoro trafi\u0142e\u015b na ten tekst, to prawdopodobnie w\u0142a\u015bnie takiego potrzebujesz.<br><\/p>\n\n\n\n<div class=\"wp-block-image\"><figure class=\"aligncenter size-large\"><img loading=\"lazy\" decoding=\"async\" width=\"1024\" height=\"740\" src=\"https:\/\/skalnik.pl\/blog\/wp-content\/uploads\/2020\/01\/DL_STLABS_MONTE-ROSA_020519_1903.jpg\" alt=\"Czekan na skitoury mo\u017ce by\u0107 bardzo lekki\" class=\"wp-image-11070\" srcset=\"https:\/\/www.skalnik.pl\/blog\/wp-content\/uploads\/2020\/01\/DL_STLABS_MONTE-ROSA_020519_1903.jpg 1024w, https:\/\/www.skalnik.pl\/blog\/wp-content\/uploads\/2020\/01\/DL_STLABS_MONTE-ROSA_020519_1903-300x217.jpg 300w, https:\/\/www.skalnik.pl\/blog\/wp-content\/uploads\/2020\/01\/DL_STLABS_MONTE-ROSA_020519_1903-768x555.jpg 768w\" sizes=\"auto, (max-width: 1024px) 100vw, 1024px\" \/><figcaption><em>Prosty i klasyczny czekan to tak\u017ce dobry wyb\u00f3r dla skiturowc\u00f3w.<\/em><\/figcaption><\/figure><\/div>\n\n\n\n<h2 class=\"wp-block-heading\"><span class=\"ez-toc-section\" id=\"Czekan_turystyczny_w_Tatry\"><\/span><strong>Czekan turystyczny w Tatry<\/strong><span class=\"ez-toc-section-end\"><\/span><\/h2>\n\n\n\n<p>W Tatrach na wielu szlakach w zimowych warunkach przyda Ci si\u0119 podparcie. Latem s\u0142u\u017c\u0105 do tego kije trekkingowe. Mo\u017cesz z nich korzysta\u0107 tak\u017ce zim\u0105 na \u0142agodnych stokach. Na tych bardziej stromych przyda si\u0119 w\u0142a\u015bnie czekan. Turystyczne modele wyr\u00f3\u017cniaj\u0105 si\u0119 na tle innych prost\u0105 budow\u0105 . Mo\u017cna powiedzie\u0107, \u017ce przypominaj\u0105 skr\u00f3con\u0105 ciupag\u0119. I mimo \u017ce zaciekawiony wzrok ch\u0119tnie ucieka do bardziej powyginanych i zmy\u015blnych konstrukcji, to do poruszania si\u0119 szlakami turystycznymi w\u0142a\u015bnie czekan turystyczny b\u0119dzie najlepszym wyborem.<br><\/p>\n\n\n\n<p><strong>Stylisko<\/strong> takiego czekana jest zazwyczaj ca\u0142kiem proste lub delikatnie wygi\u0119te jak w czekanie Alpin Tour od <a href=\"https:\/\/skalnik.pl\/climbing-technology\" target=\"_blank\" rel=\"noreferrer noopener\" aria-label=\" (otwiera si\u0119 na nowej zak\u0142adce)\">Climbing Technology<\/a>. To wygi\u0119cie umo\u017cliwia wygodniejszy chwyt i mocniejsze wbijanie si\u0119 ostrzem w \u015bnieg, gdy nachylenie osi\u0105ga taki stopie\u0144, \u017ce musisz u\u017cy\u0107 tak\u017ce r\u0105k. Nawet proste szlaki w Tatrach zim\u0105 mog\u0105 okaza\u0107 si\u0119 tak wymagaj\u0105ce. Na ko\u0144cu styliska znajduje si\u0119 <strong>grot<\/strong>, kt\u00f3ry jest ostrym zako\u0144czeniem czekana. Jego zadanie to wbijanie si\u0119 w l\u00f3d i zmro\u017cony \u015bnieg przy podchodzeniu.<br><\/p>\n\n\n\n<p><strong>G\u0142owica<\/strong> dzieli si\u0119 na <strong>dzi\u00f3b<\/strong>, czyli ostrze i <strong>\u0142opatk\u0119<\/strong>, znajduj\u0105c\u0105 si\u0119 na drugim jej ko\u0144cu. Podobnie jak ze styliskiem &#8211; te najbardziej nachylone i wygi\u0119te dzioby s\u0142u\u017c\u0105 do trudnych projekt\u00f3w wspinaczkowych. Nie s\u0105 odpowiednie do turystycznych zastosowa\u0144, a ponadto nie nadaj\u0105 si\u0119 do sprawnego hamowania. Z kolei \u0142opatka mo\u017ce by\u0107 p\u0142aska lub wygi\u0119ta; pochylona lub prostopad\u0142a do styliska i mie\u0107 prost\u0105 lub p\u00f3\u0142okr\u0105g\u0142\u0105 kraw\u0119d\u017a. S\u0142u\u017cy przede wszystkim do wyr\u0105bywania stopni w \u015bniegu, a przy podchodzeniu robi za por\u0119czny uchwyt.<br><\/p>\n\n\n\n<h2 class=\"wp-block-heading\"><span class=\"ez-toc-section\" id=\"Symbolika_ma_znaczenie\"><\/span><strong>Symbolika ma znaczenie<\/strong><span class=\"ez-toc-section-end\"><\/span><\/h2>\n\n\n\n<p>Przy wyborze zwr\u00f3\u0107 uwag\u0119 r\u00f3wnie\u017c na <strong>oznaczenia<\/strong>. Czekany mog\u0105 bowiem by\u0107 mniej i bardziej zaawansowane. \u015awiadczy o tym ich wytrzyma\u0142o\u015b\u0107. Obecnie dziel\u0105 si\u0119 one na 2 typy:<br><\/p>\n\n\n\n<ul class=\"wp-block-list\"><li><strong>Typ 1<\/strong> lub B (Basic) &#8211; klasyczny czekan turystyczny tzw. czekan alpinisty, kt\u00f3ry spe\u0142nia norm\u0119 EN i umo\u017cliwia poruszanie si\u0119 w zimowych warunkach, podpieranie si\u0119 i hamowanie podczas upadku. Taki czekan jest stworzony do lodu i \u015bniegu.<\/li><\/ul>\n\n\n\n<ul class=\"wp-block-list\"><li><strong>Typ 2<\/strong> lub T (Technical) &#8211; czekan, kt\u00f3ry poza podstawowymi funkcjami mo\u017ce pos\u0142u\u017cy\u0107 r\u00f3wnie\u017c do budowy stanowiska. Jest odpowiedni do trudnej technicznej wspinaczki i spe\u0142nia wy\u017csze wymagania wytrzyma\u0142o\u015bciowe w ramach normy EN ni\u017c czekany typu 1. Poza \u015bniegiem i lodem, odporny jest tak\u017ce na kontakt ze ska\u0142\u0105.&nbsp;<\/li><\/ul>\n\n\n\n<p>Jako osoba pocz\u0105tkuj\u0105ca mo\u017cesz zdecydowa\u0107 si\u0119 zar\u00f3wno na 1, jak i 2 typ czekana turystycznego. Je\u015bli planujesz proste wycieczki i czekan jest Ci potrzebny do tego, by m\u00f3c si\u0119 na nim podeprze\u0107 na podej\u015bciach i wyhamowa\u0107 w awaryjnej sytuacji, to wystarczy Ci ten pierwszy wariant. Natomiast je\u015bli planujesz proste wspinaczki, my\u015blisz o zimowym kursie, chcesz zg\u0142\u0119bia\u0107 wiedz\u0119 i stale podnosi\u0107 poprzeczk\u0119, to zdecydowanie rozejrzyj si\u0119 za tym drugim. W ko\u0144cu taki sprz\u0119t kupuje si\u0119 na d\u0142u\u017cej ni\u017c jeden sezon.<br><\/p>\n\n\n\n<div class=\"wp-block-image\"><figure class=\"aligncenter size-large\"><img loading=\"lazy\" decoding=\"async\" width=\"1024\" height=\"768\" src=\"https:\/\/skalnik.pl\/blog\/wp-content\/uploads\/2020\/01\/alpin-tour.jpg\" alt=\"Czekan Alpin Tour to ulubieniec tatrza\u0144skiej spo\u0142eczno\u015bci.\" class=\"wp-image-11072\" srcset=\"https:\/\/www.skalnik.pl\/blog\/wp-content\/uploads\/2020\/01\/alpin-tour.jpg 1024w, https:\/\/www.skalnik.pl\/blog\/wp-content\/uploads\/2020\/01\/alpin-tour-300x225.jpg 300w, https:\/\/www.skalnik.pl\/blog\/wp-content\/uploads\/2020\/01\/alpin-tour-768x576.jpg 768w\" sizes=\"auto, (max-width: 1024px) 100vw, 1024px\" \/><figcaption><em>Czekan typu 2 lub oznaczeniem &#8222;T&#8221; to przysz\u0142o\u015bciowy zakup (fot. Krzysztof Mateusiak).<\/em><\/figcaption><\/figure><\/div>\n\n\n\n<h2 class=\"wp-block-heading\"><span class=\"ez-toc-section\" id=\"Waga_i_materialy_w_czekanach\"><\/span><strong>Waga i materia\u0142y w czekanach<\/strong><span class=\"ez-toc-section-end\"><\/span><\/h2>\n\n\n\n<p>W g\u00f3rskich sportach ka\u017cdy si\u0119 ju\u017c przyzwyczai\u0142 do tego, \u017ce p\u0142acimy wi\u0119cej za to, by dosta\u0107\u2026 mniej. Oczywi\u015bcie chodzi o wag\u0119. R\u00f3wnie\u017c w przypadku czekan\u00f3w jest to parametr nie bez znaczenia. Dobre czekany wa\u017c\u0105 w okolicach 500 g, a modele ultralekkie nawet poni\u017cej 400 g. Wi\u0105\u017ce si\u0119 to bezpo\u015brednio z materia\u0142em, z jakiego zosta\u0142y stworzone. Gdy dopiero uczysz si\u0119 porusza\u0107 z czekanem, wybierz raczej ci\u0119\u017cszy. Lepiej, jak b\u0119dziesz go czu\u0107 w d\u0142oni i pami\u0119ta\u0107 o jego istnieniu, to u\u0142atwi wyrobienie odpowiednich przyzwyczaje\u0144. W Tatrach odleg\u0142o\u015bci nie s\u0105 a\u017c takie du\u017ce, \u017ceby te 150 gram\u00f3w zrobi\u0142o Ci zawrotn\u0105 r\u00f3\u017cnic\u0119.<br><\/p>\n\n\n\n<p>Styliska w czekanach wykonane s\u0105 z aluminium lub innych stop\u00f3w lekkich. Mog\u0105 to te\u017c by\u0107 materia\u0142y kompozytowe np. z w\u0142\u00f3knem w\u0119glowym. Natomiast g\u0142owice i groty ze wzgl\u0119du na swoje zadania wyrabiane s\u0105 ze stali, cz\u0119sto hartowanej i nierdzewnej. Najl\u017cejsze modele mog\u0105 mie\u0107 te\u017c aluminiowe ostrze. Jednak lekko\u015b\u0107 materia\u0142\u00f3w odbija si\u0119 na wytrzyma\u0142o\u015bci sprz\u0119tu. Do trudniejszych cel\u00f3w oczywi\u015bcie lepsze b\u0119d\u0105 te bardziej wytrzyma\u0142e.<br><\/p>\n\n\n\n<p>Du\u017co ju\u017c wiesz, czas na konkrety!<br><\/p>\n\n\n\n<h3 class=\"wp-block-heading\"><span class=\"ez-toc-section\" id=\"Czekan_Alpin_Tour_%E2%80%93_tatrzanski_klasyk\"><\/span><strong>Czekan Alpin Tour &#8211; tatrza\u0144ski klasyk<\/strong><span class=\"ez-toc-section-end\"><\/span><\/h3>\n\n\n\n<p>Jak ju\u017c pojedziesz w te Tatry zim\u0105 i si\u0119 rozejrzysz po ludziach, to szybko zauwa\u017cysz, \u017ce wiele ich \u0142\u0105czy. I nie chodzi mi o zami\u0142owanie do marzni\u0119cia i m\u0119czenia si\u0119, ale o kontrastowy czerwony element w d\u0142oni lub przy plecaku. Alpin Tour od Climbing Tehnology to czekan, o kt\u00f3rym ju\u017c by\u0107 mo\u017ce wiesz, bo kto go nie ma? Nie bez powodu. W swojej kategorii ma wszystko &#8211; dobr\u0105 wag\u0119, nisk\u0105 cen\u0119, wytrzyma\u0142e materia\u0142y, lekko wygi\u0119ty profil, spe\u0142nia wymogi typu 2 (T) i ciekawie wygl\u0105da. Na Tatry polecam go osobi\u015bcie, bo sama go u\u017cywam. <\/p>\n\n\n\n<p>Jego cena to oko\u0142o 200 &#8211; 260 z\u0142.<br><\/p>\n\n\n\n<h3 class=\"wp-block-heading\"><span class=\"ez-toc-section\" id=\"Alpin_Tour_Light\"><\/span><strong>Alpin Tour Light<\/strong><span class=\"ez-toc-section-end\"><\/span><\/h3>\n\n\n\n<p>Wspomniany ju\u017c przy propozycji dla skiturowc\u00f3w. Kolejny czekan Climbing Technology od swojego brata r\u00f3\u017cni si\u0119 przede wszystkim wag\u0105 i materia\u0142em. Tutaj g\u0142owica zosta\u0142a wykonana r\u00f3wnie\u017c ze stopu lekkiego, dlatego nie polecam go do trudniejszych dzia\u0142a\u0144 i kontaktu ze ska\u0142\u0105, zw\u0142aszcza, \u017ce jest czekanem typu 1. Postaw na niego, je\u015bli waga jest dla Ciebie priorytetem i planujesz sporadyczne u\u017cytkowanie.<\/p>\n\n\n\n<p>Jego cena to oko\u0142o 220 &#8211; 290 z\u0142.<br><\/p>\n\n\n\n<h3 class=\"wp-block-heading\"><span class=\"ez-toc-section\" id=\"Hound_Plus\"><\/span><strong>Hound Plus<\/strong><span class=\"ez-toc-section-end\"><\/span><\/h3>\n\n\n\n<p>Bardzo ciekawa propozycja Climbing Technology dla os\u00f3b z wspinaczkowym zaci\u0119ciem. Stylisko u do\u0142u zosta\u0142o wyposa\u017cone w wygodny gumowy uchwyt, dlatego sprz\u0119t \u015bwietnie le\u017cy w d\u0142oni i oferuje wygodne wbijanie si\u0119 w \u015bnieg. Typ 2 pozwala na u\u017cytkowanie go podczas wspinaczki w mikstowym terenie. Wybierz go, gdy wiesz, \u017ce ci\u0105gle chcesz wi\u0119cej.<\/p>\n\n\n\n<div class=\"wp-block-image\"><figure class=\"aligncenter size-large\"><img loading=\"lazy\" decoding=\"async\" width=\"1024\" height=\"538\" src=\"https:\/\/skalnik.pl\/blog\/wp-content\/uploads\/2020\/01\/czekany-CT-1024x538.jpg\" alt=\"Climbing Technology oferuje du\u017cy wyb\u00f3r czekan\u00f3w turystycznych\" class=\"wp-image-11067\" srcset=\"https:\/\/www.skalnik.pl\/blog\/wp-content\/uploads\/2020\/01\/czekany-CT-1024x538.jpg 1024w, https:\/\/www.skalnik.pl\/blog\/wp-content\/uploads\/2020\/01\/czekany-CT-300x158.jpg 300w, https:\/\/www.skalnik.pl\/blog\/wp-content\/uploads\/2020\/01\/czekany-CT-768x403.jpg 768w, https:\/\/www.skalnik.pl\/blog\/wp-content\/uploads\/2020\/01\/czekany-CT.jpg 1200w\" sizes=\"auto, (max-width: 1024px) 100vw, 1024px\" \/><\/figure><\/div>\n\n\n\n<p>Jego cena to oko\u0142o 260 &#8211; 390 z\u0142.<br><\/p>\n\n\n\n<h3 class=\"wp-block-heading\"><span class=\"ez-toc-section\" id=\"Salewa_Alpine-X\"><\/span><strong>Salewa Alpine-X <\/strong><span class=\"ez-toc-section-end\"><\/span><\/h3>\n\n\n\n<p>Model marki Salewa o nietypowym kszta\u0142cie g\u0142owicy. Sprawdzi si\u0119 nie tylko w Tatrach, ale tak\u017ce na lodowcach&nbsp; i podczas alpejskich wyzwa\u0144. Specjalnie wyprofilowany dzi\u00f3b zawsze wygrywa w starciu ze zmro\u017conym \u015bniegiem i lodem. Czekan odznacza si\u0119 tak\u017ce nisk\u0105 wag\u0105 i podwy\u017cszon\u0105 wytrzyma\u0142o\u015bci\u0105 typu 2.<\/p>\n\n\n\n<p>Jego cena to oko\u0142o 380 &#8211; 500 z\u0142.<br><\/p>\n\n\n\n<h3 class=\"wp-block-heading\"><span class=\"ez-toc-section\" id=\"Grivel_Air_Tech_Evolution\"><\/span><strong>Grivel Air Tech Evolution<\/strong><span class=\"ez-toc-section-end\"><\/span><\/h3>\n\n\n\n<p>Nieco dro\u017csza propozycja marki <a href=\"https:\/\/skalnik.pl\/grivel\" target=\"_blank\" rel=\"noreferrer noopener\" aria-label=\" (otwiera si\u0119 na nowej zak\u0142adce)\">Grivel<\/a>. Czekan r\u00f3wnie\u017c jest wyposa\u017cony w por\u0119czn\u0105 r\u0119koje\u015b\u0107, ale co jest ciekawe &#8211; oferuje wyb\u00f3r niestandardowych d\u0142ugo\u015bci. To istotny parametr podczas zakupu, wi\u0119c je\u015bli nie le\u017c\u0105 Ci klasyczne d\u0142ugo\u015bci, to spr\u00f3buj dobra\u0107 co\u015b z tego modelu. To tak\u017ce czekan typu 2, wi\u0119c sprawdzi si\u0119 przy trudniejszych wspinaczkach i zimowej turystyce g\u00f3rskiej.<\/p>\n\n\n\n<p>Jego cena to oko\u0142o 500 &#8211; 680 z\u0142.<br><\/p>\n\n\n\n<figure class=\"wp-block-image size-large\"><img loading=\"lazy\" decoding=\"async\" width=\"1024\" height=\"521\" src=\"https:\/\/skalnik.pl\/blog\/wp-content\/uploads\/2020\/01\/czekany-turystyczne-1024x521.jpg\" alt=\"Czekan turystyczny Salewa i Grivel\" class=\"wp-image-11068\" srcset=\"https:\/\/www.skalnik.pl\/blog\/wp-content\/uploads\/2020\/01\/czekany-turystyczne-1024x521.jpg 1024w, https:\/\/www.skalnik.pl\/blog\/wp-content\/uploads\/2020\/01\/czekany-turystyczne-300x153.jpg 300w, https:\/\/www.skalnik.pl\/blog\/wp-content\/uploads\/2020\/01\/czekany-turystyczne-768x390.jpg 768w, https:\/\/www.skalnik.pl\/blog\/wp-content\/uploads\/2020\/01\/czekany-turystyczne.jpg 1200w\" sizes=\"auto, (max-width: 1024px) 100vw, 1024px\" \/><\/figure>\n\n\n\n<p>Pami\u0119taj, \u017ce posiadanie sprz\u0119tu to nie wszystko. Musisz umie\u0107 go obs\u0142ugiwa\u0107, a w przypadku czekana &#8211; wiedzie\u0107, jak poprawnie go nosi\u0107 i jak si\u0119 nim ratowa\u0107 w razie wypadku. A i wiedza bez praktyki jest tylko wyuczon\u0105 teori\u0105, wi\u0119c \u0107wicz hamowanie przy ka\u017cdej mo\u017cliwej okazji! A poza tym korzystaj z zimy w Tatrach, ile si\u0119 da, bo potrafi by\u0107 bardzo kr\u00f3tka.<\/p>\n","protected":false},"excerpt":{"rendered":"<p>My\u015blisz o zimowych podbojach Tatr? To \u015bwietny pomys\u0142, ale najpierw si\u0119 przygotuj. Zobacz, jaki czekan si\u0119 sprawdzi w naszych g\u00f3rach.<\/p>\n","protected":false},"author":28,"featured_media":11066,"comment_status":"open","ping_status":"open","sticky":false,"template":"","format":"standard","meta":{"_acf_changed":false,"footnotes":""},"categories":[3],"tags":[95,14,16],"magento_category":[67],"magento_product":[],"class_list":["post-11062","post","type-post","status-publish","format-standard","has-post-thumbnail","hentry","category-porady","tag-sprzet-turystyczny","tag-tatry","tag-zima"],"acf":[],"aioseo_notices":[],"aioseo_head":"\n\t\t<!-- All in One SEO 4.9.10 - aioseo.com -->\n\t<meta name=\"description\" content=\"Zimowe Tatry kusz\u0105 swoim pi\u0119knem i mo\u017cliwo\u015bciami. By bezpiecznie si\u0119 po nich porusza\u0107 raki i czekan to podstawa. Doradzamy, jaki czekan w Tatry wybra\u0107.\" \/>\n\t<meta name=\"robots\" content=\"max-image-preview:large\" \/>\n\t<meta name=\"author\" content=\"Angela Semczuk\"\/>\n\t<link rel=\"canonical\" href=\"https:\/\/www.skalnik.pl\/blog\/jaki-czekan-w-tatry\/\" \/>\n\t<meta name=\"generator\" content=\"All in One SEO (AIOSEO) 4.9.10\" \/>\n\t\t<meta property=\"og:locale\" content=\"pl_PL\" \/>\n\t\t<meta property=\"og:site_name\" content=\"blog Skalnik - Blog, porady, artyku\u0142y - blog Skalnik\" \/>\n\t\t<meta property=\"og:type\" content=\"article\" \/>\n\t\t<meta property=\"og:title\" content=\"Jaki czekan w Tatry - blog Skalnik\" \/>\n\t\t<meta property=\"og:description\" content=\"Zimowe Tatry kusz\u0105 swoim pi\u0119knem i mo\u017cliwo\u015bciami. By bezpiecznie si\u0119 po nich porusza\u0107 raki i czekan to podstawa. Doradzamy, jaki czekan w Tatry wybra\u0107.\" \/>\n\t\t<meta property=\"og:url\" content=\"https:\/\/www.skalnik.pl\/blog\/jaki-czekan-w-tatry\/\" \/>\n\t\t<meta property=\"og:image\" content=\"https:\/\/skalnik.pl\/blog\/wp-content\/uploads\/2020\/01\/budowa-czekana-1024x444.jpg\" \/>\n\t\t<meta property=\"og:image:secure_url\" content=\"https:\/\/skalnik.pl\/blog\/wp-content\/uploads\/2020\/01\/budowa-czekana-1024x444.jpg\" \/>\n\t\t<meta property=\"article:tag\" content=\"porady\" \/>\n\t\t<meta property=\"article:tag\" content=\"sprz\u0119t turystyczny\" \/>\n\t\t<meta property=\"article:tag\" content=\"tatry\" \/>\n\t\t<meta property=\"article:tag\" content=\"zima\" \/>\n\t\t<meta property=\"article:published_time\" content=\"2020-01-28T07:00:00+00:00\" \/>\n\t\t<meta property=\"article:modified_time\" content=\"2022-01-31T11:57:31+00:00\" \/>\n\t\t<meta name=\"twitter:card\" content=\"summary_large_image\" \/>\n\t\t<meta name=\"twitter:title\" content=\"Jaki czekan w Tatry - blog Skalnik\" \/>\n\t\t<meta name=\"twitter:description\" content=\"Zimowe Tatry kusz\u0105 swoim pi\u0119knem i mo\u017cliwo\u015bciami. By bezpiecznie si\u0119 po nich porusza\u0107 raki i czekan to podstawa. Doradzamy, jaki czekan w Tatry wybra\u0107.\" \/>\n\t\t<meta name=\"twitter:image\" content=\"https:\/\/skalnik.pl\/blog\/wp-content\/uploads\/2020\/01\/budowa-czekana-1024x444.jpg\" \/>\n\t\t<script type=\"application\/ld+json\" class=\"aioseo-schema\">\n\t\t\t{\"@context\":\"https:\\\/\\\/schema.org\",\"@graph\":[{\"@type\":\"BlogPosting\",\"@id\":\"https:\\\/\\\/www.skalnik.pl\\\/blog\\\/jaki-czekan-w-tatry\\\/#blogposting\",\"name\":\"Jaki czekan w Tatry - blog Skalnik\",\"headline\":\"Jaki czekan w Tatry\",\"author\":{\"@id\":\"https:\\\/\\\/www.skalnik.pl\\\/blog\\\/author\\\/angela-semczuk\\\/#author\"},\"publisher\":{\"@id\":\"https:\\\/\\\/www.skalnik.pl\\\/blog\\\/#organization\"},\"image\":{\"@type\":\"ImageObject\",\"url\":\"https:\\\/\\\/www.skalnik.pl\\\/blog\\\/wp-content\\\/uploads\\\/2020\\\/01\\\/okladka-czekan-tatry.jpg\",\"width\":1920,\"height\":705,\"caption\":\"Tatry zim\\u0105\"},\"datePublished\":\"2020-01-28T08:00:00+02:00\",\"dateModified\":\"2022-01-31T12:57:31+02:00\",\"inLanguage\":\"pl-PL\",\"mainEntityOfPage\":{\"@id\":\"https:\\\/\\\/www.skalnik.pl\\\/blog\\\/jaki-czekan-w-tatry\\\/#webpage\"},\"isPartOf\":{\"@id\":\"https:\\\/\\\/www.skalnik.pl\\\/blog\\\/jaki-czekan-w-tatry\\\/#webpage\"},\"articleSection\":\"Porady, sprz\\u0119t turystyczny, tatry, zima, 1286\"},{\"@type\":\"BreadcrumbList\",\"@id\":\"https:\\\/\\\/www.skalnik.pl\\\/blog\\\/jaki-czekan-w-tatry\\\/#breadcrumblist\",\"itemListElement\":[{\"@type\":\"ListItem\",\"@id\":\"https:\\\/\\\/www.skalnik.pl\\\/blog#listItem\",\"position\":1,\"name\":\"Home\",\"item\":\"https:\\\/\\\/www.skalnik.pl\\\/blog\",\"nextItem\":{\"@type\":\"ListItem\",\"@id\":\"https:\\\/\\\/www.skalnik.pl\\\/blog\\\/.\\\/porady\\\/#listItem\",\"name\":\"Porady\"}},{\"@type\":\"ListItem\",\"@id\":\"https:\\\/\\\/www.skalnik.pl\\\/blog\\\/.\\\/porady\\\/#listItem\",\"position\":2,\"name\":\"Porady\",\"item\":\"https:\\\/\\\/www.skalnik.pl\\\/blog\\\/.\\\/porady\\\/\",\"nextItem\":{\"@type\":\"ListItem\",\"@id\":\"https:\\\/\\\/www.skalnik.pl\\\/blog\\\/jaki-czekan-w-tatry\\\/#listItem\",\"name\":\"Jaki czekan w Tatry\"},\"previousItem\":{\"@type\":\"ListItem\",\"@id\":\"https:\\\/\\\/www.skalnik.pl\\\/blog#listItem\",\"name\":\"Home\"}},{\"@type\":\"ListItem\",\"@id\":\"https:\\\/\\\/www.skalnik.pl\\\/blog\\\/jaki-czekan-w-tatry\\\/#listItem\",\"position\":3,\"name\":\"Jaki czekan w Tatry\",\"previousItem\":{\"@type\":\"ListItem\",\"@id\":\"https:\\\/\\\/www.skalnik.pl\\\/blog\\\/.\\\/porady\\\/#listItem\",\"name\":\"Porady\"}}]},{\"@type\":\"Organization\",\"@id\":\"https:\\\/\\\/www.skalnik.pl\\\/blog\\\/#organization\",\"name\":\"blog Skalnik\",\"description\":\"Blog, porady, artyku\\u0142y - blog Skalnik\",\"url\":\"https:\\\/\\\/www.skalnik.pl\\\/blog\\\/\"},{\"@type\":\"Person\",\"@id\":\"https:\\\/\\\/www.skalnik.pl\\\/blog\\\/author\\\/angela-semczuk\\\/#author\",\"url\":\"https:\\\/\\\/www.skalnik.pl\\\/blog\\\/author\\\/angela-semczuk\\\/\",\"name\":\"Angela Semczuk\",\"image\":{\"@type\":\"ImageObject\",\"@id\":\"https:\\\/\\\/www.skalnik.pl\\\/blog\\\/jaki-czekan-w-tatry\\\/#authorImage\",\"url\":\"https:\\\/\\\/secure.gravatar.com\\\/avatar\\\/2e35895ed566f66486e308460c0caf9f9fa2f4bd643a42453eb55d7aa3584457?s=96&d=mm&r=g\",\"width\":96,\"height\":96,\"caption\":\"Angela Semczuk\"}},{\"@type\":\"WebPage\",\"@id\":\"https:\\\/\\\/www.skalnik.pl\\\/blog\\\/jaki-czekan-w-tatry\\\/#webpage\",\"url\":\"https:\\\/\\\/www.skalnik.pl\\\/blog\\\/jaki-czekan-w-tatry\\\/\",\"name\":\"Jaki czekan w Tatry - blog Skalnik\",\"description\":\"Zimowe Tatry kusz\\u0105 swoim pi\\u0119knem i mo\\u017cliwo\\u015bciami. By bezpiecznie si\\u0119 po nich porusza\\u0107 raki i czekan to podstawa. Doradzamy, jaki czekan w Tatry wybra\\u0107.\",\"inLanguage\":\"pl-PL\",\"isPartOf\":{\"@id\":\"https:\\\/\\\/www.skalnik.pl\\\/blog\\\/#website\"},\"breadcrumb\":{\"@id\":\"https:\\\/\\\/www.skalnik.pl\\\/blog\\\/jaki-czekan-w-tatry\\\/#breadcrumblist\"},\"author\":{\"@id\":\"https:\\\/\\\/www.skalnik.pl\\\/blog\\\/author\\\/angela-semczuk\\\/#author\"},\"creator\":{\"@id\":\"https:\\\/\\\/www.skalnik.pl\\\/blog\\\/author\\\/angela-semczuk\\\/#author\"},\"image\":{\"@type\":\"ImageObject\",\"url\":\"https:\\\/\\\/www.skalnik.pl\\\/blog\\\/wp-content\\\/uploads\\\/2020\\\/01\\\/okladka-czekan-tatry.jpg\",\"@id\":\"https:\\\/\\\/www.skalnik.pl\\\/blog\\\/jaki-czekan-w-tatry\\\/#mainImage\",\"width\":1920,\"height\":705,\"caption\":\"Tatry zim\\u0105\"},\"primaryImageOfPage\":{\"@id\":\"https:\\\/\\\/www.skalnik.pl\\\/blog\\\/jaki-czekan-w-tatry\\\/#mainImage\"},\"datePublished\":\"2020-01-28T08:00:00+02:00\",\"dateModified\":\"2022-01-31T12:57:31+02:00\"},{\"@type\":\"WebSite\",\"@id\":\"https:\\\/\\\/www.skalnik.pl\\\/blog\\\/#website\",\"url\":\"https:\\\/\\\/www.skalnik.pl\\\/blog\\\/\",\"name\":\"blog Skalnik\",\"description\":\"Blog, porady, artyku\\u0142y - blog Skalnik\",\"inLanguage\":\"pl-PL\",\"publisher\":{\"@id\":\"https:\\\/\\\/www.skalnik.pl\\\/blog\\\/#organization\"}}]}\n\t\t<\/script>\n\t\t<!-- All in One SEO -->\n\n","aioseo_head_json":{"title":"Jaki czekan w Tatry - blog Skalnik","description":"Zimowe Tatry kusz\u0105 swoim pi\u0119knem i mo\u017cliwo\u015bciami. By bezpiecznie si\u0119 po nich porusza\u0107 raki i czekan to podstawa. Doradzamy, jaki czekan w Tatry wybra\u0107.","canonical_url":"https:\/\/www.skalnik.pl\/blog\/jaki-czekan-w-tatry\/","robots":"max-image-preview:large","keywords":"","webmasterTools":{"miscellaneous":""},"schema":{"@context":"https:\/\/schema.org","@graph":[{"@type":"BlogPosting","@id":"https:\/\/www.skalnik.pl\/blog\/jaki-czekan-w-tatry\/#blogposting","name":"Jaki czekan w Tatry - blog Skalnik","headline":"Jaki czekan w Tatry","author":{"@id":"https:\/\/www.skalnik.pl\/blog\/author\/angela-semczuk\/#author"},"publisher":{"@id":"https:\/\/www.skalnik.pl\/blog\/#organization"},"image":{"@type":"ImageObject","url":"https:\/\/www.skalnik.pl\/blog\/wp-content\/uploads\/2020\/01\/okladka-czekan-tatry.jpg","width":1920,"height":705,"caption":"Tatry zim\u0105"},"datePublished":"2020-01-28T08:00:00+02:00","dateModified":"2022-01-31T12:57:31+02:00","inLanguage":"pl-PL","mainEntityOfPage":{"@id":"https:\/\/www.skalnik.pl\/blog\/jaki-czekan-w-tatry\/#webpage"},"isPartOf":{"@id":"https:\/\/www.skalnik.pl\/blog\/jaki-czekan-w-tatry\/#webpage"},"articleSection":"Porady, sprz\u0119t turystyczny, tatry, zima, 1286"},{"@type":"BreadcrumbList","@id":"https:\/\/www.skalnik.pl\/blog\/jaki-czekan-w-tatry\/#breadcrumblist","itemListElement":[{"@type":"ListItem","@id":"https:\/\/www.skalnik.pl\/blog#listItem","position":1,"name":"Home","item":"https:\/\/www.skalnik.pl\/blog","nextItem":{"@type":"ListItem","@id":"https:\/\/www.skalnik.pl\/blog\/.\/porady\/#listItem","name":"Porady"}},{"@type":"ListItem","@id":"https:\/\/www.skalnik.pl\/blog\/.\/porady\/#listItem","position":2,"name":"Porady","item":"https:\/\/www.skalnik.pl\/blog\/.\/porady\/","nextItem":{"@type":"ListItem","@id":"https:\/\/www.skalnik.pl\/blog\/jaki-czekan-w-tatry\/#listItem","name":"Jaki czekan w Tatry"},"previousItem":{"@type":"ListItem","@id":"https:\/\/www.skalnik.pl\/blog#listItem","name":"Home"}},{"@type":"ListItem","@id":"https:\/\/www.skalnik.pl\/blog\/jaki-czekan-w-tatry\/#listItem","position":3,"name":"Jaki czekan w Tatry","previousItem":{"@type":"ListItem","@id":"https:\/\/www.skalnik.pl\/blog\/.\/porady\/#listItem","name":"Porady"}}]},{"@type":"Organization","@id":"https:\/\/www.skalnik.pl\/blog\/#organization","name":"blog Skalnik","description":"Blog, porady, artyku\u0142y - blog Skalnik","url":"https:\/\/www.skalnik.pl\/blog\/"},{"@type":"Person","@id":"https:\/\/www.skalnik.pl\/blog\/author\/angela-semczuk\/#author","url":"https:\/\/www.skalnik.pl\/blog\/author\/angela-semczuk\/","name":"Angela Semczuk","image":{"@type":"ImageObject","@id":"https:\/\/www.skalnik.pl\/blog\/jaki-czekan-w-tatry\/#authorImage","url":"https:\/\/secure.gravatar.com\/avatar\/2e35895ed566f66486e308460c0caf9f9fa2f4bd643a42453eb55d7aa3584457?s=96&d=mm&r=g","width":96,"height":96,"caption":"Angela Semczuk"}},{"@type":"WebPage","@id":"https:\/\/www.skalnik.pl\/blog\/jaki-czekan-w-tatry\/#webpage","url":"https:\/\/www.skalnik.pl\/blog\/jaki-czekan-w-tatry\/","name":"Jaki czekan w Tatry - blog Skalnik","description":"Zimowe Tatry kusz\u0105 swoim pi\u0119knem i mo\u017cliwo\u015bciami. By bezpiecznie si\u0119 po nich porusza\u0107 raki i czekan to podstawa. Doradzamy, jaki czekan w Tatry wybra\u0107.","inLanguage":"pl-PL","isPartOf":{"@id":"https:\/\/www.skalnik.pl\/blog\/#website"},"breadcrumb":{"@id":"https:\/\/www.skalnik.pl\/blog\/jaki-czekan-w-tatry\/#breadcrumblist"},"author":{"@id":"https:\/\/www.skalnik.pl\/blog\/author\/angela-semczuk\/#author"},"creator":{"@id":"https:\/\/www.skalnik.pl\/blog\/author\/angela-semczuk\/#author"},"image":{"@type":"ImageObject","url":"https:\/\/www.skalnik.pl\/blog\/wp-content\/uploads\/2020\/01\/okladka-czekan-tatry.jpg","@id":"https:\/\/www.skalnik.pl\/blog\/jaki-czekan-w-tatry\/#mainImage","width":1920,"height":705,"caption":"Tatry zim\u0105"},"primaryImageOfPage":{"@id":"https:\/\/www.skalnik.pl\/blog\/jaki-czekan-w-tatry\/#mainImage"},"datePublished":"2020-01-28T08:00:00+02:00","dateModified":"2022-01-31T12:57:31+02:00"},{"@type":"WebSite","@id":"https:\/\/www.skalnik.pl\/blog\/#website","url":"https:\/\/www.skalnik.pl\/blog\/","name":"blog Skalnik","description":"Blog, porady, artyku\u0142y - blog Skalnik","inLanguage":"pl-PL","publisher":{"@id":"https:\/\/www.skalnik.pl\/blog\/#organization"}}]},"og:locale":"pl_PL","og:site_name":"blog Skalnik - Blog, porady, artyku\u0142y - blog Skalnik","og:type":"article","og:title":"Jaki czekan w Tatry - blog Skalnik","og:description":"Zimowe Tatry kusz\u0105 swoim pi\u0119knem i mo\u017cliwo\u015bciami. By bezpiecznie si\u0119 po nich porusza\u0107 raki i czekan to podstawa. Doradzamy, jaki czekan w Tatry wybra\u0107.","og:url":"https:\/\/www.skalnik.pl\/blog\/jaki-czekan-w-tatry\/","og:image":"https:\/\/skalnik.pl\/blog\/wp-content\/uploads\/2020\/01\/budowa-czekana-1024x444.jpg","og:image:secure_url":"https:\/\/skalnik.pl\/blog\/wp-content\/uploads\/2020\/01\/budowa-czekana-1024x444.jpg","article:tag":["porady","sprz\u0119t turystyczny","tatry","zima"],"article:published_time":"2020-01-28T07:00:00+00:00","article:modified_time":"2022-01-31T11:57:31+00:00","twitter:card":"summary_large_image","twitter:title":"Jaki czekan w Tatry - blog Skalnik","twitter:description":"Zimowe Tatry kusz\u0105 swoim pi\u0119knem i mo\u017cliwo\u015bciami. By bezpiecznie si\u0119 po nich porusza\u0107 raki i czekan to podstawa. Doradzamy, jaki czekan w Tatry wybra\u0107.","twitter:image":"https:\/\/skalnik.pl\/blog\/wp-content\/uploads\/2020\/01\/budowa-czekana-1024x444.jpg"},"aioseo_meta_data":{"post_id":"11062","title":"","description":"Zimowe Tatry kusz\u0105 swoim pi\u0119knem i mo\u017cliwo\u015bciami. By bezpiecznie si\u0119 po nich porusza\u0107 raki i czekan to podstawa. Doradzamy, jaki czekan w Tatry wybra\u0107.","keywords":[{"label":"czekan w tatry","value":"czekan w tatry"},{"label":"tatry zim\u0105","value":"tatry zim\u0105"},{"label":"raki i czekan","value":"raki i czekan"},{"label":"alpin tour","value":"alpin tour"}],"keyphrases":null,"primary_term":null,"canonical_url":"","og_title":null,"og_description":null,"og_object_type":"default","og_image_type":"default","og_image_url":null,"og_image_width":null,"og_image_height":null,"og_image_custom_url":null,"og_image_custom_fields":null,"og_video":null,"og_custom_url":null,"og_article_section":null,"og_article_tags":null,"twitter_use_og":false,"twitter_card":"default","twitter_image_type":"default","twitter_image_url":null,"twitter_image_custom_url":null,"twitter_image_custom_fields":null,"twitter_title":null,"twitter_description":null,"schema":{"blockGraphs":[],"customGraphs":[],"default":{"data":{"Article":[],"Course":[],"Dataset":[],"FAQPage":[],"Movie":[],"Person":[],"Product":[],"ProductReview":[],"Car":[],"Recipe":[],"Service":[],"SoftwareApplication":[],"WebPage":[]},"graphName":"BlogPosting","isEnabled":true},"graphs":[]},"schema_type":"default","schema_type_options":null,"pillar_content":false,"robots_default":true,"robots_noindex":false,"robots_noarchive":false,"robots_nosnippet":false,"robots_nofollow":false,"robots_noimageindex":false,"robots_noodp":false,"robots_notranslate":false,"robots_max_snippet":null,"robots_max_videopreview":null,"robots_max_imagepreview":"large","priority":null,"frequency":null,"local_seo":null,"breadcrumb_settings":null,"limit_modified_date":false,"ai":null,"created":"2022-08-26 10:13:47","updated":"2026-02-17 21:46:19","seo_analyzer_scan_date":null},"aioseo_breadcrumb":"<div class=\"aioseo-breadcrumbs\"><span class=\"aioseo-breadcrumb\">\n\t\t\t<a href=\"https:\/\/www.skalnik.pl\/blog\" title=\"Home\">Home<\/a>\n\t\t<\/span><span class=\"aioseo-breadcrumb-separator\">&raquo;<\/span><span class=\"aioseo-breadcrumb\">\n\t\t\t<a href=\"https:\/\/www.skalnik.pl\/blog\/.\/porady\/\" title=\"Porady\">Porady<\/a>\n\t\t<\/span><span class=\"aioseo-breadcrumb-separator\">&raquo;<\/span><span class=\"aioseo-breadcrumb\">\n\t\t\tJaki czekan w Tatry\n\t\t<\/span><\/div>","aioseo_breadcrumb_json":[{"label":"Home","link":"https:\/\/www.skalnik.pl\/blog"},{"label":"Porady","link":"https:\/\/www.skalnik.pl\/blog\/.\/porady\/"},{"label":"Jaki czekan w Tatry","link":"https:\/\/www.skalnik.pl\/blog\/jaki-czekan-w-tatry\/"}],"_links":{"self":[{"href":"https:\/\/www.skalnik.pl\/blog\/wp-json\/wp\/v2\/posts\/11062","targetHints":{"allow":["GET"]}}],"collection":[{"href":"https:\/\/www.skalnik.pl\/blog\/wp-json\/wp\/v2\/posts"}],"about":[{"href":"https:\/\/www.skalnik.pl\/blog\/wp-json\/wp\/v2\/types\/post"}],"author":[{"embeddable":true,"href":"https:\/\/www.skalnik.pl\/blog\/wp-json\/wp\/v2\/users\/28"}],"replies":[{"embeddable":true,"href":"https:\/\/www.skalnik.pl\/blog\/wp-json\/wp\/v2\/comments?post=11062"}],"version-history":[{"count":8,"href":"https:\/\/www.skalnik.pl\/blog\/wp-json\/wp\/v2\/posts\/11062\/revisions"}],"predecessor-version":[{"id":11106,"href":"https:\/\/www.skalnik.pl\/blog\/wp-json\/wp\/v2\/posts\/11062\/revisions\/11106"}],"wp:featuredmedia":[{"embeddable":true,"href":"https:\/\/www.skalnik.pl\/blog\/wp-json\/wp\/v2\/media\/11066"}],"wp:attachment":[{"href":"https:\/\/www.skalnik.pl\/blog\/wp-json\/wp\/v2\/media?parent=11062"}],"wp:term":[{"taxonomy":"category","embeddable":true,"href":"https:\/\/www.skalnik.pl\/blog\/wp-json\/wp\/v2\/categories?post=11062"},{"taxonomy":"post_tag","embeddable":true,"href":"https:\/\/www.skalnik.pl\/blog\/wp-json\/wp\/v2\/tags?post=11062"},{"taxonomy":"magento_category","embeddable":true,"href":"https:\/\/www.skalnik.pl\/blog\/wp-json\/wp\/v2\/magento_category?post=11062"},{"taxonomy":"magento_product","embeddable":true,"href":"https:\/\/www.skalnik.pl\/blog\/wp-json\/wp\/v2\/magento_product?post=11062"}],"curies":[{"name":"wp","href":"https:\/\/api.w.org\/{rel}","templated":true}]}}