{"id":11076,"date":"2020-01-29T08:54:00","date_gmt":"2020-01-29T07:54:00","guid":{"rendered":"https:\/\/skalnik.pl\/blog\/?p=11076"},"modified":"2023-09-29T13:48:21","modified_gmt":"2023-09-29T11:48:21","slug":"kurtka-marmot-minimalist-recenzja","status":"publish","type":"post","link":"https:\/\/www.skalnik.pl\/blog\/kurtka-marmot-minimalist-recenzja\/","title":{"rendered":"Kurtka Marmot Minimalist &#8211; test"},"content":{"rendered":"\n<p><strong>Marmot Minimalist \u2013 kurtka uniwersalna do granic mo\u017cliwo\u015bci. Towarzyszy\u0142a mi w codziennej drodze do pracy, obozowaniu stacjonarnym, jednodniowych wycieczkach, trekkingu w Norwegii oraz na Majorce. Jak wygl\u0105da\u0142y trzy lata u\u017cytkowania? Jak ona wygl\u0105da po tych trzech latach? Oraz bardziej filozoficzne pytanie \u2013 czy Goretex Paclite jest dla mnie?&nbsp; Czas na podsumowanie! <\/strong><\/p>\n\n\n\n<div id=\"ez-toc-container\" class=\"ez-toc-v2_0_85 counter-hierarchy ez-toc-counter ez-toc-light-blue ez-toc-container-direction\">\n<div class=\"ez-toc-title-container\">\n<p class=\"ez-toc-title\" style=\"cursor:inherit\">SPIS TRE\u015aCI <\/p>\n<span class=\"ez-toc-title-toggle\"><a href=\"#\" class=\"ez-toc-pull-right ez-toc-btn ez-toc-btn-xs ez-toc-btn-default ez-toc-toggle\" aria-label=\"Prze\u0142\u0105cznik Spisu Tre\u015bci\"><span class=\"ez-toc-js-icon-con\"><span class=\"\"><span class=\"eztoc-hide\" style=\"display:none;\">Toggle<\/span><span class=\"ez-toc-icon-toggle-span\"><svg style=\"fill: #999;color:#999\" xmlns=\"http:\/\/www.w3.org\/2000\/svg\" class=\"list-377408\" width=\"20px\" height=\"20px\" viewBox=\"0 0 24 24\" fill=\"none\"><path d=\"M6 6H4v2h2V6zm14 0H8v2h12V6zM4 11h2v2H4v-2zm16 0H8v2h12v-2zM4 16h2v2H4v-2zm16 0H8v2h12v-2z\" fill=\"currentColor\"><\/path><\/svg><svg style=\"fill: #999;color:#999\" class=\"arrow-unsorted-368013\" xmlns=\"http:\/\/www.w3.org\/2000\/svg\" width=\"10px\" height=\"10px\" viewBox=\"0 0 24 24\" version=\"1.2\" baseProfile=\"tiny\"><path d=\"M18.2 9.3l-6.2-6.3-6.2 6.3c-.2.2-.3.4-.3.7s.1.5.3.7c.2.2.4.3.7.3h11c.3 0 .5-.1.7-.3.2-.2.3-.5.3-.7s-.1-.5-.3-.7zM5.8 14.7l6.2 6.3 6.2-6.3c.2-.2.3-.5.3-.7s-.1-.5-.3-.7c-.2-.2-.4-.3-.7-.3h-11c-.3 0-.5.1-.7.3-.2.2-.3.5-.3.7s.1.5.3.7z\"\/><\/svg><\/span><\/span><\/span><\/a><\/span><\/div>\n<nav><ul class='ez-toc-list ez-toc-list-level-1 ' ><li class='ez-toc-page-1 ez-toc-heading-level-2'><a class=\"ez-toc-link ez-toc-heading-1\" href=\"https:\/\/www.skalnik.pl\/blog\/kurtka-marmot-minimalist-recenzja\/#Czym_jest_Paclite\" >Czym jest Paclite?<\/a><\/li><li class='ez-toc-page-1 ez-toc-heading-level-2'><a class=\"ez-toc-link ez-toc-heading-2\" href=\"https:\/\/www.skalnik.pl\/blog\/kurtka-marmot-minimalist-recenzja\/#W_jaki_sposob_kurtka_Marmot_stala_sie_moim_glownym_okryciem\" >W jaki spos\u00f3b kurtka\nMarmot sta\u0142a si\u0119 moim g\u0142\u00f3wnym okryciem?<\/a><\/li><li class='ez-toc-page-1 ez-toc-heading-level-2'><a class=\"ez-toc-link ez-toc-heading-3\" href=\"https:\/\/www.skalnik.pl\/blog\/kurtka-marmot-minimalist-recenzja\/#Trzy_lata_minimalizmu_%E2%80%93_dlugi_test_kurtki_Marmot_Minimalist\" >Trzy lata minimalizmu\n\u2013 d\u0142ugi test kurtki Marmot Minimalist.<\/a><ul class='ez-toc-list-level-3' ><li class='ez-toc-heading-level-3'><a class=\"ez-toc-link ez-toc-heading-4\" href=\"https:\/\/www.skalnik.pl\/blog\/kurtka-marmot-minimalist-recenzja\/#Czarne_i_skromne_%E2%80%93_czyli_jak_Marmot_zaprojektowal_kurtke\" >Czarne i skromne \u2013\nczyli jak Marmot zaprojektowa\u0142 kurtk\u0119.<\/a><\/li><li class='ez-toc-page-1 ez-toc-heading-level-3'><a class=\"ez-toc-link ez-toc-heading-5\" href=\"https:\/\/www.skalnik.pl\/blog\/kurtka-marmot-minimalist-recenzja\/#Waga_i_pakownosc\" >Waga i pakowno\u015b\u0107<\/a><\/li><li class='ez-toc-page-1 ez-toc-heading-level-3'><a class=\"ez-toc-link ez-toc-heading-6\" href=\"https:\/\/www.skalnik.pl\/blog\/kurtka-marmot-minimalist-recenzja\/#Podsumowanie\" >Podsumowanie<\/a><\/li><\/ul><\/li><\/ul><\/nav><\/div>\n<h2 class=\"wp-block-heading\"><span class=\"ez-toc-section\" id=\"Czym_jest_Paclite\"><\/span><strong>Czym jest Paclite? <\/strong><span class=\"ez-toc-section-end\"><\/span><\/h2>\n\n\n\n<p>W przeciwie\u0144stwie do dawnej technologii oraz obecnie popularnych kurtek, <a href=\"https:\/\/skalnik.pl\/marmot\">Marmot<\/a> zdecydowa\u0142 si\u0119 zastosowa\u0107 konstrukcj\u0119 Paclite 2.5L. Nie oznacza to pojemno\u015bci kurtki, a ilo\u015b\u0107 warstw \u2013 2.5 L(ayer). Tak jak dotychczas, zewn\u0119trzny materia\u0142 jest osobn\u0105 warstw\u0105. Membrana r\u00f3wnie\u017c jest standardowa &#8211; niczym nie r\u00f3\u017cni si\u0119 np. od tej w Goretex 3L. Akcja dzieje si\u0119 blisko nas, tu\u017c przy naszej sk\u00f3rze \u2013 podszewka, kt\u00f3ra w grubszych konstrukcjach stanowi osobn\u0105 warstw\u0119, w GTX Paclite napylana jest bezpo\u015brednio na membran\u0119. St\u0105d to enigmatyczne .5 w oznaczeniu \u2013 niby jest, ale zintegrowana, wi\u0119c de facto jej nie ma. Ma to swoje minusy \u2013 najwi\u0119kszy z nich to ograniczenie oddychalno\u015bci wzgl\u0119dem konstrukcji standardowych. W takim razie, dlaczego akurat taka technologia? Odpowied\u017a jest prosta \u2013 waga. Zastosowana metoda pozwoli\u0142a znacznie ograniczy\u0107 najgorszy koszmar w\u0119drowca \u2013 ci\u0119\u017car sprz\u0119tu. A paroprzepuszczalno\u015b\u0107 nadal jest zupe\u0142nie wystarczaj\u0105ca do wi\u0119kszo\u015bci aktywno\u015bci.<\/p>\n\n\n\n<p>&nbsp;<\/p>\n\n\n<div class=\"wp-block-image\">\n<figure class=\"aligncenter size-full\"><img loading=\"lazy\" decoding=\"async\" width=\"1024\" height=\"576\" src=\"https:\/\/skalnik.pl\/blog\/wp-content\/uploads\/2020\/01\/Marmot-Minimalist-Black-podszewka-fot.1.png\" alt=\"Marmot Minimalist Black podszewka (fot.1)\" class=\"wp-image-11086\" srcset=\"https:\/\/www.skalnik.pl\/blog\/wp-content\/uploads\/2020\/01\/Marmot-Minimalist-Black-podszewka-fot.1.png 1024w, https:\/\/www.skalnik.pl\/blog\/wp-content\/uploads\/2020\/01\/Marmot-Minimalist-Black-podszewka-fot.1-300x169.png 300w, https:\/\/www.skalnik.pl\/blog\/wp-content\/uploads\/2020\/01\/Marmot-Minimalist-Black-podszewka-fot.1-768x432.png 768w\" sizes=\"auto, (max-width: 1024px) 100vw, 1024px\" \/><figcaption class=\"wp-element-caption\"><em> Podszewka na zbli\u017ceniu. Mo\u017cna zauwa\u017cy\u0107 ciekaw\u0105 faktur\u0119 materia\u0142u. W dotyku nie jest tak przyjemna, jak bawe\u0142na, ale odczucia s\u0105 zaskakuj\u0105co pozytywne. <\/em><\/figcaption><\/figure>\n<\/div>\n\n\n<h2 class=\"wp-block-heading\"><span class=\"ez-toc-section\" id=\"W_jaki_sposob_kurtka_Marmot_stala_sie_moim_glownym_okryciem\"><\/span><strong>W jaki spos\u00f3b kurtka\nMarmot sta\u0142a si\u0119 moim g\u0142\u00f3wnym okryciem?<\/strong><span class=\"ez-toc-section-end\"><\/span><\/h2>\n\n\n\n<p>W kr\u00f3tkim czasie <a href=\"https:\/\/skalnik.pl\/kurtka-marmot-minimalist-meska-black-black-marmot-597327\">Marmot Minimalist<\/a> zosta\u0142 moim najserdeczniejszym przyjacielem. Gdyby kto\u015b mnie spyta\u0142, jak to si\u0119 sta\u0142o, ci\u0119\u017cko by\u0142oby mi wymieni\u0107 konkretne powody. Je\u015bli chodzi o czysto osobiste upodobania \u2014 musz\u0119 to powiedzie\u0107 \u2014 bardzo mi si\u0119 podoba wizualnie. Nie ma typowo technicznego kroju, wi\u0119c nie musz\u0119 si\u0119 czu\u0107 jak wielki sportowiec, kt\u00f3ry nigdy nie wychodzi z roli. Kiedy id\u0119 po chodniku, nie chc\u0119 wygl\u0105da\u0107, jakbym w\u0142a\u015bnie wraca\u0142 ze szlaku. Z drugiej strony jest to przyzwoity kawa\u0142 sprz\u0119tu (na szcz\u0119\u015bcie nie dos\u0142ownie), kt\u00f3ry zawsze ch\u0119tnie zabieram w g\u00f3ry.<\/p>\n\n\n\n<p>&nbsp;<\/p>\n\n\n<div class=\"wp-block-image\">\n<figure class=\"aligncenter size-full\"><img loading=\"lazy\" decoding=\"async\" width=\"1024\" height=\"768\" src=\"https:\/\/skalnik.pl\/blog\/wp-content\/uploads\/2020\/01\/Kurtka-Marmot-Minimalist.jpg\" alt=\"Kurtka Marmot Minimalist\" class=\"wp-image-11078\" srcset=\"https:\/\/www.skalnik.pl\/blog\/wp-content\/uploads\/2020\/01\/Kurtka-Marmot-Minimalist.jpg 1024w, https:\/\/www.skalnik.pl\/blog\/wp-content\/uploads\/2020\/01\/Kurtka-Marmot-Minimalist-300x225.jpg 300w, https:\/\/www.skalnik.pl\/blog\/wp-content\/uploads\/2020\/01\/Kurtka-Marmot-Minimalist-768x576.jpg 768w\" sizes=\"auto, (max-width: 1024px) 100vw, 1024px\" \/><\/figure>\n<\/div>\n\n\n<p>&nbsp;<\/p>\n\n\n\n<p>&nbsp;Je\u015bli chodzi o bardziej pragmatyczne aspekty, w mie\u015bcie ceni\u0119 sobie to, \u017ce mog\u0119 j\u0105 wcisn\u0105\u0107 w kiesze\u0144 w <a href=\"https:\/\/skalnik.pl\/sprzet-turystyczny\/plecaki\">plecaku<\/a> i o niej zapomnie\u0107. Niesamowite uczucie! Najcz\u0119\u015bciej przypomina mi o niej wiatr albo deszcz. A cz\u0119sto jedno i drugie&#8230; Szybko mog\u0119 j\u0105 za\u0142o\u017cy\u0107 i zaczyna si\u0119 nowa jako\u015b\u0107 \u017cycia! Musz\u0119 przyzna\u0107, \u017ce nawet na \u201ep\u00f3\u0142oficjalne\u201d okazje zdarza\u0142o mi si\u0119 zak\u0142ada\u0107 tego czarnego elegancika. Gubi si\u0119 w g\u0105szczu innych, wyj\u015bciowych okry\u0107, a w razie za\u0142amania pogody, nadal mam such\u0105, szykown\u0105 koszul\u0119 pod spodem. <\/p>\n\n\n\n<p>&nbsp;<\/p>\n\n\n<div class=\"wp-block-image\">\n<figure class=\"aligncenter size-large\"><img loading=\"lazy\" decoding=\"async\" width=\"1024\" height=\"768\" src=\"https:\/\/skalnik.pl\/blog\/wp-content\/uploads\/2020\/01\/Kurtka-Minimalist-Marmot-fot.3.jpg\" alt=\"Kurtka Minimalist Marmot (fot.3)\" class=\"wp-image-11080\" srcset=\"https:\/\/www.skalnik.pl\/blog\/wp-content\/uploads\/2020\/01\/Kurtka-Minimalist-Marmot-fot.3.jpg 1024w, https:\/\/www.skalnik.pl\/blog\/wp-content\/uploads\/2020\/01\/Kurtka-Minimalist-Marmot-fot.3-300x225.jpg 300w, https:\/\/www.skalnik.pl\/blog\/wp-content\/uploads\/2020\/01\/Kurtka-Minimalist-Marmot-fot.3-768x576.jpg 768w\" sizes=\"auto, (max-width: 1024px) 100vw, 1024px\" \/><\/figure>\n<\/div>\n\n\n<p>&nbsp;<\/p>\n\n\n\n<h2 class=\"wp-block-heading\"><span class=\"ez-toc-section\" id=\"Trzy_lata_minimalizmu_%E2%80%93_dlugi_test_kurtki_Marmot_Minimalist\"><\/span><strong>Trzy lata minimalizmu\n\u2013 d\u0142ugi test kurtki Marmot Minimalist.<\/strong><span class=\"ez-toc-section-end\"><\/span><\/h2>\n\n\n\n<p>Bujamy si\u0119 razem ju\u017c trzeci rok. Przez ten czas nie mia\u0142a\nlekko \u2014\nprzeje\u017adzi\u0142a i przechodzi\u0142a ze mn\u0105 par\u0119 tysi\u0119cy kilometr\u00f3w. Je\u015bli chodzi\no nasz zwi\u0105zek, dla mnie by\u0142 super. Kurtka jest niewielka i&nbsp; ma wag\u0119 adekwatn\u0105 do rozmiar\u00f3w. Za to z\ndrugiej strony by\u0142 te\u017c hardcore. Tyle, ile razy j\u0105 zgniata\u0142em, wciska\u0142em,\ntroczy\u0142em, szura\u0142em, rzuca\u0142em, wiesza\u0142em \u2014 wie tylko ona. Nie jestem\nsadyst\u0105, w \u017cadnym razie. Niemniej jednak \u201etrzy lata\u201d brzmi\u0105 jak \u201ewyrz\u0105dzi\u0142em\njej wiele krzywd\u201d, nieprawda\u017c? Nie wytrzyma\u0142a tylko atak\u00f3w od \u015brodka \u2013 napylana\nwarstwa lekko si\u0119 zadar\u0142a w miejscu, gdzie zosta\u0142a zaczepiona o ska\u0142\u0119. Szybki\nplasterek z ta\u015bmy naprawczej i tak lata od ponad roku. Jako\u015b\u0107 wykonania &#8211; jak u\nMarmota, na medal. Nie b\u0119d\u0119 pisa\u0142 o r\u00f3wnych szwach, poprawnych podklejeniach,\nbo to oczywiste. Powiem za to o realnej, odczuwanej przeze mnie wodoodporno\u015bci.\nJest. Tylko tyle i a\u017c tyle. Nie pami\u0119tam, \u017ceby kurtka przemok\u0142a. Zdarza\u0142o si\u0119,\n\u017ce morderczy wysi\u0142ek zapewnia\u0142 mi \u201eodpowiednio wilgotny mikroklimat\u201d, ale\nkurtka nigdy nie przepu\u015bci\u0142a wody z zewn\u0105trz.<\/p>\n\n\n\n<p>&nbsp;<\/p>\n\n\n<div class=\"wp-block-image\">\n<figure class=\"aligncenter size-full\"><img loading=\"lazy\" decoding=\"async\" width=\"1024\" height=\"576\" src=\"https:\/\/skalnik.pl\/blog\/wp-content\/uploads\/2020\/01\/Kurtka-GORE-TEX-Marmot-Minialist.jpg\" alt=\"Kurtka GORE-TEX Marmot Minialist\" class=\"wp-image-11089\" srcset=\"https:\/\/www.skalnik.pl\/blog\/wp-content\/uploads\/2020\/01\/Kurtka-GORE-TEX-Marmot-Minialist.jpg 1024w, https:\/\/www.skalnik.pl\/blog\/wp-content\/uploads\/2020\/01\/Kurtka-GORE-TEX-Marmot-Minialist-300x169.jpg 300w, https:\/\/www.skalnik.pl\/blog\/wp-content\/uploads\/2020\/01\/Kurtka-GORE-TEX-Marmot-Minialist-768x432.jpg 768w\" sizes=\"auto, (max-width: 1024px) 100vw, 1024px\" \/><\/figure>\n<\/div>\n\n\n<p>&nbsp;<\/p>\n\n\n\n<p>Wracaj\u0105c do zastosowa\u0144 turystycznych, lubi\u0142em j\u0105 wrzuca\u0107 w\nzewn\u0119trzn\u0105 kieszonk\u0119 plecaka. Razem z ni\u0105 potrafi\u0142em zmie\u015bci\u0107 w najwi\u0119kszej\nkieszeni plecaka siedzisko, pe\u0142nowymiarowy tarp oraz foli\u0119 pod tarpa. A to\nwszystko w 2-3 litrach pojemno\u015bci. M\u00f3wi\u0142em, \u017ce wsz\u0119dzie si\u0119 wci\u015bnie? Najlepiej\njednak czu\u0142em si\u0119, gdy by\u0142a blisko, w zasi\u0119gu r\u0119ki. Wyci\u0105ga\u0142em j\u0105 ca\u0142kiem\ncz\u0119sto \u2013 jako warstw\u0119 przeciwwietrzn\u0105 albo dodatkow\u0105 izolacj\u0119 na postojach.\nSpisywa\u0142a si\u0119 we wszystkich sytuacjach.<\/p>\n\n\n\n<p>Opisuj\u0119 jedynie m\u0119sk\u0105 wersj\u0119, ale oczywi\u015bcie Minimalist\nMarmot kurtka damska jest tak\u017ce dost\u0119pna na rynku. Opr\u00f3cz niewielkich zmian w\nkroju to taki sam produkt. A je\u015bli mowa o kroju&#8230; <\/p>\n\n\n\n<h3 class=\"wp-block-heading\"><span class=\"ez-toc-section\" id=\"Czarne_i_skromne_%E2%80%93_czyli_jak_Marmot_zaprojektowal_kurtke\"><\/span><strong>Czarne i skromne \u2013\nczyli jak Marmot zaprojektowa\u0142 kurtk\u0119. <\/strong><span class=\"ez-toc-section-end\"><\/span><\/h3>\n\n\n\n<p>Kurtka Marmot ma fason \u201eregular\u201d. To znaczy, \u017ce nie b\u0119dzie w\nniej przesadnie du\u017co luzu, ale nie jest obcis\u0142a. Mo\u017cna to zauwa\u017cy\u0107 na\nwi\u0119kszo\u015bci zdj\u0119\u0107 \u2013 na tle mojego niewielkiego obwodu jest to jeszcze bardziej\nwidoczne. Om\u00f3wmy teraz budow\u0119 Minimalista, id\u0105c od g\u00f3ry. Kaptur jest regulowany\nw dw\u00f3ch miejscach. To w zupe\u0142no\u015bci wystarcza na operowanie ca\u0142\u0105 bry\u0142\u0105. Mo\u017cna\nsi\u0119 szybko opatuli\u0107 w razie potrzeby, a w spokojniejszych warunkach zostawi\u0107\nsobie wi\u0119cej luzu. W pierwszym wariancie du\u017c\u0105 rol\u0119 gra wysoka, zintegrowana\ngarda. Pozwala bardzo dobrze okry\u0107 twarz. Na ko\u0142nierzu znajdziemy zamek,\nniestety nie wodoszczelny. Na szcz\u0119\u015bcie mamy do dyspozycji plis\u0119 (cz\u0119\u015b\u0107 materia\u0142u, przykrywaj\u0105c\u0105 zamek), kt\u00f3ra w pe\u0142ni\nchroni go przez zalaniem. Na dole mocowana jest nap\u0105, a z g\u00f3ry rzepem. Wygl\u0105da\nniepozornie, ale jest szczelna, a zapi\u0119cia trzymaj\u0105 wszystko pewnie.<\/p>\n\n\n\n<p>&nbsp;<\/p>\n\n\n<div class=\"wp-block-image\">\n<figure class=\"aligncenter size-large\"><img loading=\"lazy\" decoding=\"async\" width=\"1024\" height=\"576\" src=\"https:\/\/skalnik.pl\/blog\/wp-content\/uploads\/2020\/01\/Kurtka-m\u0119ska-minimalist.jpg\" alt=\"Kurtka m\u0119ska minimalist\" class=\"wp-image-11092\" srcset=\"https:\/\/www.skalnik.pl\/blog\/wp-content\/uploads\/2020\/01\/Kurtka-m\u0119ska-minimalist.jpg 1024w, https:\/\/www.skalnik.pl\/blog\/wp-content\/uploads\/2020\/01\/Kurtka-m\u0119ska-minimalist-300x169.jpg 300w, https:\/\/www.skalnik.pl\/blog\/wp-content\/uploads\/2020\/01\/Kurtka-m\u0119ska-minimalist-768x432.jpg 768w\" sizes=\"auto, (max-width: 1024px) 100vw, 1024px\" \/><\/figure>\n<\/div>\n\n\n<p>&nbsp;<\/p>\n\n\n\n<p>Wr\u00f3\u0107my jeszcze do wy\u017cszych partii, gdzie znajdziemy jeden z moich dw\u00f3ch&nbsp; ulubionych \u201eficzer\u00f3w\u201d. Mowa oczywi\u015bcie o rozpinanych wywietrznikach pod pachami. Kto mia\u0142, ten wie. Kto nie mia\u0142, niech wierzy na s\u0142owo, \u017ce jest to rzecz obowi\u0105zkowa (tzn. s\u0105 wyj\u0105tki, ale wa\u017c\u0105 poni\u017cej 200 gram\u00f3w&#8230;) S\u0105 wygodne, nie zacinaj\u0105 si\u0119, a przy przytrzymaniu r\u0119kawa otwieraj\u0105 si\u0119 i zamykaj\u0105 jednym, zwinnym ruchem. Drugim z bajer\u00f3w jest \u015bci\u0105gacz na dole kurtki. \u017badne odkrycie, ale bez tych dw\u00f3ch element\u00f3w <a href=\"https:\/\/skalnik.pl\/odziez\/przeciwdeszczowa\">kurtka przeciwdeszczowa<\/a> by\u0142aby niekompletna. Przejd\u017amy do r\u0119kaw\u00f3w. Marmot zdecydowa\u0142 si\u0119 na wprowadzenie Angel-Wing Movement\u2122 w tym modelu. Pozwala to zachowa\u0107 pe\u0142n\u0105 swobod\u0119 ruch\u00f3w, bez denerwuj\u0105cego podci\u0105gania kurtki do po\u0142owy plec\u00f3w, jak to zwykle bywa. Model na filmie prezentuje to w warunkach studyjnych, ja mog\u0119 potwierdzi\u0107 z terenu \u2013 jest r\u00f3\u017cnica w por\u00f3wnaniu do modeli bez takiego systemu. <\/p>\n\n\n\n<p>&nbsp;<\/p>\n\n\n\n<p><iframe loading=\"lazy\" src=\"https:\/\/www.youtube.com\/embed\/-7pvV7va8SM\" allow=\"accelerometer; autoplay; encrypted-media; gyroscope; picture-in-picture\" allowfullscreen=\"\" width=\"800\" height=\"442\" frameborder=\"0\"><\/iframe><\/p>\n\n\n\n<p>&nbsp;<\/p>\n\n\n\n<p>Z drobiazg\u00f3w \u2013 na mankietach s\u0105 rzepy, pozwalaj\u0105ce regulowa\u0107 obw\u00f3d na wysoko\u015bci nadgarstka, dwie kieszenie zapinane na zamek (tak delikatny, \u017ce nie czu\u0107 go pod pasem biodrowym plecaka) oraz jedna \u201enapoleonka\u201d. Z ciekawostek, owa kiesze\u0144 piersiowa jest dosy\u0107 obszerna. Z powodzeniem mo\u017cna trzyma\u0107 tam kartk\u0119 A5 z\u0142o\u017con\u0105 na p\u00f3\u0142 (na przyk\u0142ad z map\u0105). Zupe\u0142nie nie wskazuje na to skromnych rozmiar\u00f3w zamek.<\/p>\n\n\n\n<p>&nbsp;<\/p>\n\n\n<div class=\"wp-block-image\">\n<figure class=\"aligncenter size-large\"><img loading=\"lazy\" decoding=\"async\" width=\"800\" height=\"785\" src=\"https:\/\/skalnik.pl\/blog\/wp-content\/uploads\/2020\/01\/Marmot-czarna-kurtka.png\" alt=\"Marmot czarna kurtka\" class=\"wp-image-11096\" srcset=\"https:\/\/www.skalnik.pl\/blog\/wp-content\/uploads\/2020\/01\/Marmot-czarna-kurtka.png 800w, https:\/\/www.skalnik.pl\/blog\/wp-content\/uploads\/2020\/01\/Marmot-czarna-kurtka-300x294.png 300w, https:\/\/www.skalnik.pl\/blog\/wp-content\/uploads\/2020\/01\/Marmot-czarna-kurtka-768x754.png 768w\" sizes=\"auto, (max-width: 800px) 100vw, 800px\" \/><figcaption class=\"wp-element-caption\"><em>Spokojnie mieszcz\u0119 w niej moj\u0105, ca\u0142kiem niema\u0142\u0105, d\u0142o\u0144. Od nadgarstka do ko\u0144ca palc\u00f3w liczy sobie nieco ponad 20 cm. Nie\u017ale jak na kieszonk\u0119 na drobiazgi. <\/em><\/figcaption><\/figure>\n<\/div>\n\n\n<p>&nbsp;<\/p>\n\n\n\n<p>Kurtka damska Marmot Minimalist ma nieco bardziej taliowany kr\u00f3j. Zachowuje przez to podobn\u0105 obj\u0119to\u015b\u0107 na zgrabnej u\u017cytkowniczce, co wersja m\u0119ska na m\u0119\u017cczy\u017anie. Poza oczywistymi r\u00f3\u017cnicami w rozmiarze nie ma wi\u0119cej zmian mi\u0119dzy wersjami dla obu p\u0142ci. <\/p>\n\n\n\n<h3 class=\"wp-block-heading\"><span class=\"ez-toc-section\" id=\"Waga_i_pakownosc\"><\/span><strong>Waga i pakowno\u015b\u0107<\/strong><span class=\"ez-toc-section-end\"><\/span><\/h3>\n\n\n\n<p>Nie m\u00f3g\u0142bym wypu\u015bci\u0107 recenzji bez potwierdzenia wagi\nproducenta na moim egzemplarzu. Jak wida\u0107, pokrywa si\u0119 z deklarowan\u0105.<\/p>\n\n\n\n<p>&nbsp;<\/p>\n\n\n<div class=\"wp-block-image\">\n<figure class=\"aligncenter size-large\"><img loading=\"lazy\" decoding=\"async\" width=\"1024\" height=\"820\" src=\"https:\/\/skalnik.pl\/blog\/wp-content\/uploads\/2020\/01\/zdj-7.jpg\" alt=\"Waga kurtki Marmot Minimalist\" class=\"wp-image-11102\" srcset=\"https:\/\/www.skalnik.pl\/blog\/wp-content\/uploads\/2020\/01\/zdj-7.jpg 1024w, https:\/\/www.skalnik.pl\/blog\/wp-content\/uploads\/2020\/01\/zdj-7-300x240.jpg 300w, https:\/\/www.skalnik.pl\/blog\/wp-content\/uploads\/2020\/01\/zdj-7-768x615.jpg 768w\" sizes=\"auto, (max-width: 1024px) 100vw, 1024px\" \/><figcaption class=\"wp-element-caption\"><em> Gram r\u00f3\u017cnicy wynika prawdopodobnie z plasterka przyklejonego na uszkodzenie oraz sporej ilo\u015bci brudu, kt\u00f3ry na niej aktualnie spoczywa. <\/em><\/figcaption><\/figure>\n<\/div>\n\n\n<p>&nbsp;<\/p>\n\n\n\n<p>Dodatkowo, dla por\u00f3wnania wielko\u015bci kurtki z\u0142o\u017conej, przystawi\u0142em j\u0105 do butelki Nalgene oraz gazu o pojemno\u015bci 440 gram\u00f3w. Oczywi\u015bcie, przy u\u017cyciu brutalnej si\u0142y, b\u0105d\u017a work\u00f3w kompresyjnych mo\u017cna uzyska\u0107 jeszcze lepsze rezultaty. Teraz ju\u017c wiecie, dlaczego tak si\u0119 cieszy\u0142em z jej wielko\u015bci? <\/p>\n\n\n\n<p>&nbsp;<\/p>\n\n\n<div class=\"wp-block-image\">\n<figure class=\"aligncenter size-large\"><img loading=\"lazy\" decoding=\"async\" width=\"1024\" height=\"506\" src=\"https:\/\/skalnik.pl\/blog\/wp-content\/uploads\/2020\/01\/Minimalist-wielko\u015b\u0107.jpg\" alt=\"Minimalist - wielko\u015b\u0107\" class=\"wp-image-11100\" srcset=\"https:\/\/www.skalnik.pl\/blog\/wp-content\/uploads\/2020\/01\/Minimalist-wielko\u015b\u0107.jpg 1024w, https:\/\/www.skalnik.pl\/blog\/wp-content\/uploads\/2020\/01\/Minimalist-wielko\u015b\u0107-300x148.jpg 300w, https:\/\/www.skalnik.pl\/blog\/wp-content\/uploads\/2020\/01\/Minimalist-wielko\u015b\u0107-768x380.jpg 768w\" sizes=\"auto, (max-width: 1024px) 100vw, 1024px\" \/><\/figure>\n<\/div>\n\n\n<p>&nbsp;<\/p>\n\n\n\n<h3 class=\"wp-block-heading\"><span class=\"ez-toc-section\" id=\"Podsumowanie\"><\/span><strong>Podsumowanie<\/strong><span class=\"ez-toc-section-end\"><\/span><\/h3>\n\n\n\n<p>Wyprodukowana przez firm\u0119 Marmot kurtka przeciwdeszczowa to ciekawy okaz ma\u0142ego, lekkiego, niedrogiego sprz\u0119tu z zaawansowan\u0105 technologi\u0105. Moja przygoda z ni\u0105 trwa ju\u017c trzy lata i nic nie zapowiada, \u017ce szybko si\u0119 sko\u0144czy. Czy j\u0105 polecam? Jeszcze jak! Czy wymieni\u0142bym j\u0105 na co\u015b innego? S\u0105 tylko dwa ma\u0142e wyj\u0105tki. Pierwszy \u2013 bardzo ci\u0119\u017ckie warunki wymagaj\u0105ce wytrzyma\u0142o\u015bci materia\u0142u (d\u0142ugotrwa\u0142e i regularne ocieranie si\u0119 o ska\u0142y). Drugim jest konieczno\u015b\u0107 redukcji wagi o ponad 50 % np. podczas wspinania. Poza tym, za dobrze mi si\u0119 z ni\u0105 \u017cyje, \u017cebym j\u0105 zostawi\u0142. Praktycznie wszystkie moje potrzeby pokrywaj\u0105 si\u0119 z mo\u017cliwo\u015bciami Marmot Minimalist. Wobec tego, komu bym ja poleci\u0142? Wszystkim, kt\u00f3rzy uprawiaj\u0105 turystyk\u0119 piesz\u0105 i wiedz\u0105 czego oczekuj\u0105 od kurtki. Albo tym, kt\u00f3rzy chc\u0105 mie\u0107 uniwersaln\u0105 kurtk\u0119 i nie b\u0119d\u0105 u\u017cywa\u0107 jej jak wycieraczki. Wtedy odwdzi\u0119czy si\u0119 d\u0142ug\u0105 i dobr\u0105 wsp\u00f3\u0142prac\u0105. <\/p>\n","protected":false},"excerpt":{"rendered":"<p>W tym przypadku Minimalizm oznacza du\u017c\u0105 uniwersalno\u015b\u0107 produktu! Zobacz test kurtki Minimalist marki Marmot.<\/p>\n","protected":false},"author":36,"featured_media":11091,"comment_status":"open","ping_status":"open","sticky":false,"template":"","format":"standard","meta":{"_acf_changed":false,"footnotes":""},"categories":[8],"tags":[157,230,229],"magento_category":[],"magento_product":[723,730,733,729,727,731,711,732,699,702,714,700,703,705,704,701,707,708,706,709,712,717,722,710,715,716,725,713,726,721,718,719,720,724,728],"class_list":["post-11076","post","type-post","status-publish","format-standard","has-post-thumbnail","hentry","category-testy","tag-kurtki-gore-tex","tag-marmot","tag-testy"],"acf":[],"aioseo_notices":[],"aioseo_head":"\n\t\t<!-- All in One SEO 4.9.10 - aioseo.com -->\n\t<meta name=\"description\" content=\"Minimalist marki Marmot to bestellerowa kurtka GORE-TEX. Zobacz d\u0142ugodystansowy, bo napisany z perspektywy trzech lat u\u017cytkowania, test kurtki Marmot Minimalist.\" \/>\n\t<meta name=\"robots\" content=\"max-image-preview:large\" \/>\n\t<meta name=\"author\" content=\"Krzysztof Ostry\u017cniuk\"\/>\n\t<link rel=\"canonical\" href=\"https:\/\/www.skalnik.pl\/blog\/kurtka-marmot-minimalist-recenzja\/\" \/>\n\t<meta name=\"generator\" content=\"All in One SEO (AIOSEO) 4.9.10\" \/>\n\t\t<meta property=\"og:locale\" content=\"pl_PL\" \/>\n\t\t<meta property=\"og:site_name\" content=\"blog Skalnik - Blog, porady, artyku\u0142y - blog Skalnik\" \/>\n\t\t<meta property=\"og:type\" content=\"article\" \/>\n\t\t<meta property=\"og:title\" content=\"Kurtka Marmot Minimalist \u2013 test - blog Skalnik\" \/>\n\t\t<meta property=\"og:description\" content=\"Minimalist marki Marmot to bestellerowa kurtka GORE-TEX. Zobacz d\u0142ugodystansowy, bo napisany z perspektywy trzech lat u\u017cytkowania, test kurtki Marmot Minimalist.\" \/>\n\t\t<meta property=\"og:url\" content=\"https:\/\/www.skalnik.pl\/blog\/kurtka-marmot-minimalist-recenzja\/\" \/>\n\t\t<meta property=\"og:image\" content=\"https:\/\/skalnik.pl\/blog\/wp-content\/uploads\/2020\/01\/Marmot-Minimalist-Black-podszewka-fot.1.png\" \/>\n\t\t<meta property=\"og:image:secure_url\" content=\"https:\/\/skalnik.pl\/blog\/wp-content\/uploads\/2020\/01\/Marmot-Minimalist-Black-podszewka-fot.1.png\" \/>\n\t\t<meta property=\"article:tag\" content=\"testy\" \/>\n\t\t<meta property=\"article:tag\" content=\"kurtki gore-tex\" \/>\n\t\t<meta property=\"article:tag\" content=\"marmot\" \/>\n\t\t<meta property=\"article:published_time\" content=\"2020-01-29T07:54:00+00:00\" \/>\n\t\t<meta property=\"article:modified_time\" content=\"2023-09-29T11:48:21+00:00\" \/>\n\t\t<meta name=\"twitter:card\" content=\"summary_large_image\" \/>\n\t\t<meta name=\"twitter:title\" content=\"Kurtka Marmot Minimalist \u2013 test - blog Skalnik\" \/>\n\t\t<meta name=\"twitter:description\" content=\"Minimalist marki Marmot to bestellerowa kurtka GORE-TEX. Zobacz d\u0142ugodystansowy, bo napisany z perspektywy trzech lat u\u017cytkowania, test kurtki Marmot Minimalist.\" \/>\n\t\t<meta name=\"twitter:image\" content=\"https:\/\/skalnik.pl\/blog\/wp-content\/uploads\/2020\/01\/Marmot-Minimalist-Black-podszewka-fot.1.png\" \/>\n\t\t<script type=\"application\/ld+json\" class=\"aioseo-schema\">\n\t\t\t{\"@context\":\"https:\\\/\\\/schema.org\",\"@graph\":[{\"@type\":\"BlogPosting\",\"@id\":\"https:\\\/\\\/www.skalnik.pl\\\/blog\\\/kurtka-marmot-minimalist-recenzja\\\/#blogposting\",\"name\":\"Kurtka Marmot Minimalist \\u2013 test - blog Skalnik\",\"headline\":\"Kurtka Marmot Minimalist &#8211; test\",\"author\":{\"@id\":\"https:\\\/\\\/www.skalnik.pl\\\/blog\\\/author\\\/krzysztof-ostryzniuk\\\/#author\"},\"publisher\":{\"@id\":\"https:\\\/\\\/www.skalnik.pl\\\/blog\\\/#organization\"},\"image\":{\"@type\":\"ImageObject\",\"url\":\"https:\\\/\\\/www.skalnik.pl\\\/blog\\\/wp-content\\\/uploads\\\/2020\\\/01\\\/Marmot-Minimalist-test-kurtki.jpg\",\"width\":1900,\"height\":705,\"caption\":\"Marmot Minimalist test kurtki\"},\"datePublished\":\"2020-01-29T08:54:00+02:00\",\"dateModified\":\"2023-09-29T13:48:21+02:00\",\"inLanguage\":\"pl-PL\",\"mainEntityOfPage\":{\"@id\":\"https:\\\/\\\/www.skalnik.pl\\\/blog\\\/kurtka-marmot-minimalist-recenzja\\\/#webpage\"},\"isPartOf\":{\"@id\":\"https:\\\/\\\/www.skalnik.pl\\\/blog\\\/kurtka-marmot-minimalist-recenzja\\\/#webpage\"},\"articleSection\":\"Testy, kurtki gore-tex, marmot, testy, 1004144, 1004208, 1004222, 1004257, 1009618, 1009645, 1012894, 1015529, 596104, 596105, 596106, 596107, 596108, 596111, 596727, 596730, 596732, 596733, 602591, 602592, 669895, 669899, 669954, 678308, 678311, 678313, 683790, 683799, 690422, 690424, 989683, 989686, 990343, 990347, 995643\"},{\"@type\":\"BreadcrumbList\",\"@id\":\"https:\\\/\\\/www.skalnik.pl\\\/blog\\\/kurtka-marmot-minimalist-recenzja\\\/#breadcrumblist\",\"itemListElement\":[{\"@type\":\"ListItem\",\"@id\":\"https:\\\/\\\/www.skalnik.pl\\\/blog#listItem\",\"position\":1,\"name\":\"Home\",\"item\":\"https:\\\/\\\/www.skalnik.pl\\\/blog\",\"nextItem\":{\"@type\":\"ListItem\",\"@id\":\"https:\\\/\\\/www.skalnik.pl\\\/blog\\\/.\\\/testy\\\/#listItem\",\"name\":\"Testy\"}},{\"@type\":\"ListItem\",\"@id\":\"https:\\\/\\\/www.skalnik.pl\\\/blog\\\/.\\\/testy\\\/#listItem\",\"position\":2,\"name\":\"Testy\",\"item\":\"https:\\\/\\\/www.skalnik.pl\\\/blog\\\/.\\\/testy\\\/\",\"nextItem\":{\"@type\":\"ListItem\",\"@id\":\"https:\\\/\\\/www.skalnik.pl\\\/blog\\\/kurtka-marmot-minimalist-recenzja\\\/#listItem\",\"name\":\"Kurtka Marmot Minimalist &#8211; test\"},\"previousItem\":{\"@type\":\"ListItem\",\"@id\":\"https:\\\/\\\/www.skalnik.pl\\\/blog#listItem\",\"name\":\"Home\"}},{\"@type\":\"ListItem\",\"@id\":\"https:\\\/\\\/www.skalnik.pl\\\/blog\\\/kurtka-marmot-minimalist-recenzja\\\/#listItem\",\"position\":3,\"name\":\"Kurtka Marmot Minimalist &#8211; test\",\"previousItem\":{\"@type\":\"ListItem\",\"@id\":\"https:\\\/\\\/www.skalnik.pl\\\/blog\\\/.\\\/testy\\\/#listItem\",\"name\":\"Testy\"}}]},{\"@type\":\"Organization\",\"@id\":\"https:\\\/\\\/www.skalnik.pl\\\/blog\\\/#organization\",\"name\":\"blog Skalnik\",\"description\":\"Blog, porady, artyku\\u0142y - blog Skalnik\",\"url\":\"https:\\\/\\\/www.skalnik.pl\\\/blog\\\/\"},{\"@type\":\"Person\",\"@id\":\"https:\\\/\\\/www.skalnik.pl\\\/blog\\\/author\\\/krzysztof-ostryzniuk\\\/#author\",\"url\":\"https:\\\/\\\/www.skalnik.pl\\\/blog\\\/author\\\/krzysztof-ostryzniuk\\\/\",\"name\":\"Krzysztof Ostry\\u017cniuk\",\"image\":{\"@type\":\"ImageObject\",\"@id\":\"https:\\\/\\\/www.skalnik.pl\\\/blog\\\/kurtka-marmot-minimalist-recenzja\\\/#authorImage\",\"url\":\"https:\\\/\\\/secure.gravatar.com\\\/avatar\\\/4600ff58a0243a08913d57bbc4055c2d277233f33a85f841ecb639e269a6697a?s=96&d=mm&r=g\",\"width\":96,\"height\":96,\"caption\":\"Krzysztof Ostry\\u017cniuk\"}},{\"@type\":\"WebPage\",\"@id\":\"https:\\\/\\\/www.skalnik.pl\\\/blog\\\/kurtka-marmot-minimalist-recenzja\\\/#webpage\",\"url\":\"https:\\\/\\\/www.skalnik.pl\\\/blog\\\/kurtka-marmot-minimalist-recenzja\\\/\",\"name\":\"Kurtka Marmot Minimalist \\u2013 test - blog Skalnik\",\"description\":\"Minimalist marki Marmot to bestellerowa kurtka GORE-TEX. Zobacz d\\u0142ugodystansowy, bo napisany z perspektywy trzech lat u\\u017cytkowania, test kurtki Marmot Minimalist.\",\"inLanguage\":\"pl-PL\",\"isPartOf\":{\"@id\":\"https:\\\/\\\/www.skalnik.pl\\\/blog\\\/#website\"},\"breadcrumb\":{\"@id\":\"https:\\\/\\\/www.skalnik.pl\\\/blog\\\/kurtka-marmot-minimalist-recenzja\\\/#breadcrumblist\"},\"author\":{\"@id\":\"https:\\\/\\\/www.skalnik.pl\\\/blog\\\/author\\\/krzysztof-ostryzniuk\\\/#author\"},\"creator\":{\"@id\":\"https:\\\/\\\/www.skalnik.pl\\\/blog\\\/author\\\/krzysztof-ostryzniuk\\\/#author\"},\"image\":{\"@type\":\"ImageObject\",\"url\":\"https:\\\/\\\/www.skalnik.pl\\\/blog\\\/wp-content\\\/uploads\\\/2020\\\/01\\\/Marmot-Minimalist-test-kurtki.jpg\",\"@id\":\"https:\\\/\\\/www.skalnik.pl\\\/blog\\\/kurtka-marmot-minimalist-recenzja\\\/#mainImage\",\"width\":1900,\"height\":705,\"caption\":\"Marmot Minimalist test kurtki\"},\"primaryImageOfPage\":{\"@id\":\"https:\\\/\\\/www.skalnik.pl\\\/blog\\\/kurtka-marmot-minimalist-recenzja\\\/#mainImage\"},\"datePublished\":\"2020-01-29T08:54:00+02:00\",\"dateModified\":\"2023-09-29T13:48:21+02:00\"},{\"@type\":\"WebSite\",\"@id\":\"https:\\\/\\\/www.skalnik.pl\\\/blog\\\/#website\",\"url\":\"https:\\\/\\\/www.skalnik.pl\\\/blog\\\/\",\"name\":\"blog Skalnik\",\"description\":\"Blog, porady, artyku\\u0142y - blog Skalnik\",\"inLanguage\":\"pl-PL\",\"publisher\":{\"@id\":\"https:\\\/\\\/www.skalnik.pl\\\/blog\\\/#organization\"}}]}\n\t\t<\/script>\n\t\t<!-- All in One SEO -->\n\n","aioseo_head_json":{"title":"Kurtka Marmot Minimalist \u2013 test - blog Skalnik","description":"Minimalist marki Marmot to bestellerowa kurtka GORE-TEX. Zobacz d\u0142ugodystansowy, bo napisany z perspektywy trzech lat u\u017cytkowania, test kurtki Marmot Minimalist.","canonical_url":"https:\/\/www.skalnik.pl\/blog\/kurtka-marmot-minimalist-recenzja\/","robots":"max-image-preview:large","keywords":"","webmasterTools":{"miscellaneous":""},"schema":{"@context":"https:\/\/schema.org","@graph":[{"@type":"BlogPosting","@id":"https:\/\/www.skalnik.pl\/blog\/kurtka-marmot-minimalist-recenzja\/#blogposting","name":"Kurtka Marmot Minimalist \u2013 test - blog Skalnik","headline":"Kurtka Marmot Minimalist &#8211; test","author":{"@id":"https:\/\/www.skalnik.pl\/blog\/author\/krzysztof-ostryzniuk\/#author"},"publisher":{"@id":"https:\/\/www.skalnik.pl\/blog\/#organization"},"image":{"@type":"ImageObject","url":"https:\/\/www.skalnik.pl\/blog\/wp-content\/uploads\/2020\/01\/Marmot-Minimalist-test-kurtki.jpg","width":1900,"height":705,"caption":"Marmot Minimalist test kurtki"},"datePublished":"2020-01-29T08:54:00+02:00","dateModified":"2023-09-29T13:48:21+02:00","inLanguage":"pl-PL","mainEntityOfPage":{"@id":"https:\/\/www.skalnik.pl\/blog\/kurtka-marmot-minimalist-recenzja\/#webpage"},"isPartOf":{"@id":"https:\/\/www.skalnik.pl\/blog\/kurtka-marmot-minimalist-recenzja\/#webpage"},"articleSection":"Testy, kurtki gore-tex, marmot, testy, 1004144, 1004208, 1004222, 1004257, 1009618, 1009645, 1012894, 1015529, 596104, 596105, 596106, 596107, 596108, 596111, 596727, 596730, 596732, 596733, 602591, 602592, 669895, 669899, 669954, 678308, 678311, 678313, 683790, 683799, 690422, 690424, 989683, 989686, 990343, 990347, 995643"},{"@type":"BreadcrumbList","@id":"https:\/\/www.skalnik.pl\/blog\/kurtka-marmot-minimalist-recenzja\/#breadcrumblist","itemListElement":[{"@type":"ListItem","@id":"https:\/\/www.skalnik.pl\/blog#listItem","position":1,"name":"Home","item":"https:\/\/www.skalnik.pl\/blog","nextItem":{"@type":"ListItem","@id":"https:\/\/www.skalnik.pl\/blog\/.\/testy\/#listItem","name":"Testy"}},{"@type":"ListItem","@id":"https:\/\/www.skalnik.pl\/blog\/.\/testy\/#listItem","position":2,"name":"Testy","item":"https:\/\/www.skalnik.pl\/blog\/.\/testy\/","nextItem":{"@type":"ListItem","@id":"https:\/\/www.skalnik.pl\/blog\/kurtka-marmot-minimalist-recenzja\/#listItem","name":"Kurtka Marmot Minimalist &#8211; test"},"previousItem":{"@type":"ListItem","@id":"https:\/\/www.skalnik.pl\/blog#listItem","name":"Home"}},{"@type":"ListItem","@id":"https:\/\/www.skalnik.pl\/blog\/kurtka-marmot-minimalist-recenzja\/#listItem","position":3,"name":"Kurtka Marmot Minimalist &#8211; test","previousItem":{"@type":"ListItem","@id":"https:\/\/www.skalnik.pl\/blog\/.\/testy\/#listItem","name":"Testy"}}]},{"@type":"Organization","@id":"https:\/\/www.skalnik.pl\/blog\/#organization","name":"blog Skalnik","description":"Blog, porady, artyku\u0142y - blog Skalnik","url":"https:\/\/www.skalnik.pl\/blog\/"},{"@type":"Person","@id":"https:\/\/www.skalnik.pl\/blog\/author\/krzysztof-ostryzniuk\/#author","url":"https:\/\/www.skalnik.pl\/blog\/author\/krzysztof-ostryzniuk\/","name":"Krzysztof Ostry\u017cniuk","image":{"@type":"ImageObject","@id":"https:\/\/www.skalnik.pl\/blog\/kurtka-marmot-minimalist-recenzja\/#authorImage","url":"https:\/\/secure.gravatar.com\/avatar\/4600ff58a0243a08913d57bbc4055c2d277233f33a85f841ecb639e269a6697a?s=96&d=mm&r=g","width":96,"height":96,"caption":"Krzysztof Ostry\u017cniuk"}},{"@type":"WebPage","@id":"https:\/\/www.skalnik.pl\/blog\/kurtka-marmot-minimalist-recenzja\/#webpage","url":"https:\/\/www.skalnik.pl\/blog\/kurtka-marmot-minimalist-recenzja\/","name":"Kurtka Marmot Minimalist \u2013 test - blog Skalnik","description":"Minimalist marki Marmot to bestellerowa kurtka GORE-TEX. Zobacz d\u0142ugodystansowy, bo napisany z perspektywy trzech lat u\u017cytkowania, test kurtki Marmot Minimalist.","inLanguage":"pl-PL","isPartOf":{"@id":"https:\/\/www.skalnik.pl\/blog\/#website"},"breadcrumb":{"@id":"https:\/\/www.skalnik.pl\/blog\/kurtka-marmot-minimalist-recenzja\/#breadcrumblist"},"author":{"@id":"https:\/\/www.skalnik.pl\/blog\/author\/krzysztof-ostryzniuk\/#author"},"creator":{"@id":"https:\/\/www.skalnik.pl\/blog\/author\/krzysztof-ostryzniuk\/#author"},"image":{"@type":"ImageObject","url":"https:\/\/www.skalnik.pl\/blog\/wp-content\/uploads\/2020\/01\/Marmot-Minimalist-test-kurtki.jpg","@id":"https:\/\/www.skalnik.pl\/blog\/kurtka-marmot-minimalist-recenzja\/#mainImage","width":1900,"height":705,"caption":"Marmot Minimalist test kurtki"},"primaryImageOfPage":{"@id":"https:\/\/www.skalnik.pl\/blog\/kurtka-marmot-minimalist-recenzja\/#mainImage"},"datePublished":"2020-01-29T08:54:00+02:00","dateModified":"2023-09-29T13:48:21+02:00"},{"@type":"WebSite","@id":"https:\/\/www.skalnik.pl\/blog\/#website","url":"https:\/\/www.skalnik.pl\/blog\/","name":"blog Skalnik","description":"Blog, porady, artyku\u0142y - blog Skalnik","inLanguage":"pl-PL","publisher":{"@id":"https:\/\/www.skalnik.pl\/blog\/#organization"}}]},"og:locale":"pl_PL","og:site_name":"blog Skalnik - Blog, porady, artyku\u0142y - blog Skalnik","og:type":"article","og:title":"Kurtka Marmot Minimalist \u2013 test - blog Skalnik","og:description":"Minimalist marki Marmot to bestellerowa kurtka GORE-TEX. Zobacz d\u0142ugodystansowy, bo napisany z perspektywy trzech lat u\u017cytkowania, test kurtki Marmot Minimalist.","og:url":"https:\/\/www.skalnik.pl\/blog\/kurtka-marmot-minimalist-recenzja\/","og:image":"https:\/\/skalnik.pl\/blog\/wp-content\/uploads\/2020\/01\/Marmot-Minimalist-Black-podszewka-fot.1.png","og:image:secure_url":"https:\/\/skalnik.pl\/blog\/wp-content\/uploads\/2020\/01\/Marmot-Minimalist-Black-podszewka-fot.1.png","article:tag":["testy","kurtki gore-tex","marmot"],"article:published_time":"2020-01-29T07:54:00+00:00","article:modified_time":"2023-09-29T11:48:21+00:00","twitter:card":"summary_large_image","twitter:title":"Kurtka Marmot Minimalist \u2013 test - blog Skalnik","twitter:description":"Minimalist marki Marmot to bestellerowa kurtka GORE-TEX. Zobacz d\u0142ugodystansowy, bo napisany z perspektywy trzech lat u\u017cytkowania, test kurtki Marmot Minimalist.","twitter:image":"https:\/\/skalnik.pl\/blog\/wp-content\/uploads\/2020\/01\/Marmot-Minimalist-Black-podszewka-fot.1.png"},"aioseo_meta_data":{"post_id":"11076","title":null,"description":"Minimalist marki Marmot to bestellerowa kurtka GORE-TEX. Zobacz d\u0142ugodystansowy, bo napisany z perspektywy trzech lat u\u017cytkowania, test kurtki Marmot Minimalist.","keywords":[{"label":"marmot","value":"marmot"},{"label":"marmot minimalist","value":"marmot minimalist"},{"label":"marmot kurtka","value":"marmot kurtka"},{"label":"kurtka minimalist","value":"kurtka minimalist"},{"label":"minimalist marmot","value":"minimalist marmot"}],"keyphrases":{"focus":{"keyphrase":"","score":0,"analysis":{"keyphraseInTitle":{"score":0,"maxScore":9,"error":1}}},"additional":[]},"primary_term":null,"canonical_url":null,"og_title":null,"og_description":null,"og_object_type":"default","og_image_type":"default","og_image_url":null,"og_image_width":null,"og_image_height":null,"og_image_custom_url":null,"og_image_custom_fields":null,"og_video":"","og_custom_url":null,"og_article_section":null,"og_article_tags":[],"twitter_use_og":false,"twitter_card":"default","twitter_image_type":"default","twitter_image_url":null,"twitter_image_custom_url":null,"twitter_image_custom_fields":null,"twitter_title":null,"twitter_description":null,"schema":{"blockGraphs":[],"customGraphs":[],"default":{"data":{"Article":[],"Course":[],"Dataset":[],"FAQPage":[],"Movie":[],"Person":[],"Product":[],"ProductReview":[],"Car":[],"Recipe":[],"Service":[],"SoftwareApplication":[],"WebPage":[]},"graphName":"","isEnabled":true},"graphs":[]},"schema_type":"default","schema_type_options":null,"pillar_content":false,"robots_default":true,"robots_noindex":false,"robots_noarchive":false,"robots_nosnippet":false,"robots_nofollow":false,"robots_noimageindex":false,"robots_noodp":false,"robots_notranslate":false,"robots_max_snippet":"-1","robots_max_videopreview":"-1","robots_max_imagepreview":"large","priority":null,"frequency":"default","local_seo":null,"breadcrumb_settings":null,"limit_modified_date":false,"ai":null,"created":"2022-08-26 09:54:41","updated":"2026-02-17 21:46:19","seo_analyzer_scan_date":null},"aioseo_breadcrumb":"<div class=\"aioseo-breadcrumbs\"><span class=\"aioseo-breadcrumb\">\n\t\t\t<a href=\"https:\/\/www.skalnik.pl\/blog\" title=\"Home\">Home<\/a>\n\t\t<\/span><span class=\"aioseo-breadcrumb-separator\">&raquo;<\/span><span class=\"aioseo-breadcrumb\">\n\t\t\t<a href=\"https:\/\/www.skalnik.pl\/blog\/.\/testy\/\" title=\"Testy\">Testy<\/a>\n\t\t<\/span><span class=\"aioseo-breadcrumb-separator\">&raquo;<\/span><span class=\"aioseo-breadcrumb\">\n\t\t\tKurtka Marmot Minimalist \u2013 test\n\t\t<\/span><\/div>","aioseo_breadcrumb_json":[{"label":"Home","link":"https:\/\/www.skalnik.pl\/blog"},{"label":"Testy","link":"https:\/\/www.skalnik.pl\/blog\/.\/testy\/"},{"label":"Kurtka Marmot Minimalist &#8211; test","link":"https:\/\/www.skalnik.pl\/blog\/kurtka-marmot-minimalist-recenzja\/"}],"_links":{"self":[{"href":"https:\/\/www.skalnik.pl\/blog\/wp-json\/wp\/v2\/posts\/11076","targetHints":{"allow":["GET"]}}],"collection":[{"href":"https:\/\/www.skalnik.pl\/blog\/wp-json\/wp\/v2\/posts"}],"about":[{"href":"https:\/\/www.skalnik.pl\/blog\/wp-json\/wp\/v2\/types\/post"}],"author":[{"embeddable":true,"href":"https:\/\/www.skalnik.pl\/blog\/wp-json\/wp\/v2\/users\/36"}],"replies":[{"embeddable":true,"href":"https:\/\/www.skalnik.pl\/blog\/wp-json\/wp\/v2\/comments?post=11076"}],"version-history":[{"count":26,"href":"https:\/\/www.skalnik.pl\/blog\/wp-json\/wp\/v2\/posts\/11076\/revisions"}],"predecessor-version":[{"id":24401,"href":"https:\/\/www.skalnik.pl\/blog\/wp-json\/wp\/v2\/posts\/11076\/revisions\/24401"}],"wp:featuredmedia":[{"embeddable":true,"href":"https:\/\/www.skalnik.pl\/blog\/wp-json\/wp\/v2\/media\/11091"}],"wp:attachment":[{"href":"https:\/\/www.skalnik.pl\/blog\/wp-json\/wp\/v2\/media?parent=11076"}],"wp:term":[{"taxonomy":"category","embeddable":true,"href":"https:\/\/www.skalnik.pl\/blog\/wp-json\/wp\/v2\/categories?post=11076"},{"taxonomy":"post_tag","embeddable":true,"href":"https:\/\/www.skalnik.pl\/blog\/wp-json\/wp\/v2\/tags?post=11076"},{"taxonomy":"magento_category","embeddable":true,"href":"https:\/\/www.skalnik.pl\/blog\/wp-json\/wp\/v2\/magento_category?post=11076"},{"taxonomy":"magento_product","embeddable":true,"href":"https:\/\/www.skalnik.pl\/blog\/wp-json\/wp\/v2\/magento_product?post=11076"}],"curies":[{"name":"wp","href":"https:\/\/api.w.org\/{rel}","templated":true}]}}