{"id":11115,"date":"2020-01-30T11:22:12","date_gmt":"2020-01-30T10:22:12","guid":{"rendered":"https:\/\/skalnik.pl\/blog\/?p=11115"},"modified":"2020-02-21T11:25:36","modified_gmt":"2020-02-21T10:25:36","slug":"plecak-turystyczny-jak-dobrac-litraz","status":"publish","type":"post","link":"https:\/\/www.skalnik.pl\/blog\/plecak-turystyczny-jak-dobrac-litraz\/","title":{"rendered":"Plecak turystyczny &#8211; jak dobra\u0107 litra\u017c"},"content":{"rendered":"\n<p><strong>Z uprawianiem turystyki pieszej \u015bci\u015ble powi\u0105zane jest noszenie swojego ekwipunku na plecach. Najcz\u0119stszym problemem jest jednak problem, z kt\u00f3rym zmierzy\u0107 si\u0119 musi ka\u017cdy z nas \u2013 pojemno\u015b\u0107 plecaka. Litra\u017c plecaka turystycznego jest zale\u017cny od rodzaju turystyki, jaki uprawiasz lub masz zamiar uprawia\u0107. <\/strong> <\/p>\n\n\n\n<p>Wyb\u00f3r\nodpowiedniej pojemno\u015bci plecaka w g\u00f3ry nie zawsze jest jasny i\noczywisty. Do\u015bwiadczenie w przebywaniu na szlaku zazwyczaj u\u0142atwia\nten wyb\u00f3r. Im bardziej zaawansowanym turyst\u0105 lub turystk\u0105 jeste\u015b,\ntym \u0142atwiej podj\u0105\u0107 ci pewne decyzje zwi\u0105zane z selekcj\u0105 sprz\u0119tu,\nkt\u00f3ry zabierzesz z sob\u0105. Mimo do\u015bwiadczenia wielu z nas ma problem\nz dobraniem odpowiedniej pojemno\u015bci plecaka. \n<\/p>\n\n\n\n<div id=\"ez-toc-container\" class=\"ez-toc-v2_0_85 counter-hierarchy ez-toc-counter ez-toc-light-blue ez-toc-container-direction\">\n<div class=\"ez-toc-title-container\">\n<p class=\"ez-toc-title\" style=\"cursor:inherit\">SPIS TRE\u015aCI <\/p>\n<span class=\"ez-toc-title-toggle\"><a href=\"#\" class=\"ez-toc-pull-right ez-toc-btn ez-toc-btn-xs ez-toc-btn-default ez-toc-toggle\" aria-label=\"Prze\u0142\u0105cznik Spisu Tre\u015bci\"><span class=\"ez-toc-js-icon-con\"><span class=\"\"><span class=\"eztoc-hide\" style=\"display:none;\">Toggle<\/span><span class=\"ez-toc-icon-toggle-span\"><svg style=\"fill: #999;color:#999\" xmlns=\"http:\/\/www.w3.org\/2000\/svg\" class=\"list-377408\" width=\"20px\" height=\"20px\" viewBox=\"0 0 24 24\" fill=\"none\"><path d=\"M6 6H4v2h2V6zm14 0H8v2h12V6zM4 11h2v2H4v-2zm16 0H8v2h12v-2zM4 16h2v2H4v-2zm16 0H8v2h12v-2z\" fill=\"currentColor\"><\/path><\/svg><svg style=\"fill: #999;color:#999\" class=\"arrow-unsorted-368013\" xmlns=\"http:\/\/www.w3.org\/2000\/svg\" width=\"10px\" height=\"10px\" viewBox=\"0 0 24 24\" version=\"1.2\" baseProfile=\"tiny\"><path d=\"M18.2 9.3l-6.2-6.3-6.2 6.3c-.2.2-.3.4-.3.7s.1.5.3.7c.2.2.4.3.7.3h11c.3 0 .5-.1.7-.3.2-.2.3-.5.3-.7s-.1-.5-.3-.7zM5.8 14.7l6.2 6.3 6.2-6.3c.2-.2.3-.5.3-.7s-.1-.5-.3-.7c-.2-.2-.4-.3-.7-.3h-11c-.3 0-.5.1-.7.3-.2.2-.3.5-.3.7s.1.5.3.7z\"\/><\/svg><\/span><\/span><\/span><\/a><\/span><\/div>\n<nav><ul class='ez-toc-list ez-toc-list-level-1 ' ><li class='ez-toc-page-1 ez-toc-heading-level-2'><a class=\"ez-toc-link ez-toc-heading-1\" href=\"https:\/\/www.skalnik.pl\/blog\/plecak-turystyczny-jak-dobrac-litraz\/#Bledy_w_wyborze_i_pakowaniu_plecaka\" >B\u0142\u0119dy\nw wyborze i pakowaniu plecaka<\/a><\/li><li class='ez-toc-page-1 ez-toc-heading-level-2'><a class=\"ez-toc-link ez-toc-heading-2\" href=\"https:\/\/www.skalnik.pl\/blog\/plecak-turystyczny-jak-dobrac-litraz\/#Plecak_turystyczny_do_15_litrow\" >Plecak\nturystyczny do 15 litr\u00f3w<\/a><\/li><li class='ez-toc-page-1 ez-toc-heading-level-2'><a class=\"ez-toc-link ez-toc-heading-3\" href=\"https:\/\/www.skalnik.pl\/blog\/plecak-turystyczny-jak-dobrac-litraz\/#Plecaki_20-30_litrow\" >Plecaki\n20-30 litr\u00f3w<\/a><\/li><li class='ez-toc-page-1 ez-toc-heading-level-2'><a class=\"ez-toc-link ez-toc-heading-4\" href=\"https:\/\/www.skalnik.pl\/blog\/plecak-turystyczny-jak-dobrac-litraz\/#Plecaki_30-50_litrow\" >Plecaki 30-50 litr\u00f3w<\/a><\/li><li class='ez-toc-page-1 ez-toc-heading-level-2'><a class=\"ez-toc-link ez-toc-heading-5\" href=\"https:\/\/www.skalnik.pl\/blog\/plecak-turystyczny-jak-dobrac-litraz\/#Plecaki_50-70_lirow\" >Plecaki\n50-70 lir\u00f3w<\/a><\/li><li class='ez-toc-page-1 ez-toc-heading-level-2'><a class=\"ez-toc-link ez-toc-heading-6\" href=\"https:\/\/www.skalnik.pl\/blog\/plecak-turystyczny-jak-dobrac-litraz\/#Plecaki_powyzej_70_litrow\" >Plecaki\npowy\u017cej 70 litr\u00f3w<\/a><\/li><li class='ez-toc-page-1 ez-toc-heading-level-2'><a class=\"ez-toc-link ez-toc-heading-7\" href=\"https:\/\/www.skalnik.pl\/blog\/plecak-turystyczny-jak-dobrac-litraz\/#Plecaki_turystyczne_%E2%80%93_czy_musisz_miec_kilka\" >Plecaki\nturystyczne &#8211; czy musisz mie\u0107 kilka?<\/a><\/li><\/ul><\/nav><\/div>\n<h2 class=\"wp-block-heading\"><span class=\"ez-toc-section\" id=\"Bledy_w_wyborze_i_pakowaniu_plecaka\"><\/span>B\u0142\u0119dy\nw wyborze i pakowaniu plecaka<span class=\"ez-toc-section-end\"><\/span><\/h2>\n\n\n\n<p>Na szlaku cz\u0119sto widuj\u0119 plecaki wypchane do granic mo\u017cliwo\u015bci. Jakby si\u0119 skupi\u0107, to us\u0142ysze\u0107 mo\u017cna p\u0119kaj\u0105ce szwy. Plecak lata na u\u017cytkowniku jak beczka przymocowana na pasach i wp\u0142ywa na utrzymanie r\u00f3wnowagi na technicznych szlakach. Pami\u0119taj, \u017ce plecak przed wycieczk\u0105 zawsze mo\u017cesz wyregulowa\u0107, by unikn\u0105\u0107 takich sytuacji. <\/p>\n\n\n\n<iframe loading=\"lazy\" src=\"https:\/\/www.youtube.com\/embed\/3gM6fjrg0JI\" allow=\"accelerometer; autoplay; encrypted-media; gyroscope; picture-in-picture\" allowfullscreen=\"\" width=\"800\" height=\"442\" frameborder=\"0\"><\/iframe>\n\n\n\n<p>Za\ndu\u017cy plecak te\u017c nie jest tym, co sprawi, \u017ce b\u0119dziesz czu\u0107 si\u0119\nna szlaku komfortowo. Ci\u0119\u017car rozk\u0142ada si\u0119 nier\u00f3wnomiernie,\ncz\u0119sto na samym spodzie plecaka, tu\u017c przy pasie biodrowym. Czasami\nzdarza si\u0119, \u017ce tw\u00f3j sprz\u0119t lata w \u015brodku g\u0142\u00f3wnej komory.\n\u015arodek ci\u0119\u017cko\u015bci nie jest ustabilizowany i utrudni sprawne\nporuszanie si\u0119 mi\u0119dzy wyci\u0105gami lub na technicznej grani.<\/p>\n\n\n\n<p>W\nswoim wpisie chcia\u0142bym przedstawi\u0107 podzia\u0142 plecak\u00f3w ze wzgl\u0119du\nna litra\u017c. Bardzo wa\u017cnym kryterium wyboru plecaka jest czas, kt\u00f3ry\nsp\u0119dzasz na szlaku. Na wyb\u00f3r odpowiedniego plecaka turystycznego\nwp\u0142ynie styl, w kt\u00f3rym poruszasz si\u0119 w g\u00f3rach. Minimali\u015bci i\nbackpackerzy wybieraj\u0105c si\u0119 w g\u00f3ry na taki sam czas spakuj\u0105 si\u0119\nw plecaki o r\u00f3\u017cnych pojemno\u015bciach. Wa\u017cna jest r\u00f3wnie\u017c pora\nroku. Zim\u0105 zabierzesz na pewno do plecaka wi\u0119cej ciep\u0142ych rzeczy,\nkt\u00f3re zajmuj\u0105 troch\u0119 miejsca. Jakiej pojemno\u015bci plecak w g\u00f3ry\nb\u0119dzie potrzebny tobie? Mam nadziej\u0119, \u017ce w tym tek\u015bcie znajdziesz\nodpowied\u017a na to pytanie. \n<\/p>\n\n\n\n<h2 class=\"wp-block-heading\"><span class=\"ez-toc-section\" id=\"Plecak_turystyczny_do_15_litrow\"><\/span>Plecak\nturystyczny do 15 litr\u00f3w<span class=\"ez-toc-section-end\"><\/span><\/h2>\n\n\n\n<p>Jest\n\u015brodek tygodnia. Za oknem \u015bwieci s\u0142o\u0144ce i wiesz, \u017ce po pracy\nmusisz zaliczy\u0107 szybki wypad w g\u00f3ry. Wybija godzina 15.00,\nprzebierasz si\u0119 i wskakujesz do auta. Na miejscu b\u0119dziesz za troch\u0119\nponad godzin\u0119. Doje\u017cd\u017casz i parkujesz auto. Masz zamiar dosta\u0107\nsi\u0119 na szczyt i szybko z niego wr\u00f3ci\u0107. Do swojego ma\u0142ego plecaka\npakujesz kilka \u017celi energetycznych, wod\u0119 w butelce lub w buk\u0142aku i\nlekki hardshell. \n<\/p>\n\n\n\n<p>Je\u017celi\ntaka projekcja pokrywa si\u0119 z typem uprawianej przez ciebie\naktywno\u015bci, to plecak do 15 litr\u00f3w powinien w zupe\u0142no\u015bci\nzaspokoi\u0107 twoje potrzeby. Do plecaka turystycznego w takim litra\u017cu\nspakujesz najbardziej potrzebne rzeczy. Poza g\u0142\u00f3wn\u0105 komor\u0105\n(zazwyczaj) b\u0119dziesz mie\u0107 do dyspozycji kieszenie zewn\u0119trzne, do\nkt\u00f3rych schowasz portfel i klucze. Najciekawszymi propozycjami w tej\nkategorii b\u0119d\u0105 plecaki Gregory Nano 14 i Osprey Daylite 13.<\/p>\n\n\n\n<div class=\"wp-block-image\"><figure class=\"aligncenter size-large\"><img loading=\"lazy\" decoding=\"async\" width=\"1023\" height=\"682\" src=\"https:\/\/skalnik.pl\/blog\/wp-content\/uploads\/2020\/01\/DM_STLABS_Speed-Hiking-Colorado_240818_10207.jpg\" alt=\"plecaki Salewa\" class=\"wp-image-11146\" srcset=\"https:\/\/www.skalnik.pl\/blog\/wp-content\/uploads\/2020\/01\/DM_STLABS_Speed-Hiking-Colorado_240818_10207.jpg 1023w, https:\/\/www.skalnik.pl\/blog\/wp-content\/uploads\/2020\/01\/DM_STLABS_Speed-Hiking-Colorado_240818_10207-300x200.jpg 300w, https:\/\/www.skalnik.pl\/blog\/wp-content\/uploads\/2020\/01\/DM_STLABS_Speed-Hiking-Colorado_240818_10207-768x512.jpg 768w\" sizes=\"auto, (max-width: 1023px) 100vw, 1023px\" \/><figcaption><em>Wielu producent\u00f3w ma w ofercie plecaki na szybkie i kr\u00f3tkie wyj\u015bcia w g\u00f3ry. Przyk\u0142adem mo\u017ce by\u0107 te\u017c plecak Salewa Lite Train 14 do speed hikingu. (fot. Salewa\/Daniele Molineris\/Storyteller-Labs)<\/em><\/figcaption><\/figure><\/div>\n\n\n\n<h2 class=\"wp-block-heading\"><span class=\"ez-toc-section\" id=\"Plecaki_20-30_litrow\"><\/span>Plecaki\n20-30 litr\u00f3w<span class=\"ez-toc-section-end\"><\/span><\/h2>\n\n\n\n<p>Budzik\ndzwoni o sz\u00f3stej\nrano. Wstajesz z \u0142\u00f3\u017cka, szybkie \u015bniadanie, z\u0119by, prysznic. Do\nswojego plecaka pakujesz, to co na jednodniowym wyj\u015bciu w g\u00f3ry jest\nniezb\u0119dne. Wype\u0142niony wod\u0105 buk\u0142ak,  prowiant, awaryjny hardshell\ni lekki stretch idealnie mieszcz\u0105 si\u0119 do twojego plecaka\nturystycznego. Nie zapominasz o czo\u0142\u00f3wce i ma\u0142ej apteczce. Jeszcze\nsk\u0142adana miska i woda dla psa i jeste\u015b gotowy na ca\u0142y dzie\u0144 na\nszlaku. Ahoj przygodo!<\/p>\n\n\n\n<p>Jednodniowe wypady bez noclegu zape\u0142niaj\u0105 wolne dni w moim kalendarzu. <a href=\"https:\/\/skalnik.pl\/sprzet-turystyczny\/plecaki\/plecaki-turystyczne\" target=\"_blank\" rel=\"noreferrer noopener\" aria-label=\"Plecak turystyczny (otwiera si\u0119 na nowej zak\u0142adce)\">Plecak turystyczny<\/a> o pojemno\u015bci oko\u0142o 20 litr\u00f3w jest absolutnie wystarczaj\u0105cy, kiedy zamiast wielkich wypraw wybierasz mikroprzygody. Plecaki turystyczne w takiej pojemno\u015bci b\u0119d\u0105 mie\u0107 lepiej zaprojektowan\u0105 przestrze\u0144 \u0142adunkow\u0105, a ty b\u0119dziesz m\u00f3g\u0142 ni\u0105 lepiej dysponowa\u0107. Ciekaw\u0105 propozycj\u0119 stanowi\u0105 plecaki Gregory z serii Salvo (18 i 28 litr\u00f3w), Osprey Talon 22 (lub damski odpowiednik Tempest 20) i Deuter Trail 22.<\/p>\n\n\n\n<div class=\"wp-block-image\"><figure class=\"aligncenter size-large\"><img loading=\"lazy\" decoding=\"async\" width=\"1023\" height=\"682\" src=\"https:\/\/skalnik.pl\/blog\/wp-content\/uploads\/2020\/01\/GMP_F18_EverydayAdventure12.jpg\" alt=\"plecaki Gregory\" class=\"wp-image-11147\" srcset=\"https:\/\/www.skalnik.pl\/blog\/wp-content\/uploads\/2020\/01\/GMP_F18_EverydayAdventure12.jpg 1023w, https:\/\/www.skalnik.pl\/blog\/wp-content\/uploads\/2020\/01\/GMP_F18_EverydayAdventure12-300x200.jpg 300w, https:\/\/www.skalnik.pl\/blog\/wp-content\/uploads\/2020\/01\/GMP_F18_EverydayAdventure12-768x512.jpg 768w\" sizes=\"auto, (max-width: 1023px) 100vw, 1023px\" \/><figcaption><em>Na jednodniowych wycieczkach sprawdzaj\u0105 si\u0119 plecaki o pojemno\u015bci 20-30 litr\u00f3w. Zmieszcz\u0105 do\u015b\u0107 ekwipunku na ca\u0142y dzie\u0144 sp\u0119dzony w g\u00f3rach. (fot. Gregory) <\/em><\/figcaption><\/figure><\/div>\n\n\n\n<h2 class=\"wp-block-heading\"><span class=\"ez-toc-section\" id=\"Plecaki_30-50_litrow\"><\/span>Plecaki 30-50 litr\u00f3w<span class=\"ez-toc-section-end\"><\/span><\/h2>\n\n\n\n<p>Na\nweekend czekasz z niecierpliwo\u015bci\u0105. Odliczasz dos\u0142ownie ka\u017cd\u0105\nsekund\u0119, kt\u00f3ra zbli\u017ca ci\u0119 do tej upragnionej chwili wolno\u015bci.\nJest i on \u2013 weekend. Planujesz zrobi\u0107 kilkana\u015bcie kilometr\u00f3w w\nterenie i nie ma mowy o spaniu w schronisku. Pakujesz wi\u0119c hamak,\nlekki \u015bpiw\u00f3r i tarp \u2013 tw\u00f3j trzygwiazdkowy hotel. Podczas takiego\nwyj\u015bcia szansa zmierzenia si\u0119 z kaprysami g\u00f3rskiej pogody jest\nznacz\u0105co wi\u0119ksza. Masz ze sob\u0105 troch\u0119 wi\u0119cej ciuch\u00f3w, kt\u00f3re\nochroni\u0105 ci\u0119 przed niespodziankami aury.\nPakujesz palnik turystyczny,\nmena\u017ck\u0119 i kilka lifoilizat\u00f3w, bo nikt nie lubi by\u0107 g\u0142odny na\nszlaku. Szybki check i dorzucasz map\u0119, czo\u0142\u00f3wk\u0119 i apteczk\u0119.\nWeekend b\u0119dzie tw\u00f3j!<\/p>\n\n\n\n<p>To,\nna jak\u0105 pojemno\u015b\u0107 weekendowego plecaka turystycznego zdecydujesz\nsi\u0119 b\u0119dzie zale\u017cne od kilku czynnik\u00f3w. Biwak na dziko czy gleba w\nschronisku? Jakie warunki panuj\u0105 w g\u00f3rach? Wybierasz si\u0119 zim\u0105 czy\nlatem? Zim\u0105 powiniene\u015b mie\u0107 ze sob\u0105 cieplejszy \u015bpiw\u00f3r, kt\u00f3ry\nzajmie wi\u0119cej miejsca w twoim plecaku. Dodatkowa odzie\u017c (skarpetki,\nbielizna, lekki sweter puchowy) skutecznie wype\u0142ni plecak\nturystyczny 40 l. Na zewn\u0105trz powinny znale\u017a\u0107 si\u0119 uchwyty na kije\ntrekkingowe lub czekan. Oczywi\u015bcie, nie zawsze taki litra\u017c b\u0119dzie\ntobie potrzebny. Latem i wiosn\u0105 mo\u017cesz my\u015ble\u0107 o plecaku\nturystycznym 30 l. Taki plecak turystyczny nie powinien straci\u0107 na\nswojej funkcjonalno\u015bci wci\u0105\u017c b\u0119d\u0105c pakownym towarzyszem\nweekendowych w\u0119dr\u00f3wek. Topowymi plecakami w tej kategorii b\u0119d\u0105\nGregory Zulu 40\/Jade 38, Osprey Kyte 36\/Kestrel 38 oraz Deuter Futura\nPro 40.<\/p>\n\n\n\n<iframe loading=\"lazy\" src=\"https:\/\/www.youtube.com\/embed\/5XkhBCmFIYI\" allow=\"accelerometer; autoplay; encrypted-media; gyroscope; picture-in-picture\" allowfullscreen=\"\" width=\"800\" height=\"442\" frameborder=\"0\"><\/iframe>\n\n\n\n<h2 class=\"wp-block-heading\"><span class=\"ez-toc-section\" id=\"Plecaki_50-70_lirow\"><\/span>Plecaki\n50-70 lir\u00f3w<span class=\"ez-toc-section-end\"><\/span><\/h2>\n\n\n\n<p>Przed tob\u0105 naprawd\u0119 d\u0142ugi wyjazd. By\u0107 mo\u017ce trekking w Alpach lub Pirenejach. Wiesz, \u017ce b\u0119dziesz z dala od domu i plecak b\u0119dzie twoj\u0105 tymczasow\u0105 szaf\u0105. Szaf\u0105, w kt\u00f3rej musisz mie\u0107 wszystko, co pozwoli ci komfortowo pokonywa\u0107 kolejne wymagaj\u0105ce kilometry. Ciuchy, liofilizaty i druga para but\u00f3w b\u0119d\u0105 stanowi\u0107 g\u0142\u00f3wn\u0105 cze\u015b\u0107 \u0142adunku, kt\u00f3ry ostatecznie wyl\u0105duje na twoich plecach. Plecak musi mie\u0107 mo\u017cliwo\u015b\u0107 przytroczenia r\u00f3\u017cnych cz\u0119\u015bci twojego ekwipunku. W \u015brodku nie masz ju\u017c tyle miejsca wi\u0119c trokami przytwierdzasz namiot, a z boku l\u0105duje <a href=\"https:\/\/skalnik.pl\/sprzet-turystyczny\/spiwory-i-maty\/spiwory-i-maty-karimaty\" target=\"_blank\" rel=\"noreferrer noopener\" aria-label=\"karimata (otwiera si\u0119 na nowej zak\u0142adce)\">karimata<\/a>. Lista sprz\u0119tu jest d\u0142uga, ale wiesz, \u017ce miejsca w plecaku ci wystarczy.<\/p>\n\n\n\n<p>Od\nczasu trwania trekkingu i warunk\u00f3w, w jakich ma si\u0119 on odby\u0107,\nzale\u017cny b\u0119dzie litra\u017c plecaka. Wyb\u00f3r plecaka turystycznego w tym\nprzedziale litra\u017cu uzale\u017cni\u0142bym od tych samych czynnik\u00f3w, jak w\nprzypadku plecak\u00f3w 30-40 litr\u00f3w. Na pewno zwr\u00f3ci\u0142bym uwag\u0119 na\nmo\u017cliwo\u015b\u0107 troczenia pod spodem plecaka, jak r\u00f3wnie\u017c i po bokach.\nDu\u017cym atutem plecaka przeznaczonego do wielodniowego trekkingu s\u0105\ndodatkowe kieszonki. Cz\u0119sto umiejscowione po bokach plecaka i na\npasie biodrowym s\u0105 bardzo por\u0119cznymi skrytkami. Pomieszcz\u0105 one\nwszystkie drobiazgi, kt\u00f3re mog\u0142yby zgubi\u0107 si\u0119 w g\u0142\u00f3wnej komorze\nplecaka. Mo\u017cliwo\u015b\u0107 przedzielenia g\u0142\u00f3wnej komory pozwoli ci\numiejscowi\u0107 ci w niej \u015bpiw\u00f3r lub drug\u0105 par\u0119 but\u00f3w.  Je\u017celi\npotrzebujesz plecaka na d\u0142ugi wypad, to warto zainteresowa\u0107 si\u0119\nplecakami Gregory Baltoro\/Deva, Deuter Air Contact i Osprey\nAether\/Aura. Ciekaw\u0105, przyst\u0119pn\u0105 cenow\u0105 propozycj\u0105 jest plecak\nThe North Face Terra, kt\u00f3ry r\u00f3wnie\u017c wyst\u0119puje w wersji damskiej i\nm\u0119skiej.<\/p>\n\n\n\n<div class=\"wp-block-image\"><figure class=\"aligncenter size-large\"><img loading=\"lazy\" decoding=\"async\" width=\"1023\" height=\"682\" src=\"https:\/\/skalnik.pl\/blog\/wp-content\/uploads\/2020\/01\/plecak-gregory-maven.jpg\" alt=\"plecak turystyczny Gregory\" class=\"wp-image-11148\" srcset=\"https:\/\/www.skalnik.pl\/blog\/wp-content\/uploads\/2020\/01\/plecak-gregory-maven.jpg 1023w, https:\/\/www.skalnik.pl\/blog\/wp-content\/uploads\/2020\/01\/plecak-gregory-maven-300x200.jpg 300w, https:\/\/www.skalnik.pl\/blog\/wp-content\/uploads\/2020\/01\/plecak-gregory-maven-768x512.jpg 768w\" sizes=\"auto, (max-width: 1023px) 100vw, 1023px\" \/><figcaption><em>Plecak o pojemno\u015bci ponad 50 litr\u00f3w to ju\u017c sporo miejsca na wszystko, czego potrzebujesz podczas kilkudniowej w\u0119dr\u00f3wki. Na zdj\u0119ciu plecak Gregory Maven 55.  (fot. Gregory)<\/em><\/figcaption><\/figure><\/div>\n\n\n\n<h2 class=\"wp-block-heading\"><span class=\"ez-toc-section\" id=\"Plecaki_powyzej_70_litrow\"><\/span>Plecaki\npowy\u017cej 70 litr\u00f3w<span class=\"ez-toc-section-end\"><\/span><\/h2>\n\n\n\n<p>Przed\ntob\u0105 prawdziwa wyrypa. Ca\u0142y miesi\u0105c w terenie. Tutaj nie ma\nmiejsca na kompromisy. Odzie\u017c i buty stanowi\u0105 zaledwie u\u0142amek\nzawarto\u015bci twojego plecaka. Chocia\u017c by\u015b chcia\u0142, to z wielu rzeczy\nnie mo\u017cesz zrezygnowa\u0107. Nawet apteczka zaczyna przypomina\u0107 ma\u0142e\nambulatorium. Dochodzi jeszcze namiot, karimata i kije, a gdzie\u015b to\ntrzeba zmie\u015bci\u0107. O tym ile miejsca zajmuje tw\u00f3j \u015bpiw\u00f3r nawet nie\nchcesz s\u0142ysze\u0107. Gdyby by\u0142a\ntaka\nmo\u017cliwo\u015b\u0107, na\nszlak \u2013 nie tylko do towarzystwa \u2013 zabra\u0142oby si\u0119 tragarza.\nDasz rad\u0119 wzi\u0105\u0107 wszystko na siebie, a tw\u00f3j wielki, prawie\nstulitrowy plecak u\u0142atwi ci drog\u0119 do obranego wcze\u015bniej celu.<\/p>\n\n\n\n<p>Grupa plecak\u00f3w transportowych o pojemno\u015bci 70-80-90-100 litr\u00f3w dedykowana b\u0119dzie turystom, kt\u00f3ry na szlaku zamierzaj\u0105 sp\u0119dzi\u0107 zdecydowanie wi\u0119cej czasu. Je\u017celi wybierasz si\u0119 na miesi\u0119czny trekking lub twoim celem jest base camp pod Mt. Everestem to twoje oczy powinny zwr\u00f3ci\u0107 si\u0119 w t\u0119 stron\u0119. Plecaki o takiej pojemno\u015bci cechuj\u0105 si\u0119 wyj\u0105tkowo dopracowanymi systemami no\u015bnymi. Masywne i stabilne konstrukcje gwarantuj\u0105 maksymalny komfort, kiedy b\u0119dziesz przemierza\u0107 techniczny fragment lodowca. Do takiego plecaka turystycznego b\u0119dziesz m\u00f3g\u0142 przytroczy\u0107 namiot, karimat\u0119 czy te\u017c <a href=\"https:\/\/skalnik.pl\/sprzet-turystyczny\/akcesoria-turystyczne\/akcesoria-turystyczne-kije-trekkingowe\" target=\"_blank\" rel=\"noreferrer noopener\" aria-label=\"kijki trekkingowe (otwiera si\u0119 na nowej zak\u0142adce)\">kijki trekkingowe<\/a>. Dodatkowe kieszenie po bokach plecaka i na pasie biodrowym czyni\u0105 tego rodzaju konstrukcje jeszcze bardziej praktycznymi. W kilku modelach producenci postarali si\u0119 o jeszcze jeden wa\u017cny element. Tym elementem jest dodatkowy, mocowany wewn\u0105trz mniejszy plecak. Takie rozwi\u0105zanie pozwala pozostawi\u0107 sw\u00f3j g\u0142\u00f3wny plecak w miejscu biwakowania i ruszy\u0107 na ma\u0142y rekonesans z niezb\u0119dnym ekwipunkiem. Takie rozwi\u0105zanie spotkasz w plecakach Gregory Baltoro \/ Deva oraz Deuter Air Contact Pro.<\/p>\n\n\n\n<div class=\"wp-block-image\"><figure class=\"aligncenter size-large\"><img loading=\"lazy\" decoding=\"async\" width=\"1023\" height=\"682\" src=\"https:\/\/skalnik.pl\/blog\/wp-content\/uploads\/2020\/01\/plecaki-trekkingowe-deuter.jpg\" alt=\"plecaki trekkingowe Deuter\" class=\"wp-image-11149\" srcset=\"https:\/\/www.skalnik.pl\/blog\/wp-content\/uploads\/2020\/01\/plecaki-trekkingowe-deuter.jpg 1023w, https:\/\/www.skalnik.pl\/blog\/wp-content\/uploads\/2020\/01\/plecaki-trekkingowe-deuter-300x200.jpg 300w, https:\/\/www.skalnik.pl\/blog\/wp-content\/uploads\/2020\/01\/plecaki-trekkingowe-deuter-768x512.jpg 768w\" sizes=\"auto, (max-width: 1023px) 100vw, 1023px\" \/><figcaption><em>Plecaki Air Contact Pro marki Deuter to nawet ponad 70 litr\u00f3w przestrzeni na odzie\u017c i ekwipunek. (fot. Deuter)<\/em><\/figcaption><\/figure><\/div>\n\n\n\n<h2 class=\"wp-block-heading\"><span class=\"ez-toc-section\" id=\"Plecaki_turystyczne_%E2%80%93_czy_musisz_miec_kilka\"><\/span>Plecaki\nturystyczne &#8211; czy musisz mie\u0107 kilka? \n<span class=\"ez-toc-section-end\"><\/span><\/h2>\n\n\n\n<p>Tak by\u0142oby najlepiej. Jednak idealny \u015bwiat, w kt\u00f3rym mamy do swojej dyspozycji ka\u017cdy typ plecaka nie istnieje. Sam w swojej kolekcji posiadam <a href=\"https:\/\/skalnik.pl\/sprzet-turystyczny\/plecaki\" target=\"_blank\" rel=\"noreferrer noopener\" aria-label=\"plecaki  (otwiera si\u0119 na nowej zak\u0142adce)\">plecaki <\/a>o kilku pojemno\u015bciach. Sze\u015bciolitrowy plecak s\u0142u\u017cy\u0142 mi jako plecak biegowy, a aktualnie sta\u0142 si\u0119 moim g\u0142\u00f3wnym plecakiem na szybkie kilkugodzinne strza\u0142y. Na poranny wypad na \u015al\u0119\u017c\u0119 jak znalaz\u0142. Plecak o pojemno\u015bci 35 litr\u00f3w jest moim baga\u017cem podr\u0119cznym i typow\u0105 wiosenn\u0105 weekend\u00f3wk\u0105. Jest dla mnie plecakiem jednodniowym, kiedy na szlaku towarzyszy mi m\u00f3j kundelek. Z kolei moja siedemdziesi\u0105tka od dawna le\u017cy w szafie i kurzy si\u0119. Nie \u017ceby mi nigdy nie s\u0142u\u017cy\u0142a, ale z biegiem czasu moje turystyczne sympatie uleg\u0142y znacznej zmianie. Na ten moment wiem, \u017ce dwa plecaki s\u0105 w stanie zaspokoi\u0107 potrzeby ka\u017cdego, najbardziej wybrednego turysty.<\/p>\n\n\n\n<p>Przy\nwyborze plecaka postaraj si\u0119 poczyni\u0107 mo\u017cliwie najg\u0142\u0119bsza\nanaliz\u0119 swoich turystycznych plan\u00f3w i potrzeb. Dobrze dobrany\nplecak b\u0119dzie twoim kompanem na szlaku daj\u0105c ulg\u0119 tobie, twoim\nplecom i g\u00f3rskim towarzyszom. Z w\u0142asnego do\u015bwiadczenia wiem, \u017ce\nnikt nie lubi s\u0142ucha\u0107 narzekania, kiedy m\u00f3g\u0142by cieszy\u0107 si\u0119\ng\u00f3rskimi pejza\u017cami. Odpowiedni litra\u017c plecaka jest tak samo\nistotny jak odpowiedni rozmiar buta. Je\u017celi wci\u0105\u017c masz w\u0105tpliwo\u015bci\njaki litra\u017c plecaka jest tobie potrzebny, to zach\u0119cam ci\u0119 do\nskorzystania z pomocy naszych sprzedawc\u00f3w. Mimo wszystko \u017cywi\u0119\nnadziej\u0119, \u017ce m\u00f3j wpis pomo\u017ce ci w podj\u0119ciu w\u0142a\u015bciwej decyzji.\nDo zobaczenia na szlaku!<\/p>\n","protected":false},"excerpt":{"rendered":"<p>Wybierz plecak turystyczny odpowiedni do swoich potrzeb i plan\u00f3w. Podpowiadamy jak dobra\u0107 odpowiedni\u0105 wielko\u015b\u0107 plecaka. <\/p>\n","protected":false},"author":15,"featured_media":11121,"comment_status":"open","ping_status":"open","sticky":false,"template":"","format":"standard","meta":{"_acf_changed":false,"footnotes":""},"categories":[3],"tags":[250,23,91],"magento_category":[],"magento_product":[],"class_list":["post-11115","post","type-post","status-publish","format-standard","has-post-thumbnail","hentry","category-porady","tag-deuter","tag-plecaki","tag-trekking"],"acf":[],"aioseo_notices":[],"aioseo_head":"\n\t\t<!-- All in One SEO 4.9.10 - aioseo.com -->\n\t<meta name=\"description\" content=\"Plecaki turystyczne r\u00f3\u017cni\u0105 si\u0119 litra\u017cem. To ile litr\u00f3w ma mie\u0107 plecak zale\u017cy od d\u0142ugo\u015bci wycieczki, pory roku i stylu twoich dzia\u0142a\u0144 w g\u00f3rach. Zobacz nasz\u0105 porad\u0119!\" \/>\n\t<meta name=\"robots\" content=\"max-image-preview:large\" \/>\n\t<meta name=\"author\" content=\"Marcin Nowak\"\/>\n\t<link rel=\"canonical\" href=\"https:\/\/www.skalnik.pl\/blog\/plecak-turystyczny-jak-dobrac-litraz\/\" \/>\n\t<meta name=\"generator\" content=\"All in One SEO (AIOSEO) 4.9.10\" \/>\n\t\t<meta property=\"og:locale\" content=\"pl_PL\" \/>\n\t\t<meta property=\"og:site_name\" content=\"blog Skalnik - Blog, porady, artyku\u0142y - blog Skalnik\" \/>\n\t\t<meta property=\"og:type\" content=\"article\" \/>\n\t\t<meta property=\"og:title\" content=\"Plecak turystyczny \u2013 jak dobra\u0107 litra\u017c - blog Skalnik\" \/>\n\t\t<meta property=\"og:description\" content=\"Plecaki turystyczne r\u00f3\u017cni\u0105 si\u0119 litra\u017cem. To ile litr\u00f3w ma mie\u0107 plecak zale\u017cy od d\u0142ugo\u015bci wycieczki, pory roku i stylu twoich dzia\u0142a\u0144 w g\u00f3rach. Zobacz nasz\u0105 porad\u0119!\" \/>\n\t\t<meta property=\"og:url\" content=\"https:\/\/www.skalnik.pl\/blog\/plecak-turystyczny-jak-dobrac-litraz\/\" \/>\n\t\t<meta property=\"og:image\" content=\"https:\/\/skalnik.pl\/blog\/wp-content\/uploads\/2020\/01\/DM_STLABS_Speed-Hiking-Colorado_240818_10207.jpg\" \/>\n\t\t<meta property=\"og:image:secure_url\" content=\"https:\/\/skalnik.pl\/blog\/wp-content\/uploads\/2020\/01\/DM_STLABS_Speed-Hiking-Colorado_240818_10207.jpg\" \/>\n\t\t<meta property=\"article:tag\" content=\"porady\" \/>\n\t\t<meta property=\"article:tag\" content=\"deuter\" \/>\n\t\t<meta property=\"article:tag\" content=\"plecaki\" \/>\n\t\t<meta property=\"article:tag\" content=\"trekking\" \/>\n\t\t<meta property=\"article:published_time\" content=\"2020-01-30T10:22:12+00:00\" \/>\n\t\t<meta property=\"article:modified_time\" content=\"2020-02-21T10:25:36+00:00\" \/>\n\t\t<meta name=\"twitter:card\" content=\"summary_large_image\" \/>\n\t\t<meta name=\"twitter:title\" content=\"Plecak turystyczny \u2013 jak dobra\u0107 litra\u017c - blog Skalnik\" \/>\n\t\t<meta name=\"twitter:description\" content=\"Plecaki turystyczne r\u00f3\u017cni\u0105 si\u0119 litra\u017cem. To ile litr\u00f3w ma mie\u0107 plecak zale\u017cy od d\u0142ugo\u015bci wycieczki, pory roku i stylu twoich dzia\u0142a\u0144 w g\u00f3rach. Zobacz nasz\u0105 porad\u0119!\" \/>\n\t\t<meta name=\"twitter:image\" content=\"https:\/\/skalnik.pl\/blog\/wp-content\/uploads\/2020\/01\/DM_STLABS_Speed-Hiking-Colorado_240818_10207.jpg\" \/>\n\t\t<script type=\"application\/ld+json\" class=\"aioseo-schema\">\n\t\t\t{\"@context\":\"https:\\\/\\\/schema.org\",\"@graph\":[{\"@type\":\"BlogPosting\",\"@id\":\"https:\\\/\\\/www.skalnik.pl\\\/blog\\\/plecak-turystyczny-jak-dobrac-litraz\\\/#blogposting\",\"name\":\"Plecak turystyczny \\u2013 jak dobra\\u0107 litra\\u017c - blog Skalnik\",\"headline\":\"Plecak turystyczny &#8211; jak dobra\\u0107 litra\\u017c\",\"author\":{\"@id\":\"https:\\\/\\\/www.skalnik.pl\\\/blog\\\/author\\\/marcin-nowak\\\/#author\"},\"publisher\":{\"@id\":\"https:\\\/\\\/www.skalnik.pl\\\/blog\\\/#organization\"},\"image\":{\"@type\":\"ImageObject\",\"url\":\"https:\\\/\\\/www.skalnik.pl\\\/blog\\\/wp-content\\\/uploads\\\/2020\\\/01\\\/okladka_plecaki_litraz.jpg\",\"width\":1920,\"height\":705},\"datePublished\":\"2020-01-30T11:22:12+02:00\",\"dateModified\":\"2020-02-21T11:25:36+02:00\",\"inLanguage\":\"pl-PL\",\"mainEntityOfPage\":{\"@id\":\"https:\\\/\\\/www.skalnik.pl\\\/blog\\\/plecak-turystyczny-jak-dobrac-litraz\\\/#webpage\"},\"isPartOf\":{\"@id\":\"https:\\\/\\\/www.skalnik.pl\\\/blog\\\/plecak-turystyczny-jak-dobrac-litraz\\\/#webpage\"},\"articleSection\":\"Porady, deuter, plecaki, trekking\"},{\"@type\":\"BreadcrumbList\",\"@id\":\"https:\\\/\\\/www.skalnik.pl\\\/blog\\\/plecak-turystyczny-jak-dobrac-litraz\\\/#breadcrumblist\",\"itemListElement\":[{\"@type\":\"ListItem\",\"@id\":\"https:\\\/\\\/www.skalnik.pl\\\/blog#listItem\",\"position\":1,\"name\":\"Home\",\"item\":\"https:\\\/\\\/www.skalnik.pl\\\/blog\",\"nextItem\":{\"@type\":\"ListItem\",\"@id\":\"https:\\\/\\\/www.skalnik.pl\\\/blog\\\/.\\\/porady\\\/#listItem\",\"name\":\"Porady\"}},{\"@type\":\"ListItem\",\"@id\":\"https:\\\/\\\/www.skalnik.pl\\\/blog\\\/.\\\/porady\\\/#listItem\",\"position\":2,\"name\":\"Porady\",\"item\":\"https:\\\/\\\/www.skalnik.pl\\\/blog\\\/.\\\/porady\\\/\",\"nextItem\":{\"@type\":\"ListItem\",\"@id\":\"https:\\\/\\\/www.skalnik.pl\\\/blog\\\/plecak-turystyczny-jak-dobrac-litraz\\\/#listItem\",\"name\":\"Plecak turystyczny &#8211; jak dobra\\u0107 litra\\u017c\"},\"previousItem\":{\"@type\":\"ListItem\",\"@id\":\"https:\\\/\\\/www.skalnik.pl\\\/blog#listItem\",\"name\":\"Home\"}},{\"@type\":\"ListItem\",\"@id\":\"https:\\\/\\\/www.skalnik.pl\\\/blog\\\/plecak-turystyczny-jak-dobrac-litraz\\\/#listItem\",\"position\":3,\"name\":\"Plecak turystyczny &#8211; jak dobra\\u0107 litra\\u017c\",\"previousItem\":{\"@type\":\"ListItem\",\"@id\":\"https:\\\/\\\/www.skalnik.pl\\\/blog\\\/.\\\/porady\\\/#listItem\",\"name\":\"Porady\"}}]},{\"@type\":\"Organization\",\"@id\":\"https:\\\/\\\/www.skalnik.pl\\\/blog\\\/#organization\",\"name\":\"blog Skalnik\",\"description\":\"Blog, porady, artyku\\u0142y - blog Skalnik\",\"url\":\"https:\\\/\\\/www.skalnik.pl\\\/blog\\\/\"},{\"@type\":\"Person\",\"@id\":\"https:\\\/\\\/www.skalnik.pl\\\/blog\\\/author\\\/marcin-nowak\\\/#author\",\"url\":\"https:\\\/\\\/www.skalnik.pl\\\/blog\\\/author\\\/marcin-nowak\\\/\",\"name\":\"Marcin Nowak\",\"image\":{\"@type\":\"ImageObject\",\"@id\":\"https:\\\/\\\/www.skalnik.pl\\\/blog\\\/plecak-turystyczny-jak-dobrac-litraz\\\/#authorImage\",\"url\":\"https:\\\/\\\/secure.gravatar.com\\\/avatar\\\/f73628a26381dc449e848c17fc0bed5da595b192c42ec3df1b8c321ba4534014?s=96&d=mm&r=g\",\"width\":96,\"height\":96,\"caption\":\"Marcin Nowak\"}},{\"@type\":\"WebPage\",\"@id\":\"https:\\\/\\\/www.skalnik.pl\\\/blog\\\/plecak-turystyczny-jak-dobrac-litraz\\\/#webpage\",\"url\":\"https:\\\/\\\/www.skalnik.pl\\\/blog\\\/plecak-turystyczny-jak-dobrac-litraz\\\/\",\"name\":\"Plecak turystyczny \\u2013 jak dobra\\u0107 litra\\u017c - blog Skalnik\",\"description\":\"Plecaki turystyczne r\\u00f3\\u017cni\\u0105 si\\u0119 litra\\u017cem. To ile litr\\u00f3w ma mie\\u0107 plecak zale\\u017cy od d\\u0142ugo\\u015bci wycieczki, pory roku i stylu twoich dzia\\u0142a\\u0144 w g\\u00f3rach. Zobacz nasz\\u0105 porad\\u0119!\",\"inLanguage\":\"pl-PL\",\"isPartOf\":{\"@id\":\"https:\\\/\\\/www.skalnik.pl\\\/blog\\\/#website\"},\"breadcrumb\":{\"@id\":\"https:\\\/\\\/www.skalnik.pl\\\/blog\\\/plecak-turystyczny-jak-dobrac-litraz\\\/#breadcrumblist\"},\"author\":{\"@id\":\"https:\\\/\\\/www.skalnik.pl\\\/blog\\\/author\\\/marcin-nowak\\\/#author\"},\"creator\":{\"@id\":\"https:\\\/\\\/www.skalnik.pl\\\/blog\\\/author\\\/marcin-nowak\\\/#author\"},\"image\":{\"@type\":\"ImageObject\",\"url\":\"https:\\\/\\\/www.skalnik.pl\\\/blog\\\/wp-content\\\/uploads\\\/2020\\\/01\\\/okladka_plecaki_litraz.jpg\",\"@id\":\"https:\\\/\\\/www.skalnik.pl\\\/blog\\\/plecak-turystyczny-jak-dobrac-litraz\\\/#mainImage\",\"width\":1920,\"height\":705},\"primaryImageOfPage\":{\"@id\":\"https:\\\/\\\/www.skalnik.pl\\\/blog\\\/plecak-turystyczny-jak-dobrac-litraz\\\/#mainImage\"},\"datePublished\":\"2020-01-30T11:22:12+02:00\",\"dateModified\":\"2020-02-21T11:25:36+02:00\"},{\"@type\":\"WebSite\",\"@id\":\"https:\\\/\\\/www.skalnik.pl\\\/blog\\\/#website\",\"url\":\"https:\\\/\\\/www.skalnik.pl\\\/blog\\\/\",\"name\":\"blog Skalnik\",\"description\":\"Blog, porady, artyku\\u0142y - blog Skalnik\",\"inLanguage\":\"pl-PL\",\"publisher\":{\"@id\":\"https:\\\/\\\/www.skalnik.pl\\\/blog\\\/#organization\"}}]}\n\t\t<\/script>\n\t\t<!-- All in One SEO -->\n\n","aioseo_head_json":{"title":"Plecak turystyczny \u2013 jak dobra\u0107 litra\u017c - blog Skalnik","description":"Plecaki turystyczne r\u00f3\u017cni\u0105 si\u0119 litra\u017cem. To ile litr\u00f3w ma mie\u0107 plecak zale\u017cy od d\u0142ugo\u015bci wycieczki, pory roku i stylu twoich dzia\u0142a\u0144 w g\u00f3rach. Zobacz nasz\u0105 porad\u0119!","canonical_url":"https:\/\/www.skalnik.pl\/blog\/plecak-turystyczny-jak-dobrac-litraz\/","robots":"max-image-preview:large","keywords":"","webmasterTools":{"miscellaneous":""},"schema":{"@context":"https:\/\/schema.org","@graph":[{"@type":"BlogPosting","@id":"https:\/\/www.skalnik.pl\/blog\/plecak-turystyczny-jak-dobrac-litraz\/#blogposting","name":"Plecak turystyczny \u2013 jak dobra\u0107 litra\u017c - blog Skalnik","headline":"Plecak turystyczny &#8211; jak dobra\u0107 litra\u017c","author":{"@id":"https:\/\/www.skalnik.pl\/blog\/author\/marcin-nowak\/#author"},"publisher":{"@id":"https:\/\/www.skalnik.pl\/blog\/#organization"},"image":{"@type":"ImageObject","url":"https:\/\/www.skalnik.pl\/blog\/wp-content\/uploads\/2020\/01\/okladka_plecaki_litraz.jpg","width":1920,"height":705},"datePublished":"2020-01-30T11:22:12+02:00","dateModified":"2020-02-21T11:25:36+02:00","inLanguage":"pl-PL","mainEntityOfPage":{"@id":"https:\/\/www.skalnik.pl\/blog\/plecak-turystyczny-jak-dobrac-litraz\/#webpage"},"isPartOf":{"@id":"https:\/\/www.skalnik.pl\/blog\/plecak-turystyczny-jak-dobrac-litraz\/#webpage"},"articleSection":"Porady, deuter, plecaki, trekking"},{"@type":"BreadcrumbList","@id":"https:\/\/www.skalnik.pl\/blog\/plecak-turystyczny-jak-dobrac-litraz\/#breadcrumblist","itemListElement":[{"@type":"ListItem","@id":"https:\/\/www.skalnik.pl\/blog#listItem","position":1,"name":"Home","item":"https:\/\/www.skalnik.pl\/blog","nextItem":{"@type":"ListItem","@id":"https:\/\/www.skalnik.pl\/blog\/.\/porady\/#listItem","name":"Porady"}},{"@type":"ListItem","@id":"https:\/\/www.skalnik.pl\/blog\/.\/porady\/#listItem","position":2,"name":"Porady","item":"https:\/\/www.skalnik.pl\/blog\/.\/porady\/","nextItem":{"@type":"ListItem","@id":"https:\/\/www.skalnik.pl\/blog\/plecak-turystyczny-jak-dobrac-litraz\/#listItem","name":"Plecak turystyczny &#8211; jak dobra\u0107 litra\u017c"},"previousItem":{"@type":"ListItem","@id":"https:\/\/www.skalnik.pl\/blog#listItem","name":"Home"}},{"@type":"ListItem","@id":"https:\/\/www.skalnik.pl\/blog\/plecak-turystyczny-jak-dobrac-litraz\/#listItem","position":3,"name":"Plecak turystyczny &#8211; jak dobra\u0107 litra\u017c","previousItem":{"@type":"ListItem","@id":"https:\/\/www.skalnik.pl\/blog\/.\/porady\/#listItem","name":"Porady"}}]},{"@type":"Organization","@id":"https:\/\/www.skalnik.pl\/blog\/#organization","name":"blog Skalnik","description":"Blog, porady, artyku\u0142y - blog Skalnik","url":"https:\/\/www.skalnik.pl\/blog\/"},{"@type":"Person","@id":"https:\/\/www.skalnik.pl\/blog\/author\/marcin-nowak\/#author","url":"https:\/\/www.skalnik.pl\/blog\/author\/marcin-nowak\/","name":"Marcin Nowak","image":{"@type":"ImageObject","@id":"https:\/\/www.skalnik.pl\/blog\/plecak-turystyczny-jak-dobrac-litraz\/#authorImage","url":"https:\/\/secure.gravatar.com\/avatar\/f73628a26381dc449e848c17fc0bed5da595b192c42ec3df1b8c321ba4534014?s=96&d=mm&r=g","width":96,"height":96,"caption":"Marcin Nowak"}},{"@type":"WebPage","@id":"https:\/\/www.skalnik.pl\/blog\/plecak-turystyczny-jak-dobrac-litraz\/#webpage","url":"https:\/\/www.skalnik.pl\/blog\/plecak-turystyczny-jak-dobrac-litraz\/","name":"Plecak turystyczny \u2013 jak dobra\u0107 litra\u017c - blog Skalnik","description":"Plecaki turystyczne r\u00f3\u017cni\u0105 si\u0119 litra\u017cem. To ile litr\u00f3w ma mie\u0107 plecak zale\u017cy od d\u0142ugo\u015bci wycieczki, pory roku i stylu twoich dzia\u0142a\u0144 w g\u00f3rach. Zobacz nasz\u0105 porad\u0119!","inLanguage":"pl-PL","isPartOf":{"@id":"https:\/\/www.skalnik.pl\/blog\/#website"},"breadcrumb":{"@id":"https:\/\/www.skalnik.pl\/blog\/plecak-turystyczny-jak-dobrac-litraz\/#breadcrumblist"},"author":{"@id":"https:\/\/www.skalnik.pl\/blog\/author\/marcin-nowak\/#author"},"creator":{"@id":"https:\/\/www.skalnik.pl\/blog\/author\/marcin-nowak\/#author"},"image":{"@type":"ImageObject","url":"https:\/\/www.skalnik.pl\/blog\/wp-content\/uploads\/2020\/01\/okladka_plecaki_litraz.jpg","@id":"https:\/\/www.skalnik.pl\/blog\/plecak-turystyczny-jak-dobrac-litraz\/#mainImage","width":1920,"height":705},"primaryImageOfPage":{"@id":"https:\/\/www.skalnik.pl\/blog\/plecak-turystyczny-jak-dobrac-litraz\/#mainImage"},"datePublished":"2020-01-30T11:22:12+02:00","dateModified":"2020-02-21T11:25:36+02:00"},{"@type":"WebSite","@id":"https:\/\/www.skalnik.pl\/blog\/#website","url":"https:\/\/www.skalnik.pl\/blog\/","name":"blog Skalnik","description":"Blog, porady, artyku\u0142y - blog Skalnik","inLanguage":"pl-PL","publisher":{"@id":"https:\/\/www.skalnik.pl\/blog\/#organization"}}]},"og:locale":"pl_PL","og:site_name":"blog Skalnik - Blog, porady, artyku\u0142y - blog Skalnik","og:type":"article","og:title":"Plecak turystyczny \u2013 jak dobra\u0107 litra\u017c - blog Skalnik","og:description":"Plecaki turystyczne r\u00f3\u017cni\u0105 si\u0119 litra\u017cem. To ile litr\u00f3w ma mie\u0107 plecak zale\u017cy od d\u0142ugo\u015bci wycieczki, pory roku i stylu twoich dzia\u0142a\u0144 w g\u00f3rach. Zobacz nasz\u0105 porad\u0119!","og:url":"https:\/\/www.skalnik.pl\/blog\/plecak-turystyczny-jak-dobrac-litraz\/","og:image":"https:\/\/skalnik.pl\/blog\/wp-content\/uploads\/2020\/01\/DM_STLABS_Speed-Hiking-Colorado_240818_10207.jpg","og:image:secure_url":"https:\/\/skalnik.pl\/blog\/wp-content\/uploads\/2020\/01\/DM_STLABS_Speed-Hiking-Colorado_240818_10207.jpg","article:tag":["porady","deuter","plecaki","trekking"],"article:published_time":"2020-01-30T10:22:12+00:00","article:modified_time":"2020-02-21T10:25:36+00:00","twitter:card":"summary_large_image","twitter:title":"Plecak turystyczny \u2013 jak dobra\u0107 litra\u017c - blog Skalnik","twitter:description":"Plecaki turystyczne r\u00f3\u017cni\u0105 si\u0119 litra\u017cem. To ile litr\u00f3w ma mie\u0107 plecak zale\u017cy od d\u0142ugo\u015bci wycieczki, pory roku i stylu twoich dzia\u0142a\u0144 w g\u00f3rach. Zobacz nasz\u0105 porad\u0119!","twitter:image":"https:\/\/skalnik.pl\/blog\/wp-content\/uploads\/2020\/01\/DM_STLABS_Speed-Hiking-Colorado_240818_10207.jpg"},"aioseo_meta_data":{"post_id":"11115","title":null,"description":"Plecaki turystyczne r\u00f3\u017cni\u0105 si\u0119 litra\u017cem. To ile litr\u00f3w ma mie\u0107 plecak zale\u017cy od d\u0142ugo\u015bci wycieczki, pory roku i stylu twoich dzia\u0142a\u0144 w g\u00f3rach. Zobacz nasz\u0105 porad\u0119!","keywords":[{"label":"plecaki","value":"plecaki"},{"label":"plecak turystyczny","value":"plecak turystyczny"},{"label":"plecak trekkingowy","value":"plecak trekkingowy"},{"label":"plecak 40l","value":"plecak 40l"},{"label":"plecak 30l","value":"plecak 30l"}],"keyphrases":null,"primary_term":null,"canonical_url":null,"og_title":null,"og_description":null,"og_object_type":"default","og_image_type":"default","og_image_url":null,"og_image_width":null,"og_image_height":null,"og_image_custom_url":null,"og_image_custom_fields":null,"og_video":null,"og_custom_url":null,"og_article_section":null,"og_article_tags":null,"twitter_use_og":false,"twitter_card":"default","twitter_image_type":"default","twitter_image_url":null,"twitter_image_custom_url":null,"twitter_image_custom_fields":null,"twitter_title":null,"twitter_description":null,"schema":{"blockGraphs":[],"customGraphs":[],"default":{"data":{"Article":[],"Course":[],"Dataset":[],"FAQPage":[],"Movie":[],"Person":[],"Product":[],"ProductReview":[],"Car":[],"Recipe":[],"Service":[],"SoftwareApplication":[],"WebPage":[]},"graphName":"BlogPosting","isEnabled":true},"graphs":[]},"schema_type":"default","schema_type_options":null,"pillar_content":false,"robots_default":true,"robots_noindex":false,"robots_noarchive":false,"robots_nosnippet":false,"robots_nofollow":false,"robots_noimageindex":false,"robots_noodp":false,"robots_notranslate":false,"robots_max_snippet":null,"robots_max_videopreview":null,"robots_max_imagepreview":"large","priority":null,"frequency":null,"local_seo":null,"breadcrumb_settings":null,"limit_modified_date":false,"ai":null,"created":"2022-08-26 09:46:24","updated":"2026-02-17 21:46:19","seo_analyzer_scan_date":null},"aioseo_breadcrumb":"<div class=\"aioseo-breadcrumbs\"><span class=\"aioseo-breadcrumb\">\n\t\t\t<a href=\"https:\/\/www.skalnik.pl\/blog\" title=\"Home\">Home<\/a>\n\t\t<\/span><span class=\"aioseo-breadcrumb-separator\">&raquo;<\/span><span class=\"aioseo-breadcrumb\">\n\t\t\t<a href=\"https:\/\/www.skalnik.pl\/blog\/.\/porady\/\" title=\"Porady\">Porady<\/a>\n\t\t<\/span><span class=\"aioseo-breadcrumb-separator\">&raquo;<\/span><span class=\"aioseo-breadcrumb\">\n\t\t\tPlecak turystyczny \u2013 jak dobra\u0107 litra\u017c\n\t\t<\/span><\/div>","aioseo_breadcrumb_json":[{"label":"Home","link":"https:\/\/www.skalnik.pl\/blog"},{"label":"Porady","link":"https:\/\/www.skalnik.pl\/blog\/.\/porady\/"},{"label":"Plecak turystyczny &#8211; jak dobra\u0107 litra\u017c","link":"https:\/\/www.skalnik.pl\/blog\/plecak-turystyczny-jak-dobrac-litraz\/"}],"_links":{"self":[{"href":"https:\/\/www.skalnik.pl\/blog\/wp-json\/wp\/v2\/posts\/11115","targetHints":{"allow":["GET"]}}],"collection":[{"href":"https:\/\/www.skalnik.pl\/blog\/wp-json\/wp\/v2\/posts"}],"about":[{"href":"https:\/\/www.skalnik.pl\/blog\/wp-json\/wp\/v2\/types\/post"}],"author":[{"embeddable":true,"href":"https:\/\/www.skalnik.pl\/blog\/wp-json\/wp\/v2\/users\/15"}],"replies":[{"embeddable":true,"href":"https:\/\/www.skalnik.pl\/blog\/wp-json\/wp\/v2\/comments?post=11115"}],"version-history":[{"count":14,"href":"https:\/\/www.skalnik.pl\/blog\/wp-json\/wp\/v2\/posts\/11115\/revisions"}],"predecessor-version":[{"id":11402,"href":"https:\/\/www.skalnik.pl\/blog\/wp-json\/wp\/v2\/posts\/11115\/revisions\/11402"}],"wp:featuredmedia":[{"embeddable":true,"href":"https:\/\/www.skalnik.pl\/blog\/wp-json\/wp\/v2\/media\/11121"}],"wp:attachment":[{"href":"https:\/\/www.skalnik.pl\/blog\/wp-json\/wp\/v2\/media?parent=11115"}],"wp:term":[{"taxonomy":"category","embeddable":true,"href":"https:\/\/www.skalnik.pl\/blog\/wp-json\/wp\/v2\/categories?post=11115"},{"taxonomy":"post_tag","embeddable":true,"href":"https:\/\/www.skalnik.pl\/blog\/wp-json\/wp\/v2\/tags?post=11115"},{"taxonomy":"magento_category","embeddable":true,"href":"https:\/\/www.skalnik.pl\/blog\/wp-json\/wp\/v2\/magento_category?post=11115"},{"taxonomy":"magento_product","embeddable":true,"href":"https:\/\/www.skalnik.pl\/blog\/wp-json\/wp\/v2\/magento_product?post=11115"}],"curies":[{"name":"wp","href":"https:\/\/api.w.org\/{rel}","templated":true}]}}