{"id":11157,"date":"2020-01-31T10:30:49","date_gmt":"2020-01-31T09:30:49","guid":{"rendered":"https:\/\/skalnik.pl\/blog\/?p=11157"},"modified":"2020-02-05T08:50:34","modified_gmt":"2020-02-05T07:50:34","slug":"staram-sie-zeby-kazda-moja-wyprawa-byla-w-pewnym-sensie-wyprawa-zycia-wywiad-z-jakubem-rybickim","status":"publish","type":"post","link":"https:\/\/www.skalnik.pl\/blog\/staram-sie-zeby-kazda-moja-wyprawa-byla-w-pewnym-sensie-wyprawa-zycia-wywiad-z-jakubem-rybickim\/","title":{"rendered":"Staram si\u0119, \u017ceby ka\u017cda moja wyprawa by\u0142a w pewnym sensie wypraw\u0105 \u017cycia &#8211; wywiad z Jakubem Rybickim"},"content":{"rendered":"\n<p><strong>D\u0142ugodystansowe szlaki rowerowe to dla niego prowokacja do podj\u0119cia wyzwania. Woli zdecydowanie je\u017adzi\u0107 wtedy, gdy nied\u017awiedzie ju\u017c zimuj\u0105, bo upa\u0142 go m\u0119czy na rowerze. Pewnie dlatego zdecydowa\u0142 si\u0119 przejecha\u0107 zamarzni\u0119ty Bajka\u0142 i zrobi\u0107 ponad 500 km przez Grenlandi\u0119. Ponadto fotograf i mi\u0142o\u015bnik kraj\u00f3w by\u0142ego Zwi\u0105zku Radzieckiego oraz Bliskiego Wschodu &#8211; o swoich podr\u00f3\u017cach opowiada nam Jakub Rybicki.<\/strong><br>&nbsp;<\/p>\n\n\n\n<p><strong>Mo\u017ce zaczniemy od tego, co naj\u015bwie\u017csze. Jaka by\u0142a Twoja ostatnia wycieczka rowerowa?<\/strong><\/p>\n\n\n\n<p>W tym roku by\u0142em w Stanach Zjednoczonych z \u017con\u0105 na szlaku Great Divide Mountain Bike Trail. Przejechali\u015bmy ca\u0142e Stany i kawa\u0142eczek Kanady, czyli jakie\u015b 4500 km.<br>&nbsp;<\/p>\n\n\n\n<p><strong>Du\u017cy dystans. Ile Wam to czasu zaj\u0119\u0142o?<\/strong><\/p>\n\n\n\n<p>54 dni.<br>&nbsp;<\/p>\n\n\n\n<p><strong>Codziennej jazdy? Przez 54 dni?<\/strong><\/p>\n\n\n\n<p>Tak. Mieli\u015bmy w sumie chyba 3 dni restu. To w zasadzie moja najciekawsza wycieczka rowerowa z ostatniego roku. Jeszcze w zimie byli\u015bmy z Paw\u0142em Wichrem w Szwecji na szlaku Kungsleden (\u201cKr\u00f3lewski Szlak\u201d przez Laponi\u0119 &#8211; przyp. red.), ale to by\u0142 kr\u00f3tki wyjazd. Przejechali\u015bmy raptem troch\u0119 ponad 100 kilometr\u00f3w, ale zaj\u0119\u0142o nam to 5 dni, bo warunki by\u0142y bardzo trudne, mieli\u015bmy trzydniow\u0105 zamie\u0107, szlak jest g\u00f3rzysty, przechodzi m. in. w okolicach najwy\u017cszej g\u00f3ry Szwecji.<br>&nbsp;<\/p>\n\n\n\n<p><strong>Sk\u0105d u Ciebie taka pasja do tych rowerowych wyjazd\u00f3w?<\/strong><\/p>\n\n\n\n<p>Hmm. Dawno temu mia\u0142em dosy\u0107 powa\u017cny wypadek. Mia\u0142em z\u0142amany kr\u0119gos\u0142up, a wcze\u015bniej, przed wypadkiem, my\u015bla\u0142em, \u017ce fajnie by by\u0142o zrealizowa\u0107 taki wyjazd rowerowy np. po Mazurach. Wtedy turystyka rowerowa w Polsce nie by\u0142a jeszcze zbytnio rozpowszechniona. Po wypadku odkry\u0142em, \u017ce taka aktywno\u015b\u0107 jest fajn\u0105 form\u0105 rehabilitacji i przede wszystkim pozytywnie wp\u0142ywa na umys\u0142. St\u0105d si\u0119 zrodzi\u0142 pomys\u0142 pierwszej wycieczki do Estonii. To by\u0142o jakie\u015b 1600 km. Spodoba\u0142o mi si\u0119, bo te 3 tygodnie jazdy bardzo du\u017co mi da\u0142y, nabra\u0142em spokoju i inaczej spojrza\u0142em na problemy.<br>&nbsp;<\/p>\n\n\n\n<p><strong>I nie by\u0142o \u017cadnych przeciwskaza\u0144, \u017ceby po powa\u017cnym urazie kr\u0119gos\u0142upa wybra\u0107 si\u0119 na taki wyjazd?<\/strong><\/p>\n\n\n\n<p>W\u0142a\u015bnie okaza\u0142o si\u0119, \u017ce tak jak dotychczas bola\u0142y mnie plecy, szyja, to po rowerze zacz\u0119\u0142y mnie bole\u0107 zupe\u0142nie inne cz\u0119\u015bci cia\u0142a. Te\u017c s\u0142ucha\u0142em swojego cia\u0142a i dzia\u0142a\u0142em tyle, na ile organizm mi pozwala\u0142.&nbsp;<br>&nbsp;<\/p>\n\n\n\n<div class=\"wp-block-image\"><figure class=\"aligncenter size-large\"><img loading=\"lazy\" decoding=\"async\" width=\"1024\" height=\"684\" src=\"https:\/\/skalnik.pl\/blog\/wp-content\/uploads\/2020\/01\/rybicki-bajkal.jpg\" alt=\"Jakub Rybicki podczas zimowej wyprawy na Bajka\u0142.\" class=\"wp-image-11169\" srcset=\"https:\/\/www.skalnik.pl\/blog\/wp-content\/uploads\/2020\/01\/rybicki-bajkal.jpg 1024w, https:\/\/www.skalnik.pl\/blog\/wp-content\/uploads\/2020\/01\/rybicki-bajkal-300x200.jpg 300w, https:\/\/www.skalnik.pl\/blog\/wp-content\/uploads\/2020\/01\/rybicki-bajkal-768x513.jpg 768w\" sizes=\"auto, (max-width: 1024px) 100vw, 1024px\" \/><figcaption><em>Zim\u0105 mo\u017cna przejecha\u0107 przez zamarzni\u0119ty Bajka\u0142 po grubej tafli lodu (fot. Jakub Rybicki).<\/em><\/figcaption><\/figure><\/div>\n\n\n\n<p><strong>Co by\u0142o dalej? Od razu kolejny pomys\u0142 na wypraw\u0119?<\/strong><\/p>\n\n\n\n<p>Dalej to ju\u017c posz\u0142o z g\u00f3rki. Jak tylko odkry\u0142em, \u017ce to jest fajne, to by\u0142a kolejna wycieczka i kolejna wycieczka\u2026<br>&nbsp;<\/p>\n\n\n\n<p><strong>Kiedy przyszed\u0142 Ci do g\u0142owy pomys\u0142, by spr\u00f3bowa\u0107 jazdy rowerowej w zimowych warunkach?<\/strong><\/p>\n\n\n\n<p>W 2009 roku pojechali\u015bmy z Paw\u0142em Wichrem w wakacje do Aten. To by\u0142a jego w og\u00f3le pierwsza wycieczka za miasto rowerem. Jako studenci mogli\u015bmy sobie pozwoli\u0107 na realizacj\u0119 takiego spontanicznego pomys\u0142u.&nbsp; Na Ba\u0142kanach trafili\u015bmy na lato stulecia, temperatury przekracza\u0142y 40\u00b0C. Musieli\u015bmy bardzo wcze\u015bnie wstawa\u0107, \u017ceby cokolwiek przejecha\u0107 w ci\u0105gu dnia, zanim zrobi si\u0119 gor\u0105co. \u015arednio nam si\u0119 takie warunki podoba\u0142y i stwierdzili\u015bmy, \u017ce w ciep\u0142e kraje wi\u0119cej nie jedziemy. Dlatego kolejnym pomys\u0142em by\u0142 wyjazd za ko\u0142o podbiegunowe do Murma\u0144ska. Ale jednak latem, wi\u0119c przeszkadza\u0142y nam meszki i biegaj\u0105ce po lasach nied\u017awiedzie.&nbsp;<br>&nbsp;<\/p>\n\n\n\n<p><strong>I przysz\u0142a kolej na\u2026<\/strong><br>Kolejnym etapem by\u0142a Syberia i od tamtego czasu staramy si\u0119 je\u017adzi\u0107 regularnie na zimowe wyprawy rowerowe. Idealnie by\u0142oby co roku.<br>&nbsp;<\/p>\n\n\n\n<p><strong>Bardziej Ci si\u0119 zima podoba na takich wyjazdach?<\/strong><\/p>\n\n\n\n<p>Zima jest inna, ale estetycznie te\u017c bardziej mi si\u0119 podoba.<br>&nbsp;<\/p>\n\n\n\n<p><strong>Co powiesz o warunkach, w jakich podr\u00f3\u017cujesz, bo jednak inna zima jest w Polsce, a inna na Grenlandii czy Bajkale\u2026<\/strong><\/p>\n\n\n\n<p>Bywa nieprzyjemnie rano, jak si\u0119 budzisz i musisz wyj\u015b\u0107 z ciep\u0142ego \u015bpiworka. Wtedy jest \u017ale, ale to chyba najwi\u0119ksza niedogodno\u015b\u0107 z tego wszystkiego. Niefajne te\u017c bywaj\u0105 zamiecie, ale z drugiej strony lepsza jest taka zamie\u0107 przy -20\u00b0C ni\u017c deszcz przy niskiej temperaturze plusowej.<br>&nbsp;<\/p>\n\n\n\n<div class=\"wp-block-image\"><figure class=\"aligncenter size-large\"><img loading=\"lazy\" decoding=\"async\" width=\"1024\" height=\"684\" src=\"https:\/\/skalnik.pl\/blog\/wp-content\/uploads\/2020\/01\/rybicki-grenlandia.jpg\" alt=\"Jakub Rybicki rowerem przez Grenalndi\u0119.\" class=\"wp-image-11173\" srcset=\"https:\/\/www.skalnik.pl\/blog\/wp-content\/uploads\/2020\/01\/rybicki-grenlandia.jpg 1024w, https:\/\/www.skalnik.pl\/blog\/wp-content\/uploads\/2020\/01\/rybicki-grenlandia-300x200.jpg 300w, https:\/\/www.skalnik.pl\/blog\/wp-content\/uploads\/2020\/01\/rybicki-grenlandia-768x513.jpg 768w\" sizes=\"auto, (max-width: 1024px) 100vw, 1024px\" \/><figcaption><em>Przejechanie rowerem przez Grenlandi\u0119 wymaga dobrego przygotowania (fot. J. Rybicki).<\/em><\/figcaption><\/figure><\/div>\n\n\n\n<p><strong>Dla wielu os\u00f3b mo\u017ce to brzmie\u0107 dosy\u0107 abstrakcyjnie<\/strong><\/p>\n\n\n\n<p>Tak, to jest abstrakcyjne. Zw\u0142aszcza u nas w Polsce, gdzie kraj jest w wi\u0119kszo\u015bci nizinny, rzadko spotykamy si\u0119 z tak srogimi warunkami. Jak pojedziesz w taki rejon, to nagle zaczynasz rozumie\u0107, \u017ce tak naprawd\u0119 du\u017co gorsza jest letnia burza w g\u00f3rach ni\u017c zamie\u0107 na takim wyje\u017adzie, kt\u00f3r\u0105 mo\u017cna zazwyczaj przewidzie\u0107.<br>&nbsp;<\/p>\n\n\n\n<p><strong>Wycieczka rowerowa zim\u0105 mo\u017ce by\u0107 dla ka\u017cdego?<\/strong><\/p>\n\n\n\n<p>Przede wszystkim trzeba mie\u0107 troch\u0119 do\u015bwiadczenia i zna\u0107 swoje mo\u017cliwo\u015bci. Na przyk\u0142adzie mojego wyjazdu na Grenlandi\u0119, nie poleca\u0142bym od razu jecha\u0107 tam zim\u0105, bo na takiej wyprawie nie ma mo\u017cliwo\u015bci uzyskania pomocy, gdyby si\u0119 co\u015b sta\u0142o. Fajnie zacz\u0105\u0107 od \u0142atwiejszych cel\u00f3w, a dopiero po nabraniu do\u015bwiadczenia porywa\u0107 si\u0119 na co\u015b takiego.<br>&nbsp;<\/p>\n\n\n\n<p><strong>Jak wygl\u0105daj\u0105 koszty Twoich wyjazd\u00f3w?<\/strong><\/p>\n\n\n\n<p>Koszty to przede wszystkim transport. Akurat w przypadku Grenlandii to by\u0142o 3500 z\u0142 w dwie strony z Kopenhagi do naszego docelowego lotniska. Mogliby\u015bmy polecie\u0107 dalej na p\u00f3\u0142noc, ale koszt wtedy by wzr\u00f3s\u0142 ponad dwukrotnie. Drug\u0105 kwesti\u0105 finansow\u0105 jest sprz\u0119t i tu nie mo\u017cesz sobie pozwoli\u0107 na wyb\u00f3r najta\u0144szych opcji, bo jednak od tego zale\u017cy Twoje \u017cycie. Po <a href=\"https:\/\/skalnik.pl\/sprzet-turystyczny\/namioty\" target=\"_blank\" rel=\"noopener noreferrer\">namiot<\/a>, zimowy \u015bpiw\u00f3r, kurtk\u0119 puchow\u0105, hardshell lepiej si\u0119 uda\u0107 do sklepu specjalistycznego. Z drugiej strony sprz\u0119t te\u017c gromadzisz i raz kupiony pozostaje z tob\u0105 na jaki\u015b czas.<br>&nbsp;<\/p>\n\n\n\n<p><strong>Co do sprz\u0119tu to na Grenlandi\u0119 musieli\u015bcie si\u0119 wyposa\u017cy\u0107 w specjalne rowery &#8211; fatbike (rower terenowy z bardzo szerokimi oponami &#8211; przyp. red.). Dlaczego?<\/strong><\/p>\n\n\n\n<p>Grenlandia jest g\u00f3rzysta, je\u017adzi si\u0119 tam te\u017c po jeziorach i do tego jest sporo \u015bniegu, wi\u0119c zwyk\u0142ym rowerem nikt nie jest w stanie tego pokona\u0107. Ludzie zacz\u0119li to robi\u0107 dopiero, jak si\u0119 pojawi\u0142y fatbajki. My nie kupowali\u015bmy ich specjalnie na wyjazd. Wypo\u017cyczyli\u015bmy je w Polsce. Z kolei jak si\u0119 wybierali\u015bmy na Kungsleden, to wypo\u017cyczali\u015bmy fatbajki w Finlandii. Nie kupowali\u015bmy ich, bo taki rower w mie\u015bcie nie jest potrzebny. On tylko fajnie wygl\u0105da, ale po\u017cytku z niego na co dzie\u0144 nie ma.<br>&nbsp;<\/p>\n\n\n\n<p><strong>Pocz\u0105tkowo na Grenlandi\u0119 mieli\u015bcie inny plan. Chcieli\u015bcie jecha\u0107 wybrze\u017cem, ale okaza\u0142o si\u0119, \u017ce ono ju\u017c nie zamarza. Czy dostrzegasz takie zmiany klimatyczne w swoich podr\u00f3\u017cach? Jak postrzegasz to, co si\u0119 m\u00f3wi na ten temat?<\/strong><\/p>\n\n\n\n<p>Dostrzegam. Gdzie nie pojad\u0119, to stykam si\u0119 z tym, \u017ce jest inaczej ni\u017c by\u0142o. Np. w 2016 r. wspinali\u015bmy si\u0119 w Himalajach i monsun si\u0119 nie sko\u0144czy\u0142 do po\u0142owy pa\u017adziernika. Codziennie wali\u0142 \u015bnieg i nie by\u0142o ko\u0144ca z\u0142ej pogody, kt\u00f3ra tam powinna by\u0107 cykliczna. W tym samym roku, co na Grenlandii, by\u0142em te\u017c na Kubie, gdy by\u0142a pogoda deszczowa, kt\u00f3rej te\u017c nie powinno wtedy by\u0107, ale s\u0105 zaburzone wszystkie cykle oceaniczne. Ju\u017c pomijaj\u0105c regularne wysychanie zbiornik\u00f3w wodnych. Wi\u0119c &#8211; tak, widz\u0119 to wsz\u0119dzie, natomiast na Grenlandii to by\u0142o widoczne du\u017co bardziej. Tam temperatura podnosi si\u0119 dwa razy szybciej ni\u017c w innych cz\u0119\u015bciach planety. Mo\u017cna powiedzie\u0107, \u017ce Arktyka jest takim barometrem reszty \u015bwiata.<br>&nbsp;<\/p>\n\n\n\n<div class=\"wp-block-image\"><figure class=\"aligncenter size-large\"><img loading=\"lazy\" decoding=\"async\" width=\"1024\" height=\"684\" src=\"https:\/\/skalnik.pl\/blog\/wp-content\/uploads\/2020\/01\/zima-rybicki.jpg\" alt=\"\" class=\"wp-image-11174\" srcset=\"https:\/\/www.skalnik.pl\/blog\/wp-content\/uploads\/2020\/01\/zima-rybicki.jpg 1024w, https:\/\/www.skalnik.pl\/blog\/wp-content\/uploads\/2020\/01\/zima-rybicki-300x200.jpg 300w, https:\/\/www.skalnik.pl\/blog\/wp-content\/uploads\/2020\/01\/zima-rybicki-768x513.jpg 768w\" sizes=\"auto, (max-width: 1024px) 100vw, 1024px\" \/><figcaption><em>&#8222;Zima mi si\u0119 bardziej podoba estetycznie&#8221; -Jakub Rybicki (fot. J. Rybicki).<\/em><\/figcaption><\/figure><\/div>\n\n\n\n<p><strong>Czyli globalne ocieplenie czy jednak naturalne cykle Ziemi? <\/strong><\/p>\n\n\n\n<p>Poniewa\u017c pracuj\u0119 jako dziennikarz, zacz\u0105\u0142em zg\u0142\u0119bia\u0107 ten temat przy okazji pisania artyku\u0142\u00f3w o naszej wycieczce. Okazuje si\u0119, \u017ce jak si\u0119 prze\u015bledzi te wszystkie zale\u017cno\u015bci i fakty, to jest to proste do zrozumienia. Owszem, Ziemia przechodzi swoje naturalne cykle i teraz w\u0142a\u015bnie jeste\u015bmy w tym czasie och\u0142odzenia, kt\u00f3ry \u0142agodzi efekt cieplarniany, dzi\u0119ki czemu jest on dla nas mniejszy w skutkach. Natomiast w mediach serwuje nam si\u0119 niestety szum informacyjny, kt\u00f3ry ma za zadanie to wszystko rozwodni\u0107. Wszystkie pomiary prowadzone r\u00f3\u017cnymi metodami, ju\u017c od tak naprawd\u0119 XIX wieku, s\u0105 w tym temacie zgodne. R\u00f3wnie\u017c wszystkie licz\u0105ce si\u0119 na \u015bwiecie instytucje naukowe (w tym PAN) s\u0105 zgodne, \u017ce mamy do czynienia z globalnym ociepleniem spowodowanym przez dzia\u0142alno\u015b\u0107 cz\u0142owieka.<br>\u00a0<\/p>\n\n\n\n<p><strong>Wida\u0107 to tak\u017ce w g\u00f3rach, o kt\u00f3rych ju\u017c wspomnia\u0142e\u015b. By\u0142e\u015b uczestnikiem kilku wypraw&nbsp; mi\u0119dzy innymi na himalajski Labuche Kang, Kuksay Peak w Pamirze czy Noszak w Hindukuszu. Uwzgl\u0119dniasz jeszcze g\u00f3ry w swoich kolejnych planach?<\/strong><\/p>\n\n\n\n<p>Tak, jak najbardziej. Szczeg\u00f3lnie Labuche Kang jest bardzo ciekawym celem. To jest drugi najwy\u017cszy niezdobyty szczyt \u015bwiata i jednocze\u015bnie najwy\u017cszy mo\u017cliwy do zdobycia. Poniewa\u017c ten pierwszy znajduje si\u0119 w Bhutanie (Gangkhar Puensum &#8211; przyp. red.) i wej\u015bcie na niego jest zakazane z uwagi na wyznania lokalnej ludno\u015bci. Nam na Labuche Kang uda\u0142o si\u0119 osi\u0105gn\u0105\u0107 najwi\u0119ksz\u0105 wysoko\u015b\u0107 ze wszystkich wypraw, ale g\u00f3ra ca\u0142y czas jest niezdobyta i chcemy na ni\u0105 wej\u015b\u0107.<br>&nbsp;<\/p>\n\n\n\n<p><strong>Czego w takim razie Wam brakuje, by spr\u00f3bowa\u0107 jeszcze raz?<\/strong><\/p>\n\n\n\n<p>Najwi\u0119kszym problemem dla nas teraz s\u0105 finanse. Zbieramy ca\u0142y czas pieni\u0105dze i mam nadziej\u0119, \u017ce uda si\u0119 ten cel zrealizowa\u0107 i wr\u00f3ci\u0107 do Chin jeszcze w tym roku. Zesp\u00f3\u0142 jest, umiej\u0119tno\u015bci s\u0105, ch\u0119ci te\u017c, wi\u0119c brakuje tylko funduszy.<br>&nbsp;<\/p>\n\n\n\n<p><strong>Super, \u017ce dzia\u0142asz w g\u00f3rach i masz ambitne plany. W og\u00f3le du\u017co podr\u00f3\u017cujesz po \u015bwiecie, nie tylko rowerowo. Kt\u00f3ra z Twoich podr\u00f3\u017cy wnios\u0142a najwi\u0119cej do Twojego \u017cycia?<\/strong><\/p>\n\n\n\n<p>Staram si\u0119, \u017ceby ka\u017cda moja wyprawa by\u0142a w pewnym sensie wypraw\u0105 \u017cycia, \u017ceby prze\u017cywa\u0107 co\u015b nowego i realizowa\u0107 marzenia. Najpierw by\u0142a rowerowa wyprawa do Estonii, okaza\u0142o si\u0119, \u017ce mo\u017cna to zrealizowa\u0107 bez problemu, wi\u0119c kolejna by\u0142a Syberia, wyprawa na Noszak, kt\u00f3ra wnios\u0142a du\u017co nowych do\u015bwiadcze\u0144, p\u00f3\u017aniej przyszed\u0142 czas na Bajka\u0142 zim\u0105, Grenlandi\u0119, Himalaje. Fajnym uczuciem jest by\u0107 tam, gdzie nikogo przed tob\u0105 nie by\u0142o. Z kolei tegoroczna wycieczka rowerowa po Stanach by\u0142a najd\u0142u\u017csz\u0105 jak dotychczas rowerem, najtrudniejsz\u0105 kondycyjnie i technicznie ze wzgl\u0119du na ukszta\u0142towanie terenu.<br>&nbsp;<\/p>\n\n\n\n<p><strong>Czym si\u0119 kierujesz, planuj\u0105c kolejne wyjazdy? \u017beby by\u0142o trudniej?<\/strong><\/p>\n\n\n\n<p>Nie, w\u0142a\u015bnie nie. Wola\u0142bym, \u017ceby by\u0142o w\u0142a\u015bnie \u0142atwiej, ale jako\u015b tak si\u0119 sk\u0142ada, \u017ce wybrane cele s\u0105 coraz trudniejsze. Kieruj\u0119 si\u0119 przede wszystkim tym, \u017ceby by\u0142o \u0142adnie.<br>&nbsp;<\/p>\n\n\n\n<div class=\"wp-block-image\"><figure class=\"aligncenter size-large\"><img loading=\"lazy\" decoding=\"async\" width=\"1024\" height=\"683\" src=\"https:\/\/skalnik.pl\/blog\/wp-content\/uploads\/2020\/01\/rybicki-wicher.jpg\" alt=\"Jakub Rybicki i Pawe\u0142 Wicher podczas zimowego wyjazdu\" class=\"wp-image-11175\" srcset=\"https:\/\/www.skalnik.pl\/blog\/wp-content\/uploads\/2020\/01\/rybicki-wicher.jpg 1024w, https:\/\/www.skalnik.pl\/blog\/wp-content\/uploads\/2020\/01\/rybicki-wicher-300x200.jpg 300w, https:\/\/www.skalnik.pl\/blog\/wp-content\/uploads\/2020\/01\/rybicki-wicher-768x512.jpg 768w\" sizes=\"auto, (max-width: 1024px) 100vw, 1024px\" \/><figcaption><em>Lepiej si\u0119 podr\u00f3\u017cuje w towarzystwie. Jakub z Paw\u0142em Wichrem podczas zimowej wyprawy (fot. J. Rybicki).<\/em><\/figcaption><\/figure><\/div>\n\n\n\n<p><strong>Bo jeste\u015b te\u017c fotografem. Twoje zdj\u0119cia robi\u0105 ogromne wra\u017cenie. Wida\u0107, \u017ce si\u0119 temu po\u015bwi\u0119casz. Co liczy si\u0119 dla Ciebie bardziej, podr\u00f3\u017cowanie czy fotografia?<\/strong><\/p>\n\n\n\n<p>To jest dla mnie nieroz\u0142\u0105czne. Nie pojecha\u0142bym nigdzie bez aparatu, nie widzia\u0142bym sensu gdzie\u015b bez niego jecha\u0107.<br>&nbsp;<\/p>\n\n\n\n<p><strong>Codzienno\u015b\u0107 te\u017c lubisz uwiecznia\u0107 na zdj\u0119ciach?<\/strong><br>Fotografuj\u0119 totalnie wszystko. Nie mam w\u0142asnego studia, ale czasami zdarza mi si\u0119 wynajmowa\u0107 te\u017c studio. Zajmuj\u0119 si\u0119 ka\u017cdym rodzajem fotografii. Najlepiej czuj\u0119 si\u0119 w reporta\u017cu. To mnie najbardziej bawi i cieszy, a chyba w\u0142a\u015bnie o to w tym chodzi, \u017ceby robi\u0107 to, co sprawia przyjemno\u015b\u0107.<br>&nbsp;<\/p>\n\n\n\n<p><strong>Twoja pewnego rodzaju pasja to kraje by\u0142ego ZSRR. Kt\u00f3ry kraj by\u015b poleci\u0142 do podr\u00f3\u017cowania?<\/strong><\/p>\n\n\n\n<p>Najch\u0119tniej poleci\u0142bym wszystkie.&nbsp; Nie potrafi\u0119 wskaza\u0107 miejsca, kt\u00f3re by mi si\u0119 nie podoba\u0142o. W tych krajach panuje charakterystyczny klimat. Widoczne jest ub\u00f3stwo, posocjalistyczny ba\u0142agan, czasem brud. Niekt\u00f3rzy to uwielbiaj\u0105, tak jak ja, a inni uwa\u017caj\u0105, \u017ce jest to fatalne. W Rosji mamy ogromne bogactwo kultury i przyrody. Je\u017cd\u017c\u0119 tam od kilkunastu lat, a i tak wiem, \u017ce \u017cycia nie starczy, \u017ceby zobaczy\u0107 wszystko. Mamy blisko Ukrain\u0119, kt\u00f3ra moim zdaniem jest fantastyczna &#8211; mo\u017cna zwiedzi\u0107 Lw\u00f3w, Kij\u00f3w i tanio si\u0119 tam dosta\u0107. Jest egzotyczna Bia\u0142oru\u015b, Gruzja i Kaukaz, Armenia i ca\u0142a Azja Centralna &#8211; Uzbekistan z pi\u0119knymi miastami, Kazachstan z niepowtarzaln\u0105 przyrod\u0105 i stepami, Kirgistan z g\u00f3rami, Turkmenistan z bajkow\u0105 stolic\u0105, Tad\u017cykistan z wysokimi g\u00f3rami &#8211; m.in. popularnym Pikiem Lenina.&nbsp;<br>&nbsp;<\/p>\n\n\n\n<p><strong>Co Ci\u0119 bardziej ci\u0105gnie w tamte strony? Przyroda czy ludzie i kultura?<\/strong><\/p>\n\n\n\n<p>Wszystko mnie tam ci\u0105gnie. Te kraje s\u0105 jeszcze niezadeptane przez turystyk\u0119. Nawet najbardziej turystyczna obecnie Gruzja jest bez por\u00f3wnania mniej zadeptana w stosunku do kraj\u00f3w europejskich. Poza tym du\u017co dzikich teren\u00f3w, g\u00f3r, pusty\u0144. Tam mo\u017cna poczu\u0107 wolno\u015b\u0107, a jak zna si\u0119 j\u0119zyk rosyjski, to mo\u017cna z ka\u017cdym porozmawia\u0107 jak ze swoim. Ludzie s\u0105 bardzo \u017cyczliwi, maj\u0105 zupe\u0142nie inne nastawienie i wci\u0105\u017c nie s\u0105 zepsuci masow\u0105 turystyk\u0105. Do przyjezdnych podchodz\u0105 bardziej jak do go\u015bci ni\u017c turyst\u00f3w.<br>&nbsp;<\/p>\n\n\n\n<p><strong>Gdzie najch\u0119tniej wracasz?<\/strong><\/p>\n\n\n\n<p>To jest dla mnie akurat proste pytanie, bo takim miejscem jest Bajka\u0142, kt\u00f3re odwiedzi\u0142em kilkukrotnie i ca\u0142y czas wracanie tam sprawia mi du\u017co rado\u015bci. Rosja, do kt\u00f3rej mo\u017cna je\u017adzi\u0107 ca\u0142y czas w nowe miejsca. Wbrew pozorom te\u017c du\u017co jest miejsc w Polsce, kt\u00f3re chcia\u0142bym zobaczy\u0107, a jeszcze tam nie by\u0142em.<br>&nbsp;<\/p>\n\n\n\n<p><strong>Jak poleci\u0142by\u015b si\u0119 przygotowa\u0107 osobie, kt\u00f3ra zainspirowa\u0142a si\u0119 Twoimi historiami i chcia\u0142aby te\u017c spr\u00f3bowa\u0107 tego typu podr\u00f3\u017cy?<\/strong><\/p>\n\n\n\n<p>Poleci\u0142bym zastosowanie metody ma\u0142ych krok\u00f3w. Jak chcesz zdobywa\u0107 wysokie g\u00f3ry, to najpierw wejd\u017a na Rysy, potem pojed\u017a w Alpy, a potem my\u015bl o wy\u017cszych szczytach. Warto znale\u017a\u0107 te\u017c osoby, kt\u00f3re maj\u0105 wi\u0119ksze do\u015bwiadczenie od nas i b\u0119d\u0105 wsparciem. W og\u00f3le fajnie jest mie\u0107 towarzystwo w podr\u00f3\u017cy. Je\u015bli chodzi o rower to w Polsce mamy \u015bwietny szlak Green Velo, mo\u017cna te\u017c na pocz\u0105tek przejecha\u0107 si\u0119 wzd\u0142u\u017c Wis\u0142y. Akurat podr\u00f3\u017ce rowerowe s\u0105 dosy\u0107 \u0142atwe i w zasadzie ka\u017cdy, mierz\u0105c si\u0142y na zamiary, mo\u017ce je odby\u0107, dopasowuj\u0105c pod siebie dystans i pr\u0119dko\u015b\u0107 jazdy. My\u015bl\u0119, \u017ce ma\u0142ymi kroczkami mo\u017cna naprawd\u0119 doj\u015b\u0107 do wielkich rzeczy.&nbsp;<br>&nbsp;<\/p>\n\n\n\n<p><strong>I tego sobie i Tobie \u017cyczymy! Dzi\u0119kuj\u0119 za rozmow\u0119.<\/strong><\/p>\n\n\n\n<p><em>Rozmawia\u0142a: Angela Semczuk<\/em><\/p>\n\n\n\n<p><em>Wi\u0119cej o Jakubie Rybickim i&nbsp;jego podr\u00f3\u017cach: <\/em><a href=\"https:\/\/www.jakubrybicki.pl\/pl\/home\/\" target=\"_blank\" rel=\"nofollow, noopener noreferrer\" aria-label=\"www.jakubrybicki.pl (otwiera si\u0119 na nowej zak\u0142adce)\">www.jakubrybicki.pl<\/a><\/p>\n\n\n\n<p><em>Zobacz wywiad, w&nbsp;kt\u00f3rym pytali\u015bmy Jakuba o Grenlandi\u0119<\/em>:<\/p>\n\n\n\n<p><iframe loading=\"lazy\" src=\"https:\/\/www.youtube.com\/embed\/uqfSPxmJnvY\" width=\"800\" height=\"442\" frameborder=\"0\" allowfullscreen=\"allowfullscreen\"><\/iframe><\/p>\n","protected":false},"excerpt":{"rendered":"<p>Jak mo\u017cna przejecha\u0107 Grenlandi\u0119 zim\u0105, rowerem? Jakub Rybicki opowiada o swoich podr\u00f3\u017cach po ciekawych zak\u0105tkach \u015bwiata.<\/p>\n","protected":false},"author":28,"featured_media":11165,"comment_status":"open","ping_status":"open","sticky":false,"template":"","format":"standard","meta":{"_acf_changed":false,"footnotes":""},"categories":[220],"tags":[94,116,238,202,16],"magento_category":[],"magento_product":[],"class_list":["post-11157","post","type-post","status-publish","format-standard","has-post-thumbnail","hentry","category-wywiady","tag-inspiracje","tag-podroze","tag-rowery","tag-spotkania-z-gorami","tag-zima"],"acf":[],"aioseo_notices":[],"aioseo_head":"\n\t\t<!-- All in One SEO 4.9.10 - aioseo.com -->\n\t<meta name=\"description\" content=\"Jakub Rybicki pokocha\u0142 zimowe wyprawy... rowerem. Opowiada o tym, jak przejecha\u0142 przez Grenlandi\u0119 i zamarzni\u0119ty Bajka\u0142. Czy to mo\u017ce by\u0107 sport dla ka\u017cdego?\" \/>\n\t<meta name=\"robots\" content=\"max-image-preview:large\" \/>\n\t<meta name=\"author\" content=\"Angela Semczuk\"\/>\n\t<link rel=\"canonical\" href=\"https:\/\/www.skalnik.pl\/blog\/staram-sie-zeby-kazda-moja-wyprawa-byla-w-pewnym-sensie-wyprawa-zycia-wywiad-z-jakubem-rybickim\/\" \/>\n\t<meta name=\"generator\" content=\"All in One SEO (AIOSEO) 4.9.10\" \/>\n\t\t<meta property=\"og:locale\" content=\"pl_PL\" \/>\n\t\t<meta property=\"og:site_name\" content=\"blog Skalnik - Blog, porady, artyku\u0142y - blog Skalnik\" \/>\n\t\t<meta property=\"og:type\" content=\"article\" \/>\n\t\t<meta property=\"og:title\" content=\"Staram si\u0119, \u017ceby ka\u017cda moja wyprawa by\u0142a w pewnym sensie wypraw\u0105 \u017cycia \u2013 wywiad z Jakubem Rybickim - blog Skalnik\" \/>\n\t\t<meta property=\"og:description\" content=\"Jakub Rybicki pokocha\u0142 zimowe wyprawy... rowerem. Opowiada o tym, jak przejecha\u0142 przez Grenlandi\u0119 i zamarzni\u0119ty Bajka\u0142. Czy to mo\u017ce by\u0107 sport dla ka\u017cdego?\" \/>\n\t\t<meta property=\"og:url\" content=\"https:\/\/www.skalnik.pl\/blog\/staram-sie-zeby-kazda-moja-wyprawa-byla-w-pewnym-sensie-wyprawa-zycia-wywiad-z-jakubem-rybickim\/\" \/>\n\t\t<meta property=\"og:image\" content=\"https:\/\/skalnik.pl\/blog\/wp-content\/uploads\/2020\/01\/rybicki-bajkal.jpg\" \/>\n\t\t<meta property=\"og:image:secure_url\" content=\"https:\/\/skalnik.pl\/blog\/wp-content\/uploads\/2020\/01\/rybicki-bajkal.jpg\" \/>\n\t\t<meta property=\"article:tag\" content=\"wywiady\" \/>\n\t\t<meta property=\"article:tag\" content=\"inspiracje\" \/>\n\t\t<meta property=\"article:tag\" content=\"podr\u00f3\u017ce\" \/>\n\t\t<meta property=\"article:tag\" content=\"rowery\" \/>\n\t\t<meta property=\"article:tag\" content=\"spotkania z g\u00f3rami\" \/>\n\t\t<meta property=\"article:tag\" content=\"zima\" \/>\n\t\t<meta property=\"article:published_time\" content=\"2020-01-31T09:30:49+00:00\" \/>\n\t\t<meta property=\"article:modified_time\" content=\"2020-02-05T07:50:34+00:00\" \/>\n\t\t<meta name=\"twitter:card\" content=\"summary_large_image\" \/>\n\t\t<meta name=\"twitter:title\" content=\"Staram si\u0119, \u017ceby ka\u017cda moja wyprawa by\u0142a w pewnym sensie wypraw\u0105 \u017cycia \u2013 wywiad z Jakubem Rybickim - blog Skalnik\" \/>\n\t\t<meta name=\"twitter:description\" content=\"Jakub Rybicki pokocha\u0142 zimowe wyprawy... rowerem. Opowiada o tym, jak przejecha\u0142 przez Grenlandi\u0119 i zamarzni\u0119ty Bajka\u0142. Czy to mo\u017ce by\u0107 sport dla ka\u017cdego?\" \/>\n\t\t<meta name=\"twitter:image\" content=\"https:\/\/skalnik.pl\/blog\/wp-content\/uploads\/2020\/01\/rybicki-bajkal.jpg\" \/>\n\t\t<script type=\"application\/ld+json\" class=\"aioseo-schema\">\n\t\t\t{\"@context\":\"https:\\\/\\\/schema.org\",\"@graph\":[{\"@type\":\"BlogPosting\",\"@id\":\"https:\\\/\\\/www.skalnik.pl\\\/blog\\\/staram-sie-zeby-kazda-moja-wyprawa-byla-w-pewnym-sensie-wyprawa-zycia-wywiad-z-jakubem-rybickim\\\/#blogposting\",\"name\":\"Staram si\\u0119, \\u017ceby ka\\u017cda moja wyprawa by\\u0142a w pewnym sensie wypraw\\u0105 \\u017cycia \\u2013 wywiad z Jakubem Rybickim - blog Skalnik\",\"headline\":\"Staram si\\u0119, \\u017ceby ka\\u017cda moja wyprawa by\\u0142a w pewnym sensie wypraw\\u0105 \\u017cycia &#8211; wywiad z Jakubem Rybickim\",\"author\":{\"@id\":\"https:\\\/\\\/www.skalnik.pl\\\/blog\\\/author\\\/angela-semczuk\\\/#author\"},\"publisher\":{\"@id\":\"https:\\\/\\\/www.skalnik.pl\\\/blog\\\/#organization\"},\"image\":{\"@type\":\"ImageObject\",\"url\":\"https:\\\/\\\/www.skalnik.pl\\\/blog\\\/wp-content\\\/uploads\\\/2020\\\/01\\\/okladka-rybicki-wywiad.jpg\",\"width\":1920,\"height\":705},\"datePublished\":\"2020-01-31T10:30:49+02:00\",\"dateModified\":\"2020-02-05T08:50:34+02:00\",\"inLanguage\":\"pl-PL\",\"mainEntityOfPage\":{\"@id\":\"https:\\\/\\\/www.skalnik.pl\\\/blog\\\/staram-sie-zeby-kazda-moja-wyprawa-byla-w-pewnym-sensie-wyprawa-zycia-wywiad-z-jakubem-rybickim\\\/#webpage\"},\"isPartOf\":{\"@id\":\"https:\\\/\\\/www.skalnik.pl\\\/blog\\\/staram-sie-zeby-kazda-moja-wyprawa-byla-w-pewnym-sensie-wyprawa-zycia-wywiad-z-jakubem-rybickim\\\/#webpage\"},\"articleSection\":\"Wywiady, inspiracje, podr\\u00f3\\u017ce, rowery, spotkania z g\\u00f3rami, zima\"},{\"@type\":\"BreadcrumbList\",\"@id\":\"https:\\\/\\\/www.skalnik.pl\\\/blog\\\/staram-sie-zeby-kazda-moja-wyprawa-byla-w-pewnym-sensie-wyprawa-zycia-wywiad-z-jakubem-rybickim\\\/#breadcrumblist\",\"itemListElement\":[{\"@type\":\"ListItem\",\"@id\":\"https:\\\/\\\/www.skalnik.pl\\\/blog#listItem\",\"position\":1,\"name\":\"Home\",\"item\":\"https:\\\/\\\/www.skalnik.pl\\\/blog\",\"nextItem\":{\"@type\":\"ListItem\",\"@id\":\"https:\\\/\\\/www.skalnik.pl\\\/blog\\\/.\\\/wywiady\\\/#listItem\",\"name\":\"Wywiady\"}},{\"@type\":\"ListItem\",\"@id\":\"https:\\\/\\\/www.skalnik.pl\\\/blog\\\/.\\\/wywiady\\\/#listItem\",\"position\":2,\"name\":\"Wywiady\",\"item\":\"https:\\\/\\\/www.skalnik.pl\\\/blog\\\/.\\\/wywiady\\\/\",\"nextItem\":{\"@type\":\"ListItem\",\"@id\":\"https:\\\/\\\/www.skalnik.pl\\\/blog\\\/staram-sie-zeby-kazda-moja-wyprawa-byla-w-pewnym-sensie-wyprawa-zycia-wywiad-z-jakubem-rybickim\\\/#listItem\",\"name\":\"Staram si\\u0119, \\u017ceby ka\\u017cda moja wyprawa by\\u0142a w pewnym sensie wypraw\\u0105 \\u017cycia &#8211; wywiad z Jakubem Rybickim\"},\"previousItem\":{\"@type\":\"ListItem\",\"@id\":\"https:\\\/\\\/www.skalnik.pl\\\/blog#listItem\",\"name\":\"Home\"}},{\"@type\":\"ListItem\",\"@id\":\"https:\\\/\\\/www.skalnik.pl\\\/blog\\\/staram-sie-zeby-kazda-moja-wyprawa-byla-w-pewnym-sensie-wyprawa-zycia-wywiad-z-jakubem-rybickim\\\/#listItem\",\"position\":3,\"name\":\"Staram si\\u0119, \\u017ceby ka\\u017cda moja wyprawa by\\u0142a w pewnym sensie wypraw\\u0105 \\u017cycia &#8211; wywiad z Jakubem Rybickim\",\"previousItem\":{\"@type\":\"ListItem\",\"@id\":\"https:\\\/\\\/www.skalnik.pl\\\/blog\\\/.\\\/wywiady\\\/#listItem\",\"name\":\"Wywiady\"}}]},{\"@type\":\"Organization\",\"@id\":\"https:\\\/\\\/www.skalnik.pl\\\/blog\\\/#organization\",\"name\":\"blog Skalnik\",\"description\":\"Blog, porady, artyku\\u0142y - blog Skalnik\",\"url\":\"https:\\\/\\\/www.skalnik.pl\\\/blog\\\/\"},{\"@type\":\"Person\",\"@id\":\"https:\\\/\\\/www.skalnik.pl\\\/blog\\\/author\\\/angela-semczuk\\\/#author\",\"url\":\"https:\\\/\\\/www.skalnik.pl\\\/blog\\\/author\\\/angela-semczuk\\\/\",\"name\":\"Angela Semczuk\",\"image\":{\"@type\":\"ImageObject\",\"@id\":\"https:\\\/\\\/www.skalnik.pl\\\/blog\\\/staram-sie-zeby-kazda-moja-wyprawa-byla-w-pewnym-sensie-wyprawa-zycia-wywiad-z-jakubem-rybickim\\\/#authorImage\",\"url\":\"https:\\\/\\\/secure.gravatar.com\\\/avatar\\\/2e35895ed566f66486e308460c0caf9f9fa2f4bd643a42453eb55d7aa3584457?s=96&d=mm&r=g\",\"width\":96,\"height\":96,\"caption\":\"Angela Semczuk\"}},{\"@type\":\"WebPage\",\"@id\":\"https:\\\/\\\/www.skalnik.pl\\\/blog\\\/staram-sie-zeby-kazda-moja-wyprawa-byla-w-pewnym-sensie-wyprawa-zycia-wywiad-z-jakubem-rybickim\\\/#webpage\",\"url\":\"https:\\\/\\\/www.skalnik.pl\\\/blog\\\/staram-sie-zeby-kazda-moja-wyprawa-byla-w-pewnym-sensie-wyprawa-zycia-wywiad-z-jakubem-rybickim\\\/\",\"name\":\"Staram si\\u0119, \\u017ceby ka\\u017cda moja wyprawa by\\u0142a w pewnym sensie wypraw\\u0105 \\u017cycia \\u2013 wywiad z Jakubem Rybickim - blog Skalnik\",\"description\":\"Jakub Rybicki pokocha\\u0142 zimowe wyprawy... rowerem. Opowiada o tym, jak przejecha\\u0142 przez Grenlandi\\u0119 i zamarzni\\u0119ty Bajka\\u0142. Czy to mo\\u017ce by\\u0107 sport dla ka\\u017cdego?\",\"inLanguage\":\"pl-PL\",\"isPartOf\":{\"@id\":\"https:\\\/\\\/www.skalnik.pl\\\/blog\\\/#website\"},\"breadcrumb\":{\"@id\":\"https:\\\/\\\/www.skalnik.pl\\\/blog\\\/staram-sie-zeby-kazda-moja-wyprawa-byla-w-pewnym-sensie-wyprawa-zycia-wywiad-z-jakubem-rybickim\\\/#breadcrumblist\"},\"author\":{\"@id\":\"https:\\\/\\\/www.skalnik.pl\\\/blog\\\/author\\\/angela-semczuk\\\/#author\"},\"creator\":{\"@id\":\"https:\\\/\\\/www.skalnik.pl\\\/blog\\\/author\\\/angela-semczuk\\\/#author\"},\"image\":{\"@type\":\"ImageObject\",\"url\":\"https:\\\/\\\/www.skalnik.pl\\\/blog\\\/wp-content\\\/uploads\\\/2020\\\/01\\\/okladka-rybicki-wywiad.jpg\",\"@id\":\"https:\\\/\\\/www.skalnik.pl\\\/blog\\\/staram-sie-zeby-kazda-moja-wyprawa-byla-w-pewnym-sensie-wyprawa-zycia-wywiad-z-jakubem-rybickim\\\/#mainImage\",\"width\":1920,\"height\":705},\"primaryImageOfPage\":{\"@id\":\"https:\\\/\\\/www.skalnik.pl\\\/blog\\\/staram-sie-zeby-kazda-moja-wyprawa-byla-w-pewnym-sensie-wyprawa-zycia-wywiad-z-jakubem-rybickim\\\/#mainImage\"},\"datePublished\":\"2020-01-31T10:30:49+02:00\",\"dateModified\":\"2020-02-05T08:50:34+02:00\"},{\"@type\":\"WebSite\",\"@id\":\"https:\\\/\\\/www.skalnik.pl\\\/blog\\\/#website\",\"url\":\"https:\\\/\\\/www.skalnik.pl\\\/blog\\\/\",\"name\":\"blog Skalnik\",\"description\":\"Blog, porady, artyku\\u0142y - blog Skalnik\",\"inLanguage\":\"pl-PL\",\"publisher\":{\"@id\":\"https:\\\/\\\/www.skalnik.pl\\\/blog\\\/#organization\"}}]}\n\t\t<\/script>\n\t\t<!-- All in One SEO -->\n\n","aioseo_head_json":{"title":"Staram si\u0119, \u017ceby ka\u017cda moja wyprawa by\u0142a w pewnym sensie wypraw\u0105 \u017cycia \u2013 wywiad z Jakubem Rybickim - blog Skalnik","description":"Jakub Rybicki pokocha\u0142 zimowe wyprawy... rowerem. Opowiada o tym, jak przejecha\u0142 przez Grenlandi\u0119 i zamarzni\u0119ty Bajka\u0142. Czy to mo\u017ce by\u0107 sport dla ka\u017cdego?","canonical_url":"https:\/\/www.skalnik.pl\/blog\/staram-sie-zeby-kazda-moja-wyprawa-byla-w-pewnym-sensie-wyprawa-zycia-wywiad-z-jakubem-rybickim\/","robots":"max-image-preview:large","keywords":"","webmasterTools":{"miscellaneous":""},"schema":{"@context":"https:\/\/schema.org","@graph":[{"@type":"BlogPosting","@id":"https:\/\/www.skalnik.pl\/blog\/staram-sie-zeby-kazda-moja-wyprawa-byla-w-pewnym-sensie-wyprawa-zycia-wywiad-z-jakubem-rybickim\/#blogposting","name":"Staram si\u0119, \u017ceby ka\u017cda moja wyprawa by\u0142a w pewnym sensie wypraw\u0105 \u017cycia \u2013 wywiad z Jakubem Rybickim - blog Skalnik","headline":"Staram si\u0119, \u017ceby ka\u017cda moja wyprawa by\u0142a w pewnym sensie wypraw\u0105 \u017cycia &#8211; wywiad z Jakubem Rybickim","author":{"@id":"https:\/\/www.skalnik.pl\/blog\/author\/angela-semczuk\/#author"},"publisher":{"@id":"https:\/\/www.skalnik.pl\/blog\/#organization"},"image":{"@type":"ImageObject","url":"https:\/\/www.skalnik.pl\/blog\/wp-content\/uploads\/2020\/01\/okladka-rybicki-wywiad.jpg","width":1920,"height":705},"datePublished":"2020-01-31T10:30:49+02:00","dateModified":"2020-02-05T08:50:34+02:00","inLanguage":"pl-PL","mainEntityOfPage":{"@id":"https:\/\/www.skalnik.pl\/blog\/staram-sie-zeby-kazda-moja-wyprawa-byla-w-pewnym-sensie-wyprawa-zycia-wywiad-z-jakubem-rybickim\/#webpage"},"isPartOf":{"@id":"https:\/\/www.skalnik.pl\/blog\/staram-sie-zeby-kazda-moja-wyprawa-byla-w-pewnym-sensie-wyprawa-zycia-wywiad-z-jakubem-rybickim\/#webpage"},"articleSection":"Wywiady, inspiracje, podr\u00f3\u017ce, rowery, spotkania z g\u00f3rami, zima"},{"@type":"BreadcrumbList","@id":"https:\/\/www.skalnik.pl\/blog\/staram-sie-zeby-kazda-moja-wyprawa-byla-w-pewnym-sensie-wyprawa-zycia-wywiad-z-jakubem-rybickim\/#breadcrumblist","itemListElement":[{"@type":"ListItem","@id":"https:\/\/www.skalnik.pl\/blog#listItem","position":1,"name":"Home","item":"https:\/\/www.skalnik.pl\/blog","nextItem":{"@type":"ListItem","@id":"https:\/\/www.skalnik.pl\/blog\/.\/wywiady\/#listItem","name":"Wywiady"}},{"@type":"ListItem","@id":"https:\/\/www.skalnik.pl\/blog\/.\/wywiady\/#listItem","position":2,"name":"Wywiady","item":"https:\/\/www.skalnik.pl\/blog\/.\/wywiady\/","nextItem":{"@type":"ListItem","@id":"https:\/\/www.skalnik.pl\/blog\/staram-sie-zeby-kazda-moja-wyprawa-byla-w-pewnym-sensie-wyprawa-zycia-wywiad-z-jakubem-rybickim\/#listItem","name":"Staram si\u0119, \u017ceby ka\u017cda moja wyprawa by\u0142a w pewnym sensie wypraw\u0105 \u017cycia &#8211; wywiad z Jakubem Rybickim"},"previousItem":{"@type":"ListItem","@id":"https:\/\/www.skalnik.pl\/blog#listItem","name":"Home"}},{"@type":"ListItem","@id":"https:\/\/www.skalnik.pl\/blog\/staram-sie-zeby-kazda-moja-wyprawa-byla-w-pewnym-sensie-wyprawa-zycia-wywiad-z-jakubem-rybickim\/#listItem","position":3,"name":"Staram si\u0119, \u017ceby ka\u017cda moja wyprawa by\u0142a w pewnym sensie wypraw\u0105 \u017cycia &#8211; wywiad z Jakubem Rybickim","previousItem":{"@type":"ListItem","@id":"https:\/\/www.skalnik.pl\/blog\/.\/wywiady\/#listItem","name":"Wywiady"}}]},{"@type":"Organization","@id":"https:\/\/www.skalnik.pl\/blog\/#organization","name":"blog Skalnik","description":"Blog, porady, artyku\u0142y - blog Skalnik","url":"https:\/\/www.skalnik.pl\/blog\/"},{"@type":"Person","@id":"https:\/\/www.skalnik.pl\/blog\/author\/angela-semczuk\/#author","url":"https:\/\/www.skalnik.pl\/blog\/author\/angela-semczuk\/","name":"Angela Semczuk","image":{"@type":"ImageObject","@id":"https:\/\/www.skalnik.pl\/blog\/staram-sie-zeby-kazda-moja-wyprawa-byla-w-pewnym-sensie-wyprawa-zycia-wywiad-z-jakubem-rybickim\/#authorImage","url":"https:\/\/secure.gravatar.com\/avatar\/2e35895ed566f66486e308460c0caf9f9fa2f4bd643a42453eb55d7aa3584457?s=96&d=mm&r=g","width":96,"height":96,"caption":"Angela Semczuk"}},{"@type":"WebPage","@id":"https:\/\/www.skalnik.pl\/blog\/staram-sie-zeby-kazda-moja-wyprawa-byla-w-pewnym-sensie-wyprawa-zycia-wywiad-z-jakubem-rybickim\/#webpage","url":"https:\/\/www.skalnik.pl\/blog\/staram-sie-zeby-kazda-moja-wyprawa-byla-w-pewnym-sensie-wyprawa-zycia-wywiad-z-jakubem-rybickim\/","name":"Staram si\u0119, \u017ceby ka\u017cda moja wyprawa by\u0142a w pewnym sensie wypraw\u0105 \u017cycia \u2013 wywiad z Jakubem Rybickim - blog Skalnik","description":"Jakub Rybicki pokocha\u0142 zimowe wyprawy... rowerem. Opowiada o tym, jak przejecha\u0142 przez Grenlandi\u0119 i zamarzni\u0119ty Bajka\u0142. Czy to mo\u017ce by\u0107 sport dla ka\u017cdego?","inLanguage":"pl-PL","isPartOf":{"@id":"https:\/\/www.skalnik.pl\/blog\/#website"},"breadcrumb":{"@id":"https:\/\/www.skalnik.pl\/blog\/staram-sie-zeby-kazda-moja-wyprawa-byla-w-pewnym-sensie-wyprawa-zycia-wywiad-z-jakubem-rybickim\/#breadcrumblist"},"author":{"@id":"https:\/\/www.skalnik.pl\/blog\/author\/angela-semczuk\/#author"},"creator":{"@id":"https:\/\/www.skalnik.pl\/blog\/author\/angela-semczuk\/#author"},"image":{"@type":"ImageObject","url":"https:\/\/www.skalnik.pl\/blog\/wp-content\/uploads\/2020\/01\/okladka-rybicki-wywiad.jpg","@id":"https:\/\/www.skalnik.pl\/blog\/staram-sie-zeby-kazda-moja-wyprawa-byla-w-pewnym-sensie-wyprawa-zycia-wywiad-z-jakubem-rybickim\/#mainImage","width":1920,"height":705},"primaryImageOfPage":{"@id":"https:\/\/www.skalnik.pl\/blog\/staram-sie-zeby-kazda-moja-wyprawa-byla-w-pewnym-sensie-wyprawa-zycia-wywiad-z-jakubem-rybickim\/#mainImage"},"datePublished":"2020-01-31T10:30:49+02:00","dateModified":"2020-02-05T08:50:34+02:00"},{"@type":"WebSite","@id":"https:\/\/www.skalnik.pl\/blog\/#website","url":"https:\/\/www.skalnik.pl\/blog\/","name":"blog Skalnik","description":"Blog, porady, artyku\u0142y - blog Skalnik","inLanguage":"pl-PL","publisher":{"@id":"https:\/\/www.skalnik.pl\/blog\/#organization"}}]},"og:locale":"pl_PL","og:site_name":"blog Skalnik - Blog, porady, artyku\u0142y - blog Skalnik","og:type":"article","og:title":"Staram si\u0119, \u017ceby ka\u017cda moja wyprawa by\u0142a w pewnym sensie wypraw\u0105 \u017cycia \u2013 wywiad z Jakubem Rybickim - blog Skalnik","og:description":"Jakub Rybicki pokocha\u0142 zimowe wyprawy... rowerem. Opowiada o tym, jak przejecha\u0142 przez Grenlandi\u0119 i zamarzni\u0119ty Bajka\u0142. Czy to mo\u017ce by\u0107 sport dla ka\u017cdego?","og:url":"https:\/\/www.skalnik.pl\/blog\/staram-sie-zeby-kazda-moja-wyprawa-byla-w-pewnym-sensie-wyprawa-zycia-wywiad-z-jakubem-rybickim\/","og:image":"https:\/\/skalnik.pl\/blog\/wp-content\/uploads\/2020\/01\/rybicki-bajkal.jpg","og:image:secure_url":"https:\/\/skalnik.pl\/blog\/wp-content\/uploads\/2020\/01\/rybicki-bajkal.jpg","article:tag":["wywiady","inspiracje","podr\u00f3\u017ce","rowery","spotkania z g\u00f3rami","zima"],"article:published_time":"2020-01-31T09:30:49+00:00","article:modified_time":"2020-02-05T07:50:34+00:00","twitter:card":"summary_large_image","twitter:title":"Staram si\u0119, \u017ceby ka\u017cda moja wyprawa by\u0142a w pewnym sensie wypraw\u0105 \u017cycia \u2013 wywiad z Jakubem Rybickim - blog Skalnik","twitter:description":"Jakub Rybicki pokocha\u0142 zimowe wyprawy... rowerem. Opowiada o tym, jak przejecha\u0142 przez Grenlandi\u0119 i zamarzni\u0119ty Bajka\u0142. Czy to mo\u017ce by\u0107 sport dla ka\u017cdego?","twitter:image":"https:\/\/skalnik.pl\/blog\/wp-content\/uploads\/2020\/01\/rybicki-bajkal.jpg"},"aioseo_meta_data":{"post_id":"11157","title":"","description":"Jakub Rybicki pokocha\u0142 zimowe wyprawy... rowerem. Opowiada o tym, jak przejecha\u0142 przez Grenlandi\u0119 i zamarzni\u0119ty Bajka\u0142. Czy to mo\u017ce by\u0107 sport dla ka\u017cdego?","keywords":[{"label":"jakub rybicki","value":"jakub rybicki"},{"label":"bajka\u0142","value":"bajka\u0142"},{"label":"grenlandia","value":"grenlandia"},{"label":"wyprawy rowerowe","value":"wyprawy rowerowe"},{"label":"zima","value":"zima"},{"label":"fatbike","value":"fatbike"}],"keyphrases":null,"primary_term":null,"canonical_url":null,"og_title":null,"og_description":null,"og_object_type":"default","og_image_type":"default","og_image_url":null,"og_image_width":null,"og_image_height":null,"og_image_custom_url":null,"og_image_custom_fields":null,"og_video":null,"og_custom_url":null,"og_article_section":null,"og_article_tags":null,"twitter_use_og":false,"twitter_card":"default","twitter_image_type":"default","twitter_image_url":null,"twitter_image_custom_url":null,"twitter_image_custom_fields":null,"twitter_title":null,"twitter_description":null,"schema":{"blockGraphs":[],"customGraphs":[],"default":{"data":{"Article":[],"Course":[],"Dataset":[],"FAQPage":[],"Movie":[],"Person":[],"Product":[],"ProductReview":[],"Car":[],"Recipe":[],"Service":[],"SoftwareApplication":[],"WebPage":[]},"graphName":"BlogPosting","isEnabled":true},"graphs":[]},"schema_type":"default","schema_type_options":null,"pillar_content":false,"robots_default":true,"robots_noindex":false,"robots_noarchive":false,"robots_nosnippet":false,"robots_nofollow":false,"robots_noimageindex":false,"robots_noodp":false,"robots_notranslate":false,"robots_max_snippet":null,"robots_max_videopreview":null,"robots_max_imagepreview":"large","priority":null,"frequency":null,"local_seo":null,"breadcrumb_settings":null,"limit_modified_date":false,"ai":null,"created":"2022-08-26 10:13:47","updated":"2026-02-17 21:46:19","seo_analyzer_scan_date":null},"aioseo_breadcrumb":"<div class=\"aioseo-breadcrumbs\"><span class=\"aioseo-breadcrumb\">\n\t\t\t<a href=\"https:\/\/www.skalnik.pl\/blog\" title=\"Home\">Home<\/a>\n\t\t<\/span><span class=\"aioseo-breadcrumb-separator\">&raquo;<\/span><span class=\"aioseo-breadcrumb\">\n\t\t\t<a href=\"https:\/\/www.skalnik.pl\/blog\/.\/wywiady\/\" title=\"Wywiady\">Wywiady<\/a>\n\t\t<\/span><span class=\"aioseo-breadcrumb-separator\">&raquo;<\/span><span class=\"aioseo-breadcrumb\">\n\t\t\tStaram si\u0119, \u017ceby ka\u017cda moja wyprawa by\u0142a w pewnym sensie wypraw\u0105 \u017cycia \u2013 wywiad z Jakubem Rybickim\n\t\t<\/span><\/div>","aioseo_breadcrumb_json":[{"label":"Home","link":"https:\/\/www.skalnik.pl\/blog"},{"label":"Wywiady","link":"https:\/\/www.skalnik.pl\/blog\/.\/wywiady\/"},{"label":"Staram si\u0119, \u017ceby ka\u017cda moja wyprawa by\u0142a w pewnym sensie wypraw\u0105 \u017cycia &#8211; wywiad z Jakubem Rybickim","link":"https:\/\/www.skalnik.pl\/blog\/staram-sie-zeby-kazda-moja-wyprawa-byla-w-pewnym-sensie-wyprawa-zycia-wywiad-z-jakubem-rybickim\/"}],"_links":{"self":[{"href":"https:\/\/www.skalnik.pl\/blog\/wp-json\/wp\/v2\/posts\/11157","targetHints":{"allow":["GET"]}}],"collection":[{"href":"https:\/\/www.skalnik.pl\/blog\/wp-json\/wp\/v2\/posts"}],"about":[{"href":"https:\/\/www.skalnik.pl\/blog\/wp-json\/wp\/v2\/types\/post"}],"author":[{"embeddable":true,"href":"https:\/\/www.skalnik.pl\/blog\/wp-json\/wp\/v2\/users\/28"}],"replies":[{"embeddable":true,"href":"https:\/\/www.skalnik.pl\/blog\/wp-json\/wp\/v2\/comments?post=11157"}],"version-history":[{"count":10,"href":"https:\/\/www.skalnik.pl\/blog\/wp-json\/wp\/v2\/posts\/11157\/revisions"}],"predecessor-version":[{"id":11255,"href":"https:\/\/www.skalnik.pl\/blog\/wp-json\/wp\/v2\/posts\/11157\/revisions\/11255"}],"wp:featuredmedia":[{"embeddable":true,"href":"https:\/\/www.skalnik.pl\/blog\/wp-json\/wp\/v2\/media\/11165"}],"wp:attachment":[{"href":"https:\/\/www.skalnik.pl\/blog\/wp-json\/wp\/v2\/media?parent=11157"}],"wp:term":[{"taxonomy":"category","embeddable":true,"href":"https:\/\/www.skalnik.pl\/blog\/wp-json\/wp\/v2\/categories?post=11157"},{"taxonomy":"post_tag","embeddable":true,"href":"https:\/\/www.skalnik.pl\/blog\/wp-json\/wp\/v2\/tags?post=11157"},{"taxonomy":"magento_category","embeddable":true,"href":"https:\/\/www.skalnik.pl\/blog\/wp-json\/wp\/v2\/magento_category?post=11157"},{"taxonomy":"magento_product","embeddable":true,"href":"https:\/\/www.skalnik.pl\/blog\/wp-json\/wp\/v2\/magento_product?post=11157"}],"curies":[{"name":"wp","href":"https:\/\/api.w.org\/{rel}","templated":true}]}}