{"id":11258,"date":"2020-02-10T10:41:12","date_gmt":"2020-02-10T09:41:12","guid":{"rendered":"https:\/\/skalnik.pl\/blog\/?p=11258"},"modified":"2023-01-17T08:50:13","modified_gmt":"2023-01-17T07:50:13","slug":"korona-gor-polski","status":"publish","type":"post","link":"https:\/\/www.skalnik.pl\/blog\/korona-gor-polski\/","title":{"rendered":"Korona G\u00f3r Polski"},"content":{"rendered":"\n<p><strong>Szukasz nowego g\u00f3rskiego wyzwania? A mo\u017ce chcesz zobaczy\u0107 nieznane dot\u0105d pasma polskich g\u00f3r? Albo pragniesz zach\u0119ci\u0107 znajomych do g\u00f3rskich wycieczek? Je\u015bli cho\u0107 na jedno z tych pyta\u0144 odpowiadasz twierdz\u0105co, to Korona G\u00f3r Polski jest projektem w\u0142a\u015bnie dla ciebie.<\/strong><\/p>\n\n\n\n<p>Strzeliste Tatry i przysadziste\nG\u00f3ry \u015awi\u0119tokrzyskie, bieszczadzkie po\u0142oniny i wapienne ska\u0142y Pienin, szerokie\nszlaki corocznie wydeptywane przez tysi\u0105ce turyst\u00f3w i w\u0105skie, zaro\u015bni\u0119te\n\u015bcie\u017cki \u2013 wszystkie te miejsca odwiedzisz, je\u015bli zdecydujesz si\u0119 na projekt pod\ntytu\u0142em \u201eKorona G\u00f3r Polski\u201d. To wyzwanie dla wytrwa\u0142ych, w czasie kt\u00f3rego mo\u017cna\ndog\u0142\u0119bnie pozna\u0107 g\u00f3rskie zak\u0105tki Polski.<\/p>\n\n\n\n<p>Jakie s\u0105 szczyty Korony\nG\u00f3r Polski? Jakie warunki nale\u017cy spe\u0142ni\u0107, aby zosta\u0107 cz\u0142onkiem klubu zdobywc\u00f3w\nKorony G\u00f3r Polski? Czy istnieje mapa Korony G\u00f3r Polski? Tego wszystkiego\ndowiesz si\u0119 z poni\u017cszego tekstu.<\/p>\n\n\n\n<div class=\"wp-block-image\"><figure class=\"aligncenter size-large\"><img loading=\"lazy\" decoding=\"async\" width=\"1024\" height=\"683\" src=\"https:\/\/skalnik.pl\/blog\/wp-content\/uploads\/2020\/02\/\u015anie\u017cka-najwy\u017cszy-szczyt-w-Karkonoszach.jpg\" alt=\"\u015anie\u017cka - najwy\u017cszy szczyt w Karkonoszach - Korona G\u00f3r Polski\" class=\"wp-image-11302\" srcset=\"https:\/\/www.skalnik.pl\/blog\/wp-content\/uploads\/2020\/02\/\u015anie\u017cka-najwy\u017cszy-szczyt-w-Karkonoszach.jpg 1024w, https:\/\/www.skalnik.pl\/blog\/wp-content\/uploads\/2020\/02\/\u015anie\u017cka-najwy\u017cszy-szczyt-w-Karkonoszach-300x200.jpg 300w, https:\/\/www.skalnik.pl\/blog\/wp-content\/uploads\/2020\/02\/\u015anie\u017cka-najwy\u017cszy-szczyt-w-Karkonoszach-768x512.jpg 768w\" sizes=\"auto, (max-width: 1024px) 100vw, 1024px\" \/><figcaption><em>Korona G\u00f3r Polski to r\u00f3\u017cnorodne krajobrazy i wyzwania (fot. Eugene Aikimov, Unsplash)<\/em><\/figcaption><\/figure><\/div>\n\n\n\n<div id=\"ez-toc-container\" class=\"ez-toc-v2_0_85 counter-hierarchy ez-toc-counter ez-toc-light-blue ez-toc-container-direction\">\n<div class=\"ez-toc-title-container\">\n<p class=\"ez-toc-title\" style=\"cursor:inherit\">SPIS TRE\u015aCI <\/p>\n<span class=\"ez-toc-title-toggle\"><a href=\"#\" class=\"ez-toc-pull-right ez-toc-btn ez-toc-btn-xs ez-toc-btn-default ez-toc-toggle\" aria-label=\"Prze\u0142\u0105cznik Spisu Tre\u015bci\"><span class=\"ez-toc-js-icon-con\"><span class=\"\"><span class=\"eztoc-hide\" style=\"display:none;\">Toggle<\/span><span class=\"ez-toc-icon-toggle-span\"><svg style=\"fill: #999;color:#999\" xmlns=\"http:\/\/www.w3.org\/2000\/svg\" class=\"list-377408\" width=\"20px\" height=\"20px\" viewBox=\"0 0 24 24\" fill=\"none\"><path d=\"M6 6H4v2h2V6zm14 0H8v2h12V6zM4 11h2v2H4v-2zm16 0H8v2h12v-2zM4 16h2v2H4v-2zm16 0H8v2h12v-2z\" fill=\"currentColor\"><\/path><\/svg><svg style=\"fill: #999;color:#999\" class=\"arrow-unsorted-368013\" xmlns=\"http:\/\/www.w3.org\/2000\/svg\" width=\"10px\" height=\"10px\" viewBox=\"0 0 24 24\" version=\"1.2\" baseProfile=\"tiny\"><path d=\"M18.2 9.3l-6.2-6.3-6.2 6.3c-.2.2-.3.4-.3.7s.1.5.3.7c.2.2.4.3.7.3h11c.3 0 .5-.1.7-.3.2-.2.3-.5.3-.7s-.1-.5-.3-.7zM5.8 14.7l6.2 6.3 6.2-6.3c.2-.2.3-.5.3-.7s-.1-.5-.3-.7c-.2-.2-.4-.3-.7-.3h-11c-.3 0-.5.1-.7.3-.2.2-.3.5-.3.7s.1.5.3.7z\"\/><\/svg><\/span><\/span><\/span><\/a><\/span><\/div>\n<nav><ul class='ez-toc-list ez-toc-list-level-1 ' ><li class='ez-toc-page-1 ez-toc-heading-level-2'><a class=\"ez-toc-link ez-toc-heading-1\" href=\"https:\/\/www.skalnik.pl\/blog\/korona-gor-polski\/#Jak_powstala_Korona_Gor_Polski\" >Jak powsta\u0142a Korona G\u00f3r Polski?<\/a><\/li><li class='ez-toc-page-1 ez-toc-heading-level-2'><a class=\"ez-toc-link ez-toc-heading-2\" href=\"https:\/\/www.skalnik.pl\/blog\/korona-gor-polski\/#Szczyty_Korony_Gor_Polski\" >Szczyty Korony G\u00f3r Polski<\/a><ul class='ez-toc-list-level-3' ><li class='ez-toc-heading-level-3'><a class=\"ez-toc-link ez-toc-heading-3\" href=\"https:\/\/www.skalnik.pl\/blog\/korona-gor-polski\/#Korona_Gor_Polski_szczyty\" >Korona G\u00f3r Polski szczyty:<\/a><\/li><\/ul><\/li><li class='ez-toc-page-1 ez-toc-heading-level-2'><a class=\"ez-toc-link ez-toc-heading-4\" href=\"https:\/\/www.skalnik.pl\/blog\/korona-gor-polski\/#Jak_sie_zdobywa_Korone_Gor_Polski\" >Jak si\u0119 zdobywa Koron\u0119 G\u00f3r Polski?<\/a><ul class='ez-toc-list-level-3' ><li class='ez-toc-heading-level-3'><a class=\"ez-toc-link ez-toc-heading-5\" href=\"https:\/\/www.skalnik.pl\/blog\/korona-gor-polski\/#1_Klub_Zdobywcow_Korony_Gor_Polski_%E2%80%93_akces\" >1. Klub Zdobywc\u00f3w Korony G\u00f3r Polski &#8211; akces<\/a><\/li><li class='ez-toc-page-1 ez-toc-heading-level-3'><a class=\"ez-toc-link ez-toc-heading-6\" href=\"https:\/\/www.skalnik.pl\/blog\/korona-gor-polski\/#2_Oplaty\" >2. Op\u0142aty<\/a><\/li><li class='ez-toc-page-1 ez-toc-heading-level-3'><a class=\"ez-toc-link ez-toc-heading-7\" href=\"https:\/\/www.skalnik.pl\/blog\/korona-gor-polski\/#3_Korona_polskich_gor_%E2%80%93_zdobywanie_szczytow\" >3. Korona polskich g\u00f3r \u2013 zdobywanie szczyt\u00f3w<\/a><\/li><li class='ez-toc-page-1 ez-toc-heading-level-3'><a class=\"ez-toc-link ez-toc-heading-8\" href=\"https:\/\/www.skalnik.pl\/blog\/korona-gor-polski\/#4_Loza_Zdobywcow_%E2%80%93_czas_na_test\" >4. Lo\u017ca Zdobywc\u00f3w \u2013 czas na test<\/a><\/li><\/ul><\/li><li class='ez-toc-page-1 ez-toc-heading-level-2'><a class=\"ez-toc-link ez-toc-heading-9\" href=\"https:\/\/www.skalnik.pl\/blog\/korona-gor-polski\/#Ksiazeczka_Korony_Gor_Polski_%E2%80%93_jak_potwierdzic_wejscie_na_szczyt\" >Ksi\u0105\u017ceczka Korony G\u00f3r Polski \u2013 jak\npotwierdzi\u0107 wej\u015bcie na szczyt?<\/a><\/li><li class='ez-toc-page-1 ez-toc-heading-level-2'><a class=\"ez-toc-link ez-toc-heading-10\" href=\"https:\/\/www.skalnik.pl\/blog\/korona-gor-polski\/#Mapa_Korony_Gor_Polski\" >Mapa Korony G\u00f3r Polski<\/a><\/li><li class='ez-toc-page-1 ez-toc-heading-level-2'><a class=\"ez-toc-link ez-toc-heading-11\" href=\"https:\/\/www.skalnik.pl\/blog\/korona-gor-polski\/#Korona_polskich_gor_%E2%80%93_rekordy_szybkosci_i_nie_tylko\" >Korona polskich g\u00f3r \u2013 rekordy szybko\u015bci\ni nie tylko<\/a><\/li><\/ul><\/nav><\/div>\n<h2 class=\"wp-block-heading\"><span class=\"ez-toc-section\" id=\"Jak_powstala_Korona_Gor_Polski\"><\/span><strong>Jak powsta\u0142a Korona G\u00f3r Polski?<\/strong><span class=\"ez-toc-section-end\"><\/span><\/h2>\n\n\n\n<p>Korona polskich g\u00f3r\nzosta\u0142a ustanowiona w 1997 r. przez Marka Wi\u0119ckowskiego i Wojciecha\nLewandowskiego z miesi\u0119cznika \u201ePoznaj sw\u00f3j kraj\u201d. Celem tej inicjatywy by\u0142o\nzach\u0119cenie ludzi do poznawania tak\u017ce tych mniej popularnych miejsc w g\u00f3rach,\naby odci\u0105\u017cy\u0107 zat\u0142oczone tatrza\u0144skie i karkonoskie szlaki.<\/p>\n\n\n\n<p>Koron\u0119 G\u00f3r Polski tworz\u0105\nnajwy\u017csze szczyty w Polsce z ka\u017cdego g\u00f3rskiego pasma. Tak przynajmniej brzmi\nnajkr\u00f3tsza definicja. Rzeczywisto\u015b\u0107 jednak, jak to zwykle bywa, jest nieco\nbardziej skomplikowana. Wybieraj\u0105c szczyty Korony G\u00f3r Polski wzi\u0119to bowiem pod\nuwag\u0119 nie tylko sam\u0105 wysoko\u015b\u0107, lecz tak\u017ce ich dost\u0119pno\u015b\u0107 (czyli fakt, czy w\n1997 r. na dan\u0105 g\u00f3r\u0119 bieg\u0142 wyznaczony szlak turystyczny) oraz atrakcyjno\u015b\u0107\nkrajoznawcz\u0105.<\/p>\n\n\n\n<div class=\"wp-block-image\"><figure class=\"aligncenter size-large\"><img loading=\"lazy\" decoding=\"async\" width=\"1024\" height=\"907\" src=\"https:\/\/skalnik.pl\/blog\/wp-content\/uploads\/2020\/02\/Tarnica-najwy\u017cszy-szczyt-Bieszczad.jpg\" alt=\"Tarnica - najwy\u017cszy szczyt Bieszczad - Korona G\u00f3r Polski\" class=\"wp-image-11272\" srcset=\"https:\/\/www.skalnik.pl\/blog\/wp-content\/uploads\/2020\/02\/Tarnica-najwy\u017cszy-szczyt-Bieszczad.jpg 1024w, https:\/\/www.skalnik.pl\/blog\/wp-content\/uploads\/2020\/02\/Tarnica-najwy\u017cszy-szczyt-Bieszczad-300x266.jpg 300w, https:\/\/www.skalnik.pl\/blog\/wp-content\/uploads\/2020\/02\/Tarnica-najwy\u017cszy-szczyt-Bieszczad-768x680.jpg 768w\" sizes=\"auto, (max-width: 1024px) 100vw, 1024px\" \/><figcaption><em>Bieszczady zdecydowanie warto zwiedzi\u0107 nie tylko ze wzgl\u0119du na Tarnic\u0119<\/em> <em>(fot. Lukasz Szmigiel, Unsplash)<\/em><\/figcaption><\/figure><\/div>\n\n\n\n<p>Od 1997 r. korona g\u00f3r polskich nie zmieni\u0142a swojego kszta\u0142tu. Nadal tworzy j\u0105 28 szczyt\u00f3w. Aby zosta\u0107 zdobywc\u0105 Korony G\u00f3r Polski, nale\u017cy wej\u015b\u0107 na wszystkie z nich, korzystaj\u0105c jedynie z si\u0142y w\u0142asnych mi\u0119\u015bni. Najwy\u017csze szczyty w Polsce z poszczeg\u00f3lnych pasm mo\u017cna wi\u0119c zdobywa\u0107 na przyk\u0142ad:<\/p>\n\n\n\n<ul class=\"wp-block-list\"><li>pieszo,<\/li><li>na rowerze,<\/li><li>na nartach.<\/li><\/ul>\n\n\n\n<h2 class=\"wp-block-heading\"><span class=\"ez-toc-section\" id=\"Szczyty_Korony_Gor_Polski\"><\/span><strong>Szczyty Korony G\u00f3r Polski<\/strong><span class=\"ez-toc-section-end\"><\/span><\/h2>\n\n\n\n<p>Has\u0142o \u201eKorona G\u00f3r Polski\nszczyty\u201d jest cz\u0119sto wyszukiwane przez pasjonat\u00f3w g\u00f3rskich wycieczek. Poni\u017cej\nmo\u017cesz wi\u0119c sprawdzi\u0107, jakie g\u00f3ry wesz\u0142y w sk\u0142ad Korony G\u00f3r Polski. Szczyty\nwymieni\u0142am w kolejno\u015bci od najni\u017cszego do najwy\u017cszego.<\/p>\n\n\n\n<h3 class=\"has-text-align-left wp-block-heading\"><span class=\"ez-toc-section\" id=\"Korona_Gor_Polski_szczyty\"><\/span><strong>Korona G\u00f3r Polski szczyty<\/strong>:<span class=\"ez-toc-section-end\"><\/span><\/h3>\n\n\n\n<figure class=\"wp-block-table\"><table><tbody><tr><td class=\"has-text-align-center\" data-align=\"center\">\n  <strong>Pasmo<\/strong>\n  <\/td><td class=\"has-text-align-center\" data-align=\"center\">\n  <strong>Szczyt<\/strong>\n  <\/td><td class=\"has-text-align-center\" data-align=\"center\">   <strong>Wysoko\u015b\u0107 w m n.p.m.<\/strong>   <\/td><\/tr><tr><td class=\"has-text-align-center\" data-align=\"center\">\n  G\u00f3ry \u015awi\u0119tokrzyskie\n  <\/td><td class=\"has-text-align-center\" data-align=\"center\">\n  \u0141ysica\n  <\/td><td class=\"has-text-align-center\" data-align=\"center\">   613   <\/td><\/tr><tr><td class=\"has-text-align-center\" data-align=\"center\">\n  Masyw \u015al\u0119\u017cy\n  <\/td><td class=\"has-text-align-center\" data-align=\"center\">\n  \u015al\u0119\u017ca\n  <\/td><td class=\"has-text-align-center\" data-align=\"center\">\n  718\n  <\/td><\/tr><tr><td class=\"has-text-align-center\" data-align=\"center\">\n  G\u00f3ry Kaczawskie\n  <\/td><td class=\"has-text-align-center\" data-align=\"center\">\n  Skopiec\n  <\/td><td class=\"has-text-align-center\" data-align=\"center\">\n  724\n  <\/td><\/tr><tr><td class=\"has-text-align-center\" data-align=\"center\">\n  G\u00f3ry Bardzkie\n  <\/td><td class=\"has-text-align-center\" data-align=\"center\">\n  K\u0142odzka G\u00f3ra\n  <\/td><td class=\"has-text-align-center\" data-align=\"center\">\n  765\n  <\/td><\/tr><tr><td class=\"has-text-align-center\" data-align=\"center\">\n  G\u00f3ry Wa\u0142brzyskie\n  <\/td><td class=\"has-text-align-center\" data-align=\"center\">\n  Che\u0142miec\n  <\/td><td class=\"has-text-align-center\" data-align=\"center\">   851  <\/td><\/tr><tr><td class=\"has-text-align-center\" data-align=\"center\">\n  G\u00f3ry Opawskie\n  <\/td><td class=\"has-text-align-center\" data-align=\"center\">\n  Biskupia Kopa\n  <\/td><td class=\"has-text-align-center\" data-align=\"center\">\n  889\n  <\/td><\/tr><tr><td class=\"has-text-align-center\" data-align=\"center\">\n  Beskid Makowski\n  <\/td><td class=\"has-text-align-center\" data-align=\"center\">\n  Lubomir\n  <\/td><td class=\"has-text-align-center\" data-align=\"center\">   904   <\/td><\/tr><tr><td class=\"has-text-align-center\" data-align=\"center\">\n  G\u00f3ry Sto\u0142owe\n  <\/td><td class=\"has-text-align-center\" data-align=\"center\">\n  Szczeliniec Wielki\n  <\/td><td class=\"has-text-align-center\" data-align=\"center\">\n  919\n  <\/td><\/tr><tr><td class=\"has-text-align-center\" data-align=\"center\">\n  Beskid Ma\u0142y\n  <\/td><td class=\"has-text-align-center\" data-align=\"center\">\n  Czupel\n  <\/td><td class=\"has-text-align-center\" data-align=\"center\">   930   <\/td><\/tr><tr><td class=\"has-text-align-center\" data-align=\"center\">\n  G\u00f3ry Kamienne\n  <\/td><td class=\"has-text-align-center\" data-align=\"center\">\n  Walig\u00f3ra\n  <\/td><td class=\"has-text-align-center\" data-align=\"center\">\n  936\n  <\/td><\/tr><tr><td class=\"has-text-align-center\" data-align=\"center\">\n  Rudawy Janowickie\n  <\/td><td class=\"has-text-align-center\" data-align=\"center\">\n  Skalnik\n  <\/td><td class=\"has-text-align-center\" data-align=\"center\">\n  945\n  <\/td><\/tr><tr><td class=\"has-text-align-center\" data-align=\"center\">\n  G\u00f3ry Bystrzyckie\n  <\/td><td class=\"has-text-align-center\" data-align=\"center\">\n  Jagodna\n  <\/td><td class=\"has-text-align-center\" data-align=\"center\">\n  977\n  <\/td><\/tr><tr><td class=\"has-text-align-center\" data-align=\"center\">\n  G\u00f3ry Z\u0142ote\n  <\/td><td class=\"has-text-align-center\" data-align=\"center\">\n  Kowad\u0142o\n  <\/td><td class=\"has-text-align-center\" data-align=\"center\">\n  989\n  <\/td><\/tr><tr><td class=\"has-text-align-center\" data-align=\"center\">\n  Beskid Niski\n  <\/td><td class=\"has-text-align-center\" data-align=\"center\">\n  Lackowa\n  <\/td><td class=\"has-text-align-center\" data-align=\"center\">\n  997\n  <\/td><\/tr><tr><td class=\"has-text-align-center\" data-align=\"center\">\n  G\u00f3ry Sowie\n  <\/td><td class=\"has-text-align-center\" data-align=\"center\">\n  Wielka Sowa\n  <\/td><td class=\"has-text-align-center\" data-align=\"center\">\n  1015\n  <\/td><\/tr><tr><td class=\"has-text-align-center\" data-align=\"center\">\n  Pieniny\n  <\/td><td class=\"has-text-align-center\" data-align=\"center\">\n  Wysoka\n  <\/td><td class=\"has-text-align-center\" data-align=\"center\">\n  1050\n  <\/td><\/tr><tr><td class=\"has-text-align-center\" data-align=\"center\">\n  G\u00f3ry Orlickie\n  <\/td><td class=\"has-text-align-center\" data-align=\"center\">\n  Orlica\n  <\/td><td class=\"has-text-align-center\" data-align=\"center\">\n  1084\n  <\/td><\/tr><tr><td class=\"has-text-align-center\" data-align=\"center\">\n  G\u00f3ry Bialskie\n  <\/td><td class=\"has-text-align-center\" data-align=\"center\">\n  Rudawiec\n  <\/td><td class=\"has-text-align-center\" data-align=\"center\">   1106   <\/td><\/tr><tr><td class=\"has-text-align-center\" data-align=\"center\">\n  G\u00f3ry Izerskie\n  <\/td><td class=\"has-text-align-center\" data-align=\"center\">\n  Wysoka Kopa\n  <\/td><td class=\"has-text-align-center\" data-align=\"center\">\n  1126\n  <\/td><\/tr><tr><td class=\"has-text-align-center\" data-align=\"center\">\n  Beskid Wyspowy\n  <\/td><td class=\"has-text-align-center\" data-align=\"center\">\n  Mogielica\n  <\/td><td class=\"has-text-align-center\" data-align=\"center\">\n  1170\n  <\/td><\/tr><tr><td class=\"has-text-align-center\" data-align=\"center\">\n  Beskid \u015al\u0105ski\n  <\/td><td class=\"has-text-align-center\" data-align=\"center\">\n  Skrzyczne\n  <\/td><td class=\"has-text-align-center\" data-align=\"center\">\n  1257\n  <\/td><\/tr><tr><td class=\"has-text-align-center\" data-align=\"center\">\n  Beskid S\u0105decki\n  <\/td><td class=\"has-text-align-center\" data-align=\"center\">\n  Radziejowa\n  <\/td><td class=\"has-text-align-center\" data-align=\"center\">   1266  <\/td><\/tr><tr><td class=\"has-text-align-center\" data-align=\"center\">\n  Gorce\n  <\/td><td class=\"has-text-align-center\" data-align=\"center\">\n  Turbacz\n  <\/td><td class=\"has-text-align-center\" data-align=\"center\">\n  1310\n  <\/td><\/tr><tr><td class=\"has-text-align-center\" data-align=\"center\">\n  Bieszczady\n  <\/td><td class=\"has-text-align-center\" data-align=\"center\">\n  Tarnica\n  <\/td><td class=\"has-text-align-center\" data-align=\"center\">\n  1346\n  <\/td><\/tr><tr><td class=\"has-text-align-center\" data-align=\"center\">\n  Masyw \u015anie\u017cnika\n  <\/td><td class=\"has-text-align-center\" data-align=\"center\">\n  \u015anie\u017cnik\n  <\/td><td class=\"has-text-align-center\" data-align=\"center\">\n  1425\n  <\/td><\/tr><tr><td class=\"has-text-align-center\" data-align=\"center\">\n  Karkonosze\n  <\/td><td class=\"has-text-align-center\" data-align=\"center\">\n  \u015anie\u017cka\n  <\/td><td class=\"has-text-align-center\" data-align=\"center\">   1603  <\/td><\/tr><tr><td class=\"has-text-align-center\" data-align=\"center\">\n  Beskid \u017bywiecki\n  <\/td><td class=\"has-text-align-center\" data-align=\"center\">\n  Babia G\u00f3ra\n  <\/td><td class=\"has-text-align-center\" data-align=\"center\">\n  1725\n  <\/td><\/tr><tr><td class=\"has-text-align-center\" data-align=\"center\">\n  Tatry\n  <\/td><td class=\"has-text-align-center\" data-align=\"center\">\n  Rysy\n  <\/td><td class=\"has-text-align-center\" data-align=\"center\">\n  2499\n  <\/td><\/tr><\/tbody><\/table><\/figure>\n\n\n\n<p><span class=\"has-inline-color has-vivid-cyan-blue-color\">Opisy poszczeg\u00f3lnych szczyt\u00f3w znajdziesz klikaj\u0105c w ten link &#8211;> <strong><a href=\"https:\/\/www.skalnik.pl\/blog\/tag\/korona-gor-polski\/\" target=\"_blank\" rel=\"noreferrer noopener\">Korona G\u00f3r Polskich<\/a><\/strong>. Zobacz i zaplanuj kolejn\u0105 wypraw\u0119 po szczyt KGP.<\/span><\/p>\n\n\n\n<p>Jak wida\u0107, korona szczyt\u00f3w\nPolski jest tworzona przez g\u00f3ry o bardzo r\u00f3\u017cnym stopniu trudno\u015bci. Wiele z nich\nto bardzo dobre cele przyjemnych wypraw na weekend z rodzin\u0105 czy znajomymi.\nZdobywanie ni\u017cszych szczyt\u00f3w warto po\u0142\u0105czy\u0107 z g\u0142\u0119bszym poznawaniem danych miejsc.\nWizyta w pobliskim muzeum, zabytkowym ko\u015bciele czy karczmie z regionalnym\njedzeniem \u2013 to dzi\u0119ki takim dodatkom korona polskich g\u00f3r stanie si\u0119 prawdziw\u0105\nkrajoznawcz\u0105 przygod\u0105.<\/p>\n\n\n\n<div class=\"wp-block-image\"><figure class=\"aligncenter size-large\"><img loading=\"lazy\" decoding=\"async\" width=\"1024\" height=\"768\" src=\"https:\/\/skalnik.pl\/blog\/wp-content\/uploads\/2020\/02\/Szczeliniec-szczyt-Korony-G\u00f3r-Polski.jpg\" alt=\"Szczeliniec - szczyt Korony G\u00f3r Polski\" class=\"wp-image-11267\" srcset=\"https:\/\/www.skalnik.pl\/blog\/wp-content\/uploads\/2020\/02\/Szczeliniec-szczyt-Korony-G\u00f3r-Polski.jpg 1024w, https:\/\/www.skalnik.pl\/blog\/wp-content\/uploads\/2020\/02\/Szczeliniec-szczyt-Korony-G\u00f3r-Polski-300x225.jpg 300w, https:\/\/www.skalnik.pl\/blog\/wp-content\/uploads\/2020\/02\/Szczeliniec-szczyt-Korony-G\u00f3r-Polski-768x576.jpg 768w\" sizes=\"auto, (max-width: 1024px) 100vw, 1024px\" \/><figcaption><em>Wyprawa na Szczeliniec to doskona\u0142a okazja do zobaczenia niezwyk\u0142ych formacji skalnych<\/em><\/figcaption><\/figure><\/div>\n\n\n\n<p>Nale\u017cy jednak pami\u0119ta\u0107, \u017ce\nkorona g\u00f3r polskich to tak\u017ce szczyty wymagaj\u0105ce wi\u0119kszego do\u015bwiadczenia i\numiej\u0119tno\u015bci, jak Babia G\u00f3ra czy oczywi\u015bcie Rysy. Zdobycie tych g\u00f3r, zw\u0142aszcza\nzim\u0105, wymaga odpowiedniego przygotowania. Je\u015bli wi\u0119c dopiero zaczynasz swoj\u0105\ng\u00f3rsk\u0105 przygod\u0119, zacznij od ni\u017cszych szczyt\u00f3w i stopniowo, w miar\u0119 zdobywania\nwiedzy i umiej\u0119tno\u015bci, podno\u015b poprzeczk\u0119.<\/p>\n\n\n\n<h2 class=\"wp-block-heading\"><span class=\"ez-toc-section\" id=\"Jak_sie_zdobywa_Korone_Gor_Polski\"><\/span><strong>Jak si\u0119 zdobywa Koron\u0119 G\u00f3r Polski?<\/strong><span class=\"ez-toc-section-end\"><\/span><\/h2>\n\n\n\n<p>Szczyty Korony G\u00f3r Polski\nmo\u017cna oczywi\u015bcie zdobywa\u0107 nieoficjalnie. Wtedy wystarczy wytrwale je\u017adzi\u0107 w\nposzczeg\u00f3lne pasma i dla w\u0142asnej satysfakcji wspina\u0107 si\u0119 na kolejne szczyty.\nWyprawy warto oczywi\u015bcie dokumentowa\u0107 zdj\u0119ciami, aby potem stworzy\u0107 sw\u00f3j w\u0142asny\nalbum Korony G\u00f3r Polski.<\/p>\n\n\n\n<p>Ludzie jednak uwielbiaj\u0105\nstatystyki, rekordy i tytu\u0142y. Nic wi\u0119c dziwnego, \u017ce ju\u017c 13 grudnia 1997 roku powo\u0142ano\nKlub Zdobywc\u00f3w Korony G\u00f3r Polski. Obecnie nale\u017cy do niego ju\u017c ponad 30&nbsp;000\ng\u00f3rskich pasjonat\u00f3w. Spo\u015br\u00f3d nich tytu\u0142em zdobywcy szczyci si\u0119 przesz\u0142o 1600\nos\u00f3b. Co ciekawe, Klub Zdobywc\u00f3w Korony G\u00f3r Polski zrzesza nie tylko osoby z\nnaszego kraju. Do klubu nale\u017c\u0105 tak\u017ce tury\u015bci z Czech, Szwecji, Rosji czy\nWielkiej Brytanii.<\/p>\n\n\n\n<p>Je\u015bli chcesz otrzyma\u0107\ngodno\u015b\u0107 zdobywcy KGP, musisz podj\u0105\u0107 nast\u0119puj\u0105ce kroki: <\/p>\n\n\n\n<h3 class=\"wp-block-heading\"><span class=\"ez-toc-section\" id=\"1_Klub_Zdobywcow_Korony_Gor_Polski_%E2%80%93_akces\"><\/span><strong>1. Klub Zdobywc\u00f3w Korony G\u00f3r Polski &#8211; akces<\/strong><span class=\"ez-toc-section-end\"><\/span><\/h3>\n\n\n\n<p>Na pocz\u0105tek wype\u0142nij\nelektroniczn\u0105 deklaracj\u0119 ch\u0119ci przyst\u0105pienia do Klubu, kt\u00f3r\u0105 znajdziesz na\nstronie internetowej tej organizacji. Minimalny wiek przyst\u0105pienia do Klubu to\n7 lat. Co wa\u017cne, istnieje mo\u017cliwo\u015b\u0107 jednoczesnego zapisania ca\u0142ej grupy turyst\u00f3w.\nJe\u015bli wi\u0119c szczyty Korony G\u00f3r Polski zamierzasz zdobywa\u0107 z rodzin\u0105 lub\nznajomymi, sprawami formalnymi mo\u017ce zaj\u0105\u0107 si\u0119 jedna osoba.<\/p>\n\n\n\n<h3 class=\"wp-block-heading\"><span class=\"ez-toc-section\" id=\"2_Oplaty\"><\/span><strong>2. Op\u0142aty<\/strong><span class=\"ez-toc-section-end\"><\/span><\/h3>\n\n\n\n<p>Z przyst\u0105pieniem do Klubu\nwi\u0105\u017c\u0105 si\u0119 pewne op\u0142aty, ale na szcz\u0119\u015bcie nie s\u0105 one zbyt wysokie. Na koszty\nsk\u0142adaj\u0105 si\u0119:<\/p>\n\n\n\n<ul class=\"wp-block-list\"><li>wpisowe: 35 z\u0142<\/li><li>ksi\u0105\u017ceczka Korony G\u00f3r Polski: 5 z\u0142 <\/li><li> op\u0142ata za wysy\u0142k\u0119 zwrotn\u0105: 12 z\u0142 <\/li><\/ul>\n\n\n\n<p>Dodatkowo mo\u017cesz zakupi\u0107\nodznak\u0119 klubow\u0105 za 15 z\u0142, ale nie jest to obowi\u0105zkowe.<\/p>\n\n\n\n<h3 class=\"wp-block-heading\"><span class=\"ez-toc-section\" id=\"3_Korona_polskich_gor_%E2%80%93_zdobywanie_szczytow\"><\/span><strong>3. Korona polskich g\u00f3r \u2013 zdobywanie szczyt\u00f3w<\/strong><span class=\"ez-toc-section-end\"><\/span><\/h3>\n\n\n\n<p>Czas na najprzyjemniejsz\u0105\ncz\u0119\u015b\u0107, czyli zdobywanie szczyt\u00f3w. Pami\u0119taj, \u017ce Klub Zdobywc\u00f3w Korony G\u00f3r Polski\nnie uznaje wej\u015b\u0107, kt\u00f3re mia\u0142y miejsce przed przyst\u0105pieniem danej osoby do organizacji.\nKa\u017cdy turysta musi wi\u0119c zaczyna\u0107 od pocz\u0105tku, wytrwale zbieraj\u0105c piecz\u0105tki\npotwierdzaj\u0105ce zdobycie g\u00f3ry. W\u0142a\u015bnie do zbierania tych stempli s\u0142u\u017cy\nKsi\u0105\u017ceczka Korony G\u00f3r Polski.<\/p>\n\n\n\n<p>Klub Zdobywc\u00f3w Korony G\u00f3r\nPolski nie stawia natomiast \u017cadnych wymaga\u0144 dotycz\u0105cych tego, z jakiego miejsca\nnale\u017cy zaczyna\u0107 wypraw\u0119 na dany szczyt. Nikt wi\u0119c nie zabroni ci podjecha\u0107\nautem pod schronisko Andrzej\u00f3wka, by z tego miejsca w 20 minut wej\u015b\u0107 na\nWalig\u00f3r\u0119, czyli najwy\u017cszy szczyt G\u00f3r Kamiennych. Z w\u0142asnego do\u015bwiadczenia wiem\njednak doskonale, \u017ce najwi\u0119ksz\u0105 satysfakcj\u0119 daj\u0105 te wyjazdy, na kt\u00f3rych szczyty\nKorony G\u00f3r Polski s\u0105 tylko jednym z element\u00f3w wi\u0119kszej wyprawy. Planujesz\nzdobycie Radziejowej w Beskidzie S\u0105deckim? Pojed\u017a w te g\u00f3ry na kilka dni i\nprzejd\u017a fragment G\u0142\u00f3wnego Szlaku Beskidzkiego. Chcesz wej\u015b\u0107 na Kowad\u0142o w G\u00f3rach\nZ\u0142otych? Zaplanuj tras\u0119 tak, by wej\u015b\u0107 tak\u017ce na Rudawiec w G\u00f3rach Bialskich oraz\n\u015anie\u017cnik. W ten spos\u00f3b korona g\u00f3r polskich mo\u017ce sta\u0107 si\u0119 o wiele bardziej\nambitnym projektem.<\/p>\n\n\n\n<h3 class=\"wp-block-heading\"><span class=\"ez-toc-section\" id=\"4_Loza_Zdobywcow_%E2%80%93_czas_na_test\"><\/span><strong>4. Lo\u017ca Zdobywc\u00f3w \u2013 czas na test<\/strong><span class=\"ez-toc-section-end\"><\/span><\/h3>\n\n\n\n<p>Wszystkie najwy\u017csze\nszczyty w Polsce tworz\u0105ce koron\u0119 ju\u017c zdobyte? Czas na spotkanie z Lo\u017c\u0105\nZdobywc\u00f3w, kt\u00f3ra sprawdzi wpisy z Ksi\u0105\u017ceczki. Po pozytywnej weryfikacji\notrzymasz godno\u015b\u0107 Zdobywcy Korony G\u00f3r Polski. <\/p>\n\n\n\n<p>Spotkania Lo\u017cy Zdobywc\u00f3w\nodbywaj\u0105 si\u0119 w r\u00f3\u017cnych miastach. Informacj\u0119, gdzie b\u0119dzie mia\u0142o miejsce\nnast\u0119pne takie spotkanie, znajdziesz oczywi\u015bcie na stronie internetowej Klubu\nZdobywc\u00f3w Korony G\u00f3r Polski.<\/p>\n\n\n\n<h2 class=\"wp-block-heading\"><span class=\"ez-toc-section\" id=\"Ksiazeczka_Korony_Gor_Polski_%E2%80%93_jak_potwierdzic_wejscie_na_szczyt\"><\/span><strong>Ksi\u0105\u017ceczka Korony G\u00f3r Polski \u2013 jak\npotwierdzi\u0107 wej\u015bcie na szczyt?<\/strong><span class=\"ez-toc-section-end\"><\/span><\/h2>\n\n\n\n<p>Je\u017celi chcesz zdoby\u0107 oficjalny tytu\u0142 zdobywcy Korony, ksi\u0105\u017ceczka\nKorony G\u00f3r Polski musi sta\u0107 si\u0119 twoim najwi\u0119kszym przyjacielem. Otrzymasz j\u0105\nwraz z przyst\u0105pieniem do Klubu. Wszystkie najwy\u017csze szczyty w Polsce nale\u017c\u0105ce\ndo Korony maj\u0105 swoj\u0105 stron\u0119 w tej ksi\u0105\u017ceczce.<\/p>\n\n\n\n<p>Potwierdzeniem zdobycia danej g\u00f3ry jest:<\/p>\n\n\n\n<ul class=\"wp-block-list\"><li>zdj\u0119cie ze szczytu \u2013 fotografie musz\u0105 by\u0107 wywo\u0142ane w formie papierowej i wklejone do ksi\u0105\u017ceczki<\/li><li>stempel na odpowiedniej stronie ksi\u0105\u017ceczki \u2013 piecz\u0105tka potwierdza, \u017ce szczyt zdoby\u0142o si\u0119 ju\u017c po przyst\u0105pieniu do Klubu. <\/li><\/ul>\n\n\n\n<p>Gdzie mo\u017cna zdoby\u0107 piecz\u0105tk\u0119? Na wielu szczytach nale\u017c\u0105cych do Korony\nznajduj\u0105 si\u0119 skrzyneczki z piecz\u0105tkami. Stempel mo\u017cna tak\u017ce cz\u0119sto zdoby\u0107 w\nschronisku na \/ pod szczytem lub w innym obiekcie turystycznym znajduj\u0105cym si\u0119\nw pobli\u017cu. Klub Zdobywc\u00f3w Korony G\u00f3r Polski udost\u0119pnia na swojej stronie list\u0119\nmiejsc, w kt\u00f3rych mo\u017cna uzyska\u0107 piecz\u0105tk\u0119. <\/p>\n\n\n\n<div class=\"wp-block-image\"><figure class=\"aligncenter size-large\"><img loading=\"lazy\" decoding=\"async\" width=\"1024\" height=\"768\" src=\"https:\/\/skalnik.pl\/blog\/wp-content\/uploads\/2020\/02\/Rudawiec-skrzyneczka.jpg\" alt=\"Rudawiec - skrzynk\u0105 z piecz\u0105tk\u0105 Klubu Zdobywc\u00f3w Korony G\u00f3r Polski\" class=\"wp-image-11271\" srcset=\"https:\/\/www.skalnik.pl\/blog\/wp-content\/uploads\/2020\/02\/Rudawiec-skrzyneczka.jpg 1024w, https:\/\/www.skalnik.pl\/blog\/wp-content\/uploads\/2020\/02\/Rudawiec-skrzyneczka-300x225.jpg 300w, https:\/\/www.skalnik.pl\/blog\/wp-content\/uploads\/2020\/02\/Rudawiec-skrzyneczka-768x576.jpg 768w\" sizes=\"auto, (max-width: 1024px) 100vw, 1024px\" \/><figcaption><em>W takiej skrzynce na szczycie znajdziesz piecz\u0105tk\u0119 do Ksi\u0105\u017ceczki Korony G\u00f3r Polski<\/em><\/figcaption><\/figure><\/div>\n\n\n\n<p>Co jednak zrobi\u0107, je\u015bli na szczycie nie by\u0142o skrzyneczki z piecz\u0105tk\u0105,\nschronisko czasowo zamkni\u0119to z powodu remontu, a ulewa skutecznie zniech\u0119ci\u0142a\nci\u0119 do poszukiwania innego miejsca, gdzie by\u0142oby mo\u017cliwe zdobycie upragnionego\nstempla? Mo\u017cesz wtedy wpisa\u0107 do ksi\u0105\u017ceczki szczeg\u00f3\u0142owe informacje o zdobyciu\nszczytu. Klub Zdobywc\u00f3w Korony G\u00f3r Polski proponuje na przyk\u0142ad wyrysowanie\nszlak\u00f3w, kt\u00f3rymi sz\u0142o si\u0119 danego dnia. <\/p>\n\n\n\n<h2 class=\"wp-block-heading\"><span class=\"ez-toc-section\" id=\"Mapa_Korony_Gor_Polski\"><\/span><strong>Mapa Korony G\u00f3r Polski<\/strong><span class=\"ez-toc-section-end\"><\/span><\/h2>\n\n\n\n<p>\u201eKorona G\u00f3r Polski mapa\u201d to has\u0142o cz\u0119sto wyszukiwane przez turyst\u00f3w.\nJednak ze wzgl\u0119du na fakt, \u017ce korona g\u00f3r polskich jest tworzona przez szczyty\nle\u017c\u0105ce w najr\u00f3\u017cniejszych pasmach, na rynku nie jest dost\u0119pna jedna mapa Korony\nG\u00f3r Polski.<\/p>\n\n\n\n<p>Potrzebne s\u0105 wi\u0119c plany przedstawiaj\u0105ce poszczeg\u00f3lne pasma g\u00f3rskie. Oczywi\u015bcie, zakup takiej <a href=\"https:\/\/skalnik.pl\/sprzet-turystyczny\/ksiegarnia\/ksiegarnia-mapy\" target=\"_blank\" rel=\"noreferrer noopener\" aria-label=\"mapy (otwiera si\u0119 na nowej zak\u0142adce)\">mapy<\/a> jest doskona\u0142\u0105 motywacj\u0105 do kolejnych wyjazd\u00f3w w dane miejsce i dalszego odkrywania regionu.<\/p>\n\n\n\n<p>Opr\u00f3cz tego, mimo \u017ce nie istnieje jedna prawdziwa mapa Korony G\u00f3r\nPolski, mo\u017cesz zakupi\u0107 du\u017c\u0105 map\u0119 zdrapk\u0119 na \u015bcian\u0119. Jeden rzut oka wystarczy\nwtedy, by sprawdzi\u0107, ile jeszcze szczyt\u00f3w brakuje ci do zdobycia ca\u0142ej Korony.<\/p>\n\n\n\n<div class=\"wp-block-image\"><figure class=\"aligncenter size-large\"><img loading=\"lazy\" decoding=\"async\" width=\"1024\" height=\"768\" src=\"https:\/\/skalnik.pl\/blog\/wp-content\/uploads\/2020\/02\/Skrzyczne-szczyt-Korony-G\u00f3r-Polski.jpg\" alt=\"Skrzyczne - szczyt Korony G\u00f3r Polski\" class=\"wp-image-11269\" srcset=\"https:\/\/www.skalnik.pl\/blog\/wp-content\/uploads\/2020\/02\/Skrzyczne-szczyt-Korony-G\u00f3r-Polski.jpg 1024w, https:\/\/www.skalnik.pl\/blog\/wp-content\/uploads\/2020\/02\/Skrzyczne-szczyt-Korony-G\u00f3r-Polski-300x225.jpg 300w, https:\/\/www.skalnik.pl\/blog\/wp-content\/uploads\/2020\/02\/Skrzyczne-szczyt-Korony-G\u00f3r-Polski-768x576.jpg 768w\" sizes=\"auto, (max-width: 1024px) 100vw, 1024px\" \/><figcaption><em>Zdj\u0119cia ze szczytu to jeden z element\u00f3w potwierdzaj\u0105cych zdobycie danej g\u00f3ry<\/em><\/figcaption><\/figure><\/div>\n\n\n\n<h2 class=\"wp-block-heading\"><span class=\"ez-toc-section\" id=\"Korona_polskich_gor_%E2%80%93_rekordy_szybkosci_i_nie_tylko\"><\/span><strong>Korona polskich g\u00f3r \u2013 rekordy szybko\u015bci\ni nie tylko<\/strong><span class=\"ez-toc-section-end\"><\/span><\/h2>\n\n\n\n<p>Na koniec to co sportowcy lubi\u0105 najbardziej, czyli rekordy. Zaczn\u0119 od\nrekord\u00f3w ilo\u015bci, poniewa\u017c wiele os\u00f3b nie poprzestaje na jednym zdobyciu KGP. W\ntej klasyfikacji zdecydowanie wygrywa Jerzy Si\u0142uch. Korona polskich g\u00f3r zosta\u0142a\nprzez niego zdobyta a\u017c 20 razy (stan na luty 2020 r.). Drugie miejsce zajmuje\nAntoni Kubik (14 razy), a trzecie Albert Urba\u015b (12 razy).<\/p>\n\n\n\n<p>Ile natomiast czasu potrzeba na zdobycie wszystkich szczyt\u00f3w nale\u017c\u0105cych\ndo Korony? Grzegorz Leszek wszed\u0142 na nie w zaledwie 76 godzin. Zimowym\nrekordzist\u0105 jest natomiast Roman Ficek, kt\u00f3ry zim\u0105 zdoby\u0142 szczyty Korony G\u00f3r\nPolski w 82 godziny i 50 minut. Warto zwr\u00f3ci\u0107 tak\u017ce uwag\u0119 na Paw\u0142a Pabiana. Co\nprawda, na zdobycie Korony potrzebowa\u0142 \u201ea\u017c\u201d 110 godzin i 50 minut, ale zrobi\u0142\nto zupe\u0142nie sam, nie korzystaj\u0105c ze wsparcia \u017cadnej innej osoby.<\/p>\n\n\n\n<p>Korona G\u00f3r Polski mo\u017ce by\u0107 naprawd\u0119 ciekawym wyzwaniem, a jej zdobywanie jest przede wszystkim doskona\u0142\u0105 motywacj\u0105 do organizowania kolejnych wyjazd\u00f3w w g\u00f3ry. Je\u015bli jeszcze nie zdobywasz korony, zacznij t\u0119 przygod\u0119 ju\u017c w najbli\u017cszy wolny dzie\u0144.<\/p>\n\n\n\n<p class=\"has-text-align-right\"><em>Katarzyna Butkiewicz<\/em><\/p>\n","protected":false},"excerpt":{"rendered":"<p>Korona G\u00f3r Polski jest zbierana przez wielu g\u00f3rskich pasjonat\u00f3w. Jak uzyska\u0107 tytu\u0142 zdobywcy Korony? Dlaczego warto podj\u0105\u0107 to wyzwanie?<\/p>\n","protected":false},"author":7,"featured_media":11304,"comment_status":"open","ping_status":"open","sticky":false,"template":"","format":"standard","meta":{"_acf_changed":false,"footnotes":""},"categories":[84],"tags":[28,94,260,210],"magento_category":[],"magento_product":[],"class_list":["post-11258","post","type-post","status-publish","format-standard","has-post-thumbnail","hentry","category-pasja","tag-gory","tag-inspiracje","tag-korona-gor-polski","tag-turystyka"],"acf":[],"aioseo_notices":[],"aioseo_head":"\n\t\t<!-- All in One SEO 4.9.10 - aioseo.com -->\n\t<meta name=\"description\" content=\"Korona G\u00f3r Polski to wyzwanie podejmowane przez wielu turyst\u00f3w. Jak si\u0119 zdobywa Koron\u0119 G\u00f3r Polski? Jak dzia\u0142a Klub Zdobywc\u00f3w Korony G\u00f3r Polski? Sprawd\u017a.\" \/>\n\t<meta name=\"robots\" content=\"max-image-preview:large\" \/>\n\t<meta name=\"author\" content=\"Redakcja skalnik.pl\"\/>\n\t<link rel=\"canonical\" href=\"https:\/\/www.skalnik.pl\/blog\/korona-gor-polski\/\" \/>\n\t<meta name=\"generator\" content=\"All in One SEO (AIOSEO) 4.9.10\" \/>\n\t\t<meta property=\"og:locale\" content=\"pl_PL\" \/>\n\t\t<meta property=\"og:site_name\" content=\"blog Skalnik - Blog, porady, artyku\u0142y - blog Skalnik\" \/>\n\t\t<meta property=\"og:type\" content=\"article\" \/>\n\t\t<meta property=\"og:title\" content=\"Korona G\u00f3r Polski - blog Skalnik\" \/>\n\t\t<meta property=\"og:description\" content=\"Korona G\u00f3r Polski to wyzwanie podejmowane przez wielu turyst\u00f3w. Jak si\u0119 zdobywa Koron\u0119 G\u00f3r Polski? Jak dzia\u0142a Klub Zdobywc\u00f3w Korony G\u00f3r Polski? Sprawd\u017a.\" \/>\n\t\t<meta property=\"og:url\" content=\"https:\/\/www.skalnik.pl\/blog\/korona-gor-polski\/\" \/>\n\t\t<meta property=\"og:image\" content=\"https:\/\/skalnik.pl\/blog\/wp-content\/uploads\/2020\/02\/\u015anie\u017cka-najwy\u017cszy-szczyt-w-Karkonoszach.jpg\" \/>\n\t\t<meta property=\"og:image:secure_url\" content=\"https:\/\/skalnik.pl\/blog\/wp-content\/uploads\/2020\/02\/\u015anie\u017cka-najwy\u017cszy-szczyt-w-Karkonoszach.jpg\" \/>\n\t\t<meta property=\"article:tag\" content=\"pasja\" \/>\n\t\t<meta property=\"article:tag\" content=\"g\u00f3ry\" \/>\n\t\t<meta property=\"article:tag\" content=\"inspiracje\" \/>\n\t\t<meta property=\"article:tag\" content=\"korona g\u00f3r polski\" \/>\n\t\t<meta property=\"article:tag\" content=\"turystyka\" \/>\n\t\t<meta property=\"article:published_time\" content=\"2020-02-10T09:41:12+00:00\" \/>\n\t\t<meta property=\"article:modified_time\" content=\"2023-01-17T07:50:13+00:00\" \/>\n\t\t<meta name=\"twitter:card\" content=\"summary_large_image\" \/>\n\t\t<meta name=\"twitter:title\" content=\"Korona G\u00f3r Polski - blog Skalnik\" \/>\n\t\t<meta name=\"twitter:description\" content=\"Korona G\u00f3r Polski to wyzwanie podejmowane przez wielu turyst\u00f3w. Jak si\u0119 zdobywa Koron\u0119 G\u00f3r Polski? Jak dzia\u0142a Klub Zdobywc\u00f3w Korony G\u00f3r Polski? Sprawd\u017a.\" \/>\n\t\t<meta name=\"twitter:image\" content=\"https:\/\/skalnik.pl\/blog\/wp-content\/uploads\/2020\/02\/\u015anie\u017cka-najwy\u017cszy-szczyt-w-Karkonoszach.jpg\" \/>\n\t\t<script type=\"application\/ld+json\" class=\"aioseo-schema\">\n\t\t\t{\"@context\":\"https:\\\/\\\/schema.org\",\"@graph\":[{\"@type\":\"BlogPosting\",\"@id\":\"https:\\\/\\\/www.skalnik.pl\\\/blog\\\/korona-gor-polski\\\/#blogposting\",\"name\":\"Korona G\\u00f3r Polski - blog Skalnik\",\"headline\":\"Korona G\\u00f3r Polski\",\"author\":{\"@id\":\"https:\\\/\\\/www.skalnik.pl\\\/blog\\\/author\\\/redakcja-skalnik-pl\\\/#author\"},\"publisher\":{\"@id\":\"https:\\\/\\\/www.skalnik.pl\\\/blog\\\/#organization\"},\"image\":{\"@type\":\"ImageObject\",\"url\":\"https:\\\/\\\/www.skalnik.pl\\\/blog\\\/wp-content\\\/uploads\\\/2020\\\/02\\\/okladka_KGP.jpg\",\"width\":1920,\"height\":705},\"datePublished\":\"2020-02-10T10:41:12+02:00\",\"dateModified\":\"2023-01-17T08:50:13+02:00\",\"inLanguage\":\"pl-PL\",\"mainEntityOfPage\":{\"@id\":\"https:\\\/\\\/www.skalnik.pl\\\/blog\\\/korona-gor-polski\\\/#webpage\"},\"isPartOf\":{\"@id\":\"https:\\\/\\\/www.skalnik.pl\\\/blog\\\/korona-gor-polski\\\/#webpage\"},\"articleSection\":\"Pasja, g\\u00f3ry, inspiracje, korona g\\u00f3r polski, turystyka\"},{\"@type\":\"BreadcrumbList\",\"@id\":\"https:\\\/\\\/www.skalnik.pl\\\/blog\\\/korona-gor-polski\\\/#breadcrumblist\",\"itemListElement\":[{\"@type\":\"ListItem\",\"@id\":\"https:\\\/\\\/www.skalnik.pl\\\/blog#listItem\",\"position\":1,\"name\":\"Home\",\"item\":\"https:\\\/\\\/www.skalnik.pl\\\/blog\",\"nextItem\":{\"@type\":\"ListItem\",\"@id\":\"https:\\\/\\\/www.skalnik.pl\\\/blog\\\/.\\\/pasja\\\/#listItem\",\"name\":\"Pasja\"}},{\"@type\":\"ListItem\",\"@id\":\"https:\\\/\\\/www.skalnik.pl\\\/blog\\\/.\\\/pasja\\\/#listItem\",\"position\":2,\"name\":\"Pasja\",\"item\":\"https:\\\/\\\/www.skalnik.pl\\\/blog\\\/.\\\/pasja\\\/\",\"nextItem\":{\"@type\":\"ListItem\",\"@id\":\"https:\\\/\\\/www.skalnik.pl\\\/blog\\\/korona-gor-polski\\\/#listItem\",\"name\":\"Korona G\\u00f3r Polski\"},\"previousItem\":{\"@type\":\"ListItem\",\"@id\":\"https:\\\/\\\/www.skalnik.pl\\\/blog#listItem\",\"name\":\"Home\"}},{\"@type\":\"ListItem\",\"@id\":\"https:\\\/\\\/www.skalnik.pl\\\/blog\\\/korona-gor-polski\\\/#listItem\",\"position\":3,\"name\":\"Korona G\\u00f3r Polski\",\"previousItem\":{\"@type\":\"ListItem\",\"@id\":\"https:\\\/\\\/www.skalnik.pl\\\/blog\\\/.\\\/pasja\\\/#listItem\",\"name\":\"Pasja\"}}]},{\"@type\":\"Organization\",\"@id\":\"https:\\\/\\\/www.skalnik.pl\\\/blog\\\/#organization\",\"name\":\"blog Skalnik\",\"description\":\"Blog, porady, artyku\\u0142y - blog Skalnik\",\"url\":\"https:\\\/\\\/www.skalnik.pl\\\/blog\\\/\"},{\"@type\":\"Person\",\"@id\":\"https:\\\/\\\/www.skalnik.pl\\\/blog\\\/author\\\/redakcja-skalnik-pl\\\/#author\",\"url\":\"https:\\\/\\\/www.skalnik.pl\\\/blog\\\/author\\\/redakcja-skalnik-pl\\\/\",\"name\":\"Redakcja skalnik.pl\",\"image\":{\"@type\":\"ImageObject\",\"@id\":\"https:\\\/\\\/www.skalnik.pl\\\/blog\\\/korona-gor-polski\\\/#authorImage\",\"url\":\"https:\\\/\\\/secure.gravatar.com\\\/avatar\\\/7eab29b048aaf0899cd9a145e9adb814e2130ced31e65b454b902500bea65f9e?s=96&d=mm&r=g\",\"width\":96,\"height\":96,\"caption\":\"Redakcja skalnik.pl\"}},{\"@type\":\"WebPage\",\"@id\":\"https:\\\/\\\/www.skalnik.pl\\\/blog\\\/korona-gor-polski\\\/#webpage\",\"url\":\"https:\\\/\\\/www.skalnik.pl\\\/blog\\\/korona-gor-polski\\\/\",\"name\":\"Korona G\\u00f3r Polski - blog Skalnik\",\"description\":\"Korona G\\u00f3r Polski to wyzwanie podejmowane przez wielu turyst\\u00f3w. Jak si\\u0119 zdobywa Koron\\u0119 G\\u00f3r Polski? Jak dzia\\u0142a Klub Zdobywc\\u00f3w Korony G\\u00f3r Polski? Sprawd\\u017a.\",\"inLanguage\":\"pl-PL\",\"isPartOf\":{\"@id\":\"https:\\\/\\\/www.skalnik.pl\\\/blog\\\/#website\"},\"breadcrumb\":{\"@id\":\"https:\\\/\\\/www.skalnik.pl\\\/blog\\\/korona-gor-polski\\\/#breadcrumblist\"},\"author\":{\"@id\":\"https:\\\/\\\/www.skalnik.pl\\\/blog\\\/author\\\/redakcja-skalnik-pl\\\/#author\"},\"creator\":{\"@id\":\"https:\\\/\\\/www.skalnik.pl\\\/blog\\\/author\\\/redakcja-skalnik-pl\\\/#author\"},\"image\":{\"@type\":\"ImageObject\",\"url\":\"https:\\\/\\\/www.skalnik.pl\\\/blog\\\/wp-content\\\/uploads\\\/2020\\\/02\\\/okladka_KGP.jpg\",\"@id\":\"https:\\\/\\\/www.skalnik.pl\\\/blog\\\/korona-gor-polski\\\/#mainImage\",\"width\":1920,\"height\":705},\"primaryImageOfPage\":{\"@id\":\"https:\\\/\\\/www.skalnik.pl\\\/blog\\\/korona-gor-polski\\\/#mainImage\"},\"datePublished\":\"2020-02-10T10:41:12+02:00\",\"dateModified\":\"2023-01-17T08:50:13+02:00\"},{\"@type\":\"WebSite\",\"@id\":\"https:\\\/\\\/www.skalnik.pl\\\/blog\\\/#website\",\"url\":\"https:\\\/\\\/www.skalnik.pl\\\/blog\\\/\",\"name\":\"blog Skalnik\",\"description\":\"Blog, porady, artyku\\u0142y - blog Skalnik\",\"inLanguage\":\"pl-PL\",\"publisher\":{\"@id\":\"https:\\\/\\\/www.skalnik.pl\\\/blog\\\/#organization\"}}]}\n\t\t<\/script>\n\t\t<!-- All in One SEO -->\n\n","aioseo_head_json":{"title":"Korona G\u00f3r Polski - blog Skalnik","description":"Korona G\u00f3r Polski to wyzwanie podejmowane przez wielu turyst\u00f3w. Jak si\u0119 zdobywa Koron\u0119 G\u00f3r Polski? Jak dzia\u0142a Klub Zdobywc\u00f3w Korony G\u00f3r Polski? Sprawd\u017a.","canonical_url":"https:\/\/www.skalnik.pl\/blog\/korona-gor-polski\/","robots":"max-image-preview:large","keywords":"","webmasterTools":{"miscellaneous":""},"schema":{"@context":"https:\/\/schema.org","@graph":[{"@type":"BlogPosting","@id":"https:\/\/www.skalnik.pl\/blog\/korona-gor-polski\/#blogposting","name":"Korona G\u00f3r Polski - blog Skalnik","headline":"Korona G\u00f3r Polski","author":{"@id":"https:\/\/www.skalnik.pl\/blog\/author\/redakcja-skalnik-pl\/#author"},"publisher":{"@id":"https:\/\/www.skalnik.pl\/blog\/#organization"},"image":{"@type":"ImageObject","url":"https:\/\/www.skalnik.pl\/blog\/wp-content\/uploads\/2020\/02\/okladka_KGP.jpg","width":1920,"height":705},"datePublished":"2020-02-10T10:41:12+02:00","dateModified":"2023-01-17T08:50:13+02:00","inLanguage":"pl-PL","mainEntityOfPage":{"@id":"https:\/\/www.skalnik.pl\/blog\/korona-gor-polski\/#webpage"},"isPartOf":{"@id":"https:\/\/www.skalnik.pl\/blog\/korona-gor-polski\/#webpage"},"articleSection":"Pasja, g\u00f3ry, inspiracje, korona g\u00f3r polski, turystyka"},{"@type":"BreadcrumbList","@id":"https:\/\/www.skalnik.pl\/blog\/korona-gor-polski\/#breadcrumblist","itemListElement":[{"@type":"ListItem","@id":"https:\/\/www.skalnik.pl\/blog#listItem","position":1,"name":"Home","item":"https:\/\/www.skalnik.pl\/blog","nextItem":{"@type":"ListItem","@id":"https:\/\/www.skalnik.pl\/blog\/.\/pasja\/#listItem","name":"Pasja"}},{"@type":"ListItem","@id":"https:\/\/www.skalnik.pl\/blog\/.\/pasja\/#listItem","position":2,"name":"Pasja","item":"https:\/\/www.skalnik.pl\/blog\/.\/pasja\/","nextItem":{"@type":"ListItem","@id":"https:\/\/www.skalnik.pl\/blog\/korona-gor-polski\/#listItem","name":"Korona G\u00f3r Polski"},"previousItem":{"@type":"ListItem","@id":"https:\/\/www.skalnik.pl\/blog#listItem","name":"Home"}},{"@type":"ListItem","@id":"https:\/\/www.skalnik.pl\/blog\/korona-gor-polski\/#listItem","position":3,"name":"Korona G\u00f3r Polski","previousItem":{"@type":"ListItem","@id":"https:\/\/www.skalnik.pl\/blog\/.\/pasja\/#listItem","name":"Pasja"}}]},{"@type":"Organization","@id":"https:\/\/www.skalnik.pl\/blog\/#organization","name":"blog Skalnik","description":"Blog, porady, artyku\u0142y - blog Skalnik","url":"https:\/\/www.skalnik.pl\/blog\/"},{"@type":"Person","@id":"https:\/\/www.skalnik.pl\/blog\/author\/redakcja-skalnik-pl\/#author","url":"https:\/\/www.skalnik.pl\/blog\/author\/redakcja-skalnik-pl\/","name":"Redakcja skalnik.pl","image":{"@type":"ImageObject","@id":"https:\/\/www.skalnik.pl\/blog\/korona-gor-polski\/#authorImage","url":"https:\/\/secure.gravatar.com\/avatar\/7eab29b048aaf0899cd9a145e9adb814e2130ced31e65b454b902500bea65f9e?s=96&d=mm&r=g","width":96,"height":96,"caption":"Redakcja skalnik.pl"}},{"@type":"WebPage","@id":"https:\/\/www.skalnik.pl\/blog\/korona-gor-polski\/#webpage","url":"https:\/\/www.skalnik.pl\/blog\/korona-gor-polski\/","name":"Korona G\u00f3r Polski - blog Skalnik","description":"Korona G\u00f3r Polski to wyzwanie podejmowane przez wielu turyst\u00f3w. Jak si\u0119 zdobywa Koron\u0119 G\u00f3r Polski? Jak dzia\u0142a Klub Zdobywc\u00f3w Korony G\u00f3r Polski? Sprawd\u017a.","inLanguage":"pl-PL","isPartOf":{"@id":"https:\/\/www.skalnik.pl\/blog\/#website"},"breadcrumb":{"@id":"https:\/\/www.skalnik.pl\/blog\/korona-gor-polski\/#breadcrumblist"},"author":{"@id":"https:\/\/www.skalnik.pl\/blog\/author\/redakcja-skalnik-pl\/#author"},"creator":{"@id":"https:\/\/www.skalnik.pl\/blog\/author\/redakcja-skalnik-pl\/#author"},"image":{"@type":"ImageObject","url":"https:\/\/www.skalnik.pl\/blog\/wp-content\/uploads\/2020\/02\/okladka_KGP.jpg","@id":"https:\/\/www.skalnik.pl\/blog\/korona-gor-polski\/#mainImage","width":1920,"height":705},"primaryImageOfPage":{"@id":"https:\/\/www.skalnik.pl\/blog\/korona-gor-polski\/#mainImage"},"datePublished":"2020-02-10T10:41:12+02:00","dateModified":"2023-01-17T08:50:13+02:00"},{"@type":"WebSite","@id":"https:\/\/www.skalnik.pl\/blog\/#website","url":"https:\/\/www.skalnik.pl\/blog\/","name":"blog Skalnik","description":"Blog, porady, artyku\u0142y - blog Skalnik","inLanguage":"pl-PL","publisher":{"@id":"https:\/\/www.skalnik.pl\/blog\/#organization"}}]},"og:locale":"pl_PL","og:site_name":"blog Skalnik - Blog, porady, artyku\u0142y - blog Skalnik","og:type":"article","og:title":"Korona G\u00f3r Polski - blog Skalnik","og:description":"Korona G\u00f3r Polski to wyzwanie podejmowane przez wielu turyst\u00f3w. Jak si\u0119 zdobywa Koron\u0119 G\u00f3r Polski? Jak dzia\u0142a Klub Zdobywc\u00f3w Korony G\u00f3r Polski? Sprawd\u017a.","og:url":"https:\/\/www.skalnik.pl\/blog\/korona-gor-polski\/","og:image":"https:\/\/skalnik.pl\/blog\/wp-content\/uploads\/2020\/02\/\u015anie\u017cka-najwy\u017cszy-szczyt-w-Karkonoszach.jpg","og:image:secure_url":"https:\/\/skalnik.pl\/blog\/wp-content\/uploads\/2020\/02\/\u015anie\u017cka-najwy\u017cszy-szczyt-w-Karkonoszach.jpg","article:tag":["pasja","g\u00f3ry","inspiracje","korona g\u00f3r polski","turystyka"],"article:published_time":"2020-02-10T09:41:12+00:00","article:modified_time":"2023-01-17T07:50:13+00:00","twitter:card":"summary_large_image","twitter:title":"Korona G\u00f3r Polski - blog Skalnik","twitter:description":"Korona G\u00f3r Polski to wyzwanie podejmowane przez wielu turyst\u00f3w. Jak si\u0119 zdobywa Koron\u0119 G\u00f3r Polski? Jak dzia\u0142a Klub Zdobywc\u00f3w Korony G\u00f3r Polski? Sprawd\u017a.","twitter:image":"https:\/\/skalnik.pl\/blog\/wp-content\/uploads\/2020\/02\/\u015anie\u017cka-najwy\u017cszy-szczyt-w-Karkonoszach.jpg"},"aioseo_meta_data":{"post_id":"11258","title":null,"description":"Korona G\u00f3r Polski to wyzwanie podejmowane przez wielu turyst\u00f3w. Jak si\u0119 zdobywa Koron\u0119 G\u00f3r Polski? Jak dzia\u0142a Klub Zdobywc\u00f3w Korony G\u00f3r Polski? Sprawd\u017a.","keywords":[{"label":"korona g\u00f3r polski","value":"korona g\u00f3r polski"},{"label":"korona polskich g\u00f3r","value":"korona polskich g\u00f3r"},{"label":"korona g\u00f3r polski mapa","value":"korona g\u00f3r polski mapa"},{"label":"korona g\u00f3r polski szczyty","value":"korona g\u00f3r polski szczyty"}],"keyphrases":null,"primary_term":null,"canonical_url":null,"og_title":null,"og_description":null,"og_object_type":"default","og_image_type":"default","og_image_url":null,"og_image_width":null,"og_image_height":null,"og_image_custom_url":null,"og_image_custom_fields":null,"og_video":null,"og_custom_url":null,"og_article_section":null,"og_article_tags":null,"twitter_use_og":false,"twitter_card":"default","twitter_image_type":"default","twitter_image_url":null,"twitter_image_custom_url":null,"twitter_image_custom_fields":null,"twitter_title":null,"twitter_description":null,"schema":{"blockGraphs":[],"customGraphs":[],"default":{"data":{"Article":[],"Course":[],"Dataset":[],"FAQPage":[],"Movie":[],"Person":[],"Product":[],"ProductReview":[],"Car":[],"Recipe":[],"Service":[],"SoftwareApplication":[],"WebPage":[]},"graphName":"BlogPosting","isEnabled":true},"graphs":[]},"schema_type":"default","schema_type_options":null,"pillar_content":false,"robots_default":true,"robots_noindex":false,"robots_noarchive":false,"robots_nosnippet":false,"robots_nofollow":false,"robots_noimageindex":false,"robots_noodp":false,"robots_notranslate":false,"robots_max_snippet":null,"robots_max_videopreview":null,"robots_max_imagepreview":"large","priority":null,"frequency":null,"local_seo":null,"breadcrumb_settings":null,"limit_modified_date":false,"ai":null,"created":"2022-08-26 10:13:47","updated":"2026-02-17 21:47:26","seo_analyzer_scan_date":null},"aioseo_breadcrumb":"<div class=\"aioseo-breadcrumbs\"><span class=\"aioseo-breadcrumb\">\n\t\t\t<a href=\"https:\/\/www.skalnik.pl\/blog\" title=\"Home\">Home<\/a>\n\t\t<\/span><span class=\"aioseo-breadcrumb-separator\">&raquo;<\/span><span class=\"aioseo-breadcrumb\">\n\t\t\t<a href=\"https:\/\/www.skalnik.pl\/blog\/.\/pasja\/\" title=\"Pasja\">Pasja<\/a>\n\t\t<\/span><span class=\"aioseo-breadcrumb-separator\">&raquo;<\/span><span class=\"aioseo-breadcrumb\">\n\t\t\tKorona G\u00f3r Polski\n\t\t<\/span><\/div>","aioseo_breadcrumb_json":[{"label":"Home","link":"https:\/\/www.skalnik.pl\/blog"},{"label":"Pasja","link":"https:\/\/www.skalnik.pl\/blog\/.\/pasja\/"},{"label":"Korona G\u00f3r Polski","link":"https:\/\/www.skalnik.pl\/blog\/korona-gor-polski\/"}],"_links":{"self":[{"href":"https:\/\/www.skalnik.pl\/blog\/wp-json\/wp\/v2\/posts\/11258","targetHints":{"allow":["GET"]}}],"collection":[{"href":"https:\/\/www.skalnik.pl\/blog\/wp-json\/wp\/v2\/posts"}],"about":[{"href":"https:\/\/www.skalnik.pl\/blog\/wp-json\/wp\/v2\/types\/post"}],"author":[{"embeddable":true,"href":"https:\/\/www.skalnik.pl\/blog\/wp-json\/wp\/v2\/users\/7"}],"replies":[{"embeddable":true,"href":"https:\/\/www.skalnik.pl\/blog\/wp-json\/wp\/v2\/comments?post=11258"}],"version-history":[{"count":13,"href":"https:\/\/www.skalnik.pl\/blog\/wp-json\/wp\/v2\/posts\/11258\/revisions"}],"predecessor-version":[{"id":21898,"href":"https:\/\/www.skalnik.pl\/blog\/wp-json\/wp\/v2\/posts\/11258\/revisions\/21898"}],"wp:featuredmedia":[{"embeddable":true,"href":"https:\/\/www.skalnik.pl\/blog\/wp-json\/wp\/v2\/media\/11304"}],"wp:attachment":[{"href":"https:\/\/www.skalnik.pl\/blog\/wp-json\/wp\/v2\/media?parent=11258"}],"wp:term":[{"taxonomy":"category","embeddable":true,"href":"https:\/\/www.skalnik.pl\/blog\/wp-json\/wp\/v2\/categories?post=11258"},{"taxonomy":"post_tag","embeddable":true,"href":"https:\/\/www.skalnik.pl\/blog\/wp-json\/wp\/v2\/tags?post=11258"},{"taxonomy":"magento_category","embeddable":true,"href":"https:\/\/www.skalnik.pl\/blog\/wp-json\/wp\/v2\/magento_category?post=11258"},{"taxonomy":"magento_product","embeddable":true,"href":"https:\/\/www.skalnik.pl\/blog\/wp-json\/wp\/v2\/magento_product?post=11258"}],"curies":[{"name":"wp","href":"https:\/\/api.w.org\/{rel}","templated":true}]}}