{"id":11423,"date":"2020-02-12T13:36:32","date_gmt":"2020-02-12T12:36:32","guid":{"rendered":"https:\/\/skalnik.pl\/blog\/?p=11423"},"modified":"2024-05-21T08:53:12","modified_gmt":"2024-05-21T06:53:12","slug":"vibram-kultowa-podeszwa-outdoor","status":"publish","type":"post","link":"https:\/\/www.skalnik.pl\/blog\/vibram-kultowa-podeszwa-outdoor\/","title":{"rendered":"Vibram &#8211; kultowa podeszwa outdoor"},"content":{"rendered":"\n<p>\n<strong>Ka\u017cdy entuzjasta g\u00f3rskich w\u0142\u00f3cz\u0119g i wspinaczek wie, \u017ce dobra\npodeszwa to po\u0142owa sukcesu. W ko\u0144cu nikt z nas nie lubi czu\u0107 si\u0119\nniepewnie w \u015bcianie lub na szlaku. Stawiaj\u0105c kroki w wymagaj\u0105cym\nterenie chcesz mie\u0107 gwarancj\u0119, \u017ce ka\u017cdy kolejny ruch przybli\u017cy\nci\u0119 do za\u0142o\u017conego celu. Od ponad 80-ciu lat t\u0119 gwarancj\u0119 daj\u0105\nnam podeszwy Vibram. <\/strong>\n<\/p>\n\n\n\n<p>Ta w\u0142oska\nmarka specjalizuj\u0105ca si\u0119 w produkcji podeszew powsta\u0142a 1937 roku z\ninicjatywy wszechstronnego i utalentowanego alpinisty Vitale\nBramaniego. Jesieni\u0105 1935 roku dosz\u0142o do wypadku na Punta Rasica w\nBergaglii, w kt\u00f3rym zgin\u0119\u0142o sze\u015bciu alpinist\u00f3w \u2013 przyjaci\u00f3\u0142\nBramaniego. Wypadek ten by\u0142 spowodowany mi\u0119dzy innymi przez\nnieodpowiednie obuwie. Vitale by\u0142 \u015bwiadkiem tego tragicznego\nzdarzenia. Zdarzenie by\u0142o\ndla m\u0142odego alpinisty\nimpulsem do\nstworzenia podeszwy, kt\u00f3ra nie zawiedzie w nawet najbardziej\nwymagaj\u0105cych warunkach. \n<\/p>\n\n\n\n<div id=\"ez-toc-container\" class=\"ez-toc-v2_0_85 counter-hierarchy ez-toc-counter ez-toc-light-blue ez-toc-container-direction\">\n<div class=\"ez-toc-title-container\">\n<p class=\"ez-toc-title\" style=\"cursor:inherit\">SPIS TRE\u015aCI <\/p>\n<span class=\"ez-toc-title-toggle\"><a href=\"#\" class=\"ez-toc-pull-right ez-toc-btn ez-toc-btn-xs ez-toc-btn-default ez-toc-toggle\" aria-label=\"Prze\u0142\u0105cznik Spisu Tre\u015bci\"><span class=\"ez-toc-js-icon-con\"><span class=\"\"><span class=\"eztoc-hide\" style=\"display:none;\">Toggle<\/span><span class=\"ez-toc-icon-toggle-span\"><svg style=\"fill: #999;color:#999\" xmlns=\"http:\/\/www.w3.org\/2000\/svg\" class=\"list-377408\" width=\"20px\" height=\"20px\" viewBox=\"0 0 24 24\" fill=\"none\"><path d=\"M6 6H4v2h2V6zm14 0H8v2h12V6zM4 11h2v2H4v-2zm16 0H8v2h12v-2zM4 16h2v2H4v-2zm16 0H8v2h12v-2z\" fill=\"currentColor\"><\/path><\/svg><svg style=\"fill: #999;color:#999\" class=\"arrow-unsorted-368013\" xmlns=\"http:\/\/www.w3.org\/2000\/svg\" width=\"10px\" height=\"10px\" viewBox=\"0 0 24 24\" version=\"1.2\" baseProfile=\"tiny\"><path d=\"M18.2 9.3l-6.2-6.3-6.2 6.3c-.2.2-.3.4-.3.7s.1.5.3.7c.2.2.4.3.7.3h11c.3 0 .5-.1.7-.3.2-.2.3-.5.3-.7s-.1-.5-.3-.7zM5.8 14.7l6.2 6.3 6.2-6.3c.2-.2.3-.5.3-.7s-.1-.5-.3-.7c-.2-.2-.4-.3-.7-.3h-11c-.3 0-.5.1-.7.3-.2.2-.3.5-.3.7s.1.5.3.7z\"\/><\/svg><\/span><\/span><\/span><\/a><\/span><\/div>\n<nav><ul class='ez-toc-list ez-toc-list-level-1 ' ><li class='ez-toc-page-1 ez-toc-heading-level-2'><a class=\"ez-toc-link ez-toc-heading-1\" href=\"https:\/\/www.skalnik.pl\/blog\/vibram-kultowa-podeszwa-outdoor\/#Poczatki_%E2%80%93_Piz_Badile_K2_i_Vibram\" >Pocz\u0105tki \u2013 Piz Badile, K2 i Vibram<\/a><\/li><li class='ez-toc-page-1 ez-toc-heading-level-2'><a class=\"ez-toc-link ez-toc-heading-2\" href=\"https:\/\/www.skalnik.pl\/blog\/vibram-kultowa-podeszwa-outdoor\/#Podeszwa_Vibram_%E2%80%93_dalszy_rozwoj\" >Podeszwa Vibram &#8211; dalszy rozw\u00f3j<\/a><\/li><li class='ez-toc-page-1 ez-toc-heading-level-2'><a class=\"ez-toc-link ez-toc-heading-3\" href=\"https:\/\/www.skalnik.pl\/blog\/vibram-kultowa-podeszwa-outdoor\/#Podeszwy_Vibram_%E2%80%93_swiety_Graal_wspinaczy\" >Podeszwy Vibram &#8211; \u015bwi\u0119ty Graal\nwspinaczy<\/a><\/li><li class='ez-toc-page-1 ez-toc-heading-level-2'><a class=\"ez-toc-link ez-toc-heading-4\" href=\"https:\/\/www.skalnik.pl\/blog\/vibram-kultowa-podeszwa-outdoor\/#Vibram_Five_Fingers\" >Vibram Five Fingers<\/a><\/li><li class='ez-toc-page-1 ez-toc-heading-level-2'><a class=\"ez-toc-link ez-toc-heading-5\" href=\"https:\/\/www.skalnik.pl\/blog\/vibram-kultowa-podeszwa-outdoor\/#Buty_trekkingowe_i_wspinaczkowe_%E2%80%93_rodzaje_Vibramu\" >Buty trekkingowe  i wspinaczkowe \u2013\nrodzaje Vibramu<\/a><ul class='ez-toc-list-level-3' ><li class='ez-toc-heading-level-3'><a class=\"ez-toc-link ez-toc-heading-6\" href=\"https:\/\/www.skalnik.pl\/blog\/vibram-kultowa-podeszwa-outdoor\/#XS_Grip\" >XS Grip<\/a><\/li><li class='ez-toc-page-1 ez-toc-heading-level-3'><a class=\"ez-toc-link ez-toc-heading-7\" href=\"https:\/\/www.skalnik.pl\/blog\/vibram-kultowa-podeszwa-outdoor\/#XS_Grip_2\" >XS Grip 2<\/a><\/li><li class='ez-toc-page-1 ez-toc-heading-level-3'><a class=\"ez-toc-link ez-toc-heading-8\" href=\"https:\/\/www.skalnik.pl\/blog\/vibram-kultowa-podeszwa-outdoor\/#XS_Edge\" >XS Edge<\/a><\/li><li class='ez-toc-page-1 ez-toc-heading-level-3'><a class=\"ez-toc-link ez-toc-heading-9\" href=\"https:\/\/www.skalnik.pl\/blog\/vibram-kultowa-podeszwa-outdoor\/#Megagrip\" >Megagrip<\/a><\/li><li class='ez-toc-page-1 ez-toc-heading-level-3'><a class=\"ez-toc-link ez-toc-heading-10\" href=\"https:\/\/www.skalnik.pl\/blog\/vibram-kultowa-podeszwa-outdoor\/#XS_Trek\" >XS Trek<\/a><\/li><li class='ez-toc-page-1 ez-toc-heading-level-3'><a class=\"ez-toc-link ez-toc-heading-11\" href=\"https:\/\/www.skalnik.pl\/blog\/vibram-kultowa-podeszwa-outdoor\/#Mont\" >Mont<\/a><\/li><li class='ez-toc-page-1 ez-toc-heading-level-3'><a class=\"ez-toc-link ez-toc-heading-12\" href=\"https:\/\/www.skalnik.pl\/blog\/vibram-kultowa-podeszwa-outdoor\/#Vibram_%E2%80%93_czy_warto\" >Vibram &#8211; czy warto?<\/a><\/li><\/ul><\/li><\/ul><\/nav><\/div>\n<h2 class=\"wp-block-heading\"><span class=\"ez-toc-section\" id=\"Poczatki_%E2%80%93_Piz_Badile_K2_i_Vibram\"><\/span>Pocz\u0105tki \u2013 Piz Badile, K2 i Vibram<span class=\"ez-toc-section-end\"><\/span><\/h2>\n\n\n\n<p>Dwa lata po tragicznych wydarzeniach\npod Punta Rasica powstaje podeszwa Carrarmato. Ma ona zapewni\u0107\nprzyczepno\u015b\u0107 w zr\u00f3\u017cnicowanym, g\u00f3rskim terenie. Sam kszta\u0142t\npodeszwy by\u0142 dok\u0142adnie przemy\u015blany. Carrarmato czy sama \u015bci\u0142a\nsi\u0119 z b\u0142ota i \u015bniegu, a rozmieszczenie klock\u00f3w bie\u017cnika\ngwarantowa\u0142o sta\u0142y kontakt z pod\u0142o\u017cem. Front podeszwy umo\u017cliwia\u0142\nstawanie na mniejszych skalnych stopniach, a obcas podeszwy s\u0142u\u017cy\u0142\njako hamulec podczas zej\u015bcia. Ponadprzeci\u0119tna przyczepno\u015b\u0107 i\nwytrzyma\u0142o\u015b\u0107 podeszwy zosta\u0142a potwierdzona  przez samego tw\u00f3rc\u0119\nw 1937 r. podczas wspinaczki na Piz Badile. \n<\/p>\n\n\n\n<p>Dziesi\u0119\u0107 lat p\u00f3\u017aniej, w 1947 r.\nVitale stawia pierwsz\u0105 fabryk\u0119. Gomme Tecnica, bo tak pierwotnie\nnazywa\u0142a si\u0119 firma Bramaniego, zatrudnia czterdzie\u015bci os\u00f3b. Z\nbiegiem lat fabryka rozrasta si\u0119, a za\u0142o\u017cyciel inwestuje w co raz\nto lepsze i bardziej wydajne maszyny. Vibram staje si\u0119 oficjaln\u0105\nnazw\u0105 dopiero w 1958 r. i w tym roku w\u0142a\u015bnie o Vibramie us\u0142yszy\nreszta \u015bwiata.<\/p>\n\n\n\n<iframe loading=\"lazy\" src=\"https:\/\/www.youtube.com\/embed\/HfItkF8Qe8U\" allow=\"accelerometer; autoplay; encrypted-media; gyroscope; picture-in-picture\" allowfullscreen=\"\" width=\"800\" height=\"442\" frameborder=\"0\"><\/iframe>\n\n\n\n<p>Siedemna\u015bcie\nlat od testu pierwszej podeszwy Bramaniego na Piz Badile ma\nmiejsce w\u0142oska wyprawa w Karakorum. Jej celem jest\nzdobycie niesamowicie trudnego szczytu \u2013 K2.  Pod t\u0119 wypraw\u0119\nzostaj\u0105\nzaprojektowane a\u017c trzy rodzaje podeszew: Hercules, Rocca i Montagna.\nWyprawa osi\u0105ga\nszczyt, co staje si\u0119 historycznym\nwydarzeniem w \u015bwiecie himalaizmu i przynosi\ns\u0142aw\u0119 marce Bramaniego.<\/p>\n\n\n\n<h2 class=\"wp-block-heading\"><span class=\"ez-toc-section\" id=\"Podeszwa_Vibram_%E2%80%93_dalszy_rozwoj\"><\/span>Podeszwa Vibram &#8211; dalszy rozw\u00f3j<span class=\"ez-toc-section-end\"><\/span><\/h2>\n\n\n\n<p>Zdobycie\nK2 \nprzez <strong>Achille\nCompagnoniego<\/strong><strong>\n<\/strong>i\n<strong>Lino\nLacedelliego<\/strong>\nprzynios\u0142o marce popularno\u015b\u0107. Dla wizjonera, jakim by\u0142 Vitale\nby\u0142a to niebywa\u0142a okazja daj\u0105ca mo\u017cliwo\u015bci rozwoju dla m\u0142odej\nmarki. Na pocz\u0105tku lat \u201860.\nrozpoczyna si\u0119 eksport podeszew Vibram do Ameryki P\u00f3\u0142nocnej.\nChwil\u0119 p\u00f3\u017aniej Vitale Bramani udziela licencji na produkcj\u0119\npodeszew Quabag Corporation. \n<\/p>\n\n\n\n<p>W\nroku 1969 powstaje podeszwa Vibram Security. Mia\u0142a ona zapewni\u0107\nbezpiecze\u0144stwo  pracownik\u00f3w fabryk przemys\u0142owych tam, gdzie mo\u017cna\nby\u0142o spodziewa\u0107 si\u0119 na przyk\u0142ad plam oleju. W tym samym roku\npodeszwa Vibram  Montagna zostaje obrandowana charakterystycznym\n\u017c\u00f3\u0142tym logo, kt\u00f3re wida\u0107  na spodach but\u00f3w wielu alpinist\u00f3w. W\nprzeci\u0105gu kilku lat &#8222;z\u0142ote logo&#8221; stanie si\u0119 jednym z\nnajbardziej rozpoznawalnych znak\u00f3w w \u015bwiecie outdooru.<\/p>\n\n\n\n<h2 class=\"wp-block-heading\"><span class=\"ez-toc-section\" id=\"Podeszwy_Vibram_%E2%80%93_swiety_Graal_wspinaczy\"><\/span>Podeszwy Vibram &#8211; \u015bwi\u0119ty Graal\nwspinaczy<span class=\"ez-toc-section-end\"><\/span><\/h2>\n\n\n\n<p>W\n1988 roku powstaje podeszwa Vibram Grip, kt\u00f3ra jest najbardziej\nrozpoznawaln\u0105 podeszw\u0105 w\u015br\u00f3d mi\u0142o\u015bnik\u00f3w wspinaczki. Niebywa\u0142e\ntarcie i precyzja, z jak\u0105 mo\u017cna by\u0142o pokonywa\u0107 kolejne metry\n\u015bciany by\u0142y spe\u0142nieniem marze\u0144 wszystkich wspinaczy. W kolejnych\ndekadach portfolio podeszew dedykowanym wspinaczom poszerza si\u0119 i\ndominuje rynek pozostawiaj\u0105c konkurencj\u0119 w tyle.<\/p>\n\n\n\n<h2 class=\"wp-block-heading\"><span class=\"ez-toc-section\" id=\"Vibram_Five_Fingers\"><\/span>Vibram Five Fingers<span class=\"ez-toc-section-end\"><\/span><\/h2>\n\n\n\n<p>Przeskakjuemy niemal\u017ce o dwie dekady, bo a\u017c do roku 2005. W tym\u017ce roku \u015bwiat\u0142o dzienne ujrza\u0142y minialistyczne <a href=\"https:\/\/skalnik.pl\/buty\/vibram\">buty Vibram<\/a> Five Fingers, b\u0119d\u0105ce kolejn\u0105 innowacj\u0105 marki. Five Fingersy, kt\u00f3re pierwotnie mia\u0142y s\u0142u\u017cy\u0107 \u017ceglarzom znalaz\u0142y swoje zastosowanie mi\u0119dzy innymi w bieganiu i jodze. Najbardziej popularne sta\u0142y si\u0119 jednak w\u015br\u00f3d biegaczy i przyczyni\u0142y si\u0119 do popularyzacji biegania naturalnego. Od samego pocz\u0105tku rodzina pi\u0119ciopalczastych but\u00f3w rozrasta\u0142a si\u0119 skutecznie poszerzaj\u0105c grono swoich odbiorc\u00f3w.<\/p>\n\n\n<div class=\"wp-block-image\">\n<figure class=\"aligncenter size-large\"><img loading=\"lazy\" decoding=\"async\" width=\"1024\" height=\"540\" src=\"https:\/\/skalnik.pl\/blog\/wp-content\/uploads\/2020\/02\/vibram-fivefingers.jpg\" alt=\"five fingers vibram\" class=\"wp-image-11424\" srcset=\"https:\/\/www.skalnik.pl\/blog\/wp-content\/uploads\/2020\/02\/vibram-fivefingers.jpg 1024w, https:\/\/www.skalnik.pl\/blog\/wp-content\/uploads\/2020\/02\/vibram-fivefingers-300x158.jpg 300w, https:\/\/www.skalnik.pl\/blog\/wp-content\/uploads\/2020\/02\/vibram-fivefingers-768x405.jpg 768w\" sizes=\"auto, (max-width: 1024px) 100vw, 1024px\" \/><figcaption class=\"wp-element-caption\"><em>Innowacyjne buty Vibram Five Fingers. (fot. Vibram)<\/em><\/figcaption><\/figure>\n<\/div>\n\n\n<h2 class=\"wp-block-heading\"><span class=\"ez-toc-section\" id=\"Buty_trekkingowe_i_wspinaczkowe_%E2%80%93_rodzaje_Vibramu\"><\/span>Buty trekkingowe  i wspinaczkowe \u2013\nrodzaje Vibramu<span class=\"ez-toc-section-end\"><\/span><\/h2>\n\n\n\n<p>Chc\u0119\njednak\nprzedstawi\u0107 teraz\nprodukty\nnajbli\u017csze aktywno\u015bciom, kt\u00f3rym tak ch\u0119tnie si\u0119 oddajemy. Pragn\u0119\nzaznaczy\u0107, \u017ce nie b\u0119d\u0119 skupia\u0142 si\u0119 na kszta\u0142tach bie\u017cnik\u00f3w,\nponiewa\u017c jest ich zbyt wiele, \u017ceby opisa\u0107 ka\u017cdy z nich. Wi\u0119kszo\u015b\u0107\nproducent\u00f3w but\u00f3w trekkingowych i but\u00f3w turystycznych, takich jak\nchocia\u017cby Salewa, tworzy wzory podeszew we wsp\u00f3\u0142pracy z mark\u0105\nVibram. Oczywi\u015bcie wszystkie wzory r\u00f3\u017cni\u0105 si\u0119 od siebie i\nsprawdzaj\u0105 si\u0119 w innych sytuacjach, ale wszystkie maj\u0105 wsp\u00f3lny\nmianownik \u2013 mieszank\u0119, z kt\u00f3rej s\u0105 wykonane.<\/p>\n\n\n\n<h3 class=\"wp-block-heading\"><span class=\"ez-toc-section\" id=\"XS_Grip\"><\/span>XS Grip<span class=\"ez-toc-section-end\"><\/span><\/h3>\n\n\n\n<p>Absolutny\nklasyk i obiekt po\u017c\u0105dania wi\u0119kszo\u015bci wspinaczy. Vibram XS Grip\njest spadkobierc\u0105 dziedzictwa podeszwy Vibram Grip. XS Grip jest\njedn\u0105 z najbardziej uniwersalnych podeszew wspinaczkowych, kt\u00f3ra\ngwarantuje bardzo dobre tarcie i wytrzyma\u0142o\u015b\u0107 na \u015bcieranie. To,\nco czyni t\u0119 podeszw\u0119 wyj\u0105tkow\u0105, to precyzyjna praca w niskich i\nwysokich temperaturach. Mieszanka ta \u015bwietnie sprawdzi si\u0119 tam,\ngdzie potrzeba uniwersalnego narz\u0119dzia, na kt\u00f3rym polega\u0107 b\u0119dzie\nm\u00f3g\u0142 nawet najbardziej wytrawny wspinacz. \n<\/p>\n\n\n\n<h3 class=\"wp-block-heading\"><span class=\"ez-toc-section\" id=\"XS_Grip_2\"><\/span>XS Grip 2<span class=\"ez-toc-section-end\"><\/span><\/h3>\n\n\n\n<p>XS Grip 2 to podeszwa, kt\u00f3r\u0105 wykorzystuj\u0105 cho\u0107by <a href=\"https:\/\/skalnik.pl\/buty\/buty-meskie\/buty-meskie-wspinaczkowe\/la-sportiva\" target=\"_blank\" rel=\"noreferrer noopener\" aria-label=\"buty wspinaczkowe La Sportiva (otwiera si\u0119 na nowej zak\u0142adce)\">buty wspinaczkowe La Sportiva<\/a> Cobra i Miura VS. Mieszanka, kt\u00f3ra zosta\u0142a wykorzystana przy produkcji podeszwy XS Grip 2 gwarantuje najwy\u017csze parametry tarciowe. Jest to mieszanka, kt\u00f3ra zyska\u0142a zaufanie \u015bwiatowej, boulderowej czo\u0142\u00f3wki. Dzi\u0119ki Vibram XS Grip 2 \u017caden crux (np. na Znikaj\u0105cym Punkcie VI.3+\/4) nie zrzuci ci\u0119 z patentowanej drogi.<\/p>\n\n\n\n<h3 class=\"wp-block-heading\"><span class=\"ez-toc-section\" id=\"XS_Edge\"><\/span>XS Edge<span class=\"ez-toc-section-end\"><\/span><\/h3>\n\n\n\n<p>Vibram\nXS Edge odznacza si\u0119 wy\u015bmienitymi parametrami tarciowymi i\nwytrzyma\u0142o\u015bci\u0105. Najwa\u017cniejsz\u0105 jego cech\u0105 jest jednak du\u017co\nlepsza praca na ma\u0142ych stopniach i kraw\u0105dkach. Wszystko dzi\u0119ki\nzastosowaniu mieszanki gum o wi\u0119kszej g\u0119sto\u015bci. Takie rozwi\u0105zanie\npozwoli\u0142o stworzy\u0107 podeszw\u0119, kt\u00f3ra przy zachowaniu wybitnych\nwr\u0119cz w\u0142a\u015bciwo\u015bci tarciowych nie traci swojego kszta\u0142tu. Czujne\nwyci\u0105gi, po kt\u00f3rych musisz porusza\u0107 si\u0119 jak kot nie powinny\nstanowi\u0107 problemu dla Vibram XS Edge.  \n<\/p>\n\n\n\n<iframe loading=\"lazy\" src=\"https:\/\/www.youtube.com\/embed\/F72tcbC4PrM\" allow=\"accelerometer; autoplay; encrypted-media; gyroscope; picture-in-picture\" allowfullscreen=\"\" width=\"800\" height=\"442\" frameborder=\"0\"><\/iframe>\n\n\n\n<h3 class=\"wp-block-heading\"><span class=\"ez-toc-section\" id=\"Megagrip\"><\/span>Megagrip<span class=\"ez-toc-section-end\"><\/span><\/h3>\n\n\n\n<p>Podeszwa Vibram Megagrip to rozwi\u0105zanie, kt\u00f3re najcz\u0119\u015bciej stosowane jest przez projektant\u00f3w, gdy tworz\u0105 buty biegowe i buty podej\u015bciowe. Ten rodzaj podeszwy daje pokaz swoich mo\u017cliwo\u015bci w najci\u0119\u017cszych warunkach, tam, gdzie inne podeszwy wymi\u0119kaj\u0105. Jest to rodzaj podeszwy, kt\u00f3remu niestraszne jest \u015bliskie pod\u0142o\u017ce. Pr\u00f3cz ponadprzeci\u0119tnej przyczepno\u015bci Megagrip oferuje odporno\u015b\u0107 na \u015bcieranie stanowi\u0105c konkurencj\u0119 dla innych, r\u00f3wnie mi\u0119kkich mieszanek.  <\/p>\n\n\n\n<h3 class=\"wp-block-heading\"><span class=\"ez-toc-section\" id=\"XS_Trek\"><\/span>XS Trek<span class=\"ez-toc-section-end\"><\/span><\/h3>\n\n\n\n<p>Podeszwa Vibram XS Trek jest odpowiedzi\u0105 na potrzeby wszelkiej ma\u015bci turyst\u00f3w i alpinist\u00f3w. Specjalna mieszanka zaopatrza <a href=\"https:\/\/skalnik.pl\/buty\" target=\"_blank\" rel=\"noreferrer noopener\" aria-label=\"buty turystyczne (otwiera si\u0119 na nowej zak\u0142adce)\">buty turystyczne<\/a> w solidny kontakt z pod\u0142o\u017cem.  Wprawdzie mieszanka XS Trek to kompromis pomi\u0119dzy trwa\u0142o\u015bci\u0105, a przyczepno\u015bci\u0105. U\u017cytkownik but\u00f3w turystycznych wyposa\u017conych w t\u0119 podeszw\u0119 mo\u017ce by\u0107 pewien, \u017ce nieprzewidywalny g\u00f3rski teren nie stanowi dla niej \u017cadnego wyzwania. Podeszwa XS Trek jest niesamowicie wszechstronna i wyst\u0119puje w wielu wariantach. Niezale\u017cnie od tego, czy szukasz but\u00f3w podej\u015bciowych, czy te\u017c but\u00f3w trekkingowych, podeszwa XS Trek spe\u0142ni twoje wysokie oczekiwania.<\/p>\n\n\n\n<h3 class=\"wp-block-heading\"><span class=\"ez-toc-section\" id=\"Mont\"><\/span><strong>Mont<\/strong><span class=\"ez-toc-section-end\"><\/span><\/h3>\n\n\n\n<p>Mierz\u0105c si\u0119 z najbardziej wymagaj\u0105cymi, najwy\u017cszymi szczytami musisz korzysta\u0107 z pewnych rozwi\u0105za\u0144. Tutaj do akcji wkracza Vibram Mont, twoje panaceum na zmarzni\u0119t\u0105, skut\u0105 lodem ska\u0142\u0119. Ten wariant podeszwy Vibram odznacza si\u0119 wy\u015bmienit\u0105 przyczepno\u015bci\u0105 w ekstremalnych warunkach, b\u0119d\u0105c przy tym r\u00f3wnie wytrzyma\u0142ym i relatywnie lekkim. Mieszanka u\u017cyta do produkcji podeszew z serii Mont nie utwardza si\u0119 w niskich temperaturach, dzi\u0119ki minimalizuje ryzyko po\u015blizgni\u0119cia si\u0119 w kluczowych momentach wspinaczki. Technologi\u0119 Vibram Mont spotkasz w wi\u0119kszo\u015bci modeli but\u00f3w wysokog\u00f3rskich.<\/p>\n\n\n<div class=\"wp-block-image\">\n<figure class=\"aligncenter size-large\"><img loading=\"lazy\" decoding=\"async\" width=\"1024\" height=\"627\" src=\"https:\/\/skalnik.pl\/blog\/wp-content\/uploads\/2020\/02\/AKU-podeszwa-vibram.jpg\" alt=\"buty aku podeszwa vibram\" class=\"wp-image-11428\" srcset=\"https:\/\/www.skalnik.pl\/blog\/wp-content\/uploads\/2020\/02\/AKU-podeszwa-vibram.jpg 1024w, https:\/\/www.skalnik.pl\/blog\/wp-content\/uploads\/2020\/02\/AKU-podeszwa-vibram-300x184.jpg 300w, https:\/\/www.skalnik.pl\/blog\/wp-content\/uploads\/2020\/02\/AKU-podeszwa-vibram-768x470.jpg 768w\" sizes=\"auto, (max-width: 1024px) 100vw, 1024px\" \/><figcaption class=\"wp-element-caption\"><em>Podeszwy Vibram znajdziesz na spodzie but\u00f3w wspinaczkowych, trekkingowych i wysokog\u00f3rskich modeli. (fot. AKU)<\/em><\/figcaption><\/figure>\n<\/div>\n\n\n<h3 class=\"wp-block-heading\"><span class=\"ez-toc-section\" id=\"Vibram_%E2%80%93_czy_warto\"><\/span><strong>Vibram &#8211; czy warto?<\/strong><span class=\"ez-toc-section-end\"><\/span><\/h3>\n\n\n\n<p>My\u015bl\u0119, \u017ce jest to najw\u0142a\u015bciwszy wyb\u00f3r. Oczywi\u015bcie musisz sobie zada\u0107 pytanie, gdzie swojego obuwia b\u0119dziesz u\u017cywa\u0107 w pierwszej kolejno\u015bci. Obuwie trekkingowe z odpowiednio dobran\u0105 podeszw\u0105 Vibram b\u0119dzie ci s\u0142u\u017cy\u0107 przez kilka intensywnych sezon\u00f3w. W tym czasie zagwarantuje  przyczepno\u015b\u0107 w zr\u00f3\u017cnicowanych warunkach, daj\u0105c wsparcie nawet na mokrej skale (tutaj najlepiej sprawdzi si\u0119 Vibram Megagrip). Z w\u0142asnego do\u015bwiadczenia wiem, \u017ce Vibram sprawdza si\u0119 wsz\u0119dzie tam, gdzie inne podeszwy nie maj\u0105 \u017cadnych szans. Vibram jest mark\u0105, kt\u00f3ra stale k\u0142adzie nacisk na rozw\u00f3j i innowacje, st\u0105d pewno\u015b\u0107, \u017ce zawsze b\u0119dziesz mie\u0107 do czynienia z najbardziej zaawansowanym technicznie produktem.  <\/p>\n\n\n\n<p>Jak mo\u017cesz \u0142atwo zauwa\u017cy\u0107 podeszwy Vibram cechuj\u0105 si\u0119 przede wszystkim wysok\u0105 przyczepno\u015bci\u0105 i wytrzyma\u0142o\u015bci\u0105 na \u015bcieranie. Osobi\u015bcie nie wyobra\u017cam sobie obuwia turystycznego z inn\u0105 podeszw\u0105 ni\u017c ta ze z\u0142otym logo. Vibram mia\u0142em okazj\u0119 sprawdzi\u0107 podczas wyjazd\u00f3w wspinaczkowych, biegach g\u00f3rskich i hikingach. W czasie trwania moich przyg\u00f3d nigdy mnie nie zawi\u00f3d\u0142 i sprawia\u0142, \u017ce kolejne kroki stawia\u0142em z pewno\u015bci\u0105. Vibram jest po prostu synonimem podeszwy uniwersalnej, wytrzyma\u0142ej i funkcjonalnej, dlatego w\u0142asnie tak\u0105 podeszw\u0119 powinny mie\u0107 \u2013 wed\u0142ug mnie \u2013 <a href=\"https:\/\/www.skalnik.pl\/buty\/buty-meskie\" target=\"_blank\" rel=\"noopener\" title=\"\">buty trekkingowe<\/a>. Niezale\u017cnie od tego, jak\u0105 form\u0105 turystyki g\u00f3rskiej lub wspinaczki si\u0119 zajmujesz, buty z podeszw\u0105 Vibram powinny by\u0107 cz\u0119\u015bci\u0105 twojego ekwipunku. Do zobaczenia na szlaku!<\/p>\n","protected":false},"excerpt":{"rendered":"<p>Vibram to najbardziej rozpoznawalana podeszwa outdoor. Poznaj histori\u0119 marki i rodzaje Vibramu. <\/p>\n","protected":false},"author":15,"featured_media":11427,"comment_status":"open","ping_status":"open","sticky":false,"template":"","format":"standard","meta":{"_acf_changed":false,"footnotes":""},"categories":[5],"tags":[104,100,111,99],"magento_category":[],"magento_product":[],"class_list":["post-11423","post","type-post","status-publish","format-standard","has-post-thumbnail","hentry","category-branza","tag-buty","tag-buty-trekkingowe","tag-buty-wspinaczkowe","tag-rynek-outdoor"],"acf":[],"aioseo_notices":[],"aioseo_head":"\n\t\t<!-- All in One SEO 4.9.10 - aioseo.com -->\n\t<meta name=\"description\" content=\"Podeszwa Vibram - wiele os\u00f3b jest przekonanych, \u017ce musz\u0105 j\u0105 mie\u0107 rasowe buty trekkingowe. Poznaj mark\u0119 Vibram z bliska i przekonaj, \u017ce &quot;vibramy&quot; przydaj\u0105 si\u0119 w g\u00f3rach.\" \/>\n\t<meta name=\"robots\" content=\"max-image-preview:large\" \/>\n\t<meta name=\"author\" content=\"Marcin Nowak\"\/>\n\t<link rel=\"canonical\" href=\"https:\/\/www.skalnik.pl\/blog\/vibram-kultowa-podeszwa-outdoor\/\" \/>\n\t<meta name=\"generator\" content=\"All in One SEO (AIOSEO) 4.9.10\" \/>\n\t\t<meta property=\"og:locale\" content=\"pl_PL\" \/>\n\t\t<meta property=\"og:site_name\" content=\"blog Skalnik - Blog, porady, artyku\u0142y - blog Skalnik\" \/>\n\t\t<meta property=\"og:type\" content=\"article\" \/>\n\t\t<meta property=\"og:title\" content=\"Vibram \u2013 kultowa podeszwa outdoor - blog Skalnik\" \/>\n\t\t<meta property=\"og:description\" content=\"Podeszwa Vibram - wiele os\u00f3b jest przekonanych, \u017ce musz\u0105 j\u0105 mie\u0107 rasowe buty trekkingowe. Poznaj mark\u0119 Vibram z bliska i przekonaj, \u017ce &quot;vibramy&quot; przydaj\u0105 si\u0119 w g\u00f3rach.\" \/>\n\t\t<meta property=\"og:url\" content=\"https:\/\/www.skalnik.pl\/blog\/vibram-kultowa-podeszwa-outdoor\/\" \/>\n\t\t<meta property=\"og:image\" content=\"https:\/\/skalnik.pl\/blog\/wp-content\/uploads\/2020\/02\/vibram-fivefingers.jpg\" \/>\n\t\t<meta property=\"og:image:secure_url\" content=\"https:\/\/skalnik.pl\/blog\/wp-content\/uploads\/2020\/02\/vibram-fivefingers.jpg\" \/>\n\t\t<meta property=\"article:tag\" content=\"bran\u017ca\" \/>\n\t\t<meta property=\"article:tag\" content=\"buty\" \/>\n\t\t<meta property=\"article:tag\" content=\"buty trekkingowe\" \/>\n\t\t<meta property=\"article:tag\" content=\"buty wspinaczkowe\" \/>\n\t\t<meta property=\"article:tag\" content=\"rynek outdoor\" \/>\n\t\t<meta property=\"article:published_time\" content=\"2020-02-12T12:36:32+00:00\" \/>\n\t\t<meta property=\"article:modified_time\" content=\"2024-05-21T06:53:12+00:00\" \/>\n\t\t<meta name=\"twitter:card\" content=\"summary_large_image\" \/>\n\t\t<meta name=\"twitter:title\" content=\"Vibram \u2013 kultowa podeszwa outdoor - blog Skalnik\" \/>\n\t\t<meta name=\"twitter:description\" content=\"Podeszwa Vibram - wiele os\u00f3b jest przekonanych, \u017ce musz\u0105 j\u0105 mie\u0107 rasowe buty trekkingowe. Poznaj mark\u0119 Vibram z bliska i przekonaj, \u017ce &quot;vibramy&quot; przydaj\u0105 si\u0119 w g\u00f3rach.\" \/>\n\t\t<meta name=\"twitter:image\" content=\"https:\/\/skalnik.pl\/blog\/wp-content\/uploads\/2020\/02\/vibram-fivefingers.jpg\" \/>\n\t\t<script type=\"application\/ld+json\" class=\"aioseo-schema\">\n\t\t\t{\"@context\":\"https:\\\/\\\/schema.org\",\"@graph\":[{\"@type\":\"BlogPosting\",\"@id\":\"https:\\\/\\\/www.skalnik.pl\\\/blog\\\/vibram-kultowa-podeszwa-outdoor\\\/#blogposting\",\"name\":\"Vibram \\u2013 kultowa podeszwa outdoor - blog Skalnik\",\"headline\":\"Vibram &#8211; kultowa podeszwa outdoor\",\"author\":{\"@id\":\"https:\\\/\\\/www.skalnik.pl\\\/blog\\\/author\\\/marcin-nowak\\\/#author\"},\"publisher\":{\"@id\":\"https:\\\/\\\/www.skalnik.pl\\\/blog\\\/#organization\"},\"image\":{\"@type\":\"ImageObject\",\"url\":\"https:\\\/\\\/www.skalnik.pl\\\/blog\\\/wp-content\\\/uploads\\\/2020\\\/02\\\/vibram-okladka.jpg\",\"width\":1920,\"height\":705},\"datePublished\":\"2020-02-12T13:36:32+02:00\",\"dateModified\":\"2024-05-21T08:53:12+02:00\",\"inLanguage\":\"pl-PL\",\"mainEntityOfPage\":{\"@id\":\"https:\\\/\\\/www.skalnik.pl\\\/blog\\\/vibram-kultowa-podeszwa-outdoor\\\/#webpage\"},\"isPartOf\":{\"@id\":\"https:\\\/\\\/www.skalnik.pl\\\/blog\\\/vibram-kultowa-podeszwa-outdoor\\\/#webpage\"},\"articleSection\":\"Bran\\u017ca, buty, buty trekkingowe, buty wspinaczkowe, rynek outdoor\"},{\"@type\":\"BreadcrumbList\",\"@id\":\"https:\\\/\\\/www.skalnik.pl\\\/blog\\\/vibram-kultowa-podeszwa-outdoor\\\/#breadcrumblist\",\"itemListElement\":[{\"@type\":\"ListItem\",\"@id\":\"https:\\\/\\\/www.skalnik.pl\\\/blog#listItem\",\"position\":1,\"name\":\"Home\",\"item\":\"https:\\\/\\\/www.skalnik.pl\\\/blog\",\"nextItem\":{\"@type\":\"ListItem\",\"@id\":\"https:\\\/\\\/www.skalnik.pl\\\/blog\\\/.\\\/branza\\\/#listItem\",\"name\":\"Bran\\u017ca\"}},{\"@type\":\"ListItem\",\"@id\":\"https:\\\/\\\/www.skalnik.pl\\\/blog\\\/.\\\/branza\\\/#listItem\",\"position\":2,\"name\":\"Bran\\u017ca\",\"item\":\"https:\\\/\\\/www.skalnik.pl\\\/blog\\\/.\\\/branza\\\/\",\"nextItem\":{\"@type\":\"ListItem\",\"@id\":\"https:\\\/\\\/www.skalnik.pl\\\/blog\\\/vibram-kultowa-podeszwa-outdoor\\\/#listItem\",\"name\":\"Vibram &#8211; kultowa podeszwa outdoor\"},\"previousItem\":{\"@type\":\"ListItem\",\"@id\":\"https:\\\/\\\/www.skalnik.pl\\\/blog#listItem\",\"name\":\"Home\"}},{\"@type\":\"ListItem\",\"@id\":\"https:\\\/\\\/www.skalnik.pl\\\/blog\\\/vibram-kultowa-podeszwa-outdoor\\\/#listItem\",\"position\":3,\"name\":\"Vibram &#8211; kultowa podeszwa outdoor\",\"previousItem\":{\"@type\":\"ListItem\",\"@id\":\"https:\\\/\\\/www.skalnik.pl\\\/blog\\\/.\\\/branza\\\/#listItem\",\"name\":\"Bran\\u017ca\"}}]},{\"@type\":\"Organization\",\"@id\":\"https:\\\/\\\/www.skalnik.pl\\\/blog\\\/#organization\",\"name\":\"blog Skalnik\",\"description\":\"Blog, porady, artyku\\u0142y - blog Skalnik\",\"url\":\"https:\\\/\\\/www.skalnik.pl\\\/blog\\\/\"},{\"@type\":\"Person\",\"@id\":\"https:\\\/\\\/www.skalnik.pl\\\/blog\\\/author\\\/marcin-nowak\\\/#author\",\"url\":\"https:\\\/\\\/www.skalnik.pl\\\/blog\\\/author\\\/marcin-nowak\\\/\",\"name\":\"Marcin Nowak\",\"image\":{\"@type\":\"ImageObject\",\"@id\":\"https:\\\/\\\/www.skalnik.pl\\\/blog\\\/vibram-kultowa-podeszwa-outdoor\\\/#authorImage\",\"url\":\"https:\\\/\\\/secure.gravatar.com\\\/avatar\\\/f73628a26381dc449e848c17fc0bed5da595b192c42ec3df1b8c321ba4534014?s=96&d=mm&r=g\",\"width\":96,\"height\":96,\"caption\":\"Marcin Nowak\"}},{\"@type\":\"WebPage\",\"@id\":\"https:\\\/\\\/www.skalnik.pl\\\/blog\\\/vibram-kultowa-podeszwa-outdoor\\\/#webpage\",\"url\":\"https:\\\/\\\/www.skalnik.pl\\\/blog\\\/vibram-kultowa-podeszwa-outdoor\\\/\",\"name\":\"Vibram \\u2013 kultowa podeszwa outdoor - blog Skalnik\",\"description\":\"Podeszwa Vibram - wiele os\\u00f3b jest przekonanych, \\u017ce musz\\u0105 j\\u0105 mie\\u0107 rasowe buty trekkingowe. Poznaj mark\\u0119 Vibram z bliska i przekonaj, \\u017ce \\\"vibramy\\\" przydaj\\u0105 si\\u0119 w g\\u00f3rach.\",\"inLanguage\":\"pl-PL\",\"isPartOf\":{\"@id\":\"https:\\\/\\\/www.skalnik.pl\\\/blog\\\/#website\"},\"breadcrumb\":{\"@id\":\"https:\\\/\\\/www.skalnik.pl\\\/blog\\\/vibram-kultowa-podeszwa-outdoor\\\/#breadcrumblist\"},\"author\":{\"@id\":\"https:\\\/\\\/www.skalnik.pl\\\/blog\\\/author\\\/marcin-nowak\\\/#author\"},\"creator\":{\"@id\":\"https:\\\/\\\/www.skalnik.pl\\\/blog\\\/author\\\/marcin-nowak\\\/#author\"},\"image\":{\"@type\":\"ImageObject\",\"url\":\"https:\\\/\\\/www.skalnik.pl\\\/blog\\\/wp-content\\\/uploads\\\/2020\\\/02\\\/vibram-okladka.jpg\",\"@id\":\"https:\\\/\\\/www.skalnik.pl\\\/blog\\\/vibram-kultowa-podeszwa-outdoor\\\/#mainImage\",\"width\":1920,\"height\":705},\"primaryImageOfPage\":{\"@id\":\"https:\\\/\\\/www.skalnik.pl\\\/blog\\\/vibram-kultowa-podeszwa-outdoor\\\/#mainImage\"},\"datePublished\":\"2020-02-12T13:36:32+02:00\",\"dateModified\":\"2024-05-21T08:53:12+02:00\"},{\"@type\":\"WebSite\",\"@id\":\"https:\\\/\\\/www.skalnik.pl\\\/blog\\\/#website\",\"url\":\"https:\\\/\\\/www.skalnik.pl\\\/blog\\\/\",\"name\":\"blog Skalnik\",\"description\":\"Blog, porady, artyku\\u0142y - blog Skalnik\",\"inLanguage\":\"pl-PL\",\"publisher\":{\"@id\":\"https:\\\/\\\/www.skalnik.pl\\\/blog\\\/#organization\"}}]}\n\t\t<\/script>\n\t\t<!-- All in One SEO -->\n\n","aioseo_head_json":{"title":"Vibram \u2013 kultowa podeszwa outdoor - blog Skalnik","description":"Podeszwa Vibram - wiele os\u00f3b jest przekonanych, \u017ce musz\u0105 j\u0105 mie\u0107 rasowe buty trekkingowe. Poznaj mark\u0119 Vibram z bliska i przekonaj, \u017ce \"vibramy\" przydaj\u0105 si\u0119 w g\u00f3rach.","canonical_url":"https:\/\/www.skalnik.pl\/blog\/vibram-kultowa-podeszwa-outdoor\/","robots":"max-image-preview:large","keywords":"","webmasterTools":{"miscellaneous":""},"schema":{"@context":"https:\/\/schema.org","@graph":[{"@type":"BlogPosting","@id":"https:\/\/www.skalnik.pl\/blog\/vibram-kultowa-podeszwa-outdoor\/#blogposting","name":"Vibram \u2013 kultowa podeszwa outdoor - blog Skalnik","headline":"Vibram &#8211; kultowa podeszwa outdoor","author":{"@id":"https:\/\/www.skalnik.pl\/blog\/author\/marcin-nowak\/#author"},"publisher":{"@id":"https:\/\/www.skalnik.pl\/blog\/#organization"},"image":{"@type":"ImageObject","url":"https:\/\/www.skalnik.pl\/blog\/wp-content\/uploads\/2020\/02\/vibram-okladka.jpg","width":1920,"height":705},"datePublished":"2020-02-12T13:36:32+02:00","dateModified":"2024-05-21T08:53:12+02:00","inLanguage":"pl-PL","mainEntityOfPage":{"@id":"https:\/\/www.skalnik.pl\/blog\/vibram-kultowa-podeszwa-outdoor\/#webpage"},"isPartOf":{"@id":"https:\/\/www.skalnik.pl\/blog\/vibram-kultowa-podeszwa-outdoor\/#webpage"},"articleSection":"Bran\u017ca, buty, buty trekkingowe, buty wspinaczkowe, rynek outdoor"},{"@type":"BreadcrumbList","@id":"https:\/\/www.skalnik.pl\/blog\/vibram-kultowa-podeszwa-outdoor\/#breadcrumblist","itemListElement":[{"@type":"ListItem","@id":"https:\/\/www.skalnik.pl\/blog#listItem","position":1,"name":"Home","item":"https:\/\/www.skalnik.pl\/blog","nextItem":{"@type":"ListItem","@id":"https:\/\/www.skalnik.pl\/blog\/.\/branza\/#listItem","name":"Bran\u017ca"}},{"@type":"ListItem","@id":"https:\/\/www.skalnik.pl\/blog\/.\/branza\/#listItem","position":2,"name":"Bran\u017ca","item":"https:\/\/www.skalnik.pl\/blog\/.\/branza\/","nextItem":{"@type":"ListItem","@id":"https:\/\/www.skalnik.pl\/blog\/vibram-kultowa-podeszwa-outdoor\/#listItem","name":"Vibram &#8211; kultowa podeszwa outdoor"},"previousItem":{"@type":"ListItem","@id":"https:\/\/www.skalnik.pl\/blog#listItem","name":"Home"}},{"@type":"ListItem","@id":"https:\/\/www.skalnik.pl\/blog\/vibram-kultowa-podeszwa-outdoor\/#listItem","position":3,"name":"Vibram &#8211; kultowa podeszwa outdoor","previousItem":{"@type":"ListItem","@id":"https:\/\/www.skalnik.pl\/blog\/.\/branza\/#listItem","name":"Bran\u017ca"}}]},{"@type":"Organization","@id":"https:\/\/www.skalnik.pl\/blog\/#organization","name":"blog Skalnik","description":"Blog, porady, artyku\u0142y - blog Skalnik","url":"https:\/\/www.skalnik.pl\/blog\/"},{"@type":"Person","@id":"https:\/\/www.skalnik.pl\/blog\/author\/marcin-nowak\/#author","url":"https:\/\/www.skalnik.pl\/blog\/author\/marcin-nowak\/","name":"Marcin Nowak","image":{"@type":"ImageObject","@id":"https:\/\/www.skalnik.pl\/blog\/vibram-kultowa-podeszwa-outdoor\/#authorImage","url":"https:\/\/secure.gravatar.com\/avatar\/f73628a26381dc449e848c17fc0bed5da595b192c42ec3df1b8c321ba4534014?s=96&d=mm&r=g","width":96,"height":96,"caption":"Marcin Nowak"}},{"@type":"WebPage","@id":"https:\/\/www.skalnik.pl\/blog\/vibram-kultowa-podeszwa-outdoor\/#webpage","url":"https:\/\/www.skalnik.pl\/blog\/vibram-kultowa-podeszwa-outdoor\/","name":"Vibram \u2013 kultowa podeszwa outdoor - blog Skalnik","description":"Podeszwa Vibram - wiele os\u00f3b jest przekonanych, \u017ce musz\u0105 j\u0105 mie\u0107 rasowe buty trekkingowe. Poznaj mark\u0119 Vibram z bliska i przekonaj, \u017ce \"vibramy\" przydaj\u0105 si\u0119 w g\u00f3rach.","inLanguage":"pl-PL","isPartOf":{"@id":"https:\/\/www.skalnik.pl\/blog\/#website"},"breadcrumb":{"@id":"https:\/\/www.skalnik.pl\/blog\/vibram-kultowa-podeszwa-outdoor\/#breadcrumblist"},"author":{"@id":"https:\/\/www.skalnik.pl\/blog\/author\/marcin-nowak\/#author"},"creator":{"@id":"https:\/\/www.skalnik.pl\/blog\/author\/marcin-nowak\/#author"},"image":{"@type":"ImageObject","url":"https:\/\/www.skalnik.pl\/blog\/wp-content\/uploads\/2020\/02\/vibram-okladka.jpg","@id":"https:\/\/www.skalnik.pl\/blog\/vibram-kultowa-podeszwa-outdoor\/#mainImage","width":1920,"height":705},"primaryImageOfPage":{"@id":"https:\/\/www.skalnik.pl\/blog\/vibram-kultowa-podeszwa-outdoor\/#mainImage"},"datePublished":"2020-02-12T13:36:32+02:00","dateModified":"2024-05-21T08:53:12+02:00"},{"@type":"WebSite","@id":"https:\/\/www.skalnik.pl\/blog\/#website","url":"https:\/\/www.skalnik.pl\/blog\/","name":"blog Skalnik","description":"Blog, porady, artyku\u0142y - blog Skalnik","inLanguage":"pl-PL","publisher":{"@id":"https:\/\/www.skalnik.pl\/blog\/#organization"}}]},"og:locale":"pl_PL","og:site_name":"blog Skalnik - Blog, porady, artyku\u0142y - blog Skalnik","og:type":"article","og:title":"Vibram \u2013 kultowa podeszwa outdoor - blog Skalnik","og:description":"Podeszwa Vibram - wiele os\u00f3b jest przekonanych, \u017ce musz\u0105 j\u0105 mie\u0107 rasowe buty trekkingowe. Poznaj mark\u0119 Vibram z bliska i przekonaj, \u017ce &quot;vibramy&quot; przydaj\u0105 si\u0119 w g\u00f3rach.","og:url":"https:\/\/www.skalnik.pl\/blog\/vibram-kultowa-podeszwa-outdoor\/","og:image":"https:\/\/skalnik.pl\/blog\/wp-content\/uploads\/2020\/02\/vibram-fivefingers.jpg","og:image:secure_url":"https:\/\/skalnik.pl\/blog\/wp-content\/uploads\/2020\/02\/vibram-fivefingers.jpg","article:tag":["bran\u017ca","buty","buty trekkingowe","buty wspinaczkowe","rynek outdoor"],"article:published_time":"2020-02-12T12:36:32+00:00","article:modified_time":"2024-05-21T06:53:12+00:00","twitter:card":"summary_large_image","twitter:title":"Vibram \u2013 kultowa podeszwa outdoor - blog Skalnik","twitter:description":"Podeszwa Vibram - wiele os\u00f3b jest przekonanych, \u017ce musz\u0105 j\u0105 mie\u0107 rasowe buty trekkingowe. Poznaj mark\u0119 Vibram z bliska i przekonaj, \u017ce &quot;vibramy&quot; przydaj\u0105 si\u0119 w g\u00f3rach.","twitter:image":"https:\/\/skalnik.pl\/blog\/wp-content\/uploads\/2020\/02\/vibram-fivefingers.jpg"},"aioseo_meta_data":{"post_id":"11423","title":null,"description":"Podeszwa Vibram - wiele os\u00f3b jest przekonanych, \u017ce musz\u0105 j\u0105 mie\u0107 rasowe buty trekkingowe. Poznaj mark\u0119 Vibram z bliska i przekonaj, \u017ce &quot;vibramy&quot; przydaj\u0105 si\u0119 w g\u00f3rach.","keywords":[{"label":"vibram","value":"vibram"},{"label":"buty trekkingowe","value":"buty trekkingowe"},{"label":"podeszwa vibram","value":"podeszwa vibram"},{"label":"obuwie trekkingowe","value":"obuwie trekkingowe"},{"label":"buty turystyczne","value":"buty turystyczne"},{"label":"vibram podeszwa","value":"vibram podeszwa"}],"keyphrases":{"focus":{"keyphrase":"","score":0,"analysis":{"keyphraseInTitle":{"score":0,"maxScore":9,"error":1}}},"additional":[]},"primary_term":null,"canonical_url":null,"og_title":null,"og_description":null,"og_object_type":"default","og_image_type":"default","og_image_url":null,"og_image_width":null,"og_image_height":null,"og_image_custom_url":null,"og_image_custom_fields":null,"og_video":"","og_custom_url":null,"og_article_section":null,"og_article_tags":[],"twitter_use_og":false,"twitter_card":"default","twitter_image_type":"default","twitter_image_url":null,"twitter_image_custom_url":null,"twitter_image_custom_fields":null,"twitter_title":null,"twitter_description":null,"schema":{"blockGraphs":[],"customGraphs":[],"default":{"data":{"Article":[],"Course":[],"Dataset":[],"FAQPage":[],"Movie":[],"Person":[],"Product":[],"ProductReview":[],"Car":[],"Recipe":[],"Service":[],"SoftwareApplication":[],"WebPage":[]},"graphName":"","isEnabled":true},"graphs":[]},"schema_type":"default","schema_type_options":null,"pillar_content":false,"robots_default":true,"robots_noindex":false,"robots_noarchive":false,"robots_nosnippet":false,"robots_nofollow":false,"robots_noimageindex":false,"robots_noodp":false,"robots_notranslate":false,"robots_max_snippet":"-1","robots_max_videopreview":"-1","robots_max_imagepreview":"large","priority":null,"frequency":"default","local_seo":null,"breadcrumb_settings":null,"limit_modified_date":false,"ai":null,"created":"2022-08-26 10:02:04","updated":"2026-02-17 21:47:26","seo_analyzer_scan_date":null},"aioseo_breadcrumb":"<div class=\"aioseo-breadcrumbs\"><span class=\"aioseo-breadcrumb\">\n\t\t\t<a href=\"https:\/\/www.skalnik.pl\/blog\" title=\"Home\">Home<\/a>\n\t\t<\/span><span class=\"aioseo-breadcrumb-separator\">&raquo;<\/span><span class=\"aioseo-breadcrumb\">\n\t\t\t<a href=\"https:\/\/www.skalnik.pl\/blog\/.\/branza\/\" title=\"Bran\u017ca\">Bran\u017ca<\/a>\n\t\t<\/span><span class=\"aioseo-breadcrumb-separator\">&raquo;<\/span><span class=\"aioseo-breadcrumb\">\n\t\t\tVibram \u2013 kultowa podeszwa outdoor\n\t\t<\/span><\/div>","aioseo_breadcrumb_json":[{"label":"Home","link":"https:\/\/www.skalnik.pl\/blog"},{"label":"Bran\u017ca","link":"https:\/\/www.skalnik.pl\/blog\/.\/branza\/"},{"label":"Vibram &#8211; kultowa podeszwa outdoor","link":"https:\/\/www.skalnik.pl\/blog\/vibram-kultowa-podeszwa-outdoor\/"}],"_links":{"self":[{"href":"https:\/\/www.skalnik.pl\/blog\/wp-json\/wp\/v2\/posts\/11423","targetHints":{"allow":["GET"]}}],"collection":[{"href":"https:\/\/www.skalnik.pl\/blog\/wp-json\/wp\/v2\/posts"}],"about":[{"href":"https:\/\/www.skalnik.pl\/blog\/wp-json\/wp\/v2\/types\/post"}],"author":[{"embeddable":true,"href":"https:\/\/www.skalnik.pl\/blog\/wp-json\/wp\/v2\/users\/15"}],"replies":[{"embeddable":true,"href":"https:\/\/www.skalnik.pl\/blog\/wp-json\/wp\/v2\/comments?post=11423"}],"version-history":[{"count":8,"href":"https:\/\/www.skalnik.pl\/blog\/wp-json\/wp\/v2\/posts\/11423\/revisions"}],"predecessor-version":[{"id":26368,"href":"https:\/\/www.skalnik.pl\/blog\/wp-json\/wp\/v2\/posts\/11423\/revisions\/26368"}],"wp:featuredmedia":[{"embeddable":true,"href":"https:\/\/www.skalnik.pl\/blog\/wp-json\/wp\/v2\/media\/11427"}],"wp:attachment":[{"href":"https:\/\/www.skalnik.pl\/blog\/wp-json\/wp\/v2\/media?parent=11423"}],"wp:term":[{"taxonomy":"category","embeddable":true,"href":"https:\/\/www.skalnik.pl\/blog\/wp-json\/wp\/v2\/categories?post=11423"},{"taxonomy":"post_tag","embeddable":true,"href":"https:\/\/www.skalnik.pl\/blog\/wp-json\/wp\/v2\/tags?post=11423"},{"taxonomy":"magento_category","embeddable":true,"href":"https:\/\/www.skalnik.pl\/blog\/wp-json\/wp\/v2\/magento_category?post=11423"},{"taxonomy":"magento_product","embeddable":true,"href":"https:\/\/www.skalnik.pl\/blog\/wp-json\/wp\/v2\/magento_product?post=11423"}],"curies":[{"name":"wp","href":"https:\/\/api.w.org\/{rel}","templated":true}]}}