{"id":11472,"date":"2020-02-18T08:00:11","date_gmt":"2020-02-18T07:00:11","guid":{"rendered":"https:\/\/skalnik.pl\/blog\/?p=11472"},"modified":"2024-05-21T08:48:22","modified_gmt":"2024-05-21T06:48:22","slug":"spodnie-salewa","status":"publish","type":"post","link":"https:\/\/www.skalnik.pl\/blog\/spodnie-salewa\/","title":{"rendered":"Spodnie Salewa"},"content":{"rendered":"\n<p><strong>Spodnie trekkingowe damskie i m\u0119skie, z membran\u0105 i softshellowe, skiturowe i safari \u2013 gama spodni Salewa jest bardzo szeroka i r\u00f3\u017cnorodna. Jak w tej rozbudowanej ofercie znale\u017a\u0107 spodnie dla siebie? Z poni\u017cszym przewodnikiem to zadanie b\u0119dzie o wiele \u0142atwiejsze.<\/strong><\/p>\n\n\n\n<p>Funkcjonalno\u015b\u0107 i wygoda u\u017cytkowania stanowi\u0105 priorytety dla marki <a rel=\"noreferrer noopener\" aria-label=\"Salewa (otwiera si\u0119 na nowej zak\u0142adce)\" href=\"https:\/\/skalnik.pl\/salewa\" target=\"_blank\">Salewa<\/a>. To w\u0142a\u015bnie dzi\u0119ki tym warto\u015bciom firma zyska\u0142a uznanie turyst\u00f3w na ca\u0142ym \u015bwiecie. Marka powsta\u0142a w 1935 r. w Monachium. Obecnie jednak jej siedziba mie\u015bci si\u0119 w sercu w\u0142oskich Dolomit\u00f3w, a sygnowany przez logo Salewa sklep mo\u017cna znale\u017a\u0107 w wielu krajach w Europie i na innych kontynentach.<\/p>\n\n\n\n<p>Du\u017c\u0105 popularno\u015bci\u0105 w\u015br\u00f3d\nturyst\u00f3w ciesz\u0105 si\u0119 spodnie Salewa. W szerokiej ofercie tej marki spodnie\ntrekkingowe dla siebie znajdzie zar\u00f3wno pocz\u0105tkuj\u0105cy, jak i bardziej zaawansowany\nturysta. Aby jednak wybra\u0107 odzie\u017c, kt\u00f3ra faktycznie spe\u0142ni twoje potrzeby,\nmusisz wybra\u0107 spodnie z odpowiedniej kolekcji. <\/p>\n\n\n<div class=\"wp-block-image\">\n<figure class=\"aligncenter size-large\"><img loading=\"lazy\" decoding=\"async\" width=\"1024\" height=\"683\" src=\"https:\/\/skalnik.pl\/blog\/wp-content\/uploads\/2020\/02\/Salewa-Dolomity.jpg\" alt=\"Dolomity to siedziba marki Salewa\" class=\"wp-image-11478\" srcset=\"https:\/\/www.skalnik.pl\/blog\/wp-content\/uploads\/2020\/02\/Salewa-Dolomity.jpg 1024w, https:\/\/www.skalnik.pl\/blog\/wp-content\/uploads\/2020\/02\/Salewa-Dolomity-300x200.jpg 300w, https:\/\/www.skalnik.pl\/blog\/wp-content\/uploads\/2020\/02\/Salewa-Dolomity-768x512.jpg 768w\" sizes=\"auto, (max-width: 1024px) 100vw, 1024px\" \/><figcaption class=\"wp-element-caption\"><em>Obecnie siedziba firmy Salewa mie\u015bci si\u0119 w sercu Dolomit\u00f3w (fot. Salewa)<\/em><\/figcaption><\/figure>\n<\/div>\n\n\n<div id=\"ez-toc-container\" class=\"ez-toc-v2_0_85 counter-hierarchy ez-toc-counter ez-toc-light-blue ez-toc-container-direction\">\n<div class=\"ez-toc-title-container\">\n<p class=\"ez-toc-title\" style=\"cursor:inherit\">SPIS TRE\u015aCI <\/p>\n<span class=\"ez-toc-title-toggle\"><a href=\"#\" class=\"ez-toc-pull-right ez-toc-btn ez-toc-btn-xs ez-toc-btn-default ez-toc-toggle\" aria-label=\"Prze\u0142\u0105cznik Spisu Tre\u015bci\"><span class=\"ez-toc-js-icon-con\"><span class=\"\"><span class=\"eztoc-hide\" style=\"display:none;\">Toggle<\/span><span class=\"ez-toc-icon-toggle-span\"><svg style=\"fill: #999;color:#999\" xmlns=\"http:\/\/www.w3.org\/2000\/svg\" class=\"list-377408\" width=\"20px\" height=\"20px\" viewBox=\"0 0 24 24\" fill=\"none\"><path d=\"M6 6H4v2h2V6zm14 0H8v2h12V6zM4 11h2v2H4v-2zm16 0H8v2h12v-2zM4 16h2v2H4v-2zm16 0H8v2h12v-2z\" fill=\"currentColor\"><\/path><\/svg><svg style=\"fill: #999;color:#999\" class=\"arrow-unsorted-368013\" xmlns=\"http:\/\/www.w3.org\/2000\/svg\" width=\"10px\" height=\"10px\" viewBox=\"0 0 24 24\" version=\"1.2\" baseProfile=\"tiny\"><path d=\"M18.2 9.3l-6.2-6.3-6.2 6.3c-.2.2-.3.4-.3.7s.1.5.3.7c.2.2.4.3.7.3h11c.3 0 .5-.1.7-.3.2-.2.3-.5.3-.7s-.1-.5-.3-.7zM5.8 14.7l6.2 6.3 6.2-6.3c.2-.2.3-.5.3-.7s-.1-.5-.3-.7c-.2-.2-.4-.3-.7-.3h-11c-.3 0-.5.1-.7.3-.2.2-.3.5-.3.7s.1.5.3.7z\"\/><\/svg><\/span><\/span><\/span><\/a><\/span><\/div>\n<nav><ul class='ez-toc-list ez-toc-list-level-1 ' ><li class='ez-toc-page-1 ez-toc-heading-level-2'><a class=\"ez-toc-link ez-toc-heading-1\" href=\"https:\/\/www.skalnik.pl\/blog\/spodnie-salewa\/#Salewa_w_trosce_o_ludzi_i_srodowisko\" >Salewa w trosce o ludzi i \u015brodowisko<\/a><\/li><li class='ez-toc-page-1 ez-toc-heading-level-2'><a class=\"ez-toc-link ez-toc-heading-2\" href=\"https:\/\/www.skalnik.pl\/blog\/spodnie-salewa\/#Spodnie_trekkingowe_Salewa_dla_poczatkujacych_i_zaawansowanych\" >Spodnie trekkingowe\nSalewa dla pocz\u0105tkuj\u0105cych i zaawansowanych<\/a><\/li><li class='ez-toc-page-1 ez-toc-heading-level-2'><a class=\"ez-toc-link ez-toc-heading-3\" href=\"https:\/\/www.skalnik.pl\/blog\/spodnie-salewa\/#Spodnie_Salewa_do_wspinaczki_w_kazdych_warunkach\" >Spodnie Salewa do\nwspinaczki w ka\u017cdych warunkach<\/a><\/li><li class='ez-toc-page-1 ez-toc-heading-level-2'><a class=\"ez-toc-link ez-toc-heading-4\" href=\"https:\/\/www.skalnik.pl\/blog\/spodnie-salewa\/#Spodnie_Salewa_do_zadan_specjalnych\" >Spodnie Salewa do zada\u0144\nspecjalnych<\/a><\/li><li class='ez-toc-page-1 ez-toc-heading-level-2'><a class=\"ez-toc-link ez-toc-heading-5\" href=\"https:\/\/www.skalnik.pl\/blog\/spodnie-salewa\/#Salewa_Ortles_na_najtrudniejsze_warunki\" >Salewa Ortles na\nnajtrudniejsze warunki<\/a><\/li><\/ul><\/nav><\/div>\n<h2 class=\"wp-block-heading\"><span class=\"ez-toc-section\" id=\"Salewa_w_trosce_o_ludzi_i_srodowisko\"><\/span>Salewa w trosce o ludzi i \u015brodowisko<span class=\"ez-toc-section-end\"><\/span><\/h2>\n\n\n\n<p>Zanim przejd\u0119 do omawiania\nposzczeg\u00f3lnych kolekcji spodni, chcia\u0142abym jeszcze zwr\u00f3ci\u0107 uwag\u0119 na jedn\u0105 wa\u017cn\u0105\nrzecz. W zdecydowanej wi\u0119kszo\u015bci spodnie Salewa posiadaj\u0105 znak bluesign\u00ae. Jest to jeden z najsurowszych standard\u00f3w w bran\u017cy tekstylnej\ni oznacza produkcj\u0119 bezpieczn\u0105 zar\u00f3wno dla ludzi, jak i dla \u015brodowiska.<\/p>\n\n\n\n<p>System jest oparty na 5 warto\u015bciach:<\/p>\n\n\n\n<ul class=\"wp-block-list\">\n<li>produktywno\u015b\u0107 surowc\u00f3w,<\/li>\n\n\n\n<li>bezpiecze\u0144stwo konsument\u00f3w, <\/li>\n\n\n\n<li>czysto\u015b\u0107 wody,<\/li>\n\n\n\n<li>czysto\u015b\u0107 powietrza,<\/li>\n\n\n\n<li>zdrowie i bezpiecze\u0144stwo pracownik\u00f3w.<\/li>\n<\/ul>\n\n\n\n<p>Kupuj\u0105c spodnie trekkingowe Salewa, mo\u017cesz wi\u0119c mie\u0107 pewno\u015b\u0107,\n\u017ce twoj\u0105 odzie\u017c zaprojektowano z dba\u0142o\u015bci\u0105 o zr\u00f3wnowa\u017cony rozw\u00f3j.&nbsp;&nbsp;&nbsp;&nbsp;&nbsp;&nbsp;&nbsp;&nbsp;&nbsp;&nbsp; <\/p>\n\n\n\n<h2 class=\"wp-block-heading\"><span class=\"ez-toc-section\" id=\"Spodnie_trekkingowe_Salewa_dla_poczatkujacych_i_zaawansowanych\"><\/span>Spodnie trekkingowe\nSalewa dla pocz\u0105tkuj\u0105cych i zaawansowanych<span class=\"ez-toc-section-end\"><\/span><\/h2>\n\n\n\n<p>Szukasz spodni trekkingowych? Niezale\u017cnie od tego, czy potrzebne s\u0105 ci spodnie trekkingowe na letnie wyjazdy w pobliskie g\u00f3ry, czy te\u017c szukasz odzie\u017cy na wymarzony wyjazd w Alpy, Salewa zaproponuje ci co\u015b odpowiedniego.<\/p>\n\n\n\n<p>Mi\u0142o\u015bnicy turystyki\npowinni zwr\u00f3ci\u0107 uwag\u0119 przede wszystkim na spodnie trekkingowe damskie i m\u0119skie z\nkolekcji Puez. Maj\u0105 one nieco mniej technicznych detali ni\u017c inne modele spodni\nSalewa. Korzystaj\u0105 tak\u017ce cz\u0119sto z w\u0142asnych rozwi\u0105za\u0144 firmy, dzi\u0119ki czemu s\u0105\ndost\u0119pne w bardziej atrakcyjnej cenie.<\/p>\n\n\n\n<p>Spodnie Salewa Puez Dolomitic DST to wytrzyma\u0142e i elastyczne spodnie softshellowe. S\u0105 one wykonane z Durastretchu, kt\u00f3ry zapewnia rozci\u0105gliwo\u015b\u0107 w 4 kierunkach oraz odporno\u015b\u0107 na uszkodzenia. Spodnie bardzo dobrze chroni\u0105 przed wiatrem, a dzi\u0119ki wyko\u0144czeniu hydrofobow\u0105 warstw\u0105 DWR dzielnie stawi\u0105 czo\u0142a tak\u017ce lekkiemu opadowi. Warstwa DWR sprawia bowiem, \u017ce woda, zamiast wnika\u0107 \u0142atwo we w\u0142\u00f3kna, perli si\u0119 na powierzchni odzie\u017cy. Z my\u015bl\u0105 o wysokich osobach te <a href=\"https:\/\/skalnik.pl\/odziez\/odziez-meska\/odziez-meska-spodnie\" target=\"_blank\" rel=\"noreferrer noopener\" aria-label=\"spodnie trekkingowe (otwiera si\u0119 na nowej zak\u0142adce)\">spodnie trekkingowe<\/a> zaprojektowano tak\u017ce w wersji Long. Bardzo podobnymi spodniami s\u0105 wygodne spodnie Salewa Puez Terminal 2DST. Nogawki tych spodni wyposa\u017cono w \u015bci\u0105gacze ze stoperami, kt\u00f3re pozwalaj\u0105 \u0142atwo dopasowa\u0107 ich obw\u00f3d.<\/p>\n\n\n\n<iframe loading=\"lazy\" src=\"https:\/\/www.youtube.com\/embed\/Rz_wLdjiyRI\" allow=\"accelerometer; autoplay; encrypted-media; gyroscope; picture-in-picture\" allowfullscreen=\"\" width=\"800\" height=\"442\" frameborder=\"0\"><\/iframe>\n\n\n\n<p>Salewa Puez Misurina Dry\nto z kolei komfortowe spodnie trekkingowe damskie na lato. Wykonano je z\nszybkoschn\u0105cego oraz oddychaj\u0105cego materia\u0142u Dry\u2019ton. Zaprojektowane przez\nSalewa spodnie damskie zapewniaj\u0105 dodatkowo ochron\u0119 przed promieniowaniem UV, a\ntechnologia Polygiene zapobiega powstawaniu przykrego zapachu, blokuj\u0105c\nnamna\u017canie si\u0119 bakterii i grzyb\u00f3w.<\/p>\n\n\n\n<p>W kolekcji Puez znajdziesz\ntak\u017ce lekkie spodnie trekkingowe \u00be oraz kr\u00f3tkie spodenki. Taka odzie\u017c jest\ndobrym wyborem na najbardziej upalne dni.<\/p>\n\n\n\n<h2 class=\"wp-block-heading\"><span class=\"ez-toc-section\" id=\"Spodnie_Salewa_do_wspinaczki_w_kazdych_warunkach\"><\/span>Spodnie Salewa do\nwspinaczki w ka\u017cdych warunkach<span class=\"ez-toc-section-end\"><\/span><\/h2>\n\n\n\n<p>Na bardziej zaawansowane trekkingi mo\u017cna wybra\u0107 spodnie Salewa z kolekcji Agner. Odzie\u017c z tej serii spodoba si\u0119 tak\u017ce wspinaczom, poniewa\u017c wi\u0119kszo\u015b\u0107 spodni z tej linii cechuje si\u0119 lekko\u015bci\u0105 oraz wytrzyma\u0142o\u015bci\u0105. Wstawki z Cordury wzmacniaj\u0105 odzie\u017c w najwa\u017cniejszych miejscach, a kr\u00f3j spodni zaprojektowano tak, by w \u017cadnym momencie nie kr\u0119powa\u0142 ruch\u00f3w wspinacza. Wi\u0119cej o sposobie zaprojektowania kolekcji Salewa Agner mo\u017cesz dowiedzie\u0107 si\u0119 <a href=\"https:\/\/skalnik.pl\/blog\/salewa-przewodnik-po-kolekcjach-odziezy\/\" target=\"_blank\" rel=\"noreferrer noopener\" aria-label=\"tutaj (otwiera si\u0119 na nowej zak\u0142adce)\">tutaj<\/a>.<\/p>\n\n\n\n<p>Salewa Agner Orval 2 DST\nmog\u0105 s\u0142u\u017cy\u0107 jako spodnie trekkingowe lub wspinaczkowe. Wyprofilowane kolana,\n\u015bci\u0105gacz w pasie, wzmocnione ko\u0144ce nogawek \u2013 w tych spodniach mo\u017cna stawi\u0107\nczo\u0142o niejednej skale. Zaprojektowane przez Salewa spodnie wykonano z tkaniny Durastretch\nBambooskin, kt\u00f3ra rozci\u0105ga si\u0119 w 4 kierunkach, w \u017caden spos\u00f3b nie ograniczaj\u0105c\nzakresu twoich ruch\u00f3w.<\/p>\n\n\n<div class=\"wp-block-image\">\n<figure class=\"aligncenter size-large\"><img loading=\"lazy\" decoding=\"async\" width=\"1024\" height=\"768\" src=\"https:\/\/skalnik.pl\/blog\/wp-content\/uploads\/2020\/02\/Spodnie-Salewa-wspinaczka.jpg\" alt=\"Spodnie Salewa wspinaczkowe\" class=\"wp-image-11487\" srcset=\"https:\/\/www.skalnik.pl\/blog\/wp-content\/uploads\/2020\/02\/Spodnie-Salewa-wspinaczka.jpg 1024w, https:\/\/www.skalnik.pl\/blog\/wp-content\/uploads\/2020\/02\/Spodnie-Salewa-wspinaczka-300x225.jpg 300w, https:\/\/www.skalnik.pl\/blog\/wp-content\/uploads\/2020\/02\/Spodnie-Salewa-wspinaczka-768x576.jpg 768w\" sizes=\"auto, (max-width: 1024px) 100vw, 1024px\" \/><figcaption class=\"wp-element-caption\"><em>Niech nic ci\u0119 nie zatrzyma! &#8211; w trakcie wspinaczki spodnie Salewa zapewniaj\u0105 pe\u0142n\u0105 swobod\u0119 ruch\u00f3w (fot. Salewa)<\/em><\/figcaption><\/figure>\n<\/div>\n\n\n<p>Typowymi spodniami\nwspinaczkowymi s\u0105 natomiast spodnie Salewa Agner CO z mi\u0119kkiej bawe\u0142ny oraz\nelastanu. Dzi\u0119ki takiemu materia\u0142owi odzie\u017c jest przyjazna dla sk\u00f3ry oraz\nodporna na ostre ska\u0142y. <\/p>\n\n\n\n<p>Na bardziej zaawansowany\ntrekking mo\u017cesz z kolei wybra\u0107 spodnie trekkingowe Salewa Agner Light DST\nEngineer. Wykonano je z softshellowej tkaniny, do kt\u00f3rej dodano nici bardzo\nmocnej Cordury, zwi\u0119kszaj\u0105c tym samym wytrzyma\u0142o\u015b\u0107 spodni. Klin w kroku,\nwzmocnienia w kolanach oraz w najni\u017cszej strefie nogawek dodatkowo zmniejszaj\u0105\nryzyko rozdarcia spodni o ostr\u0105 ska\u0142\u0119.<\/p>\n\n\n\n<h2 class=\"wp-block-heading\"><span class=\"ez-toc-section\" id=\"Spodnie_Salewa_do_zadan_specjalnych\"><\/span>Spodnie Salewa do zada\u0144\nspecjalnych<span class=\"ez-toc-section-end\"><\/span><\/h2>\n\n\n\n<p>W ofercie marki Salewa\nznajdziesz tak\u017ce spodnie przeznaczone do zada\u0144 specjalnych.<\/p>\n\n\n\n<p>Mi\u0142o\u015bnik\u00f3w speed hikingu i\nszybkich dzia\u0142a\u0144 w g\u00f3rach zainteresuje zapewne kolekcja Pedroc. W przypadku\nodzie\u017cy z tej serii liczy si\u0119 przede wszystkim szybkie odprowadzanie wilgoci\noraz swoboda ruch\u00f3w. Takie te\u017c s\u0105 spodnie trekkingowe Pedroc 3 DST wykonane z\noddychaj\u0105cego Durastretchu. Na pewno docenisz b\u0142yskawiczne tempo ich schni\u0119cia\noraz zapewnian\u0105 przez nie ochron\u0119 przed wiatrem. Spodnie Salewa Pedroc 3 DST\nmaj\u0105 tak\u017ce filtr UV. Spodnie trekkingowe damskie z tego modelu posiadaj\u0105 kr\u00f3j\ndopasowany do kobiecej sylwetki, aby ka\u017cdy turysta, niezale\u017cnie od p\u0142ci, m\u00f3g\u0142\nsi\u0119 cieszy\u0107 w g\u00f3rach pe\u0142n\u0105 swobod\u0105 ruch\u00f3w.<\/p>\n\n\n\n<p>Z my\u015bl\u0105 o mi\u0142o\u015bnikach szybkich dzia\u0142a\u0144 w zimowej aurze stworzono natomiast kolekcj\u0119 Salewa Sesvenna. W przypadku odzie\u017cy z tej serii zadbano przede wszystkim o zwi\u0119kszenie oddychalno\u015bci oraz zachowanie w miar\u0119 mo\u017cliwo\u015bci niskiej wagi. Zaprojektowane przez Salewa spodnie damskie Sesvenna Skitour DST b\u0119d\u0105 doskona\u0142ym wyborem na intensywn\u0105 zimow\u0105 aktywno\u015b\u0107. Spodnie posiadaj\u0105 wewn\u0105trz zintegrowane stuptuty, a wzmocnienia chroni\u0105 d\u00f3\u0142 nogawek przed uszkodzeniami przez raki czy narty. Salewa Sesvenna Skitour DST posiadaj\u0105 tak\u017ce zamki u do\u0142u nogawek. Mo\u017cesz je wi\u0119c odpowiednio poszerzy\u0107, tak by spodnie oraz <a href=\"https:\/\/www.skalnik.pl\/buty\/buty-meskie\" target=\"_blank\" rel=\"noopener\" title=\"\">buty trekkingowe<\/a> tworzy\u0142y dopasowan\u0105 ca\u0142o\u015b\u0107. <\/p>\n\n\n<div class=\"wp-block-image\">\n<figure class=\"aligncenter size-large\"><img loading=\"lazy\" decoding=\"async\" width=\"1024\" height=\"683\" src=\"https:\/\/skalnik.pl\/blog\/wp-content\/uploads\/2020\/02\/Spodnie-Salewa-zimowe.jpg\" alt=\"Zimowe spodnie Salewa\" class=\"wp-image-11483\" srcset=\"https:\/\/www.skalnik.pl\/blog\/wp-content\/uploads\/2020\/02\/Spodnie-Salewa-zimowe.jpg 1024w, https:\/\/www.skalnik.pl\/blog\/wp-content\/uploads\/2020\/02\/Spodnie-Salewa-zimowe-300x200.jpg 300w, https:\/\/www.skalnik.pl\/blog\/wp-content\/uploads\/2020\/02\/Spodnie-Salewa-zimowe-768x512.jpg 768w\" sizes=\"auto, (max-width: 1024px) 100vw, 1024px\" \/><figcaption class=\"wp-element-caption\"><em>Spodnie Salewa sprawdz\u0105 si\u0119 tak\u017ce w zimowych warunkach (fot. Salewa)<\/em><\/figcaption><\/figure>\n<\/div>\n\n\n<h2 class=\"wp-block-heading\"><span class=\"ez-toc-section\" id=\"Salewa_Ortles_na_najtrudniejsze_warunki\"><\/span>Salewa Ortles na\nnajtrudniejsze warunki<span class=\"ez-toc-section-end\"><\/span><\/h2>\n\n\n\n<p>Najbardziej zaawansowan\u0105\nlini\u0105 odzie\u017cy, przeznaczon\u0105 dla alpinist\u00f3w, skialpinist\u00f3w, mi\u0142o\u015bnik\u00f3w\nwspinaczki alpejskiej oraz lodowej, jest Salewa Ortles. Ubrania z tej kolekcji\nwykorzystuj\u0105 najbardziej renomowane materia\u0142y oraz zaawansowane technologie.<\/p>\n\n\n\n<p>Spodnie Salewa Ortles 4\nGTX Pro to odzie\u017c, kt\u00f3rej nie s\u0105 straszne \u017cadne warunki atmosferyczne. Membrana\nGORE-TEX Pro nie przepu\u015bci deszczu, a jednocze\u015bnie zapewni oddychalno\u015b\u0107.\nOchronny fartuch wewn\u0105trz nogawek zabezpieczy z kolei przed \u015bniegiem i b\u0142otem.\nZaprojektowane przez Salewa spodnie maj\u0105 te\u017c wzmocnione wewn\u0119trzne cz\u0119\u015bci\nnogawek. Nisko po\u0142o\u017cone kieszenie nie b\u0119d\u0105 natomiast kolidowa\u0107 z uprz\u0119\u017c\u0105.<\/p>\n\n\n\n<p>Inne zaawansowane spodnie z tej kolekcji to Salewa Ortles 2 WS\/DST. Wyposa\u017cono je w wiatroszczeln\u0105 membran\u0119 Windstopper zapewniaj\u0105c\u0105 pe\u0142n\u0105 ochron\u0119 przed wiatrem. Te spodnie trekkingowe Salewa wykonano z szybkoschn\u0105cego Durastretchu z hydrofobow\u0105 warstw\u0105 DWR. Salewa Ortles 2 WS\/DST posiadaj\u0105 tak\u017ce wewn\u0119trzny getr przeciw\u015bnie\u017cny.<\/p>\n\n\n<div class=\"wp-block-image\">\n<figure class=\"aligncenter size-large\"><img loading=\"lazy\" decoding=\"async\" width=\"1024\" height=\"683\" src=\"https:\/\/skalnik.pl\/blog\/wp-content\/uploads\/2020\/02\/Spodnie-Salewa-ostra-ska\u0142a.jpg\" alt=\"Spodnie Salewa a ostra ska\u0142a\" class=\"wp-image-11485\" srcset=\"https:\/\/www.skalnik.pl\/blog\/wp-content\/uploads\/2020\/02\/Spodnie-Salewa-ostra-ska\u0142a.jpg 1024w, https:\/\/www.skalnik.pl\/blog\/wp-content\/uploads\/2020\/02\/Spodnie-Salewa-ostra-ska\u0142a-300x200.jpg 300w, https:\/\/www.skalnik.pl\/blog\/wp-content\/uploads\/2020\/02\/Spodnie-Salewa-ostra-ska\u0142a-768x512.jpg 768w\" sizes=\"auto, (max-width: 1024px) 100vw, 1024px\" \/><figcaption class=\"wp-element-caption\"><em>Dzi\u0119ki u\u017cyciu wytrzyma\u0142ych materia\u0142\u00f3w spodnie Salewa nie boj\u0105 si\u0119 kontaktu z ostr\u0105 ska\u0142\u0105 (fot. Salewa)<\/em><\/figcaption><\/figure>\n<\/div>\n\n\n<p>Oferta spodni Salewa jest niezwykle szeroka. <a rel=\"noreferrer noopener\" aria-label=\"Spodnie trekkingowe damskie (otwiera si\u0119 na nowej zak\u0142adce)\" href=\"https:\/\/skalnik.pl\/odziez\/odziez-damska\/odziez-damska-spodnie\" target=\"_blank\">Spodnie trekkingowe damskie<\/a> oraz m\u0119skie znajdziesz g\u0142\u00f3wnie w kolekcji Puez. Spodni wspinaczkowych szukaj z kolei w linii Agner. Je\u017celi natomiast jest ci potrzebna odzie\u017c na zadania specjalne spodnie Salewa z serii Ortles doskonale spe\u0142ni\u0105 twoje oczekiwania, zapewniaj\u0105c ci dobr\u0105 ochron\u0119 w ka\u017cdych warunkach atmosferycznych.<\/p>\n\n\n\n<p class=\"has-text-align-right\"><em>Katarzyna Butkiewicz<\/em><\/p>\n","protected":false},"excerpt":{"rendered":"<p>W szerokiej ofercie spodni Salewa \u0142atwo si\u0119 pogubi\u0107. Sprawd\u017a nasz przewodnik, by wiedzie\u0107, kt\u00f3re spodnie Salewa spe\u0142ni\u0105 twoje oczekiwania.<\/p>\n","protected":false},"author":7,"featured_media":11480,"comment_status":"open","ping_status":"open","sticky":false,"template":"","format":"standard","meta":{"_acf_changed":false,"footnotes":""},"categories":[5],"tags":[15,99,126,130],"magento_category":[57],"magento_product":[],"class_list":["post-11472","post","type-post","status-publish","format-standard","has-post-thumbnail","hentry","category-branza","tag-odziez","tag-rynek-outdoor","tag-salewa","tag-spodnie-trekkingowe"],"acf":[],"aioseo_notices":[],"aioseo_head":"\n\t\t<!-- All in One SEO 4.9.10 - aioseo.com -->\n\t<meta name=\"description\" content=\"Spodnie Salewa ciesz\u0105 si\u0119 uznaniem turyst\u00f3w na ca\u0142ym \u015bwiecie. Sprawd\u017a, jakie spodnie trekkingowe damskie i m\u0119skie oraz wspinaczkowe tej marki warto wybra\u0107.\" \/>\n\t<meta name=\"robots\" content=\"max-image-preview:large\" \/>\n\t<meta name=\"author\" content=\"Redakcja skalnik.pl\"\/>\n\t<link rel=\"canonical\" href=\"https:\/\/www.skalnik.pl\/blog\/spodnie-salewa\/\" \/>\n\t<meta name=\"generator\" content=\"All in One SEO (AIOSEO) 4.9.10\" \/>\n\t\t<meta property=\"og:locale\" content=\"pl_PL\" \/>\n\t\t<meta property=\"og:site_name\" content=\"blog Skalnik - Blog, porady, artyku\u0142y - blog Skalnik\" \/>\n\t\t<meta property=\"og:type\" content=\"article\" \/>\n\t\t<meta property=\"og:title\" content=\"Spodnie Salewa - blog Skalnik\" \/>\n\t\t<meta property=\"og:description\" content=\"Spodnie Salewa ciesz\u0105 si\u0119 uznaniem turyst\u00f3w na ca\u0142ym \u015bwiecie. Sprawd\u017a, jakie spodnie trekkingowe damskie i m\u0119skie oraz wspinaczkowe tej marki warto wybra\u0107.\" \/>\n\t\t<meta property=\"og:url\" content=\"https:\/\/www.skalnik.pl\/blog\/spodnie-salewa\/\" \/>\n\t\t<meta property=\"og:image\" content=\"https:\/\/skalnik.pl\/blog\/wp-content\/uploads\/2020\/02\/Salewa-Dolomity.jpg\" \/>\n\t\t<meta property=\"og:image:secure_url\" content=\"https:\/\/skalnik.pl\/blog\/wp-content\/uploads\/2020\/02\/Salewa-Dolomity.jpg\" \/>\n\t\t<meta property=\"article:tag\" content=\"bran\u017ca\" \/>\n\t\t<meta property=\"article:tag\" content=\"odzie\u017c\" \/>\n\t\t<meta property=\"article:tag\" content=\"rynek outdoor\" \/>\n\t\t<meta property=\"article:tag\" content=\"salewa\" \/>\n\t\t<meta property=\"article:tag\" content=\"spodnie trekkingowe\" \/>\n\t\t<meta property=\"article:published_time\" content=\"2020-02-18T07:00:11+00:00\" \/>\n\t\t<meta property=\"article:modified_time\" content=\"2024-05-21T06:48:22+00:00\" \/>\n\t\t<meta name=\"twitter:card\" content=\"summary_large_image\" \/>\n\t\t<meta name=\"twitter:title\" content=\"Spodnie Salewa - blog Skalnik\" \/>\n\t\t<meta name=\"twitter:description\" content=\"Spodnie Salewa ciesz\u0105 si\u0119 uznaniem turyst\u00f3w na ca\u0142ym \u015bwiecie. Sprawd\u017a, jakie spodnie trekkingowe damskie i m\u0119skie oraz wspinaczkowe tej marki warto wybra\u0107.\" \/>\n\t\t<meta name=\"twitter:image\" content=\"https:\/\/skalnik.pl\/blog\/wp-content\/uploads\/2020\/02\/Salewa-Dolomity.jpg\" \/>\n\t\t<script type=\"application\/ld+json\" class=\"aioseo-schema\">\n\t\t\t{\"@context\":\"https:\\\/\\\/schema.org\",\"@graph\":[{\"@type\":\"BlogPosting\",\"@id\":\"https:\\\/\\\/www.skalnik.pl\\\/blog\\\/spodnie-salewa\\\/#blogposting\",\"name\":\"Spodnie Salewa - blog Skalnik\",\"headline\":\"Spodnie Salewa\",\"author\":{\"@id\":\"https:\\\/\\\/www.skalnik.pl\\\/blog\\\/author\\\/redakcja-skalnik-pl\\\/#author\"},\"publisher\":{\"@id\":\"https:\\\/\\\/www.skalnik.pl\\\/blog\\\/#organization\"},\"image\":{\"@type\":\"ImageObject\",\"url\":\"https:\\\/\\\/www.skalnik.pl\\\/blog\\\/wp-content\\\/uploads\\\/2020\\\/02\\\/Salewa-spodnie-trekkingowe.jpg\",\"width\":1920,\"height\":705,\"caption\":\"Spodnie trekkingowe Salewa\"},\"datePublished\":\"2020-02-18T08:00:11+02:00\",\"dateModified\":\"2024-05-21T08:48:22+02:00\",\"inLanguage\":\"pl-PL\",\"mainEntityOfPage\":{\"@id\":\"https:\\\/\\\/www.skalnik.pl\\\/blog\\\/spodnie-salewa\\\/#webpage\"},\"isPartOf\":{\"@id\":\"https:\\\/\\\/www.skalnik.pl\\\/blog\\\/spodnie-salewa\\\/#webpage\"},\"articleSection\":\"Bran\\u017ca, odzie\\u017c, rynek outdoor, salewa, spodnie trekkingowe, 1095\"},{\"@type\":\"BreadcrumbList\",\"@id\":\"https:\\\/\\\/www.skalnik.pl\\\/blog\\\/spodnie-salewa\\\/#breadcrumblist\",\"itemListElement\":[{\"@type\":\"ListItem\",\"@id\":\"https:\\\/\\\/www.skalnik.pl\\\/blog#listItem\",\"position\":1,\"name\":\"Home\",\"item\":\"https:\\\/\\\/www.skalnik.pl\\\/blog\",\"nextItem\":{\"@type\":\"ListItem\",\"@id\":\"https:\\\/\\\/www.skalnik.pl\\\/blog\\\/.\\\/branza\\\/#listItem\",\"name\":\"Bran\\u017ca\"}},{\"@type\":\"ListItem\",\"@id\":\"https:\\\/\\\/www.skalnik.pl\\\/blog\\\/.\\\/branza\\\/#listItem\",\"position\":2,\"name\":\"Bran\\u017ca\",\"item\":\"https:\\\/\\\/www.skalnik.pl\\\/blog\\\/.\\\/branza\\\/\",\"nextItem\":{\"@type\":\"ListItem\",\"@id\":\"https:\\\/\\\/www.skalnik.pl\\\/blog\\\/spodnie-salewa\\\/#listItem\",\"name\":\"Spodnie Salewa\"},\"previousItem\":{\"@type\":\"ListItem\",\"@id\":\"https:\\\/\\\/www.skalnik.pl\\\/blog#listItem\",\"name\":\"Home\"}},{\"@type\":\"ListItem\",\"@id\":\"https:\\\/\\\/www.skalnik.pl\\\/blog\\\/spodnie-salewa\\\/#listItem\",\"position\":3,\"name\":\"Spodnie Salewa\",\"previousItem\":{\"@type\":\"ListItem\",\"@id\":\"https:\\\/\\\/www.skalnik.pl\\\/blog\\\/.\\\/branza\\\/#listItem\",\"name\":\"Bran\\u017ca\"}}]},{\"@type\":\"Organization\",\"@id\":\"https:\\\/\\\/www.skalnik.pl\\\/blog\\\/#organization\",\"name\":\"blog Skalnik\",\"description\":\"Blog, porady, artyku\\u0142y - blog Skalnik\",\"url\":\"https:\\\/\\\/www.skalnik.pl\\\/blog\\\/\"},{\"@type\":\"Person\",\"@id\":\"https:\\\/\\\/www.skalnik.pl\\\/blog\\\/author\\\/redakcja-skalnik-pl\\\/#author\",\"url\":\"https:\\\/\\\/www.skalnik.pl\\\/blog\\\/author\\\/redakcja-skalnik-pl\\\/\",\"name\":\"Redakcja skalnik.pl\",\"image\":{\"@type\":\"ImageObject\",\"@id\":\"https:\\\/\\\/www.skalnik.pl\\\/blog\\\/spodnie-salewa\\\/#authorImage\",\"url\":\"https:\\\/\\\/secure.gravatar.com\\\/avatar\\\/7eab29b048aaf0899cd9a145e9adb814e2130ced31e65b454b902500bea65f9e?s=96&d=mm&r=g\",\"width\":96,\"height\":96,\"caption\":\"Redakcja skalnik.pl\"}},{\"@type\":\"WebPage\",\"@id\":\"https:\\\/\\\/www.skalnik.pl\\\/blog\\\/spodnie-salewa\\\/#webpage\",\"url\":\"https:\\\/\\\/www.skalnik.pl\\\/blog\\\/spodnie-salewa\\\/\",\"name\":\"Spodnie Salewa - blog Skalnik\",\"description\":\"Spodnie Salewa ciesz\\u0105 si\\u0119 uznaniem turyst\\u00f3w na ca\\u0142ym \\u015bwiecie. Sprawd\\u017a, jakie spodnie trekkingowe damskie i m\\u0119skie oraz wspinaczkowe tej marki warto wybra\\u0107.\",\"inLanguage\":\"pl-PL\",\"isPartOf\":{\"@id\":\"https:\\\/\\\/www.skalnik.pl\\\/blog\\\/#website\"},\"breadcrumb\":{\"@id\":\"https:\\\/\\\/www.skalnik.pl\\\/blog\\\/spodnie-salewa\\\/#breadcrumblist\"},\"author\":{\"@id\":\"https:\\\/\\\/www.skalnik.pl\\\/blog\\\/author\\\/redakcja-skalnik-pl\\\/#author\"},\"creator\":{\"@id\":\"https:\\\/\\\/www.skalnik.pl\\\/blog\\\/author\\\/redakcja-skalnik-pl\\\/#author\"},\"image\":{\"@type\":\"ImageObject\",\"url\":\"https:\\\/\\\/www.skalnik.pl\\\/blog\\\/wp-content\\\/uploads\\\/2020\\\/02\\\/Salewa-spodnie-trekkingowe.jpg\",\"@id\":\"https:\\\/\\\/www.skalnik.pl\\\/blog\\\/spodnie-salewa\\\/#mainImage\",\"width\":1920,\"height\":705,\"caption\":\"Spodnie trekkingowe Salewa\"},\"primaryImageOfPage\":{\"@id\":\"https:\\\/\\\/www.skalnik.pl\\\/blog\\\/spodnie-salewa\\\/#mainImage\"},\"datePublished\":\"2020-02-18T08:00:11+02:00\",\"dateModified\":\"2024-05-21T08:48:22+02:00\"},{\"@type\":\"WebSite\",\"@id\":\"https:\\\/\\\/www.skalnik.pl\\\/blog\\\/#website\",\"url\":\"https:\\\/\\\/www.skalnik.pl\\\/blog\\\/\",\"name\":\"blog Skalnik\",\"description\":\"Blog, porady, artyku\\u0142y - blog Skalnik\",\"inLanguage\":\"pl-PL\",\"publisher\":{\"@id\":\"https:\\\/\\\/www.skalnik.pl\\\/blog\\\/#organization\"}}]}\n\t\t<\/script>\n\t\t<!-- All in One SEO -->\n\n","aioseo_head_json":{"title":"Spodnie Salewa - blog Skalnik","description":"Spodnie Salewa ciesz\u0105 si\u0119 uznaniem turyst\u00f3w na ca\u0142ym \u015bwiecie. Sprawd\u017a, jakie spodnie trekkingowe damskie i m\u0119skie oraz wspinaczkowe tej marki warto wybra\u0107.","canonical_url":"https:\/\/www.skalnik.pl\/blog\/spodnie-salewa\/","robots":"max-image-preview:large","keywords":"","webmasterTools":{"miscellaneous":""},"schema":{"@context":"https:\/\/schema.org","@graph":[{"@type":"BlogPosting","@id":"https:\/\/www.skalnik.pl\/blog\/spodnie-salewa\/#blogposting","name":"Spodnie Salewa - blog Skalnik","headline":"Spodnie Salewa","author":{"@id":"https:\/\/www.skalnik.pl\/blog\/author\/redakcja-skalnik-pl\/#author"},"publisher":{"@id":"https:\/\/www.skalnik.pl\/blog\/#organization"},"image":{"@type":"ImageObject","url":"https:\/\/www.skalnik.pl\/blog\/wp-content\/uploads\/2020\/02\/Salewa-spodnie-trekkingowe.jpg","width":1920,"height":705,"caption":"Spodnie trekkingowe Salewa"},"datePublished":"2020-02-18T08:00:11+02:00","dateModified":"2024-05-21T08:48:22+02:00","inLanguage":"pl-PL","mainEntityOfPage":{"@id":"https:\/\/www.skalnik.pl\/blog\/spodnie-salewa\/#webpage"},"isPartOf":{"@id":"https:\/\/www.skalnik.pl\/blog\/spodnie-salewa\/#webpage"},"articleSection":"Bran\u017ca, odzie\u017c, rynek outdoor, salewa, spodnie trekkingowe, 1095"},{"@type":"BreadcrumbList","@id":"https:\/\/www.skalnik.pl\/blog\/spodnie-salewa\/#breadcrumblist","itemListElement":[{"@type":"ListItem","@id":"https:\/\/www.skalnik.pl\/blog#listItem","position":1,"name":"Home","item":"https:\/\/www.skalnik.pl\/blog","nextItem":{"@type":"ListItem","@id":"https:\/\/www.skalnik.pl\/blog\/.\/branza\/#listItem","name":"Bran\u017ca"}},{"@type":"ListItem","@id":"https:\/\/www.skalnik.pl\/blog\/.\/branza\/#listItem","position":2,"name":"Bran\u017ca","item":"https:\/\/www.skalnik.pl\/blog\/.\/branza\/","nextItem":{"@type":"ListItem","@id":"https:\/\/www.skalnik.pl\/blog\/spodnie-salewa\/#listItem","name":"Spodnie Salewa"},"previousItem":{"@type":"ListItem","@id":"https:\/\/www.skalnik.pl\/blog#listItem","name":"Home"}},{"@type":"ListItem","@id":"https:\/\/www.skalnik.pl\/blog\/spodnie-salewa\/#listItem","position":3,"name":"Spodnie Salewa","previousItem":{"@type":"ListItem","@id":"https:\/\/www.skalnik.pl\/blog\/.\/branza\/#listItem","name":"Bran\u017ca"}}]},{"@type":"Organization","@id":"https:\/\/www.skalnik.pl\/blog\/#organization","name":"blog Skalnik","description":"Blog, porady, artyku\u0142y - blog Skalnik","url":"https:\/\/www.skalnik.pl\/blog\/"},{"@type":"Person","@id":"https:\/\/www.skalnik.pl\/blog\/author\/redakcja-skalnik-pl\/#author","url":"https:\/\/www.skalnik.pl\/blog\/author\/redakcja-skalnik-pl\/","name":"Redakcja skalnik.pl","image":{"@type":"ImageObject","@id":"https:\/\/www.skalnik.pl\/blog\/spodnie-salewa\/#authorImage","url":"https:\/\/secure.gravatar.com\/avatar\/7eab29b048aaf0899cd9a145e9adb814e2130ced31e65b454b902500bea65f9e?s=96&d=mm&r=g","width":96,"height":96,"caption":"Redakcja skalnik.pl"}},{"@type":"WebPage","@id":"https:\/\/www.skalnik.pl\/blog\/spodnie-salewa\/#webpage","url":"https:\/\/www.skalnik.pl\/blog\/spodnie-salewa\/","name":"Spodnie Salewa - blog Skalnik","description":"Spodnie Salewa ciesz\u0105 si\u0119 uznaniem turyst\u00f3w na ca\u0142ym \u015bwiecie. Sprawd\u017a, jakie spodnie trekkingowe damskie i m\u0119skie oraz wspinaczkowe tej marki warto wybra\u0107.","inLanguage":"pl-PL","isPartOf":{"@id":"https:\/\/www.skalnik.pl\/blog\/#website"},"breadcrumb":{"@id":"https:\/\/www.skalnik.pl\/blog\/spodnie-salewa\/#breadcrumblist"},"author":{"@id":"https:\/\/www.skalnik.pl\/blog\/author\/redakcja-skalnik-pl\/#author"},"creator":{"@id":"https:\/\/www.skalnik.pl\/blog\/author\/redakcja-skalnik-pl\/#author"},"image":{"@type":"ImageObject","url":"https:\/\/www.skalnik.pl\/blog\/wp-content\/uploads\/2020\/02\/Salewa-spodnie-trekkingowe.jpg","@id":"https:\/\/www.skalnik.pl\/blog\/spodnie-salewa\/#mainImage","width":1920,"height":705,"caption":"Spodnie trekkingowe Salewa"},"primaryImageOfPage":{"@id":"https:\/\/www.skalnik.pl\/blog\/spodnie-salewa\/#mainImage"},"datePublished":"2020-02-18T08:00:11+02:00","dateModified":"2024-05-21T08:48:22+02:00"},{"@type":"WebSite","@id":"https:\/\/www.skalnik.pl\/blog\/#website","url":"https:\/\/www.skalnik.pl\/blog\/","name":"blog Skalnik","description":"Blog, porady, artyku\u0142y - blog Skalnik","inLanguage":"pl-PL","publisher":{"@id":"https:\/\/www.skalnik.pl\/blog\/#organization"}}]},"og:locale":"pl_PL","og:site_name":"blog Skalnik - Blog, porady, artyku\u0142y - blog Skalnik","og:type":"article","og:title":"Spodnie Salewa - blog Skalnik","og:description":"Spodnie Salewa ciesz\u0105 si\u0119 uznaniem turyst\u00f3w na ca\u0142ym \u015bwiecie. Sprawd\u017a, jakie spodnie trekkingowe damskie i m\u0119skie oraz wspinaczkowe tej marki warto wybra\u0107.","og:url":"https:\/\/www.skalnik.pl\/blog\/spodnie-salewa\/","og:image":"https:\/\/skalnik.pl\/blog\/wp-content\/uploads\/2020\/02\/Salewa-Dolomity.jpg","og:image:secure_url":"https:\/\/skalnik.pl\/blog\/wp-content\/uploads\/2020\/02\/Salewa-Dolomity.jpg","article:tag":["bran\u017ca","odzie\u017c","rynek outdoor","salewa","spodnie trekkingowe"],"article:published_time":"2020-02-18T07:00:11+00:00","article:modified_time":"2024-05-21T06:48:22+00:00","twitter:card":"summary_large_image","twitter:title":"Spodnie Salewa - blog Skalnik","twitter:description":"Spodnie Salewa ciesz\u0105 si\u0119 uznaniem turyst\u00f3w na ca\u0142ym \u015bwiecie. Sprawd\u017a, jakie spodnie trekkingowe damskie i m\u0119skie oraz wspinaczkowe tej marki warto wybra\u0107.","twitter:image":"https:\/\/skalnik.pl\/blog\/wp-content\/uploads\/2020\/02\/Salewa-Dolomity.jpg"},"aioseo_meta_data":{"post_id":"11472","title":null,"description":"Spodnie Salewa ciesz\u0105 si\u0119 uznaniem turyst\u00f3w na ca\u0142ym \u015bwiecie. Sprawd\u017a, jakie spodnie trekkingowe damskie i m\u0119skie oraz wspinaczkowe tej marki warto wybra\u0107.","keywords":[{"label":"spodnie Salewa","value":"spodnie Salewa"},{"label":"Salewa","value":"Salewa"},{"label":"spodnie trekkingowe","value":"spodnie trekkingowe"},{"label":"spodnie trekkingowe Salewa","value":"spodnie trekkingowe Salewa"},{"label":"Salewa spodnie damskie","value":"Salewa spodnie damskie"}],"keyphrases":{"focus":{"keyphrase":"","score":0,"analysis":{"keyphraseInTitle":{"score":0,"maxScore":9,"error":1}}},"additional":[]},"primary_term":null,"canonical_url":null,"og_title":null,"og_description":null,"og_object_type":"default","og_image_type":"default","og_image_url":null,"og_image_width":null,"og_image_height":null,"og_image_custom_url":null,"og_image_custom_fields":null,"og_video":"","og_custom_url":null,"og_article_section":null,"og_article_tags":[],"twitter_use_og":false,"twitter_card":"default","twitter_image_type":"default","twitter_image_url":null,"twitter_image_custom_url":null,"twitter_image_custom_fields":null,"twitter_title":null,"twitter_description":null,"schema":{"blockGraphs":[],"customGraphs":[],"default":{"data":{"Article":[],"Course":[],"Dataset":[],"FAQPage":[],"Movie":[],"Person":[],"Product":[],"ProductReview":[],"Car":[],"Recipe":[],"Service":[],"SoftwareApplication":[],"WebPage":[]},"graphName":"","isEnabled":true},"graphs":[]},"schema_type":"default","schema_type_options":null,"pillar_content":false,"robots_default":true,"robots_noindex":false,"robots_noarchive":false,"robots_nosnippet":false,"robots_nofollow":false,"robots_noimageindex":false,"robots_noodp":false,"robots_notranslate":false,"robots_max_snippet":"-1","robots_max_videopreview":"-1","robots_max_imagepreview":"large","priority":null,"frequency":"default","local_seo":null,"breadcrumb_settings":null,"limit_modified_date":false,"ai":null,"created":"2022-08-26 10:14:52","updated":"2026-02-17 21:47:26","seo_analyzer_scan_date":null},"aioseo_breadcrumb":"<div class=\"aioseo-breadcrumbs\"><span class=\"aioseo-breadcrumb\">\n\t\t\t<a href=\"https:\/\/www.skalnik.pl\/blog\" title=\"Home\">Home<\/a>\n\t\t<\/span><span class=\"aioseo-breadcrumb-separator\">&raquo;<\/span><span class=\"aioseo-breadcrumb\">\n\t\t\t<a href=\"https:\/\/www.skalnik.pl\/blog\/.\/branza\/\" title=\"Bran\u017ca\">Bran\u017ca<\/a>\n\t\t<\/span><span class=\"aioseo-breadcrumb-separator\">&raquo;<\/span><span class=\"aioseo-breadcrumb\">\n\t\t\tSpodnie Salewa\n\t\t<\/span><\/div>","aioseo_breadcrumb_json":[{"label":"Home","link":"https:\/\/www.skalnik.pl\/blog"},{"label":"Bran\u017ca","link":"https:\/\/www.skalnik.pl\/blog\/.\/branza\/"},{"label":"Spodnie Salewa","link":"https:\/\/www.skalnik.pl\/blog\/spodnie-salewa\/"}],"_links":{"self":[{"href":"https:\/\/www.skalnik.pl\/blog\/wp-json\/wp\/v2\/posts\/11472","targetHints":{"allow":["GET"]}}],"collection":[{"href":"https:\/\/www.skalnik.pl\/blog\/wp-json\/wp\/v2\/posts"}],"about":[{"href":"https:\/\/www.skalnik.pl\/blog\/wp-json\/wp\/v2\/types\/post"}],"author":[{"embeddable":true,"href":"https:\/\/www.skalnik.pl\/blog\/wp-json\/wp\/v2\/users\/7"}],"replies":[{"embeddable":true,"href":"https:\/\/www.skalnik.pl\/blog\/wp-json\/wp\/v2\/comments?post=11472"}],"version-history":[{"count":9,"href":"https:\/\/www.skalnik.pl\/blog\/wp-json\/wp\/v2\/posts\/11472\/revisions"}],"predecessor-version":[{"id":26362,"href":"https:\/\/www.skalnik.pl\/blog\/wp-json\/wp\/v2\/posts\/11472\/revisions\/26362"}],"wp:featuredmedia":[{"embeddable":true,"href":"https:\/\/www.skalnik.pl\/blog\/wp-json\/wp\/v2\/media\/11480"}],"wp:attachment":[{"href":"https:\/\/www.skalnik.pl\/blog\/wp-json\/wp\/v2\/media?parent=11472"}],"wp:term":[{"taxonomy":"category","embeddable":true,"href":"https:\/\/www.skalnik.pl\/blog\/wp-json\/wp\/v2\/categories?post=11472"},{"taxonomy":"post_tag","embeddable":true,"href":"https:\/\/www.skalnik.pl\/blog\/wp-json\/wp\/v2\/tags?post=11472"},{"taxonomy":"magento_category","embeddable":true,"href":"https:\/\/www.skalnik.pl\/blog\/wp-json\/wp\/v2\/magento_category?post=11472"},{"taxonomy":"magento_product","embeddable":true,"href":"https:\/\/www.skalnik.pl\/blog\/wp-json\/wp\/v2\/magento_product?post=11472"}],"curies":[{"name":"wp","href":"https:\/\/api.w.org\/{rel}","templated":true}]}}