{"id":11542,"date":"2020-02-19T15:02:18","date_gmt":"2020-02-19T14:02:18","guid":{"rendered":"https:\/\/skalnik.pl\/blog\/?p=11542"},"modified":"2020-02-19T15:02:20","modified_gmt":"2020-02-19T14:02:20","slug":"skalne-miasto-adrspach","status":"publish","type":"post","link":"https:\/\/www.skalnik.pl\/blog\/skalne-miasto-adrspach\/","title":{"rendered":"Skalne Miasto Adr\u0161pach"},"content":{"rendered":"\n<p>\n<strong>Skalne miasto w Czechach (Skalne m\u011bsto, Adr\u0161pa\u0161sko-teplick\u00e9\nsk\u00e1ly) to olbrzymi kamienny labirynt wyrze\u017abiony si\u0142ami natury.\nNatkniecie si\u0119 w nim na przepi\u0119kne, monumentalne formacje skalne.\nMiejsce to nie bez powodu zosta\u0142o wybrane przez tw\u00f3rc\u00f3w <\/strong><em><strong>Opowie\u015bci\nz Narnii<\/strong><\/em><strong> na plan filmowy. Wchodz\u0105c do Skalnego Miasta\nmo\u017cna poczu\u0107 si\u0119 fantastycznie, wr\u0119cz jak w ba\u015bni. Miejsce to\nrobi naprawd\u0119 ogromne wra\u017cenie.<\/strong><\/p>\n\n\n\n<p>Skalne\nmiasto to tak naprawd\u0119 dwa rejony \u2013 Adr\u0161pa\u0161sk\u00e9 sk\u00e1ly i\nTeplick\u00e9 sk\u00e1ly, kt\u00f3re po\u0142\u0105czone s\u0105 tras\u0105 turystyczn\u0105. W sk\u0142ad\nSkalnego Miasta wchodzi r\u00f3wnie\u017c kilka innych atrakcji znajduj\u0105cych\nsi\u0119 na obrze\u017cach rezerwatu, na przyk\u0142ad pozosta\u0142o\u015bci zamku\nAdr\u0161pach. Wi\u0119kszo\u015b\u0107 turyst\u00f3w odwiedza najpopularniejsz\u0105 i\nnajpi\u0119kniejsz\u0105 cz\u0119\u015b\u0107 Skalnego Miasta, czyli Adr\u0161pa\u0161sk\u00e9 sk\u00e1ly.\nJednak zdecydowanie polecam zapu\u015bci\u0107 si\u0119 r\u00f3wnie\u017c w inne rejony\ntego pi\u0119knego miejsca.<\/p>\n\n\n\n<div class=\"wp-block-image\"><figure class=\"aligncenter size-large\"><img loading=\"lazy\" decoding=\"async\" width=\"842\" height=\"945\" src=\"https:\/\/skalnik.pl\/blog\/wp-content\/uploads\/2020\/02\/adrspach-brama-gotycka_malinowym-okiem.jpg\" alt=\"Skalne Miasto Adrspach \" class=\"wp-image-11549\" srcset=\"https:\/\/www.skalnik.pl\/blog\/wp-content\/uploads\/2020\/02\/adrspach-brama-gotycka_malinowym-okiem.jpg 842w, https:\/\/www.skalnik.pl\/blog\/wp-content\/uploads\/2020\/02\/adrspach-brama-gotycka_malinowym-okiem-267x300.jpg 267w, https:\/\/www.skalnik.pl\/blog\/wp-content\/uploads\/2020\/02\/adrspach-brama-gotycka_malinowym-okiem-768x862.jpg 768w\" sizes=\"auto, (max-width: 842px) 100vw, 842px\" \/><figcaption>Niedaleko za wej\u015bciem do rezerwatu znajduje si\u0119 tzw. Brama Gotycka. Przez ni\u0105 wchodzi si\u0119 do labiryntu skalnych \u015bcian. (fot. Mateusz Malinowski) <\/figcaption><\/figure><\/div>\n\n\n\n<div id=\"ez-toc-container\" class=\"ez-toc-v2_0_85 counter-hierarchy ez-toc-counter ez-toc-light-blue ez-toc-container-direction\">\n<div class=\"ez-toc-title-container\">\n<p class=\"ez-toc-title\" style=\"cursor:inherit\">SPIS TRE\u015aCI <\/p>\n<span class=\"ez-toc-title-toggle\"><a href=\"#\" class=\"ez-toc-pull-right ez-toc-btn ez-toc-btn-xs ez-toc-btn-default ez-toc-toggle\" aria-label=\"Prze\u0142\u0105cznik Spisu Tre\u015bci\"><span class=\"ez-toc-js-icon-con\"><span class=\"\"><span class=\"eztoc-hide\" style=\"display:none;\">Toggle<\/span><span class=\"ez-toc-icon-toggle-span\"><svg style=\"fill: #999;color:#999\" xmlns=\"http:\/\/www.w3.org\/2000\/svg\" class=\"list-377408\" width=\"20px\" height=\"20px\" viewBox=\"0 0 24 24\" fill=\"none\"><path d=\"M6 6H4v2h2V6zm14 0H8v2h12V6zM4 11h2v2H4v-2zm16 0H8v2h12v-2zM4 16h2v2H4v-2zm16 0H8v2h12v-2z\" fill=\"currentColor\"><\/path><\/svg><svg style=\"fill: #999;color:#999\" class=\"arrow-unsorted-368013\" xmlns=\"http:\/\/www.w3.org\/2000\/svg\" width=\"10px\" height=\"10px\" viewBox=\"0 0 24 24\" version=\"1.2\" baseProfile=\"tiny\"><path d=\"M18.2 9.3l-6.2-6.3-6.2 6.3c-.2.2-.3.4-.3.7s.1.5.3.7c.2.2.4.3.7.3h11c.3 0 .5-.1.7-.3.2-.2.3-.5.3-.7s-.1-.5-.3-.7zM5.8 14.7l6.2 6.3 6.2-6.3c.2-.2.3-.5.3-.7s-.1-.5-.3-.7c-.2-.2-.4-.3-.7-.3h-11c-.3 0-.5.1-.7.3-.2.2-.3.5-.3.7s.1.5.3.7z\"\/><\/svg><\/span><\/span><\/span><\/a><\/span><\/div>\n<nav><ul class='ez-toc-list ez-toc-list-level-1 ' ><li class='ez-toc-page-1 ez-toc-heading-level-2'><a class=\"ez-toc-link ez-toc-heading-1\" href=\"https:\/\/www.skalnik.pl\/blog\/skalne-miasto-adrspach\/#Skalne_miasto_Adrspach_Czechy_%E2%80%93_jak_dojechac\" >Skalne miasto Adr\u0161pach Czechy \u2013 jak dojecha\u0107?<\/a><\/li><li class='ez-toc-page-1 ez-toc-heading-level-2'><a class=\"ez-toc-link ez-toc-heading-2\" href=\"https:\/\/www.skalnik.pl\/blog\/skalne-miasto-adrspach\/#Adrspach_skalne_miasto_%E2%80%93_informacje_praktyczne\" >Adr\u0161pach skalne miasto \u2013 informacje praktyczne<\/a><\/li><li class='ez-toc-page-1 ez-toc-heading-level-2'><a class=\"ez-toc-link ez-toc-heading-3\" href=\"https:\/\/www.skalnik.pl\/blog\/skalne-miasto-adrspach\/#Czechy_Skalne_Miasto_%E2%80%93_trasa\" >Czechy, Skalne Miasto \u2013 trasa<\/a><\/li><li class='ez-toc-page-1 ez-toc-heading-level-2'><a class=\"ez-toc-link ez-toc-heading-4\" href=\"https:\/\/www.skalnik.pl\/blog\/skalne-miasto-adrspach\/#Wspinaczka_w_Skalnym_Miescie\" >Wspinaczka w Skalnym Mie\u015bcie<\/a><\/li><\/ul><\/nav><\/div>\n<h2 class=\"wp-block-heading\"><span class=\"ez-toc-section\" id=\"Skalne_miasto_Adrspach_Czechy_%E2%80%93_jak_dojechac\"><\/span>Skalne miasto Adr<strong>\u0161<\/strong>pach Czechy \u2013 jak dojecha\u0107?<span class=\"ez-toc-section-end\"><\/span><\/h2>\n\n\n\n<p>Najlepsz\u0105\nwed\u0142ug nas opcj\u0105 dojazdu jest trasa\nWroc\u0142aw-\u015awidnica-Wa\u0142brzych-Mierosz\u00f3w. St\u0105d mo\u017cemy kontynuowa\u0107\nna dwa sposoby. Skierowa\u0107 si\u0119 na przej\u015bcie graniczne\nGoli\u0144sk-Starostin, a nast\u0119pnie ruszy\u0107 w stron\u0119 miejscowo\u015bci\nTeplice nad Metuji lub skierowa\u0107 si\u0119 bezpo\u015brednio na Adr\u0161pach\nprzez ma\u0142e i w\u0105skie przej\u015bcie graniczne Mierosz\u00f3w-Zdonov. Drugiej\nopcji nie polecamy przy wi\u0119kszych pojazdach, bo samoch\u00f3d osobowy\nmie\u015bci si\u0119 tam na styk. Pierwsza opcja trasy to oko\u0142o 2h z\nWroc\u0142awia, druga opcja jest o oko\u0142o 20 minut kr\u00f3tsza.<\/p>\n\n\n\n<p>Parking\nznajduje si\u0119 bardzo blisko wej\u015bcia do parku. Jest du\u017cy i dobrze\noznakowany. Zwykle kosztuje 50 koron od auta, ale chodz\u0105 s\u0142uchy, \u017ce\nw zale\u017cno\u015bci od ruchu mo\u017cna trafi\u0107 na wy\u017csze ceny. Tutaj\nzostawcie samoch\u00f3d i udajcie si\u0119 w dalsz\u0105 tras\u0119 pieszo.<\/p>\n\n\n\n<iframe loading=\"lazy\" src=\"https:\/\/www.google.com\/maps\/embed?pb=!1m40!1m12!1m3!1d322464.58986028004!2d16.28078091604777!3d50.84496929611381!2m3!1f0!2f0!3f0!3m2!1i1024!2i768!4f13.1!4m25!3e0!4m5!1s0x470fe9c2d4b58abf%3A0xb70956aec205e0f5!2zV3JvY8WCYXc!3m2!1d51.1078852!2d17.038537599999998!4m5!1s0x470e5b84c4ff8e25%3A0x400af0f66157180!2zTWV6aW3Em3N0w60sIEN6ZWNoeQ!3m2!1d50.6246048!2d16.2420783!4m5!1s0x470e5e7d1e607ff5%3A0x38b51c6585ec63c9!2sTeplice%20nad%20Metuj%C3%AD%2C%20Czechy!3m2!1d50.59433!2d16.1703834!4m5!1s0x470e5f6c50cf8015%3A0x400af0f6614b370!2sAdr%C5%A1pach%2C%20Czechy!3m2!1d50.624286899999994!2d16.0834014!5e0!3m2!1spl!2spl!4v1582093009767!5m2!1spl!2spl\" style=\"border:0;\" allowfullscreen=\"\" width=\"800\" height=\"450\" frameborder=\"0\"><\/iframe>\n\n\n\n<h2 class=\"wp-block-heading\"><span class=\"ez-toc-section\" id=\"Adrspach_skalne_miasto_%E2%80%93_informacje_praktyczne\"><\/span> Adr<strong>\u0161<\/strong>pach skalne miasto \u2013 informacje praktyczne<span class=\"ez-toc-section-end\"><\/span><\/h2>\n\n\n\n<p>Wej\u015bcie\ndo parku oraz kasa biletowa mieszcz\u0105 si\u0119 przy stacji kolejowej\nAdr\u0161pach, naprzeciwko parkingu.<\/p>\n\n\n\n<p>W sezonie (1 kwietnia-31 pa\u017adziernika) wst\u0119p do parku kosztuje 120 koron za osob\u0119 doros\u0142\u0105 oraz 70 koron za dziecko. Za rodzin\u0119 (2 doros\u0142ych + 2 dzieci) zap\u0142acimy 320 koron. Do parku mo\u017cna r\u00f3wnie\u017c wej\u015b\u0107 z psem, za kt\u00f3rego nale\u017cy zap\u0142aci\u0107 10 koron i trzyma\u0107 na smyczy. Poza sezonem ceny te s\u0105 odpowiednio ni\u017csze \u2013 80 koron osoba doros\u0142a, 40 dziecko, 210 za rodzin\u0119. Skalne miasto z psem zawsze zwiedzicie w tej samej cenie. Aktualny cennik znajdziecie na <a href=\"https:\/\/www.skalyadrspach.cz\/skalni-mesto\/provozni-doba-cenik\/\" target=\"_blank\" rel=\"nofollow, noopener noreferrer\" aria-label=\"stronie Skalnego Miasta. (otwiera si\u0119 na nowej zak\u0142adce)\">stronie Skalnego Miasta.<\/a> <\/p>\n\n\n\n<div class=\"wp-block-image\"><figure class=\"aligncenter size-large\"><img loading=\"lazy\" decoding=\"async\" width=\"1024\" height=\"576\" src=\"https:\/\/skalnik.pl\/blog\/wp-content\/uploads\/2020\/02\/10-adrsapch-wej\u015bcie-do-skalnego-miasta.jpg\" alt=\"wej\u015bcie do skalnego miasta w czechach \" class=\"wp-image-11543\" srcset=\"https:\/\/www.skalnik.pl\/blog\/wp-content\/uploads\/2020\/02\/10-adrsapch-wej\u015bcie-do-skalnego-miasta.jpg 1024w, https:\/\/www.skalnik.pl\/blog\/wp-content\/uploads\/2020\/02\/10-adrsapch-wej\u015bcie-do-skalnego-miasta-300x169.jpg 300w, https:\/\/www.skalnik.pl\/blog\/wp-content\/uploads\/2020\/02\/10-adrsapch-wej\u015bcie-do-skalnego-miasta-768x432.jpg 768w\" sizes=\"auto, (max-width: 1024px) 100vw, 1024px\" \/><figcaption><em>Wej\u015bcie do Skalnego Miasta w Adrspach (fot. Ola Robak)<\/em><\/figcaption><\/figure><\/div>\n\n\n\n<p>Czeskie Skalne Miasto czynne jest ca\u0142y rok . W sezonie od 8 do 18, poza sezonem od 8 do 16. Na terenie parku nie ma toalet, dlatego zalecane jest skorzystanie z toalety znajduj\u0105cej si\u0119 przy wej\u015bciu do parku. Trasa od wej\u015bcia do ma\u0142ego wodospadu obok Jeziorka jest p\u0142aska i mo\u017cna j\u0105 pokona\u0107 z w\u00f3zkiem, a nast\u0119pnie wr\u00f3ci\u0107 t\u0105 sam\u0105 drog\u0105. W dalszej cz\u0119\u015bci znajduj\u0105 si\u0119 ju\u017c schody i strome podej\u015bcia. W sezonie, w czasie dobrej pogody, na Jeziorku odbywaj\u0105 si\u0119 rejsy \u0142\u00f3dkami. Koszt takiej atrakcji to 50 koron.<\/p>\n\n\n<div class=\"page_gallery\">\n\n\t\t<style type=\"text\/css\">\n\t\t\t#gallery-1 {\n\t\t\t\tmargin: auto;\n\t\t\t}\n\t\t\t#gallery-1 .gallery-item {\n\t\t\t\tfloat: left;\n\t\t\t\tmargin-top: 10px;\n\t\t\t\ttext-align: center;\n\t\t\t\twidth: 33%;\n\t\t\t}\n\t\t\t#gallery-1 img {\n\t\t\t\tborder: 2px solid #cfcfcf;\n\t\t\t}\n\t\t\t#gallery-1 .gallery-caption {\n\t\t\t\tmargin-left: 0;\n\t\t\t}\n\t\t\t\/* see gallery_shortcode() in wp-includes\/media.php *\/\n\t\t<\/style>\n\t\t<div id='gallery-1' class='gallery galleryid-11542 gallery-columns-3 gallery-size-full'><dl class='gallery-item'>\n\t\t\t<dt class='gallery-icon portrait'>\n\t\t\t\t<img loading=\"lazy\" decoding=\"async\" width=\"819\" height=\"1024\" src=\"https:\/\/www.skalnik.pl\/blog\/wp-content\/uploads\/2020\/02\/malinowym-okiem-adrspach-trasa-turystycxna.jpg\" class=\"attachment-full size-full\" alt=\"brama gotycka adrspach\" aria-describedby=\"gallery-1-11553\" srcset=\"https:\/\/www.skalnik.pl\/blog\/wp-content\/uploads\/2020\/02\/malinowym-okiem-adrspach-trasa-turystycxna.jpg 819w, https:\/\/www.skalnik.pl\/blog\/wp-content\/uploads\/2020\/02\/malinowym-okiem-adrspach-trasa-turystycxna-240x300.jpg 240w, https:\/\/www.skalnik.pl\/blog\/wp-content\/uploads\/2020\/02\/malinowym-okiem-adrspach-trasa-turystycxna-768x960.jpg 768w\" sizes=\"auto, (max-width: 819px) 100vw, 819px\" \/>\n\t\t\t<\/dt>\n\t\t\t\t<dd class='wp-caption-text gallery-caption' id='gallery-1-11553'>\n\t\t\t\tSkalne uliczki Adrspach (fot. Mateusz Malinowski)\n\t\t\t\t<\/dd><\/dl><dl class='gallery-item'>\n\t\t\t<dt class='gallery-icon landscape'>\n\t\t\t\t<img loading=\"lazy\" decoding=\"async\" width=\"842\" height=\"842\" src=\"https:\/\/www.skalnik.pl\/blog\/wp-content\/uploads\/2020\/02\/adrspach-wodospad.jpg\" class=\"attachment-full size-full\" alt=\"wodospad adrspach\" aria-describedby=\"gallery-1-11554\" srcset=\"https:\/\/www.skalnik.pl\/blog\/wp-content\/uploads\/2020\/02\/adrspach-wodospad.jpg 842w, https:\/\/www.skalnik.pl\/blog\/wp-content\/uploads\/2020\/02\/adrspach-wodospad-300x300.jpg 300w, https:\/\/www.skalnik.pl\/blog\/wp-content\/uploads\/2020\/02\/adrspach-wodospad-768x768.jpg 768w\" sizes=\"auto, (max-width: 842px) 100vw, 842px\" \/>\n\t\t\t<\/dt>\n\t\t\t\t<dd class='wp-caption-text gallery-caption' id='gallery-1-11554'>\n\t\t\t\tWielki Wodospad (fot. Mateusz Malinowski)\n\t\t\t\t<\/dd><\/dl><dl class='gallery-item'>\n\t\t\t<dt class='gallery-icon portrait'>\n\t\t\t\t<img loading=\"lazy\" decoding=\"async\" width=\"680\" height=\"1024\" src=\"https:\/\/www.skalnik.pl\/blog\/wp-content\/uploads\/2020\/02\/Malinowym-okiem-3.jpg\" class=\"attachment-full size-full\" alt=\"adrspach skalne miasto\" aria-describedby=\"gallery-1-11555\" srcset=\"https:\/\/www.skalnik.pl\/blog\/wp-content\/uploads\/2020\/02\/Malinowym-okiem-3.jpg 680w, https:\/\/www.skalnik.pl\/blog\/wp-content\/uploads\/2020\/02\/Malinowym-okiem-3-199x300.jpg 199w\" sizes=\"auto, (max-width: 680px) 100vw, 680px\" \/>\n\t\t\t<\/dt>\n\t\t\t\t<dd class='wp-caption-text gallery-caption' id='gallery-1-11555'>\n\t\t\t\tW\u015br\u00f3d wysokich turni z piaskowca (fot. Mateusz Malinowski)\n\t\t\t\t<\/dd><\/dl><br style=\"clear: both\" \/><dl class='gallery-item'>\n\t\t\t<dt class='gallery-icon landscape'>\n\t\t\t\t<img loading=\"lazy\" decoding=\"async\" width=\"1024\" height=\"819\" src=\"https:\/\/www.skalnik.pl\/blog\/wp-content\/uploads\/2020\/02\/Malinowym-okiem-punkty-widokowe.jpg\" class=\"attachment-full size-full\" alt=\"punkt widokowy adrspach\" aria-describedby=\"gallery-1-11556\" srcset=\"https:\/\/www.skalnik.pl\/blog\/wp-content\/uploads\/2020\/02\/Malinowym-okiem-punkty-widokowe.jpg 1024w, https:\/\/www.skalnik.pl\/blog\/wp-content\/uploads\/2020\/02\/Malinowym-okiem-punkty-widokowe-300x240.jpg 300w, https:\/\/www.skalnik.pl\/blog\/wp-content\/uploads\/2020\/02\/Malinowym-okiem-punkty-widokowe-768x614.jpg 768w\" sizes=\"auto, (max-width: 1024px) 100vw, 1024px\" \/>\n\t\t\t<\/dt>\n\t\t\t\t<dd class='wp-caption-text gallery-caption' id='gallery-1-11556'>\n\t\t\t\tNa trasie znajduje si\u0119 kilka punkt\u00f3w widokowych. (fot. Mateusz Malinowski)\n\t\t\t\t<\/dd><\/dl><dl class='gallery-item'>\n\t\t\t<dt class='gallery-icon portrait'>\n\t\t\t\t<img loading=\"lazy\" decoding=\"async\" width=\"538\" height=\"1024\" src=\"https:\/\/www.skalnik.pl\/blog\/wp-content\/uploads\/2020\/02\/g\u0142owa-cukru_malinowym-okiem.jpg\" class=\"attachment-full size-full\" alt=\"ska\u0142a g\u0142owa cukru\" aria-describedby=\"gallery-1-11558\" srcset=\"https:\/\/www.skalnik.pl\/blog\/wp-content\/uploads\/2020\/02\/g\u0142owa-cukru_malinowym-okiem.jpg 538w, https:\/\/www.skalnik.pl\/blog\/wp-content\/uploads\/2020\/02\/g\u0142owa-cukru_malinowym-okiem-158x300.jpg 158w\" sizes=\"auto, (max-width: 538px) 100vw, 538px\" \/>\n\t\t\t<\/dt>\n\t\t\t\t<dd class='wp-caption-text gallery-caption' id='gallery-1-11558'>\n\t\t\t\tG\u0142owa Cukru (fot. Mateusz Malinowski)\n\t\t\t\t<\/dd><\/dl>\n\t\t\t<br style='clear: both' \/>\n\t\t<\/div>\n\n<\/div>\n\n\n<h2 class=\"wp-block-heading\"><span class=\"ez-toc-section\" id=\"Czechy_Skalne_Miasto_%E2%80%93_trasa\"><\/span>Czechy, Skalne Miasto \u2013 trasa<span class=\"ez-toc-section-end\"><\/span><\/h2>\n\n\n\n<p>Najbardziej\nwidowiskowa i najcz\u0119\u015bciej odwiedzana trasa Skalnego Miasta prowadzi\nzielonym szlakiem w formie 3,5 kilometrowej p\u0119tli. Jej przej\u015bcie\nzajmuje oko\u0142o 1-2h w zale\u017cno\u015bci od liczby zwiedzaj\u0105cych. W\nsezonie, gdy Skalne Miasto Adrspach prze\u017cywa najwi\u0119ksze obl\u0119\u017cenie,\nw w\u0105skich, trudniejszych czy bardziej widowiskowych miejscach,\npotrafi\u0105 robi\u0107 si\u0119 kolejki. Je\u017celi chcesz w ciszy i spokoju\nprzej\u015b\u0107 ca\u0142\u0105 tras\u0119, polecamy wizyt\u0119 poza sezonem. Jest wtedy\nzdecydowanie mniej ludzi, a ska\u0142y s\u0105 tak samo pi\u0119kne. Je\u017celi\njednak planujesz odwiedzi\u0107 Skalne Miasto mi\u0119dzy kwietniem a\npa\u017adziernikiem, to unikaj d\u0142ugich weekend\u00f3w, a do parku wejd\u017a\nnajlepiej z samego rana. \n<\/p>\n\n\n\n<div style=\"max-width:1000px;overflow:hidden;margin:0 auto;min-width:300px;\"><iframe src=\"https:\/\/mapa-turystyczna.pl\/map\/widget\/route\/h1l0p1\/7bji.html\" style=\"width:100%;border:0;\" height=\"680\" frameborder=\"0\"><\/iframe><a href=\"https:\/\/mapa-turystyczna.pl\/route\/7bji?utm_source=external_web&amp;utm_medium=widget&amp;utm_campaign=route_widget\" target=\"_blank\" style=\"color:#999;padding:7px 0;font-size: 13px;font-family:Roboto,Arial,sans-serif;display: inline-block;\" rel=\"noopener noreferrer\">Trasa: Adr\u0161pa\u0161sk\u00e9 sk\u00e1ly, vstup \u2013 Adr\u0161pa\u0161sk\u00e9 sk\u00e1ly, vstup | mapa-turystyczna.pl<\/a><\/div>\n\n\n\n<p>Trasa\nw Skalnym Mie\u015bcie biegnie przez przepi\u0119kne tereny, na kt\u00f3rych\nmo\u017cemy podziwia\u0107 strzeliste ska\u0142y, w\u0105skie przesmyki i wiele\nciekawych formacji skalnych. Niekt\u00f3re z nich s\u0105 tak\ncharakterystyczne, \u017ce doczeka\u0142y si\u0119 swoich nazw. Ca\u0142a trasa jest\ndobrze oznakowana, a na drewnianych s\u0142upach pe\u0142ni\u0105cych rol\u0119\ndrogowskaz\u00f3w znajdziemy r\u00f3wnie\u017c informacje o nazwach danych\nformacji skalnych. B\u0119d\u0105c na miejscu spr\u00f3bujcie odgadn\u0105\u0107 nazw\u0119\nska\u0142y przed jej przeczytaniem. Niekt\u00f3re nazwy s\u0105 bardzo oczywiste,\njak dwie przytulone do siebie ska\u0142y o nazwie \u201eKochankowie\u201d, ale\nprzy innych cz\u0119sto zastanawiali\u015bmy si\u0119 \u201eco autor mia\u0142 na my\u015bli\u201d\ni ka\u017cdy zobaczy\u0142 co\u015b innego. Ubaw gwarantowany.<\/p>\n\n\n\n<figure class=\"wp-block-image size-large\"><img loading=\"lazy\" decoding=\"async\" width=\"1024\" height=\"680\" src=\"https:\/\/skalnik.pl\/blog\/wp-content\/uploads\/2020\/02\/adrspach-skalne-miasto-szlak.jpg\" alt=\"skalne miasto trasa turystyczna\" class=\"wp-image-11548\" srcset=\"https:\/\/www.skalnik.pl\/blog\/wp-content\/uploads\/2020\/02\/adrspach-skalne-miasto-szlak.jpg 1024w, https:\/\/www.skalnik.pl\/blog\/wp-content\/uploads\/2020\/02\/adrspach-skalne-miasto-szlak-300x199.jpg 300w, https:\/\/www.skalnik.pl\/blog\/wp-content\/uploads\/2020\/02\/adrspach-skalne-miasto-szlak-768x510.jpg 768w\" sizes=\"auto, (max-width: 1024px) 100vw, 1024px\" \/><figcaption><em>Trasa w Skalnym Mie\u015bcie Adrspach jest dobrze oznakowana. Opr\u00f3cz szlaku znajduj\u0105 si\u0119 na niej drogowskazy, takie jak ten w g\u0142\u0119bi zdj\u0119cia. (fot. Mateusz Malinowski)<\/em><\/figcaption><\/figure>\n\n\n\n<h2 class=\"wp-block-heading\"><span class=\"ez-toc-section\" id=\"Wspinaczka_w_Skalnym_Miescie\"><\/span>Wspinaczka w Skalnym Mie\u015bcie<span class=\"ez-toc-section-end\"><\/span><\/h2>\n\n\n\n<p>Skalne\nMiasto to tak\u017ce popularny rejon wspinaczkowy. Przez wiele os\u00f3b jest\nuwa\u017cane za najlepsze miejsce do wspinaczki w piaskowcu. Je\u017celi\ninteresuje ci\u0119 wspinaczka w Skalnym Mie\u015bcie, musisz uzyska\u0107 zgod\u0119\nrezerwatu. Mo\u017cesz te\u017c wynaj\u0105\u0107 instruktora wraz ze sprz\u0119tem,\nkt\u00f3ry poka\u017ce ci rejon i zapozna ze wspinaczk\u0105 w piaskowcu.<\/p>\n\n\n\n<p>Odnajdziesz\ntu wszystkie trudno\u015bci wspinaczkowe. Niekt\u00f3re z dr\u00f3g do dzisiaj\nstanowi\u0105 wyzwanie g\u0142\u00f3wnie ze wzgl\u0119du na obowi\u0105zuj\u0105ce surowe\nregu\u0142y zwi\u0105zane z nisk\u0105 odporno\u015bci\u0105 mechaniczn\u0105 piaskowca.\nDozwolona jest tylko wspinaczka od do\u0142u i bez magnezji. Metalowy\nsprz\u0119t wspinaczkowy (ko\u015bci, heksy itp) r\u00f3wnie\u017c nie mo\u017ce by\u0107\nu\u017cywany w czasie wspinaczki. Dozwolona jest w\u0142asna asekuracja w\npostaci w\u0119z\u0142\u00f3w oraz ta\u015bm kt\u00f3re nie niszcz\u0105 ska\u0142y. \n<\/p>\n\n\n\n<p>Informacje o rejonie znajdziecie mi\u0119dzy innymi na <a rel=\"nofollow, noopener noreferrer\" aria-label=\"stronie internetowej  (otwiera si\u0119 na nowej zak\u0142adce)\" href=\"https:\/\/www.horosvaz.cz\/skaly-oblast-7\/\" target=\"_blank\">stronie internetowej<\/a> CHS (Czech Mountaineering Association). <\/p>\n\n\n\n<div class=\"wp-block-image\"><figure class=\"aligncenter size-large\"><img loading=\"lazy\" decoding=\"async\" width=\"1024\" height=\"1024\" src=\"https:\/\/skalnik.pl\/blog\/wp-content\/uploads\/2020\/02\/DSC07286-1024x1024.jpg\" alt=\"\" class=\"wp-image-11561\" srcset=\"https:\/\/www.skalnik.pl\/blog\/wp-content\/uploads\/2020\/02\/DSC07286-1024x1024.jpg 1024w, https:\/\/www.skalnik.pl\/blog\/wp-content\/uploads\/2020\/02\/DSC07286-300x300.jpg 300w, https:\/\/www.skalnik.pl\/blog\/wp-content\/uploads\/2020\/02\/DSC07286-768x768.jpg 768w, https:\/\/www.skalnik.pl\/blog\/wp-content\/uploads\/2020\/02\/DSC07286.jpg 1079w\" sizes=\"auto, (max-width: 1024px) 100vw, 1024px\" \/><figcaption>Wymagaj\u0105ca wspinaczka w piaskowcu. W Adrspach i Teplicach panuj\u0105 wymagaj\u0105ce regu\u0142y. Zasadniczo nie u\u017cywa si\u0119 magnezji oraz zabroniona jest asekuracja ze stalowych kostek. (fot. S\u0142awek Nosal) <\/figcaption><\/figure><\/div>\n\n\n\n<p>Skalne\nmiasto Adrspach to cudowne miejsce, kt\u00f3re zachwyca o ka\u017cdej porze\ndnia i w ka\u017cdym miesi\u0105cu. Niezale\u017cnie czy wybierzesz si\u0119 w upalne\nlato, kolorow\u0105 jesieni\u0105, czy srog\u0105 zim\u0105. Zawsze odnajdziesz tu\nniepowtarzalny klimat i zechcesz wr\u00f3ci\u0107 nast\u0119pnym razem, by odby\u0107\nkolejny spacer w\u015br\u00f3d skalnych olbrzym\u00f3w. \n<\/p>\n","protected":false},"excerpt":{"rendered":"<p>Skalne Miasto w Czechach to cel wycieczek wielu os\u00f3b. Zachwy\u0107 si\u0119 ska\u0142ami Adrspach, ale wcze\u015bniej si\u0119gnij po gar\u015b\u0107 informacji. <\/p>\n","protected":false},"author":27,"featured_media":11550,"comment_status":"open","ping_status":"open","sticky":false,"template":"","format":"standard","meta":{"_acf_changed":false,"footnotes":""},"categories":[84],"tags":[232,94,210],"magento_category":[],"magento_product":[],"class_list":["post-11542","post","type-post","status-publish","format-standard","has-post-thumbnail","hentry","category-pasja","tag-czechy","tag-inspiracje","tag-turystyka"],"acf":[],"aioseo_notices":[],"aioseo_head":"\n\t\t<!-- All in One SEO 4.9.10 - aioseo.com -->\n\t<meta name=\"description\" content=\"Jak dotrze\u0107 do Adrspach i zwiedzi\u0107 Skalne Miasto w Czechach? Wszystkie praktyczne informacje znajdziesz na naszym blogu.\" \/>\n\t<meta name=\"robots\" content=\"max-image-preview:large\" \/>\n\t<meta name=\"author\" content=\"Ola i Mariusz Robak\"\/>\n\t<link rel=\"canonical\" href=\"https:\/\/www.skalnik.pl\/blog\/skalne-miasto-adrspach\/\" \/>\n\t<meta name=\"generator\" content=\"All in One SEO (AIOSEO) 4.9.10\" \/>\n\t\t<meta property=\"og:locale\" content=\"pl_PL\" \/>\n\t\t<meta property=\"og:site_name\" content=\"blog Skalnik - Blog, porady, artyku\u0142y - blog Skalnik\" \/>\n\t\t<meta property=\"og:type\" content=\"article\" \/>\n\t\t<meta property=\"og:title\" content=\"Skalne Miasto Adr\u0161pach - blog Skalnik\" \/>\n\t\t<meta property=\"og:description\" content=\"Jak dotrze\u0107 do Adrspach i zwiedzi\u0107 Skalne Miasto w Czechach? Wszystkie praktyczne informacje znajdziesz na naszym blogu.\" \/>\n\t\t<meta property=\"og:url\" content=\"https:\/\/www.skalnik.pl\/blog\/skalne-miasto-adrspach\/\" \/>\n\t\t<meta property=\"og:image\" content=\"https:\/\/skalnik.pl\/blog\/wp-content\/uploads\/2020\/02\/adrspach-brama-gotycka_malinowym-okiem.jpg\" \/>\n\t\t<meta property=\"og:image:secure_url\" content=\"https:\/\/skalnik.pl\/blog\/wp-content\/uploads\/2020\/02\/adrspach-brama-gotycka_malinowym-okiem.jpg\" \/>\n\t\t<meta property=\"article:tag\" content=\"pasja\" \/>\n\t\t<meta property=\"article:tag\" content=\"czechy\" \/>\n\t\t<meta property=\"article:tag\" content=\"inspiracje\" \/>\n\t\t<meta property=\"article:tag\" content=\"turystyka\" \/>\n\t\t<meta property=\"article:published_time\" content=\"2020-02-19T14:02:18+00:00\" \/>\n\t\t<meta property=\"article:modified_time\" content=\"2020-02-19T14:02:20+00:00\" \/>\n\t\t<meta name=\"twitter:card\" content=\"summary_large_image\" \/>\n\t\t<meta name=\"twitter:title\" content=\"Skalne Miasto Adr\u0161pach - blog Skalnik\" \/>\n\t\t<meta name=\"twitter:description\" content=\"Jak dotrze\u0107 do Adrspach i zwiedzi\u0107 Skalne Miasto w Czechach? Wszystkie praktyczne informacje znajdziesz na naszym blogu.\" \/>\n\t\t<meta name=\"twitter:image\" content=\"https:\/\/skalnik.pl\/blog\/wp-content\/uploads\/2020\/02\/adrspach-brama-gotycka_malinowym-okiem.jpg\" \/>\n\t\t<script type=\"application\/ld+json\" class=\"aioseo-schema\">\n\t\t\t{\"@context\":\"https:\\\/\\\/schema.org\",\"@graph\":[{\"@type\":\"BlogPosting\",\"@id\":\"https:\\\/\\\/www.skalnik.pl\\\/blog\\\/skalne-miasto-adrspach\\\/#blogposting\",\"name\":\"Skalne Miasto Adr\\u0161pach - blog Skalnik\",\"headline\":\"Skalne Miasto Adr\\u0161pach\",\"author\":{\"@id\":\"https:\\\/\\\/www.skalnik.pl\\\/blog\\\/author\\\/olamariusz-robak\\\/#author\"},\"publisher\":{\"@id\":\"https:\\\/\\\/www.skalnik.pl\\\/blog\\\/#organization\"},\"image\":{\"@type\":\"ImageObject\",\"url\":\"https:\\\/\\\/www.skalnik.pl\\\/blog\\\/wp-content\\\/uploads\\\/2020\\\/02\\\/adrspach-1604217_1920.jpg\",\"width\":1920,\"height\":706},\"datePublished\":\"2020-02-19T15:02:18+02:00\",\"dateModified\":\"2020-02-19T15:02:20+02:00\",\"inLanguage\":\"pl-PL\",\"mainEntityOfPage\":{\"@id\":\"https:\\\/\\\/www.skalnik.pl\\\/blog\\\/skalne-miasto-adrspach\\\/#webpage\"},\"isPartOf\":{\"@id\":\"https:\\\/\\\/www.skalnik.pl\\\/blog\\\/skalne-miasto-adrspach\\\/#webpage\"},\"articleSection\":\"Pasja, czechy, inspiracje, turystyka\"},{\"@type\":\"BreadcrumbList\",\"@id\":\"https:\\\/\\\/www.skalnik.pl\\\/blog\\\/skalne-miasto-adrspach\\\/#breadcrumblist\",\"itemListElement\":[{\"@type\":\"ListItem\",\"@id\":\"https:\\\/\\\/www.skalnik.pl\\\/blog#listItem\",\"position\":1,\"name\":\"Home\",\"item\":\"https:\\\/\\\/www.skalnik.pl\\\/blog\",\"nextItem\":{\"@type\":\"ListItem\",\"@id\":\"https:\\\/\\\/www.skalnik.pl\\\/blog\\\/.\\\/pasja\\\/#listItem\",\"name\":\"Pasja\"}},{\"@type\":\"ListItem\",\"@id\":\"https:\\\/\\\/www.skalnik.pl\\\/blog\\\/.\\\/pasja\\\/#listItem\",\"position\":2,\"name\":\"Pasja\",\"item\":\"https:\\\/\\\/www.skalnik.pl\\\/blog\\\/.\\\/pasja\\\/\",\"nextItem\":{\"@type\":\"ListItem\",\"@id\":\"https:\\\/\\\/www.skalnik.pl\\\/blog\\\/skalne-miasto-adrspach\\\/#listItem\",\"name\":\"Skalne Miasto Adr\\u0161pach\"},\"previousItem\":{\"@type\":\"ListItem\",\"@id\":\"https:\\\/\\\/www.skalnik.pl\\\/blog#listItem\",\"name\":\"Home\"}},{\"@type\":\"ListItem\",\"@id\":\"https:\\\/\\\/www.skalnik.pl\\\/blog\\\/skalne-miasto-adrspach\\\/#listItem\",\"position\":3,\"name\":\"Skalne Miasto Adr\\u0161pach\",\"previousItem\":{\"@type\":\"ListItem\",\"@id\":\"https:\\\/\\\/www.skalnik.pl\\\/blog\\\/.\\\/pasja\\\/#listItem\",\"name\":\"Pasja\"}}]},{\"@type\":\"Organization\",\"@id\":\"https:\\\/\\\/www.skalnik.pl\\\/blog\\\/#organization\",\"name\":\"blog Skalnik\",\"description\":\"Blog, porady, artyku\\u0142y - blog Skalnik\",\"url\":\"https:\\\/\\\/www.skalnik.pl\\\/blog\\\/\"},{\"@type\":\"Person\",\"@id\":\"https:\\\/\\\/www.skalnik.pl\\\/blog\\\/author\\\/olamariusz-robak\\\/#author\",\"url\":\"https:\\\/\\\/www.skalnik.pl\\\/blog\\\/author\\\/olamariusz-robak\\\/\",\"name\":\"Ola i Mariusz Robak\",\"image\":{\"@type\":\"ImageObject\",\"@id\":\"https:\\\/\\\/www.skalnik.pl\\\/blog\\\/skalne-miasto-adrspach\\\/#authorImage\",\"url\":\"https:\\\/\\\/secure.gravatar.com\\\/avatar\\\/1bdfdd8d52a8a864114b9539958110649b274bdf789f5503a949f40004d3c50f?s=96&d=mm&r=g\",\"width\":96,\"height\":96,\"caption\":\"Ola i Mariusz Robak\"}},{\"@type\":\"WebPage\",\"@id\":\"https:\\\/\\\/www.skalnik.pl\\\/blog\\\/skalne-miasto-adrspach\\\/#webpage\",\"url\":\"https:\\\/\\\/www.skalnik.pl\\\/blog\\\/skalne-miasto-adrspach\\\/\",\"name\":\"Skalne Miasto Adr\\u0161pach - blog Skalnik\",\"description\":\"Jak dotrze\\u0107 do Adrspach i zwiedzi\\u0107 Skalne Miasto w Czechach? Wszystkie praktyczne informacje znajdziesz na naszym blogu.\",\"inLanguage\":\"pl-PL\",\"isPartOf\":{\"@id\":\"https:\\\/\\\/www.skalnik.pl\\\/blog\\\/#website\"},\"breadcrumb\":{\"@id\":\"https:\\\/\\\/www.skalnik.pl\\\/blog\\\/skalne-miasto-adrspach\\\/#breadcrumblist\"},\"author\":{\"@id\":\"https:\\\/\\\/www.skalnik.pl\\\/blog\\\/author\\\/olamariusz-robak\\\/#author\"},\"creator\":{\"@id\":\"https:\\\/\\\/www.skalnik.pl\\\/blog\\\/author\\\/olamariusz-robak\\\/#author\"},\"image\":{\"@type\":\"ImageObject\",\"url\":\"https:\\\/\\\/www.skalnik.pl\\\/blog\\\/wp-content\\\/uploads\\\/2020\\\/02\\\/adrspach-1604217_1920.jpg\",\"@id\":\"https:\\\/\\\/www.skalnik.pl\\\/blog\\\/skalne-miasto-adrspach\\\/#mainImage\",\"width\":1920,\"height\":706},\"primaryImageOfPage\":{\"@id\":\"https:\\\/\\\/www.skalnik.pl\\\/blog\\\/skalne-miasto-adrspach\\\/#mainImage\"},\"datePublished\":\"2020-02-19T15:02:18+02:00\",\"dateModified\":\"2020-02-19T15:02:20+02:00\"},{\"@type\":\"WebSite\",\"@id\":\"https:\\\/\\\/www.skalnik.pl\\\/blog\\\/#website\",\"url\":\"https:\\\/\\\/www.skalnik.pl\\\/blog\\\/\",\"name\":\"blog Skalnik\",\"description\":\"Blog, porady, artyku\\u0142y - blog Skalnik\",\"inLanguage\":\"pl-PL\",\"publisher\":{\"@id\":\"https:\\\/\\\/www.skalnik.pl\\\/blog\\\/#organization\"}}]}\n\t\t<\/script>\n\t\t<!-- All in One SEO -->\n\n","aioseo_head_json":{"title":"Skalne Miasto Adr\u0161pach - blog Skalnik","description":"Jak dotrze\u0107 do Adrspach i zwiedzi\u0107 Skalne Miasto w Czechach? Wszystkie praktyczne informacje znajdziesz na naszym blogu.","canonical_url":"https:\/\/www.skalnik.pl\/blog\/skalne-miasto-adrspach\/","robots":"max-image-preview:large","keywords":"","webmasterTools":{"miscellaneous":""},"schema":{"@context":"https:\/\/schema.org","@graph":[{"@type":"BlogPosting","@id":"https:\/\/www.skalnik.pl\/blog\/skalne-miasto-adrspach\/#blogposting","name":"Skalne Miasto Adr\u0161pach - blog Skalnik","headline":"Skalne Miasto Adr\u0161pach","author":{"@id":"https:\/\/www.skalnik.pl\/blog\/author\/olamariusz-robak\/#author"},"publisher":{"@id":"https:\/\/www.skalnik.pl\/blog\/#organization"},"image":{"@type":"ImageObject","url":"https:\/\/www.skalnik.pl\/blog\/wp-content\/uploads\/2020\/02\/adrspach-1604217_1920.jpg","width":1920,"height":706},"datePublished":"2020-02-19T15:02:18+02:00","dateModified":"2020-02-19T15:02:20+02:00","inLanguage":"pl-PL","mainEntityOfPage":{"@id":"https:\/\/www.skalnik.pl\/blog\/skalne-miasto-adrspach\/#webpage"},"isPartOf":{"@id":"https:\/\/www.skalnik.pl\/blog\/skalne-miasto-adrspach\/#webpage"},"articleSection":"Pasja, czechy, inspiracje, turystyka"},{"@type":"BreadcrumbList","@id":"https:\/\/www.skalnik.pl\/blog\/skalne-miasto-adrspach\/#breadcrumblist","itemListElement":[{"@type":"ListItem","@id":"https:\/\/www.skalnik.pl\/blog#listItem","position":1,"name":"Home","item":"https:\/\/www.skalnik.pl\/blog","nextItem":{"@type":"ListItem","@id":"https:\/\/www.skalnik.pl\/blog\/.\/pasja\/#listItem","name":"Pasja"}},{"@type":"ListItem","@id":"https:\/\/www.skalnik.pl\/blog\/.\/pasja\/#listItem","position":2,"name":"Pasja","item":"https:\/\/www.skalnik.pl\/blog\/.\/pasja\/","nextItem":{"@type":"ListItem","@id":"https:\/\/www.skalnik.pl\/blog\/skalne-miasto-adrspach\/#listItem","name":"Skalne Miasto Adr\u0161pach"},"previousItem":{"@type":"ListItem","@id":"https:\/\/www.skalnik.pl\/blog#listItem","name":"Home"}},{"@type":"ListItem","@id":"https:\/\/www.skalnik.pl\/blog\/skalne-miasto-adrspach\/#listItem","position":3,"name":"Skalne Miasto Adr\u0161pach","previousItem":{"@type":"ListItem","@id":"https:\/\/www.skalnik.pl\/blog\/.\/pasja\/#listItem","name":"Pasja"}}]},{"@type":"Organization","@id":"https:\/\/www.skalnik.pl\/blog\/#organization","name":"blog Skalnik","description":"Blog, porady, artyku\u0142y - blog Skalnik","url":"https:\/\/www.skalnik.pl\/blog\/"},{"@type":"Person","@id":"https:\/\/www.skalnik.pl\/blog\/author\/olamariusz-robak\/#author","url":"https:\/\/www.skalnik.pl\/blog\/author\/olamariusz-robak\/","name":"Ola i Mariusz Robak","image":{"@type":"ImageObject","@id":"https:\/\/www.skalnik.pl\/blog\/skalne-miasto-adrspach\/#authorImage","url":"https:\/\/secure.gravatar.com\/avatar\/1bdfdd8d52a8a864114b9539958110649b274bdf789f5503a949f40004d3c50f?s=96&d=mm&r=g","width":96,"height":96,"caption":"Ola i Mariusz Robak"}},{"@type":"WebPage","@id":"https:\/\/www.skalnik.pl\/blog\/skalne-miasto-adrspach\/#webpage","url":"https:\/\/www.skalnik.pl\/blog\/skalne-miasto-adrspach\/","name":"Skalne Miasto Adr\u0161pach - blog Skalnik","description":"Jak dotrze\u0107 do Adrspach i zwiedzi\u0107 Skalne Miasto w Czechach? Wszystkie praktyczne informacje znajdziesz na naszym blogu.","inLanguage":"pl-PL","isPartOf":{"@id":"https:\/\/www.skalnik.pl\/blog\/#website"},"breadcrumb":{"@id":"https:\/\/www.skalnik.pl\/blog\/skalne-miasto-adrspach\/#breadcrumblist"},"author":{"@id":"https:\/\/www.skalnik.pl\/blog\/author\/olamariusz-robak\/#author"},"creator":{"@id":"https:\/\/www.skalnik.pl\/blog\/author\/olamariusz-robak\/#author"},"image":{"@type":"ImageObject","url":"https:\/\/www.skalnik.pl\/blog\/wp-content\/uploads\/2020\/02\/adrspach-1604217_1920.jpg","@id":"https:\/\/www.skalnik.pl\/blog\/skalne-miasto-adrspach\/#mainImage","width":1920,"height":706},"primaryImageOfPage":{"@id":"https:\/\/www.skalnik.pl\/blog\/skalne-miasto-adrspach\/#mainImage"},"datePublished":"2020-02-19T15:02:18+02:00","dateModified":"2020-02-19T15:02:20+02:00"},{"@type":"WebSite","@id":"https:\/\/www.skalnik.pl\/blog\/#website","url":"https:\/\/www.skalnik.pl\/blog\/","name":"blog Skalnik","description":"Blog, porady, artyku\u0142y - blog Skalnik","inLanguage":"pl-PL","publisher":{"@id":"https:\/\/www.skalnik.pl\/blog\/#organization"}}]},"og:locale":"pl_PL","og:site_name":"blog Skalnik - Blog, porady, artyku\u0142y - blog Skalnik","og:type":"article","og:title":"Skalne Miasto Adr\u0161pach - blog Skalnik","og:description":"Jak dotrze\u0107 do Adrspach i zwiedzi\u0107 Skalne Miasto w Czechach? Wszystkie praktyczne informacje znajdziesz na naszym blogu.","og:url":"https:\/\/www.skalnik.pl\/blog\/skalne-miasto-adrspach\/","og:image":"https:\/\/skalnik.pl\/blog\/wp-content\/uploads\/2020\/02\/adrspach-brama-gotycka_malinowym-okiem.jpg","og:image:secure_url":"https:\/\/skalnik.pl\/blog\/wp-content\/uploads\/2020\/02\/adrspach-brama-gotycka_malinowym-okiem.jpg","article:tag":["pasja","czechy","inspiracje","turystyka"],"article:published_time":"2020-02-19T14:02:18+00:00","article:modified_time":"2020-02-19T14:02:20+00:00","twitter:card":"summary_large_image","twitter:title":"Skalne Miasto Adr\u0161pach - blog Skalnik","twitter:description":"Jak dotrze\u0107 do Adrspach i zwiedzi\u0107 Skalne Miasto w Czechach? Wszystkie praktyczne informacje znajdziesz na naszym blogu.","twitter:image":"https:\/\/skalnik.pl\/blog\/wp-content\/uploads\/2020\/02\/adrspach-brama-gotycka_malinowym-okiem.jpg"},"aioseo_meta_data":{"post_id":"11542","title":null,"description":"Jak dotrze\u0107 do Adrspach i zwiedzi\u0107 Skalne Miasto w Czechach? Wszystkie praktyczne informacje znajdziesz na naszym blogu.","keywords":[{"label":"adrspach","value":"adrspach"},{"label":"skalene miasto","value":"skalene miasto"},{"label":"skalne miasta","value":"skalne miasta"},{"label":"czechy","value":"czechy"},{"label":"teplice","value":"teplice"},{"label":"skalne miasteczko","value":"skalne miasteczko"}],"keyphrases":null,"primary_term":null,"canonical_url":null,"og_title":null,"og_description":null,"og_object_type":"default","og_image_type":"default","og_image_url":null,"og_image_width":null,"og_image_height":null,"og_image_custom_url":null,"og_image_custom_fields":null,"og_video":null,"og_custom_url":null,"og_article_section":null,"og_article_tags":null,"twitter_use_og":false,"twitter_card":"default","twitter_image_type":"default","twitter_image_url":null,"twitter_image_custom_url":null,"twitter_image_custom_fields":null,"twitter_title":null,"twitter_description":null,"schema":{"blockGraphs":[],"customGraphs":[],"default":{"data":{"Article":[],"Course":[],"Dataset":[],"FAQPage":[],"Movie":[],"Person":[],"Product":[],"ProductReview":[],"Car":[],"Recipe":[],"Service":[],"SoftwareApplication":[],"WebPage":[]},"graphName":"BlogPosting","isEnabled":true},"graphs":[]},"schema_type":"default","schema_type_options":null,"pillar_content":false,"robots_default":true,"robots_noindex":false,"robots_noarchive":false,"robots_nosnippet":false,"robots_nofollow":false,"robots_noimageindex":false,"robots_noodp":false,"robots_notranslate":false,"robots_max_snippet":null,"robots_max_videopreview":null,"robots_max_imagepreview":"large","priority":null,"frequency":null,"local_seo":null,"breadcrumb_settings":null,"limit_modified_date":false,"ai":null,"created":"2022-08-26 10:14:52","updated":"2026-02-17 21:47:26","seo_analyzer_scan_date":null},"aioseo_breadcrumb":"<div class=\"aioseo-breadcrumbs\"><span class=\"aioseo-breadcrumb\">\n\t\t\t<a href=\"https:\/\/www.skalnik.pl\/blog\" title=\"Home\">Home<\/a>\n\t\t<\/span><span class=\"aioseo-breadcrumb-separator\">&raquo;<\/span><span class=\"aioseo-breadcrumb\">\n\t\t\t<a href=\"https:\/\/www.skalnik.pl\/blog\/.\/pasja\/\" title=\"Pasja\">Pasja<\/a>\n\t\t<\/span><span class=\"aioseo-breadcrumb-separator\">&raquo;<\/span><span class=\"aioseo-breadcrumb\">\n\t\t\tSkalne Miasto Adr\u0161pach\n\t\t<\/span><\/div>","aioseo_breadcrumb_json":[{"label":"Home","link":"https:\/\/www.skalnik.pl\/blog"},{"label":"Pasja","link":"https:\/\/www.skalnik.pl\/blog\/.\/pasja\/"},{"label":"Skalne Miasto Adr\u0161pach","link":"https:\/\/www.skalnik.pl\/blog\/skalne-miasto-adrspach\/"}],"_links":{"self":[{"href":"https:\/\/www.skalnik.pl\/blog\/wp-json\/wp\/v2\/posts\/11542","targetHints":{"allow":["GET"]}}],"collection":[{"href":"https:\/\/www.skalnik.pl\/blog\/wp-json\/wp\/v2\/posts"}],"about":[{"href":"https:\/\/www.skalnik.pl\/blog\/wp-json\/wp\/v2\/types\/post"}],"author":[{"embeddable":true,"href":"https:\/\/www.skalnik.pl\/blog\/wp-json\/wp\/v2\/users\/27"}],"replies":[{"embeddable":true,"href":"https:\/\/www.skalnik.pl\/blog\/wp-json\/wp\/v2\/comments?post=11542"}],"version-history":[{"count":16,"href":"https:\/\/www.skalnik.pl\/blog\/wp-json\/wp\/v2\/posts\/11542\/revisions"}],"predecessor-version":[{"id":12381,"href":"https:\/\/www.skalnik.pl\/blog\/wp-json\/wp\/v2\/posts\/11542\/revisions\/12381"}],"wp:featuredmedia":[{"embeddable":true,"href":"https:\/\/www.skalnik.pl\/blog\/wp-json\/wp\/v2\/media\/11550"}],"wp:attachment":[{"href":"https:\/\/www.skalnik.pl\/blog\/wp-json\/wp\/v2\/media?parent=11542"}],"wp:term":[{"taxonomy":"category","embeddable":true,"href":"https:\/\/www.skalnik.pl\/blog\/wp-json\/wp\/v2\/categories?post=11542"},{"taxonomy":"post_tag","embeddable":true,"href":"https:\/\/www.skalnik.pl\/blog\/wp-json\/wp\/v2\/tags?post=11542"},{"taxonomy":"magento_category","embeddable":true,"href":"https:\/\/www.skalnik.pl\/blog\/wp-json\/wp\/v2\/magento_category?post=11542"},{"taxonomy":"magento_product","embeddable":true,"href":"https:\/\/www.skalnik.pl\/blog\/wp-json\/wp\/v2\/magento_product?post=11542"}],"curies":[{"name":"wp","href":"https:\/\/api.w.org\/{rel}","templated":true}]}}