{"id":11573,"date":"2020-02-20T14:33:14","date_gmt":"2020-02-20T13:33:14","guid":{"rendered":"https:\/\/skalnik.pl\/blog\/?p=11573"},"modified":"2021-05-20T13:47:27","modified_gmt":"2021-05-20T11:47:27","slug":"jakie-rekawice-w-gory-wybrac","status":"publish","type":"post","link":"https:\/\/www.skalnik.pl\/blog\/jakie-rekawice-w-gory-wybrac\/","title":{"rendered":"Jakie r\u0119kawice w g\u00f3ry wybra\u0107"},"content":{"rendered":"\n<p><strong>Cho\u0107 r\u0119kawice kojarzone s\u0105 g\u0142\u00f3wnie z zim\u0105, to w g\u00f3rach warto mie\u0107 je ze sob\u0105 praktycznie przez ca\u0142y rok \u2013 nawet latem. Dlaczego? Z tego powodu, \u017ce sprz\u0119t, z kt\u00f3rego korzystamy w g\u00f3rach, powinien by\u0107 dopasowany przede wszystkim do prognozowanych warunk\u00f3w oraz rodzaju aktywno\u015bci, a nie do samej pory roku. Kiedy\u015b o tym zapomnia\u0142em, co nie sko\u0144czy\u0142o si\u0119 najlepiej.<\/strong><\/p>\n\n\n\n<p>By\u0142\nto jeden z moich pierwszych jesiennych wypad\u00f3w w Tatry. Wyruszy\u0142em\nna pa\u017adziernikow\u0105 w\u0119dr\u00f3wk\u0119 zabieraj\u0105c ze sob\u0105 tylko cienkie\nr\u0119kawice turystyczne. Niestety warunki, w jakich przysz\u0142o mi\nw\u0119drowa\u0107, okaza\u0142y si\u0119 wyj\u0105tkowo niekorzystne. Cho\u0107 nie by\u0142a to\njeszcze pe\u0142nia zimy, to wia\u0142 wyj\u0105tkowo ch\u0142odny wiatr. Efekt?\nOdmro\u017cenia II stopnia na kilku palcach. Od tamtej pory przywi\u0105zuj\u0119\nbardzo du\u017c\u0105 uwag\u0119 do odpowiedniego doboru r\u0119kawic, cz\u0119sto\nzabieraj\u0105c ze sob\u0105 dwie pary na wszelki wypadek.<\/p>\n\n\n\n<div id=\"ez-toc-container\" class=\"ez-toc-v2_0_85 counter-hierarchy ez-toc-counter ez-toc-light-blue ez-toc-container-direction\">\n<div class=\"ez-toc-title-container\">\n<p class=\"ez-toc-title\" style=\"cursor:inherit\">SPIS TRE\u015aCI <\/p>\n<span class=\"ez-toc-title-toggle\"><a href=\"#\" class=\"ez-toc-pull-right ez-toc-btn ez-toc-btn-xs ez-toc-btn-default ez-toc-toggle\" aria-label=\"Prze\u0142\u0105cznik Spisu Tre\u015bci\"><span class=\"ez-toc-js-icon-con\"><span class=\"\"><span class=\"eztoc-hide\" style=\"display:none;\">Toggle<\/span><span class=\"ez-toc-icon-toggle-span\"><svg style=\"fill: #999;color:#999\" xmlns=\"http:\/\/www.w3.org\/2000\/svg\" class=\"list-377408\" width=\"20px\" height=\"20px\" viewBox=\"0 0 24 24\" fill=\"none\"><path d=\"M6 6H4v2h2V6zm14 0H8v2h12V6zM4 11h2v2H4v-2zm16 0H8v2h12v-2zM4 16h2v2H4v-2zm16 0H8v2h12v-2z\" fill=\"currentColor\"><\/path><\/svg><svg style=\"fill: #999;color:#999\" class=\"arrow-unsorted-368013\" xmlns=\"http:\/\/www.w3.org\/2000\/svg\" width=\"10px\" height=\"10px\" viewBox=\"0 0 24 24\" version=\"1.2\" baseProfile=\"tiny\"><path d=\"M18.2 9.3l-6.2-6.3-6.2 6.3c-.2.2-.3.4-.3.7s.1.5.3.7c.2.2.4.3.7.3h11c.3 0 .5-.1.7-.3.2-.2.3-.5.3-.7s-.1-.5-.3-.7zM5.8 14.7l6.2 6.3 6.2-6.3c.2-.2.3-.5.3-.7s-.1-.5-.3-.7c-.2-.2-.4-.3-.7-.3h-11c-.3 0-.5.1-.7.3-.2.2-.3.5-.3.7s.1.5.3.7z\"\/><\/svg><\/span><\/span><\/span><\/a><\/span><\/div>\n<nav><ul class='ez-toc-list ez-toc-list-level-1 ' ><li class='ez-toc-page-1 ez-toc-heading-level-2'><a class=\"ez-toc-link ez-toc-heading-1\" href=\"https:\/\/www.skalnik.pl\/blog\/jakie-rekawice-w-gory-wybrac\/#Rekawiczki_%E2%80%93_jakie_wybrac\" >R\u0119kawiczki \u2013 jakie wybra\u0107?<\/a><\/li><li class='ez-toc-page-1 ez-toc-heading-level-2'><a class=\"ez-toc-link ez-toc-heading-2\" href=\"https:\/\/www.skalnik.pl\/blog\/jakie-rekawice-w-gory-wybrac\/#Rekawiczki_typu_liner\" >R\u0119kawiczki typu liner<\/a><\/li><li class='ez-toc-page-1 ez-toc-heading-level-2'><a class=\"ez-toc-link ez-toc-heading-3\" href=\"https:\/\/www.skalnik.pl\/blog\/jakie-rekawice-w-gory-wybrac\/#Rekawice_softshellowe\" >R\u0119kawice softshellowe<\/a><\/li><li class='ez-toc-page-1 ez-toc-heading-level-2'><a class=\"ez-toc-link ez-toc-heading-4\" href=\"https:\/\/www.skalnik.pl\/blog\/jakie-rekawice-w-gory-wybrac\/#Rekawiczki_docieplajace\" >R\u0119kawiczki docieplaj\u0105ce<\/a><\/li><li class='ez-toc-page-1 ez-toc-heading-level-2'><a class=\"ez-toc-link ez-toc-heading-5\" href=\"https:\/\/www.skalnik.pl\/blog\/jakie-rekawice-w-gory-wybrac\/#Rekawice_na_via_ferraty_i_do_operacji_linowych\" >R\u0119kawice na via ferraty i do operacji linowych<\/a><\/li><li class='ez-toc-page-1 ez-toc-heading-level-2'><a class=\"ez-toc-link ez-toc-heading-6\" href=\"https:\/\/www.skalnik.pl\/blog\/jakie-rekawice-w-gory-wybrac\/#Rekawice_pieciopalczaste_ocieplane\" >R\u0119kawice pi\u0119ciopalczaste ocieplane<\/a><\/li><li class='ez-toc-page-1 ez-toc-heading-level-2'><a class=\"ez-toc-link ez-toc-heading-7\" href=\"https:\/\/www.skalnik.pl\/blog\/jakie-rekawice-w-gory-wybrac\/#Lapawice\" >\u0141apawice<\/a><\/li><li class='ez-toc-page-1 ez-toc-heading-level-2'><a class=\"ez-toc-link ez-toc-heading-8\" href=\"https:\/\/www.skalnik.pl\/blog\/jakie-rekawice-w-gory-wybrac\/#Rekawice_trekkingowe\" >R\u0119kawice trekkingowe<\/a><\/li><li class='ez-toc-page-1 ez-toc-heading-level-2'><a class=\"ez-toc-link ez-toc-heading-9\" href=\"https:\/\/www.skalnik.pl\/blog\/jakie-rekawice-w-gory-wybrac\/#Rekawice_w_gory_%E2%80%93_podsumowanie\" >R\u0119kawice w g\u00f3ry &#8211; podsumowanie<\/a><\/li><\/ul><\/nav><\/div>\n<h2 class=\"wp-block-heading\"><span class=\"ez-toc-section\" id=\"Rekawiczki_%E2%80%93_jakie_wybrac\"><\/span>R\u0119kawiczki \u2013 jakie wybra\u0107?<span class=\"ez-toc-section-end\"><\/span><\/h2>\n\n\n\n<p>Okre\u015blenie <a href=\"https:\/\/skalnik.pl\/odziez\/akcesoria\/akcesoria-rekawiczki\" target=\"_blank\" rel=\"noreferrer noopener\" aria-label=\"r\u0119kawice w g\u00f3ry (otwiera si\u0119 na nowej zak\u0142adce)\">r\u0119kawice w g\u00f3ry<\/a> nie oznacza jednego konkretnego typu r\u0119kawiczek. W rzeczywisto\u015bci w tej kategorii znajduje si\u0119 co najmniej kilka rodzaj\u00f3w r\u0119kawic, r\u00f3\u017cni\u0105cych si\u0119 od siebie budow\u0105, zastosowanymi materia\u0142ami czy przeznaczeniem. W zale\u017cno\u015bci od tego, co, gdzie i w jakich warunkach mamy zamiar robi\u0107, za odpowiednie r\u0119kawice w g\u00f3ry mo\u017cemy uzna\u0107 zar\u00f3wno mocne r\u0119kawiczki bez palc\u00f3w, jak i ocieplane \u0142apawice. W tym tek\u015bcie postaram si\u0119 om\u00f3wi\u0107 kilka rodzaj\u00f3w r\u0119kawic, dopasowuj\u0105c je do konkretnych typ\u00f3w aktywno\u015bci.<\/p>\n\n\n\n<div class=\"wp-block-image\"><figure class=\"aligncenter size-large\"><img loading=\"lazy\" decoding=\"async\" width=\"1024\" height=\"683\" src=\"https:\/\/skalnik.pl\/blog\/wp-content\/uploads\/2020\/02\/20180710_Chamonix_Kemple_9074.jpg\" alt=\"r\u0119kawiczki arcteryx\" class=\"wp-image-11584\" srcset=\"https:\/\/www.skalnik.pl\/blog\/wp-content\/uploads\/2020\/02\/20180710_Chamonix_Kemple_9074.jpg 1024w, https:\/\/www.skalnik.pl\/blog\/wp-content\/uploads\/2020\/02\/20180710_Chamonix_Kemple_9074-300x200.jpg 300w, https:\/\/www.skalnik.pl\/blog\/wp-content\/uploads\/2020\/02\/20180710_Chamonix_Kemple_9074-768x512.jpg 768w\" sizes=\"auto, (max-width: 1024px) 100vw, 1024px\" \/><figcaption><em>R\u0119kawiczki to akcesorium potrzebne nie tylko zim\u0105. Gdy wspinasz si\u0119 w g\u00f3rach mog\u0105 chroni\u0107 przed przenikliwym wiatrem. (fot. Arc&#8217;teryx)<\/em><\/figcaption><\/figure><\/div>\n\n\n\n<h2 class=\"wp-block-heading\"><span class=\"ez-toc-section\" id=\"Rekawiczki_typu_liner\"><\/span>R\u0119kawiczki typu liner<span class=\"ez-toc-section-end\"><\/span><\/h2>\n\n\n\n<p>Linery\nto cienkie r\u0119kawiczki pe\u0142ni\u0105ce rol\u0119 warstwy wewn\u0119trznej. Z\nregu\u0142y noszone s\u0105 pod innymi r\u0119kawicami. Odprowadzaj\u0105 wilgo\u0107 i\nzapobiegaj\u0105 szybkiemu wych\u0142odzeniu r\u0105k, w razie konieczno\u015bci\nzdj\u0119cia r\u0119kawic g\u0142\u00f3wnych. Du\u017c\u0105 popularno\u015bci\u0105 ciesz\u0105 si\u0119\nlinery wykonane z we\u0142ny merino, kt\u00f3ra ma \u015bwietnie w\u0142a\u015bciwo\u015bci\ntermiczne i termoaktywne. Istniej\u0105 tak\u017ce r\u0119kawiczki linery z\njedwabiu albo tworzyw syntetycznych. \n<\/p>\n\n\n\n<p>Aby\nr\u0119kawiczki typu liner dobrze spe\u0142nia\u0142y swoje zadanie i mog\u0142y by\u0107\nwygodnie u\u017cywane z innymi r\u0119kawicami, powinny by\u0107 elastyczne i\nprzylegaj\u0105ce do sk\u00f3ry. Warto te\u017c zwr\u00f3ci\u0107 uwag\u0119, czy mo\u017cna w\nnich obs\u0142ugiwa\u0107 urz\u0105dzenia dotykowe. Przyk\u0142adem ciekawego modelu\ntypu liner s\u0105 r\u0119kawiczki Icebreaker 260 Tech Glove Liner. Wykonano\nje z we\u0142ny merino z dodatkiem w\u0142\u00f3kien Lycra. \n<\/p>\n\n\n\n<h2 class=\"wp-block-heading\"><span class=\"ez-toc-section\" id=\"Rekawice_softshellowe\"><\/span>R\u0119kawice softshellowe<span class=\"ez-toc-section-end\"><\/span><\/h2>\n\n\n\n<p>Kolejny\ntyp to r\u0119kawice w g\u00f3ry wykonane z softshellu. Ich najwa\u017cniejsze\nzadanie to ochrona d\u0142oni przed niekorzystnymi warunkami\natmosferycznymi. R\u0119kawice softshellowe charakteryzuje przede\nwszystkim du\u017ca odporno\u015b\u0107 na wiatr. Niekt\u00f3re modele mog\u0105 by\u0107\nponadto pokryte impregnacj\u0105 DWR, dzi\u0119ki czemu (w ograniczonym\nzakresie) zabezpieczaj\u0105 d\u0142onie przed wilgoci\u0105. Inn\u0105 wa\u017cn\u0105\ncech\u0105, kt\u00f3ra charakteryzuje r\u0119kawiczki softshellowe jest dobra\noddychalno\u015b\u0107.<\/p>\n\n\n\n<p>Po\u0142\u0105czenie\nodporno\u015bci na wiatr oraz oddychalno\u015bci sprawia, \u017ce r\u0119kawiczki\nsoftshellowe to dobry wyb\u00f3r w przypadku takich aktywno\u015bci jak biegi\ng\u00f3rskie czy skitury. Mog\u0105 tak\u017ce s\u0142u\u017cy\u0107 jako r\u0119kawice\ntrekkingowe, bo dobrze si\u0119 sprawdzaj\u0105 podczas wymagaj\u0105cych\nfizycznie w\u0119dr\u00f3wek. Ciekawym modelem r\u0119kawic softshellowych,\nzapewniaj\u0105cym bardzo wysoki stopie\u0144 ochrony przed wiatrem s\u0105\nr\u0119kawiczki Arcteryx Venta wyposa\u017cone w membran\u0119 Gore-Tex Infinium\nWindstopper.<\/p>\n\n\n\n<div class=\"wp-block-image\"><figure class=\"aligncenter size-large\"><img loading=\"lazy\" decoding=\"async\" width=\"1024\" height=\"683\" src=\"https:\/\/skalnik.pl\/blog\/wp-content\/uploads\/2020\/02\/dynafit-r\u0119kawice-softshell.jpg\" alt=\"dynafit r\u0119kawice softshell\" class=\"wp-image-11581\" srcset=\"https:\/\/www.skalnik.pl\/blog\/wp-content\/uploads\/2020\/02\/dynafit-r\u0119kawice-softshell.jpg 1024w, https:\/\/www.skalnik.pl\/blog\/wp-content\/uploads\/2020\/02\/dynafit-r\u0119kawice-softshell-300x200.jpg 300w, https:\/\/www.skalnik.pl\/blog\/wp-content\/uploads\/2020\/02\/dynafit-r\u0119kawice-softshell-768x512.jpg 768w\" sizes=\"auto, (max-width: 1024px) 100vw, 1024px\" \/><figcaption><em>R\u0119kawice softshell s\u0105 idealne do energicznych dzia\u0142a\u0144. Chroni\u0105 przed wiatrem i  ciesz\u0105 skuteczn\u0105 oddychalno\u015bci\u0105. (fot. Dynafit)<\/em><\/figcaption><\/figure><\/div>\n\n\n\n<h2 class=\"wp-block-heading\"><span class=\"ez-toc-section\" id=\"Rekawiczki_docieplajace\"><\/span>R\u0119kawiczki docieplaj\u0105ce<span class=\"ez-toc-section-end\"><\/span><\/h2>\n\n\n\n<p>R\u0119kawice\nturystyczne docieplaj\u0105ce cz\u0119sto wykonane s\u0105 na\nprzyk\u0142ad z polaru lub\nwe\u0142ny. S\u0105 to modele, kt\u00f3rych g\u0142\u00f3wnym zadaniem jest przede\nwszystkim ochrona d\u0142oni przed umiarkowanym zimnem. Mog\u0105 by\u0107\nwykorzystywane jako grubsze linery, ale ich g\u0142\u00f3wny spos\u00f3b\nu\u017cytkowania to samodzielne noszenie jesieni\u0105 lub wiosn\u0105 w celu\nochrony d\u0142oni przed ch\u0142odem. \n<\/p>\n\n\n\n<p>R\u0119kawiczki\ndocieplaj\u0105ce dobrze sprawdzaj\u0105 si\u0119 jako r\u0119kawice trekkingowe lub\nturystyczne. Nie zapewniaj\u0105 tak skutecznej ochrony przed wiatrem i\nwilgoci\u0105 jak modele softshellowe, ale cz\u0119sto s\u0105 wygodniejsze i\nprzyjemniejsze w kontakcie ze sk\u00f3r\u0105. W tej kategorii szczeg\u00f3lnie\npolecam r\u0119kawiczki Rab Power Stretch, z kt\u00f3rych sam\nkorzystam od oko\u0142o\ndw\u00f3ch\nlat. Rab Power Stretch s\u0105 wygodne, ciep\u0142e i oddychaj\u0105ce. Wykonano\nje z elastycznego i bardzo przyjemnego w kontakcie ze sk\u00f3r\u0105\nmateria\u0142u Polartec Power Stretch Pro.<\/p>\n\n\n\n<div class=\"wp-block-image\"><figure class=\"aligncenter size-large\"><img loading=\"lazy\" decoding=\"async\" width=\"1024\" height=\"683\" src=\"https:\/\/skalnik.pl\/blog\/wp-content\/uploads\/2020\/02\/D81_5150.jpg\" alt=\"\" class=\"wp-image-11585\" srcset=\"https:\/\/www.skalnik.pl\/blog\/wp-content\/uploads\/2020\/02\/D81_5150.jpg 1024w, https:\/\/www.skalnik.pl\/blog\/wp-content\/uploads\/2020\/02\/D81_5150-300x200.jpg 300w, https:\/\/www.skalnik.pl\/blog\/wp-content\/uploads\/2020\/02\/D81_5150-768x512.jpg 768w\" sizes=\"auto, (max-width: 1024px) 100vw, 1024px\" \/><figcaption><em>Marek Klonowski pod Nanga Parbat i docieplaj\u0105ce r\u0119kawiczki Rab z Polartecu. (fot. Rab)<\/em><\/figcaption><\/figure><\/div>\n\n\n\n<h2 class=\"wp-block-heading\"><span class=\"ez-toc-section\" id=\"Rekawice_na_via_ferraty_i_do_operacji_linowych\"><\/span>R\u0119kawice na via ferraty i do operacji linowych<span class=\"ez-toc-section-end\"><\/span><\/h2>\n\n\n\n<p>R\u0119kawice\nna via ferraty i do operacji linowych to modele, kt\u00f3rych\nnajwa\u017cniejszym zadaniem jest os\u0142ona d\u0142oni i poprawa chwytu. Tego\ntypu r\u0119kawice w g\u00f3ry przydadz\u0105 si\u0119 przede wszystkim w skalistym\nterenie, na szlakach ze sztucznymi u\u0142atwieniami oraz w miejscach,\ngdzie konieczna jest asekuracja z u\u017cyciem liny. R\u0119kawice powinny\nby\u0107 wykonane z mocnego, odpornego na rozdarcia materia\u0142u. Dobrze w\ntej roli sprawdza si\u0119 sk\u00f3ra kozia, ale istniej\u0105 te\u017c modele\nwzmocnione tworzywami syntetycznymi. \n<\/p>\n\n\n\n<p>Warto\ndoda\u0107, \u017ce w tej kategorii znajdziemy r\u00f3\u017cne typy r\u0119kawiczek:\npi\u0119ciopalczaste (r\u0119kawiczki Black Diamond Transition), bez palc\u00f3w\n(Camp Start Fingerless), czy nawet z cz\u0119\u015bciowo ods\u0142oni\u0119tymi\nwybranymi palcami (Edelrid Work Glove Close). Dobrym przyk\u0142adem\nmiejsca, gdzie warto zabra\u0107 r\u0119kawiczki\nbez palc\u00f3w s\u0105\ntatrza\u0144skie szlaki ubezpieczone \u0142a\u0144cuchami.<\/p>\n\n\n\n<div class=\"wp-block-image\"><figure class=\"aligncenter size-large\"><img loading=\"lazy\" decoding=\"async\" width=\"1024\" height=\"614\" src=\"https:\/\/skalnik.pl\/blog\/wp-content\/uploads\/2020\/02\/Mario-ferraty-e-mateusz-malinowski-1024x614.jpg\" alt=\"r\u0119kawice bez palc\u00f3w via ferrata\" class=\"wp-image-11583\" srcset=\"https:\/\/www.skalnik.pl\/blog\/wp-content\/uploads\/2020\/02\/Mario-ferraty-e-mateusz-malinowski-1024x614.jpg 1024w, https:\/\/www.skalnik.pl\/blog\/wp-content\/uploads\/2020\/02\/Mario-ferraty-e-mateusz-malinowski-300x180.jpg 300w, https:\/\/www.skalnik.pl\/blog\/wp-content\/uploads\/2020\/02\/Mario-ferraty-e-mateusz-malinowski-768x461.jpg 768w, https:\/\/www.skalnik.pl\/blog\/wp-content\/uploads\/2020\/02\/Mario-ferraty-e-mateusz-malinowski.jpg 1175w\" sizes=\"auto, (max-width: 1024px) 100vw, 1024px\" \/><figcaption><em>R\u0119kawiczki bez palc\u00f3w to wyb\u00f3r idealny latem na via ferraty. (fot. Mateusz Malinowski)<\/em><\/figcaption><\/figure><\/div>\n\n\n\n<h2 class=\"wp-block-heading\"><span class=\"ez-toc-section\" id=\"Rekawice_pieciopalczaste_ocieplane\"><\/span>R\u0119kawice pi\u0119ciopalczaste ocieplane<span class=\"ez-toc-section-end\"><\/span><\/h2>\n\n\n\n<p>R\u0119kawice\npi\u0119ciopalczaste z ociepleniem to typ r\u0119kawic, kt\u00f3ry najmocniej\nkojarzy si\u0119 z zim\u0105. W tej kategorii znajduj\u0105 si\u0119 r\u00f3\u017cnego typu\nr\u0119kawice narciarskie oraz wi\u0119kszo\u015b\u0107 modeli przeznaczonych do\nu\u017cytkowania zim\u0105 w polskich g\u00f3rach. Wyb\u00f3r jest ogromny. Je\u015bli\nszukasz typowych r\u0119kawic na narty, to przede wszystkim zwr\u00f3\u0107\nuwag\u0119, czy dany model ma membran\u0119 i dobr\u0105 ocieplin\u0119. \n<\/p>\n\n\n\n<p>Preferuj\u0119\nmodele z wype\u0142nieniem syntetycznym, kt\u00f3re lepiej radzi sobie z\nwilgoci\u0105 od naturalnego puchu. Istotne s\u0105 ponadto d\u0142ugie mankiety\nze \u015bci\u0105gaczem, co zapobiegnie przedostaniu si\u0119 \u015bniegu do r\u0119kawic\nw razie wywrotki. Je\u015bli chcia\u0142by\u015b korzysta\u0107 z r\u0119kawic tak\u017ce w\nterenie wysokog\u00f3rskim, to polecam modele ze wzmocnion\u0105 stron\u0105\nchwytn\u0105. Dobrze sprawdzi si\u0119 sk\u00f3ra kozia.<\/p>\n\n\n\n<p>Ocieplane\npieciopalczaste r\u0119kawice w g\u00f3ry to na\nprzyk\u0142ad\nmodel Rab Pinnacle GTX z ocieplin\u0105 syntetyczn\u0105, membran\u0105 Gore-Tex\ni wzmocnion\u0105 stron\u0105 chwytn\u0105. Du\u017cy wyb\u00f3r ciep\u0142ych r\u0119kawic\npi\u0119ciopalczastych w g\u00f3ry oferuje tak\u017ce marka Black Diamond.\nPrzyk\u0142adem interesuj\u0105cego modelu mog\u0105 by\u0107 r\u0119kawice Black Diamond\nSoloist wyposa\u017cone w membran\u0119 i wype\u0142nienie z Primaloftu.<\/p>\n\n\n\n<div class=\"wp-block-image\"><figure class=\"aligncenter size-large\"><img loading=\"lazy\" decoding=\"async\" width=\"1024\" height=\"683\" src=\"https:\/\/skalnik.pl\/blog\/wp-content\/uploads\/2020\/02\/Marmot_Eispark.Osttirol_03.19_0061.jpg\" alt=\"r\u0119kawice gore-tex \" class=\"wp-image-11586\" srcset=\"https:\/\/www.skalnik.pl\/blog\/wp-content\/uploads\/2020\/02\/Marmot_Eispark.Osttirol_03.19_0061.jpg 1024w, https:\/\/www.skalnik.pl\/blog\/wp-content\/uploads\/2020\/02\/Marmot_Eispark.Osttirol_03.19_0061-300x200.jpg 300w, https:\/\/www.skalnik.pl\/blog\/wp-content\/uploads\/2020\/02\/Marmot_Eispark.Osttirol_03.19_0061-768x512.jpg 768w\" sizes=\"auto, (max-width: 1024px) 100vw, 1024px\" \/><figcaption><em>Ocieplane, wodoodporne, pi\u0119ciopalczaste, oferuj\u0105ce doskona\u0142\u0105 chwytno\u015b\u0107. Takie musz\u0105 by\u0107 r\u0119kawice do wspinaczki lodowej. (fot. Marmot)<\/em><\/figcaption><\/figure><\/div>\n\n\n\n<h2 class=\"wp-block-heading\"><span class=\"ez-toc-section\" id=\"Lapawice\"><\/span>\u0141apawice<span class=\"ez-toc-section-end\"><\/span><\/h2>\n\n\n\n<p>R\u0119kawice \u0142apawice to z regu\u0142y najci\u0119\u017cszy kaliber, u\u017cywany na wyjazdach w bardzo zimne miejsca. Z regu\u0142y, ale nie zawsze. Istniej\u0105 bowiem tak\u017ce inne typy \u0142apawic, cho\u0107by modele pozbawione palc\u00f3w. To do\u015b\u0107 charakterystyczne, ale bardzo ciekawe r\u0119kawice turystyczne, kt\u00f3re wyposa\u017cono w odpinan\u0105 klap\u0119. Gdy j\u0105 \u015bci\u0105gniemy, \u0142apawice zostan\u0105 przekszta\u0142cone w <a href=\"https:\/\/skalnik.pl\/odziez\/akcesoria\/akcesoria-rekawiczki\/rekawiczki-bez-palcow\" target=\"_blank\" rel=\"noreferrer noopener\" aria-label=\"r\u0119kawiczki bez palc\u00f3w (otwiera si\u0119 na nowej zak\u0142adce)\">r\u0119kawiczki bez palc\u00f3w<\/a>, umo\u017cliwiaj\u0105ce swobodne operowanie aparatem czy sprz\u0119tem g\u00f3rskim. Przyk\u0142adem takiego modelu mog\u0105 by\u0107 r\u0119kawiczki Black Diamond Windweight Mitt.  <\/p>\n\n\n\n<p>Najbardziej charakterystyczny rodzaj \u0142apawic to jednak modele ciep\u0142e i grube. Przeznaczone do u\u017cytkowania w wysokich g\u00f3rach. Mog\u0105 mie\u0107 wype\u0142nienie z puchu naturalnego lub syntetycznego. Warto zwr\u00f3ci\u0107 uwag\u0119, czy maj\u0105 membran\u0119 oraz wzmocnion\u0105 stron\u0119 chwytn\u0105. Wi\u0119cej informacji na temat wyboru \u0142apawic znajdziesz w artykule \u201eJak wybra\u0107 \u0142apawice\u201d (<a href=\"https:\/\/skalnik.pl\/blog\/jak-wybrac-lapawice\/\" target=\"_blank\" rel=\"noreferrer noopener\" aria-label=\"zobacz (otwiera si\u0119 na nowej zak\u0142adce)\">zobacz<\/a>).<\/p>\n\n\n\n<div class=\"wp-block-image\"><figure class=\"aligncenter size-large\"><img loading=\"lazy\" decoding=\"async\" width=\"1024\" height=\"683\" src=\"https:\/\/skalnik.pl\/blog\/wp-content\/uploads\/2020\/02\/AndyEarl_03152019_BDE_2904.jpg\" alt=\"\u0142apawice ciep\u0142e r\u0119kawice\" class=\"wp-image-11587\" srcset=\"https:\/\/www.skalnik.pl\/blog\/wp-content\/uploads\/2020\/02\/AndyEarl_03152019_BDE_2904.jpg 1024w, https:\/\/www.skalnik.pl\/blog\/wp-content\/uploads\/2020\/02\/AndyEarl_03152019_BDE_2904-300x200.jpg 300w, https:\/\/www.skalnik.pl\/blog\/wp-content\/uploads\/2020\/02\/AndyEarl_03152019_BDE_2904-768x512.jpg 768w\" sizes=\"auto, (max-width: 1024px) 100vw, 1024px\" \/><figcaption><em>\u0141apawice sprawdz\u0105 si\u0119 tam, gdzie potrzeba jest najwi\u0119cej ciep\u0142a. Palce z\u0142\u0105czone razem \u0142atwiej zachowuj\u0119 ciep\u0142o. (fot. Black Diamond) <\/em><\/figcaption><\/figure><\/div>\n\n\n\n<h2 class=\"wp-block-heading\"><span class=\"ez-toc-section\" id=\"Rekawice_trekkingowe\"><\/span>R\u0119kawice trekkingowe<span class=\"ez-toc-section-end\"><\/span><\/h2>\n\n\n\n<p>Za r\u0119kawice trekkingowe mo\u017cemy uzna\u0107 wi\u0119kszo\u015b\u0107 opisanych wy\u017cej typ\u00f3w r\u0119kawiczek. To, kt\u00f3ry model b\u0119dzie odpowiednim wyborem zale\u017cy od warunk\u00f3w, z jakimi b\u0119dziemy musieli si\u0119 mierzy\u0107 na szlaku. Planujesz letni trekking z elementami wspinaczki? Zabierz ze sob\u0105 r\u0119kawiczki bez palc\u00f3w na via ferraty. Wybierasz si\u0119 na jesienn\u0105 przechadzk\u0119 po sudeckich szlakach? W tej sytuacji dobrym wyborem b\u0119d\u0105 r\u0119kawice trekkingowe z softshellu oraz dodatkowe linery, na wypadek, gdyby dosz\u0142o do nag\u0142ego spadku temperatur.<\/p>\n\n\n\n<p>Zim\u0105\nzawsze warto mie\u0107 ze sob\u0105 dwie pary r\u0119kawic. W trakcie podej\u015bcia,\ngdy tw\u00f3j organizm intensywnie pracuje dobrze sprawdzaj\u0105 si\u0119\nr\u0119kawice trekkingowe docieplaj\u0105ce albo softshellowe, ale na zej\u015bciu\nwarto je zamieni\u0107 na ocieplane r\u0119kawice w g\u00f3ry lub narciarskie z\nmembran\u0105. Druga para przyda si\u0119 r\u00f3wnie\u017c jako zabezpieczenie, na\nwypadek zagubienia r\u0119kawic g\u0142\u00f3wnych.<\/p>\n\n\n\n<div class=\"wp-block-image\"><figure class=\"aligncenter size-large\"><img loading=\"lazy\" decoding=\"async\" width=\"1024\" height=\"683\" src=\"https:\/\/skalnik.pl\/blog\/wp-content\/uploads\/2020\/02\/AM_STLABS_Speed-Hiking-FW19_161018_58.jpg\" alt=\"salewa r\u0119kawice windstopper\" class=\"wp-image-11588\" srcset=\"https:\/\/www.skalnik.pl\/blog\/wp-content\/uploads\/2020\/02\/AM_STLABS_Speed-Hiking-FW19_161018_58.jpg 1024w, https:\/\/www.skalnik.pl\/blog\/wp-content\/uploads\/2020\/02\/AM_STLABS_Speed-Hiking-FW19_161018_58-300x200.jpg 300w, https:\/\/www.skalnik.pl\/blog\/wp-content\/uploads\/2020\/02\/AM_STLABS_Speed-Hiking-FW19_161018_58-768x512.jpg 768w\" sizes=\"auto, (max-width: 1024px) 100vw, 1024px\" \/><figcaption><em>Nawet na wypad turystyczny warto zabra\u0107 r\u0119kawiczki. Przyda si\u0119 cho\u0107by cienki i lekki liner b\u0105d\u017a r\u0119kawiczki z membran\u0105 Windstopper. (fot. Salewa\/Alex Moling\/Storyteller-Labs)<\/em><\/figcaption><\/figure><\/div>\n\n\n\n<h2 class=\"wp-block-heading\"><span class=\"ez-toc-section\" id=\"Rekawice_w_gory_%E2%80%93_podsumowanie\"><\/span>R\u0119kawice w g\u00f3ry &#8211; podsumowanie<span class=\"ez-toc-section-end\"><\/span><\/h2>\n\n\n\n<p>W g\u00f3rach r\u0119kawice to produkt ca\u0142oroczny. Warto pami\u0119ta\u0107 o ich zabraniu nawet w\u00f3wczas, gdy potencjalnie mog\u0105 nie by\u0107 potrzebne. R\u0119kawice trekkingowe z softshellu czy polaru nie wa\u017c\u0105 wiele, a w razie nag\u0142ego pogorszenia pogody pozwol\u0105 zabezpieczy\u0107 d\u0142onie, kt\u00f3re s\u0105 jednymi z najszybciej marzn\u0105cych cz\u0119\u015bci cia\u0142a. Wyb\u00f3r nie musi by\u0107 trudny. Cho\u0107by <a href=\"https:\/\/skalnik.pl\/odziez\/akcesoria\/akcesoria-rekawiczki\/black-diamond\" target=\"_blank\" rel=\"noreferrer noopener\" title=\"https:\/\/skalnik.pl\/odziez\/akcesoria\/akcesoria-rekawiczki\/black-diamond\">r\u0119kawiczki Black Diamond<\/a> reprezentuj\u0105 grup\u0119 produkt\u00f3w praktycznie ka\u017cdego typu. Warto te\u017c wzi\u0105\u0107 pod uwag\u0119 fakt, \u017ce jedna para r\u0119kawic to czasami za ma\u0142o. Zim\u0105 w g\u00f3rach warto mie\u0107 ze sob\u0105 co najmniej dwie pary.<\/p>\n","protected":false},"excerpt":{"rendered":"<p>R\u0119kawice w g\u00f3ry &#8211; czy to produkt tylko na zim\u0119? Zdecydowanie nie! Poznaj typy r\u0119kawiczek outdoor.<\/p>\n","protected":false},"author":32,"featured_media":11580,"comment_status":"open","ping_status":"open","sticky":false,"template":"","format":"standard","meta":{"_acf_changed":false,"footnotes":""},"categories":[3],"tags":[103,15,16],"magento_category":[],"magento_product":[],"class_list":["post-11573","post","type-post","status-publish","format-standard","has-post-thumbnail","hentry","category-porady","tag-black-diamond","tag-odziez","tag-zima"],"acf":[],"aioseo_notices":[],"aioseo_head":"\n\t\t<!-- All in One SEO 4.9.10 - aioseo.com -->\n\t<meta name=\"description\" content=\"R\u0119kawiczki w g\u00f3ry przydaj\u0105 si\u0119 nie tylko zim\u0105. Poznaj typy r\u0119kawic outdoor i ich zastosowania. Pami\u0119taj, \u017ce potrzeb\u0119 zabrania r\u0119kawic dyktuje pogoda, a nie pora roku.\" \/>\n\t<meta name=\"robots\" content=\"max-image-preview:large\" \/>\n\t<meta name=\"author\" content=\"Pawe\u0142 Gibek\"\/>\n\t<link rel=\"canonical\" href=\"https:\/\/www.skalnik.pl\/blog\/jakie-rekawice-w-gory-wybrac\/\" \/>\n\t<meta name=\"generator\" content=\"All in One SEO (AIOSEO) 4.9.10\" \/>\n\t\t<meta property=\"og:locale\" content=\"pl_PL\" \/>\n\t\t<meta property=\"og:site_name\" content=\"blog Skalnik - Blog, porady, artyku\u0142y - blog Skalnik\" \/>\n\t\t<meta property=\"og:type\" content=\"article\" \/>\n\t\t<meta property=\"og:title\" content=\"Jakie r\u0119kawice w g\u00f3ry wybra\u0107 - blog Skalnik\" \/>\n\t\t<meta property=\"og:description\" content=\"R\u0119kawiczki w g\u00f3ry przydaj\u0105 si\u0119 nie tylko zim\u0105. Poznaj typy r\u0119kawic outdoor i ich zastosowania. Pami\u0119taj, \u017ce potrzeb\u0119 zabrania r\u0119kawic dyktuje pogoda, a nie pora roku.\" \/>\n\t\t<meta property=\"og:url\" content=\"https:\/\/www.skalnik.pl\/blog\/jakie-rekawice-w-gory-wybrac\/\" \/>\n\t\t<meta property=\"og:image\" content=\"https:\/\/skalnik.pl\/blog\/wp-content\/uploads\/2020\/02\/20180710_Chamonix_Kemple_9074.jpg\" \/>\n\t\t<meta property=\"og:image:secure_url\" content=\"https:\/\/skalnik.pl\/blog\/wp-content\/uploads\/2020\/02\/20180710_Chamonix_Kemple_9074.jpg\" \/>\n\t\t<meta property=\"article:tag\" content=\"porady\" \/>\n\t\t<meta property=\"article:tag\" content=\"black diamond\" \/>\n\t\t<meta property=\"article:tag\" content=\"odzie\u017c\" \/>\n\t\t<meta property=\"article:tag\" content=\"zima\" \/>\n\t\t<meta property=\"article:published_time\" content=\"2020-02-20T13:33:14+00:00\" \/>\n\t\t<meta property=\"article:modified_time\" content=\"2021-05-20T11:47:27+00:00\" \/>\n\t\t<meta name=\"twitter:card\" content=\"summary_large_image\" \/>\n\t\t<meta name=\"twitter:title\" content=\"Jakie r\u0119kawice w g\u00f3ry wybra\u0107 - blog Skalnik\" \/>\n\t\t<meta name=\"twitter:description\" content=\"R\u0119kawiczki w g\u00f3ry przydaj\u0105 si\u0119 nie tylko zim\u0105. Poznaj typy r\u0119kawic outdoor i ich zastosowania. Pami\u0119taj, \u017ce potrzeb\u0119 zabrania r\u0119kawic dyktuje pogoda, a nie pora roku.\" \/>\n\t\t<meta name=\"twitter:image\" content=\"https:\/\/skalnik.pl\/blog\/wp-content\/uploads\/2020\/02\/20180710_Chamonix_Kemple_9074.jpg\" \/>\n\t\t<script type=\"application\/ld+json\" class=\"aioseo-schema\">\n\t\t\t{\"@context\":\"https:\\\/\\\/schema.org\",\"@graph\":[{\"@type\":\"BlogPosting\",\"@id\":\"https:\\\/\\\/www.skalnik.pl\\\/blog\\\/jakie-rekawice-w-gory-wybrac\\\/#blogposting\",\"name\":\"Jakie r\\u0119kawice w g\\u00f3ry wybra\\u0107 - blog Skalnik\",\"headline\":\"Jakie r\\u0119kawice w g\\u00f3ry wybra\\u0107\",\"author\":{\"@id\":\"https:\\\/\\\/www.skalnik.pl\\\/blog\\\/author\\\/pawel-gibek\\\/#author\"},\"publisher\":{\"@id\":\"https:\\\/\\\/www.skalnik.pl\\\/blog\\\/#organization\"},\"image\":{\"@type\":\"ImageObject\",\"url\":\"https:\\\/\\\/www.skalnik.pl\\\/blog\\\/wp-content\\\/uploads\\\/2020\\\/02\\\/okladka-rekawiczki.jpg\",\"width\":1920,\"height\":705},\"datePublished\":\"2020-02-20T14:33:14+02:00\",\"dateModified\":\"2021-05-20T13:47:27+02:00\",\"inLanguage\":\"pl-PL\",\"mainEntityOfPage\":{\"@id\":\"https:\\\/\\\/www.skalnik.pl\\\/blog\\\/jakie-rekawice-w-gory-wybrac\\\/#webpage\"},\"isPartOf\":{\"@id\":\"https:\\\/\\\/www.skalnik.pl\\\/blog\\\/jakie-rekawice-w-gory-wybrac\\\/#webpage\"},\"articleSection\":\"Porady, black diamond, odzie\\u017c, zima\"},{\"@type\":\"BreadcrumbList\",\"@id\":\"https:\\\/\\\/www.skalnik.pl\\\/blog\\\/jakie-rekawice-w-gory-wybrac\\\/#breadcrumblist\",\"itemListElement\":[{\"@type\":\"ListItem\",\"@id\":\"https:\\\/\\\/www.skalnik.pl\\\/blog#listItem\",\"position\":1,\"name\":\"Home\",\"item\":\"https:\\\/\\\/www.skalnik.pl\\\/blog\",\"nextItem\":{\"@type\":\"ListItem\",\"@id\":\"https:\\\/\\\/www.skalnik.pl\\\/blog\\\/.\\\/porady\\\/#listItem\",\"name\":\"Porady\"}},{\"@type\":\"ListItem\",\"@id\":\"https:\\\/\\\/www.skalnik.pl\\\/blog\\\/.\\\/porady\\\/#listItem\",\"position\":2,\"name\":\"Porady\",\"item\":\"https:\\\/\\\/www.skalnik.pl\\\/blog\\\/.\\\/porady\\\/\",\"nextItem\":{\"@type\":\"ListItem\",\"@id\":\"https:\\\/\\\/www.skalnik.pl\\\/blog\\\/jakie-rekawice-w-gory-wybrac\\\/#listItem\",\"name\":\"Jakie r\\u0119kawice w g\\u00f3ry wybra\\u0107\"},\"previousItem\":{\"@type\":\"ListItem\",\"@id\":\"https:\\\/\\\/www.skalnik.pl\\\/blog#listItem\",\"name\":\"Home\"}},{\"@type\":\"ListItem\",\"@id\":\"https:\\\/\\\/www.skalnik.pl\\\/blog\\\/jakie-rekawice-w-gory-wybrac\\\/#listItem\",\"position\":3,\"name\":\"Jakie r\\u0119kawice w g\\u00f3ry wybra\\u0107\",\"previousItem\":{\"@type\":\"ListItem\",\"@id\":\"https:\\\/\\\/www.skalnik.pl\\\/blog\\\/.\\\/porady\\\/#listItem\",\"name\":\"Porady\"}}]},{\"@type\":\"Organization\",\"@id\":\"https:\\\/\\\/www.skalnik.pl\\\/blog\\\/#organization\",\"name\":\"blog Skalnik\",\"description\":\"Blog, porady, artyku\\u0142y - blog Skalnik\",\"url\":\"https:\\\/\\\/www.skalnik.pl\\\/blog\\\/\"},{\"@type\":\"Person\",\"@id\":\"https:\\\/\\\/www.skalnik.pl\\\/blog\\\/author\\\/pawel-gibek\\\/#author\",\"url\":\"https:\\\/\\\/www.skalnik.pl\\\/blog\\\/author\\\/pawel-gibek\\\/\",\"name\":\"Pawe\\u0142 Gibek\",\"image\":{\"@type\":\"ImageObject\",\"@id\":\"https:\\\/\\\/www.skalnik.pl\\\/blog\\\/jakie-rekawice-w-gory-wybrac\\\/#authorImage\",\"url\":\"https:\\\/\\\/secure.gravatar.com\\\/avatar\\\/cfa17eebb8c907b0125e9171f7e9fc12b0799c3ba90a5e5183d3b10c450ae05d?s=96&d=mm&r=g\",\"width\":96,\"height\":96,\"caption\":\"Pawe\\u0142 Gibek\"}},{\"@type\":\"WebPage\",\"@id\":\"https:\\\/\\\/www.skalnik.pl\\\/blog\\\/jakie-rekawice-w-gory-wybrac\\\/#webpage\",\"url\":\"https:\\\/\\\/www.skalnik.pl\\\/blog\\\/jakie-rekawice-w-gory-wybrac\\\/\",\"name\":\"Jakie r\\u0119kawice w g\\u00f3ry wybra\\u0107 - blog Skalnik\",\"description\":\"R\\u0119kawiczki w g\\u00f3ry przydaj\\u0105 si\\u0119 nie tylko zim\\u0105. Poznaj typy r\\u0119kawic outdoor i ich zastosowania. Pami\\u0119taj, \\u017ce potrzeb\\u0119 zabrania r\\u0119kawic dyktuje pogoda, a nie pora roku.\",\"inLanguage\":\"pl-PL\",\"isPartOf\":{\"@id\":\"https:\\\/\\\/www.skalnik.pl\\\/blog\\\/#website\"},\"breadcrumb\":{\"@id\":\"https:\\\/\\\/www.skalnik.pl\\\/blog\\\/jakie-rekawice-w-gory-wybrac\\\/#breadcrumblist\"},\"author\":{\"@id\":\"https:\\\/\\\/www.skalnik.pl\\\/blog\\\/author\\\/pawel-gibek\\\/#author\"},\"creator\":{\"@id\":\"https:\\\/\\\/www.skalnik.pl\\\/blog\\\/author\\\/pawel-gibek\\\/#author\"},\"image\":{\"@type\":\"ImageObject\",\"url\":\"https:\\\/\\\/www.skalnik.pl\\\/blog\\\/wp-content\\\/uploads\\\/2020\\\/02\\\/okladka-rekawiczki.jpg\",\"@id\":\"https:\\\/\\\/www.skalnik.pl\\\/blog\\\/jakie-rekawice-w-gory-wybrac\\\/#mainImage\",\"width\":1920,\"height\":705},\"primaryImageOfPage\":{\"@id\":\"https:\\\/\\\/www.skalnik.pl\\\/blog\\\/jakie-rekawice-w-gory-wybrac\\\/#mainImage\"},\"datePublished\":\"2020-02-20T14:33:14+02:00\",\"dateModified\":\"2021-05-20T13:47:27+02:00\"},{\"@type\":\"WebSite\",\"@id\":\"https:\\\/\\\/www.skalnik.pl\\\/blog\\\/#website\",\"url\":\"https:\\\/\\\/www.skalnik.pl\\\/blog\\\/\",\"name\":\"blog Skalnik\",\"description\":\"Blog, porady, artyku\\u0142y - blog Skalnik\",\"inLanguage\":\"pl-PL\",\"publisher\":{\"@id\":\"https:\\\/\\\/www.skalnik.pl\\\/blog\\\/#organization\"}}]}\n\t\t<\/script>\n\t\t<!-- All in One SEO -->\n\n","aioseo_head_json":{"title":"Jakie r\u0119kawice w g\u00f3ry wybra\u0107 - blog Skalnik","description":"R\u0119kawiczki w g\u00f3ry przydaj\u0105 si\u0119 nie tylko zim\u0105. Poznaj typy r\u0119kawic outdoor i ich zastosowania. Pami\u0119taj, \u017ce potrzeb\u0119 zabrania r\u0119kawic dyktuje pogoda, a nie pora roku.","canonical_url":"https:\/\/www.skalnik.pl\/blog\/jakie-rekawice-w-gory-wybrac\/","robots":"max-image-preview:large","keywords":"","webmasterTools":{"miscellaneous":""},"schema":{"@context":"https:\/\/schema.org","@graph":[{"@type":"BlogPosting","@id":"https:\/\/www.skalnik.pl\/blog\/jakie-rekawice-w-gory-wybrac\/#blogposting","name":"Jakie r\u0119kawice w g\u00f3ry wybra\u0107 - blog Skalnik","headline":"Jakie r\u0119kawice w g\u00f3ry wybra\u0107","author":{"@id":"https:\/\/www.skalnik.pl\/blog\/author\/pawel-gibek\/#author"},"publisher":{"@id":"https:\/\/www.skalnik.pl\/blog\/#organization"},"image":{"@type":"ImageObject","url":"https:\/\/www.skalnik.pl\/blog\/wp-content\/uploads\/2020\/02\/okladka-rekawiczki.jpg","width":1920,"height":705},"datePublished":"2020-02-20T14:33:14+02:00","dateModified":"2021-05-20T13:47:27+02:00","inLanguage":"pl-PL","mainEntityOfPage":{"@id":"https:\/\/www.skalnik.pl\/blog\/jakie-rekawice-w-gory-wybrac\/#webpage"},"isPartOf":{"@id":"https:\/\/www.skalnik.pl\/blog\/jakie-rekawice-w-gory-wybrac\/#webpage"},"articleSection":"Porady, black diamond, odzie\u017c, zima"},{"@type":"BreadcrumbList","@id":"https:\/\/www.skalnik.pl\/blog\/jakie-rekawice-w-gory-wybrac\/#breadcrumblist","itemListElement":[{"@type":"ListItem","@id":"https:\/\/www.skalnik.pl\/blog#listItem","position":1,"name":"Home","item":"https:\/\/www.skalnik.pl\/blog","nextItem":{"@type":"ListItem","@id":"https:\/\/www.skalnik.pl\/blog\/.\/porady\/#listItem","name":"Porady"}},{"@type":"ListItem","@id":"https:\/\/www.skalnik.pl\/blog\/.\/porady\/#listItem","position":2,"name":"Porady","item":"https:\/\/www.skalnik.pl\/blog\/.\/porady\/","nextItem":{"@type":"ListItem","@id":"https:\/\/www.skalnik.pl\/blog\/jakie-rekawice-w-gory-wybrac\/#listItem","name":"Jakie r\u0119kawice w g\u00f3ry wybra\u0107"},"previousItem":{"@type":"ListItem","@id":"https:\/\/www.skalnik.pl\/blog#listItem","name":"Home"}},{"@type":"ListItem","@id":"https:\/\/www.skalnik.pl\/blog\/jakie-rekawice-w-gory-wybrac\/#listItem","position":3,"name":"Jakie r\u0119kawice w g\u00f3ry wybra\u0107","previousItem":{"@type":"ListItem","@id":"https:\/\/www.skalnik.pl\/blog\/.\/porady\/#listItem","name":"Porady"}}]},{"@type":"Organization","@id":"https:\/\/www.skalnik.pl\/blog\/#organization","name":"blog Skalnik","description":"Blog, porady, artyku\u0142y - blog Skalnik","url":"https:\/\/www.skalnik.pl\/blog\/"},{"@type":"Person","@id":"https:\/\/www.skalnik.pl\/blog\/author\/pawel-gibek\/#author","url":"https:\/\/www.skalnik.pl\/blog\/author\/pawel-gibek\/","name":"Pawe\u0142 Gibek","image":{"@type":"ImageObject","@id":"https:\/\/www.skalnik.pl\/blog\/jakie-rekawice-w-gory-wybrac\/#authorImage","url":"https:\/\/secure.gravatar.com\/avatar\/cfa17eebb8c907b0125e9171f7e9fc12b0799c3ba90a5e5183d3b10c450ae05d?s=96&d=mm&r=g","width":96,"height":96,"caption":"Pawe\u0142 Gibek"}},{"@type":"WebPage","@id":"https:\/\/www.skalnik.pl\/blog\/jakie-rekawice-w-gory-wybrac\/#webpage","url":"https:\/\/www.skalnik.pl\/blog\/jakie-rekawice-w-gory-wybrac\/","name":"Jakie r\u0119kawice w g\u00f3ry wybra\u0107 - blog Skalnik","description":"R\u0119kawiczki w g\u00f3ry przydaj\u0105 si\u0119 nie tylko zim\u0105. Poznaj typy r\u0119kawic outdoor i ich zastosowania. Pami\u0119taj, \u017ce potrzeb\u0119 zabrania r\u0119kawic dyktuje pogoda, a nie pora roku.","inLanguage":"pl-PL","isPartOf":{"@id":"https:\/\/www.skalnik.pl\/blog\/#website"},"breadcrumb":{"@id":"https:\/\/www.skalnik.pl\/blog\/jakie-rekawice-w-gory-wybrac\/#breadcrumblist"},"author":{"@id":"https:\/\/www.skalnik.pl\/blog\/author\/pawel-gibek\/#author"},"creator":{"@id":"https:\/\/www.skalnik.pl\/blog\/author\/pawel-gibek\/#author"},"image":{"@type":"ImageObject","url":"https:\/\/www.skalnik.pl\/blog\/wp-content\/uploads\/2020\/02\/okladka-rekawiczki.jpg","@id":"https:\/\/www.skalnik.pl\/blog\/jakie-rekawice-w-gory-wybrac\/#mainImage","width":1920,"height":705},"primaryImageOfPage":{"@id":"https:\/\/www.skalnik.pl\/blog\/jakie-rekawice-w-gory-wybrac\/#mainImage"},"datePublished":"2020-02-20T14:33:14+02:00","dateModified":"2021-05-20T13:47:27+02:00"},{"@type":"WebSite","@id":"https:\/\/www.skalnik.pl\/blog\/#website","url":"https:\/\/www.skalnik.pl\/blog\/","name":"blog Skalnik","description":"Blog, porady, artyku\u0142y - blog Skalnik","inLanguage":"pl-PL","publisher":{"@id":"https:\/\/www.skalnik.pl\/blog\/#organization"}}]},"og:locale":"pl_PL","og:site_name":"blog Skalnik - Blog, porady, artyku\u0142y - blog Skalnik","og:type":"article","og:title":"Jakie r\u0119kawice w g\u00f3ry wybra\u0107 - blog Skalnik","og:description":"R\u0119kawiczki w g\u00f3ry przydaj\u0105 si\u0119 nie tylko zim\u0105. Poznaj typy r\u0119kawic outdoor i ich zastosowania. Pami\u0119taj, \u017ce potrzeb\u0119 zabrania r\u0119kawic dyktuje pogoda, a nie pora roku.","og:url":"https:\/\/www.skalnik.pl\/blog\/jakie-rekawice-w-gory-wybrac\/","og:image":"https:\/\/skalnik.pl\/blog\/wp-content\/uploads\/2020\/02\/20180710_Chamonix_Kemple_9074.jpg","og:image:secure_url":"https:\/\/skalnik.pl\/blog\/wp-content\/uploads\/2020\/02\/20180710_Chamonix_Kemple_9074.jpg","article:tag":["porady","black diamond","odzie\u017c","zima"],"article:published_time":"2020-02-20T13:33:14+00:00","article:modified_time":"2021-05-20T11:47:27+00:00","twitter:card":"summary_large_image","twitter:title":"Jakie r\u0119kawice w g\u00f3ry wybra\u0107 - blog Skalnik","twitter:description":"R\u0119kawiczki w g\u00f3ry przydaj\u0105 si\u0119 nie tylko zim\u0105. Poznaj typy r\u0119kawic outdoor i ich zastosowania. Pami\u0119taj, \u017ce potrzeb\u0119 zabrania r\u0119kawic dyktuje pogoda, a nie pora roku.","twitter:image":"https:\/\/skalnik.pl\/blog\/wp-content\/uploads\/2020\/02\/20180710_Chamonix_Kemple_9074.jpg"},"aioseo_meta_data":{"post_id":"11573","title":null,"description":"R\u0119kawiczki w g\u00f3ry przydaj\u0105 si\u0119 nie tylko zim\u0105. Poznaj typy r\u0119kawic outdoor i ich zastosowania. Pami\u0119taj, \u017ce potrzeb\u0119 zabrania r\u0119kawic dyktuje pogoda, a nie pora roku.","keywords":[{"label":"r\u0119kawice turystyczne","value":"r\u0119kawice turystyczne"},{"label":"r\u0119kawice w g\u00f3ry","value":"r\u0119kawice w g\u00f3ry"},{"label":"rekawice trekkingowe","value":"rekawice trekkingowe"},{"label":"r\u0119kawiczki black diamond","value":"r\u0119kawiczki black diamond"}],"keyphrases":null,"primary_term":null,"canonical_url":"","og_title":null,"og_description":null,"og_object_type":"default","og_image_type":"default","og_image_url":null,"og_image_width":null,"og_image_height":null,"og_image_custom_url":null,"og_image_custom_fields":null,"og_video":null,"og_custom_url":null,"og_article_section":null,"og_article_tags":null,"twitter_use_og":false,"twitter_card":"default","twitter_image_type":"default","twitter_image_url":null,"twitter_image_custom_url":null,"twitter_image_custom_fields":null,"twitter_title":null,"twitter_description":null,"schema":{"blockGraphs":[],"customGraphs":[],"default":{"data":{"Article":[],"Course":[],"Dataset":[],"FAQPage":[],"Movie":[],"Person":[],"Product":[],"ProductReview":[],"Car":[],"Recipe":[],"Service":[],"SoftwareApplication":[],"WebPage":[]},"graphName":"BlogPosting","isEnabled":true},"graphs":[]},"schema_type":"default","schema_type_options":null,"pillar_content":false,"robots_default":true,"robots_noindex":false,"robots_noarchive":false,"robots_nosnippet":false,"robots_nofollow":false,"robots_noimageindex":false,"robots_noodp":false,"robots_notranslate":false,"robots_max_snippet":null,"robots_max_videopreview":null,"robots_max_imagepreview":"large","priority":null,"frequency":null,"local_seo":null,"breadcrumb_settings":null,"limit_modified_date":false,"ai":null,"created":"2022-08-26 10:14:53","updated":"2026-02-17 21:48:27","seo_analyzer_scan_date":null},"aioseo_breadcrumb":"<div class=\"aioseo-breadcrumbs\"><span class=\"aioseo-breadcrumb\">\n\t\t\t<a href=\"https:\/\/www.skalnik.pl\/blog\" title=\"Home\">Home<\/a>\n\t\t<\/span><span class=\"aioseo-breadcrumb-separator\">&raquo;<\/span><span class=\"aioseo-breadcrumb\">\n\t\t\t<a href=\"https:\/\/www.skalnik.pl\/blog\/.\/porady\/\" title=\"Porady\">Porady<\/a>\n\t\t<\/span><span class=\"aioseo-breadcrumb-separator\">&raquo;<\/span><span class=\"aioseo-breadcrumb\">\n\t\t\tJakie r\u0119kawice w g\u00f3ry wybra\u0107\n\t\t<\/span><\/div>","aioseo_breadcrumb_json":[{"label":"Home","link":"https:\/\/www.skalnik.pl\/blog"},{"label":"Porady","link":"https:\/\/www.skalnik.pl\/blog\/.\/porady\/"},{"label":"Jakie r\u0119kawice w g\u00f3ry wybra\u0107","link":"https:\/\/www.skalnik.pl\/blog\/jakie-rekawice-w-gory-wybrac\/"}],"_links":{"self":[{"href":"https:\/\/www.skalnik.pl\/blog\/wp-json\/wp\/v2\/posts\/11573","targetHints":{"allow":["GET"]}}],"collection":[{"href":"https:\/\/www.skalnik.pl\/blog\/wp-json\/wp\/v2\/posts"}],"about":[{"href":"https:\/\/www.skalnik.pl\/blog\/wp-json\/wp\/v2\/types\/post"}],"author":[{"embeddable":true,"href":"https:\/\/www.skalnik.pl\/blog\/wp-json\/wp\/v2\/users\/32"}],"replies":[{"embeddable":true,"href":"https:\/\/www.skalnik.pl\/blog\/wp-json\/wp\/v2\/comments?post=11573"}],"version-history":[{"count":11,"href":"https:\/\/www.skalnik.pl\/blog\/wp-json\/wp\/v2\/posts\/11573\/revisions"}],"predecessor-version":[{"id":16844,"href":"https:\/\/www.skalnik.pl\/blog\/wp-json\/wp\/v2\/posts\/11573\/revisions\/16844"}],"wp:featuredmedia":[{"embeddable":true,"href":"https:\/\/www.skalnik.pl\/blog\/wp-json\/wp\/v2\/media\/11580"}],"wp:attachment":[{"href":"https:\/\/www.skalnik.pl\/blog\/wp-json\/wp\/v2\/media?parent=11573"}],"wp:term":[{"taxonomy":"category","embeddable":true,"href":"https:\/\/www.skalnik.pl\/blog\/wp-json\/wp\/v2\/categories?post=11573"},{"taxonomy":"post_tag","embeddable":true,"href":"https:\/\/www.skalnik.pl\/blog\/wp-json\/wp\/v2\/tags?post=11573"},{"taxonomy":"magento_category","embeddable":true,"href":"https:\/\/www.skalnik.pl\/blog\/wp-json\/wp\/v2\/magento_category?post=11573"},{"taxonomy":"magento_product","embeddable":true,"href":"https:\/\/www.skalnik.pl\/blog\/wp-json\/wp\/v2\/magento_product?post=11573"}],"curies":[{"name":"wp","href":"https:\/\/api.w.org\/{rel}","templated":true}]}}