{"id":11591,"date":"2020-02-21T11:18:11","date_gmt":"2020-02-21T10:18:11","guid":{"rendered":"https:\/\/skalnik.pl\/blog\/?p=11591"},"modified":"2020-03-13T09:23:47","modified_gmt":"2020-03-13T08:23:47","slug":"deuter-nie-tylko-plecaki","status":"publish","type":"post","link":"https:\/\/www.skalnik.pl\/blog\/deuter-nie-tylko-plecaki\/","title":{"rendered":"Deuter \u2013 nie tylko plecaki"},"content":{"rendered":"\n<p><strong>M\u00f3wisz Deuter, my\u015blisz plecaki. Niemiecka firma,\ndzia\u0142aj\u0105ca ju\u017c od ponad 120 lat, wypu\u015bci\u0142a jednak na rynek tak\u017ce wiele innych\nwysokiej klasy produkt\u00f3w. Na jaki sprz\u0119t marki Deuter warto zwr\u00f3ci\u0107 uwag\u0119?<\/strong><\/p>\n\n\n\n<p>Funkcjonalno\u015b\u0107, trwa\u0142o\u015b\u0107, klasyczny design \u2013 to za te cechy tysi\u0105ce turyst\u00f3w na ca\u0142ym \u015bwiecie pokocha\u0142o <a href=\"https:\/\/skalnik.pl\/sprzet-turystyczny\/plecaki\/deuter\" target=\"_blank\" rel=\"noreferrer noopener\" aria-label=\"plecaki Deuter (otwiera si\u0119 na nowej zak\u0142adce)\">plecaki Deuter<\/a>. Niemiecka firma ma jednak mocn\u0105 pozycj\u0119 tak\u017ce w wielu innych kategoriach outdoorowego sprz\u0119tu. Sprawd\u017a, czym w\u0142a\u015bciwie wyr\u00f3\u017cnia si\u0119 noside\u0142ko czy kosmetyczka Deuter. <strong>&nbsp;<\/strong><\/p>\n\n\n\n<div id=\"ez-toc-container\" class=\"ez-toc-v2_0_85 counter-hierarchy ez-toc-counter ez-toc-light-blue ez-toc-container-direction\">\n<div class=\"ez-toc-title-container\">\n<p class=\"ez-toc-title\" style=\"cursor:inherit\">SPIS TRE\u015aCI <\/p>\n<span class=\"ez-toc-title-toggle\"><a href=\"#\" class=\"ez-toc-pull-right ez-toc-btn ez-toc-btn-xs ez-toc-btn-default ez-toc-toggle\" aria-label=\"Prze\u0142\u0105cznik Spisu Tre\u015bci\"><span class=\"ez-toc-js-icon-con\"><span class=\"\"><span class=\"eztoc-hide\" style=\"display:none;\">Toggle<\/span><span class=\"ez-toc-icon-toggle-span\"><svg style=\"fill: #999;color:#999\" xmlns=\"http:\/\/www.w3.org\/2000\/svg\" class=\"list-377408\" width=\"20px\" height=\"20px\" viewBox=\"0 0 24 24\" fill=\"none\"><path d=\"M6 6H4v2h2V6zm14 0H8v2h12V6zM4 11h2v2H4v-2zm16 0H8v2h12v-2zM4 16h2v2H4v-2zm16 0H8v2h12v-2z\" fill=\"currentColor\"><\/path><\/svg><svg style=\"fill: #999;color:#999\" class=\"arrow-unsorted-368013\" xmlns=\"http:\/\/www.w3.org\/2000\/svg\" width=\"10px\" height=\"10px\" viewBox=\"0 0 24 24\" version=\"1.2\" baseProfile=\"tiny\"><path d=\"M18.2 9.3l-6.2-6.3-6.2 6.3c-.2.2-.3.4-.3.7s.1.5.3.7c.2.2.4.3.7.3h11c.3 0 .5-.1.7-.3.2-.2.3-.5.3-.7s-.1-.5-.3-.7zM5.8 14.7l6.2 6.3 6.2-6.3c.2-.2.3-.5.3-.7s-.1-.5-.3-.7c-.2-.2-.4-.3-.7-.3h-11c-.3 0-.5.1-.7.3-.2.2-.3.5-.3.7s.1.5.3.7z\"\/><\/svg><\/span><\/span><\/span><\/a><\/span><\/div>\n<nav><ul class='ez-toc-list ez-toc-list-level-1 ' ><li class='ez-toc-page-1 ez-toc-heading-level-2'><a class=\"ez-toc-link ez-toc-heading-1\" href=\"https:\/\/www.skalnik.pl\/blog\/deuter-nie-tylko-plecaki\/#Nosidelko_Deuter_%E2%80%93_dla_bezpieczenstwa_i_wygody\" >Noside\u0142ko Deuter \u2013 dla bezpiecze\u0144stwa i wygody<\/a><\/li><li class='ez-toc-page-1 ez-toc-heading-level-2'><a class=\"ez-toc-link ez-toc-heading-2\" href=\"https:\/\/www.skalnik.pl\/blog\/deuter-nie-tylko-plecaki\/#Spiwor_Deuter_%E2%80%93_spij_cieplo_i_spokojnie\" >\u015apiw\u00f3r Deuter \u2013 \u015bpij\nciep\u0142o i spokojnie<\/a><\/li><li class='ez-toc-page-1 ez-toc-heading-level-2'><a class=\"ez-toc-link ez-toc-heading-3\" href=\"https:\/\/www.skalnik.pl\/blog\/deuter-nie-tylko-plecaki\/#Kosmetyczka_Deuter_%E2%80%93_wszystkie_kosmetyki_na_swoim_miejscu\" >Kosmetyczka Deuter \u2013 wszystkie kosmetyki na swoim\nmiejscu<\/a><\/li><li class='ez-toc-page-1 ez-toc-heading-level-2'><a class=\"ez-toc-link ez-toc-heading-4\" href=\"https:\/\/www.skalnik.pl\/blog\/deuter-nie-tylko-plecaki\/#Portfel_Deuter_%E2%80%93_diabel_tkwi_w_szczegolach\" >Portfel Deuter \u2013 diabe\u0142\ntkwi w szczeg\u00f3\u0142ach<\/a><\/li><li class='ez-toc-page-1 ez-toc-heading-level-2'><a class=\"ez-toc-link ez-toc-heading-5\" href=\"https:\/\/www.skalnik.pl\/blog\/deuter-nie-tylko-plecaki\/#Saszetki_Deuter_%E2%80%93_chron_to_co_cenne\" >Saszetki Deuter \u2013 chro\u0144 to, co cenne<\/a><\/li><\/ul><\/nav><\/div>\n<h2 class=\"wp-block-heading\"><span class=\"ez-toc-section\" id=\"Nosidelko_Deuter_%E2%80%93_dla_bezpieczenstwa_i_wygody\"><\/span>Noside\u0142ko Deuter \u2013 dla bezpiecze\u0144stwa i wygody<span class=\"ez-toc-section-end\"><\/span><\/h2>\n\n\n\n<p>Pierwsze szczyty twoje\ndziecko mo\u017ce zdoby\u0107 jeszcze przed uko\u0144czeniem pierwszego roku \u017cycia. Oczywi\u015bcie\nnie na w\u0142asnych nogach, lecz w specjalnym noside\u0142ku turystycznym. W nosid\u0142ach\nstosuje si\u0119 wiele z rozwi\u0105za\u0144 stworzonych z my\u015bl\u0105 o plecakach, wi\u0119c nie powinno\ndziwi\u0107, \u017ce to w\u0142a\u015bnie Deuter jest jednym z najwa\u017cniejszych graczy w tej\nkategorii.<\/p>\n\n\n\n<div class=\"wp-block-image\"><figure class=\"aligncenter size-large\"><img loading=\"lazy\" decoding=\"async\" width=\"1024\" height=\"683\" src=\"https:\/\/skalnik.pl\/blog\/wp-content\/uploads\/2020\/02\/Deuter-noside\u0142ko-turystyczne.jpg\" alt=\"Noside\u0142ko turystyczne Deuter\" class=\"wp-image-11594\" srcset=\"https:\/\/www.skalnik.pl\/blog\/wp-content\/uploads\/2020\/02\/Deuter-noside\u0142ko-turystyczne.jpg 1024w, https:\/\/www.skalnik.pl\/blog\/wp-content\/uploads\/2020\/02\/Deuter-noside\u0142ko-turystyczne-300x200.jpg 300w, https:\/\/www.skalnik.pl\/blog\/wp-content\/uploads\/2020\/02\/Deuter-noside\u0142ko-turystyczne-768x512.jpg 768w\" sizes=\"auto, (max-width: 1024px) 100vw, 1024px\" \/><figcaption><em>Noside\u0142ko Deuter zapewnia bezpiecze\u0144stwo dziecku i wygod\u0119 rodzicom<\/em> <em>(fot. Deuter)<\/em><\/figcaption><\/figure><\/div>\n\n\n\n<p>Noside\u0142ko Deuter\nwykorzystuje mi\u0119dzy innymi doskonale znany z plecak\u00f3w niemieckiej marki system\nno\u015bny Aircomfort. Odci\u0105\u017ca on twoje ramiona i przenosi g\u0142\u00f3wny ci\u0119\u017car na biodra. Ka\u017cde\nnoside\u0142ko turystyczne Deuter posiada tak\u017ce certyfikat bezpiecze\u0144stwa T\u00dcV SUD GS. Maj\u0105c takie nosid\u0142o, mo\u017cna z pe\u0142nym spokojem przemierza\u0107\ng\u00f3rskie szlaki. <\/p>\n\n\n\n<p>W\u015br\u00f3d g\u00f3rskich noside\u0142 klasycznym modelem jest\nju\u017c noside\u0142ko turystyczne Deuter Kid Comfort. Dzi\u0119ki zastosowaniu technologii\nVariFlex p\u0142etwy pasa pod\u0105\u017caj\u0105 za skr\u0119tami twoich bioder. W efekcie to noside\u0142ko\nDeuter dostosowuje si\u0119 do twojego sposobu chodzenia, a nie na odwr\u00f3t.<\/p>\n\n\n\n<iframe loading=\"lazy\" src=\"https:\/\/www.youtube.com\/embed\/fjHmM2pDEL8\" allow=\"accelerometer; autoplay; encrypted-media; gyroscope; picture-in-picture\" allowfullscreen=\"\" width=\"800\" height=\"442\" frameborder=\"0\"><\/iframe>\n\n\n\n<p>Je\u015bli szukasz l\u017cejszego\nrozwi\u0105zania, zwr\u00f3\u0107 uwag\u0119 na noside\u0142ko turystyczne Deuter Kid Comfort Active.\nNoside\u0142ko Deuter Kid Comfort Pro jest z kolei wyposa\u017cone w liczne udogodnienia,\ntakie jak otwierany daszek przeciws\u0142oneczny czy lusterko pozwalaj\u0105ce obserwowa\u0107\nma\u0142ego pasa\u017cera bez odwracania g\u0142owy.<\/p>\n\n\n\n<h2 class=\"wp-block-heading\"><span class=\"ez-toc-section\" id=\"Spiwor_Deuter_%E2%80%93_spij_cieplo_i_spokojnie\"><\/span>\u015apiw\u00f3r Deuter \u2013 \u015bpij\nciep\u0142o i spokojnie<span class=\"ez-toc-section-end\"><\/span><\/h2>\n\n\n\n<p>G\u00f3rska w\u0119dr\u00f3wka jest o\nwiele trudniejsza, je\u017celi cz\u0142owiek nie wyspa\u0142 si\u0119 porz\u0105dnie w nocy. Dlatego\nprzed wypraw\u0105 warto naby\u0107 nie tylko plecak niemieckiej firmy, lecz tak\u017ce\nzaprojektowany przez Deuter \u015bpiw\u00f3r. W ofercie tej marki znajdziesz r\u00f3\u017cnorodne\n\u015bpiwory, przeznaczone zar\u00f3wno do spania pod namiotem, jak i w schronisku.<\/p>\n\n\n\n<p><a href=\"https:\/\/skalnik.pl\/sprzet-turystyczny\/spiwory-i-maty\/spiwory-i-maty-syntetyczne\/deuter\" target=\"_blank\" rel=\"noreferrer noopener\" aria-label=\"\u015apiw\u00f3r Deuter (otwiera si\u0119 na nowej zak\u0142adce)\">\u015apiw\u00f3r Deuter<\/a>, podobnie jak plecak, zaprojektowano przede wszystkim z my\u015bl\u0105 o wygodzie u\u017cytkowania i wytrzyma\u0142o\u015bci. W efekcie powsta\u0142y \u015bpiwory odporne na rozerwanie, zapewniaj\u0105ce bardzo dobr\u0105 izolacj\u0119 przed zimnem i mog\u0105ce pochwali\u0107 si\u0119 du\u017c\u0105 odporno\u015bci\u0105 na wilgo\u0107.<\/p>\n\n\n\n<p>Wybieraj\u0105c zaprojektowany przez Deuter \u015bpiw\u00f3r, zwr\u00f3\u0107 uwag\u0119 na oznaczenia wyst\u0119puj\u0105ce przy nazwie. \u015apiw\u00f3r Deuter z symbolem SL zaprojektowano z my\u015bl\u0105 o kobietach. Takie \u015bpiwory maj\u0105 kszta\u0142t dostosowany do kobiecej sylwetki, a dodatkowa ocieplina w okolicy nerek i st\u00f3p zapewnia komfort nawet w ch\u0142odn\u0105 noc. <\/p>\n\n\n\n<p>Dopisek Regular przy\nnazwie modelu oznacza, \u017ce dany \u015bpiw\u00f3r Deuter jest przeznaczony dla ludzi o\nstandardowym wzro\u015bcie. Wysokie osoby powinny natomiast wybra\u0107 wersj\u0119 Long.<\/p>\n\n\n\n<div class=\"wp-block-image\"><figure class=\"aligncenter size-large\"><img loading=\"lazy\" decoding=\"async\" width=\"1024\" height=\"683\" src=\"https:\/\/skalnik.pl\/blog\/wp-content\/uploads\/2020\/02\/Deuter-\u015bpiw\u00f3r.jpg\" alt=\"\u015apiw\u00f3r Deuter\" class=\"wp-image-11596\" srcset=\"https:\/\/www.skalnik.pl\/blog\/wp-content\/uploads\/2020\/02\/Deuter-\u015bpiw\u00f3r.jpg 1024w, https:\/\/www.skalnik.pl\/blog\/wp-content\/uploads\/2020\/02\/Deuter-\u015bpiw\u00f3r-300x200.jpg 300w, https:\/\/www.skalnik.pl\/blog\/wp-content\/uploads\/2020\/02\/Deuter-\u015bpiw\u00f3r-768x512.jpg 768w\" sizes=\"auto, (max-width: 1024px) 100vw, 1024px\" \/><figcaption><em>Odpowiednio dobieraj\u0105c \u015bpiw\u00f3r Deuter, mo\u017cesz spa\u0107 komfortowo w ka\u017cdych warunkach (fot. Deuter)<\/em><\/figcaption><\/figure><\/div>\n\n\n\n<p>W\u015br\u00f3d turyst\u00f3w bardzo du\u017c\u0105\npopularno\u015bci\u0105 ciesz\u0105 si\u0119 \u015bpiwory syntetyczne Deuter Orbit typu mumia. Taki\nkszta\u0142t lepiej izoluje od zimna i sprawia, \u017ce powietrze w \u015bpiworze szybciej si\u0119\nnagrzewa. Poszczeg\u00f3lne modele \u015bpiwor\u00f3w Deuter Orbit r\u00f3\u017cni\u0105 si\u0119 oczywi\u015bcie\nzakresem temperatur, na jaki s\u0105 przeznaczone. Wybieraj\u0105c konkretny \u015bpiw\u00f3r, nie\nkupuj modelu na styk. Wybierz \u015bpiw\u00f3r zapewniaj\u0105cy komfortowy sen w temperaturze\no mniej wi\u0119cej 5\u00b0C\nni\u017cszej od przewidywanych warunk\u00f3w. Pami\u0119taj tak\u017ce, \u017ce kobiety odczuwaj\u0105 zwykle\nbardziej zimno ni\u017c panowie.<\/p>\n\n\n\n<p>Innym modelem proponowanym\nprzez niemieck\u0105 firm\u0119 jest \u015bpiw\u00f3r Deuter Exosphere, kt\u00f3ru wykonano z materia\u0142u\nTermo Stretch Comfort. Dopasowuje si\u0119 on do twojego cia\u0142a i nie kr\u0119puje ruch\u00f3w.\nTym samym zapewnia bardziej komfortowy sen. W\u0142\u00f3kna syntetyczne u\u0142o\u017cono w tym\n\u015bpiworze tak, by nie powsta\u0142y \u017cadne zimne miejsca pozbawione izolacji.<\/p>\n\n\n\n<p>W ofercie niemieckiej marki\nznajdziesz tak\u017ce \u015bpiwory dzieci\u0119ce. Zaprojektowany przez Deuter \u015bpiw\u00f3r\nStarlight mo\u017cna wyd\u0142u\u017cy\u0107 a\u017c o 30\n cm, wi\u0119c jeden model wystarczy na d\u0142u\u017cej. Ergonomiczny\nkszta\u0142t typu mumia oraz kaptur z mi\u0119kk\u0105 wy\u015bci\u00f3\u0142k\u0105 zabezpiecz\u0105 przed zimnem ca\u0142e\ncia\u0142o dziecka.<\/p>\n\n\n\n<h2 class=\"wp-block-heading\"><span class=\"ez-toc-section\" id=\"Kosmetyczka_Deuter_%E2%80%93_wszystkie_kosmetyki_na_swoim_miejscu\"><\/span>Kosmetyczka Deuter \u2013 wszystkie kosmetyki na swoim\nmiejscu<span class=\"ez-toc-section-end\"><\/span><\/h2>\n\n\n\n<p>Kosmetyczka Deuter to\nwcielenie niemieckiej precyzji i zami\u0142owania do porz\u0105dku. Koniec z rozlanymi\np\u0142ynami i walaj\u0105cymi si\u0119 buteleczkami! Dzi\u0119ki licznym kieszeniom i przegr\u00f3dkom\nka\u017cdy kosmetyk b\u0119dzie mia\u0142 swoje miejsce. Jednocze\u015bnie kosmetyczki Deuter s\u0105\nniezwykle por\u0119czne i zmieszcz\u0105 si\u0119 nawet do wypchanego ju\u017c po brzegi plecaka.<\/p>\n\n\n\n<p>Je\u015bli baga\u017c ograniczasz do\nminimum, dobrym wyborem b\u0119dzie dla ciebie kosmetyczka Deuter Wash Bag. Mimo\nma\u0142ych rozmiar\u00f3w pomie\u015bci ona wszystkie niezb\u0119dne na trasie artyku\u0142y\nhigieniczne, a 3 przegr\u00f3dki na zamek umo\u017cliwi\u0105 optymalne rozmieszczenie\nkosmetyk\u00f3w.<\/p>\n\n\n\n<p>Kosmetyczki Deuter Wash\nCenter s\u0105 natomiast przeznaczone dla tych, kt\u00f3rzy w kwestii higieny nie\ndopuszczaj\u0105 kompromis\u00f3w. Du\u017ca przegroda z uchwytami na wi\u0119ksze opakowania oraz\nkieszonki na zamek pomieszcz\u0105 wszystko, czego tylko zapragniesz. <\/p>\n\n\n\n<div class=\"wp-block-image\"><figure class=\"aligncenter size-large\"><img loading=\"lazy\" decoding=\"async\" width=\"1024\" height=\"768\" src=\"https:\/\/skalnik.pl\/blog\/wp-content\/uploads\/2020\/02\/Kosmetyczki-Deuter-1.png\" alt=\"Kosmetyczka Deuter Wash Center\" class=\"wp-image-11607\" srcset=\"https:\/\/www.skalnik.pl\/blog\/wp-content\/uploads\/2020\/02\/Kosmetyczki-Deuter-1.png 1024w, https:\/\/www.skalnik.pl\/blog\/wp-content\/uploads\/2020\/02\/Kosmetyczki-Deuter-1-300x225.png 300w, https:\/\/www.skalnik.pl\/blog\/wp-content\/uploads\/2020\/02\/Kosmetyczki-Deuter-1-768x576.png 768w\" sizes=\"auto, (max-width: 1024px) 100vw, 1024px\" \/><figcaption><em>Kosmetyczka Deuter Wash Center pomie\u015bci wszystko, czego potrzebujesz (fot. Deuter)<\/em><\/figcaption><\/figure><\/div>\n\n\n\n<p>Niemiecka firma nie\nzapomnia\u0142a te\u017c o najm\u0142odszych. Kosmetyczki Deuter Wash Bag Kids ciesz\u0105 oczy\nkolorowymi wzorami, a dzi\u0119ki sk\u0142adanej konstrukcji zmieszcz\u0105 si\u0119 nawet do ma\u0142ego\nplecaka niesionego przez m\u0142odego turyst\u0119. <\/p>\n\n\n\n<h2 class=\"wp-block-heading\"><span class=\"ez-toc-section\" id=\"Portfel_Deuter_%E2%80%93_diabel_tkwi_w_szczegolach\"><\/span>Portfel Deuter \u2013 diabe\u0142\ntkwi w szczeg\u00f3\u0142ach<span class=\"ez-toc-section-end\"><\/span><\/h2>\n\n\n\n<p>Wytrzyma\u0142e i funkcjonalne akcesoria nie s\u0105 niezb\u0119dnym towarzyszem wyprawy, ale niew\u0105tpliwie u\u0142atwiaj\u0105 w\u0119drowanie. Dlatego <a href=\"https:\/\/skalnik.pl\/deuter\" target=\"_blank\" rel=\"noreferrer noopener\" aria-label=\"Deuter (otwiera si\u0119 na nowej zak\u0142adce)\">Deuter<\/a> swoje pokrowce, saszetki i portfele projektuje z r\u00f3wn\u0105 uwag\u0105 co plecaki czy \u015bpiwory.<\/p>\n\n\n\n<p>Czym wyr\u00f3\u017cnia si\u0119 wykonany\nprzez Deuter portfel? Przede wszystkim, mimo du\u017cej pojemno\u015bci, nie zajmuje on wiele\nmiejsca w plecaku. Odporne na uszkodzenia materia\u0142y oraz wzmocnienia na\nbrzegach gwarantuj\u0105, \u017ce portfel Deuter wr\u00f3ci ca\u0142o z niejednej wyprawy.\nNiewielka p\u0119telka pozwala z kolei bezpiecznie umocowa\u0107 klucze.<\/p>\n\n\n\n<p>Portfel Deuter Travel\nWallet spe\u0142ni wymagania wi\u0119kszo\u015bci turyst\u00f3w. Przestronna kiesze\u0144 na banknoty, 5\nslot\u00f3w na karty i dokumenty oraz oddzielne miejsce na drobne monety pozwol\u0105\nuporz\u0105dkowa\u0107 wszystkie potrzebne rzeczy. Je\u017celi jednak pakuj\u0105c si\u0119 na wypraw\u0119,\nliczysz ka\u017cdy gram, zwr\u00f3\u0107 uwag\u0119 na portfel Deuter Zip Wallet. Wa\u017cy on zaledwie 40 g.<\/p>\n\n\n\n<h2 class=\"wp-block-heading\"><span class=\"ez-toc-section\" id=\"Saszetki_Deuter_%E2%80%93_chron_to_co_cenne\"><\/span>Saszetki Deuter \u2013 chro\u0144 to, co cenne<span class=\"ez-toc-section-end\"><\/span><\/h2>\n\n\n\n<p>W szerokiej ofercie\nakcesori\u00f3w niemieckiej marki znajdziesz tak\u017ce r\u00f3\u017cnorodne saszetki. Dzi\u0119ki nim\nnajwa\u017cniejsze drobiazgi mo\u017cesz mie\u0107 zawsze na wyci\u0105gni\u0119cie r\u0119ki. Saszetki\nDeuter s\u0105 cz\u0119sto p\u0142askie, wi\u0119c mo\u017cesz je w\u0142o\u017cy\u0107 pod koszulk\u0119 i skutecznie ukry\u0107\nprzed wzrokiem kieszonkowc\u00f3w.<\/p>\n\n\n\n<p>Na podr\u00f3\u017ce oraz do\nstosowania na co dzie\u0144 przyda ci si\u0119 saszetka Deuter Belt I. To ma\u0142a saszetka\nna biodra, w kt\u00f3rej schowasz niezb\u0119dne rzeczy. Specjalny splot zastosowany w\ntej nerce hamuje dalsze rozrywanie materia\u0142u w razie uszkodzenia saszetki.\nJe\u015bli potrzebujesz nieco wi\u0119cej miejsca, dobrym wyborem b\u0119dzie dla ciebie\nsaszetka Deuter Belt II.<\/p>\n\n\n\n<div class=\"wp-block-image\"><figure class=\"aligncenter size-large\"><img loading=\"lazy\" decoding=\"async\" width=\"1024\" height=\"768\" src=\"https:\/\/skalnik.pl\/blog\/wp-content\/uploads\/2020\/02\/Deuter-saszetka.jpg\" alt=\"Saszetka Deuter\" class=\"wp-image-11600\" srcset=\"https:\/\/www.skalnik.pl\/blog\/wp-content\/uploads\/2020\/02\/Deuter-saszetka.jpg 1024w, https:\/\/www.skalnik.pl\/blog\/wp-content\/uploads\/2020\/02\/Deuter-saszetka-300x225.jpg 300w, https:\/\/www.skalnik.pl\/blog\/wp-content\/uploads\/2020\/02\/Deuter-saszetka-768x576.jpg 768w\" sizes=\"auto, (max-width: 1024px) 100vw, 1024px\" \/><figcaption><em>W ofercie marki Deuter znajdziesz tak\u017ce saszetki na bidon (fot. Deuter)<\/em><\/figcaption><\/figure><\/div>\n\n\n\n<p>Dodatkow\u0105 ochron\u0119\npieni\u0119dzy zapewni\u0105 saszetki Deuter Security Money Belt. Te p\u0142askie biodr\u00f3wki s\u0105\npraktycznie niewidoczne pod koszulk\u0105. Niekt\u00f3re z nich wyposa\u017cono dodatkowo w\nantykradzie\u017cow\u0105 technologi\u0119 RFID. Chroni ona dokumenty oraz karty przed\nzeskanowaniem.<\/p>\n\n\n\n<p>Saszetka Deuter Security\nWallet przyda ci si\u0119 natomiast wtedy, kiedy chcesz zabezpieczy\u0107 jedynie\npaszport i pieni\u0105dze. Jest to bowiem minimalistyczna saszetka do noszenia na\nszyi pod ubraniem.<\/p>\n\n\n\n<p>\u015apiw\u00f3r, portfel czy\nnoside\u0142ko Deuter dobitnie udowadniaj\u0105, \u017ce ta marka zna si\u0119 nie tylko na\nplecakach. Niezale\u017cnie od tego, co w\u0142a\u015bnie wykonuj\u0105, pracownicy niemieckiej\nfirmy stosuj\u0105 bowiem te same wysokie standardy jako\u015bci. Dzi\u0119ki temu ka\u017cda rzecz\nz logiem marki Deuter, zar\u00f3wno ta du\u017ca, jak i ta drobna, szybko staje si\u0119\nsymbolem trwa\u0142o\u015bci i funkcjonalno\u015bci.<\/p>\n\n\n\n<p class=\"has-text-align-right\"><em>Katarzyna Butkiewicz<\/em><\/p>\n","protected":false},"excerpt":{"rendered":"<p>Dueter to nie tylko \u015bwietne plecaki. Sprawd\u017a, czemu noside\u0142ka, \u015bpiwory i saszetki Deuter s\u0105 r\u00f3wnie godne polecenia.<\/p>\n","protected":false},"author":7,"featured_media":11598,"comment_status":"open","ping_status":"open","sticky":false,"template":"","format":"standard","meta":{"_acf_changed":false,"footnotes":""},"categories":[5],"tags":[148,250,173,97],"magento_category":[],"magento_product":[],"class_list":["post-11591","post","type-post","status-publish","format-standard","has-post-thumbnail","hentry","category-branza","tag-akcesoria-turystyczne","tag-deuter","tag-dziecko-w-gorach","tag-spiwory"],"acf":[],"aioseo_notices":[],"aioseo_head":"\n\t\t<!-- All in One SEO 4.9.10 - aioseo.com -->\n\t<meta name=\"description\" content=\"Plecaki Deuter s\u0105 znane na ca\u0142ym \u015bwiecie. To jednak nie jedyny sprz\u0119t projektowany przez t\u0119 mark\u0119. Czym wyr\u00f3\u017cnia si\u0119 kosmetyczka czy noside\u0142ko Deuter?\" \/>\n\t<meta name=\"robots\" content=\"max-image-preview:large\" \/>\n\t<meta name=\"author\" content=\"Redakcja skalnik.pl\"\/>\n\t<link rel=\"canonical\" href=\"https:\/\/www.skalnik.pl\/blog\/deuter-nie-tylko-plecaki\/\" \/>\n\t<meta name=\"generator\" content=\"All in One SEO (AIOSEO) 4.9.10\" \/>\n\t\t<meta property=\"og:locale\" content=\"pl_PL\" \/>\n\t\t<meta property=\"og:site_name\" content=\"blog Skalnik - Blog, porady, artyku\u0142y - blog Skalnik\" \/>\n\t\t<meta property=\"og:type\" content=\"article\" \/>\n\t\t<meta property=\"og:title\" content=\"Deuter \u2013 nie tylko plecaki - blog Skalnik\" \/>\n\t\t<meta property=\"og:description\" content=\"Plecaki Deuter s\u0105 znane na ca\u0142ym \u015bwiecie. To jednak nie jedyny sprz\u0119t projektowany przez t\u0119 mark\u0119. Czym wyr\u00f3\u017cnia si\u0119 kosmetyczka czy noside\u0142ko Deuter?\" \/>\n\t\t<meta property=\"og:url\" content=\"https:\/\/www.skalnik.pl\/blog\/deuter-nie-tylko-plecaki\/\" \/>\n\t\t<meta property=\"og:image\" content=\"https:\/\/skalnik.pl\/blog\/wp-content\/uploads\/2020\/02\/Deuter-noside\u0142ko-turystyczne.jpg\" \/>\n\t\t<meta property=\"og:image:secure_url\" content=\"https:\/\/skalnik.pl\/blog\/wp-content\/uploads\/2020\/02\/Deuter-noside\u0142ko-turystyczne.jpg\" \/>\n\t\t<meta property=\"article:tag\" content=\"bran\u017ca\" \/>\n\t\t<meta property=\"article:tag\" content=\"akcesoria turystyczne\" \/>\n\t\t<meta property=\"article:tag\" content=\"deuter\" \/>\n\t\t<meta property=\"article:tag\" content=\"dziecko w g\u00f3rach\" \/>\n\t\t<meta property=\"article:tag\" content=\"\u015bpiwory\" \/>\n\t\t<meta property=\"article:published_time\" content=\"2020-02-21T10:18:11+00:00\" \/>\n\t\t<meta property=\"article:modified_time\" content=\"2020-03-13T08:23:47+00:00\" \/>\n\t\t<meta name=\"twitter:card\" content=\"summary_large_image\" \/>\n\t\t<meta name=\"twitter:title\" content=\"Deuter \u2013 nie tylko plecaki - blog Skalnik\" \/>\n\t\t<meta name=\"twitter:description\" content=\"Plecaki Deuter s\u0105 znane na ca\u0142ym \u015bwiecie. To jednak nie jedyny sprz\u0119t projektowany przez t\u0119 mark\u0119. Czym wyr\u00f3\u017cnia si\u0119 kosmetyczka czy noside\u0142ko Deuter?\" \/>\n\t\t<meta name=\"twitter:image\" content=\"https:\/\/skalnik.pl\/blog\/wp-content\/uploads\/2020\/02\/Deuter-noside\u0142ko-turystyczne.jpg\" \/>\n\t\t<script type=\"application\/ld+json\" class=\"aioseo-schema\">\n\t\t\t{\"@context\":\"https:\\\/\\\/schema.org\",\"@graph\":[{\"@type\":\"BlogPosting\",\"@id\":\"https:\\\/\\\/www.skalnik.pl\\\/blog\\\/deuter-nie-tylko-plecaki\\\/#blogposting\",\"name\":\"Deuter \\u2013 nie tylko plecaki - blog Skalnik\",\"headline\":\"Deuter \\u2013 nie tylko plecaki\",\"author\":{\"@id\":\"https:\\\/\\\/www.skalnik.pl\\\/blog\\\/author\\\/redakcja-skalnik-pl\\\/#author\"},\"publisher\":{\"@id\":\"https:\\\/\\\/www.skalnik.pl\\\/blog\\\/#organization\"},\"image\":{\"@type\":\"ImageObject\",\"url\":\"https:\\\/\\\/www.skalnik.pl\\\/blog\\\/wp-content\\\/uploads\\\/2020\\\/02\\\/Deuter-\\u015bpiwory.jpg\",\"width\":1920,\"height\":705,\"caption\":\"\\u015apiwory Deuter\"},\"datePublished\":\"2020-02-21T11:18:11+02:00\",\"dateModified\":\"2020-03-13T09:23:47+02:00\",\"inLanguage\":\"pl-PL\",\"mainEntityOfPage\":{\"@id\":\"https:\\\/\\\/www.skalnik.pl\\\/blog\\\/deuter-nie-tylko-plecaki\\\/#webpage\"},\"isPartOf\":{\"@id\":\"https:\\\/\\\/www.skalnik.pl\\\/blog\\\/deuter-nie-tylko-plecaki\\\/#webpage\"},\"articleSection\":\"Bran\\u017ca, akcesoria turystyczne, deuter, dziecko w g\\u00f3rach, \\u015bpiwory\"},{\"@type\":\"BreadcrumbList\",\"@id\":\"https:\\\/\\\/www.skalnik.pl\\\/blog\\\/deuter-nie-tylko-plecaki\\\/#breadcrumblist\",\"itemListElement\":[{\"@type\":\"ListItem\",\"@id\":\"https:\\\/\\\/www.skalnik.pl\\\/blog#listItem\",\"position\":1,\"name\":\"Home\",\"item\":\"https:\\\/\\\/www.skalnik.pl\\\/blog\",\"nextItem\":{\"@type\":\"ListItem\",\"@id\":\"https:\\\/\\\/www.skalnik.pl\\\/blog\\\/.\\\/branza\\\/#listItem\",\"name\":\"Bran\\u017ca\"}},{\"@type\":\"ListItem\",\"@id\":\"https:\\\/\\\/www.skalnik.pl\\\/blog\\\/.\\\/branza\\\/#listItem\",\"position\":2,\"name\":\"Bran\\u017ca\",\"item\":\"https:\\\/\\\/www.skalnik.pl\\\/blog\\\/.\\\/branza\\\/\",\"nextItem\":{\"@type\":\"ListItem\",\"@id\":\"https:\\\/\\\/www.skalnik.pl\\\/blog\\\/deuter-nie-tylko-plecaki\\\/#listItem\",\"name\":\"Deuter \\u2013 nie tylko plecaki\"},\"previousItem\":{\"@type\":\"ListItem\",\"@id\":\"https:\\\/\\\/www.skalnik.pl\\\/blog#listItem\",\"name\":\"Home\"}},{\"@type\":\"ListItem\",\"@id\":\"https:\\\/\\\/www.skalnik.pl\\\/blog\\\/deuter-nie-tylko-plecaki\\\/#listItem\",\"position\":3,\"name\":\"Deuter \\u2013 nie tylko plecaki\",\"previousItem\":{\"@type\":\"ListItem\",\"@id\":\"https:\\\/\\\/www.skalnik.pl\\\/blog\\\/.\\\/branza\\\/#listItem\",\"name\":\"Bran\\u017ca\"}}]},{\"@type\":\"Organization\",\"@id\":\"https:\\\/\\\/www.skalnik.pl\\\/blog\\\/#organization\",\"name\":\"blog Skalnik\",\"description\":\"Blog, porady, artyku\\u0142y - blog Skalnik\",\"url\":\"https:\\\/\\\/www.skalnik.pl\\\/blog\\\/\"},{\"@type\":\"Person\",\"@id\":\"https:\\\/\\\/www.skalnik.pl\\\/blog\\\/author\\\/redakcja-skalnik-pl\\\/#author\",\"url\":\"https:\\\/\\\/www.skalnik.pl\\\/blog\\\/author\\\/redakcja-skalnik-pl\\\/\",\"name\":\"Redakcja skalnik.pl\",\"image\":{\"@type\":\"ImageObject\",\"@id\":\"https:\\\/\\\/www.skalnik.pl\\\/blog\\\/deuter-nie-tylko-plecaki\\\/#authorImage\",\"url\":\"https:\\\/\\\/secure.gravatar.com\\\/avatar\\\/7eab29b048aaf0899cd9a145e9adb814e2130ced31e65b454b902500bea65f9e?s=96&d=mm&r=g\",\"width\":96,\"height\":96,\"caption\":\"Redakcja skalnik.pl\"}},{\"@type\":\"WebPage\",\"@id\":\"https:\\\/\\\/www.skalnik.pl\\\/blog\\\/deuter-nie-tylko-plecaki\\\/#webpage\",\"url\":\"https:\\\/\\\/www.skalnik.pl\\\/blog\\\/deuter-nie-tylko-plecaki\\\/\",\"name\":\"Deuter \\u2013 nie tylko plecaki - blog Skalnik\",\"description\":\"Plecaki Deuter s\\u0105 znane na ca\\u0142ym \\u015bwiecie. To jednak nie jedyny sprz\\u0119t projektowany przez t\\u0119 mark\\u0119. Czym wyr\\u00f3\\u017cnia si\\u0119 kosmetyczka czy noside\\u0142ko Deuter?\",\"inLanguage\":\"pl-PL\",\"isPartOf\":{\"@id\":\"https:\\\/\\\/www.skalnik.pl\\\/blog\\\/#website\"},\"breadcrumb\":{\"@id\":\"https:\\\/\\\/www.skalnik.pl\\\/blog\\\/deuter-nie-tylko-plecaki\\\/#breadcrumblist\"},\"author\":{\"@id\":\"https:\\\/\\\/www.skalnik.pl\\\/blog\\\/author\\\/redakcja-skalnik-pl\\\/#author\"},\"creator\":{\"@id\":\"https:\\\/\\\/www.skalnik.pl\\\/blog\\\/author\\\/redakcja-skalnik-pl\\\/#author\"},\"image\":{\"@type\":\"ImageObject\",\"url\":\"https:\\\/\\\/www.skalnik.pl\\\/blog\\\/wp-content\\\/uploads\\\/2020\\\/02\\\/Deuter-\\u015bpiwory.jpg\",\"@id\":\"https:\\\/\\\/www.skalnik.pl\\\/blog\\\/deuter-nie-tylko-plecaki\\\/#mainImage\",\"width\":1920,\"height\":705,\"caption\":\"\\u015apiwory Deuter\"},\"primaryImageOfPage\":{\"@id\":\"https:\\\/\\\/www.skalnik.pl\\\/blog\\\/deuter-nie-tylko-plecaki\\\/#mainImage\"},\"datePublished\":\"2020-02-21T11:18:11+02:00\",\"dateModified\":\"2020-03-13T09:23:47+02:00\"},{\"@type\":\"WebSite\",\"@id\":\"https:\\\/\\\/www.skalnik.pl\\\/blog\\\/#website\",\"url\":\"https:\\\/\\\/www.skalnik.pl\\\/blog\\\/\",\"name\":\"blog Skalnik\",\"description\":\"Blog, porady, artyku\\u0142y - blog Skalnik\",\"inLanguage\":\"pl-PL\",\"publisher\":{\"@id\":\"https:\\\/\\\/www.skalnik.pl\\\/blog\\\/#organization\"}}]}\n\t\t<\/script>\n\t\t<!-- All in One SEO -->\n\n","aioseo_head_json":{"title":"Deuter \u2013 nie tylko plecaki - blog Skalnik","description":"Plecaki Deuter s\u0105 znane na ca\u0142ym \u015bwiecie. To jednak nie jedyny sprz\u0119t projektowany przez t\u0119 mark\u0119. Czym wyr\u00f3\u017cnia si\u0119 kosmetyczka czy noside\u0142ko Deuter?","canonical_url":"https:\/\/www.skalnik.pl\/blog\/deuter-nie-tylko-plecaki\/","robots":"max-image-preview:large","keywords":"","webmasterTools":{"miscellaneous":""},"schema":{"@context":"https:\/\/schema.org","@graph":[{"@type":"BlogPosting","@id":"https:\/\/www.skalnik.pl\/blog\/deuter-nie-tylko-plecaki\/#blogposting","name":"Deuter \u2013 nie tylko plecaki - blog Skalnik","headline":"Deuter \u2013 nie tylko plecaki","author":{"@id":"https:\/\/www.skalnik.pl\/blog\/author\/redakcja-skalnik-pl\/#author"},"publisher":{"@id":"https:\/\/www.skalnik.pl\/blog\/#organization"},"image":{"@type":"ImageObject","url":"https:\/\/www.skalnik.pl\/blog\/wp-content\/uploads\/2020\/02\/Deuter-\u015bpiwory.jpg","width":1920,"height":705,"caption":"\u015apiwory Deuter"},"datePublished":"2020-02-21T11:18:11+02:00","dateModified":"2020-03-13T09:23:47+02:00","inLanguage":"pl-PL","mainEntityOfPage":{"@id":"https:\/\/www.skalnik.pl\/blog\/deuter-nie-tylko-plecaki\/#webpage"},"isPartOf":{"@id":"https:\/\/www.skalnik.pl\/blog\/deuter-nie-tylko-plecaki\/#webpage"},"articleSection":"Bran\u017ca, akcesoria turystyczne, deuter, dziecko w g\u00f3rach, \u015bpiwory"},{"@type":"BreadcrumbList","@id":"https:\/\/www.skalnik.pl\/blog\/deuter-nie-tylko-plecaki\/#breadcrumblist","itemListElement":[{"@type":"ListItem","@id":"https:\/\/www.skalnik.pl\/blog#listItem","position":1,"name":"Home","item":"https:\/\/www.skalnik.pl\/blog","nextItem":{"@type":"ListItem","@id":"https:\/\/www.skalnik.pl\/blog\/.\/branza\/#listItem","name":"Bran\u017ca"}},{"@type":"ListItem","@id":"https:\/\/www.skalnik.pl\/blog\/.\/branza\/#listItem","position":2,"name":"Bran\u017ca","item":"https:\/\/www.skalnik.pl\/blog\/.\/branza\/","nextItem":{"@type":"ListItem","@id":"https:\/\/www.skalnik.pl\/blog\/deuter-nie-tylko-plecaki\/#listItem","name":"Deuter \u2013 nie tylko plecaki"},"previousItem":{"@type":"ListItem","@id":"https:\/\/www.skalnik.pl\/blog#listItem","name":"Home"}},{"@type":"ListItem","@id":"https:\/\/www.skalnik.pl\/blog\/deuter-nie-tylko-plecaki\/#listItem","position":3,"name":"Deuter \u2013 nie tylko plecaki","previousItem":{"@type":"ListItem","@id":"https:\/\/www.skalnik.pl\/blog\/.\/branza\/#listItem","name":"Bran\u017ca"}}]},{"@type":"Organization","@id":"https:\/\/www.skalnik.pl\/blog\/#organization","name":"blog Skalnik","description":"Blog, porady, artyku\u0142y - blog Skalnik","url":"https:\/\/www.skalnik.pl\/blog\/"},{"@type":"Person","@id":"https:\/\/www.skalnik.pl\/blog\/author\/redakcja-skalnik-pl\/#author","url":"https:\/\/www.skalnik.pl\/blog\/author\/redakcja-skalnik-pl\/","name":"Redakcja skalnik.pl","image":{"@type":"ImageObject","@id":"https:\/\/www.skalnik.pl\/blog\/deuter-nie-tylko-plecaki\/#authorImage","url":"https:\/\/secure.gravatar.com\/avatar\/7eab29b048aaf0899cd9a145e9adb814e2130ced31e65b454b902500bea65f9e?s=96&d=mm&r=g","width":96,"height":96,"caption":"Redakcja skalnik.pl"}},{"@type":"WebPage","@id":"https:\/\/www.skalnik.pl\/blog\/deuter-nie-tylko-plecaki\/#webpage","url":"https:\/\/www.skalnik.pl\/blog\/deuter-nie-tylko-plecaki\/","name":"Deuter \u2013 nie tylko plecaki - blog Skalnik","description":"Plecaki Deuter s\u0105 znane na ca\u0142ym \u015bwiecie. To jednak nie jedyny sprz\u0119t projektowany przez t\u0119 mark\u0119. Czym wyr\u00f3\u017cnia si\u0119 kosmetyczka czy noside\u0142ko Deuter?","inLanguage":"pl-PL","isPartOf":{"@id":"https:\/\/www.skalnik.pl\/blog\/#website"},"breadcrumb":{"@id":"https:\/\/www.skalnik.pl\/blog\/deuter-nie-tylko-plecaki\/#breadcrumblist"},"author":{"@id":"https:\/\/www.skalnik.pl\/blog\/author\/redakcja-skalnik-pl\/#author"},"creator":{"@id":"https:\/\/www.skalnik.pl\/blog\/author\/redakcja-skalnik-pl\/#author"},"image":{"@type":"ImageObject","url":"https:\/\/www.skalnik.pl\/blog\/wp-content\/uploads\/2020\/02\/Deuter-\u015bpiwory.jpg","@id":"https:\/\/www.skalnik.pl\/blog\/deuter-nie-tylko-plecaki\/#mainImage","width":1920,"height":705,"caption":"\u015apiwory Deuter"},"primaryImageOfPage":{"@id":"https:\/\/www.skalnik.pl\/blog\/deuter-nie-tylko-plecaki\/#mainImage"},"datePublished":"2020-02-21T11:18:11+02:00","dateModified":"2020-03-13T09:23:47+02:00"},{"@type":"WebSite","@id":"https:\/\/www.skalnik.pl\/blog\/#website","url":"https:\/\/www.skalnik.pl\/blog\/","name":"blog Skalnik","description":"Blog, porady, artyku\u0142y - blog Skalnik","inLanguage":"pl-PL","publisher":{"@id":"https:\/\/www.skalnik.pl\/blog\/#organization"}}]},"og:locale":"pl_PL","og:site_name":"blog Skalnik - Blog, porady, artyku\u0142y - blog Skalnik","og:type":"article","og:title":"Deuter \u2013 nie tylko plecaki - blog Skalnik","og:description":"Plecaki Deuter s\u0105 znane na ca\u0142ym \u015bwiecie. To jednak nie jedyny sprz\u0119t projektowany przez t\u0119 mark\u0119. Czym wyr\u00f3\u017cnia si\u0119 kosmetyczka czy noside\u0142ko Deuter?","og:url":"https:\/\/www.skalnik.pl\/blog\/deuter-nie-tylko-plecaki\/","og:image":"https:\/\/skalnik.pl\/blog\/wp-content\/uploads\/2020\/02\/Deuter-noside\u0142ko-turystyczne.jpg","og:image:secure_url":"https:\/\/skalnik.pl\/blog\/wp-content\/uploads\/2020\/02\/Deuter-noside\u0142ko-turystyczne.jpg","article:tag":["bran\u017ca","akcesoria turystyczne","deuter","dziecko w g\u00f3rach","\u015bpiwory"],"article:published_time":"2020-02-21T10:18:11+00:00","article:modified_time":"2020-03-13T08:23:47+00:00","twitter:card":"summary_large_image","twitter:title":"Deuter \u2013 nie tylko plecaki - blog Skalnik","twitter:description":"Plecaki Deuter s\u0105 znane na ca\u0142ym \u015bwiecie. To jednak nie jedyny sprz\u0119t projektowany przez t\u0119 mark\u0119. Czym wyr\u00f3\u017cnia si\u0119 kosmetyczka czy noside\u0142ko Deuter?","twitter:image":"https:\/\/skalnik.pl\/blog\/wp-content\/uploads\/2020\/02\/Deuter-noside\u0142ko-turystyczne.jpg"},"aioseo_meta_data":{"post_id":"11591","title":null,"description":"Plecaki Deuter s\u0105 znane na ca\u0142ym \u015bwiecie. To jednak nie jedyny sprz\u0119t projektowany przez t\u0119 mark\u0119. Czym wyr\u00f3\u017cnia si\u0119 kosmetyczka czy noside\u0142ko Deuter?","keywords":[{"label":"Deuter","value":"Deuter"},{"label":"noside\u0142ko Deuter","value":"noside\u0142ko Deuter"},{"label":"kosmetyczka Deuter","value":"kosmetyczka Deuter"},{"label":"portfel Deuter","value":"portfel Deuter"},{"label":"saszetka Deuter","value":"saszetka Deuter"},{"label":"\u015bpiw\u00f3r Deuter","value":"\u015bpiw\u00f3r Deuter"}],"keyphrases":null,"primary_term":null,"canonical_url":null,"og_title":null,"og_description":null,"og_object_type":"default","og_image_type":"default","og_image_url":null,"og_image_width":null,"og_image_height":null,"og_image_custom_url":null,"og_image_custom_fields":null,"og_video":null,"og_custom_url":null,"og_article_section":null,"og_article_tags":null,"twitter_use_og":false,"twitter_card":"default","twitter_image_type":"default","twitter_image_url":null,"twitter_image_custom_url":null,"twitter_image_custom_fields":null,"twitter_title":null,"twitter_description":null,"schema":{"blockGraphs":[],"customGraphs":[],"default":{"data":{"Article":[],"Course":[],"Dataset":[],"FAQPage":[],"Movie":[],"Person":[],"Product":[],"ProductReview":[],"Car":[],"Recipe":[],"Service":[],"SoftwareApplication":[],"WebPage":[]},"graphName":"BlogPosting","isEnabled":true},"graphs":[]},"schema_type":"default","schema_type_options":null,"pillar_content":false,"robots_default":true,"robots_noindex":false,"robots_noarchive":false,"robots_nosnippet":false,"robots_nofollow":false,"robots_noimageindex":false,"robots_noodp":false,"robots_notranslate":false,"robots_max_snippet":null,"robots_max_videopreview":null,"robots_max_imagepreview":"large","priority":null,"frequency":null,"local_seo":null,"breadcrumb_settings":null,"limit_modified_date":false,"ai":null,"created":"2022-08-26 10:14:53","updated":"2026-02-17 21:48:27","seo_analyzer_scan_date":null},"aioseo_breadcrumb":"<div class=\"aioseo-breadcrumbs\"><span class=\"aioseo-breadcrumb\">\n\t\t\t<a href=\"https:\/\/www.skalnik.pl\/blog\" title=\"Home\">Home<\/a>\n\t\t<\/span><span class=\"aioseo-breadcrumb-separator\">&raquo;<\/span><span class=\"aioseo-breadcrumb\">\n\t\t\t<a href=\"https:\/\/www.skalnik.pl\/blog\/.\/branza\/\" title=\"Bran\u017ca\">Bran\u017ca<\/a>\n\t\t<\/span><span class=\"aioseo-breadcrumb-separator\">&raquo;<\/span><span class=\"aioseo-breadcrumb\">\n\t\t\tDeuter \u2013 nie tylko plecaki\n\t\t<\/span><\/div>","aioseo_breadcrumb_json":[{"label":"Home","link":"https:\/\/www.skalnik.pl\/blog"},{"label":"Bran\u017ca","link":"https:\/\/www.skalnik.pl\/blog\/.\/branza\/"},{"label":"Deuter \u2013 nie tylko plecaki","link":"https:\/\/www.skalnik.pl\/blog\/deuter-nie-tylko-plecaki\/"}],"_links":{"self":[{"href":"https:\/\/www.skalnik.pl\/blog\/wp-json\/wp\/v2\/posts\/11591","targetHints":{"allow":["GET"]}}],"collection":[{"href":"https:\/\/www.skalnik.pl\/blog\/wp-json\/wp\/v2\/posts"}],"about":[{"href":"https:\/\/www.skalnik.pl\/blog\/wp-json\/wp\/v2\/types\/post"}],"author":[{"embeddable":true,"href":"https:\/\/www.skalnik.pl\/blog\/wp-json\/wp\/v2\/users\/7"}],"replies":[{"embeddable":true,"href":"https:\/\/www.skalnik.pl\/blog\/wp-json\/wp\/v2\/comments?post=11591"}],"version-history":[{"count":9,"href":"https:\/\/www.skalnik.pl\/blog\/wp-json\/wp\/v2\/posts\/11591\/revisions"}],"predecessor-version":[{"id":11635,"href":"https:\/\/www.skalnik.pl\/blog\/wp-json\/wp\/v2\/posts\/11591\/revisions\/11635"}],"wp:featuredmedia":[{"embeddable":true,"href":"https:\/\/www.skalnik.pl\/blog\/wp-json\/wp\/v2\/media\/11598"}],"wp:attachment":[{"href":"https:\/\/www.skalnik.pl\/blog\/wp-json\/wp\/v2\/media?parent=11591"}],"wp:term":[{"taxonomy":"category","embeddable":true,"href":"https:\/\/www.skalnik.pl\/blog\/wp-json\/wp\/v2\/categories?post=11591"},{"taxonomy":"post_tag","embeddable":true,"href":"https:\/\/www.skalnik.pl\/blog\/wp-json\/wp\/v2\/tags?post=11591"},{"taxonomy":"magento_category","embeddable":true,"href":"https:\/\/www.skalnik.pl\/blog\/wp-json\/wp\/v2\/magento_category?post=11591"},{"taxonomy":"magento_product","embeddable":true,"href":"https:\/\/www.skalnik.pl\/blog\/wp-json\/wp\/v2\/magento_product?post=11591"}],"curies":[{"name":"wp","href":"https:\/\/api.w.org\/{rel}","templated":true}]}}