{"id":11765,"date":"2020-03-03T10:16:05","date_gmt":"2020-03-03T09:16:05","guid":{"rendered":"https:\/\/skalnik.pl\/blog\/?p=11765"},"modified":"2020-03-03T10:16:06","modified_gmt":"2020-03-03T09:16:06","slug":"plecaki-the-north-face-przeglad-modeli","status":"publish","type":"post","link":"https:\/\/www.skalnik.pl\/blog\/plecaki-the-north-face-przeglad-modeli\/","title":{"rendered":"Plecaki The North Face \u2013 przegl\u0105d modeli"},"content":{"rendered":"\n<p><strong>Plecak North Face Ruthsac zrewolucjonizowa\u0142 pod\nkoniec lat 60. outdoorowy rynek. Od tego momentu projektowane przez North Face\nplecaki ciesz\u0105 si\u0119 nies\u0142abn\u0105c\u0105 popularno\u015bci\u0105 w\u015br\u00f3d turyst\u00f3w. Kt\u00f3ry model plecaka\nwarto wybra\u0107?<\/strong><\/p>\n\n\n\n<p>Plecak przydaje si\u0119 nie\ntylko w g\u00f3rach. Jest te\u017c dobrym rozwi\u0105zaniem cho\u0107by wtedy, kiedy czeka ci\u0119 ca\u0142y\ndzie\u0144 za\u0142atwiania r\u00f3\u017cnych spraw w miejskiej d\u017cungli. W\u0142a\u015bnie dlatego firma The\nNorth Face \u2013 \u015bwiatowy lider na rynku produkt\u00f3w outdoorowych \u2013 ma w swojej\nofercie zar\u00f3wno plecaki trekkingowe, jak i miejskie.<\/p>\n\n\n\n<div class=\"wp-block-image\"><figure class=\"aligncenter size-large\"><img loading=\"lazy\" decoding=\"async\" width=\"1024\" height=\"683\" src=\"https:\/\/skalnik.pl\/blog\/wp-content\/uploads\/2020\/02\/Plecak-The-North-Face.jpg\" alt=\"Plecak The North Face\" class=\"wp-image-11770\" srcset=\"https:\/\/www.skalnik.pl\/blog\/wp-content\/uploads\/2020\/02\/Plecak-The-North-Face.jpg 1024w, https:\/\/www.skalnik.pl\/blog\/wp-content\/uploads\/2020\/02\/Plecak-The-North-Face-300x200.jpg 300w, https:\/\/www.skalnik.pl\/blog\/wp-content\/uploads\/2020\/02\/Plecak-The-North-Face-768x512.jpg 768w\" sizes=\"auto, (max-width: 1024px) 100vw, 1024px\" \/><figcaption><em>Plecak North Face sprawdzi si\u0119 zar\u00f3wno w miejskiej d\u017cungli, jak i na \u0142onie natury (fot. The North Face)<\/em><\/figcaption><\/figure><\/div>\n\n\n\n<div id=\"ez-toc-container\" class=\"ez-toc-v2_0_85 counter-hierarchy ez-toc-counter ez-toc-light-blue ez-toc-container-direction\">\n<div class=\"ez-toc-title-container\">\n<p class=\"ez-toc-title\" style=\"cursor:inherit\">SPIS TRE\u015aCI <\/p>\n<span class=\"ez-toc-title-toggle\"><a href=\"#\" class=\"ez-toc-pull-right ez-toc-btn ez-toc-btn-xs ez-toc-btn-default ez-toc-toggle\" aria-label=\"Prze\u0142\u0105cznik Spisu Tre\u015bci\"><span class=\"ez-toc-js-icon-con\"><span class=\"\"><span class=\"eztoc-hide\" style=\"display:none;\">Toggle<\/span><span class=\"ez-toc-icon-toggle-span\"><svg style=\"fill: #999;color:#999\" xmlns=\"http:\/\/www.w3.org\/2000\/svg\" class=\"list-377408\" width=\"20px\" height=\"20px\" viewBox=\"0 0 24 24\" fill=\"none\"><path d=\"M6 6H4v2h2V6zm14 0H8v2h12V6zM4 11h2v2H4v-2zm16 0H8v2h12v-2zM4 16h2v2H4v-2zm16 0H8v2h12v-2z\" fill=\"currentColor\"><\/path><\/svg><svg style=\"fill: #999;color:#999\" class=\"arrow-unsorted-368013\" xmlns=\"http:\/\/www.w3.org\/2000\/svg\" width=\"10px\" height=\"10px\" viewBox=\"0 0 24 24\" version=\"1.2\" baseProfile=\"tiny\"><path d=\"M18.2 9.3l-6.2-6.3-6.2 6.3c-.2.2-.3.4-.3.7s.1.5.3.7c.2.2.4.3.7.3h11c.3 0 .5-.1.7-.3.2-.2.3-.5.3-.7s-.1-.5-.3-.7zM5.8 14.7l6.2 6.3 6.2-6.3c.2-.2.3-.5.3-.7s-.1-.5-.3-.7c-.2-.2-.4-.3-.7-.3h-11c-.3 0-.5.1-.7.3-.2.2-.3.5-.3.7s.1.5.3.7z\"\/><\/svg><\/span><\/span><\/span><\/a><\/span><\/div>\n<nav><ul class='ez-toc-list ez-toc-list-level-1 ' ><li class='ez-toc-page-1 ez-toc-heading-level-2'><a class=\"ez-toc-link ez-toc-heading-1\" href=\"https:\/\/www.skalnik.pl\/blog\/plecaki-the-north-face-przeglad-modeli\/#The_North_Face_%E2%80%93_z_plecakami_od_samego_poczatku\" >The North Face \u2013 z plecakami od samego pocz\u0105tku<\/a><\/li><li class='ez-toc-page-1 ez-toc-heading-level-2'><a class=\"ez-toc-link ez-toc-heading-2\" href=\"https:\/\/www.skalnik.pl\/blog\/plecaki-the-north-face-przeglad-modeli\/#Plecaki_The_North_Face_do_miejskiej_dzungli\" >Plecaki The North Face\ndo miejskiej d\u017cungli<\/a><ul class='ez-toc-list-level-3' ><li class='ez-toc-heading-level-3'><a class=\"ez-toc-link ez-toc-heading-3\" href=\"https:\/\/www.skalnik.pl\/blog\/plecaki-the-north-face-przeglad-modeli\/#1_Plecak_The_North_Face_Vault_%E2%80%93_na_kazdy_dzien_w_miescie\" >1. Plecak The North Face Vault &#8211;&nbsp; na ka\u017cdy dzie\u0144 w mie\u015bcie<\/a><\/li><li class='ez-toc-page-1 ez-toc-heading-level-3'><a class=\"ez-toc-link ez-toc-heading-4\" href=\"https:\/\/www.skalnik.pl\/blog\/plecaki-the-north-face-przeglad-modeli\/#2_The_North_Face_Jester_%E2%80%93_na_calodzienny_wypad\" >2. The North Face Jester \u2013 na ca\u0142odzienny\nwypad<\/a><\/li><li class='ez-toc-page-1 ez-toc-heading-level-3'><a class=\"ez-toc-link ez-toc-heading-5\" href=\"https:\/\/www.skalnik.pl\/blog\/plecaki-the-north-face-przeglad-modeli\/#3_The_North_Face_Borealis_%E2%80%93_na_co_dzien_i_na_weekend\" >3. The North Face Borealis \u2013 na co dzie\u0144\ni na weekend<\/a><\/li><\/ul><\/li><li class='ez-toc-page-1 ez-toc-heading-level-2'><a class=\"ez-toc-link ez-toc-heading-6\" href=\"https:\/\/www.skalnik.pl\/blog\/plecaki-the-north-face-przeglad-modeli\/#Sygnowany_logiem_North_Face_plecak_w_gory_sprawdzi_sie_na_kazdym_szlaku\" >Sygnowany logiem North\nFace plecak w g\u00f3ry sprawdzi si\u0119 na ka\u017cdym szlaku<\/a><\/li><\/ul><\/nav><\/div>\n<h2 class=\"wp-block-heading\"><span class=\"ez-toc-section\" id=\"The_North_Face_%E2%80%93_z_plecakami_od_samego_poczatku\"><\/span>The North Face \u2013 z plecakami od samego pocz\u0105tku<span class=\"ez-toc-section-end\"><\/span><\/h2>\n\n\n\n<p>Plecak The North Face Ruthsac by\u0142 pierwszym produktem firmy, kt\u00f3ry zyska\u0142 miano prze\u0142omowego. Wypuszczony na rynek w 1969 r. wyr\u00f3\u017cnia\u0142 si\u0119 nisk\u0105 wag\u0105 oraz licznymi kieszonkami na zamek. Dzi\u015b takie cechy posiada praktycznie ka\u017cdy <a rel=\"noreferrer noopener\" aria-label=\"plecak turystyczny (otwiera si\u0119 na nowej zak\u0142adce)\" href=\"https:\/\/skalnik.pl\/sprzet-turystyczny\/plecaki\/plecaki-turystyczne\" target=\"_blank\">plecak turystyczny<\/a>, ale w latach 60. wiele z rzeczy, kt\u00f3re dzi\u015b uznaje si\u0119 za oczywiste, wci\u0105\u017c czeka\u0142o na odkrycie.<\/p>\n\n\n\n<p>Obecnie plecaki tej\nameryka\u0144skiej firmy ciesz\u0105 si\u0119 opini\u0105 funkcjonalnego, dopracowanego oraz\nwytrzyma\u0142ego sprz\u0119tu. W r\u00f3\u017cnorodnym asortymencie marki ka\u017cdy mo\u017ce znale\u017a\u0107 taki zaprojektowany\nprzez The North Face plecak, kt\u00f3ry b\u0119dzie najlepiej odpowiada\u0142 jego potrzebom.<\/p>\n\n\n\n<p>North Face, podobnie jak\nwiele innych outdoorowych firm, ch\u0119tnie korzysta z nowoczesnych rozwi\u0105za\u0144,\nkt\u00f3re pomagaj\u0105 g\u00f3rskim pasjonatom zdobywa\u0107 swoje upragnione cele. Nazwy\nstosowanych technologii potrafi\u0105 by\u0107 jednak ci\u0119\u017ckie do zrozumienia i mog\u0105\nniekiedy sprawia\u0107 wra\u017cenie czysto marketingowej gadaniny. Poni\u017cej wymieniam\nwi\u0119c najwa\u017cniejsze systemy stosowane w plecakach North Face i t\u0142umacz\u0119, jakie\njest w\u0142a\u015bciwie ich zadanie.<\/p>\n\n\n\n<p>Wybieraj\u0105c zaprojektowany\nprzez North Face plecak, spotkasz si\u0119 najprawdopodobniej z nast\u0119puj\u0105cymi\nokre\u015bleniami:<\/p>\n\n\n\n<ul class=\"wp-block-list\"><li>system regulacyjny OPTIFIT \u2013 pozwala dopasowa\u0107 plecak do twojego wzrostu<\/li><li>system no\u015bny FlexVent \u2013 stosowany w miejskich plecakach marki The North Face. System opiera si\u0119 na pasach ramiennych wykonanych z formowanej pod ci\u015bnieniem pianki. Szelki spoczywaj\u0105 wygodnie na barkach, odci\u0105\u017caj\u0105c twoje obojczyki. <\/li><li>system no\u015bny Dyno Lift System \u2013 taki system posiada plecak The North Face projektowany z my\u015bl\u0105 o g\u00f3rskich wyprawach. Innowacyjny system no\u015bny dba o optymalne roz\u0142o\u017cenie ci\u0119\u017caru mi\u0119dzy ramiona i biodra. <\/li><\/ul>\n\n\n\n<div class=\"wp-block-image\"><figure class=\"aligncenter size-large\"><img loading=\"lazy\" decoding=\"async\" width=\"1024\" height=\"683\" src=\"https:\/\/skalnik.pl\/blog\/wp-content\/uploads\/2020\/02\/Plecak-The-North-Face-z-pokrowcem.jpg\" alt=\"Plecak North Face z pokrowcem\" class=\"wp-image-11772\" srcset=\"https:\/\/www.skalnik.pl\/blog\/wp-content\/uploads\/2020\/02\/Plecak-The-North-Face-z-pokrowcem.jpg 1024w, https:\/\/www.skalnik.pl\/blog\/wp-content\/uploads\/2020\/02\/Plecak-The-North-Face-z-pokrowcem-300x200.jpg 300w, https:\/\/www.skalnik.pl\/blog\/wp-content\/uploads\/2020\/02\/Plecak-The-North-Face-z-pokrowcem-768x512.jpg 768w\" sizes=\"auto, (max-width: 1024px) 100vw, 1024px\" \/><figcaption><em>Plecaki The North Face nie boj\u0105 si\u0119 \u017cadnego wyzwania (fot. The North Face)<\/em><\/figcaption><\/figure><\/div>\n\n\n\n<h2 class=\"wp-block-heading\"><span class=\"ez-toc-section\" id=\"Plecaki_The_North_Face_do_miejskiej_dzungli\"><\/span>Plecaki The North Face\ndo miejskiej d\u017cungli<span class=\"ez-toc-section-end\"><\/span><\/h2>\n\n\n\n<p>Plecak North Face przeznaczony do codziennego u\u017cywania w mie\u015bcie \u0142\u0105czy ergonomiczn\u0105 konstrukcj\u0119 ze \u015bwietnym designem. Tw\u00f3j kr\u0119gos\u0142up na pewno podzi\u0119kuje, kiedy zmienisz du\u017c\u0105 torb\u0119 na wygodny plecak, a dzi\u0119ki licznym kieszeniom i komorom ju\u017c nigdy nie b\u0119dziesz poszukiwa\u0107 nerwowo kluczy. <a href=\"https:\/\/skalnik.pl\/the-north-face\" target=\"_blank\" rel=\"noreferrer noopener\" aria-label=\"The North Face (otwiera si\u0119 na nowej zak\u0142adce)\">The North Face<\/a> dba te\u017c o wyb\u00f3r odpowiednich, wytrzyma\u0142ych materia\u0142\u00f3w, wiedz\u0105c, \u017ce plecaki miejskie tak\u017ce musz\u0105 stawi\u0107 czo\u0142a licznym wyzwaniom.<\/p>\n\n\n\n<h3 class=\"wp-block-heading\"><span class=\"ez-toc-section\" id=\"1_Plecak_The_North_Face_Vault_%E2%80%93_na_kazdy_dzien_w_miescie\"><\/span>1. Plecak The North Face Vault &#8211;&nbsp; na ka\u017cdy dzie\u0144 w mie\u015bcie<span class=\"ez-toc-section-end\"><\/span><\/h3>\n\n\n\n<p>Plecak North Face Vault to\nsztandarowy plecak miejski ameryka\u0144skiej firmy. Pojemno\u015b\u0107 26 l pozwala zapakowa\u0107\nwszystko, czego potrzebujesz na ca\u0142y dzie\u0144 biegania po mie\u015bcie. Anatomicznie\nskrojone szelki oraz panel tylny wy\u0142o\u017cony mi\u0119kk\u0105 piank\u0105 zadbaj\u0105 o twoje plecy.\nDzi\u0119ki materia\u0142om odpornym na rozdarcie oraz niezawodnym zamkom YKK nie musisz si\u0119\nnatomiast obawia\u0107, \u017ce po kilku miesi\u0105cach trzeba b\u0119dzie szuka\u0107 nowego plecaka.<\/p>\n\n\n\n<p>Zaprojektowany przez North\nFace plecak ma pojemn\u0105 komor\u0119 g\u0142\u00f3wn\u0105 oraz du\u017c\u0105 kiesze\u0144 frontow\u0105 z organizerem,\nkt\u00f3ry u\u0142atwi uporz\u0105dkowanie rzeczy. Je\u015bli mimo wszystko zabraknie ci miejsca,\nmo\u017cesz skorzysta\u0107 z pionowej ta\u015bmy umocowanej z przodu plecaka. Wygodnie\nprzytroczysz do niej na przyk\u0142ad kurtk\u0119. Ciekawym detalem jest odblaskowy\nuchwyt na lampk\u0119 rowerow\u0105.<\/p>\n\n\n\n<h3 class=\"wp-block-heading\"><span class=\"ez-toc-section\" id=\"2_The_North_Face_Jester_%E2%80%93_na_calodzienny_wypad\"><\/span>2. The North Face Jester \u2013 na ca\u0142odzienny\nwypad<span class=\"ez-toc-section-end\"><\/span><\/h3>\n\n\n\n<p>Plecak North Face Jester\njest odrobin\u0119 wi\u0119kszy od modelu Vault. To nadal przede wszystkim plecak\nmiejski, ale sprawdzi si\u0119 tak\u017ce w trakcie jednodniowego wypadu za miasto. Plecak\nposiada pojemn\u0105 komor\u0119 g\u0142\u00f3wn\u0105, mniejsz\u0105 kiesze\u0144 z organizerem oraz siateczkowe\nkieszenie boczne, do kt\u00f3rych mo\u017cesz schowa\u0107 na przyk\u0142ad butelk\u0119 z wod\u0105.<\/p>\n\n\n\n<p>Profilowane pasy ramienne\ndopasowuj\u0105 si\u0119 do cia\u0142a, a odpinany pas biodrowy pozwoli jeszcze wygodniej\nroz\u0142o\u017cy\u0107 ci\u0119\u017car, kiedy wypakujesz plecak po brzegi.<\/p>\n\n\n\n<h3 class=\"wp-block-heading\"><span class=\"ez-toc-section\" id=\"3_The_North_Face_Borealis_%E2%80%93_na_co_dzien_i_na_weekend\"><\/span>3. The North Face Borealis \u2013 na co dzie\u0144\ni na weekend<span class=\"ez-toc-section-end\"><\/span><\/h3>\n\n\n\n<p>Szukasz uniwersalnego\nplecaka, kt\u00f3ry nada si\u0119 zar\u00f3wno na chodzenie po mie\u015bcie, jak i na weekendowy\nwypad na \u0142ono natury? Plecak The North Face Borealis jest w\u0142a\u015bnie dla ciebie.\n\u0141\u0105czy on bowiem cechy plecaka turystycznego i miejskiego.<\/p>\n\n\n\n<div class=\"wp-block-image\"><figure class=\"aligncenter size-large\"><img loading=\"lazy\" decoding=\"async\" width=\"1024\" height=\"683\" src=\"https:\/\/skalnik.pl\/blog\/wp-content\/uploads\/2020\/02\/The-North-Face-Borealis.jpg\" alt=\"Plecak The North Face Borealis\" class=\"wp-image-11776\" srcset=\"https:\/\/www.skalnik.pl\/blog\/wp-content\/uploads\/2020\/02\/The-North-Face-Borealis.jpg 1024w, https:\/\/www.skalnik.pl\/blog\/wp-content\/uploads\/2020\/02\/The-North-Face-Borealis-300x200.jpg 300w, https:\/\/www.skalnik.pl\/blog\/wp-content\/uploads\/2020\/02\/The-North-Face-Borealis-768x512.jpg 768w\" sizes=\"auto, (max-width: 1024px) 100vw, 1024px\" \/><figcaption><em>The North Face Borealis to plecak na ka\u017cd\u0105 okazj\u0119 (fot. The North Face)<\/em><\/figcaption><\/figure><\/div>\n\n\n\n<p>The North Face Borealis\nwyposa\u017cono w komfortowy system no\u015bny oparty na anatomicznie wyprofilowanych\npasach ramiennych FlexVent oraz pasie biodrowym. Tylny panel posiada centralne\nwg\u0142\u0119bienie Spine Chanel, kt\u00f3re zwi\u0119ksza cyrkulacj\u0119 powietrza. North Face\nBorealis mo\u017cna tak\u017ce wyposa\u017cy\u0107 w system nawadniaj\u0105cy.<\/p>\n\n\n\n<p>Jednocze\u015bnie ten <a href=\"https:\/\/skalnik.pl\/sprzet-turystyczny\/plecaki\/the-north-face\" target=\"_blank\" rel=\"noreferrer noopener\" aria-label=\"plecak The North Face (otwiera si\u0119 na nowej zak\u0142adce)\">plecak The North Face<\/a> posiada kiesze\u0144 na laptopa oraz organizer, dzi\u0119ki kt\u00f3rym wszystkie twoje drobiazgi i dokumenty znajd\u0105 swoje miejsce. Stylowy wygl\u0105d gwarantuje tak\u017ce, \u017ce nikt nie oskar\u017cy ci\u0119 o zbyt lu\u017any stosunek do pracy, kiedy przyjdziesz z nim do firmy.<\/p>\n\n\n\n<p>Plecak The North Face\nBorealis ma pojemno\u015b\u0107 29 l,\nkt\u00f3ra spokojnie wystarczy, by zapakowa\u0107 wszystko, czego potrzebujesz na\nweekendowy wypad za miasto.<\/p>\n\n\n\n<p>Zaprojektowany przez The\nNorth Face plecak w wersji damskiej \u2013 Borealis Women &nbsp;&#8211; odpowiada na specyficzne potrzeby kobiecej\nsylwetki. Jest on dost\u0119pny w r\u00f3\u017cnorodnych kolorach, by ka\u017cda pasjonatka\naktywnego trybu \u017cycia mog\u0142a dopasowa\u0107 plecak do swoich upodoba\u0144.<\/p>\n\n\n\n<h2 class=\"wp-block-heading\"><span class=\"ez-toc-section\" id=\"Sygnowany_logiem_North_Face_plecak_w_gory_sprawdzi_sie_na_kazdym_szlaku\"><\/span>Sygnowany logiem North\nFace plecak w g\u00f3ry sprawdzi si\u0119 na ka\u017cdym szlaku<span class=\"ez-toc-section-end\"><\/span><\/h2>\n\n\n\n<p>Plecaki miejskie stanowi\u0105\ndla North Face do\u015b\u0107 wa\u017cn\u0105 kategori\u0119, ale serce oferty zawsze stanowi\u0105 plecaki\nprojektowane z my\u015bl\u0105 o d\u0142ugich trekkingach po g\u00f3rach. Sztandarowym modelem\nprzeznaczonym na wyprawy trekkingowe jest plecak North Face Terra.<\/p>\n\n\n\n<div class=\"wp-block-image\"><figure class=\"aligncenter size-large\"><img loading=\"lazy\" decoding=\"async\" width=\"1024\" height=\"470\" src=\"https:\/\/skalnik.pl\/blog\/wp-content\/uploads\/2020\/02\/Plecaki-The-North-Face-zima.jpg\" alt=\"Plecaki The North Face zim\u0105\" class=\"wp-image-11774\" srcset=\"https:\/\/www.skalnik.pl\/blog\/wp-content\/uploads\/2020\/02\/Plecaki-The-North-Face-zima.jpg 1024w, https:\/\/www.skalnik.pl\/blog\/wp-content\/uploads\/2020\/02\/Plecaki-The-North-Face-zima-300x138.jpg 300w, https:\/\/www.skalnik.pl\/blog\/wp-content\/uploads\/2020\/02\/Plecaki-The-North-Face-zima-768x353.jpg 768w\" sizes=\"auto, (max-width: 1024px) 100vw, 1024px\" \/><figcaption><em>Plecaki trekkingowe to serce oferty The North Face (fot. The North Face)<\/em><\/figcaption><\/figure><\/div>\n\n\n\n<p>Na wi\u0119kszo\u015b\u0107 wypraw\nwystarczy ci model The North Face Terra 55. Wyposa\u017cony jest on w opisywane\nwcze\u015bniej systemy Dyno Lift System oraz OPTIFIT. Z pewno\u015bci\u0105 docenisz je po\nwielu dniach w\u0119dr\u00f3wki z du\u017cym ci\u0119\u017carem. <\/p>\n\n\n\n<p>Plecak posiada liczne\nkieszenie oraz uchwyty, mi\u0119dzy innymi:<\/p>\n\n\n\n<ul class=\"wp-block-list\"><li>du\u017c\u0105 kiesze\u0144 stretch na froncie,<\/li><li>dwie zapinane kieszenie na pasie biodrowym,<\/li><li>uchwyty na kije trekkingowe lub czekan.  <\/li><\/ul>\n\n\n\n<p>Zaprojektowany przez The\nNorth Face plecak posiada tak\u017ce dodatkowy panel na zamek Full J-zip, dzi\u0119ki\nkt\u00f3remu do g\u0142\u00f3wnej komory dostaniesz si\u0119 nie tylko od g\u00f3ry. Plecak North Face\nTerra da ci wi\u0119c szybki dost\u0119p do ka\u017cdej rzeczy. Doceni to ka\u017cda osoba, kt\u00f3ra\ncho\u0107 raz wyjmowa\u0142a wszystko z plecaka, by dosta\u0107 si\u0119 do zagubionego na dnie\ndrobiazgu.<\/p>\n\n\n\n<p>Ten plecak The North Face wykonano\nz wytrzyma\u0142ego poliestru i nylonu. Dzielnie stawi\u0105 one czo\u0142a przeciwno\u015bciom\nczekaj\u0105cym na szlaku.<\/p>\n\n\n\n<p>Co wa\u017cne, The North Face\nTerra jest tak\u017ce dost\u0119pny w wersji damskiej.<\/p>\n\n\n\n<p>Je\u015bli obawiasz si\u0119, \u017ce 55 litr\u00f3w nie wystarczy\nci, by spakowa\u0107 wszystko, czego potrzebujesz, zwr\u00f3\u0107 uwag\u0119 na wi\u0119kszego brata\ntego plecaka: The North Face Terra 65. On tak\u017ce jest wyposa\u017cony w funkcjonalne\nsystemy OPTIFIT oraz Dyno Lift. Pasy kompresji pozwol\u0105 ci zmniejszy\u0107 wymiary\nwype\u0142nionego plecaka na czas transportu. Zaprojektowany przez North Face plecak\nturystyczny z serii Terra ma te\u017c oczywi\u015bcie mo\u017cliwo\u015b\u0107 zainstalowania buk\u0142aka z\nwod\u0105, dzi\u0119ki kt\u00f3remu mo\u017cna pi\u0107 bez zatrzymywania si\u0119.<\/p>\n\n\n\n<iframe loading=\"lazy\" src=\"https:\/\/www.youtube.com\/embed\/OHrI5xv3bUE\" allow=\"accelerometer; autoplay; encrypted-media; gyroscope; picture-in-picture\" allowfullscreen=\"\" width=\"800\" height=\"442\" frameborder=\"0\"><\/iframe>\n\n\n\n<p>Niezale\u017cnie od tego, czy\nruszasz na miasto czy na \u0142ono natury, przyda ci si\u0119 plecak, kt\u00f3ry roz\u0142o\u017cy\nwygodnie ca\u0142y ci\u0119\u017car. W ko\u0144cu kr\u0119gos\u0142up masz tylko jeden i warto o niego dba\u0107\nnie tylko wtedy, kiedy jeste\u015b w g\u00f3rach. Jeszcze dzi\u015b wybierz wi\u0119c taki plecak,\njakiego potrzebujesz: miejski, trekkingowy lub g\u00f3rsko-miejski The North Face\nBorealis i ruszaj na kolejn\u0105 przygod\u0119.<\/p>\n\n\n\n<p class=\"has-text-align-right\"><em>Katarzyna Butkiewicz<\/em><\/p>\n","protected":false},"excerpt":{"rendered":"<p>W ofercie The North Face znajdziesz zar\u00f3wno plecaki turystyczne, jak i miejskie. Kt\u00f3ry model warto wybra\u0107?<\/p>\n","protected":false},"author":7,"featured_media":11778,"comment_status":"open","ping_status":"open","sticky":false,"template":"","format":"standard","meta":{"_acf_changed":false,"footnotes":""},"categories":[5],"tags":[23,95,153,91],"magento_category":[242],"magento_product":[],"class_list":["post-11765","post","type-post","status-publish","format-standard","has-post-thumbnail","hentry","category-branza","tag-plecaki","tag-sprzet-turystyczny","tag-the-north-face","tag-trekking"],"acf":[],"aioseo_notices":[],"aioseo_head":"\n\t\t<!-- All in One SEO 4.9.10 - aioseo.com -->\n\t<meta name=\"description\" content=\"Plecaki The North Face s\u0105 bardzo r\u00f3\u017cnorodna. W ofercie znajdziesz modele turystyczne, miejskie, a nawet mieszane. Jaki plecak North Face warto wybra\u0107?\" \/>\n\t<meta name=\"robots\" content=\"max-image-preview:large\" \/>\n\t<meta name=\"author\" content=\"Redakcja skalnik.pl\"\/>\n\t<link rel=\"canonical\" href=\"https:\/\/www.skalnik.pl\/blog\/plecaki-the-north-face-przeglad-modeli\/\" \/>\n\t<meta name=\"generator\" content=\"All in One SEO (AIOSEO) 4.9.10\" \/>\n\t\t<meta property=\"og:locale\" content=\"pl_PL\" \/>\n\t\t<meta property=\"og:site_name\" content=\"blog Skalnik - Blog, porady, artyku\u0142y - blog Skalnik\" \/>\n\t\t<meta property=\"og:type\" content=\"article\" \/>\n\t\t<meta property=\"og:title\" content=\"Plecaki The North Face \u2013 przegl\u0105d modeli - blog Skalnik\" \/>\n\t\t<meta property=\"og:description\" content=\"Plecaki The North Face s\u0105 bardzo r\u00f3\u017cnorodna. W ofercie znajdziesz modele turystyczne, miejskie, a nawet mieszane. Jaki plecak North Face warto wybra\u0107?\" \/>\n\t\t<meta property=\"og:url\" content=\"https:\/\/www.skalnik.pl\/blog\/plecaki-the-north-face-przeglad-modeli\/\" \/>\n\t\t<meta property=\"og:image\" content=\"https:\/\/skalnik.pl\/blog\/wp-content\/uploads\/2020\/02\/Plecak-The-North-Face.jpg\" \/>\n\t\t<meta property=\"og:image:secure_url\" content=\"https:\/\/skalnik.pl\/blog\/wp-content\/uploads\/2020\/02\/Plecak-The-North-Face.jpg\" \/>\n\t\t<meta property=\"article:tag\" content=\"bran\u017ca\" \/>\n\t\t<meta property=\"article:tag\" content=\"plecaki\" \/>\n\t\t<meta property=\"article:tag\" content=\"sprz\u0119t turystyczny\" \/>\n\t\t<meta property=\"article:tag\" content=\"the north face\" \/>\n\t\t<meta property=\"article:tag\" content=\"trekking\" \/>\n\t\t<meta property=\"article:published_time\" content=\"2020-03-03T09:16:05+00:00\" \/>\n\t\t<meta property=\"article:modified_time\" content=\"2020-03-03T09:16:06+00:00\" \/>\n\t\t<meta name=\"twitter:card\" content=\"summary_large_image\" \/>\n\t\t<meta name=\"twitter:title\" content=\"Plecaki The North Face \u2013 przegl\u0105d modeli - blog Skalnik\" \/>\n\t\t<meta name=\"twitter:description\" content=\"Plecaki The North Face s\u0105 bardzo r\u00f3\u017cnorodna. W ofercie znajdziesz modele turystyczne, miejskie, a nawet mieszane. Jaki plecak North Face warto wybra\u0107?\" \/>\n\t\t<meta name=\"twitter:image\" content=\"https:\/\/skalnik.pl\/blog\/wp-content\/uploads\/2020\/02\/Plecak-The-North-Face.jpg\" \/>\n\t\t<script type=\"application\/ld+json\" class=\"aioseo-schema\">\n\t\t\t{\"@context\":\"https:\\\/\\\/schema.org\",\"@graph\":[{\"@type\":\"BlogPosting\",\"@id\":\"https:\\\/\\\/www.skalnik.pl\\\/blog\\\/plecaki-the-north-face-przeglad-modeli\\\/#blogposting\",\"name\":\"Plecaki The North Face \\u2013 przegl\\u0105d modeli - blog Skalnik\",\"headline\":\"Plecaki The North Face \\u2013 przegl\\u0105d modeli\",\"author\":{\"@id\":\"https:\\\/\\\/www.skalnik.pl\\\/blog\\\/author\\\/redakcja-skalnik-pl\\\/#author\"},\"publisher\":{\"@id\":\"https:\\\/\\\/www.skalnik.pl\\\/blog\\\/#organization\"},\"image\":{\"@type\":\"ImageObject\",\"url\":\"https:\\\/\\\/www.skalnik.pl\\\/blog\\\/wp-content\\\/uploads\\\/2020\\\/02\\\/The-North-Face-plecak.jpg\",\"width\":1920,\"height\":705,\"caption\":\"Plecak The North Face - trekking\"},\"datePublished\":\"2020-03-03T10:16:05+02:00\",\"dateModified\":\"2020-03-03T10:16:06+02:00\",\"inLanguage\":\"pl-PL\",\"mainEntityOfPage\":{\"@id\":\"https:\\\/\\\/www.skalnik.pl\\\/blog\\\/plecaki-the-north-face-przeglad-modeli\\\/#webpage\"},\"isPartOf\":{\"@id\":\"https:\\\/\\\/www.skalnik.pl\\\/blog\\\/plecaki-the-north-face-przeglad-modeli\\\/#webpage\"},\"articleSection\":\"Bran\\u017ca, plecaki, sprz\\u0119t turystyczny, the north face, trekking, 1201\"},{\"@type\":\"BreadcrumbList\",\"@id\":\"https:\\\/\\\/www.skalnik.pl\\\/blog\\\/plecaki-the-north-face-przeglad-modeli\\\/#breadcrumblist\",\"itemListElement\":[{\"@type\":\"ListItem\",\"@id\":\"https:\\\/\\\/www.skalnik.pl\\\/blog#listItem\",\"position\":1,\"name\":\"Home\",\"item\":\"https:\\\/\\\/www.skalnik.pl\\\/blog\",\"nextItem\":{\"@type\":\"ListItem\",\"@id\":\"https:\\\/\\\/www.skalnik.pl\\\/blog\\\/.\\\/branza\\\/#listItem\",\"name\":\"Bran\\u017ca\"}},{\"@type\":\"ListItem\",\"@id\":\"https:\\\/\\\/www.skalnik.pl\\\/blog\\\/.\\\/branza\\\/#listItem\",\"position\":2,\"name\":\"Bran\\u017ca\",\"item\":\"https:\\\/\\\/www.skalnik.pl\\\/blog\\\/.\\\/branza\\\/\",\"nextItem\":{\"@type\":\"ListItem\",\"@id\":\"https:\\\/\\\/www.skalnik.pl\\\/blog\\\/plecaki-the-north-face-przeglad-modeli\\\/#listItem\",\"name\":\"Plecaki The North Face \\u2013 przegl\\u0105d modeli\"},\"previousItem\":{\"@type\":\"ListItem\",\"@id\":\"https:\\\/\\\/www.skalnik.pl\\\/blog#listItem\",\"name\":\"Home\"}},{\"@type\":\"ListItem\",\"@id\":\"https:\\\/\\\/www.skalnik.pl\\\/blog\\\/plecaki-the-north-face-przeglad-modeli\\\/#listItem\",\"position\":3,\"name\":\"Plecaki The North Face \\u2013 przegl\\u0105d modeli\",\"previousItem\":{\"@type\":\"ListItem\",\"@id\":\"https:\\\/\\\/www.skalnik.pl\\\/blog\\\/.\\\/branza\\\/#listItem\",\"name\":\"Bran\\u017ca\"}}]},{\"@type\":\"Organization\",\"@id\":\"https:\\\/\\\/www.skalnik.pl\\\/blog\\\/#organization\",\"name\":\"blog Skalnik\",\"description\":\"Blog, porady, artyku\\u0142y - blog Skalnik\",\"url\":\"https:\\\/\\\/www.skalnik.pl\\\/blog\\\/\"},{\"@type\":\"Person\",\"@id\":\"https:\\\/\\\/www.skalnik.pl\\\/blog\\\/author\\\/redakcja-skalnik-pl\\\/#author\",\"url\":\"https:\\\/\\\/www.skalnik.pl\\\/blog\\\/author\\\/redakcja-skalnik-pl\\\/\",\"name\":\"Redakcja skalnik.pl\",\"image\":{\"@type\":\"ImageObject\",\"@id\":\"https:\\\/\\\/www.skalnik.pl\\\/blog\\\/plecaki-the-north-face-przeglad-modeli\\\/#authorImage\",\"url\":\"https:\\\/\\\/secure.gravatar.com\\\/avatar\\\/7eab29b048aaf0899cd9a145e9adb814e2130ced31e65b454b902500bea65f9e?s=96&d=mm&r=g\",\"width\":96,\"height\":96,\"caption\":\"Redakcja skalnik.pl\"}},{\"@type\":\"WebPage\",\"@id\":\"https:\\\/\\\/www.skalnik.pl\\\/blog\\\/plecaki-the-north-face-przeglad-modeli\\\/#webpage\",\"url\":\"https:\\\/\\\/www.skalnik.pl\\\/blog\\\/plecaki-the-north-face-przeglad-modeli\\\/\",\"name\":\"Plecaki The North Face \\u2013 przegl\\u0105d modeli - blog Skalnik\",\"description\":\"Plecaki The North Face s\\u0105 bardzo r\\u00f3\\u017cnorodna. W ofercie znajdziesz modele turystyczne, miejskie, a nawet mieszane. Jaki plecak North Face warto wybra\\u0107?\",\"inLanguage\":\"pl-PL\",\"isPartOf\":{\"@id\":\"https:\\\/\\\/www.skalnik.pl\\\/blog\\\/#website\"},\"breadcrumb\":{\"@id\":\"https:\\\/\\\/www.skalnik.pl\\\/blog\\\/plecaki-the-north-face-przeglad-modeli\\\/#breadcrumblist\"},\"author\":{\"@id\":\"https:\\\/\\\/www.skalnik.pl\\\/blog\\\/author\\\/redakcja-skalnik-pl\\\/#author\"},\"creator\":{\"@id\":\"https:\\\/\\\/www.skalnik.pl\\\/blog\\\/author\\\/redakcja-skalnik-pl\\\/#author\"},\"image\":{\"@type\":\"ImageObject\",\"url\":\"https:\\\/\\\/www.skalnik.pl\\\/blog\\\/wp-content\\\/uploads\\\/2020\\\/02\\\/The-North-Face-plecak.jpg\",\"@id\":\"https:\\\/\\\/www.skalnik.pl\\\/blog\\\/plecaki-the-north-face-przeglad-modeli\\\/#mainImage\",\"width\":1920,\"height\":705,\"caption\":\"Plecak The North Face - trekking\"},\"primaryImageOfPage\":{\"@id\":\"https:\\\/\\\/www.skalnik.pl\\\/blog\\\/plecaki-the-north-face-przeglad-modeli\\\/#mainImage\"},\"datePublished\":\"2020-03-03T10:16:05+02:00\",\"dateModified\":\"2020-03-03T10:16:06+02:00\"},{\"@type\":\"WebSite\",\"@id\":\"https:\\\/\\\/www.skalnik.pl\\\/blog\\\/#website\",\"url\":\"https:\\\/\\\/www.skalnik.pl\\\/blog\\\/\",\"name\":\"blog Skalnik\",\"description\":\"Blog, porady, artyku\\u0142y - blog Skalnik\",\"inLanguage\":\"pl-PL\",\"publisher\":{\"@id\":\"https:\\\/\\\/www.skalnik.pl\\\/blog\\\/#organization\"}}]}\n\t\t<\/script>\n\t\t<!-- All in One SEO -->\n\n","aioseo_head_json":{"title":"Plecaki The North Face \u2013 przegl\u0105d modeli - blog Skalnik","description":"Plecaki The North Face s\u0105 bardzo r\u00f3\u017cnorodna. W ofercie znajdziesz modele turystyczne, miejskie, a nawet mieszane. Jaki plecak North Face warto wybra\u0107?","canonical_url":"https:\/\/www.skalnik.pl\/blog\/plecaki-the-north-face-przeglad-modeli\/","robots":"max-image-preview:large","keywords":"","webmasterTools":{"miscellaneous":""},"schema":{"@context":"https:\/\/schema.org","@graph":[{"@type":"BlogPosting","@id":"https:\/\/www.skalnik.pl\/blog\/plecaki-the-north-face-przeglad-modeli\/#blogposting","name":"Plecaki The North Face \u2013 przegl\u0105d modeli - blog Skalnik","headline":"Plecaki The North Face \u2013 przegl\u0105d modeli","author":{"@id":"https:\/\/www.skalnik.pl\/blog\/author\/redakcja-skalnik-pl\/#author"},"publisher":{"@id":"https:\/\/www.skalnik.pl\/blog\/#organization"},"image":{"@type":"ImageObject","url":"https:\/\/www.skalnik.pl\/blog\/wp-content\/uploads\/2020\/02\/The-North-Face-plecak.jpg","width":1920,"height":705,"caption":"Plecak The North Face - trekking"},"datePublished":"2020-03-03T10:16:05+02:00","dateModified":"2020-03-03T10:16:06+02:00","inLanguage":"pl-PL","mainEntityOfPage":{"@id":"https:\/\/www.skalnik.pl\/blog\/plecaki-the-north-face-przeglad-modeli\/#webpage"},"isPartOf":{"@id":"https:\/\/www.skalnik.pl\/blog\/plecaki-the-north-face-przeglad-modeli\/#webpage"},"articleSection":"Bran\u017ca, plecaki, sprz\u0119t turystyczny, the north face, trekking, 1201"},{"@type":"BreadcrumbList","@id":"https:\/\/www.skalnik.pl\/blog\/plecaki-the-north-face-przeglad-modeli\/#breadcrumblist","itemListElement":[{"@type":"ListItem","@id":"https:\/\/www.skalnik.pl\/blog#listItem","position":1,"name":"Home","item":"https:\/\/www.skalnik.pl\/blog","nextItem":{"@type":"ListItem","@id":"https:\/\/www.skalnik.pl\/blog\/.\/branza\/#listItem","name":"Bran\u017ca"}},{"@type":"ListItem","@id":"https:\/\/www.skalnik.pl\/blog\/.\/branza\/#listItem","position":2,"name":"Bran\u017ca","item":"https:\/\/www.skalnik.pl\/blog\/.\/branza\/","nextItem":{"@type":"ListItem","@id":"https:\/\/www.skalnik.pl\/blog\/plecaki-the-north-face-przeglad-modeli\/#listItem","name":"Plecaki The North Face \u2013 przegl\u0105d modeli"},"previousItem":{"@type":"ListItem","@id":"https:\/\/www.skalnik.pl\/blog#listItem","name":"Home"}},{"@type":"ListItem","@id":"https:\/\/www.skalnik.pl\/blog\/plecaki-the-north-face-przeglad-modeli\/#listItem","position":3,"name":"Plecaki The North Face \u2013 przegl\u0105d modeli","previousItem":{"@type":"ListItem","@id":"https:\/\/www.skalnik.pl\/blog\/.\/branza\/#listItem","name":"Bran\u017ca"}}]},{"@type":"Organization","@id":"https:\/\/www.skalnik.pl\/blog\/#organization","name":"blog Skalnik","description":"Blog, porady, artyku\u0142y - blog Skalnik","url":"https:\/\/www.skalnik.pl\/blog\/"},{"@type":"Person","@id":"https:\/\/www.skalnik.pl\/blog\/author\/redakcja-skalnik-pl\/#author","url":"https:\/\/www.skalnik.pl\/blog\/author\/redakcja-skalnik-pl\/","name":"Redakcja skalnik.pl","image":{"@type":"ImageObject","@id":"https:\/\/www.skalnik.pl\/blog\/plecaki-the-north-face-przeglad-modeli\/#authorImage","url":"https:\/\/secure.gravatar.com\/avatar\/7eab29b048aaf0899cd9a145e9adb814e2130ced31e65b454b902500bea65f9e?s=96&d=mm&r=g","width":96,"height":96,"caption":"Redakcja skalnik.pl"}},{"@type":"WebPage","@id":"https:\/\/www.skalnik.pl\/blog\/plecaki-the-north-face-przeglad-modeli\/#webpage","url":"https:\/\/www.skalnik.pl\/blog\/plecaki-the-north-face-przeglad-modeli\/","name":"Plecaki The North Face \u2013 przegl\u0105d modeli - blog Skalnik","description":"Plecaki The North Face s\u0105 bardzo r\u00f3\u017cnorodna. W ofercie znajdziesz modele turystyczne, miejskie, a nawet mieszane. Jaki plecak North Face warto wybra\u0107?","inLanguage":"pl-PL","isPartOf":{"@id":"https:\/\/www.skalnik.pl\/blog\/#website"},"breadcrumb":{"@id":"https:\/\/www.skalnik.pl\/blog\/plecaki-the-north-face-przeglad-modeli\/#breadcrumblist"},"author":{"@id":"https:\/\/www.skalnik.pl\/blog\/author\/redakcja-skalnik-pl\/#author"},"creator":{"@id":"https:\/\/www.skalnik.pl\/blog\/author\/redakcja-skalnik-pl\/#author"},"image":{"@type":"ImageObject","url":"https:\/\/www.skalnik.pl\/blog\/wp-content\/uploads\/2020\/02\/The-North-Face-plecak.jpg","@id":"https:\/\/www.skalnik.pl\/blog\/plecaki-the-north-face-przeglad-modeli\/#mainImage","width":1920,"height":705,"caption":"Plecak The North Face - trekking"},"primaryImageOfPage":{"@id":"https:\/\/www.skalnik.pl\/blog\/plecaki-the-north-face-przeglad-modeli\/#mainImage"},"datePublished":"2020-03-03T10:16:05+02:00","dateModified":"2020-03-03T10:16:06+02:00"},{"@type":"WebSite","@id":"https:\/\/www.skalnik.pl\/blog\/#website","url":"https:\/\/www.skalnik.pl\/blog\/","name":"blog Skalnik","description":"Blog, porady, artyku\u0142y - blog Skalnik","inLanguage":"pl-PL","publisher":{"@id":"https:\/\/www.skalnik.pl\/blog\/#organization"}}]},"og:locale":"pl_PL","og:site_name":"blog Skalnik - Blog, porady, artyku\u0142y - blog Skalnik","og:type":"article","og:title":"Plecaki The North Face \u2013 przegl\u0105d modeli - blog Skalnik","og:description":"Plecaki The North Face s\u0105 bardzo r\u00f3\u017cnorodna. W ofercie znajdziesz modele turystyczne, miejskie, a nawet mieszane. Jaki plecak North Face warto wybra\u0107?","og:url":"https:\/\/www.skalnik.pl\/blog\/plecaki-the-north-face-przeglad-modeli\/","og:image":"https:\/\/skalnik.pl\/blog\/wp-content\/uploads\/2020\/02\/Plecak-The-North-Face.jpg","og:image:secure_url":"https:\/\/skalnik.pl\/blog\/wp-content\/uploads\/2020\/02\/Plecak-The-North-Face.jpg","article:tag":["bran\u017ca","plecaki","sprz\u0119t turystyczny","the north face","trekking"],"article:published_time":"2020-03-03T09:16:05+00:00","article:modified_time":"2020-03-03T09:16:06+00:00","twitter:card":"summary_large_image","twitter:title":"Plecaki The North Face \u2013 przegl\u0105d modeli - blog Skalnik","twitter:description":"Plecaki The North Face s\u0105 bardzo r\u00f3\u017cnorodna. W ofercie znajdziesz modele turystyczne, miejskie, a nawet mieszane. Jaki plecak North Face warto wybra\u0107?","twitter:image":"https:\/\/skalnik.pl\/blog\/wp-content\/uploads\/2020\/02\/Plecak-The-North-Face.jpg"},"aioseo_meta_data":{"post_id":"11765","title":null,"description":"Plecaki The North Face s\u0105 bardzo r\u00f3\u017cnorodna. W ofercie znajdziesz modele turystyczne, miejskie, a nawet mieszane. Jaki plecak North Face warto wybra\u0107?","keywords":[{"label":"the north face","value":"the north face"},{"label":"north face","value":"north face"},{"label":"plecak the north face","value":"plecak the north face"},{"label":"plecak north face","value":"plecak north face"},{"label":"plecak turystyczny","value":"plecak turystyczny"},{"label":"plecak miejski","value":"plecak miejski"}],"keyphrases":null,"primary_term":null,"canonical_url":null,"og_title":null,"og_description":null,"og_object_type":"default","og_image_type":"default","og_image_url":null,"og_image_width":null,"og_image_height":null,"og_image_custom_url":null,"og_image_custom_fields":null,"og_video":null,"og_custom_url":null,"og_article_section":null,"og_article_tags":null,"twitter_use_og":false,"twitter_card":"default","twitter_image_type":"default","twitter_image_url":null,"twitter_image_custom_url":null,"twitter_image_custom_fields":null,"twitter_title":null,"twitter_description":null,"schema":{"blockGraphs":[],"customGraphs":[],"default":{"data":{"Article":[],"Course":[],"Dataset":[],"FAQPage":[],"Movie":[],"Person":[],"Product":[],"ProductReview":[],"Car":[],"Recipe":[],"Service":[],"SoftwareApplication":[],"WebPage":[]},"graphName":"BlogPosting","isEnabled":true},"graphs":[]},"schema_type":"default","schema_type_options":null,"pillar_content":false,"robots_default":true,"robots_noindex":false,"robots_noarchive":false,"robots_nosnippet":false,"robots_nofollow":false,"robots_noimageindex":false,"robots_noodp":false,"robots_notranslate":false,"robots_max_snippet":null,"robots_max_videopreview":null,"robots_max_imagepreview":"large","priority":null,"frequency":null,"local_seo":null,"breadcrumb_settings":null,"limit_modified_date":false,"ai":null,"created":"2022-08-26 10:16:05","updated":"2026-02-17 21:48:27","seo_analyzer_scan_date":null},"aioseo_breadcrumb":"<div class=\"aioseo-breadcrumbs\"><span class=\"aioseo-breadcrumb\">\n\t\t\t<a href=\"https:\/\/www.skalnik.pl\/blog\" title=\"Home\">Home<\/a>\n\t\t<\/span><span class=\"aioseo-breadcrumb-separator\">&raquo;<\/span><span class=\"aioseo-breadcrumb\">\n\t\t\t<a href=\"https:\/\/www.skalnik.pl\/blog\/.\/branza\/\" title=\"Bran\u017ca\">Bran\u017ca<\/a>\n\t\t<\/span><span class=\"aioseo-breadcrumb-separator\">&raquo;<\/span><span class=\"aioseo-breadcrumb\">\n\t\t\tPlecaki The North Face \u2013 przegl\u0105d modeli\n\t\t<\/span><\/div>","aioseo_breadcrumb_json":[{"label":"Home","link":"https:\/\/www.skalnik.pl\/blog"},{"label":"Bran\u017ca","link":"https:\/\/www.skalnik.pl\/blog\/.\/branza\/"},{"label":"Plecaki The North Face \u2013 przegl\u0105d modeli","link":"https:\/\/www.skalnik.pl\/blog\/plecaki-the-north-face-przeglad-modeli\/"}],"_links":{"self":[{"href":"https:\/\/www.skalnik.pl\/blog\/wp-json\/wp\/v2\/posts\/11765","targetHints":{"allow":["GET"]}}],"collection":[{"href":"https:\/\/www.skalnik.pl\/blog\/wp-json\/wp\/v2\/posts"}],"about":[{"href":"https:\/\/www.skalnik.pl\/blog\/wp-json\/wp\/v2\/types\/post"}],"author":[{"embeddable":true,"href":"https:\/\/www.skalnik.pl\/blog\/wp-json\/wp\/v2\/users\/7"}],"replies":[{"embeddable":true,"href":"https:\/\/www.skalnik.pl\/blog\/wp-json\/wp\/v2\/comments?post=11765"}],"version-history":[{"count":8,"href":"https:\/\/www.skalnik.pl\/blog\/wp-json\/wp\/v2\/posts\/11765\/revisions"}],"predecessor-version":[{"id":11787,"href":"https:\/\/www.skalnik.pl\/blog\/wp-json\/wp\/v2\/posts\/11765\/revisions\/11787"}],"wp:featuredmedia":[{"embeddable":true,"href":"https:\/\/www.skalnik.pl\/blog\/wp-json\/wp\/v2\/media\/11778"}],"wp:attachment":[{"href":"https:\/\/www.skalnik.pl\/blog\/wp-json\/wp\/v2\/media?parent=11765"}],"wp:term":[{"taxonomy":"category","embeddable":true,"href":"https:\/\/www.skalnik.pl\/blog\/wp-json\/wp\/v2\/categories?post=11765"},{"taxonomy":"post_tag","embeddable":true,"href":"https:\/\/www.skalnik.pl\/blog\/wp-json\/wp\/v2\/tags?post=11765"},{"taxonomy":"magento_category","embeddable":true,"href":"https:\/\/www.skalnik.pl\/blog\/wp-json\/wp\/v2\/magento_category?post=11765"},{"taxonomy":"magento_product","embeddable":true,"href":"https:\/\/www.skalnik.pl\/blog\/wp-json\/wp\/v2\/magento_product?post=11765"}],"curies":[{"name":"wp","href":"https:\/\/api.w.org\/{rel}","templated":true}]}}