{"id":11823,"date":"2020-07-12T13:29:00","date_gmt":"2020-07-12T11:29:00","guid":{"rendered":"https:\/\/skalnik.pl\/blog\/?p=11823"},"modified":"2021-05-21T15:19:39","modified_gmt":"2021-05-21T13:19:39","slug":"via-ferraty-w-andaluzji","status":"publish","type":"post","link":"https:\/\/www.skalnik.pl\/blog\/via-ferraty-w-andaluzji\/","title":{"rendered":"Via ferraty w Andaluzji"},"content":{"rendered":"\n<p><strong>Le\u017c\u0105ca na po\u0142udniu Hiszpanii Andaluzja przyci\u0105ga turyst\u00f3w z r\u00f3\u017cnych stron \u015bwiata. Mo\u017cna tu odwiedzi\u0107 wyj\u0105tkowe zabytki, szerokie piaszczyste pla\u017ce i nawet zim\u0105 wspina\u0107 si\u0119 w ska\u0142ach. W przerwie mi\u0119dzy atrakcjami warto pozna\u0107 via ferraty Andaluzji \u2013 \u015bwietnie uzupe\u0142niaj\u0105 aktywny wypoczynek. <\/strong><\/p>\n\n\n\n<p>Andaluzja jest atrakcyjna dla turyst\u00f3w z naszej szeroko\u015bci geograficznej szczeg\u00f3lnie zim\u0105 i wczesn\u0105 wiosn\u0105, bo jest tam ciep\u0142o (cho\u0107 bywa, \u017ce wilgotno). Loty do Malagi czy Sewilli s\u0105 na wyci\u0105gni\u0119cie r\u0119ki \u2013 wystarczy niespe\u0142na 3,5-godzinny lot, by przenie\u015b\u0107 si\u0119 do kraju wina, oliwek i pi\u0119knych krajobraz\u00f3w. Via ferraty raczej nie b\u0119d\u0105 jedynym celem wyjazdu do Andaluzji, wed\u0142ug mnie lepiej sprawdz\u0105 si\u0119 w roli przyjemnego dodatku.<\/p>\n\n\n\n<p><\/p>\n\n\n\n<div id=\"ez-toc-container\" class=\"ez-toc-v2_0_85 counter-hierarchy ez-toc-counter ez-toc-light-blue ez-toc-container-direction\">\n<div class=\"ez-toc-title-container\">\n<p class=\"ez-toc-title\" style=\"cursor:inherit\">SPIS TRE\u015aCI <\/p>\n<span class=\"ez-toc-title-toggle\"><a href=\"#\" class=\"ez-toc-pull-right ez-toc-btn ez-toc-btn-xs ez-toc-btn-default ez-toc-toggle\" aria-label=\"Prze\u0142\u0105cznik Spisu Tre\u015bci\"><span class=\"ez-toc-js-icon-con\"><span class=\"\"><span class=\"eztoc-hide\" style=\"display:none;\">Toggle<\/span><span class=\"ez-toc-icon-toggle-span\"><svg style=\"fill: #999;color:#999\" xmlns=\"http:\/\/www.w3.org\/2000\/svg\" class=\"list-377408\" width=\"20px\" height=\"20px\" viewBox=\"0 0 24 24\" fill=\"none\"><path d=\"M6 6H4v2h2V6zm14 0H8v2h12V6zM4 11h2v2H4v-2zm16 0H8v2h12v-2zM4 16h2v2H4v-2zm16 0H8v2h12v-2z\" fill=\"currentColor\"><\/path><\/svg><svg style=\"fill: #999;color:#999\" class=\"arrow-unsorted-368013\" xmlns=\"http:\/\/www.w3.org\/2000\/svg\" width=\"10px\" height=\"10px\" viewBox=\"0 0 24 24\" version=\"1.2\" baseProfile=\"tiny\"><path d=\"M18.2 9.3l-6.2-6.3-6.2 6.3c-.2.2-.3.4-.3.7s.1.5.3.7c.2.2.4.3.7.3h11c.3 0 .5-.1.7-.3.2-.2.3-.5.3-.7s-.1-.5-.3-.7zM5.8 14.7l6.2 6.3 6.2-6.3c.2-.2.3-.5.3-.7s-.1-.5-.3-.7c-.2-.2-.4-.3-.7-.3h-11c-.3 0-.5.1-.7.3-.2.2-.3.5-.3.7s.1.5.3.7z\"\/><\/svg><\/span><\/span><\/span><\/a><\/span><\/div>\n<nav><ul class='ez-toc-list ez-toc-list-level-1 ' ><li class='ez-toc-page-1 ez-toc-heading-level-2'><a class=\"ez-toc-link ez-toc-heading-1\" href=\"https:\/\/www.skalnik.pl\/blog\/via-ferraty-w-andaluzji\/#Via_ferrata_Caminito_del_Rey_via_ferrata_El_Chorro\" >Via ferrata Caminito del Rey (via ferrata El Chorro)<\/a><ul class='ez-toc-list-level-3' ><li class='ez-toc-heading-level-3'><a class=\"ez-toc-link ez-toc-heading-2\" href=\"https:\/\/www.skalnik.pl\/blog\/via-ferraty-w-andaluzji\/#Via_ferrata_sprzet\" >Via ferrata sprz\u0119t<\/a><\/li><li class='ez-toc-page-1 ez-toc-heading-level-3'><a class=\"ez-toc-link ez-toc-heading-3\" href=\"https:\/\/www.skalnik.pl\/blog\/via-ferraty-w-andaluzji\/#Hiszpanska_wycena_via_ferraty\" >Hiszpa\u0144ska wycena via ferraty<\/a><\/li><li class='ez-toc-page-1 ez-toc-heading-level-3'><a class=\"ez-toc-link ez-toc-heading-4\" href=\"https:\/\/www.skalnik.pl\/blog\/via-ferraty-w-andaluzji\/#Trudnosci\" >Trudno\u015bci<\/a><\/li><li class='ez-toc-page-1 ez-toc-heading-level-3'><a class=\"ez-toc-link ez-toc-heading-5\" href=\"https:\/\/www.skalnik.pl\/blog\/via-ferraty-w-andaluzji\/#Czas_przejscia_%E2%80%93_ferrata_El_Chorro\" >Czas przej\u015bcia \u2013 ferrata El Chorro<\/a><\/li><li class='ez-toc-page-1 ez-toc-heading-level-3'><a class=\"ez-toc-link ez-toc-heading-6\" href=\"https:\/\/www.skalnik.pl\/blog\/via-ferraty-w-andaluzji\/#Informacje_praktyczne\" >Informacje praktyczne<\/a><\/li><\/ul><\/li><li class='ez-toc-page-1 ez-toc-heading-level-2'><a class=\"ez-toc-link ez-toc-heading-7\" href=\"https:\/\/www.skalnik.pl\/blog\/via-ferraty-w-andaluzji\/#Via_ferraty_w_Comares\" >Via ferraty w Comares<\/a><ul class='ez-toc-list-level-3' ><li class='ez-toc-heading-level-3'><a class=\"ez-toc-link ez-toc-heading-8\" href=\"https:\/\/www.skalnik.pl\/blog\/via-ferraty-w-andaluzji\/#Co_trzeba_ze_soba_miec\" >Co trzeba ze sob\u0105 mie\u0107<\/a><\/li><li class='ez-toc-page-1 ez-toc-heading-level-3'><a class=\"ez-toc-link ez-toc-heading-9\" href=\"https:\/\/www.skalnik.pl\/blog\/via-ferraty-w-andaluzji\/#Trudnosc_via_ferraty\" >Trudno\u015b\u0107 via ferraty<\/a><\/li><li class='ez-toc-page-1 ez-toc-heading-level-3'><a class=\"ez-toc-link ez-toc-heading-10\" href=\"https:\/\/www.skalnik.pl\/blog\/via-ferraty-w-andaluzji\/#Czas_przejscia_%E2%80%93_feraty_w_Comares\" >Czas przej\u015bcia \u2013 feraty w Comares<\/a><\/li><li class='ez-toc-page-1 ez-toc-heading-level-3'><a class=\"ez-toc-link ez-toc-heading-11\" href=\"https:\/\/www.skalnik.pl\/blog\/via-ferraty-w-andaluzji\/#Informacje_praktyczne-2\" >Informacje praktyczne<\/a><\/li><\/ul><\/li><\/ul><\/nav><\/div>\n<h2 class=\"wp-block-heading\"><span class=\"ez-toc-section\" id=\"Via_ferrata_Caminito_del_Rey_via_ferrata_El_Chorro\"><\/span>Via ferrata Caminito del Rey (via ferrata El Chorro)<span class=\"ez-toc-section-end\"><\/span><\/h2>\n\n\n\n<p>Jedn\u0105 z najbardziej popularnych andaluzyjskich atrakcji outdoorowych jest Caminito del Rey. Niegdy\u015b by\u0142 to ekstremalny szlak, dzi\u015b, po remoncie, jest bardzo bezpieczny, cho\u0107 nadal widowiskowy. Jest te\u017c p\u0142atny, a przej\u015bcie nim warto zarezerwowa\u0107 ze sporym wyprzedzeniem. Wyj\u0105tkowe w tym miejscu s\u0105 fragmenty chodnik\u00f3w zawieszone \u2013 dos\u0142ownie \u2013 w po\u0142owie ponadstumetrowych \u015bcian w\u0105wozu rzeki Guadalhorce. Szlak ten ko\u0144czy si\u0119 w miejscowo\u015bci El Chorro. To dla otaczaj\u0105cych j\u0105 ska\u0142 przyje\u017cd\u017caj\u0105 tu \u2013 szczeg\u00f3lnie zim\u0105  \u2013  wspinacze z ca\u0142ej Europy.<\/p>\n\n\n\n<p>W El Chorro, opr\u00f3cz sektor\u00f3w wspinaczkowych, jest tak\u017ce via ferrata. Ma ona dwie nazwy: Caminito del Rey lub de El Chorro. Pierwsza nazwa jest nieco myl\u0105ca, bo mo\u017ce sugerowa\u0107, \u017ce chodzi w\u0142a\u015bnie o t\u0119 s\u0142ynn\u0105 \u201e\u015acie\u017ck\u0119 kr\u00f3la\u201d. Jednak jest to klasyczna via ferrata, udost\u0119pniona bezp\u0142atnie. Druga nazwa nawi\u0105zuje po prostu do miejscowo\u015bci. Je\u015bli chodzi o samo umiejscowienie via ferraty to wed\u0142ug mnie przypomina ona nieco ferraty nad jeziorem Garda. Nie jest zbyt d\u0142uga, raczej skupiono si\u0119 na tym, by jej przej\u015bcie sprawia\u0142o frajd\u0119.<\/p>\n\n\n\n<div class=\"wp-block-image\"><figure class=\"aligncenter size-large\"><img loading=\"lazy\" decoding=\"async\" width=\"1024\" height=\"597\" src=\"https:\/\/skalnik.pl\/blog\/wp-content\/uploads\/2020\/06\/el-chorro-1024x597.jpg\" alt=\"\" class=\"wp-image-12700\" srcset=\"https:\/\/www.skalnik.pl\/blog\/wp-content\/uploads\/2020\/06\/el-chorro-1024x597.jpg 1024w, https:\/\/www.skalnik.pl\/blog\/wp-content\/uploads\/2020\/06\/el-chorro-300x175.jpg 300w, https:\/\/www.skalnik.pl\/blog\/wp-content\/uploads\/2020\/06\/el-chorro-768x448.jpg 768w, https:\/\/www.skalnik.pl\/blog\/wp-content\/uploads\/2020\/06\/el-chorro.jpg 1200w\" sizes=\"auto, (max-width: 1024px) 100vw, 1024px\" \/><figcaption><em>Doj\u015bcie do ferraty El Chorro. Oznaczenia P &#8211; parking, X &#8211; miejsce wej\u015bcia na drog\u0119 do ferraty, F &#8211; ferrata <\/em><\/figcaption><\/figure><\/div>\n\n\n\n<h3 class=\"wp-block-heading\"><span class=\"ez-toc-section\" id=\"Via_ferrata_sprzet\"><\/span>Via ferrata sprz\u0119t<span class=\"ez-toc-section-end\"><\/span><\/h3>\n\n\n\n<p>Na ferracie, obowi\u0105zuje standardowy zestaw <a href=\"https:\/\/skalnik.pl\/sprzet-wspinaczkowy\/inne\/inne-via-ferraty\">via ferrata<\/a>: lon\u017ca z absorberem, kask, uprz\u0105\u017c, buty trekkingowe. Niezb\u0119dny jest tak\u017ce bloczek dwuosiowy dostosowany do lin stalowych np. CT Duetto lub Petzl Tandem Speed. Wystarczy jeden na grup\u0119, ale koniecznie z 25\u201330 m linki pomocniczej. Bloczek jest niezb\u0119dny do pokonania tyrolki na ferracie (to miejsce nie ma obej\u015bcia), a rep umo\u017cliwia przeci\u0105gni\u0119cie bloczka do kolejnej osoby w grupie. Po le\u017c\u0105cych pod tyrolk\u0105 strz\u0119pach r\u00f3\u017cnych pask\u00f3w i sznurk\u00f3w mo\u017cna si\u0119 domy\u015bla\u0107, jakimi metodami pr\u00f3bowali t\u0119dy przechodzi\u0107 poprzednicy.<\/p>\n\n\n\n<h3 class=\"wp-block-heading\"><span class=\"ez-toc-section\" id=\"Hiszpanska_wycena_via_ferraty\"><\/span>Hiszpa\u0144ska wycena via ferraty<span class=\"ez-toc-section-end\"><\/span><\/h3>\n\n\n\n<p>Via ferrata de El Chorro ma wycen\u0119 wg skali niemieckiej \u2013 K3\n(co odpowiada bardziej popularnej skali trudno\u015bci C). Przeznaczona jest dla os\u00f3b, kt\u00f3re maj\u0105 ju\u017c pewne obycie z tego typu szlakami. Wydaje mi si\u0119, \u017ce na t\u0119 wycen\u0119 sk\u0142adaj\u0105 si\u0119 przede wszystkim przeszkody \u201epowietrzne\u201d, czyli tyrolka i dwa mostki linowe. Nie bez znaczenia jest tak\u017ce ekspozycja \u2013 praktycznie z ka\u017cdego punktu na ferracie wida\u0107 zbiornik wodny de la Encantada, nad kt\u00f3rym po\u0142o\u017cone jest El Chorro.<\/p>\n\n\n\n<h3 class=\"wp-block-heading\"><span class=\"ez-toc-section\" id=\"Trudnosci\"><\/span>Trudno\u015bci<span class=\"ez-toc-section-end\"><\/span><\/h3>\n\n\n\n<p>Trudno\u015bci technicznych jako takich tutaj nie ma. Ferrata El\nChorro w du\u017cej mierze ma przebieg pionowy, trzeba zatem zachowa\u0107 bezpieczn\u0105 odleg\u0142o\u015b\u0107 pomi\u0119dzy poszczeg\u00f3lnymi osobami w grupie. Na szcz\u0119\u015bcie tylko jeden kawa\u0142ek ferraty jest lekko przewieszony, pozosta\u0142e to pion lub lekko po\u0142ogi teren, zdarzaj\u0105 si\u0119 tak\u017ce odcinki trawersuj\u0105ce zbocza.<\/p>\n\n\n\n<p>Wi\u0119ksz\u0105 cz\u0119\u015b\u0107 trasy przechodzi si\u0119 korzystaj\u0105c z klamer i niestety jest to jedyny spos\u00f3b na jej pokonanie. Trudno znale\u017a\u0107 wariant, kt\u00f3ry umo\u017cliwi\u0142by przej\u015bcie po skale, z wyj\u0105tkiem odcink\u00f3w poziomych \u2013 na nich na szcz\u0119\u015bcie kr\u00f3luje solidne, skalne pod\u0142o\u017ce.<\/p>\n\n\n\n<div class=\"wp-block-image\"><figure class=\"aligncenter size-large\"><img loading=\"lazy\" decoding=\"async\" width=\"1024\" height=\"660\" src=\"https:\/\/skalnik.pl\/blog\/wp-content\/uploads\/2020\/03\/caminito-ferrata.jpg\" alt=\"klamry na ferracie el chorro\" class=\"wp-image-11840\" srcset=\"https:\/\/www.skalnik.pl\/blog\/wp-content\/uploads\/2020\/03\/caminito-ferrata.jpg 1024w, https:\/\/www.skalnik.pl\/blog\/wp-content\/uploads\/2020\/03\/caminito-ferrata-300x193.jpg 300w, https:\/\/www.skalnik.pl\/blog\/wp-content\/uploads\/2020\/03\/caminito-ferrata-768x495.jpg 768w\" sizes=\"auto, (max-width: 1024px) 100vw, 1024px\" \/><figcaption><em>Praktycznie ca\u0142\u0105 via ferrat\u0119 El Chorro pokonuje si\u0119 st\u0105paj\u0105c po metalowych klamrach (fot. A. Robak).<\/em><\/figcaption><\/figure><\/div>\n\n\n\n<p>Najbardziej emocjonuj\u0105cym miejscem jest oczywi\u015bcie tyrolka, wa\u017cne,\n\u017ceby w grupie znalaz\u0142a si\u0119 przynajmniej jedna osoba, kt\u00f3ra mia\u0142a ju\u017c do czynienia z monta\u017cem systemu pozwalaj\u0105cego na bezpieczne pokonanie tego typu przeszkody. Tak jak wspomnia\u0142am nie ma wariantu obej\u015bcia tyrolki. Chocia\u017c ka\u017cdy z nas nieraz pokonywa\u0142 tego typu \u201eatrakcj\u0119\u201d \u2013 jednak nie oby\u0142o si\u0119 bez g\u0142o\u015bnych okrzyk\u00f3w w momencie, gdy tracili\u015bmy grunt pod nogami. Do tego trudno si\u0119 przyzwyczai\u0107.<\/p>\n\n\n\n<p>Mostki linowe \u0142\u0105cz\u0105 iglice skalne, zatem mo\u017cna spodziewa\u0107 si\u0119\nna nich naprawd\u0119 wiele powietrza dooko\u0142a. Za to widoki jakie si\u0119 z nich rozci\u0105gaj\u0105, nie tylko na wod\u0119, ale i okoliczne sektory wspinaczkowe i ci\u0105gn\u0105ce si\u0119 po horyzont g\u00f3ry, robi\u0105 niesamowite wra\u017cenie. Warto zatem przystan\u0105\u0107 na \u015brodku mostku i po prostu nacieszy\u0107 si\u0119 krajobrazem wok\u00f3\u0142. <\/p>\n\n\n<div class=\"page_gallery\">\n\n\t\t<style type=\"text\/css\">\n\t\t\t#gallery-1 {\n\t\t\t\tmargin: auto;\n\t\t\t}\n\t\t\t#gallery-1 .gallery-item {\n\t\t\t\tfloat: left;\n\t\t\t\tmargin-top: 10px;\n\t\t\t\ttext-align: center;\n\t\t\t\twidth: 33%;\n\t\t\t}\n\t\t\t#gallery-1 img {\n\t\t\t\tborder: 2px solid #cfcfcf;\n\t\t\t}\n\t\t\t#gallery-1 .gallery-caption {\n\t\t\t\tmargin-left: 0;\n\t\t\t}\n\t\t\t\/* see gallery_shortcode() in wp-includes\/media.php *\/\n\t\t<\/style>\n\t\t<div id='gallery-1' class='gallery galleryid-11823 gallery-columns-3 gallery-size-large'><dl class='gallery-item'>\n\t\t\t<dt class='gallery-icon landscape'>\n\t\t\t\t<img loading=\"lazy\" decoding=\"async\" width=\"1024\" height=\"660\" src=\"https:\/\/www.skalnik.pl\/blog\/wp-content\/uploads\/2020\/03\/tyrolka-sciaga.jpg\" class=\"attachment-large size-large\" alt=\"instrukcja przed tyrolk\u0105\" aria-describedby=\"gallery-1-11860\" srcset=\"https:\/\/www.skalnik.pl\/blog\/wp-content\/uploads\/2020\/03\/tyrolka-sciaga.jpg 1024w, https:\/\/www.skalnik.pl\/blog\/wp-content\/uploads\/2020\/03\/tyrolka-sciaga-300x193.jpg 300w, https:\/\/www.skalnik.pl\/blog\/wp-content\/uploads\/2020\/03\/tyrolka-sciaga-768x495.jpg 768w\" sizes=\"auto, (max-width: 1024px) 100vw, 1024px\" \/>\n\t\t\t<\/dt>\n\t\t\t\t<dd class='wp-caption-text gallery-caption' id='gallery-1-11860'>\n\t\t\t\tSkr\u00f3cone wskaz\u00f3wki, jak nale\u017cy zabezpieczy\u0107 zjazd tyrolk\u0105\n\t\t\t\t<\/dd><\/dl><dl class='gallery-item'>\n\t\t\t<dt class='gallery-icon landscape'>\n\t\t\t\t<img loading=\"lazy\" decoding=\"async\" width=\"1024\" height=\"660\" src=\"https:\/\/www.skalnik.pl\/blog\/wp-content\/uploads\/2020\/03\/tyrolka.jpg\" class=\"attachment-large size-large\" alt=\"widok na tyrolk\u0119\" aria-describedby=\"gallery-1-11857\" srcset=\"https:\/\/www.skalnik.pl\/blog\/wp-content\/uploads\/2020\/03\/tyrolka.jpg 1024w, https:\/\/www.skalnik.pl\/blog\/wp-content\/uploads\/2020\/03\/tyrolka-300x193.jpg 300w, https:\/\/www.skalnik.pl\/blog\/wp-content\/uploads\/2020\/03\/tyrolka-768x495.jpg 768w\" sizes=\"auto, (max-width: 1024px) 100vw, 1024px\" \/>\n\t\t\t<\/dt>\n\t\t\t\t<dd class='wp-caption-text gallery-caption' id='gallery-1-11857'>\n\t\t\t\tEmocjonuj\u0105cy zjazd tyrolk\u0105\n\t\t\t\t<\/dd><\/dl><dl class='gallery-item'>\n\t\t\t<dt class='gallery-icon landscape'>\n\t\t\t\t<img loading=\"lazy\" decoding=\"async\" width=\"1024\" height=\"660\" src=\"https:\/\/www.skalnik.pl\/blog\/wp-content\/uploads\/2020\/03\/tyrolka4.jpg\" class=\"attachment-large size-large\" alt=\"przeprawa tyrolk\u0105 przez ferrat\u0119 el Chorro\" aria-describedby=\"gallery-1-11859\" srcset=\"https:\/\/www.skalnik.pl\/blog\/wp-content\/uploads\/2020\/03\/tyrolka4.jpg 1024w, https:\/\/www.skalnik.pl\/blog\/wp-content\/uploads\/2020\/03\/tyrolka4-300x193.jpg 300w, https:\/\/www.skalnik.pl\/blog\/wp-content\/uploads\/2020\/03\/tyrolka4-768x495.jpg 768w\" sizes=\"auto, (max-width: 1024px) 100vw, 1024px\" \/>\n\t\t\t<\/dt>\n\t\t\t\t<dd class='wp-caption-text gallery-caption' id='gallery-1-11859'>\n\t\t\t\tZjazd tyrolk\u0105 na ferracie El Chorro\n\t\t\t\t<\/dd><\/dl><br style=\"clear: both\" \/><dl class='gallery-item'>\n\t\t\t<dt class='gallery-icon landscape'>\n\t\t\t\t<img loading=\"lazy\" decoding=\"async\" width=\"1024\" height=\"660\" src=\"https:\/\/www.skalnik.pl\/blog\/wp-content\/uploads\/2020\/03\/caminito-mostek.jpg\" class=\"attachment-large size-large\" alt=\"przechodzenie przez mostek linowy ferrata caminito del rey\" aria-describedby=\"gallery-1-11841\" srcset=\"https:\/\/www.skalnik.pl\/blog\/wp-content\/uploads\/2020\/03\/caminito-mostek.jpg 1024w, https:\/\/www.skalnik.pl\/blog\/wp-content\/uploads\/2020\/03\/caminito-mostek-300x193.jpg 300w, https:\/\/www.skalnik.pl\/blog\/wp-content\/uploads\/2020\/03\/caminito-mostek-768x495.jpg 768w\" sizes=\"auto, (max-width: 1024px) 100vw, 1024px\" \/>\n\t\t\t<\/dt>\n\t\t\t\t<dd class='wp-caption-text gallery-caption' id='gallery-1-11841'>\n\t\t\t\tPierwszy mostek linowy na ferracie\n\t\t\t\t<\/dd><\/dl><dl class='gallery-item'>\n\t\t\t<dt class='gallery-icon landscape'>\n\t\t\t\t<img loading=\"lazy\" decoding=\"async\" width=\"1024\" height=\"660\" src=\"https:\/\/www.skalnik.pl\/blog\/wp-content\/uploads\/2020\/03\/caminito-mostek-2a.jpg\" class=\"attachment-large size-large\" alt=\"widok z do\u0142u na mostek linowy via ferrata el chorro\" aria-describedby=\"gallery-1-11843\" srcset=\"https:\/\/www.skalnik.pl\/blog\/wp-content\/uploads\/2020\/03\/caminito-mostek-2a.jpg 1024w, https:\/\/www.skalnik.pl\/blog\/wp-content\/uploads\/2020\/03\/caminito-mostek-2a-300x193.jpg 300w, https:\/\/www.skalnik.pl\/blog\/wp-content\/uploads\/2020\/03\/caminito-mostek-2a-768x495.jpg 768w\" sizes=\"auto, (max-width: 1024px) 100vw, 1024px\" \/>\n\t\t\t<\/dt>\n\t\t\t\t<dd class='wp-caption-text gallery-caption' id='gallery-1-11843'>\n\t\t\t\tDrugi mostek linowy &#8211; ferrata el Chorro\n\t\t\t\t<\/dd><\/dl>\n\t\t\t<br style='clear: both' \/>\n\t\t<\/div>\n\n<\/div>\n\n\n<p>Ko\u0144cowy odcinek ferraty to pionowe zej\u015bcie po skale, a p\u00f3\u017aniej w d\u00f3\u0142 zbocza. Nast\u0119pnie stromy odcinek po s\u0105siednim zboczu w g\u00f3r\u0119 (stromy, ale nie pionowy, idzie si\u0119 po ziemi, nie skale). I na ko\u0144cu jeszcze raz zej\u015bcie pionowo, po skale w d\u00f3\u0142. Ca\u0142a ta trasa jest wci\u0105\u017c ubezpieczona stalow\u0105 link\u0105. Je\u015bli jest wilgotno, ten odcinek mo\u017ce wymaga\u0107 wyj\u0105tkowej ostro\u017cno\u015bci. Koniecznie trzeba si\u0119 te\u017c wpina\u0107 w link\u0119.<\/p>\n\n\n\n<h3 class=\"wp-block-heading\"><span class=\"ez-toc-section\" id=\"Czas_przejscia_%E2%80%93_ferrata_El_Chorro\"><\/span>Czas przej\u015bcia \u2013 ferrata El Chorro<span class=\"ez-toc-section-end\"><\/span><\/h3>\n\n\n\n<p>Via ferrata El Chorro nie jest bardzo d\u0142uga, ma 650 m i przewy\u017cszenie\n250 m. Wed\u0142ug danych umieszczonych na tablicy informacyjnej przej\u015bcie via ferraty zajmuje 2,5 h, zej\u015bcie do El Chorro \u2013 p\u00f3\u0142 godziny. &nbsp;<\/p>\n\n\n\n<p>Nam, grupie pi\u0119cioosobowej, ca\u0142o\u015b\u0107 zaj\u0119\u0142a niespe\u0142na 3 godziny,\nw tym przej\u015bcie ferraty \u2013 nieca\u0142e 2 godziny. Uda\u0142o nam si\u0119 po\u0142\u0105czy\u0107 poranne przej\u015bcie trasy Caminito del Rey, powr\u00f3t po samoch\u00f3d, obiad, szybkie zakupy outdoorowe (nie mieli\u015bmy linki pomocniczej) i przej\u015bcie via ferraty El Chorro.<\/p>\n\n\n\n<h3 class=\"wp-block-heading\"><span class=\"ez-toc-section\" id=\"Informacje_praktyczne\"><\/span>Informacje praktyczne<span class=\"ez-toc-section-end\"><\/span><\/h3>\n\n\n\n<p>Samoch\u00f3d najlepiej zostawi\u0107 na parkingu przy ko\u0144cu komercyjnej\ntrasy Caminito del Rey (w styczniu nie mieli\u015bmy z tym najmniejszych problem\u00f3w \u2013 parking jest bezp\u0142atny). Do ferraty mo\u017cna podej\u015b\u0107 albo przez teren kempingu (mo\u017ce by\u0107 zamkni\u0119ty), albo wzd\u0142u\u017c p\u0142otu po drodze w stron\u0119, z kt\u00f3rej przychodz\u0105 ko\u0144cz\u0105cy Caminito. W miejscu, gdzie p\u0142ot si\u0119 ko\u0144czy, trzeba skr\u0119ci\u0107 w prawo i i\u015b\u0107 ostro pod g\u00f3r\u0119, \u015bcie\u017ck\u0105 mi\u0119dzy drzewami. Wej\u015bcie na via ferrat\u0119 znajduje si\u0119 nad torami kolejowymi i jest oznaczone \u017c\u00f3\u0142t\u0105 tablic\u0105 informacyjn\u0105.<\/p>\n\n\n\n<div class=\"wp-block-image\"><figure class=\"aligncenter size-large\"><img loading=\"lazy\" decoding=\"async\" width=\"1024\" height=\"660\" src=\"https:\/\/skalnik.pl\/blog\/wp-content\/uploads\/2020\/03\/caminito-dojcie.jpg\" alt=\"dr\u00f3\u017cka przez las, doj\u015bcie do ferraty\" class=\"wp-image-11839\" srcset=\"https:\/\/www.skalnik.pl\/blog\/wp-content\/uploads\/2020\/03\/caminito-dojcie.jpg 1024w, https:\/\/www.skalnik.pl\/blog\/wp-content\/uploads\/2020\/03\/caminito-dojcie-300x193.jpg 300w, https:\/\/www.skalnik.pl\/blog\/wp-content\/uploads\/2020\/03\/caminito-dojcie-768x495.jpg 768w\" sizes=\"auto, (max-width: 1024px) 100vw, 1024px\" \/><figcaption><em>Do ferraty Caminito del Rey prowadzi wydeptana \u015bcie\u017cka pn\u0105ca si\u0119 od drogi do podn\u00f3\u017ca ska\u0142 (fot. A. Robak).<\/em><\/figcaption><\/figure><\/div>\n\n\n\n<p>Zej\u015bcie z feraty jest do\u015b\u0107 d\u0142ugie, dlatego rekomenduj\u0119 wygodne <a href=\"https:\/\/skalnik.pl\/buty\" target=\"_blank\" rel=\"noreferrer noopener\" aria-label=\" (otwiera si\u0119 na nowej zak\u0142adce)\">buty g\u00f3rskie<\/a>. Na szcz\u0119\u015bcie \u015bcie\u017cki s\u0105 wyra\u017anie wydeptane i nie ma du\u017cych problem\u00f3w w zorientowaniu si\u0119, jak trzeba zej\u015b\u0107 do drogi. Przy skrzy\u017cowaniu \u015bcie\u017cek znajduje si\u0119 niewielki wodop\u00f3j, w kt\u00f3rym mo\u017cna uzupe\u0142ni\u0107 puste butelki. Drog\u0119 w\u015br\u00f3d skalnego pod\u0142o\u017ca znacz\u0105 kamienne kopczyki \u2013 w \u017cadnym wypadku nie wolno ich niszczy\u0107, b\u0105d\u017a stawia\u0107 nowych.<\/p>\n\n\n\n<p><\/p>\n\n\n\n<h2 class=\"wp-block-heading\"><span class=\"ez-toc-section\" id=\"Via_ferraty_w_Comares\"><\/span>Via ferraty w Comares<span class=\"ez-toc-section-end\"><\/span><\/h2>\n\n\n\n<p>Zaledwie 35 km na p\u00f3\u0142nocny-wsch\u00f3d od Malagi na jednym ze szczyt\u00f3w\nwzg\u00f3rz po\u0142o\u017cone jest miasteczko Comares. Trafili\u015bmy na nie przypadkiem, przegl\u0105daj\u0105c hiszpa\u0144skie strony z via ferratami. Tutejsze \u017celazne drogi s\u0105 kr\u00f3tsze i mniej widowiskowe, ni\u017c via ferrata Caminito del Rey, ale razem z miasteczkiem tworz\u0105 bardzo urokliwe miejsce, gdzie mo\u017cna sp\u0119dzi\u0107 bardzo udanych kilka godzin.<\/p>\n\n\n\n<div class=\"wp-block-image\"><figure class=\"aligncenter size-large\"><img loading=\"lazy\" decoding=\"async\" width=\"1024\" height=\"597\" src=\"https:\/\/skalnik.pl\/blog\/wp-content\/uploads\/2020\/06\/comares-1024x597.jpg\" alt=\"\" class=\"wp-image-12701\" srcset=\"https:\/\/www.skalnik.pl\/blog\/wp-content\/uploads\/2020\/06\/comares-1024x597.jpg 1024w, https:\/\/www.skalnik.pl\/blog\/wp-content\/uploads\/2020\/06\/comares-300x175.jpg 300w, https:\/\/www.skalnik.pl\/blog\/wp-content\/uploads\/2020\/06\/comares-768x448.jpg 768w, https:\/\/www.skalnik.pl\/blog\/wp-content\/uploads\/2020\/06\/comares.jpg 1200w\" sizes=\"auto, (max-width: 1024px) 100vw, 1024px\" \/><figcaption><em>Ferrata w Comares. Oznaczenia: P &#8211; parking, F &#8211; ferrata<\/em><\/figcaption><\/figure><\/div>\n\n\n\n<h3 class=\"wp-block-heading\"><span class=\"ez-toc-section\" id=\"Co_trzeba_ze_soba_miec\"><\/span>Co trzeba ze sob\u0105 mie\u0107<span class=\"ez-toc-section-end\"><\/span><\/h3>\n\n\n\n<p>Niezb\u0119dny jest oczywi\u015bcie zestaw via ferrata (uprz\u0105\u017c, lon\u017ca z absorberem, <a href=\"https:\/\/skalnik.pl\/sprzet-wspinaczkowy\/wspinaczka\/wspinaczka-kaski\" target=\"_blank\" rel=\"noreferrer noopener\" aria-label=\"kask wspinaczkowy (otwiera si\u0119 na nowej zak\u0142adce)\">kask wspinaczkowy<\/a>, r\u0119kawiczki), aczkolwiek przydatny mo\u017ce by\u0107 te\u017c \u2013 podobnie jak na ferracie Caminito del Rey \u2013 bloczek dwuosiowy dostosowany do lin stalowych. Dzi\u0119ki niemu mo\u017cna skorzysta\u0107 z tutejszej tyrolki. Dobra wiadomo\u015b\u0107 jest tak\u017ce taka, \u017ce ma ona obej\u015bcie dla tych grup, kt\u00f3re bloczkiem nie dysponuj\u0105. Ze wzgl\u0119du na przewieszone drogi, warto mie\u0107 ze sob\u0105 lon\u017c\u0119 odpoczynkow\u0105 \u2013 do jej wykonania wystarczy karabinek zakr\u0119cany stalowy oraz p\u0119tla.<\/p>\n\n\n\n<h3 class=\"wp-block-heading\"><span class=\"ez-toc-section\" id=\"Trudnosc_via_ferraty\"><\/span>Trudno\u015b\u0107 via ferraty<span class=\"ez-toc-section-end\"><\/span><\/h3>\n\n\n\n<p>Na p\u00f3\u0142nocnym zboczu poprowadzono trzy feraty: via ferrata\nFuente Gorda (K1, czyli A), via ferrata La Cueva de la Ventana (K2, czyli B) oraz via ferrata Puerta del Agua (K3, czyli C). P\u00f3\u0142nocne po\u0142o\u017cenie jest nie bez znaczenia, szczeg\u00f3lnie w cieplejszych miesi\u0105cach. Wszystkie trzy drogi zaczynaj\u0105 si\u0119 w\u0142a\u015bciwie tu\u017c obok siebie i ko\u0144cz\u0105 przy parkingu. To dobra wiadomo\u015b\u0107 dla grup, w kt\u00f3rych jest zr\u00f3\u017cnicowany poziom do\u015bwiadcze\u0144 i tolerancji dla pewnego poziomu adrenaliny. To taka via ferrata w Decinie w miniaturce. <\/p>\n\n\n\n<p>Wycena drugiej ferraty \u2013 oznaczonej K2 \u2013 wydaje si\u0119 nieco zbyt niska. G\u0142\u00f3wnie ze wzgl\u0119du na wiele odcink\u00f3w, kt\u00f3re s\u0105 przewieszone. Trzeba je pokonywa\u0107 szybko i sprawnie, \u017ceby r\u0119ce nie zd\u0105\u017cy\u0142y si\u0119 zm\u0119czy\u0107. Lub korzysta\u0107 z lon\u017cy odpoczynkowej. Spore odcinki pokonuje si\u0119 po klamrach. Ta ferata wzi\u0119\u0142a swoj\u0105 nazw\u0119 od jaskinki, a raczej skalnego tunelu, przez kt\u00f3ry jest poprowadzona. <\/p>\n\n\n<div class=\"page_gallery\">\n\n\t\t<style type=\"text\/css\">\n\t\t\t#gallery-2 {\n\t\t\t\tmargin: auto;\n\t\t\t}\n\t\t\t#gallery-2 .gallery-item {\n\t\t\t\tfloat: left;\n\t\t\t\tmargin-top: 10px;\n\t\t\t\ttext-align: center;\n\t\t\t\twidth: 33%;\n\t\t\t}\n\t\t\t#gallery-2 img {\n\t\t\t\tborder: 2px solid #cfcfcf;\n\t\t\t}\n\t\t\t#gallery-2 .gallery-caption {\n\t\t\t\tmargin-left: 0;\n\t\t\t}\n\t\t\t\/* see gallery_shortcode() in wp-includes\/media.php *\/\n\t\t<\/style>\n\t\t<div id='gallery-2' class='gallery galleryid-11823 gallery-columns-3 gallery-size-large'><dl class='gallery-item'>\n\t\t\t<dt class='gallery-icon landscape'>\n\t\t\t\t<img loading=\"lazy\" decoding=\"async\" width=\"1024\" height=\"660\" src=\"https:\/\/www.skalnik.pl\/blog\/wp-content\/uploads\/2020\/03\/Comares-sciezka-dojscia.jpg\" class=\"attachment-large size-large\" alt=\"zej\u015bcie z parkingu do podn\u00f3\u017ca ska\u0142\" aria-describedby=\"gallery-2-11851\" srcset=\"https:\/\/www.skalnik.pl\/blog\/wp-content\/uploads\/2020\/03\/Comares-sciezka-dojscia.jpg 1024w, https:\/\/www.skalnik.pl\/blog\/wp-content\/uploads\/2020\/03\/Comares-sciezka-dojscia-300x193.jpg 300w, https:\/\/www.skalnik.pl\/blog\/wp-content\/uploads\/2020\/03\/Comares-sciezka-dojscia-768x495.jpg 768w\" sizes=\"auto, (max-width: 1024px) 100vw, 1024px\" \/>\n\t\t\t<\/dt>\n\t\t\t\t<dd class='wp-caption-text gallery-caption' id='gallery-2-11851'>\n\t\t\t\tWyra\u017ana dr\u00f3\u017cka prowadzi do podn\u00f3\u017ca ska\u0142\n\t\t\t\t<\/dd><\/dl><dl class='gallery-item'>\n\t\t\t<dt class='gallery-icon landscape'>\n\t\t\t\t<img loading=\"lazy\" decoding=\"async\" width=\"1024\" height=\"660\" src=\"https:\/\/www.skalnik.pl\/blog\/wp-content\/uploads\/2020\/03\/Comares-ferrata-.jpg\" class=\"attachment-large size-large\" alt=\"trawers na ferracie w miejscowo\u015bci Comares\" aria-describedby=\"gallery-2-11846\" srcset=\"https:\/\/www.skalnik.pl\/blog\/wp-content\/uploads\/2020\/03\/Comares-ferrata-.jpg 1024w, https:\/\/www.skalnik.pl\/blog\/wp-content\/uploads\/2020\/03\/Comares-ferrata--300x193.jpg 300w, https:\/\/www.skalnik.pl\/blog\/wp-content\/uploads\/2020\/03\/Comares-ferrata--768x495.jpg 768w\" sizes=\"auto, (max-width: 1024px) 100vw, 1024px\" \/>\n\t\t\t<\/dt>\n\t\t\t\t<dd class='wp-caption-text gallery-caption' id='gallery-2-11846'>\n\t\t\t\tTrawers na via ferracie\n\t\t\t\t<\/dd><\/dl><dl class='gallery-item'>\n\t\t\t<dt class='gallery-icon landscape'>\n\t\t\t\t<img loading=\"lazy\" decoding=\"async\" width=\"1024\" height=\"660\" src=\"https:\/\/www.skalnik.pl\/blog\/wp-content\/uploads\/2020\/03\/comares-jaskinia.jpg\" class=\"attachment-large size-large\" alt=\"przej\u015bcie przez ma\u0142\u0105 jaskink\u0119\" aria-describedby=\"gallery-2-11847\" srcset=\"https:\/\/www.skalnik.pl\/blog\/wp-content\/uploads\/2020\/03\/comares-jaskinia.jpg 1024w, https:\/\/www.skalnik.pl\/blog\/wp-content\/uploads\/2020\/03\/comares-jaskinia-300x193.jpg 300w, https:\/\/www.skalnik.pl\/blog\/wp-content\/uploads\/2020\/03\/comares-jaskinia-768x495.jpg 768w\" sizes=\"auto, (max-width: 1024px) 100vw, 1024px\" \/>\n\t\t\t<\/dt>\n\t\t\t\t<dd class='wp-caption-text gallery-caption' id='gallery-2-11847'>\n\t\t\t\tPrzej\u015bcie przez niedu\u017c\u0105 jaskini\u0119\n\t\t\t\t<\/dd><\/dl><br style=\"clear: both\" \/><dl class='gallery-item'>\n\t\t\t<dt class='gallery-icon landscape'>\n\t\t\t\t<img loading=\"lazy\" decoding=\"async\" width=\"1024\" height=\"660\" src=\"https:\/\/www.skalnik.pl\/blog\/wp-content\/uploads\/2020\/03\/Comares-mostek2.jpg\" class=\"attachment-large size-large\" alt=\"mostek linowy na ferracie K3\" aria-describedby=\"gallery-2-11849\" srcset=\"https:\/\/www.skalnik.pl\/blog\/wp-content\/uploads\/2020\/03\/Comares-mostek2.jpg 1024w, https:\/\/www.skalnik.pl\/blog\/wp-content\/uploads\/2020\/03\/Comares-mostek2-300x193.jpg 300w, https:\/\/www.skalnik.pl\/blog\/wp-content\/uploads\/2020\/03\/Comares-mostek2-768x495.jpg 768w\" sizes=\"auto, (max-width: 1024px) 100vw, 1024px\" \/>\n\t\t\t<\/dt>\n\t\t\t\t<dd class='wp-caption-text gallery-caption' id='gallery-2-11849'>\n\t\t\t\tMostek linowy na ferracie K3 w Comares\n\t\t\t\t<\/dd><\/dl><dl class='gallery-item'>\n\t\t\t<dt class='gallery-icon landscape'>\n\t\t\t\t<img loading=\"lazy\" decoding=\"async\" width=\"1024\" height=\"660\" src=\"https:\/\/www.skalnik.pl\/blog\/wp-content\/uploads\/2020\/03\/Comares-mostek3.jpg\" class=\"attachment-large size-large\" alt=\"mostek na ferracie w Comares\" aria-describedby=\"gallery-2-11850\" srcset=\"https:\/\/www.skalnik.pl\/blog\/wp-content\/uploads\/2020\/03\/Comares-mostek3.jpg 1024w, https:\/\/www.skalnik.pl\/blog\/wp-content\/uploads\/2020\/03\/Comares-mostek3-300x193.jpg 300w, https:\/\/www.skalnik.pl\/blog\/wp-content\/uploads\/2020\/03\/Comares-mostek3-768x495.jpg 768w\" sizes=\"auto, (max-width: 1024px) 100vw, 1024px\" \/>\n\t\t\t<\/dt>\n\t\t\t\t<dd class='wp-caption-text gallery-caption' id='gallery-2-11850'>\n\t\t\t\tDrugi z trzech mostk\u00f3w linowych\n\t\t\t\t<\/dd><\/dl>\n\t\t\t<br style='clear: both' \/>\n\t\t<\/div>\n\n<\/div>\n\n\n<p>Dla r\u00f3wnowagi, via ferrata K3 w Comares dosta\u0142a t\u0119 wycen\u0119 chyba przede wszystkim ze wzgl\u0119du na trzy mostki linowe. Zdecydowanie wi\u0119cej jest tu prostych (nieprzewieszonych) pionowych odcink\u00f3w lub trawers\u00f3w. W szybkich s\u0142owach \u2013 jest zdecydowanie mniej si\u0142owa ni\u017c K2. <\/p>\n\n\n\n<h3 class=\"wp-block-heading\"><span class=\"ez-toc-section\" id=\"Czas_przejscia_%E2%80%93_feraty_w_Comares\"><\/span>Czas przej\u015bcia \u2013 feraty w Comares<span class=\"ez-toc-section-end\"><\/span><\/h3>\n\n\n\n<p>\u017beby przej\u015b\u0107 wszystkie trzy via ferraty \u2013 wed\u0142ug czas\u00f3w podanych\nna tablicach informacyjnych \u2013 potrzebnych jest ok. 3,5 godz. (K1 \u2013 30 min., K2 \u2013 90 min., K3 \u2013 90 min., dotarcie do startu to ka\u017cdorazowo kwadrans). Jednak czasy te s\u0105 wed\u0142ug naszej ekipy mocno przeszacowane. Przej\u015bcie ferraty La Cueva de la Ventana (K2) zaj\u0119\u0142o ca\u0142ej naszej pi\u0105tce 40 min., podobnie by\u0142o zreszt\u0105 z ferrat\u0105 Puerta del Agua (K3). Na naj\u0142atwiejszej \u2013 pora si\u0119 przyzna\u0107 \u2013 nie byli\u015bmy.<\/p>\n\n\n\n<h3 class=\"wp-block-heading\"><span class=\"ez-toc-section\" id=\"Informacje_praktyczne-2\"><\/span>Informacje praktyczne<span class=\"ez-toc-section-end\"><\/span><\/h3>\n\n\n\n<p>U podstawy ska\u0142 nie ma miejsca na bezpieczne pozostawienie auta,\ndlatego najlepiej zostawi\u0107 samoch\u00f3d na niewielkim parkingu w puncie widokowym Mirador Puerta del Agua na p\u00f3\u0142nocy miasteczka. Jest to placyk, na kt\u00f3rym ko\u0144cz\u0105 si\u0119 wszystkie ferraty. Zej\u015bcie do nich odbywa si\u0119 w miar\u0119 wygodn\u0105 \u015bcie\u017ck\u0105.<\/p>\n\n\n\n<p>Wyj\u015bcie z ferraty to\u2026 furtka. Taka przypominaj\u0105ca wej\u015bcie na czyj\u0105\u015b posesj\u0119. Jest to jednocze\u015bnie najmniej bezpieczne miejsce, poniewa\u017c nie ma tam \u017cadnych ring\u00f3w, uchwyt\u00f3w, nic, do czego mo\u017cna si\u0119 wpi\u0105\u0107. Z parkingu teoretycznie nie mo\u017cna jej otworzy\u0107, cho\u0107 dla bardzo dociekliwych nie jest to niemo\u017cliwe. Czym taka pr\u00f3ba mo\u017ce si\u0119 sko\u0144czy\u0107, nie musz\u0119 chyba wspomina\u0107. Warto zachowa\u0107 wi\u0119c ostro\u017cno\u015b\u0107 z obu stron tej bramki.<\/p>\n\n\n<div class=\"page_gallery\">\n\n\t\t<style type=\"text\/css\">\n\t\t\t#gallery-3 {\n\t\t\t\tmargin: auto;\n\t\t\t}\n\t\t\t#gallery-3 .gallery-item {\n\t\t\t\tfloat: left;\n\t\t\t\tmargin-top: 10px;\n\t\t\t\ttext-align: center;\n\t\t\t\twidth: 33%;\n\t\t\t}\n\t\t\t#gallery-3 img {\n\t\t\t\tborder: 2px solid #cfcfcf;\n\t\t\t}\n\t\t\t#gallery-3 .gallery-caption {\n\t\t\t\tmargin-left: 0;\n\t\t\t}\n\t\t\t\/* see gallery_shortcode() in wp-includes\/media.php *\/\n\t\t<\/style>\n\t\t<div id='gallery-3' class='gallery galleryid-11823 gallery-columns-3 gallery-size-large'><dl class='gallery-item'>\n\t\t\t<dt class='gallery-icon landscape'>\n\t\t\t\t<img loading=\"lazy\" decoding=\"async\" width=\"1024\" height=\"670\" src=\"https:\/\/www.skalnik.pl\/blog\/wp-content\/uploads\/2020\/03\/comares-wyjscie3.jpg\" class=\"attachment-large size-large\" alt=\"wyj\u015bcie przez furtk\u0119 na ferracie w Comares\" aria-describedby=\"gallery-3-11856\" srcset=\"https:\/\/www.skalnik.pl\/blog\/wp-content\/uploads\/2020\/03\/comares-wyjscie3.jpg 1024w, https:\/\/www.skalnik.pl\/blog\/wp-content\/uploads\/2020\/03\/comares-wyjscie3-300x196.jpg 300w, https:\/\/www.skalnik.pl\/blog\/wp-content\/uploads\/2020\/03\/comares-wyjscie3-768x503.jpg 768w\" sizes=\"auto, (max-width: 1024px) 100vw, 1024px\" \/>\n\t\t\t<\/dt>\n\t\t\t\t<dd class='wp-caption-text gallery-caption' id='gallery-3-11856'>\n\t\t\t\tWyj\u015bcie z ferraty przez furtk\u0119\n\t\t\t\t<\/dd><\/dl><dl class='gallery-item'>\n\t\t\t<dt class='gallery-icon landscape'>\n\t\t\t\t<img loading=\"lazy\" decoding=\"async\" width=\"1024\" height=\"666\" src=\"https:\/\/www.skalnik.pl\/blog\/wp-content\/uploads\/2020\/03\/comares-wyjscie2.jpg\" class=\"attachment-large size-large\" alt=\"zakaz otwierania furki, ferraty s\u0105 jednokierunkowe\" aria-describedby=\"gallery-3-11855\" srcset=\"https:\/\/www.skalnik.pl\/blog\/wp-content\/uploads\/2020\/03\/comares-wyjscie2.jpg 1024w, https:\/\/www.skalnik.pl\/blog\/wp-content\/uploads\/2020\/03\/comares-wyjscie2-300x195.jpg 300w, https:\/\/www.skalnik.pl\/blog\/wp-content\/uploads\/2020\/03\/comares-wyjscie2-768x500.jpg 768w\" sizes=\"auto, (max-width: 1024px) 100vw, 1024px\" \/>\n\t\t\t<\/dt>\n\t\t\t\t<dd class='wp-caption-text gallery-caption' id='gallery-3-11855'>\n\t\t\t\tZakaz otwierania furtki, cho\u0107 mo\u017cliwo\u015b\u0107 teoretycznie jest\n\t\t\t\t<\/dd><\/dl><dl class='gallery-item'>\n\t\t\t<dt class='gallery-icon landscape'>\n\t\t\t\t<img loading=\"lazy\" decoding=\"async\" width=\"1024\" height=\"660\" src=\"https:\/\/www.skalnik.pl\/blog\/wp-content\/uploads\/2020\/03\/comares-wyjscie.jpg\" class=\"attachment-large size-large\" alt=\"furtka od strony ferraty\" aria-describedby=\"gallery-3-11854\" srcset=\"https:\/\/www.skalnik.pl\/blog\/wp-content\/uploads\/2020\/03\/comares-wyjscie.jpg 1024w, https:\/\/www.skalnik.pl\/blog\/wp-content\/uploads\/2020\/03\/comares-wyjscie-300x193.jpg 300w, https:\/\/www.skalnik.pl\/blog\/wp-content\/uploads\/2020\/03\/comares-wyjscie-768x495.jpg 768w\" sizes=\"auto, (max-width: 1024px) 100vw, 1024px\" \/>\n\t\t\t<\/dt>\n\t\t\t\t<dd class='wp-caption-text gallery-caption' id='gallery-3-11854'>\n\t\t\t\tOstatnie metry ferraty w Comares\n\t\t\t\t<\/dd><\/dl><br style=\"clear: both\" \/>\n\t\t<\/div>\n\n<\/div>\n\n\n<p>Comares naprawd\u0119 jest warte zobaczenia. Miasteczko le\u017cy na szczycie\nsporego wzg\u00f3rza. Z kilku taras\u00f3w widokowych (tzw. mirador) rozci\u0105ga si\u0119\nprzepi\u0119kny widok na doliny i g\u00f3ry. W lokalnych barach serwuj\u0105 \u015bwietne (i tanie) tapas, a przecie\u017c po wysi\u0142ku fizycznym ka\u017cdemu nale\u017cy si\u0119 ma\u0142e co nieco.<\/p>\n\n\n\n<p>Andaluzja urzeka przyrod\u0105, zabytkami i niesamowit\u0105 histori\u0105.\nWarto tu przyjecha\u0107 niezale\u017cnie od ulubionego sposobu na sp\u0119dzenie wolnego czasu. Je\u015bli lubisz troch\u0119 adrenaliny i szlaki via ferrata Hiszpania mo\u017ce by\u0107 ciekawym kierunkiem wczesnowiosennych woja\u017cy. Ka\u017cdy znajdzie tu co\u015b dla siebie.<\/p>\n","protected":false},"excerpt":{"rendered":"<p>Hiszpa\u0144ska Andaluzja jest jak kraina z bajki. Rejony wspinaczkowe, zabytki, pla\u017ce, g\u00f3ry &#8211; jest tam, co robi\u0107. S\u0105 tam te\u017c ca\u0142kiem mi\u0142e via ferraty<\/p>\n","protected":false},"author":9,"featured_media":11837,"comment_status":"open","ping_status":"open","sticky":false,"template":"","format":"standard","meta":{"_acf_changed":false,"footnotes":""},"categories":[84],"tags":[116,112],"magento_category":[80],"magento_product":[],"class_list":["post-11823","post","type-post","status-publish","format-standard","has-post-thumbnail","hentry","category-pasja","tag-podroze","tag-via-ferrata"],"acf":[],"aioseo_notices":[],"aioseo_head":"\n\t\t<!-- All in One SEO 4.9.10 - aioseo.com -->\n\t<meta name=\"description\" content=\"Via ferraty w Andaluzji to ciekawy spos\u00f3b na urozmaicenie pobytu w tej hiszpa\u0144skiej prowincji. Sprawd\u017a, co oferuje via ferrata El Chorro i via ferraty w Comares.\" \/>\n\t<meta name=\"robots\" content=\"max-image-preview:large\" \/>\n\t<meta name=\"author\" content=\"Beata Nawrotkiewicz\"\/>\n\t<link rel=\"canonical\" href=\"https:\/\/www.skalnik.pl\/blog\/via-ferraty-w-andaluzji\/\" \/>\n\t<meta name=\"generator\" content=\"All in One SEO (AIOSEO) 4.9.10\" \/>\n\t\t<meta property=\"og:locale\" content=\"pl_PL\" \/>\n\t\t<meta property=\"og:site_name\" content=\"blog Skalnik - Blog, porady, artyku\u0142y - blog Skalnik\" \/>\n\t\t<meta property=\"og:type\" content=\"article\" \/>\n\t\t<meta property=\"og:title\" content=\"Via ferraty w Andaluzji - blog Skalnik\" \/>\n\t\t<meta property=\"og:description\" content=\"Via ferraty w Andaluzji to ciekawy spos\u00f3b na urozmaicenie pobytu w tej hiszpa\u0144skiej prowincji. Sprawd\u017a, co oferuje via ferrata El Chorro i via ferraty w Comares.\" \/>\n\t\t<meta property=\"og:url\" content=\"https:\/\/www.skalnik.pl\/blog\/via-ferraty-w-andaluzji\/\" \/>\n\t\t<meta property=\"og:image\" content=\"https:\/\/skalnik.pl\/blog\/wp-content\/uploads\/2020\/06\/el-chorro-1024x597.jpg\" \/>\n\t\t<meta property=\"og:image:secure_url\" content=\"https:\/\/skalnik.pl\/blog\/wp-content\/uploads\/2020\/06\/el-chorro-1024x597.jpg\" \/>\n\t\t<meta property=\"article:tag\" content=\"pasja\" \/>\n\t\t<meta property=\"article:tag\" content=\"podr\u00f3\u017ce\" \/>\n\t\t<meta property=\"article:tag\" content=\"via ferrata\" \/>\n\t\t<meta property=\"article:published_time\" content=\"2020-07-12T11:29:00+00:00\" \/>\n\t\t<meta property=\"article:modified_time\" content=\"2021-05-21T13:19:39+00:00\" \/>\n\t\t<meta name=\"twitter:card\" content=\"summary_large_image\" \/>\n\t\t<meta name=\"twitter:title\" content=\"Via ferraty w Andaluzji - blog Skalnik\" \/>\n\t\t<meta name=\"twitter:description\" content=\"Via ferraty w Andaluzji to ciekawy spos\u00f3b na urozmaicenie pobytu w tej hiszpa\u0144skiej prowincji. Sprawd\u017a, co oferuje via ferrata El Chorro i via ferraty w Comares.\" \/>\n\t\t<meta name=\"twitter:image\" content=\"https:\/\/skalnik.pl\/blog\/wp-content\/uploads\/2020\/06\/el-chorro-1024x597.jpg\" \/>\n\t\t<script type=\"application\/ld+json\" class=\"aioseo-schema\">\n\t\t\t{\"@context\":\"https:\\\/\\\/schema.org\",\"@graph\":[{\"@type\":\"BlogPosting\",\"@id\":\"https:\\\/\\\/www.skalnik.pl\\\/blog\\\/via-ferraty-w-andaluzji\\\/#blogposting\",\"name\":\"Via ferraty w Andaluzji - blog Skalnik\",\"headline\":\"Via ferraty w Andaluzji\",\"author\":{\"@id\":\"https:\\\/\\\/www.skalnik.pl\\\/blog\\\/author\\\/beata-nawrotkiewicz\\\/#author\"},\"publisher\":{\"@id\":\"https:\\\/\\\/www.skalnik.pl\\\/blog\\\/#organization\"},\"image\":{\"@type\":\"ImageObject\",\"url\":\"https:\\\/\\\/www.skalnik.pl\\\/blog\\\/wp-content\\\/uploads\\\/2020\\\/03\\\/ferrata-comares-glowne.jpg\",\"width\":1920,\"height\":705,\"caption\":\"via ferrata comares widok\"},\"datePublished\":\"2020-07-12T13:29:00+02:00\",\"dateModified\":\"2021-05-21T15:19:39+02:00\",\"inLanguage\":\"pl-PL\",\"mainEntityOfPage\":{\"@id\":\"https:\\\/\\\/www.skalnik.pl\\\/blog\\\/via-ferraty-w-andaluzji\\\/#webpage\"},\"isPartOf\":{\"@id\":\"https:\\\/\\\/www.skalnik.pl\\\/blog\\\/via-ferraty-w-andaluzji\\\/#webpage\"},\"articleSection\":\"Pasja, podr\\u00f3\\u017ce, via ferrata, 1191\"},{\"@type\":\"BreadcrumbList\",\"@id\":\"https:\\\/\\\/www.skalnik.pl\\\/blog\\\/via-ferraty-w-andaluzji\\\/#breadcrumblist\",\"itemListElement\":[{\"@type\":\"ListItem\",\"@id\":\"https:\\\/\\\/www.skalnik.pl\\\/blog#listItem\",\"position\":1,\"name\":\"Home\",\"item\":\"https:\\\/\\\/www.skalnik.pl\\\/blog\",\"nextItem\":{\"@type\":\"ListItem\",\"@id\":\"https:\\\/\\\/www.skalnik.pl\\\/blog\\\/.\\\/pasja\\\/#listItem\",\"name\":\"Pasja\"}},{\"@type\":\"ListItem\",\"@id\":\"https:\\\/\\\/www.skalnik.pl\\\/blog\\\/.\\\/pasja\\\/#listItem\",\"position\":2,\"name\":\"Pasja\",\"item\":\"https:\\\/\\\/www.skalnik.pl\\\/blog\\\/.\\\/pasja\\\/\",\"nextItem\":{\"@type\":\"ListItem\",\"@id\":\"https:\\\/\\\/www.skalnik.pl\\\/blog\\\/via-ferraty-w-andaluzji\\\/#listItem\",\"name\":\"Via ferraty w Andaluzji\"},\"previousItem\":{\"@type\":\"ListItem\",\"@id\":\"https:\\\/\\\/www.skalnik.pl\\\/blog#listItem\",\"name\":\"Home\"}},{\"@type\":\"ListItem\",\"@id\":\"https:\\\/\\\/www.skalnik.pl\\\/blog\\\/via-ferraty-w-andaluzji\\\/#listItem\",\"position\":3,\"name\":\"Via ferraty w Andaluzji\",\"previousItem\":{\"@type\":\"ListItem\",\"@id\":\"https:\\\/\\\/www.skalnik.pl\\\/blog\\\/.\\\/pasja\\\/#listItem\",\"name\":\"Pasja\"}}]},{\"@type\":\"Organization\",\"@id\":\"https:\\\/\\\/www.skalnik.pl\\\/blog\\\/#organization\",\"name\":\"blog Skalnik\",\"description\":\"Blog, porady, artyku\\u0142y - blog Skalnik\",\"url\":\"https:\\\/\\\/www.skalnik.pl\\\/blog\\\/\"},{\"@type\":\"Person\",\"@id\":\"https:\\\/\\\/www.skalnik.pl\\\/blog\\\/author\\\/beata-nawrotkiewicz\\\/#author\",\"url\":\"https:\\\/\\\/www.skalnik.pl\\\/blog\\\/author\\\/beata-nawrotkiewicz\\\/\",\"name\":\"Beata Nawrotkiewicz\",\"image\":{\"@type\":\"ImageObject\",\"@id\":\"https:\\\/\\\/www.skalnik.pl\\\/blog\\\/via-ferraty-w-andaluzji\\\/#authorImage\",\"url\":\"https:\\\/\\\/secure.gravatar.com\\\/avatar\\\/53cf81cfcc3a81694535515925ffcf159be725e8bd1fb455eeb9e2cadcaa5684?s=96&d=mm&r=g\",\"width\":96,\"height\":96,\"caption\":\"Beata Nawrotkiewicz\"}},{\"@type\":\"WebPage\",\"@id\":\"https:\\\/\\\/www.skalnik.pl\\\/blog\\\/via-ferraty-w-andaluzji\\\/#webpage\",\"url\":\"https:\\\/\\\/www.skalnik.pl\\\/blog\\\/via-ferraty-w-andaluzji\\\/\",\"name\":\"Via ferraty w Andaluzji - blog Skalnik\",\"description\":\"Via ferraty w Andaluzji to ciekawy spos\\u00f3b na urozmaicenie pobytu w tej hiszpa\\u0144skiej prowincji. Sprawd\\u017a, co oferuje via ferrata El Chorro i via ferraty w Comares.\",\"inLanguage\":\"pl-PL\",\"isPartOf\":{\"@id\":\"https:\\\/\\\/www.skalnik.pl\\\/blog\\\/#website\"},\"breadcrumb\":{\"@id\":\"https:\\\/\\\/www.skalnik.pl\\\/blog\\\/via-ferraty-w-andaluzji\\\/#breadcrumblist\"},\"author\":{\"@id\":\"https:\\\/\\\/www.skalnik.pl\\\/blog\\\/author\\\/beata-nawrotkiewicz\\\/#author\"},\"creator\":{\"@id\":\"https:\\\/\\\/www.skalnik.pl\\\/blog\\\/author\\\/beata-nawrotkiewicz\\\/#author\"},\"image\":{\"@type\":\"ImageObject\",\"url\":\"https:\\\/\\\/www.skalnik.pl\\\/blog\\\/wp-content\\\/uploads\\\/2020\\\/03\\\/ferrata-comares-glowne.jpg\",\"@id\":\"https:\\\/\\\/www.skalnik.pl\\\/blog\\\/via-ferraty-w-andaluzji\\\/#mainImage\",\"width\":1920,\"height\":705,\"caption\":\"via ferrata comares widok\"},\"primaryImageOfPage\":{\"@id\":\"https:\\\/\\\/www.skalnik.pl\\\/blog\\\/via-ferraty-w-andaluzji\\\/#mainImage\"},\"datePublished\":\"2020-07-12T13:29:00+02:00\",\"dateModified\":\"2021-05-21T15:19:39+02:00\"},{\"@type\":\"WebSite\",\"@id\":\"https:\\\/\\\/www.skalnik.pl\\\/blog\\\/#website\",\"url\":\"https:\\\/\\\/www.skalnik.pl\\\/blog\\\/\",\"name\":\"blog Skalnik\",\"description\":\"Blog, porady, artyku\\u0142y - blog Skalnik\",\"inLanguage\":\"pl-PL\",\"publisher\":{\"@id\":\"https:\\\/\\\/www.skalnik.pl\\\/blog\\\/#organization\"}}]}\n\t\t<\/script>\n\t\t<!-- All in One SEO -->\n\n","aioseo_head_json":{"title":"Via ferraty w Andaluzji - blog Skalnik","description":"Via ferraty w Andaluzji to ciekawy spos\u00f3b na urozmaicenie pobytu w tej hiszpa\u0144skiej prowincji. Sprawd\u017a, co oferuje via ferrata El Chorro i via ferraty w Comares.","canonical_url":"https:\/\/www.skalnik.pl\/blog\/via-ferraty-w-andaluzji\/","robots":"max-image-preview:large","keywords":"","webmasterTools":{"miscellaneous":""},"schema":{"@context":"https:\/\/schema.org","@graph":[{"@type":"BlogPosting","@id":"https:\/\/www.skalnik.pl\/blog\/via-ferraty-w-andaluzji\/#blogposting","name":"Via ferraty w Andaluzji - blog Skalnik","headline":"Via ferraty w Andaluzji","author":{"@id":"https:\/\/www.skalnik.pl\/blog\/author\/beata-nawrotkiewicz\/#author"},"publisher":{"@id":"https:\/\/www.skalnik.pl\/blog\/#organization"},"image":{"@type":"ImageObject","url":"https:\/\/www.skalnik.pl\/blog\/wp-content\/uploads\/2020\/03\/ferrata-comares-glowne.jpg","width":1920,"height":705,"caption":"via ferrata comares widok"},"datePublished":"2020-07-12T13:29:00+02:00","dateModified":"2021-05-21T15:19:39+02:00","inLanguage":"pl-PL","mainEntityOfPage":{"@id":"https:\/\/www.skalnik.pl\/blog\/via-ferraty-w-andaluzji\/#webpage"},"isPartOf":{"@id":"https:\/\/www.skalnik.pl\/blog\/via-ferraty-w-andaluzji\/#webpage"},"articleSection":"Pasja, podr\u00f3\u017ce, via ferrata, 1191"},{"@type":"BreadcrumbList","@id":"https:\/\/www.skalnik.pl\/blog\/via-ferraty-w-andaluzji\/#breadcrumblist","itemListElement":[{"@type":"ListItem","@id":"https:\/\/www.skalnik.pl\/blog#listItem","position":1,"name":"Home","item":"https:\/\/www.skalnik.pl\/blog","nextItem":{"@type":"ListItem","@id":"https:\/\/www.skalnik.pl\/blog\/.\/pasja\/#listItem","name":"Pasja"}},{"@type":"ListItem","@id":"https:\/\/www.skalnik.pl\/blog\/.\/pasja\/#listItem","position":2,"name":"Pasja","item":"https:\/\/www.skalnik.pl\/blog\/.\/pasja\/","nextItem":{"@type":"ListItem","@id":"https:\/\/www.skalnik.pl\/blog\/via-ferraty-w-andaluzji\/#listItem","name":"Via ferraty w Andaluzji"},"previousItem":{"@type":"ListItem","@id":"https:\/\/www.skalnik.pl\/blog#listItem","name":"Home"}},{"@type":"ListItem","@id":"https:\/\/www.skalnik.pl\/blog\/via-ferraty-w-andaluzji\/#listItem","position":3,"name":"Via ferraty w Andaluzji","previousItem":{"@type":"ListItem","@id":"https:\/\/www.skalnik.pl\/blog\/.\/pasja\/#listItem","name":"Pasja"}}]},{"@type":"Organization","@id":"https:\/\/www.skalnik.pl\/blog\/#organization","name":"blog Skalnik","description":"Blog, porady, artyku\u0142y - blog Skalnik","url":"https:\/\/www.skalnik.pl\/blog\/"},{"@type":"Person","@id":"https:\/\/www.skalnik.pl\/blog\/author\/beata-nawrotkiewicz\/#author","url":"https:\/\/www.skalnik.pl\/blog\/author\/beata-nawrotkiewicz\/","name":"Beata Nawrotkiewicz","image":{"@type":"ImageObject","@id":"https:\/\/www.skalnik.pl\/blog\/via-ferraty-w-andaluzji\/#authorImage","url":"https:\/\/secure.gravatar.com\/avatar\/53cf81cfcc3a81694535515925ffcf159be725e8bd1fb455eeb9e2cadcaa5684?s=96&d=mm&r=g","width":96,"height":96,"caption":"Beata Nawrotkiewicz"}},{"@type":"WebPage","@id":"https:\/\/www.skalnik.pl\/blog\/via-ferraty-w-andaluzji\/#webpage","url":"https:\/\/www.skalnik.pl\/blog\/via-ferraty-w-andaluzji\/","name":"Via ferraty w Andaluzji - blog Skalnik","description":"Via ferraty w Andaluzji to ciekawy spos\u00f3b na urozmaicenie pobytu w tej hiszpa\u0144skiej prowincji. Sprawd\u017a, co oferuje via ferrata El Chorro i via ferraty w Comares.","inLanguage":"pl-PL","isPartOf":{"@id":"https:\/\/www.skalnik.pl\/blog\/#website"},"breadcrumb":{"@id":"https:\/\/www.skalnik.pl\/blog\/via-ferraty-w-andaluzji\/#breadcrumblist"},"author":{"@id":"https:\/\/www.skalnik.pl\/blog\/author\/beata-nawrotkiewicz\/#author"},"creator":{"@id":"https:\/\/www.skalnik.pl\/blog\/author\/beata-nawrotkiewicz\/#author"},"image":{"@type":"ImageObject","url":"https:\/\/www.skalnik.pl\/blog\/wp-content\/uploads\/2020\/03\/ferrata-comares-glowne.jpg","@id":"https:\/\/www.skalnik.pl\/blog\/via-ferraty-w-andaluzji\/#mainImage","width":1920,"height":705,"caption":"via ferrata comares widok"},"primaryImageOfPage":{"@id":"https:\/\/www.skalnik.pl\/blog\/via-ferraty-w-andaluzji\/#mainImage"},"datePublished":"2020-07-12T13:29:00+02:00","dateModified":"2021-05-21T15:19:39+02:00"},{"@type":"WebSite","@id":"https:\/\/www.skalnik.pl\/blog\/#website","url":"https:\/\/www.skalnik.pl\/blog\/","name":"blog Skalnik","description":"Blog, porady, artyku\u0142y - blog Skalnik","inLanguage":"pl-PL","publisher":{"@id":"https:\/\/www.skalnik.pl\/blog\/#organization"}}]},"og:locale":"pl_PL","og:site_name":"blog Skalnik - Blog, porady, artyku\u0142y - blog Skalnik","og:type":"article","og:title":"Via ferraty w Andaluzji - blog Skalnik","og:description":"Via ferraty w Andaluzji to ciekawy spos\u00f3b na urozmaicenie pobytu w tej hiszpa\u0144skiej prowincji. Sprawd\u017a, co oferuje via ferrata El Chorro i via ferraty w Comares.","og:url":"https:\/\/www.skalnik.pl\/blog\/via-ferraty-w-andaluzji\/","og:image":"https:\/\/skalnik.pl\/blog\/wp-content\/uploads\/2020\/06\/el-chorro-1024x597.jpg","og:image:secure_url":"https:\/\/skalnik.pl\/blog\/wp-content\/uploads\/2020\/06\/el-chorro-1024x597.jpg","article:tag":["pasja","podr\u00f3\u017ce","via ferrata"],"article:published_time":"2020-07-12T11:29:00+00:00","article:modified_time":"2021-05-21T13:19:39+00:00","twitter:card":"summary_large_image","twitter:title":"Via ferraty w Andaluzji - blog Skalnik","twitter:description":"Via ferraty w Andaluzji to ciekawy spos\u00f3b na urozmaicenie pobytu w tej hiszpa\u0144skiej prowincji. Sprawd\u017a, co oferuje via ferrata El Chorro i via ferraty w Comares.","twitter:image":"https:\/\/skalnik.pl\/blog\/wp-content\/uploads\/2020\/06\/el-chorro-1024x597.jpg"},"aioseo_meta_data":{"post_id":"11823","title":null,"description":"Via ferraty w Andaluzji to ciekawy spos\u00f3b na urozmaicenie pobytu w tej hiszpa\u0144skiej prowincji. Sprawd\u017a, co oferuje via ferrata El Chorro i via ferraty w Comares.","keywords":[{"label":"via ferrata","value":"via ferrata"},{"label":"ferrata","value":"ferrata"},{"label":"zestaw via ferrata","value":"zestaw via ferrata"},{"label":"via ferrata hiszpania","value":"via ferrata hiszpania"},{"label":"via ferrata sprz\u0119t","value":"via ferrata sprz\u0119t"}],"keyphrases":null,"primary_term":null,"canonical_url":"","og_title":null,"og_description":null,"og_object_type":"default","og_image_type":"default","og_image_url":null,"og_image_width":null,"og_image_height":null,"og_image_custom_url":null,"og_image_custom_fields":null,"og_video":null,"og_custom_url":null,"og_article_section":null,"og_article_tags":null,"twitter_use_og":false,"twitter_card":"default","twitter_image_type":"default","twitter_image_url":null,"twitter_image_custom_url":null,"twitter_image_custom_fields":null,"twitter_title":null,"twitter_description":null,"schema":{"blockGraphs":[],"customGraphs":[],"default":{"data":{"Article":[],"Course":[],"Dataset":[],"FAQPage":[],"Movie":[],"Person":[],"Product":[],"ProductReview":[],"Car":[],"Recipe":[],"Service":[],"SoftwareApplication":[],"WebPage":[]},"graphName":"BlogPosting","isEnabled":true},"graphs":[]},"schema_type":"default","schema_type_options":null,"pillar_content":false,"robots_default":true,"robots_noindex":false,"robots_noarchive":false,"robots_nosnippet":false,"robots_nofollow":false,"robots_noimageindex":false,"robots_noodp":false,"robots_notranslate":false,"robots_max_snippet":null,"robots_max_videopreview":null,"robots_max_imagepreview":"large","priority":null,"frequency":null,"local_seo":null,"breadcrumb_settings":null,"limit_modified_date":false,"ai":null,"created":"2022-08-26 10:19:56","updated":"2026-02-17 21:52:27","seo_analyzer_scan_date":null},"aioseo_breadcrumb":"<div class=\"aioseo-breadcrumbs\"><span class=\"aioseo-breadcrumb\">\n\t\t\t<a href=\"https:\/\/www.skalnik.pl\/blog\" title=\"Home\">Home<\/a>\n\t\t<\/span><span class=\"aioseo-breadcrumb-separator\">&raquo;<\/span><span class=\"aioseo-breadcrumb\">\n\t\t\t<a href=\"https:\/\/www.skalnik.pl\/blog\/.\/pasja\/\" title=\"Pasja\">Pasja<\/a>\n\t\t<\/span><span class=\"aioseo-breadcrumb-separator\">&raquo;<\/span><span class=\"aioseo-breadcrumb\">\n\t\t\tVia ferraty w Andaluzji\n\t\t<\/span><\/div>","aioseo_breadcrumb_json":[{"label":"Home","link":"https:\/\/www.skalnik.pl\/blog"},{"label":"Pasja","link":"https:\/\/www.skalnik.pl\/blog\/.\/pasja\/"},{"label":"Via ferraty w Andaluzji","link":"https:\/\/www.skalnik.pl\/blog\/via-ferraty-w-andaluzji\/"}],"_links":{"self":[{"href":"https:\/\/www.skalnik.pl\/blog\/wp-json\/wp\/v2\/posts\/11823","targetHints":{"allow":["GET"]}}],"collection":[{"href":"https:\/\/www.skalnik.pl\/blog\/wp-json\/wp\/v2\/posts"}],"about":[{"href":"https:\/\/www.skalnik.pl\/blog\/wp-json\/wp\/v2\/types\/post"}],"author":[{"embeddable":true,"href":"https:\/\/www.skalnik.pl\/blog\/wp-json\/wp\/v2\/users\/9"}],"replies":[{"embeddable":true,"href":"https:\/\/www.skalnik.pl\/blog\/wp-json\/wp\/v2\/comments?post=11823"}],"version-history":[{"count":21,"href":"https:\/\/www.skalnik.pl\/blog\/wp-json\/wp\/v2\/posts\/11823\/revisions"}],"predecessor-version":[{"id":12704,"href":"https:\/\/www.skalnik.pl\/blog\/wp-json\/wp\/v2\/posts\/11823\/revisions\/12704"}],"wp:featuredmedia":[{"embeddable":true,"href":"https:\/\/www.skalnik.pl\/blog\/wp-json\/wp\/v2\/media\/11837"}],"wp:attachment":[{"href":"https:\/\/www.skalnik.pl\/blog\/wp-json\/wp\/v2\/media?parent=11823"}],"wp:term":[{"taxonomy":"category","embeddable":true,"href":"https:\/\/www.skalnik.pl\/blog\/wp-json\/wp\/v2\/categories?post=11823"},{"taxonomy":"post_tag","embeddable":true,"href":"https:\/\/www.skalnik.pl\/blog\/wp-json\/wp\/v2\/tags?post=11823"},{"taxonomy":"magento_category","embeddable":true,"href":"https:\/\/www.skalnik.pl\/blog\/wp-json\/wp\/v2\/magento_category?post=11823"},{"taxonomy":"magento_product","embeddable":true,"href":"https:\/\/www.skalnik.pl\/blog\/wp-json\/wp\/v2\/magento_product?post=11823"}],"curies":[{"name":"wp","href":"https:\/\/api.w.org\/{rel}","templated":true}]}}