{"id":12275,"date":"2020-05-18T10:39:26","date_gmt":"2020-05-18T08:39:26","guid":{"rendered":"https:\/\/skalnik.pl\/blog\/?p=12275"},"modified":"2022-08-02T13:59:03","modified_gmt":"2022-08-02T11:59:03","slug":"korona-gor-polski-wysoka-kopa","status":"publish","type":"post","link":"https:\/\/www.skalnik.pl\/blog\/korona-gor-polski-wysoka-kopa\/","title":{"rendered":"Korona G\u00f3r Polski \u2013 Wysoka Kopa"},"content":{"rendered":"\n<p><strong>Wznosz\u0105ca si\u0119 na wysoko\u015b\u0107 1126 m n.p.m. Wysoka Kopa, to najwy\u017cszy szczyt G\u00f3r Izerskich. Mimo niskiego \u201ewzrostu\u201d mo\u017ce przyci\u0105ga\u0107 swoj\u0105 unikaln\u0105 aur\u0105 i mikroklimatem. Jest dziesi\u0105tym pod wzgl\u0119dem wysoko\u015bci szczytem nale\u017c\u0105cym do Korony G\u00f3r Polski i to w\u0142a\u015bnie dlatego po\u015bwi\u0119camy jej artyku\u0142 w naszej serii Korona G\u00f3r Polski.<\/strong><\/p>\n\n\n\n<p>Wysoka Kopa le\u017cy w Sudetach Zachodnich, w cz\u0119\u015bci G\u00f3r Izerskich nazywanych Wysokim Grzbietem. Cho\u0107 sam szczyt le\u017cy poza znakowanymi szlakami, jest to cel wszystkich turyst\u00f3w kompletuj\u0105cych szczyty KGP. Chocia\u017c wysoko\u015b\u0107 wzgl\u0119dna Wysokiej Kopy nie nale\u017cy do rekordowych, to samo miejsce jest niesamowicie urokliwe i co roku czaruje swoich zdobywc\u00f3w.<\/p>\n\n\n\n<p>Sudety to nie tylko Karkonosze. Cho\u0107 te, wraz ze \u015anie\u017ck\u0105 \u2013 o kt\u00f3rej pisali\u015bmy w poprzednim artykule serii (<a href=\"https:\/\/skalnik.pl\/blog\/korona-gor-polski-sniezka\/\" target=\"_blank\" rel=\"noreferrer noopener\" aria-label=\"zobacz (otwiera si\u0119 na nowej zak\u0142adce)\">zobacz<\/a>) \u2013 przyci\u0105gaj\u0105 masy i cz\u0119sto bywaj\u0105 zat\u0142oczone, to niepozorne Izery s\u0105 wyj\u0105tkow\u0105 alternatyw\u0105. G\u00f3ry Izerskie rozci\u0105gaj\u0105 si\u0119 na terytorium dw\u00f3ch pa\u0144stw \u2013 Polski i Czech. Cho\u0107 to pasmo mniej odwiedzane, to w g\u00f3rach tych kryje si\u0119 wiele atrakcji. <\/p>\n\n\n\n<p>\u0141agodne wzniesienia i dobrze przygotowane szlaki piesze przyci\u0105gaj\u0105 ca\u0142e rodziny. G\u00f3ry Izerskie i Jakuszyce to miejsce dla rowerzyst\u00f3w i mi\u0142o\u015bnik\u00f3w zimowych szale\u0144stw, kt\u00f3rzy ch\u0119tnie zak\u0142adaj\u0105 narty biegowe. Wybieraj\u0105c si\u0119 na bieg\u00f3wki w okolice Jakuszyc mo\u017cecie by\u0107 pewni \u015bwietnie przygotowanych i ciekawych tras.<\/p>\n\n\n\n<div class=\"wp-block-image\"><figure class=\"aligncenter size-large\"><img loading=\"lazy\" decoding=\"async\" width=\"1024\" height=\"681\" src=\"https:\/\/skalnik.pl\/blog\/wp-content\/uploads\/2020\/05\/Ar-Li-pixabay-g\u00f3ry-izerskie-rowery.jpg\" alt=\"rowery g\u00f3ry izerskie\" class=\"wp-image-12344\" srcset=\"https:\/\/www.skalnik.pl\/blog\/wp-content\/uploads\/2020\/05\/Ar-Li-pixabay-g\u00f3ry-izerskie-rowery.jpg 1024w, https:\/\/www.skalnik.pl\/blog\/wp-content\/uploads\/2020\/05\/Ar-Li-pixabay-g\u00f3ry-izerskie-rowery-300x200.jpg 300w, https:\/\/www.skalnik.pl\/blog\/wp-content\/uploads\/2020\/05\/Ar-Li-pixabay-g\u00f3ry-izerskie-rowery-768x511.jpg 768w\" sizes=\"auto, (max-width: 1024px) 100vw, 1024px\" \/><figcaption><em>Szlaki G\u00f3r Izerskich to latem raj dla amator\u00f3w kolarstwa g\u00f3rskiego, a zim\u0105 mekka dla narciarzy na bieg\u00f3wkach (fot. Ar Li, pixabay)<\/em><\/figcaption><\/figure><\/div>\n\n\n\n<div id=\"ez-toc-container\" class=\"ez-toc-v2_0_85 counter-hierarchy ez-toc-counter ez-toc-light-blue ez-toc-container-direction\">\n<div class=\"ez-toc-title-container\">\n<p class=\"ez-toc-title\" style=\"cursor:inherit\">SPIS TRE\u015aCI <\/p>\n<span class=\"ez-toc-title-toggle\"><a href=\"#\" class=\"ez-toc-pull-right ez-toc-btn ez-toc-btn-xs ez-toc-btn-default ez-toc-toggle\" aria-label=\"Prze\u0142\u0105cznik Spisu Tre\u015bci\"><span class=\"ez-toc-js-icon-con\"><span class=\"\"><span class=\"eztoc-hide\" style=\"display:none;\">Toggle<\/span><span class=\"ez-toc-icon-toggle-span\"><svg style=\"fill: #999;color:#999\" xmlns=\"http:\/\/www.w3.org\/2000\/svg\" class=\"list-377408\" width=\"20px\" height=\"20px\" viewBox=\"0 0 24 24\" fill=\"none\"><path d=\"M6 6H4v2h2V6zm14 0H8v2h12V6zM4 11h2v2H4v-2zm16 0H8v2h12v-2zM4 16h2v2H4v-2zm16 0H8v2h12v-2z\" fill=\"currentColor\"><\/path><\/svg><svg style=\"fill: #999;color:#999\" class=\"arrow-unsorted-368013\" xmlns=\"http:\/\/www.w3.org\/2000\/svg\" width=\"10px\" height=\"10px\" viewBox=\"0 0 24 24\" version=\"1.2\" baseProfile=\"tiny\"><path d=\"M18.2 9.3l-6.2-6.3-6.2 6.3c-.2.2-.3.4-.3.7s.1.5.3.7c.2.2.4.3.7.3h11c.3 0 .5-.1.7-.3.2-.2.3-.5.3-.7s-.1-.5-.3-.7zM5.8 14.7l6.2 6.3 6.2-6.3c.2-.2.3-.5.3-.7s-.1-.5-.3-.7c-.2-.2-.4-.3-.7-.3h-11c-.3 0-.5.1-.7.3-.2.2-.3.5-.3.7s.1.5.3.7z\"\/><\/svg><\/span><\/span><\/span><\/a><\/span><\/div>\n<nav><ul class='ez-toc-list ez-toc-list-level-1 ' ><li class='ez-toc-page-1 ez-toc-heading-level-2'><a class=\"ez-toc-link ez-toc-heading-1\" href=\"https:\/\/www.skalnik.pl\/blog\/korona-gor-polski-wysoka-kopa\/#Wysoka_Kopa_%E2%80%93_wyjatkowy_klimat\" >Wysoka Kopa \u2013 wyj\u0105tkowy klimat<\/a><\/li><li class='ez-toc-page-1 ez-toc-heading-level-2'><a class=\"ez-toc-link ez-toc-heading-2\" href=\"https:\/\/www.skalnik.pl\/blog\/korona-gor-polski-wysoka-kopa\/#Wysoka_Kopa_%E2%80%93_przyroda\" >Wysoka Kopa \u2013 przyroda<\/a><\/li><li class='ez-toc-page-1 ez-toc-heading-level-2'><a class=\"ez-toc-link ez-toc-heading-3\" href=\"https:\/\/www.skalnik.pl\/blog\/korona-gor-polski-wysoka-kopa\/#Jak_dojechac_gdzie_spac_skad_wyruszyc\" >Jak dojecha\u0107, gdzie spa\u0107, sk\u0105d wyruszy\u0107?<\/a><\/li><li class='ez-toc-page-1 ez-toc-heading-level-2'><a class=\"ez-toc-link ez-toc-heading-4\" href=\"https:\/\/www.skalnik.pl\/blog\/korona-gor-polski-wysoka-kopa\/#Zanim_zdobedziesz_Wysoka_Kope_%E2%80%93_garsc_porad\" >Zanim zdob\u0119dziesz Wysok\u0105 Kop\u0119 \u2013 gar\u015b\u0107 porad<\/a><\/li><li class='ez-toc-page-1 ez-toc-heading-level-2'><a class=\"ez-toc-link ez-toc-heading-5\" href=\"https:\/\/www.skalnik.pl\/blog\/korona-gor-polski-wysoka-kopa\/#Wysoka_Kopa_%E2%80%93_ktora_droga_wejsc\" >Wysoka Kopa \u2013 kt\u00f3r\u0105 drog\u0105 wej\u015b\u0107?<\/a><ul class='ez-toc-list-level-3' ><li class='ez-toc-heading-level-3'><a class=\"ez-toc-link ez-toc-heading-6\" href=\"https:\/\/www.skalnik.pl\/blog\/korona-gor-polski-wysoka-kopa\/#Wysoka_Kopa_przez_Wysoki_Kamien_i_Przelecz_pod_Zwaliskiem\" >Wysoka Kopa przez Wysoki Kamie\u0144 i Prze\u0142\u0119cz pod Zwaliskiem<\/a><\/li><li class='ez-toc-page-1 ez-toc-heading-level-3'><a class=\"ez-toc-link ez-toc-heading-7\" href=\"https:\/\/www.skalnik.pl\/blog\/korona-gor-polski-wysoka-kopa\/#Swieradow-Zdroj_%E2%80%93_Stog_Izerski_%E2%80%93_Wysoka_Kopa\" >\u015awierad\u00f3w-Zdr\u00f3j &#8211;  St\u00f3g Izerski &#8211; Wysoka Kopa<\/a><\/li><li class='ez-toc-page-1 ez-toc-heading-level-3'><a class=\"ez-toc-link ez-toc-heading-8\" href=\"https:\/\/www.skalnik.pl\/blog\/korona-gor-polski-wysoka-kopa\/#Petla_Rozdroze_Izerskie_%E2%80%93_Wysoka_Kopa_%E2%80%93_Rozdroze_Izerskie\" >P\u0119tla Rozdro\u017ce Izerskie \u2013 Wysoka Kopa \u2013 Rozdro\u017ce Izerskie<\/a><\/li><\/ul><\/li><li class='ez-toc-page-1 ez-toc-heading-level-2'><a class=\"ez-toc-link ez-toc-heading-9\" href=\"https:\/\/www.skalnik.pl\/blog\/korona-gor-polski-wysoka-kopa\/#Wysoka_Kopa_i_Izery_%E2%80%93_ciekawostki\" >Wysoka Kopa i Izery &#8211; ciekawostki<\/a><\/li><\/ul><\/nav><\/div>\n<h2 class=\"wp-block-heading\"><span class=\"ez-toc-section\" id=\"Wysoka_Kopa_%E2%80%93_wyjatkowy_klimat\"><\/span>Wysoka Kopa \u2013 wyj\u0105tkowy klimat<span class=\"ez-toc-section-end\"><\/span><\/h2>\n\n\n\n<p>Gdyby zapyta\u0107 losowe osoby o najzimniejsze miejsce w Polsce, to te bez wahania odpowiedzia\u0142yby  z absolutnym przekonaniem: \u201eSuwa\u0142ki!\u201d. Niestety, ale odpowied\u017a ta nie nale\u017cy do poprawnych. To Izery, a dok\u0142adnie Hala Izerska s\u0105 polskim biegunem zimna. Najni\u017csza, zanotowana zim\u0105 temperatura wynosi\u0142a -36\u00b0C (pomiar z dnia 3 lutego 2012). <\/p>\n\n\n\n<p>Wysoka Kopa nie jest a\u017c tak surowa, jednak nale\u017cy pami\u0119ta\u0107, \u017ce powy\u017cej 600 m n.p.m. \u015brednia temperatura nie przekracza 15\u00b0C. Mo\u017cemy m\u00f3wi\u0107 w tym przypadku o braku termicznego lata. Im wy\u017cej b\u0119dziemy, tym z ni\u017csz\u0105 temperatur\u0105 musimy si\u0119 liczy\u0107. Powy\u017cej 800 m n.p.m. \u015brednia temperatur to zaledwie 4,5\u00b0C! <\/p>\n\n\n\n<p>Pr\u00f3buj\u0105c zdoby\u0107 ten szczyt Korony G\u00f3r Polski musimy liczy\u0107 si\u0119 z tymi jego urokami. Aura jest tu wyj\u0105tkowo zmienna i kapry\u015bna. Szczyt cz\u0119sto nawiedzaj\u0105 opady deszczu, \u015bniegu, a tak\u017ce mg\u0142y oraz porywisty wiatr. Pokrywa \u015bnie\u017cna potrafi utrzymywa\u0107 si\u0119 nawet do po\u0142owy maja, wi\u0119c na szlaku niezb\u0119dne mog\u0105 okaza\u0107 si\u0119 solidne buty trekkingowe, raczki i <a href=\"https:\/\/skalnik.pl\/sprzet-turystyczny\/akcesoria-turystyczne\/akcesoria-turystyczne-kije-trekkingowe\" target=\"_blank\" rel=\"noreferrer noopener\" aria-label=\"kijki trekkingowe (otwiera si\u0119 na nowej zak\u0142adce)\">kijki trekkingowe<\/a>.<\/p>\n\n\n\n<h2 class=\"wp-block-heading\"><span class=\"ez-toc-section\" id=\"Wysoka_Kopa_%E2%80%93_przyroda\"><\/span>Wysoka Kopa \u2013 przyroda<span class=\"ez-toc-section-end\"><\/span><\/h2>\n\n\n\n<p>W wyniku kl\u0119ski ekologicznej i kwa\u015bnych deszczy, kt\u00f3re mia\u0142y miejsce w latach 80. XX wieku kopu\u0142a szczytu sta\u0142a si\u0119 bezle\u015bna. Kl\u0119ska ta spowodowana by\u0142a ekstensywn\u0105 wycink\u0105 drzewostanu, gradacj\u0105 niewielkiego motyla \u2013 wska\u017anicy modrzewianeczki \u2013  i dzia\u0142alno\u015bci\u0105 fabryk przemys\u0142owych, kt\u00f3re s\u0105 nieodleg\u0142e od G\u00f3r Izerskich. Wysok\u0105 Kop\u0119 porastaj\u0105 \u0142\u0105ki subalpejskie i kosodrzewina oraz rzadkie, interesuj\u0105ce gatunki ro\u015blin charakterystyczne dla tego rodzaju terenu. Mi\u0142o\u015bnicy flory mog\u0105 znale\u017a\u0107 tu mi\u0119dzy innymi arcydzi\u0119giel litwor, czy zawilec narcyzowy. W okolicy szczytu Wysokiej Kopy zadomowi\u0142 si\u0119 cietrzew &#8211; ptak zagro\u017cony wygini\u0119ciem. <\/p>\n\n\n\n<iframe loading=\"lazy\" width=\"800\" height=\"442\" src=\"https:\/\/www.youtube.com\/embed\/BHBGkstM4KE\" title=\"YouTube video player\" frameborder=\"0\" allow=\"accelerometer; autoplay; clipboard-write; encrypted-media; gyroscope; picture-in-picture\" allowfullscreen><\/iframe>\n\n\n\n<h2 class=\"wp-block-heading\"><span class=\"ez-toc-section\" id=\"Jak_dojechac_gdzie_spac_skad_wyruszyc\"><\/span>Jak dojecha\u0107, gdzie spa\u0107, sk\u0105d wyruszy\u0107?<span class=\"ez-toc-section-end\"><\/span><\/h2>\n\n\n\n<p>\u017beby zdoby\u0107 Wysok\u0105 Kop\u0119 mo\u017cesz dojecha\u0107 poci\u0105giem do stacji Szklarska Por\u0119ba G\u00f3rna. W Szklarskiej Por\u0119bie baza noclegowo-turystyczna jest bardzo mocno rozbudowana. Samochodem mo\u017cna dojecha\u0107 r\u00f3wnie\u017c do \u015awieradowa-Zdr\u00f3j lub Rozdro\u017ca Izerskiego, z kt\u00f3rego mo\u017cesz bezpo\u015brednio ruszy\u0107 na sam szczyt. Je\u017celi nie w smak tobie spanie \u201ena dole\u201d na nocleg mo\u017cesz wybra\u0107 kultowe i lubiane schroniska turystyczne. Najpopularniejsze z nich to Chatka G\u00f3rzyst\u00f3w, Schronisko Orle oraz Schronisko na Stogu Izerskim.<\/p>\n\n\n\n<h2 class=\"wp-block-heading\"><span class=\"ez-toc-section\" id=\"Zanim_zdobedziesz_Wysoka_Kope_%E2%80%93_garsc_porad\"><\/span>Zanim zdob\u0119dziesz Wysok\u0105 Kop\u0119 \u2013 gar\u015b\u0107 porad<span class=\"ez-toc-section-end\"><\/span><\/h2>\n\n\n\n<p>Zanim wybierzesz si\u0119 na podb\u00f3j Wysokiej Kopy dok\u0142adnie zaplanuj przebieg swojego przej\u015bcia. Zadbaj o to, \u017ceby kto\u015b z twoich bliskich lub znajomych zna\u0142 przebieg twojej trasy. Miej przy sobie na\u0142adowany telefon, a w nim zapisany numer do s\u0142u\u017cb ratunkowych lub aplikacj\u0119 &#8222;Ratunek\u201d. Piecz\u0119 nad bezpiecze\u0144stwem przebywaj\u0105cych w Izerach turyst\u00f3w sprawuje Grupa Karkonoska GOPR (numer tel. 985 lub 601 100 300). Niezb\u0119dna b\u0119dzie mapa G\u00f3ry Izerskie lub aplikacja na telefon z aktualn\u0105 map\u0105 i naniesionymi na ni\u0105 szlakami (prywatnie korzystam z aplikacji mapy.cz).<\/p>\n\n\n\n<p>Przed wyj\u015bciem koniecznie zapoznaj si\u0119 z informacj\u0105 o warunkach pogodowych, jakie panuj\u0105 w g\u00f3rach i pami\u0119taj o niezb\u0119dnym sprz\u0119cie, kt\u00f3ry powiniene\u015b ze sob\u0105 zabra\u0107 (np. apteczka i <a href=\"https:\/\/skalnik.pl\/sprzet-turystyczny\/oswietlenie\/oswietlenie-czolowki\" target=\"_blank\" rel=\"noreferrer noopener\" aria-label=\"czo\u0142\u00f3wka (otwiera si\u0119 na nowej zak\u0142adce)\">czo\u0142\u00f3wka<\/a>, a zim\u0105 raczki). Najbardziej rzetelne informacje i ostrze\u017cenia meteorologiczne znajdziesz na stronie www.gopr.org.<\/p>\n\n\n\n<div class=\"wp-block-image\"><figure class=\"aligncenter size-large\"><img loading=\"lazy\" decoding=\"async\" width=\"1024\" height=\"682\" src=\"https:\/\/skalnik.pl\/blog\/wp-content\/uploads\/2020\/05\/IMG_6931-2-Niestandardowy.jpg\" alt=\"wiata wysoka kopa\" class=\"wp-image-12352\" srcset=\"https:\/\/www.skalnik.pl\/blog\/wp-content\/uploads\/2020\/05\/IMG_6931-2-Niestandardowy.jpg 1024w, https:\/\/www.skalnik.pl\/blog\/wp-content\/uploads\/2020\/05\/IMG_6931-2-Niestandardowy-300x200.jpg 300w, https:\/\/www.skalnik.pl\/blog\/wp-content\/uploads\/2020\/05\/IMG_6931-2-Niestandardowy-768x512.jpg 768w\" sizes=\"auto, (max-width: 1024px) 100vw, 1024px\" \/><figcaption><em>Surowy klimat tego pasma Sudet\u00f3w wymaga dobrego planowania. Za t\u0105 wiat\u0105 zaczyna si\u0119 nieznakowana \u015bcie\u017cka na najwy\u017cszy szczyt G\u00f3r Izerskich (fot. autor)  <\/em><\/figcaption><\/figure><\/div>\n\n\n\n<h2 class=\"wp-block-heading\"><span class=\"ez-toc-section\" id=\"Wysoka_Kopa_%E2%80%93_ktora_droga_wejsc\"><\/span>Wysoka Kopa \u2013 kt\u00f3r\u0105 drog\u0105 wej\u015b\u0107?<span class=\"ez-toc-section-end\"><\/span><\/h2>\n\n\n\n<p>Co mo\u017ce wyda\u0107 si\u0119 dziwne, na Wysok\u0105 Kop\u0119 nie prowadzi \u017caden szlak turystyczny. Dawniej w miejsce oznaczone jako szczyt prowadzi\u0142a wydeptana \u015bcie\u017cka. Dzi\u015b miejsce to jest ostoj\u0105 przyrody i z uwagi na ochron\u0119 cietrzewia nie ma do niego legalnego doj\u015bcia. Piecz\u0105ktka KGP na Wysokiej Kopie znajduje si\u0119 300 m od charakterystycznej wiaty skandynawskiej, na szlaku czerwonym (GSS) w stron\u0119 \u015awieradowa.<\/p>\n\n\n\n<h3 class=\"wp-block-heading\"><span class=\"ez-toc-section\" id=\"Wysoka_Kopa_przez_Wysoki_Kamien_i_Przelecz_pod_Zwaliskiem\"><\/span>Wysoka Kopa przez Wysoki Kamie\u0144 i Prze\u0142\u0119cz pod Zwaliskiem<span class=\"ez-toc-section-end\"><\/span><\/h3>\n\n\n\n<p> Czas: 3:20h<br> Dystans: 9 km<br> Suma podej\u015b\u0107: 630 m<\/p>\n\n\n\n<p>Pierwsz\u0105 propozycj\u0105 jest prosty i spokojny szlak, kt\u00f3ry sw\u00f3j pocz\u0105tek ma na stacji PKP Szklarska Por\u0119ba G\u00f3rna. Bezpo\u015brednio z niej wejd\u017a na szlak czerwony, czyli na G\u0142\u00f3wny Szlak Sudecki. Skieruj si\u0119 na Rozdro\u017ce pod Wysokim Kamieniem (767 m n.p.m), gdzie zaczyna si\u0119 podej\u015bcie pod Wysoki Kamie\u0144. Przed tob\u0105 2 km stromego podej\u015bcia z niemal\u017ce trzystumetrowym przewy\u017cszeniem. Osi\u0105gaj\u0105c Wysoki Kamie\u0144 (1058 m n.p.m) mo\u017cesz chwil\u0119 odpocz\u0105\u0107 i skorzysta\u0107 z oferty schroniska znajduj\u0105cego si\u0119 na szczycie. Przed tob\u0105 oko\u0142o 6 km do celu, a na swojej drodze natrafisz na liczne atrakcje takie jak grupa skalna zwana Zwaliskiem oraz opuszczona kopalnia kwarcu Stanis\u0142aw. Dalej, kieruj\u0105c si\u0119 czerwonym szlakiem powiniene\u015b znale\u017a\u0107 si\u0119 pod wiat\u0105 turystyczn\u0105, z kt\u00f3rej masz 300 metr\u00f3w do miejsca na szlaku, gdzie znajduje si\u0119 piecz\u0105tka KGP. <\/p>\n\n\n\n<div class=\"wp-block-image\"><figure class=\"aligncenter size-large\"><img loading=\"lazy\" decoding=\"async\" width=\"1024\" height=\"683\" src=\"https:\/\/skalnik.pl\/blog\/wp-content\/uploads\/2020\/05\/wysoki-kamie\u0144-wie\u017ca-widokowa.jpg\" alt=\"wysoki kamie\u0144 g\u00f3ry izerskie\" class=\"wp-image-12345\" srcset=\"https:\/\/www.skalnik.pl\/blog\/wp-content\/uploads\/2020\/05\/wysoki-kamie\u0144-wie\u017ca-widokowa.jpg 1024w, https:\/\/www.skalnik.pl\/blog\/wp-content\/uploads\/2020\/05\/wysoki-kamie\u0144-wie\u017ca-widokowa-300x200.jpg 300w, https:\/\/www.skalnik.pl\/blog\/wp-content\/uploads\/2020\/05\/wysoki-kamie\u0144-wie\u017ca-widokowa-768x512.jpg 768w\" sizes=\"auto, (max-width: 1024px) 100vw, 1024px\" \/><figcaption><em>Wysoki Kamie\u0144 oferuje pi\u0119kn\u0105 panoram\u0119 na Karkonosze. Na zdj\u0119ciu wie\u017ca widokowa w budowie <\/em><br><em>(fot. S\u0142awek Nosal)<\/em><\/figcaption><\/figure><\/div>\n\n\n\n<h3 class=\"wp-block-heading\"><span class=\"ez-toc-section\" id=\"Swieradow-Zdroj_%E2%80%93_Stog_Izerski_%E2%80%93_Wysoka_Kopa\"><\/span>\u015awierad\u00f3w-Zdr\u00f3j &#8211;  St\u00f3g Izerski &#8211; Wysoka Kopa<span class=\"ez-toc-section-end\"><\/span><\/h3>\n\n\n\n<p> Czas: 5:45h<br> Dystans: 17,5 km<br> Suma przewy\u017csze\u0144: 859 m<\/p>\n\n\n\n<p>To najd\u0142u\u017csza i najbardziej wymagaj\u0105ca trasa wiod\u0105ca na szczyt zaliczanej do KGP Wysokiej Kopy. Sw\u00f3j pocz\u0105tek ma w \u015awieradowie-Zdr\u00f3j i w ca\u0142o\u015bci prowadzi tras\u0105 G\u0142\u00f3wnego Szlaku Sudeckiego. Zaczynasz na wysoko\u015bci 526 m n.p.m, a przed tob\u0105 niemal\u017ce 5 km stromego podej\u015bcia. R\u00f3\u017cnica wysoko\u015bci mi\u0119dzy punktem pocz\u0105tkowym, a kolejnym punktem, kt\u00f3rym jest St\u00f3g Izerski wynosi a\u017c 600 metr\u00f3w. Na szcz\u0119\u015bcie na swojej drodze spotkasz schronisko, w kt\u00f3rym b\u0119dziesz m\u00f3g\u0142 odpocz\u0105\u0107 i zebra\u0107 si\u0142y na dalsz\u0105 cz\u0119\u015b\u0107 przej\u015bcia. <\/p>\n\n\n\n<p>Gdy opu\u015bcisz St\u00f3g Izerski b\u0119dziesz mie\u0107 przed sob\u0105 zdecydowanie \u0142atwiejsz\u0105 cz\u0119\u015b\u0107 szlaku. Po drodze przechodzi\u0107 b\u0119dziesz przed Polan\u0119 Izersk\u0105. Tutaj znajdziesz wiat\u0119, kt\u00f3ra da ci schronienie i umo\u017cliwi odpoczynek. Kolejnym charakterystycznym punktem na twojej trasie b\u0119dzie Rozdro\u017ce pod Kop\u0105, gdzie szlak czerwony i \u017c\u00f3\u0142ty krzy\u017cuj\u0105 si\u0119. Do wiaty pod Wysok\u0105 Kop\u0105 zosta\u0142o oko\u0142o 3 km z delikatnym podej\u015bciem. Zanim do niej dojdziesz, znajdziesz si\u0119 w umownym puncie szczytu Wysokiej Kopy, gdzie znajduje si\u0119 piecz\u0105tka KGP. <\/p>\n\n\n\n<h3 class=\"wp-block-heading\"><span class=\"ez-toc-section\" id=\"Petla_Rozdroze_Izerskie_%E2%80%93_Wysoka_Kopa_%E2%80%93_Rozdroze_Izerskie\"><\/span>P\u0119tla Rozdro\u017ce Izerskie \u2013 Wysoka Kopa \u2013 Rozdro\u017ce Izerskie<span class=\"ez-toc-section-end\"><\/span><\/h3>\n\n\n\n<p>Czas: 4:40h<br>Dystans: 15 km<br>Suma podej\u015b\u0107: 484 m<\/p>\n\n\n\n<iframe loading=\"lazy\" style=\"border:none\" src=\"https:\/\/en.frame.mapy.cz\/s\/jutugutoma\" width=\"800\" height=\"600\" frameborder=\"0\"><\/iframe>\n\n\n\n<p>Je\u017celi na hiking mo\u017cesz przeznaczy\u0107 jeden dzie\u0144, to p\u0119tla ta b\u0119dzie stanowi\u0107 ciekaw\u0105 propozycj\u0119. Rozdro\u017ce Izerskie same w sobie stanowi ju\u017c pewn\u0105 atrakcj\u0119. Jest ono granic\u0105 historycznych krain \u015al\u0105ska i \u0141u\u017cyc. Warto zwr\u00f3ci\u0107 uwag\u0119 na fundamenty, kt\u00f3re stanowi\u0105 pozosta\u0142o\u015b\u0107 po istniej\u0105cym tu w schronisku <em>Ludwigsbaude<\/em>. Schronisko w 1912 roku strawi\u0142 po\u017car, po czym zosta\u0142o ono odbudowane. Budynek funkcjonowa\u0142 jako schronisko jeszcze po II wojnie \u015bwiatowej, \u017ceby p\u00f3\u017aniej sta\u0107 si\u0119 prewentorium gru\u017aliczym dla dzieci, a nast\u0119pnie hotelem dla drwali. Przez kolejne lata budynek sta\u0142 pusty i zosta\u0142 przeznaczony do rozbi\u00f3rki, kt\u00f3ra nast\u0105pi\u0142a w 2013 roku.<\/p>\n\n\n\n<p>Najlepiej do Rozdro\u017ca Izerskiego b\u0119dzie dojecha\u0107 autem i tam te\u017c je mo\u017cesz pozostawi\u0107. Na miejscu jest spory parking i jest on punktem startowym tej\u017ce p\u0119tli. Z parkingu nale\u017cy skierowa\u0107 si\u0119 na szlak zielony, kt\u00f3ry pocz\u0105tkowo prowadzi nas przez \u0142agodne, szutrowe podej\u015bcie. Trasa jest przewa\u017cnie dobrze oznakowana. Jednak po przej\u015bciu oko\u0142o 1400 metr\u00f3w trzeba skupi\u0107 si\u0119 na trasie, bo zielony szlak nagle odbija w prawo i b\u0119dzie prowadzi\u0107 przez las. Podej\u015bcie staje si\u0119 te\u017c bardziej strome. Szlak prowadzi ca\u0142y czas przez las i aleje iglastych drzew. Po przej\u015bciu oko\u0142o 1000 metr\u00f3w podej\u015bcia teren jest mniej stromy, ale po\u0142o\u017cony jest zdecydowanie wy\u017cej. W tym miejscu mo\u017cesz liczy\u0107 si\u0119 z mocniejszym wiatrem i du\u017co bardziej kapry\u015bn\u0105 pogod\u0105.<\/p>\n\n\n\n<div class=\"wp-block-image\"><figure class=\"aligncenter size-large\"><img loading=\"lazy\" decoding=\"async\" width=\"1024\" height=\"683\" src=\"https:\/\/skalnik.pl\/blog\/wp-content\/uploads\/2020\/05\/rozdro\u017ce-pod-zwaliskiem.jpg\" alt=\"gory izerskie rozdro\u017ce pod zwaliskiem\" class=\"wp-image-12347\" srcset=\"https:\/\/www.skalnik.pl\/blog\/wp-content\/uploads\/2020\/05\/rozdro\u017ce-pod-zwaliskiem.jpg 1024w, https:\/\/www.skalnik.pl\/blog\/wp-content\/uploads\/2020\/05\/rozdro\u017ce-pod-zwaliskiem-300x200.jpg 300w, https:\/\/www.skalnik.pl\/blog\/wp-content\/uploads\/2020\/05\/rozdro\u017ce-pod-zwaliskiem-768x512.jpg 768w\" sizes=\"auto, (max-width: 1024px) 100vw, 1024px\" \/><figcaption><em>Rozdro\u017ce pod Zwaliskiem (fot. autor)<\/em><\/figcaption><\/figure><\/div>\n\n\n\n<p>Szlak zielony prowadzi do Rozdro\u017ca pod Zwaliskiem. Jest to skrzy\u017cowanie szlak\u00f3w: zielonego, niebieskiego i czerwonego (G\u0142\u00f3wny Szlak Sudecki). Tutaj nale\u017cy niemal\u017ce zawr\u00f3ci\u0107 i wej\u015b\u0107 na szlak czerwony. Trasa G\u0142\u00f3wnego Szlaku Sudeckiego doprowadzi ci\u0119 do grupy skalnej Zwaliska, kt\u00f3ra stanowi niebywa\u0142\u0105 atrakcj\u0119 tej p\u0119tli. Najwi\u0119ksz\u0105 atrakcj\u0105 taj grupy skalnej jest Wieczorny Zamek, kt\u00f3ry sta\u0142 si\u0119 przedmiotem legend i poda\u0144 zwi\u0105zanych z Walonami. Ska\u0142a, wygl\u0105dem przypominaj\u0105ca warowni\u0119, ma by\u0107 zakl\u0119tym zamkiem, kryj\u0105cym w sobie w walo\u0144skie skarby.<\/p>\n\n\n\n<div class=\"wp-block-image\"><figure class=\"aligncenter size-large\"><img loading=\"lazy\" decoding=\"async\" width=\"974\" height=\"683\" src=\"https:\/\/skalnik.pl\/blog\/wp-content\/uploads\/2020\/05\/IMG_6912-2-Niestandardowy.jpg\" alt=\"zwalisko g\u00f3ry izerskie wieczorny zamek\" class=\"wp-image-12349\" srcset=\"https:\/\/www.skalnik.pl\/blog\/wp-content\/uploads\/2020\/05\/IMG_6912-2-Niestandardowy.jpg 974w, https:\/\/www.skalnik.pl\/blog\/wp-content\/uploads\/2020\/05\/IMG_6912-2-Niestandardowy-300x210.jpg 300w, https:\/\/www.skalnik.pl\/blog\/wp-content\/uploads\/2020\/05\/IMG_6912-2-Niestandardowy-768x539.jpg 768w\" sizes=\"auto, (max-width: 974px) 100vw, 974px\" \/><figcaption><em>Zwalisko z Wieczornym Zamkiem to jedna z atrakcji tej drogi (fot. autor)<\/em><\/figcaption><\/figure><\/div>\n\n\n\n<p>Walonowie byli roma\u0144skim ludem, kt\u00f3ry trudni\u0142 si\u0119 wydobyciem cennych kruszc\u00f3w i minera\u0142\u00f3w. Byli niew\u0105tpliwymi specjalistami w tej dziedzinie. Sudety Zachodnie przyci\u0105ga\u0142y ich bogactwem minera\u0142\u00f3w, a przede wszystkim ogromnymi \u017cy\u0142ami kwarcu. Kolejn\u0105 atrakcj\u0119 tej cz\u0119\u015bci szlaku stanowi kopalnia Stanis\u0142aw. Mimo tego, \u017ce kopalnia zaniecha\u0142a swojej dzia\u0142alno\u015bci, to przez wiele lat po jej zamkni\u0119ciu stanowi\u0142a atrakcj\u0119 przez sw\u00f3j post-industrialny klimat. By\u0142a ona r\u00f3wnie\u017c najwy\u017cej po\u0142o\u017conym obiektem tego typu w Europie, a wydobywany tutaj kwarc, a mianowicie jego kryszta\u0142y, znane by\u0142y ze swojego uroku i wysokiej jako\u015bci.<\/p>\n\n\n\n<div class=\"wp-block-image\"><figure class=\"aligncenter size-large\"><img loading=\"lazy\" decoding=\"async\" width=\"1024\" height=\"683\" src=\"https:\/\/skalnik.pl\/blog\/wp-content\/uploads\/2020\/05\/kwarc-g\u00f3ry-izerskie.jpg\" alt=\"g\u00f3ry izerskie kwarc \" class=\"wp-image-12348\" srcset=\"https:\/\/www.skalnik.pl\/blog\/wp-content\/uploads\/2020\/05\/kwarc-g\u00f3ry-izerskie.jpg 1024w, https:\/\/www.skalnik.pl\/blog\/wp-content\/uploads\/2020\/05\/kwarc-g\u00f3ry-izerskie-300x200.jpg 300w, https:\/\/www.skalnik.pl\/blog\/wp-content\/uploads\/2020\/05\/kwarc-g\u00f3ry-izerskie-768x512.jpg 768w\" sizes=\"auto, (max-width: 1024px) 100vw, 1024px\" \/><figcaption><em>Kwarc z G\u00f3r Izerskich s\u0142yn\u0105\u0142 z wysokiej jako\u015bci i pi\u0119kna (fot. autor)<\/em><\/figcaption><\/figure><\/div>\n\n\n\n<p>Gdy miniesz kopalni\u0119, przed tob\u0105 b\u0119dzie ostatnie, lecz niewymagaj\u0105ce podej\u015bcie. Po jego pokonaniu szlak czerwony zawiedzie ci\u0119 do wiaty. Pami\u0119taj, \u017ce do punktu, kt\u00f3ry uznawano dawniej za szczyt Wysokiej Kopy nie ma ju\u017c doj\u015bcia. Znajduje si\u0119 tu ostoja zwierzyny, do kt\u00f3rej nie wolno ju\u017c wchodzi\u0107. Na szczycie chronimy zagro\u017cone wygini\u0119ciem cietrzewie, a po piecz\u0105tk\u0119 udajemy si\u0119 dalej szlakiem czerwonym, do umownego punktu z s\u0142upkiem i stempelkiem. <\/p>\n\n\n\n<div class=\"wp-block-image\"><figure class=\"aligncenter size-large\"><img loading=\"lazy\" decoding=\"async\" width=\"1024\" height=\"660\" src=\"https:\/\/skalnik.pl\/blog\/wp-content\/uploads\/2020\/05\/kgp-wysoka-kopa.jpg\" alt=\"wysoka kopa szczyt\" class=\"wp-image-12350\" srcset=\"https:\/\/www.skalnik.pl\/blog\/wp-content\/uploads\/2020\/05\/kgp-wysoka-kopa.jpg 1024w, https:\/\/www.skalnik.pl\/blog\/wp-content\/uploads\/2020\/05\/kgp-wysoka-kopa-300x193.jpg 300w, https:\/\/www.skalnik.pl\/blog\/wp-content\/uploads\/2020\/05\/kgp-wysoka-kopa-768x495.jpg 768w\" sizes=\"auto, (max-width: 1024px) 100vw, 1024px\" \/><figcaption><em>Bia\u0142o, zimno, najwy\u017cej w G\u00f3rach Izerskich. Szczyt oznaczony jest tabliczk\u0105 i kopczykiem. Dzi\u015b nie ma do tego punktu doj\u015bcia z uwagi na ochron\u0119 cietrzewi. Fotografia zosta\u0142a wykonana przed ustanowieniem tu zakazu wej\u015bcia.  (fot. autor)<\/em><\/figcaption><\/figure><\/div>\n\n\n\n<p>Po podbiciu ksi\u0105\u017ceczki KGP w\u0119druj dalej czerwonym szlakiem. Tutaj zaczyna si\u0119 zej\u015bcie, szlak jest prosty i \u0142agodny. Wybieraj\u0105c si\u0119 zim\u0105 warto pami\u0119ta\u0107, \u017ce ta cz\u0119\u015b\u0107 szlaku nie jest os\u0142oni\u0119ta drzewami i trzeba liczy\u0107 si\u0119 z silniejszymi podmuchami wiatru. Poruszaj\u0105c si\u0119 czerwonym szlakiem dojdziesz do Rozdro\u017ca pod Kop\u0105, gdzie czerwony szlak krzy\u017cuje si\u0119 z \u017c\u00f3\u0142tym. Z czerwonego szlaku nale\u017cy skr\u0119ci\u0107 w prawo i dalej pod\u0105\u017ca\u0107 za znakami \u017c\u00f3\u0142tymi. Tym szlakiem b\u0119dziesz i\u015b\u0107 przez najbli\u017csze 1,5 godziny, a\u017c do samego Rozdro\u017ca Izerskiego.<\/p>\n\n\n\n<div style=\"width:1024; height:600px; padding: 15px; resize:both; overflow: auto;\"> <div style=\"width:100%; height:100%; box-shadow: 5px 5px 15px #00000038;\"> <iframe src=\"https:\/\/kgp3d.amu.edu.pl\/szczyty\/WysokaKopa.html\" allow=\"xr xr-spatial-tracking\" style=\"height: 100%; width: 100%; border: 0;\"><\/iframe> <\/div> <\/div>\n\n\n\n<h2 class=\"wp-block-heading\"><span class=\"ez-toc-section\" id=\"Wysoka_Kopa_i_Izery_%E2%80%93_ciekawostki\"><\/span>Wysoka Kopa i Izery &#8211; ciekawostki<span class=\"ez-toc-section-end\"><\/span><\/h2>\n\n\n\n<ul><li>na Wysok\u0105 Kop\u0119 nie prowadzi \u017caden szlak<\/li>\n<li>najwy\u017cszy punkt g\u00f3r Izerskich wyznaczony jest kamiennym kopcem i tablic\u0105 szczytow\u0105 umieszczon\u0105 na drzewie; dzi\u015b do tego miejsca nie ma doj\u015bcia &#8211; zakaz ustanowiony jest dla ochrony cietrzewia <\/li>\n<li>Hala Izerska jest najzimniejszym miejscem w Polsce <\/li>\n<li>w 2009 powsta\u0142 polsko-czeski Izerski Park Ciemnego Nieba, gdzie przy czystym niebie, w ca\u0142ej okaza\u0142o\u015bci widzialna jest Droga Mleczna <\/li>\n<li>w g\u00f3rach Izerskich sw\u00f3j pocz\u0105tek ma G\u0142\u00f3wny Szlak Sudecki im. dr Mieczys\u0142awa Or\u0142owicza <\/li>\n<li>ze \u015awieradowa-Zdr\u00f3j, niemal\u017ce na sam St\u00f3g Izerski zawiezie ci\u0119 kolejka gondolowa <\/li>\n<li>w latach 80. XX wieku lasy g\u00f3r Izerskich ucierpia\u0142y w wyniku kl\u0119ski ekologicznej<\/li>\n<li>pokrywa \u015bnie\u017cna utrzymuje si\u0119 w g\u00f3rach Izerskich wyj\u0105tkowo d\u0142ugo, nawet do po\u0142owy maja <\/li>\n<li>G\u00f3ry Izerskie s\u0105 jednym z najczystszych rejon\u00f3w Polski <\/li>\n<li>na Hali Izerskiej utworzony zosta\u0142 Rezerwat Torfowisko Doliny Izery, na terenie kt\u00f3rego spotka\u0107 mo\u017cna znan\u0105 dla krajobrazu tundry brzoz\u0119 kar\u0142owat\u0105 <\/li>\n<li>jedynym obiektem turystycznym, kt\u00f3re oficjalnie mo\u017ce poszczyci\u0107 si\u0119 mianem schroniska, to schronisko na Stogu Izerskim <\/li>\n<li>schronisko na Wysokim Kamieniu zosta\u0142o w\u0142asnor\u0119cznie wzniesione przez emerytowanego nauczyciela wychowania fizycznego, J\u00f3zefa Go\u0142ba; miejsce nie \u015bwiadczy us\u0142ug noclegowych ze wzgl\u0119du na brak mo\u017cliwo\u015bci doprowadzenia wody. <\/li><\/ul>\n\n\n\n<p>&nbsp;<\/p>\n\n\n\n<p>Cho\u0107 niewysoki i niewymagaj\u0105cy, to jednak najwy\u017cszy szczyt g\u00f3r Izerskich potrafi zaskoczy\u0107 i oferuje zdecydowanie wi\u0119cej, ni\u017celi mo\u017cna by si\u0119 by\u0142o tego spodziewa\u0107. Osobi\u015bcie wybieram Izery zim\u0105, mo\u017cliwie najbli\u017cej \u015brodku tygodnia, kiedy na szlaku jestem sam. Nie zmieni to jednak faktu, \u017ce Wysoka Kopa mo\u017ce by\u0107 celem dla ca\u0142ych rodzin i \u015bwietn\u0105 okazj\u0105 do wypadu na \u0142ono natury wraz z najbli\u017cszymi.<\/p>\n","protected":false},"excerpt":{"rendered":"<p>Zdobywasz Koron\u0119 G\u00f3r Polski lub Koron\u0119 Sudet\u00f3w? Zobacz szlaki na Wysok\u0105 Kop\u0119 w G\u00f3rach Izerskich. <\/p>\n","protected":false},"author":15,"featured_media":12342,"comment_status":"open","ping_status":"open","sticky":false,"template":"","format":"standard","meta":{"_acf_changed":false,"footnotes":""},"categories":[84],"tags":[94,260,162,91],"magento_category":[],"magento_product":[],"class_list":["post-12275","post","type-post","status-publish","format-standard","has-post-thumbnail","hentry","category-pasja","tag-inspiracje","tag-korona-gor-polski","tag-sudety","tag-trekking"],"acf":[],"aioseo_notices":[],"aioseo_head":"\n\t\t<!-- All in One SEO 4.9.10 - aioseo.com -->\n\t<meta name=\"description\" content=\"Wysoka Kopa - jak wej\u015b\u0107 na szczyt? Je\u015bli kompletujesz szczyty Korony G\u00f3r Polski to ten artyku\u0142 mo\u017ce Ci pom\u00f3c w wej\u015bciu na najwy\u017cszy szczyt G\u00f3r Izerskich.\" \/>\n\t<meta name=\"robots\" content=\"max-image-preview:large\" \/>\n\t<meta name=\"author\" content=\"Marcin Nowak\"\/>\n\t<link rel=\"canonical\" href=\"https:\/\/www.skalnik.pl\/blog\/korona-gor-polski-wysoka-kopa\/\" \/>\n\t<meta name=\"generator\" content=\"All in One SEO (AIOSEO) 4.9.10\" \/>\n\t\t<meta property=\"og:locale\" content=\"pl_PL\" \/>\n\t\t<meta property=\"og:site_name\" content=\"blog Skalnik - Blog, porady, artyku\u0142y - blog Skalnik\" \/>\n\t\t<meta property=\"og:type\" content=\"article\" \/>\n\t\t<meta property=\"og:title\" content=\"Korona G\u00f3r Polski \u2013 Wysoka Kopa - blog Skalnik\" \/>\n\t\t<meta property=\"og:description\" content=\"Wysoka Kopa - jak wej\u015b\u0107 na szczyt? Je\u015bli kompletujesz szczyty Korony G\u00f3r Polski to ten artyku\u0142 mo\u017ce Ci pom\u00f3c w wej\u015bciu na najwy\u017cszy szczyt G\u00f3r Izerskich.\" \/>\n\t\t<meta property=\"og:url\" content=\"https:\/\/www.skalnik.pl\/blog\/korona-gor-polski-wysoka-kopa\/\" \/>\n\t\t<meta property=\"og:image\" content=\"https:\/\/skalnik.pl\/blog\/wp-content\/uploads\/2020\/05\/Ar-Li-pixabay-g\u00f3ry-izerskie-rowery.jpg\" \/>\n\t\t<meta property=\"og:image:secure_url\" content=\"https:\/\/skalnik.pl\/blog\/wp-content\/uploads\/2020\/05\/Ar-Li-pixabay-g\u00f3ry-izerskie-rowery.jpg\" \/>\n\t\t<meta property=\"article:tag\" content=\"pasja\" \/>\n\t\t<meta property=\"article:tag\" content=\"inspiracje\" \/>\n\t\t<meta property=\"article:tag\" content=\"korona g\u00f3r polski\" \/>\n\t\t<meta property=\"article:tag\" content=\"sudety\" \/>\n\t\t<meta property=\"article:tag\" content=\"trekking\" \/>\n\t\t<meta property=\"article:published_time\" content=\"2020-05-18T08:39:26+00:00\" \/>\n\t\t<meta property=\"article:modified_time\" content=\"2022-08-02T11:59:03+00:00\" \/>\n\t\t<meta name=\"twitter:card\" content=\"summary_large_image\" \/>\n\t\t<meta name=\"twitter:title\" content=\"Korona G\u00f3r Polski \u2013 Wysoka Kopa - blog Skalnik\" \/>\n\t\t<meta name=\"twitter:description\" content=\"Wysoka Kopa - jak wej\u015b\u0107 na szczyt? Je\u015bli kompletujesz szczyty Korony G\u00f3r Polski to ten artyku\u0142 mo\u017ce Ci pom\u00f3c w wej\u015bciu na najwy\u017cszy szczyt G\u00f3r Izerskich.\" \/>\n\t\t<meta name=\"twitter:image\" content=\"https:\/\/skalnik.pl\/blog\/wp-content\/uploads\/2020\/05\/Ar-Li-pixabay-g\u00f3ry-izerskie-rowery.jpg\" \/>\n\t\t<script type=\"application\/ld+json\" class=\"aioseo-schema\">\n\t\t\t{\"@context\":\"https:\\\/\\\/schema.org\",\"@graph\":[{\"@type\":\"BlogPosting\",\"@id\":\"https:\\\/\\\/www.skalnik.pl\\\/blog\\\/korona-gor-polski-wysoka-kopa\\\/#blogposting\",\"name\":\"Korona G\\u00f3r Polski \\u2013 Wysoka Kopa - blog Skalnik\",\"headline\":\"Korona G\\u00f3r Polski \\u2013 Wysoka Kopa\",\"author\":{\"@id\":\"https:\\\/\\\/www.skalnik.pl\\\/blog\\\/author\\\/marcin-nowak\\\/#author\"},\"publisher\":{\"@id\":\"https:\\\/\\\/www.skalnik.pl\\\/blog\\\/#organization\"},\"image\":{\"@type\":\"ImageObject\",\"url\":\"https:\\\/\\\/www.skalnik.pl\\\/blog\\\/wp-content\\\/uploads\\\/2020\\\/05\\\/DSC00746.jpg\",\"width\":1920,\"height\":706},\"datePublished\":\"2020-05-18T10:39:26+02:00\",\"dateModified\":\"2022-08-02T13:59:03+02:00\",\"inLanguage\":\"pl-PL\",\"mainEntityOfPage\":{\"@id\":\"https:\\\/\\\/www.skalnik.pl\\\/blog\\\/korona-gor-polski-wysoka-kopa\\\/#webpage\"},\"isPartOf\":{\"@id\":\"https:\\\/\\\/www.skalnik.pl\\\/blog\\\/korona-gor-polski-wysoka-kopa\\\/#webpage\"},\"articleSection\":\"Pasja, inspiracje, korona g\\u00f3r polski, sudety, trekking\"},{\"@type\":\"BreadcrumbList\",\"@id\":\"https:\\\/\\\/www.skalnik.pl\\\/blog\\\/korona-gor-polski-wysoka-kopa\\\/#breadcrumblist\",\"itemListElement\":[{\"@type\":\"ListItem\",\"@id\":\"https:\\\/\\\/www.skalnik.pl\\\/blog#listItem\",\"position\":1,\"name\":\"Home\",\"item\":\"https:\\\/\\\/www.skalnik.pl\\\/blog\",\"nextItem\":{\"@type\":\"ListItem\",\"@id\":\"https:\\\/\\\/www.skalnik.pl\\\/blog\\\/.\\\/pasja\\\/#listItem\",\"name\":\"Pasja\"}},{\"@type\":\"ListItem\",\"@id\":\"https:\\\/\\\/www.skalnik.pl\\\/blog\\\/.\\\/pasja\\\/#listItem\",\"position\":2,\"name\":\"Pasja\",\"item\":\"https:\\\/\\\/www.skalnik.pl\\\/blog\\\/.\\\/pasja\\\/\",\"nextItem\":{\"@type\":\"ListItem\",\"@id\":\"https:\\\/\\\/www.skalnik.pl\\\/blog\\\/korona-gor-polski-wysoka-kopa\\\/#listItem\",\"name\":\"Korona G\\u00f3r Polski \\u2013 Wysoka Kopa\"},\"previousItem\":{\"@type\":\"ListItem\",\"@id\":\"https:\\\/\\\/www.skalnik.pl\\\/blog#listItem\",\"name\":\"Home\"}},{\"@type\":\"ListItem\",\"@id\":\"https:\\\/\\\/www.skalnik.pl\\\/blog\\\/korona-gor-polski-wysoka-kopa\\\/#listItem\",\"position\":3,\"name\":\"Korona G\\u00f3r Polski \\u2013 Wysoka Kopa\",\"previousItem\":{\"@type\":\"ListItem\",\"@id\":\"https:\\\/\\\/www.skalnik.pl\\\/blog\\\/.\\\/pasja\\\/#listItem\",\"name\":\"Pasja\"}}]},{\"@type\":\"Organization\",\"@id\":\"https:\\\/\\\/www.skalnik.pl\\\/blog\\\/#organization\",\"name\":\"blog Skalnik\",\"description\":\"Blog, porady, artyku\\u0142y - blog Skalnik\",\"url\":\"https:\\\/\\\/www.skalnik.pl\\\/blog\\\/\"},{\"@type\":\"Person\",\"@id\":\"https:\\\/\\\/www.skalnik.pl\\\/blog\\\/author\\\/marcin-nowak\\\/#author\",\"url\":\"https:\\\/\\\/www.skalnik.pl\\\/blog\\\/author\\\/marcin-nowak\\\/\",\"name\":\"Marcin Nowak\",\"image\":{\"@type\":\"ImageObject\",\"@id\":\"https:\\\/\\\/www.skalnik.pl\\\/blog\\\/korona-gor-polski-wysoka-kopa\\\/#authorImage\",\"url\":\"https:\\\/\\\/secure.gravatar.com\\\/avatar\\\/f73628a26381dc449e848c17fc0bed5da595b192c42ec3df1b8c321ba4534014?s=96&d=mm&r=g\",\"width\":96,\"height\":96,\"caption\":\"Marcin Nowak\"}},{\"@type\":\"WebPage\",\"@id\":\"https:\\\/\\\/www.skalnik.pl\\\/blog\\\/korona-gor-polski-wysoka-kopa\\\/#webpage\",\"url\":\"https:\\\/\\\/www.skalnik.pl\\\/blog\\\/korona-gor-polski-wysoka-kopa\\\/\",\"name\":\"Korona G\\u00f3r Polski \\u2013 Wysoka Kopa - blog Skalnik\",\"description\":\"Wysoka Kopa - jak wej\\u015b\\u0107 na szczyt? Je\\u015bli kompletujesz szczyty Korony G\\u00f3r Polski to ten artyku\\u0142 mo\\u017ce Ci pom\\u00f3c w wej\\u015bciu na najwy\\u017cszy szczyt G\\u00f3r Izerskich.\",\"inLanguage\":\"pl-PL\",\"isPartOf\":{\"@id\":\"https:\\\/\\\/www.skalnik.pl\\\/blog\\\/#website\"},\"breadcrumb\":{\"@id\":\"https:\\\/\\\/www.skalnik.pl\\\/blog\\\/korona-gor-polski-wysoka-kopa\\\/#breadcrumblist\"},\"author\":{\"@id\":\"https:\\\/\\\/www.skalnik.pl\\\/blog\\\/author\\\/marcin-nowak\\\/#author\"},\"creator\":{\"@id\":\"https:\\\/\\\/www.skalnik.pl\\\/blog\\\/author\\\/marcin-nowak\\\/#author\"},\"image\":{\"@type\":\"ImageObject\",\"url\":\"https:\\\/\\\/www.skalnik.pl\\\/blog\\\/wp-content\\\/uploads\\\/2020\\\/05\\\/DSC00746.jpg\",\"@id\":\"https:\\\/\\\/www.skalnik.pl\\\/blog\\\/korona-gor-polski-wysoka-kopa\\\/#mainImage\",\"width\":1920,\"height\":706},\"primaryImageOfPage\":{\"@id\":\"https:\\\/\\\/www.skalnik.pl\\\/blog\\\/korona-gor-polski-wysoka-kopa\\\/#mainImage\"},\"datePublished\":\"2020-05-18T10:39:26+02:00\",\"dateModified\":\"2022-08-02T13:59:03+02:00\"},{\"@type\":\"WebSite\",\"@id\":\"https:\\\/\\\/www.skalnik.pl\\\/blog\\\/#website\",\"url\":\"https:\\\/\\\/www.skalnik.pl\\\/blog\\\/\",\"name\":\"blog Skalnik\",\"description\":\"Blog, porady, artyku\\u0142y - blog Skalnik\",\"inLanguage\":\"pl-PL\",\"publisher\":{\"@id\":\"https:\\\/\\\/www.skalnik.pl\\\/blog\\\/#organization\"}}]}\n\t\t<\/script>\n\t\t<!-- All in One SEO -->\n\n","aioseo_head_json":{"title":"Korona G\u00f3r Polski \u2013 Wysoka Kopa - blog Skalnik","description":"Wysoka Kopa - jak wej\u015b\u0107 na szczyt? Je\u015bli kompletujesz szczyty Korony G\u00f3r Polski to ten artyku\u0142 mo\u017ce Ci pom\u00f3c w wej\u015bciu na najwy\u017cszy szczyt G\u00f3r Izerskich.","canonical_url":"https:\/\/www.skalnik.pl\/blog\/korona-gor-polski-wysoka-kopa\/","robots":"max-image-preview:large","keywords":"","webmasterTools":{"miscellaneous":""},"schema":{"@context":"https:\/\/schema.org","@graph":[{"@type":"BlogPosting","@id":"https:\/\/www.skalnik.pl\/blog\/korona-gor-polski-wysoka-kopa\/#blogposting","name":"Korona G\u00f3r Polski \u2013 Wysoka Kopa - blog Skalnik","headline":"Korona G\u00f3r Polski \u2013 Wysoka Kopa","author":{"@id":"https:\/\/www.skalnik.pl\/blog\/author\/marcin-nowak\/#author"},"publisher":{"@id":"https:\/\/www.skalnik.pl\/blog\/#organization"},"image":{"@type":"ImageObject","url":"https:\/\/www.skalnik.pl\/blog\/wp-content\/uploads\/2020\/05\/DSC00746.jpg","width":1920,"height":706},"datePublished":"2020-05-18T10:39:26+02:00","dateModified":"2022-08-02T13:59:03+02:00","inLanguage":"pl-PL","mainEntityOfPage":{"@id":"https:\/\/www.skalnik.pl\/blog\/korona-gor-polski-wysoka-kopa\/#webpage"},"isPartOf":{"@id":"https:\/\/www.skalnik.pl\/blog\/korona-gor-polski-wysoka-kopa\/#webpage"},"articleSection":"Pasja, inspiracje, korona g\u00f3r polski, sudety, trekking"},{"@type":"BreadcrumbList","@id":"https:\/\/www.skalnik.pl\/blog\/korona-gor-polski-wysoka-kopa\/#breadcrumblist","itemListElement":[{"@type":"ListItem","@id":"https:\/\/www.skalnik.pl\/blog#listItem","position":1,"name":"Home","item":"https:\/\/www.skalnik.pl\/blog","nextItem":{"@type":"ListItem","@id":"https:\/\/www.skalnik.pl\/blog\/.\/pasja\/#listItem","name":"Pasja"}},{"@type":"ListItem","@id":"https:\/\/www.skalnik.pl\/blog\/.\/pasja\/#listItem","position":2,"name":"Pasja","item":"https:\/\/www.skalnik.pl\/blog\/.\/pasja\/","nextItem":{"@type":"ListItem","@id":"https:\/\/www.skalnik.pl\/blog\/korona-gor-polski-wysoka-kopa\/#listItem","name":"Korona G\u00f3r Polski \u2013 Wysoka Kopa"},"previousItem":{"@type":"ListItem","@id":"https:\/\/www.skalnik.pl\/blog#listItem","name":"Home"}},{"@type":"ListItem","@id":"https:\/\/www.skalnik.pl\/blog\/korona-gor-polski-wysoka-kopa\/#listItem","position":3,"name":"Korona G\u00f3r Polski \u2013 Wysoka Kopa","previousItem":{"@type":"ListItem","@id":"https:\/\/www.skalnik.pl\/blog\/.\/pasja\/#listItem","name":"Pasja"}}]},{"@type":"Organization","@id":"https:\/\/www.skalnik.pl\/blog\/#organization","name":"blog Skalnik","description":"Blog, porady, artyku\u0142y - blog Skalnik","url":"https:\/\/www.skalnik.pl\/blog\/"},{"@type":"Person","@id":"https:\/\/www.skalnik.pl\/blog\/author\/marcin-nowak\/#author","url":"https:\/\/www.skalnik.pl\/blog\/author\/marcin-nowak\/","name":"Marcin Nowak","image":{"@type":"ImageObject","@id":"https:\/\/www.skalnik.pl\/blog\/korona-gor-polski-wysoka-kopa\/#authorImage","url":"https:\/\/secure.gravatar.com\/avatar\/f73628a26381dc449e848c17fc0bed5da595b192c42ec3df1b8c321ba4534014?s=96&d=mm&r=g","width":96,"height":96,"caption":"Marcin Nowak"}},{"@type":"WebPage","@id":"https:\/\/www.skalnik.pl\/blog\/korona-gor-polski-wysoka-kopa\/#webpage","url":"https:\/\/www.skalnik.pl\/blog\/korona-gor-polski-wysoka-kopa\/","name":"Korona G\u00f3r Polski \u2013 Wysoka Kopa - blog Skalnik","description":"Wysoka Kopa - jak wej\u015b\u0107 na szczyt? Je\u015bli kompletujesz szczyty Korony G\u00f3r Polski to ten artyku\u0142 mo\u017ce Ci pom\u00f3c w wej\u015bciu na najwy\u017cszy szczyt G\u00f3r Izerskich.","inLanguage":"pl-PL","isPartOf":{"@id":"https:\/\/www.skalnik.pl\/blog\/#website"},"breadcrumb":{"@id":"https:\/\/www.skalnik.pl\/blog\/korona-gor-polski-wysoka-kopa\/#breadcrumblist"},"author":{"@id":"https:\/\/www.skalnik.pl\/blog\/author\/marcin-nowak\/#author"},"creator":{"@id":"https:\/\/www.skalnik.pl\/blog\/author\/marcin-nowak\/#author"},"image":{"@type":"ImageObject","url":"https:\/\/www.skalnik.pl\/blog\/wp-content\/uploads\/2020\/05\/DSC00746.jpg","@id":"https:\/\/www.skalnik.pl\/blog\/korona-gor-polski-wysoka-kopa\/#mainImage","width":1920,"height":706},"primaryImageOfPage":{"@id":"https:\/\/www.skalnik.pl\/blog\/korona-gor-polski-wysoka-kopa\/#mainImage"},"datePublished":"2020-05-18T10:39:26+02:00","dateModified":"2022-08-02T13:59:03+02:00"},{"@type":"WebSite","@id":"https:\/\/www.skalnik.pl\/blog\/#website","url":"https:\/\/www.skalnik.pl\/blog\/","name":"blog Skalnik","description":"Blog, porady, artyku\u0142y - blog Skalnik","inLanguage":"pl-PL","publisher":{"@id":"https:\/\/www.skalnik.pl\/blog\/#organization"}}]},"og:locale":"pl_PL","og:site_name":"blog Skalnik - Blog, porady, artyku\u0142y - blog Skalnik","og:type":"article","og:title":"Korona G\u00f3r Polski \u2013 Wysoka Kopa - blog Skalnik","og:description":"Wysoka Kopa - jak wej\u015b\u0107 na szczyt? Je\u015bli kompletujesz szczyty Korony G\u00f3r Polski to ten artyku\u0142 mo\u017ce Ci pom\u00f3c w wej\u015bciu na najwy\u017cszy szczyt G\u00f3r Izerskich.","og:url":"https:\/\/www.skalnik.pl\/blog\/korona-gor-polski-wysoka-kopa\/","og:image":"https:\/\/skalnik.pl\/blog\/wp-content\/uploads\/2020\/05\/Ar-Li-pixabay-g\u00f3ry-izerskie-rowery.jpg","og:image:secure_url":"https:\/\/skalnik.pl\/blog\/wp-content\/uploads\/2020\/05\/Ar-Li-pixabay-g\u00f3ry-izerskie-rowery.jpg","article:tag":["pasja","inspiracje","korona g\u00f3r polski","sudety","trekking"],"article:published_time":"2020-05-18T08:39:26+00:00","article:modified_time":"2022-08-02T11:59:03+00:00","twitter:card":"summary_large_image","twitter:title":"Korona G\u00f3r Polski \u2013 Wysoka Kopa - blog Skalnik","twitter:description":"Wysoka Kopa - jak wej\u015b\u0107 na szczyt? Je\u015bli kompletujesz szczyty Korony G\u00f3r Polski to ten artyku\u0142 mo\u017ce Ci pom\u00f3c w wej\u015bciu na najwy\u017cszy szczyt G\u00f3r Izerskich.","twitter:image":"https:\/\/skalnik.pl\/blog\/wp-content\/uploads\/2020\/05\/Ar-Li-pixabay-g\u00f3ry-izerskie-rowery.jpg"},"aioseo_meta_data":{"post_id":"12275","title":null,"description":"Wysoka Kopa - jak wej\u015b\u0107 na szczyt? Je\u015bli kompletujesz szczyty Korony G\u00f3r Polski to ten artyku\u0142 mo\u017ce Ci pom\u00f3c w wej\u015bciu na najwy\u017cszy szczyt G\u00f3r Izerskich.","keywords":[{"label":"korona g\u00f3r polski","value":"korona g\u00f3r polski"},{"label":"KGP","value":"KGP"},{"label":"wysoka kopa","value":"wysoka kopa"},{"label":"G\u00f3ry izerskie","value":"G\u00f3ry izerskie"},{"label":"korona sudet\u00f3w","value":"korona sudet\u00f3w"}],"keyphrases":null,"primary_term":null,"canonical_url":"","og_title":null,"og_description":null,"og_object_type":"default","og_image_type":"default","og_image_url":null,"og_image_width":null,"og_image_height":null,"og_image_custom_url":null,"og_image_custom_fields":null,"og_video":null,"og_custom_url":null,"og_article_section":null,"og_article_tags":null,"twitter_use_og":false,"twitter_card":"default","twitter_image_type":"default","twitter_image_url":null,"twitter_image_custom_url":null,"twitter_image_custom_fields":null,"twitter_title":null,"twitter_description":null,"schema":{"blockGraphs":[],"customGraphs":[],"default":{"data":{"Article":[],"Course":[],"Dataset":[],"FAQPage":[],"Movie":[],"Person":[],"Product":[],"ProductReview":[],"Car":[],"Recipe":[],"Service":[],"SoftwareApplication":[],"WebPage":[]},"graphName":"BlogPosting","isEnabled":true},"graphs":[]},"schema_type":"default","schema_type_options":null,"pillar_content":false,"robots_default":true,"robots_noindex":false,"robots_noarchive":false,"robots_nosnippet":false,"robots_nofollow":false,"robots_noimageindex":false,"robots_noodp":false,"robots_notranslate":false,"robots_max_snippet":null,"robots_max_videopreview":null,"robots_max_imagepreview":"large","priority":null,"frequency":null,"local_seo":null,"breadcrumb_settings":null,"limit_modified_date":false,"ai":null,"created":"2022-08-26 10:11:34","updated":"2026-02-17 21:50:36","seo_analyzer_scan_date":null},"aioseo_breadcrumb":"<div class=\"aioseo-breadcrumbs\"><span class=\"aioseo-breadcrumb\">\n\t\t\t<a href=\"https:\/\/www.skalnik.pl\/blog\" title=\"Home\">Home<\/a>\n\t\t<\/span><span class=\"aioseo-breadcrumb-separator\">&raquo;<\/span><span class=\"aioseo-breadcrumb\">\n\t\t\t<a href=\"https:\/\/www.skalnik.pl\/blog\/.\/pasja\/\" title=\"Pasja\">Pasja<\/a>\n\t\t<\/span><span class=\"aioseo-breadcrumb-separator\">&raquo;<\/span><span class=\"aioseo-breadcrumb\">\n\t\t\tKorona G\u00f3r Polski \u2013 Wysoka Kopa\n\t\t<\/span><\/div>","aioseo_breadcrumb_json":[{"label":"Home","link":"https:\/\/www.skalnik.pl\/blog"},{"label":"Pasja","link":"https:\/\/www.skalnik.pl\/blog\/.\/pasja\/"},{"label":"Korona G\u00f3r Polski \u2013 Wysoka Kopa","link":"https:\/\/www.skalnik.pl\/blog\/korona-gor-polski-wysoka-kopa\/"}],"_links":{"self":[{"href":"https:\/\/www.skalnik.pl\/blog\/wp-json\/wp\/v2\/posts\/12275","targetHints":{"allow":["GET"]}}],"collection":[{"href":"https:\/\/www.skalnik.pl\/blog\/wp-json\/wp\/v2\/posts"}],"about":[{"href":"https:\/\/www.skalnik.pl\/blog\/wp-json\/wp\/v2\/types\/post"}],"author":[{"embeddable":true,"href":"https:\/\/www.skalnik.pl\/blog\/wp-json\/wp\/v2\/users\/15"}],"replies":[{"embeddable":true,"href":"https:\/\/www.skalnik.pl\/blog\/wp-json\/wp\/v2\/comments?post=12275"}],"version-history":[{"count":19,"href":"https:\/\/www.skalnik.pl\/blog\/wp-json\/wp\/v2\/posts\/12275\/revisions"}],"predecessor-version":[{"id":20344,"href":"https:\/\/www.skalnik.pl\/blog\/wp-json\/wp\/v2\/posts\/12275\/revisions\/20344"}],"wp:featuredmedia":[{"embeddable":true,"href":"https:\/\/www.skalnik.pl\/blog\/wp-json\/wp\/v2\/media\/12342"}],"wp:attachment":[{"href":"https:\/\/www.skalnik.pl\/blog\/wp-json\/wp\/v2\/media?parent=12275"}],"wp:term":[{"taxonomy":"category","embeddable":true,"href":"https:\/\/www.skalnik.pl\/blog\/wp-json\/wp\/v2\/categories?post=12275"},{"taxonomy":"post_tag","embeddable":true,"href":"https:\/\/www.skalnik.pl\/blog\/wp-json\/wp\/v2\/tags?post=12275"},{"taxonomy":"magento_category","embeddable":true,"href":"https:\/\/www.skalnik.pl\/blog\/wp-json\/wp\/v2\/magento_category?post=12275"},{"taxonomy":"magento_product","embeddable":true,"href":"https:\/\/www.skalnik.pl\/blog\/wp-json\/wp\/v2\/magento_product?post=12275"}],"curies":[{"name":"wp","href":"https:\/\/api.w.org\/{rel}","templated":true}]}}