{"id":12365,"date":"2020-05-28T12:27:40","date_gmt":"2020-05-28T10:27:40","guid":{"rendered":"https:\/\/skalnik.pl\/blog\/?p=12365"},"modified":"2020-06-15T09:56:55","modified_gmt":"2020-06-15T07:56:55","slug":"gdzie-w-gory-z-dziecmi-sudety","status":"publish","type":"post","link":"https:\/\/www.skalnik.pl\/blog\/gdzie-w-gory-z-dziecmi-sudety\/","title":{"rendered":"Gdzie w g\u00f3ry z dzie\u0107mi? Sudety"},"content":{"rendered":"\n<p><strong>Oczywi\u015bcie dziecko w \u017cyciu zmienia wiele, ale przecie\u017c nie mo\u017ce zmieni\u0107 wszystkiego. Ma\u0142y cz\u0142owiek potrafi wywr\u00f3ci\u0107 \u015bwiat do g\u00f3ry nogami i w pierwszej chwili mo\u017ce sprawi\u0107, \u017ce na kilka dni, czy tygodni zapominamy o g\u00f3rach&#8230; Ale to wraca. Prawdziwa pasja przypomina o sobie szybko i ka\u017ce pr\u0119dko znale\u017a\u0107 spos\u00f3b na wycieczki w g\u00f3ry z ma\u0142ym dzieckiem.&nbsp;<\/strong><br><\/p>\n\n\n\n<p>U mnie nie zaj\u0119\u0142o to du\u017co czasu. Po niespe\u0142na dw\u00f3ch tygodniach wybra\u0142em sobie p\u0142aski szeroki szlak i rozje\u017cd\u017ca\u0142em go k\u00f3\u0142kami dzieci\u0119cego w\u00f3zka. No c\u00f3\u017c, dziecko przewodnika g\u00f3rskiego lekko nie ma. Rodzice z zajawk\u0105 na g\u00f3ry maj\u0105 te\u017c z maluszkiem pod g\u00f3rk\u0119 podw\u00f3jnie, ale przy odpowiednim dobieraniu cel\u00f3w i przygotowaniu, mo\u017cna cieszy\u0107 si\u0119 ca\u0142kiem now\u0105 form\u0105 chodzenia w g\u00f3ry. Dzie\u0144 dziecka tu\u017c-tu\u017c, wi\u0119c dziel\u0119 si\u0119 kilkoma trasami w Sudetach do pokonania z dzieckiem, kt\u00f3re nie ma nawet jeszcze roczku!<br><\/p>\n\n\n\n<div id=\"ez-toc-container\" class=\"ez-toc-v2_0_85 counter-hierarchy ez-toc-counter ez-toc-light-blue ez-toc-container-direction\">\n<div class=\"ez-toc-title-container\">\n<p class=\"ez-toc-title\" style=\"cursor:inherit\">SPIS TRE\u015aCI <\/p>\n<span class=\"ez-toc-title-toggle\"><a href=\"#\" class=\"ez-toc-pull-right ez-toc-btn ez-toc-btn-xs ez-toc-btn-default ez-toc-toggle\" aria-label=\"Prze\u0142\u0105cznik Spisu Tre\u015bci\"><span class=\"ez-toc-js-icon-con\"><span class=\"\"><span class=\"eztoc-hide\" style=\"display:none;\">Toggle<\/span><span class=\"ez-toc-icon-toggle-span\"><svg style=\"fill: #999;color:#999\" xmlns=\"http:\/\/www.w3.org\/2000\/svg\" class=\"list-377408\" width=\"20px\" height=\"20px\" viewBox=\"0 0 24 24\" fill=\"none\"><path d=\"M6 6H4v2h2V6zm14 0H8v2h12V6zM4 11h2v2H4v-2zm16 0H8v2h12v-2zM4 16h2v2H4v-2zm16 0H8v2h12v-2z\" fill=\"currentColor\"><\/path><\/svg><svg style=\"fill: #999;color:#999\" class=\"arrow-unsorted-368013\" xmlns=\"http:\/\/www.w3.org\/2000\/svg\" width=\"10px\" height=\"10px\" viewBox=\"0 0 24 24\" version=\"1.2\" baseProfile=\"tiny\"><path d=\"M18.2 9.3l-6.2-6.3-6.2 6.3c-.2.2-.3.4-.3.7s.1.5.3.7c.2.2.4.3.7.3h11c.3 0 .5-.1.7-.3.2-.2.3-.5.3-.7s-.1-.5-.3-.7zM5.8 14.7l6.2 6.3 6.2-6.3c.2-.2.3-.5.3-.7s-.1-.5-.3-.7c-.2-.2-.4-.3-.7-.3h-11c-.3 0-.5.1-.7.3-.2.2-.3.5-.3.7s.1.5.3.7z\"\/><\/svg><\/span><\/span><\/span><\/a><\/span><\/div>\n<nav><ul class='ez-toc-list ez-toc-list-level-1 ' ><li class='ez-toc-page-1 ez-toc-heading-level-2'><a class=\"ez-toc-link ez-toc-heading-1\" href=\"https:\/\/www.skalnik.pl\/blog\/gdzie-w-gory-z-dziecmi-sudety\/#Wozek_chusta_nosidelko_turystyczne\" >W\u00f3zek, chusta, noside\u0142ko turystyczne<\/a><\/li><li class='ez-toc-page-1 ez-toc-heading-level-2'><a class=\"ez-toc-link ez-toc-heading-2\" href=\"https:\/\/www.skalnik.pl\/blog\/gdzie-w-gory-z-dziecmi-sudety\/#Gory_z_dzieckiem_%E2%80%93_nowe_mozliwosci_nowe_obowiazki\" >G\u00f3ry z dzieckiem &#8211; nowe mo\u017cliwo\u015bci, nowe obowi\u0105zki&nbsp;<\/a><\/li><li class='ez-toc-page-1 ez-toc-heading-level-2'><a class=\"ez-toc-link ez-toc-heading-3\" href=\"https:\/\/www.skalnik.pl\/blog\/gdzie-w-gory-z-dziecmi-sudety\/#Sleza_z_dzieckiem\" >\u015al\u0119\u017ca z dzieckiem&nbsp;&nbsp;<\/a><\/li><li class='ez-toc-page-1 ez-toc-heading-level-2'><a class=\"ez-toc-link ez-toc-heading-4\" href=\"https:\/\/www.skalnik.pl\/blog\/gdzie-w-gory-z-dziecmi-sudety\/#Borowy_Jar_%E2%80%93_w_gorach_z_wozkiem\" >Borowy Jar &#8211; w g\u00f3rach z w\u00f3zkiem<\/a><\/li><li class='ez-toc-page-1 ez-toc-heading-level-2'><a class=\"ez-toc-link ez-toc-heading-5\" href=\"https:\/\/www.skalnik.pl\/blog\/gdzie-w-gory-z-dziecmi-sudety\/#Grodna_i_Zamek_Ksiecia_Henryka\" >Grodna i Zamek Ksi\u0119cia Henryka&nbsp;<\/a><\/li><li class='ez-toc-page-1 ez-toc-heading-level-2'><a class=\"ez-toc-link ez-toc-heading-6\" href=\"https:\/\/www.skalnik.pl\/blog\/gdzie-w-gory-z-dziecmi-sudety\/#Witosza_%E2%80%93_jaskinie_i_slaski_Nostradamus\" >Witosza &#8211; jaskinie i \u015bl\u0105ski Nostradamus<\/a><\/li><li class='ez-toc-page-1 ez-toc-heading-level-2'><a class=\"ez-toc-link ez-toc-heading-7\" href=\"https:\/\/www.skalnik.pl\/blog\/gdzie-w-gory-z-dziecmi-sudety\/#Glazy_Krasnoludkow_%E2%80%93_frajda_dla_dzieci_w_kazdym_wieku\" >G\u0142azy Krasnoludk\u00f3w &#8211; frajda dla dzieci w ka\u017cdym wieku<\/a><\/li><li class='ez-toc-page-1 ez-toc-heading-level-2'><a class=\"ez-toc-link ez-toc-heading-8\" href=\"https:\/\/www.skalnik.pl\/blog\/gdzie-w-gory-z-dziecmi-sudety\/#Wawoz_Pelcznicy_%E2%80%93_Sciezka_Hochbergow\" >W\u0105w\u00f3z Pe\u0142cznicy &#8211; \u015acie\u017cka Hochberg\u00f3w<\/a><\/li><li class='ez-toc-page-1 ez-toc-heading-level-2'><a class=\"ez-toc-link ez-toc-heading-9\" href=\"https:\/\/www.skalnik.pl\/blog\/gdzie-w-gory-z-dziecmi-sudety\/#Kalenica_%E2%80%93_prawdziwe_gory_z_dzieckiem\" >Kalenica &#8211; prawdziwe g\u00f3ry z dzieckiem<\/a><\/li><\/ul><\/nav><\/div>\n<h2 class=\"wp-block-heading\"><span class=\"ez-toc-section\" id=\"Wozek_chusta_nosidelko_turystyczne\"><\/span>W\u00f3zek, chusta, noside\u0142ko turystyczne<span class=\"ez-toc-section-end\"><\/span><\/h2>\n\n\n\n<p>To subiektywny wyb\u00f3r kilku miejsc, kt\u00f3re mo\u017cna odwiedzi\u0107 z w\u00f3zkiem, nios\u0105c dziecko w chu\u015bcie lub noside\u0142ku turystycznym. Nie ka\u017cdy z tych szlak\u00f3w uda si\u0119 pokona\u0107 dowolnym sposobem, ale ka\u017cdy z was powinien znale\u017a\u0107 pomys\u0142 na wycieczk\u0119 dla swojej rodziny. Zaczynam od \u0142atwych opcji, dost\u0119pnych nawet na k\u00f3\u0142kach, a ko\u0144cz\u0119 prawdziwie g\u00f3rsk\u0105 wycieczk\u0105!&nbsp;<\/p>\n\n\n\n<div class=\"wp-block-image\"><figure class=\"aligncenter size-large\"><img loading=\"lazy\" decoding=\"async\" width=\"1024\" height=\"683\" src=\"https:\/\/skalnik.pl\/blog\/wp-content\/uploads\/2020\/05\/\u015bl\u0119\u017ca-z-dzieckiem-w-w\u00f3zku.jpg\" alt=\"\u015bl\u0119\u017ca z dzie\u0107mi \" class=\"wp-image-12368\" srcset=\"https:\/\/www.skalnik.pl\/blog\/wp-content\/uploads\/2020\/05\/\u015bl\u0119\u017ca-z-dzieckiem-w-w\u00f3zku.jpg 1024w, https:\/\/www.skalnik.pl\/blog\/wp-content\/uploads\/2020\/05\/\u015bl\u0119\u017ca-z-dzieckiem-w-w\u00f3zku-300x200.jpg 300w, https:\/\/www.skalnik.pl\/blog\/wp-content\/uploads\/2020\/05\/\u015bl\u0119\u017ca-z-dzieckiem-w-w\u00f3zku-768x512.jpg 768w\" sizes=\"auto, (max-width: 1024px) 100vw, 1024px\" \/><figcaption><em>Po raz pierwszy razem na szlaku turystycznym, czyli zdobywamy nowe g\u00f3rskie umiej\u0119tno\u015bci!<\/em><\/figcaption><\/figure><\/div>\n\n\n\n<h2 class=\"wp-block-heading\"><span class=\"ez-toc-section\" id=\"Gory_z_dzieckiem_%E2%80%93_nowe_mozliwosci_nowe_obowiazki\"><\/span>G\u00f3ry z dzieckiem &#8211; nowe mo\u017cliwo\u015bci, nowe obowi\u0105zki&nbsp;<span class=\"ez-toc-section-end\"><\/span><\/h2>\n\n\n\n<p>Wycieczki g\u00f3rskie z najm\u0142odszymi dzie\u0107mi musz\u0105 by\u0107 kr\u00f3tkie i dobrze przygotowane. Oczywi\u015bcie nale\u017cy wybiera\u0107 dzie\u0144 ze stabiln\u0105 pogod\u0105 i mie\u0107 zawsze mo\u017cliwo\u015b\u0107 szybkiego powrotu do bezpiecznego miejsca. Z tego powodu warto zna\u0107 lub zapozna\u0107 si\u0119 przed wycieczk\u0105 z miejscem, do kt\u00f3rego si\u0119 wybieramy. Wszystko te\u017c zale\u017cy oczywi\u015bcie od tego, jak dziecko szybko si\u0119 rozwija.&nbsp;<br><\/p>\n\n\n\n<p>Z pewno\u015bci\u0105 wasze pocz\u0105tki b\u0119d\u0105 przypomina\u0107 bardziej spacery ni\u017c g\u00f3rsk\u0105 wyryp\u0119, ale to tylko pow\u00f3d, by wybra\u0107 si\u0119 w miejsca, do kt\u00f3rych nigdy nie wybrali\u015bcie si\u0119 sami. Dzi\u0119ki takim spacerom uda\u0142o mi si\u0119 zej\u015b\u0107 z popularnych szlak\u00f3w turystycznych i zajrze\u0107 w miejsca, kt\u00f3re zawsze czeka\u0142y w kolejce do odwiedzenia.<br><\/p>\n\n\n\n<p>Nowy towarzysz wycieczki to r\u00f3wnie\u017c nowe baga\u017ce. Im d\u0142u\u017csza wycieczka, tym b\u0119dzie ich wi\u0119cej &#8211; przek\u0105ski, krem ochronny, kocyk, pieluszki, koniecznie worek na odpady. Wszystko musicie sobie jako\u015b zorganizowa\u0107. U nas dzia\u0142a to tak, \u017ce jeden rodzic niesie dziecko, a drugi ekwipunek dla ca\u0142ej ferajny. <a href=\"https:\/\/skalnik.pl\/sprzet-turystyczny\/plecaki\/plecaki-nosidelka\" target=\"_blank\" rel=\"noreferrer noopener\" aria-label=\"Noside\u0142ko turystyczne (otwiera si\u0119 na nowej zak\u0142adce)\">Noside\u0142ko turystyczne<\/a> pozwala dopiero po\u0142\u0105czy\u0107 sensownie noszenie baga\u017cu i dziecka.<br><\/p>\n\n\n\n<p>Nie przed\u0142u\u017caj\u0105c wi\u0119cej &#8211; i tak wypracujecie swoje patenty &#8211; przechodz\u0119 do polecenia kilku miejsc.&nbsp;&nbsp;<\/p>\n\n\n\n<div class=\"wp-block-image\"><figure class=\"aligncenter size-large\"><img loading=\"lazy\" decoding=\"async\" width=\"1024\" height=\"683\" src=\"https:\/\/skalnik.pl\/blog\/wp-content\/uploads\/2020\/05\/\u015bl\u0119\u017ca-z-niemowalakiem.jpg\" alt=\"w g\u00f3ry z dzieckiem w chu\u015bcie\" class=\"wp-image-12369\" srcset=\"https:\/\/www.skalnik.pl\/blog\/wp-content\/uploads\/2020\/05\/\u015bl\u0119\u017ca-z-niemowalakiem.jpg 1024w, https:\/\/www.skalnik.pl\/blog\/wp-content\/uploads\/2020\/05\/\u015bl\u0119\u017ca-z-niemowalakiem-300x200.jpg 300w, https:\/\/www.skalnik.pl\/blog\/wp-content\/uploads\/2020\/05\/\u015bl\u0119\u017ca-z-niemowalakiem-768x512.jpg 768w\" sizes=\"auto, (max-width: 1024px) 100vw, 1024px\" \/><figcaption><em>Szybko zamienili\u015bmy w\u00f3zek na chust\u0119. W g\u00f3rach to opcja wygodniejsza dla wszystkich<\/em>.<\/figcaption><\/figure><\/div>\n\n\n\n<h2 class=\"wp-block-heading\"><span class=\"ez-toc-section\" id=\"Sleza_z_dzieckiem\"><\/span>\u015al\u0119\u017ca z dzieckiem&nbsp;&nbsp;<span class=\"ez-toc-section-end\"><\/span><\/h2>\n\n\n\n<p>Zaczynam od pewnej oczywisto\u015bci. Najwy\u017cszy szczyt Przedg\u00f3rza Sudeckiego to absolutny hit turyst\u00f3w z w\u00f3zkiem. Szczytu bli\u017cej chyba nie trzeba nikomu przedstawia\u0107. Sam w\u0142a\u015bnie tu wybra\u0142em si\u0119 na pierwsz\u0105 przeja\u017cd\u017ck\u0119 szlakiem turystycznym, cho\u0107 szczyt zdobyli\u015bmy ju\u017c w chu\u015bcie i wcale nie naj\u0142atwiejsz\u0105 z turystycznych dr\u00f3g.&nbsp;<br><\/p>\n\n\n\n<p>Najprostsz\u0105 opcj\u0105 dotarcia na \u201c\u015bl\u0105ski Olimp\u201d jest spacer \u017c\u00f3\u0142tym szlakiem z Prze\u0142\u0119czy T\u0105pad\u0142a. Na prze\u0142\u0119czy, gdzie znajduje si\u0119 du\u017cy parking, mo\u017cna spokojnie przygotowa\u0107 si\u0119 do w\u0119dr\u00f3wki. Tras\u0119 da si\u0119 pokona\u0107 bez problemu na k\u00f3\u0142kach. Oczywi\u015bcie najlepiej je\u015bli w\u00f3zek ma k\u00f3\u0142ka pompowane i nie ca\u0142kiem malutkie, cho\u0107 r\u00f3\u017cne rzeczy widywa\u0142em ju\u017c na tej drodze. Szlak prowadzi szerok\u0105 drog\u0105 le\u015bn\u0105, kt\u00f3ra ma w miar\u0119 sta\u0142e nachylenie. Po drodze mija si\u0119 miejsce odpoczynku, gdzie mo\u017cna zatrzyma\u0107 si\u0119 na chwil\u0119 z dzieckiem. Spacer z prze\u0142\u0119czy na szczyt zajmuje oko\u0142o 1,5 godz. Na g\u00f3rze mo\u017cna skorzysta\u0107 z wiaty i Domu Turysty PTTK na \u015al\u0119\u017cy. W weekendy szczyt oblegany jest przez turyst\u00f3w, wi\u0119c nie liczcie w tym czasie na pustk\u0119 ani na szczycie, ani w budynku. Dom Turysty to jednak najlepsze tu miejsce na odpoczynek z maluchem, kt\u00f3ry w\u0142a\u015bnie zdoby\u0142 szczyt!&nbsp;<br><\/p>\n\n\n\n<div style=\"max-width:1000px;overflow:hidden;margin:0 auto;min-width:300px;\"><iframe src=\"https:\/\/mapa-turystyczna.pl\/map\/widget\/route\/h1l0p1\/obvq.html\" style=\"width:100%;border:0;\" height=\"800\" frameborder=\"0\"><\/iframe><a href=\"https:\/\/mapa-turystyczna.pl\/route\/obvq?utm_source=external_web&amp;utm_medium=widget&amp;utm_campaign=route_widget\" target=\"_blank\" style=\"color:#999;padding:7px 0;font-size: 13px;font-family:Roboto,Arial,sans-serif;display: inline-block;\" rel=\"noopener noreferrer\">Trasa: Prze\u0142\u0119cz T\u0105pad\u0142a \u2013 \u015al\u0119\u017ca | mapa-turystyczna.pl<\/a><\/div>\n\n\n\n<p>Popularnym i z pewno\u015bci\u0105 ciekawszym &#8211; pod wzgl\u0119dem krajoznawczym i przyrodniczym &#8211;&nbsp; szlakiem na \u015al\u0119\u017c\u0119 jest droga z Sob\u00f3tki. Czerwony szlak jest jednak wycieczk\u0105 d\u0142u\u017csz\u0105, bardziej kamienist\u0105 i wymaga w wielu miejscach zrobienia z w\u00f3zka lektyki. To raczej opcja dla wi\u0119kszych dzieci, kt\u00f3re mog\u0105 d\u0142u\u017cej \u201cw\u0119drowa\u0107\u201d w chu\u015bcie lub noside\u0142ku.<br><\/p>\n\n\n\n<p>W\u0142a\u015bnie stosuj\u0105c chust\u0119 po raz pierwszy uda\u0142o mi si\u0119 wej\u015b\u0107 na \u015al\u0119\u017c\u0119 z dzieckiem. Na w\u0119dr\u00f3wk\u0119 wybrali\u015bmy jednak jeszcze inny &#8211; ulubiony, ale te\u017c trudniejszy i d\u0142u\u017cszy szlak. Droga szlakiem niebieskim z Prze\u0142\u0119czy T\u0105pad\u0142a przez Skaln\u0105 i Olbrzymki wymaga w kilku miejscach zachowania wi\u0119kszej ostro\u017cno\u015bci, a po drodze trzeba malucha z chusty rozwi\u0105za\u0107. Podobnie jak w\u0119dr\u00f3wka z Sob\u00f3tki, jest to wycieczka na jakie\u015b dwie godziny. W tym przypadku do auta na Prze\u0142\u0119cz T\u0105pad\u0142a mo\u017cna wr\u00f3ci\u0107 bardzo szybko \u017c\u00f3\u0142tym szlakiem. Szlakowskazy informuj\u0105, \u017ce trzeba na to trzech kwadrans\u00f3w, ale nam ta sztuka zaj\u0119\u0142a jakie\u015b p\u00f3\u0142 godziny.&nbsp;&nbsp;&nbsp;&nbsp;&nbsp;<\/p>\n\n\n\n<div class=\"wp-block-image\"><figure class=\"aligncenter size-large\"><img loading=\"lazy\" decoding=\"async\" width=\"1024\" height=\"683\" src=\"https:\/\/skalnik.pl\/blog\/wp-content\/uploads\/2020\/05\/\u015bl\u0119\u017ca-z-dzieckiem.jpg\" alt=\"\u015al\u0119\u017ca z niemowlakiem\" class=\"wp-image-12370\" srcset=\"https:\/\/www.skalnik.pl\/blog\/wp-content\/uploads\/2020\/05\/\u015bl\u0119\u017ca-z-dzieckiem.jpg 1024w, https:\/\/www.skalnik.pl\/blog\/wp-content\/uploads\/2020\/05\/\u015bl\u0119\u017ca-z-dzieckiem-300x200.jpg 300w, https:\/\/www.skalnik.pl\/blog\/wp-content\/uploads\/2020\/05\/\u015bl\u0119\u017ca-z-dzieckiem-768x512.jpg 768w\" sizes=\"auto, (max-width: 1024px) 100vw, 1024px\" \/><figcaption><em>Na szczycie \u015al\u0119\u017cy po w\u0119dr\u00f3wce przez Skaln\u0105 i Olbrzymki.<\/em><\/figcaption><\/figure><\/div>\n\n\n\n<p><\/p>\n\n\n\n<h2 class=\"wp-block-heading\"><span class=\"ez-toc-section\" id=\"Borowy_Jar_%E2%80%93_w_gorach_z_wozkiem\"><\/span>Borowy Jar &#8211; w g\u00f3rach z w\u00f3zkiem<span class=\"ez-toc-section-end\"><\/span><\/h2>\n\n\n\n<p>Borowy Jar to niezwykle atrakcyjne miejsce, po\u0142o\u017cone niedaleko od centrum Jeleniej G\u00f3ry! Wycieczk\u0119 mo\u017cna po\u0142\u0105czy\u0107 ze zwiedzaniem miasta, czy pobytem w jednej z kawiarni na jeleniog\u00f3rskiej star\u00f3wce. W\u0119dr\u00f3wka prze\u0142omem Bobru &#8211; po\u0142o\u017conym w Parku Krajobrazowym Doliny Bobru &#8211;&nbsp; doprowadza zreszt\u0105 do obiektu PTTK Per\u0142a Zachodu, gdzie mo\u017cna odpocz\u0105\u0107, wypi\u0107 kaw\u0119 b\u0105d\u017a zje\u015b\u0107 posi\u0142ek.&nbsp;<br><\/p>\n\n\n\n<div style=\"max-width:1000px;overflow:hidden;margin:0 auto;min-width:300px;\"><iframe src=\"https:\/\/mapa-turystyczna.pl\/map\/widget\/route\/h1l0p1\/rprl.html\" style=\"width:100%;border:0;\" height=\"800\" frameborder=\"0\"><\/iframe><a href=\"https:\/\/mapa-turystyczna.pl\/route\/rprl?utm_source=external_web&amp;utm_medium=widget&amp;utm_campaign=route_widget\" target=\"_blank\" style=\"color:#999;padding:7px 0;font-size: 13px;font-family:Roboto,Arial,sans-serif;display: inline-block;\" rel=\"noopener noreferrer\">Trasa: Jelenia G\u00f3ra \u2013 Go\u015bciniec Per\u0142a Zachodu | mapa-turystyczna.pl<\/a><\/div>\n\n\n\n<p>Szlak przez Borowy Jar ju\u017c od dawna stanowi\u0142 atrakcj\u0119 turystyczn\u0105. Urokliwa \u015bcie\u017cka wzd\u0142u\u017c rzeki, malownicze ska\u0142ki i punkt widokowy na Wzg\u00f3rzu Krzywoustego przyci\u0105ga\u0142y turyst\u00f3w i spacerowicz\u00f3w. Atrakcyjno\u015b\u0107 miejsca wzros\u0142a, gdy na rzece B\u00f3br wybudowano elektrownie wodn\u0105 z zapor\u0105, a spi\u0119trzone wody w rejonie Per\u0142y Zachodu utworzy\u0142y Jezioro Modre.&nbsp;<br><\/p>\n\n\n\n<div class=\"wp-block-image\"><figure class=\"aligncenter size-large\"><img loading=\"lazy\" decoding=\"async\" width=\"1024\" height=\"683\" src=\"https:\/\/skalnik.pl\/blog\/wp-content\/uploads\/2020\/05\/Borowy-Jar-z-dzieckiem.jpg\" alt=\"w g\u00f3ry z w\u00f3zkiem dzieci\u0119cym\" class=\"wp-image-12373\" srcset=\"https:\/\/www.skalnik.pl\/blog\/wp-content\/uploads\/2020\/05\/Borowy-Jar-z-dzieckiem.jpg 1024w, https:\/\/www.skalnik.pl\/blog\/wp-content\/uploads\/2020\/05\/Borowy-Jar-z-dzieckiem-300x200.jpg 300w, https:\/\/www.skalnik.pl\/blog\/wp-content\/uploads\/2020\/05\/Borowy-Jar-z-dzieckiem-768x512.jpg 768w\" sizes=\"auto, (max-width: 1024px) 100vw, 1024px\" \/><figcaption><em>Przez Borowy Jar prowadzi bardzo wygodna \u015bcie\u017cka.<\/em><\/figcaption><\/figure><\/div>\n\n\n\n<p>Wycieczk\u0119 mo\u017cna po\u0142\u0105czy\u0107 z wizyt\u0105 na Wzg\u00f3rzu Krzywoustego, cho\u0107 to opcja wygodniejsza na noside\u0142ko lub chust\u0119. Tu mo\u017cna obejrze\u0107 pozosta\u0142o\u015bci \u015bredniowiecznego grodziszcza i wej\u015b\u0107 na wie\u017c\u0119 widokow\u0105, kt\u00f3r\u0105 w 1911 r. wybudowa\u0142o Towarzystwo Karkonoskie (Riesengebirgsverein, w skr\u00f3cie RGV). Wst\u0119p na wie\u017c\u0119 jest bezp\u0142atny. Po dotarciu nad Jezioro Modre i Per\u0142\u0119 Zachodu, wycieczk\u0119 mo\u017cna wyd\u0142u\u017cy\u0107 jeszcze do Siedl\u0119cina, by zwiedzi\u0107 Wie\u017c\u0119 Ksi\u0105\u017c\u0119c\u0105. Jest to wa\u017cny zabytek \u015bredniowiecznej budowli mieszkalno-obronnej, w kt\u00f3rej odkryte zosta\u0142y \u015bcienne polichromie. Ich tematem s\u0105 podania dotycz\u0105ce los\u00f3w rycerza sir Lancelota i to sprawia, \u017ce s\u0105 unikatowe.<br><\/p>\n\n\n\n<p>Tras\u0119 mo\u017cna pokona\u0107 bez problemu z w\u00f3zkiem. Miejscami \u015bcie\u017cka wy\u0142o\u017cona jest kostk\u0105 i staje si\u0119 jedynie w\u0119\u017csza. Warto uwa\u017ca\u0107 na rowerzyst\u00f3w, bo \u017c\u00f3\u0142ty szlak wsp\u00f3\u0142dzielony jest ze \u015bcie\u017ck\u0105 rowerow\u0105.&nbsp;<\/p>\n\n\n<div class=\"page_gallery\">\n\n\t\t<style type=\"text\/css\">\n\t\t\t#gallery-1 {\n\t\t\t\tmargin: auto;\n\t\t\t}\n\t\t\t#gallery-1 .gallery-item {\n\t\t\t\tfloat: left;\n\t\t\t\tmargin-top: 10px;\n\t\t\t\ttext-align: center;\n\t\t\t\twidth: 33%;\n\t\t\t}\n\t\t\t#gallery-1 img {\n\t\t\t\tborder: 2px solid #cfcfcf;\n\t\t\t}\n\t\t\t#gallery-1 .gallery-caption {\n\t\t\t\tmargin-left: 0;\n\t\t\t}\n\t\t\t\/* see gallery_shortcode() in wp-includes\/media.php *\/\n\t\t<\/style>\n\t\t<div id='gallery-1' class='gallery galleryid-12365 gallery-columns-3 gallery-size-full'><dl class='gallery-item'>\n\t\t\t<dt class='gallery-icon landscape'>\n\t\t\t\t<img loading=\"lazy\" decoding=\"async\" width=\"1024\" height=\"683\" src=\"https:\/\/www.skalnik.pl\/blog\/wp-content\/uploads\/2020\/05\/szlak-per\u0142a-zachodu-1.jpg\" class=\"attachment-full size-full\" alt=\"w\u00f3zkiem na szlaku\" aria-describedby=\"gallery-1-12377\" srcset=\"https:\/\/www.skalnik.pl\/blog\/wp-content\/uploads\/2020\/05\/szlak-per\u0142a-zachodu-1.jpg 1024w, https:\/\/www.skalnik.pl\/blog\/wp-content\/uploads\/2020\/05\/szlak-per\u0142a-zachodu-1-300x200.jpg 300w, https:\/\/www.skalnik.pl\/blog\/wp-content\/uploads\/2020\/05\/szlak-per\u0142a-zachodu-1-768x512.jpg 768w\" sizes=\"auto, (max-width: 1024px) 100vw, 1024px\" \/>\n\t\t\t<\/dt>\n\t\t\t\t<dd class='wp-caption-text gallery-caption' id='gallery-1-12377'>\n\t\t\t\t\u015acie\u017cka miejscami jest w\u0119\u017csza\n\t\t\t\t<\/dd><\/dl><dl class='gallery-item'>\n\t\t\t<dt class='gallery-icon landscape'>\n\t\t\t\t<img loading=\"lazy\" decoding=\"async\" width=\"1024\" height=\"683\" src=\"https:\/\/www.skalnik.pl\/blog\/wp-content\/uploads\/2020\/05\/cudowne-\u017ar\u00f3d\u0142o-borowy-jar.jpg\" class=\"attachment-full size-full\" alt=\"\u017cr\u00f3de\u0142ko borowy jar\" aria-describedby=\"gallery-1-12376\" srcset=\"https:\/\/www.skalnik.pl\/blog\/wp-content\/uploads\/2020\/05\/cudowne-\u017ar\u00f3d\u0142o-borowy-jar.jpg 1024w, https:\/\/www.skalnik.pl\/blog\/wp-content\/uploads\/2020\/05\/cudowne-\u017ar\u00f3d\u0142o-borowy-jar-300x200.jpg 300w, https:\/\/www.skalnik.pl\/blog\/wp-content\/uploads\/2020\/05\/cudowne-\u017ar\u00f3d\u0142o-borowy-jar-768x512.jpg 768w\" sizes=\"auto, (max-width: 1024px) 100vw, 1024px\" \/>\n\t\t\t<\/dt>\n\t\t\t\t<dd class='wp-caption-text gallery-caption' id='gallery-1-12376'>\n\t\t\t\tPo drodze mija si\u0119 \u017ar\u00f3de\u0142ko\n\t\t\t\t<\/dd><\/dl><dl class='gallery-item'>\n\t\t\t<dt class='gallery-icon landscape'>\n\t\t\t\t<img loading=\"lazy\" decoding=\"async\" width=\"1024\" height=\"683\" src=\"https:\/\/www.skalnik.pl\/blog\/wp-content\/uploads\/2020\/05\/jezioro-modre-per\u0142a-zachodu.jpg\" class=\"attachment-full size-full\" alt=\"per\u0142a zachodu jezioro modre\" aria-describedby=\"gallery-1-12379\" srcset=\"https:\/\/www.skalnik.pl\/blog\/wp-content\/uploads\/2020\/05\/jezioro-modre-per\u0142a-zachodu.jpg 1024w, https:\/\/www.skalnik.pl\/blog\/wp-content\/uploads\/2020\/05\/jezioro-modre-per\u0142a-zachodu-300x200.jpg 300w, https:\/\/www.skalnik.pl\/blog\/wp-content\/uploads\/2020\/05\/jezioro-modre-per\u0142a-zachodu-768x512.jpg 768w\" sizes=\"auto, (max-width: 1024px) 100vw, 1024px\" \/>\n\t\t\t<\/dt>\n\t\t\t\t<dd class='wp-caption-text gallery-caption' id='gallery-1-12379'>\n\t\t\t\tPer\u0142a Zachodu g\u00f3ruje malowniczo nad Jeziorem Modrym\n\t\t\t\t<\/dd><\/dl><br style=\"clear: both\" \/><dl class='gallery-item'>\n\t\t\t<dt class='gallery-icon landscape'>\n\t\t\t\t<img loading=\"lazy\" decoding=\"async\" width=\"1024\" height=\"683\" src=\"https:\/\/www.skalnik.pl\/blog\/wp-content\/uploads\/2020\/05\/szlak-per\u0142a-zachodu-5.jpg\" class=\"attachment-full size-full\" alt=\"mostek per\u0142a zachodu\" aria-describedby=\"gallery-1-12375\" srcset=\"https:\/\/www.skalnik.pl\/blog\/wp-content\/uploads\/2020\/05\/szlak-per\u0142a-zachodu-5.jpg 1024w, https:\/\/www.skalnik.pl\/blog\/wp-content\/uploads\/2020\/05\/szlak-per\u0142a-zachodu-5-300x200.jpg 300w, https:\/\/www.skalnik.pl\/blog\/wp-content\/uploads\/2020\/05\/szlak-per\u0142a-zachodu-5-768x512.jpg 768w\" sizes=\"auto, (max-width: 1024px) 100vw, 1024px\" \/>\n\t\t\t<\/dt>\n\t\t\t\t<dd class='wp-caption-text gallery-caption' id='gallery-1-12375'>\n\t\t\t\tMostek nad Jeziorem Modrym\n\t\t\t\t<\/dd><\/dl><dl class='gallery-item'>\n\t\t\t<dt class='gallery-icon landscape'>\n\t\t\t\t<img loading=\"lazy\" decoding=\"async\" width=\"1024\" height=\"683\" src=\"https:\/\/www.skalnik.pl\/blog\/wp-content\/uploads\/2020\/05\/most-jezioro-modre.jpg\" class=\"attachment-full size-full\" alt=\"b\u00f3br per\u0142a zachodu\" aria-describedby=\"gallery-1-12380\" srcset=\"https:\/\/www.skalnik.pl\/blog\/wp-content\/uploads\/2020\/05\/most-jezioro-modre.jpg 1024w, https:\/\/www.skalnik.pl\/blog\/wp-content\/uploads\/2020\/05\/most-jezioro-modre-300x200.jpg 300w, https:\/\/www.skalnik.pl\/blog\/wp-content\/uploads\/2020\/05\/most-jezioro-modre-768x512.jpg 768w\" sizes=\"auto, (max-width: 1024px) 100vw, 1024px\" \/>\n\t\t\t<\/dt>\n\t\t\t\t<dd class='wp-caption-text gallery-caption' id='gallery-1-12380'>\n\t\t\t\tJezioro Modre\n\t\t\t\t<\/dd><\/dl>\n\t\t\t<br style='clear: both' \/>\n\t\t<\/div>\n\n<\/div>\n\n\n<h2 class=\"wp-block-heading\"><span class=\"ez-toc-section\" id=\"Grodna_i_Zamek_Ksiecia_Henryka\"><\/span>Grodna i Zamek Ksi\u0119cia Henryka&nbsp;<span class=\"ez-toc-section-end\"><\/span><\/h2>\n\n\n\n<p>Kolejna wycieczka to kolejny spacer, kt\u00f3ry mo\u017cna odby\u0107 z w\u00f3zkiem lub nios\u0105c dziecko w chu\u015bcie. Tym razem udajemy si\u0119 na najwy\u017cszy szczyt Wzg\u00f3rz \u0141omnickich w Sudetach Zachodnich. Urocza okolica z widokiem na Karkonosze.&nbsp;<br><\/p>\n\n\n\n<div class=\"wp-block-image\"><figure class=\"aligncenter size-large\"><img loading=\"lazy\" decoding=\"async\" width=\"1024\" height=\"683\" src=\"https:\/\/skalnik.pl\/blog\/wp-content\/uploads\/2020\/05\/\u015bnie\u017cka-zamkek-ksi\u0119cia-henryka.jpg\" alt=\"Zamek Ksi\u0119cia Henryka wycieczka z dzieckiem\" class=\"wp-image-12387\" srcset=\"https:\/\/www.skalnik.pl\/blog\/wp-content\/uploads\/2020\/05\/\u015bnie\u017cka-zamkek-ksi\u0119cia-henryka.jpg 1024w, https:\/\/www.skalnik.pl\/blog\/wp-content\/uploads\/2020\/05\/\u015bnie\u017cka-zamkek-ksi\u0119cia-henryka-300x200.jpg 300w, https:\/\/www.skalnik.pl\/blog\/wp-content\/uploads\/2020\/05\/\u015bnie\u017cka-zamkek-ksi\u0119cia-henryka-768x512.jpg 768w\" sizes=\"auto, (max-width: 1024px) 100vw, 1024px\" \/><figcaption><em>Ju\u017c pod Zamkiem Ksi\u0119cia Henryka mo\u017cesz cieszy\u0107 si\u0119 widokami na Karkonosze<\/em>.<\/figcaption><\/figure><\/div>\n\n\n\n<p>Wycieczk\u0119 z dzieckiem na Zamek Ksi\u0119cia Henryka i g\u00f3r\u0119 Grodna najlepiej rozpocz\u0105\u0107 w Sosn\u00f3wce. Przy ulicy Z\u0142oty Widok znajduje si\u0119 parking przeznaczony dla os\u00f3b odwiedzaj\u0105cych to miejsce. St\u0105d \u017c\u00f3\u0142tym szlakiem (noside\u0142ko\/chusta) b\u0105d\u017a znakowan\u0105 drogowskazami le\u015bn\u0105 \u015bcie\u017ck\u0105 (kt\u00f3r\u0105 mo\u017cna przejecha\u0107 w\u00f3zkiem) dociera si\u0119 na szczyt w oko\u0142o 30-45 minut.&nbsp;<br><\/p>\n\n\n\n<div style=\"max-width:1000px;overflow:hidden;margin:0 auto;min-width:300px;\"><iframe src=\"https:\/\/mapa-turystyczna.pl\/map\/widget\/route\/h1l0p1\/gsbz.html\" style=\"width:100%;border:0;\" height=\"800\" frameborder=\"0\"><\/iframe><a href=\"https:\/\/mapa-turystyczna.pl\/route\/gsbz?utm_source=external_web&amp;utm_medium=widget&amp;utm_campaign=route_widget\" target=\"_blank\" style=\"color:#999;padding:7px 0;font-size: 13px;font-family:Roboto,Arial,sans-serif;display: inline-block;\" rel=\"noopener noreferrer\">Trasa do: Grodna | mapa-turystyczna.pl<\/a><\/div>\n\n\n\n<p>Szczyt g\u00f3ry Grodna cho\u0107 mierzy zaledwie 501 m n.p.m., to pi\u0119knie g\u00f3ruje nad Sosn\u00f3wk\u0105 i Marczycami. Zachwycaj\u0105c\u0105 panoram\u0119 na okolic\u0119 i Karkonosze mo\u017cna obejrze\u0107 z wie\u017cy zamku, b\u0105d\u017a jego okolic. Na szczycie g\u00f3ry &#8211; staraniem ksi\u0119cia Henryk XXXVIII von Reuss &#8211; w 1806 r. wzniesiono zameczek my\u015bliwski. Dzi\u015b romantyczna ruinka zbudowana w stylu neogotyckim jest odnowiona, a wkr\u00f3tce opr\u00f3cz wie\u017cy widokowej ma powsta\u0107 tu niewielka restauracyjka. Niedaleko szczytu mo\u017cna podziwia\u0107 r\u00f3wnie\u017c granitowe ska\u0142ki z kocio\u0142kami wietrzenowymi. W jednej ze ska\u0142ek znajduje si\u0119 naturalne okno skalne.&nbsp;<\/p>\n\n\n<div class=\"page_gallery\">\n\n\t\t<style type=\"text\/css\">\n\t\t\t#gallery-2 {\n\t\t\t\tmargin: auto;\n\t\t\t}\n\t\t\t#gallery-2 .gallery-item {\n\t\t\t\tfloat: left;\n\t\t\t\tmargin-top: 10px;\n\t\t\t\ttext-align: center;\n\t\t\t\twidth: 33%;\n\t\t\t}\n\t\t\t#gallery-2 img {\n\t\t\t\tborder: 2px solid #cfcfcf;\n\t\t\t}\n\t\t\t#gallery-2 .gallery-caption {\n\t\t\t\tmargin-left: 0;\n\t\t\t}\n\t\t\t\/* see gallery_shortcode() in wp-includes\/media.php *\/\n\t\t<\/style>\n\t\t<div id='gallery-2' class='gallery galleryid-12365 gallery-columns-3 gallery-size-full'><dl class='gallery-item'>\n\t\t\t<dt class='gallery-icon landscape'>\n\t\t\t\t<img loading=\"lazy\" decoding=\"async\" width=\"1024\" height=\"683\" src=\"https:\/\/www.skalnik.pl\/blog\/wp-content\/uploads\/2020\/05\/DSC00291.jpg\" class=\"attachment-full size-full\" alt=\"szlak zamek ksi\u0119cia henryka\" aria-describedby=\"gallery-2-12392\" srcset=\"https:\/\/www.skalnik.pl\/blog\/wp-content\/uploads\/2020\/05\/DSC00291.jpg 1024w, https:\/\/www.skalnik.pl\/blog\/wp-content\/uploads\/2020\/05\/DSC00291-300x200.jpg 300w, https:\/\/www.skalnik.pl\/blog\/wp-content\/uploads\/2020\/05\/DSC00291-768x512.jpg 768w\" sizes=\"auto, (max-width: 1024px) 100vw, 1024px\" \/>\n\t\t\t<\/dt>\n\t\t\t\t<dd class='wp-caption-text gallery-caption' id='gallery-2-12392'>\n\t\t\t\tSpacer szlakiem \u017c\u00f3\u0142tym doprowadzi was na sam szczyt\n\t\t\t\t<\/dd><\/dl><dl class='gallery-item'>\n\t\t\t<dt class='gallery-icon landscape'>\n\t\t\t\t<img loading=\"lazy\" decoding=\"async\" width=\"1024\" height=\"683\" src=\"https:\/\/www.skalnik.pl\/blog\/wp-content\/uploads\/2020\/05\/DSC00288.jpg\" class=\"attachment-full size-full\" alt=\"zamek ksi\u0119cia henryka szlaki\" aria-describedby=\"gallery-2-12391\" srcset=\"https:\/\/www.skalnik.pl\/blog\/wp-content\/uploads\/2020\/05\/DSC00288.jpg 1024w, https:\/\/www.skalnik.pl\/blog\/wp-content\/uploads\/2020\/05\/DSC00288-300x200.jpg 300w, https:\/\/www.skalnik.pl\/blog\/wp-content\/uploads\/2020\/05\/DSC00288-768x512.jpg 768w\" sizes=\"auto, (max-width: 1024px) 100vw, 1024px\" \/>\n\t\t\t<\/dt>\n\t\t\t\t<dd class='wp-caption-text gallery-caption' id='gallery-2-12391'>\n\t\t\t\tTras\u0105 trudn\u0105 prowadzi szlak, a trasa \u0142atwa oznaczona jest tabliczkami\n\t\t\t\t<\/dd><\/dl><dl class='gallery-item'>\n\t\t\t<dt class='gallery-icon landscape'>\n\t\t\t\t<img loading=\"lazy\" decoding=\"async\" width=\"1024\" height=\"683\" src=\"https:\/\/www.skalnik.pl\/blog\/wp-content\/uploads\/2020\/05\/DSC00341.jpg\" class=\"attachment-full size-full\" alt=\"szlak \u0142atwy zamek ksi\u0119cia henryka\" aria-describedby=\"gallery-2-12396\" srcset=\"https:\/\/www.skalnik.pl\/blog\/wp-content\/uploads\/2020\/05\/DSC00341.jpg 1024w, https:\/\/www.skalnik.pl\/blog\/wp-content\/uploads\/2020\/05\/DSC00341-300x200.jpg 300w, https:\/\/www.skalnik.pl\/blog\/wp-content\/uploads\/2020\/05\/DSC00341-768x512.jpg 768w\" sizes=\"auto, (max-width: 1024px) 100vw, 1024px\" \/>\n\t\t\t<\/dt>\n\t\t\t\t<dd class='wp-caption-text gallery-caption' id='gallery-2-12396'>\n\t\t\t\tBez trudu traficie \u0142atw\u0105 tras\u0105 do celu\n\t\t\t\t<\/dd><\/dl><br style=\"clear: both\" \/><dl class='gallery-item'>\n\t\t\t<dt class='gallery-icon landscape'>\n\t\t\t\t<img loading=\"lazy\" decoding=\"async\" width=\"1024\" height=\"683\" src=\"https:\/\/www.skalnik.pl\/blog\/wp-content\/uploads\/2020\/05\/DSC00305.jpg\" class=\"attachment-full size-full\" alt=\"g\u00f3ra grodna wzg\u00f3rza \u0142omnickie\" aria-describedby=\"gallery-2-12393\" srcset=\"https:\/\/www.skalnik.pl\/blog\/wp-content\/uploads\/2020\/05\/DSC00305.jpg 1024w, https:\/\/www.skalnik.pl\/blog\/wp-content\/uploads\/2020\/05\/DSC00305-300x200.jpg 300w, https:\/\/www.skalnik.pl\/blog\/wp-content\/uploads\/2020\/05\/DSC00305-768x512.jpg 768w\" sizes=\"auto, (max-width: 1024px) 100vw, 1024px\" \/>\n\t\t\t<\/dt>\n\t\t\t\t<dd class='wp-caption-text gallery-caption' id='gallery-2-12393'>\n\t\t\t\tMalowniczo po\u0142o\u017cony Zamek Ksi\u0119cia Henryka\n\t\t\t\t<\/dd><\/dl><dl class='gallery-item'>\n\t\t\t<dt class='gallery-icon portrait'>\n\t\t\t\t<img loading=\"lazy\" decoding=\"async\" width=\"683\" height=\"1024\" src=\"https:\/\/www.skalnik.pl\/blog\/wp-content\/uploads\/2020\/05\/DSC00309-rotated.jpg\" class=\"attachment-full size-full\" alt=\"zamek ksi\u0119cia henryka cennik\" aria-describedby=\"gallery-2-12394\" srcset=\"https:\/\/www.skalnik.pl\/blog\/wp-content\/uploads\/2020\/05\/DSC00309-rotated.jpg 683w, https:\/\/www.skalnik.pl\/blog\/wp-content\/uploads\/2020\/05\/DSC00309-200x300.jpg 200w\" sizes=\"auto, (max-width: 683px) 100vw, 683px\" \/>\n\t\t\t<\/dt>\n\t\t\t\t<dd class='wp-caption-text gallery-caption' id='gallery-2-12394'>\n\t\t\t\tWst\u0119p na wie\u017c\u0119 jest biletowany\n\t\t\t\t<\/dd><\/dl>\n\t\t\t<br style='clear: both' \/>\n\t\t<\/div>\n\n<\/div>\n\n\n<h2 class=\"wp-block-heading\"><span class=\"ez-toc-section\" id=\"Witosza_%E2%80%93_jaskinie_i_slaski_Nostradamus\"><\/span>Witosza &#8211; jaskinie i \u015bl\u0105ski Nostradamus<span class=\"ez-toc-section-end\"><\/span><\/h2>\n\n\n\n<p>Na chwil\u0119 zostajemy na Wzg\u00f3rzach \u0141omnickich. To naprawd\u0119 \u015bwietna okolica na wycieczki z dzieckiem. Kolejn\u0105 propozycj\u0105 jest wycieczka na g\u00f3r\u0119 Witosza. To troch\u0119 zapomniane, ale ostatnio coraz bardziej popularne miejsce, kt\u00f3re jako atrakcja turystyczna by\u0142o znane od wiek\u00f3w i to nawet Polakom przybywaj\u0105cym do uzdrowiska w Cieplicach. Wycieczk\u0119 w to miejsce odnotowa\u0142a Izabela Czartoryska w swoim<em> Dzienniku podr\u00f3\u017cy do Cieplic w roku 1816<\/em>.<br><\/p>\n\n\n\n<div class=\"wp-block-image\"><figure class=\"aligncenter size-large\"><img loading=\"lazy\" decoding=\"async\" width=\"1024\" height=\"683\" src=\"https:\/\/skalnik.pl\/blog\/wp-content\/uploads\/2020\/05\/witosza-jakskinia-skalna-komora.jpg\" alt=\"witosza jaskinia\" class=\"wp-image-12401\" srcset=\"https:\/\/www.skalnik.pl\/blog\/wp-content\/uploads\/2020\/05\/witosza-jakskinia-skalna-komora.jpg 1024w, https:\/\/www.skalnik.pl\/blog\/wp-content\/uploads\/2020\/05\/witosza-jakskinia-skalna-komora-300x200.jpg 300w, https:\/\/www.skalnik.pl\/blog\/wp-content\/uploads\/2020\/05\/witosza-jakskinia-skalna-komora-768x512.jpg 768w\" sizes=\"auto, (max-width: 1024px) 100vw, 1024px\" \/><figcaption><em>Wej\u015bcie do jaskini Skalna Komora.<\/em><\/figcaption><\/figure><\/div>\n\n\n\n<p>Wycieczk\u0119 mo\u017cna rozpocz\u0105\u0107 u podn\u00f3\u017ca g\u00f3ry w Staniszowie. Auto mo\u017cecie zostawi\u0107 pod star\u0105 remiz\u0105, przy skrzy\u017cowaniu szlaku niebieskiego i zielonego. Je\u015bli nie b\u0119dzie tu wolnego miejsca, to mo\u017cecie spr\u00f3bowa\u0107 postoju pod zabytkowym ko\u015bcio\u0142em w Staniszowie. Od skrzy\u017cowania szlak\u00f3w przy starej remizie i pomniku, kt\u00f3ry upami\u0119tnia poleg\u0142ych na frontach I Wojny \u015awiatowej mieszka\u0144c\u00f3w dawnego <em>Stonsdorf<\/em>, idzie si\u0119 w g\u00f3r\u0119 szlakiem \u017c\u00f3\u0142tym. \u015acie\u017cka jest wygodna, ale miejscami stroma. Cz\u0119sto prowadzi schodkami, kt\u00f3re u\u0142atwia\u0142y dawniej i dzi\u015b spacery. <\/p>\n\n\n\n<div style=\"max-width:1000px;overflow:hidden;margin:0 auto;min-width:300px;\"><iframe src=\"https:\/\/mapa-turystyczna.pl\/map\/widget\/route\/h1l0p1\/gzr4.html\" style=\"width:100%;border:0;\" height=\"800\" frameborder=\"0\"><\/iframe><a href=\"https:\/\/mapa-turystyczna.pl\/route\/gzr4?utm_source=external_web&amp;utm_medium=widget&amp;utm_campaign=route_widget\" target=\"_blank\" style=\"color:#999;padding:7px 0;font-size: 13px;font-family:Roboto,Arial,sans-serif;display: inline-block;\" rel=\"noopener noreferrer\">Trasa z: Stanisz\u00f3w | mapa-turystyczna.pl<\/a><\/div>\n\n\n\n<p>Witosza to g\u00f3ra szczeg\u00f3lna. Znajduje si\u0119 tu granitowe miasteczko skalne i jaskinie szczelinowe, z kt\u00f3rych dwie s\u0105 \u0142atwo dost\u0119pne i do kt\u00f3rych mo\u017cna zajrze\u0107 nawet z dzieckiem. Id\u0105c ku g\u00f3rze miniecie jaskini\u0119 Skalna Komora. By wej\u015b\u0107 do niej trzeba delikatnie zboczy\u0107 ze szlaku w lewo i wej\u015b\u0107 pod ska\u0142\u0119, na kt\u00f3rej mo\u017cna dojrze\u0107 star\u0105 barierk\u0119 punktu widokowego. Druga jaskinia znajduje si\u0119 wy\u017cej i nazywana jest Uchem Igielnym, a trzecia Pustelni\u0105 (dwie ostatnie bywaj\u0105 b\u0142\u0119dnie opisywane na mapach). Ostatnia z jaski\u0144 nie znajduje si\u0119 na szlaku, ale to z ni\u0105 wi\u0105\u017ce si\u0119 najciekawsza historia.&nbsp;<br><\/p>\n\n\n\n<p>Ot\u00f3\u017c w tym schronisku skalnym zamieszkiwa\u0142 \u017cyj\u0105cy na prze\u0142omie XVI i XVII w.&nbsp; \u201c\u015bl\u0105ski Nostradamus\u201d &#8211; Hans Richmann. Cz\u0142owiekowi temu przypisywano zdolno\u015b\u0107 jasnowidzenia, m\u00f3wiono, \u017ce potrafi unosi\u0107 si\u0119 w powietrzu, a nawet przenika\u0107 przez \u015bciany. Richmann przepowiedzia\u0142 wiele lokalnych zjawisk i wydarze\u0144 oraz wydarzenia historyczne. Podobnie jak najs\u0142ynniejszy wizjoner \u015bwiata, Richmann przewidzia\u0142 dok\u0142adnie dat\u0119 swojej \u015bmierci, st\u0105d cz\u0119sto por\u00f3wnywany jest do niego i st\u0105d wzi\u0105\u0142 si\u0119 jego przydomek. S\u0142awa \u201c\u015bl\u0105skiego Nostradamusa\u201d nie by\u0142a jednak jedynym magnesem przyci\u0105gaj\u0105cym turyst\u00f3w do Witoszy. G\u00f3r\u0119 znana by\u0142a cho\u0107by ze zjawiska takiego jak widmo Brockenu. Na szczycie z pi\u0119kn\u0105 panoram\u0105 na Stanisz\u00f3w i Karkonosze obserwowano kilkukrotnie to zjawisko, a samej g\u00f3rze nadano miano \u201ckarkonoskiego Brockenu\u201d. Kolejn\u0105 atrakcj\u0105 sta\u0142 si\u0119 pomnik Bismarcka na szczycie. Z pomnika &#8211; po dzia\u0142aniach saper\u00f3w &#8211; pozosta\u0142 jedynie cok\u00f3\u0142.&nbsp;<br><\/p>\n\n\n<div class=\"page_gallery\">\n\n\t\t<style type=\"text\/css\">\n\t\t\t#gallery-3 {\n\t\t\t\tmargin: auto;\n\t\t\t}\n\t\t\t#gallery-3 .gallery-item {\n\t\t\t\tfloat: left;\n\t\t\t\tmargin-top: 10px;\n\t\t\t\ttext-align: center;\n\t\t\t\twidth: 33%;\n\t\t\t}\n\t\t\t#gallery-3 img {\n\t\t\t\tborder: 2px solid #cfcfcf;\n\t\t\t}\n\t\t\t#gallery-3 .gallery-caption {\n\t\t\t\tmargin-left: 0;\n\t\t\t}\n\t\t\t\/* see gallery_shortcode() in wp-includes\/media.php *\/\n\t\t<\/style>\n\t\t<div id='gallery-3' class='gallery galleryid-12365 gallery-columns-3 gallery-size-full'><dl class='gallery-item'>\n\t\t\t<dt class='gallery-icon landscape'>\n\t\t\t\t<img loading=\"lazy\" decoding=\"async\" width=\"1024\" height=\"683\" src=\"https:\/\/www.skalnik.pl\/blog\/wp-content\/uploads\/2020\/05\/DSC09253.jpg\" class=\"attachment-full size-full\" alt=\"witosza szlak\" aria-describedby=\"gallery-3-12402\" srcset=\"https:\/\/www.skalnik.pl\/blog\/wp-content\/uploads\/2020\/05\/DSC09253.jpg 1024w, https:\/\/www.skalnik.pl\/blog\/wp-content\/uploads\/2020\/05\/DSC09253-300x200.jpg 300w, https:\/\/www.skalnik.pl\/blog\/wp-content\/uploads\/2020\/05\/DSC09253-768x512.jpg 768w\" sizes=\"auto, (max-width: 1024px) 100vw, 1024px\" \/>\n\t\t\t<\/dt>\n\t\t\t\t<dd class='wp-caption-text gallery-caption' id='gallery-3-12402'>\n\t\t\t\tSpacer skalnymi uliczkami Witoszy\n\t\t\t\t<\/dd><\/dl><dl class='gallery-item'>\n\t\t\t<dt class='gallery-icon landscape'>\n\t\t\t\t<img loading=\"lazy\" decoding=\"async\" width=\"1024\" height=\"683\" src=\"https:\/\/www.skalnik.pl\/blog\/wp-content\/uploads\/2020\/05\/DSC09258.jpg\" class=\"attachment-full size-full\" alt=\"witosza szczyt stanisz\u00f3w\" aria-describedby=\"gallery-3-12403\" srcset=\"https:\/\/www.skalnik.pl\/blog\/wp-content\/uploads\/2020\/05\/DSC09258.jpg 1024w, https:\/\/www.skalnik.pl\/blog\/wp-content\/uploads\/2020\/05\/DSC09258-300x200.jpg 300w, https:\/\/www.skalnik.pl\/blog\/wp-content\/uploads\/2020\/05\/DSC09258-768x512.jpg 768w\" sizes=\"auto, (max-width: 1024px) 100vw, 1024px\" \/>\n\t\t\t<\/dt>\n\t\t\t\t<dd class='wp-caption-text gallery-caption' id='gallery-3-12403'>\n\t\t\t\tNa szczycie znajduje si\u0119 rozleg\u0142y punkt widokowy\n\t\t\t\t<\/dd><\/dl><dl class='gallery-item'>\n\t\t\t<dt class='gallery-icon landscape'>\n\t\t\t\t<img loading=\"lazy\" decoding=\"async\" width=\"1024\" height=\"683\" src=\"https:\/\/www.skalnik.pl\/blog\/wp-content\/uploads\/2020\/05\/DSC09268.jpg\" class=\"attachment-full size-full\" alt=\"na szczycie witosza\" aria-describedby=\"gallery-3-12404\" srcset=\"https:\/\/www.skalnik.pl\/blog\/wp-content\/uploads\/2020\/05\/DSC09268.jpg 1024w, https:\/\/www.skalnik.pl\/blog\/wp-content\/uploads\/2020\/05\/DSC09268-300x200.jpg 300w, https:\/\/www.skalnik.pl\/blog\/wp-content\/uploads\/2020\/05\/DSC09268-768x512.jpg 768w\" sizes=\"auto, (max-width: 1024px) 100vw, 1024px\" \/>\n\t\t\t<\/dt>\n\t\t\t\t<dd class='wp-caption-text gallery-caption' id='gallery-3-12404'>\n\t\t\t\tJest te\u017c miejsce, by odpocz\u0105\u0107 z ma\u0142ymi turystami\n\t\t\t\t<\/dd><\/dl><br style=\"clear: both\" \/><dl class='gallery-item'>\n\t\t\t<dt class='gallery-icon landscape'>\n\t\t\t\t<img loading=\"lazy\" decoding=\"async\" width=\"2560\" height=\"1707\" src=\"https:\/\/www.skalnik.pl\/blog\/wp-content\/uploads\/2020\/05\/DSC09286-scaled.jpg\" class=\"attachment-full size-full\" alt=\"witosza napisy niemieckie\" aria-describedby=\"gallery-3-12405\" srcset=\"https:\/\/www.skalnik.pl\/blog\/wp-content\/uploads\/2020\/05\/DSC09286-scaled.jpg 2560w, https:\/\/www.skalnik.pl\/blog\/wp-content\/uploads\/2020\/05\/DSC09286-300x200.jpg 300w, https:\/\/www.skalnik.pl\/blog\/wp-content\/uploads\/2020\/05\/DSC09286-1024x683.jpg 1024w, https:\/\/www.skalnik.pl\/blog\/wp-content\/uploads\/2020\/05\/DSC09286-768x512.jpg 768w, https:\/\/www.skalnik.pl\/blog\/wp-content\/uploads\/2020\/05\/DSC09286-1536x1024.jpg 1536w, https:\/\/www.skalnik.pl\/blog\/wp-content\/uploads\/2020\/05\/DSC09286-2048x1365.jpg 2048w\" sizes=\"auto, (max-width: 2560px) 100vw, 2560px\" \/>\n\t\t\t<\/dt>\n\t\t\t\t<dd class='wp-caption-text gallery-caption' id='gallery-3-12405'>\n\t\t\t\tO dawnej popularno\u015bci Witoszy \u015bwiadcz\u0105 napisy z XIX w.\n\t\t\t\t<\/dd><\/dl>\n\t\t\t<br style='clear: both' \/>\n\t\t<\/div>\n\n<\/div>\n\n\n<p>Na tym nie ko\u0144cz\u0105 si\u0119 atrakcje Witoszy i Staniszowa, ale pozostawiam to waszej ciekawo\u015bci i zach\u0119cam do poszukiwa\u0144. Na koniec dodam tylko, \u017ce wycieczk\u0119 z Witoszy mo\u017cna kontynuowa\u0107 istniej\u0105c\u0105 na g\u00f3rze \u015bcie\u017ck\u0105 dydaktyczn\u0105, kt\u00f3r\u0105 mo\u017cecie dotrze\u0107 do ogrodu pa\u0142acowego i Pa\u0142acu w Staniszowie. Warto przed\u0142u\u017cy\u0107 spacer, bowiem na sam\u0105 Witosz\u0119, mo\u017cna wej\u015b\u0107 w 10-15 minut.<\/p>\n\n\n\n<h2 class=\"wp-block-heading\"><span class=\"ez-toc-section\" id=\"Glazy_Krasnoludkow_%E2%80%93_frajda_dla_dzieci_w_kazdym_wieku\"><\/span>G\u0142azy Krasnoludk\u00f3w &#8211; frajda dla dzieci w ka\u017cdym wieku<span class=\"ez-toc-section-end\"><\/span><\/h2>\n\n\n\n<p>To miejsce, kt\u00f3re ma chyba wszystko, czego potrzeba ma\u0142ym turystom i ich rodzicom. G\u0142azy Krasnoludk\u00f3w po\u0142o\u017cone s\u0105 w G\u00f3rach Sto\u0142owych, ale w ich nieoczywistym pa\u015bmie, o kt\u00f3rym pami\u0119ta niewiele os\u00f3b. G\u00f3ry Sto\u0142owe to nie tylko Szczeliniec i Skalne Miasto. To pasmo g\u00f3rskie, kt\u00f3re &#8211; patrz\u0105c w kierunku p\u00f3\u0142nocno-zachodnim &#8211; ko\u0144czy si\u0119 cz\u0119\u015bci\u0105 zwan\u0105 Zawory. Jak dojecha\u0107 na G\u0142azy Krasnoludk\u00f3w? Musicie kierowa\u0107 si\u0119 do wsi Gorzesz\u00f3w, le\u017c\u0105c\u0105 pomi\u0119dzy Mieroszowem a znanym doskonale turystom Krzeszowem, kt\u00f3ry s\u0142ynny jest z zabytkowego opactwa cysters\u00f3w.&nbsp;<br><\/p>\n\n\n\n<iframe loading=\"lazy\" src=\"https:\/\/www.facebook.com\/plugins\/video.php?href=https%3A%2F%2Fwww.facebook.com%2Fprzewodnikgorskisudety%2Fvideos%2F2519411791444420%2F&#038;show_text=0&#038;width=560\" width=\"800\" height=\"442\" style=\"border:none;overflow:hidden\" scrolling=\"no\" frameborder=\"0\" allowTransparency=\"true\" allowFullScreen=\"true\"><\/iframe>\n\n\n\n<p>Dojazd pod G\u0142azy Krasnoludk\u00f3w jest prosty. W miejscowo\u015bci Gorzesz\u00f3w nale\u017cy skr\u0119ci\u0107 w poln\u0105 drog\u0119, kt\u00f3r\u0105 prowadzi czerwony szlak turystyczny. Droga przejezdna jest samochodem osobowym i prowadzi na spory parking pod sam\u0105 atrakcj\u0105. Z parkingu wystarczy przej\u015b\u0107 przez potok Jawisz\u00f3wka, by znale\u017a\u0107 si\u0119 na rozleg\u0142ej polanie, gdzie znajdziecie wiaty turystyczne, a nawet piaskownic\u0119 dla dzieci! Jest to idealne miejsce na rodzinny piknik.&nbsp;<br><\/p>\n\n\n\n<div style=\"max-width:1000px;overflow:hidden;margin:0 auto;min-width:300px;\"><iframe src=\"https:\/\/mapa-turystyczna.pl\/map\/widget\/route\/h1l0p1\/gzyg.html\" style=\"width:100%;border:0;\" height=\"800\" frameborder=\"0\"><\/iframe><a href=\"https:\/\/mapa-turystyczna.pl\/route\/gzyg?utm_source=external_web&amp;utm_medium=widget&amp;utm_campaign=route_widget\" target=\"_blank\" style=\"color:#999;padding:7px 0;font-size: 13px;font-family:Roboto,Arial,sans-serif;display: inline-block;\" rel=\"noopener noreferrer\">Trasa przez: Gorzeszowskie Ska\u0142ki | mapa-turystyczna.pl<\/a><\/div>\n\n\n\n<p>Z polany wystarczy wej\u015b\u0107 do lasu, by podziwia\u0107 ukryte w nim ska\u0142ki z piaskowca. Niekt\u00f3re s\u0105 kilkumetrowe, inne tworz\u0105 skalne \u015bciany o wysoko\u015bci kilkunastu metr\u00f3w. W rezerwacie nie brakuje r\u00f3wnie\u017c skalnych grzyb\u00f3w, kt\u00f3re dzieciom najbardziej przypadaj\u0105 do gustu. Najmniejsze dzieci najlepiej b\u0119dzie ponie\u015b\u0107 w tym miejscu w noside\u0142ku b\u0105d\u017a w chu\u015bcie. Dla kilkulatk\u00f3w wycieczka nie b\u0119dzie forsowna, a je\u015bli uzupe\u0142nicie j\u0105 opowie\u015bciami o \u017cyj\u0105cych tu pono\u0107 krasnoludkach, frajda b\u0119dzie gwarantowana. Istniej\u0105 lokalne podania, opowiadaj\u0105ce o tym, \u017ce \u017cyj\u0105ce tu krasnoludki nie zawsze by\u0142y grzeczne i uczynne. Wysokie na dwie stopy stworzenia ubrane w p\u0142aszcze i kaptury, maj\u0105 pono\u0107 d\u0142ugie brody, nienaturalnie d\u0142ugie stopy i sw\u00f3j charakterek!&nbsp;<br><\/p>\n\n\n\n<p>Spokojny, trwaj\u0105cy oko\u0142o godzin\u0119 &#8211; spacer pozwoli wam pozna\u0107 to miejsce. Pami\u0119tajcie tylko, \u017ce w 1970 r. na tym terenie utworzony zosta\u0142 rezerwat przyrody, w kt\u00f3rym szczeg\u00f3ln\u0105 ochron\u0105 obj\u0119te s\u0105 formy wietrzenia piaskowca i gleby. W G\u0142azach Krasnoludk\u00f3w nale\u017cy porusza\u0107 si\u0119 po szlakach i \u015bcie\u017ckach. Nie wolno niszczy\u0107 tu ska\u0142, wspina\u0107 si\u0119, zrywa\u0107 ro\u015blin czy zbiera\u0107 grzyb\u00f3w.<\/p>\n\n\n<div class=\"page_gallery\">\n\n\t\t<style type=\"text\/css\">\n\t\t\t#gallery-4 {\n\t\t\t\tmargin: auto;\n\t\t\t}\n\t\t\t#gallery-4 .gallery-item {\n\t\t\t\tfloat: left;\n\t\t\t\tmargin-top: 10px;\n\t\t\t\ttext-align: center;\n\t\t\t\twidth: 33%;\n\t\t\t}\n\t\t\t#gallery-4 img {\n\t\t\t\tborder: 2px solid #cfcfcf;\n\t\t\t}\n\t\t\t#gallery-4 .gallery-caption {\n\t\t\t\tmargin-left: 0;\n\t\t\t}\n\t\t\t\/* see gallery_shortcode() in wp-includes\/media.php *\/\n\t\t<\/style>\n\t\t<div id='gallery-4' class='gallery galleryid-12365 gallery-columns-3 gallery-size-full'><dl class='gallery-item'>\n\t\t\t<dt class='gallery-icon landscape'>\n\t\t\t\t<img loading=\"lazy\" decoding=\"async\" width=\"1024\" height=\"682\" src=\"https:\/\/www.skalnik.pl\/blog\/wp-content\/uploads\/2020\/05\/DSC02319.jpg\" class=\"attachment-full size-full\" alt=\"g\u0142azy krasnoludk\u00f3w\" aria-describedby=\"gallery-4-12411\" srcset=\"https:\/\/www.skalnik.pl\/blog\/wp-content\/uploads\/2020\/05\/DSC02319.jpg 1024w, https:\/\/www.skalnik.pl\/blog\/wp-content\/uploads\/2020\/05\/DSC02319-300x200.jpg 300w, https:\/\/www.skalnik.pl\/blog\/wp-content\/uploads\/2020\/05\/DSC02319-768x512.jpg 768w\" sizes=\"auto, (max-width: 1024px) 100vw, 1024px\" \/>\n\t\t\t<\/dt>\n\t\t\t\t<dd class='wp-caption-text gallery-caption' id='gallery-4-12411'>\n\t\t\t\tObok parkingu znajduje si\u0119 du\u017ca polana z infrastruktur\u0105 turystyczn\u0105\n\t\t\t\t<\/dd><\/dl><dl class='gallery-item'>\n\t\t\t<dt class='gallery-icon landscape'>\n\t\t\t\t<img loading=\"lazy\" decoding=\"async\" width=\"1024\" height=\"683\" src=\"https:\/\/www.skalnik.pl\/blog\/wp-content\/uploads\/2020\/05\/DSC02233.jpg\" class=\"attachment-full size-full\" alt=\"g\u0142azy krasnoludk\u00f3w grzyby\" aria-describedby=\"gallery-4-12413\" srcset=\"https:\/\/www.skalnik.pl\/blog\/wp-content\/uploads\/2020\/05\/DSC02233.jpg 1024w, https:\/\/www.skalnik.pl\/blog\/wp-content\/uploads\/2020\/05\/DSC02233-300x200.jpg 300w, https:\/\/www.skalnik.pl\/blog\/wp-content\/uploads\/2020\/05\/DSC02233-768x512.jpg 768w\" sizes=\"auto, (max-width: 1024px) 100vw, 1024px\" \/>\n\t\t\t<\/dt>\n\t\t\t\t<dd class='wp-caption-text gallery-caption' id='gallery-4-12413'>\n\t\t\t\tFantastyczne formy wietrzenia piaskowca pobudzaj\u0105 wyobra\u017cni\u0119\n\t\t\t\t<\/dd><\/dl><dl class='gallery-item'>\n\t\t\t<dt class='gallery-icon landscape'>\n\t\t\t\t<img loading=\"lazy\" decoding=\"async\" width=\"1024\" height=\"683\" src=\"https:\/\/www.skalnik.pl\/blog\/wp-content\/uploads\/2020\/05\/DSC02230.jpg\" class=\"attachment-full size-full\" alt=\"zawory g\u00f3ry sto\u0142owe\" aria-describedby=\"gallery-4-12414\" srcset=\"https:\/\/www.skalnik.pl\/blog\/wp-content\/uploads\/2020\/05\/DSC02230.jpg 1024w, https:\/\/www.skalnik.pl\/blog\/wp-content\/uploads\/2020\/05\/DSC02230-300x200.jpg 300w, https:\/\/www.skalnik.pl\/blog\/wp-content\/uploads\/2020\/05\/DSC02230-768x512.jpg 768w\" sizes=\"auto, (max-width: 1024px) 100vw, 1024px\" \/>\n\t\t\t<\/dt>\n\t\t\t\t<dd class='wp-caption-text gallery-caption' id='gallery-4-12414'>\n\t\t\t\tNiekt\u00f3re ska\u0142y mierz\u0105 po kilkana\u015bcie metr\u00f3w\n\t\t\t\t<\/dd><\/dl><br style=\"clear: both\" \/><dl class='gallery-item'>\n\t\t\t<dt class='gallery-icon landscape'>\n\t\t\t\t<img loading=\"lazy\" decoding=\"async\" width=\"1024\" height=\"683\" src=\"https:\/\/www.skalnik.pl\/blog\/wp-content\/uploads\/2020\/05\/DSC02272.jpg\" class=\"attachment-full size-full\" alt=\"skalne grzyby gorzeszowskie ska\u0142y\" aria-describedby=\"gallery-4-12415\" srcset=\"https:\/\/www.skalnik.pl\/blog\/wp-content\/uploads\/2020\/05\/DSC02272.jpg 1024w, https:\/\/www.skalnik.pl\/blog\/wp-content\/uploads\/2020\/05\/DSC02272-300x200.jpg 300w, https:\/\/www.skalnik.pl\/blog\/wp-content\/uploads\/2020\/05\/DSC02272-768x512.jpg 768w\" sizes=\"auto, (max-width: 1024px) 100vw, 1024px\" \/>\n\t\t\t<\/dt>\n\t\t\t\t<dd class='wp-caption-text gallery-caption' id='gallery-4-12415'>\n\t\t\t\tGrzyby czy kowad\u0142a?\n\t\t\t\t<\/dd><\/dl><dl class='gallery-item'>\n\t\t\t<dt class='gallery-icon landscape'>\n\t\t\t\t<img loading=\"lazy\" decoding=\"async\" width=\"1024\" height=\"683\" src=\"https:\/\/www.skalnik.pl\/blog\/wp-content\/uploads\/2020\/05\/DSC02247.jpg\" class=\"attachment-full size-full\" alt=\"skalne grzyby zawory g\u00f3ry sto\u0142owe\" aria-describedby=\"gallery-4-12416\" srcset=\"https:\/\/www.skalnik.pl\/blog\/wp-content\/uploads\/2020\/05\/DSC02247.jpg 1024w, https:\/\/www.skalnik.pl\/blog\/wp-content\/uploads\/2020\/05\/DSC02247-300x200.jpg 300w, https:\/\/www.skalnik.pl\/blog\/wp-content\/uploads\/2020\/05\/DSC02247-768x512.jpg 768w\" sizes=\"auto, (max-width: 1024px) 100vw, 1024px\" \/>\n\t\t\t<\/dt>\n\t\t\t\t<dd class='wp-caption-text gallery-caption' id='gallery-4-12416'>\n\t\t\t\tCho\u0107 s\u0105 tu niezwyk\u0142e okazy, to w tym lesie grzyb\u00f3w zbiera\u0107 nie wolno\n\t\t\t\t<\/dd><\/dl>\n\t\t\t<br style='clear: both' \/>\n\t\t<\/div>\n\n<\/div>\n\n\n<h2 class=\"wp-block-heading\"><span class=\"ez-toc-section\" id=\"Wawoz_Pelcznicy_%E2%80%93_Sciezka_Hochbergow\"><\/span>W\u0105w\u00f3z Pe\u0142cznicy &#8211; \u015acie\u017cka Hochberg\u00f3w<span class=\"ez-toc-section-end\"><\/span><\/h2>\n\n\n\n<p>Ka\u017cdy zna Zamek Ksi\u0105\u017c, ale nie ka\u017cdy zna urocz\u0105 \u015acie\u017ck\u0119 Hochberg\u00f3w, kt\u00f3ra biegnie W\u0105wozem Pe\u0142cznicy (b\u0119d\u0105cym <em>de facto<\/em> nie w\u0105wozem, a jarem) znajduj\u0105cym si\u0119 poni\u017cej zamku. Jest to \u015bcie\u017cka edukacyjno-przyrodnicza, kt\u00f3ra znajduje si\u0119 w Rezerwacie Przyrody \u201cPrze\u0142omy pod Ksi\u0105\u017cem\u201d. Rezerwat obejmuje prze\u0142om rzeki Pe\u0142cznicy i prze\u0142om Szczawnika. Punktem startu i met\u0105 mo\u017ce by\u0107 dla tej wycieczki Zamek Ksi\u0105\u017c, a sama w\u0119dr\u00f3wka zajmuje oko\u0142o 2 godzin 30 minut. Na \u015bcie\u017cce znajduj\u0105 si\u0119 tablice, z kt\u00f3rych dowiecie si\u0119 jak wyj\u0105tkowe jest to miejsce.&nbsp;<br><\/p>\n\n\n\n<div class=\"wp-block-image\"><figure class=\"aligncenter size-large\"><img loading=\"lazy\" decoding=\"async\" width=\"1024\" height=\"683\" src=\"https:\/\/skalnik.pl\/blog\/wp-content\/uploads\/2020\/05\/DSC00100.jpg\" alt=\"\" class=\"wp-image-12419\" srcset=\"https:\/\/www.skalnik.pl\/blog\/wp-content\/uploads\/2020\/05\/DSC00100.jpg 1024w, https:\/\/www.skalnik.pl\/blog\/wp-content\/uploads\/2020\/05\/DSC00100-300x200.jpg 300w, https:\/\/www.skalnik.pl\/blog\/wp-content\/uploads\/2020\/05\/DSC00100-768x512.jpg 768w\" sizes=\"auto, (max-width: 1024px) 100vw, 1024px\" \/><figcaption><em>W\u0105w\u00f3z Pe\u0142cznicy to urokliwe miejsce, w kt\u00f3rym musisz skorzysta\u0107 z noside\u0142ka lub chusty. <\/em><\/figcaption><\/figure><\/div>\n\n\n\n<p>Dla zach\u0119ty wyruszenia na ten szlak dodam tylko kilka informacji. Prze\u0142om Pe\u0142cznicy to wyj\u0105tkowo widokowe miejsce. Ca\u0142y czas w\u0119dr\u00f3wce towarzyszy widok jednego z najpi\u0119kniejszych i najwi\u0119kszych zamk\u00f3w w Polsce. Przy okazji przej\u015bcia tego szlaku w kszta\u0142cie p\u0119tli, mo\u017cna zajrze\u0107 tak\u017ce do ruin tak zwanego zamku Stary Ksi\u0105\u017c. To pozosta\u0142o\u015bci ruiny, kt\u00f3r\u0105 Hochbergowie urz\u0105dzili dla organizowania polowa\u0144 i turniej\u00f3w rycerskich. Co prawda badania archeologiczne dowodz\u0105, \u017ce w tej okolicy mog\u0142a sta\u0107 du\u017co starsza warownia czy gr\u00f3d, ale ich pozosta\u0142o\u015bci\u0105 nie s\u0105 ruiny Starego Ksi\u0105\u017ca. Warto odwiedzi\u0107 to miejsce ze wzgl\u0119du na atrakcyjno\u015b\u0107, jak r\u00f3wnie\u017c na zaplanowanie odpoczynku &#8211; wyj\u0119cie dziecka z chusty lub noside\u0142ka. Ta wycieczka to opcja nieco d\u0142u\u017cszej wycieczki z dzieckiem, kt\u00f3ra wymaga w kilku miejscach ostro\u017cno\u015bci. Szlaku nie pokona si\u0119 z w\u00f3zkiem.&nbsp;&nbsp;<br><\/p>\n\n\n\n<div style=\"max-width:1000px;overflow:hidden;margin:0 auto;min-width:300px;\"><iframe src=\"https:\/\/mapa-turystyczna.pl\/map\/widget\/route\/h1l0p1\/gzwn.html\" style=\"width:100%;border:0;\" height=\"800\" frameborder=\"0\"><\/iframe><a href=\"https:\/\/mapa-turystyczna.pl\/route\/gzwn?utm_source=external_web&amp;utm_medium=widget&amp;utm_campaign=route_widget\" target=\"_blank\" style=\"color:#999;padding:7px 0;font-size: 13px;font-family:Roboto,Arial,sans-serif;display: inline-block;\" rel=\"noopener noreferrer\">Trasa: Zamek Ksi\u0105\u017c \u2013 Zamek Ksi\u0105\u017c | mapa-turystyczna.pl<\/a><\/div>\n\n\n\n<p>Urocze widoki, k\u0142adki prowadz\u0105ce przez skalne urwiska dolnokarbo\u0144skich zlepie\u0144c\u00f3w, wij\u0105ca si\u0119 mi\u0119dzy wysokimi \u015bcianami jaru rzeka oraz osobliwo\u015bci przyrody polecaj\u0105 si\u0119, by je odkry\u0107. Podczas wycieczki warto zwr\u00f3ci\u0107 uwag\u0119 na przyrod\u0119. Miejsce to jest wyj\u0105tkowe ze wzgl\u0119du na dobrze zachowane kwa\u015bne buczyny, lasy \u0142\u0119gowe czy du\u017c\u0105 populacj\u0119 cis\u00f3w, z pomnikowym cisem Bolko na czele. Cis ten liczy oko\u0142o 400-600 lat, cho\u0107 s\u0142ynny przyrodnik Alexander von Humboldt dawa\u0142 mu nawet 800 lat. Okaza\u0142y i r\u00f3wnie\u017c obj\u0119ty ochron\u0105 jako pomnik przyrody jest bluszcz na Starym Ksi\u0105\u017cu. Rezerwat to miejsce cenne tak\u017ce ze wzgl\u0119du na \u017cyj\u0105cych tu przedstawicieli fauny. Mo\u017cna spotka\u0107 tu muflony, salamandr\u0119 plamist\u0105, rzekotk\u0119 drzewn\u0105, puchacza, much\u00f3wk\u0119 bia\u0142oszyj\u0105 i osiem gatunk\u00f3w nietoperzy. Zupe\u0142nie osobliwy jest tu \u015bwiat mi\u0119czak\u00f3w i paj\u0119czak\u00f3w. W\u015br\u00f3d 89 gatunk\u00f3w mi\u0119czak\u00f3w, \u017cyje tu \u015bwidrzyk ozdobny i jest to jego jedyne miejsce wyst\u0119powania na Dolnym \u015al\u0105sku. W\u015br\u00f3d 199 gatunk\u00f3w paj\u0119czak\u00f3w, na odnotowanie zas\u0142uguje a\u017c 21 bardzo rzadkich w skali regionu g\u00f3rskich paj\u0119czak\u00f3w o trudnych do zapami\u0119tania nazwach &#8211; na przyk\u0142ad <em>Centromerus&nbsp; sellarius,&nbsp; Zygiella&nbsp; montana, Leptyhantes monticola<\/em>.<br><\/p>\n\n\n\n<p>Pami\u0119tajcie o tym, gdy wybierzecie si\u0119 do W\u0105wozu Pe\u0142cznicy. Niech nie zwiod\u0105 was \u015bmieci, kt\u00f3re przynosi z Wa\u0142brzycha rzeka. Niestety tak cenne przyrodniczo miejsce nie ma szcz\u0119\u015bcia i na brzegach opr\u00f3cz drobnych odpad\u00f3w, mo\u017cna dojrze\u0107 opony, w\u00f3zki z market\u00f3w, cz\u0119\u015bci lod\u00f3wek\u2026 W W\u0105wozie Pe\u0142cznicy wida\u0107 doskonale, jak wa\u017cna jest edukacja ekologiczna i dba\u0142o\u015b\u0107 ka\u017cdego o nasz\u0105 planet\u0119.&nbsp;<\/p>\n\n\n<div class=\"page_gallery\">\n\n\t\t<style type=\"text\/css\">\n\t\t\t#gallery-5 {\n\t\t\t\tmargin: auto;\n\t\t\t}\n\t\t\t#gallery-5 .gallery-item {\n\t\t\t\tfloat: left;\n\t\t\t\tmargin-top: 10px;\n\t\t\t\ttext-align: center;\n\t\t\t\twidth: 33%;\n\t\t\t}\n\t\t\t#gallery-5 img {\n\t\t\t\tborder: 2px solid #cfcfcf;\n\t\t\t}\n\t\t\t#gallery-5 .gallery-caption {\n\t\t\t\tmargin-left: 0;\n\t\t\t}\n\t\t\t\/* see gallery_shortcode() in wp-includes\/media.php *\/\n\t\t<\/style>\n\t\t<div id='gallery-5' class='gallery galleryid-12365 gallery-columns-3 gallery-size-full'><dl class='gallery-item'>\n\t\t\t<dt class='gallery-icon landscape'>\n\t\t\t\t<img loading=\"lazy\" decoding=\"async\" width=\"1024\" height=\"683\" src=\"https:\/\/www.skalnik.pl\/blog\/wp-content\/uploads\/2020\/05\/w\u0105woz-pe\u0142cznicy-dawna-przysta\u0144.jpg\" class=\"attachment-full size-full\" alt=\"dawna przysta\u0144 \u015bcie\u017cka hochberg\u00f3w\" aria-describedby=\"gallery-5-12424\" srcset=\"https:\/\/www.skalnik.pl\/blog\/wp-content\/uploads\/2020\/05\/w\u0105woz-pe\u0142cznicy-dawna-przysta\u0144.jpg 1024w, https:\/\/www.skalnik.pl\/blog\/wp-content\/uploads\/2020\/05\/w\u0105woz-pe\u0142cznicy-dawna-przysta\u0144-300x200.jpg 300w, https:\/\/www.skalnik.pl\/blog\/wp-content\/uploads\/2020\/05\/w\u0105woz-pe\u0142cznicy-dawna-przysta\u0144-768x512.jpg 768w\" sizes=\"auto, (max-width: 1024px) 100vw, 1024px\" \/>\n\t\t\t<\/dt>\n\t\t\t\t<dd class='wp-caption-text gallery-caption' id='gallery-5-12424'>\n\t\t\t\tRuiny dawnej przystani\n\t\t\t\t<\/dd><\/dl><dl class='gallery-item'>\n\t\t\t<dt class='gallery-icon landscape'>\n\t\t\t\t<img loading=\"lazy\" decoding=\"async\" width=\"1024\" height=\"683\" src=\"https:\/\/www.skalnik.pl\/blog\/wp-content\/uploads\/2020\/05\/zamek-kszi\u0105\u017c-w\u0105w\u00f3z-pe\u0142cznicy.jpg\" class=\"attachment-full size-full\" alt=\"\u015bcie\u017cka hochberg\u00f3w ksi\u0105\u017c\" aria-describedby=\"gallery-5-12432\" srcset=\"https:\/\/www.skalnik.pl\/blog\/wp-content\/uploads\/2020\/05\/zamek-kszi\u0105\u017c-w\u0105w\u00f3z-pe\u0142cznicy.jpg 1024w, https:\/\/www.skalnik.pl\/blog\/wp-content\/uploads\/2020\/05\/zamek-kszi\u0105\u017c-w\u0105w\u00f3z-pe\u0142cznicy-300x200.jpg 300w, https:\/\/www.skalnik.pl\/blog\/wp-content\/uploads\/2020\/05\/zamek-kszi\u0105\u017c-w\u0105w\u00f3z-pe\u0142cznicy-768x512.jpg 768w\" sizes=\"auto, (max-width: 1024px) 100vw, 1024px\" \/>\n\t\t\t<\/dt>\n\t\t\t\t<dd class='wp-caption-text gallery-caption' id='gallery-5-12432'>\n\t\t\t\tW\u0119dr\u00f3wce towarzyszy ca\u0142y czas Zamek Ksi\u0105\u017c\n\t\t\t\t<\/dd><\/dl><dl class='gallery-item'>\n\t\t\t<dt class='gallery-icon landscape'>\n\t\t\t\t<img loading=\"lazy\" decoding=\"async\" width=\"1024\" height=\"683\" src=\"https:\/\/www.skalnik.pl\/blog\/wp-content\/uploads\/2020\/05\/DSC00092.jpg\" class=\"attachment-full size-full\" alt=\"\u015bcie\u017cka hochberg\u00f3w z dzieckiem\" aria-describedby=\"gallery-5-12422\" srcset=\"https:\/\/www.skalnik.pl\/blog\/wp-content\/uploads\/2020\/05\/DSC00092.jpg 1024w, https:\/\/www.skalnik.pl\/blog\/wp-content\/uploads\/2020\/05\/DSC00092-300x200.jpg 300w, https:\/\/www.skalnik.pl\/blog\/wp-content\/uploads\/2020\/05\/DSC00092-768x512.jpg 768w\" sizes=\"auto, (max-width: 1024px) 100vw, 1024px\" \/>\n\t\t\t<\/dt>\n\t\t\t\t<dd class='wp-caption-text gallery-caption' id='gallery-5-12422'>\n\t\t\t\tNa t\u0119 wycieczk\u0119 musisz wyruszy\u0107 z noside\u0142kiem lub chust\u0105\n\t\t\t\t<\/dd><\/dl><br style=\"clear: both\" \/><dl class='gallery-item'>\n\t\t\t<dt class='gallery-icon portrait'>\n\t\t\t\t<img loading=\"lazy\" decoding=\"async\" width=\"683\" height=\"1025\" src=\"https:\/\/www.skalnik.pl\/blog\/wp-content\/uploads\/2020\/05\/w\u0105w\u00f3z-pe\u0142cznicy-tunel.jpg\" class=\"attachment-full size-full\" alt=\"tunel \u015bcie\u017cka hochberg\u00f3w\" aria-describedby=\"gallery-5-12429\" srcset=\"https:\/\/www.skalnik.pl\/blog\/wp-content\/uploads\/2020\/05\/w\u0105w\u00f3z-pe\u0142cznicy-tunel.jpg 683w, https:\/\/www.skalnik.pl\/blog\/wp-content\/uploads\/2020\/05\/w\u0105w\u00f3z-pe\u0142cznicy-tunel-200x300.jpg 200w\" sizes=\"auto, (max-width: 683px) 100vw, 683px\" \/>\n\t\t\t<\/dt>\n\t\t\t\t<dd class='wp-caption-text gallery-caption' id='gallery-5-12429'>\n\t\t\t\tNa drodze s\u0105 miejsca nie do pokonania w\u00f3zkiem\n\t\t\t\t<\/dd><\/dl><dl class='gallery-item'>\n\t\t\t<dt class='gallery-icon landscape'>\n\t\t\t\t<img loading=\"lazy\" decoding=\"async\" width=\"1024\" height=\"683\" src=\"https:\/\/www.skalnik.pl\/blog\/wp-content\/uploads\/2020\/05\/DSC00082.jpg\" class=\"attachment-full size-full\" alt=\"\u015bcie\u017cka hochberg\u00f3w mostek na pe\u0142cznicy\" aria-describedby=\"gallery-5-12421\" srcset=\"https:\/\/www.skalnik.pl\/blog\/wp-content\/uploads\/2020\/05\/DSC00082.jpg 1024w, https:\/\/www.skalnik.pl\/blog\/wp-content\/uploads\/2020\/05\/DSC00082-300x200.jpg 300w, https:\/\/www.skalnik.pl\/blog\/wp-content\/uploads\/2020\/05\/DSC00082-768x512.jpg 768w\" sizes=\"auto, (max-width: 1024px) 100vw, 1024px\" \/>\n\t\t\t<\/dt>\n\t\t\t\t<dd class='wp-caption-text gallery-caption' id='gallery-5-12421'>\n\t\t\t\tMostek na Pe\u0142cznicy w okolicach Starego Ksi\u0105\u017ca\n\t\t\t\t<\/dd><\/dl><dl class='gallery-item'>\n\t\t\t<dt class='gallery-icon landscape'>\n\t\t\t\t<img loading=\"lazy\" decoding=\"async\" width=\"1024\" height=\"683\" src=\"https:\/\/www.skalnik.pl\/blog\/wp-content\/uploads\/2020\/05\/zamek-stary-ksi\u0105\u017c.jpg\" class=\"attachment-full size-full\" alt=\"\u015bcie\u017cka hochberg\u00f3w stary ksi\u0105\u017c\" aria-describedby=\"gallery-5-12437\" srcset=\"https:\/\/www.skalnik.pl\/blog\/wp-content\/uploads\/2020\/05\/zamek-stary-ksi\u0105\u017c.jpg 1024w, https:\/\/www.skalnik.pl\/blog\/wp-content\/uploads\/2020\/05\/zamek-stary-ksi\u0105\u017c-300x200.jpg 300w, https:\/\/www.skalnik.pl\/blog\/wp-content\/uploads\/2020\/05\/zamek-stary-ksi\u0105\u017c-768x512.jpg 768w\" sizes=\"auto, (max-width: 1024px) 100vw, 1024px\" \/>\n\t\t\t<\/dt>\n\t\t\t\t<dd class='wp-caption-text gallery-caption' id='gallery-5-12437'>\n\t\t\t\tStary Ksi\u0105\u017c z pomnikowym bluszczem\n\t\t\t\t<\/dd><\/dl><br style=\"clear: both\" \/><dl class='gallery-item'>\n\t\t\t<dt class='gallery-icon landscape'>\n\t\t\t\t<img loading=\"lazy\" decoding=\"async\" width=\"1024\" height=\"683\" src=\"https:\/\/www.skalnik.pl\/blog\/wp-content\/uploads\/2020\/05\/DSC00067.jpg\" class=\"attachment-full size-full\" alt=\"\u015bcie\u017cka hochberg\u00f3w zamek stary ksi\u0105\u017c\" aria-describedby=\"gallery-5-12426\" srcset=\"https:\/\/www.skalnik.pl\/blog\/wp-content\/uploads\/2020\/05\/DSC00067.jpg 1024w, https:\/\/www.skalnik.pl\/blog\/wp-content\/uploads\/2020\/05\/DSC00067-300x200.jpg 300w, https:\/\/www.skalnik.pl\/blog\/wp-content\/uploads\/2020\/05\/DSC00067-768x512.jpg 768w\" sizes=\"auto, (max-width: 1024px) 100vw, 1024px\" \/>\n\t\t\t<\/dt>\n\t\t\t\t<dd class='wp-caption-text gallery-caption' id='gallery-5-12426'>\n\t\t\t\tZamek Stary Ksi\u0105\u017c \n\t\t\t\t<\/dd><\/dl><dl class='gallery-item'>\n\t\t\t<dt class='gallery-icon landscape'>\n\t\t\t\t<img loading=\"lazy\" decoding=\"async\" width=\"1024\" height=\"683\" src=\"https:\/\/www.skalnik.pl\/blog\/wp-content\/uploads\/2020\/05\/\u015bcie\u017cka-hochberg\u00f3w.jpg\" class=\"attachment-full size-full\" alt=\"\u015bcie\u017cka hochberg\u00f3w urwiska\" aria-describedby=\"gallery-5-12430\" srcset=\"https:\/\/www.skalnik.pl\/blog\/wp-content\/uploads\/2020\/05\/\u015bcie\u017cka-hochberg\u00f3w.jpg 1024w, https:\/\/www.skalnik.pl\/blog\/wp-content\/uploads\/2020\/05\/\u015bcie\u017cka-hochberg\u00f3w-300x200.jpg 300w, https:\/\/www.skalnik.pl\/blog\/wp-content\/uploads\/2020\/05\/\u015bcie\u017cka-hochberg\u00f3w-768x512.jpg 768w\" sizes=\"auto, (max-width: 1024px) 100vw, 1024px\" \/>\n\t\t\t<\/dt>\n\t\t\t\t<dd class='wp-caption-text gallery-caption' id='gallery-5-12430'>\n\t\t\t\tSzlak prowadzi k\u0142adkami nad urwiskiem\n\t\t\t\t<\/dd><\/dl><dl class='gallery-item'>\n\t\t\t<dt class='gallery-icon landscape'>\n\t\t\t\t<img loading=\"lazy\" decoding=\"async\" width=\"1024\" height=\"683\" src=\"https:\/\/www.skalnik.pl\/blog\/wp-content\/uploads\/2020\/05\/DSC00029.jpg\" class=\"attachment-full size-full\" alt=\"\u015bcie\u017cka hochberg\u00f3w ska\u0142y\" aria-describedby=\"gallery-5-12420\" srcset=\"https:\/\/www.skalnik.pl\/blog\/wp-content\/uploads\/2020\/05\/DSC00029.jpg 1024w, https:\/\/www.skalnik.pl\/blog\/wp-content\/uploads\/2020\/05\/DSC00029-300x200.jpg 300w, https:\/\/www.skalnik.pl\/blog\/wp-content\/uploads\/2020\/05\/DSC00029-768x512.jpg 768w\" sizes=\"auto, (max-width: 1024px) 100vw, 1024px\" \/>\n\t\t\t<\/dt>\n\t\t\t\t<dd class='wp-caption-text gallery-caption' id='gallery-5-12420'>\n\t\t\t\tStrome \u015bciany skalne i k\u0142adki to jedna z atrakcji wycieczki\n\t\t\t\t<\/dd><\/dl><br style=\"clear: both\" \/><dl class='gallery-item'>\n\t\t\t<dt class='gallery-icon landscape'>\n\t\t\t\t<img loading=\"lazy\" decoding=\"async\" width=\"1024\" height=\"683\" src=\"https:\/\/www.skalnik.pl\/blog\/wp-content\/uploads\/2020\/05\/DSC00024.jpg\" class=\"attachment-full size-full\" alt=\"\u015bcie\u017cka hochberg\u00f3w szlak\" aria-describedby=\"gallery-5-12423\" srcset=\"https:\/\/www.skalnik.pl\/blog\/wp-content\/uploads\/2020\/05\/DSC00024.jpg 1024w, https:\/\/www.skalnik.pl\/blog\/wp-content\/uploads\/2020\/05\/DSC00024-300x200.jpg 300w, https:\/\/www.skalnik.pl\/blog\/wp-content\/uploads\/2020\/05\/DSC00024-768x512.jpg 768w\" sizes=\"auto, (max-width: 1024px) 100vw, 1024px\" \/>\n\t\t\t<\/dt>\n\t\t\t\t<dd class='wp-caption-text gallery-caption' id='gallery-5-12423'>\n\t\t\t\tId\u0105c W\u0105wozem Pe\u0142cznicy zachowaj ostro\u017cno\u015b\u0107\n\t\t\t\t<\/dd><\/dl>\n\t\t\t<br style='clear: both' \/>\n\t\t<\/div>\n\n<\/div>\n\n\n<h2 class=\"wp-block-heading\"><span class=\"ez-toc-section\" id=\"Kalenica_%E2%80%93_prawdziwe_gory_z_dzieckiem\"><\/span>Kalenica &#8211; prawdziwe g\u00f3ry z dzieckiem<span class=\"ez-toc-section-end\"><\/span><\/h2>\n\n\n\n<p>Kto\u015b mo\u017ce powiedzie\u0107, \u017ce wci\u0105\u017c nie byli\u015bmy w tym artykule w prawdziwych g\u00f3rach\u2026 Je\u015bli g\u00f3ry mierzy si\u0119 tylko wysoko\u015bci\u0105 szczytu, to najwy\u017csza w tym artykule \u015al\u0119\u017ca wci\u0105\u017c po\u0142o\u017cona jest na pog\u00f3rzu i mimo du\u017cej wybitno\u015bci nie zbli\u017ca si\u0119 nawet za blisko do 1000 m n.p.m.&nbsp;<br><\/p>\n\n\n\n<p>Na koniec proponuj\u0119 wi\u0119c wycieczk\u0119 na Kalenic\u0119. Ju\u017c na wst\u0119pie zaznaczam, \u017ce to propozycja \u201cbez w\u00f3zka\u201d, bez marudzenia i ci\u0105gle pod g\u00f3rk\u0119. Przed nami minimum godzina dreptania ze Schroniska PTTK \u201cZygmunt\u00f3wka\u201d na szczyt z wie\u017c\u0105 widokow\u0105 i wiat\u0105. Wybieram t\u0119 \u201cprawdziw\u0105 g\u00f3r\u0119\u201d, bo le\u017cy w rozs\u0105dnej dla wycieczek z maluszkiem odleg\u0142o\u015bci od schroniska, nie jest tak oblegana jak Wielka Sowa, a oferuje nie gorsze od niej widoki.&nbsp;<br><\/p>\n\n\n\n<div class=\"wp-block-image\"><figure class=\"aligncenter size-large\"><img loading=\"lazy\" decoding=\"async\" width=\"1024\" height=\"683\" src=\"https:\/\/skalnik.pl\/blog\/wp-content\/uploads\/2020\/05\/DSC02209.jpg\" alt=\"Schronisko PTTK Zygmunt\u00f3wka\" class=\"wp-image-12441\" srcset=\"https:\/\/www.skalnik.pl\/blog\/wp-content\/uploads\/2020\/05\/DSC02209.jpg 1024w, https:\/\/www.skalnik.pl\/blog\/wp-content\/uploads\/2020\/05\/DSC02209-300x200.jpg 300w, https:\/\/www.skalnik.pl\/blog\/wp-content\/uploads\/2020\/05\/DSC02209-768x512.jpg 768w\" sizes=\"auto, (max-width: 1024px) 100vw, 1024px\" \/><figcaption><em>Schronisko Zygmunt\u00f3wka to dobry punkt startu wycieczki na Kalenic\u0119. <\/em><\/figcaption><\/figure><\/div>\n\n\n\n<p>Wycieczk\u0119 w G\u00f3rach Sowich najlepiej rozpocz\u0105\u0107 na Prze\u0142\u0119czy Jugowskiej, gdzie jest sporo miejsc parkingowych. St\u0105d 10 minut marszu w d\u00f3\u0142 dzieli was od uroczo po\u0142o\u017conego Schroniska PTTK Zygmunt\u00f3wka. Proponuj\u0119 zajrze\u0107 tu na pocz\u0105tek, bo to \u015bwietne miejsce, by odpocz\u0105\u0107 po podr\u00f3\u017cy samochodem. To najspokojniejsze (i w mojej ocenie) najbardziej klimatyczne schronisko w tych g\u00f3rach. Zagl\u0105da tu ju\u017c coraz wi\u0119cej os\u00f3b, ale i tak jest to (jak na G\u00f3ry Sowie), miejsce z tych odrobin\u0119 bardziej kameralnych. W schronisku jest niewielki k\u0105cik z zabawkami dla dzieci, fotelik do karmienia, a wok\u00f3\u0142 do\u015b\u0107 \u0142aweczek, \u0142\u0105ki i lasu, by po\u0142o\u017cy\u0107 kocyk lub rozwiesi\u0107 <a rel=\"noreferrer noopener\" aria-label=\"hamak turystyczny (otwiera si\u0119 na nowej zak\u0142adce)\" href=\"https:\/\/skalnik.pl\/sprzet-turystyczny\/spiwory-i-maty\/spiwory-i-maty-hamaki\" target=\"_blank\">hamak turystyczny<\/a>. <\/p>\n\n\n\n<div style=\"max-width:1000px;overflow:hidden;margin:0 auto;min-width:300px;\"><iframe src=\"https:\/\/mapa-turystyczna.pl\/map\/widget\/route\/h1l0p1\/ztqd.html\" style=\"width:100%;border:0;\" height=\"800\" frameborder=\"0\"><\/iframe><a href=\"https:\/\/mapa-turystyczna.pl\/route\/ztqd?utm_source=external_web&amp;utm_medium=widget&amp;utm_campaign=route_widget\" target=\"_blank\" style=\"color:#999;padding:7px 0;font-size: 13px;font-family:Roboto,Arial,sans-serif;display: inline-block;\" rel=\"noopener noreferrer\">Trasa: Prze\u0142\u0119cz Jugowska \u2013 Kalenica | mapa-turystyczna.pl<\/a><\/div>\n\n\n\n<p>Ze schroniska Zygmunt\u00f3wka na szczyt Kalenica dojdziecie szlakiem czerwonym. Jest tu kilka podej\u015b\u0107, w kt\u00f3rych poczujecie ci\u0119\u017car dziecka w noside\u0142ku turystycznym b\u0105d\u017a chu\u015bcie. Nie wybierajcie si\u0119 na Kalenic\u0119 z w\u00f3zkiem, bo nie b\u0119dzie to przyjemna wycieczka, a w\u0142a\u015bciwie zaryzykuj\u0119 stwierdzenie, \u017ce taka wycieczka si\u0119 nie uda. Tras\u0119 mo\u017cna roz\u0142o\u017cy\u0107 sobie na dwa etapy z przystankiem na Zimnej Polanie. Dalej czeka na was podej\u015bcie na szczyt S\u0142oneczna, kilka ciekawych ska\u0142 metamorficznych po drodze i szczyt ze stalow\u0105 wie\u017c\u0105 widokow\u0105 z 1933 r. W obr\u0119bie szczytu utworzono Rezerwat Bukowa Kalenica, wi\u0119c nie zbaczajcie ze szlaku i nacieszcie oczy pi\u0119kn\u0105 buczyn\u0105, kt\u00f3ra stanowi przyrodnicz\u0105 warto\u015b\u0107 tego miejsca.<br><\/p>\n\n\n\n<p>Ze szczytu mo\u017cna wr\u00f3ci\u0107 t\u0105 sam\u0105 drog\u0105 albo wybra\u0107 inny wariant. Je\u015bli wybierasz si\u0119 z dzieckiem, kt\u00f3re mo\u017ce d\u0142u\u017cej by\u0107 w noside\u0142ku, lub pokona cz\u0119\u015b\u0107 trasy o w\u0142asnych si\u0142ach, warto rozwa\u017cy\u0107 powr\u00f3t przez Bielawsk\u0105 Polank\u0119, a tam zmieni\u0107 szlak na niebieski. Opcjonalnie mo\u017cna wr\u00f3ci\u0107 na Zimn\u0105 Polan\u0119 i przej\u015b\u0107 do szlaku niebieskiego wygodn\u0105 drog\u0105 le\u015bn\u0105 (bez znak\u00f3w), kt\u00f3ra za wiat\u0105 wiedzie w kierunku po\u0142udniowym i dochodzi do szlaku niebieskiego. Na Rozwidleniu nad Zygmunt\u00f3wk\u0105 mo\u017cesz zdecydwoa\u0107, czy i\u015b\u0107 zn\u00f3w do schroniska, czy p\u00f3j\u015b\u0107 prosto (najpierw szlakiem czerwonym, a potem bez szlaku) ju\u017c do parkingu na Prze\u0142\u0119czy Jugowskiej.&nbsp;<\/p>\n\n\n<div class=\"page_gallery\">\n\n\t\t<style type=\"text\/css\">\n\t\t\t#gallery-6 {\n\t\t\t\tmargin: auto;\n\t\t\t}\n\t\t\t#gallery-6 .gallery-item {\n\t\t\t\tfloat: left;\n\t\t\t\tmargin-top: 10px;\n\t\t\t\ttext-align: center;\n\t\t\t\twidth: 33%;\n\t\t\t}\n\t\t\t#gallery-6 img {\n\t\t\t\tborder: 2px solid #cfcfcf;\n\t\t\t}\n\t\t\t#gallery-6 .gallery-caption {\n\t\t\t\tmargin-left: 0;\n\t\t\t}\n\t\t\t\/* see gallery_shortcode() in wp-includes\/media.php *\/\n\t\t<\/style>\n\t\t<div id='gallery-6' class='gallery galleryid-12365 gallery-columns-3 gallery-size-full'><dl class='gallery-item'>\n\t\t\t<dt class='gallery-icon landscape'>\n\t\t\t\t<img loading=\"lazy\" decoding=\"async\" width=\"1024\" height=\"683\" src=\"https:\/\/www.skalnik.pl\/blog\/wp-content\/uploads\/2020\/05\/hamak-turystyczny.jpg\" class=\"attachment-full size-full\" alt=\"hamak turystyczny\" aria-describedby=\"gallery-6-12443\" srcset=\"https:\/\/www.skalnik.pl\/blog\/wp-content\/uploads\/2020\/05\/hamak-turystyczny.jpg 1024w, https:\/\/www.skalnik.pl\/blog\/wp-content\/uploads\/2020\/05\/hamak-turystyczny-300x200.jpg 300w, https:\/\/www.skalnik.pl\/blog\/wp-content\/uploads\/2020\/05\/hamak-turystyczny-768x512.jpg 768w\" sizes=\"auto, (max-width: 1024px) 100vw, 1024px\" \/>\n\t\t\t<\/dt>\n\t\t\t\t<dd class='wp-caption-text gallery-caption' id='gallery-6-12443'>\n\t\t\t\tNad Schroniskiem mo\u017cna powiesi\u0107 hamak lub roz\u0142o\u017cy\u0107 kocyk\n\t\t\t\t<\/dd><\/dl><dl class='gallery-item'>\n\t\t\t<dt class='gallery-icon landscape'>\n\t\t\t\t<img loading=\"lazy\" decoding=\"async\" width=\"1024\" height=\"683\" src=\"https:\/\/www.skalnik.pl\/blog\/wp-content\/uploads\/2020\/05\/PTTK-Zygmunt\u00f3wka-k\u0105cik-dla-dzieci.jpg\" class=\"attachment-full size-full\" alt=\"schronisko zygmunt\u00f3wka dzieci\" aria-describedby=\"gallery-6-12444\" srcset=\"https:\/\/www.skalnik.pl\/blog\/wp-content\/uploads\/2020\/05\/PTTK-Zygmunt\u00f3wka-k\u0105cik-dla-dzieci.jpg 1024w, https:\/\/www.skalnik.pl\/blog\/wp-content\/uploads\/2020\/05\/PTTK-Zygmunt\u00f3wka-k\u0105cik-dla-dzieci-300x200.jpg 300w, https:\/\/www.skalnik.pl\/blog\/wp-content\/uploads\/2020\/05\/PTTK-Zygmunt\u00f3wka-k\u0105cik-dla-dzieci-768x512.jpg 768w\" sizes=\"auto, (max-width: 1024px) 100vw, 1024px\" \/>\n\t\t\t<\/dt>\n\t\t\t\t<dd class='wp-caption-text gallery-caption' id='gallery-6-12444'>\n\t\t\t\tW schronisku znajdziecie k\u0105cik dla dzieci i krzese\u0142ko do karmienia\n\t\t\t\t<\/dd><\/dl><dl class='gallery-item'>\n\t\t\t<dt class='gallery-icon landscape'>\n\t\t\t\t<img loading=\"lazy\" decoding=\"async\" width=\"1024\" height=\"683\" src=\"https:\/\/www.skalnik.pl\/blog\/wp-content\/uploads\/2020\/05\/g\u00f3ry-sowie-z-dzieckiem.jpg\" class=\"attachment-full size-full\" alt=\"g\u00f3ry sowie z dzickiem\" aria-describedby=\"gallery-6-12445\" srcset=\"https:\/\/www.skalnik.pl\/blog\/wp-content\/uploads\/2020\/05\/g\u00f3ry-sowie-z-dzieckiem.jpg 1024w, https:\/\/www.skalnik.pl\/blog\/wp-content\/uploads\/2020\/05\/g\u00f3ry-sowie-z-dzieckiem-300x200.jpg 300w, https:\/\/www.skalnik.pl\/blog\/wp-content\/uploads\/2020\/05\/g\u00f3ry-sowie-z-dzieckiem-768x512.jpg 768w\" sizes=\"auto, (max-width: 1024px) 100vw, 1024px\" \/>\n\t\t\t<\/dt>\n\t\t\t\t<dd class='wp-caption-text gallery-caption' id='gallery-6-12445'>\n\t\t\t\tWok\u00f3\u0142 schroniska mo\u017cna pokr\u0119ci\u0107 si\u0119 z dzieckiem nawet zim\u0105\n\t\t\t\t<\/dd><\/dl><br style=\"clear: both\" \/><dl class='gallery-item'>\n\t\t\t<dt class='gallery-icon landscape'>\n\t\t\t\t<img loading=\"lazy\" decoding=\"async\" width=\"1024\" height=\"683\" src=\"https:\/\/www.skalnik.pl\/blog\/wp-content\/uploads\/2020\/05\/zimna-polana-g\u00f3ry-sowie.jpg\" class=\"attachment-full size-full\" alt=\"zimna polana g\u00f3ry sowie\" aria-describedby=\"gallery-6-12446\" srcset=\"https:\/\/www.skalnik.pl\/blog\/wp-content\/uploads\/2020\/05\/zimna-polana-g\u00f3ry-sowie.jpg 1024w, https:\/\/www.skalnik.pl\/blog\/wp-content\/uploads\/2020\/05\/zimna-polana-g\u00f3ry-sowie-300x200.jpg 300w, https:\/\/www.skalnik.pl\/blog\/wp-content\/uploads\/2020\/05\/zimna-polana-g\u00f3ry-sowie-768x512.jpg 768w\" sizes=\"auto, (max-width: 1024px) 100vw, 1024px\" \/>\n\t\t\t<\/dt>\n\t\t\t\t<dd class='wp-caption-text gallery-caption' id='gallery-6-12446'>\n\t\t\t\tZimna Polana &#8211; dobre miejsce na odpoczynek\n\t\t\t\t<\/dd><\/dl>\n\t\t\t<br style='clear: both' \/>\n\t\t<\/div>\n\n<\/div>\n\n\n<p> <\/p>\n\n\n\n<p>Oczywi\u015bcie to tylko subiektywne propozycje, ale stara\u0142em si\u0119 wybra\u0107 miejsca, kt\u00f3re nie s\u0105 a\u017c nadto oczywiste. Licz\u0119, \u017ce te pomys\u0142y na wycieczk\u0119 z dzieckiem w g\u00f3ry sprawi\u0105, \u017ce odkryjecie co\u015b nowego. Poza \u015al\u0119\u017c\u0105, na kt\u00f3rej by\u0142 praktycznie ka\u017cdy zakochany w Sudetach piechur, s\u0105 to wycieczki spoza topu turystycznych cel\u00f3w. <\/p>\n","protected":false},"excerpt":{"rendered":"<p>G\u00f3ry z dzieckiem &#8211; gdzie jecha\u0107? W tym artykule polecamy kilka miejsc w Sudetach, o kt\u00f3rych mogli\u015bcie nie s\u0142ysze\u0107. <\/p>\n","protected":false},"author":8,"featured_media":12367,"comment_status":"open","ping_status":"open","sticky":false,"template":"","format":"standard","meta":{"_acf_changed":false,"footnotes":""},"categories":[84,3],"tags":[173,94,162],"magento_category":[185],"magento_product":[],"class_list":["post-12365","post","type-post","status-publish","format-standard","has-post-thumbnail","hentry","category-pasja","category-porady","tag-dziecko-w-gorach","tag-inspiracje","tag-sudety"],"acf":[],"aioseo_notices":[],"aioseo_head":"\n\t\t<!-- All in One SEO 4.9.10 - aioseo.com -->\n\t<meta name=\"description\" content=\"Wybierz si\u0119 w Sudety z dzieckiem! Oto kilka propozycji na wycieczki w g\u00f3ry z dzieckiem. Odkryj nowe i sprawdzone miejsca, nawet na wycieczki z niemowlakiem.\" \/>\n\t<meta name=\"robots\" content=\"max-image-preview:large\" \/>\n\t<meta name=\"author\" content=\"S\u0142awek Nosal\"\/>\n\t<link rel=\"canonical\" href=\"https:\/\/www.skalnik.pl\/blog\/gdzie-w-gory-z-dziecmi-sudety\/\" \/>\n\t<meta name=\"generator\" content=\"All in One SEO (AIOSEO) 4.9.10\" \/>\n\t\t<meta property=\"og:locale\" content=\"pl_PL\" \/>\n\t\t<meta property=\"og:site_name\" content=\"blog Skalnik - Blog, porady, artyku\u0142y - blog Skalnik\" \/>\n\t\t<meta property=\"og:type\" content=\"article\" \/>\n\t\t<meta property=\"og:title\" content=\"Gdzie w g\u00f3ry z dzie\u0107mi? Sudety - blog Skalnik\" \/>\n\t\t<meta property=\"og:description\" content=\"Wybierz si\u0119 w Sudety z dzieckiem! Oto kilka propozycji na wycieczki w g\u00f3ry z dzieckiem. Odkryj nowe i sprawdzone miejsca, nawet na wycieczki z niemowlakiem.\" \/>\n\t\t<meta property=\"og:url\" content=\"https:\/\/www.skalnik.pl\/blog\/gdzie-w-gory-z-dziecmi-sudety\/\" \/>\n\t\t<meta property=\"og:image\" content=\"https:\/\/skalnik.pl\/blog\/wp-content\/uploads\/2020\/05\/\u015bl\u0119\u017ca-z-dzieckiem-w-w\u00f3zku.jpg\" \/>\n\t\t<meta property=\"og:image:secure_url\" content=\"https:\/\/skalnik.pl\/blog\/wp-content\/uploads\/2020\/05\/\u015bl\u0119\u017ca-z-dzieckiem-w-w\u00f3zku.jpg\" \/>\n\t\t<meta property=\"article:tag\" content=\"pasja\" \/>\n\t\t<meta property=\"article:tag\" content=\"porady\" \/>\n\t\t<meta property=\"article:tag\" content=\"dziecko w g\u00f3rach\" \/>\n\t\t<meta property=\"article:tag\" content=\"inspiracje\" \/>\n\t\t<meta property=\"article:tag\" content=\"sudety\" \/>\n\t\t<meta property=\"article:published_time\" content=\"2020-05-28T10:27:40+00:00\" \/>\n\t\t<meta property=\"article:modified_time\" content=\"2020-06-15T07:56:55+00:00\" \/>\n\t\t<meta name=\"twitter:card\" content=\"summary_large_image\" \/>\n\t\t<meta name=\"twitter:title\" content=\"Gdzie w g\u00f3ry z dzie\u0107mi? Sudety - blog Skalnik\" \/>\n\t\t<meta name=\"twitter:description\" content=\"Wybierz si\u0119 w Sudety z dzieckiem! Oto kilka propozycji na wycieczki w g\u00f3ry z dzieckiem. Odkryj nowe i sprawdzone miejsca, nawet na wycieczki z niemowlakiem.\" \/>\n\t\t<meta name=\"twitter:image\" content=\"https:\/\/skalnik.pl\/blog\/wp-content\/uploads\/2020\/05\/\u015bl\u0119\u017ca-z-dzieckiem-w-w\u00f3zku.jpg\" \/>\n\t\t<script type=\"application\/ld+json\" class=\"aioseo-schema\">\n\t\t\t{\"@context\":\"https:\\\/\\\/schema.org\",\"@graph\":[{\"@type\":\"BlogPosting\",\"@id\":\"https:\\\/\\\/www.skalnik.pl\\\/blog\\\/gdzie-w-gory-z-dziecmi-sudety\\\/#blogposting\",\"name\":\"Gdzie w g\\u00f3ry z dzie\\u0107mi? Sudety - blog Skalnik\",\"headline\":\"Gdzie w g\\u00f3ry z dzie\\u0107mi? Sudety\",\"author\":{\"@id\":\"https:\\\/\\\/www.skalnik.pl\\\/blog\\\/author\\\/slawek-nosal\\\/#author\"},\"publisher\":{\"@id\":\"https:\\\/\\\/www.skalnik.pl\\\/blog\\\/#organization\"},\"image\":{\"@type\":\"ImageObject\",\"url\":\"https:\\\/\\\/www.skalnik.pl\\\/blog\\\/wp-content\\\/uploads\\\/2020\\\/05\\\/okladka.jpg\",\"width\":1920,\"height\":706},\"datePublished\":\"2020-05-28T12:27:40+02:00\",\"dateModified\":\"2020-06-15T09:56:55+02:00\",\"inLanguage\":\"pl-PL\",\"mainEntityOfPage\":{\"@id\":\"https:\\\/\\\/www.skalnik.pl\\\/blog\\\/gdzie-w-gory-z-dziecmi-sudety\\\/#webpage\"},\"isPartOf\":{\"@id\":\"https:\\\/\\\/www.skalnik.pl\\\/blog\\\/gdzie-w-gory-z-dziecmi-sudety\\\/#webpage\"},\"articleSection\":\"Pasja, Porady, dziecko w g\\u00f3rach, inspiracje, sudety, 1204\"},{\"@type\":\"BreadcrumbList\",\"@id\":\"https:\\\/\\\/www.skalnik.pl\\\/blog\\\/gdzie-w-gory-z-dziecmi-sudety\\\/#breadcrumblist\",\"itemListElement\":[{\"@type\":\"ListItem\",\"@id\":\"https:\\\/\\\/www.skalnik.pl\\\/blog#listItem\",\"position\":1,\"name\":\"Home\",\"item\":\"https:\\\/\\\/www.skalnik.pl\\\/blog\",\"nextItem\":{\"@type\":\"ListItem\",\"@id\":\"https:\\\/\\\/www.skalnik.pl\\\/blog\\\/.\\\/porady\\\/#listItem\",\"name\":\"Porady\"}},{\"@type\":\"ListItem\",\"@id\":\"https:\\\/\\\/www.skalnik.pl\\\/blog\\\/.\\\/porady\\\/#listItem\",\"position\":2,\"name\":\"Porady\",\"item\":\"https:\\\/\\\/www.skalnik.pl\\\/blog\\\/.\\\/porady\\\/\",\"nextItem\":{\"@type\":\"ListItem\",\"@id\":\"https:\\\/\\\/www.skalnik.pl\\\/blog\\\/gdzie-w-gory-z-dziecmi-sudety\\\/#listItem\",\"name\":\"Gdzie w g\\u00f3ry z dzie\\u0107mi? Sudety\"},\"previousItem\":{\"@type\":\"ListItem\",\"@id\":\"https:\\\/\\\/www.skalnik.pl\\\/blog#listItem\",\"name\":\"Home\"}},{\"@type\":\"ListItem\",\"@id\":\"https:\\\/\\\/www.skalnik.pl\\\/blog\\\/gdzie-w-gory-z-dziecmi-sudety\\\/#listItem\",\"position\":3,\"name\":\"Gdzie w g\\u00f3ry z dzie\\u0107mi? Sudety\",\"previousItem\":{\"@type\":\"ListItem\",\"@id\":\"https:\\\/\\\/www.skalnik.pl\\\/blog\\\/.\\\/porady\\\/#listItem\",\"name\":\"Porady\"}}]},{\"@type\":\"Organization\",\"@id\":\"https:\\\/\\\/www.skalnik.pl\\\/blog\\\/#organization\",\"name\":\"blog Skalnik\",\"description\":\"Blog, porady, artyku\\u0142y - blog Skalnik\",\"url\":\"https:\\\/\\\/www.skalnik.pl\\\/blog\\\/\"},{\"@type\":\"Person\",\"@id\":\"https:\\\/\\\/www.skalnik.pl\\\/blog\\\/author\\\/slawek-nosal\\\/#author\",\"url\":\"https:\\\/\\\/www.skalnik.pl\\\/blog\\\/author\\\/slawek-nosal\\\/\",\"name\":\"S\\u0142awek Nosal\",\"image\":{\"@type\":\"ImageObject\",\"@id\":\"https:\\\/\\\/www.skalnik.pl\\\/blog\\\/gdzie-w-gory-z-dziecmi-sudety\\\/#authorImage\",\"url\":\"https:\\\/\\\/secure.gravatar.com\\\/avatar\\\/376f39150afcfc713e809ef8313d42dee4210bb1425eaad8153efa8965009197?s=96&d=mm&r=g\",\"width\":96,\"height\":96,\"caption\":\"S\\u0142awek Nosal\"}},{\"@type\":\"WebPage\",\"@id\":\"https:\\\/\\\/www.skalnik.pl\\\/blog\\\/gdzie-w-gory-z-dziecmi-sudety\\\/#webpage\",\"url\":\"https:\\\/\\\/www.skalnik.pl\\\/blog\\\/gdzie-w-gory-z-dziecmi-sudety\\\/\",\"name\":\"Gdzie w g\\u00f3ry z dzie\\u0107mi? Sudety - blog Skalnik\",\"description\":\"Wybierz si\\u0119 w Sudety z dzieckiem! Oto kilka propozycji na wycieczki w g\\u00f3ry z dzieckiem. Odkryj nowe i sprawdzone miejsca, nawet na wycieczki z niemowlakiem.\",\"inLanguage\":\"pl-PL\",\"isPartOf\":{\"@id\":\"https:\\\/\\\/www.skalnik.pl\\\/blog\\\/#website\"},\"breadcrumb\":{\"@id\":\"https:\\\/\\\/www.skalnik.pl\\\/blog\\\/gdzie-w-gory-z-dziecmi-sudety\\\/#breadcrumblist\"},\"author\":{\"@id\":\"https:\\\/\\\/www.skalnik.pl\\\/blog\\\/author\\\/slawek-nosal\\\/#author\"},\"creator\":{\"@id\":\"https:\\\/\\\/www.skalnik.pl\\\/blog\\\/author\\\/slawek-nosal\\\/#author\"},\"image\":{\"@type\":\"ImageObject\",\"url\":\"https:\\\/\\\/www.skalnik.pl\\\/blog\\\/wp-content\\\/uploads\\\/2020\\\/05\\\/okladka.jpg\",\"@id\":\"https:\\\/\\\/www.skalnik.pl\\\/blog\\\/gdzie-w-gory-z-dziecmi-sudety\\\/#mainImage\",\"width\":1920,\"height\":706},\"primaryImageOfPage\":{\"@id\":\"https:\\\/\\\/www.skalnik.pl\\\/blog\\\/gdzie-w-gory-z-dziecmi-sudety\\\/#mainImage\"},\"datePublished\":\"2020-05-28T12:27:40+02:00\",\"dateModified\":\"2020-06-15T09:56:55+02:00\"},{\"@type\":\"WebSite\",\"@id\":\"https:\\\/\\\/www.skalnik.pl\\\/blog\\\/#website\",\"url\":\"https:\\\/\\\/www.skalnik.pl\\\/blog\\\/\",\"name\":\"blog Skalnik\",\"description\":\"Blog, porady, artyku\\u0142y - blog Skalnik\",\"inLanguage\":\"pl-PL\",\"publisher\":{\"@id\":\"https:\\\/\\\/www.skalnik.pl\\\/blog\\\/#organization\"}}]}\n\t\t<\/script>\n\t\t<!-- All in One SEO -->\n\n","aioseo_head_json":{"title":"Gdzie w g\u00f3ry z dzie\u0107mi? Sudety - blog Skalnik","description":"Wybierz si\u0119 w Sudety z dzieckiem! Oto kilka propozycji na wycieczki w g\u00f3ry z dzieckiem. Odkryj nowe i sprawdzone miejsca, nawet na wycieczki z niemowlakiem.","canonical_url":"https:\/\/www.skalnik.pl\/blog\/gdzie-w-gory-z-dziecmi-sudety\/","robots":"max-image-preview:large","keywords":"","webmasterTools":{"miscellaneous":""},"schema":{"@context":"https:\/\/schema.org","@graph":[{"@type":"BlogPosting","@id":"https:\/\/www.skalnik.pl\/blog\/gdzie-w-gory-z-dziecmi-sudety\/#blogposting","name":"Gdzie w g\u00f3ry z dzie\u0107mi? Sudety - blog Skalnik","headline":"Gdzie w g\u00f3ry z dzie\u0107mi? Sudety","author":{"@id":"https:\/\/www.skalnik.pl\/blog\/author\/slawek-nosal\/#author"},"publisher":{"@id":"https:\/\/www.skalnik.pl\/blog\/#organization"},"image":{"@type":"ImageObject","url":"https:\/\/www.skalnik.pl\/blog\/wp-content\/uploads\/2020\/05\/okladka.jpg","width":1920,"height":706},"datePublished":"2020-05-28T12:27:40+02:00","dateModified":"2020-06-15T09:56:55+02:00","inLanguage":"pl-PL","mainEntityOfPage":{"@id":"https:\/\/www.skalnik.pl\/blog\/gdzie-w-gory-z-dziecmi-sudety\/#webpage"},"isPartOf":{"@id":"https:\/\/www.skalnik.pl\/blog\/gdzie-w-gory-z-dziecmi-sudety\/#webpage"},"articleSection":"Pasja, Porady, dziecko w g\u00f3rach, inspiracje, sudety, 1204"},{"@type":"BreadcrumbList","@id":"https:\/\/www.skalnik.pl\/blog\/gdzie-w-gory-z-dziecmi-sudety\/#breadcrumblist","itemListElement":[{"@type":"ListItem","@id":"https:\/\/www.skalnik.pl\/blog#listItem","position":1,"name":"Home","item":"https:\/\/www.skalnik.pl\/blog","nextItem":{"@type":"ListItem","@id":"https:\/\/www.skalnik.pl\/blog\/.\/porady\/#listItem","name":"Porady"}},{"@type":"ListItem","@id":"https:\/\/www.skalnik.pl\/blog\/.\/porady\/#listItem","position":2,"name":"Porady","item":"https:\/\/www.skalnik.pl\/blog\/.\/porady\/","nextItem":{"@type":"ListItem","@id":"https:\/\/www.skalnik.pl\/blog\/gdzie-w-gory-z-dziecmi-sudety\/#listItem","name":"Gdzie w g\u00f3ry z dzie\u0107mi? Sudety"},"previousItem":{"@type":"ListItem","@id":"https:\/\/www.skalnik.pl\/blog#listItem","name":"Home"}},{"@type":"ListItem","@id":"https:\/\/www.skalnik.pl\/blog\/gdzie-w-gory-z-dziecmi-sudety\/#listItem","position":3,"name":"Gdzie w g\u00f3ry z dzie\u0107mi? Sudety","previousItem":{"@type":"ListItem","@id":"https:\/\/www.skalnik.pl\/blog\/.\/porady\/#listItem","name":"Porady"}}]},{"@type":"Organization","@id":"https:\/\/www.skalnik.pl\/blog\/#organization","name":"blog Skalnik","description":"Blog, porady, artyku\u0142y - blog Skalnik","url":"https:\/\/www.skalnik.pl\/blog\/"},{"@type":"Person","@id":"https:\/\/www.skalnik.pl\/blog\/author\/slawek-nosal\/#author","url":"https:\/\/www.skalnik.pl\/blog\/author\/slawek-nosal\/","name":"S\u0142awek Nosal","image":{"@type":"ImageObject","@id":"https:\/\/www.skalnik.pl\/blog\/gdzie-w-gory-z-dziecmi-sudety\/#authorImage","url":"https:\/\/secure.gravatar.com\/avatar\/376f39150afcfc713e809ef8313d42dee4210bb1425eaad8153efa8965009197?s=96&d=mm&r=g","width":96,"height":96,"caption":"S\u0142awek Nosal"}},{"@type":"WebPage","@id":"https:\/\/www.skalnik.pl\/blog\/gdzie-w-gory-z-dziecmi-sudety\/#webpage","url":"https:\/\/www.skalnik.pl\/blog\/gdzie-w-gory-z-dziecmi-sudety\/","name":"Gdzie w g\u00f3ry z dzie\u0107mi? Sudety - blog Skalnik","description":"Wybierz si\u0119 w Sudety z dzieckiem! Oto kilka propozycji na wycieczki w g\u00f3ry z dzieckiem. Odkryj nowe i sprawdzone miejsca, nawet na wycieczki z niemowlakiem.","inLanguage":"pl-PL","isPartOf":{"@id":"https:\/\/www.skalnik.pl\/blog\/#website"},"breadcrumb":{"@id":"https:\/\/www.skalnik.pl\/blog\/gdzie-w-gory-z-dziecmi-sudety\/#breadcrumblist"},"author":{"@id":"https:\/\/www.skalnik.pl\/blog\/author\/slawek-nosal\/#author"},"creator":{"@id":"https:\/\/www.skalnik.pl\/blog\/author\/slawek-nosal\/#author"},"image":{"@type":"ImageObject","url":"https:\/\/www.skalnik.pl\/blog\/wp-content\/uploads\/2020\/05\/okladka.jpg","@id":"https:\/\/www.skalnik.pl\/blog\/gdzie-w-gory-z-dziecmi-sudety\/#mainImage","width":1920,"height":706},"primaryImageOfPage":{"@id":"https:\/\/www.skalnik.pl\/blog\/gdzie-w-gory-z-dziecmi-sudety\/#mainImage"},"datePublished":"2020-05-28T12:27:40+02:00","dateModified":"2020-06-15T09:56:55+02:00"},{"@type":"WebSite","@id":"https:\/\/www.skalnik.pl\/blog\/#website","url":"https:\/\/www.skalnik.pl\/blog\/","name":"blog Skalnik","description":"Blog, porady, artyku\u0142y - blog Skalnik","inLanguage":"pl-PL","publisher":{"@id":"https:\/\/www.skalnik.pl\/blog\/#organization"}}]},"og:locale":"pl_PL","og:site_name":"blog Skalnik - Blog, porady, artyku\u0142y - blog Skalnik","og:type":"article","og:title":"Gdzie w g\u00f3ry z dzie\u0107mi? Sudety - blog Skalnik","og:description":"Wybierz si\u0119 w Sudety z dzieckiem! Oto kilka propozycji na wycieczki w g\u00f3ry z dzieckiem. Odkryj nowe i sprawdzone miejsca, nawet na wycieczki z niemowlakiem.","og:url":"https:\/\/www.skalnik.pl\/blog\/gdzie-w-gory-z-dziecmi-sudety\/","og:image":"https:\/\/skalnik.pl\/blog\/wp-content\/uploads\/2020\/05\/\u015bl\u0119\u017ca-z-dzieckiem-w-w\u00f3zku.jpg","og:image:secure_url":"https:\/\/skalnik.pl\/blog\/wp-content\/uploads\/2020\/05\/\u015bl\u0119\u017ca-z-dzieckiem-w-w\u00f3zku.jpg","article:tag":["pasja","porady","dziecko w g\u00f3rach","inspiracje","sudety"],"article:published_time":"2020-05-28T10:27:40+00:00","article:modified_time":"2020-06-15T07:56:55+00:00","twitter:card":"summary_large_image","twitter:title":"Gdzie w g\u00f3ry z dzie\u0107mi? Sudety - blog Skalnik","twitter:description":"Wybierz si\u0119 w Sudety z dzieckiem! Oto kilka propozycji na wycieczki w g\u00f3ry z dzieckiem. Odkryj nowe i sprawdzone miejsca, nawet na wycieczki z niemowlakiem.","twitter:image":"https:\/\/skalnik.pl\/blog\/wp-content\/uploads\/2020\/05\/\u015bl\u0119\u017ca-z-dzieckiem-w-w\u00f3zku.jpg"},"aioseo_meta_data":{"post_id":"12365","title":null,"description":"Wybierz si\u0119 w Sudety z dzieckiem! Oto kilka propozycji na wycieczki w g\u00f3ry z dzieckiem. Odkryj nowe i sprawdzone miejsca, nawet na wycieczki z niemowlakiem.","keywords":[{"label":"g\u00f3ry z dzie\u0107mi","value":"g\u00f3ry z dzie\u0107mi"},{"label":"g\u00f3ry z dzieckiem","value":"g\u00f3ry z dzieckiem"},{"label":"g\u00f3ry z niemowalakiem","value":"g\u00f3ry z niemowalakiem"},{"label":"w g\u00f3rach z dzie\u0107mi","value":"w g\u00f3rach z dzie\u0107mi"},{"label":"","value":""}],"keyphrases":null,"primary_term":null,"canonical_url":null,"og_title":null,"og_description":null,"og_object_type":"default","og_image_type":"default","og_image_url":null,"og_image_width":null,"og_image_height":null,"og_image_custom_url":null,"og_image_custom_fields":null,"og_video":null,"og_custom_url":null,"og_article_section":null,"og_article_tags":null,"twitter_use_og":false,"twitter_card":"default","twitter_image_type":"default","twitter_image_url":null,"twitter_image_custom_url":null,"twitter_image_custom_fields":null,"twitter_title":null,"twitter_description":null,"schema":{"blockGraphs":[],"customGraphs":[],"default":{"data":{"Article":[],"Course":[],"Dataset":[],"FAQPage":[],"Movie":[],"Person":[],"Product":[],"ProductReview":[],"Car":[],"Recipe":[],"Service":[],"SoftwareApplication":[],"WebPage":[]},"graphName":"BlogPosting","isEnabled":true},"graphs":[]},"schema_type":"default","schema_type_options":null,"pillar_content":false,"robots_default":true,"robots_noindex":false,"robots_noarchive":false,"robots_nosnippet":false,"robots_nofollow":false,"robots_noimageindex":false,"robots_noodp":false,"robots_notranslate":false,"robots_max_snippet":null,"robots_max_videopreview":null,"robots_max_imagepreview":"large","priority":null,"frequency":null,"local_seo":null,"breadcrumb_settings":null,"limit_modified_date":false,"ai":null,"created":"2022-08-26 10:17:53","updated":"2026-02-17 21:50:36","seo_analyzer_scan_date":null},"aioseo_breadcrumb":"<div class=\"aioseo-breadcrumbs\"><span class=\"aioseo-breadcrumb\">\n\t\t\t<a href=\"https:\/\/www.skalnik.pl\/blog\" title=\"Home\">Home<\/a>\n\t\t<\/span><span class=\"aioseo-breadcrumb-separator\">&raquo;<\/span><span class=\"aioseo-breadcrumb\">\n\t\t\t<a href=\"https:\/\/www.skalnik.pl\/blog\/.\/porady\/\" title=\"Porady\">Porady<\/a>\n\t\t<\/span><span class=\"aioseo-breadcrumb-separator\">&raquo;<\/span><span class=\"aioseo-breadcrumb\">\n\t\t\tGdzie w g\u00f3ry z dzie\u0107mi? Sudety\n\t\t<\/span><\/div>","aioseo_breadcrumb_json":[{"label":"Home","link":"https:\/\/www.skalnik.pl\/blog"},{"label":"Porady","link":"https:\/\/www.skalnik.pl\/blog\/.\/porady\/"},{"label":"Gdzie w g\u00f3ry z dzie\u0107mi? Sudety","link":"https:\/\/www.skalnik.pl\/blog\/gdzie-w-gory-z-dziecmi-sudety\/"}],"_links":{"self":[{"href":"https:\/\/www.skalnik.pl\/blog\/wp-json\/wp\/v2\/posts\/12365","targetHints":{"allow":["GET"]}}],"collection":[{"href":"https:\/\/www.skalnik.pl\/blog\/wp-json\/wp\/v2\/posts"}],"about":[{"href":"https:\/\/www.skalnik.pl\/blog\/wp-json\/wp\/v2\/types\/post"}],"author":[{"embeddable":true,"href":"https:\/\/www.skalnik.pl\/blog\/wp-json\/wp\/v2\/users\/8"}],"replies":[{"embeddable":true,"href":"https:\/\/www.skalnik.pl\/blog\/wp-json\/wp\/v2\/comments?post=12365"}],"version-history":[{"count":29,"href":"https:\/\/www.skalnik.pl\/blog\/wp-json\/wp\/v2\/posts\/12365\/revisions"}],"predecessor-version":[{"id":12829,"href":"https:\/\/www.skalnik.pl\/blog\/wp-json\/wp\/v2\/posts\/12365\/revisions\/12829"}],"wp:featuredmedia":[{"embeddable":true,"href":"https:\/\/www.skalnik.pl\/blog\/wp-json\/wp\/v2\/media\/12367"}],"wp:attachment":[{"href":"https:\/\/www.skalnik.pl\/blog\/wp-json\/wp\/v2\/media?parent=12365"}],"wp:term":[{"taxonomy":"category","embeddable":true,"href":"https:\/\/www.skalnik.pl\/blog\/wp-json\/wp\/v2\/categories?post=12365"},{"taxonomy":"post_tag","embeddable":true,"href":"https:\/\/www.skalnik.pl\/blog\/wp-json\/wp\/v2\/tags?post=12365"},{"taxonomy":"magento_category","embeddable":true,"href":"https:\/\/www.skalnik.pl\/blog\/wp-json\/wp\/v2\/magento_category?post=12365"},{"taxonomy":"magento_product","embeddable":true,"href":"https:\/\/www.skalnik.pl\/blog\/wp-json\/wp\/v2\/magento_product?post=12365"}],"curies":[{"name":"wp","href":"https:\/\/api.w.org\/{rel}","templated":true}]}}