{"id":12576,"date":"2017-12-26T14:08:59","date_gmt":"2017-12-26T13:08:59","guid":{"rendered":"https:\/\/skalnik.pl\/blog\/?p=12576"},"modified":"2022-02-05T16:39:09","modified_gmt":"2022-02-05T15:39:09","slug":"zosia-kajca","status":"publish","type":"post","link":"https:\/\/www.skalnik.pl\/blog\/zosia-kajca\/","title":{"rendered":"Zosia Kajca"},"content":{"rendered":"<p>Ciekawo\u015b\u0107 drugiego cz\u0142owieka zawiod\u0142a j\u0105 na studia psychologiczne i do pracy dziennikarskiej. G\u0142\u00f3d \u015bwiata \u2013 w podr\u00f3\u017ce. Mi\u0142o\u015b\u0107 do g\u00f3r zaszczepili w niej rodzice. Obecnie rozwija j\u0105 na w\u0142asn\u0105 r\u0119k\u0119 lub ze znajomymi. P\u00f3\u0142 roku sp\u0119dzi\u0142a w Piemoncie spaceruj\u0105c po Alpach Graickich, co zaowocowa\u0142o wypraw\u0105 na Tour Du Mont Blanc. Ch\u0119\u0107 odkrywania wy\u017cszych i bardziej odludnych pasm otworzy\u0142a jej oczy na \u015bwiat wspinaczkowy. Pierwsza wizyta na panelu przerodzi\u0142a si\u0119 w sta\u0142y zwi\u0105zek. Wspinaczka sportowa udowodni\u0142a jej, \u017ce doba jest d\u0142u\u017csza, ni\u017c si\u0119 wydaje, a w przepe\u0142nionym kalendarzu znajdzie si\u0119 czas na kilkugodzinne treningi. W weekendy do plecaka pakuje lin\u0119 i aparat analogowy. Nieprze\u015bwietlone klatki czasem publikuje na <a href=\"https:\/\/www.instagram.com\/zofiafilozofia_\/\" target=\"_blank\" rel=\"noopener noreferrer\">Instagramie<\/a>.<\/p>\n<div class=\"page_gallery\">\n\n\t\t<style type=\"text\/css\">\n\t\t\t#gallery-1 {\n\t\t\t\tmargin: auto;\n\t\t\t}\n\t\t\t#gallery-1 .gallery-item {\n\t\t\t\tfloat: left;\n\t\t\t\tmargin-top: 10px;\n\t\t\t\ttext-align: center;\n\t\t\t\twidth: 33%;\n\t\t\t}\n\t\t\t#gallery-1 img {\n\t\t\t\tborder: 2px solid #cfcfcf;\n\t\t\t}\n\t\t\t#gallery-1 .gallery-caption {\n\t\t\t\tmargin-left: 0;\n\t\t\t}\n\t\t\t\/* see gallery_shortcode() in wp-includes\/media.php *\/\n\t\t<\/style>\n\t\t<div id='gallery-1' class='gallery galleryid-12576 gallery-columns-3 gallery-size-large'><dl class='gallery-item'>\n\t\t\t<dt class='gallery-icon landscape'>\n\t\t\t\t<img loading=\"lazy\" decoding=\"async\" width=\"911\" height=\"683\" src=\"https:\/\/www.skalnik.pl\/blog\/wp-content\/uploads\/2020\/06\/1.jpg\" class=\"attachment-large size-large\" alt=\"\" aria-describedby=\"gallery-1-12582\" srcset=\"https:\/\/www.skalnik.pl\/blog\/wp-content\/uploads\/2020\/06\/1.jpg 911w, https:\/\/www.skalnik.pl\/blog\/wp-content\/uploads\/2020\/06\/1-300x225.jpg 300w, https:\/\/www.skalnik.pl\/blog\/wp-content\/uploads\/2020\/06\/1-768x576.jpg 768w\" sizes=\"auto, (max-width: 911px) 100vw, 911px\" \/>\n\t\t\t<\/dt>\n\t\t\t\t<dd class='wp-caption-text gallery-caption' id='gallery-1-12582'>\n\t\t\t\tChwila wytchnienia przy Lac Blanc. Chamonix-Mont-Blanc; Francja.\n\t\t\t\t<\/dd><\/dl><dl class='gallery-item'>\n\t\t\t<dt class='gallery-icon landscape'>\n\t\t\t\t<img loading=\"lazy\" decoding=\"async\" width=\"1024\" height=\"679\" src=\"https:\/\/www.skalnik.pl\/blog\/wp-content\/uploads\/2020\/06\/2.jpg\" class=\"attachment-large size-large\" alt=\"\" aria-describedby=\"gallery-1-12583\" srcset=\"https:\/\/www.skalnik.pl\/blog\/wp-content\/uploads\/2020\/06\/2.jpg 1024w, https:\/\/www.skalnik.pl\/blog\/wp-content\/uploads\/2020\/06\/2-300x199.jpg 300w, https:\/\/www.skalnik.pl\/blog\/wp-content\/uploads\/2020\/06\/2-768x509.jpg 768w\" sizes=\"auto, (max-width: 1024px) 100vw, 1024px\" \/>\n\t\t\t<\/dt>\n\t\t\t\t<dd class='wp-caption-text gallery-caption' id='gallery-1-12583'>\n\t\t\t\tTour du Mont Blanc \u2013 Alpy Francuskie.\n\t\t\t\t<\/dd><\/dl><dl class='gallery-item'>\n\t\t\t<dt class='gallery-icon landscape'>\n\t\t\t\t<img loading=\"lazy\" decoding=\"async\" width=\"1024\" height=\"679\" src=\"https:\/\/www.skalnik.pl\/blog\/wp-content\/uploads\/2020\/06\/3-1.jpg\" class=\"attachment-large size-large\" alt=\"\" aria-describedby=\"gallery-1-12584\" srcset=\"https:\/\/www.skalnik.pl\/blog\/wp-content\/uploads\/2020\/06\/3-1.jpg 1024w, https:\/\/www.skalnik.pl\/blog\/wp-content\/uploads\/2020\/06\/3-1-300x199.jpg 300w, https:\/\/www.skalnik.pl\/blog\/wp-content\/uploads\/2020\/06\/3-1-768x509.jpg 768w\" sizes=\"auto, (max-width: 1024px) 100vw, 1024px\" \/>\n\t\t\t<\/dt>\n\t\t\t\t<dd class='wp-caption-text gallery-caption' id='gallery-1-12584'>\n\t\t\t\tJura Krakowsko-Cz\u0119stochowska.\n\t\t\t\t<\/dd><\/dl><br style=\"clear: both\" \/><dl class='gallery-item'>\n\t\t\t<dt class='gallery-icon landscape'>\n\t\t\t\t<img loading=\"lazy\" decoding=\"async\" width=\"1024\" height=\"679\" src=\"https:\/\/www.skalnik.pl\/blog\/wp-content\/uploads\/2020\/06\/4.jpg\" class=\"attachment-large size-large\" alt=\"\" aria-describedby=\"gallery-1-12585\" srcset=\"https:\/\/www.skalnik.pl\/blog\/wp-content\/uploads\/2020\/06\/4.jpg 1024w, https:\/\/www.skalnik.pl\/blog\/wp-content\/uploads\/2020\/06\/4-300x199.jpg 300w, https:\/\/www.skalnik.pl\/blog\/wp-content\/uploads\/2020\/06\/4-768x509.jpg 768w\" sizes=\"auto, (max-width: 1024px) 100vw, 1024px\" \/>\n\t\t\t<\/dt>\n\t\t\t\t<dd class='wp-caption-text gallery-caption' id='gallery-1-12585'>\n\t\t\t\tSzczytna \u2013 Kruk.\n\t\t\t\t<\/dd><\/dl><dl class='gallery-item'>\n\t\t\t<dt class='gallery-icon landscape'>\n\t\t\t\t<img loading=\"lazy\" decoding=\"async\" width=\"1024\" height=\"684\" src=\"https:\/\/www.skalnik.pl\/blog\/wp-content\/uploads\/2017\/12\/DSC03541-1024x684.jpg\" class=\"attachment-large size-large\" alt=\"\" aria-describedby=\"gallery-1-19356\" srcset=\"https:\/\/www.skalnik.pl\/blog\/wp-content\/uploads\/2017\/12\/DSC03541-1024x684.jpg 1024w, https:\/\/www.skalnik.pl\/blog\/wp-content\/uploads\/2017\/12\/DSC03541-300x200.jpg 300w, https:\/\/www.skalnik.pl\/blog\/wp-content\/uploads\/2017\/12\/DSC03541-768x513.jpg 768w, https:\/\/www.skalnik.pl\/blog\/wp-content\/uploads\/2017\/12\/DSC03541-1536x1027.jpg 1536w, https:\/\/www.skalnik.pl\/blog\/wp-content\/uploads\/2017\/12\/DSC03541.jpg 1616w\" sizes=\"auto, (max-width: 1024px) 100vw, 1024px\" \/>\n\t\t\t<\/dt>\n\t\t\t\t<dd class='wp-caption-text gallery-caption' id='gallery-1-19356'>\n\t\t\t\tSokoliki. Fot. Piotr Niciejewski\n\t\t\t\t<\/dd><\/dl><dl class='gallery-item'>\n\t\t\t<dt class='gallery-icon landscape'>\n\t\t\t\t<img loading=\"lazy\" decoding=\"async\" width=\"911\" height=\"683\" src=\"https:\/\/www.skalnik.pl\/blog\/wp-content\/uploads\/2020\/06\/6.jpg\" class=\"attachment-large size-large\" alt=\"\" aria-describedby=\"gallery-1-12587\" srcset=\"https:\/\/www.skalnik.pl\/blog\/wp-content\/uploads\/2020\/06\/6.jpg 911w, https:\/\/www.skalnik.pl\/blog\/wp-content\/uploads\/2020\/06\/6-300x225.jpg 300w, https:\/\/www.skalnik.pl\/blog\/wp-content\/uploads\/2020\/06\/6-768x576.jpg 768w\" sizes=\"auto, (max-width: 911px) 100vw, 911px\" \/>\n\t\t\t<\/dt>\n\t\t\t\t<dd class='wp-caption-text gallery-caption' id='gallery-1-12587'>\n\t\t\t\tZ widokiem na Forte di Fenestrelle. Alpy Graickie; Piemont, W\u0142ochy.\n\t\t\t\t<\/dd><\/dl><br style=\"clear: both\" \/><dl class='gallery-item'>\n\t\t\t<dt class='gallery-icon landscape'>\n\t\t\t\t<img loading=\"lazy\" decoding=\"async\" width=\"1024\" height=\"685\" src=\"https:\/\/www.skalnik.pl\/blog\/wp-content\/uploads\/2017\/12\/DSC01257-1024x685.jpg\" class=\"attachment-large size-large\" alt=\"\" aria-describedby=\"gallery-1-19357\" srcset=\"https:\/\/www.skalnik.pl\/blog\/wp-content\/uploads\/2017\/12\/DSC01257-1024x685.jpg 1024w, https:\/\/www.skalnik.pl\/blog\/wp-content\/uploads\/2017\/12\/DSC01257-300x201.jpg 300w, https:\/\/www.skalnik.pl\/blog\/wp-content\/uploads\/2017\/12\/DSC01257-768x514.jpg 768w, https:\/\/www.skalnik.pl\/blog\/wp-content\/uploads\/2017\/12\/DSC01257-1536x1028.jpg 1536w, https:\/\/www.skalnik.pl\/blog\/wp-content\/uploads\/2017\/12\/DSC01257-2048x1371.jpg 2048w\" sizes=\"auto, (max-width: 1024px) 100vw, 1024px\" \/>\n\t\t\t<\/dt>\n\t\t\t\t<dd class='wp-caption-text gallery-caption' id='gallery-1-19357'>\n\t\t\t\tZachody s\u0142o\u0144ca po wspinaniu. Sardynia.\n\t\t\t\t<\/dd><\/dl><dl class='gallery-item'>\n\t\t\t<dt class='gallery-icon landscape'>\n\t\t\t\t<img loading=\"lazy\" decoding=\"async\" width=\"1020\" height=\"683\" src=\"https:\/\/www.skalnik.pl\/blog\/wp-content\/uploads\/2020\/06\/8.jpg\" class=\"attachment-large size-large\" alt=\"\" aria-describedby=\"gallery-1-12589\" srcset=\"https:\/\/www.skalnik.pl\/blog\/wp-content\/uploads\/2020\/06\/8.jpg 1020w, https:\/\/www.skalnik.pl\/blog\/wp-content\/uploads\/2020\/06\/8-300x201.jpg 300w, https:\/\/www.skalnik.pl\/blog\/wp-content\/uploads\/2020\/06\/8-768x514.jpg 768w\" sizes=\"auto, (max-width: 1020px) 100vw, 1020px\" \/>\n\t\t\t<\/dt>\n\t\t\t\t<dd class='wp-caption-text gallery-caption' id='gallery-1-12589'>\n\t\t\t\tPo drugiej stronie obiektywu. Beskid Niski.\n\t\t\t\t<\/dd><\/dl><dl class='gallery-item'>\n\t\t\t<dt class='gallery-icon landscape'>\n\t\t\t\t<img loading=\"lazy\" decoding=\"async\" width=\"1024\" height=\"683\" src=\"https:\/\/www.skalnik.pl\/blog\/wp-content\/uploads\/2020\/06\/9.jpg\" class=\"attachment-large size-large\" alt=\"\" aria-describedby=\"gallery-1-12590\" srcset=\"https:\/\/www.skalnik.pl\/blog\/wp-content\/uploads\/2020\/06\/9.jpg 1024w, https:\/\/www.skalnik.pl\/blog\/wp-content\/uploads\/2020\/06\/9-300x200.jpg 300w, https:\/\/www.skalnik.pl\/blog\/wp-content\/uploads\/2020\/06\/9-768x512.jpg 768w\" sizes=\"auto, (max-width: 1024px) 100vw, 1024px\" \/>\n\t\t\t<\/dt>\n\t\t\t\t<dd class='wp-caption-text gallery-caption' id='gallery-1-12590'>\n\t\t\t\tMro\u017any krajobraz Szrenicy. Karkonosze.\n\t\t\t\t<\/dd><\/dl><br style=\"clear: both\" \/><dl class='gallery-item'>\n\t\t\t<dt class='gallery-icon portrait'>\n\t\t\t\t<img loading=\"lazy\" decoding=\"async\" width=\"683\" height=\"1020\" src=\"https:\/\/www.skalnik.pl\/blog\/wp-content\/uploads\/2020\/06\/10-rotated.jpg\" class=\"attachment-large size-large\" alt=\"\" aria-describedby=\"gallery-1-12591\" srcset=\"https:\/\/www.skalnik.pl\/blog\/wp-content\/uploads\/2020\/06\/10-rotated.jpg 683w, https:\/\/www.skalnik.pl\/blog\/wp-content\/uploads\/2020\/06\/10-201x300.jpg 201w\" sizes=\"auto, (max-width: 683px) 100vw, 683px\" \/>\n\t\t\t<\/dt>\n\t\t\t\t<dd class='wp-caption-text gallery-caption' id='gallery-1-12591'>\n\t\t\t\tPoluj\u0105c na wsch\u00f3d s\u0142o\u0144ca w Karkonoszach. \u015anie\u017cka.\n\t\t\t\t<\/dd><\/dl>\n\t\t\t<br style='clear: both' \/>\n\t\t<\/div>\n\n<\/div>\n","protected":false},"excerpt":{"rendered":"<p>psycholog, dziennikarz, copywriter. Prac\u0119 \u0142\u0105czy ze wspinaczk\u0105 sportow\u0105. Kiedy mo\u017ce \u2013 wybiera si\u0119 w d\u0142u\u017csze podr\u00f3\u017ce. W weekendy do plecaka najch\u0119tniej pakuje lin\u0119 oraz aparat z zapasem klisz.<\/p>\n","protected":false},"author":7,"featured_media":19353,"comment_status":"open","ping_status":"open","sticky":false,"template":"","format":"standard","meta":{"_acf_changed":false,"footnotes":""},"categories":[18],"tags":[],"magento_category":[],"magento_product":[],"class_list":["post-12576","post","type-post","status-publish","format-standard","has-post-thumbnail","hentry","category-autorzy"],"acf":[],"aioseo_notices":[],"aioseo_head":"\n\t\t<!-- All in One SEO 4.9.10 - aioseo.com -->\n\t<meta name=\"description\" content=\"psycholog, dziennikarz, copywriter. Prac\u0119 \u0142\u0105czy ze wspinaczk\u0105 sportow\u0105. Kiedy mo\u017ce \u2013 wybiera si\u0119 w d\u0142u\u017csze podr\u00f3\u017ce. W weekendy do plecaka najch\u0119tniej pakuje lin\u0119 oraz aparat z zapasem klisz.\" \/>\n\t<meta name=\"robots\" content=\"max-image-preview:large\" \/>\n\t<meta name=\"author\" content=\"Redakcja skalnik.pl\"\/>\n\t<link rel=\"canonical\" href=\"https:\/\/www.skalnik.pl\/blog\/zosia-kajca\/\" \/>\n\t<meta name=\"generator\" content=\"All in One SEO (AIOSEO) 4.9.10\" \/>\n\t\t<meta property=\"og:locale\" content=\"pl_PL\" \/>\n\t\t<meta property=\"og:site_name\" content=\"blog Skalnik - Blog, porady, artyku\u0142y - blog Skalnik\" \/>\n\t\t<meta property=\"og:type\" content=\"article\" \/>\n\t\t<meta property=\"og:title\" content=\"Zosia Kajca - blog Skalnik\" \/>\n\t\t<meta property=\"og:description\" content=\"psycholog, dziennikarz, copywriter. Prac\u0119 \u0142\u0105czy ze wspinaczk\u0105 sportow\u0105. Kiedy mo\u017ce \u2013 wybiera si\u0119 w d\u0142u\u017csze podr\u00f3\u017ce. W weekendy do plecaka najch\u0119tniej pakuje lin\u0119 oraz aparat z zapasem klisz.\" \/>\n\t\t<meta property=\"og:url\" content=\"https:\/\/www.skalnik.pl\/blog\/zosia-kajca\/\" \/>\n\t\t<meta property=\"article:tag\" content=\"autorzy\" \/>\n\t\t<meta property=\"article:published_time\" content=\"2017-12-26T13:08:59+00:00\" \/>\n\t\t<meta property=\"article:modified_time\" content=\"2022-02-05T15:39:09+00:00\" \/>\n\t\t<meta name=\"twitter:card\" content=\"summary_large_image\" \/>\n\t\t<meta name=\"twitter:title\" content=\"Zosia Kajca - blog Skalnik\" \/>\n\t\t<meta name=\"twitter:description\" content=\"psycholog, dziennikarz, copywriter. Prac\u0119 \u0142\u0105czy ze wspinaczk\u0105 sportow\u0105. Kiedy mo\u017ce \u2013 wybiera si\u0119 w d\u0142u\u017csze podr\u00f3\u017ce. W weekendy do plecaka najch\u0119tniej pakuje lin\u0119 oraz aparat z zapasem klisz.\" \/>\n\t\t<script type=\"application\/ld+json\" class=\"aioseo-schema\">\n\t\t\t{\"@context\":\"https:\\\/\\\/schema.org\",\"@graph\":[{\"@type\":\"BlogPosting\",\"@id\":\"https:\\\/\\\/www.skalnik.pl\\\/blog\\\/zosia-kajca\\\/#blogposting\",\"name\":\"Zosia Kajca - blog Skalnik\",\"headline\":\"Zosia Kajca\",\"author\":{\"@id\":\"https:\\\/\\\/www.skalnik.pl\\\/blog\\\/author\\\/redakcja-skalnik-pl\\\/#author\"},\"publisher\":{\"@id\":\"https:\\\/\\\/www.skalnik.pl\\\/blog\\\/#organization\"},\"image\":{\"@type\":\"ImageObject\",\"url\":\"https:\\\/\\\/www.skalnik.pl\\\/blog\\\/wp-content\\\/uploads\\\/2017\\\/12\\\/DSC0298-e1644075041186.jpg\",\"width\":949,\"height\":949},\"datePublished\":\"2017-12-26T14:08:59+02:00\",\"dateModified\":\"2022-02-05T16:39:09+02:00\",\"inLanguage\":\"pl-PL\",\"mainEntityOfPage\":{\"@id\":\"https:\\\/\\\/www.skalnik.pl\\\/blog\\\/zosia-kajca\\\/#webpage\"},\"isPartOf\":{\"@id\":\"https:\\\/\\\/www.skalnik.pl\\\/blog\\\/zosia-kajca\\\/#webpage\"},\"articleSection\":\"Autorzy\"},{\"@type\":\"BreadcrumbList\",\"@id\":\"https:\\\/\\\/www.skalnik.pl\\\/blog\\\/zosia-kajca\\\/#breadcrumblist\",\"itemListElement\":[{\"@type\":\"ListItem\",\"@id\":\"https:\\\/\\\/www.skalnik.pl\\\/blog#listItem\",\"position\":1,\"name\":\"Home\",\"item\":\"https:\\\/\\\/www.skalnik.pl\\\/blog\",\"nextItem\":{\"@type\":\"ListItem\",\"@id\":\"https:\\\/\\\/www.skalnik.pl\\\/blog\\\/.\\\/autorzy\\\/#listItem\",\"name\":\"Autorzy\"}},{\"@type\":\"ListItem\",\"@id\":\"https:\\\/\\\/www.skalnik.pl\\\/blog\\\/.\\\/autorzy\\\/#listItem\",\"position\":2,\"name\":\"Autorzy\",\"item\":\"https:\\\/\\\/www.skalnik.pl\\\/blog\\\/.\\\/autorzy\\\/\",\"nextItem\":{\"@type\":\"ListItem\",\"@id\":\"https:\\\/\\\/www.skalnik.pl\\\/blog\\\/zosia-kajca\\\/#listItem\",\"name\":\"Zosia Kajca\"},\"previousItem\":{\"@type\":\"ListItem\",\"@id\":\"https:\\\/\\\/www.skalnik.pl\\\/blog#listItem\",\"name\":\"Home\"}},{\"@type\":\"ListItem\",\"@id\":\"https:\\\/\\\/www.skalnik.pl\\\/blog\\\/zosia-kajca\\\/#listItem\",\"position\":3,\"name\":\"Zosia Kajca\",\"previousItem\":{\"@type\":\"ListItem\",\"@id\":\"https:\\\/\\\/www.skalnik.pl\\\/blog\\\/.\\\/autorzy\\\/#listItem\",\"name\":\"Autorzy\"}}]},{\"@type\":\"Organization\",\"@id\":\"https:\\\/\\\/www.skalnik.pl\\\/blog\\\/#organization\",\"name\":\"blog Skalnik\",\"description\":\"Blog, porady, artyku\\u0142y - blog Skalnik\",\"url\":\"https:\\\/\\\/www.skalnik.pl\\\/blog\\\/\"},{\"@type\":\"Person\",\"@id\":\"https:\\\/\\\/www.skalnik.pl\\\/blog\\\/author\\\/redakcja-skalnik-pl\\\/#author\",\"url\":\"https:\\\/\\\/www.skalnik.pl\\\/blog\\\/author\\\/redakcja-skalnik-pl\\\/\",\"name\":\"Redakcja skalnik.pl\",\"image\":{\"@type\":\"ImageObject\",\"@id\":\"https:\\\/\\\/www.skalnik.pl\\\/blog\\\/zosia-kajca\\\/#authorImage\",\"url\":\"https:\\\/\\\/secure.gravatar.com\\\/avatar\\\/7eab29b048aaf0899cd9a145e9adb814e2130ced31e65b454b902500bea65f9e?s=96&d=mm&r=g\",\"width\":96,\"height\":96,\"caption\":\"Redakcja skalnik.pl\"}},{\"@type\":\"WebPage\",\"@id\":\"https:\\\/\\\/www.skalnik.pl\\\/blog\\\/zosia-kajca\\\/#webpage\",\"url\":\"https:\\\/\\\/www.skalnik.pl\\\/blog\\\/zosia-kajca\\\/\",\"name\":\"Zosia Kajca - blog Skalnik\",\"description\":\"psycholog, dziennikarz, copywriter. Prac\\u0119 \\u0142\\u0105czy ze wspinaczk\\u0105 sportow\\u0105. Kiedy mo\\u017ce \\u2013 wybiera si\\u0119 w d\\u0142u\\u017csze podr\\u00f3\\u017ce. W weekendy do plecaka najch\\u0119tniej pakuje lin\\u0119 oraz aparat z zapasem klisz.\",\"inLanguage\":\"pl-PL\",\"isPartOf\":{\"@id\":\"https:\\\/\\\/www.skalnik.pl\\\/blog\\\/#website\"},\"breadcrumb\":{\"@id\":\"https:\\\/\\\/www.skalnik.pl\\\/blog\\\/zosia-kajca\\\/#breadcrumblist\"},\"author\":{\"@id\":\"https:\\\/\\\/www.skalnik.pl\\\/blog\\\/author\\\/redakcja-skalnik-pl\\\/#author\"},\"creator\":{\"@id\":\"https:\\\/\\\/www.skalnik.pl\\\/blog\\\/author\\\/redakcja-skalnik-pl\\\/#author\"},\"image\":{\"@type\":\"ImageObject\",\"url\":\"https:\\\/\\\/www.skalnik.pl\\\/blog\\\/wp-content\\\/uploads\\\/2017\\\/12\\\/DSC0298-e1644075041186.jpg\",\"@id\":\"https:\\\/\\\/www.skalnik.pl\\\/blog\\\/zosia-kajca\\\/#mainImage\",\"width\":949,\"height\":949},\"primaryImageOfPage\":{\"@id\":\"https:\\\/\\\/www.skalnik.pl\\\/blog\\\/zosia-kajca\\\/#mainImage\"},\"datePublished\":\"2017-12-26T14:08:59+02:00\",\"dateModified\":\"2022-02-05T16:39:09+02:00\"},{\"@type\":\"WebSite\",\"@id\":\"https:\\\/\\\/www.skalnik.pl\\\/blog\\\/#website\",\"url\":\"https:\\\/\\\/www.skalnik.pl\\\/blog\\\/\",\"name\":\"blog Skalnik\",\"description\":\"Blog, porady, artyku\\u0142y - blog Skalnik\",\"inLanguage\":\"pl-PL\",\"publisher\":{\"@id\":\"https:\\\/\\\/www.skalnik.pl\\\/blog\\\/#organization\"}}]}\n\t\t<\/script>\n\t\t<!-- All in One SEO -->\n\n","aioseo_head_json":{"title":"Zosia Kajca - blog Skalnik","description":"psycholog, dziennikarz, copywriter. Prac\u0119 \u0142\u0105czy ze wspinaczk\u0105 sportow\u0105. Kiedy mo\u017ce \u2013 wybiera si\u0119 w d\u0142u\u017csze podr\u00f3\u017ce. W weekendy do plecaka najch\u0119tniej pakuje lin\u0119 oraz aparat z zapasem klisz.","canonical_url":"https:\/\/www.skalnik.pl\/blog\/zosia-kajca\/","robots":"max-image-preview:large","keywords":"","webmasterTools":{"miscellaneous":""},"schema":{"@context":"https:\/\/schema.org","@graph":[{"@type":"BlogPosting","@id":"https:\/\/www.skalnik.pl\/blog\/zosia-kajca\/#blogposting","name":"Zosia Kajca - blog Skalnik","headline":"Zosia Kajca","author":{"@id":"https:\/\/www.skalnik.pl\/blog\/author\/redakcja-skalnik-pl\/#author"},"publisher":{"@id":"https:\/\/www.skalnik.pl\/blog\/#organization"},"image":{"@type":"ImageObject","url":"https:\/\/www.skalnik.pl\/blog\/wp-content\/uploads\/2017\/12\/DSC0298-e1644075041186.jpg","width":949,"height":949},"datePublished":"2017-12-26T14:08:59+02:00","dateModified":"2022-02-05T16:39:09+02:00","inLanguage":"pl-PL","mainEntityOfPage":{"@id":"https:\/\/www.skalnik.pl\/blog\/zosia-kajca\/#webpage"},"isPartOf":{"@id":"https:\/\/www.skalnik.pl\/blog\/zosia-kajca\/#webpage"},"articleSection":"Autorzy"},{"@type":"BreadcrumbList","@id":"https:\/\/www.skalnik.pl\/blog\/zosia-kajca\/#breadcrumblist","itemListElement":[{"@type":"ListItem","@id":"https:\/\/www.skalnik.pl\/blog#listItem","position":1,"name":"Home","item":"https:\/\/www.skalnik.pl\/blog","nextItem":{"@type":"ListItem","@id":"https:\/\/www.skalnik.pl\/blog\/.\/autorzy\/#listItem","name":"Autorzy"}},{"@type":"ListItem","@id":"https:\/\/www.skalnik.pl\/blog\/.\/autorzy\/#listItem","position":2,"name":"Autorzy","item":"https:\/\/www.skalnik.pl\/blog\/.\/autorzy\/","nextItem":{"@type":"ListItem","@id":"https:\/\/www.skalnik.pl\/blog\/zosia-kajca\/#listItem","name":"Zosia Kajca"},"previousItem":{"@type":"ListItem","@id":"https:\/\/www.skalnik.pl\/blog#listItem","name":"Home"}},{"@type":"ListItem","@id":"https:\/\/www.skalnik.pl\/blog\/zosia-kajca\/#listItem","position":3,"name":"Zosia Kajca","previousItem":{"@type":"ListItem","@id":"https:\/\/www.skalnik.pl\/blog\/.\/autorzy\/#listItem","name":"Autorzy"}}]},{"@type":"Organization","@id":"https:\/\/www.skalnik.pl\/blog\/#organization","name":"blog Skalnik","description":"Blog, porady, artyku\u0142y - blog Skalnik","url":"https:\/\/www.skalnik.pl\/blog\/"},{"@type":"Person","@id":"https:\/\/www.skalnik.pl\/blog\/author\/redakcja-skalnik-pl\/#author","url":"https:\/\/www.skalnik.pl\/blog\/author\/redakcja-skalnik-pl\/","name":"Redakcja skalnik.pl","image":{"@type":"ImageObject","@id":"https:\/\/www.skalnik.pl\/blog\/zosia-kajca\/#authorImage","url":"https:\/\/secure.gravatar.com\/avatar\/7eab29b048aaf0899cd9a145e9adb814e2130ced31e65b454b902500bea65f9e?s=96&d=mm&r=g","width":96,"height":96,"caption":"Redakcja skalnik.pl"}},{"@type":"WebPage","@id":"https:\/\/www.skalnik.pl\/blog\/zosia-kajca\/#webpage","url":"https:\/\/www.skalnik.pl\/blog\/zosia-kajca\/","name":"Zosia Kajca - blog Skalnik","description":"psycholog, dziennikarz, copywriter. Prac\u0119 \u0142\u0105czy ze wspinaczk\u0105 sportow\u0105. Kiedy mo\u017ce \u2013 wybiera si\u0119 w d\u0142u\u017csze podr\u00f3\u017ce. W weekendy do plecaka najch\u0119tniej pakuje lin\u0119 oraz aparat z zapasem klisz.","inLanguage":"pl-PL","isPartOf":{"@id":"https:\/\/www.skalnik.pl\/blog\/#website"},"breadcrumb":{"@id":"https:\/\/www.skalnik.pl\/blog\/zosia-kajca\/#breadcrumblist"},"author":{"@id":"https:\/\/www.skalnik.pl\/blog\/author\/redakcja-skalnik-pl\/#author"},"creator":{"@id":"https:\/\/www.skalnik.pl\/blog\/author\/redakcja-skalnik-pl\/#author"},"image":{"@type":"ImageObject","url":"https:\/\/www.skalnik.pl\/blog\/wp-content\/uploads\/2017\/12\/DSC0298-e1644075041186.jpg","@id":"https:\/\/www.skalnik.pl\/blog\/zosia-kajca\/#mainImage","width":949,"height":949},"primaryImageOfPage":{"@id":"https:\/\/www.skalnik.pl\/blog\/zosia-kajca\/#mainImage"},"datePublished":"2017-12-26T14:08:59+02:00","dateModified":"2022-02-05T16:39:09+02:00"},{"@type":"WebSite","@id":"https:\/\/www.skalnik.pl\/blog\/#website","url":"https:\/\/www.skalnik.pl\/blog\/","name":"blog Skalnik","description":"Blog, porady, artyku\u0142y - blog Skalnik","inLanguage":"pl-PL","publisher":{"@id":"https:\/\/www.skalnik.pl\/blog\/#organization"}}]},"og:locale":"pl_PL","og:site_name":"blog Skalnik - Blog, porady, artyku\u0142y - blog Skalnik","og:type":"article","og:title":"Zosia Kajca - blog Skalnik","og:description":"psycholog, dziennikarz, copywriter. Prac\u0119 \u0142\u0105czy ze wspinaczk\u0105 sportow\u0105. Kiedy mo\u017ce \u2013 wybiera si\u0119 w d\u0142u\u017csze podr\u00f3\u017ce. W weekendy do plecaka najch\u0119tniej pakuje lin\u0119 oraz aparat z zapasem klisz.","og:url":"https:\/\/www.skalnik.pl\/blog\/zosia-kajca\/","article:tag":["autorzy"],"article:published_time":"2017-12-26T13:08:59+00:00","article:modified_time":"2022-02-05T15:39:09+00:00","twitter:card":"summary_large_image","twitter:title":"Zosia Kajca - blog Skalnik","twitter:description":"psycholog, dziennikarz, copywriter. Prac\u0119 \u0142\u0105czy ze wspinaczk\u0105 sportow\u0105. Kiedy mo\u017ce \u2013 wybiera si\u0119 w d\u0142u\u017csze podr\u00f3\u017ce. W weekendy do plecaka najch\u0119tniej pakuje lin\u0119 oraz aparat z zapasem klisz."},"aioseo_meta_data":{"post_id":"12576","title":null,"description":"","keywords":[{"label":"skalnik blog","value":"skalnik blog"},{"label":"blog turystyczny","value":"blog turystyczny"},{"label":"Zosia kajca","value":"Zosia kajca"},{"label":"zofia kajca","value":"zofia kajca"}],"keyphrases":null,"primary_term":null,"canonical_url":"","og_title":null,"og_description":null,"og_object_type":"default","og_image_type":"default","og_image_url":null,"og_image_width":null,"og_image_height":null,"og_image_custom_url":null,"og_image_custom_fields":null,"og_video":null,"og_custom_url":null,"og_article_section":null,"og_article_tags":null,"twitter_use_og":false,"twitter_card":"default","twitter_image_type":"default","twitter_image_url":null,"twitter_image_custom_url":null,"twitter_image_custom_fields":null,"twitter_title":null,"twitter_description":null,"schema":{"blockGraphs":[],"customGraphs":[],"default":{"data":{"Article":[],"Course":[],"Dataset":[],"FAQPage":[],"Movie":[],"Person":[],"Product":[],"ProductReview":[],"Car":[],"Recipe":[],"Service":[],"SoftwareApplication":[],"WebPage":[]},"graphName":"BlogPosting","isEnabled":true},"graphs":[]},"schema_type":"default","schema_type_options":null,"pillar_content":false,"robots_default":true,"robots_noindex":false,"robots_noarchive":false,"robots_nosnippet":false,"robots_nofollow":false,"robots_noimageindex":false,"robots_noodp":false,"robots_notranslate":false,"robots_max_snippet":null,"robots_max_videopreview":null,"robots_max_imagepreview":"large","priority":null,"frequency":null,"local_seo":null,"breadcrumb_settings":null,"limit_modified_date":false,"ai":null,"created":"2022-08-26 09:49:58","updated":"2026-02-17 21:23:44","seo_analyzer_scan_date":null},"aioseo_breadcrumb":"<div class=\"aioseo-breadcrumbs\"><span class=\"aioseo-breadcrumb\">\n\t\t\t<a href=\"https:\/\/www.skalnik.pl\/blog\" title=\"Home\">Home<\/a>\n\t\t<\/span><span class=\"aioseo-breadcrumb-separator\">&raquo;<\/span><span class=\"aioseo-breadcrumb\">\n\t\t\t<a href=\"https:\/\/www.skalnik.pl\/blog\/.\/autorzy\/\" title=\"Autorzy\">Autorzy<\/a>\n\t\t<\/span><span class=\"aioseo-breadcrumb-separator\">&raquo;<\/span><span class=\"aioseo-breadcrumb\">\n\t\t\tZosia Kajca\n\t\t<\/span><\/div>","aioseo_breadcrumb_json":[{"label":"Home","link":"https:\/\/www.skalnik.pl\/blog"},{"label":"Autorzy","link":"https:\/\/www.skalnik.pl\/blog\/.\/autorzy\/"},{"label":"Zosia Kajca","link":"https:\/\/www.skalnik.pl\/blog\/zosia-kajca\/"}],"_links":{"self":[{"href":"https:\/\/www.skalnik.pl\/blog\/wp-json\/wp\/v2\/posts\/12576","targetHints":{"allow":["GET"]}}],"collection":[{"href":"https:\/\/www.skalnik.pl\/blog\/wp-json\/wp\/v2\/posts"}],"about":[{"href":"https:\/\/www.skalnik.pl\/blog\/wp-json\/wp\/v2\/types\/post"}],"author":[{"embeddable":true,"href":"https:\/\/www.skalnik.pl\/blog\/wp-json\/wp\/v2\/users\/7"}],"replies":[{"embeddable":true,"href":"https:\/\/www.skalnik.pl\/blog\/wp-json\/wp\/v2\/comments?post=12576"}],"version-history":[{"count":7,"href":"https:\/\/www.skalnik.pl\/blog\/wp-json\/wp\/v2\/posts\/12576\/revisions"}],"predecessor-version":[{"id":19359,"href":"https:\/\/www.skalnik.pl\/blog\/wp-json\/wp\/v2\/posts\/12576\/revisions\/19359"}],"wp:featuredmedia":[{"embeddable":true,"href":"https:\/\/www.skalnik.pl\/blog\/wp-json\/wp\/v2\/media\/19353"}],"wp:attachment":[{"href":"https:\/\/www.skalnik.pl\/blog\/wp-json\/wp\/v2\/media?parent=12576"}],"wp:term":[{"taxonomy":"category","embeddable":true,"href":"https:\/\/www.skalnik.pl\/blog\/wp-json\/wp\/v2\/categories?post=12576"},{"taxonomy":"post_tag","embeddable":true,"href":"https:\/\/www.skalnik.pl\/blog\/wp-json\/wp\/v2\/tags?post=12576"},{"taxonomy":"magento_category","embeddable":true,"href":"https:\/\/www.skalnik.pl\/blog\/wp-json\/wp\/v2\/magento_category?post=12576"},{"taxonomy":"magento_product","embeddable":true,"href":"https:\/\/www.skalnik.pl\/blog\/wp-json\/wp\/v2\/magento_product?post=12576"}],"curies":[{"name":"wp","href":"https:\/\/api.w.org\/{rel}","templated":true}]}}