{"id":12847,"date":"2020-07-15T00:05:00","date_gmt":"2020-07-14T22:05:00","guid":{"rendered":"https:\/\/skalnik.pl\/blog\/?p=12847"},"modified":"2021-07-05T14:39:20","modified_gmt":"2021-07-05T12:39:20","slug":"korona-gor-polski-klodzka-gora","status":"publish","type":"post","link":"https:\/\/www.skalnik.pl\/blog\/korona-gor-polski-klodzka-gora\/","title":{"rendered":"Korona G\u00f3r Polski \u2013 K\u0142odzka G\u00f3ra"},"content":{"rendered":"\n<p><strong>G\u00f3ry Bardzkie s\u0105 ma\u0142o zazwyczaj ucz\u0119szczanym pasmem le\u017c\u0105cym w Sudetach \u015arodkowych. W wykazie Korony G\u00f3r Polski znajduje si\u0119 K\u0142odzka G\u00f3ra, cho\u0107 po najnowszych pomiarach nie jest ona najwy\u017cszym ich szczytem.<\/strong><\/p>\n\n\n\n<p>Niepozorne G\u00f3ry Bardzkie w przesz\u0142o\u015bci nie by\u0142y nawet traktowane jako oddzielne pasmo. Zaliczano je do s\u0105siednich pasm i dzielono mi\u0119dzy G\u00f3ry Z\u0142ote (Grzbiet Wschodni) i Sowie (Grzbiet Zachodni). Jednocze\u015bnie by\u0142y wa\u017cne politycznie, bo to ich grzbietami bieg\u0142a granica pomi\u0119dzy \u015al\u0105skiem a Kotlin\u0105 K\u0142odzk\u0105.<\/p>\n\n\n\n<p>Dzi\u015b nie do\u015b\u0107, \u017ce maj\u0105 swoj\u0105 nazw\u0119, to jeszcze ich najwy\u017cszy szczyt stanowi pewnego rodzaju kontrowersj\u0119. Ostatnie pomiary (sprzed kilku lat) wskaza\u0142y bowiem, \u017ce najwy\u017cszym szczytem G\u00f3r Bardzkich jest Szeroka G\u00f3ra (766 m n.p.m.), a nie K\u0142odzka G\u00f3ra (757 m n.p.m.), cho\u0107 to ta druga widnieje na oficjalnym spisie szczyt\u00f3w Korony G\u00f3r Polski. Na szcz\u0119\u015bcie oba szczyty s\u0105 po\u0142o\u017cone bardzo blisko siebie, najlepiej zatem stan\u0105\u0107 na ka\u017cdym z nich.<\/p>\n\n\n\n<div class=\"wp-block-image\"><figure class=\"aligncenter size-large\"><img loading=\"lazy\" decoding=\"async\" width=\"1024\" height=\"376\" src=\"https:\/\/skalnik.pl\/blog\/wp-content\/uploads\/2020\/06\/widok-1024x376.jpg\" alt=\"widok z podej\u015bcia na k\u0142odzk\u0105 g\u00f3r\u0119\" class=\"wp-image-12864\" srcset=\"https:\/\/www.skalnik.pl\/blog\/wp-content\/uploads\/2020\/06\/widok-1024x376.jpg 1024w, https:\/\/www.skalnik.pl\/blog\/wp-content\/uploads\/2020\/06\/widok-300x110.jpg 300w, https:\/\/www.skalnik.pl\/blog\/wp-content\/uploads\/2020\/06\/widok-768x282.jpg 768w, https:\/\/www.skalnik.pl\/blog\/wp-content\/uploads\/2020\/06\/widok-1536x564.jpg 1536w, https:\/\/www.skalnik.pl\/blog\/wp-content\/uploads\/2020\/06\/widok.jpg 1920w\" sizes=\"auto, (max-width: 1024px) 100vw, 1024px\" \/><figcaption><em>Widok z podej\u015bcia na K\u0142odzk\u0105 G\u00f3r\u0119<\/em><\/figcaption><\/figure><\/div>\n\n\n\n<p><\/p>\n\n\n\n<div id=\"ez-toc-container\" class=\"ez-toc-v2_0_85 counter-hierarchy ez-toc-counter ez-toc-light-blue ez-toc-container-direction\">\n<div class=\"ez-toc-title-container\">\n<p class=\"ez-toc-title\" style=\"cursor:inherit\">SPIS TRE\u015aCI <\/p>\n<span class=\"ez-toc-title-toggle\"><a href=\"#\" class=\"ez-toc-pull-right ez-toc-btn ez-toc-btn-xs ez-toc-btn-default ez-toc-toggle\" aria-label=\"Prze\u0142\u0105cznik Spisu Tre\u015bci\"><span class=\"ez-toc-js-icon-con\"><span class=\"\"><span class=\"eztoc-hide\" style=\"display:none;\">Toggle<\/span><span class=\"ez-toc-icon-toggle-span\"><svg style=\"fill: #999;color:#999\" xmlns=\"http:\/\/www.w3.org\/2000\/svg\" class=\"list-377408\" width=\"20px\" height=\"20px\" viewBox=\"0 0 24 24\" fill=\"none\"><path d=\"M6 6H4v2h2V6zm14 0H8v2h12V6zM4 11h2v2H4v-2zm16 0H8v2h12v-2zM4 16h2v2H4v-2zm16 0H8v2h12v-2z\" fill=\"currentColor\"><\/path><\/svg><svg style=\"fill: #999;color:#999\" class=\"arrow-unsorted-368013\" xmlns=\"http:\/\/www.w3.org\/2000\/svg\" width=\"10px\" height=\"10px\" viewBox=\"0 0 24 24\" version=\"1.2\" baseProfile=\"tiny\"><path d=\"M18.2 9.3l-6.2-6.3-6.2 6.3c-.2.2-.3.4-.3.7s.1.5.3.7c.2.2.4.3.7.3h11c.3 0 .5-.1.7-.3.2-.2.3-.5.3-.7s-.1-.5-.3-.7zM5.8 14.7l6.2 6.3 6.2-6.3c.2-.2.3-.5.3-.7s-.1-.5-.3-.7c-.2-.2-.4-.3-.7-.3h-11c-.3 0-.5.1-.7.3-.2.2-.3.5-.3.7s.1.5.3.7z\"\/><\/svg><\/span><\/span><\/span><\/a><\/span><\/div>\n<nav><ul class='ez-toc-list ez-toc-list-level-1 ' ><li class='ez-toc-page-1 ez-toc-heading-level-2'><a class=\"ez-toc-link ez-toc-heading-1\" href=\"https:\/\/www.skalnik.pl\/blog\/korona-gor-polski-klodzka-gora\/#Klodzka_Gora_%E2%80%93_jak_dojechac_i_skad_ruszyc_na_szlak\" >K\u0142odzka G\u00f3ra \u2013 jak dojecha\u0107 i sk\u0105d ruszy\u0107 na szlak<\/a><\/li><li class='ez-toc-page-1 ez-toc-heading-level-2'><a class=\"ez-toc-link ez-toc-heading-2\" href=\"https:\/\/www.skalnik.pl\/blog\/korona-gor-polski-klodzka-gora\/#Szlaki_na_Klodzka_Gore\" >Szlaki na K\u0142odzk\u0105 G\u00f3r\u0119<\/a><ul class='ez-toc-list-level-3' ><li class='ez-toc-heading-level-3'><a class=\"ez-toc-link ez-toc-heading-3\" href=\"https:\/\/www.skalnik.pl\/blog\/korona-gor-polski-klodzka-gora\/#Szlak_niebieski_z_Barda_na_Klodzka_Gore\" >Szlak niebieski z Barda na K\u0142odzk\u0105 G\u00f3r\u0119<\/a><\/li><li class='ez-toc-page-1 ez-toc-heading-level-3'><a class=\"ez-toc-link ez-toc-heading-4\" href=\"https:\/\/www.skalnik.pl\/blog\/korona-gor-polski-klodzka-gora\/#Pozostale_szlaki_na_Klodzka_Gore\" >Pozosta\u0142e szlaki na K\u0142odzk\u0105 G\u00f3r\u0119<\/a><\/li><\/ul><\/li><li class='ez-toc-page-1 ez-toc-heading-level-2'><a class=\"ez-toc-link ez-toc-heading-5\" href=\"https:\/\/www.skalnik.pl\/blog\/korona-gor-polski-klodzka-gora\/#Ciekawostki_o_Gorach_Bardzkich\" >Ciekawostki o G\u00f3rach Bardzkich<\/a><\/li><li class='ez-toc-page-1 ez-toc-heading-level-2'><a class=\"ez-toc-link ez-toc-heading-6\" href=\"https:\/\/www.skalnik.pl\/blog\/korona-gor-polski-klodzka-gora\/#Gory_Bardzkie_rowerem\" >G\u00f3ry Bardzkie rowerem<\/a><\/li><\/ul><\/nav><\/div>\n<h2 class=\"wp-block-heading\"><span class=\"ez-toc-section\" id=\"Klodzka_Gora_%E2%80%93_jak_dojechac_i_skad_ruszyc_na_szlak\"><\/span>K\u0142odzka G\u00f3ra \u2013 jak dojecha\u0107 i sk\u0105d ruszy\u0107 na szlak<span class=\"ez-toc-section-end\"><\/span><\/h2>\n\n\n\n<p>Na K\u0142odzk\u0105 G\u00f3r\u0119 mo\u017cna wej\u015b\u0107 od p\u00f3\u0142nocy, po\u0142udnia lub zachodu. Miejsc, sk\u0105d mo\u017cna wyruszy\u0107 na szlak jest kilka: Bardo, prze\u0142\u0119cz \u0141aszczowa, prze\u0142\u0119cz K\u0142odzka oraz K\u0142odzko. Dla zmotoryzowanych dost\u0119pne s\u0105 wszystkie te miejsca, w kt\u00f3rych nie brakuje miejsc parkingowych (zar\u00f3wno na miejskich, jak i le\u015bnych parkingach). Natomiast doje\u017cd\u017caj\u0105cy kolej\u0105 mog\u0105 wystartowa\u0107 z Barda lub K\u0142odzka. <\/p>\n\n\n\n<div class=\"wp-block-image\"><figure class=\"aligncenter size-large\"><img loading=\"lazy\" decoding=\"async\" width=\"1024\" height=\"687\" src=\"https:\/\/skalnik.pl\/blog\/wp-content\/uploads\/2020\/06\/parking.jpg\" alt=\"parking na prze\u0142\u0119czy K\u0142odzkiej\" class=\"wp-image-12857\" srcset=\"https:\/\/www.skalnik.pl\/blog\/wp-content\/uploads\/2020\/06\/parking.jpg 1024w, https:\/\/www.skalnik.pl\/blog\/wp-content\/uploads\/2020\/06\/parking-300x201.jpg 300w, https:\/\/www.skalnik.pl\/blog\/wp-content\/uploads\/2020\/06\/parking-768x515.jpg 768w\" sizes=\"auto, (max-width: 1024px) 100vw, 1024px\" \/><figcaption><em>Parking mieszcz\u0105cy co najmniej kilkana\u015bcie samochod\u00f3w na prze\u0142\u0119czy K\u0142odzkiej (fot. A. Robak)<\/em><\/figcaption><\/figure><\/div>\n\n\n\n<p><\/p>\n\n\n\n<h2 class=\"wp-block-heading\"><span class=\"ez-toc-section\" id=\"Szlaki_na_Klodzka_Gore\"><\/span><strong>Szlaki na K\u0142odzk\u0105 G\u00f3r\u0119<\/strong><span class=\"ez-toc-section-end\"><\/span><\/h2>\n\n\n\n<p>Co prawda K\u0142odzk\u0105 G\u00f3r\u0119 mo\u017cna wej\u015b\u0107 na kilka sposob\u00f3w, niestety nie ma mo\u017cliwo\u015bci zatoczenia p\u0119tli. Do wyboru zostaje zatem dwukrotne pokonanie tej samej trasy lub d\u0142u\u017csza wycieczka z punktu A do B. Do wyboru jest szlak niebieski (i doj\u015bcie na szczyt \u017c\u00f3\u0142tym) z Barda, prze\u0142\u0119czy \u0141aszczowej lub prze\u0142\u0119czy K\u0142odzkiej, a tak\u017ce \u017c\u00f3\u0142ty szlak z K\u0142odzka. <\/p>\n\n\n\n<p>Najciekawszy jest szlak niebieski wiod\u0105cy z Barda na rozstaje Pod K\u0142odzk\u0105 G\u00f3r\u0105 w pobli\u017cu najwy\u017cszego szczytu G\u00f3r Bardzkich.<\/p>\n\n\n\n<h3 class=\"wp-block-heading\"><span class=\"ez-toc-section\" id=\"Szlak_niebieski_z_Barda_na_Klodzka_Gore\"><\/span>Szlak niebieski z Barda na K\u0142odzk\u0105 G\u00f3r\u0119<span class=\"ez-toc-section-end\"><\/span><\/h3>\n\n\n\n<p>Czas: 6 h 20 min. <br>Dystans: 18,3 km<\/p>\n\n\n\n<p>To najd\u0142u\u017cszy szlak wiod\u0105cy na K\u0142odzk\u0105 G\u00f3r\u0119. Jest to zarazem trasa najciekawsza zar\u00f3wno historycznie, jak i widokowo. Do pokonania jest niemal 500 metr\u00f3w przewy\u017cszenia, ale roz\u0142o\u017conych na ponad 9 km. \u0141\u0105cznie trasa tam i z powrotem zajmuje ok. 6,5 godz.<\/p>\n\n\n<div style=\"max-width:1024px;overflow:hidden;margin:0 auto;min-width:300px;\"><iframe src=\"https:\/\/mapa-turystyczna.pl\/map\/widget\/route\/h1l0p1\/jj0z.html\" style=\"width:100%;border:0;\" height=\"680\" frameborder=\"0\"><\/iframe><a href=\"https:\/\/mapa-turystyczna.pl\/route\/jj0z?utm_source=external_web&amp;utm_medium=widget&amp;utm_campaign=route_widget\" target=\"_blank\" style=\"color:#999;padding:7px 0;font-size: 13px;font-family:Roboto,Arial,sans-serif;display: inline-block;\" rel=\"noopener noreferrer\">Trasa: Bardo \u2013 K\u0142odzka G\u00f3ra | mapa-turystyczna.pl<\/a><\/div>\n\n\n<p>Pierwsza cz\u0119\u015b\u0107 szlaku to podej\u015bcie na g\u00f3r\u0119 Kalwaria, kt\u00f3ra jest popularnym miejscem pielgrzymkowym. Po drodze warto mija si\u0119 wiele stacji drogi krzy\u017cowej oraz kapliczek, a tak\u017ce \u017ar\u00f3de\u0142ko (zwane \u017ar\u00f3d\u0142em Maryi, kt\u00f3rego woda uznawana jest za cudown\u0105). Szlak jest szeroki i w miar\u0119 wygodny, jednostajnie pnie si\u0119 ku g\u00f3rze. <\/p>\n\n\n\n<p>Po drodze nie tyle warto, co wr\u0119cz trzeba odbi\u0107 na punkt widokowy nad obrywem skalnym. To miejsce jest tak unikatowe, \u017ce powinno by\u0107 punktem ka\u017cdej wycieczki w G\u00f3ry Bardzkie. Punkt ten jest dobrze widoczny z drogi S8, a to dzi\u0119ki stoj\u0105cemu tutaj wielkiemu krzy\u017cowi. <\/p>\n\n\n\n<p>Obryw skalny powsta\u0142 w wyniku d\u0142ugotrwa\u0142ych opad\u00f3w deszczu pod koniec XVI w., kiedy to Nysa K\u0142odzka podmy\u0142a podn\u00f3\u017ce g\u00f3ry, kt\u00f3rej stok po prostu run\u0105\u0142, porywaj\u0105c ze sob\u0105 zwa\u0142y kamieni i gleby. Spowodowa\u0142o to wstrz\u0105s, odczuwany w s\u0105siednich miejscowo\u015bciach, a tak\u017ce zablokowanie rzeki, kt\u00f3ra &#8211; spi\u0119trzona &#8211; grozi\u0142a powodzi\u0105. Na szcz\u0119\u015bcie dla Barda, woda potrafi\u0142a znale\u017a\u0107 uj\u015bcie przez zawalisko. Cztery wieki p\u00f3\u017aniej w czasie tzw. powodzi tysi\u0105clecia wezbrana Nysa K\u0142odzka ods\u0142oni\u0142a j\u0119zor tego osuwiska. Wed\u0142ug jednej z hipotez wstrz\u0105s jaki powsta\u0142 w wyniku osuwania si\u0119 zbocza w XVI w. spowodowa\u0142 &#8222;skrzywienie&#8221; wie\u017cy w Z\u0105bkowicach \u015al\u0105skich.<\/p>\n\n\n\n<p>Z punktu nad obrywem roztacza si\u0119 przepi\u0119kna panorama. Doskonale wida\u0107 Bardo, a tak\u017ce prze\u0142om Nysy K\u0142odzkiej. Rzeka pi\u0119knie tu meandruje. Co ciekawe &#8211; rzeka p\u0142yn\u0119\u0142a tu zanim wypi\u0119trzy\u0142y si\u0119 g\u00f3ry, a proces g\u00f3rotw\u00f3rczy by\u0142 na tyle powolny, \u017ce nie zdo\u0142a\u0142 jej zatrzyma\u0107 i woda znalaz\u0142a sobie uj\u015bcie. Taki rodzaj prze\u0142omu nazywany jest antecedentnym.  <\/p>\n\n\n\n<div class=\"wp-block-image\"><figure class=\"aligncenter size-large\"><img loading=\"lazy\" decoding=\"async\" width=\"1024\" height=\"793\" src=\"https:\/\/skalnik.pl\/blog\/wp-content\/uploads\/2020\/07\/obryw.jpg\" alt=\"\" class=\"wp-image-13008\" srcset=\"https:\/\/www.skalnik.pl\/blog\/wp-content\/uploads\/2020\/07\/obryw.jpg 1024w, https:\/\/www.skalnik.pl\/blog\/wp-content\/uploads\/2020\/07\/obryw-300x232.jpg 300w, https:\/\/www.skalnik.pl\/blog\/wp-content\/uploads\/2020\/07\/obryw-768x595.jpg 768w\" sizes=\"auto, (max-width: 1024px) 100vw, 1024px\" \/><figcaption><em>Widok<\/em> <em>na Bardo, prze\u0142om Nysy K\u0142odzkiej i wzniesienia Grzbietu Zachodniego G\u00f3r Bardzkich<\/em><\/figcaption><\/figure><\/div>\n\n\n\n<p>Po przerwie na podziwianie widok\u00f3w i powrocie na szlak niebieski wystarczy p\u00f3\u0142 godziny marszu, by znale\u017a\u0107 si\u0119 na szczycie g\u00f3ry Kalwaria. Stoi tu niewielki ko\u015bci\u00f3\u0142ek, do kt\u00f3rego w okresach pielgrzymkowych docieraj\u0105 grupki p\u0105tnik\u00f3w. Wed\u0142ug legendy mia\u0142o tu miejsce objawienie &#8211; pewnemu m\u0142odzie\u0144cowi ukaza\u0107 si\u0119 mia\u0142a Matka Boska P\u0142acz\u0105ca. Na znak swojej obecno\u015bci pozostawi\u0142a odbicie swoich st\u00f3p i r\u0105k. Niestety przez wieki \u015blady te zosta\u0142y &#8211; dos\u0142ownie &#8211; starte lub rozgrabione przez pielgrzym\u00f3w. Dzi\u015b za kapliczk\u0105 mo\u017cna zobaczy\u0107 jedynie odtworzony odcisk jednej stopy.<\/p>\n\n\n\n<p>Droga na Kalwari\u0119 to najbardziej stromy odcinek szlaku. P\u00f3\u017aniej opada on jeszcze na prze\u0142\u0119cz \u0141aszczowej, a nast\u0119pnie wznosi si\u0119 w kierunku K\u0142odzkiej G\u00f3ry.<\/p>\n\n\n\n<p><\/p>\n\n\n\n<h3 class=\"wp-block-heading\"><span class=\"ez-toc-section\" id=\"Pozostale_szlaki_na_Klodzka_Gore\"><\/span>Pozosta\u0142e szlaki na K\u0142odzk\u0105 G\u00f3r\u0119<span class=\"ez-toc-section-end\"><\/span><\/h3>\n\n\n\n<p>Wariantem powy\u017cej opisanego szlaku niebieskiego jest odcinek zaczynaj\u0105cy si\u0119 na prze\u0142\u0119czy \u0141aszczowej biegn\u0105cy ku K\u0142odzkiej G\u00f3rze. Jest on najszybszym sposobem dotarcia na szczyt. Droga zajmuje niewiele ponad godzin\u0119 i ma 3,3 km d\u0142ugo\u015bci.  <\/p>\n\n\n\n<p>Z prze\u0142\u0119czy K\u0142odzkiej, kt\u00f3ra oddziela G\u00f3ry Bardzkie od G\u00f3r Z\u0142otych, na szczyt tak\u017ce wiedzie niebieski szlak. Poza ca\u0142kiem wymagaj\u0105cym podej\u015bciem na pocz\u0105tku, nie jest on trudny. Jedyne komplikacje mog\u0105 si\u0119 pojawi\u0107 ze wzgl\u0119du na rzadkie oznaczenia szlaku &#8211; warto mie\u0107 oczy ca\u0142y czas szeroko otwarte. Z prze\u0142\u0119czy K\u0142odzkiej na K\u0142odzk\u0105 G\u00f3r\u0119 jest tylko 3 km, kt\u00f3re \u015brednio pokonuje si\u0119 w 1:20 h.<\/p>\n\n\n\n<div class=\"wp-block-image\"><figure class=\"aligncenter size-large\"><img loading=\"lazy\" decoding=\"async\" width=\"1024\" height=\"687\" src=\"https:\/\/skalnik.pl\/blog\/wp-content\/uploads\/2020\/06\/podejscie2.jpg\" alt=\"podej\u015bcie na szczyt K\u0142odzkiej G\u00f3ry\" class=\"wp-image-12859\" srcset=\"https:\/\/www.skalnik.pl\/blog\/wp-content\/uploads\/2020\/06\/podejscie2.jpg 1024w, https:\/\/www.skalnik.pl\/blog\/wp-content\/uploads\/2020\/06\/podejscie2-300x201.jpg 300w, https:\/\/www.skalnik.pl\/blog\/wp-content\/uploads\/2020\/06\/podejscie2-768x515.jpg 768w\" sizes=\"auto, (max-width: 1024px) 100vw, 1024px\" \/><figcaption><em>Po\u0142udniowa cz\u0119\u015b\u0107 szlaku niebieskiego prowadzi przez bukowy las (fot. A. Robak)<\/em><\/figcaption><\/figure><\/div>\n\n\n\n<p>\u017b\u00f3\u0142ty szlak z K\u0142odzka na K\u0142odzk\u0105 G\u00f3r\u0119 to zn\u00f3w propozycja dla lubi\u0105cych d\u0142u\u017csze w\u0119dr\u00f3wki. Do przej\u015bcia jest bowiem niespe\u0142na 9 km w ok. 3 godz. Do pokonania jest przewy\u017cszenie niemal 500 m. Poniewa\u017c po drodze nie ma prze\u0142\u0119czy, szlak jednostajnie pnie si\u0119 do g\u00f3ry, a po drodze zalicza si\u0119 kilka szczyt\u00f3w. <\/p>\n\n\n<div style=\"max-width:1024px;overflow:hidden;margin:0 auto;min-width:300px;\"><iframe src=\"https:\/\/mapa-turystyczna.pl\/map\/widget\/route\/h1l0p1\/3zbn.html\" style=\"width:100%;border:0;\" height=\"680\" frameborder=\"0\"><\/iframe><a href=\"https:\/\/mapa-turystyczna.pl\/route\/3zbn?utm_source=external_web&amp;utm_medium=widget&amp;utm_campaign=route_widget\" target=\"_blank\" style=\"color:#999;padding:7px 0;font-size: 13px;font-family:Roboto,Arial,sans-serif;display: inline-block;\" rel=\"noopener noreferrer\">Trasa: Bardo \u2013 K\u0142odzko | mapa-turystyczna.pl<\/a><\/div>\n\n\n<p>Dla turyst\u00f3w, kt\u00f3rzy przyjad\u0105 w G\u00f3ry Bardzkie transportem publicznym ciekaw\u0105 propozycj\u0105 ca\u0142odziennej w\u0119dr\u00f3wki b\u0119dzie trasa Bardo-K\u0142odzko. Ta niespe\u0142na 18 km w\u0119dr\u00f3wka powinna zaj\u0105\u0107 ok. 6 godzin. Pierwszy etap to  niebieski szlak z Barda (przez obryw skalny i g\u00f3r\u0119 Kalwari\u0119). Na rozdro\u017cu Pod K\u0142odzk\u0105 G\u00f3r\u0105 odbija si\u0119 na \u017c\u00f3\u0142ty szlak wiod\u0105cy przez K\u0142odzk\u0105 G\u00f3r\u0119 do K\u0142odzka.  <\/p>\n\n\n\n<h2 class=\"wp-block-heading\"><span class=\"ez-toc-section\" id=\"Ciekawostki_o_Gorach_Bardzkich\"><\/span>Ciekawostki o G\u00f3rach Bardzkich<span class=\"ez-toc-section-end\"><\/span><\/h2>\n\n\n\n<p>Na Szerok\u0105 G\u00f3r\u0119, b\u0119d\u0105c\u0105 <em>de facto<\/em> najwy\u017cszym szczytem G\u00f3r Bardzkich nie prowadzi \u017caden szlak, jednak id\u0105c po wyra\u017anie wydeptanej \u015bnie\u017cce, bez problemu dociera si\u0119 na ten poro\u015bni\u0119ty drzewami wierzcho\u0142ek.<\/p>\n\n\n\n<p>Szlaki s\u0105 zalesione, wi\u0119c idealnie nadaj\u0105 si\u0119, by w\u0119drowa\u0107 nimi nawet podczas upalnego lata. Koniecznie jednak trzeba wzi\u0105\u0107 ze sob\u0105 zapas wody, jedyne miejsce, gdzie mo\u017cna uzupe\u0142ni\u0107 zapasy to \u017ar\u00f3de\u0142ko Maryi w drodze na Kalwari\u0119. Schronisk w G\u00f3rach Bardzkich nie u\u015bwiadczymy.<\/p>\n\n\n\n<p>Na szczycie K\u0142odzkiej G\u00f3ry niebawem stanie ponad 30-metrowa wie\u017ca widokowa. By\u0107 mo\u017ce uda si\u0119 j\u0105 uko\u0144czy\u0107 i odda\u0107 do u\u017cytku jeszcze w 2020 r. Jest tu tak\u017ce p\u00f3\u0142eczka z tradycyjn\u0105 piecz\u0105tk\u0105, kt\u00f3r\u0105 zdobywcy Korony G\u00f3r Polski b\u0105d\u017a G\u00f3rskiej Odznaki Turystycznej PTTK dokumentuj\u0105 zdobycie tego szczytu.<\/p>\n\n\n\n<p>W G\u00f3rach Bardzkich brakuje dobrze znanych drogowskaz\u00f3w i tabliczek z nazwami szczyt\u00f3w. Za to mo\u017cna tu znale\u017a\u0107 mas\u0119 tablic \u201esamor\u00f3bek\u201d. Nawet na Szerokiej G\u00f3rze zamiast oficjalnego znaku  przytwierdzono do drzewa\u2026 talerz anteny satelitarnej, na kt\u00f3rym wypisano  nazw\u0119 i wysoko\u015b\u0107 szczytu. <\/p>\n\n\n\n<div style=\"width:1024; height:600px; padding: 15px; resize:both; overflow: auto;\"> <div style=\"width:100%; height:100%; box-shadow: 5px 5px 15px #00000038;\"> <iframe src=\"https:\/\/kgp3d.amu.edu.pl\/szczyty\/KlodzkaGora.html\" allow=\"xr xr-spatial-tracking\" style=\"height: 100%; width: 100%; border: 0;\" ><\/iframe> <\/div> <\/div>\n\n\n\n<h2 class=\"wp-block-heading\"><span class=\"ez-toc-section\" id=\"Gory_Bardzkie_rowerem\"><\/span><strong>G\u00f3ry Bardzkie rowerem<\/strong><span class=\"ez-toc-section-end\"><\/span><\/h2>\n\n\n\n<p>Co prawda na sam szczyt K\u0142odzkiej G\u00f3ry nie prowadzi \u017caden rowerowy szlak, jednak w okolicy powsta\u0142o w ostatnim czasie wiele tzw. <em>single track\u00f3w<\/em>. To terenowe \u015bcie\u017cki rowerowe, jednokierunkowe, poprowadzone niezale\u017cnie od szlak\u00f3w pieszych. W dodatku tak zaprojektowane, by dostarczy\u0107 podczas jazdy mocnych wra\u017ce\u0144. W\u015br\u00f3d drzew, z zakr\u0119tami. Single tracki zaczynaj\u0105 si\u0119 w Bardzie, na prze\u0142\u0119czy K\u0142odzkiej i prze\u0142\u0119czy \u0141aszczowej.<\/p>\n\n\n<div class=\"page_gallery\">\n\n\t\t<style type=\"text\/css\">\n\t\t\t#gallery-1 {\n\t\t\t\tmargin: auto;\n\t\t\t}\n\t\t\t#gallery-1 .gallery-item {\n\t\t\t\tfloat: left;\n\t\t\t\tmargin-top: 10px;\n\t\t\t\ttext-align: center;\n\t\t\t\twidth: 33%;\n\t\t\t}\n\t\t\t#gallery-1 img {\n\t\t\t\tborder: 2px solid #cfcfcf;\n\t\t\t}\n\t\t\t#gallery-1 .gallery-caption {\n\t\t\t\tmargin-left: 0;\n\t\t\t}\n\t\t\t\/* see gallery_shortcode() in wp-includes\/media.php *\/\n\t\t<\/style>\n\t\t<div id='gallery-1' class='gallery galleryid-12847 gallery-columns-3 gallery-size-large'><dl class='gallery-item'>\n\t\t\t<dt class='gallery-icon landscape'>\n\t\t\t\t<img loading=\"lazy\" decoding=\"async\" width=\"1024\" height=\"732\" src=\"https:\/\/www.skalnik.pl\/blog\/wp-content\/uploads\/2020\/06\/KlodzkaGora.jpg\" class=\"attachment-large size-large\" alt=\"metalowy stela\u017c na szczycie K\u0142odzkiej G\u00f3ry\" aria-describedby=\"gallery-1-12856\" srcset=\"https:\/\/www.skalnik.pl\/blog\/wp-content\/uploads\/2020\/06\/KlodzkaGora.jpg 1024w, https:\/\/www.skalnik.pl\/blog\/wp-content\/uploads\/2020\/06\/KlodzkaGora-300x214.jpg 300w, https:\/\/www.skalnik.pl\/blog\/wp-content\/uploads\/2020\/06\/KlodzkaGora-768x549.jpg 768w\" sizes=\"auto, (max-width: 1024px) 100vw, 1024px\" \/>\n\t\t\t<\/dt>\n\t\t\t\t<dd class='wp-caption-text gallery-caption' id='gallery-1-12856'>\n\t\t\t\tTaka metalowa konstrukcja wie\u0144czy szczyt K\u0142odzkiej G\u00f3ry (fot. A. Robak)\n\t\t\t\t<\/dd><\/dl><dl class='gallery-item'>\n\t\t\t<dt class='gallery-icon landscape'>\n\t\t\t\t<img loading=\"lazy\" decoding=\"async\" width=\"1024\" height=\"687\" src=\"https:\/\/www.skalnik.pl\/blog\/wp-content\/uploads\/2020\/06\/szeroka-gora.jpg\" class=\"attachment-large size-large\" alt=\"talerz anteny satelitarnej z nazw\u0105 szczytu Szeroka G\u00f3ra\" aria-describedby=\"gallery-1-12862\" srcset=\"https:\/\/www.skalnik.pl\/blog\/wp-content\/uploads\/2020\/06\/szeroka-gora.jpg 1024w, https:\/\/www.skalnik.pl\/blog\/wp-content\/uploads\/2020\/06\/szeroka-gora-300x201.jpg 300w, https:\/\/www.skalnik.pl\/blog\/wp-content\/uploads\/2020\/06\/szeroka-gora-768x515.jpg 768w\" sizes=\"auto, (max-width: 1024px) 100vw, 1024px\" \/>\n\t\t\t<\/dt>\n\t\t\t\t<dd class='wp-caption-text gallery-caption' id='gallery-1-12862'>\n\t\t\t\tNazwa najwy\u017cszego szczytu wypisana na talerzu anteny satelitarnej (fot. A. Robak)\n\t\t\t\t<\/dd><\/dl>\n\t\t\t<br style='clear: both' \/>\n\t\t<\/div>\n\n<\/div>\n\n\n<p><\/p>\n","protected":false},"excerpt":{"rendered":"<p>G\u00f3ry Bardzkie le\u017c\u0105 mi\u0119dzy Bardem a K\u0142odzkiem, s\u0105 zalesione i przypominaj\u0105 nieco dziki zach\u00f3d. Najnowsze pomiary zmieni\u0142y najwy\u017cszy ich szczyt.<\/p>\n","protected":false},"author":9,"featured_media":12866,"comment_status":"open","ping_status":"open","sticky":false,"template":"","format":"standard","meta":{"_acf_changed":false,"footnotes":""},"categories":[84],"tags":[28,260,162],"magento_category":[],"magento_product":[],"class_list":["post-12847","post","type-post","status-publish","format-standard","has-post-thumbnail","hentry","category-pasja","tag-gory","tag-korona-gor-polski","tag-sudety"],"acf":[],"aioseo_notices":[],"aioseo_head":"\n\t\t<!-- All in One SEO 4.9.10 - aioseo.com -->\n\t<meta name=\"description\" content=\"K\u0142odzka G\u00f3ra nale\u017cy do Korony G\u00f3r Polski, chocia\u017c wcale nie jest najwy\u017cszym szczytem G\u00f3r Bardzkich. Najnowsze pomiary wskazuj\u0105, \u017ce w s\u0105siedztwie jest wy\u017csza g\u00f3ra\" \/>\n\t<meta name=\"robots\" content=\"max-image-preview:large\" \/>\n\t<meta name=\"author\" content=\"Beata Nawrotkiewicz\"\/>\n\t<link rel=\"canonical\" href=\"https:\/\/www.skalnik.pl\/blog\/korona-gor-polski-klodzka-gora\/\" \/>\n\t<meta name=\"generator\" content=\"All in One SEO (AIOSEO) 4.9.10\" \/>\n\t\t<meta property=\"og:locale\" content=\"pl_PL\" \/>\n\t\t<meta property=\"og:site_name\" content=\"blog Skalnik - Blog, porady, artyku\u0142y - blog Skalnik\" \/>\n\t\t<meta property=\"og:type\" content=\"article\" \/>\n\t\t<meta property=\"og:title\" content=\"Korona G\u00f3r Polski \u2013 K\u0142odzka G\u00f3ra - blog Skalnik\" \/>\n\t\t<meta property=\"og:description\" content=\"K\u0142odzka G\u00f3ra nale\u017cy do Korony G\u00f3r Polski, chocia\u017c wcale nie jest najwy\u017cszym szczytem G\u00f3r Bardzkich. Najnowsze pomiary wskazuj\u0105, \u017ce w s\u0105siedztwie jest wy\u017csza g\u00f3ra\" \/>\n\t\t<meta property=\"og:url\" content=\"https:\/\/www.skalnik.pl\/blog\/korona-gor-polski-klodzka-gora\/\" \/>\n\t\t<meta property=\"og:image\" content=\"https:\/\/skalnik.pl\/blog\/wp-content\/uploads\/2020\/06\/widok-1024x376.jpg\" \/>\n\t\t<meta property=\"og:image:secure_url\" content=\"https:\/\/skalnik.pl\/blog\/wp-content\/uploads\/2020\/06\/widok-1024x376.jpg\" \/>\n\t\t<meta property=\"article:tag\" content=\"pasja\" \/>\n\t\t<meta property=\"article:tag\" content=\"g\u00f3ry\" \/>\n\t\t<meta property=\"article:tag\" content=\"korona g\u00f3r polski\" \/>\n\t\t<meta property=\"article:tag\" content=\"sudety\" \/>\n\t\t<meta property=\"article:published_time\" content=\"2020-07-14T22:05:00+00:00\" \/>\n\t\t<meta property=\"article:modified_time\" content=\"2021-07-05T12:39:20+00:00\" \/>\n\t\t<meta name=\"twitter:card\" content=\"summary_large_image\" \/>\n\t\t<meta name=\"twitter:title\" content=\"Korona G\u00f3r Polski \u2013 K\u0142odzka G\u00f3ra - blog Skalnik\" \/>\n\t\t<meta name=\"twitter:description\" content=\"K\u0142odzka G\u00f3ra nale\u017cy do Korony G\u00f3r Polski, chocia\u017c wcale nie jest najwy\u017cszym szczytem G\u00f3r Bardzkich. Najnowsze pomiary wskazuj\u0105, \u017ce w s\u0105siedztwie jest wy\u017csza g\u00f3ra\" \/>\n\t\t<meta name=\"twitter:image\" content=\"https:\/\/skalnik.pl\/blog\/wp-content\/uploads\/2020\/06\/widok-1024x376.jpg\" \/>\n\t\t<script type=\"application\/ld+json\" class=\"aioseo-schema\">\n\t\t\t{\"@context\":\"https:\\\/\\\/schema.org\",\"@graph\":[{\"@type\":\"BlogPosting\",\"@id\":\"https:\\\/\\\/www.skalnik.pl\\\/blog\\\/korona-gor-polski-klodzka-gora\\\/#blogposting\",\"name\":\"Korona G\\u00f3r Polski \\u2013 K\\u0142odzka G\\u00f3ra - blog Skalnik\",\"headline\":\"Korona G\\u00f3r Polski \\u2013 K\\u0142odzka G\\u00f3ra\",\"author\":{\"@id\":\"https:\\\/\\\/www.skalnik.pl\\\/blog\\\/author\\\/beata-nawrotkiewicz\\\/#author\"},\"publisher\":{\"@id\":\"https:\\\/\\\/www.skalnik.pl\\\/blog\\\/#organization\"},\"image\":{\"@type\":\"ImageObject\",\"url\":\"https:\\\/\\\/www.skalnik.pl\\\/blog\\\/wp-content\\\/uploads\\\/2020\\\/06\\\/drogowskaz-1.jpg\",\"width\":1920,\"height\":675},\"datePublished\":\"2020-07-15T00:05:00+02:00\",\"dateModified\":\"2021-07-05T14:39:20+02:00\",\"inLanguage\":\"pl-PL\",\"mainEntityOfPage\":{\"@id\":\"https:\\\/\\\/www.skalnik.pl\\\/blog\\\/korona-gor-polski-klodzka-gora\\\/#webpage\"},\"isPartOf\":{\"@id\":\"https:\\\/\\\/www.skalnik.pl\\\/blog\\\/korona-gor-polski-klodzka-gora\\\/#webpage\"},\"articleSection\":\"Pasja, g\\u00f3ry, korona g\\u00f3r polski, sudety\"},{\"@type\":\"BreadcrumbList\",\"@id\":\"https:\\\/\\\/www.skalnik.pl\\\/blog\\\/korona-gor-polski-klodzka-gora\\\/#breadcrumblist\",\"itemListElement\":[{\"@type\":\"ListItem\",\"@id\":\"https:\\\/\\\/www.skalnik.pl\\\/blog#listItem\",\"position\":1,\"name\":\"Home\",\"item\":\"https:\\\/\\\/www.skalnik.pl\\\/blog\",\"nextItem\":{\"@type\":\"ListItem\",\"@id\":\"https:\\\/\\\/www.skalnik.pl\\\/blog\\\/.\\\/pasja\\\/#listItem\",\"name\":\"Pasja\"}},{\"@type\":\"ListItem\",\"@id\":\"https:\\\/\\\/www.skalnik.pl\\\/blog\\\/.\\\/pasja\\\/#listItem\",\"position\":2,\"name\":\"Pasja\",\"item\":\"https:\\\/\\\/www.skalnik.pl\\\/blog\\\/.\\\/pasja\\\/\",\"nextItem\":{\"@type\":\"ListItem\",\"@id\":\"https:\\\/\\\/www.skalnik.pl\\\/blog\\\/korona-gor-polski-klodzka-gora\\\/#listItem\",\"name\":\"Korona G\\u00f3r Polski \\u2013 K\\u0142odzka G\\u00f3ra\"},\"previousItem\":{\"@type\":\"ListItem\",\"@id\":\"https:\\\/\\\/www.skalnik.pl\\\/blog#listItem\",\"name\":\"Home\"}},{\"@type\":\"ListItem\",\"@id\":\"https:\\\/\\\/www.skalnik.pl\\\/blog\\\/korona-gor-polski-klodzka-gora\\\/#listItem\",\"position\":3,\"name\":\"Korona G\\u00f3r Polski \\u2013 K\\u0142odzka G\\u00f3ra\",\"previousItem\":{\"@type\":\"ListItem\",\"@id\":\"https:\\\/\\\/www.skalnik.pl\\\/blog\\\/.\\\/pasja\\\/#listItem\",\"name\":\"Pasja\"}}]},{\"@type\":\"Organization\",\"@id\":\"https:\\\/\\\/www.skalnik.pl\\\/blog\\\/#organization\",\"name\":\"blog Skalnik\",\"description\":\"Blog, porady, artyku\\u0142y - blog Skalnik\",\"url\":\"https:\\\/\\\/www.skalnik.pl\\\/blog\\\/\"},{\"@type\":\"Person\",\"@id\":\"https:\\\/\\\/www.skalnik.pl\\\/blog\\\/author\\\/beata-nawrotkiewicz\\\/#author\",\"url\":\"https:\\\/\\\/www.skalnik.pl\\\/blog\\\/author\\\/beata-nawrotkiewicz\\\/\",\"name\":\"Beata Nawrotkiewicz\",\"image\":{\"@type\":\"ImageObject\",\"@id\":\"https:\\\/\\\/www.skalnik.pl\\\/blog\\\/korona-gor-polski-klodzka-gora\\\/#authorImage\",\"url\":\"https:\\\/\\\/secure.gravatar.com\\\/avatar\\\/53cf81cfcc3a81694535515925ffcf159be725e8bd1fb455eeb9e2cadcaa5684?s=96&d=mm&r=g\",\"width\":96,\"height\":96,\"caption\":\"Beata Nawrotkiewicz\"}},{\"@type\":\"WebPage\",\"@id\":\"https:\\\/\\\/www.skalnik.pl\\\/blog\\\/korona-gor-polski-klodzka-gora\\\/#webpage\",\"url\":\"https:\\\/\\\/www.skalnik.pl\\\/blog\\\/korona-gor-polski-klodzka-gora\\\/\",\"name\":\"Korona G\\u00f3r Polski \\u2013 K\\u0142odzka G\\u00f3ra - blog Skalnik\",\"description\":\"K\\u0142odzka G\\u00f3ra nale\\u017cy do Korony G\\u00f3r Polski, chocia\\u017c wcale nie jest najwy\\u017cszym szczytem G\\u00f3r Bardzkich. Najnowsze pomiary wskazuj\\u0105, \\u017ce w s\\u0105siedztwie jest wy\\u017csza g\\u00f3ra\",\"inLanguage\":\"pl-PL\",\"isPartOf\":{\"@id\":\"https:\\\/\\\/www.skalnik.pl\\\/blog\\\/#website\"},\"breadcrumb\":{\"@id\":\"https:\\\/\\\/www.skalnik.pl\\\/blog\\\/korona-gor-polski-klodzka-gora\\\/#breadcrumblist\"},\"author\":{\"@id\":\"https:\\\/\\\/www.skalnik.pl\\\/blog\\\/author\\\/beata-nawrotkiewicz\\\/#author\"},\"creator\":{\"@id\":\"https:\\\/\\\/www.skalnik.pl\\\/blog\\\/author\\\/beata-nawrotkiewicz\\\/#author\"},\"image\":{\"@type\":\"ImageObject\",\"url\":\"https:\\\/\\\/www.skalnik.pl\\\/blog\\\/wp-content\\\/uploads\\\/2020\\\/06\\\/drogowskaz-1.jpg\",\"@id\":\"https:\\\/\\\/www.skalnik.pl\\\/blog\\\/korona-gor-polski-klodzka-gora\\\/#mainImage\",\"width\":1920,\"height\":675},\"primaryImageOfPage\":{\"@id\":\"https:\\\/\\\/www.skalnik.pl\\\/blog\\\/korona-gor-polski-klodzka-gora\\\/#mainImage\"},\"datePublished\":\"2020-07-15T00:05:00+02:00\",\"dateModified\":\"2021-07-05T14:39:20+02:00\"},{\"@type\":\"WebSite\",\"@id\":\"https:\\\/\\\/www.skalnik.pl\\\/blog\\\/#website\",\"url\":\"https:\\\/\\\/www.skalnik.pl\\\/blog\\\/\",\"name\":\"blog Skalnik\",\"description\":\"Blog, porady, artyku\\u0142y - blog Skalnik\",\"inLanguage\":\"pl-PL\",\"publisher\":{\"@id\":\"https:\\\/\\\/www.skalnik.pl\\\/blog\\\/#organization\"}}]}\n\t\t<\/script>\n\t\t<!-- All in One SEO -->\n\n","aioseo_head_json":{"title":"Korona G\u00f3r Polski \u2013 K\u0142odzka G\u00f3ra - blog Skalnik","description":"K\u0142odzka G\u00f3ra nale\u017cy do Korony G\u00f3r Polski, chocia\u017c wcale nie jest najwy\u017cszym szczytem G\u00f3r Bardzkich. Najnowsze pomiary wskazuj\u0105, \u017ce w s\u0105siedztwie jest wy\u017csza g\u00f3ra","canonical_url":"https:\/\/www.skalnik.pl\/blog\/korona-gor-polski-klodzka-gora\/","robots":"max-image-preview:large","keywords":"","webmasterTools":{"miscellaneous":""},"schema":{"@context":"https:\/\/schema.org","@graph":[{"@type":"BlogPosting","@id":"https:\/\/www.skalnik.pl\/blog\/korona-gor-polski-klodzka-gora\/#blogposting","name":"Korona G\u00f3r Polski \u2013 K\u0142odzka G\u00f3ra - blog Skalnik","headline":"Korona G\u00f3r Polski \u2013 K\u0142odzka G\u00f3ra","author":{"@id":"https:\/\/www.skalnik.pl\/blog\/author\/beata-nawrotkiewicz\/#author"},"publisher":{"@id":"https:\/\/www.skalnik.pl\/blog\/#organization"},"image":{"@type":"ImageObject","url":"https:\/\/www.skalnik.pl\/blog\/wp-content\/uploads\/2020\/06\/drogowskaz-1.jpg","width":1920,"height":675},"datePublished":"2020-07-15T00:05:00+02:00","dateModified":"2021-07-05T14:39:20+02:00","inLanguage":"pl-PL","mainEntityOfPage":{"@id":"https:\/\/www.skalnik.pl\/blog\/korona-gor-polski-klodzka-gora\/#webpage"},"isPartOf":{"@id":"https:\/\/www.skalnik.pl\/blog\/korona-gor-polski-klodzka-gora\/#webpage"},"articleSection":"Pasja, g\u00f3ry, korona g\u00f3r polski, sudety"},{"@type":"BreadcrumbList","@id":"https:\/\/www.skalnik.pl\/blog\/korona-gor-polski-klodzka-gora\/#breadcrumblist","itemListElement":[{"@type":"ListItem","@id":"https:\/\/www.skalnik.pl\/blog#listItem","position":1,"name":"Home","item":"https:\/\/www.skalnik.pl\/blog","nextItem":{"@type":"ListItem","@id":"https:\/\/www.skalnik.pl\/blog\/.\/pasja\/#listItem","name":"Pasja"}},{"@type":"ListItem","@id":"https:\/\/www.skalnik.pl\/blog\/.\/pasja\/#listItem","position":2,"name":"Pasja","item":"https:\/\/www.skalnik.pl\/blog\/.\/pasja\/","nextItem":{"@type":"ListItem","@id":"https:\/\/www.skalnik.pl\/blog\/korona-gor-polski-klodzka-gora\/#listItem","name":"Korona G\u00f3r Polski \u2013 K\u0142odzka G\u00f3ra"},"previousItem":{"@type":"ListItem","@id":"https:\/\/www.skalnik.pl\/blog#listItem","name":"Home"}},{"@type":"ListItem","@id":"https:\/\/www.skalnik.pl\/blog\/korona-gor-polski-klodzka-gora\/#listItem","position":3,"name":"Korona G\u00f3r Polski \u2013 K\u0142odzka G\u00f3ra","previousItem":{"@type":"ListItem","@id":"https:\/\/www.skalnik.pl\/blog\/.\/pasja\/#listItem","name":"Pasja"}}]},{"@type":"Organization","@id":"https:\/\/www.skalnik.pl\/blog\/#organization","name":"blog Skalnik","description":"Blog, porady, artyku\u0142y - blog Skalnik","url":"https:\/\/www.skalnik.pl\/blog\/"},{"@type":"Person","@id":"https:\/\/www.skalnik.pl\/blog\/author\/beata-nawrotkiewicz\/#author","url":"https:\/\/www.skalnik.pl\/blog\/author\/beata-nawrotkiewicz\/","name":"Beata Nawrotkiewicz","image":{"@type":"ImageObject","@id":"https:\/\/www.skalnik.pl\/blog\/korona-gor-polski-klodzka-gora\/#authorImage","url":"https:\/\/secure.gravatar.com\/avatar\/53cf81cfcc3a81694535515925ffcf159be725e8bd1fb455eeb9e2cadcaa5684?s=96&d=mm&r=g","width":96,"height":96,"caption":"Beata Nawrotkiewicz"}},{"@type":"WebPage","@id":"https:\/\/www.skalnik.pl\/blog\/korona-gor-polski-klodzka-gora\/#webpage","url":"https:\/\/www.skalnik.pl\/blog\/korona-gor-polski-klodzka-gora\/","name":"Korona G\u00f3r Polski \u2013 K\u0142odzka G\u00f3ra - blog Skalnik","description":"K\u0142odzka G\u00f3ra nale\u017cy do Korony G\u00f3r Polski, chocia\u017c wcale nie jest najwy\u017cszym szczytem G\u00f3r Bardzkich. Najnowsze pomiary wskazuj\u0105, \u017ce w s\u0105siedztwie jest wy\u017csza g\u00f3ra","inLanguage":"pl-PL","isPartOf":{"@id":"https:\/\/www.skalnik.pl\/blog\/#website"},"breadcrumb":{"@id":"https:\/\/www.skalnik.pl\/blog\/korona-gor-polski-klodzka-gora\/#breadcrumblist"},"author":{"@id":"https:\/\/www.skalnik.pl\/blog\/author\/beata-nawrotkiewicz\/#author"},"creator":{"@id":"https:\/\/www.skalnik.pl\/blog\/author\/beata-nawrotkiewicz\/#author"},"image":{"@type":"ImageObject","url":"https:\/\/www.skalnik.pl\/blog\/wp-content\/uploads\/2020\/06\/drogowskaz-1.jpg","@id":"https:\/\/www.skalnik.pl\/blog\/korona-gor-polski-klodzka-gora\/#mainImage","width":1920,"height":675},"primaryImageOfPage":{"@id":"https:\/\/www.skalnik.pl\/blog\/korona-gor-polski-klodzka-gora\/#mainImage"},"datePublished":"2020-07-15T00:05:00+02:00","dateModified":"2021-07-05T14:39:20+02:00"},{"@type":"WebSite","@id":"https:\/\/www.skalnik.pl\/blog\/#website","url":"https:\/\/www.skalnik.pl\/blog\/","name":"blog Skalnik","description":"Blog, porady, artyku\u0142y - blog Skalnik","inLanguage":"pl-PL","publisher":{"@id":"https:\/\/www.skalnik.pl\/blog\/#organization"}}]},"og:locale":"pl_PL","og:site_name":"blog Skalnik - Blog, porady, artyku\u0142y - blog Skalnik","og:type":"article","og:title":"Korona G\u00f3r Polski \u2013 K\u0142odzka G\u00f3ra - blog Skalnik","og:description":"K\u0142odzka G\u00f3ra nale\u017cy do Korony G\u00f3r Polski, chocia\u017c wcale nie jest najwy\u017cszym szczytem G\u00f3r Bardzkich. Najnowsze pomiary wskazuj\u0105, \u017ce w s\u0105siedztwie jest wy\u017csza g\u00f3ra","og:url":"https:\/\/www.skalnik.pl\/blog\/korona-gor-polski-klodzka-gora\/","og:image":"https:\/\/skalnik.pl\/blog\/wp-content\/uploads\/2020\/06\/widok-1024x376.jpg","og:image:secure_url":"https:\/\/skalnik.pl\/blog\/wp-content\/uploads\/2020\/06\/widok-1024x376.jpg","article:tag":["pasja","g\u00f3ry","korona g\u00f3r polski","sudety"],"article:published_time":"2020-07-14T22:05:00+00:00","article:modified_time":"2021-07-05T12:39:20+00:00","twitter:card":"summary_large_image","twitter:title":"Korona G\u00f3r Polski \u2013 K\u0142odzka G\u00f3ra - blog Skalnik","twitter:description":"K\u0142odzka G\u00f3ra nale\u017cy do Korony G\u00f3r Polski, chocia\u017c wcale nie jest najwy\u017cszym szczytem G\u00f3r Bardzkich. Najnowsze pomiary wskazuj\u0105, \u017ce w s\u0105siedztwie jest wy\u017csza g\u00f3ra","twitter:image":"https:\/\/skalnik.pl\/blog\/wp-content\/uploads\/2020\/06\/widok-1024x376.jpg"},"aioseo_meta_data":{"post_id":"12847","title":null,"description":"K\u0142odzka G\u00f3ra nale\u017cy do Korony G\u00f3r Polski, chocia\u017c wcale nie jest najwy\u017cszym szczytem G\u00f3r Bardzkich. Najnowsze pomiary wskazuj\u0105, \u017ce w s\u0105siedztwie jest wy\u017csza g\u00f3ra","keywords":[{"label":"g\u00f3ry","value":"g\u00f3ry"},{"label":"korona g\u00f3r polski","value":"korona g\u00f3r polski"},{"label":"kgp","value":"kgp"},{"label":"sudety","value":"sudety"},{"label":"g\u00f3ry bardzkie","value":"g\u00f3ry bardzkie"}],"keyphrases":null,"primary_term":null,"canonical_url":"","og_title":null,"og_description":null,"og_object_type":"default","og_image_type":"default","og_image_url":null,"og_image_width":null,"og_image_height":null,"og_image_custom_url":null,"og_image_custom_fields":null,"og_video":null,"og_custom_url":null,"og_article_section":null,"og_article_tags":null,"twitter_use_og":false,"twitter_card":"default","twitter_image_type":"default","twitter_image_url":null,"twitter_image_custom_url":null,"twitter_image_custom_fields":null,"twitter_title":null,"twitter_description":null,"schema":{"blockGraphs":[],"customGraphs":[],"default":{"data":{"Article":[],"Course":[],"Dataset":[],"FAQPage":[],"Movie":[],"Person":[],"Product":[],"ProductReview":[],"Car":[],"Recipe":[],"Service":[],"SoftwareApplication":[],"WebPage":[]},"graphName":"BlogPosting","isEnabled":true},"graphs":[]},"schema_type":"default","schema_type_options":null,"pillar_content":false,"robots_default":true,"robots_noindex":false,"robots_noarchive":false,"robots_nosnippet":false,"robots_nofollow":false,"robots_noimageindex":false,"robots_noodp":false,"robots_notranslate":false,"robots_max_snippet":null,"robots_max_videopreview":null,"robots_max_imagepreview":"large","priority":null,"frequency":null,"local_seo":null,"breadcrumb_settings":null,"limit_modified_date":false,"ai":null,"created":"2022-08-26 10:04:47","updated":"2026-02-17 21:52:27","seo_analyzer_scan_date":null},"aioseo_breadcrumb":"<div class=\"aioseo-breadcrumbs\"><span class=\"aioseo-breadcrumb\">\n\t\t\t<a href=\"https:\/\/www.skalnik.pl\/blog\" title=\"Home\">Home<\/a>\n\t\t<\/span><span class=\"aioseo-breadcrumb-separator\">&raquo;<\/span><span class=\"aioseo-breadcrumb\">\n\t\t\t<a href=\"https:\/\/www.skalnik.pl\/blog\/.\/pasja\/\" title=\"Pasja\">Pasja<\/a>\n\t\t<\/span><span class=\"aioseo-breadcrumb-separator\">&raquo;<\/span><span class=\"aioseo-breadcrumb\">\n\t\t\tKorona G\u00f3r Polski \u2013 K\u0142odzka G\u00f3ra\n\t\t<\/span><\/div>","aioseo_breadcrumb_json":[{"label":"Home","link":"https:\/\/www.skalnik.pl\/blog"},{"label":"Pasja","link":"https:\/\/www.skalnik.pl\/blog\/.\/pasja\/"},{"label":"Korona G\u00f3r Polski \u2013 K\u0142odzka G\u00f3ra","link":"https:\/\/www.skalnik.pl\/blog\/korona-gor-polski-klodzka-gora\/"}],"_links":{"self":[{"href":"https:\/\/www.skalnik.pl\/blog\/wp-json\/wp\/v2\/posts\/12847","targetHints":{"allow":["GET"]}}],"collection":[{"href":"https:\/\/www.skalnik.pl\/blog\/wp-json\/wp\/v2\/posts"}],"about":[{"href":"https:\/\/www.skalnik.pl\/blog\/wp-json\/wp\/v2\/types\/post"}],"author":[{"embeddable":true,"href":"https:\/\/www.skalnik.pl\/blog\/wp-json\/wp\/v2\/users\/9"}],"replies":[{"embeddable":true,"href":"https:\/\/www.skalnik.pl\/blog\/wp-json\/wp\/v2\/comments?post=12847"}],"version-history":[{"count":14,"href":"https:\/\/www.skalnik.pl\/blog\/wp-json\/wp\/v2\/posts\/12847\/revisions"}],"predecessor-version":[{"id":17288,"href":"https:\/\/www.skalnik.pl\/blog\/wp-json\/wp\/v2\/posts\/12847\/revisions\/17288"}],"wp:featuredmedia":[{"embeddable":true,"href":"https:\/\/www.skalnik.pl\/blog\/wp-json\/wp\/v2\/media\/12866"}],"wp:attachment":[{"href":"https:\/\/www.skalnik.pl\/blog\/wp-json\/wp\/v2\/media?parent=12847"}],"wp:term":[{"taxonomy":"category","embeddable":true,"href":"https:\/\/www.skalnik.pl\/blog\/wp-json\/wp\/v2\/categories?post=12847"},{"taxonomy":"post_tag","embeddable":true,"href":"https:\/\/www.skalnik.pl\/blog\/wp-json\/wp\/v2\/tags?post=12847"},{"taxonomy":"magento_category","embeddable":true,"href":"https:\/\/www.skalnik.pl\/blog\/wp-json\/wp\/v2\/magento_category?post=12847"},{"taxonomy":"magento_product","embeddable":true,"href":"https:\/\/www.skalnik.pl\/blog\/wp-json\/wp\/v2\/magento_product?post=12847"}],"curies":[{"name":"wp","href":"https:\/\/api.w.org\/{rel}","templated":true}]}}