{"id":12891,"date":"2020-07-06T07:21:00","date_gmt":"2020-07-06T05:21:00","guid":{"rendered":"https:\/\/skalnik.pl\/blog\/?p=12891"},"modified":"2021-11-16T14:15:40","modified_gmt":"2021-11-16T13:15:40","slug":"korona-gor-polski-wysoka","status":"publish","type":"post","link":"https:\/\/www.skalnik.pl\/blog\/korona-gor-polski-wysoka\/","title":{"rendered":"Korona G\u00f3r Polski \u2013 Wysoka"},"content":{"rendered":"\n<p><strong>Poprzecinanym przez Dunajec malowniczym g\u00f3rskim pasmem rz\u0105dzi Wysoka dumnie wznosz\u0105ca si\u0119 na 1050 m n.p.m. Ten najwy\u017cszy szczyt Pienin zajmuje trzynaste miejsce pod wzgl\u0119dem wysoko\u015bci w Koronie G\u00f3r Polski. Jak wej\u015b\u0107 na Wysok\u0105?<\/strong><\/p>\n\n\n\n<p>Dla wielu turyst\u00f3w wybieraj\u0105cych si\u0119 w Pieniny g\u0142\u00f3wnym celem wyprawy jest wej\u015bcie na Trzy Korony. Faktycznie, widoki z tego szczytu s\u0105 osza\u0142amiaj\u0105ce. Trzy Korony to tak\u017ce najwybitniejsza g\u00f3ra Pienin.<\/p>\n\n\n\n<p>Najwy\u017cszym szczytem, nale\u017c\u0105cym do KGP, jest jednak Wysoka. Widoki z niej s\u0105 r\u00f3wnie\u017c wspania\u0142e, a turyst\u00f3w jest tam zazwyczaj mniej ni\u017c na Trzech Koronach. Przed najbli\u017csz\u0105 wypraw\u0105 w Pieniny, niezale\u017cnie od tego czy Twoim celem jest Korona G\u00f3r Polski czy te\u017c nie, wpisz wi\u0119c w wyszukiwark\u0119 has\u0142o \u201eWysoka Pieniny\u201d i posprawdzaj szlaki prowadz\u0105ce na ten szczyt. &nbsp;<\/p>\n\n\n\n<div class=\"wp-block-image\"><figure class=\"aligncenter size-large\"><img loading=\"lazy\" decoding=\"async\" width=\"1024\" height=\"768\" src=\"https:\/\/skalnik.pl\/blog\/wp-content\/uploads\/2020\/07\/Pieniny-szlak.jpg\" alt=\"Pieniny szlak\" class=\"wp-image-12907\" srcset=\"https:\/\/www.skalnik.pl\/blog\/wp-content\/uploads\/2020\/07\/Pieniny-szlak.jpg 1024w, https:\/\/www.skalnik.pl\/blog\/wp-content\/uploads\/2020\/07\/Pieniny-szlak-300x225.jpg 300w, https:\/\/www.skalnik.pl\/blog\/wp-content\/uploads\/2020\/07\/Pieniny-szlak-768x576.jpg 768w\" sizes=\"auto, (max-width: 1024px) 100vw, 1024px\" \/><figcaption><em>W drodze na Wysok\u0105 (fot. Katarzyna Butkiewicz)<\/em><\/figcaption><\/figure><\/div>\n\n\n\n<div id=\"ez-toc-container\" class=\"ez-toc-v2_0_85 counter-hierarchy ez-toc-counter ez-toc-light-blue ez-toc-container-direction\">\n<div class=\"ez-toc-title-container\">\n<p class=\"ez-toc-title\" style=\"cursor:inherit\">SPIS TRE\u015aCI <\/p>\n<span class=\"ez-toc-title-toggle\"><a href=\"#\" class=\"ez-toc-pull-right ez-toc-btn ez-toc-btn-xs ez-toc-btn-default ez-toc-toggle\" aria-label=\"Prze\u0142\u0105cznik Spisu Tre\u015bci\"><span class=\"ez-toc-js-icon-con\"><span class=\"\"><span class=\"eztoc-hide\" style=\"display:none;\">Toggle<\/span><span class=\"ez-toc-icon-toggle-span\"><svg style=\"fill: #999;color:#999\" xmlns=\"http:\/\/www.w3.org\/2000\/svg\" class=\"list-377408\" width=\"20px\" height=\"20px\" viewBox=\"0 0 24 24\" fill=\"none\"><path d=\"M6 6H4v2h2V6zm14 0H8v2h12V6zM4 11h2v2H4v-2zm16 0H8v2h12v-2zM4 16h2v2H4v-2zm16 0H8v2h12v-2z\" fill=\"currentColor\"><\/path><\/svg><svg style=\"fill: #999;color:#999\" class=\"arrow-unsorted-368013\" xmlns=\"http:\/\/www.w3.org\/2000\/svg\" width=\"10px\" height=\"10px\" viewBox=\"0 0 24 24\" version=\"1.2\" baseProfile=\"tiny\"><path d=\"M18.2 9.3l-6.2-6.3-6.2 6.3c-.2.2-.3.4-.3.7s.1.5.3.7c.2.2.4.3.7.3h11c.3 0 .5-.1.7-.3.2-.2.3-.5.3-.7s-.1-.5-.3-.7zM5.8 14.7l6.2 6.3 6.2-6.3c.2-.2.3-.5.3-.7s-.1-.5-.3-.7c-.2-.2-.4-.3-.7-.3h-11c-.3 0-.5.1-.7.3-.2.2-.3.5-.3.7s.1.5.3.7z\"\/><\/svg><\/span><\/span><\/span><\/a><\/span><\/div>\n<nav><ul class='ez-toc-list ez-toc-list-level-1 ' ><li class='ez-toc-page-1 ez-toc-heading-level-2'><a class=\"ez-toc-link ez-toc-heading-1\" href=\"https:\/\/www.skalnik.pl\/blog\/korona-gor-polski-wysoka\/#Pieniny_%E2%80%93_osobliwe_pasmo_Karpat\" >Pieniny \u2013 osobliwe pasmo Karpat<\/a><\/li><li class='ez-toc-page-1 ez-toc-heading-level-2'><a class=\"ez-toc-link ez-toc-heading-2\" href=\"https:\/\/www.skalnik.pl\/blog\/korona-gor-polski-wysoka\/#Wysoka_Pieniny_%E2%80%93_gdzie_nocowac_i_jak_sie_przygotowac_do_trasy\" >Wysoka Pieniny \u2013 gdzie nocowa\u0107 i jak si\u0119 przygotowa\u0107 do trasy?<\/a><\/li><li class='ez-toc-page-1 ez-toc-heading-level-2'><a class=\"ez-toc-link ez-toc-heading-3\" href=\"https:\/\/www.skalnik.pl\/blog\/korona-gor-polski-wysoka\/#Szlaki_na_Wysoka\" >Szlaki na Wysok\u0105<\/a><ul class='ez-toc-list-level-3' ><li class='ez-toc-heading-level-3'><a class=\"ez-toc-link ez-toc-heading-4\" href=\"https:\/\/www.skalnik.pl\/blog\/korona-gor-polski-wysoka\/#Wysoka_przez_Rezerwat_Wawoz_Homole\" >Wysoka przez Rezerwat W\u0105w\u00f3z Homole<\/a><\/li><li class='ez-toc-page-1 ez-toc-heading-level-3'><a class=\"ez-toc-link ez-toc-heading-5\" href=\"https:\/\/www.skalnik.pl\/blog\/korona-gor-polski-wysoka\/#Wysoka_z_Przeleczy_Obidza\" >Wysoka z Prze\u0142\u0119czy Obidza<\/a><\/li><li class='ez-toc-page-1 ez-toc-heading-level-3'><a class=\"ez-toc-link ez-toc-heading-6\" href=\"https:\/\/www.skalnik.pl\/blog\/korona-gor-polski-wysoka\/#Wysoka_przez_Rezerwat_Biala_Woda\" >Wysoka przez Rezerwat Bia\u0142a Woda<\/a><\/li><li class='ez-toc-page-1 ez-toc-heading-level-3'><a class=\"ez-toc-link ez-toc-heading-7\" href=\"https:\/\/www.skalnik.pl\/blog\/korona-gor-polski-wysoka\/#Wysoka_przez_Palenice_i_schronisko_pod_Durbaszka\" >Wysoka przez Palenic\u0119 i schronisko pod Durbaszk\u0105<\/a><\/li><\/ul><\/li><li class='ez-toc-page-1 ez-toc-heading-level-2'><a class=\"ez-toc-link ez-toc-heading-8\" href=\"https:\/\/www.skalnik.pl\/blog\/korona-gor-polski-wysoka\/#Wysoka_%E2%80%93_najwyzszy_szczyt_Pienin\" >Wysoka \u2013 najwy\u017cszy szczyt Pienin<\/a><\/li><li class='ez-toc-page-1 ez-toc-heading-level-2'><a class=\"ez-toc-link ez-toc-heading-9\" href=\"https:\/\/www.skalnik.pl\/blog\/korona-gor-polski-wysoka\/#Wysoka_Pieniny_%E2%80%93_ciekawostki\" >Wysoka Pieniny \u2013 ciekawostki:<\/a><\/li><\/ul><\/nav><\/div>\n<h2 class=\"wp-block-heading\"><span class=\"ez-toc-section\" id=\"Pieniny_%E2%80%93_osobliwe_pasmo_Karpat\"><\/span>Pieniny \u2013 osobliwe pasmo Karpat<span class=\"ez-toc-section-end\"><\/span><\/h2>\n\n\n\n<p>Karpaty rozci\u0105gaj\u0105 si\u0119 w Polsce na przestrzeni 19,6 tys. km\u00b2. Ma\u0142\u0105, ale bardzo osobliw\u0105 cz\u0119\u015b\u0107 tego obszaru, zajmuje pasmo Pienin. Wyja\u015bnienie ich dok\u0142adnej genezy do dzi\u015b nastr\u0119cza naukowcom wiele trudno\u015bci. Obecnie uwa\u017ca si\u0119, \u017ce ska\u0142y buduj\u0105ce Pieniny powstawa\u0142y na dnie m\u00f3rz w trakcie kilku epok. Kolejne fale ruch\u00f3w g\u00f3rotw\u00f3rczych spowodowa\u0142y rozwini\u0119cie si\u0119 bardzo skomplikowanej struktury tektonicznej Pieni\u0144skiego Pasa Ska\u0142kowego, kt\u00f3rego najwy\u017csz\u0105 cz\u0119\u015bci\u0105 s\u0105 w\u0142a\u015bnie Pieniny le\u017c\u0105ce na terenie Polski oraz S\u0142owacji.<\/p>\n\n\n\n<p>O malowniczo\u015bci tych teren\u00f3w decyduj\u0105 nie tylko same szczyty o interesuj\u0105cej rze\u017abie, lecz tak\u017ce wij\u0105ca si\u0119 przez g\u00f3ry rzeka Dunajec. Woda rozdziela Pieniny na trzy cz\u0119\u015bci:<\/p>\n\n\n\n<p>&#8211; <strong>Pieniny Spiskie<\/strong> \u2013 mieszcz\u0105 si\u0119 mi\u0119dzy dolin\u0105 Bia\u0142ki a prze\u0142omem Dunajca pod Niedzic\u0105<\/p>\n\n\n\n<p>&#8211;<strong> Pieniny \u015arodkowe (W\u0142a\u015bciwe)<\/strong> \u2013 rozci\u0105gaj\u0105 si\u0119 od Niedzicy do Prze\u0142omu Dunajca mi\u0119dzy Sromowcami Ni\u017cnymi a Szczawnic\u0105. W tej cz\u0119\u015bci Pienin turyst\u00f3w przyci\u0105gaj\u0105 przede wszystkim Trzy Korony oraz Sokolica ze s\u0142ynnymi reliktowymi sosnami. To tutaj le\u017cy Pieni\u0144ski Park Narodowy utworzony ju\u017c w 1932 r. Jest to najstarszy park narodowy w Polsce.<\/p>\n\n\n\n<p>&#8211; <strong>Ma\u0142e Pieniny<\/strong> \u2013 mimo niepozornej nazwy to w\u0142a\u015bnie tutaj znajduje si\u0119 najwy\u017cszy szczyt Pienin nale\u017c\u0105cy do KGP, czyli Wysoka.<\/p>\n\n\n\n<p>Pieniny s\u0105 terenem bardzo interesuj\u0105cym dla mi\u0142o\u015bnik\u00f3w przyrody. Ze wzgl\u0119du na wapienne pod\u0142o\u017ce, brak pokrycia lodem w czasie trzeciorz\u0119du oraz strome stoki uniemo\u017cliwiaj\u0105ce rozrastanie si\u0119 las\u00f3w, w Pieninach przetrwa\u0142o wiele relikt\u00f3w flory trzeciorz\u0119dowej. Nale\u017c\u0105 do nich m.in. chryzantema Zawadzkiego, ja\u0142owiec Sawina czy d\u0119bik o\u015bmiop\u0142atkowy.<\/p>\n\n\n\n<div class=\"wp-block-image\"><figure class=\"aligncenter size-large\"><img loading=\"lazy\" decoding=\"async\" width=\"1024\" height=\"768\" src=\"https:\/\/skalnik.pl\/blog\/wp-content\/uploads\/2020\/07\/Ro\u015bliny-Pieniny.jpg\" alt=\"Kwiaty na Wysokiej w Pieninach\" class=\"wp-image-12906\" srcset=\"https:\/\/www.skalnik.pl\/blog\/wp-content\/uploads\/2020\/07\/Ro\u015bliny-Pieniny.jpg 1024w, https:\/\/www.skalnik.pl\/blog\/wp-content\/uploads\/2020\/07\/Ro\u015bliny-Pieniny-300x225.jpg 300w, https:\/\/www.skalnik.pl\/blog\/wp-content\/uploads\/2020\/07\/Ro\u015bliny-Pieniny-768x576.jpg 768w\" sizes=\"auto, (max-width: 1024px) 100vw, 1024px\" \/><figcaption><em>Pieniny s\u0105 interesuj\u0105cym obszarem tak\u017ce pod wzgl\u0119dem fauny i flory (fot. Katarzyna Butkiewicz)<\/em><\/figcaption><\/figure><\/div>\n\n\n\n<p>Pieniny s\u0105 tak\u017ce domem dla wielu gatunk\u00f3w zwierz\u0105t. Na g\u00f3rskich szlakach stosunkowo \u0142atwo spotka\u0107 pi\u0119knie ubarwione salamandry plamiste, a w s\u0142oneczne dni na kamieniach wygrzewaj\u0105 si\u0119 padalce zwyczajne, rzadkie w Polsce gniewosze plamiste oraz \u017cmije zygzakowate.<\/p>\n\n\n\n<div class=\"wp-block-image\"><figure class=\"aligncenter size-large\"><img loading=\"lazy\" decoding=\"async\" width=\"1024\" height=\"768\" src=\"https:\/\/skalnik.pl\/blog\/wp-content\/uploads\/2020\/07\/Salamandra-plamista.jpg\" alt=\"Salamandra plamista\" class=\"wp-image-12896\" srcset=\"https:\/\/www.skalnik.pl\/blog\/wp-content\/uploads\/2020\/07\/Salamandra-plamista.jpg 1024w, https:\/\/www.skalnik.pl\/blog\/wp-content\/uploads\/2020\/07\/Salamandra-plamista-300x225.jpg 300w, https:\/\/www.skalnik.pl\/blog\/wp-content\/uploads\/2020\/07\/Salamandra-plamista-768x576.jpg 768w\" sizes=\"auto, (max-width: 1024px) 100vw, 1024px\" \/><figcaption><em>Salamandra plamista napotkana wieczorem na szlaku (fot. Mateusz Ha\u0142upka)<\/em><\/figcaption><\/figure><\/div>\n\n\n\n<h2 class=\"wp-block-heading\"><span class=\"ez-toc-section\" id=\"Wysoka_Pieniny_%E2%80%93_gdzie_nocowac_i_jak_sie_przygotowac_do_trasy\"><\/span>Wysoka Pieniny \u2013 gdzie nocowa\u0107 i jak si\u0119 przygotowa\u0107 do trasy?<span class=\"ez-toc-section-end\"><\/span><\/h2>\n\n\n\n<p>Niezale\u017cnie od tego, czy Twoim celem jest Korona G\u00f3r Polski i ruszasz tylko na Wysok\u0105 czy te\u017c zamierzasz pochodzi\u0107 kilka dni po Pieninach, najlepsz\u0105 baz\u0105 wypadow\u0105 w te g\u00f3ry po polskiej stronie jest Szczawnica. Z tej uzdrowiskowej miejscowo\u015bci b\u0119dziesz mie\u0107 blisko na wi\u0119kszo\u015b\u0107 pieni\u0144skich szlak\u00f3w. W Szczawnicy do\u015b\u0107 \u0142atwo mo\u017cna tak\u017ce znale\u017a\u0107 miejsce do zaparkowania samochodu, chocia\u017c oczywi\u015bcie wi\u0119kszo\u015b\u0107 du\u017cych parking\u00f3w jest p\u0142atna.<\/p>\n\n\n\n<p>Pieniny maj\u0105 klimat korzystniejszy od wielu innych pasm g\u00f3rskich. Wiosny s\u0105 raczej suche, a latem wi\u0119kszo\u015b\u0107 dni jest bardzo s\u0142onecznych. Do\u015b\u0107 cz\u0119sto pogoda bywa wr\u0119cz za dobra. Zw\u0142aszcza w niezadrzewionych miejscach upa\u0142 mo\u017ce si\u0119 da\u0107 mocno we znaki. Warto wi\u0119c wzi\u0105\u0107 ze sob\u0105 krem z filtrem oraz nakrycie g\u0142owy. \u015awietnie sprawdzi si\u0119 kapelusz czy wszechstronna<a href=\"https:\/\/skalnik.pl\/odziez\/akcesoria\/akcesoria-chusty\" target=\"_blank\" rel=\"noreferrer noopener\" aria-label=\" chusta buff (otwiera si\u0119 na nowej zak\u0142adce)\"> chusta buff<\/a>. Obowi\u0105zkowy jest oczywi\u015bcie tak\u017ce odpowiednio du\u017cy zapas wody.<\/p>\n\n\n\n<div class=\"wp-block-image\"><figure class=\"aligncenter size-large\"><img loading=\"lazy\" decoding=\"async\" width=\"1024\" height=\"768\" src=\"https:\/\/skalnik.pl\/blog\/wp-content\/uploads\/2020\/07\/Pieniny-dobra-pogoda.jpg\" alt=\"Pieniny - osobliwe pasmo Karpat\" class=\"wp-image-12909\" srcset=\"https:\/\/www.skalnik.pl\/blog\/wp-content\/uploads\/2020\/07\/Pieniny-dobra-pogoda.jpg 1024w, https:\/\/www.skalnik.pl\/blog\/wp-content\/uploads\/2020\/07\/Pieniny-dobra-pogoda-300x225.jpg 300w, https:\/\/www.skalnik.pl\/blog\/wp-content\/uploads\/2020\/07\/Pieniny-dobra-pogoda-768x576.jpg 768w\" sizes=\"auto, (max-width: 1024px) 100vw, 1024px\" \/><figcaption><em>Bezchmurne niebo to cz\u0119sty widok w Pieninach (fot. Katarzyna Butkiewicz)<\/em><\/figcaption><\/figure><\/div>\n\n\n\n<p>Pieniny to nie tylko wygodne, trawiaste szlaki, lecz tak\u017ce strome ska\u0142ki, kt\u00f3re bywaj\u0105 zdradziecko \u015bliskie. Skalistym fragmentem ko\u0144czy si\u0119 cho\u0107by trasa wiod\u0105ca na najwy\u017cszy szczyt Pienin. Turystom w\u0119druj\u0105cym po tych g\u00f3rach przydadz\u0105 si\u0119 wi\u0119c wygodne buty trekkingowe z przyczepn\u0105 podeszw\u0105.<\/p>\n\n\n\n<p>W Pieninach do\u015b\u0107 \u0142atwo spotka\u0107 \u017cmije zygzakowate. W s\u0142oneczne dni lubi\u0105 one wygrzewa\u0107 si\u0119 na kamieniach, tak\u017ce blisko szlaku. Warto wi\u0119c uwa\u017cnie patrze\u0107 pod nogi. \u017bmija jest do\u015b\u0107 p\u0142ochliwym zwierz\u0119ciem, kt\u00f3re cz\u0142owieka atakuje wy\u0142\u0105cznie w obronie w\u0142asnej. Je\u015bli na swojej trasie dostrze\u017cesz \u017cmij\u0119, nie panikuj, tylko spokojnie omi\u0144 j\u0105 w odpowiedniej odleg\u0142o\u015bci.<\/p>\n\n\n\n<p>Pomoc\u0105 turystom w Pieninach po polskiej stronie s\u0142u\u017cy Podhala\u0144ska Grupa GOPR. Ratownik\u00f3w mo\u017cna wezwa\u0107, dzwoni\u0105c na jeden z poni\u017cszych numer\u00f3w:<\/p>\n\n\n\n<figure class=\"wp-block-image size-large\"><img loading=\"lazy\" decoding=\"async\" width=\"1024\" height=\"350\" src=\"https:\/\/skalnik.pl\/blog\/wp-content\/uploads\/2020\/07\/gopr-hzs.jpg\" alt=\"telefony alarmowe w g\u00f3rach w polsce i na s\u0142owacji\" class=\"wp-image-12929\" srcset=\"https:\/\/www.skalnik.pl\/blog\/wp-content\/uploads\/2020\/07\/gopr-hzs.jpg 1024w, https:\/\/www.skalnik.pl\/blog\/wp-content\/uploads\/2020\/07\/gopr-hzs-300x103.jpg 300w, https:\/\/www.skalnik.pl\/blog\/wp-content\/uploads\/2020\/07\/gopr-hzs-768x263.jpg 768w\" sizes=\"auto, (max-width: 1024px) 100vw, 1024px\" \/><\/figure>\n\n\n\n<p>Pami\u0119taj, \u017ce u naszych po\u0142udniowych s\u0105siad\u00f3w akcje ratownik\u00f3w g\u00f3rskich s\u0105 p\u0142atne. Je\u015bli wi\u0119c planujesz w\u0119drowa\u0107 po s\u0142owackich szlakach, przed wyjazdem lepiej zakup odpowiednie ubezpieczenie turystyczne.<\/p>\n\n\n\n<p>W zaplanowaniu dok\u0142adnej trasy wycieczki pomo\u017ce Ci serwis Mapa turystyczna. Na szlaku przyda si\u0119 te\u017c oczywi\u015bcie papierowa <a href=\"https:\/\/skalnik.pl\/sprzet-turystyczny\/ksiegarnia\/ksiegarnia-mapy\" target=\"_blank\" rel=\"noreferrer noopener\" aria-label=\"mapa (otwiera si\u0119 na nowej zak\u0142adce)\">mapa<\/a> tego pasma Karpat. Dost\u0119pne mapy szybko znajdziesz, wpisuj\u0105c w wyszukiwarce has\u0142o \u201ePieniny mapa\u201d. Dobrym wyborem jest \u0142atwa do z\u0142o\u017cenia mapa turystyczna laminowana.<\/p>\n\n\n\n<h2 class=\"wp-block-heading\"><span class=\"ez-toc-section\" id=\"Szlaki_na_Wysoka\"><\/span>Szlaki na Wysok\u0105<span class=\"ez-toc-section-end\"><\/span><\/h2>\n\n\n\n<p>Na najwy\u017cszy szczyt Pienin prowadzi kilka r\u00f3\u017cnorodnych szlak\u00f3w. Zasady zdobywania Korony G\u00f3r Polski nie reguluj\u0105, kt\u00f3r\u0105 konkretnie tras\u0105 nale\u017cy dotrze\u0107 na g\u00f3r\u0119. Mo\u017cesz wi\u0119c wybra\u0107 si\u0119 na kr\u00f3tki i malowniczy spacer przez W\u0105w\u00f3z Homole lub wybra\u0107 d\u0142u\u017csz\u0105 tras\u0119 wiod\u0105c\u0105 grzbietem Ma\u0142ych Pienin. Wyb\u00f3r nale\u017cy do Ciebie. Niezale\u017cnie od tego, na co si\u0119 zdecydujesz, jedno jest pewne: pi\u0119kne widoki masz gwarantowane.<\/p>\n\n\n\n<p>Poni\u017cej opisuj\u0119 szlaki wiod\u0105ce po polskiej stronie Pienin. Na Wysok\u0105 mo\u017cesz jednak ruszy\u0107 tak\u017ce ze S\u0142owacji, startuj\u0105c na przyk\u0142ad ze Sromowc\u00f3w Ni\u017cnych.<\/p>\n\n\n\n<div class=\"wp-block-image\"><figure class=\"aligncenter size-large\"><img loading=\"lazy\" decoding=\"async\" width=\"1024\" height=\"768\" src=\"https:\/\/skalnik.pl\/blog\/wp-content\/uploads\/2020\/07\/Szlaki-na-Wysok\u0105.jpg\" alt=\"Szlaki na Wysok\u0105\" class=\"wp-image-12913\" srcset=\"https:\/\/www.skalnik.pl\/blog\/wp-content\/uploads\/2020\/07\/Szlaki-na-Wysok\u0105.jpg 1024w, https:\/\/www.skalnik.pl\/blog\/wp-content\/uploads\/2020\/07\/Szlaki-na-Wysok\u0105-300x225.jpg 300w, https:\/\/www.skalnik.pl\/blog\/wp-content\/uploads\/2020\/07\/Szlaki-na-Wysok\u0105-768x576.jpg 768w\" sizes=\"auto, (max-width: 1024px) 100vw, 1024px\" \/><figcaption><em>Na Wysok\u0105 prowadzi wiele r\u00f3\u017cnorodnych szlak\u00f3w (fot. Katarzyna Butkiewicz)<\/em><\/figcaption><\/figure><\/div>\n\n\n\n<h3 class=\"wp-block-heading\"><span class=\"ez-toc-section\" id=\"Wysoka_przez_Rezerwat_Wawoz_Homole\"><\/span>Wysoka przez Rezerwat W\u0105w\u00f3z Homole<span class=\"ez-toc-section-end\"><\/span><\/h3>\n\n\n\n<p>Czas: 1:55 h<br>Dystans: 4 km<\/p>\n\n\n\n<p>Na pocz\u0105tek przedstawi\u0119 bardzo malowniczy szlak cz\u0119sto wybierany przez rodziny z dzie\u0107mi. Trasa zaczyna si\u0119 w Jaworkach, gdzie mo\u017cesz dotrze\u0107 ze Szczawnicy regularnie kursuj\u0105cymi busikami. Droga wiedzie Ci\u0119 zielonym szlakiem przez Rezerwat W\u0105w\u00f3z Homole. W\u0105skim dnem kotliny p\u0142ynie potok Kamionka. Co pewien czas napotkasz niezwyk\u0142e kaskady, a ma\u0142ymi mostkami przejdziesz na drug\u0105 stron\u0119 w\u0105wozu. Jego kolorowe \u015bciany si\u0119gaj\u0105 nawet 120 metr\u00f3w.<\/p>\n\n\n\n<p>Przy zielonym szlaku mie\u015bci si\u0119 tak\u017ce studencka baza namiotowa \u201ePod Wysok\u0105\u201d czynna w okresie wakacyjnym.<\/p>\n\n\n\n<p>Po przej\u015bciu rumowiska ujrzysz pi\u0119kn\u0105 panoram\u0119 na najwy\u017cszy szczyt Pienin. Od tego momentu zaczniesz w\u0142a\u015bciw\u0105 wspinaczk\u0119 na Wysok\u0105. Pod\u0105\u017caj zielonym szlakiem, a\u017c dotrzesz do skrzy\u017cowania z niebieskim, kt\u00f3ry doprowadzi Ci\u0119 na szczyt.<\/p>\n\n\n\n<h3 class=\"wp-block-heading\"><span class=\"ez-toc-section\" id=\"Wysoka_z_Przeleczy_Obidza\"><\/span>Wysoka z Prze\u0142\u0119czy Obidza<span class=\"ez-toc-section-end\"><\/span><\/h3>\n\n\n\n<p>Czas: 3:08 h<br>Dystans: 9,3 km<\/p>\n\n\n\n<p>Na Wysok\u0105 mo\u017cna dotrze\u0107 tak\u017ce niebieskim szlakiem ze wschodu, startuj\u0105c z Prze\u0142\u0119czy Obidza. Tu\u017c pod prze\u0142\u0119cz\u0105 znajduje si\u0119 prywatna Bac\u00f3wka na Obidzy, do kt\u00f3rej prowadzi asfaltowa droga biegn\u0105ca z Piwnicznej-Zdroju. Obidza le\u017cy jeszcze w Beskidzie S\u0105deckim. Wygodny, trawiasty szlak prowadzi Ci\u0119 w stron\u0119 Pienin granic\u0105 polsko-s\u0142owack\u0105.<\/p>\n\n\n\n<p>Mniej wi\u0119cej po godzinie dotrzesz do Prze\u0142\u0119czy Rozdziela, kt\u00f3ra oddziela Pieniny od Beskidu S\u0105deckiego. To dobre miejsce na przerw\u0119. Z prze\u0142\u0119czy rozci\u0105ga si\u0119 bowiem wspania\u0142y widok na g\u00f3rskie pasma wok\u00f3\u0142.<\/p>\n\n\n\n<div class=\"wp-block-image\"><figure class=\"aligncenter size-large\"><img loading=\"lazy\" decoding=\"async\" width=\"1024\" height=\"768\" src=\"https:\/\/skalnik.pl\/blog\/wp-content\/uploads\/2020\/07\/Prze\u0142\u0119cz-Rozdziela.jpg\" alt=\"Prze\u0142\u0119cz Rozdziela\" class=\"wp-image-12908\" srcset=\"https:\/\/www.skalnik.pl\/blog\/wp-content\/uploads\/2020\/07\/Prze\u0142\u0119cz-Rozdziela.jpg 1024w, https:\/\/www.skalnik.pl\/blog\/wp-content\/uploads\/2020\/07\/Prze\u0142\u0119cz-Rozdziela-300x225.jpg 300w, https:\/\/www.skalnik.pl\/blog\/wp-content\/uploads\/2020\/07\/Prze\u0142\u0119cz-Rozdziela-768x576.jpg 768w\" sizes=\"auto, (max-width: 1024px) 100vw, 1024px\" \/><figcaption><em>Widoki z prze\u0142\u0119czy (fot. Katarzyna Butkiewicz)<\/em><\/figcaption><\/figure><\/div>\n\n\n\n<p>Za prze\u0142\u0119cz\u0105 szlak dalej wiedzie granic\u0105. Uwa\u017caj, niekt\u00f3re fragmenty mog\u0105 by\u0107 b\u0142otniste i \u015bliskie. Niebieski szlak doprowadzi Ci\u0119 prosto na Wysok\u0105.<\/p>\n\n\n\n<h3 class=\"wp-block-heading\"><span class=\"ez-toc-section\" id=\"Wysoka_przez_Rezerwat_Biala_Woda\"><\/span>Wysoka przez Rezerwat Bia\u0142a Woda<span class=\"ez-toc-section-end\"><\/span><\/h3>\n\n\n\n<p>Czas: 3:48 h<br>Dystans: 10,2 km<\/p>\n\n\n\n<p>Ta trasa, podobnie jak pierwsza, zaczyna si\u0119 w Jaworkach. Nie wybieraj jednak zielonego szlaku, lecz \u017c\u00f3\u0142ty, biegn\u0105cy pocz\u0105tkowo razem z czerwonym. Po nied\u0142ugim czasie wejdziesz do Rezerwatu Bia\u0142a Woda. Rezerwat sk\u0142ada si\u0119 z czterech oddzielnych fragment\u00f3w le\u017c\u0105cych w dolinie potoku Bia\u0142a Woda oraz jego dop\u0142ywu Bryszta\u0144skiego Potoku. Po drodze napotkasz pi\u0119kne ska\u0142y wapienne, turnie oraz kaskady.<\/p>\n\n\n\n<p>\u017b\u00f3\u0142ty szlak doprowadzi Ci\u0119 na Prze\u0142\u0119cz Rozdziela, sk\u0105d nale\u017cy pod\u0105\u017ca\u0107 dalej na Wysok\u0105 tras\u0105 oznaczon\u0105 niebieskim kolorem.<\/p>\n\n\n\n<div class=\"wp-block-image\"><figure class=\"aligncenter size-large\"><img loading=\"lazy\" decoding=\"async\" width=\"909\" height=\"607\" src=\"https:\/\/skalnik.pl\/blog\/wp-content\/uploads\/2020\/07\/rezerwat-bia\u0142a-woda.jpg\" alt=\"\" class=\"wp-image-12922\" srcset=\"https:\/\/www.skalnik.pl\/blog\/wp-content\/uploads\/2020\/07\/rezerwat-bia\u0142a-woda.jpg 909w, https:\/\/www.skalnik.pl\/blog\/wp-content\/uploads\/2020\/07\/rezerwat-bia\u0142a-woda-300x200.jpg 300w, https:\/\/www.skalnik.pl\/blog\/wp-content\/uploads\/2020\/07\/rezerwat-bia\u0142a-woda-768x513.jpg 768w\" sizes=\"auto, (max-width: 909px) 100vw, 909px\" \/><figcaption><em>Szlak przez Rezerwat Bia\u0142a Woda<\/em><\/figcaption><\/figure><\/div>\n\n\n\n<h3 class=\"wp-block-heading\"><span class=\"ez-toc-section\" id=\"Wysoka_przez_Palenice_i_schronisko_pod_Durbaszka\"><\/span>Wysoka przez Palenic\u0119 i schronisko pod Durbaszk\u0105<span class=\"ez-toc-section-end\"><\/span><\/h3>\n\n\n\n<p>Czas: 3:47 h<br>Dystans: 9,5 km<\/p>\n\n\n\n<p>Poni\u017cszy szlak nie wiedzie przez rezerwat (nie licz\u0105c Rezerwatu Wysokie Ska\u0142ki rozci\u0105gaj\u0105cego si\u0119 wok\u00f3\u0142 samego pieni\u0144skiego szczytu nale\u017c\u0105cego do KGP). Jest jednak bardzo atrakcyjny z innego wzgl\u0119du. Po wymagaj\u0105cej, ale do\u015b\u0107 kr\u00f3tkiej wspinaczce na grzbiet Ma\u0142ych Pienin, czeka Ci\u0119 bowiem nagroda w postaci wspania\u0142ych widok\u00f3w na Tatry.<\/p>\n\n\n\n<div style=\"max-width: 1024px; overflow: hidden; margin: 0 auto; min-width: 300px;\"><iframe style=\"width: 100%; border: 0;\" src=\"https:\/\/mapa-turystyczna.pl\/map\/widget\/route\/h1l0p1\/sp71.html\" height=\"680\" frameborder=\"0\"><\/iframe><a style=\"color: #999; padding: 7px 0; font-size: 13px; font-family: Roboto,Arial,sans-serif; display: inline-block;\" href=\"https:\/\/mapa-turystyczna.pl\/route\/sp71?utm_source=external_web&amp;utm_medium=widget&amp;utm_campaign=route_widget\" target=\"_blank\" rel=\"noopener noreferrer\">Trasa: Szczawnica \u2013 Wysoka | mapa-turystyczna.pl<\/a><\/div>\n\n\n\n<p>W\u0119dr\u00f3wk\u0119 mo\u017cesz rozpocz\u0105\u0107 w samej Szczawnicy. \u017b\u00f3\u0142ty szlak przebiega tu\u017c obok g\u0142\u00f3wnych atrakcji miejscowo\u015bci, m.in. Muzeum Uzdrowiska Szczawnica, Pijalni W\u00f3d Mineralnych, popiersia J\u00f3zefa Szalaya (uznawanego za tw\u00f3rc\u0119 uzdrowiska) czy ko\u015bcio\u0142a \u015bw. Wojciecha. Po przej\u015bciu mostkiem przez malowniczy potok Grajcarek czas rozpocz\u0105\u0107 wspinaczk\u0119.<\/p>\n\n\n\n<div class=\"wp-block-image\"><figure class=\"aligncenter size-large\"><img loading=\"lazy\" decoding=\"async\" width=\"1024\" height=\"768\" src=\"https:\/\/skalnik.pl\/blog\/wp-content\/uploads\/2020\/07\/Szczawnica.jpg\" alt=\"Szczawnica\" class=\"wp-image-12905\" srcset=\"https:\/\/www.skalnik.pl\/blog\/wp-content\/uploads\/2020\/07\/Szczawnica.jpg 1024w, https:\/\/www.skalnik.pl\/blog\/wp-content\/uploads\/2020\/07\/Szczawnica-300x225.jpg 300w, https:\/\/www.skalnik.pl\/blog\/wp-content\/uploads\/2020\/07\/Szczawnica-768x576.jpg 768w\" sizes=\"auto, (max-width: 1024px) 100vw, 1024px\" \/><figcaption><em>Wybieraj\u0105c si\u0119 w Pieniny, warto po\u015bwi\u0119ci\u0107 kilka chwil na zwiedzenie Szczawnicy (fot. Katarzyna Butkiewicz)<\/em><\/figcaption><\/figure><\/div>\n\n\n\n<p>\u017b\u00f3\u0142ty szlak zmierza zakosami na Palenic\u0119, gdzie znajduje si\u0119 g\u00f3rna stacja wyci\u0105gu. Je\u017celi najwy\u017cszy szczyt Pienin chcesz zdoby\u0107 z ma\u0142ym dzieckiem, mo\u017cesz pomy\u015ble\u0107 nad skorzystaniem z kolejki krzese\u0142kowej. Ominiesz w ten spos\u00f3b du\u017cy fragment podej\u015bcia.<\/p>\n\n\n\n<p>Na Palenicy znajduj\u0105 si\u0119 schronisko \u201eGro\u0144\u201d, obiekty gastronomiczne, a nawet zje\u017cd\u017calnia w\u00f3zkowa. Ze szczytu rozci\u0105gaj\u0105 si\u0119 tak\u017ce wspania\u0142e widoki na Tatry, kt\u00f3re poprawi\u0105 nastr\u00f3j tym, kt\u00f3rzy nie przepadaj\u0105 za t\u0142umami. Palenica przyci\u0105ga bowiem wiele os\u00f3b. Na szcz\u0119\u015bcie dalsze fragmenty trasy s\u0105 ju\u017c o wiele spokojniejsze.<\/p>\n\n\n\n<div class=\"wp-block-image\"><figure class=\"aligncenter size-large\"><img loading=\"lazy\" decoding=\"async\" width=\"1024\" height=\"768\" src=\"https:\/\/skalnik.pl\/blog\/wp-content\/uploads\/2020\/07\/Pieniny-widok-z-Palenicy.jpg\" alt=\"Pieniny - widok na Tatry z Palenicy\" class=\"wp-image-12901\" srcset=\"https:\/\/www.skalnik.pl\/blog\/wp-content\/uploads\/2020\/07\/Pieniny-widok-z-Palenicy.jpg 1024w, https:\/\/www.skalnik.pl\/blog\/wp-content\/uploads\/2020\/07\/Pieniny-widok-z-Palenicy-300x225.jpg 300w, https:\/\/www.skalnik.pl\/blog\/wp-content\/uploads\/2020\/07\/Pieniny-widok-z-Palenicy-768x576.jpg 768w\" sizes=\"auto, (max-width: 1024px) 100vw, 1024px\" \/><figcaption><em>Widok z Palenicy zdecydowanie wynagradza trudy w\u0119dr\u00f3wki (fot. Katarzyna Butkiewicz)<\/em><\/figcaption><\/figure><\/div>\n\n\n\n<p>Po mini\u0119ciu Palenicy pod\u0105\u017caj jeszcze przez moment \u017c\u00f3\u0142tym szlakiem, a\u017c dotrzesz do skrzy\u017cowania pod Szafran\u00f3wk\u0105 z tras\u0105 oznaczon\u0105 niebieskim kolorem. Skr\u0119\u0107 w lewo i grzbietem Pienin kieruj si\u0119 w stron\u0119 Wysokiej.<\/p>\n\n\n\n<p>W to miejsce mo\u017cesz dotrze\u0107 tak\u017ce ze schroniska Orlica po\u0142o\u017conego w Szczawnicy nad Dunajcem. Je\u015bli wybierzesz ten wariant trasy, wystarczy ca\u0142y czas pod\u0105\u017ca\u0107 z Orlicy niebieskim szlakiem.<\/p>\n\n\n\n<p>Od skrzy\u017cowania pod Szafran\u00f3wk\u0105 niebieski szlak wiedzie trawiast\u0105, raczej \u0142atw\u0105 \u015bcie\u017ck\u0105. W kilku miejscach trzeba jednak wspi\u0105\u0107 si\u0119 na niewielkie ska\u0142ki. Trasa jest bardzo malownicza: po prawej stronie rozci\u0105ga si\u0119 panorama Tatr, po lewej wida\u0107 pasmo Beskidu S\u0105deckiego.<\/p>\n\n\n\n<div class=\"wp-block-image\"><figure class=\"aligncenter size-large\"><img loading=\"lazy\" decoding=\"async\" width=\"1024\" height=\"768\" src=\"https:\/\/skalnik.pl\/blog\/wp-content\/uploads\/2020\/07\/Ska\u0142y-w-Pieninach.jpg\" alt=\"Ska\u0142y w Pieninach\" class=\"wp-image-12902\" srcset=\"https:\/\/www.skalnik.pl\/blog\/wp-content\/uploads\/2020\/07\/Ska\u0142y-w-Pieninach.jpg 1024w, https:\/\/www.skalnik.pl\/blog\/wp-content\/uploads\/2020\/07\/Ska\u0142y-w-Pieninach-300x225.jpg 300w, https:\/\/www.skalnik.pl\/blog\/wp-content\/uploads\/2020\/07\/Ska\u0142y-w-Pieninach-768x576.jpg 768w\" sizes=\"auto, (max-width: 1024px) 100vw, 1024px\" \/><figcaption><em>W kilku miejscach szlak na Wysok\u0105 prowadzi strom\u0105 i skalist\u0105 \u015bcie\u017ck\u0105 (fot. Katarzyna Butkiewicz) <\/em><\/figcaption><\/figure><\/div>\n\n\n\n<p>Po drodze miniesz kilka interesuj\u0105cych miejsc. Pierwszym z nich jest bac\u00f3wka, w kt\u00f3rej mo\u017cna zakupi\u0107 domowo robione sery. Na stoku obok mo\u017cna zazwyczaj zobaczy\u0107 pas\u0105ce si\u0119 spokojnie krowy.<\/p>\n\n\n\n<div class=\"wp-block-image\"><figure class=\"aligncenter size-large\"><img loading=\"lazy\" decoding=\"async\" width=\"1024\" height=\"768\" src=\"https:\/\/skalnik.pl\/blog\/wp-content\/uploads\/2020\/07\/Bac\u00f3wka-w-Pieninach-pies.jpg\" alt=\"Pies w Pieninach\" class=\"wp-image-12900\" srcset=\"https:\/\/www.skalnik.pl\/blog\/wp-content\/uploads\/2020\/07\/Bac\u00f3wka-w-Pieninach-pies.jpg 1024w, https:\/\/www.skalnik.pl\/blog\/wp-content\/uploads\/2020\/07\/Bac\u00f3wka-w-Pieninach-pies-300x225.jpg 300w, https:\/\/www.skalnik.pl\/blog\/wp-content\/uploads\/2020\/07\/Bac\u00f3wka-w-Pieninach-pies-768x576.jpg 768w\" sizes=\"auto, (max-width: 1024px) 100vw, 1024px\" \/><figcaption><em>Bac\u00f3wka w Pieninach ma wiernego str\u00f3\u017ca (fot. Katarzyna Butkiewicz)<\/em><\/figcaption><\/figure><\/div>\n\n\n\n<p>Nast\u0119pnym dobrym miejscem na post\u00f3j jest schronisko pod Durbaszk\u0105. Aby do niego dotrze\u0107, nale\u017cy skr\u0119ci\u0107 w oznaczon\u0105 wyra\u017anie \u015bcie\u017ck\u0119 odchodz\u0105c\u0105 na lewo od szlaku. Polecam spr\u00f3bowa\u0107 sprzedawanych w tym schronisku pierog\u00f3w z jagodami. S\u0105 przepyszne.<\/p>\n\n\n\n<p>Po mini\u0119ciu schroniska pod Durbaszk\u0105 pod\u0105\u017caj dalej \u015bcie\u017ck\u0105, a\u017c dotrzesz do skrzy\u017cowania pod Wysok\u0105. St\u0105d na najwy\u017cszy szczyt Pienin prowadzi \u015blepa odnoga niebieskiego szlaku. Na finalnym, skalistym podej\u015bciu r\u00f3wnowag\u0119 pomog\u0105 z\u0142apa\u0107 <a href=\"https:\/\/skalnik.pl\/sprzet-turystyczny\/akcesoria-turystyczne\/akcesoria-turystyczne-kije-trekkingowe\" target=\"_blank\" rel=\"noreferrer noopener\" aria-label=\"kijki trekkingowe (otwiera si\u0119 na nowej zak\u0142adce)\">kijki trekkingowe<\/a>. W kilku miejscach napotkasz \u017celazne, opor\u0119czowane schody. Miniesz tak\u017ce punkt widokowy, gdzie warto zatrzyma\u0107 si\u0119 na chwil\u0119, aby porobi\u0107 zdj\u0119cia. Na sam wierzcho\u0142ek doprowadz\u0105 Ci\u0119 kolejne schody. Na szczycie Wysokiej znajduje si\u0119 galeria widokowa zabezpieczona por\u0119czami, poniewa\u017c po wschodniej i po\u0142udniowo-wschodniej strony g\u00f3ry opada strome urwisko skalne.<\/p>\n\n\n\n<div class=\"wp-block-image\"><figure class=\"aligncenter size-large\"><img loading=\"lazy\" decoding=\"async\" width=\"1024\" height=\"768\" src=\"https:\/\/skalnik.pl\/blog\/wp-content\/uploads\/2020\/07\/Wysoka-najwy\u017cszy-szczyt-Pienin.jpg\" alt=\"Wysoka - najwy\u017cszy szczyt Pienin\" class=\"wp-image-12904\" srcset=\"https:\/\/www.skalnik.pl\/blog\/wp-content\/uploads\/2020\/07\/Wysoka-najwy\u017cszy-szczyt-Pienin.jpg 1024w, https:\/\/www.skalnik.pl\/blog\/wp-content\/uploads\/2020\/07\/Wysoka-najwy\u017cszy-szczyt-Pienin-300x225.jpg 300w, https:\/\/www.skalnik.pl\/blog\/wp-content\/uploads\/2020\/07\/Wysoka-najwy\u017cszy-szczyt-Pienin-768x576.jpg 768w\" sizes=\"auto, (max-width: 1024px) 100vw, 1024px\" \/><figcaption><em>Wysoka &#8211; najwy\u017cszy szczyt Pienin (fot. Katarzyna Butkiewicz)<\/em><\/figcaption><\/figure><\/div>\n\n\n\n<h2 class=\"wp-block-heading\"><span class=\"ez-toc-section\" id=\"Wysoka_%E2%80%93_najwyzszy_szczyt_Pienin\"><\/span>Wysoka \u2013 najwy\u017cszy szczyt Pienin<span class=\"ez-toc-section-end\"><\/span><\/h2>\n\n\n\n<p>Korona G\u00f3r Polski gromadzi r\u00f3\u017cne szczyty. Niekt\u00f3re z nich mog\u0105 si\u0119 pochwali\u0107 wspania\u0142\u0105 panoram\u0105, inne s\u0105 zadrzewionymi g\u00f3rami, z kt\u00f3rych ma\u0142o co wida\u0107.<\/p>\n\n\n\n<p>Wierzcho\u0142ek najwy\u017cszego szczytu Pienin, maj\u0105cy kszta\u0142t kopu\u0142y skalnej, wystaje na szcz\u0119\u015bcie ponad lini\u0119 \u015bwierkowego lasu. Dzi\u0119ki temu Wysoka jest jedn\u0105 z g\u00f3r z KGP z najpi\u0119kniejszymi widokami. Tatry, Babia G\u00f3ra, Pasmo Radziejowej, Magura Spiska \u2013 w kt\u00f3r\u0105 stron\u0119 si\u0119 nie obr\u00f3cisz, zobaczysz rozci\u0105gaj\u0105ce si\u0119 g\u00f3rskie pasma.<\/p>\n\n\n\n<div class=\"wp-block-image\"><figure class=\"aligncenter size-large\"><img loading=\"lazy\" decoding=\"async\" width=\"1024\" height=\"768\" src=\"https:\/\/skalnik.pl\/blog\/wp-content\/uploads\/2020\/07\/Wysoka-widok-na-Tatry.jpg\" alt=\"Wysoka - widok na Tatry\" class=\"wp-image-12903\" srcset=\"https:\/\/www.skalnik.pl\/blog\/wp-content\/uploads\/2020\/07\/Wysoka-widok-na-Tatry.jpg 1024w, https:\/\/www.skalnik.pl\/blog\/wp-content\/uploads\/2020\/07\/Wysoka-widok-na-Tatry-300x225.jpg 300w, https:\/\/www.skalnik.pl\/blog\/wp-content\/uploads\/2020\/07\/Wysoka-widok-na-Tatry-768x576.jpg 768w\" sizes=\"auto, (max-width: 1024px) 100vw, 1024px\" \/><figcaption><em>Widok na Tatry z najwy\u017cszego szczytu Pienin (fot. Katarzyna Butkiewicz)<\/em><\/figcaption><\/figure><\/div>\n\n\n\n<p>Wysoka posiada \u0142adn\u0105 skrzyneczk\u0119 oznaczon\u0105 logiem KGP, w kt\u00f3rej znajdziesz stempel i tusz. Przybij piecz\u0105tk\u0119 na odpowiedniej stronie w ksi\u0105\u017ceczce, aby potwierdzi\u0107 wej\u015bcie na najwy\u017cszy szczyt Pienin.<\/p>\n\n\n\n<div class=\"wp-block-image\"><figure class=\"aligncenter size-large\"><img loading=\"lazy\" decoding=\"async\" width=\"749\" height=\"1024\" src=\"https:\/\/skalnik.pl\/blog\/wp-content\/uploads\/2020\/07\/Skrzyneczka-KGP-Wysoka-749x1024.jpg\" alt=\"Wysoka - skrzynka KGP\" class=\"wp-image-12898\" srcset=\"https:\/\/www.skalnik.pl\/blog\/wp-content\/uploads\/2020\/07\/Skrzyneczka-KGP-Wysoka-749x1024.jpg 749w, https:\/\/www.skalnik.pl\/blog\/wp-content\/uploads\/2020\/07\/Skrzyneczka-KGP-Wysoka-219x300.jpg 219w, https:\/\/www.skalnik.pl\/blog\/wp-content\/uploads\/2020\/07\/Skrzyneczka-KGP-Wysoka-768x1050.jpg 768w, https:\/\/www.skalnik.pl\/blog\/wp-content\/uploads\/2020\/07\/Skrzyneczka-KGP-Wysoka.jpg 1024w\" sizes=\"auto, (max-width: 749px) 100vw, 749px\" \/><figcaption><em>Skrzyneczka KGP na najwy\u017cszym szczycie Pienin (fot. Katarzyna Butkiewicz)<\/em><\/figcaption><\/figure><\/div>\n\n\n\n<div style=\"width: 1024; height: 600px; padding: 15px; resize: both; overflow: auto;\">\n<div style=\"width: 100%; height: 100%; box-shadow: 5px 5px 15px #00000038;\"><iframe style=\"height: 100%; width: 100%; border: 0;\" src=\"https:\/\/kgp3d.amu.edu.pl\/szczyty\/WysokieSkalki.html\"><\/iframe><\/div>\n<\/div>\n\n\n\n<h2 class=\"wp-block-heading\"><span class=\"ez-toc-section\" id=\"Wysoka_Pieniny_%E2%80%93_ciekawostki\"><\/span><strong>Wysoka Pieniny \u2013 ciekawostki:<\/strong><span class=\"ez-toc-section-end\"><\/span><\/h2>\n\n\n\n<ul class=\"wp-block-list\"><li>ca\u0142y obszar szczytu jest chroniony prawnie: po\u0142udniowe zbocza le\u017c\u0105 na terenie s\u0142owackiego Pieni\u0144skiego Parku Narodowego, a po polskiej stronie znajduje si\u0119 rezerwat Wysokie Ska\u0142ki utworzony w 1961 r.<\/li><li>inne, u\u017cywane lokalnie nazwy szczytu, to Pamiarky (takim mianem najwy\u017cszy szczyt Pienin okre\u015blali \u0141emkowie) oraz Kiczera (od Po\u0142oniny Kiczera znajduj\u0105cej si\u0119 pod szczytem)<\/li><li>wierzcho\u0142ek Wysokiej jest zbudowany z wapieni krynoidowych<\/li><li>\u015bwierkowy las wok\u00f3\u0142 szczytu to jedyny istniej\u0105cy obecnie w Pieninach fragment \u015bwierkowego boru g\u00f3rnoreglowego<\/li><li>Wysoka jest siedliskiem rzadkich gatunk\u00f3w ro\u015blin. Wyst\u0119puj\u0105 tu mi\u0119dzy innymi pluskwica europejska oraz ostro\u017ce\u0144 g\u0142owacz (jego nazwa pochodzi od bardzo du\u017cych koszyczk\u00f3w ro\u015bliny wygl\u0105daj\u0105cych jak g\u0142owa na szyi)<\/li><li>-na szczycie prowadzono w przesz\u0142o\u015bci poszukiwania g\u00f3rnicze. Dokument z 1739 r. stwierdza: \u201e<em>Ta g\u00f3ra jest najwy\u017csza mi\u0119dzy innymi g\u00f3rami i okr\u0105g\u0142a, na kt\u00f3rej ska\u0142a jest jako zamek. Przyst\u0119p do niej jest zbyt przykry, zaledwie cz\u0142ek pieszy wni\u015b\u0107 mo\u017ce.<\/em>\u201d<\/li><li>w 1929 r. odnotowano pierwsze wej\u015bcie zimowe na nartach na najwy\u017cszy szczyt Pienin<\/li><li>wypraw\u0119 na Wysok\u0105 mo\u017cna po\u0142\u0105czy\u0107 z wycieczk\u0105 na Radziejow\u0105, kt\u00f3r\u0105 opisali\u015bmy w kolejnym <a href=\"https:\/\/skalnik.pl\/blog\/korona-gor-polski-radziejowa\/\" target=\"_blank\" rel=\"noreferrer noopener\">artykule<\/a><\/li><\/ul>\n\n\n\n<p class=\"has-text-align-right\"><em>Katarzyna Butkiewicz<\/em><\/p>\n","protected":false},"excerpt":{"rendered":"<p>Wysoka &#8211; najwy\u017cszy szczyt Pienin &#8211; nale\u017cy do Korony G\u00f3r Polski. Sprawd\u017a, jak wej\u015b\u0107 na Wysok\u0105.<\/p>\n","protected":false},"author":7,"featured_media":12895,"comment_status":"open","ping_status":"open","sticky":false,"template":"","format":"standard","meta":{"_acf_changed":false,"footnotes":""},"categories":[84],"tags":[28,225,260,210],"magento_category":[],"magento_product":[],"class_list":["post-12891","post","type-post","status-publish","format-standard","has-post-thumbnail","hentry","category-pasja","tag-gory","tag-karpaty","tag-korona-gor-polski","tag-turystyka"],"acf":[],"aioseo_notices":[],"aioseo_head":"\n\t\t<!-- All in One SEO 4.9.10 - aioseo.com -->\n\t<meta name=\"description\" content=\"Wysoka to najwy\u017cszy szczyt Pienin i jako taki nale\u017cy do Korony G\u00f3r Polski. Jak wej\u015b\u0107 na Wysok\u0105? Kt\u00f3ry szlak wybra\u0107? Sk\u0105d ruszy\u0107? Co zabra\u0107 do plecaka? Sprawd\u017a.\" \/>\n\t<meta name=\"robots\" content=\"max-image-preview:large\" \/>\n\t<meta name=\"author\" content=\"Redakcja skalnik.pl\"\/>\n\t<link rel=\"canonical\" href=\"https:\/\/www.skalnik.pl\/blog\/korona-gor-polski-wysoka\/\" \/>\n\t<meta name=\"generator\" content=\"All in One SEO (AIOSEO) 4.9.10\" \/>\n\t\t<meta property=\"og:locale\" content=\"pl_PL\" \/>\n\t\t<meta property=\"og:site_name\" content=\"blog Skalnik - Blog, porady, artyku\u0142y - blog Skalnik\" \/>\n\t\t<meta property=\"og:type\" content=\"article\" \/>\n\t\t<meta property=\"og:title\" content=\"Korona G\u00f3r Polski \u2013 Wysoka - blog Skalnik\" \/>\n\t\t<meta property=\"og:description\" content=\"Wysoka to najwy\u017cszy szczyt Pienin i jako taki nale\u017cy do Korony G\u00f3r Polski. Jak wej\u015b\u0107 na Wysok\u0105? Kt\u00f3ry szlak wybra\u0107? Sk\u0105d ruszy\u0107? Co zabra\u0107 do plecaka? Sprawd\u017a.\" \/>\n\t\t<meta property=\"og:url\" content=\"https:\/\/www.skalnik.pl\/blog\/korona-gor-polski-wysoka\/\" \/>\n\t\t<meta property=\"og:image\" content=\"https:\/\/skalnik.pl\/blog\/wp-content\/uploads\/2020\/07\/Pieniny-szlak.jpg\" \/>\n\t\t<meta property=\"og:image:secure_url\" content=\"https:\/\/skalnik.pl\/blog\/wp-content\/uploads\/2020\/07\/Pieniny-szlak.jpg\" \/>\n\t\t<meta property=\"article:tag\" content=\"pasja\" \/>\n\t\t<meta property=\"article:tag\" content=\"g\u00f3ry\" \/>\n\t\t<meta property=\"article:tag\" content=\"karpaty\" \/>\n\t\t<meta property=\"article:tag\" content=\"korona g\u00f3r polski\" \/>\n\t\t<meta property=\"article:tag\" content=\"turystyka\" \/>\n\t\t<meta property=\"article:published_time\" content=\"2020-07-06T05:21:00+00:00\" \/>\n\t\t<meta property=\"article:modified_time\" content=\"2021-11-16T13:15:40+00:00\" \/>\n\t\t<meta name=\"twitter:card\" content=\"summary_large_image\" \/>\n\t\t<meta name=\"twitter:title\" content=\"Korona G\u00f3r Polski \u2013 Wysoka - blog Skalnik\" \/>\n\t\t<meta name=\"twitter:description\" content=\"Wysoka to najwy\u017cszy szczyt Pienin i jako taki nale\u017cy do Korony G\u00f3r Polski. Jak wej\u015b\u0107 na Wysok\u0105? Kt\u00f3ry szlak wybra\u0107? Sk\u0105d ruszy\u0107? Co zabra\u0107 do plecaka? Sprawd\u017a.\" \/>\n\t\t<meta name=\"twitter:image\" content=\"https:\/\/skalnik.pl\/blog\/wp-content\/uploads\/2020\/07\/Pieniny-szlak.jpg\" \/>\n\t\t<script type=\"application\/ld+json\" class=\"aioseo-schema\">\n\t\t\t{\"@context\":\"https:\\\/\\\/schema.org\",\"@graph\":[{\"@type\":\"BlogPosting\",\"@id\":\"https:\\\/\\\/www.skalnik.pl\\\/blog\\\/korona-gor-polski-wysoka\\\/#blogposting\",\"name\":\"Korona G\\u00f3r Polski \\u2013 Wysoka - blog Skalnik\",\"headline\":\"Korona G\\u00f3r Polski \\u2013 Wysoka\",\"author\":{\"@id\":\"https:\\\/\\\/www.skalnik.pl\\\/blog\\\/author\\\/redakcja-skalnik-pl\\\/#author\"},\"publisher\":{\"@id\":\"https:\\\/\\\/www.skalnik.pl\\\/blog\\\/#organization\"},\"image\":{\"@type\":\"ImageObject\",\"url\":\"https:\\\/\\\/www.skalnik.pl\\\/blog\\\/wp-content\\\/uploads\\\/2020\\\/07\\\/Pieniny-panorama-na-Wysok\\u0105.jpg\",\"width\":1920,\"height\":705,\"caption\":\"Pieniny - widok na Wysok\\u0105\"},\"datePublished\":\"2020-07-06T07:21:00+02:00\",\"dateModified\":\"2021-11-16T14:15:40+02:00\",\"inLanguage\":\"pl-PL\",\"mainEntityOfPage\":{\"@id\":\"https:\\\/\\\/www.skalnik.pl\\\/blog\\\/korona-gor-polski-wysoka\\\/#webpage\"},\"isPartOf\":{\"@id\":\"https:\\\/\\\/www.skalnik.pl\\\/blog\\\/korona-gor-polski-wysoka\\\/#webpage\"},\"articleSection\":\"Pasja, g\\u00f3ry, karpaty, korona g\\u00f3r polski, turystyka\"},{\"@type\":\"BreadcrumbList\",\"@id\":\"https:\\\/\\\/www.skalnik.pl\\\/blog\\\/korona-gor-polski-wysoka\\\/#breadcrumblist\",\"itemListElement\":[{\"@type\":\"ListItem\",\"@id\":\"https:\\\/\\\/www.skalnik.pl\\\/blog#listItem\",\"position\":1,\"name\":\"Home\",\"item\":\"https:\\\/\\\/www.skalnik.pl\\\/blog\",\"nextItem\":{\"@type\":\"ListItem\",\"@id\":\"https:\\\/\\\/www.skalnik.pl\\\/blog\\\/.\\\/pasja\\\/#listItem\",\"name\":\"Pasja\"}},{\"@type\":\"ListItem\",\"@id\":\"https:\\\/\\\/www.skalnik.pl\\\/blog\\\/.\\\/pasja\\\/#listItem\",\"position\":2,\"name\":\"Pasja\",\"item\":\"https:\\\/\\\/www.skalnik.pl\\\/blog\\\/.\\\/pasja\\\/\",\"nextItem\":{\"@type\":\"ListItem\",\"@id\":\"https:\\\/\\\/www.skalnik.pl\\\/blog\\\/korona-gor-polski-wysoka\\\/#listItem\",\"name\":\"Korona G\\u00f3r Polski \\u2013 Wysoka\"},\"previousItem\":{\"@type\":\"ListItem\",\"@id\":\"https:\\\/\\\/www.skalnik.pl\\\/blog#listItem\",\"name\":\"Home\"}},{\"@type\":\"ListItem\",\"@id\":\"https:\\\/\\\/www.skalnik.pl\\\/blog\\\/korona-gor-polski-wysoka\\\/#listItem\",\"position\":3,\"name\":\"Korona G\\u00f3r Polski \\u2013 Wysoka\",\"previousItem\":{\"@type\":\"ListItem\",\"@id\":\"https:\\\/\\\/www.skalnik.pl\\\/blog\\\/.\\\/pasja\\\/#listItem\",\"name\":\"Pasja\"}}]},{\"@type\":\"Organization\",\"@id\":\"https:\\\/\\\/www.skalnik.pl\\\/blog\\\/#organization\",\"name\":\"blog Skalnik\",\"description\":\"Blog, porady, artyku\\u0142y - blog Skalnik\",\"url\":\"https:\\\/\\\/www.skalnik.pl\\\/blog\\\/\"},{\"@type\":\"Person\",\"@id\":\"https:\\\/\\\/www.skalnik.pl\\\/blog\\\/author\\\/redakcja-skalnik-pl\\\/#author\",\"url\":\"https:\\\/\\\/www.skalnik.pl\\\/blog\\\/author\\\/redakcja-skalnik-pl\\\/\",\"name\":\"Redakcja skalnik.pl\",\"image\":{\"@type\":\"ImageObject\",\"@id\":\"https:\\\/\\\/www.skalnik.pl\\\/blog\\\/korona-gor-polski-wysoka\\\/#authorImage\",\"url\":\"https:\\\/\\\/secure.gravatar.com\\\/avatar\\\/7eab29b048aaf0899cd9a145e9adb814e2130ced31e65b454b902500bea65f9e?s=96&d=mm&r=g\",\"width\":96,\"height\":96,\"caption\":\"Redakcja skalnik.pl\"}},{\"@type\":\"WebPage\",\"@id\":\"https:\\\/\\\/www.skalnik.pl\\\/blog\\\/korona-gor-polski-wysoka\\\/#webpage\",\"url\":\"https:\\\/\\\/www.skalnik.pl\\\/blog\\\/korona-gor-polski-wysoka\\\/\",\"name\":\"Korona G\\u00f3r Polski \\u2013 Wysoka - blog Skalnik\",\"description\":\"Wysoka to najwy\\u017cszy szczyt Pienin i jako taki nale\\u017cy do Korony G\\u00f3r Polski. Jak wej\\u015b\\u0107 na Wysok\\u0105? Kt\\u00f3ry szlak wybra\\u0107? Sk\\u0105d ruszy\\u0107? Co zabra\\u0107 do plecaka? Sprawd\\u017a.\",\"inLanguage\":\"pl-PL\",\"isPartOf\":{\"@id\":\"https:\\\/\\\/www.skalnik.pl\\\/blog\\\/#website\"},\"breadcrumb\":{\"@id\":\"https:\\\/\\\/www.skalnik.pl\\\/blog\\\/korona-gor-polski-wysoka\\\/#breadcrumblist\"},\"author\":{\"@id\":\"https:\\\/\\\/www.skalnik.pl\\\/blog\\\/author\\\/redakcja-skalnik-pl\\\/#author\"},\"creator\":{\"@id\":\"https:\\\/\\\/www.skalnik.pl\\\/blog\\\/author\\\/redakcja-skalnik-pl\\\/#author\"},\"image\":{\"@type\":\"ImageObject\",\"url\":\"https:\\\/\\\/www.skalnik.pl\\\/blog\\\/wp-content\\\/uploads\\\/2020\\\/07\\\/Pieniny-panorama-na-Wysok\\u0105.jpg\",\"@id\":\"https:\\\/\\\/www.skalnik.pl\\\/blog\\\/korona-gor-polski-wysoka\\\/#mainImage\",\"width\":1920,\"height\":705,\"caption\":\"Pieniny - widok na Wysok\\u0105\"},\"primaryImageOfPage\":{\"@id\":\"https:\\\/\\\/www.skalnik.pl\\\/blog\\\/korona-gor-polski-wysoka\\\/#mainImage\"},\"datePublished\":\"2020-07-06T07:21:00+02:00\",\"dateModified\":\"2021-11-16T14:15:40+02:00\"},{\"@type\":\"WebSite\",\"@id\":\"https:\\\/\\\/www.skalnik.pl\\\/blog\\\/#website\",\"url\":\"https:\\\/\\\/www.skalnik.pl\\\/blog\\\/\",\"name\":\"blog Skalnik\",\"description\":\"Blog, porady, artyku\\u0142y - blog Skalnik\",\"inLanguage\":\"pl-PL\",\"publisher\":{\"@id\":\"https:\\\/\\\/www.skalnik.pl\\\/blog\\\/#organization\"}}]}\n\t\t<\/script>\n\t\t<!-- All in One SEO -->\n\n","aioseo_head_json":{"title":"Korona G\u00f3r Polski \u2013 Wysoka - blog Skalnik","description":"Wysoka to najwy\u017cszy szczyt Pienin i jako taki nale\u017cy do Korony G\u00f3r Polski. Jak wej\u015b\u0107 na Wysok\u0105? Kt\u00f3ry szlak wybra\u0107? Sk\u0105d ruszy\u0107? Co zabra\u0107 do plecaka? Sprawd\u017a.","canonical_url":"https:\/\/www.skalnik.pl\/blog\/korona-gor-polski-wysoka\/","robots":"max-image-preview:large","keywords":"","webmasterTools":{"miscellaneous":""},"schema":{"@context":"https:\/\/schema.org","@graph":[{"@type":"BlogPosting","@id":"https:\/\/www.skalnik.pl\/blog\/korona-gor-polski-wysoka\/#blogposting","name":"Korona G\u00f3r Polski \u2013 Wysoka - blog Skalnik","headline":"Korona G\u00f3r Polski \u2013 Wysoka","author":{"@id":"https:\/\/www.skalnik.pl\/blog\/author\/redakcja-skalnik-pl\/#author"},"publisher":{"@id":"https:\/\/www.skalnik.pl\/blog\/#organization"},"image":{"@type":"ImageObject","url":"https:\/\/www.skalnik.pl\/blog\/wp-content\/uploads\/2020\/07\/Pieniny-panorama-na-Wysok\u0105.jpg","width":1920,"height":705,"caption":"Pieniny - widok na Wysok\u0105"},"datePublished":"2020-07-06T07:21:00+02:00","dateModified":"2021-11-16T14:15:40+02:00","inLanguage":"pl-PL","mainEntityOfPage":{"@id":"https:\/\/www.skalnik.pl\/blog\/korona-gor-polski-wysoka\/#webpage"},"isPartOf":{"@id":"https:\/\/www.skalnik.pl\/blog\/korona-gor-polski-wysoka\/#webpage"},"articleSection":"Pasja, g\u00f3ry, karpaty, korona g\u00f3r polski, turystyka"},{"@type":"BreadcrumbList","@id":"https:\/\/www.skalnik.pl\/blog\/korona-gor-polski-wysoka\/#breadcrumblist","itemListElement":[{"@type":"ListItem","@id":"https:\/\/www.skalnik.pl\/blog#listItem","position":1,"name":"Home","item":"https:\/\/www.skalnik.pl\/blog","nextItem":{"@type":"ListItem","@id":"https:\/\/www.skalnik.pl\/blog\/.\/pasja\/#listItem","name":"Pasja"}},{"@type":"ListItem","@id":"https:\/\/www.skalnik.pl\/blog\/.\/pasja\/#listItem","position":2,"name":"Pasja","item":"https:\/\/www.skalnik.pl\/blog\/.\/pasja\/","nextItem":{"@type":"ListItem","@id":"https:\/\/www.skalnik.pl\/blog\/korona-gor-polski-wysoka\/#listItem","name":"Korona G\u00f3r Polski \u2013 Wysoka"},"previousItem":{"@type":"ListItem","@id":"https:\/\/www.skalnik.pl\/blog#listItem","name":"Home"}},{"@type":"ListItem","@id":"https:\/\/www.skalnik.pl\/blog\/korona-gor-polski-wysoka\/#listItem","position":3,"name":"Korona G\u00f3r Polski \u2013 Wysoka","previousItem":{"@type":"ListItem","@id":"https:\/\/www.skalnik.pl\/blog\/.\/pasja\/#listItem","name":"Pasja"}}]},{"@type":"Organization","@id":"https:\/\/www.skalnik.pl\/blog\/#organization","name":"blog Skalnik","description":"Blog, porady, artyku\u0142y - blog Skalnik","url":"https:\/\/www.skalnik.pl\/blog\/"},{"@type":"Person","@id":"https:\/\/www.skalnik.pl\/blog\/author\/redakcja-skalnik-pl\/#author","url":"https:\/\/www.skalnik.pl\/blog\/author\/redakcja-skalnik-pl\/","name":"Redakcja skalnik.pl","image":{"@type":"ImageObject","@id":"https:\/\/www.skalnik.pl\/blog\/korona-gor-polski-wysoka\/#authorImage","url":"https:\/\/secure.gravatar.com\/avatar\/7eab29b048aaf0899cd9a145e9adb814e2130ced31e65b454b902500bea65f9e?s=96&d=mm&r=g","width":96,"height":96,"caption":"Redakcja skalnik.pl"}},{"@type":"WebPage","@id":"https:\/\/www.skalnik.pl\/blog\/korona-gor-polski-wysoka\/#webpage","url":"https:\/\/www.skalnik.pl\/blog\/korona-gor-polski-wysoka\/","name":"Korona G\u00f3r Polski \u2013 Wysoka - blog Skalnik","description":"Wysoka to najwy\u017cszy szczyt Pienin i jako taki nale\u017cy do Korony G\u00f3r Polski. Jak wej\u015b\u0107 na Wysok\u0105? Kt\u00f3ry szlak wybra\u0107? Sk\u0105d ruszy\u0107? Co zabra\u0107 do plecaka? Sprawd\u017a.","inLanguage":"pl-PL","isPartOf":{"@id":"https:\/\/www.skalnik.pl\/blog\/#website"},"breadcrumb":{"@id":"https:\/\/www.skalnik.pl\/blog\/korona-gor-polski-wysoka\/#breadcrumblist"},"author":{"@id":"https:\/\/www.skalnik.pl\/blog\/author\/redakcja-skalnik-pl\/#author"},"creator":{"@id":"https:\/\/www.skalnik.pl\/blog\/author\/redakcja-skalnik-pl\/#author"},"image":{"@type":"ImageObject","url":"https:\/\/www.skalnik.pl\/blog\/wp-content\/uploads\/2020\/07\/Pieniny-panorama-na-Wysok\u0105.jpg","@id":"https:\/\/www.skalnik.pl\/blog\/korona-gor-polski-wysoka\/#mainImage","width":1920,"height":705,"caption":"Pieniny - widok na Wysok\u0105"},"primaryImageOfPage":{"@id":"https:\/\/www.skalnik.pl\/blog\/korona-gor-polski-wysoka\/#mainImage"},"datePublished":"2020-07-06T07:21:00+02:00","dateModified":"2021-11-16T14:15:40+02:00"},{"@type":"WebSite","@id":"https:\/\/www.skalnik.pl\/blog\/#website","url":"https:\/\/www.skalnik.pl\/blog\/","name":"blog Skalnik","description":"Blog, porady, artyku\u0142y - blog Skalnik","inLanguage":"pl-PL","publisher":{"@id":"https:\/\/www.skalnik.pl\/blog\/#organization"}}]},"og:locale":"pl_PL","og:site_name":"blog Skalnik - Blog, porady, artyku\u0142y - blog Skalnik","og:type":"article","og:title":"Korona G\u00f3r Polski \u2013 Wysoka - blog Skalnik","og:description":"Wysoka to najwy\u017cszy szczyt Pienin i jako taki nale\u017cy do Korony G\u00f3r Polski. Jak wej\u015b\u0107 na Wysok\u0105? Kt\u00f3ry szlak wybra\u0107? Sk\u0105d ruszy\u0107? Co zabra\u0107 do plecaka? Sprawd\u017a.","og:url":"https:\/\/www.skalnik.pl\/blog\/korona-gor-polski-wysoka\/","og:image":"https:\/\/skalnik.pl\/blog\/wp-content\/uploads\/2020\/07\/Pieniny-szlak.jpg","og:image:secure_url":"https:\/\/skalnik.pl\/blog\/wp-content\/uploads\/2020\/07\/Pieniny-szlak.jpg","article:tag":["pasja","g\u00f3ry","karpaty","korona g\u00f3r polski","turystyka"],"article:published_time":"2020-07-06T05:21:00+00:00","article:modified_time":"2021-11-16T13:15:40+00:00","twitter:card":"summary_large_image","twitter:title":"Korona G\u00f3r Polski \u2013 Wysoka - blog Skalnik","twitter:description":"Wysoka to najwy\u017cszy szczyt Pienin i jako taki nale\u017cy do Korony G\u00f3r Polski. Jak wej\u015b\u0107 na Wysok\u0105? Kt\u00f3ry szlak wybra\u0107? Sk\u0105d ruszy\u0107? Co zabra\u0107 do plecaka? Sprawd\u017a.","twitter:image":"https:\/\/skalnik.pl\/blog\/wp-content\/uploads\/2020\/07\/Pieniny-szlak.jpg"},"aioseo_meta_data":{"post_id":"12891","title":null,"description":"Wysoka to najwy\u017cszy szczyt Pienin i jako taki nale\u017cy do Korony G\u00f3r Polski. Jak wej\u015b\u0107 na Wysok\u0105? Kt\u00f3ry szlak wybra\u0107? Sk\u0105d ruszy\u0107? Co zabra\u0107 do plecaka? Sprawd\u017a.","keywords":[{"label":"Wysoka","value":"Wysoka"},{"label":"Pieniny","value":"Pieniny"},{"label":"Korona g\u00f3r polski","value":"Korona g\u00f3r polski"},{"label":"korona polskich g\u00f3r","value":"korona polskich g\u00f3r"},{"label":"KGP","value":"KGP"},{"label":"pieniny mapa","value":"pieniny mapa"}],"keyphrases":null,"primary_term":null,"canonical_url":"","og_title":null,"og_description":null,"og_object_type":"default","og_image_type":"default","og_image_url":null,"og_image_width":null,"og_image_height":null,"og_image_custom_url":null,"og_image_custom_fields":null,"og_video":null,"og_custom_url":null,"og_article_section":null,"og_article_tags":null,"twitter_use_og":false,"twitter_card":"default","twitter_image_type":"default","twitter_image_url":null,"twitter_image_custom_url":null,"twitter_image_custom_fields":null,"twitter_title":null,"twitter_description":null,"schema":{"blockGraphs":[],"customGraphs":[],"default":{"data":{"Article":[],"Course":[],"Dataset":[],"FAQPage":[],"Movie":[],"Person":[],"Product":[],"ProductReview":[],"Car":[],"Recipe":[],"Service":[],"SoftwareApplication":[],"WebPage":[]},"graphName":"BlogPosting","isEnabled":true},"graphs":[]},"schema_type":"default","schema_type_options":null,"pillar_content":false,"robots_default":true,"robots_noindex":false,"robots_noarchive":false,"robots_nosnippet":false,"robots_nofollow":false,"robots_noimageindex":false,"robots_noodp":false,"robots_notranslate":false,"robots_max_snippet":null,"robots_max_videopreview":null,"robots_max_imagepreview":"large","priority":null,"frequency":null,"local_seo":null,"breadcrumb_settings":null,"limit_modified_date":false,"ai":null,"created":"2022-08-26 10:19:56","updated":"2026-02-17 21:52:27","seo_analyzer_scan_date":null},"aioseo_breadcrumb":"<div class=\"aioseo-breadcrumbs\"><span class=\"aioseo-breadcrumb\">\n\t\t\t<a href=\"https:\/\/www.skalnik.pl\/blog\" title=\"Home\">Home<\/a>\n\t\t<\/span><span class=\"aioseo-breadcrumb-separator\">&raquo;<\/span><span class=\"aioseo-breadcrumb\">\n\t\t\t<a href=\"https:\/\/www.skalnik.pl\/blog\/.\/pasja\/\" title=\"Pasja\">Pasja<\/a>\n\t\t<\/span><span class=\"aioseo-breadcrumb-separator\">&raquo;<\/span><span class=\"aioseo-breadcrumb\">\n\t\t\tKorona G\u00f3r Polski \u2013 Wysoka\n\t\t<\/span><\/div>","aioseo_breadcrumb_json":[{"label":"Home","link":"https:\/\/www.skalnik.pl\/blog"},{"label":"Pasja","link":"https:\/\/www.skalnik.pl\/blog\/.\/pasja\/"},{"label":"Korona G\u00f3r Polski \u2013 Wysoka","link":"https:\/\/www.skalnik.pl\/blog\/korona-gor-polski-wysoka\/"}],"_links":{"self":[{"href":"https:\/\/www.skalnik.pl\/blog\/wp-json\/wp\/v2\/posts\/12891","targetHints":{"allow":["GET"]}}],"collection":[{"href":"https:\/\/www.skalnik.pl\/blog\/wp-json\/wp\/v2\/posts"}],"about":[{"href":"https:\/\/www.skalnik.pl\/blog\/wp-json\/wp\/v2\/types\/post"}],"author":[{"embeddable":true,"href":"https:\/\/www.skalnik.pl\/blog\/wp-json\/wp\/v2\/users\/7"}],"replies":[{"embeddable":true,"href":"https:\/\/www.skalnik.pl\/blog\/wp-json\/wp\/v2\/comments?post=12891"}],"version-history":[{"count":17,"href":"https:\/\/www.skalnik.pl\/blog\/wp-json\/wp\/v2\/posts\/12891\/revisions"}],"predecessor-version":[{"id":18666,"href":"https:\/\/www.skalnik.pl\/blog\/wp-json\/wp\/v2\/posts\/12891\/revisions\/18666"}],"wp:featuredmedia":[{"embeddable":true,"href":"https:\/\/www.skalnik.pl\/blog\/wp-json\/wp\/v2\/media\/12895"}],"wp:attachment":[{"href":"https:\/\/www.skalnik.pl\/blog\/wp-json\/wp\/v2\/media?parent=12891"}],"wp:term":[{"taxonomy":"category","embeddable":true,"href":"https:\/\/www.skalnik.pl\/blog\/wp-json\/wp\/v2\/categories?post=12891"},{"taxonomy":"post_tag","embeddable":true,"href":"https:\/\/www.skalnik.pl\/blog\/wp-json\/wp\/v2\/tags?post=12891"},{"taxonomy":"magento_category","embeddable":true,"href":"https:\/\/www.skalnik.pl\/blog\/wp-json\/wp\/v2\/magento_category?post=12891"},{"taxonomy":"magento_product","embeddable":true,"href":"https:\/\/www.skalnik.pl\/blog\/wp-json\/wp\/v2\/magento_product?post=12891"}],"curies":[{"name":"wp","href":"https:\/\/api.w.org\/{rel}","templated":true}]}}