{"id":13217,"date":"2020-08-03T07:53:00","date_gmt":"2020-08-03T05:53:00","guid":{"rendered":"https:\/\/skalnik.pl\/blog\/?p=13217"},"modified":"2021-01-08T14:38:46","modified_gmt":"2021-01-08T13:38:46","slug":"czym-sie-wyroznia-menazka-harcerska","status":"publish","type":"post","link":"https:\/\/www.skalnik.pl\/blog\/czym-sie-wyroznia-menazka-harcerska\/","title":{"rendered":"Czym si\u0119 wyr\u00f3\u017cnia mena\u017cka harcerska"},"content":{"rendered":"\n<p><strong>Jako, \u017ce tury\u015bci to ludzie kulturalni, to r\u00f3wnie\u017c na szlaku lubi\u0105 korzysta\u0107 ze zdobyczy spo\u0142ecze\u0144stwa. M\u00f3wimy mijanym piechurom \u201eCze\u015b\u0107\u201d, przepuszczamy si\u0119 w w\u0105skich przej\u015bciach i\u2026 nie jemy r\u0119kami. Ani z r\u0105k. Dlatego te\u017c nosimy ca\u0142e zestawy naczy\u0144 i sztu\u0107c\u00f3w. Dzi\u015b om\u00f3wimy temat mena\u017cek i ich r\u00f3\u017cnic wzgl\u0119dem tak zwanych \u201emena\u017cek harcerskich\u201d.<\/strong><\/p>\n\n\n\n<p>Mena\u017cka jaka jest ka\u017cdy widzi \u2013 r\u00f3\u017cne konstrukcje mo\u017cna spotka\u0107 na rynku, ale wzgl\u0119dem siebie r\u00f3\u017cni\u0105 si\u0119 tylko detalami. Generalnie jest to metalowy garnek, cz\u0119sto z uchem, o cylindrycznym kszta\u0142cie. S\u0105 naczynia wy\u017csze, s\u0142u\u017c\u0105ce raczej do gotowania wody, czy np kaszy, s\u0105 te\u017c szerokie \u2013 do topienia \u015bniegu lub przygotowywania rozbudowanych da\u0144 typu gulasz. Wyb\u00f3r naczynia jest powodowany aktywno\u015bci\u0105, kt\u00f3r\u0105 uprawiamy. Na d\u0142ugi szlak, kt\u00f3ry planuj\u0119 zrobi\u0107 \u201ena lekko\u201d zabior\u0119 minimalistyczny kubek z radiatorem, jednak na kilkudniowy biwak zabior\u0119 co\u015b wygodnego, co umo\u017cliwi mi \u0142atwe czyszczenie i wi\u0119cej opcji kulinarnych. To wszystko jednak dotyczy mena\u017cek u\u017cywanych na szlaku, w warunkach turystycznych. Mena\u017cka wojskowa zwykle jest najmniej rozs\u0105dnym wyborem. S\u0105 to konstrukcje przestarza\u0142e, z nie najlepiej dobranych materia\u0142\u00f3w. Zostawmy je zapale\u0144com rekonstrukcji, dlatego b\u0119dziemy omawia\u0107 naczynia turystyczne i mena\u017cki harcerskie. Jak to si\u0119 ma w przypadku harcerzy i wyjazd\u00f3w typowych dla ich \u015brodowisk? Jest par\u0119 patent\u00f3w, kt\u00f3re \u017cycie uczyni\u0105 \u0142atwiejszym. Najpierw jednak musimy okre\u015bli\u0107 czym si\u0119 r\u00f3\u017cni\u0105 potrzeby harcerzy od potrzeb innych podr\u00f3\u017cnik\u00f3w.<\/p>\n\n\n\n<div id=\"ez-toc-container\" class=\"ez-toc-v2_0_85 counter-hierarchy ez-toc-counter ez-toc-light-blue ez-toc-container-direction\">\n<div class=\"ez-toc-title-container\">\n<p class=\"ez-toc-title\" style=\"cursor:inherit\">SPIS TRE\u015aCI <\/p>\n<span class=\"ez-toc-title-toggle\"><a href=\"#\" class=\"ez-toc-pull-right ez-toc-btn ez-toc-btn-xs ez-toc-btn-default ez-toc-toggle\" aria-label=\"Prze\u0142\u0105cznik Spisu Tre\u015bci\"><span class=\"ez-toc-js-icon-con\"><span class=\"\"><span class=\"eztoc-hide\" style=\"display:none;\">Toggle<\/span><span class=\"ez-toc-icon-toggle-span\"><svg style=\"fill: #999;color:#999\" xmlns=\"http:\/\/www.w3.org\/2000\/svg\" class=\"list-377408\" width=\"20px\" height=\"20px\" viewBox=\"0 0 24 24\" fill=\"none\"><path d=\"M6 6H4v2h2V6zm14 0H8v2h12V6zM4 11h2v2H4v-2zm16 0H8v2h12v-2zM4 16h2v2H4v-2zm16 0H8v2h12v-2z\" fill=\"currentColor\"><\/path><\/svg><svg style=\"fill: #999;color:#999\" class=\"arrow-unsorted-368013\" xmlns=\"http:\/\/www.w3.org\/2000\/svg\" width=\"10px\" height=\"10px\" viewBox=\"0 0 24 24\" version=\"1.2\" baseProfile=\"tiny\"><path d=\"M18.2 9.3l-6.2-6.3-6.2 6.3c-.2.2-.3.4-.3.7s.1.5.3.7c.2.2.4.3.7.3h11c.3 0 .5-.1.7-.3.2-.2.3-.5.3-.7s-.1-.5-.3-.7zM5.8 14.7l6.2 6.3 6.2-6.3c.2-.2.3-.5.3-.7s-.1-.5-.3-.7c-.2-.2-.4-.3-.7-.3h-11c-.3 0-.5.1-.7.3-.2.2-.3.5-.3.7s.1.5.3.7z\"\/><\/svg><\/span><\/span><\/span><\/a><\/span><\/div>\n<nav><ul class='ez-toc-list ez-toc-list-level-1 ' ><li class='ez-toc-page-1 ez-toc-heading-level-2'><a class=\"ez-toc-link ez-toc-heading-1\" href=\"https:\/\/www.skalnik.pl\/blog\/czym-sie-wyroznia-menazka-harcerska\/#Do_czego_uzywa_menazki_harcerz\" >Do czego u\u017cywa mena\u017cki harcerz?<\/a><\/li><li class='ez-toc-page-1 ez-toc-heading-level-2'><a class=\"ez-toc-link ez-toc-heading-2\" href=\"https:\/\/www.skalnik.pl\/blog\/czym-sie-wyroznia-menazka-harcerska\/#Co_ma_w_sobie_menazka_harcerska\" >Co ma w sobie mena\u017cka harcerska?<\/a><\/li><li class='ez-toc-page-1 ez-toc-heading-level-2'><a class=\"ez-toc-link ez-toc-heading-3\" href=\"https:\/\/www.skalnik.pl\/blog\/czym-sie-wyroznia-menazka-harcerska\/#Menazka_dla_zucha\" >Mena\u017cka dla zucha<\/a><\/li><li class='ez-toc-page-1 ez-toc-heading-level-2'><a class=\"ez-toc-link ez-toc-heading-4\" href=\"https:\/\/www.skalnik.pl\/blog\/czym-sie-wyroznia-menazka-harcerska\/#Podsumowanie\" >Podsumowanie<\/a><\/li><\/ul><\/nav><\/div>\n<h2 class=\"wp-block-heading\"><span class=\"ez-toc-section\" id=\"Do_czego_uzywa_menazki_harcerz\"><\/span>Do czego u\u017cywa mena\u017cki harcerz?<span class=\"ez-toc-section-end\"><\/span><\/h2>\n\n\n\n<p>W tym akapicie skupi\u0119 si\u0119 na w\u0142asnych obserwacjach i do\u015bwiadczeniach. Mo\u017cliwe, \u017ce w innych \u015brodowiskach i organizacjach spos\u00f3b korzystania z udogodnie\u0144 i patenty si\u0119 r\u00f3\u017cni\u0105. Harcerze korzystaj\u0105 z mena\u017cek g\u0142\u00f3wnie na wyjazdach grupowych, nie b\u0119d\u0105 gotowa\u0107 indywidualnie, tylko opiera\u0107 si\u0119 na \u017cywieniu ca\u0142ej ekipy. Dlatego te\u017c, raczej traktuje si\u0119 mena\u017cki jako naczynie do jedzenia a nie przygotowania posi\u0142ku, gdy w ruch idzie na przyk\u0142ad <a href=\"https:\/\/skalnik.pl\/sprzet-turystyczny\/camping\/camping-kuchenki\">kuchenka turystyczna<\/a>. Wobec tego wygod\u0119 spo\u017cywania z niej przedstawimy ponad korzy\u015bci p\u0142yn\u0105ce z \u201ekucharskich patent\u00f3w\u201d. Dodatkowo zawsze jest przynajmniej jako-taki dost\u0119p do wody i \u015brodk\u00f3w czysto\u015bci (w\u0119\u017ce ogrodowe, koryta z naniesion\u0105 wod\u0105, b\u0105d\u017a po prostu infrastruktura wojskowa i rozk\u0142adane umywalnie). Dzi\u0119ki temu zadbanie o czysto\u015b\u0107 mena\u017cki b\u0119dzie prostsze. Przydatne s\u0105 r\u00f3wnie\u017c wszelkiego rodzaju pow\u0142oki zapewniaj\u0105ce mniejsze przywieranie. Nie s\u0105 one tak istotne, jak w przypadku gotowania na szlaku, ale zawsze przyjemniej si\u0119 zmywa powierzchowne zabrudzenia, zamiast zakotwiczonych g\u0142\u0119boko \u015blad\u00f3w.<\/p>\n\n\n\n<p>&nbsp;<\/p>\n\n\n\n<div class=\"wp-block-image\"><figure class=\"aligncenter size-large\"><img loading=\"lazy\" decoding=\"async\" width=\"1024\" height=\"829\" src=\"https:\/\/skalnik.pl\/blog\/wp-content\/uploads\/2020\/07\/Ognisko-obiad.jpeg\" alt=\"Ognisko obiad\" class=\"wp-image-13229\" srcset=\"https:\/\/www.skalnik.pl\/blog\/wp-content\/uploads\/2020\/07\/Ognisko-obiad.jpeg 1024w, https:\/\/www.skalnik.pl\/blog\/wp-content\/uploads\/2020\/07\/Ognisko-obiad-300x243.jpeg 300w, https:\/\/www.skalnik.pl\/blog\/wp-content\/uploads\/2020\/07\/Ognisko-obiad-768x622.jpeg 768w\" sizes=\"auto, (max-width: 1024px) 100vw, 1024px\" \/><figcaption><em>Harcerz zwykle korzysta ze zbiorowej kuchni. Mena\u017ck\u0119 traktuje wi\u0119c jako naczynie do spo\u017cywania posi\u0142ku<\/em><\/figcaption><\/figure><\/div>\n\n\n\n<p>Przewa\u017cnie te\u017c s\u0105 to mena\u017cki u\u017cywane na obozach stacjonarnych i kilku wyjazdach weekendowych w skali roku. S\u0105 oczywi\u015bcie obozy w\u0119drowne, ale to bardzo przypomina typowe wykorzystanie naczy\u0144 turystycznych, wi\u0119c z powodzeniem mo\u017cna si\u0119 posi\u0142kowa\u0107 \u017ar\u00f3d\u0142ami doradzaj\u0105cymi wyb\u00f3r takowych. Stacjonarno\u015b\u0107 obozu daje nam wiele plus\u00f3w. Najwi\u0119kszym z nich jest niemal\u017ce brak ogranicze\u0144 co do wielko\u015bci mena\u017cki i wyboru materia\u0142u, z kt\u00f3rego jest zrobiona. Wielko\u015b\u0107 ma znaczenie z dw\u00f3ch powod\u00f3w \u2013 do wi\u0119kszej mena\u017cki kucharki zawsze rzuc\u0105 wi\u0119cej, \u017ceby si\u0119 optycznie porcja zgadza\u0142a \ud83d\ude09 a poza tym jest wygodniej z niej po prostu je\u015b\u0107. Nie trzeba si\u0119 martwi\u0107, \u017ce co\u015b spadnie, albo si\u0119 nie zmie\u015bci.<\/p>\n\n\n\n<p>Dowolno\u015b\u0107 wyboru materia\u0142u z kolei, jest o tyle dobra, \u017ce naszym wyborem mo\u017ce by\u0107 mena\u017cka stalowa. Zapewni to spokojny sen rodzicom, kt\u00f3rzy boj\u0105 si\u0119 o dodatek aluminium w jedzeniu swoich pociech. Zupe\u0142nie nies\u0142usznie, bo to spadek z okresu PRLu i \u00f3wczesnych naczy\u0144. Dzi\u015b s\u0105 ju\u017c one odpowiednio zabezpieczone, wi\u0119c nawet przy d\u0142ugotrwa\u0142ym u\u017cytku nie b\u0119d\u0105 szkodliwe dla zdrowia.<\/p>\n\n\n\n<h2 class=\"wp-block-heading\"><span class=\"ez-toc-section\" id=\"Co_ma_w_sobie_menazka_harcerska\"><\/span>Co ma w sobie mena\u017cka harcerska?<span class=\"ez-toc-section-end\"><\/span><\/h2>\n\n\n\n<p>Czego oczekiwa\u0142bym od mena\u017cki harcerskiej? Przede wszystkim funkcjonalnych dw\u00f3ch element\u00f3w \u2013 talerza oraz cz\u0119\u015bci g\u0142\u0119bokiej. \u201eFunkcjonalnych\u201d to znaczy na tyle szerokich, \u017ceby nie powodowa\u0142y problem\u00f3w, o kt\u00f3rych pisa\u0142em wy\u017cej oraz mia\u0142y odpowiedni\u0105 g\u0142\u0119boko\u015b\u0107. Zbyt wysokie \u015bcianki w talerzu (pokrywce) b\u0119d\u0105 przeszkadza\u0107 przy jedzeniu drugiego dania, a zbyt niskie w \u201emisce\u201d zdyskwalifikuj\u0105 j\u0105 w kategorii \u201ewygodne naczynie na zup\u0119\u201d. Dodatkowo przydatnym detalem jest wyprofilowanie p\u0142ytkiego elementu tak, aby wchodzi\u0142 na cz\u0119\u015b\u0107 g\u0142\u0119bok\u0105 w \u201eodwrotn\u0105\u201d stron\u0119. Innymi s\u0142owy, \u017ceby maj\u0105c zup\u0119 da\u0142o si\u0119 na to stabilnie po\u0142o\u017cy\u0107 drugie danie i zje\u015b\u0107 w tej konfiguracji. Miejsca na stole zwykle jest zbyt ma\u0142o, \u017ceby k\u0142a\u015b\u0107 ca\u0142y zestaw \u2013 dwie cz\u0119\u015bci mena\u017cki, kubek, <a href=\"https:\/\/skalnik.pl\/sprzet-turystyczny\/camping\/camping-sztucce-niezbedniki\">sztu\u0107ce<\/a>, dlatego taka \u201ewie\u017ca\u201d pomaga zje\u015b\u0107 w komforcie. Kolejnym plusem jest wolniejsze stygni\u0119cie obu da\u0144 \u2013 to z do\u0142u jest przykryte, wi\u0119c nie paruje, a to z g\u00f3ry jest grzane od do\u0142u.<\/p>\n\n\n\n<p>Drugim wa\u017cnym elementem jest uchwyt \u2013 musi by\u0107 mocny, sztywny i wygodny do trzymania. Wiele razy widywa\u0142em, jak u\u017cytkownikom sprawia\u0142o problem przeniesienie jedzenia o 20-30 metr\u00f3w. Problem dla nich by\u0142 tym wi\u0119kszy, \u017ce musieli robi\u0107 to co najmniej raz dziennie przez trzy tygodnie. Naprawd\u0119 warto zadba\u0107 o ten element, \u017ceby potem co dnia nie prowadzi\u0107 walki o doniesienie obiadu. Dla mnie wygodniejsze s\u0105 uchwyty montowane \u201ena sta\u0142e\u201d. R\u0105czki uniwersalne, kt\u00f3rymi \u0142apie si\u0119 mena\u017ck\u0119 za \u015bciank\u0119 nie sprawdzaj\u0105 si\u0119 tak dobrze. Uniemo\u017cliwiaj\u0105 te\u017c po\u0142o\u017cenie talerza na cz\u0119\u015bci g\u0142\u0119bokiej, wi\u0119c ca\u0142y plan z \u201ewie\u017c\u0105\u201d spala na panewce.<\/p>\n\n\n\n<p>Poza posi\u0142kami mena\u017cki te\u017c mog\u0105 by\u0107 bardziej lub mniej u\u017cyteczne. Wa\u017cne jest, aby by\u0142o za co powiesi\u0107 naczynie, gdy\u017c tak sp\u0119dzaj\u0105 wi\u0119kszo\u015b\u0107 czasu na wyjazdach. Zwykle uchwyt to umo\u017cliwia, ale warto si\u0119 upewni\u0107. Ostatni\u0105, ale chyba najbardziej istotn\u0105 spraw\u0105 \u201epozaposi\u0142kow\u0105\u201d, jest miejsce na podpis. Niestety wszelkiego rodzaju markery si\u0119 \u015bcieraj\u0105, a to, \u017ce kto\u015b inny w obozie b\u0119dzie mie\u0107 dok\u0142adnie tak\u0105 sam\u0105 mena\u017ck\u0119 jest niemal\u017ce pewne. W zwi\u0105zku z tym, nale\u017cy wybiera\u0107 takie mena\u017cki, kt\u00f3re maj\u0105 miejsce dost\u0119pne i podatne na personalizacje. Teoretycznie wystarczy odpowiednio uderzy\u0107 i zapami\u0119ta\u0107 uk\u0142ad rys (dlatego mena\u017cki harcerskie zwykle wygl\u0105daj\u0105 jak po najci\u0119\u017cszych prze\u017cyciach), ale bardziej estetycznie i skuteczniej b\u0119dzie wygrawerowa\u0107 lub wybi\u0107 swoje imi\u0119 i nazwisko. Najlepiej w ca\u0142o\u015bci, bo inicja\u0142y te\u017c si\u0119 powtarzaj\u0105.<\/p>\n\n\n\n<p>&nbsp;<\/p>\n\n\n\n<div class=\"wp-block-image\"><figure class=\"aligncenter size-large\"><img loading=\"lazy\" decoding=\"async\" width=\"1024\" height=\"683\" src=\"https:\/\/skalnik.pl\/blog\/wp-content\/uploads\/2020\/07\/Mena\u017cki-harcerskie.jpeg\" alt=\"Mena\u017cki harcerskie\" class=\"wp-image-13227\" srcset=\"https:\/\/www.skalnik.pl\/blog\/wp-content\/uploads\/2020\/07\/Mena\u017cki-harcerskie.jpeg 1024w, https:\/\/www.skalnik.pl\/blog\/wp-content\/uploads\/2020\/07\/Mena\u017cki-harcerskie-300x200.jpeg 300w, https:\/\/www.skalnik.pl\/blog\/wp-content\/uploads\/2020\/07\/Mena\u017cki-harcerskie-768x512.jpeg 768w\" sizes=\"auto, (max-width: 1024px) 100vw, 1024px\" \/><figcaption><em>Na obozie czasem ci\u0119\u017cko odr\u00f3\u017cni\u0107 swoj\u0105 mena\u017ck\u0119 od innych<\/em>. Warto wi\u0119c postawi\u0107 na grawer<\/figcaption><\/figure><\/div>\n\n\n\n<h2 class=\"wp-block-heading\"><span class=\"ez-toc-section\" id=\"Menazka_dla_zucha\"><\/span>Mena\u017cka dla zucha<span class=\"ez-toc-section-end\"><\/span><\/h2>\n\n\n\n<p>Zuchy, to tacy harcerze, tylko mniejsi. Analogicznie mo\u017cna dokona\u0107 wyboru mena\u017cki \u2013 powinno si\u0119 dopasowa\u0107 rozmiar naczynia do osoby z niego korzystaj\u0105cej. Warunki, w kt\u00f3rych sprz\u0119tu u\u017cywa zuch i harcerz s\u0105 podobne, nawet maluchom zdarza si\u0119 gotowa\u0107 co\u015b na ognisku. Je\u015bli dzieci s\u0105 ma\u0142e, warto wzi\u0105\u0107 pod uwag\u0119, \u017ce cz\u0119\u015bciej b\u0119d\u0105 te mena\u017cki gubi\u0107. Dobrym pomys\u0142em jest zapakowa\u0107 wszystko w charakterystyczny (najlepiej zrobiony wsp\u00f3lnie z dzieckiem) worek. Pokrowiec z ulubionym motywem z bajki u\u017cytkownika nie tylko wzbudzi podziw w\u015br\u00f3d wsp\u00f3\u0142towarzyszy i kadry, ale pozwoli szybko odr\u00f3\u017cni\u0107 jeden zestaw od drugiego. Wa\u017cnym elementem, kt\u00f3ry powinna posiada\u0107 mena\u017cka dla zucha, s\u0105 wy\u017cej wspomniane podpisy na naczyniach. Dzieciakom cz\u0119sto zdarza si\u0119 zapomnie\u0107 jak wygl\u0105da\u0142y ich mena\u017cki, wi\u0119c grawer b\u0119dzie nieocenion\u0105 pomoc\u0105.<\/p>\n\n\n\n<h2 class=\"wp-block-heading\"><span class=\"ez-toc-section\" id=\"Podsumowanie\"><\/span>Podsumowanie<span class=\"ez-toc-section-end\"><\/span><\/h2>\n\n\n\n<p><a href=\"https:\/\/skalnik.pl\/sprzet-turystyczny\/camping\/camping-menazki-i-naczynia\">Mena\u017cka harcerska<\/a> od turystycznej daleko nie le\u017cy, jednak warto zadba\u0107 o wyb\u00f3r \u201etej w\u0142a\u015bciwej\u201d. Zapewni to o wiele wi\u0119ksz\u0105 wygod\u0119 i pozwoli unikn\u0105\u0107 szeregu problem\u00f3w zwi\u0105zanych z u\u017cywaniem naczy\u0144 w specyficznych, obozowo-biwakowych warunkach. Pami\u0119tajcie, aby rozmiar obu cz\u0119\u015bci dobra\u0107 do swoich potrzeb i mo\u017cliwo\u015bci, nie zawsze warto bra\u0107 najwi\u0119ksz\u0105, a zbyt ma\u0142a cz\u0119sto b\u0119dzie irytowa\u0107. Do tego przydatny b\u0119dzie metalowy kubek, kt\u00f3ry nie zbije si\u0119 upuszczony na korze\u0144, ani nie zgniecie w plecaku jak plastikowy. Oraz najwa\u017cniejsze \u2013 pilnujcie swoich mena\u017cek na obozach i wyjazdach, bo co nam po najwygodniejszych, ale zgubionych naczyniach \ud83d\ude09<\/p>\n","protected":false},"excerpt":{"rendered":"<p>Twojego dziecko jedzie na ob\u00f3z harcerski? W jego plecaku nie mo\u017ce zabrakn\u0105\u0107 mena\u017cki. Sprawd\u017a czym charakteryzuje si\u0119 dobra mena\u017cka harcerska<\/p>\n","protected":false},"author":36,"featured_media":13228,"comment_status":"open","ping_status":"open","sticky":false,"template":"","format":"standard","meta":{"_acf_changed":false,"footnotes":""},"categories":[3],"tags":[88,95],"magento_category":[],"magento_product":[],"class_list":["post-13217","post","type-post","status-publish","format-standard","has-post-thumbnail","hentry","category-porady","tag-kemping","tag-sprzet-turystyczny"],"acf":[],"aioseo_notices":[],"aioseo_head":"\n\t\t<!-- All in One SEO 4.9.10 - aioseo.com -->\n\t<meta name=\"description\" content=\"Mena\u017cka to podstawowa rzecz w ekwipunku harcerza. Dowiedz si\u0119 czym mena\u017cka harcerska r\u00f3\u017cni si\u0119 od turystycznej oraz jak wybra\u0107 mena\u017ck\u0119 dla harcerza i zucha.\" \/>\n\t<meta name=\"robots\" content=\"max-image-preview:large\" \/>\n\t<meta name=\"author\" content=\"Krzysztof Ostry\u017cniuk\"\/>\n\t<link rel=\"canonical\" href=\"https:\/\/www.skalnik.pl\/blog\/czym-sie-wyroznia-menazka-harcerska\/\" \/>\n\t<meta name=\"generator\" content=\"All in One SEO (AIOSEO) 4.9.10\" \/>\n\t\t<meta property=\"og:locale\" content=\"pl_PL\" \/>\n\t\t<meta property=\"og:site_name\" content=\"blog Skalnik - Blog, porady, artyku\u0142y - blog Skalnik\" \/>\n\t\t<meta property=\"og:type\" content=\"article\" \/>\n\t\t<meta property=\"og:title\" content=\"Czym si\u0119 wyr\u00f3\u017cnia mena\u017cka harcerska - blog Skalnik\" \/>\n\t\t<meta property=\"og:description\" content=\"Mena\u017cka to podstawowa rzecz w ekwipunku harcerza. Dowiedz si\u0119 czym mena\u017cka harcerska r\u00f3\u017cni si\u0119 od turystycznej oraz jak wybra\u0107 mena\u017ck\u0119 dla harcerza i zucha.\" \/>\n\t\t<meta property=\"og:url\" content=\"https:\/\/www.skalnik.pl\/blog\/czym-sie-wyroznia-menazka-harcerska\/\" \/>\n\t\t<meta property=\"og:image\" content=\"https:\/\/skalnik.pl\/blog\/wp-content\/uploads\/2020\/07\/Ognisko-obiad.jpeg\" \/>\n\t\t<meta property=\"og:image:secure_url\" content=\"https:\/\/skalnik.pl\/blog\/wp-content\/uploads\/2020\/07\/Ognisko-obiad.jpeg\" \/>\n\t\t<meta property=\"article:tag\" content=\"porady\" \/>\n\t\t<meta property=\"article:tag\" content=\"kemping\" \/>\n\t\t<meta property=\"article:tag\" content=\"sprz\u0119t turystyczny\" \/>\n\t\t<meta property=\"article:published_time\" content=\"2020-08-03T05:53:00+00:00\" \/>\n\t\t<meta property=\"article:modified_time\" content=\"2021-01-08T13:38:46+00:00\" \/>\n\t\t<meta name=\"twitter:card\" content=\"summary_large_image\" \/>\n\t\t<meta name=\"twitter:title\" content=\"Czym si\u0119 wyr\u00f3\u017cnia mena\u017cka harcerska - blog Skalnik\" \/>\n\t\t<meta name=\"twitter:description\" content=\"Mena\u017cka to podstawowa rzecz w ekwipunku harcerza. Dowiedz si\u0119 czym mena\u017cka harcerska r\u00f3\u017cni si\u0119 od turystycznej oraz jak wybra\u0107 mena\u017ck\u0119 dla harcerza i zucha.\" \/>\n\t\t<meta name=\"twitter:image\" content=\"https:\/\/skalnik.pl\/blog\/wp-content\/uploads\/2020\/07\/Ognisko-obiad.jpeg\" \/>\n\t\t<script type=\"application\/ld+json\" class=\"aioseo-schema\">\n\t\t\t{\"@context\":\"https:\\\/\\\/schema.org\",\"@graph\":[{\"@type\":\"BlogPosting\",\"@id\":\"https:\\\/\\\/www.skalnik.pl\\\/blog\\\/czym-sie-wyroznia-menazka-harcerska\\\/#blogposting\",\"name\":\"Czym si\\u0119 wyr\\u00f3\\u017cnia mena\\u017cka harcerska - blog Skalnik\",\"headline\":\"Czym si\\u0119 wyr\\u00f3\\u017cnia mena\\u017cka harcerska\",\"author\":{\"@id\":\"https:\\\/\\\/www.skalnik.pl\\\/blog\\\/author\\\/krzysztof-ostryzniuk\\\/#author\"},\"publisher\":{\"@id\":\"https:\\\/\\\/www.skalnik.pl\\\/blog\\\/#organization\"},\"image\":{\"@type\":\"ImageObject\",\"url\":\"https:\\\/\\\/www.skalnik.pl\\\/blog\\\/wp-content\\\/uploads\\\/2020\\\/07\\\/Ob\\u00f3z-harcerski.jpeg\",\"width\":1920,\"height\":705,\"caption\":\"Ob\\u00f3z harcerski\"},\"datePublished\":\"2020-08-03T07:53:00+02:00\",\"dateModified\":\"2021-01-08T14:38:46+02:00\",\"inLanguage\":\"pl-PL\",\"mainEntityOfPage\":{\"@id\":\"https:\\\/\\\/www.skalnik.pl\\\/blog\\\/czym-sie-wyroznia-menazka-harcerska\\\/#webpage\"},\"isPartOf\":{\"@id\":\"https:\\\/\\\/www.skalnik.pl\\\/blog\\\/czym-sie-wyroznia-menazka-harcerska\\\/#webpage\"},\"articleSection\":\"Porady, kemping, sprz\\u0119t turystyczny\"},{\"@type\":\"BreadcrumbList\",\"@id\":\"https:\\\/\\\/www.skalnik.pl\\\/blog\\\/czym-sie-wyroznia-menazka-harcerska\\\/#breadcrumblist\",\"itemListElement\":[{\"@type\":\"ListItem\",\"@id\":\"https:\\\/\\\/www.skalnik.pl\\\/blog#listItem\",\"position\":1,\"name\":\"Home\",\"item\":\"https:\\\/\\\/www.skalnik.pl\\\/blog\",\"nextItem\":{\"@type\":\"ListItem\",\"@id\":\"https:\\\/\\\/www.skalnik.pl\\\/blog\\\/.\\\/porady\\\/#listItem\",\"name\":\"Porady\"}},{\"@type\":\"ListItem\",\"@id\":\"https:\\\/\\\/www.skalnik.pl\\\/blog\\\/.\\\/porady\\\/#listItem\",\"position\":2,\"name\":\"Porady\",\"item\":\"https:\\\/\\\/www.skalnik.pl\\\/blog\\\/.\\\/porady\\\/\",\"nextItem\":{\"@type\":\"ListItem\",\"@id\":\"https:\\\/\\\/www.skalnik.pl\\\/blog\\\/czym-sie-wyroznia-menazka-harcerska\\\/#listItem\",\"name\":\"Czym si\\u0119 wyr\\u00f3\\u017cnia mena\\u017cka harcerska\"},\"previousItem\":{\"@type\":\"ListItem\",\"@id\":\"https:\\\/\\\/www.skalnik.pl\\\/blog#listItem\",\"name\":\"Home\"}},{\"@type\":\"ListItem\",\"@id\":\"https:\\\/\\\/www.skalnik.pl\\\/blog\\\/czym-sie-wyroznia-menazka-harcerska\\\/#listItem\",\"position\":3,\"name\":\"Czym si\\u0119 wyr\\u00f3\\u017cnia mena\\u017cka harcerska\",\"previousItem\":{\"@type\":\"ListItem\",\"@id\":\"https:\\\/\\\/www.skalnik.pl\\\/blog\\\/.\\\/porady\\\/#listItem\",\"name\":\"Porady\"}}]},{\"@type\":\"Organization\",\"@id\":\"https:\\\/\\\/www.skalnik.pl\\\/blog\\\/#organization\",\"name\":\"blog Skalnik\",\"description\":\"Blog, porady, artyku\\u0142y - blog Skalnik\",\"url\":\"https:\\\/\\\/www.skalnik.pl\\\/blog\\\/\"},{\"@type\":\"Person\",\"@id\":\"https:\\\/\\\/www.skalnik.pl\\\/blog\\\/author\\\/krzysztof-ostryzniuk\\\/#author\",\"url\":\"https:\\\/\\\/www.skalnik.pl\\\/blog\\\/author\\\/krzysztof-ostryzniuk\\\/\",\"name\":\"Krzysztof Ostry\\u017cniuk\",\"image\":{\"@type\":\"ImageObject\",\"@id\":\"https:\\\/\\\/www.skalnik.pl\\\/blog\\\/czym-sie-wyroznia-menazka-harcerska\\\/#authorImage\",\"url\":\"https:\\\/\\\/secure.gravatar.com\\\/avatar\\\/4600ff58a0243a08913d57bbc4055c2d277233f33a85f841ecb639e269a6697a?s=96&d=mm&r=g\",\"width\":96,\"height\":96,\"caption\":\"Krzysztof Ostry\\u017cniuk\"}},{\"@type\":\"WebPage\",\"@id\":\"https:\\\/\\\/www.skalnik.pl\\\/blog\\\/czym-sie-wyroznia-menazka-harcerska\\\/#webpage\",\"url\":\"https:\\\/\\\/www.skalnik.pl\\\/blog\\\/czym-sie-wyroznia-menazka-harcerska\\\/\",\"name\":\"Czym si\\u0119 wyr\\u00f3\\u017cnia mena\\u017cka harcerska - blog Skalnik\",\"description\":\"Mena\\u017cka to podstawowa rzecz w ekwipunku harcerza. Dowiedz si\\u0119 czym mena\\u017cka harcerska r\\u00f3\\u017cni si\\u0119 od turystycznej oraz jak wybra\\u0107 mena\\u017ck\\u0119 dla harcerza i zucha.\",\"inLanguage\":\"pl-PL\",\"isPartOf\":{\"@id\":\"https:\\\/\\\/www.skalnik.pl\\\/blog\\\/#website\"},\"breadcrumb\":{\"@id\":\"https:\\\/\\\/www.skalnik.pl\\\/blog\\\/czym-sie-wyroznia-menazka-harcerska\\\/#breadcrumblist\"},\"author\":{\"@id\":\"https:\\\/\\\/www.skalnik.pl\\\/blog\\\/author\\\/krzysztof-ostryzniuk\\\/#author\"},\"creator\":{\"@id\":\"https:\\\/\\\/www.skalnik.pl\\\/blog\\\/author\\\/krzysztof-ostryzniuk\\\/#author\"},\"image\":{\"@type\":\"ImageObject\",\"url\":\"https:\\\/\\\/www.skalnik.pl\\\/blog\\\/wp-content\\\/uploads\\\/2020\\\/07\\\/Ob\\u00f3z-harcerski.jpeg\",\"@id\":\"https:\\\/\\\/www.skalnik.pl\\\/blog\\\/czym-sie-wyroznia-menazka-harcerska\\\/#mainImage\",\"width\":1920,\"height\":705,\"caption\":\"Ob\\u00f3z harcerski\"},\"primaryImageOfPage\":{\"@id\":\"https:\\\/\\\/www.skalnik.pl\\\/blog\\\/czym-sie-wyroznia-menazka-harcerska\\\/#mainImage\"},\"datePublished\":\"2020-08-03T07:53:00+02:00\",\"dateModified\":\"2021-01-08T14:38:46+02:00\"},{\"@type\":\"WebSite\",\"@id\":\"https:\\\/\\\/www.skalnik.pl\\\/blog\\\/#website\",\"url\":\"https:\\\/\\\/www.skalnik.pl\\\/blog\\\/\",\"name\":\"blog Skalnik\",\"description\":\"Blog, porady, artyku\\u0142y - blog Skalnik\",\"inLanguage\":\"pl-PL\",\"publisher\":{\"@id\":\"https:\\\/\\\/www.skalnik.pl\\\/blog\\\/#organization\"}}]}\n\t\t<\/script>\n\t\t<!-- All in One SEO -->\n\n","aioseo_head_json":{"title":"Czym si\u0119 wyr\u00f3\u017cnia mena\u017cka harcerska - blog Skalnik","description":"Mena\u017cka to podstawowa rzecz w ekwipunku harcerza. Dowiedz si\u0119 czym mena\u017cka harcerska r\u00f3\u017cni si\u0119 od turystycznej oraz jak wybra\u0107 mena\u017ck\u0119 dla harcerza i zucha.","canonical_url":"https:\/\/www.skalnik.pl\/blog\/czym-sie-wyroznia-menazka-harcerska\/","robots":"max-image-preview:large","keywords":"","webmasterTools":{"miscellaneous":""},"schema":{"@context":"https:\/\/schema.org","@graph":[{"@type":"BlogPosting","@id":"https:\/\/www.skalnik.pl\/blog\/czym-sie-wyroznia-menazka-harcerska\/#blogposting","name":"Czym si\u0119 wyr\u00f3\u017cnia mena\u017cka harcerska - blog Skalnik","headline":"Czym si\u0119 wyr\u00f3\u017cnia mena\u017cka harcerska","author":{"@id":"https:\/\/www.skalnik.pl\/blog\/author\/krzysztof-ostryzniuk\/#author"},"publisher":{"@id":"https:\/\/www.skalnik.pl\/blog\/#organization"},"image":{"@type":"ImageObject","url":"https:\/\/www.skalnik.pl\/blog\/wp-content\/uploads\/2020\/07\/Ob\u00f3z-harcerski.jpeg","width":1920,"height":705,"caption":"Ob\u00f3z harcerski"},"datePublished":"2020-08-03T07:53:00+02:00","dateModified":"2021-01-08T14:38:46+02:00","inLanguage":"pl-PL","mainEntityOfPage":{"@id":"https:\/\/www.skalnik.pl\/blog\/czym-sie-wyroznia-menazka-harcerska\/#webpage"},"isPartOf":{"@id":"https:\/\/www.skalnik.pl\/blog\/czym-sie-wyroznia-menazka-harcerska\/#webpage"},"articleSection":"Porady, kemping, sprz\u0119t turystyczny"},{"@type":"BreadcrumbList","@id":"https:\/\/www.skalnik.pl\/blog\/czym-sie-wyroznia-menazka-harcerska\/#breadcrumblist","itemListElement":[{"@type":"ListItem","@id":"https:\/\/www.skalnik.pl\/blog#listItem","position":1,"name":"Home","item":"https:\/\/www.skalnik.pl\/blog","nextItem":{"@type":"ListItem","@id":"https:\/\/www.skalnik.pl\/blog\/.\/porady\/#listItem","name":"Porady"}},{"@type":"ListItem","@id":"https:\/\/www.skalnik.pl\/blog\/.\/porady\/#listItem","position":2,"name":"Porady","item":"https:\/\/www.skalnik.pl\/blog\/.\/porady\/","nextItem":{"@type":"ListItem","@id":"https:\/\/www.skalnik.pl\/blog\/czym-sie-wyroznia-menazka-harcerska\/#listItem","name":"Czym si\u0119 wyr\u00f3\u017cnia mena\u017cka harcerska"},"previousItem":{"@type":"ListItem","@id":"https:\/\/www.skalnik.pl\/blog#listItem","name":"Home"}},{"@type":"ListItem","@id":"https:\/\/www.skalnik.pl\/blog\/czym-sie-wyroznia-menazka-harcerska\/#listItem","position":3,"name":"Czym si\u0119 wyr\u00f3\u017cnia mena\u017cka harcerska","previousItem":{"@type":"ListItem","@id":"https:\/\/www.skalnik.pl\/blog\/.\/porady\/#listItem","name":"Porady"}}]},{"@type":"Organization","@id":"https:\/\/www.skalnik.pl\/blog\/#organization","name":"blog Skalnik","description":"Blog, porady, artyku\u0142y - blog Skalnik","url":"https:\/\/www.skalnik.pl\/blog\/"},{"@type":"Person","@id":"https:\/\/www.skalnik.pl\/blog\/author\/krzysztof-ostryzniuk\/#author","url":"https:\/\/www.skalnik.pl\/blog\/author\/krzysztof-ostryzniuk\/","name":"Krzysztof Ostry\u017cniuk","image":{"@type":"ImageObject","@id":"https:\/\/www.skalnik.pl\/blog\/czym-sie-wyroznia-menazka-harcerska\/#authorImage","url":"https:\/\/secure.gravatar.com\/avatar\/4600ff58a0243a08913d57bbc4055c2d277233f33a85f841ecb639e269a6697a?s=96&d=mm&r=g","width":96,"height":96,"caption":"Krzysztof Ostry\u017cniuk"}},{"@type":"WebPage","@id":"https:\/\/www.skalnik.pl\/blog\/czym-sie-wyroznia-menazka-harcerska\/#webpage","url":"https:\/\/www.skalnik.pl\/blog\/czym-sie-wyroznia-menazka-harcerska\/","name":"Czym si\u0119 wyr\u00f3\u017cnia mena\u017cka harcerska - blog Skalnik","description":"Mena\u017cka to podstawowa rzecz w ekwipunku harcerza. Dowiedz si\u0119 czym mena\u017cka harcerska r\u00f3\u017cni si\u0119 od turystycznej oraz jak wybra\u0107 mena\u017ck\u0119 dla harcerza i zucha.","inLanguage":"pl-PL","isPartOf":{"@id":"https:\/\/www.skalnik.pl\/blog\/#website"},"breadcrumb":{"@id":"https:\/\/www.skalnik.pl\/blog\/czym-sie-wyroznia-menazka-harcerska\/#breadcrumblist"},"author":{"@id":"https:\/\/www.skalnik.pl\/blog\/author\/krzysztof-ostryzniuk\/#author"},"creator":{"@id":"https:\/\/www.skalnik.pl\/blog\/author\/krzysztof-ostryzniuk\/#author"},"image":{"@type":"ImageObject","url":"https:\/\/www.skalnik.pl\/blog\/wp-content\/uploads\/2020\/07\/Ob\u00f3z-harcerski.jpeg","@id":"https:\/\/www.skalnik.pl\/blog\/czym-sie-wyroznia-menazka-harcerska\/#mainImage","width":1920,"height":705,"caption":"Ob\u00f3z harcerski"},"primaryImageOfPage":{"@id":"https:\/\/www.skalnik.pl\/blog\/czym-sie-wyroznia-menazka-harcerska\/#mainImage"},"datePublished":"2020-08-03T07:53:00+02:00","dateModified":"2021-01-08T14:38:46+02:00"},{"@type":"WebSite","@id":"https:\/\/www.skalnik.pl\/blog\/#website","url":"https:\/\/www.skalnik.pl\/blog\/","name":"blog Skalnik","description":"Blog, porady, artyku\u0142y - blog Skalnik","inLanguage":"pl-PL","publisher":{"@id":"https:\/\/www.skalnik.pl\/blog\/#organization"}}]},"og:locale":"pl_PL","og:site_name":"blog Skalnik - Blog, porady, artyku\u0142y - blog Skalnik","og:type":"article","og:title":"Czym si\u0119 wyr\u00f3\u017cnia mena\u017cka harcerska - blog Skalnik","og:description":"Mena\u017cka to podstawowa rzecz w ekwipunku harcerza. Dowiedz si\u0119 czym mena\u017cka harcerska r\u00f3\u017cni si\u0119 od turystycznej oraz jak wybra\u0107 mena\u017ck\u0119 dla harcerza i zucha.","og:url":"https:\/\/www.skalnik.pl\/blog\/czym-sie-wyroznia-menazka-harcerska\/","og:image":"https:\/\/skalnik.pl\/blog\/wp-content\/uploads\/2020\/07\/Ognisko-obiad.jpeg","og:image:secure_url":"https:\/\/skalnik.pl\/blog\/wp-content\/uploads\/2020\/07\/Ognisko-obiad.jpeg","article:tag":["porady","kemping","sprz\u0119t turystyczny"],"article:published_time":"2020-08-03T05:53:00+00:00","article:modified_time":"2021-01-08T13:38:46+00:00","twitter:card":"summary_large_image","twitter:title":"Czym si\u0119 wyr\u00f3\u017cnia mena\u017cka harcerska - blog Skalnik","twitter:description":"Mena\u017cka to podstawowa rzecz w ekwipunku harcerza. Dowiedz si\u0119 czym mena\u017cka harcerska r\u00f3\u017cni si\u0119 od turystycznej oraz jak wybra\u0107 mena\u017ck\u0119 dla harcerza i zucha.","twitter:image":"https:\/\/skalnik.pl\/blog\/wp-content\/uploads\/2020\/07\/Ognisko-obiad.jpeg"},"aioseo_meta_data":{"post_id":"13217","title":null,"description":"Mena\u017cka to podstawowa rzecz w ekwipunku harcerza. Dowiedz si\u0119 czym mena\u017cka harcerska r\u00f3\u017cni si\u0119 od turystycznej oraz jak wybra\u0107 mena\u017ck\u0119 dla harcerza i zucha.","keywords":[{"label":"mena\u017cka harcerska","value":"mena\u017cka harcerska"},{"label":"mena\u017cki","value":"mena\u017cki"},{"label":"mena\u017cka stalowa","value":"mena\u017cka stalowa"}],"keyphrases":null,"primary_term":null,"canonical_url":"","og_title":null,"og_description":null,"og_object_type":"default","og_image_type":"default","og_image_url":null,"og_image_width":null,"og_image_height":null,"og_image_custom_url":null,"og_image_custom_fields":null,"og_video":null,"og_custom_url":null,"og_article_section":null,"og_article_tags":null,"twitter_use_og":false,"twitter_card":"default","twitter_image_type":"default","twitter_image_url":null,"twitter_image_custom_url":null,"twitter_image_custom_fields":null,"twitter_title":null,"twitter_description":null,"schema":{"blockGraphs":[],"customGraphs":[],"default":{"data":{"Article":[],"Course":[],"Dataset":[],"FAQPage":[],"Movie":[],"Person":[],"Product":[],"ProductReview":[],"Car":[],"Recipe":[],"Service":[],"SoftwareApplication":[],"WebPage":[]},"graphName":"BlogPosting","isEnabled":true},"graphs":[]},"schema_type":"default","schema_type_options":null,"pillar_content":false,"robots_default":true,"robots_noindex":false,"robots_noarchive":false,"robots_nosnippet":false,"robots_nofollow":false,"robots_noimageindex":false,"robots_noodp":false,"robots_notranslate":false,"robots_max_snippet":null,"robots_max_videopreview":null,"robots_max_imagepreview":"large","priority":null,"frequency":null,"local_seo":null,"breadcrumb_settings":null,"limit_modified_date":false,"ai":null,"created":"2022-08-26 10:17:06","updated":"2026-02-17 21:53:32","seo_analyzer_scan_date":null},"aioseo_breadcrumb":"<div class=\"aioseo-breadcrumbs\"><span class=\"aioseo-breadcrumb\">\n\t\t\t<a href=\"https:\/\/www.skalnik.pl\/blog\" title=\"Home\">Home<\/a>\n\t\t<\/span><span class=\"aioseo-breadcrumb-separator\">&raquo;<\/span><span class=\"aioseo-breadcrumb\">\n\t\t\t<a href=\"https:\/\/www.skalnik.pl\/blog\/.\/porady\/\" title=\"Porady\">Porady<\/a>\n\t\t<\/span><span class=\"aioseo-breadcrumb-separator\">&raquo;<\/span><span class=\"aioseo-breadcrumb\">\n\t\t\tCzym si\u0119 wyr\u00f3\u017cnia mena\u017cka harcerska\n\t\t<\/span><\/div>","aioseo_breadcrumb_json":[{"label":"Home","link":"https:\/\/www.skalnik.pl\/blog"},{"label":"Porady","link":"https:\/\/www.skalnik.pl\/blog\/.\/porady\/"},{"label":"Czym si\u0119 wyr\u00f3\u017cnia mena\u017cka harcerska","link":"https:\/\/www.skalnik.pl\/blog\/czym-sie-wyroznia-menazka-harcerska\/"}],"_links":{"self":[{"href":"https:\/\/www.skalnik.pl\/blog\/wp-json\/wp\/v2\/posts\/13217","targetHints":{"allow":["GET"]}}],"collection":[{"href":"https:\/\/www.skalnik.pl\/blog\/wp-json\/wp\/v2\/posts"}],"about":[{"href":"https:\/\/www.skalnik.pl\/blog\/wp-json\/wp\/v2\/types\/post"}],"author":[{"embeddable":true,"href":"https:\/\/www.skalnik.pl\/blog\/wp-json\/wp\/v2\/users\/36"}],"replies":[{"embeddable":true,"href":"https:\/\/www.skalnik.pl\/blog\/wp-json\/wp\/v2\/comments?post=13217"}],"version-history":[{"count":12,"href":"https:\/\/www.skalnik.pl\/blog\/wp-json\/wp\/v2\/posts\/13217\/revisions"}],"predecessor-version":[{"id":15497,"href":"https:\/\/www.skalnik.pl\/blog\/wp-json\/wp\/v2\/posts\/13217\/revisions\/15497"}],"wp:featuredmedia":[{"embeddable":true,"href":"https:\/\/www.skalnik.pl\/blog\/wp-json\/wp\/v2\/media\/13228"}],"wp:attachment":[{"href":"https:\/\/www.skalnik.pl\/blog\/wp-json\/wp\/v2\/media?parent=13217"}],"wp:term":[{"taxonomy":"category","embeddable":true,"href":"https:\/\/www.skalnik.pl\/blog\/wp-json\/wp\/v2\/categories?post=13217"},{"taxonomy":"post_tag","embeddable":true,"href":"https:\/\/www.skalnik.pl\/blog\/wp-json\/wp\/v2\/tags?post=13217"},{"taxonomy":"magento_category","embeddable":true,"href":"https:\/\/www.skalnik.pl\/blog\/wp-json\/wp\/v2\/magento_category?post=13217"},{"taxonomy":"magento_product","embeddable":true,"href":"https:\/\/www.skalnik.pl\/blog\/wp-json\/wp\/v2\/magento_product?post=13217"}],"curies":[{"name":"wp","href":"https:\/\/api.w.org\/{rel}","templated":true}]}}