{"id":13235,"date":"2026-05-18T10:26:00","date_gmt":"2026-05-18T08:26:00","guid":{"rendered":"https:\/\/skalnik.pl\/blog\/?p=13235"},"modified":"2026-07-15T13:54:31","modified_gmt":"2026-07-15T11:54:31","slug":"dla-kogo-via-ferraty","status":"publish","type":"post","link":"https:\/\/www.skalnik.pl\/blog\/dla-kogo-via-ferraty\/","title":{"rendered":"Dla kogo via ferraty?"},"content":{"rendered":"\n<p><strong>Via ferrata to szlak w g\u00f3rach, kt\u00f3ry \u0142\u0105czy w sobie w\u0119dr\u00f3wk\u0119 wysokog\u00f3rsk\u0105 (hiking) oraz wspinaczk\u0119. Je\u015bli masz za sob\u0105 w\u0119dr\u00f3wki po g\u00f3rach typu alpejskiego i czego\u015b ci w nich brakuje, a jednocze\u015bnie wiesz, \u017ce wspinaczka sportowa nie do ko\u0144ca ci odpowiada, spr\u00f3buj dr\u00f3g via ferrata.<\/strong><\/p>\n\n\n\n<p>Z tego artyku\u0142u dowiesz si\u0119:<\/p>\n\n\n\n<ul class=\"wp-block-list\">\n<li>czy via ferraty s\u0105 odpowiednie dla ka\u017cdego,<\/li>\n\n\n\n<li>co trzeba umie\u0107 i jaki sprz\u0119t posiada\u0107, \u017ceby je odpowiedzialnie eksplorowa\u0107,<\/li>\n\n\n\n<li>gdzie szuka\u0107 dobrych miejsc\u00f3wek na stawianie pierwszych krok\u00f3w i rozwijanie ferratowej pasji?<\/li>\n<\/ul>\n\n\n\n<div id=\"ez-toc-container\" class=\"ez-toc-v2_0_85 counter-hierarchy ez-toc-counter ez-toc-light-blue ez-toc-container-direction\">\n<div class=\"ez-toc-title-container\">\n<p class=\"ez-toc-title\" style=\"cursor:inherit\">SPIS TRE\u015aCI <\/p>\n<span class=\"ez-toc-title-toggle\"><a href=\"#\" class=\"ez-toc-pull-right ez-toc-btn ez-toc-btn-xs ez-toc-btn-default ez-toc-toggle\" aria-label=\"Prze\u0142\u0105cznik Spisu Tre\u015bci\"><span class=\"ez-toc-js-icon-con\"><span class=\"\"><span class=\"eztoc-hide\" style=\"display:none;\">Toggle<\/span><span class=\"ez-toc-icon-toggle-span\"><svg style=\"fill: #999;color:#999\" xmlns=\"http:\/\/www.w3.org\/2000\/svg\" class=\"list-377408\" width=\"20px\" height=\"20px\" viewBox=\"0 0 24 24\" fill=\"none\"><path d=\"M6 6H4v2h2V6zm14 0H8v2h12V6zM4 11h2v2H4v-2zm16 0H8v2h12v-2zM4 16h2v2H4v-2zm16 0H8v2h12v-2z\" fill=\"currentColor\"><\/path><\/svg><svg style=\"fill: #999;color:#999\" class=\"arrow-unsorted-368013\" xmlns=\"http:\/\/www.w3.org\/2000\/svg\" width=\"10px\" height=\"10px\" viewBox=\"0 0 24 24\" version=\"1.2\" baseProfile=\"tiny\"><path d=\"M18.2 9.3l-6.2-6.3-6.2 6.3c-.2.2-.3.4-.3.7s.1.5.3.7c.2.2.4.3.7.3h11c.3 0 .5-.1.7-.3.2-.2.3-.5.3-.7s-.1-.5-.3-.7zM5.8 14.7l6.2 6.3 6.2-6.3c.2-.2.3-.5.3-.7s-.1-.5-.3-.7c-.2-.2-.4-.3-.7-.3h-11c-.3 0-.5.1-.7.3-.2.2-.3.5-.3.7s.1.5.3.7z\"\/><\/svg><\/span><\/span><\/span><\/a><\/span><\/div>\n<nav><ul class='ez-toc-list ez-toc-list-level-1 ' ><li class='ez-toc-page-1 ez-toc-heading-level-2'><a class=\"ez-toc-link ez-toc-heading-1\" href=\"https:\/\/www.skalnik.pl\/blog\/dla-kogo-via-ferraty\/#Via_ferrata_%E2%80%93_co_to_jest\" >Via ferrata \u2013 co to jest?<\/a><\/li><li class='ez-toc-page-1 ez-toc-heading-level-2'><a class=\"ez-toc-link ez-toc-heading-2\" href=\"https:\/\/www.skalnik.pl\/blog\/dla-kogo-via-ferraty\/#Via_ferrata_%E2%80%93_dla_kogo_bedzie_odpowiednia\" >Via ferrata \u2013 dla kogo b\u0119dzie odpowiednia?<\/a><\/li><li class='ez-toc-page-1 ez-toc-heading-level-2'><a class=\"ez-toc-link ez-toc-heading-3\" href=\"https:\/\/www.skalnik.pl\/blog\/dla-kogo-via-ferraty\/#Wycena_trudnosci\" >Wycena trudno\u015bci<\/a><\/li><li class='ez-toc-page-1 ez-toc-heading-level-2'><a class=\"ez-toc-link ez-toc-heading-4\" href=\"https:\/\/www.skalnik.pl\/blog\/dla-kogo-via-ferraty\/#Austriacka_skala_trudnosci_A%E2%80%93G\" >Austriacka skala trudno\u015bci A\u2013G<\/a><\/li><li class='ez-toc-page-1 ez-toc-heading-level-2'><a class=\"ez-toc-link ez-toc-heading-5\" href=\"https:\/\/www.skalnik.pl\/blog\/dla-kogo-via-ferraty\/#Niemiecka_skala_K1%E2%80%93K6\" >Niemiecka skala K1\u2013K6<\/a><ul class='ez-toc-list-level-3' ><li class='ez-toc-heading-level-3'><a class=\"ez-toc-link ez-toc-heading-6\" href=\"https:\/\/www.skalnik.pl\/blog\/dla-kogo-via-ferraty\/#Uproszczona_skala_1%E2%80%933\" >Uproszczona skala 1\u20133<\/a><\/li><\/ul><\/li><li class='ez-toc-page-1 ez-toc-heading-level-2'><a class=\"ez-toc-link ez-toc-heading-7\" href=\"https:\/\/www.skalnik.pl\/blog\/dla-kogo-via-ferraty\/#Sztuczne_ulatwienia_wystepujace_na_trasach_ferrat\" >Sztuczne u\u0142atwienia wyst\u0119puj\u0105ce na trasach ferrat<\/a><ul class='ez-toc-list-level-3' ><li class='ez-toc-heading-level-3'><a class=\"ez-toc-link ez-toc-heading-8\" href=\"https:\/\/www.skalnik.pl\/blog\/dla-kogo-via-ferraty\/#Drabinki_i_stalowe_klamry\" >Drabinki i stalowe klamry<\/a><\/li><li class='ez-toc-page-1 ez-toc-heading-level-3'><a class=\"ez-toc-link ez-toc-heading-9\" href=\"https:\/\/www.skalnik.pl\/blog\/dla-kogo-via-ferraty\/#Przewieszenia\" >Przewieszenia<\/a><\/li><li class='ez-toc-page-1 ez-toc-heading-level-3'><a class=\"ez-toc-link ez-toc-heading-10\" href=\"https:\/\/www.skalnik.pl\/blog\/dla-kogo-via-ferraty\/#Mostki_linowe\" >Mostki linowe<\/a><\/li><li class='ez-toc-page-1 ez-toc-heading-level-3'><a class=\"ez-toc-link ez-toc-heading-11\" href=\"https:\/\/www.skalnik.pl\/blog\/dla-kogo-via-ferraty\/#Tyrolki\" >Tyrolki<\/a><\/li><\/ul><\/li><li class='ez-toc-page-1 ez-toc-heading-level-2'><a class=\"ez-toc-link ez-toc-heading-12\" href=\"https:\/\/www.skalnik.pl\/blog\/dla-kogo-via-ferraty\/#Sprzet_podstawowy_i_na_zaawansowane_ferraty\" >Sprz\u0119t podstawowy i na zaawansowane ferraty<\/a><ul class='ez-toc-list-level-3' ><li class='ez-toc-heading-level-3'><a class=\"ez-toc-link ez-toc-heading-13\" href=\"https:\/\/www.skalnik.pl\/blog\/dla-kogo-via-ferraty\/#Uprzaz_wspinaczkowa\" >Uprz\u0105\u017c wspinaczkowa<\/a><\/li><li class='ez-toc-page-1 ez-toc-heading-level-3'><a class=\"ez-toc-link ez-toc-heading-14\" href=\"https:\/\/www.skalnik.pl\/blog\/dla-kogo-via-ferraty\/#Lonza_z_absorberem_energii\" >Lon\u017ca z absorberem energii<\/a><\/li><li class='ez-toc-page-1 ez-toc-heading-level-3'><a class=\"ez-toc-link ez-toc-heading-15\" href=\"https:\/\/www.skalnik.pl\/blog\/dla-kogo-via-ferraty\/#Kask_wspinaczkowy\" >Kask wspinaczkowy<\/a><\/li><li class='ez-toc-page-1 ez-toc-heading-level-3'><a class=\"ez-toc-link ez-toc-heading-16\" href=\"https:\/\/www.skalnik.pl\/blog\/dla-kogo-via-ferraty\/#Rekawice_ochronne\" >R\u0119kawice ochronne<\/a><\/li><li class='ez-toc-page-1 ez-toc-heading-level-3'><a class=\"ez-toc-link ez-toc-heading-17\" href=\"https:\/\/www.skalnik.pl\/blog\/dla-kogo-via-ferraty\/#Buty_podejsciowe\" >Buty podej\u015bciowe<\/a><\/li><li class='ez-toc-page-1 ez-toc-heading-level-3'><a class=\"ez-toc-link ez-toc-heading-18\" href=\"https:\/\/www.skalnik.pl\/blog\/dla-kogo-via-ferraty\/#Dodatkowy_sprzet_na_trudniejsze_trasy\" >Dodatkowy sprz\u0119t na trudniejsze trasy<\/a><\/li><\/ul><\/li><li class='ez-toc-page-1 ez-toc-heading-level-2'><a class=\"ez-toc-link ez-toc-heading-19\" href=\"https:\/\/www.skalnik.pl\/blog\/dla-kogo-via-ferraty\/#Potencjalne_zagrozenia_na_trasie_via_ferraty\" >Potencjalne zagro\u017cenia na trasie via ferraty<\/a><ul class='ez-toc-list-level-3' ><li class='ez-toc-heading-level-3'><a class=\"ez-toc-link ez-toc-heading-20\" href=\"https:\/\/www.skalnik.pl\/blog\/dla-kogo-via-ferraty\/#Spadajace_kamienie\" >Spadaj\u0105ce kamienie<\/a><\/li><li class='ez-toc-page-1 ez-toc-heading-level-3'><a class=\"ez-toc-link ez-toc-heading-21\" href=\"https:\/\/www.skalnik.pl\/blog\/dla-kogo-via-ferraty\/#Zmienne_warunki_pogodowe\" >Zmienne warunki pogodowe<\/a><\/li><\/ul><\/li><li class='ez-toc-page-1 ez-toc-heading-level-2'><a class=\"ez-toc-link ez-toc-heading-22\" href=\"https:\/\/www.skalnik.pl\/blog\/dla-kogo-via-ferraty\/#Jak_zapobiegac_zagrozeniom_podczas_przejscia_via_ferrata\" >Jak zapobiega\u0107 zagro\u017ceniom podczas przej\u015bcia via ferrata?<\/a><\/li><li class='ez-toc-page-1 ez-toc-heading-level-2'><a class=\"ez-toc-link ez-toc-heading-23\" href=\"https:\/\/www.skalnik.pl\/blog\/dla-kogo-via-ferraty\/#Gdzie_pojechac_na_ferraty\" >Gdzie pojecha\u0107 na ferraty?<\/a><ul class='ez-toc-list-level-3' ><li class='ez-toc-heading-level-3'><a class=\"ez-toc-link ez-toc-heading-24\" href=\"https:\/\/www.skalnik.pl\/blog\/dla-kogo-via-ferraty\/#Dolomity_%E2%80%93_kolebka_via_ferrat\" >Dolomity \u2013 kolebka via ferrat<\/a><\/li><li class='ez-toc-page-1 ez-toc-heading-level-3'><a class=\"ez-toc-link ez-toc-heading-25\" href=\"https:\/\/www.skalnik.pl\/blog\/dla-kogo-via-ferraty\/#Tyrol_%E2%80%93_raj_dla_milosnikow_wyzwan\" >Tyrol \u2013 raj dla mi\u0142o\u015bnik\u00f3w wyzwa\u0144<\/a><\/li><li class='ez-toc-page-1 ez-toc-heading-level-3'><a class=\"ez-toc-link ez-toc-heading-26\" href=\"https:\/\/www.skalnik.pl\/blog\/dla-kogo-via-ferraty\/#Slowacja_i_Czechy\" >S\u0142owacja i Czechy<\/a><\/li><li class='ez-toc-page-1 ez-toc-heading-level-3'><a class=\"ez-toc-link ez-toc-heading-27\" href=\"https:\/\/www.skalnik.pl\/blog\/dla-kogo-via-ferraty\/#Hiszpania_i_Niemcy\" >Hiszpania i Niemcy<\/a><\/li><li class='ez-toc-page-1 ez-toc-heading-level-3'><a class=\"ez-toc-link ez-toc-heading-28\" href=\"https:\/\/www.skalnik.pl\/blog\/dla-kogo-via-ferraty\/#Czy_w_Polsce_sa_via_ferraty\" >Czy w Polsce s\u0105 via ferraty?<\/a><\/li><\/ul><\/li><li class='ez-toc-page-1 ez-toc-heading-level-2'><a class=\"ez-toc-link ez-toc-heading-29\" href=\"https:\/\/www.skalnik.pl\/blog\/dla-kogo-via-ferraty\/#Podsumowanie\" >Podsumowanie<\/a><\/li><\/ul><\/nav><\/div>\n<h2 class=\"wp-block-heading\"><span class=\"ez-toc-section\" id=\"Via_ferrata_%E2%80%93_co_to_jest\"><\/span>Via ferrata \u2013 co to jest?<span class=\"ez-toc-section-end\"><\/span><\/h2>\n\n\n\n<p><a href=\"https:\/\/skalnik.pl\/sprzet-wspinaczkowy\/inne\/inne-via-ferraty\" target=\"_blank\" rel=\"noopener\" title=\"\">Via ferrata<\/a> to szczeg\u00f3lny rodzaj g\u00f3rskiej trasy, kt\u00f3rej nazwa pochodzi z j\u0119zyka w\u0142oskiego i dos\u0142ownie oznacza \u201e\u017celazn\u0105 drog\u0119\u201d. Okre\u015blenie to nie jest przypadkowe \u2013 szlak prowadzi przez trudny, cz\u0119sto bardzo stromy teren skalny, ale jest wyposa\u017cony w stalowe elementy zabezpieczaj\u0105ce, kt\u00f3re umo\u017cliwiaj\u0105 jego pokonywanie osobom bez typowego do\u015bwiadczenia wspinaczkowego.<\/p>\n\n\n\n<p>Taka droga okuta w stalowe instalacje stanowi po\u0142\u0105czenie szlaku turystycznego i tego do wspinaczki. Oznacza to, \u017ce poruszamy si\u0119 w terenie skalnym podobnie jak podczas wspinania, jednak dzi\u0119ki specjalnym u\u0142atwieniom trasa jest dost\u0119pna dla turyst\u00f3w posiadaj\u0105cych odpowiedni sprz\u0119t i podstawowe umiej\u0119tno\u015bci.<\/p>\n\n\n\n<p>Najwa\u017cniejszym elementem via ferraty jest stalowa lina biegn\u0105ca wzd\u0142u\u017c ca\u0142ej trasy. To do niej przypina si\u0119 lon\u017c\u0119 z karabinkami, dzi\u0119ki czemu mo\u017cliwa jest <strong>autoasekuracja<\/strong> (samodzielne zabezpieczanie si\u0119 podczas przej\u015bcia). Opr\u00f3cz liny na trasach cz\u0119sto spotyka si\u0119 tak\u017ce inne elementy u\u0142atwiaj\u0105ce pokonywanie trudnych fragment\u00f3w, takie jak m.in. metalowe klamry wbijane w ska\u0142\u0119 czy mosty linowe lub wisz\u0105ce. Dzi\u0119ki takim rozwi\u0105zaniom nawet bardzo eksponowany teren mo\u017ce zosta\u0107 przekszta\u0142cony w atrakcyjny szlak turystyczny o charakterze przygodowym. Trzeba jednak pami\u0119ta\u0107, \u017ce via ferraty cz\u0119sto prowadz\u0105 przez urwiska, \u015bciany skalne czy w\u0105skie p\u00f3\u0142ki, dlatego wymagaj\u0105 odpowiedniego przygotowania fizycznego, odporno\u015bci na ekspozycj\u0119 oraz specjalistycznego sprz\u0119tu do autoasekuracji.<\/p>\n\n\n\n<h2 class=\"wp-block-heading\"><span class=\"ez-toc-section\" id=\"Via_ferrata_%E2%80%93_dla_kogo_bedzie_odpowiednia\"><\/span>Via ferrata \u2013 dla kogo b\u0119dzie odpowiednia?<span class=\"ez-toc-section-end\"><\/span><\/h2>\n\n\n\n<p>Cho\u0107 via ferrata umo\u017cliwia pokonywanie trudnego, skalnego terenu osobom, kt\u00f3re nie s\u0105 zawodowymi wspinaczami, nie oznacza to, \u017ce jest to aktywno\u015b\u0107 dla ka\u017cdego. Przede wszystkim wymagana jest <strong>dobra kondycja fizyczna<\/strong>, poniewa\u017c przej\u015bcie takiej trasy cz\u0119sto wi\u0105\u017ce si\u0119 z d\u0142ugotrwa\u0142ym wysi\u0142kiem, podci\u0105ganiem si\u0119 na stalowej linie czy pokonywaniem pionowych fragment\u00f3w ska\u0142y.<\/p>\n\n\n\n<p>Istotna jest r\u00f3wnie\u017c odporno\u015b\u0107 na <strong>ekspozycj\u0119 i wysoko\u015b\u0107<\/strong>. Wiele ferrat prowadzi przez bardzo ods\u0142oni\u0119ty teren \u2013 w\u0105skie p\u00f3\u0142ki skalne, mosty linowe czy pionowe \u015bciany. Osoby z silnym l\u0119kiem wysoko\u015bci mog\u0105 wi\u0119c odczuwa\u0107 du\u017cy dyskomfort podczas przej\u015bcia.<\/p>\n\n\n\n<p>Via ferraty s\u0105 szczeg\u00f3lnie polecane osobom, kt\u00f3re maj\u0105 ju\u017c pewne <strong>do\u015bwiadczenie w g\u00f3rach<\/strong> oraz podstawow\u0105 wiedz\u0119 z zakresu bezpiecze\u0144stwa i obs\u0142ugi sprz\u0119tu. Bardzo pomocne jest uko\u0144czenie <strong>kursu asekuracji<\/strong> lub kursu via ferrata, podczas kt\u00f3rych mo\u017cna nauczy\u0107 si\u0119 prawid\u0142owego korzystania z lon\u017cy, karabink\u00f3w czy kasku. Takie szkolenia wprowadzaj\u0105 tak\u017ce w podstawy <strong>wspinaczki<\/strong> i ucz\u0105 w\u0142a\u015bciwych technik poruszania si\u0119 po skalnym terenie.<\/p>\n\n\n\n<p>Dla pocz\u0105tkuj\u0105cych najlepszym rozwi\u0105zaniem s\u0105 <strong>\u0142atwe via ferraty<\/strong>, oznaczane zwykle ni\u017cszymi stopniami trudno\u015bci. Pozwalaj\u0105 one spokojnie zapozna\u0107 si\u0119 z technik\u0105 poruszania si\u0119 po stalowej linie oraz zdoby\u0107 pierwsze do\u015bwiadczenie w eksponowanym terenie. Z kolei bardziej wymagaj\u0105ce trasy przeznaczone b\u0119d\u0105 dla os\u00f3b zaawansowanych \u2013 wymagaj\u0105 bowiem pewnej si\u0142y r\u0105k, dobrej techniki wspinaczkowej oraz wi\u0119kszego do\u015bwiadczenia w poruszaniu si\u0119 po ska\u0142ach.<\/p>\n\n\n\n<h2 class=\"wp-block-heading\"><span class=\"ez-toc-section\" id=\"Wycena_trudnosci\"><\/span>Wycena trudno\u015bci<span class=\"ez-toc-section-end\"><\/span><\/h2>\n\n\n\n<p>Podobnie jak w przypadku szlak\u00f3w wspinaczkowych, tak\u017ce via ferraty posiadaj\u0105 swoj\u0105 <strong>skal\u0119 trudno\u015bci<\/strong>, kt\u00f3ra pomaga oceni\u0107 poziom techniczny trasy oraz dobra\u0107 j\u0105 do w\u0142asnych umiej\u0119tno\u015bci i kondycji.<\/p>\n\n\n\n<p>W Europie funkcjonuje kilka system\u00f3w klasyfikacji, dlatego przed wyjazdem warto wiedzie\u0107, jak je interpretowa\u0107 i por\u00f3wnywa\u0107. Cho\u0107 poszczeg\u00f3lne systemy r\u00f3\u017cni\u0105 si\u0119 oznaczeniami, ich sens pozostaje podobny. Skala trudno\u015bci uwzgl\u0119dnia przede wszystkim:<\/p>\n\n\n\n<ul class=\"wp-block-list\">\n<li>stopie\u0144 nachylenia \u015bciany,<\/li>\n\n\n\n<li>obecno\u015b\u0107 przewiesze\u0144,<\/li>\n\n\n\n<li>poziom ekspozycji (czyli ods\u0142oni\u0119cie terenu),<\/li>\n\n\n\n<li>d\u0142ugo\u015b\u0107 trudnych odcink\u00f3w,<\/li>\n\n\n\n<li>obecno\u015b\u0107 przeszk\u00f3d.<\/li>\n<\/ul>\n\n\n\n<p>Znajomo\u015b\u0107 tych oznacze\u0144 jest bardzo wa\u017cna przy planowaniu wyj\u015bcia. Pocz\u0105tkuj\u0105cy powinni wybiera\u0107 ferraty o ni\u017cszej trudno\u015bci, kt\u00f3re pozwalaj\u0105 spokojnie nauczy\u0107 si\u0119 poruszania po stalowej linie i korzystania z autoasekuracji. Z kolei bardziej wymagaj\u0105ce trasy przeznaczone s\u0105 dla os\u00f3b z do\u015bwiadczeniem w g\u00f3rach, a tak\u017ce z dobr\u0105 kondycj\u0105 fizyczn\u0105.<\/p>\n\n\n\n<p>Dzi\u0119ki systemowi oznacze\u0144 \u0142atwiej dobra\u0107 tras\u0119 odpowiedni\u0105 do swoich umiej\u0119tno\u015bci \u2013 a to jeden z najwa\u017cniejszych element\u00f3w bezpiecze\u0144stwa podczas przechodzenia via ferraty.<\/p>\n\n\n<div class=\"page_gallery\">\n\n\t\t<style type=\"text\/css\">\n\t\t\t#gallery-1 {\n\t\t\t\tmargin: auto;\n\t\t\t}\n\t\t\t#gallery-1 .gallery-item {\n\t\t\t\tfloat: left;\n\t\t\t\tmargin-top: 10px;\n\t\t\t\ttext-align: center;\n\t\t\t\twidth: 33%;\n\t\t\t}\n\t\t\t#gallery-1 img {\n\t\t\t\tborder: 2px solid #cfcfcf;\n\t\t\t}\n\t\t\t#gallery-1 .gallery-caption {\n\t\t\t\tmargin-left: 0;\n\t\t\t}\n\t\t\t\/* see gallery_shortcode() in wp-includes\/media.php *\/\n\t\t<\/style>\n\t\t<div id='gallery-1' class='gallery galleryid-13235 gallery-columns-3 gallery-size-large'><dl class='gallery-item'>\n\t\t\t<dt class='gallery-icon portrait'>\n\t\t\t\t<img loading=\"lazy\" decoding=\"async\" width=\"750\" height=\"1024\" src=\"https:\/\/www.skalnik.pl\/blog\/wp-content\/uploads\/2020\/07\/tablica-kanion-750x1024.jpg\" class=\"attachment-large size-large\" alt=\"szkic z przebiegiem ferraty wagrain klein alp\" aria-describedby=\"gallery-1-13250\" srcset=\"https:\/\/www.skalnik.pl\/blog\/wp-content\/uploads\/2020\/07\/tablica-kanion-750x1024.jpg 750w, https:\/\/www.skalnik.pl\/blog\/wp-content\/uploads\/2020\/07\/tablica-kanion-220x300.jpg 220w, https:\/\/www.skalnik.pl\/blog\/wp-content\/uploads\/2020\/07\/tablica-kanion-768x1049.jpg 768w, https:\/\/www.skalnik.pl\/blog\/wp-content\/uploads\/2020\/07\/tablica-kanion.jpg 1024w\" sizes=\"auto, (max-width: 750px) 100vw, 750px\" \/>\n\t\t\t<\/dt>\n\t\t\t\t<dd class='wp-caption-text gallery-caption' id='gallery-1-13250'>\n\t\t\t\tTopo ferraty Wagrain Kleinarl\n\t\t\t\t<\/dd><\/dl><dl class='gallery-item'>\n\t\t\t<dt class='gallery-icon landscape'>\n\t\t\t\t<img loading=\"lazy\" decoding=\"async\" width=\"1024\" height=\"768\" src=\"https:\/\/www.skalnik.pl\/blog\/wp-content\/uploads\/2020\/07\/tablica-kanion2.jpg\" class=\"attachment-large size-large\" alt=\"tablica informacyjna z przebiegiem trzech ferrat\" aria-describedby=\"gallery-1-13251\" srcset=\"https:\/\/www.skalnik.pl\/blog\/wp-content\/uploads\/2020\/07\/tablica-kanion2.jpg 1024w, https:\/\/www.skalnik.pl\/blog\/wp-content\/uploads\/2020\/07\/tablica-kanion2-300x225.jpg 300w, https:\/\/www.skalnik.pl\/blog\/wp-content\/uploads\/2020\/07\/tablica-kanion2-768x576.jpg 768w\" sizes=\"auto, (max-width: 1024px) 100vw, 1024px\" \/>\n\t\t\t<\/dt>\n\t\t\t\t<dd class='wp-caption-text gallery-caption' id='gallery-1-13251'>\n\t\t\t\tTablica informacyjna ze szkicem trzech ferrat\n\t\t\t\t<\/dd><\/dl><dl class='gallery-item'>\n\t\t\t<dt class='gallery-icon landscape'>\n\t\t\t\t<img loading=\"lazy\" decoding=\"async\" width=\"1024\" height=\"768\" src=\"https:\/\/www.skalnik.pl\/blog\/wp-content\/uploads\/2020\/07\/tablica-laserer.jpg\" class=\"attachment-large size-large\" alt=\"zdj\u0119cie na ferrat\u0119 Laserer alpin z zaznaczonymi trudno\u015bciami\" aria-describedby=\"gallery-1-13252\" srcset=\"https:\/\/www.skalnik.pl\/blog\/wp-content\/uploads\/2020\/07\/tablica-laserer.jpg 1024w, https:\/\/www.skalnik.pl\/blog\/wp-content\/uploads\/2020\/07\/tablica-laserer-300x225.jpg 300w, https:\/\/www.skalnik.pl\/blog\/wp-content\/uploads\/2020\/07\/tablica-laserer-768x576.jpg 768w\" sizes=\"auto, (max-width: 1024px) 100vw, 1024px\" \/>\n\t\t\t<\/dt>\n\t\t\t\t<dd class='wp-caption-text gallery-caption' id='gallery-1-13252'>\n\t\t\t\tZdj\u0119cie z zaznaczonym przebiegiem ferraty i atrakcjami na niej\n\t\t\t\t<\/dd><\/dl><br style=\"clear: both\" \/><dl class='gallery-item'>\n\t\t\t<dt class='gallery-icon landscape'>\n\t\t\t\t<img loading=\"lazy\" decoding=\"async\" width=\"1024\" height=\"768\" src=\"https:\/\/www.skalnik.pl\/blog\/wp-content\/uploads\/2020\/07\/tablica-postalmklamm.jpg\" class=\"attachment-large size-large\" alt=\"dwie tabliczki obok siebie - jedna ze strza\u0142k\u0105 w prawo kieruj\u0105ca do wariantu D via ferraty, druga, skierowana w lewo z informacj\u0105 o obej\u015bciu trudno\u015bci (wszystkie informacje po niemiecku, dodatkowa informacja easy way po angielsku)\" aria-describedby=\"gallery-1-13253\" srcset=\"https:\/\/www.skalnik.pl\/blog\/wp-content\/uploads\/2020\/07\/tablica-postalmklamm.jpg 1024w, https:\/\/www.skalnik.pl\/blog\/wp-content\/uploads\/2020\/07\/tablica-postalmklamm-300x225.jpg 300w, https:\/\/www.skalnik.pl\/blog\/wp-content\/uploads\/2020\/07\/tablica-postalmklamm-768x576.jpg 768w\" sizes=\"auto, (max-width: 1024px) 100vw, 1024px\" \/>\n\t\t\t<\/dt>\n\t\t\t\t<dd class='wp-caption-text gallery-caption' id='gallery-1-13253'>\n\t\t\t\tInformacja o trudno\u015bci oraz mo\u017cliwo\u015bci obej\u015bcia jej\n\t\t\t\t<\/dd><\/dl><dl class='gallery-item'>\n\t\t\t<dt class='gallery-icon landscape'>\n\t\t\t\t<img loading=\"lazy\" decoding=\"async\" width=\"1024\" height=\"768\" src=\"https:\/\/www.skalnik.pl\/blog\/wp-content\/uploads\/2020\/07\/tablica-tama.jpg\" class=\"attachment-large size-large\" alt=\"tablica z opisanymi s\u0142ownie w j\u0119zyku niemieskim trzema via ferratami\" aria-describedby=\"gallery-1-13255\" srcset=\"https:\/\/www.skalnik.pl\/blog\/wp-content\/uploads\/2020\/07\/tablica-tama.jpg 1024w, https:\/\/www.skalnik.pl\/blog\/wp-content\/uploads\/2020\/07\/tablica-tama-300x225.jpg 300w, https:\/\/www.skalnik.pl\/blog\/wp-content\/uploads\/2020\/07\/tablica-tama-768x576.jpg 768w\" sizes=\"auto, (max-width: 1024px) 100vw, 1024px\" \/>\n\t\t\t<\/dt>\n\t\t\t\t<dd class='wp-caption-text gallery-caption' id='gallery-1-13255'>\n\t\t\t\tTekstowy opis przebiegu trzech dr\u00f3g via ferrata, z zaznaczonym na zdj\u0119ciu ich przebiegiem\n\t\t\t\t<\/dd><\/dl>\n\t\t\t<br style='clear: both' \/>\n\t\t<\/div>\n\n<\/div>\n\n\n<h2 class=\"wp-block-heading\"><span class=\"ez-toc-section\" id=\"Austriacka_skala_trudnosci_A%E2%80%93G\"><\/span>Austriacka skala trudno\u015bci A\u2013G<span class=\"ez-toc-section-end\"><\/span><\/h2>\n\n\n\n<p>Najcz\u0119\u015bciej spotykana jest <strong>austriacka skala trudno\u015bci A\u2013G<\/strong>, stosowana w wielu krajach alpejskich. W tej klasyfikacji ferrat litera okre\u015bla poziom trudno\u015bci technicznej oraz wysi\u0142ek wymagany do pokonania trasy.<\/p>\n\n\n\n<p>Klasyfikacja wygl\u0105da nast\u0119puj\u0105co:<\/p>\n\n\n\n<ul class=\"wp-block-list\">\n<li>A \u2013 bardzo \u0142atwa trasa, przypominaj\u0105ca wymagaj\u0105cy szlak turystyczny; stalowa lina s\u0142u\u017cy g\u0142\u00f3wnie jako pomoc przy poruszaniu si\u0119;<\/li>\n\n\n\n<li><strong>B<\/strong> \u2013 \u0142atwa ferrata, cho\u0107 pojawiaj\u0105 si\u0119 bardziej strome odcinki i pierwsze fragmenty wymagaj\u0105ce pracy r\u0105k;<\/li>\n\n\n\n<li><strong>C<\/strong> \u2013 \u015brednia trudno\u015b\u0107; wi\u0119cej pionowych fragment\u00f3w oraz element\u00f3w technicznych;<\/li>\n\n\n\n<li><strong>D<\/strong> \u2013 trudna ferrata, wymagaj\u0105ca dobrej kondycji i do\u015bwiadczenia w poruszaniu si\u0119 w ska\u0142ach;<\/li>\n\n\n\n<li><strong>E<\/strong> \u2013 bardzo trudna; pojawiaj\u0105 si\u0119 fragmenty o du\u017cej ekspozycji oraz kr\u00f3tkie przewieszenia;<\/li>\n\n\n\n<li><strong>F<\/strong> \u2013 ekstremalna; wymagaj\u0105ca bardzo dobrej techniki wspinaczkowej oraz du\u017cej si\u0142y;<\/li>\n\n\n\n<li><strong>G<\/strong> \u2013 najtrudniejszy poziom, spotykany bardzo rzadko; przeznaczony wy\u0142\u0105cznie dla do\u015bwiadczonych wspinaczy.<\/li>\n<\/ul>\n\n\n\n<h2 class=\"wp-block-heading\"><span class=\"ez-toc-section\" id=\"Niemiecka_skala_K1%E2%80%93K6\"><\/span>Niemiecka skala K1\u2013K6<span class=\"ez-toc-section-end\"><\/span><\/h2>\n\n\n\n<p>Drugim popularnym systemem jest <strong>niemiecka skala K1\u2013K6<\/strong>, w kt\u00f3rej poziom trudno\u015bci ro\u015bnie wraz z numerem:<\/p>\n\n\n\n<ul class=\"wp-block-list\">\n<li><strong>K1<\/strong> \u2013 bardzo \u0142atwe ferraty o charakterze trekkingowym;<\/li>\n\n\n\n<li><a href=\"https:\/\/www.skalnik.pl\/k2\" target=\"_blank\" rel=\"noopener\" title=\"\"><strong>K2<\/strong><\/a> \u2013 \u0142atwe, dost\u0119pne dla pocz\u0105tkuj\u0105cych;<\/li>\n\n\n\n<li><strong>K3<\/strong> \u2013 \u015brednie, wymagaj\u0105ce ju\u017c pewnej si\u0142y i obycia ze ska\u0142\u0105;<\/li>\n\n\n\n<li><strong>K4<\/strong> \u2013 trudne ferraty z fragmentami pionowymi;<\/li>\n\n\n\n<li><strong>K5<\/strong> \u2013 bardzo trudne trasy o du\u017cej ekspozycji;<\/li>\n\n\n\n<li><strong>K6<\/strong> \u2013 ekstremalne ferraty z licznymi przewieszeniami.<\/li>\n<\/ul>\n\n\n\n<h3 class=\"wp-block-heading\"><span class=\"ez-toc-section\" id=\"Uproszczona_skala_1%E2%80%933\"><\/span>Uproszczona skala 1\u20133<span class=\"ez-toc-section-end\"><\/span><\/h3>\n\n\n\n<p>W niekt\u00f3rych regionach, zw\u0142aszcza we W\u0142oszech, spotka\u0107 mo\u017cna r\u00f3wnie\u017c uproszczon\u0105 <strong>skal\u0119 1\u20133<\/strong>. W tej klasyfikacji:<\/p>\n\n\n\n<ul class=\"wp-block-list\">\n<li><strong>1<\/strong> oznacza ferraty \u0142atwe, zbli\u017cone do trudnego szlaku turystycznego;<\/li>\n\n\n\n<li><strong>2<\/strong> \u2013 trasy \u015brednie pod wzgl\u0119dem trudno\u015bci (z elementami wspinaczkowymi);<\/li>\n\n\n\n<li><strong>3<\/strong> \u2013 ferraty wymagaj\u0105ce do\u015bwiadczenia i dobrej kondycji.<\/li>\n<\/ul>\n\n\n<div class=\"wp-block-image\">\n<figure class=\"aligncenter size-large\"><img loading=\"lazy\" decoding=\"async\" width=\"1024\" height=\"755\" src=\"https:\/\/skalnik.pl\/blog\/wp-content\/uploads\/2020\/07\/lina-stalowa.jpg\" alt=\"\" class=\"wp-image-13256\" srcset=\"https:\/\/www.skalnik.pl\/blog\/wp-content\/uploads\/2020\/07\/lina-stalowa.jpg 1024w, https:\/\/www.skalnik.pl\/blog\/wp-content\/uploads\/2020\/07\/lina-stalowa-300x221.jpg 300w, https:\/\/www.skalnik.pl\/blog\/wp-content\/uploads\/2020\/07\/lina-stalowa-768x566.jpg 768w\" sizes=\"auto, (max-width: 1024px) 100vw, 1024px\" \/><figcaption class=\"wp-element-caption\"><em>Stalowa lina przebiega wzd\u0142u\u017c ca\u0142ej via ferraty. To od niej szlaki ubezpieczone tak\u0105 lin\u0105 nosz\u0105 nazw\u0119 via ferrata<\/em>.<\/figcaption><\/figure>\n<\/div>\n\n\n<h2 class=\"wp-block-heading\"><span class=\"ez-toc-section\" id=\"Sztuczne_ulatwienia_wystepujace_na_trasach_ferrat\"><\/span>Sztuczne u\u0142atwienia wyst\u0119puj\u0105ce na trasach ferrat<span class=\"ez-toc-section-end\"><\/span><\/h2>\n\n\n\n<p>Via ferraty prowadz\u0105 cz\u0119sto przez bardzo zr\u00f3\u017cnicowany teren skalny, dlatego na trasie mo\u017cna spotka\u0107 r\u00f3\u017cne elementy u\u0142atwiaj\u0105ce pokonywanie trudnych fragment\u00f3w. To w\u0142a\u015bnie one sprawiaj\u0105, \u017ce przej\u015bcie <strong>\u017celaznej drogi<\/strong> jest tak atrakcyjne, ale jednocze\u015bnie wymagaj\u0105ce.<\/p>\n\n\n\n<h3 class=\"wp-block-heading\"><span class=\"ez-toc-section\" id=\"Drabinki_i_stalowe_klamry\"><\/span>Drabinki i stalowe klamry<span class=\"ez-toc-section-end\"><\/span><\/h3>\n\n\n\n<p>Jednym z podstawowych element\u00f3w via ferrat s\u0105 <strong>stalowe klamry<\/strong> wbijane w ska\u0142\u0119. Tworz\u0105 one pewien rodzaj stopni oraz uchwyt\u00f3w, kt\u00f3re pomagaj\u0105 wspina\u0107 si\u0119 po pionowych fragmentach \u015bciany. W bardziej stromych miejscach montowane s\u0105 r\u00f3wnie\u017c metalowe <strong>drabinki<\/strong>, kt\u00f3re pozwalaj\u0105 pokona\u0107 d\u0142u\u017csze, pionowe odcinki ska\u0142y. Takie fragmenty wymagaj\u0105 pracy r\u0105k i dobrej koordynacji ruch\u00f3w, dlatego cz\u0119sto stanowi\u0105 jeden z bardziej wymagaj\u0105cych element\u00f3w trasy.<\/p>\n\n\n<div class=\"wp-block-image\">\n<figure class=\"aligncenter size-large\"><img loading=\"lazy\" decoding=\"async\" width=\"1024\" height=\"768\" src=\"https:\/\/skalnik.pl\/blog\/wp-content\/uploads\/2020\/07\/klamry-el-chorro.jpg\" alt=\"widok z g\u00f3ry na cz\u0142owieka w kasku stoj\u0105cego na metalowej klamrze wystaj\u0105cej ze ska\u0142y, lew\u0105 r\u0119k\u0119 ma zgi\u0119t\u0105 w \u0142okciu i uniesion\u0105 praw\u0105 trzyma si\u0119 jednej z klamer\" class=\"wp-image-13257\" srcset=\"https:\/\/www.skalnik.pl\/blog\/wp-content\/uploads\/2020\/07\/klamry-el-chorro.jpg 1024w, https:\/\/www.skalnik.pl\/blog\/wp-content\/uploads\/2020\/07\/klamry-el-chorro-300x225.jpg 300w, https:\/\/www.skalnik.pl\/blog\/wp-content\/uploads\/2020\/07\/klamry-el-chorro-768x576.jpg 768w\" sizes=\"auto, (max-width: 1024px) 100vw, 1024px\" \/><figcaption class=\"wp-element-caption\"><em>Klamry o przebiegu pionowym, przypominaj\u0105ce drabin\u0119<\/em><\/figcaption><\/figure>\n<\/div>\n\n\n<h3 class=\"wp-block-heading\"><span class=\"ez-toc-section\" id=\"Przewieszenia\"><\/span>Przewieszenia<span class=\"ez-toc-section-end\"><\/span><\/h3>\n\n\n\n<p>Na trudniejszych ferratach mo\u017cna spotka\u0107 fragmenty z <strong>przewieszeniem<\/strong>, czyli odcinki, gdzie ska\u0142a nachylona jest nad turyst\u0105. W takim miejscu trzeba mocniej pracowa\u0107 r\u0119kami i korzysta\u0107 z techniki wspinaczkowej. Przewieszenia znacz\u0105co podnosz\u0105 poziom trudno\u015bci trasy, wymagaj\u0105 dobrej kondycji oraz pewnego poruszania si\u0119 po skale.<\/p>\n\n\n\n<h3 class=\"wp-block-heading\"><span class=\"ez-toc-section\" id=\"Mostki_linowe\"><\/span>Mostki linowe<span class=\"ez-toc-section-end\"><\/span><\/h3>\n\n\n\n<p>Cz\u0119sto spotykanym elementem s\u0105 r\u00f3wnie\u017c <strong>mostki linowe<\/strong>, kt\u00f3re umo\u017cliwiaj\u0105 przej\u015bcie nad przepa\u015bciami lub g\u0142\u0119bokimi \u017clebami. Mog\u0105 mie\u0107 r\u00f3\u017cn\u0105 konstrukcj\u0119 \u2013 od prostych most\u00f3w z jednej liny do bardziej stabilnych wersji z dodatkowymi linami po bokach. Tego typu odcinki dostarczaj\u0105 wielu emocji, poniewa\u017c przej\u015bcie odbywa si\u0119 w pe\u0142nej ekspozycji, a most potrafi si\u0119 lekko ko\u0142ysa\u0107.<\/p>\n\n\n<div class=\"wp-block-image\">\n<figure class=\"aligncenter size-large\"><img loading=\"lazy\" decoding=\"async\" width=\"1024\" height=\"768\" src=\"https:\/\/skalnik.pl\/blog\/wp-content\/uploads\/2020\/07\/mostek-linowy-drachenwand.jpg\" alt=\"na pierwszym planie stoj\u0105ca ty\u0142em kobieta przechodz\u0105ca przez most linowy z deseczkami pod nogami i stalowymi linami w formie por\u0119czy; na dalszym planie dwie osoby jedna schodzi z mostka, druga odpoczywa na skale\" class=\"wp-image-13258\" srcset=\"https:\/\/www.skalnik.pl\/blog\/wp-content\/uploads\/2020\/07\/mostek-linowy-drachenwand.jpg 1024w, https:\/\/www.skalnik.pl\/blog\/wp-content\/uploads\/2020\/07\/mostek-linowy-drachenwand-300x225.jpg 300w, https:\/\/www.skalnik.pl\/blog\/wp-content\/uploads\/2020\/07\/mostek-linowy-drachenwand-768x576.jpg 768w\" sizes=\"auto, (max-width: 1024px) 100vw, 1024px\" \/><figcaption class=\"wp-element-caption\"><em>Mostek linowy \u0142\u0105cz\u0105cy dwie oddalone od siebie formacje skalne<\/em><\/figcaption><\/figure>\n<\/div>\n\n\n<h3 class=\"wp-block-heading\"><span class=\"ez-toc-section\" id=\"Tyrolki\"><\/span>Tyrolki<span class=\"ez-toc-section-end\"><\/span><\/h3>\n\n\n\n<p>Niekt\u00f3re via ferraty oferuj\u0105 tak\u017ce przejazd na tzw. <strong>tyrolce<\/strong>. Jest to stalowa lina rozpi\u0119ta mi\u0119dzy dwoma punktami, po kt\u00f3rej zje\u017cd\u017ca si\u0119 przy pomocy specjalnego bloczka. Tyrolki pozwalaj\u0105 szybko pokona\u0107 odcinki nad przepa\u015bci\u0105 \u2013 s\u0105 jedn\u0105 z najbardziej widowiskowych atrakcji na trasie.<\/p>\n\n\n\n<h2 class=\"wp-block-heading\"><span class=\"ez-toc-section\" id=\"Sprzet_podstawowy_i_na_zaawansowane_ferraty\"><\/span>Sprz\u0119t podstawowy i na zaawansowane ferraty<span class=\"ez-toc-section-end\"><\/span><\/h2>\n\n\n\n<p>Via ferrata, cho\u0107 dost\u0119pna dla turyst\u00f3w, nadal jest form\u0105 aktywno\u015bci z pogranicza trekkingu i wspinaczki, dlatego wymaga odpowiedniego przygotowania sprz\u0119towego. Podstaw\u0105 jest specjalistyczny, <strong>atestowany sprz\u0119t wspinaczkowy<\/strong>, kt\u00f3ry zapewnia bezpiecze\u0144stwo w eksponowanym terenie oraz pozwala prawid\u0142owo korzysta\u0107 z systemu autoasekuracji.<\/p>\n\n\n\n<h3 class=\"wp-block-heading\"><span class=\"ez-toc-section\" id=\"Uprzaz_wspinaczkowa\"><\/span>Uprz\u0105\u017c wspinaczkowa<span class=\"ez-toc-section-end\"><\/span><\/h3>\n\n\n\n<p>Podstawowym sk\u0142adnikiem wyposa\u017cenia jest <a href=\"https:\/\/www.skalnik.pl\/sprzet-wspinaczkowy\/wspinaczka\/wspinaczka-uprzeze\" target=\"_blank\" rel=\"noopener\" title=\"\"><strong>uprz\u0105\u017c wspinaczkowa<\/strong><\/a>, do kt\u00f3rej przypina si\u0119 zestaw via ferrata. Uprz\u0105\u017c powinna by\u0107 dobrze dopasowana do sylwetki \u2013 nie mo\u017ce by\u0107 ani zbyt lu\u017ana, ani zbyt ciasna. Warto wybiera\u0107 modele wygodne, z regulowanymi pasami udowymi, kt\u00f3re sprawdzaj\u0105 si\u0119 podczas d\u0142u\u017cszych przej\u015b\u0107.<\/p>\n\n\n\n<h3 class=\"wp-block-heading\"><span class=\"ez-toc-section\" id=\"Lonza_z_absorberem_energii\"><\/span>Lon\u017ca z absorberem energii<span class=\"ez-toc-section-end\"><\/span><\/h3>\n\n\n\n<p>Kluczowym elementem zabezpieczenia jest <a href=\"https:\/\/www.skalnik.pl\/sprzet-wspinaczkowy\/inne-via-ferraty\/lonze-na-via-ferrata\" target=\"_blank\" rel=\"noopener\" title=\"\"><strong>lon\u017ca via ferrata<\/strong><\/a> wyposa\u017cona w <strong>absorber energii<\/strong>. To w\u0142a\u015bnie ten element odpowiada za zmniejszenie si\u0142y dzia\u0142aj\u0105cej na cia\u0142o w przypadku odpadni\u0119cia od \u015bciany.<\/p>\n\n\n\n<h3 class=\"wp-block-heading\"><span class=\"ez-toc-section\" id=\"Kask_wspinaczkowy\"><\/span>Kask wspinaczkowy<span class=\"ez-toc-section-end\"><\/span><\/h3>\n\n\n\n<p>Obowi\u0105zkowym elementem wyposa\u017cenia jest <a href=\"https:\/\/www.skalnik.pl\/sprzet-wspinaczkowy\/inne-via-ferraty\/kaski-via-ferrata\" target=\"_blank\" rel=\"noopener\" title=\"\"><strong>kask wspinaczkowy via ferrata<\/strong><\/a> spe\u0142niaj\u0105cy norm\u0119 EN 12492. Chroni on g\u0142ow\u0119 przed spadaj\u0105cymi kamieniami czy uderzeniem o ska\u0142\u0119.<\/p>\n\n\n\n<h3 class=\"wp-block-heading\"><span class=\"ez-toc-section\" id=\"Rekawice_ochronne\"><\/span>R\u0119kawice ochronne<span class=\"ez-toc-section-end\"><\/span><\/h3>\n\n\n\n<p>Na ferratach cz\u0119sto korzysta si\u0119 bezpo\u015brednio ze stalowej liny i metalowych klamer, dlatego warto zabra\u0107 ze sob\u0105 r\u00f3wnie\u017c <a href=\"https:\/\/www.skalnik.pl\/sprzet-wspinaczkowy\/inne-via-ferraty\/rekawiczki-via-ferrata\" target=\"_blank\" rel=\"noopener\" title=\"\"><strong>r\u0119kawice ochronne<\/strong><\/a>. Chroni\u0105 d\u0142onie przed otarciami, poprawiaj\u0105 chwyt oraz zwi\u0119kszaj\u0105 komfort podczas d\u0142ugich przej\u015b\u0107.<\/p>\n\n\n\n<h3 class=\"wp-block-heading\"><span class=\"ez-toc-section\" id=\"Buty_podejsciowe\"><\/span>Buty podej\u015bciowe<span class=\"ez-toc-section-end\"><\/span><\/h3>\n\n\n\n<p>Nie mniej wa\u017cne s\u0105 odpowiednie <a href=\"https:\/\/www.skalnik.pl\/sprzet-wspinaczkowy\/inne-via-ferraty\/buty-via-ferrata\" target=\"_blank\" rel=\"noopener\" title=\"\">buty na via ferraty<\/a>. Najlepiej sprawdzaj\u0105 si\u0119 <strong>buty podej\u015bciowe (approach shoes)<\/strong> lub lekkie buty trekkingowe z dobr\u0105 przyczepno\u015bci\u0105. Powinny mie\u0107 one sztywniejsz\u0105 podeszw\u0119, a tak\u017ce gum\u0119 od spodu.<\/p>\n\n\n\n<h3 class=\"wp-block-heading\"><span class=\"ez-toc-section\" id=\"Dodatkowy_sprzet_na_trudniejsze_trasy\"><\/span>Dodatkowy sprz\u0119t na trudniejsze trasy<span class=\"ez-toc-section-end\"><\/span><\/h3>\n\n\n\n<p>Na bardziej wymagaj\u0105cych trasach warto rozwa\u017cy\u0107 tak\u017ce dodatkowe elementy wyposa\u017cenia, w tym:<\/p>\n\n\n\n<ul class=\"wp-block-list\">\n<li><a href=\"https:\/\/www.skalnik.pl\/sprzet-wspinaczkowy\/wspinaczka\/wspinaczka-ekspresy\" target=\"_blank\" rel=\"noopener\" title=\"\"><strong>ekspres wspinaczkowy<\/strong><\/a> \u2013 mo\u017ce by\u0107 u\u017cywany do dodatkowej asekuracji,<\/li>\n\n\n\n<li><a href=\"https:\/\/www.skalnik.pl\/sprzet-wspinaczkowy\/liny\" target=\"_blank\" rel=\"noopener\" title=\"\"><strong>lin\u0119 wspinaczkow\u0105<\/strong><\/a> \u2013 przydatn\u0105 podczas przechodzenia ferraty w zespole lub przy asekuracji mniej do\u015bwiadczonych os\u00f3b,<\/li>\n\n\n\n<li><a href=\"https:\/\/www.skalnik.pl\/sprzet-wspinaczkowy\/wspinaczka\/wspinaczka-bloczki\" target=\"_blank\" rel=\"noopener\" title=\"\"><strong>bloczki<\/strong> <\/a>\u2013 wykorzystywane np. na tyrolkach,<\/li>\n\n\n\n<li><strong>dodatkowe <\/strong><a href=\"https:\/\/www.skalnik.pl\/sprzet-wspinaczkowy\/wspinaczka\/wspinaczka-karabinki\" target=\"_blank\" rel=\"noopener\" title=\"\"><strong>karabinki<\/strong><\/a><strong> i ta\u015bmy pomocnicze<\/strong>.<\/li>\n<\/ul>\n\n\n\n<h2 class=\"wp-block-heading\"><span class=\"ez-toc-section\" id=\"Potencjalne_zagrozenia_na_trasie_via_ferraty\"><\/span>Potencjalne zagro\u017cenia na trasie via ferraty<span class=\"ez-toc-section-end\"><\/span><\/h2>\n\n\n\n<p>Podczas przechodzenia via ferraty nale\u017cy pami\u0119ta\u0107, \u017ce opr\u00f3cz trudno\u015bci technicznych istniej\u0105 tak\u017ce tzw. <strong>zagro\u017cenia obiektywne<\/strong>, czyli takie, kt\u00f3re nie zale\u017c\u0105 bezpo\u015brednio od umiej\u0119tno\u015bci turysty. Mog\u0105 one pojawi\u0107 si\u0119 nawet na stosunkowo \u0142atwych trasach, dlatego wa\u017cne jest ich rozpoznanie oraz odpowiednie do nich przygotowanie.<\/p>\n\n\n\n<h3 class=\"wp-block-heading\"><span class=\"ez-toc-section\" id=\"Spadajace_kamienie\"><\/span>Spadaj\u0105ce kamienie<span class=\"ez-toc-section-end\"><\/span><\/h3>\n\n\n\n<p>Jednym z najcz\u0119stszych zagro\u017ce\u0144 s\u0105 <strong>spadaj\u0105ce kamienie<\/strong>, kt\u00f3re mog\u0105 zosta\u0107 str\u0105cone przez innych uczestnik\u00f3w trasy lub naturalnie oderwa\u0107 si\u0119 ze ska\u0142y. Z tego wzgl\u0119du absolutn\u0105 podstaw\u0105 wyposa\u017cenia jest <strong>kask wspinaczkowy<\/strong>, kt\u00f3ry chroni g\u0142ow\u0119 przed urazami. Dodatkowo warto zachowywa\u0107 <strong>odst\u0119py<\/strong> mi\u0119dzy uczestnikami ferraty, aby zminimalizowa\u0107 ryzyko trafienia przez kamie\u0144 str\u0105cony przez osob\u0119 znajduj\u0105c\u0105 si\u0119 wy\u017cej.<\/p>\n\n\n\n<h3 class=\"wp-block-heading\"><span class=\"ez-toc-section\" id=\"Zmienne_warunki_pogodowe\"><\/span>Zmienne warunki pogodowe<span class=\"ez-toc-section-end\"><\/span><\/h3>\n\n\n\n<p>Du\u017cym zagro\u017ceniem bywa r\u00f3wnie\u017c <strong>pogoda<\/strong>. Deszcz, \u015bnieg czy silny wiatr mog\u0105 znacz\u0105co utrudni\u0107 poruszanie si\u0119 po stalowej linie lub mokrych ska\u0142ach. Szczeg\u00f3lnie niebezpieczne s\u0105 burze \u2013 metalowa infrastruktura ferraty mo\u017ce przyci\u0105ga\u0107 wy\u0142adowania atmosferyczne. Dlatego przed wyj\u015bciem zawsze nale\u017cy sprawdzi\u0107 prognoz\u0119, a razie pogorszenia warunk\u00f3w rozwa\u017cy\u0107 rezygnacj\u0119 z przej\u015bcia.<\/p>\n\n\n\n<h4 class=\"wp-block-heading\">Po\u015blizgni\u0119cia i zm\u0119czenie<\/h4>\n\n\n\n<p>W terenie ferratowym \u0142atwo tak\u017ce o <strong>po\u015blizgni\u0119cie<\/strong>, zw\u0142aszcza na mokrej skale lub metalowych elementach. Dodatkowo d\u0142ugie odcinki wymagaj\u0105ce pracy r\u0105k mog\u0105 powodowa\u0107 zm\u0119czenie, co zwi\u0119ksza ryzyko b\u0142\u0119d\u00f3w. Warto dostosowa\u0107 tempo marszu do w\u0142asnych mo\u017cliwo\u015bci, robi\u0107 kr\u00f3tkie przerwy i wybiera\u0107 trasy dopasowane do kondycji.<\/p>\n\n\n<div class=\"page_gallery\">\n\n\t\t<style type=\"text\/css\">\n\t\t\t#gallery-2 {\n\t\t\t\tmargin: auto;\n\t\t\t}\n\t\t\t#gallery-2 .gallery-item {\n\t\t\t\tfloat: left;\n\t\t\t\tmargin-top: 10px;\n\t\t\t\ttext-align: center;\n\t\t\t\twidth: 33%;\n\t\t\t}\n\t\t\t#gallery-2 img {\n\t\t\t\tborder: 2px solid #cfcfcf;\n\t\t\t}\n\t\t\t#gallery-2 .gallery-caption {\n\t\t\t\tmargin-left: 0;\n\t\t\t}\n\t\t\t\/* see gallery_shortcode() in wp-includes\/media.php *\/\n\t\t<\/style>\n\t\t<div id='gallery-2' class='gallery galleryid-13235 gallery-columns-3 gallery-size-large'><dl class='gallery-item'>\n\t\t\t<dt class='gallery-icon landscape'>\n\t\t\t\t<img loading=\"lazy\" decoding=\"async\" width=\"1024\" height=\"768\" src=\"https:\/\/www.skalnik.pl\/blog\/wp-content\/uploads\/2020\/07\/pionowo-1024x768.jpg\" class=\"attachment-large size-large\" alt=\"dwie osoby na skale wspinaj\u0105 si\u0119 po drodze via ferrata\" aria-describedby=\"gallery-2-13262\" srcset=\"https:\/\/www.skalnik.pl\/blog\/wp-content\/uploads\/2020\/07\/pionowo-1024x768.jpg 1024w, https:\/\/www.skalnik.pl\/blog\/wp-content\/uploads\/2020\/07\/pionowo-300x225.jpg 300w, https:\/\/www.skalnik.pl\/blog\/wp-content\/uploads\/2020\/07\/pionowo-768x576.jpg 768w, https:\/\/www.skalnik.pl\/blog\/wp-content\/uploads\/2020\/07\/pionowo-1536x1152.jpg 1536w, https:\/\/www.skalnik.pl\/blog\/wp-content\/uploads\/2020\/07\/pionowo-2048x1536.jpg 2048w\" sizes=\"auto, (max-width: 1024px) 100vw, 1024px\" \/>\n\t\t\t<\/dt>\n\t\t\t\t<dd class='wp-caption-text gallery-caption' id='gallery-2-13262'>\n\t\t\t\tNa pionowych odcinkach trzeba zachowa\u0107 w\u0142a\u015bciw\u0105 odleg\u0142o\u015b\u0107 od poprzednika\n\t\t\t\t<\/dd><\/dl><dl class='gallery-item'>\n\t\t\t<dt class='gallery-icon landscape'>\n\t\t\t\t<img loading=\"lazy\" decoding=\"async\" width=\"1024\" height=\"576\" src=\"https:\/\/www.skalnik.pl\/blog\/wp-content\/uploads\/2020\/07\/odleglosci-beti.jpg\" class=\"attachment-large size-large\" alt=\"dwie kobiety, jedna bli\u017cej, druga z ty\u0142u - stoj\u0105 ni\u017cej ni\u017c fotografuj\u0105cy, znajduj\u0105 si\u0119 na tle zielonej trawy\" aria-describedby=\"gallery-2-13261\" srcset=\"https:\/\/www.skalnik.pl\/blog\/wp-content\/uploads\/2020\/07\/odleglosci-beti.jpg 1024w, https:\/\/www.skalnik.pl\/blog\/wp-content\/uploads\/2020\/07\/odleglosci-beti-300x169.jpg 300w, https:\/\/www.skalnik.pl\/blog\/wp-content\/uploads\/2020\/07\/odleglosci-beti-768x432.jpg 768w\" sizes=\"auto, (max-width: 1024px) 100vw, 1024px\" \/>\n\t\t\t<\/dt>\n\t\t\t\t<dd class='wp-caption-text gallery-caption' id='gallery-2-13261'>\n\t\t\t\tOdst\u0119py zachowane\n\t\t\t\t<\/dd><\/dl><dl class='gallery-item'>\n\t\t\t<dt class='gallery-icon landscape'>\n\t\t\t\t<img loading=\"lazy\" decoding=\"async\" width=\"1024\" height=\"768\" src=\"https:\/\/www.skalnik.pl\/blog\/wp-content\/uploads\/2020\/07\/gran.jpg\" class=\"attachment-large size-large\" alt=\"m\u0119\u017cczyzna wchodz\u0105cy po via ferracie na szczyt\" aria-describedby=\"gallery-2-13264\" srcset=\"https:\/\/www.skalnik.pl\/blog\/wp-content\/uploads\/2020\/07\/gran.jpg 1024w, https:\/\/www.skalnik.pl\/blog\/wp-content\/uploads\/2020\/07\/gran-300x225.jpg 300w, https:\/\/www.skalnik.pl\/blog\/wp-content\/uploads\/2020\/07\/gran-768x576.jpg 768w\" sizes=\"auto, (max-width: 1024px) 100vw, 1024px\" \/>\n\t\t\t<\/dt>\n\t\t\t\t<dd class='wp-caption-text gallery-caption' id='gallery-2-13264'>\n\t\t\t\tDoj\u015bcie do szczytu\n\t\t\t\t<\/dd><\/dl><br style=\"clear: both\" \/>\n\t\t<\/div>\n\n<\/div>\n\n\n<h2 class=\"wp-block-heading\"><span class=\"ez-toc-section\" id=\"Jak_zapobiegac_zagrozeniom_podczas_przejscia_via_ferrata\"><\/span>Jak zapobiega\u0107 zagro\u017ceniom podczas przej\u015bcia via ferrata?<span class=\"ez-toc-section-end\"><\/span><\/h2>\n\n\n\n<p>Aby zwi\u0119kszy\u0107 bezpiecze\u0144stwo podczas przechodzenia ferraty, warto stosowa\u0107 kilka podstawowych zasad:<\/p>\n\n\n\n<ul class=\"wp-block-list\">\n<li>zawsze u\u017cywa\u0107 atestowanego sprz\u0119tu wspinaczkowego,<\/li>\n\n\n\n<li>nosi\u0107 kask wspinaczkowy przez ca\u0142y czas przebywania na trasie,<\/li>\n\n\n\n<li>zachowywa\u0107 odpowiednie odst\u0119py mi\u0119dzy osobami na jednej trasie,<\/li>\n\n\n\n<li>planowa\u0107 wyj\u015bcie z uwzgl\u0119dnieniem czasu przej\u015bcia i prognozy pogody,<\/li>\n\n\n\n<li>informowa\u0107 innych o zagro\u017ceniach, kt\u00f3re dostrzegasz.<\/li>\n<\/ul>\n\n\n\n<p>\u015awiadomo\u015b\u0107 zagro\u017ce\u0144 i odpowiedzialne zachowanie na trasie to jeden z najwa\u017cniejszych element\u00f3w bezpiecznego poruszania si\u0119 po via ferratach. Dzi\u0119ki przestrzeganiu podstawowych zasad mo\u017cna znacz\u0105co ograniczy\u0107 ryzyko i w pe\u0142ni cieszy\u0107 si\u0119 g\u00f3rsk\u0105 przygod\u0105.<\/p>\n\n\n\n<h2 class=\"wp-block-heading\"><span class=\"ez-toc-section\" id=\"Gdzie_pojechac_na_ferraty\"><\/span>Gdzie pojecha\u0107 na ferraty?<span class=\"ez-toc-section-end\"><\/span><\/h2>\n\n\n\n<p>Via ferraty s\u0105 bardzo popularne w wielu regionach Europy, zw\u0142aszcza tam, gdzie wyst\u0119puj\u0105 rozleg\u0142e masywy skalne i wieloletnia tradycja turystyki g\u00f3rskiej. W takich miejscach powsta\u0142y setki tras o r\u00f3\u017cnym stopniu trudno\u015bci \u2013 od \u0142atwych dr\u00f3g dla pocz\u0105tkuj\u0105cych po wymagaj\u0105ce ferraty (przeznaczone dla do\u015bwiadczonych mi\u0142o\u015bnik\u00f3w wspinaczki).<\/p>\n\n\n\n<h3 class=\"wp-block-heading\"><span class=\"ez-toc-section\" id=\"Dolomity_%E2%80%93_kolebka_via_ferrat\"><\/span>Dolomity \u2013 kolebka via ferrat<span class=\"ez-toc-section-end\"><\/span><\/h3>\n\n\n\n<p>Jednym z najs\u0142ynniejszych region\u00f3w dla mi\u0142o\u015bnik\u00f3w via ferrat s\u0105 <strong>Dolomity we W\u0142oszech<\/strong>. Wiele z tamtejszych tras powsta\u0142o ju\u017c podczas I wojny \u015bwiatowej jako drogi wojskowe prowadz\u0105ce przez wysokog\u00f3rski teren. Dzi\u015b to jedne z najpi\u0119kniejszych tras w Europie \u2013 spektakularne, prowadz\u0105ce przez pionowe \u015bciany, prze\u0142\u0119cze i skalne wie\u017ce.<\/p>\n\n\n\n<p>Czytaj tak\u017ce: <a href=\"https:\/\/www.skalnik.pl\/blog\/via-ferraty-dolomity-kajserjager-na-lagazuoi\/\" target=\"_blank\" rel=\"noopener\" title=\"\">Via ferraty Dolomity \u2013 Kajserjager na Lagazuoi<\/a><\/p>\n\n\n\n<h3 class=\"wp-block-heading\"><span class=\"ez-toc-section\" id=\"Tyrol_%E2%80%93_raj_dla_milosnikow_wyzwan\"><\/span>Tyrol \u2013 raj dla mi\u0142o\u015bnik\u00f3w wyzwa\u0144<span class=\"ez-toc-section-end\"><\/span><\/h3>\n\n\n\n<p>Kolejnym niezwykle popularnym regionem jest <strong>Tyrol w Austrii<\/strong>, gdzie znajduje si\u0119 ponad <strong>80 tras via ferrata<\/strong>. Oferuj\u0105 one ogromn\u0105 r\u00f3\u017cnorodno\u015b\u0107 \u2013 od kr\u00f3tkich i \u0142atwych dr\u00f3g szkoleniowych po bardzo wymagaj\u0105ce ferraty z przewieszeniami oraz du\u017c\u0105 ekspozycj\u0105. Dzi\u0119ki temu wszystkiemu Tyrol uchodzi za jedno z najlepszych miejsc w Europie do uprawiania tej formy aktywno\u015bci.<\/p>\n\n\n\n<p>Zobacz tak\u017ce: <a href=\"https:\/\/www.skalnik.pl\/blog\/ferraty-w-austrii-ziemia-salzburska\/\" target=\"_blank\" rel=\"noopener\" title=\"\">Ferraty w Austrii \u2013 Ziemia Salzburska<\/a><\/p>\n\n\n\n<h3 class=\"wp-block-heading\"><span class=\"ez-toc-section\" id=\"Slowacja_i_Czechy\"><\/span>S\u0142owacja i Czechy<span class=\"ez-toc-section-end\"><\/span><\/h3>\n\n\n\n<p>W Europie \u015arodkowej ferraty rozwijaj\u0105 si\u0119 tak\u017ce na <strong>S\u0142owacji i w Czechach<\/strong>. Na S\u0142owacji powsta\u0142o kilka atrakcyjnych tras w parkach narodowych czy rejonach skalnych.<\/p>\n\n\n\n<p>W Czechach popularne s\u0105 ferraty w ska\u0142ach piaskowcowych i wapiennych.. Cz\u0119sto s\u0105 one zlokalizowane niedaleko wi\u0119kszych miast, co czyni je \u0142atwo dost\u0119pnymi dla turyst\u00f3w.<\/p>\n\n\n\n<h3 class=\"wp-block-heading\"><span class=\"ez-toc-section\" id=\"Hiszpania_i_Niemcy\"><\/span>Hiszpania i Niemcy<span class=\"ez-toc-section-end\"><\/span><\/h3>\n\n\n\n<p>Coraz wi\u0119cej ferrat powstaje tak\u017ce w <strong>Hiszpanii<\/strong>, gdzie prowadz\u0105 one przez malownicze w\u0105wozy i skaliste g\u00f3ry. Hiszpa\u0144skie ferraty cz\u0119sto oferuj\u0105 dodatkowe atrakcje, takie jak d\u0142ugie mosty linowe czy spektakularne tyrolki.<\/p>\n\n\n\n<p>W <strong>Niemczech<\/strong> ferraty spotka\u0107 mo\u017cna g\u0142\u00f3wnie w regionie Alp Bawarskich. Trasy te s\u0105 dobrze przygotowane technicznie i cz\u0119sto prowadz\u0105 przez bardzo widokowe fragmenty g\u00f3r.<\/p>\n\n\n\n<h3 class=\"wp-block-heading\"><span class=\"ez-toc-section\" id=\"Czy_w_Polsce_sa_via_ferraty\"><\/span>Czy w Polsce s\u0105 via ferraty?<span class=\"ez-toc-section-end\"><\/span><\/h3>\n\n\n\n<p>W <strong>Polsce<\/strong> nie istniej\u0105 obecnie oficjalne, klasyczne via ferraty. Wynika to m.in. z przepis\u00f3w obowi\u0105zuj\u0105cych w parkach narodowych oraz ze specyfiki naszych g\u00f3r.<\/p>\n\n\n\n<p>Nie oznacza to jednak, \u017ce nie ma miejsc pozwalaj\u0105cych trenowa\u0107 elementy poruszania si\u0119 po ferratach. W kilku lokalizacjach powsta\u0142y <strong>ubezpieczone odcinki skalne i trasy szkoleniowe<\/strong>, kt\u00f3re umo\u017cliwiaj\u0105 nauk\u0119 podstaw techniki, a tak\u017ce korzystania z autoasekuracji.<\/p>\n\n\n\n<p>Do najpopularniejszych miejsc treningowych nale\u017c\u0105 np.:<\/p>\n\n\n\n<ul class=\"wp-block-list\">\n<li><strong>Krucze Ska\u0142y w Szklarskiej Por\u0119bie<\/strong> \u2013 jedno z najbardziej znanych miejsc treningowych w Polsce,<\/li>\n\n\n\n<li><strong>Kadzielnia w Kielcach<\/strong> \u2013 ska\u0142y z drogami wspinaczkowymi i odcinkami szkoleniowymi,<\/li>\n\n\n\n<li><strong>Szyd\u0142owiec<\/strong> \u2013 popularny rejon wspinaczkowy.<\/li>\n<\/ul>\n\n\n\n<p>W polskich Tatrach nie ma klasycznych ferrat, jednak niekt\u00f3re szlaki \u2013 szczeg\u00f3lnie <strong>Orla Per\u0107<\/strong> \u2013 posiadaj\u0105 liczne sztuczne u\u0142atwienia, takie jak \u0142a\u0144cuchy, klamry czy drabinki. Cho\u0107 nie jest to via ferrata w pe\u0142nym znaczeniu, szlak ten bywa por\u00f3wnywany do ferrat ze wzgl\u0119du na ekspozycj\u0119 oraz konieczno\u015b\u0107 zachowania szczeg\u00f3lnej ostro\u017cno\u015bci.<\/p>\n\n\n\n<p><iframe loading=\"lazy\" src=\"https:\/\/www.youtube.com\/embed\/SRw4tj9m-us\" allow=\"accelerometer; autoplay; encrypted-media; gyroscope; picture-in-picture\" allowfullscreen=\"\" width=\"800\" height=\"442\" frameborder=\"0\"><\/iframe><\/p>\n\n\n\n<h2 class=\"wp-block-heading\"><span class=\"ez-toc-section\" id=\"Podsumowanie\"><\/span>Podsumowanie<span class=\"ez-toc-section-end\"><\/span><\/h2>\n\n\n\n<p>Via ferraty to wyj\u0105tkowe trasy g\u00f3rskie, kt\u00f3re \u0142\u0105cz\u0105 szlak turystyczny z elementami wspinaczki. Dzi\u0119ki stalowej linie, klamrom czy mostom linowym umo\u017cliwiaj\u0105 pokonywanie trudnych fragment\u00f3w skalnych osobom, kt\u00f3re nie s\u0105 typowymi wspinaczami. Jednocze\u015bnie wymagaj\u0105 jednak odpowiedniego przygotowania \u2013 zar\u00f3wno pod wzgl\u0119dem kondycji fizycznej, jak i \u015bwiadomo\u015bci zagro\u017ce\u0144 zwi\u0105zanych z ekspozycj\u0105, wysoko\u015bci\u0105 czy zmienn\u0105 pogod\u0105.<\/p>\n\n\n\n<p><strong>Bez odpowiedniego sprz\u0119tu nie ma mowy o bezpiecze\u0144stwie na trasie.<\/strong> W du\u017cej mierze zale\u017cy ono od korzystania z atestowanego wyposa\u017cenia. Podstawami b\u0119d\u0105 tutaj uprz\u0105\u017c wspinaczkowa, lon\u017ca z absorberem energii oraz kask wspinaczkowy, kt\u00f3re umo\u017cliwiaj\u0105 prawid\u0142ow\u0105 autoasekuracj\u0119 na stalowej linie. R\u00f3wnie wa\u017cne oka\u017c\u0105 si\u0119 r\u0119kawice ochronne i buty o dobrej przyczepno\u015bci, kt\u00f3re zwi\u0119kszaj\u0105 komfort oraz kontrol\u0119 ruch\u00f3w w trudnym terenie. W bardziej wymagaj\u0105cych warunkach przydatny mo\u017ce by\u0107 tak\u017ce dodatkowy <strong>sprz\u0119t wspinaczkowy<\/strong>, taki jak ekspresy, lina czy bloczki do tyrolek.<\/p>\n\n\n\n<p>Najwa\u017cniejsza lekcja jest prosta: via ferrata to niezwyk\u0142a przygoda, ale tylko wtedy, gdy towarzyszy jej rozs\u0105dek, w\u0142a\u015bciwe przygotowanie, a tak\u017ce <strong>dobrze dobrany, certyfikowany sprz\u0119t<\/strong>.<\/p>\n","protected":false},"excerpt":{"rendered":"<p>Podpowiadamy, dla kog\u0105 s\u0105 via ferraty, kto dobrze si\u0119 b\u0119dzie na nich czu\u0142 i jakie wa\u017cne zasady warto na ferratach zna\u0107 i stosowa\u0107<\/p>\n","protected":false},"author":9,"featured_media":13244,"comment_status":"open","ping_status":"open","sticky":false,"template":"","format":"standard","meta":{"_acf_changed":false,"footnotes":""},"categories":[84],"tags":[112],"magento_category":[80],"magento_product":[],"class_list":["post-13235","post","type-post","status-publish","format-standard","has-post-thumbnail","hentry","category-pasja","tag-via-ferrata"],"acf":[],"aioseo_notices":[],"aioseo_head":"\n\t\t<!-- All in One SEO 4.9.10 - aioseo.com -->\n\t<meta name=\"description\" content=\"Poradnik o tym dla kogo s\u0105 via ferraty, jak si\u0119 przygotowa\u0107 do ich zdobywania i co warto wiedzie\u0107, zanim pojedziesz pierwszy raz na szlak via ferrata\" \/>\n\t<meta name=\"robots\" content=\"max-image-preview:large\" \/>\n\t<meta name=\"author\" content=\"Beata Nawrotkiewicz\"\/>\n\t<link rel=\"canonical\" href=\"https:\/\/www.skalnik.pl\/blog\/dla-kogo-via-ferraty\/\" \/>\n\t<meta name=\"generator\" content=\"All in One SEO (AIOSEO) 4.9.10\" \/>\n\t\t<meta property=\"og:locale\" content=\"pl_PL\" \/>\n\t\t<meta property=\"og:site_name\" content=\"blog Skalnik - Blog, porady, artyku\u0142y - blog Skalnik\" \/>\n\t\t<meta property=\"og:type\" content=\"article\" \/>\n\t\t<meta property=\"og:title\" content=\"Dla kogo via ferraty? - blog Skalnik\" \/>\n\t\t<meta property=\"og:description\" content=\"Poradnik o tym dla kogo s\u0105 via ferraty, jak si\u0119 przygotowa\u0107 do ich zdobywania i co warto wiedzie\u0107, zanim pojedziesz pierwszy raz na szlak via ferrata\" \/>\n\t\t<meta property=\"og:url\" content=\"https:\/\/www.skalnik.pl\/blog\/dla-kogo-via-ferraty\/\" \/>\n\t\t<meta property=\"og:image\" content=\"https:\/\/skalnik.pl\/blog\/wp-content\/uploads\/2020\/07\/lina-stalowa.jpg\" \/>\n\t\t<meta property=\"og:image:secure_url\" content=\"https:\/\/skalnik.pl\/blog\/wp-content\/uploads\/2020\/07\/lina-stalowa.jpg\" \/>\n\t\t<meta property=\"article:tag\" content=\"pasja\" \/>\n\t\t<meta property=\"article:tag\" content=\"via ferrata\" \/>\n\t\t<meta property=\"article:published_time\" content=\"2026-05-18T08:26:00+00:00\" \/>\n\t\t<meta property=\"article:modified_time\" content=\"2026-07-15T11:54:31+00:00\" \/>\n\t\t<meta name=\"twitter:card\" content=\"summary_large_image\" \/>\n\t\t<meta name=\"twitter:title\" content=\"Dla kogo via ferraty? - blog Skalnik\" \/>\n\t\t<meta name=\"twitter:description\" content=\"Poradnik o tym dla kogo s\u0105 via ferraty, jak si\u0119 przygotowa\u0107 do ich zdobywania i co warto wiedzie\u0107, zanim pojedziesz pierwszy raz na szlak via ferrata\" \/>\n\t\t<meta name=\"twitter:image\" content=\"https:\/\/skalnik.pl\/blog\/wp-content\/uploads\/2020\/07\/lina-stalowa.jpg\" \/>\n\t\t<script type=\"application\/ld+json\" class=\"aioseo-schema\">\n\t\t\t{\"@context\":\"https:\\\/\\\/schema.org\",\"@graph\":[{\"@type\":\"BlogPosting\",\"@id\":\"https:\\\/\\\/www.skalnik.pl\\\/blog\\\/dla-kogo-via-ferraty\\\/#blogposting\",\"name\":\"Dla kogo via ferraty? - blog Skalnik\",\"headline\":\"Dla kogo via ferraty?\",\"author\":{\"@id\":\"https:\\\/\\\/www.skalnik.pl\\\/blog\\\/author\\\/beata-nawrotkiewicz\\\/#author\"},\"publisher\":{\"@id\":\"https:\\\/\\\/www.skalnik.pl\\\/blog\\\/#organization\"},\"image\":{\"@type\":\"ImageObject\",\"url\":\"https:\\\/\\\/www.skalnik.pl\\\/blog\\\/wp-content\\\/uploads\\\/2020\\\/07\\\/gran-Ola-tytulowe.jpg\",\"width\":1920,\"height\":705},\"datePublished\":\"2026-05-18T10:26:00+02:00\",\"dateModified\":\"2026-07-15T13:54:31+02:00\",\"inLanguage\":\"pl-PL\",\"mainEntityOfPage\":{\"@id\":\"https:\\\/\\\/www.skalnik.pl\\\/blog\\\/dla-kogo-via-ferraty\\\/#webpage\"},\"isPartOf\":{\"@id\":\"https:\\\/\\\/www.skalnik.pl\\\/blog\\\/dla-kogo-via-ferraty\\\/#webpage\"},\"articleSection\":\"Pasja, via ferrata, 1191\"},{\"@type\":\"BreadcrumbList\",\"@id\":\"https:\\\/\\\/www.skalnik.pl\\\/blog\\\/dla-kogo-via-ferraty\\\/#breadcrumblist\",\"itemListElement\":[{\"@type\":\"ListItem\",\"@id\":\"https:\\\/\\\/www.skalnik.pl\\\/blog#listItem\",\"position\":1,\"name\":\"Home\",\"item\":\"https:\\\/\\\/www.skalnik.pl\\\/blog\",\"nextItem\":{\"@type\":\"ListItem\",\"@id\":\"https:\\\/\\\/www.skalnik.pl\\\/blog\\\/.\\\/pasja\\\/#listItem\",\"name\":\"Pasja\"}},{\"@type\":\"ListItem\",\"@id\":\"https:\\\/\\\/www.skalnik.pl\\\/blog\\\/.\\\/pasja\\\/#listItem\",\"position\":2,\"name\":\"Pasja\",\"item\":\"https:\\\/\\\/www.skalnik.pl\\\/blog\\\/.\\\/pasja\\\/\",\"nextItem\":{\"@type\":\"ListItem\",\"@id\":\"https:\\\/\\\/www.skalnik.pl\\\/blog\\\/dla-kogo-via-ferraty\\\/#listItem\",\"name\":\"Dla kogo via ferraty?\"},\"previousItem\":{\"@type\":\"ListItem\",\"@id\":\"https:\\\/\\\/www.skalnik.pl\\\/blog#listItem\",\"name\":\"Home\"}},{\"@type\":\"ListItem\",\"@id\":\"https:\\\/\\\/www.skalnik.pl\\\/blog\\\/dla-kogo-via-ferraty\\\/#listItem\",\"position\":3,\"name\":\"Dla kogo via ferraty?\",\"previousItem\":{\"@type\":\"ListItem\",\"@id\":\"https:\\\/\\\/www.skalnik.pl\\\/blog\\\/.\\\/pasja\\\/#listItem\",\"name\":\"Pasja\"}}]},{\"@type\":\"Organization\",\"@id\":\"https:\\\/\\\/www.skalnik.pl\\\/blog\\\/#organization\",\"name\":\"blog Skalnik\",\"description\":\"Blog, porady, artyku\\u0142y - blog Skalnik\",\"url\":\"https:\\\/\\\/www.skalnik.pl\\\/blog\\\/\"},{\"@type\":\"Person\",\"@id\":\"https:\\\/\\\/www.skalnik.pl\\\/blog\\\/author\\\/beata-nawrotkiewicz\\\/#author\",\"url\":\"https:\\\/\\\/www.skalnik.pl\\\/blog\\\/author\\\/beata-nawrotkiewicz\\\/\",\"name\":\"Beata Nawrotkiewicz\",\"image\":{\"@type\":\"ImageObject\",\"@id\":\"https:\\\/\\\/www.skalnik.pl\\\/blog\\\/dla-kogo-via-ferraty\\\/#authorImage\",\"url\":\"https:\\\/\\\/secure.gravatar.com\\\/avatar\\\/53cf81cfcc3a81694535515925ffcf159be725e8bd1fb455eeb9e2cadcaa5684?s=96&d=mm&r=g\",\"width\":96,\"height\":96,\"caption\":\"Beata Nawrotkiewicz\"}},{\"@type\":\"WebPage\",\"@id\":\"https:\\\/\\\/www.skalnik.pl\\\/blog\\\/dla-kogo-via-ferraty\\\/#webpage\",\"url\":\"https:\\\/\\\/www.skalnik.pl\\\/blog\\\/dla-kogo-via-ferraty\\\/\",\"name\":\"Dla kogo via ferraty? - blog Skalnik\",\"description\":\"Poradnik o tym dla kogo s\\u0105 via ferraty, jak si\\u0119 przygotowa\\u0107 do ich zdobywania i co warto wiedzie\\u0107, zanim pojedziesz pierwszy raz na szlak via ferrata\",\"inLanguage\":\"pl-PL\",\"isPartOf\":{\"@id\":\"https:\\\/\\\/www.skalnik.pl\\\/blog\\\/#website\"},\"breadcrumb\":{\"@id\":\"https:\\\/\\\/www.skalnik.pl\\\/blog\\\/dla-kogo-via-ferraty\\\/#breadcrumblist\"},\"author\":{\"@id\":\"https:\\\/\\\/www.skalnik.pl\\\/blog\\\/author\\\/beata-nawrotkiewicz\\\/#author\"},\"creator\":{\"@id\":\"https:\\\/\\\/www.skalnik.pl\\\/blog\\\/author\\\/beata-nawrotkiewicz\\\/#author\"},\"image\":{\"@type\":\"ImageObject\",\"url\":\"https:\\\/\\\/www.skalnik.pl\\\/blog\\\/wp-content\\\/uploads\\\/2020\\\/07\\\/gran-Ola-tytulowe.jpg\",\"@id\":\"https:\\\/\\\/www.skalnik.pl\\\/blog\\\/dla-kogo-via-ferraty\\\/#mainImage\",\"width\":1920,\"height\":705},\"primaryImageOfPage\":{\"@id\":\"https:\\\/\\\/www.skalnik.pl\\\/blog\\\/dla-kogo-via-ferraty\\\/#mainImage\"},\"datePublished\":\"2026-05-18T10:26:00+02:00\",\"dateModified\":\"2026-07-15T13:54:31+02:00\"},{\"@type\":\"WebSite\",\"@id\":\"https:\\\/\\\/www.skalnik.pl\\\/blog\\\/#website\",\"url\":\"https:\\\/\\\/www.skalnik.pl\\\/blog\\\/\",\"name\":\"blog Skalnik\",\"description\":\"Blog, porady, artyku\\u0142y - blog Skalnik\",\"inLanguage\":\"pl-PL\",\"publisher\":{\"@id\":\"https:\\\/\\\/www.skalnik.pl\\\/blog\\\/#organization\"}}]}\n\t\t<\/script>\n\t\t<!-- All in One SEO -->\n\n","aioseo_head_json":{"title":"Dla kogo via ferraty? - blog Skalnik","description":"Poradnik o tym dla kogo s\u0105 via ferraty, jak si\u0119 przygotowa\u0107 do ich zdobywania i co warto wiedzie\u0107, zanim pojedziesz pierwszy raz na szlak via ferrata","canonical_url":"https:\/\/www.skalnik.pl\/blog\/dla-kogo-via-ferraty\/","robots":"max-image-preview:large","keywords":"","webmasterTools":{"miscellaneous":""},"schema":{"@context":"https:\/\/schema.org","@graph":[{"@type":"BlogPosting","@id":"https:\/\/www.skalnik.pl\/blog\/dla-kogo-via-ferraty\/#blogposting","name":"Dla kogo via ferraty? - blog Skalnik","headline":"Dla kogo via ferraty?","author":{"@id":"https:\/\/www.skalnik.pl\/blog\/author\/beata-nawrotkiewicz\/#author"},"publisher":{"@id":"https:\/\/www.skalnik.pl\/blog\/#organization"},"image":{"@type":"ImageObject","url":"https:\/\/www.skalnik.pl\/blog\/wp-content\/uploads\/2020\/07\/gran-Ola-tytulowe.jpg","width":1920,"height":705},"datePublished":"2026-05-18T10:26:00+02:00","dateModified":"2026-07-15T13:54:31+02:00","inLanguage":"pl-PL","mainEntityOfPage":{"@id":"https:\/\/www.skalnik.pl\/blog\/dla-kogo-via-ferraty\/#webpage"},"isPartOf":{"@id":"https:\/\/www.skalnik.pl\/blog\/dla-kogo-via-ferraty\/#webpage"},"articleSection":"Pasja, via ferrata, 1191"},{"@type":"BreadcrumbList","@id":"https:\/\/www.skalnik.pl\/blog\/dla-kogo-via-ferraty\/#breadcrumblist","itemListElement":[{"@type":"ListItem","@id":"https:\/\/www.skalnik.pl\/blog#listItem","position":1,"name":"Home","item":"https:\/\/www.skalnik.pl\/blog","nextItem":{"@type":"ListItem","@id":"https:\/\/www.skalnik.pl\/blog\/.\/pasja\/#listItem","name":"Pasja"}},{"@type":"ListItem","@id":"https:\/\/www.skalnik.pl\/blog\/.\/pasja\/#listItem","position":2,"name":"Pasja","item":"https:\/\/www.skalnik.pl\/blog\/.\/pasja\/","nextItem":{"@type":"ListItem","@id":"https:\/\/www.skalnik.pl\/blog\/dla-kogo-via-ferraty\/#listItem","name":"Dla kogo via ferraty?"},"previousItem":{"@type":"ListItem","@id":"https:\/\/www.skalnik.pl\/blog#listItem","name":"Home"}},{"@type":"ListItem","@id":"https:\/\/www.skalnik.pl\/blog\/dla-kogo-via-ferraty\/#listItem","position":3,"name":"Dla kogo via ferraty?","previousItem":{"@type":"ListItem","@id":"https:\/\/www.skalnik.pl\/blog\/.\/pasja\/#listItem","name":"Pasja"}}]},{"@type":"Organization","@id":"https:\/\/www.skalnik.pl\/blog\/#organization","name":"blog Skalnik","description":"Blog, porady, artyku\u0142y - blog Skalnik","url":"https:\/\/www.skalnik.pl\/blog\/"},{"@type":"Person","@id":"https:\/\/www.skalnik.pl\/blog\/author\/beata-nawrotkiewicz\/#author","url":"https:\/\/www.skalnik.pl\/blog\/author\/beata-nawrotkiewicz\/","name":"Beata Nawrotkiewicz","image":{"@type":"ImageObject","@id":"https:\/\/www.skalnik.pl\/blog\/dla-kogo-via-ferraty\/#authorImage","url":"https:\/\/secure.gravatar.com\/avatar\/53cf81cfcc3a81694535515925ffcf159be725e8bd1fb455eeb9e2cadcaa5684?s=96&d=mm&r=g","width":96,"height":96,"caption":"Beata Nawrotkiewicz"}},{"@type":"WebPage","@id":"https:\/\/www.skalnik.pl\/blog\/dla-kogo-via-ferraty\/#webpage","url":"https:\/\/www.skalnik.pl\/blog\/dla-kogo-via-ferraty\/","name":"Dla kogo via ferraty? - blog Skalnik","description":"Poradnik o tym dla kogo s\u0105 via ferraty, jak si\u0119 przygotowa\u0107 do ich zdobywania i co warto wiedzie\u0107, zanim pojedziesz pierwszy raz na szlak via ferrata","inLanguage":"pl-PL","isPartOf":{"@id":"https:\/\/www.skalnik.pl\/blog\/#website"},"breadcrumb":{"@id":"https:\/\/www.skalnik.pl\/blog\/dla-kogo-via-ferraty\/#breadcrumblist"},"author":{"@id":"https:\/\/www.skalnik.pl\/blog\/author\/beata-nawrotkiewicz\/#author"},"creator":{"@id":"https:\/\/www.skalnik.pl\/blog\/author\/beata-nawrotkiewicz\/#author"},"image":{"@type":"ImageObject","url":"https:\/\/www.skalnik.pl\/blog\/wp-content\/uploads\/2020\/07\/gran-Ola-tytulowe.jpg","@id":"https:\/\/www.skalnik.pl\/blog\/dla-kogo-via-ferraty\/#mainImage","width":1920,"height":705},"primaryImageOfPage":{"@id":"https:\/\/www.skalnik.pl\/blog\/dla-kogo-via-ferraty\/#mainImage"},"datePublished":"2026-05-18T10:26:00+02:00","dateModified":"2026-07-15T13:54:31+02:00"},{"@type":"WebSite","@id":"https:\/\/www.skalnik.pl\/blog\/#website","url":"https:\/\/www.skalnik.pl\/blog\/","name":"blog Skalnik","description":"Blog, porady, artyku\u0142y - blog Skalnik","inLanguage":"pl-PL","publisher":{"@id":"https:\/\/www.skalnik.pl\/blog\/#organization"}}]},"og:locale":"pl_PL","og:site_name":"blog Skalnik - Blog, porady, artyku\u0142y - blog Skalnik","og:type":"article","og:title":"Dla kogo via ferraty? - blog Skalnik","og:description":"Poradnik o tym dla kogo s\u0105 via ferraty, jak si\u0119 przygotowa\u0107 do ich zdobywania i co warto wiedzie\u0107, zanim pojedziesz pierwszy raz na szlak via ferrata","og:url":"https:\/\/www.skalnik.pl\/blog\/dla-kogo-via-ferraty\/","og:image":"https:\/\/skalnik.pl\/blog\/wp-content\/uploads\/2020\/07\/lina-stalowa.jpg","og:image:secure_url":"https:\/\/skalnik.pl\/blog\/wp-content\/uploads\/2020\/07\/lina-stalowa.jpg","article:tag":["pasja","via ferrata"],"article:published_time":"2026-05-18T08:26:00+00:00","article:modified_time":"2026-07-15T11:54:31+00:00","twitter:card":"summary_large_image","twitter:title":"Dla kogo via ferraty? - blog Skalnik","twitter:description":"Poradnik o tym dla kogo s\u0105 via ferraty, jak si\u0119 przygotowa\u0107 do ich zdobywania i co warto wiedzie\u0107, zanim pojedziesz pierwszy raz na szlak via ferrata","twitter:image":"https:\/\/skalnik.pl\/blog\/wp-content\/uploads\/2020\/07\/lina-stalowa.jpg"},"aioseo_meta_data":{"post_id":"13235","title":null,"description":"Poradnik o tym dla kogo s\u0105 via ferraty, jak si\u0119 przygotowa\u0107 do ich zdobywania i co warto wiedzie\u0107, zanim pojedziesz pierwszy raz na szlak via ferrata","keywords":[{"label":"via ferrata","value":"via ferrata"},{"label":"via ferraty","value":"via ferraty"},{"label":"ferrata","value":"ferrata"}],"keyphrases":{"focus":{"keyphrase":"","score":0,"analysis":{"keyphraseInTitle":{"score":0,"maxScore":9,"error":1}}},"additional":[]},"primary_term":null,"canonical_url":null,"og_title":null,"og_description":null,"og_object_type":"default","og_image_type":"default","og_image_url":null,"og_image_width":null,"og_image_height":null,"og_image_custom_url":null,"og_image_custom_fields":null,"og_video":"","og_custom_url":null,"og_article_section":null,"og_article_tags":null,"twitter_use_og":false,"twitter_card":"default","twitter_image_type":"default","twitter_image_url":null,"twitter_image_custom_url":null,"twitter_image_custom_fields":null,"twitter_title":null,"twitter_description":null,"schema":{"blockGraphs":[],"customGraphs":[],"default":{"data":{"Article":[],"Course":[],"Dataset":[],"FAQPage":[],"Movie":[],"Person":[],"Product":[],"ProductReview":[],"Car":[],"Recipe":[],"Service":[],"SoftwareApplication":[],"WebPage":[]},"graphName":"BlogPosting","isEnabled":true},"graphs":[]},"schema_type":"default","schema_type_options":null,"pillar_content":false,"robots_default":true,"robots_noindex":false,"robots_noarchive":false,"robots_nosnippet":false,"robots_nofollow":false,"robots_noimageindex":false,"robots_noodp":false,"robots_notranslate":false,"robots_max_snippet":"-1","robots_max_videopreview":"-1","robots_max_imagepreview":"large","priority":null,"frequency":"default","local_seo":null,"breadcrumb_settings":null,"limit_modified_date":false,"ai":{"faqs":[],"keyPoints":[],"schemas":[],"titles":[],"descriptions":[],"socialPosts":{"email":[],"linkedin":[],"twitter":[],"facebook":[],"instagram":[]}},"created":"2022-08-26 10:21:12","updated":"2026-07-15 12:48:57","seo_analyzer_scan_date":null},"aioseo_breadcrumb":"<div class=\"aioseo-breadcrumbs\"><span class=\"aioseo-breadcrumb\">\n\t\t\t<a href=\"https:\/\/www.skalnik.pl\/blog\" title=\"Home\">Home<\/a>\n\t\t<\/span><span class=\"aioseo-breadcrumb-separator\">&raquo;<\/span><span class=\"aioseo-breadcrumb\">\n\t\t\t<a href=\"https:\/\/www.skalnik.pl\/blog\/.\/pasja\/\" title=\"Pasja\">Pasja<\/a>\n\t\t<\/span><span class=\"aioseo-breadcrumb-separator\">&raquo;<\/span><span class=\"aioseo-breadcrumb\">\n\t\t\tDla kogo via ferraty?\n\t\t<\/span><\/div>","aioseo_breadcrumb_json":[{"label":"Home","link":"https:\/\/www.skalnik.pl\/blog"},{"label":"Pasja","link":"https:\/\/www.skalnik.pl\/blog\/.\/pasja\/"},{"label":"Dla kogo via ferraty?","link":"https:\/\/www.skalnik.pl\/blog\/dla-kogo-via-ferraty\/"}],"_links":{"self":[{"href":"https:\/\/www.skalnik.pl\/blog\/wp-json\/wp\/v2\/posts\/13235","targetHints":{"allow":["GET"]}}],"collection":[{"href":"https:\/\/www.skalnik.pl\/blog\/wp-json\/wp\/v2\/posts"}],"about":[{"href":"https:\/\/www.skalnik.pl\/blog\/wp-json\/wp\/v2\/types\/post"}],"author":[{"embeddable":true,"href":"https:\/\/www.skalnik.pl\/blog\/wp-json\/wp\/v2\/users\/9"}],"replies":[{"embeddable":true,"href":"https:\/\/www.skalnik.pl\/blog\/wp-json\/wp\/v2\/comments?post=13235"}],"version-history":[{"count":19,"href":"https:\/\/www.skalnik.pl\/blog\/wp-json\/wp\/v2\/posts\/13235\/revisions"}],"predecessor-version":[{"id":28145,"href":"https:\/\/www.skalnik.pl\/blog\/wp-json\/wp\/v2\/posts\/13235\/revisions\/28145"}],"wp:featuredmedia":[{"embeddable":true,"href":"https:\/\/www.skalnik.pl\/blog\/wp-json\/wp\/v2\/media\/13244"}],"wp:attachment":[{"href":"https:\/\/www.skalnik.pl\/blog\/wp-json\/wp\/v2\/media?parent=13235"}],"wp:term":[{"taxonomy":"category","embeddable":true,"href":"https:\/\/www.skalnik.pl\/blog\/wp-json\/wp\/v2\/categories?post=13235"},{"taxonomy":"post_tag","embeddable":true,"href":"https:\/\/www.skalnik.pl\/blog\/wp-json\/wp\/v2\/tags?post=13235"},{"taxonomy":"magento_category","embeddable":true,"href":"https:\/\/www.skalnik.pl\/blog\/wp-json\/wp\/v2\/magento_category?post=13235"},{"taxonomy":"magento_product","embeddable":true,"href":"https:\/\/www.skalnik.pl\/blog\/wp-json\/wp\/v2\/magento_product?post=13235"}],"curies":[{"name":"wp","href":"https:\/\/api.w.org\/{rel}","templated":true}]}}