{"id":13555,"date":"2020-08-24T08:00:00","date_gmt":"2020-08-24T06:00:00","guid":{"rendered":"https:\/\/skalnik.pl\/blog\/?p=13555"},"modified":"2024-05-21T08:39:42","modified_gmt":"2024-05-21T06:39:42","slug":"korona-gor-polski-radziejowa","status":"publish","type":"post","link":"https:\/\/www.skalnik.pl\/blog\/korona-gor-polski-radziejowa\/","title":{"rendered":"Korona G\u00f3r Polski \u2013 Radziejowa"},"content":{"rendered":"\n<p><strong>Beskid S\u0105decki to jedno z pi\u0119kniejszych polskich pasm g\u00f3rskich. Jednocze\u015bnie to dobre miejsce na w\u0119dr\u00f3wki tak\u017ce dla os\u00f3b dopiero rozpoczynaj\u0105cych przygod\u0119 z g\u00f3rami. Jak wej\u015b\u0107 na Radziejow\u0105 &#8211; najwy\u017cszy szczyt Beskidu S\u0105deckiego nale\u017c\u0105cy do KGP?<\/strong><\/p>\n\n\n\n<p>Na swoj\u0105 pierwsz\u0105 w \u017cyciu kilkudniow\u0105 w\u0119dr\u00f3wk\u0119 z plecakiem od schroniska do schroniska wybra\u0142am si\u0119 w\u0142a\u015bnie w Beskid S\u0105decki. Oczywi\u015bcie, wzi\u0119\u0142am ze sob\u0105 zdecydowanie za wiele rzeczy. Na szcz\u0119\u015bcie \u0142agodne stoki Beskidu S\u0105deckiego wybaczy\u0142y mi liczne b\u0142\u0119dy pope\u0142nione w czasie pakowania i po zako\u0144czeniu w\u0119dr\u00f3wki wci\u0105\u017c mia\u0142am ochot\u0119 na kolejne d\u0142u\u017csze g\u00f3rskie wyjazdy.<\/p>\n\n\n\n<p>Jak pokazuje cho\u0107by powy\u017csza historia, Beskid S\u0105decki oraz jej najwy\u017cszy szczyt \u2013 Radziejowa \u2013 wchodz\u0105cy w sk\u0142ad Korony G\u00f3r Polski to bardzo dobre miejsce na wakacyjny wyjazd z rodzin\u0105 czy znajomymi, tak\u017ce tymi, kt\u00f3rzy nie maj\u0105 jeszcze du\u017cego do\u015bwiadczenia g\u00f3rskiego. Wygodne szlaki, wiele schronisk, \u0142adne widoki to niezaprzeczalne zalety Beskidu. Jednocze\u015bnie z wysoko\u015bci\u0105 1266 m n.p.m. Radziejowa zajmuje si\u00f3dme miejsce w klasyfikacji KGP, wi\u0119c jest to ju\u017c szczyt, kt\u00f3rego zdobyciem mo\u017cna si\u0119 pochwali\u0107. Je\u015bli wi\u0119c przed wyjazdem na urlop szukasz odpowiedzi na pytanie \u201eRadziejowa jak wej\u015b\u0107\u201d, czytaj dalej.<\/p>\n\n\n\n<p>&nbsp;<\/p>\n\n\n<div class=\"wp-block-image\">\n<figure class=\"aligncenter size-large\"><img loading=\"lazy\" decoding=\"async\" width=\"1024\" height=\"768\" src=\"https:\/\/skalnik.pl\/blog\/wp-content\/uploads\/2020\/08\/IMG_8312.jpg\" alt=\"Beskid S\u0105decki - widok na Tatry\" class=\"wp-image-13573\" srcset=\"https:\/\/www.skalnik.pl\/blog\/wp-content\/uploads\/2020\/08\/IMG_8312.jpg 1024w, https:\/\/www.skalnik.pl\/blog\/wp-content\/uploads\/2020\/08\/IMG_8312-300x225.jpg 300w, https:\/\/www.skalnik.pl\/blog\/wp-content\/uploads\/2020\/08\/IMG_8312-768x576.jpg 768w\" sizes=\"auto, (max-width: 1024px) 100vw, 1024px\" \/><figcaption class=\"wp-element-caption\"><em>W\u0119druj\u0105c po Beskidzie S\u0105deckim, mo\u017cna tak\u017ce podziwia\u0107 Tatry (fot. Katarzyna Butkiewicz)<\/em><\/figcaption><\/figure>\n<\/div>\n\n\n<div id=\"ez-toc-container\" class=\"ez-toc-v2_0_85 counter-hierarchy ez-toc-counter ez-toc-light-blue ez-toc-container-direction\">\n<div class=\"ez-toc-title-container\">\n<p class=\"ez-toc-title\" style=\"cursor:inherit\">SPIS TRE\u015aCI <\/p>\n<span class=\"ez-toc-title-toggle\"><a href=\"#\" class=\"ez-toc-pull-right ez-toc-btn ez-toc-btn-xs ez-toc-btn-default ez-toc-toggle\" aria-label=\"Prze\u0142\u0105cznik Spisu Tre\u015bci\"><span class=\"ez-toc-js-icon-con\"><span class=\"\"><span class=\"eztoc-hide\" style=\"display:none;\">Toggle<\/span><span class=\"ez-toc-icon-toggle-span\"><svg style=\"fill: #999;color:#999\" xmlns=\"http:\/\/www.w3.org\/2000\/svg\" class=\"list-377408\" width=\"20px\" height=\"20px\" viewBox=\"0 0 24 24\" fill=\"none\"><path d=\"M6 6H4v2h2V6zm14 0H8v2h12V6zM4 11h2v2H4v-2zm16 0H8v2h12v-2zM4 16h2v2H4v-2zm16 0H8v2h12v-2z\" fill=\"currentColor\"><\/path><\/svg><svg style=\"fill: #999;color:#999\" class=\"arrow-unsorted-368013\" xmlns=\"http:\/\/www.w3.org\/2000\/svg\" width=\"10px\" height=\"10px\" viewBox=\"0 0 24 24\" version=\"1.2\" baseProfile=\"tiny\"><path d=\"M18.2 9.3l-6.2-6.3-6.2 6.3c-.2.2-.3.4-.3.7s.1.5.3.7c.2.2.4.3.7.3h11c.3 0 .5-.1.7-.3.2-.2.3-.5.3-.7s-.1-.5-.3-.7zM5.8 14.7l6.2 6.3 6.2-6.3c.2-.2.3-.5.3-.7s-.1-.5-.3-.7c-.2-.2-.4-.3-.7-.3h-11c-.3 0-.5.1-.7.3-.2.2-.3.5-.3.7s.1.5.3.7z\"\/><\/svg><\/span><\/span><\/span><\/a><\/span><\/div>\n<nav><ul class='ez-toc-list ez-toc-list-level-1 ' ><li class='ez-toc-page-1 ez-toc-heading-level-2'><a class=\"ez-toc-link ez-toc-heading-1\" href=\"https:\/\/www.skalnik.pl\/blog\/korona-gor-polski-radziejowa\/#Beskid_Sadecki_%E2%80%93_lagodne_pasmo_z_pieknymi_widokami\" >Beskid S\u0105decki \u2013 \u0142agodne pasmo z pi\u0119knymi widokami<\/a><\/li><li class='ez-toc-page-1 ez-toc-heading-level-2'><a class=\"ez-toc-link ez-toc-heading-2\" href=\"https:\/\/www.skalnik.pl\/blog\/korona-gor-polski-radziejowa\/#Radziejowa_%E2%80%93_gdzie_nocowac_i_jak_sie_przygotowac_do_wyjazdu\" >Radziejowa \u2013 gdzie nocowa\u0107 i jak si\u0119 przygotowa\u0107 do wyjazdu?<\/a><\/li><li class='ez-toc-page-1 ez-toc-heading-level-2'><a class=\"ez-toc-link ez-toc-heading-3\" href=\"https:\/\/www.skalnik.pl\/blog\/korona-gor-polski-radziejowa\/#Radziejowa_szlaki_%E2%80%93_jak_wejsc_na_szczyt\" >Radziejowa szlaki \u2013 jak wej\u015b\u0107 na szczyt?<\/a><ul class='ez-toc-list-level-3' ><li class='ez-toc-heading-level-3'><a class=\"ez-toc-link ez-toc-heading-4\" href=\"https:\/\/www.skalnik.pl\/blog\/korona-gor-polski-radziejowa\/#Radziejowa_z_Piwnicznej-Zdroju\" >Radziejowa z Piwnicznej-Zdroju<\/a><\/li><li class='ez-toc-page-1 ez-toc-heading-level-3'><a class=\"ez-toc-link ez-toc-heading-5\" href=\"https:\/\/www.skalnik.pl\/blog\/korona-gor-polski-radziejowa\/#Radziejowa_z_Piwnicznej-Zdroju_przez_Bacowke_na_Obidzy\" >Radziejowa z Piwnicznej-Zdroju przez Bac\u00f3wk\u0119 na Obidzy<\/a><\/li><li class='ez-toc-page-1 ez-toc-heading-level-3'><a class=\"ez-toc-link ez-toc-heading-6\" href=\"https:\/\/www.skalnik.pl\/blog\/korona-gor-polski-radziejowa\/#Radziejowa_ze_Szczawnicy_przez_Schronisko_na_Przehybie\" >Radziejowa ze Szczawnicy przez Schronisko na Przehybie<\/a><\/li><\/ul><\/li><li class='ez-toc-page-1 ez-toc-heading-level-2'><a class=\"ez-toc-link ez-toc-heading-7\" href=\"https:\/\/www.skalnik.pl\/blog\/korona-gor-polski-radziejowa\/#Radziejowa_%E2%80%93_najwyzszy_szczyt_Beskidu_Sadeckiego\" >Radziejowa \u2013 najwy\u017cszy szczyt Beskidu S\u0105deckiego<\/a><ul class='ez-toc-list-level-3' ><li class='ez-toc-heading-level-3'><a class=\"ez-toc-link ez-toc-heading-8\" href=\"https:\/\/www.skalnik.pl\/blog\/korona-gor-polski-radziejowa\/#Radziejowa_%E2%80%93_ciekawostki\" >Radziejowa &#8211; ciekawostki<\/a><\/li><\/ul><\/li><\/ul><\/nav><\/div>\n<h2 class=\"wp-block-heading\"><span class=\"ez-toc-section\" id=\"Beskid_Sadecki_%E2%80%93_lagodne_pasmo_z_pieknymi_widokami\"><\/span>Beskid S\u0105decki \u2013 \u0142agodne pasmo z pi\u0119knymi widokami<span class=\"ez-toc-section-end\"><\/span><\/h2>\n\n\n\n<p>Beskid S\u0105decki rozci\u0105ga si\u0119 w po\u0142udniowej cz\u0119\u015bci Polski mi\u0119dzy Szczawnic\u0105 a Krynic\u0105 Zdr\u00f3j. Pasmo to, nale\u017c\u0105ce do Beskid\u00f3w Zachodnich, graniczy mi\u0119dzy innymi z Beskidem Niskim, Wyspowym, Gorcami a tak\u017ce Ma\u0142ymi Pieninami.<\/p>\n\n\n\n<p>Beskid S\u0105decki sk\u0142ada si\u0119 z do\u015b\u0107 wyra\u017anego grzbietu g\u0142\u00f3wnego oraz wielu ni\u017cszych, odbiegaj\u0105cych od niego. Obecnie pasmo jest do\u015b\u0107 mocno poro\u015bni\u0119te lasem. Po 1990 r. z powodu nieop\u0142acalno\u015bci ekonomicznej zaprzestano wypasu zwierz\u0105t w wy\u017cszych partiach Beskidu. W efekcie istniej\u0105ce wcze\u015bniej \u0142\u0105ki w du\u017cej cz\u0119\u015bci pozarasta\u0142y. Obecnie ostatnie istniej\u0105ce jeszcze polany mo\u017cna zobaczy\u0107 na ni\u017cej po\u0142o\u017conych terenach przy miasteczkach i przysi\u00f3\u0142kach.<\/p>\n\n\n\n<p>&nbsp;<\/p>\n\n\n<div class=\"wp-block-image\">\n<figure class=\"aligncenter size-large\"><img loading=\"lazy\" decoding=\"async\" width=\"749\" height=\"1024\" src=\"https:\/\/skalnik.pl\/blog\/wp-content\/uploads\/2020\/08\/IMG_8390-749x1024.jpg\" alt=\"Beskid S\u0105decki - las\" class=\"wp-image-13577\" srcset=\"https:\/\/www.skalnik.pl\/blog\/wp-content\/uploads\/2020\/08\/IMG_8390-749x1024.jpg 749w, https:\/\/www.skalnik.pl\/blog\/wp-content\/uploads\/2020\/08\/IMG_8390-219x300.jpg 219w, https:\/\/www.skalnik.pl\/blog\/wp-content\/uploads\/2020\/08\/IMG_8390-768x1050.jpg 768w, https:\/\/www.skalnik.pl\/blog\/wp-content\/uploads\/2020\/08\/IMG_8390.jpg 1024w\" sizes=\"auto, (max-width: 749px) 100vw, 749px\" \/><figcaption class=\"wp-element-caption\"><em>Przemierzaj\u0105c Beskid S\u0105decki, w\u0119druje si\u0119 obecnie g\u0142\u00f3wnie przez las (fot. Katarzyna Butkiewicz)<\/em><\/figcaption><\/figure>\n<\/div>\n\n\n<p>Dwa g\u0142\u00f3wne pasma tworz\u0105ce Beskid S\u0105decki to:<\/p>\n\n\n\n<p>&#8211; Pasmo Radziejowej<\/p>\n\n\n\n<p>&#8211; Pasmo Jaworzyny<\/p>\n\n\n\n<p>W pa\u015bmie Radziejowej znajduje si\u0119 oczywi\u015bcie Radziejowa, czyli najwy\u017cszy szczyt Beskidu S\u0105deckiego. Je\u015bli Twoim celem jest Korona G\u00f3r Polski, musisz zdoby\u0107 r\u00f3wnie\u017c ten szczyt. W pa\u015bmie Radziejowej znajdziesz tak\u017ce inne wierzcho\u0142ki Beskidu S\u0105deckiego przekraczaj\u0105ce 1200 m n.p.m.<\/p>\n\n\n\n<p>&nbsp;<\/p>\n\n\n<div class=\"wp-block-image\">\n<figure class=\"aligncenter size-large\"><img loading=\"lazy\" decoding=\"async\" width=\"1024\" height=\"768\" src=\"https:\/\/skalnik.pl\/blog\/wp-content\/uploads\/2020\/08\/IMG_8300.jpg\" alt=\"Radziejowa - pomnik na szczycie\" class=\"wp-image-13572\" srcset=\"https:\/\/www.skalnik.pl\/blog\/wp-content\/uploads\/2020\/08\/IMG_8300.jpg 1024w, https:\/\/www.skalnik.pl\/blog\/wp-content\/uploads\/2020\/08\/IMG_8300-300x225.jpg 300w, https:\/\/www.skalnik.pl\/blog\/wp-content\/uploads\/2020\/08\/IMG_8300-768x576.jpg 768w\" sizes=\"auto, (max-width: 1024px) 100vw, 1024px\" \/><figcaption class=\"wp-element-caption\"><em>Pomnik na szczycie Radziejowej (fot. Katarzyna Butkiewicz)<\/em><\/figcaption><\/figure>\n<\/div>\n\n\n<h2 class=\"wp-block-heading\"><span class=\"ez-toc-section\" id=\"Radziejowa_%E2%80%93_gdzie_nocowac_i_jak_sie_przygotowac_do_wyjazdu\"><\/span>Radziejowa \u2013 gdzie nocowa\u0107 i jak si\u0119 przygotowa\u0107 do wyjazdu?<span class=\"ez-toc-section-end\"><\/span><\/h2>\n\n\n\n<p>Przygotowuj\u0105c si\u0119 na g\u00f3rsk\u0105 wycieczk\u0119, niezale\u017cnie od tego czy Twoim celem jest ca\u0142a Korona G\u00f3r Polski czy jedynie Beskid S\u0105decki i najwy\u017cszy szczyt, nale\u017cy zadba\u0107 o odpowiedni ubi\u00f3r i ekwipunek.<\/p>\n\n\n\n<p>Mimo \u017ce Radziejowa nie jest bardzo trudnym szczytem, a szlaki w Beskidzie S\u0105deckim s\u0105 do\u015b\u0107 wygodne, na g\u00f3rsk\u0105 wycieczk\u0119 lepiej zabra\u0107 <a href=\"https:\/\/www.skalnik.pl\/buty\/buty-meskie\" target=\"_blank\" rel=\"noopener\" title=\"\">buty trekkingowe<\/a>. Zapewni\u0105 one dobr\u0105 amortyzacj\u0119 Twoim stopom i zabezpiecz\u0105 przed bolesnymi uderzeniami w kamienie czy korzenie.<\/p>\n\n\n\n<p>Do plecaka warto w\u0142o\u017cy\u0107 du\u017c\u0105 butelk\u0119 z wod\u0105, a tak\u017ce map\u0119. W sklepie skalnik \u0142atwo odfiltrujesz <a href=\"https:\/\/skalnik.pl\/sprzet-turystyczny\/ksiegarnia\/ksiegarnia-mapy\/beskidy-mapa\" title=\"https:\/\/skalnik.pl\/sprzet-turystyczny\/ksiegarnia\/ksiegarnia-mapy\/beskidy-mapa\">mapy Beskid\u00f3w<\/a>. Oferujemy \u0142atwe w sk\u0142adaniu i wodoodporne mapy laminowane. Zabierz ze sob\u0105 te\u017c kurtk\u0119 przeciwdeszczow\u0105. Nawet je\u015bli prognozy zapowiadaj\u0105 s\u0142oneczny dzie\u0144, pogoda w g\u00f3rach potrafi zmienia\u0107 si\u0119 bardzo szybko.<\/p>\n\n\n\n<p>Sk\u0105d najlepiej ruszy\u0107 na Radziejow\u0105? Dobr\u0105 baz\u0105 wypadow\u0105 jest Szczawnica po\u0142o\u017cona na granicy Pienin i Beskidu S\u0105deckiego. Innym dobrym punktem do rozpocz\u0119cia w\u0119dr\u00f3wki jest Piwniczna-Zdr\u00f3j.<\/p>\n\n\n\n<p>W pobli\u017cu Radziejowej znajduj\u0105 si\u0119 liczne schroniska, mi\u0119dzy innymi Schronisko na Przehybie, Schronisko pod Bere\u015bnikiem czy Bac\u00f3wka na Obidzy. To dobre miejsca na wypoczynek w ci\u0105gu dnia, a tak\u017ce nocleg, je\u015bli planujesz d\u0142u\u017cszy pobyt w g\u00f3rach.<\/p>\n\n\n\n<p>&nbsp;<\/p>\n\n\n<div class=\"wp-block-image\">\n<figure class=\"aligncenter size-large\"><img loading=\"lazy\" decoding=\"async\" width=\"1024\" height=\"768\" src=\"https:\/\/skalnik.pl\/blog\/wp-content\/uploads\/2020\/08\/IMG_8385.jpg\" alt=\"Beskid S\u0105decki - zaskroniec\" class=\"wp-image-13575\" srcset=\"https:\/\/www.skalnik.pl\/blog\/wp-content\/uploads\/2020\/08\/IMG_8385.jpg 1024w, https:\/\/www.skalnik.pl\/blog\/wp-content\/uploads\/2020\/08\/IMG_8385-300x225.jpg 300w, https:\/\/www.skalnik.pl\/blog\/wp-content\/uploads\/2020\/08\/IMG_8385-768x576.jpg 768w\" sizes=\"auto, (max-width: 1024px) 100vw, 1024px\" \/><figcaption class=\"wp-element-caption\"><em>Zaskro\u0144ce mo\u017cna napotka\u0107 w ca\u0142ym Beskidzie S\u0105deckim. Ten wygrzewa\u0142 si\u0119 tu\u017c obok Schroniska pod Bere\u015bnikiem (fot. Katarzyna Butkiewicz)<\/em><\/figcaption><\/figure>\n<\/div>\n\n\n<p>W Beskidzie S\u0105deckim pomoc\u0105 turystom s\u0142u\u017c\u0105 ratownicy z Grupy Krynickiej GOPR. Je\u015bli znajdziesz si\u0119 w trudnej sytuacji zadzwo\u0144 pod numer ratunkowy w g\u00f3rach: <\/p>\n\n\n<div class=\"wp-block-image\">\n<figure class=\"aligncenter size-large is-resized\"><img loading=\"lazy\" decoding=\"async\" src=\"https:\/\/skalnik.pl\/blog\/wp-content\/uploads\/2020\/08\/gopr-tylko-gopr.jpg\" alt=\"\" class=\"wp-image-13650\" width=\"407\" height=\"257\" srcset=\"https:\/\/www.skalnik.pl\/blog\/wp-content\/uploads\/2020\/08\/gopr-tylko-gopr.jpg 542w, https:\/\/www.skalnik.pl\/blog\/wp-content\/uploads\/2020\/08\/gopr-tylko-gopr-300x189.jpg 300w\" sizes=\"auto, (max-width: 407px) 100vw, 407px\" \/><\/figure>\n<\/div>\n\n\n<p>W rejonie Pasma Radziejowej Grupa Krynicka GOPR graniczy z Grup\u0105 Podhala\u0144sk\u0105. Z tego powodu dzia\u0142ania ratownicze na tym terenie s\u0105 prowadzone wsp\u00f3lnie przez obie grupy.<\/p>\n\n\n\n<p>Aby zwi\u0119kszy\u0107 swoje bezpiecze\u0144stwo, zapakuj do plecaka czo\u0142\u00f3wk\u0119. Je\u015bli w\u0119dr\u00f3wka zajmie Ci wi\u0119cej czasu i b\u0119dziesz i\u015b\u0107 po zmierzchu, latarka o\u015bwietli Ci drog\u0119. <a href=\"https:\/\/skalnik.pl\/sprzet-turystyczny\/oswietlenie\/oswietlenie-czolowki\" target=\"_blank\" rel=\"noreferrer noopener\">Czo\u0142\u00f3wki<\/a> przydadz\u0105 si\u0119 tak\u017ce osobom nocuj\u0105cym w schronisku w pokojach wieloosobowych. Aby nie przeszkadza\u0107 innym wypoczywaj\u0105cym turystom, w pokoju u\u017cywaj trybu czerwonego \u015bwiat\u0142a.<\/p>\n\n\n\n<h2 class=\"wp-block-heading\"><span class=\"ez-toc-section\" id=\"Radziejowa_szlaki_%E2%80%93_jak_wejsc_na_szczyt\"><\/span>Radziejowa szlaki \u2013 jak wej\u015b\u0107 na szczyt?<span class=\"ez-toc-section-end\"><\/span><\/h2>\n\n\n\n<p>Zasady zdobywania KGP nie okre\u015blaj\u0105, kt\u00f3rym dok\u0142adnie szlakiem trzeba zdoby\u0107 szczyt. Na Radziejow\u0105 wejd\u017a wi\u0119c t\u0105 tras\u0105, kt\u00f3ra Ci najbardziej odpowiada. Na najwy\u017cszy szczyt Beskidu S\u0105deckiego mo\u017cesz wej\u015b\u0107 od zachodu ze Szczawnicy lub ze wschodu, od strony Piwnicznej\u2013Zdroju.<\/p>\n\n\n\n<p>&nbsp;<\/p>\n\n\n<div class=\"wp-block-image\">\n<figure class=\"aligncenter size-large\"><img loading=\"lazy\" decoding=\"async\" width=\"749\" height=\"1024\" src=\"https:\/\/skalnik.pl\/blog\/wp-content\/uploads\/2020\/08\/IMG_8299-749x1024.jpg\" alt=\"Obelisk na Radziejowej\" class=\"wp-image-13580\" srcset=\"https:\/\/www.skalnik.pl\/blog\/wp-content\/uploads\/2020\/08\/IMG_8299-749x1024.jpg 749w, https:\/\/www.skalnik.pl\/blog\/wp-content\/uploads\/2020\/08\/IMG_8299-219x300.jpg 219w, https:\/\/www.skalnik.pl\/blog\/wp-content\/uploads\/2020\/08\/IMG_8299-768x1050.jpg 768w, https:\/\/www.skalnik.pl\/blog\/wp-content\/uploads\/2020\/08\/IMG_8299.jpg 1024w\" sizes=\"auto, (max-width: 749px) 100vw, 749px\" \/><figcaption class=\"wp-element-caption\"><em>Obelisk na Radziejowej (fot. Katarzyna Butkiewicz)<\/em><\/figcaption><\/figure>\n<\/div>\n\n\n<h3 class=\"wp-block-heading\"><span class=\"ez-toc-section\" id=\"Radziejowa_z_Piwnicznej-Zdroju\"><\/span>Radziejowa z Piwnicznej-Zdroju<span class=\"ez-toc-section-end\"><\/span><\/h3>\n\n\n\n<p>Czas: 4:20 h<\/p>\n\n\n\n<p>Dystans: 10,6 km<\/p>\n\n\n\n<p>Szlak na Radziejow\u0105 z Piwnicznej-Zdroju jest dobrym wyborem, je\u015bli najwy\u017cszy szczyt Beskidu S\u0105deckiego chcesz zdoby\u0107 na przyk\u0142ad ze swoimi ma\u0142ymi dzie\u0107mi.<\/p>\n\n\n\n<p>Z Piwnicznej-Zdroju, kt\u00f3re w ko\u0144cu XVI w. by\u0142o miastem kr\u00f3lewskim, wyrusz \u017c\u00f3\u0142tym szlakiem. Przejdziesz obok prywatnej Chaty pod Kamiennym Groniem \u2013 drewnianego domu z 1956 r.<\/p>\n\n\n\n<p>Nast\u0119pnie skr\u0119\u0107 w lewo w czerwony szlak, kt\u00f3rym przez Wielki Rogacz dotrzesz na Radziejow\u0105.<\/p>\n\n\n\n<h3 class=\"wp-block-heading\"><span class=\"ez-toc-section\" id=\"Radziejowa_z_Piwnicznej-Zdroju_przez_Bacowke_na_Obidzy\"><\/span>Radziejowa z Piwnicznej-Zdroju przez Bac\u00f3wk\u0119 na Obidzy<span class=\"ez-toc-section-end\"><\/span><\/h3>\n\n\n\n<p>Czas: 5:05 h<\/p>\n\n\n\n<p>Dystans: 13,7 km<\/p>\n\n\n\n<p>Ta trasa r\u00f3wnie\u017c wiedzie z Piwnicznej-Zdroju, ale jest nieco d\u0142u\u017csza. W\u0119dr\u00f3wk\u0119 rozpocznij czerwonym szlakiem, kt\u00f3rym dotrzesz do Bac\u00f3wki na Obidzy. Blisko niej znajduje si\u0119 o\u015brodek narciarski Sucha Dolina. Sama Bac\u00f3wka na Obidzy to \u0142adny obiekt wyko\u0144czony drewnem. Znajdziesz tam bardzo dobre jedzenie i sielskie widoki na okolic\u0119.<\/p>\n\n\n\n<p>Do Obidzy mo\u017cna podjecha\u0107 autem. Je\u015bli chcesz wej\u015b\u0107 na szczyt w szybkim tempie, to jest to punk startu na najszybszy rajd, jaki powinien zaj\u0105\u0107 do 2 godzin. <\/p>\n\n\n<div class=\"wp-block-image\">\n<figure class=\"aligncenter size-large\"><img loading=\"lazy\" decoding=\"async\" width=\"1024\" height=\"768\" src=\"https:\/\/skalnik.pl\/blog\/wp-content\/uploads\/2020\/08\/IMG_8286.jpg\" alt=\"Beskid S\u0105decki - Obidza\" class=\"wp-image-13565\" srcset=\"https:\/\/www.skalnik.pl\/blog\/wp-content\/uploads\/2020\/08\/IMG_8286.jpg 1024w, https:\/\/www.skalnik.pl\/blog\/wp-content\/uploads\/2020\/08\/IMG_8286-300x225.jpg 300w, https:\/\/www.skalnik.pl\/blog\/wp-content\/uploads\/2020\/08\/IMG_8286-768x576.jpg 768w\" sizes=\"auto, (max-width: 1024px) 100vw, 1024px\" \/><figcaption class=\"wp-element-caption\"><em>Z Bac\u00f3wki na Obidzy rozci\u0105gaj\u0105 si\u0119 pi\u0119kne widoki na okolic\u0119 (fot. Katarzyna Butkiewicz)<\/em><\/figcaption><\/figure>\n<\/div>\n\n\n<p>Z bac\u00f3wki pod\u0105\u017caj niebieskim szlakiem. Po odpoczynku w schronisku wspinaczka na Wielki Rogacz nie powinna by\u0107 du\u017cym problemem. Na Wielkim Rogaczu skr\u0119\u0107 w lewo w czerwony szlak. Nim dotrzesz ju\u017c na sam\u0105 Radziejow\u0105.<\/p>\n\n\n\n<h3 class=\"wp-block-heading\"><span class=\"ez-toc-section\" id=\"Radziejowa_ze_Szczawnicy_przez_Schronisko_na_Przehybie\"><\/span>Radziejowa ze Szczawnicy przez Schronisko na Przehybie<span class=\"ez-toc-section-end\"><\/span><\/h3>\n\n\n\n<p>Czas: 5:08 h<\/p>\n\n\n\n<p>Dystans: 14,2 km<\/p>\n\n\n\n<div style=\"max-width:1024px;overflow:hidden;margin:0 auto;min-width:300px;\"><iframe src=\"https:\/\/mapa-turystyczna.pl\/map\/widget\/route\/h1l0p1\/1gr.html\" style=\"width:100%;border:0;\" height=\"920\" frameborder=\"0\"><\/iframe><a href=\"https:\/\/mapa-turystyczna.pl\/route\/1gr?utm_source=external_web&amp;utm_medium=widget&amp;utm_campaign=route_widget\" target=\"_blank\" style=\"color:#999;padding:7px 0;font-size: 13px;font-family:Roboto,Arial,sans-serif;display: inline-block;\" rel=\"noopener noreferrer\">Trasa: Szczawnica \u2013 Radziejowa | mapa-turystyczna.pl<\/a><\/div>\n\n\n\n<p>Najd\u0142u\u017csza trasa na najwy\u017cszy szczyt Beskidu S\u0105deckiego, kt\u00f3r\u0105 proponuj\u0119, zaczyna si\u0119 w samym centrum Szczawnicy. Przed ruszeniem w g\u00f3ry mo\u017cesz zwiedzi\u0107 atrakcje miejscowo\u015bci, mi\u0119dzy innymi Muzeum Uzdrowiska Szczawnica czy Pijalni\u0119 W\u00f3d Mineralnych, zw\u0142aszcza \u017ce szlaki le\u017c\u0105 tu\u017c obok nich.<\/p>\n\n\n\n<p>W Szczawnicy pod\u0105\u017caj za \u017c\u00f3\u0142tym oraz niebieskim szlakiem. Tu\u017c przy fontannie niebieski szlak odbija w prawo i zmierza ju\u017c samodzielnie do schroniska. Schronisko na Przehybie to dobre miejsce na wypoczynek i posi\u0142ek. Historia tego budynku si\u0119ga 1937 r. Pierwszym dzier\u017cawc\u0105 schroniska zosta\u0142 g\u00f3ral ze Szczawnicy Walenty Symela. W okolicy natrafisz na wiele rozleg\u0142ych hal grzbietowych, z kt\u00f3rych roztaczaj\u0105 si\u0119 pi\u0119kne widoki na Tatry, Pieniny oraz Gorce.<\/p>\n\n\n\n<p>Innym wariantem opisywanej trasy jest w\u0119dr\u00f3wka ze Szczawnicy \u017c\u00f3\u0142tym szlakiem do Schroniska pod Bere\u015bnikiem. To kameralne miejsce z pysznym jedzeniem oraz pi\u0119knym widokiem na Tatry. Po odpoczynku p\u00f3jd\u017a czarnym szlakiem, kt\u00f3rym do\u0142\u0105czysz do niebieskiego zmierzaj\u0105cego do Schroniska na Przehybie.<\/p>\n\n\n\n<p>&nbsp;<\/p>\n\n\n<div class=\"wp-block-image\">\n<figure class=\"aligncenter size-large\"><img loading=\"lazy\" decoding=\"async\" width=\"1024\" height=\"768\" src=\"https:\/\/skalnik.pl\/blog\/wp-content\/uploads\/2020\/08\/IMG_8340.jpg\" alt=\"Schronisko pod Bere\u015bnikiem\" class=\"wp-image-13574\" srcset=\"https:\/\/www.skalnik.pl\/blog\/wp-content\/uploads\/2020\/08\/IMG_8340.jpg 1024w, https:\/\/www.skalnik.pl\/blog\/wp-content\/uploads\/2020\/08\/IMG_8340-300x225.jpg 300w, https:\/\/www.skalnik.pl\/blog\/wp-content\/uploads\/2020\/08\/IMG_8340-768x576.jpg 768w\" sizes=\"auto, (max-width: 1024px) 100vw, 1024px\" \/><figcaption class=\"wp-element-caption\"><em>Schronisko pod Bere\u015bnikiem to kameralne miejsce z pysznym jedzeniem (fot. Katarzyna Butkiewicz)<\/em><\/figcaption><\/figure>\n<\/div>\n\n\n<p>Ze schroniska id\u017a \u015bcie\u017ck\u0105 oznaczon\u0105 czerwonym szlakiem. B\u0119dziesz pod\u0105\u017ca\u0107 fragmentem G\u0142\u00f3wnego Szlaku Beskidzkiego. To najd\u0142u\u017csza g\u00f3rska trasa w Polsce licz\u0105ca oko\u0142o 496 km. Na odcinku Beskidu S\u0105deckiego GSB ma d\u0142ugo\u015b\u0107 67,4 km. Stanowi to 12,5% ca\u0142o\u015bci. <a href=\"https:\/\/skalnik.pl\/sprzet-turystyczny\/ksiegarnia\/ksiegarnia-mapy\" target=\"_blank\" rel=\"noreferrer noopener\">Mapa turystyczna<\/a> pozwoli Ci zobaczy\u0107 przebieg ca\u0142ego szlaku w Beskidzie S\u0105deckim oraz innych pasmach.<\/p>\n\n\n\n<p>&nbsp;<\/p>\n\n\n<div class=\"wp-block-image\">\n<figure class=\"aligncenter size-large\"><img loading=\"lazy\" decoding=\"async\" width=\"1024\" height=\"768\" src=\"https:\/\/skalnik.pl\/blog\/wp-content\/uploads\/2020\/08\/IMG_8294.jpg\" alt=\"G\u0142\u00f3wny Szlak Beskidzki w Beskidzie S\u0105deckim\" class=\"wp-image-13569\" srcset=\"https:\/\/www.skalnik.pl\/blog\/wp-content\/uploads\/2020\/08\/IMG_8294.jpg 1024w, https:\/\/www.skalnik.pl\/blog\/wp-content\/uploads\/2020\/08\/IMG_8294-300x225.jpg 300w, https:\/\/www.skalnik.pl\/blog\/wp-content\/uploads\/2020\/08\/IMG_8294-768x576.jpg 768w\" sizes=\"auto, (max-width: 1024px) 100vw, 1024px\" \/><figcaption class=\"wp-element-caption\"><em>Wchodz\u0105c na Radziejow\u0105, przejdziesz fragment G\u0142\u00f3wnego Szlaku Beskidzkiego (fot. Katarzyna Butkiewicz)<\/em> <\/figcaption><\/figure>\n<\/div>\n\n\n<p>Przed zdobyciem najwy\u017cszego szczytu Beskidu nale\u017c\u0105cego do KGP wejdziesz jeszcze na Ma\u0142\u0105 Radziejow\u0105 licz\u0105c\u0105 1207 m n.p.m. Z tego szczytu szlak pod\u0105\u017ca ju\u017c prosto na Radziejow\u0105. Kiedy ju\u017c staniesz na wierzcho\u0142ku, zr\u00f3b zdj\u0119cie, aby udokumentowa\u0107 wej\u015bcie na szczyt oraz fakt, \u017ce pe\u0142na Korona G\u00f3r Polski jest o kolejny krok bli\u017cej.<\/p>\n\n\n\n<h2 class=\"wp-block-heading\"><span class=\"ez-toc-section\" id=\"Radziejowa_%E2%80%93_najwyzszy_szczyt_Beskidu_Sadeckiego\"><\/span>Radziejowa \u2013 najwy\u017cszy szczyt Beskidu S\u0105deckiego<span class=\"ez-toc-section-end\"><\/span><\/h2>\n\n\n\n<p>Korona G\u00f3r Polski obejmuje szczyty o r\u00f3\u017cnym wygl\u0105dzie i charakterystyce. Radziejowa jest akurat wierzcho\u0142kiem w ca\u0142o\u015bci poro\u015bni\u0119tym lasem. Dlatego w 2006 r. oddano turystom do u\u017cytku wie\u017c\u0119 widokow\u0105. Dzi\u0119ki temu mogli zobaczy\u0107 panoram\u0119 na pobliskie pasma rozci\u0105gaj\u0105c\u0105 si\u0119 ze szczytu. Niestety, wie\u017ca zosta\u0142a powa\u017cnie uszkodzona, zapewne przez uderzenie pioruna.<\/p>\n\n\n\n<p>Na szcz\u0119\u015bcie obecnie jest ju\u017c na szczycie nowa wie\u017ca. Zdj\u0119cie poni\u017cej to jeszcze czasy jej budowy, kt\u00f3ra op\u00f3\u017ani\u0142a si\u0119 przez epidemi\u0119 koronwairusa.<\/p>\n\n\n<div class=\"wp-block-image\">\n<figure class=\"aligncenter size-large\"><img loading=\"lazy\" decoding=\"async\" width=\"750\" height=\"1024\" src=\"https:\/\/skalnik.pl\/blog\/wp-content\/uploads\/2020\/08\/IMG_8296-750x1024.jpg\" alt=\"Wie\u017ca widokowa na Radziejowej\" class=\"wp-image-13571\" srcset=\"https:\/\/www.skalnik.pl\/blog\/wp-content\/uploads\/2020\/08\/IMG_8296-750x1024.jpg 750w, https:\/\/www.skalnik.pl\/blog\/wp-content\/uploads\/2020\/08\/IMG_8296-220x300.jpg 220w, https:\/\/www.skalnik.pl\/blog\/wp-content\/uploads\/2020\/08\/IMG_8296-768x1048.jpg 768w, https:\/\/www.skalnik.pl\/blog\/wp-content\/uploads\/2020\/08\/IMG_8296.jpg 1026w\" sizes=\"auto, (max-width: 750px) 100vw, 750px\" \/><figcaption class=\"wp-element-caption\"><em>Wie\u017ca widokowa na Radziejowej ju\u017c nied\u0142ugo zostanie udost\u0119pniona turystom (fot. Katarzyna Butkiewicz)<\/em><\/figcaption><\/figure>\n<\/div>\n\n\n<div style=\"width:1024; height:600px; padding: 15px; resize:both; overflow: auto;\"> <div style=\"width:100%; height:100%; box-shadow: 5px 5px 15px #00000038;\"> <iframe src=\"https:\/\/kgp3d.amu.edu.pl\/szczyty\/Radziejowa.html\" allow=\"xr xr-spatial-tracking\" style=\"height: 100%; width: 100%; border: 0;\" ><\/iframe> <\/div> <\/div>\n\n\n\n<h3 class=\"wp-block-heading\"><span class=\"ez-toc-section\" id=\"Radziejowa_%E2%80%93_ciekawostki\"><\/span>Radziejowa &#8211; ciekawostki<span class=\"ez-toc-section-end\"><\/span><\/h3>\n\n\n\n<ul class=\"wp-block-list\">\n<li>nazwa szczytu pochodzi prawdopodobnie od przydomku Radziej lub od osoby o tym nazwisku<\/li>\n\n\n\n<li>Radziejowa jest zbudowana ze ska\u0142 piaskowcowych<\/li>\n\n\n\n<li>najwy\u017cszy szczyt Beskidu S\u0105deckiego le\u017cy w granicach Popradzkiego Parku Krajobrazowego, kt\u00f3ry chroni mi\u0119dzy innymi \u017ar\u00f3d\u0142a w\u00f3d mineralnych (szczawy) oraz buczyn\u0119 karpack\u0105<\/li>\n\n\n\n<li>p\u00f3\u0142nocne stoki Radziejowej zajmuje Rezerwat Przyrody Baniska. Na terenie tego rezerwatu znajduje si\u0119 mi\u0119dzy innymi jaskinia Bania oraz kilka jezior osuwiskowych<\/li>\n\n\n\n<li>na stokach Radziejowej znajduje si\u0119 jedyne w Polsce skatalogowane miejsce wyst\u0119powania pierwiosnka om\u0105czonego<\/li>\n\n\n\n<li>w p\u00f3\u0142nocnej cz\u0119\u015bci szczytu mo\u017cna odnale\u017a\u0107 \u017ar\u00f3de\u0142ko wody zwane Smoczym Gard\u0142em<\/li>\n\n\n\n<li>na szczycie znajduje si\u0119 piecz\u0105tka do potwierdzenia wej\u015bcia w ksi\u0105\u017ceczce KGP<\/li>\n\n\n\n<li>wej\u015bcie na Radziejow\u0105 mo\u017cna po\u0142\u0105czy\u0107 ze zdobyciem najwy\u017cszego szczytu Pienin &#8211; Wysok\u0105, kt\u00f3r\u0105 opisali\u015bmy <a href=\"https:\/\/skalnik.pl\/blog\/korona-gor-polski-wysoka\/\" target=\"_blank\" rel=\"noreferrer noopener\">w tym artykule<\/a><\/li>\n<\/ul>\n\n\n\n<p><\/p>\n\n\n\n<p class=\"has-text-align-right\"><em>Katarzyna Butkiewicz<\/em><\/p>\n","protected":false},"excerpt":{"rendered":"<p>Na Radziejow\u0105 &#8211; najwy\u017cszy szczyt Beskidu S\u0105deckiego nale\u017c\u0105cy do KGP &#8211; wiod\u0105 r\u00f3\u017cne trasy. Kt\u00f3ry szlak wybra\u0107?<\/p>\n","protected":false},"author":7,"featured_media":13582,"comment_status":"open","ping_status":"open","sticky":false,"template":"","format":"standard","meta":{"_acf_changed":false,"footnotes":""},"categories":[84],"tags":[28,225,260,91,210],"magento_category":[],"magento_product":[],"class_list":["post-13555","post","type-post","status-publish","format-standard","has-post-thumbnail","hentry","category-pasja","tag-gory","tag-karpaty","tag-korona-gor-polski","tag-trekking","tag-turystyka"],"acf":[],"aioseo_notices":[],"aioseo_head":"\n\t\t<!-- All in One SEO 4.9.10 - aioseo.com -->\n\t<meta name=\"description\" content=\"Radziejowa to najwy\u017cszy szczyt Beskidu S\u0105deckiego i si\u00f3dmy szczyt pod wzgl\u0119dem wysoko\u015bci na li\u015bcie KGP. Jak wej\u015b\u0107 na Radziejow\u0105? Kt\u00f3ry szlak wybra\u0107?\" \/>\n\t<meta name=\"robots\" content=\"max-image-preview:large\" \/>\n\t<meta name=\"author\" content=\"Redakcja skalnik.pl\"\/>\n\t<link rel=\"canonical\" href=\"https:\/\/www.skalnik.pl\/blog\/korona-gor-polski-radziejowa\/\" \/>\n\t<meta name=\"generator\" content=\"All in One SEO (AIOSEO) 4.9.10\" \/>\n\t\t<meta property=\"og:locale\" content=\"pl_PL\" \/>\n\t\t<meta property=\"og:site_name\" content=\"blog Skalnik - Blog, porady, artyku\u0142y - blog Skalnik\" \/>\n\t\t<meta property=\"og:type\" content=\"article\" \/>\n\t\t<meta property=\"og:title\" content=\"Korona G\u00f3r Polski \u2013 Radziejowa - blog Skalnik\" \/>\n\t\t<meta property=\"og:description\" content=\"Radziejowa to najwy\u017cszy szczyt Beskidu S\u0105deckiego i si\u00f3dmy szczyt pod wzgl\u0119dem wysoko\u015bci na li\u015bcie KGP. Jak wej\u015b\u0107 na Radziejow\u0105? Kt\u00f3ry szlak wybra\u0107?\" \/>\n\t\t<meta property=\"og:url\" content=\"https:\/\/www.skalnik.pl\/blog\/korona-gor-polski-radziejowa\/\" \/>\n\t\t<meta property=\"og:image\" content=\"https:\/\/skalnik.pl\/blog\/wp-content\/uploads\/2020\/08\/IMG_8312.jpg\" \/>\n\t\t<meta property=\"og:image:secure_url\" content=\"https:\/\/skalnik.pl\/blog\/wp-content\/uploads\/2020\/08\/IMG_8312.jpg\" \/>\n\t\t<meta property=\"article:tag\" content=\"pasja\" \/>\n\t\t<meta property=\"article:tag\" content=\"g\u00f3ry\" \/>\n\t\t<meta property=\"article:tag\" content=\"karpaty\" \/>\n\t\t<meta property=\"article:tag\" content=\"korona g\u00f3r polski\" \/>\n\t\t<meta property=\"article:tag\" content=\"trekking\" \/>\n\t\t<meta property=\"article:tag\" content=\"turystyka\" \/>\n\t\t<meta property=\"article:published_time\" content=\"2020-08-24T06:00:00+00:00\" \/>\n\t\t<meta property=\"article:modified_time\" content=\"2024-05-21T06:39:42+00:00\" \/>\n\t\t<meta name=\"twitter:card\" content=\"summary_large_image\" \/>\n\t\t<meta name=\"twitter:title\" content=\"Korona G\u00f3r Polski \u2013 Radziejowa - blog Skalnik\" \/>\n\t\t<meta name=\"twitter:description\" content=\"Radziejowa to najwy\u017cszy szczyt Beskidu S\u0105deckiego i si\u00f3dmy szczyt pod wzgl\u0119dem wysoko\u015bci na li\u015bcie KGP. Jak wej\u015b\u0107 na Radziejow\u0105? Kt\u00f3ry szlak wybra\u0107?\" \/>\n\t\t<meta name=\"twitter:image\" content=\"https:\/\/skalnik.pl\/blog\/wp-content\/uploads\/2020\/08\/IMG_8312.jpg\" \/>\n\t\t<script type=\"application\/ld+json\" class=\"aioseo-schema\">\n\t\t\t{\"@context\":\"https:\\\/\\\/schema.org\",\"@graph\":[{\"@type\":\"BlogPosting\",\"@id\":\"https:\\\/\\\/www.skalnik.pl\\\/blog\\\/korona-gor-polski-radziejowa\\\/#blogposting\",\"name\":\"Korona G\\u00f3r Polski \\u2013 Radziejowa - blog Skalnik\",\"headline\":\"Korona G\\u00f3r Polski \\u2013 Radziejowa\",\"author\":{\"@id\":\"https:\\\/\\\/www.skalnik.pl\\\/blog\\\/author\\\/redakcja-skalnik-pl\\\/#author\"},\"publisher\":{\"@id\":\"https:\\\/\\\/www.skalnik.pl\\\/blog\\\/#organization\"},\"image\":{\"@type\":\"ImageObject\",\"url\":\"https:\\\/\\\/www.skalnik.pl\\\/blog\\\/wp-content\\\/uploads\\\/2020\\\/08\\\/Beskid-S\\u0105decki.jpg\",\"width\":1920,\"height\":705,\"caption\":\"Beskid S\\u0105decki\"},\"datePublished\":\"2020-08-24T08:00:00+02:00\",\"dateModified\":\"2024-05-21T08:39:42+02:00\",\"inLanguage\":\"pl-PL\",\"mainEntityOfPage\":{\"@id\":\"https:\\\/\\\/www.skalnik.pl\\\/blog\\\/korona-gor-polski-radziejowa\\\/#webpage\"},\"isPartOf\":{\"@id\":\"https:\\\/\\\/www.skalnik.pl\\\/blog\\\/korona-gor-polski-radziejowa\\\/#webpage\"},\"articleSection\":\"Pasja, g\\u00f3ry, karpaty, korona g\\u00f3r polski, trekking, turystyka\"},{\"@type\":\"BreadcrumbList\",\"@id\":\"https:\\\/\\\/www.skalnik.pl\\\/blog\\\/korona-gor-polski-radziejowa\\\/#breadcrumblist\",\"itemListElement\":[{\"@type\":\"ListItem\",\"@id\":\"https:\\\/\\\/www.skalnik.pl\\\/blog#listItem\",\"position\":1,\"name\":\"Home\",\"item\":\"https:\\\/\\\/www.skalnik.pl\\\/blog\",\"nextItem\":{\"@type\":\"ListItem\",\"@id\":\"https:\\\/\\\/www.skalnik.pl\\\/blog\\\/.\\\/pasja\\\/#listItem\",\"name\":\"Pasja\"}},{\"@type\":\"ListItem\",\"@id\":\"https:\\\/\\\/www.skalnik.pl\\\/blog\\\/.\\\/pasja\\\/#listItem\",\"position\":2,\"name\":\"Pasja\",\"item\":\"https:\\\/\\\/www.skalnik.pl\\\/blog\\\/.\\\/pasja\\\/\",\"nextItem\":{\"@type\":\"ListItem\",\"@id\":\"https:\\\/\\\/www.skalnik.pl\\\/blog\\\/korona-gor-polski-radziejowa\\\/#listItem\",\"name\":\"Korona G\\u00f3r Polski \\u2013 Radziejowa\"},\"previousItem\":{\"@type\":\"ListItem\",\"@id\":\"https:\\\/\\\/www.skalnik.pl\\\/blog#listItem\",\"name\":\"Home\"}},{\"@type\":\"ListItem\",\"@id\":\"https:\\\/\\\/www.skalnik.pl\\\/blog\\\/korona-gor-polski-radziejowa\\\/#listItem\",\"position\":3,\"name\":\"Korona G\\u00f3r Polski \\u2013 Radziejowa\",\"previousItem\":{\"@type\":\"ListItem\",\"@id\":\"https:\\\/\\\/www.skalnik.pl\\\/blog\\\/.\\\/pasja\\\/#listItem\",\"name\":\"Pasja\"}}]},{\"@type\":\"Organization\",\"@id\":\"https:\\\/\\\/www.skalnik.pl\\\/blog\\\/#organization\",\"name\":\"blog Skalnik\",\"description\":\"Blog, porady, artyku\\u0142y - blog Skalnik\",\"url\":\"https:\\\/\\\/www.skalnik.pl\\\/blog\\\/\"},{\"@type\":\"Person\",\"@id\":\"https:\\\/\\\/www.skalnik.pl\\\/blog\\\/author\\\/redakcja-skalnik-pl\\\/#author\",\"url\":\"https:\\\/\\\/www.skalnik.pl\\\/blog\\\/author\\\/redakcja-skalnik-pl\\\/\",\"name\":\"Redakcja skalnik.pl\",\"image\":{\"@type\":\"ImageObject\",\"@id\":\"https:\\\/\\\/www.skalnik.pl\\\/blog\\\/korona-gor-polski-radziejowa\\\/#authorImage\",\"url\":\"https:\\\/\\\/secure.gravatar.com\\\/avatar\\\/7eab29b048aaf0899cd9a145e9adb814e2130ced31e65b454b902500bea65f9e?s=96&d=mm&r=g\",\"width\":96,\"height\":96,\"caption\":\"Redakcja skalnik.pl\"}},{\"@type\":\"WebPage\",\"@id\":\"https:\\\/\\\/www.skalnik.pl\\\/blog\\\/korona-gor-polski-radziejowa\\\/#webpage\",\"url\":\"https:\\\/\\\/www.skalnik.pl\\\/blog\\\/korona-gor-polski-radziejowa\\\/\",\"name\":\"Korona G\\u00f3r Polski \\u2013 Radziejowa - blog Skalnik\",\"description\":\"Radziejowa to najwy\\u017cszy szczyt Beskidu S\\u0105deckiego i si\\u00f3dmy szczyt pod wzgl\\u0119dem wysoko\\u015bci na li\\u015bcie KGP. Jak wej\\u015b\\u0107 na Radziejow\\u0105? Kt\\u00f3ry szlak wybra\\u0107?\",\"inLanguage\":\"pl-PL\",\"isPartOf\":{\"@id\":\"https:\\\/\\\/www.skalnik.pl\\\/blog\\\/#website\"},\"breadcrumb\":{\"@id\":\"https:\\\/\\\/www.skalnik.pl\\\/blog\\\/korona-gor-polski-radziejowa\\\/#breadcrumblist\"},\"author\":{\"@id\":\"https:\\\/\\\/www.skalnik.pl\\\/blog\\\/author\\\/redakcja-skalnik-pl\\\/#author\"},\"creator\":{\"@id\":\"https:\\\/\\\/www.skalnik.pl\\\/blog\\\/author\\\/redakcja-skalnik-pl\\\/#author\"},\"image\":{\"@type\":\"ImageObject\",\"url\":\"https:\\\/\\\/www.skalnik.pl\\\/blog\\\/wp-content\\\/uploads\\\/2020\\\/08\\\/Beskid-S\\u0105decki.jpg\",\"@id\":\"https:\\\/\\\/www.skalnik.pl\\\/blog\\\/korona-gor-polski-radziejowa\\\/#mainImage\",\"width\":1920,\"height\":705,\"caption\":\"Beskid S\\u0105decki\"},\"primaryImageOfPage\":{\"@id\":\"https:\\\/\\\/www.skalnik.pl\\\/blog\\\/korona-gor-polski-radziejowa\\\/#mainImage\"},\"datePublished\":\"2020-08-24T08:00:00+02:00\",\"dateModified\":\"2024-05-21T08:39:42+02:00\"},{\"@type\":\"WebSite\",\"@id\":\"https:\\\/\\\/www.skalnik.pl\\\/blog\\\/#website\",\"url\":\"https:\\\/\\\/www.skalnik.pl\\\/blog\\\/\",\"name\":\"blog Skalnik\",\"description\":\"Blog, porady, artyku\\u0142y - blog Skalnik\",\"inLanguage\":\"pl-PL\",\"publisher\":{\"@id\":\"https:\\\/\\\/www.skalnik.pl\\\/blog\\\/#organization\"}}]}\n\t\t<\/script>\n\t\t<!-- All in One SEO -->\n\n","aioseo_head_json":{"title":"Korona G\u00f3r Polski \u2013 Radziejowa - blog Skalnik","description":"Radziejowa to najwy\u017cszy szczyt Beskidu S\u0105deckiego i si\u00f3dmy szczyt pod wzgl\u0119dem wysoko\u015bci na li\u015bcie KGP. Jak wej\u015b\u0107 na Radziejow\u0105? Kt\u00f3ry szlak wybra\u0107?","canonical_url":"https:\/\/www.skalnik.pl\/blog\/korona-gor-polski-radziejowa\/","robots":"max-image-preview:large","keywords":"","webmasterTools":{"miscellaneous":""},"schema":{"@context":"https:\/\/schema.org","@graph":[{"@type":"BlogPosting","@id":"https:\/\/www.skalnik.pl\/blog\/korona-gor-polski-radziejowa\/#blogposting","name":"Korona G\u00f3r Polski \u2013 Radziejowa - blog Skalnik","headline":"Korona G\u00f3r Polski \u2013 Radziejowa","author":{"@id":"https:\/\/www.skalnik.pl\/blog\/author\/redakcja-skalnik-pl\/#author"},"publisher":{"@id":"https:\/\/www.skalnik.pl\/blog\/#organization"},"image":{"@type":"ImageObject","url":"https:\/\/www.skalnik.pl\/blog\/wp-content\/uploads\/2020\/08\/Beskid-S\u0105decki.jpg","width":1920,"height":705,"caption":"Beskid S\u0105decki"},"datePublished":"2020-08-24T08:00:00+02:00","dateModified":"2024-05-21T08:39:42+02:00","inLanguage":"pl-PL","mainEntityOfPage":{"@id":"https:\/\/www.skalnik.pl\/blog\/korona-gor-polski-radziejowa\/#webpage"},"isPartOf":{"@id":"https:\/\/www.skalnik.pl\/blog\/korona-gor-polski-radziejowa\/#webpage"},"articleSection":"Pasja, g\u00f3ry, karpaty, korona g\u00f3r polski, trekking, turystyka"},{"@type":"BreadcrumbList","@id":"https:\/\/www.skalnik.pl\/blog\/korona-gor-polski-radziejowa\/#breadcrumblist","itemListElement":[{"@type":"ListItem","@id":"https:\/\/www.skalnik.pl\/blog#listItem","position":1,"name":"Home","item":"https:\/\/www.skalnik.pl\/blog","nextItem":{"@type":"ListItem","@id":"https:\/\/www.skalnik.pl\/blog\/.\/pasja\/#listItem","name":"Pasja"}},{"@type":"ListItem","@id":"https:\/\/www.skalnik.pl\/blog\/.\/pasja\/#listItem","position":2,"name":"Pasja","item":"https:\/\/www.skalnik.pl\/blog\/.\/pasja\/","nextItem":{"@type":"ListItem","@id":"https:\/\/www.skalnik.pl\/blog\/korona-gor-polski-radziejowa\/#listItem","name":"Korona G\u00f3r Polski \u2013 Radziejowa"},"previousItem":{"@type":"ListItem","@id":"https:\/\/www.skalnik.pl\/blog#listItem","name":"Home"}},{"@type":"ListItem","@id":"https:\/\/www.skalnik.pl\/blog\/korona-gor-polski-radziejowa\/#listItem","position":3,"name":"Korona G\u00f3r Polski \u2013 Radziejowa","previousItem":{"@type":"ListItem","@id":"https:\/\/www.skalnik.pl\/blog\/.\/pasja\/#listItem","name":"Pasja"}}]},{"@type":"Organization","@id":"https:\/\/www.skalnik.pl\/blog\/#organization","name":"blog Skalnik","description":"Blog, porady, artyku\u0142y - blog Skalnik","url":"https:\/\/www.skalnik.pl\/blog\/"},{"@type":"Person","@id":"https:\/\/www.skalnik.pl\/blog\/author\/redakcja-skalnik-pl\/#author","url":"https:\/\/www.skalnik.pl\/blog\/author\/redakcja-skalnik-pl\/","name":"Redakcja skalnik.pl","image":{"@type":"ImageObject","@id":"https:\/\/www.skalnik.pl\/blog\/korona-gor-polski-radziejowa\/#authorImage","url":"https:\/\/secure.gravatar.com\/avatar\/7eab29b048aaf0899cd9a145e9adb814e2130ced31e65b454b902500bea65f9e?s=96&d=mm&r=g","width":96,"height":96,"caption":"Redakcja skalnik.pl"}},{"@type":"WebPage","@id":"https:\/\/www.skalnik.pl\/blog\/korona-gor-polski-radziejowa\/#webpage","url":"https:\/\/www.skalnik.pl\/blog\/korona-gor-polski-radziejowa\/","name":"Korona G\u00f3r Polski \u2013 Radziejowa - blog Skalnik","description":"Radziejowa to najwy\u017cszy szczyt Beskidu S\u0105deckiego i si\u00f3dmy szczyt pod wzgl\u0119dem wysoko\u015bci na li\u015bcie KGP. Jak wej\u015b\u0107 na Radziejow\u0105? Kt\u00f3ry szlak wybra\u0107?","inLanguage":"pl-PL","isPartOf":{"@id":"https:\/\/www.skalnik.pl\/blog\/#website"},"breadcrumb":{"@id":"https:\/\/www.skalnik.pl\/blog\/korona-gor-polski-radziejowa\/#breadcrumblist"},"author":{"@id":"https:\/\/www.skalnik.pl\/blog\/author\/redakcja-skalnik-pl\/#author"},"creator":{"@id":"https:\/\/www.skalnik.pl\/blog\/author\/redakcja-skalnik-pl\/#author"},"image":{"@type":"ImageObject","url":"https:\/\/www.skalnik.pl\/blog\/wp-content\/uploads\/2020\/08\/Beskid-S\u0105decki.jpg","@id":"https:\/\/www.skalnik.pl\/blog\/korona-gor-polski-radziejowa\/#mainImage","width":1920,"height":705,"caption":"Beskid S\u0105decki"},"primaryImageOfPage":{"@id":"https:\/\/www.skalnik.pl\/blog\/korona-gor-polski-radziejowa\/#mainImage"},"datePublished":"2020-08-24T08:00:00+02:00","dateModified":"2024-05-21T08:39:42+02:00"},{"@type":"WebSite","@id":"https:\/\/www.skalnik.pl\/blog\/#website","url":"https:\/\/www.skalnik.pl\/blog\/","name":"blog Skalnik","description":"Blog, porady, artyku\u0142y - blog Skalnik","inLanguage":"pl-PL","publisher":{"@id":"https:\/\/www.skalnik.pl\/blog\/#organization"}}]},"og:locale":"pl_PL","og:site_name":"blog Skalnik - Blog, porady, artyku\u0142y - blog Skalnik","og:type":"article","og:title":"Korona G\u00f3r Polski \u2013 Radziejowa - blog Skalnik","og:description":"Radziejowa to najwy\u017cszy szczyt Beskidu S\u0105deckiego i si\u00f3dmy szczyt pod wzgl\u0119dem wysoko\u015bci na li\u015bcie KGP. Jak wej\u015b\u0107 na Radziejow\u0105? Kt\u00f3ry szlak wybra\u0107?","og:url":"https:\/\/www.skalnik.pl\/blog\/korona-gor-polski-radziejowa\/","og:image":"https:\/\/skalnik.pl\/blog\/wp-content\/uploads\/2020\/08\/IMG_8312.jpg","og:image:secure_url":"https:\/\/skalnik.pl\/blog\/wp-content\/uploads\/2020\/08\/IMG_8312.jpg","article:tag":["pasja","g\u00f3ry","karpaty","korona g\u00f3r polski","trekking","turystyka"],"article:published_time":"2020-08-24T06:00:00+00:00","article:modified_time":"2024-05-21T06:39:42+00:00","twitter:card":"summary_large_image","twitter:title":"Korona G\u00f3r Polski \u2013 Radziejowa - blog Skalnik","twitter:description":"Radziejowa to najwy\u017cszy szczyt Beskidu S\u0105deckiego i si\u00f3dmy szczyt pod wzgl\u0119dem wysoko\u015bci na li\u015bcie KGP. Jak wej\u015b\u0107 na Radziejow\u0105? Kt\u00f3ry szlak wybra\u0107?","twitter:image":"https:\/\/skalnik.pl\/blog\/wp-content\/uploads\/2020\/08\/IMG_8312.jpg"},"aioseo_meta_data":{"post_id":"13555","title":null,"description":"Radziejowa to najwy\u017cszy szczyt Beskidu S\u0105deckiego i si\u00f3dmy szczyt pod wzgl\u0119dem wysoko\u015bci na li\u015bcie KGP. Jak wej\u015b\u0107 na Radziejow\u0105? Kt\u00f3ry szlak wybra\u0107?","keywords":[{"label":"korona g\u00f3r polski","value":"korona g\u00f3r polski"},{"label":"korona polskich g\u00f3r","value":"korona polskich g\u00f3r"},{"label":"radziejowa","value":"radziejowa"},{"label":"beskid s\u0105decki","value":"beskid s\u0105decki"},{"label":"beskid s\u0105decki najwy\u017cszy szczyt","value":"beskid s\u0105decki najwy\u017cszy szczyt"},{"label":"radziejowa jak wej\u015b\u0107","value":"radziejowa jak wej\u015b\u0107"}],"keyphrases":{"focus":{"keyphrase":"","score":0,"analysis":{"keyphraseInTitle":{"score":0,"maxScore":9,"error":1}}},"additional":[]},"primary_term":null,"canonical_url":null,"og_title":null,"og_description":null,"og_object_type":"default","og_image_type":"default","og_image_url":null,"og_image_width":null,"og_image_height":null,"og_image_custom_url":null,"og_image_custom_fields":null,"og_video":"","og_custom_url":null,"og_article_section":null,"og_article_tags":[],"twitter_use_og":false,"twitter_card":"default","twitter_image_type":"default","twitter_image_url":null,"twitter_image_custom_url":null,"twitter_image_custom_fields":null,"twitter_title":null,"twitter_description":null,"schema":{"blockGraphs":[],"customGraphs":[],"default":{"data":{"Article":[],"Course":[],"Dataset":[],"FAQPage":[],"Movie":[],"Person":[],"Product":[],"ProductReview":[],"Car":[],"Recipe":[],"Service":[],"SoftwareApplication":[],"WebPage":[]},"graphName":"","isEnabled":true},"graphs":[]},"schema_type":"default","schema_type_options":null,"pillar_content":false,"robots_default":true,"robots_noindex":false,"robots_noarchive":false,"robots_nosnippet":false,"robots_nofollow":false,"robots_noimageindex":false,"robots_noodp":false,"robots_notranslate":false,"robots_max_snippet":"-1","robots_max_videopreview":"-1","robots_max_imagepreview":"large","priority":null,"frequency":"default","local_seo":null,"breadcrumb_settings":null,"limit_modified_date":false,"ai":null,"created":"2022-08-26 10:21:56","updated":"2026-02-17 21:55:21","seo_analyzer_scan_date":null},"aioseo_breadcrumb":"<div class=\"aioseo-breadcrumbs\"><span class=\"aioseo-breadcrumb\">\n\t\t\t<a href=\"https:\/\/www.skalnik.pl\/blog\" title=\"Home\">Home<\/a>\n\t\t<\/span><span class=\"aioseo-breadcrumb-separator\">&raquo;<\/span><span class=\"aioseo-breadcrumb\">\n\t\t\t<a href=\"https:\/\/www.skalnik.pl\/blog\/.\/pasja\/\" title=\"Pasja\">Pasja<\/a>\n\t\t<\/span><span class=\"aioseo-breadcrumb-separator\">&raquo;<\/span><span class=\"aioseo-breadcrumb\">\n\t\t\tKorona G\u00f3r Polski \u2013 Radziejowa\n\t\t<\/span><\/div>","aioseo_breadcrumb_json":[{"label":"Home","link":"https:\/\/www.skalnik.pl\/blog"},{"label":"Pasja","link":"https:\/\/www.skalnik.pl\/blog\/.\/pasja\/"},{"label":"Korona G\u00f3r Polski \u2013 Radziejowa","link":"https:\/\/www.skalnik.pl\/blog\/korona-gor-polski-radziejowa\/"}],"_links":{"self":[{"href":"https:\/\/www.skalnik.pl\/blog\/wp-json\/wp\/v2\/posts\/13555","targetHints":{"allow":["GET"]}}],"collection":[{"href":"https:\/\/www.skalnik.pl\/blog\/wp-json\/wp\/v2\/posts"}],"about":[{"href":"https:\/\/www.skalnik.pl\/blog\/wp-json\/wp\/v2\/types\/post"}],"author":[{"embeddable":true,"href":"https:\/\/www.skalnik.pl\/blog\/wp-json\/wp\/v2\/users\/7"}],"replies":[{"embeddable":true,"href":"https:\/\/www.skalnik.pl\/blog\/wp-json\/wp\/v2\/comments?post=13555"}],"version-history":[{"count":21,"href":"https:\/\/www.skalnik.pl\/blog\/wp-json\/wp\/v2\/posts\/13555\/revisions"}],"predecessor-version":[{"id":26347,"href":"https:\/\/www.skalnik.pl\/blog\/wp-json\/wp\/v2\/posts\/13555\/revisions\/26347"}],"wp:featuredmedia":[{"embeddable":true,"href":"https:\/\/www.skalnik.pl\/blog\/wp-json\/wp\/v2\/media\/13582"}],"wp:attachment":[{"href":"https:\/\/www.skalnik.pl\/blog\/wp-json\/wp\/v2\/media?parent=13555"}],"wp:term":[{"taxonomy":"category","embeddable":true,"href":"https:\/\/www.skalnik.pl\/blog\/wp-json\/wp\/v2\/categories?post=13555"},{"taxonomy":"post_tag","embeddable":true,"href":"https:\/\/www.skalnik.pl\/blog\/wp-json\/wp\/v2\/tags?post=13555"},{"taxonomy":"magento_category","embeddable":true,"href":"https:\/\/www.skalnik.pl\/blog\/wp-json\/wp\/v2\/magento_category?post=13555"},{"taxonomy":"magento_product","embeddable":true,"href":"https:\/\/www.skalnik.pl\/blog\/wp-json\/wp\/v2\/magento_product?post=13555"}],"curies":[{"name":"wp","href":"https:\/\/api.w.org\/{rel}","templated":true}]}}