{"id":13789,"date":"2020-09-16T07:21:00","date_gmt":"2020-09-16T05:21:00","guid":{"rendered":"https:\/\/skalnik.pl\/blog\/?p=13789"},"modified":"2021-07-05T13:45:23","modified_gmt":"2021-07-05T11:45:23","slug":"korona-gor-polski-waligora","status":"publish","type":"post","link":"https:\/\/www.skalnik.pl\/blog\/korona-gor-polski-waligora\/","title":{"rendered":"Korona G\u00f3r Polski &#8211; Walig\u00f3ra"},"content":{"rendered":"\n<p><strong>Strome stoki tych wulkanicznych g\u00f3ra zas\u0142u\u017cy\u0142y sobie na miano \u201csudeckich Tatr\u201d. Cho\u0107 G\u00f3ry Kamienne nie przekraczaj\u0105 swoj\u0105 wysoko\u015bci\u0105 nawet 1000 m n.p.m., to potrafi\u0105 zaskoczy\u0107 niejednego piechura i zm\u0119czy\u0107 najwi\u0119kszych wyjadaczy turystycznych szlak\u00f3w. Tym razem najwy\u017cszy szczyt G\u00f3r Kamiennych &#8211; Walig\u00f3ra!&nbsp;<\/strong><\/p>\n\n\n\n<p>Niech nie zwiedzie Ci\u0119 wysoko\u015b\u0107 936 m n.p.m. Lista KGP wyr\u00f3\u017cnia Walig\u00f3r\u0119 dopiero jako 19 najwy\u017cszy szczyt w koronie. Je\u015bli jeszcze spojrzysz na map\u0119 i dowiesz si\u0119, \u017ce ze schroniska na szczyt &#8211; najkr\u00f3tsz\u0105 drog\u0105 &#8211; idzie si\u0119 niespe\u0142na p\u00f3\u0142 godziny\u2026 pomy\u015blisz fraszka! A jednak my\u015bl\u0119, \u017ce ten szczyt i te g\u00f3ry tak Ci\u0119 nie rozczaruj\u0105!<\/p>\n\n\n\n<div id=\"ez-toc-container\" class=\"ez-toc-v2_0_85 counter-hierarchy ez-toc-counter ez-toc-light-blue ez-toc-container-direction\">\n<div class=\"ez-toc-title-container\">\n<p class=\"ez-toc-title\" style=\"cursor:inherit\">SPIS TRE\u015aCI <\/p>\n<span class=\"ez-toc-title-toggle\"><a href=\"#\" class=\"ez-toc-pull-right ez-toc-btn ez-toc-btn-xs ez-toc-btn-default ez-toc-toggle\" aria-label=\"Prze\u0142\u0105cznik Spisu Tre\u015bci\"><span class=\"ez-toc-js-icon-con\"><span class=\"\"><span class=\"eztoc-hide\" style=\"display:none;\">Toggle<\/span><span class=\"ez-toc-icon-toggle-span\"><svg style=\"fill: #999;color:#999\" xmlns=\"http:\/\/www.w3.org\/2000\/svg\" class=\"list-377408\" width=\"20px\" height=\"20px\" viewBox=\"0 0 24 24\" fill=\"none\"><path d=\"M6 6H4v2h2V6zm14 0H8v2h12V6zM4 11h2v2H4v-2zm16 0H8v2h12v-2zM4 16h2v2H4v-2zm16 0H8v2h12v-2z\" fill=\"currentColor\"><\/path><\/svg><svg style=\"fill: #999;color:#999\" class=\"arrow-unsorted-368013\" xmlns=\"http:\/\/www.w3.org\/2000\/svg\" width=\"10px\" height=\"10px\" viewBox=\"0 0 24 24\" version=\"1.2\" baseProfile=\"tiny\"><path d=\"M18.2 9.3l-6.2-6.3-6.2 6.3c-.2.2-.3.4-.3.7s.1.5.3.7c.2.2.4.3.7.3h11c.3 0 .5-.1.7-.3.2-.2.3-.5.3-.7s-.1-.5-.3-.7zM5.8 14.7l6.2 6.3 6.2-6.3c.2-.2.3-.5.3-.7s-.1-.5-.3-.7c-.2-.2-.4-.3-.7-.3h-11c-.3 0-.5.1-.7.3-.2.2-.3.5-.3.7s.1.5.3.7z\"\/><\/svg><\/span><\/span><\/span><\/a><\/span><\/div>\n<nav><ul class='ez-toc-list ez-toc-list-level-1 ' ><li class='ez-toc-page-1 ez-toc-heading-level-2'><a class=\"ez-toc-link ez-toc-heading-1\" href=\"https:\/\/www.skalnik.pl\/blog\/korona-gor-polski-waligora\/#Gory_Kamienne_%E2%80%93_strome_zbocza_glebokie_doliny\" >G\u00f3ry Kamienne &#8211; strome zbocza, g\u0142\u0119bokie doliny<\/a><\/li><li class='ez-toc-page-1 ez-toc-heading-level-2'><a class=\"ez-toc-link ez-toc-heading-2\" href=\"https:\/\/www.skalnik.pl\/blog\/korona-gor-polski-waligora\/#Gory_Kamienne_najwyzszy_szczyt_%E2%80%93_Waligora\" >G\u00f3ry Kamienne, najwy\u017cszy szczyt &#8211; Walig\u00f3ra<\/a><\/li><li class='ez-toc-page-1 ez-toc-heading-level-2'><a class=\"ez-toc-link ez-toc-heading-3\" href=\"https:\/\/www.skalnik.pl\/blog\/korona-gor-polski-waligora\/#Waligora_%E2%80%93_skad_wyruszyc_jak_dojechac\" >Walig\u00f3ra &#8211; sk\u0105d wyruszy\u0107, jak dojecha\u0107<\/a><\/li><li class='ez-toc-page-1 ez-toc-heading-level-2'><a class=\"ez-toc-link ez-toc-heading-4\" href=\"https:\/\/www.skalnik.pl\/blog\/korona-gor-polski-waligora\/#Waligora_%E2%80%93_szlaki_a_wlasciwie_szlak\" >Walig\u00f3ra &#8211; szlaki, a w\u0142a\u015bciwie szlak<\/a><\/li><li class='ez-toc-page-1 ez-toc-heading-level-2'><a class=\"ez-toc-link ez-toc-heading-5\" href=\"https:\/\/www.skalnik.pl\/blog\/korona-gor-polski-waligora\/#Waligora_z_Andrzejowki_w_pol_godziny\" >Walig\u00f3ra z Andrzej\u00f3wki w p\u00f3\u0142 godziny<\/a><\/li><li class='ez-toc-page-1 ez-toc-heading-level-2'><a class=\"ez-toc-link ez-toc-heading-6\" href=\"https:\/\/www.skalnik.pl\/blog\/korona-gor-polski-waligora\/#Waligora_z_Andrzejowki_przez_Rozdroze_pod_Waligora\" >Walig\u00f3ra z Andrzej\u00f3wki przez Rozdro\u017ce pod Walig\u00f3r\u0105<\/a><\/li><li class='ez-toc-page-1 ez-toc-heading-level-2'><a class=\"ez-toc-link ez-toc-heading-7\" href=\"https:\/\/www.skalnik.pl\/blog\/korona-gor-polski-waligora\/#Waligora_z_Sokolowska\" >Walig\u00f3ra z Soko\u0142owska<\/a><\/li><li class='ez-toc-page-1 ez-toc-heading-level-2'><a class=\"ez-toc-link ez-toc-heading-8\" href=\"https:\/\/www.skalnik.pl\/blog\/korona-gor-polski-waligora\/#Ciekawostki\" >Ciekawostki\u00a0<\/a><\/li><\/ul><\/nav><\/div>\n<h2 class=\"wp-block-heading\"><span class=\"ez-toc-section\" id=\"Gory_Kamienne_%E2%80%93_strome_zbocza_glebokie_doliny\"><\/span>G\u00f3ry Kamienne &#8211; strome zbocza, g\u0142\u0119bokie doliny<span class=\"ez-toc-section-end\"><\/span><\/h2>\n\n\n\n<p>G\u00f3ry Kamienne to d\u0142ugie pasmo graniczne w Sudetach \u015arodkowych, kt\u00f3re jednym kra\u0144cem \u201cdotyka\u201d G\u00f3r Jastrz\u0119bich i Wzg\u00f3rz Bramy Lubawskiej w okolicach Lubawki i Kamiennej G\u00f3ry, a drugim si\u0119ga prawie po G\u00f3ry Sto\u0142owe i Wzg\u00f3rza W\u0142odzickie, za kt\u00f3rymi na p\u00f3\u0142noc s\u0105 ju\u017c bardziej znane G\u00f3ry Sowie. Pasmo tworzy kszta\u0142t pi\u0119\u0107dziesi\u0119ciokilometrowego rogala pozbawionego symetrii, na kt\u00f3ry sk\u0142adaj\u0105 si\u0119 takie cz\u0119\u015bci jak:&nbsp;<\/p>\n\n\n\n<ul class=\"wp-block-list\"><li>G\u00f3ry Krucze&nbsp;<\/li><li>Pasmo Czarnego Lasu<\/li><li>Masyw Lesistej Wielkiej i Dzikowca&nbsp;<\/li><li>G\u00f3ry Suche.&nbsp;<\/li><\/ul>\n\n\n\n<p>Na ca\u0142ym obszarze G\u00f3r Kamiennych s\u0142u\u017cb\u0119 ratunkow\u0105 pe\u0142ni\u0105 ratownicy Grupy Sudeckiej GOPR. Najbli\u017csz\u0105 stacj\u0105 ratunkow\u0105 jest stacja centralna grupy w Wa\u0142brzychu.&nbsp;<\/p>\n\n\n\n<div class=\"wp-block-image\"><figure class=\"aligncenter size-large is-resized\"><img loading=\"lazy\" decoding=\"async\" src=\"https:\/\/skalnik.pl\/blog\/wp-content\/uploads\/2020\/08\/gopr-tylko-gopr.jpg\" alt=\"\" class=\"wp-image-13650\" width=\"271\" height=\"171\" srcset=\"https:\/\/www.skalnik.pl\/blog\/wp-content\/uploads\/2020\/08\/gopr-tylko-gopr.jpg 542w, https:\/\/www.skalnik.pl\/blog\/wp-content\/uploads\/2020\/08\/gopr-tylko-gopr-300x189.jpg 300w\" sizes=\"auto, (max-width: 271px) 100vw, 271px\" \/><\/figure><\/div>\n\n\n\n<h2 class=\"wp-block-heading\"><span class=\"ez-toc-section\" id=\"Gory_Kamienne_najwyzszy_szczyt_%E2%80%93_Waligora\"><\/span>G\u00f3ry Kamienne, najwy\u017cszy szczyt &#8211; Walig\u00f3ra<span class=\"ez-toc-section-end\"><\/span><\/h2>\n\n\n\n<p>Najwy\u017cszym szczytem ca\u0142ych G\u00f3r Kamiennych jest Walig\u00f3ra. Szczyt po\u0142o\u017cony w mikroregionie o nazwie G\u00f3ry Suche i ma form\u0119 klasycznego sto\u017cka, jaki rysuj\u0105 dzieci wyobra\u017caj\u0105c sobie g\u00f3ry. W\u0142a\u015bnie w tej cz\u0119\u015bci G\u00f3r Kamiennych spotkasz najwy\u017csze szczyty i najbardziej strome podej\u015bcia. Wp\u0142ywa na to geologia G\u00f3r Kamiennych, kt\u00f3ra zwi\u0105zana jest ze zjawiskami wulkanicznymi i powstawaniem takich ska\u0142 jak porfiry.&nbsp;&nbsp;<\/p>\n\n\n\n<p>Walig\u00f3ra po\u0142o\u017cona jest w obr\u0119bie Parku Krajobrazowego Sudet\u00f3w Wa\u0142brzyskich, kt\u00f3ry obejmuje swym zasi\u0119giem dwa pasma Sudet\u00f3w \u015arodkowych &#8211; G\u00f3ry Kamienne i G\u00f3ry Wa\u0142brzyskie. Osobliwo\u015bci\u0105 przyrodnicz\u0105 G\u00f3r Kamiennych jest wyst\u0119powanie motyla o nazwie Niepylak mnemozyna. To tu znajduje si\u0119 jedyne stanowisko tego owada w Sudetach!<\/p>\n\n\n\n<p><em>O tym jakie zasady panuj\u0105 w parkach krajobrazowych mo\u017cesz przeczyta\u0107 w <a href=\"https:\/\/skalnik.pl\/blog\/parki-narodowe-zasady\/\" target=\"_blank\" rel=\"noreferrer noopener\">tym artykule<\/a>.<\/em><\/p>\n\n\n\n<div class=\"wp-block-image\"><figure class=\"aligncenter size-large\"><img loading=\"lazy\" decoding=\"async\" width=\"1024\" height=\"683\" src=\"https:\/\/skalnik.pl\/blog\/wp-content\/uploads\/2020\/09\/park-krajobrazowy-sudetow-walbrzyskich.jpg\" alt=\"\" class=\"wp-image-13909\" srcset=\"https:\/\/www.skalnik.pl\/blog\/wp-content\/uploads\/2020\/09\/park-krajobrazowy-sudetow-walbrzyskich.jpg 1024w, https:\/\/www.skalnik.pl\/blog\/wp-content\/uploads\/2020\/09\/park-krajobrazowy-sudetow-walbrzyskich-300x200.jpg 300w, https:\/\/www.skalnik.pl\/blog\/wp-content\/uploads\/2020\/09\/park-krajobrazowy-sudetow-walbrzyskich-768x512.jpg 768w\" sizes=\"auto, (max-width: 1024px) 100vw, 1024px\" \/><figcaption><em>Walig\u00f3ra po\u0142o\u017cona jest w Parku Krajobrazowym Sudet\u00f3w Wa\u0142brzyskich. Ustanowiono tu r\u00f3wnie\u017c obszar Natura 2000 G\u00f3ry Kamienne. (fot. autor)<\/em><\/figcaption><\/figure><\/div>\n\n\n\n<div class=\"wp-block-image\"><figure class=\"aligncenter size-large\"><img loading=\"lazy\" decoding=\"async\" width=\"1024\" height=\"683\" src=\"https:\/\/skalnik.pl\/blog\/wp-content\/uploads\/2020\/09\/\u0142ubin_andrzej\u00f3wka.jpg\" alt=\"\" class=\"wp-image-13913\" srcset=\"https:\/\/www.skalnik.pl\/blog\/wp-content\/uploads\/2020\/09\/\u0142ubin_andrzej\u00f3wka.jpg 1024w, https:\/\/www.skalnik.pl\/blog\/wp-content\/uploads\/2020\/09\/\u0142ubin_andrzej\u00f3wka-300x200.jpg 300w, https:\/\/www.skalnik.pl\/blog\/wp-content\/uploads\/2020\/09\/\u0142ubin_andrzej\u00f3wka-768x512.jpg 768w\" sizes=\"auto, (max-width: 1024px) 100vw, 1024px\" \/><figcaption><em>\u0141ubin kwitn\u0105cy obok schroniska. W tle opuszczone budynki po dawnym schronisku Jugendherberge i Hala pod Klinem.  (fot. autor)<\/em><\/figcaption><\/figure><\/div>\n\n\n\n<h2 class=\"wp-block-heading\"><span class=\"ez-toc-section\" id=\"Waligora_%E2%80%93_skad_wyruszyc_jak_dojechac\"><\/span>Walig\u00f3ra &#8211; sk\u0105d wyruszy\u0107, jak dojecha\u0107<span class=\"ez-toc-section-end\"><\/span><\/h2>\n\n\n\n<p>Sk\u0105d wej\u015b\u0107 na Walig\u00f3r\u0119? Klasycznym miejscem startu na szczyt Walig\u00f3ry jest Prze\u0142\u0119cz Trzech Dolin, a dok\u0142adnie Schronisko PTTK Andrzej\u00f3wka. Do schroniska naj\u0142atwiej dosta\u0107 si\u0119 samochodem, jad\u0105c od miejscowo\u015bci Rybnica Le\u015bna. Przy samym schronisku znajduje si\u0119 darmowy parking, a drog\u0119 do tego miejsca wyznaczaj\u0105 nawet znaki drogowe.&nbsp;<\/p>\n\n\n\n<p>Schronisko PTTK \u201cAndrzej\u00f3wka\u201d (dawniej <em>Andreasbaude<\/em>) powsta\u0142o w 1933 r. Inicjatorem jego budowy by\u0142 Andreas Bock &#8211; prezes towarzystwa turystycznego WGV z Wa\u0142brzycha. Dawniej s\u0142yn\u0119\u0142o z organizowanych tu bieg\u00f3w narciarskich o nazwie \u201cBieg Gwark\u00f3w\u201d. Dzi\u015b &#8211; cho\u0107 niedawno zmieni\u0142 si\u0119 gospodarz schroniska &#8211; zaczyna s\u0142yn\u0105\u0107 z doskona\u0142ej kuchni, w kt\u00f3rej nie brakuje wegetaria\u0144skich opcji na dobry posi\u0142ek.&nbsp;<\/p>\n\n\n\n<div class=\"wp-block-image\"><figure class=\"aligncenter size-large\"><img loading=\"lazy\" decoding=\"async\" width=\"1024\" height=\"683\" src=\"https:\/\/skalnik.pl\/blog\/wp-content\/uploads\/2020\/09\/schronisko-andrzej\u00f3wka-g\u00f3ry-suche.jpg\" alt=\"\" class=\"wp-image-13790\" srcset=\"https:\/\/www.skalnik.pl\/blog\/wp-content\/uploads\/2020\/09\/schronisko-andrzej\u00f3wka-g\u00f3ry-suche.jpg 1024w, https:\/\/www.skalnik.pl\/blog\/wp-content\/uploads\/2020\/09\/schronisko-andrzej\u00f3wka-g\u00f3ry-suche-300x200.jpg 300w, https:\/\/www.skalnik.pl\/blog\/wp-content\/uploads\/2020\/09\/schronisko-andrzej\u00f3wka-g\u00f3ry-suche-768x512.jpg 768w\" sizes=\"auto, (max-width: 1024px) 100vw, 1024px\" \/><figcaption><em>Schronisko Andrzej\u00f3wka, a za nim stoki Walig\u00f3ry. (fot. autor)<\/em><\/figcaption><\/figure><\/div>\n\n\n\n<p>Do schroniska mo\u017cna dotrze\u0107 tak\u017ce komunikacj\u0105 miejsk\u0105 miasta Wa\u0142brzych. Nieopodal schroniska znajduje si\u0119 p\u0119tla autobusu nr. 12, kursuj\u0105cego z\/do Pl. Grunwaldzkiego w Wa\u0142brzychu. Do Soko\u0142owska, sk\u0105d prowadz\u0105 \u015bwietne szlaki na Walig\u00f3r\u0119, kursuje natomiast autobus linii nr 15. Ciekaw\u0105 opcj\u0105 dotarcia do Andrzej\u00f3wki jest w\u0119dr\u00f3wka z PKP Wa\u0142brzych G\u0142\u00f3wny przez G\u00f3ry Wa\u0142brzyskie &#8211; cho\u0107by przez szczyt Borowa z wie\u017c\u0105 widokow\u0105.&nbsp;<\/p>\n\n\n\n<h2 class=\"wp-block-heading\"><span class=\"ez-toc-section\" id=\"Waligora_%E2%80%93_szlaki_a_wlasciwie_szlak\"><\/span>Walig\u00f3ra &#8211; szlaki, a w\u0142a\u015bciwie szlak<span class=\"ez-toc-section-end\"><\/span><\/h2>\n\n\n\n<p>Je\u015bli zastanawiasz si\u0119 jak wej\u015b\u0107 na Walig\u00f3r\u0119, to sprawa jest prosta. Na najwy\u017cszy szczyt G\u00f3r Kamiennych nale\u017c\u0105cy do Korony G\u00f3r Polski mo\u017cna wej\u015b\u0107 szlakiem tylko jednego koloru! Szczyt Walig\u00f3ry przecina szlak \u017c\u00f3\u0142ty, ale sam atak na 19. najwy\u017cszy szczyt KGP mo\u017cna przypu\u015bci\u0107 z dw\u00f3ch stron.&nbsp;<\/p>\n\n\n\n<h2 class=\"wp-block-heading\"><span class=\"ez-toc-section\" id=\"Waligora_z_Andrzejowki_w_pol_godziny\"><\/span>Walig\u00f3ra z Andrzej\u00f3wki w p\u00f3\u0142 godziny<span class=\"ez-toc-section-end\"><\/span><\/h2>\n\n\n\n<p>Czas: 20 min<br>Dystans: 0,5 km<\/p>\n\n\n\n<p>Opcja \u201c<em>fast&amp;hard\u201d<\/em>. Najszybsze i prawdopodobnie najbardziej strome w ca\u0142ych Sudetach podej\u015bcie to szlak \u017c\u00f3\u0142ty z Andrzej\u00f3wki. Ze schroniska kierujemy si\u0119 na po\u0142udnie, za znakami szlaku wprost na szczyt! Rajd po szczyt z przytulnego schronu zajmuje nieca\u0142e p\u00f3\u0142 godziny, ale na d\u0142ugo zostaje w pami\u0119ci. Kluczowy fragment to 272 m \u201c\u015bciany\u201d, kt\u00f3r\u0105 pokonuje si\u0119 r\u00f3\u017cnic\u0119 wzniesie\u0144 r\u00f3wn\u0105 121 m. Kto nie pr\u00f3bowa\u0142, niech spr\u00f3buje. Kto pr\u00f3bowa\u0142\u2026 czasem wi\u0119cej tu nie wraca.&nbsp;<\/p>\n\n\n\n<div class=\"wp-block-image\"><figure class=\"aligncenter size-large\"><img loading=\"lazy\" decoding=\"async\" width=\"1024\" height=\"683\" src=\"https:\/\/skalnik.pl\/blog\/wp-content\/uploads\/2020\/09\/walig\u00f3ra-szczyt-kgp-g\u00f3ry-suche.jpg\" alt=\"\" class=\"wp-image-13793\" srcset=\"https:\/\/www.skalnik.pl\/blog\/wp-content\/uploads\/2020\/09\/walig\u00f3ra-szczyt-kgp-g\u00f3ry-suche.jpg 1024w, https:\/\/www.skalnik.pl\/blog\/wp-content\/uploads\/2020\/09\/walig\u00f3ra-szczyt-kgp-g\u00f3ry-suche-300x200.jpg 300w, https:\/\/www.skalnik.pl\/blog\/wp-content\/uploads\/2020\/09\/walig\u00f3ra-szczyt-kgp-g\u00f3ry-suche-768x512.jpg 768w\" sizes=\"auto, (max-width: 1024px) 100vw, 1024px\" \/><figcaption><em>Na szczycie nie mo\u017cna liczy\u0107 na panoram\u0119, ale s\u0105 miejsca na Walig\u00f3rze, sk\u0105d wida\u0107 wi\u0119cej! (fot. autor)<\/em><\/figcaption><\/figure><\/div>\n\n\n\n<h2 class=\"wp-block-heading\"><span class=\"ez-toc-section\" id=\"Waligora_z_Andrzejowki_przez_Rozdroze_pod_Waligora\"><\/span>Walig\u00f3ra z Andrzej\u00f3wki przez Rozdro\u017ce pod Walig\u00f3r\u0105<span class=\"ez-toc-section-end\"><\/span><\/h2>\n\n\n\n<p>Szlaki: \u017c\u00f3\u0142ty \u2192 niebieski \u2192 \u017c\u00f3\u0142ty<br>Czas: 50 min.<br>Dystans: 2,3 km<\/p>\n\n\n\n<p>Wycieczka w opcji <em>\u201clight\u201d<\/em>. Ze schroniska nale\u017cy wyruszy\u0107 w kierunku po\u0142udniowym, a nast\u0119pnie na wsch\u00f3d \u0142agodn\u0105 \u015bcie\u017ck\u0105 ze szlakiem niebieskim. \u015acie\u017cka doprowadza do w\u0119z\u0142a szlak\u00f3w Rozdro\u017ce pod Walig\u00f3r\u0105. Znajduje si\u0119 tu miejsce odpoczynku i wiata skandynawska zbudowana w 2020 r. Tu wracamy zn\u00f3w na szlak \u017c\u00f3\u0142ty, by osi\u0105gn\u0105\u0107 szczyt po przyjemnej, kilometrowej w\u0119dr\u00f3wce, kt\u00f3ra nie zajmie wi\u0119cej ni\u017c 30 minut.&nbsp;&nbsp;<\/p>\n\n\n\n<div class=\"wp-block-image\"><figure class=\"aligncenter size-large\"><img loading=\"lazy\" decoding=\"async\" width=\"1024\" height=\"683\" src=\"https:\/\/skalnik.pl\/blog\/wp-content\/uploads\/2020\/09\/rozdroze-pod-walig\u00f3r\u0105-wiata.jpg\" alt=\"\" class=\"wp-image-13796\" srcset=\"https:\/\/www.skalnik.pl\/blog\/wp-content\/uploads\/2020\/09\/rozdroze-pod-walig\u00f3r\u0105-wiata.jpg 1024w, https:\/\/www.skalnik.pl\/blog\/wp-content\/uploads\/2020\/09\/rozdroze-pod-walig\u00f3r\u0105-wiata-300x200.jpg 300w, https:\/\/www.skalnik.pl\/blog\/wp-content\/uploads\/2020\/09\/rozdroze-pod-walig\u00f3r\u0105-wiata-768x512.jpg 768w\" sizes=\"auto, (max-width: 1024px) 100vw, 1024px\" \/><figcaption><em>Wiata skandynawska na Rozdro\u017cu pod Walig\u00f3r\u0105. To wa\u017cny w\u0119ze\u0142 szlak\u00f3w i miejsce odpoczynku z \u0142aweczkami i stolikami. (fot. autor)<\/em><\/figcaption><\/figure><\/div>\n\n\n\n<p>Istnieje te\u017c inny wariant &#8211; powiedzmy &#8211; <em>\u201cmedium\u201d.<\/em><\/p>\n\n\n\n<p>Szlaki: zielony \u2192 \u017c\u00f3\u0142ty<br>Czas: 55 min.<br>Dystans: 2,3 km<\/p>\n\n\n\n<p>Przy schronisku trzeba kierowa\u0107 si\u0119 w d\u00f3\u0142, na Soko\u0142owsko. Idziemy a\u017c do skrzy\u017cowania z mostkiem nad potokiem Soko\u0142owiec. Tu drogi rozchodz\u0105 si\u0119 w stron\u0119 Soko\u0142owska, ruin Zamku Radosno i Rozdro\u017ca Pod Walig\u00f3r\u0105. Droga do rozdro\u017ca prowadzi ciekawie wci\u0119t\u0105 formacj\u0105 stoku, a\u017c do w\u0119z\u0142a szlak\u00f3w przy wiacie skandynawskiej.&nbsp;<\/p>\n\n\n\n<h2 class=\"wp-block-heading\"><span class=\"ez-toc-section\" id=\"Waligora_z_Sokolowska\"><\/span>Walig\u00f3ra z Soko\u0142owska<span class=\"ez-toc-section-end\"><\/span><\/h2>\n\n\n\n<p>Szlaki: czarny\u2192 niebieski \u2192 \u017c\u00f3\u0142ty<br>Czas: 2 godz.<br>Dystans: 4,6 km<\/p>\n\n\n\n<div style=\"max-width:1025px;overflow:hidden;margin:0 auto;min-width:300px;\"><iframe src=\"https:\/\/mapa-turystyczna.pl\/map\/widget\/route\/h1l0p1\/x8og.html\" style=\"width:100%;border:0;\" height=\"800\" frameborder=\"0\"><\/iframe><a href=\"https:\/\/mapa-turystyczna.pl\/route\/x8og?utm_source=external_web&amp;utm_medium=widget&amp;utm_campaign=route_widget\" target=\"_blank\" style=\"color:#999;padding:7px 0;font-size: 13px;font-family:Roboto,Arial,sans-serif;display: inline-block;\" rel=\"noopener noreferrer\">Trasa: Soko\u0142owsko \u2013 Walig\u00f3ra | mapa-turystyczna.pl<\/a><\/div>\n\n\n\n<p>Najciekawsz\u0105 wycieczk\u0119 mo\u017cna odby\u0107 jednak z malowniczego Soko\u0142owska. Ju\u017c samo miejsce startu jest wyj\u0105tkowe. Miejscowo\u015b\u0107 nazywana \u201c\u015bl\u0105skim Davos\u201d jest jednym z najstarszych w Europie uzdrowisk, gdzie leczono gru\u017alic\u0119. W istocie to Davos powsta\u0142o na wz\u00f3r \u00f3wczesnego <em>G\u00f6rbersdorf<\/em>, wi\u0119c po prawdzie to szwajcarski kurort jest kopi\u0105, a Soko\u0142owsko orygina\u0142em. Zaniedbana przez lata miejscowo\u015b\u0107 z ruinami dawnego sanatorium dr. Brehmera (Grunwald) i istniej\u0105cym zak\u0142adem dr. R\u00f6mplera (Bia\u0142y Orze\u0142), powoli staje si\u0119 miejscem popularnym. Wiele zmienia si\u0119 tu za spraw\u0105 festiwalu Kie\u015blowskiego, pizzy z truflami i tortu bezowego. Soko\u0142owsko s\u0142ynie te\u017c z miejsc wartych jeszcze odkrycia i cerkwi najmniejszej prawos\u0142awnej parafii w Polsce.<\/p>\n\n\n\n<div class=\"wp-block-image\"><figure class=\"aligncenter size-large\"><img loading=\"lazy\" decoding=\"async\" width=\"1024\" height=\"683\" src=\"https:\/\/skalnik.pl\/blog\/wp-content\/uploads\/2020\/09\/cerkiew-soko\u0142owsko.jpg\" alt=\"\" class=\"wp-image-13806\" srcset=\"https:\/\/www.skalnik.pl\/blog\/wp-content\/uploads\/2020\/09\/cerkiew-soko\u0142owsko.jpg 1024w, https:\/\/www.skalnik.pl\/blog\/wp-content\/uploads\/2020\/09\/cerkiew-soko\u0142owsko-300x200.jpg 300w, https:\/\/www.skalnik.pl\/blog\/wp-content\/uploads\/2020\/09\/cerkiew-soko\u0142owsko-768x512.jpg 768w\" sizes=\"auto, (max-width: 1024px) 100vw, 1024px\" \/><figcaption><em>Male\u0144ka cerkiew Micha\u0142a Archanio\u0142a w Soko\u0142owsku. (fot. autor)<\/em><\/figcaption><\/figure><\/div>\n\n\n\n<p>Z Soko\u0142owska nale\u017cy wyruszy\u0107 szlakiem czarnym, b\u0105d\u017a zwiedzi\u0107 miejscowo\u015b\u0107 drogami (np. ul. Parkow\u0105) i ruszy\u0107 na turystyczne szlaki z miejsca o naziwie Bednarski Jar, gdzie szlak czarny spotyka si\u0119 z niebieskim. Dalej nale\u017cy pod\u0105\u017ca\u0107 za znakami niebieskimi a\u017c do Rozdro\u017ca pod Walig\u00f3r\u0105. Od samego pocz\u0105tku na \u015bmia\u0142k\u00f3w czekaj\u0105 strome podej\u015bcia.&nbsp;<\/p>\n\n\n\n<p>Szlak na Walig\u00f3r\u0119 z Soko\u0142owska prowadzi przez trzy kolejne, najwy\u017csze szczyty G\u00f3r Suchych: W\u0142ostow\u0105 (903) Kostrzyn\u0119 (906) i Suchaw\u0119 (928). Pierwszy szczyt prawdziwym g\u00f3ro\u0142azom przypadnie do gustu strom\u0105 i \u201cpiar\u017cyst\u0105\u201d \u015bcie\u017ck\u0105, ruinami zameczku Friedenstein i wulkanicznymi ska\u0142kami. Dwa kolejne mo\u017cna polubi\u0107 za widoki na G\u00f3ry Kamienne, G\u00f3ry Wa\u0142brzyskie, a nawet Karkonosze z najwy\u017csz\u0105 \u015anie\u017ck\u0105, kt\u00f3ra te\u017c jest na li\u015bcie KGP.<\/p>\n\n\n\n<p><em>Szlaki na \u015anie\u017ck\u0119 opisali\u015bmy w tym artykule &#8211; <a href=\"https:\/\/skalnik.pl\/blog\/korona-gor-polski-sniezka\/\" target=\"_blank\" rel=\"noreferrer noopener\">przejd\u017a<\/a>. <\/em><\/p>\n\n\n\n<div class=\"wp-block-image\"><figure class=\"aligncenter size-large\"><img loading=\"lazy\" decoding=\"async\" width=\"1024\" height=\"576\" src=\"https:\/\/skalnik.pl\/blog\/wp-content\/uploads\/2020\/09\/G\u00d3RY-SUCHE-PANORAMA.gif\" alt=\"\" class=\"wp-image-13904\"\/><figcaption><em>G\u00f3ry Suche czyli najwy\u017csza cz\u0119\u015b\u0107 G\u00f3r Kamiennych. Widok z g\u00f3ry Ruprechtick\u00fd \u0160pi\u010d\u00e1k. (arch. autora)<\/em><\/figcaption><\/figure><\/div>\n\n\n\n<p>Warto odnotowa\u0107, \u017ce na zboczach Suchawy znajduje si\u0119 miejsce o nazwie Czerwone Ska\u0142ki. To grupa form skalnych w postaci stromego urwiska, kt\u00f3re powsta\u0142o w wyniku erozji ska\u0142 porfirowych. Formy tworz\u0105 osuwiska, turnie, piargi a nawet ma\u0142e grz\u0119dy. W formacjach wyr\u00f3\u017cniono nawet Wielk\u0105 Baszt\u0119 (ok. 33 m wysoko\u015bci) i Lawiniasty \u017bleb. Ze wzgl\u0119du na ekstremaln\u0105 kruszyzn\u0119 pr\u00f3ba podej\u015bcia pod ska\u0142y jest bardzo niebezpieczna. Ska\u0142ki widoczne s\u0105 dobrze ze szczytu Kostrzyny.&nbsp;<\/p>\n\n\n<div class=\"page_gallery\">\n\n\t\t<style type=\"text\/css\">\n\t\t\t#gallery-1 {\n\t\t\t\tmargin: auto;\n\t\t\t}\n\t\t\t#gallery-1 .gallery-item {\n\t\t\t\tfloat: left;\n\t\t\t\tmargin-top: 10px;\n\t\t\t\ttext-align: center;\n\t\t\t\twidth: 33%;\n\t\t\t}\n\t\t\t#gallery-1 img {\n\t\t\t\tborder: 2px solid #cfcfcf;\n\t\t\t}\n\t\t\t#gallery-1 .gallery-caption {\n\t\t\t\tmargin-left: 0;\n\t\t\t}\n\t\t\t\/* see gallery_shortcode() in wp-includes\/media.php *\/\n\t\t<\/style>\n\t\t<div id='gallery-1' class='gallery galleryid-13789 gallery-columns-3 gallery-size-large'><dl class='gallery-item'>\n\t\t\t<dt class='gallery-icon landscape'>\n\t\t\t\t<img loading=\"lazy\" decoding=\"async\" width=\"1024\" height=\"683\" src=\"https:\/\/www.skalnik.pl\/blog\/wp-content\/uploads\/2020\/09\/zameczek-soko\u0142owsko-1.jpg\" class=\"attachment-large size-large\" alt=\"\" aria-describedby=\"gallery-1-13923\" srcset=\"https:\/\/www.skalnik.pl\/blog\/wp-content\/uploads\/2020\/09\/zameczek-soko\u0142owsko-1.jpg 1024w, https:\/\/www.skalnik.pl\/blog\/wp-content\/uploads\/2020\/09\/zameczek-soko\u0142owsko-1-300x200.jpg 300w, https:\/\/www.skalnik.pl\/blog\/wp-content\/uploads\/2020\/09\/zameczek-soko\u0142owsko-1-768x512.jpg 768w\" sizes=\"auto, (max-width: 1024px) 100vw, 1024px\" \/>\n\t\t\t<\/dt>\n\t\t\t\t<dd class='wp-caption-text gallery-caption' id='gallery-1-13923'>\n\t\t\t\tZameczek Friedenstein\n\t\t\t\t<\/dd><\/dl><dl class='gallery-item'>\n\t\t\t<dt class='gallery-icon landscape'>\n\t\t\t\t<img loading=\"lazy\" decoding=\"async\" width=\"1024\" height=\"683\" src=\"https:\/\/www.skalnik.pl\/blog\/wp-content\/uploads\/2020\/09\/wlostowa-1.jpg\" class=\"attachment-large size-large\" alt=\"\" aria-describedby=\"gallery-1-13922\" srcset=\"https:\/\/www.skalnik.pl\/blog\/wp-content\/uploads\/2020\/09\/wlostowa-1.jpg 1024w, https:\/\/www.skalnik.pl\/blog\/wp-content\/uploads\/2020\/09\/wlostowa-1-300x200.jpg 300w, https:\/\/www.skalnik.pl\/blog\/wp-content\/uploads\/2020\/09\/wlostowa-1-768x512.jpg 768w\" sizes=\"auto, (max-width: 1024px) 100vw, 1024px\" \/>\n\t\t\t<\/dt>\n\t\t\t\t<dd class='wp-caption-text gallery-caption' id='gallery-1-13922'>\n\t\t\t\tStrome i piar\u017cyste podej\u015bcie pod W\u0142ostow\u0105\n\t\t\t\t<\/dd><\/dl><dl class='gallery-item'>\n\t\t\t<dt class='gallery-icon landscape'>\n\t\t\t\t<img loading=\"lazy\" decoding=\"async\" width=\"1024\" height=\"683\" src=\"https:\/\/www.skalnik.pl\/blog\/wp-content\/uploads\/2020\/09\/kostrzyna-1.jpg\" class=\"attachment-large size-large\" alt=\"\" aria-describedby=\"gallery-1-13924\" srcset=\"https:\/\/www.skalnik.pl\/blog\/wp-content\/uploads\/2020\/09\/kostrzyna-1.jpg 1024w, https:\/\/www.skalnik.pl\/blog\/wp-content\/uploads\/2020\/09\/kostrzyna-1-300x200.jpg 300w, https:\/\/www.skalnik.pl\/blog\/wp-content\/uploads\/2020\/09\/kostrzyna-1-768x512.jpg 768w\" sizes=\"auto, (max-width: 1024px) 100vw, 1024px\" \/>\n\t\t\t<\/dt>\n\t\t\t\t<dd class='wp-caption-text gallery-caption' id='gallery-1-13924'>\n\t\t\t\tWidok na G\u00f3ry Kamienne z Kostrzyny\n\t\t\t\t<\/dd><\/dl><br style=\"clear: both\" \/><dl class='gallery-item'>\n\t\t\t<dt class='gallery-icon landscape'>\n\t\t\t\t<img loading=\"lazy\" decoding=\"async\" width=\"1024\" height=\"683\" src=\"https:\/\/www.skalnik.pl\/blog\/wp-content\/uploads\/2020\/09\/rozdroze-pod-walig\u00f3r\u0105-1.jpg\" class=\"attachment-large size-large\" alt=\"\" aria-describedby=\"gallery-1-13925\" srcset=\"https:\/\/www.skalnik.pl\/blog\/wp-content\/uploads\/2020\/09\/rozdroze-pod-walig\u00f3r\u0105-1.jpg 1024w, https:\/\/www.skalnik.pl\/blog\/wp-content\/uploads\/2020\/09\/rozdroze-pod-walig\u00f3r\u0105-1-300x200.jpg 300w, https:\/\/www.skalnik.pl\/blog\/wp-content\/uploads\/2020\/09\/rozdroze-pod-walig\u00f3r\u0105-1-768x512.jpg 768w\" sizes=\"auto, (max-width: 1024px) 100vw, 1024px\" \/>\n\t\t\t<\/dt>\n\t\t\t\t<dd class='wp-caption-text gallery-caption' id='gallery-1-13925'>\n\t\t\t\tW\u0119ze\u0142 szlak\u00f3w &#8211; Rozdro\u017ce pod Walig\u00f3r\u0105\n\t\t\t\t<\/dd><\/dl><dl class='gallery-item'>\n\t\t\t<dt class='gallery-icon landscape'>\n\t\t\t\t<img loading=\"lazy\" decoding=\"async\" width=\"1024\" height=\"683\" src=\"https:\/\/www.skalnik.pl\/blog\/wp-content\/uploads\/2020\/09\/szeroka-i-widokowa-\u015bcie\u017cka-1.jpg\" class=\"attachment-large size-large\" alt=\"\" aria-describedby=\"gallery-1-13926\" srcset=\"https:\/\/www.skalnik.pl\/blog\/wp-content\/uploads\/2020\/09\/szeroka-i-widokowa-\u015bcie\u017cka-1.jpg 1024w, https:\/\/www.skalnik.pl\/blog\/wp-content\/uploads\/2020\/09\/szeroka-i-widokowa-\u015bcie\u017cka-1-300x200.jpg 300w, https:\/\/www.skalnik.pl\/blog\/wp-content\/uploads\/2020\/09\/szeroka-i-widokowa-\u015bcie\u017cka-1-768x512.jpg 768w\" sizes=\"auto, (max-width: 1024px) 100vw, 1024px\" \/>\n\t\t\t<\/dt>\n\t\t\t\t<dd class='wp-caption-text gallery-caption' id='gallery-1-13926'>\n\t\t\t\tWidokowa i szeroka \u015bcie\u017cka przed szczytem\n\t\t\t\t<\/dd><\/dl>\n\t\t\t<br style='clear: both' \/>\n\t\t<\/div>\n\n<\/div>\n\n\n<div style=\"width:1025; height:600px; padding: 15px; resize:both; overflow: auto;\"> <div style=\"width:100%; height:100%; box-shadow: 5px 5px 15px #00000038;\"> <iframe src=\"https:\/\/kgp3d.amu.edu.pl\/szczyty\/Waligora.html\" allow=\"xr xr-spatial-tracking\" style=\"height: 100%; width: 100%; border: 0;\" ><\/iframe> <\/div> <\/div>\n\n\n\n<h2 class=\"wp-block-heading\"><span class=\"ez-toc-section\" id=\"Ciekawostki\"><\/span>Ciekawostki\u00a0<span class=\"ez-toc-section-end\"><\/span><\/h2>\n\n\n\n<ul class=\"wp-block-list\"><li>najwy\u017cszy szczyt w G\u00f3rach Kamiennych nie oferuje \u017cadnych panoram<\/li><li>na po\u0142udniowo zachodnich stokach Walig\u00f3ry znajduje si\u0119 miejsce zwane \u201cruiny owczarni\u201d (pozosta\u0142o\u015b\u0107 po budynku gospodarczym); to najlepszy punkt widokowy na g\u00f3rze, <\/li><li>poni\u017cej tzw. owczarni znajdowa\u0142 si\u0119 kiedy\u015b pa\u0142acyk my\u015bliwski Hochberg\u00f3w z Ksi\u0105\u017ca; budow\u0119 \u201czameczku&#8221; zleci\u0142a ciotka Winstona Churchilla, ksi\u0119\u017cna Maria Teresa Oliwia Hochberg von Pless znana bardziej jako <em>Daisy<\/em>; (z budynku nie zosta\u0142o praktycznie nic, nie prowadzi do niego \u017cadna \u015bcie\u017cka, a porfirowe rumowiska na stokach g\u00f3ry s\u0105 niebezpieczne, dlatego nie zaleca si\u0119 schodzenia poni\u017cej owczarni)<\/li><li>po 1945 r. na szczycie istnia\u0142a drewniana wie\u017ca triangulacyjna, kt\u00f3ra wykorzystywana by\u0142a w celach widokowych<\/li><li>Walig\u00f3ra (poza KGP) nale\u017cy tak\u017ce do Korony Sudet\u00f3w i Korony Sudet\u00f3w Polskich<\/li><li>schronisko Andrzej\u00f3wka w 1936 przez dwa tygodnie go\u015bci\u0142o kr\u00f3low\u0105 holendersk\u0105 Wilhelmin\u0119<\/li><li>od 1978 do 2017 r (z wyj\u0105tkami) odbywa\u0142 si\u0119 w rejonie Walig\u00f3ry i Andrzej\u00f3wki Bieg Gwark\u00f3w &#8211; drugi najwi\u0119kszy bieg narciarski w Polsce<\/li><\/ul>\n\n\n\n<p>Ten tekst to kolejny artyku\u0142 z serii Korona G\u00f3r Polski na naszym blogu. Zobacz opisy wypraw na inne szczyty KGP klikaj\u0105c w <a href=\"https:\/\/skalnik.pl\/blog\/tag\/korona-gor-polski\/\" target=\"_blank\" rel=\"noreferrer noopener\">ten link<\/a>!  <\/p>\n","protected":false},"excerpt":{"rendered":"<p>Szczyt KGP, kt\u00f3ry zdob\u0119dziesz w 15 minut, ale b\u0119d\u0105 to minuty pe\u0142ne mozo\u0142u! <\/p>\n","protected":false},"author":8,"featured_media":13908,"comment_status":"open","ping_status":"open","sticky":false,"template":"","format":"standard","meta":{"_acf_changed":false,"footnotes":""},"categories":[84],"tags":[260,162,210],"magento_category":[],"magento_product":[],"class_list":["post-13789","post","type-post","status-publish","format-standard","has-post-thumbnail","hentry","category-pasja","tag-korona-gor-polski","tag-sudety","tag-turystyka"],"acf":[],"aioseo_notices":[],"aioseo_head":"\n\t\t<!-- All in One SEO 4.9.10 - aioseo.com -->\n\t<meta name=\"description\" content=\"Walig\u00f3ra - szczyt Korony G\u00f3r Polski po\u0142o\u017cony w G\u00f3rach Kamiennych. Mo\u017cesz zdoby\u0107 go szybko z Andrzej\u00f3wki, b\u0105d\u017a wej\u015b\u0107 z Soko\u0142owska nazywanego &quot;\u015bl\u0105skim Davos&quot;.\" \/>\n\t<meta name=\"robots\" content=\"max-image-preview:large\" \/>\n\t<meta name=\"author\" content=\"S\u0142awek Nosal\"\/>\n\t<link rel=\"canonical\" href=\"https:\/\/www.skalnik.pl\/blog\/korona-gor-polski-waligora\/\" \/>\n\t<meta name=\"generator\" content=\"All in One SEO (AIOSEO) 4.9.10\" \/>\n\t\t<meta property=\"og:locale\" content=\"pl_PL\" \/>\n\t\t<meta property=\"og:site_name\" content=\"blog Skalnik - Blog, porady, artyku\u0142y - blog Skalnik\" \/>\n\t\t<meta property=\"og:type\" content=\"article\" \/>\n\t\t<meta property=\"og:title\" content=\"Korona G\u00f3r Polski \u2013 Walig\u00f3ra - blog Skalnik\" \/>\n\t\t<meta property=\"og:description\" content=\"Walig\u00f3ra - szczyt Korony G\u00f3r Polski po\u0142o\u017cony w G\u00f3rach Kamiennych. Mo\u017cesz zdoby\u0107 go szybko z Andrzej\u00f3wki, b\u0105d\u017a wej\u015b\u0107 z Soko\u0142owska nazywanego &quot;\u015bl\u0105skim Davos&quot;.\" \/>\n\t\t<meta property=\"og:url\" content=\"https:\/\/www.skalnik.pl\/blog\/korona-gor-polski-waligora\/\" \/>\n\t\t<meta property=\"og:image\" content=\"https:\/\/skalnik.pl\/blog\/wp-content\/uploads\/2020\/08\/gopr-tylko-gopr.jpg\" \/>\n\t\t<meta property=\"og:image:secure_url\" content=\"https:\/\/skalnik.pl\/blog\/wp-content\/uploads\/2020\/08\/gopr-tylko-gopr.jpg\" \/>\n\t\t<meta property=\"article:tag\" content=\"pasja\" \/>\n\t\t<meta property=\"article:tag\" content=\"korona g\u00f3r polski\" \/>\n\t\t<meta property=\"article:tag\" content=\"sudety\" \/>\n\t\t<meta property=\"article:tag\" content=\"turystyka\" \/>\n\t\t<meta property=\"article:published_time\" content=\"2020-09-16T05:21:00+00:00\" \/>\n\t\t<meta property=\"article:modified_time\" content=\"2021-07-05T11:45:23+00:00\" \/>\n\t\t<meta name=\"twitter:card\" content=\"summary_large_image\" \/>\n\t\t<meta name=\"twitter:title\" content=\"Korona G\u00f3r Polski \u2013 Walig\u00f3ra - blog Skalnik\" \/>\n\t\t<meta name=\"twitter:description\" content=\"Walig\u00f3ra - szczyt Korony G\u00f3r Polski po\u0142o\u017cony w G\u00f3rach Kamiennych. Mo\u017cesz zdoby\u0107 go szybko z Andrzej\u00f3wki, b\u0105d\u017a wej\u015b\u0107 z Soko\u0142owska nazywanego &quot;\u015bl\u0105skim Davos&quot;.\" \/>\n\t\t<meta name=\"twitter:image\" content=\"https:\/\/skalnik.pl\/blog\/wp-content\/uploads\/2020\/08\/gopr-tylko-gopr.jpg\" \/>\n\t\t<script type=\"application\/ld+json\" class=\"aioseo-schema\">\n\t\t\t{\"@context\":\"https:\\\/\\\/schema.org\",\"@graph\":[{\"@type\":\"BlogPosting\",\"@id\":\"https:\\\/\\\/www.skalnik.pl\\\/blog\\\/korona-gor-polski-waligora\\\/#blogposting\",\"name\":\"Korona G\\u00f3r Polski \\u2013 Walig\\u00f3ra - blog Skalnik\",\"headline\":\"Korona G\\u00f3r Polski &#8211; Walig\\u00f3ra\",\"author\":{\"@id\":\"https:\\\/\\\/www.skalnik.pl\\\/blog\\\/author\\\/slawek-nosal\\\/#author\"},\"publisher\":{\"@id\":\"https:\\\/\\\/www.skalnik.pl\\\/blog\\\/#organization\"},\"image\":{\"@type\":\"ImageObject\",\"url\":\"https:\\\/\\\/www.skalnik.pl\\\/blog\\\/wp-content\\\/uploads\\\/2020\\\/09\\\/waligora-okl.jpg\",\"width\":1925,\"height\":706},\"datePublished\":\"2020-09-16T07:21:00+02:00\",\"dateModified\":\"2021-07-05T13:45:23+02:00\",\"inLanguage\":\"pl-PL\",\"mainEntityOfPage\":{\"@id\":\"https:\\\/\\\/www.skalnik.pl\\\/blog\\\/korona-gor-polski-waligora\\\/#webpage\"},\"isPartOf\":{\"@id\":\"https:\\\/\\\/www.skalnik.pl\\\/blog\\\/korona-gor-polski-waligora\\\/#webpage\"},\"articleSection\":\"Pasja, korona g\\u00f3r polski, sudety, turystyka\"},{\"@type\":\"BreadcrumbList\",\"@id\":\"https:\\\/\\\/www.skalnik.pl\\\/blog\\\/korona-gor-polski-waligora\\\/#breadcrumblist\",\"itemListElement\":[{\"@type\":\"ListItem\",\"@id\":\"https:\\\/\\\/www.skalnik.pl\\\/blog#listItem\",\"position\":1,\"name\":\"Home\",\"item\":\"https:\\\/\\\/www.skalnik.pl\\\/blog\",\"nextItem\":{\"@type\":\"ListItem\",\"@id\":\"https:\\\/\\\/www.skalnik.pl\\\/blog\\\/.\\\/pasja\\\/#listItem\",\"name\":\"Pasja\"}},{\"@type\":\"ListItem\",\"@id\":\"https:\\\/\\\/www.skalnik.pl\\\/blog\\\/.\\\/pasja\\\/#listItem\",\"position\":2,\"name\":\"Pasja\",\"item\":\"https:\\\/\\\/www.skalnik.pl\\\/blog\\\/.\\\/pasja\\\/\",\"nextItem\":{\"@type\":\"ListItem\",\"@id\":\"https:\\\/\\\/www.skalnik.pl\\\/blog\\\/korona-gor-polski-waligora\\\/#listItem\",\"name\":\"Korona G\\u00f3r Polski &#8211; Walig\\u00f3ra\"},\"previousItem\":{\"@type\":\"ListItem\",\"@id\":\"https:\\\/\\\/www.skalnik.pl\\\/blog#listItem\",\"name\":\"Home\"}},{\"@type\":\"ListItem\",\"@id\":\"https:\\\/\\\/www.skalnik.pl\\\/blog\\\/korona-gor-polski-waligora\\\/#listItem\",\"position\":3,\"name\":\"Korona G\\u00f3r Polski &#8211; Walig\\u00f3ra\",\"previousItem\":{\"@type\":\"ListItem\",\"@id\":\"https:\\\/\\\/www.skalnik.pl\\\/blog\\\/.\\\/pasja\\\/#listItem\",\"name\":\"Pasja\"}}]},{\"@type\":\"Organization\",\"@id\":\"https:\\\/\\\/www.skalnik.pl\\\/blog\\\/#organization\",\"name\":\"blog Skalnik\",\"description\":\"Blog, porady, artyku\\u0142y - blog Skalnik\",\"url\":\"https:\\\/\\\/www.skalnik.pl\\\/blog\\\/\"},{\"@type\":\"Person\",\"@id\":\"https:\\\/\\\/www.skalnik.pl\\\/blog\\\/author\\\/slawek-nosal\\\/#author\",\"url\":\"https:\\\/\\\/www.skalnik.pl\\\/blog\\\/author\\\/slawek-nosal\\\/\",\"name\":\"S\\u0142awek Nosal\",\"image\":{\"@type\":\"ImageObject\",\"@id\":\"https:\\\/\\\/www.skalnik.pl\\\/blog\\\/korona-gor-polski-waligora\\\/#authorImage\",\"url\":\"https:\\\/\\\/secure.gravatar.com\\\/avatar\\\/376f39150afcfc713e809ef8313d42dee4210bb1425eaad8153efa8965009197?s=96&d=mm&r=g\",\"width\":96,\"height\":96,\"caption\":\"S\\u0142awek Nosal\"}},{\"@type\":\"WebPage\",\"@id\":\"https:\\\/\\\/www.skalnik.pl\\\/blog\\\/korona-gor-polski-waligora\\\/#webpage\",\"url\":\"https:\\\/\\\/www.skalnik.pl\\\/blog\\\/korona-gor-polski-waligora\\\/\",\"name\":\"Korona G\\u00f3r Polski \\u2013 Walig\\u00f3ra - blog Skalnik\",\"description\":\"Walig\\u00f3ra - szczyt Korony G\\u00f3r Polski po\\u0142o\\u017cony w G\\u00f3rach Kamiennych. Mo\\u017cesz zdoby\\u0107 go szybko z Andrzej\\u00f3wki, b\\u0105d\\u017a wej\\u015b\\u0107 z Soko\\u0142owska nazywanego \\\"\\u015bl\\u0105skim Davos\\\".\",\"inLanguage\":\"pl-PL\",\"isPartOf\":{\"@id\":\"https:\\\/\\\/www.skalnik.pl\\\/blog\\\/#website\"},\"breadcrumb\":{\"@id\":\"https:\\\/\\\/www.skalnik.pl\\\/blog\\\/korona-gor-polski-waligora\\\/#breadcrumblist\"},\"author\":{\"@id\":\"https:\\\/\\\/www.skalnik.pl\\\/blog\\\/author\\\/slawek-nosal\\\/#author\"},\"creator\":{\"@id\":\"https:\\\/\\\/www.skalnik.pl\\\/blog\\\/author\\\/slawek-nosal\\\/#author\"},\"image\":{\"@type\":\"ImageObject\",\"url\":\"https:\\\/\\\/www.skalnik.pl\\\/blog\\\/wp-content\\\/uploads\\\/2020\\\/09\\\/waligora-okl.jpg\",\"@id\":\"https:\\\/\\\/www.skalnik.pl\\\/blog\\\/korona-gor-polski-waligora\\\/#mainImage\",\"width\":1925,\"height\":706},\"primaryImageOfPage\":{\"@id\":\"https:\\\/\\\/www.skalnik.pl\\\/blog\\\/korona-gor-polski-waligora\\\/#mainImage\"},\"datePublished\":\"2020-09-16T07:21:00+02:00\",\"dateModified\":\"2021-07-05T13:45:23+02:00\"},{\"@type\":\"WebSite\",\"@id\":\"https:\\\/\\\/www.skalnik.pl\\\/blog\\\/#website\",\"url\":\"https:\\\/\\\/www.skalnik.pl\\\/blog\\\/\",\"name\":\"blog Skalnik\",\"description\":\"Blog, porady, artyku\\u0142y - blog Skalnik\",\"inLanguage\":\"pl-PL\",\"publisher\":{\"@id\":\"https:\\\/\\\/www.skalnik.pl\\\/blog\\\/#organization\"}}]}\n\t\t<\/script>\n\t\t<!-- All in One SEO -->\n\n","aioseo_head_json":{"title":"Korona G\u00f3r Polski \u2013 Walig\u00f3ra - blog Skalnik","description":"Walig\u00f3ra - szczyt Korony G\u00f3r Polski po\u0142o\u017cony w G\u00f3rach Kamiennych. Mo\u017cesz zdoby\u0107 go szybko z Andrzej\u00f3wki, b\u0105d\u017a wej\u015b\u0107 z Soko\u0142owska nazywanego \"\u015bl\u0105skim Davos\".","canonical_url":"https:\/\/www.skalnik.pl\/blog\/korona-gor-polski-waligora\/","robots":"max-image-preview:large","keywords":"","webmasterTools":{"miscellaneous":""},"schema":{"@context":"https:\/\/schema.org","@graph":[{"@type":"BlogPosting","@id":"https:\/\/www.skalnik.pl\/blog\/korona-gor-polski-waligora\/#blogposting","name":"Korona G\u00f3r Polski \u2013 Walig\u00f3ra - blog Skalnik","headline":"Korona G\u00f3r Polski &#8211; Walig\u00f3ra","author":{"@id":"https:\/\/www.skalnik.pl\/blog\/author\/slawek-nosal\/#author"},"publisher":{"@id":"https:\/\/www.skalnik.pl\/blog\/#organization"},"image":{"@type":"ImageObject","url":"https:\/\/www.skalnik.pl\/blog\/wp-content\/uploads\/2020\/09\/waligora-okl.jpg","width":1925,"height":706},"datePublished":"2020-09-16T07:21:00+02:00","dateModified":"2021-07-05T13:45:23+02:00","inLanguage":"pl-PL","mainEntityOfPage":{"@id":"https:\/\/www.skalnik.pl\/blog\/korona-gor-polski-waligora\/#webpage"},"isPartOf":{"@id":"https:\/\/www.skalnik.pl\/blog\/korona-gor-polski-waligora\/#webpage"},"articleSection":"Pasja, korona g\u00f3r polski, sudety, turystyka"},{"@type":"BreadcrumbList","@id":"https:\/\/www.skalnik.pl\/blog\/korona-gor-polski-waligora\/#breadcrumblist","itemListElement":[{"@type":"ListItem","@id":"https:\/\/www.skalnik.pl\/blog#listItem","position":1,"name":"Home","item":"https:\/\/www.skalnik.pl\/blog","nextItem":{"@type":"ListItem","@id":"https:\/\/www.skalnik.pl\/blog\/.\/pasja\/#listItem","name":"Pasja"}},{"@type":"ListItem","@id":"https:\/\/www.skalnik.pl\/blog\/.\/pasja\/#listItem","position":2,"name":"Pasja","item":"https:\/\/www.skalnik.pl\/blog\/.\/pasja\/","nextItem":{"@type":"ListItem","@id":"https:\/\/www.skalnik.pl\/blog\/korona-gor-polski-waligora\/#listItem","name":"Korona G\u00f3r Polski &#8211; Walig\u00f3ra"},"previousItem":{"@type":"ListItem","@id":"https:\/\/www.skalnik.pl\/blog#listItem","name":"Home"}},{"@type":"ListItem","@id":"https:\/\/www.skalnik.pl\/blog\/korona-gor-polski-waligora\/#listItem","position":3,"name":"Korona G\u00f3r Polski &#8211; Walig\u00f3ra","previousItem":{"@type":"ListItem","@id":"https:\/\/www.skalnik.pl\/blog\/.\/pasja\/#listItem","name":"Pasja"}}]},{"@type":"Organization","@id":"https:\/\/www.skalnik.pl\/blog\/#organization","name":"blog Skalnik","description":"Blog, porady, artyku\u0142y - blog Skalnik","url":"https:\/\/www.skalnik.pl\/blog\/"},{"@type":"Person","@id":"https:\/\/www.skalnik.pl\/blog\/author\/slawek-nosal\/#author","url":"https:\/\/www.skalnik.pl\/blog\/author\/slawek-nosal\/","name":"S\u0142awek Nosal","image":{"@type":"ImageObject","@id":"https:\/\/www.skalnik.pl\/blog\/korona-gor-polski-waligora\/#authorImage","url":"https:\/\/secure.gravatar.com\/avatar\/376f39150afcfc713e809ef8313d42dee4210bb1425eaad8153efa8965009197?s=96&d=mm&r=g","width":96,"height":96,"caption":"S\u0142awek Nosal"}},{"@type":"WebPage","@id":"https:\/\/www.skalnik.pl\/blog\/korona-gor-polski-waligora\/#webpage","url":"https:\/\/www.skalnik.pl\/blog\/korona-gor-polski-waligora\/","name":"Korona G\u00f3r Polski \u2013 Walig\u00f3ra - blog Skalnik","description":"Walig\u00f3ra - szczyt Korony G\u00f3r Polski po\u0142o\u017cony w G\u00f3rach Kamiennych. Mo\u017cesz zdoby\u0107 go szybko z Andrzej\u00f3wki, b\u0105d\u017a wej\u015b\u0107 z Soko\u0142owska nazywanego \"\u015bl\u0105skim Davos\".","inLanguage":"pl-PL","isPartOf":{"@id":"https:\/\/www.skalnik.pl\/blog\/#website"},"breadcrumb":{"@id":"https:\/\/www.skalnik.pl\/blog\/korona-gor-polski-waligora\/#breadcrumblist"},"author":{"@id":"https:\/\/www.skalnik.pl\/blog\/author\/slawek-nosal\/#author"},"creator":{"@id":"https:\/\/www.skalnik.pl\/blog\/author\/slawek-nosal\/#author"},"image":{"@type":"ImageObject","url":"https:\/\/www.skalnik.pl\/blog\/wp-content\/uploads\/2020\/09\/waligora-okl.jpg","@id":"https:\/\/www.skalnik.pl\/blog\/korona-gor-polski-waligora\/#mainImage","width":1925,"height":706},"primaryImageOfPage":{"@id":"https:\/\/www.skalnik.pl\/blog\/korona-gor-polski-waligora\/#mainImage"},"datePublished":"2020-09-16T07:21:00+02:00","dateModified":"2021-07-05T13:45:23+02:00"},{"@type":"WebSite","@id":"https:\/\/www.skalnik.pl\/blog\/#website","url":"https:\/\/www.skalnik.pl\/blog\/","name":"blog Skalnik","description":"Blog, porady, artyku\u0142y - blog Skalnik","inLanguage":"pl-PL","publisher":{"@id":"https:\/\/www.skalnik.pl\/blog\/#organization"}}]},"og:locale":"pl_PL","og:site_name":"blog Skalnik - Blog, porady, artyku\u0142y - blog Skalnik","og:type":"article","og:title":"Korona G\u00f3r Polski \u2013 Walig\u00f3ra - blog Skalnik","og:description":"Walig\u00f3ra - szczyt Korony G\u00f3r Polski po\u0142o\u017cony w G\u00f3rach Kamiennych. Mo\u017cesz zdoby\u0107 go szybko z Andrzej\u00f3wki, b\u0105d\u017a wej\u015b\u0107 z Soko\u0142owska nazywanego &quot;\u015bl\u0105skim Davos&quot;.","og:url":"https:\/\/www.skalnik.pl\/blog\/korona-gor-polski-waligora\/","og:image":"https:\/\/skalnik.pl\/blog\/wp-content\/uploads\/2020\/08\/gopr-tylko-gopr.jpg","og:image:secure_url":"https:\/\/skalnik.pl\/blog\/wp-content\/uploads\/2020\/08\/gopr-tylko-gopr.jpg","article:tag":["pasja","korona g\u00f3r polski","sudety","turystyka"],"article:published_time":"2020-09-16T05:21:00+00:00","article:modified_time":"2021-07-05T11:45:23+00:00","twitter:card":"summary_large_image","twitter:title":"Korona G\u00f3r Polski \u2013 Walig\u00f3ra - blog Skalnik","twitter:description":"Walig\u00f3ra - szczyt Korony G\u00f3r Polski po\u0142o\u017cony w G\u00f3rach Kamiennych. Mo\u017cesz zdoby\u0107 go szybko z Andrzej\u00f3wki, b\u0105d\u017a wej\u015b\u0107 z Soko\u0142owska nazywanego &quot;\u015bl\u0105skim Davos&quot;.","twitter:image":"https:\/\/skalnik.pl\/blog\/wp-content\/uploads\/2020\/08\/gopr-tylko-gopr.jpg"},"aioseo_meta_data":{"post_id":"13789","title":null,"description":"Walig\u00f3ra - szczyt Korony G\u00f3r Polski po\u0142o\u017cony w G\u00f3rach Kamiennych. Mo\u017cesz zdoby\u0107 go szybko z Andrzej\u00f3wki, b\u0105d\u017a wej\u015b\u0107 z Soko\u0142owska nazywanego &quot;\u015bl\u0105skim Davos&quot;.","keywords":[{"label":"korona g\u00f3ra polski","value":"korona g\u00f3ra polski"},{"label":"walig\u00f3ra szlaki","value":"walig\u00f3ra szlaki"},{"label":"walig\u00f3ra jak wej\u015b\u0107","value":"walig\u00f3ra jak wej\u015b\u0107"},{"label":"kgp","value":"kgp"},{"label":"g\u00f3ry suche","value":"g\u00f3ry suche"}],"keyphrases":null,"primary_term":null,"canonical_url":"","og_title":null,"og_description":null,"og_object_type":"default","og_image_type":"default","og_image_url":null,"og_image_width":null,"og_image_height":null,"og_image_custom_url":null,"og_image_custom_fields":null,"og_video":null,"og_custom_url":null,"og_article_section":null,"og_article_tags":null,"twitter_use_og":false,"twitter_card":"default","twitter_image_type":"default","twitter_image_url":null,"twitter_image_custom_url":null,"twitter_image_custom_fields":null,"twitter_title":null,"twitter_description":null,"schema":{"blockGraphs":[],"customGraphs":[],"default":{"data":{"Article":[],"Course":[],"Dataset":[],"FAQPage":[],"Movie":[],"Person":[],"Product":[],"ProductReview":[],"Car":[],"Recipe":[],"Service":[],"SoftwareApplication":[],"WebPage":[]},"graphName":"BlogPosting","isEnabled":true},"graphs":[]},"schema_type":"default","schema_type_options":null,"pillar_content":false,"robots_default":true,"robots_noindex":false,"robots_noarchive":false,"robots_nosnippet":false,"robots_nofollow":false,"robots_noimageindex":false,"robots_noodp":false,"robots_notranslate":false,"robots_max_snippet":null,"robots_max_videopreview":null,"robots_max_imagepreview":"large","priority":null,"frequency":null,"local_seo":null,"breadcrumb_settings":null,"limit_modified_date":false,"ai":null,"created":"2022-08-26 10:23:53","updated":"2026-02-17 21:56:19","seo_analyzer_scan_date":null},"aioseo_breadcrumb":"<div class=\"aioseo-breadcrumbs\"><span class=\"aioseo-breadcrumb\">\n\t\t\t<a href=\"https:\/\/www.skalnik.pl\/blog\" title=\"Home\">Home<\/a>\n\t\t<\/span><span class=\"aioseo-breadcrumb-separator\">&raquo;<\/span><span class=\"aioseo-breadcrumb\">\n\t\t\t<a href=\"https:\/\/www.skalnik.pl\/blog\/.\/pasja\/\" title=\"Pasja\">Pasja<\/a>\n\t\t<\/span><span class=\"aioseo-breadcrumb-separator\">&raquo;<\/span><span class=\"aioseo-breadcrumb\">\n\t\t\tKorona G\u00f3r Polski \u2013 Walig\u00f3ra\n\t\t<\/span><\/div>","aioseo_breadcrumb_json":[{"label":"Home","link":"https:\/\/www.skalnik.pl\/blog"},{"label":"Pasja","link":"https:\/\/www.skalnik.pl\/blog\/.\/pasja\/"},{"label":"Korona G\u00f3r Polski &#8211; Walig\u00f3ra","link":"https:\/\/www.skalnik.pl\/blog\/korona-gor-polski-waligora\/"}],"_links":{"self":[{"href":"https:\/\/www.skalnik.pl\/blog\/wp-json\/wp\/v2\/posts\/13789","targetHints":{"allow":["GET"]}}],"collection":[{"href":"https:\/\/www.skalnik.pl\/blog\/wp-json\/wp\/v2\/posts"}],"about":[{"href":"https:\/\/www.skalnik.pl\/blog\/wp-json\/wp\/v2\/types\/post"}],"author":[{"embeddable":true,"href":"https:\/\/www.skalnik.pl\/blog\/wp-json\/wp\/v2\/users\/8"}],"replies":[{"embeddable":true,"href":"https:\/\/www.skalnik.pl\/blog\/wp-json\/wp\/v2\/comments?post=13789"}],"version-history":[{"count":21,"href":"https:\/\/www.skalnik.pl\/blog\/wp-json\/wp\/v2\/posts\/13789\/revisions"}],"predecessor-version":[{"id":17274,"href":"https:\/\/www.skalnik.pl\/blog\/wp-json\/wp\/v2\/posts\/13789\/revisions\/17274"}],"wp:featuredmedia":[{"embeddable":true,"href":"https:\/\/www.skalnik.pl\/blog\/wp-json\/wp\/v2\/media\/13908"}],"wp:attachment":[{"href":"https:\/\/www.skalnik.pl\/blog\/wp-json\/wp\/v2\/media?parent=13789"}],"wp:term":[{"taxonomy":"category","embeddable":true,"href":"https:\/\/www.skalnik.pl\/blog\/wp-json\/wp\/v2\/categories?post=13789"},{"taxonomy":"post_tag","embeddable":true,"href":"https:\/\/www.skalnik.pl\/blog\/wp-json\/wp\/v2\/tags?post=13789"},{"taxonomy":"magento_category","embeddable":true,"href":"https:\/\/www.skalnik.pl\/blog\/wp-json\/wp\/v2\/magento_category?post=13789"},{"taxonomy":"magento_product","embeddable":true,"href":"https:\/\/www.skalnik.pl\/blog\/wp-json\/wp\/v2\/magento_product?post=13789"}],"curies":[{"name":"wp","href":"https:\/\/api.w.org\/{rel}","templated":true}]}}