{"id":14013,"date":"2020-09-27T23:27:00","date_gmt":"2020-09-27T21:27:00","guid":{"rendered":"https:\/\/skalnik.pl\/blog\/?p=14013"},"modified":"2020-10-16T08:28:36","modified_gmt":"2020-10-16T06:28:36","slug":"jakie-spodnie-w-gory","status":"publish","type":"post","link":"https:\/\/www.skalnik.pl\/blog\/jakie-spodnie-w-gory\/","title":{"rendered":"Jakie spodnie w g\u00f3ry?"},"content":{"rendered":"\n<p><strong>Id\u0105c szlakiem, wykonujesz tysi\u0105ce krok\u00f3w. Aby stawia\u0107 je wygodnie, potrzebne s\u0105 komfortowe spodnie do chodzenia po g\u00f3rach. Jakie spodnie wybra\u0107 latem, a jakie zim\u0105?<\/strong><\/p>\n\n\n\n<p>Wyborowi spodni g\u00f3rskich nie po\u015bwi\u0119ca si\u0119 zwykle tyle czasu, ile podj\u0119ciu decyzji o tym, jak\u0105 kurtk\u0119 czy buty kupi\u0107. Tymczasem niewygodne spodnie trekkingowe mog\u0105 skutecznie utrudni\u0107 \u017cycie na szlaku. Zatem jakie spodnie w g\u00f3ry wybra\u0107, aby bez problem\u00f3w stawia\u0107 krok za krokiem?<\/p>\n\n\n\n<div class=\"wp-block-image\"><figure class=\"aligncenter size-large\"><img loading=\"lazy\" decoding=\"async\" width=\"1024\" height=\"683\" src=\"https:\/\/skalnik.pl\/blog\/wp-content\/uploads\/2020\/09\/Spodnie-g\u00f3rskie-Fjallraven.jpg\" alt=\"Spodnie w g\u00f3ry Fjallraven\" class=\"wp-image-14016\" srcset=\"https:\/\/www.skalnik.pl\/blog\/wp-content\/uploads\/2020\/09\/Spodnie-g\u00f3rskie-Fjallraven.jpg 1024w, https:\/\/www.skalnik.pl\/blog\/wp-content\/uploads\/2020\/09\/Spodnie-g\u00f3rskie-Fjallraven-300x200.jpg 300w, https:\/\/www.skalnik.pl\/blog\/wp-content\/uploads\/2020\/09\/Spodnie-g\u00f3rskie-Fjallraven-768x512.jpg 768w\" sizes=\"auto, (max-width: 1024px) 100vw, 1024px\" \/><figcaption><em>Spodnie trekkingowe musz\u0105 stawi\u0107 czo\u0142a licznym wyzwaniom (fot. Fjallraven)<\/em><\/figcaption><\/figure><\/div>\n\n\n\n<div id=\"ez-toc-container\" class=\"ez-toc-v2_0_85 counter-hierarchy ez-toc-counter ez-toc-light-blue ez-toc-container-direction\">\n<div class=\"ez-toc-title-container\">\n<p class=\"ez-toc-title\" style=\"cursor:inherit\">SPIS TRE\u015aCI <\/p>\n<span class=\"ez-toc-title-toggle\"><a href=\"#\" class=\"ez-toc-pull-right ez-toc-btn ez-toc-btn-xs ez-toc-btn-default ez-toc-toggle\" aria-label=\"Prze\u0142\u0105cznik Spisu Tre\u015bci\"><span class=\"ez-toc-js-icon-con\"><span class=\"\"><span class=\"eztoc-hide\" style=\"display:none;\">Toggle<\/span><span class=\"ez-toc-icon-toggle-span\"><svg style=\"fill: #999;color:#999\" xmlns=\"http:\/\/www.w3.org\/2000\/svg\" class=\"list-377408\" width=\"20px\" height=\"20px\" viewBox=\"0 0 24 24\" fill=\"none\"><path d=\"M6 6H4v2h2V6zm14 0H8v2h12V6zM4 11h2v2H4v-2zm16 0H8v2h12v-2zM4 16h2v2H4v-2zm16 0H8v2h12v-2z\" fill=\"currentColor\"><\/path><\/svg><svg style=\"fill: #999;color:#999\" class=\"arrow-unsorted-368013\" xmlns=\"http:\/\/www.w3.org\/2000\/svg\" width=\"10px\" height=\"10px\" viewBox=\"0 0 24 24\" version=\"1.2\" baseProfile=\"tiny\"><path d=\"M18.2 9.3l-6.2-6.3-6.2 6.3c-.2.2-.3.4-.3.7s.1.5.3.7c.2.2.4.3.7.3h11c.3 0 .5-.1.7-.3.2-.2.3-.5.3-.7s-.1-.5-.3-.7zM5.8 14.7l6.2 6.3 6.2-6.3c.2-.2.3-.5.3-.7s-.1-.5-.3-.7c-.2-.2-.4-.3-.7-.3h-11c-.3 0-.5.1-.7.3-.2.2-.3.5-.3.7s.1.5.3.7z\"\/><\/svg><\/span><\/span><\/span><\/a><\/span><\/div>\n<nav><ul class='ez-toc-list ez-toc-list-level-1 ' ><li class='ez-toc-page-1 ez-toc-heading-level-2'><a class=\"ez-toc-link ez-toc-heading-1\" href=\"https:\/\/www.skalnik.pl\/blog\/jakie-spodnie-w-gory\/#Spodnie_w_gory_%E2%80%93_wygoda_priorytetem\" >Spodnie w g\u00f3ry \u2013 wygoda priorytetem<\/a><ul class='ez-toc-list-level-3' ><li class='ez-toc-heading-level-3'><a class=\"ez-toc-link ez-toc-heading-2\" href=\"https:\/\/www.skalnik.pl\/blog\/jakie-spodnie-w-gory\/#1_Wytrzymalosc\" >1. Wytrzyma\u0142o\u015b\u0107<\/a><\/li><li class='ez-toc-page-1 ez-toc-heading-level-3'><a class=\"ez-toc-link ez-toc-heading-3\" href=\"https:\/\/www.skalnik.pl\/blog\/jakie-spodnie-w-gory\/#2_Swoboda_ruchu\" >2. Swoboda ruchu<\/a><\/li><li class='ez-toc-page-1 ez-toc-heading-level-3'><a class=\"ez-toc-link ez-toc-heading-4\" href=\"https:\/\/www.skalnik.pl\/blog\/jakie-spodnie-w-gory\/#3_Szybkie_schniecie\" >3. Szybkie schni\u0119cie<\/a><\/li><\/ul><\/li><li class='ez-toc-page-1 ez-toc-heading-level-2'><a class=\"ez-toc-link ez-toc-heading-5\" href=\"https:\/\/www.skalnik.pl\/blog\/jakie-spodnie-w-gory\/#Jakie_wybrac_spodnie_do_chodzenia_po_gorach_latem\" >Jakie wybra\u0107 spodnie do chodzenia po g\u00f3rach latem?<\/a><\/li><li class='ez-toc-page-1 ez-toc-heading-level-2'><a class=\"ez-toc-link ez-toc-heading-6\" href=\"https:\/\/www.skalnik.pl\/blog\/jakie-spodnie-w-gory\/#Jakie_spodnie_sprawdza_sie_zima\" >Jakie spodnie sprawdz\u0105 si\u0119 zim\u0105?<\/a><\/li><li class='ez-toc-page-1 ez-toc-heading-level-2'><a class=\"ez-toc-link ez-toc-heading-7\" href=\"https:\/\/www.skalnik.pl\/blog\/jakie-spodnie-w-gory\/#Spodnie_przeciwdeszczowe_w_gory_%E2%80%93_kiedy_warto_zabrac\" >Spodnie przeciwdeszczowe w g\u00f3ry \u2013 kiedy warto zabra\u0107?<\/a><\/li><li class='ez-toc-page-1 ez-toc-heading-level-2'><a class=\"ez-toc-link ez-toc-heading-8\" href=\"https:\/\/www.skalnik.pl\/blog\/jakie-spodnie-w-gory\/#Oko_na_detale\" >Oko na detale<\/a><\/li><\/ul><\/nav><\/div>\n<h2 class=\"wp-block-heading\"><span class=\"ez-toc-section\" id=\"Spodnie_w_gory_%E2%80%93_wygoda_priorytetem\"><\/span>Spodnie w g\u00f3ry \u2013 wygoda priorytetem<span class=\"ez-toc-section-end\"><\/span><\/h2>\n\n\n\n<p>Oferta spodni w g\u00f3ry jest bardzo szeroka i zr\u00f3\u017cnicowana. Odzie\u017c idealna na gor\u0105ce dni nie sprawdzi si\u0119 przecie\u017c na deszczowym, jesiennym szlaku. Niezale\u017cnie jednak od tego, na jakie konkretnie warunki s\u0105 przeznaczone, spodnie do chodzenia po g\u00f3rach maj\u0105 kilka wsp\u00f3lnych cech:<\/p>\n\n\n\n<h3 class=\"wp-block-heading\"><span class=\"ez-toc-section\" id=\"1_Wytrzymalosc\"><\/span>1. Wytrzyma\u0142o\u015b\u0107<span class=\"ez-toc-section-end\"><\/span><\/h3>\n\n\n\n<p>Ostra ska\u0142a, korzenie, d\u0142ugie godziny w\u0119dr\u00f3wki \u2013 <a href=\"https:\/\/skalnik.pl\/odziez\/odziez-meska\/odziez-meska-spodnie\" target=\"_blank\" rel=\"noreferrer noopener\">spodnie trekkingowe<\/a> nie maj\u0105 \u0142atwo. Materia\u0142, z kt\u00f3rego s\u0105 wykonane, musi wi\u0119c by\u0107 odporny na uszkodzenia mechaniczne. Inaczej ju\u017c na pierwszym wyje\u017adzie w g\u00f3ry b\u0119dziesz musie\u0107 walczy\u0107 z rozdarciami.<\/p>\n\n\n\n<h3 class=\"wp-block-heading\"><span class=\"ez-toc-section\" id=\"2_Swoboda_ruchu\"><\/span>2. Swoboda ruchu<span class=\"ez-toc-section-end\"><\/span><\/h3>\n\n\n\n<p>Stawiaj\u0105c kolejne kroki na szlaku, nie masz my\u015ble\u0107 o tym, \u017ce co\u015b ci\u0119 blokuje lub uwiera. Spodnie trekkingowe damskie i m\u0119skie powinny wi\u0119c zapewnia\u0107 pe\u0142n\u0105 swobod\u0119 ruch\u00f3w. Elastyczno\u015b\u0107 spodni docenisz zw\u0142aszcza wtedy, kiedy dotrzesz w skaliste g\u00f3rskie rejony, gdzie cz\u0119sto trzeba podnie\u015b\u0107 wysoko nog\u0119, aby pokona\u0107 kolejn\u0105 przeszkod\u0119.<\/p>\n\n\n\n<p>Aby zapewni\u0107 wi\u0119ksz\u0105 swobod\u0119, spodnie trekkingowe maj\u0105 zazwyczaj profilowane kolana oraz klin wszyty w kroku. Producenci dodaj\u0105 te\u017c cz\u0119sto do materia\u0142u spodni elastyczne w\u0142\u00f3kna (takie jak elastan).<\/p>\n\n\n\n<div class=\"wp-block-image\"><figure class=\"aligncenter size-large\"><img loading=\"lazy\" decoding=\"async\" width=\"1024\" height=\"683\" src=\"https:\/\/skalnik.pl\/blog\/wp-content\/uploads\/2020\/09\/Spodnie-g\u00f3rskie-Arcteryx.jpg\" alt=\"Spodnie g\u00f3rskie Arc'teryx\" class=\"wp-image-14015\" srcset=\"https:\/\/www.skalnik.pl\/blog\/wp-content\/uploads\/2020\/09\/Spodnie-g\u00f3rskie-Arcteryx.jpg 1024w, https:\/\/www.skalnik.pl\/blog\/wp-content\/uploads\/2020\/09\/Spodnie-g\u00f3rskie-Arcteryx-300x200.jpg 300w, https:\/\/www.skalnik.pl\/blog\/wp-content\/uploads\/2020\/09\/Spodnie-g\u00f3rskie-Arcteryx-768x512.jpg 768w\" sizes=\"auto, (max-width: 1024px) 100vw, 1024px\" \/><figcaption><em>G\u00f3rskie spodnie musz\u0105 zapewnia\u0107 pe\u0142n\u0105 swobod\u0119 ruch\u00f3w (fot. Arc&#8217;teryx)<\/em><\/figcaption><\/figure><\/div>\n\n\n\n<h3 class=\"wp-block-heading\"><span class=\"ez-toc-section\" id=\"3_Szybkie_schniecie\"><\/span>3. Szybkie schni\u0119cie<span class=\"ez-toc-section-end\"><\/span><\/h3>\n\n\n\n<p>Na samym pocz\u0105tku mojej g\u00f3rskiej przygody wybra\u0142am si\u0119 na szlak w d\u017cinsach. Sz\u0142o si\u0119 w miar\u0119 wygodnie, dop\u00f3ki nie spad\u0142 deszcz. Nie trwa\u0142 on zbyt d\u0142ugo, ale d\u017cinsy ju\u017c do ko\u0144ca dnia by\u0142y mokre i sztywne. Od tego momentu na tras\u0119 zabieram zawsze spodnie trekkingowe, kt\u00f3re schn\u0105 b\u0142yskawicznie.<\/p>\n\n\n\n<p>Ze wzgl\u0119du na powy\u017csze wymagania spodnie do chodzenia po g\u00f3rach s\u0105 wykonywane zazwyczaj z wytrzyma\u0142ych w\u0142\u00f3kien syntetycznych. S\u0105 one lekkie i schn\u0105 szybciej ni\u017c w\u0142\u00f3kna naturalne. W\u0142\u00f3kna u\u017cywane w spodniach trekkingowych cechuje te\u017c zwykle oddychalno\u015b\u0107, czyli zdolno\u015b\u0107 do odprowadzania na zewn\u0105trz wilgoci wytwarzanej przez cia\u0142o podczas ruchu.&nbsp;<\/p>\n\n\n\n<h2 class=\"wp-block-heading\"><span class=\"ez-toc-section\" id=\"Jakie_wybrac_spodnie_do_chodzenia_po_gorach_latem\"><\/span>Jakie wybra\u0107 spodnie do chodzenia po g\u00f3rach latem?<span class=\"ez-toc-section-end\"><\/span><\/h2>\n\n\n\n<p>Jakie spodnie w g\u00f3ry sprawdz\u0105 si\u0119 latem? Odzie\u017c na gor\u0105ce miesi\u0105ce powinna by\u0107 przede wszystkim <strong>lekka i oddychaj\u0105ca<\/strong>. Dzi\u0119ki temu nawet w upalny dzie\u0144 takie spodnie b\u0119d\u0105 w miar\u0119 komfortowe. Lekkie spodnie wyschn\u0105 te\u017c szybko w razie nag\u0142ego deszczu.<\/p>\n\n\n\n<p>Spodnie do chodzenia po g\u00f3rach latem s\u0105 najcz\u0119\u015bciej wykonane z <strong>nylonu<\/strong>, kt\u00f3ry jest nie tylko lekki, lecz tak\u017ce bardzo wytrzyma\u0142y. Aby zapewni\u0107 jeszcze lepsz\u0105 ochron\u0119 przed rozdarciami producenci cz\u0119sto wzmacniaj\u0105 spodnie splotem typu ripstop.<\/p>\n\n\n\n<p>Spodnie w g\u00f3ry na lato mog\u0105 by\u0107 wyposa\u017cone w <strong>filtr UV<\/strong>, chroni\u0105cy przed szkodliwym promieniowaniem ultrafioletowym. Kiedy bowiem w\u0119drujesz grani\u0105 w bezchmurny letni dzie\u0144, s\u0142o\u0144ce mo\u017ce do\u015b\u0107 mocno da\u0107 ci si\u0119 we znaki. Warto wi\u0119c zapewni\u0107 sk\u00f3rze dodatkow\u0105 ochron\u0119.<\/p>\n\n\n\n<p>Na lato dobrym wyborem s\u0105 te\u017c spodnie o <strong>nieco lu\u017aniejszym kroju<\/strong>, kt\u00f3ry zapewni jeszcze lepsz\u0105 wentylacj\u0119.<\/p>\n\n\n\n<div class=\"wp-block-image\"><figure class=\"aligncenter size-large\"><img loading=\"lazy\" decoding=\"async\" width=\"1024\" height=\"683\" src=\"https:\/\/skalnik.pl\/blog\/wp-content\/uploads\/2020\/09\/Spodnie-trekkingowe-Marmot.jpg\" alt=\"Spodnie trekkingowe Marmot\" class=\"wp-image-14026\" srcset=\"https:\/\/www.skalnik.pl\/blog\/wp-content\/uploads\/2020\/09\/Spodnie-trekkingowe-Marmot.jpg 1024w, https:\/\/www.skalnik.pl\/blog\/wp-content\/uploads\/2020\/09\/Spodnie-trekkingowe-Marmot-300x200.jpg 300w, https:\/\/www.skalnik.pl\/blog\/wp-content\/uploads\/2020\/09\/Spodnie-trekkingowe-Marmot-768x512.jpg 768w\" sizes=\"auto, (max-width: 1024px) 100vw, 1024px\" \/><figcaption><em>Spodnie na lato musz\u0105 by\u0107 lekkie i szybko wysycha\u0107 (fot. Marmot)<\/em><\/figcaption><\/figure><\/div>\n\n\n\n<p>W gor\u0105ce miesi\u0105ce na szlakach typu beskidzkiego sprawdz\u0105 si\u0119 dobrze tak\u017ce <strong>kr\u00f3tkie spodenki<\/strong> (o ile tylko trasa nie jest zbyt zaro\u015bni\u0119ta). Na bardziej skaliste szlaki, na przyk\u0142ad w Tatry Wysokie, zabierz natomiast d\u0142ugie spodnie trekkingowe. Ochroni\u0105 one lepiej sk\u00f3r\u0119 przed ostr\u0105 ska\u0142\u0105. Dodatkowo w wy\u017cszych partiach g\u00f3r, nawet w upalny dzie\u0144, w kr\u00f3tkich spodenkach mo\u017ce ju\u017c by\u0107 za zimno.<\/p>\n\n\n\n<p>Przydatnym patentem na letnie miesi\u0105ce s\u0105 <strong>spodnie do chodzenia po g\u00f3rach z odpinanymi nogawkami<\/strong>. To rozwi\u0105zanie docenisz zw\u0142aszcza wtedy, kiedy ruszasz na d\u0142ugi trekking i chcesz jak najbardziej ograniczy\u0107 wag\u0119 zabieranych rzeczy. Pami\u0119taj jednak, by zawsze sprawdzi\u0107, czy spodnie s\u0105 dobrze dopasowane i czy dodatkowy zamek nigdzie ci\u0119 nie uwiera.<\/p>\n\n\n\n<h2 class=\"wp-block-heading\"><span class=\"ez-toc-section\" id=\"Jakie_spodnie_sprawdza_sie_zima\"><\/span>Jakie spodnie sprawdz\u0105 si\u0119 zim\u0105?<span class=\"ez-toc-section-end\"><\/span><\/h2>\n\n\n\n<p>Osoby w\u0119druj\u0105ce po g\u00f3rach zim\u0105 musz\u0105 zmierzy\u0107 si\u0119 z podstawow\u0105 sprzeczno\u015bci\u0105. Z jednej strony temperatura jest niska i wieje ch\u0142odny wiatr, wi\u0119c trzeba si\u0119 ciep\u0142o ubra\u0107. Z drugiej strony kiedy si\u0119 ruszasz, twoje cia\u0142o szybko si\u0119 rozgrzewa. Nie mo\u017cesz wi\u0119c ubra\u0107 si\u0119 zbyt ciep\u0142o, bo inaczej po chwili w\u0119dr\u00f3wki zaleje ci\u0119 pot.<\/p>\n\n\n\n<div class=\"wp-block-image\"><figure class=\"aligncenter size-large\"><img loading=\"lazy\" decoding=\"async\" width=\"1024\" height=\"683\" src=\"https:\/\/skalnik.pl\/blog\/wp-content\/uploads\/2020\/09\/Spodnie-trekkingowe-Milo.jpg\" alt=\"Spodnie trekkingowe Milo\" class=\"wp-image-14019\" srcset=\"https:\/\/www.skalnik.pl\/blog\/wp-content\/uploads\/2020\/09\/Spodnie-trekkingowe-Milo.jpg 1024w, https:\/\/www.skalnik.pl\/blog\/wp-content\/uploads\/2020\/09\/Spodnie-trekkingowe-Milo-300x200.jpg 300w, https:\/\/www.skalnik.pl\/blog\/wp-content\/uploads\/2020\/09\/Spodnie-trekkingowe-Milo-768x512.jpg 768w\" sizes=\"auto, (max-width: 1024px) 100vw, 1024px\" \/><figcaption><em>Ani za ciep\u0142o, ani za ch\u0142odno &#8211; zim\u0105 osi\u0105gni\u0119cie w\u0142a\u015bciwej temperatury jest kluczow\u0105 spraw\u0105 (fot. Milo)<\/em><\/figcaption><\/figure><\/div>\n\n\n\n<p>Jakie spodnie w g\u00f3ry zim\u0105 b\u0119d\u0105 wi\u0119c dobrym wyborem?<\/p>\n\n\n\n<p>O ile nie planujesz bardzo ambitnych dzia\u0142a\u0144 jako spodnie g\u00f3rskie zimowe \u015bwietnie sprawdz\u0105 si\u0119 <a href=\"https:\/\/skalnik.pl\/odziez\/spodnie-softshell\" target=\"_blank\" rel=\"noreferrer noopener\">spodnie softshell<\/a>. Tego typu odzie\u017c:<\/p>\n\n\n\n<ul class=\"wp-block-list\"><li>zapewnia bardzo dobr\u0105 oddychalno\u015b\u0107,<\/li><li>chroni doskonale przed nawet zimnym wiatrem,<\/li><li>dzi\u0119ki elastyczno\u015bci materia\u0142u gwarantuje pe\u0142n\u0105 swobod\u0119 ruch\u00f3w.<\/li><\/ul>\n\n\n\n<p>Softshell nie chroni jednak przed opadami. Jak tego typu spodnie do w\u0119dr\u00f3wek g\u00f3rskich sprawdz\u0105 si\u0119 wi\u0119c w kontakcie z mokrym \u015bniegiem? Na szcz\u0119\u015bcie i na to znaleziono rozwi\u0105zanie. Spodnie do chodzenia po g\u00f3rach zim\u0105 s\u0105 zwykle pokryte <strong>hydrofobow\u0105 pow\u0142ok\u0105 DWR<\/strong>, dzi\u0119ki kt\u00f3rej cz\u0105steczki wody s\u0105 odpychane od tkaniny. Tego typu pow\u0142oka nie zabezpieczy w razie bardzo silnego opadu, ale ochroni przed umiarkowanym deszczem czy \u015bniegiem.<\/p>\n\n\n\n<p>Zim\u0105 softshellowe spodnie trekkingowe najlepiej <strong>po\u0142\u0105czy\u0107 z termoaktywnymi legginsami<\/strong>. Dzi\u0119ki temu b\u0119dzie ci cieplej i nie stracisz nic na oddychalno\u015bci.<\/p>\n\n\n\n<p>Pami\u0119taj tak\u017ce, \u017ce na rynku s\u0105 dost\u0119pne spodnie softshell r\u00f3\u017cnej grubo\u015bci. Zim\u0105 wybierz te grubsze, a cie\u0144sze pozostaw jako spodnie do chodzenia po g\u00f3rach w okresach przej\u015bciowych.<\/p>\n\n\n\n<h2 class=\"wp-block-heading\"><span class=\"ez-toc-section\" id=\"Spodnie_przeciwdeszczowe_w_gory_%E2%80%93_kiedy_warto_zabrac\"><\/span>Spodnie przeciwdeszczowe w g\u00f3ry \u2013 kiedy warto zabra\u0107?<span class=\"ez-toc-section-end\"><\/span><\/h2>\n\n\n\n<p>Jedziesz w miejsca, w kt\u00f3rych bardzo cz\u0119sto pada i chcesz si\u0119 lepiej zabezpieczy\u0107 przed deszczem? Zapakuj do plecaka bardzo lekkie spodnie do turystyki g\u00f3rskiej przeciwdeszczowe. Powinny by\u0107 one wi\u0119ksze od spodni noszonych przez ciebie na co dzie\u0144. Takie spodnie g\u00f3rskie przeciwdeszczowe z membran\u0105 za\u0142o\u017cysz bowiem w razie deszczu na te spodnie, w kt\u00f3rych w\u0119drujesz.<\/p>\n\n\n\n<p>Jako tak\u0105 awaryjn\u0105 odzie\u017c na deszcz warto wybra\u0107 model z zamkiem rozpinanym na ca\u0142ej d\u0142ugo\u015bci nogawki. Dzi\u0119ki temu spodnie mo\u017cna za\u0142o\u017cy\u0107 na siebie, nie \u015bci\u0105gaj\u0105c but\u00f3w.<\/p>\n\n\n\n<h2 class=\"wp-block-heading\"><span class=\"ez-toc-section\" id=\"Oko_na_detale\"><\/span>Oko na detale<span class=\"ez-toc-section-end\"><\/span><\/h2>\n\n\n\n<p>Lekkie i oddychaj\u0105ce spodnie w g\u00f3ry na lato, ciep\u0142e i chroni\u0105ce przed wiatrem spodnie trekkingowe na zim\u0119 \u2013 to podstawa, o kt\u00f3rej nale\u017cy pami\u0119ta\u0107, wybieraj\u0105c model dla siebie. Zastanawiaj\u0105c si\u0119 nad tym, jakie spodnie w g\u00f3ry wybra\u0107, warto te\u017c jednak zwr\u00f3ci\u0107 uwag\u0119 na detale, takie jak:<\/p>\n\n\n\n<p><strong>&#8211; Kieszenie \u2013<\/strong> dobre spodnie w g\u00f3ry maj\u0105 przynajmniej dwie kieszenie zapinane na zamek. To tam schowasz kom\u00f3rk\u0119, drobne monety czy chusteczki. Pionowa kiesze\u0144 na udzie mo\u017ce by\u0107 natomiast dobrym miejscem na map\u0119.<\/p>\n\n\n\n<p><strong>&#8211; Regulowany obw\u00f3d nogawki \u2013<\/strong> regulacja obwodu przyda si\u0119 zw\u0142aszcza wtedy, kiedy ubierasz spodnie g\u00f3rskie do w\u0105skich but\u00f3w podej\u015bciowych czy sanda\u0142\u00f3w. Zaci\u0105gaj\u0105c \u015bci\u0105gacz, zapobiegniesz przydepni\u0119ciu materia\u0142u.<\/p>\n\n\n\n<div class=\"wp-block-image\"><figure class=\"aligncenter size-large\"><img loading=\"lazy\" decoding=\"async\" width=\"1024\" height=\"680\" src=\"https:\/\/skalnik.pl\/blog\/wp-content\/uploads\/2020\/09\/Spodnie-La-Sportiva.jpg\" alt=\"Spodnie g\u00f3rskie La Sportiva\" class=\"wp-image-14017\" srcset=\"https:\/\/www.skalnik.pl\/blog\/wp-content\/uploads\/2020\/09\/Spodnie-La-Sportiva.jpg 1024w, https:\/\/www.skalnik.pl\/blog\/wp-content\/uploads\/2020\/09\/Spodnie-La-Sportiva-300x199.jpg 300w, https:\/\/www.skalnik.pl\/blog\/wp-content\/uploads\/2020\/09\/Spodnie-La-Sportiva-768x510.jpg 768w\" sizes=\"auto, (max-width: 1024px) 100vw, 1024px\" \/><figcaption><em>Kieszenie, zamki, nogawki &#8211; ka\u017cdy detal ma znaczenie (fot. La Sportiva)<\/em><\/figcaption><\/figure><\/div>\n\n\n\n<p><strong>&#8211; Szlufki na pasek \u2013<\/strong> spodnie do chodzenia po g\u00f3rach nie mog\u0105 spada\u0107, wi\u0119c wybieraj\u0105c model dla siebie, upewnij si\u0119, \u017ce s\u0105 one wyposa\u017cone w szlufki. Pasek przyda si\u0119 zreszt\u0105 nawet wtedy, kiedy spodnie g\u00f3rskie pasuj\u0105 idealnie na ciebie. Mo\u017cna bowiem do niego przytroczy\u0107 np. aparat, aby mie\u0107 go zawsze pod r\u0119k\u0105.<\/p>\n\n\n\n<p><strong>&#8211; Kolor \u2013<\/strong> niezale\u017cnie od tego, czy kupujesz <a href=\"https:\/\/skalnik.pl\/odziez\/odziez-damska\/odziez-damska-spodnie\" target=\"_blank\" rel=\"noreferrer noopener\">spodnie trekkingowe damskie<\/a> czy m\u0119skie, w g\u00f3ry lepszym wyborem b\u0119d\u0105 neutralne barwy. Na takich spodniach nawet po d\u0142ugim trekkingu brud nie b\u0119dzie bardzo widoczny.<\/p>\n\n\n\n<p><strong>&#8211; Zamki \u2013<\/strong> najlepiej, by twoje spodnie na wyprawy g\u00f3rskie posiada\u0142y niezawodne zamki YKK.<\/p>\n\n\n\n<p>Wytrzyma\u0142e i elastyczne spodnie w g\u00f3ry pozwol\u0105 ci pewnie stawia\u0107 kolejne kroki na szlaku. Wybierz wi\u0119c taki model, w kt\u00f3rym b\u0119dziesz si\u0119 czu\u0107 swobodnie. A je\u015bli masz ju\u017c swoje ulubione spodnie trekkingowe, napisz o nich w komentarzu.<\/p>\n\n\n\n<p class=\"has-text-align-right\"><em>Katarzyna Butkiewicz<\/em><\/p>\n","protected":false},"excerpt":{"rendered":"<p>Jakie spodnie w g\u00f3ry na lato, a jakie na zim\u0119? Sprawd\u017a, jakie spodnie zapewni\u0105 ci komfort w\u0119drowania.<\/p>\n","protected":false},"author":7,"featured_media":14025,"comment_status":"open","ping_status":"open","sticky":false,"template":"","format":"standard","meta":{"_acf_changed":false,"footnotes":""},"categories":[3],"tags":[107,130,210,16],"magento_category":[57],"magento_product":[],"class_list":["post-14013","post","type-post","status-publish","format-standard","has-post-thumbnail","hentry","category-porady","tag-lato","tag-spodnie-trekkingowe","tag-turystyka","tag-zima"],"acf":[],"aioseo_notices":[],"aioseo_head":"\n\t\t<!-- All in One SEO 4.9.10 - aioseo.com -->\n\t<meta name=\"description\" content=\"Spodnie w g\u00f3ry musz\u0105 by\u0107 wytrzyma\u0142e i zapewnia\u0107 swobod\u0119 ruch\u00f3w. Jakie jeszcze cechy powinny mie\u0107 spodnie do chodzenia po g\u00f3rach latem lub zim\u0105?\" \/>\n\t<meta name=\"robots\" content=\"max-image-preview:large\" \/>\n\t<meta name=\"author\" content=\"Redakcja skalnik.pl\"\/>\n\t<link rel=\"canonical\" href=\"https:\/\/www.skalnik.pl\/blog\/jakie-spodnie-w-gory\/\" \/>\n\t<meta name=\"generator\" content=\"All in One SEO (AIOSEO) 4.9.10\" \/>\n\t\t<meta property=\"og:locale\" content=\"pl_PL\" \/>\n\t\t<meta property=\"og:site_name\" content=\"blog Skalnik - Blog, porady, artyku\u0142y - blog Skalnik\" \/>\n\t\t<meta property=\"og:type\" content=\"article\" \/>\n\t\t<meta property=\"og:title\" content=\"Jakie spodnie w g\u00f3ry? - blog Skalnik\" \/>\n\t\t<meta property=\"og:description\" content=\"Spodnie w g\u00f3ry musz\u0105 by\u0107 wytrzyma\u0142e i zapewnia\u0107 swobod\u0119 ruch\u00f3w. Jakie jeszcze cechy powinny mie\u0107 spodnie do chodzenia po g\u00f3rach latem lub zim\u0105?\" \/>\n\t\t<meta property=\"og:url\" content=\"https:\/\/www.skalnik.pl\/blog\/jakie-spodnie-w-gory\/\" \/>\n\t\t<meta property=\"og:image\" content=\"https:\/\/skalnik.pl\/blog\/wp-content\/uploads\/2020\/09\/Spodnie-g\u00f3rskie-Fjallraven.jpg\" \/>\n\t\t<meta property=\"og:image:secure_url\" content=\"https:\/\/skalnik.pl\/blog\/wp-content\/uploads\/2020\/09\/Spodnie-g\u00f3rskie-Fjallraven.jpg\" \/>\n\t\t<meta property=\"article:tag\" content=\"porady\" \/>\n\t\t<meta property=\"article:tag\" content=\"lato\" \/>\n\t\t<meta property=\"article:tag\" content=\"spodnie trekkingowe\" \/>\n\t\t<meta property=\"article:tag\" content=\"turystyka\" \/>\n\t\t<meta property=\"article:tag\" content=\"zima\" \/>\n\t\t<meta property=\"article:published_time\" content=\"2020-09-27T21:27:00+00:00\" \/>\n\t\t<meta property=\"article:modified_time\" content=\"2020-10-16T06:28:36+00:00\" \/>\n\t\t<meta name=\"twitter:card\" content=\"summary_large_image\" \/>\n\t\t<meta name=\"twitter:title\" content=\"Jakie spodnie w g\u00f3ry? - blog Skalnik\" \/>\n\t\t<meta name=\"twitter:description\" content=\"Spodnie w g\u00f3ry musz\u0105 by\u0107 wytrzyma\u0142e i zapewnia\u0107 swobod\u0119 ruch\u00f3w. Jakie jeszcze cechy powinny mie\u0107 spodnie do chodzenia po g\u00f3rach latem lub zim\u0105?\" \/>\n\t\t<meta name=\"twitter:image\" content=\"https:\/\/skalnik.pl\/blog\/wp-content\/uploads\/2020\/09\/Spodnie-g\u00f3rskie-Fjallraven.jpg\" \/>\n\t\t<script type=\"application\/ld+json\" class=\"aioseo-schema\">\n\t\t\t{\"@context\":\"https:\\\/\\\/schema.org\",\"@graph\":[{\"@type\":\"BlogPosting\",\"@id\":\"https:\\\/\\\/www.skalnik.pl\\\/blog\\\/jakie-spodnie-w-gory\\\/#blogposting\",\"name\":\"Jakie spodnie w g\\u00f3ry? - blog Skalnik\",\"headline\":\"Jakie spodnie w g\\u00f3ry?\",\"author\":{\"@id\":\"https:\\\/\\\/www.skalnik.pl\\\/blog\\\/author\\\/redakcja-skalnik-pl\\\/#author\"},\"publisher\":{\"@id\":\"https:\\\/\\\/www.skalnik.pl\\\/blog\\\/#organization\"},\"image\":{\"@type\":\"ImageObject\",\"url\":\"https:\\\/\\\/www.skalnik.pl\\\/blog\\\/wp-content\\\/uploads\\\/2020\\\/09\\\/Spodnie-trekkingowe-Rab.jpg\",\"width\":1920,\"height\":705,\"caption\":\"Spodnie trekkingowe Rab\"},\"datePublished\":\"2020-09-27T23:27:00+02:00\",\"dateModified\":\"2020-10-16T08:28:36+02:00\",\"inLanguage\":\"pl-PL\",\"mainEntityOfPage\":{\"@id\":\"https:\\\/\\\/www.skalnik.pl\\\/blog\\\/jakie-spodnie-w-gory\\\/#webpage\"},\"isPartOf\":{\"@id\":\"https:\\\/\\\/www.skalnik.pl\\\/blog\\\/jakie-spodnie-w-gory\\\/#webpage\"},\"articleSection\":\"Porady, lato, spodnie trekkingowe, turystyka, zima, 1095\"},{\"@type\":\"BreadcrumbList\",\"@id\":\"https:\\\/\\\/www.skalnik.pl\\\/blog\\\/jakie-spodnie-w-gory\\\/#breadcrumblist\",\"itemListElement\":[{\"@type\":\"ListItem\",\"@id\":\"https:\\\/\\\/www.skalnik.pl\\\/blog#listItem\",\"position\":1,\"name\":\"Home\",\"item\":\"https:\\\/\\\/www.skalnik.pl\\\/blog\",\"nextItem\":{\"@type\":\"ListItem\",\"@id\":\"https:\\\/\\\/www.skalnik.pl\\\/blog\\\/.\\\/porady\\\/#listItem\",\"name\":\"Porady\"}},{\"@type\":\"ListItem\",\"@id\":\"https:\\\/\\\/www.skalnik.pl\\\/blog\\\/.\\\/porady\\\/#listItem\",\"position\":2,\"name\":\"Porady\",\"item\":\"https:\\\/\\\/www.skalnik.pl\\\/blog\\\/.\\\/porady\\\/\",\"nextItem\":{\"@type\":\"ListItem\",\"@id\":\"https:\\\/\\\/www.skalnik.pl\\\/blog\\\/jakie-spodnie-w-gory\\\/#listItem\",\"name\":\"Jakie spodnie w g\\u00f3ry?\"},\"previousItem\":{\"@type\":\"ListItem\",\"@id\":\"https:\\\/\\\/www.skalnik.pl\\\/blog#listItem\",\"name\":\"Home\"}},{\"@type\":\"ListItem\",\"@id\":\"https:\\\/\\\/www.skalnik.pl\\\/blog\\\/jakie-spodnie-w-gory\\\/#listItem\",\"position\":3,\"name\":\"Jakie spodnie w g\\u00f3ry?\",\"previousItem\":{\"@type\":\"ListItem\",\"@id\":\"https:\\\/\\\/www.skalnik.pl\\\/blog\\\/.\\\/porady\\\/#listItem\",\"name\":\"Porady\"}}]},{\"@type\":\"Organization\",\"@id\":\"https:\\\/\\\/www.skalnik.pl\\\/blog\\\/#organization\",\"name\":\"blog Skalnik\",\"description\":\"Blog, porady, artyku\\u0142y - blog Skalnik\",\"url\":\"https:\\\/\\\/www.skalnik.pl\\\/blog\\\/\"},{\"@type\":\"Person\",\"@id\":\"https:\\\/\\\/www.skalnik.pl\\\/blog\\\/author\\\/redakcja-skalnik-pl\\\/#author\",\"url\":\"https:\\\/\\\/www.skalnik.pl\\\/blog\\\/author\\\/redakcja-skalnik-pl\\\/\",\"name\":\"Redakcja skalnik.pl\",\"image\":{\"@type\":\"ImageObject\",\"@id\":\"https:\\\/\\\/www.skalnik.pl\\\/blog\\\/jakie-spodnie-w-gory\\\/#authorImage\",\"url\":\"https:\\\/\\\/secure.gravatar.com\\\/avatar\\\/7eab29b048aaf0899cd9a145e9adb814e2130ced31e65b454b902500bea65f9e?s=96&d=mm&r=g\",\"width\":96,\"height\":96,\"caption\":\"Redakcja skalnik.pl\"}},{\"@type\":\"WebPage\",\"@id\":\"https:\\\/\\\/www.skalnik.pl\\\/blog\\\/jakie-spodnie-w-gory\\\/#webpage\",\"url\":\"https:\\\/\\\/www.skalnik.pl\\\/blog\\\/jakie-spodnie-w-gory\\\/\",\"name\":\"Jakie spodnie w g\\u00f3ry? - blog Skalnik\",\"description\":\"Spodnie w g\\u00f3ry musz\\u0105 by\\u0107 wytrzyma\\u0142e i zapewnia\\u0107 swobod\\u0119 ruch\\u00f3w. Jakie jeszcze cechy powinny mie\\u0107 spodnie do chodzenia po g\\u00f3rach latem lub zim\\u0105?\",\"inLanguage\":\"pl-PL\",\"isPartOf\":{\"@id\":\"https:\\\/\\\/www.skalnik.pl\\\/blog\\\/#website\"},\"breadcrumb\":{\"@id\":\"https:\\\/\\\/www.skalnik.pl\\\/blog\\\/jakie-spodnie-w-gory\\\/#breadcrumblist\"},\"author\":{\"@id\":\"https:\\\/\\\/www.skalnik.pl\\\/blog\\\/author\\\/redakcja-skalnik-pl\\\/#author\"},\"creator\":{\"@id\":\"https:\\\/\\\/www.skalnik.pl\\\/blog\\\/author\\\/redakcja-skalnik-pl\\\/#author\"},\"image\":{\"@type\":\"ImageObject\",\"url\":\"https:\\\/\\\/www.skalnik.pl\\\/blog\\\/wp-content\\\/uploads\\\/2020\\\/09\\\/Spodnie-trekkingowe-Rab.jpg\",\"@id\":\"https:\\\/\\\/www.skalnik.pl\\\/blog\\\/jakie-spodnie-w-gory\\\/#mainImage\",\"width\":1920,\"height\":705,\"caption\":\"Spodnie trekkingowe Rab\"},\"primaryImageOfPage\":{\"@id\":\"https:\\\/\\\/www.skalnik.pl\\\/blog\\\/jakie-spodnie-w-gory\\\/#mainImage\"},\"datePublished\":\"2020-09-27T23:27:00+02:00\",\"dateModified\":\"2020-10-16T08:28:36+02:00\"},{\"@type\":\"WebSite\",\"@id\":\"https:\\\/\\\/www.skalnik.pl\\\/blog\\\/#website\",\"url\":\"https:\\\/\\\/www.skalnik.pl\\\/blog\\\/\",\"name\":\"blog Skalnik\",\"description\":\"Blog, porady, artyku\\u0142y - blog Skalnik\",\"inLanguage\":\"pl-PL\",\"publisher\":{\"@id\":\"https:\\\/\\\/www.skalnik.pl\\\/blog\\\/#organization\"}}]}\n\t\t<\/script>\n\t\t<!-- All in One SEO -->\n\n","aioseo_head_json":{"title":"Jakie spodnie w g\u00f3ry? - blog Skalnik","description":"Spodnie w g\u00f3ry musz\u0105 by\u0107 wytrzyma\u0142e i zapewnia\u0107 swobod\u0119 ruch\u00f3w. Jakie jeszcze cechy powinny mie\u0107 spodnie do chodzenia po g\u00f3rach latem lub zim\u0105?","canonical_url":"https:\/\/www.skalnik.pl\/blog\/jakie-spodnie-w-gory\/","robots":"max-image-preview:large","keywords":"","webmasterTools":{"miscellaneous":""},"schema":{"@context":"https:\/\/schema.org","@graph":[{"@type":"BlogPosting","@id":"https:\/\/www.skalnik.pl\/blog\/jakie-spodnie-w-gory\/#blogposting","name":"Jakie spodnie w g\u00f3ry? - blog Skalnik","headline":"Jakie spodnie w g\u00f3ry?","author":{"@id":"https:\/\/www.skalnik.pl\/blog\/author\/redakcja-skalnik-pl\/#author"},"publisher":{"@id":"https:\/\/www.skalnik.pl\/blog\/#organization"},"image":{"@type":"ImageObject","url":"https:\/\/www.skalnik.pl\/blog\/wp-content\/uploads\/2020\/09\/Spodnie-trekkingowe-Rab.jpg","width":1920,"height":705,"caption":"Spodnie trekkingowe Rab"},"datePublished":"2020-09-27T23:27:00+02:00","dateModified":"2020-10-16T08:28:36+02:00","inLanguage":"pl-PL","mainEntityOfPage":{"@id":"https:\/\/www.skalnik.pl\/blog\/jakie-spodnie-w-gory\/#webpage"},"isPartOf":{"@id":"https:\/\/www.skalnik.pl\/blog\/jakie-spodnie-w-gory\/#webpage"},"articleSection":"Porady, lato, spodnie trekkingowe, turystyka, zima, 1095"},{"@type":"BreadcrumbList","@id":"https:\/\/www.skalnik.pl\/blog\/jakie-spodnie-w-gory\/#breadcrumblist","itemListElement":[{"@type":"ListItem","@id":"https:\/\/www.skalnik.pl\/blog#listItem","position":1,"name":"Home","item":"https:\/\/www.skalnik.pl\/blog","nextItem":{"@type":"ListItem","@id":"https:\/\/www.skalnik.pl\/blog\/.\/porady\/#listItem","name":"Porady"}},{"@type":"ListItem","@id":"https:\/\/www.skalnik.pl\/blog\/.\/porady\/#listItem","position":2,"name":"Porady","item":"https:\/\/www.skalnik.pl\/blog\/.\/porady\/","nextItem":{"@type":"ListItem","@id":"https:\/\/www.skalnik.pl\/blog\/jakie-spodnie-w-gory\/#listItem","name":"Jakie spodnie w g\u00f3ry?"},"previousItem":{"@type":"ListItem","@id":"https:\/\/www.skalnik.pl\/blog#listItem","name":"Home"}},{"@type":"ListItem","@id":"https:\/\/www.skalnik.pl\/blog\/jakie-spodnie-w-gory\/#listItem","position":3,"name":"Jakie spodnie w g\u00f3ry?","previousItem":{"@type":"ListItem","@id":"https:\/\/www.skalnik.pl\/blog\/.\/porady\/#listItem","name":"Porady"}}]},{"@type":"Organization","@id":"https:\/\/www.skalnik.pl\/blog\/#organization","name":"blog Skalnik","description":"Blog, porady, artyku\u0142y - blog Skalnik","url":"https:\/\/www.skalnik.pl\/blog\/"},{"@type":"Person","@id":"https:\/\/www.skalnik.pl\/blog\/author\/redakcja-skalnik-pl\/#author","url":"https:\/\/www.skalnik.pl\/blog\/author\/redakcja-skalnik-pl\/","name":"Redakcja skalnik.pl","image":{"@type":"ImageObject","@id":"https:\/\/www.skalnik.pl\/blog\/jakie-spodnie-w-gory\/#authorImage","url":"https:\/\/secure.gravatar.com\/avatar\/7eab29b048aaf0899cd9a145e9adb814e2130ced31e65b454b902500bea65f9e?s=96&d=mm&r=g","width":96,"height":96,"caption":"Redakcja skalnik.pl"}},{"@type":"WebPage","@id":"https:\/\/www.skalnik.pl\/blog\/jakie-spodnie-w-gory\/#webpage","url":"https:\/\/www.skalnik.pl\/blog\/jakie-spodnie-w-gory\/","name":"Jakie spodnie w g\u00f3ry? - blog Skalnik","description":"Spodnie w g\u00f3ry musz\u0105 by\u0107 wytrzyma\u0142e i zapewnia\u0107 swobod\u0119 ruch\u00f3w. Jakie jeszcze cechy powinny mie\u0107 spodnie do chodzenia po g\u00f3rach latem lub zim\u0105?","inLanguage":"pl-PL","isPartOf":{"@id":"https:\/\/www.skalnik.pl\/blog\/#website"},"breadcrumb":{"@id":"https:\/\/www.skalnik.pl\/blog\/jakie-spodnie-w-gory\/#breadcrumblist"},"author":{"@id":"https:\/\/www.skalnik.pl\/blog\/author\/redakcja-skalnik-pl\/#author"},"creator":{"@id":"https:\/\/www.skalnik.pl\/blog\/author\/redakcja-skalnik-pl\/#author"},"image":{"@type":"ImageObject","url":"https:\/\/www.skalnik.pl\/blog\/wp-content\/uploads\/2020\/09\/Spodnie-trekkingowe-Rab.jpg","@id":"https:\/\/www.skalnik.pl\/blog\/jakie-spodnie-w-gory\/#mainImage","width":1920,"height":705,"caption":"Spodnie trekkingowe Rab"},"primaryImageOfPage":{"@id":"https:\/\/www.skalnik.pl\/blog\/jakie-spodnie-w-gory\/#mainImage"},"datePublished":"2020-09-27T23:27:00+02:00","dateModified":"2020-10-16T08:28:36+02:00"},{"@type":"WebSite","@id":"https:\/\/www.skalnik.pl\/blog\/#website","url":"https:\/\/www.skalnik.pl\/blog\/","name":"blog Skalnik","description":"Blog, porady, artyku\u0142y - blog Skalnik","inLanguage":"pl-PL","publisher":{"@id":"https:\/\/www.skalnik.pl\/blog\/#organization"}}]},"og:locale":"pl_PL","og:site_name":"blog Skalnik - Blog, porady, artyku\u0142y - blog Skalnik","og:type":"article","og:title":"Jakie spodnie w g\u00f3ry? - blog Skalnik","og:description":"Spodnie w g\u00f3ry musz\u0105 by\u0107 wytrzyma\u0142e i zapewnia\u0107 swobod\u0119 ruch\u00f3w. Jakie jeszcze cechy powinny mie\u0107 spodnie do chodzenia po g\u00f3rach latem lub zim\u0105?","og:url":"https:\/\/www.skalnik.pl\/blog\/jakie-spodnie-w-gory\/","og:image":"https:\/\/skalnik.pl\/blog\/wp-content\/uploads\/2020\/09\/Spodnie-g\u00f3rskie-Fjallraven.jpg","og:image:secure_url":"https:\/\/skalnik.pl\/blog\/wp-content\/uploads\/2020\/09\/Spodnie-g\u00f3rskie-Fjallraven.jpg","article:tag":["porady","lato","spodnie trekkingowe","turystyka","zima"],"article:published_time":"2020-09-27T21:27:00+00:00","article:modified_time":"2020-10-16T06:28:36+00:00","twitter:card":"summary_large_image","twitter:title":"Jakie spodnie w g\u00f3ry? - blog Skalnik","twitter:description":"Spodnie w g\u00f3ry musz\u0105 by\u0107 wytrzyma\u0142e i zapewnia\u0107 swobod\u0119 ruch\u00f3w. Jakie jeszcze cechy powinny mie\u0107 spodnie do chodzenia po g\u00f3rach latem lub zim\u0105?","twitter:image":"https:\/\/skalnik.pl\/blog\/wp-content\/uploads\/2020\/09\/Spodnie-g\u00f3rskie-Fjallraven.jpg"},"aioseo_meta_data":{"post_id":"14013","title":null,"description":"Spodnie w g\u00f3ry musz\u0105 by\u0107 wytrzyma\u0142e i zapewnia\u0107 swobod\u0119 ruch\u00f3w. Jakie jeszcze cechy powinny mie\u0107 spodnie do chodzenia po g\u00f3rach latem lub zim\u0105?","keywords":[{"label":"spodnie w g\u00f3ry","value":"spodnie w g\u00f3ry"},{"label":"spodnie do chodzenia po g\u00f3rach","value":"spodnie do chodzenia po g\u00f3rach"},{"label":"spodnie trekkingowe","value":"spodnie trekkingowe"},{"label":"spodnie","value":"spodnie"},{"label":"spodnie zimowe","value":"spodnie zimowe"},{"label":"spodnie na lato","value":"spodnie na lato"}],"keyphrases":null,"primary_term":null,"canonical_url":"","og_title":null,"og_description":null,"og_object_type":"default","og_image_type":"default","og_image_url":null,"og_image_width":null,"og_image_height":null,"og_image_custom_url":null,"og_image_custom_fields":null,"og_video":null,"og_custom_url":null,"og_article_section":null,"og_article_tags":null,"twitter_use_og":false,"twitter_card":"default","twitter_image_type":"default","twitter_image_url":null,"twitter_image_custom_url":null,"twitter_image_custom_fields":null,"twitter_title":null,"twitter_description":null,"schema":{"blockGraphs":[],"customGraphs":[],"default":{"data":{"Article":[],"Course":[],"Dataset":[],"FAQPage":[],"Movie":[],"Person":[],"Product":[],"ProductReview":[],"Car":[],"Recipe":[],"Service":[],"SoftwareApplication":[],"WebPage":[]},"graphName":"BlogPosting","isEnabled":true},"graphs":[]},"schema_type":"default","schema_type_options":null,"pillar_content":false,"robots_default":true,"robots_noindex":false,"robots_noarchive":false,"robots_nosnippet":false,"robots_nofollow":false,"robots_noimageindex":false,"robots_noodp":false,"robots_notranslate":false,"robots_max_snippet":null,"robots_max_videopreview":null,"robots_max_imagepreview":"large","priority":null,"frequency":null,"local_seo":null,"breadcrumb_settings":null,"limit_modified_date":false,"ai":null,"created":"2022-08-26 09:52:34","updated":"2026-02-17 21:56:19","seo_analyzer_scan_date":null},"aioseo_breadcrumb":"<div class=\"aioseo-breadcrumbs\"><span class=\"aioseo-breadcrumb\">\n\t\t\t<a href=\"https:\/\/www.skalnik.pl\/blog\" title=\"Home\">Home<\/a>\n\t\t<\/span><span class=\"aioseo-breadcrumb-separator\">&raquo;<\/span><span class=\"aioseo-breadcrumb\">\n\t\t\t<a href=\"https:\/\/www.skalnik.pl\/blog\/.\/porady\/\" title=\"Porady\">Porady<\/a>\n\t\t<\/span><span class=\"aioseo-breadcrumb-separator\">&raquo;<\/span><span class=\"aioseo-breadcrumb\">\n\t\t\tJakie spodnie w g\u00f3ry?\n\t\t<\/span><\/div>","aioseo_breadcrumb_json":[{"label":"Home","link":"https:\/\/www.skalnik.pl\/blog"},{"label":"Porady","link":"https:\/\/www.skalnik.pl\/blog\/.\/porady\/"},{"label":"Jakie spodnie w g\u00f3ry?","link":"https:\/\/www.skalnik.pl\/blog\/jakie-spodnie-w-gory\/"}],"_links":{"self":[{"href":"https:\/\/www.skalnik.pl\/blog\/wp-json\/wp\/v2\/posts\/14013","targetHints":{"allow":["GET"]}}],"collection":[{"href":"https:\/\/www.skalnik.pl\/blog\/wp-json\/wp\/v2\/posts"}],"about":[{"href":"https:\/\/www.skalnik.pl\/blog\/wp-json\/wp\/v2\/types\/post"}],"author":[{"embeddable":true,"href":"https:\/\/www.skalnik.pl\/blog\/wp-json\/wp\/v2\/users\/7"}],"replies":[{"embeddable":true,"href":"https:\/\/www.skalnik.pl\/blog\/wp-json\/wp\/v2\/comments?post=14013"}],"version-history":[{"count":3,"href":"https:\/\/www.skalnik.pl\/blog\/wp-json\/wp\/v2\/posts\/14013\/revisions"}],"predecessor-version":[{"id":14028,"href":"https:\/\/www.skalnik.pl\/blog\/wp-json\/wp\/v2\/posts\/14013\/revisions\/14028"}],"wp:featuredmedia":[{"embeddable":true,"href":"https:\/\/www.skalnik.pl\/blog\/wp-json\/wp\/v2\/media\/14025"}],"wp:attachment":[{"href":"https:\/\/www.skalnik.pl\/blog\/wp-json\/wp\/v2\/media?parent=14013"}],"wp:term":[{"taxonomy":"category","embeddable":true,"href":"https:\/\/www.skalnik.pl\/blog\/wp-json\/wp\/v2\/categories?post=14013"},{"taxonomy":"post_tag","embeddable":true,"href":"https:\/\/www.skalnik.pl\/blog\/wp-json\/wp\/v2\/tags?post=14013"},{"taxonomy":"magento_category","embeddable":true,"href":"https:\/\/www.skalnik.pl\/blog\/wp-json\/wp\/v2\/magento_category?post=14013"},{"taxonomy":"magento_product","embeddable":true,"href":"https:\/\/www.skalnik.pl\/blog\/wp-json\/wp\/v2\/magento_product?post=14013"}],"curies":[{"name":"wp","href":"https:\/\/api.w.org\/{rel}","templated":true}]}}