{"id":14056,"date":"2020-10-02T07:53:00","date_gmt":"2020-10-02T05:53:00","guid":{"rendered":"https:\/\/skalnik.pl\/blog\/?p=14056"},"modified":"2020-09-26T12:56:51","modified_gmt":"2020-09-26T10:56:51","slug":"jak-wybrac-plecak-miejski","status":"publish","type":"post","link":"https:\/\/www.skalnik.pl\/blog\/jak-wybrac-plecak-miejski\/","title":{"rendered":"Jak wybra\u0107 plecak miejski"},"content":{"rendered":"\n<p><strong>Ka\u017cdy turysta wie, \u017ce z bol\u0105cymi plecami daleko si\u0119 nie zajdzie. Dlaczego wi\u0119c w mie\u015bcie zapominasz o swoim kr\u0119gos\u0142upie i upychasz to, co potrzebne na co dzie\u0144, do torby na rami\u0119? Postaw na wygodne plecaki miejskie i no\u015b wszystko komfortowo.<\/strong><\/p>\n\n\n\n<p>Portfel, klucze, telefon, laptop, dokumenty, bidon z wod\u0105, bluza na wypadek och\u0142odzenia, pude\u0142ko z lunchem \u2013 lista rzeczy zabieranych na codzienne przemierzanie miejskich szlak\u00f3w potrafi by\u0107 do\u015b\u0107 d\u0142uga. Plecak miejski m\u0119ski lub damski pozwoli ci to wszystko nosi\u0107 wygodnie. Na dodatek liczne kieszenie u\u0142atwi\u0105 uporz\u0105dkowanie rzeczy, aby ju\u017c nigdy nie szuka\u0107 w panice zagubionych kluczy. Jaki <a href=\"https:\/\/skalnik.pl\/sprzet-turystyczny\/plecaki\/plecaki-miejskie\" target=\"_blank\" rel=\"noreferrer noopener\">plecak miejski<\/a> wybra\u0107?<\/p>\n\n\n\n<div class=\"wp-block-image\"><figure class=\"aligncenter size-large\"><img loading=\"lazy\" decoding=\"async\" width=\"1024\" height=\"683\" src=\"https:\/\/skalnik.pl\/blog\/wp-content\/uploads\/2020\/09\/Plecak-miejskie-The-North-Face.jpg\" alt=\"Plecak miejski The North Face\" class=\"wp-image-14063\" srcset=\"https:\/\/www.skalnik.pl\/blog\/wp-content\/uploads\/2020\/09\/Plecak-miejskie-The-North-Face.jpg 1024w, https:\/\/www.skalnik.pl\/blog\/wp-content\/uploads\/2020\/09\/Plecak-miejskie-The-North-Face-300x200.jpg 300w, https:\/\/www.skalnik.pl\/blog\/wp-content\/uploads\/2020\/09\/Plecak-miejskie-The-North-Face-768x512.jpg 768w\" sizes=\"auto, (max-width: 1024px) 100vw, 1024px\" \/><figcaption><em>Miejski plecak to wygodne i zdrowe rozwi\u0105zanie na co dzie\u0144 (fot. The North Face)<\/em><\/figcaption><\/figure><\/div>\n\n\n\n<div id=\"ez-toc-container\" class=\"ez-toc-v2_0_85 counter-hierarchy ez-toc-counter ez-toc-light-blue ez-toc-container-direction\">\n<div class=\"ez-toc-title-container\">\n<p class=\"ez-toc-title\" style=\"cursor:inherit\">SPIS TRE\u015aCI <\/p>\n<span class=\"ez-toc-title-toggle\"><a href=\"#\" class=\"ez-toc-pull-right ez-toc-btn ez-toc-btn-xs ez-toc-btn-default ez-toc-toggle\" aria-label=\"Prze\u0142\u0105cznik Spisu Tre\u015bci\"><span class=\"ez-toc-js-icon-con\"><span class=\"\"><span class=\"eztoc-hide\" style=\"display:none;\">Toggle<\/span><span class=\"ez-toc-icon-toggle-span\"><svg style=\"fill: #999;color:#999\" xmlns=\"http:\/\/www.w3.org\/2000\/svg\" class=\"list-377408\" width=\"20px\" height=\"20px\" viewBox=\"0 0 24 24\" fill=\"none\"><path d=\"M6 6H4v2h2V6zm14 0H8v2h12V6zM4 11h2v2H4v-2zm16 0H8v2h12v-2zM4 16h2v2H4v-2zm16 0H8v2h12v-2z\" fill=\"currentColor\"><\/path><\/svg><svg style=\"fill: #999;color:#999\" class=\"arrow-unsorted-368013\" xmlns=\"http:\/\/www.w3.org\/2000\/svg\" width=\"10px\" height=\"10px\" viewBox=\"0 0 24 24\" version=\"1.2\" baseProfile=\"tiny\"><path d=\"M18.2 9.3l-6.2-6.3-6.2 6.3c-.2.2-.3.4-.3.7s.1.5.3.7c.2.2.4.3.7.3h11c.3 0 .5-.1.7-.3.2-.2.3-.5.3-.7s-.1-.5-.3-.7zM5.8 14.7l6.2 6.3 6.2-6.3c.2-.2.3-.5.3-.7s-.1-.5-.3-.7c-.2-.2-.4-.3-.7-.3h-11c-.3 0-.5.1-.7.3-.2.2-.3.5-.3.7s.1.5.3.7z\"\/><\/svg><\/span><\/span><\/span><\/a><\/span><\/div>\n<nav><ul class='ez-toc-list ez-toc-list-level-1 ' ><li class='ez-toc-page-1 ez-toc-heading-level-2'><a class=\"ez-toc-link ez-toc-heading-1\" href=\"https:\/\/www.skalnik.pl\/blog\/jak-wybrac-plecak-miejski\/#Plecak_miejski_%E2%80%93_wygodny_towarzysz_na_co_dzien\" >Plecak miejski \u2013 wygodny towarzysz na co dzie\u0144<\/a><ul class='ez-toc-list-level-3' ><li class='ez-toc-heading-level-3'><a class=\"ez-toc-link ez-toc-heading-2\" href=\"https:\/\/www.skalnik.pl\/blog\/jak-wybrac-plecak-miejski\/#Duzy_czy_maly_plecak_miejski\" >Du\u017cy czy ma\u0142y plecak miejski?<\/a><\/li><li class='ez-toc-page-1 ez-toc-heading-level-3'><a class=\"ez-toc-link ez-toc-heading-3\" href=\"https:\/\/www.skalnik.pl\/blog\/jak-wybrac-plecak-miejski\/#Kieszenie_kontratakuja\" >Kieszenie kontratakuj\u0105<\/a><\/li><li class='ez-toc-page-1 ez-toc-heading-level-3'><a class=\"ez-toc-link ez-toc-heading-4\" href=\"https:\/\/www.skalnik.pl\/blog\/jak-wybrac-plecak-miejski\/#Zapewnij_doplyw_powietrza\" >Zapewnij dop\u0142yw powietrza<\/a><\/li><li class='ez-toc-page-1 ez-toc-heading-level-3'><a class=\"ez-toc-link ez-toc-heading-5\" href=\"https:\/\/www.skalnik.pl\/blog\/jak-wybrac-plecak-miejski\/#Plecak_miejski_nie_tylko_na_miasto\" >Plecak miejski nie tylko na miasto<\/a><\/li><li class='ez-toc-page-1 ez-toc-heading-level-3'><a class=\"ez-toc-link ez-toc-heading-6\" href=\"https:\/\/www.skalnik.pl\/blog\/jak-wybrac-plecak-miejski\/#Wytrzymale_materialy\" >Wytrzyma\u0142e materia\u0142y<\/a><\/li><li class='ez-toc-page-1 ez-toc-heading-level-3'><a class=\"ez-toc-link ez-toc-heading-7\" href=\"https:\/\/www.skalnik.pl\/blog\/jak-wybrac-plecak-miejski\/#Swiec_przykladem\" >\u015awie\u0107 przyk\u0142adem<\/a><\/li><li class='ez-toc-page-1 ez-toc-heading-level-3'><a class=\"ez-toc-link ez-toc-heading-8\" href=\"https:\/\/www.skalnik.pl\/blog\/jak-wybrac-plecak-miejski\/#Plecak_miejski_%E2%80%93_wygodny_i_stylowy\" >Plecak miejski \u2013 wygodny i stylowy<\/a><\/li><\/ul><\/li><li class='ez-toc-page-1 ez-toc-heading-level-2'><a class=\"ez-toc-link ez-toc-heading-9\" href=\"https:\/\/www.skalnik.pl\/blog\/jak-wybrac-plecak-miejski\/#Plecaki_miejskie_damskie_i_dla_dzieci_%E2%80%93_czym_sie_wyrozniaja\" >Plecaki miejskie damskie i dla dzieci \u2013 czym si\u0119 wyr\u00f3\u017cniaj\u0105?<\/a><\/li><li class='ez-toc-page-1 ez-toc-heading-level-2'><a class=\"ez-toc-link ez-toc-heading-10\" href=\"https:\/\/www.skalnik.pl\/blog\/jak-wybrac-plecak-miejski\/#Plecaki_miejskie_meskie_i_damskie_%E2%80%93_jaki_model_wybrac\" >Plecaki miejskie m\u0119skie i damskie \u2013 jaki model wybra\u0107?<\/a><ul class='ez-toc-list-level-3' ><li class='ez-toc-heading-level-3'><a class=\"ez-toc-link ez-toc-heading-11\" href=\"https:\/\/www.skalnik.pl\/blog\/jak-wybrac-plecak-miejski\/#Plecak_The_North_Face_Borealis_%E2%80%93_do_miasta_i_w_gory\" >Plecak The North Face Borealis \u2013 do miasta i w g\u00f3ry<\/a><\/li><li class='ez-toc-page-1 ez-toc-heading-level-3'><a class=\"ez-toc-link ez-toc-heading-12\" href=\"https:\/\/www.skalnik.pl\/blog\/jak-wybrac-plecak-miejski\/#Plecak_Kanken_%E2%80%93_klasyka_od_Fjallraven\" >Plecak Kanken \u2013 klasyka od Fjallraven<\/a><\/li><li class='ez-toc-page-1 ez-toc-heading-level-3'><a class=\"ez-toc-link ez-toc-heading-13\" href=\"https:\/\/www.skalnik.pl\/blog\/jak-wybrac-plecak-miejski\/#Plecak_miejski_Deuter_Gigant_%E2%80%93_dla_tych_ktorzy_nie_lubia_sie_ograniczac\" >Plecak miejski Deuter Gigant \u2013 dla tych, kt\u00f3rzy nie lubi\u0105 si\u0119 ogranicza\u0107<\/a><\/li><\/ul><\/li><\/ul><\/nav><\/div>\n<h2 class=\"wp-block-heading\"><span class=\"ez-toc-section\" id=\"Plecak_miejski_%E2%80%93_wygodny_towarzysz_na_co_dzien\"><\/span>Plecak miejski \u2013 wygodny towarzysz na co dzie\u0144<span class=\"ez-toc-section-end\"><\/span><\/h2>\n\n\n\n<p>Plecak na miasto nie musi mie\u0107 oczywi\u015bcie tak dobrego systemu no\u015bnego jak sprz\u0119t u\u017cywany w trakcie d\u0142ugiego trekkingu. B\u0119dziesz w nim w ko\u0144cu nosi\u0107 o wiele mniejszy ci\u0119\u017car i to przez kr\u00f3tszy czas. Na co wi\u0119c zwr\u00f3ci\u0107 uwag\u0119, wybieraj\u0105c miejski plecak dla siebie?<\/p>\n\n\n\n<h3 class=\"wp-block-heading\"><span class=\"ez-toc-section\" id=\"Duzy_czy_maly_plecak_miejski\"><\/span>Du\u017cy czy ma\u0142y plecak miejski?<span class=\"ez-toc-section-end\"><\/span><\/h3>\n\n\n\n<p>Plecaki miejskie maj\u0105 zazwyczaj pojemno\u015b\u0107 od 20 do 26 l. W takim plecaku pomie\u015bcisz wszystko co wa\u017cne, a jednocze\u015bnie nie b\u0119dzie on przeszkadza\u0142 w zat\u0142oczonym tramwaju czy autobusie. Wybieraj\u0105c plecak miejski na laptopa zwr\u00f3\u0107 jednak uwag\u0119 nie tylko na sam\u0105 pojemno\u015b\u0107, lecz tak\u017ce na to, jakiej dok\u0142adnie wielko\u015bci sprz\u0119t si\u0119 w nim zmie\u015bci.<\/p>\n\n\n\n<h3 class=\"wp-block-heading\"><span class=\"ez-toc-section\" id=\"Kieszenie_kontratakuja\"><\/span>Kieszenie kontratakuj\u0105<span class=\"ez-toc-section-end\"><\/span><\/h3>\n\n\n\n<p>Najlepsze plecaki miejskie maj\u0105 wiele r\u00f3\u017cnorodnych kieszeni, dzi\u0119ki kt\u00f3rym ka\u017cda rzecz mo\u017ce znale\u017a\u0107 swoje miejsce. W tym przypadku producenci mog\u0105 nieco poszale\u0107 i nie przejmowa\u0107 si\u0119 tym, \u017ce ka\u017cdy zamek, trok czy kiesze\u0144 oznaczaj\u0105, \u017ce plecak miejski wa\u017cy nieco wi\u0119cej. To w ko\u0144cu nie plecak na trekking, gdzie liczy si\u0119 ka\u017cdy gram.<\/p>\n\n\n\n<p>Outdoorowe firmy prze\u015bcigaj\u0105 si\u0119 wi\u0119c w wymy\u015blaniu kolejnych rozwi\u0105za\u0144 pomagaj\u0105cych zorganizowa\u0107 rzeczy w plecaku. Bezpieczna, wy\u015bcie\u0142ana kiesze\u0144 na laptopa, kiesze\u0144 typu organizer, uchwyt na klucze, ma\u0142a wewn\u0105trzna kiesze\u0144 na najcenniejsze rzeczy, elastyczne kieszenie boczne na bidon z wod\u0105 \u2013 mo\u017cliwo\u015bci jest naprawd\u0119 sporo. Wybieraj\u0105c plecak miejski m\u0119ski czy damski zastan\u00f3w si\u0119, co b\u0119dziesz w nim nosi\u0107 i pod tym k\u0105tem podejmij decyzj\u0119.<\/p>\n\n\n\n<div class=\"wp-block-image\"><figure class=\"aligncenter size-large\"><img loading=\"lazy\" decoding=\"async\" width=\"1024\" height=\"936\" src=\"https:\/\/skalnik.pl\/blog\/wp-content\/uploads\/2020\/09\/Plecak-miejski-Kanken.jpg\" alt=\"Plecak miejski Kanken Fjallraven\" class=\"wp-image-14066\" srcset=\"https:\/\/www.skalnik.pl\/blog\/wp-content\/uploads\/2020\/09\/Plecak-miejski-Kanken.jpg 1024w, https:\/\/www.skalnik.pl\/blog\/wp-content\/uploads\/2020\/09\/Plecak-miejski-Kanken-300x274.jpg 300w, https:\/\/www.skalnik.pl\/blog\/wp-content\/uploads\/2020\/09\/Plecak-miejski-Kanken-768x702.jpg 768w\" sizes=\"auto, (max-width: 1024px) 100vw, 1024px\" \/><figcaption><em>Wybieraj\u0105c plecak miejski, zastan\u00f3w si\u0119, ile i na co kieszeni potrzebujesz (fot. Agnieszka Boeske, Unsplash)<\/em><\/figcaption><\/figure><\/div>\n\n\n\n<h3 class=\"wp-block-heading\"><span class=\"ez-toc-section\" id=\"Zapewnij_doplyw_powietrza\"><\/span>Zapewnij dop\u0142yw powietrza<span class=\"ez-toc-section-end\"><\/span><\/h3>\n\n\n\n<p>W mie\u015bcie bywa gor\u0105co, a maj\u0105c na sobie eleganck\u0105 koszul\u0119 raczej nie chcesz si\u0119 spoci\u0107. Dobry plecak miejski powinien wi\u0119c mie\u0107 odpowiedni system wentylacji. Przydadz\u0105 si\u0119 tak\u017ce wygodne pasy ramienne, aby plecak uk\u0142ada\u0142 si\u0119 komfortowo na barkach.<\/p>\n\n\n\n<h3 class=\"wp-block-heading\"><span class=\"ez-toc-section\" id=\"Plecak_miejski_nie_tylko_na_miasto\"><\/span>Plecak miejski nie tylko na miasto<span class=\"ez-toc-section-end\"><\/span><\/h3>\n\n\n\n<p>Malutki plecaczek miejski przyda si\u0119 raczej jedynie na codzienn\u0105 podr\u00f3\u017c z domu do pracy i z powrotem. Inne plecaki miejskie s\u0105 jednak bardziej wszechstronne i dobrze sprawdzaj\u0105 si\u0119 tak\u017ce w trakcie jednodniowych wypad\u00f3w w g\u00f3ry czy ska\u0142y. Je\u015bli potrzebny jest ci uniwersalny plecak miejski sportowy, wybierz model z demontowanym pasem biodrowym. W g\u00f3rach pozwoli on lepiej roz\u0142o\u017cy\u0107 ci\u0119\u017car, a jednocze\u015bnie nie b\u0119dzie przeszkadza\u0142 w miejskiej d\u017cungli.<\/p>\n\n\n\n<div class=\"wp-block-image\"><figure class=\"aligncenter size-large\"><img loading=\"lazy\" decoding=\"async\" width=\"1024\" height=\"683\" src=\"https:\/\/skalnik.pl\/blog\/wp-content\/uploads\/2020\/09\/Plecaki-miejskie-Fjallraven.jpg\" alt=\"Plecaki miejskie Fjallraven\" class=\"wp-image-14060\" srcset=\"https:\/\/www.skalnik.pl\/blog\/wp-content\/uploads\/2020\/09\/Plecaki-miejskie-Fjallraven.jpg 1024w, https:\/\/www.skalnik.pl\/blog\/wp-content\/uploads\/2020\/09\/Plecaki-miejskie-Fjallraven-300x200.jpg 300w, https:\/\/www.skalnik.pl\/blog\/wp-content\/uploads\/2020\/09\/Plecaki-miejskie-Fjallraven-768x512.jpg 768w\" sizes=\"auto, (max-width: 1024px) 100vw, 1024px\" \/><figcaption><em>Plecaki miejskie sprawdz\u0105 si\u0119 tak\u017ce na kr\u00f3tkim wypadzie w teren (fot. Fjallraven)<\/em><\/figcaption><\/figure><\/div>\n\n\n\n<h3 class=\"wp-block-heading\"><span class=\"ez-toc-section\" id=\"Wytrzymale_materialy\"><\/span>Wytrzyma\u0142e materia\u0142y<span class=\"ez-toc-section-end\"><\/span><\/h3>\n\n\n\n<p>Przepychanie si\u0119 w t\u0142umie, otarcia o betonowe mury, zat\u0142oczone tramwaje \u2013 plecaki miejskie tak\u017ce musz\u0105 stawi\u0107 czo\u0142a licznym wyzwaniom. Zastanawiaj\u0105c si\u0119 wi\u0119c, jaki plecak miejski wybra\u0107, zwr\u00f3\u0107 uwag\u0119 na wytrzyma\u0142o\u015b\u0107 materia\u0142u, z kt\u00f3rego jest wykonany dany model.<\/p>\n\n\n\n<h3 class=\"wp-block-heading\"><span class=\"ez-toc-section\" id=\"Swiec_przykladem\"><\/span>\u015awie\u0107 przyk\u0142adem<span class=\"ez-toc-section-end\"><\/span><\/h3>\n\n\n\n<p>Plecaki miejskie mog\u0105 pom\u00f3c ci w zadbaniu o w\u0142asne bezpiecze\u0144stwo. Wiele modeli posiada elementy odblaskowe, a niekt\u00f3re maj\u0105 nawet specjalne zaczepy umo\u017cliwiaj\u0105ce przymocowanie \u015bwiate\u0142ka.<\/p>\n\n\n\n<h3 class=\"wp-block-heading\"><span class=\"ez-toc-section\" id=\"Plecak_miejski_%E2%80%93_wygodny_i_stylowy\"><\/span>Plecak miejski \u2013 wygodny i stylowy<span class=\"ez-toc-section-end\"><\/span><\/h3>\n\n\n\n<p>Dobry plecak miejski damski czy m\u0119ski powinien te\u017c oczywi\u015bcie stylowo wygl\u0105da\u0107. B\u0119dziesz go przecie\u017c zabiera\u0107 w r\u00f3\u017cne miejsca, wi\u0119c zdecyduj si\u0119 na taki model, kt\u00f3ry ci si\u0119 faktycznie podoba.<\/p>\n\n\n\n<div class=\"wp-block-image\"><figure class=\"aligncenter size-large\"><img loading=\"lazy\" decoding=\"async\" width=\"1024\" height=\"517\" src=\"https:\/\/skalnik.pl\/blog\/wp-content\/uploads\/2020\/09\/Plecaki-Kanken.jpg\" alt=\"Plecaki Kanken\" class=\"wp-image-14064\" srcset=\"https:\/\/www.skalnik.pl\/blog\/wp-content\/uploads\/2020\/09\/Plecaki-Kanken.jpg 1024w, https:\/\/www.skalnik.pl\/blog\/wp-content\/uploads\/2020\/09\/Plecaki-Kanken-300x151.jpg 300w, https:\/\/www.skalnik.pl\/blog\/wp-content\/uploads\/2020\/09\/Plecaki-Kanken-768x388.jpg 768w\" sizes=\"auto, (max-width: 1024px) 100vw, 1024px\" \/><figcaption><em>Plecaki miejskie powinny by\u0107 nie tylko funkcjonalne, lecz r\u00f3wnie\u017c dobrze wygl\u0105da\u0107 (fot. Fjallraven)<\/em><\/figcaption><\/figure><\/div>\n\n\n\n<h2 class=\"wp-block-heading\"><span class=\"ez-toc-section\" id=\"Plecaki_miejskie_damskie_i_dla_dzieci_%E2%80%93_czym_sie_wyrozniaja\"><\/span>Plecaki miejskie damskie i dla dzieci \u2013 czym si\u0119 wyr\u00f3\u017cniaj\u0105?<span class=\"ez-toc-section-end\"><\/span><\/h2>\n\n\n\n<p>Na rynku s\u0105 dost\u0119pne zar\u00f3wno plecaki miejskie damskie, jak i m\u0119skie. Te pierwsze wyr\u00f3\u017cniaj\u0105 si\u0119 nie tylko wi\u0119ksz\u0105 gam\u0105 kolorystyczn\u0105 (plecak m\u0119ski miejski jest zazwyczaj czarny lub szary, natomiast w kobiecych modelach producenci cz\u0119sto puszczaj\u0105 wodze fantazji), lecz przede wszystkim wyprofilowaniem pod kobiec\u0105 sylwetk\u0119. Dzi\u0119ki temu plecak damski miejski jest wygodn\u0105 i zdrow\u0105 alternatyw\u0105 dla kobiecych torebek, kt\u00f3re przechylaj\u0105 sylwetk\u0119 na jedn\u0105 stron\u0119.<\/p>\n\n\n\n<p>Dobry plecak miejski damski to mi\u0119dzy innymi Black Hole Women firmy Patagonia. W por\u00f3wnaniu do m\u0119skiego wariantu ma on mi\u0119dzy innymi inaczej ukszta\u0142towane pasy naramienne, kt\u00f3re s\u0105 dopasowane do kobiecej budowy.<\/p>\n\n\n\n<iframe loading=\"lazy\" src=\"https:\/\/www.youtube.com\/embed\/bz09Es_oDgk\" allow=\"accelerometer; autoplay; clipboard-write; encrypted-media; gyroscope; picture-in-picture\" allowfullscreen=\"\" width=\"800\" height=\"442\" frameborder=\"0\"><\/iframe>\n\n\n\n<p>W szerokiej ofercie producent\u00f3w znajdziesz tak\u017ce <a href=\"https:\/\/skalnik.pl\/sprzet-turystyczny\/plecaki\" target=\"_blank\" rel=\"noreferrer noopener\">plecaki<\/a> dedykowane najm\u0142odszym. Taki ma\u0142y plecak miejski nadaje si\u0119 \u015bwietnie do noszenia zar\u00f3wno na co dzie\u0144, jak i w trakcie kr\u00f3tkiej wycieczki. Plecaki dla najm\u0142odszych posiadaj\u0105 zazwyczaj du\u017ce odblaskowe nadruki, aby dziecko by\u0142o dobrze widoczne tak\u017ce po zmroku.<\/p>\n\n\n\n<p>Zaprojektowany przez Deuter plecak miejski dla dzieci Schmusebar ma tak\u017ce klamry przystosowane kszta\u0142tem i rozmiarem do ma\u0142ych r\u0105czek. Pod klap\u0105 tego plecaka znajdziesz natomiast tabliczk\u0119, na kt\u00f3rej mo\u017cna zapisa\u0107 dane dziecka.<\/p>\n\n\n\n<h2 class=\"wp-block-heading\"><span class=\"ez-toc-section\" id=\"Plecaki_miejskie_meskie_i_damskie_%E2%80%93_jaki_model_wybrac\"><\/span>Plecaki miejskie m\u0119skie i damskie \u2013 jaki model wybra\u0107?<span class=\"ez-toc-section-end\"><\/span><\/h2>\n\n\n\n<p>Obecnie miejski plecak posiada w swojej ofercie praktycznie ka\u017cda wi\u0119ksza marka outdoorowa. Wyb\u00f3r jest wi\u0119c naprawd\u0119 spory. Na jaki plecak miejski si\u0119 zdecydowa\u0107? Poni\u017cej przedstawiam kilka klasycznych modeli, kt\u00f3re nieprzypadkowo zdoby\u0142y ju\u017c serca wielu os\u00f3b.<\/p>\n\n\n\n<h3 class=\"wp-block-heading\"><span class=\"ez-toc-section\" id=\"Plecak_The_North_Face_Borealis_%E2%80%93_do_miasta_i_w_gory\"><\/span>Plecak The North Face Borealis \u2013 do miasta i w g\u00f3ry<span class=\"ez-toc-section-end\"><\/span><\/h3>\n\n\n\n<p>Plecak miejski na laptopa? Na jednodniowy wypad w g\u00f3ry? Na ca\u0142odzienn\u0105 bieganin\u0119 po mie\u015bcie? Plecak miejski sportowy The North Face Borealis nie przestraszy si\u0119 \u017cadnego wyzwania.<\/p>\n\n\n\n<div class=\"wp-block-image\"><figure class=\"aligncenter size-large\"><img loading=\"lazy\" decoding=\"async\" width=\"1024\" height=\"683\" src=\"https:\/\/skalnik.pl\/blog\/wp-content\/uploads\/2020\/09\/Plecak-The-North-Face-Borealis.jpg\" alt=\"Plecak The North Face Borealis\" class=\"wp-image-14062\" srcset=\"https:\/\/www.skalnik.pl\/blog\/wp-content\/uploads\/2020\/09\/Plecak-The-North-Face-Borealis.jpg 1024w, https:\/\/www.skalnik.pl\/blog\/wp-content\/uploads\/2020\/09\/Plecak-The-North-Face-Borealis-300x200.jpg 300w, https:\/\/www.skalnik.pl\/blog\/wp-content\/uploads\/2020\/09\/Plecak-The-North-Face-Borealis-768x512.jpg 768w\" sizes=\"auto, (max-width: 1024px) 100vw, 1024px\" \/><figcaption><em>Plecak TNF Borealis \u0142\u0105czy cechy plecaka miejskiego i g\u00f3rskiego (fot. The North Face)<\/em><\/figcaption><\/figure><\/div>\n\n\n\n<p>Ten pakowny plecak o pojemno\u015bci 29 l ma komfortowy system no\u015bny oraz wg\u0142\u0119bienie Spine Channel w tylnym panelu, kt\u00f3re zapewnia lepsz\u0105 cyrkulacj\u0119 powietrza. Jednocze\u015bnie jego stylowy wygl\u0105d sprawia, \u017ce \u015bwietnie odnajdzie si\u0119 w miejskiej d\u017cungli.<\/p>\n\n\n\n<h3 class=\"wp-block-heading\"><span class=\"ez-toc-section\" id=\"Plecak_Kanken_%E2%80%93_klasyka_od_Fjallraven\"><\/span>Plecak Kanken \u2013 klasyka od Fjallraven<span class=\"ez-toc-section-end\"><\/span><\/h3>\n\n\n\n<p>Kiedy Ake Nordin projektowa\u0142 w latach 70. plecak przeznaczony dla dzieci ze szwedzkich szk\u00f3\u0142, nie spodziewa\u0142 si\u0119 pewnie, \u017ce za kilkadziesi\u0105t lat jego model b\u0119dzie noszony przez ludzi w miastach na ca\u0142ym \u015bwiecie.<\/p>\n\n\n\n<p><a href=\"https:\/\/skalnik.pl\/specjalne\/plecak-kanken\" target=\"_blank\" rel=\"noreferrer noopener\">Plecak Kanken<\/a> od Fjallraven wyr\u00f3\u017cniaj\u0105 ponadczasowy wz\u00f3r oraz wykonanie z wodoodpornego materia\u0142u Vinylon F. Ten ma\u0142y plecak miejski z lisem w logo b\u0119dzie dobrym towarzyszem na ka\u017cdy dzie\u0144 w mie\u015bcie.<\/p>\n\n\n\n<iframe loading=\"lazy\" src=\"https:\/\/www.youtube.com\/embed\/5c7UzYnVw4A\" allow=\"accelerometer; autoplay; clipboard-write; encrypted-media; gyroscope; picture-in-picture\" allowfullscreen=\"\" width=\"800\" height=\"442\" frameborder=\"0\"><\/iframe>\n\n\n\n<p>Je\u015bli natomiast jest ci potrzebny plecak miejski na laptopa, zwr\u00f3\u0107 uwag\u0119 na model Kanken Laptop. Bez problemu pomie\u015bci on 15-calowy komputer.<\/p>\n\n\n\n<h3 class=\"wp-block-heading\"><span class=\"ez-toc-section\" id=\"Plecak_miejski_Deuter_Gigant_%E2%80%93_dla_tych_ktorzy_nie_lubia_sie_ograniczac\"><\/span>Plecak miejski Deuter Gigant \u2013 dla tych, kt\u00f3rzy nie lubi\u0105 si\u0119 ogranicza\u0107<span class=\"ez-toc-section-end\"><\/span><\/h3>\n\n\n\n<p>Model Gigant to z pewno\u015bci\u0105 nie ma\u0142y plecaczek miejski. Ten zaprojektowany przez Deuter plecak miejski ma pojemno\u015b\u0107 a\u017c 32 l. Mo\u017cesz w nim bezpiecznie transportowa\u0107 laptop o przek\u0105tnej 17 cali.<\/p>\n\n\n\n<p>Jak na plecak od Deutera przysta\u0142o Gigant wyr\u00f3\u017cnia si\u0119 komfortowym systemem no\u015bnym Airstripes. Regulowany pas piersiowy oraz pas biodrowy (kt\u00f3ry mo\u017cesz zdemontowa\u0107) pozwol\u0105 ci wygodnie nosi\u0107 nawet spore ci\u0119\u017cary.<\/p>\n\n\n\n<p>\u00a0<\/p>\n\n\n\n<p>Plecak miejski m\u0119ski i damski to \u015bwietny towarzysz na codzienne trasy po mie\u015bcie oraz kr\u00f3tkie wypady w teren. Zr\u00f3b prezent swojemu kr\u0119gos\u0142upowi i ju\u017c teraz poszukaj wygodnego modelu dla siebie.<\/p>\n\n\n\n<p class=\"has-text-align-right\"><em>Katarzyna Butkiewicz<\/em><\/p>\n","protected":false},"excerpt":{"rendered":"<p>Zr\u00f3b co\u015b dobrego dla swojego kr\u0119gos\u0142upa i postaw na wygodny plecak miejski. Jak wybra\u0107 plecak do miasta?<\/p>\n","protected":false},"author":7,"featured_media":14068,"comment_status":"open","ping_status":"open","sticky":false,"template":"","format":"standard","meta":{"_acf_changed":false,"footnotes":""},"categories":[5],"tags":[250,139,23,153],"magento_category":[269],"magento_product":[],"class_list":["post-14056","post","type-post","status-publish","format-standard","has-post-thumbnail","hentry","category-branza","tag-deuter","tag-fjallraven","tag-plecaki","tag-the-north-face"],"acf":[],"aioseo_notices":[],"aioseo_head":"\n\t\t<!-- All in One SEO 4.9.10 - aioseo.com -->\n\t<meta name=\"description\" content=\"Plecaki miejskie pomieszcz\u0105 wszystko, co potrzebne na co dzie\u0144, a ich liczne kieszenie pozwol\u0105 uporz\u0105dkowa\u0107 rzeczy. Jak wybra\u0107 dobry plecak miejski?\" \/>\n\t<meta name=\"robots\" content=\"max-image-preview:large\" \/>\n\t<meta name=\"author\" content=\"Redakcja skalnik.pl\"\/>\n\t<link rel=\"canonical\" href=\"https:\/\/www.skalnik.pl\/blog\/jak-wybrac-plecak-miejski\/\" \/>\n\t<meta name=\"generator\" content=\"All in One SEO (AIOSEO) 4.9.10\" \/>\n\t\t<meta property=\"og:locale\" content=\"pl_PL\" \/>\n\t\t<meta property=\"og:site_name\" content=\"blog Skalnik - Blog, porady, artyku\u0142y - blog Skalnik\" \/>\n\t\t<meta property=\"og:type\" content=\"article\" \/>\n\t\t<meta property=\"og:title\" content=\"Jak wybra\u0107 plecak miejski - blog Skalnik\" \/>\n\t\t<meta property=\"og:description\" content=\"Plecaki miejskie pomieszcz\u0105 wszystko, co potrzebne na co dzie\u0144, a ich liczne kieszenie pozwol\u0105 uporz\u0105dkowa\u0107 rzeczy. Jak wybra\u0107 dobry plecak miejski?\" \/>\n\t\t<meta property=\"og:url\" content=\"https:\/\/www.skalnik.pl\/blog\/jak-wybrac-plecak-miejski\/\" \/>\n\t\t<meta property=\"og:image\" content=\"https:\/\/skalnik.pl\/blog\/wp-content\/uploads\/2020\/09\/Plecak-miejskie-The-North-Face.jpg\" \/>\n\t\t<meta property=\"og:image:secure_url\" content=\"https:\/\/skalnik.pl\/blog\/wp-content\/uploads\/2020\/09\/Plecak-miejskie-The-North-Face.jpg\" \/>\n\t\t<meta property=\"article:tag\" content=\"bran\u017ca\" \/>\n\t\t<meta property=\"article:tag\" content=\"deuter\" \/>\n\t\t<meta property=\"article:tag\" content=\"fjallraven\" \/>\n\t\t<meta property=\"article:tag\" content=\"plecaki\" \/>\n\t\t<meta property=\"article:tag\" content=\"the north face\" \/>\n\t\t<meta property=\"article:published_time\" content=\"2020-10-02T05:53:00+00:00\" \/>\n\t\t<meta property=\"article:modified_time\" content=\"2020-09-26T10:56:51+00:00\" \/>\n\t\t<meta name=\"twitter:card\" content=\"summary_large_image\" \/>\n\t\t<meta name=\"twitter:title\" content=\"Jak wybra\u0107 plecak miejski - blog Skalnik\" \/>\n\t\t<meta name=\"twitter:description\" content=\"Plecaki miejskie pomieszcz\u0105 wszystko, co potrzebne na co dzie\u0144, a ich liczne kieszenie pozwol\u0105 uporz\u0105dkowa\u0107 rzeczy. Jak wybra\u0107 dobry plecak miejski?\" \/>\n\t\t<meta name=\"twitter:image\" content=\"https:\/\/skalnik.pl\/blog\/wp-content\/uploads\/2020\/09\/Plecak-miejskie-The-North-Face.jpg\" \/>\n\t\t<script type=\"application\/ld+json\" class=\"aioseo-schema\">\n\t\t\t{\"@context\":\"https:\\\/\\\/schema.org\",\"@graph\":[{\"@type\":\"BlogPosting\",\"@id\":\"https:\\\/\\\/www.skalnik.pl\\\/blog\\\/jak-wybrac-plecak-miejski\\\/#blogposting\",\"name\":\"Jak wybra\\u0107 plecak miejski - blog Skalnik\",\"headline\":\"Jak wybra\\u0107 plecak miejski\",\"author\":{\"@id\":\"https:\\\/\\\/www.skalnik.pl\\\/blog\\\/author\\\/redakcja-skalnik-pl\\\/#author\"},\"publisher\":{\"@id\":\"https:\\\/\\\/www.skalnik.pl\\\/blog\\\/#organization\"},\"image\":{\"@type\":\"ImageObject\",\"url\":\"https:\\\/\\\/www.skalnik.pl\\\/blog\\\/wp-content\\\/uploads\\\/2020\\\/09\\\/Plecak-w-mie\\u015bcie.jpg\",\"width\":1920,\"height\":705,\"caption\":\"Plecak miejski\"},\"datePublished\":\"2020-10-02T07:53:00+02:00\",\"dateModified\":\"2020-09-26T12:56:51+02:00\",\"inLanguage\":\"pl-PL\",\"mainEntityOfPage\":{\"@id\":\"https:\\\/\\\/www.skalnik.pl\\\/blog\\\/jak-wybrac-plecak-miejski\\\/#webpage\"},\"isPartOf\":{\"@id\":\"https:\\\/\\\/www.skalnik.pl\\\/blog\\\/jak-wybrac-plecak-miejski\\\/#webpage\"},\"articleSection\":\"Bran\\u017ca, deuter, fjallraven, plecaki, the north face, 1203\"},{\"@type\":\"BreadcrumbList\",\"@id\":\"https:\\\/\\\/www.skalnik.pl\\\/blog\\\/jak-wybrac-plecak-miejski\\\/#breadcrumblist\",\"itemListElement\":[{\"@type\":\"ListItem\",\"@id\":\"https:\\\/\\\/www.skalnik.pl\\\/blog#listItem\",\"position\":1,\"name\":\"Home\",\"item\":\"https:\\\/\\\/www.skalnik.pl\\\/blog\",\"nextItem\":{\"@type\":\"ListItem\",\"@id\":\"https:\\\/\\\/www.skalnik.pl\\\/blog\\\/.\\\/branza\\\/#listItem\",\"name\":\"Bran\\u017ca\"}},{\"@type\":\"ListItem\",\"@id\":\"https:\\\/\\\/www.skalnik.pl\\\/blog\\\/.\\\/branza\\\/#listItem\",\"position\":2,\"name\":\"Bran\\u017ca\",\"item\":\"https:\\\/\\\/www.skalnik.pl\\\/blog\\\/.\\\/branza\\\/\",\"nextItem\":{\"@type\":\"ListItem\",\"@id\":\"https:\\\/\\\/www.skalnik.pl\\\/blog\\\/jak-wybrac-plecak-miejski\\\/#listItem\",\"name\":\"Jak wybra\\u0107 plecak miejski\"},\"previousItem\":{\"@type\":\"ListItem\",\"@id\":\"https:\\\/\\\/www.skalnik.pl\\\/blog#listItem\",\"name\":\"Home\"}},{\"@type\":\"ListItem\",\"@id\":\"https:\\\/\\\/www.skalnik.pl\\\/blog\\\/jak-wybrac-plecak-miejski\\\/#listItem\",\"position\":3,\"name\":\"Jak wybra\\u0107 plecak miejski\",\"previousItem\":{\"@type\":\"ListItem\",\"@id\":\"https:\\\/\\\/www.skalnik.pl\\\/blog\\\/.\\\/branza\\\/#listItem\",\"name\":\"Bran\\u017ca\"}}]},{\"@type\":\"Organization\",\"@id\":\"https:\\\/\\\/www.skalnik.pl\\\/blog\\\/#organization\",\"name\":\"blog Skalnik\",\"description\":\"Blog, porady, artyku\\u0142y - blog Skalnik\",\"url\":\"https:\\\/\\\/www.skalnik.pl\\\/blog\\\/\"},{\"@type\":\"Person\",\"@id\":\"https:\\\/\\\/www.skalnik.pl\\\/blog\\\/author\\\/redakcja-skalnik-pl\\\/#author\",\"url\":\"https:\\\/\\\/www.skalnik.pl\\\/blog\\\/author\\\/redakcja-skalnik-pl\\\/\",\"name\":\"Redakcja skalnik.pl\",\"image\":{\"@type\":\"ImageObject\",\"@id\":\"https:\\\/\\\/www.skalnik.pl\\\/blog\\\/jak-wybrac-plecak-miejski\\\/#authorImage\",\"url\":\"https:\\\/\\\/secure.gravatar.com\\\/avatar\\\/7eab29b048aaf0899cd9a145e9adb814e2130ced31e65b454b902500bea65f9e?s=96&d=mm&r=g\",\"width\":96,\"height\":96,\"caption\":\"Redakcja skalnik.pl\"}},{\"@type\":\"WebPage\",\"@id\":\"https:\\\/\\\/www.skalnik.pl\\\/blog\\\/jak-wybrac-plecak-miejski\\\/#webpage\",\"url\":\"https:\\\/\\\/www.skalnik.pl\\\/blog\\\/jak-wybrac-plecak-miejski\\\/\",\"name\":\"Jak wybra\\u0107 plecak miejski - blog Skalnik\",\"description\":\"Plecaki miejskie pomieszcz\\u0105 wszystko, co potrzebne na co dzie\\u0144, a ich liczne kieszenie pozwol\\u0105 uporz\\u0105dkowa\\u0107 rzeczy. Jak wybra\\u0107 dobry plecak miejski?\",\"inLanguage\":\"pl-PL\",\"isPartOf\":{\"@id\":\"https:\\\/\\\/www.skalnik.pl\\\/blog\\\/#website\"},\"breadcrumb\":{\"@id\":\"https:\\\/\\\/www.skalnik.pl\\\/blog\\\/jak-wybrac-plecak-miejski\\\/#breadcrumblist\"},\"author\":{\"@id\":\"https:\\\/\\\/www.skalnik.pl\\\/blog\\\/author\\\/redakcja-skalnik-pl\\\/#author\"},\"creator\":{\"@id\":\"https:\\\/\\\/www.skalnik.pl\\\/blog\\\/author\\\/redakcja-skalnik-pl\\\/#author\"},\"image\":{\"@type\":\"ImageObject\",\"url\":\"https:\\\/\\\/www.skalnik.pl\\\/blog\\\/wp-content\\\/uploads\\\/2020\\\/09\\\/Plecak-w-mie\\u015bcie.jpg\",\"@id\":\"https:\\\/\\\/www.skalnik.pl\\\/blog\\\/jak-wybrac-plecak-miejski\\\/#mainImage\",\"width\":1920,\"height\":705,\"caption\":\"Plecak miejski\"},\"primaryImageOfPage\":{\"@id\":\"https:\\\/\\\/www.skalnik.pl\\\/blog\\\/jak-wybrac-plecak-miejski\\\/#mainImage\"},\"datePublished\":\"2020-10-02T07:53:00+02:00\",\"dateModified\":\"2020-09-26T12:56:51+02:00\"},{\"@type\":\"WebSite\",\"@id\":\"https:\\\/\\\/www.skalnik.pl\\\/blog\\\/#website\",\"url\":\"https:\\\/\\\/www.skalnik.pl\\\/blog\\\/\",\"name\":\"blog Skalnik\",\"description\":\"Blog, porady, artyku\\u0142y - blog Skalnik\",\"inLanguage\":\"pl-PL\",\"publisher\":{\"@id\":\"https:\\\/\\\/www.skalnik.pl\\\/blog\\\/#organization\"}}]}\n\t\t<\/script>\n\t\t<!-- All in One SEO -->\n\n","aioseo_head_json":{"title":"Jak wybra\u0107 plecak miejski - blog Skalnik","description":"Plecaki miejskie pomieszcz\u0105 wszystko, co potrzebne na co dzie\u0144, a ich liczne kieszenie pozwol\u0105 uporz\u0105dkowa\u0107 rzeczy. Jak wybra\u0107 dobry plecak miejski?","canonical_url":"https:\/\/www.skalnik.pl\/blog\/jak-wybrac-plecak-miejski\/","robots":"max-image-preview:large","keywords":"","webmasterTools":{"miscellaneous":""},"schema":{"@context":"https:\/\/schema.org","@graph":[{"@type":"BlogPosting","@id":"https:\/\/www.skalnik.pl\/blog\/jak-wybrac-plecak-miejski\/#blogposting","name":"Jak wybra\u0107 plecak miejski - blog Skalnik","headline":"Jak wybra\u0107 plecak miejski","author":{"@id":"https:\/\/www.skalnik.pl\/blog\/author\/redakcja-skalnik-pl\/#author"},"publisher":{"@id":"https:\/\/www.skalnik.pl\/blog\/#organization"},"image":{"@type":"ImageObject","url":"https:\/\/www.skalnik.pl\/blog\/wp-content\/uploads\/2020\/09\/Plecak-w-mie\u015bcie.jpg","width":1920,"height":705,"caption":"Plecak miejski"},"datePublished":"2020-10-02T07:53:00+02:00","dateModified":"2020-09-26T12:56:51+02:00","inLanguage":"pl-PL","mainEntityOfPage":{"@id":"https:\/\/www.skalnik.pl\/blog\/jak-wybrac-plecak-miejski\/#webpage"},"isPartOf":{"@id":"https:\/\/www.skalnik.pl\/blog\/jak-wybrac-plecak-miejski\/#webpage"},"articleSection":"Bran\u017ca, deuter, fjallraven, plecaki, the north face, 1203"},{"@type":"BreadcrumbList","@id":"https:\/\/www.skalnik.pl\/blog\/jak-wybrac-plecak-miejski\/#breadcrumblist","itemListElement":[{"@type":"ListItem","@id":"https:\/\/www.skalnik.pl\/blog#listItem","position":1,"name":"Home","item":"https:\/\/www.skalnik.pl\/blog","nextItem":{"@type":"ListItem","@id":"https:\/\/www.skalnik.pl\/blog\/.\/branza\/#listItem","name":"Bran\u017ca"}},{"@type":"ListItem","@id":"https:\/\/www.skalnik.pl\/blog\/.\/branza\/#listItem","position":2,"name":"Bran\u017ca","item":"https:\/\/www.skalnik.pl\/blog\/.\/branza\/","nextItem":{"@type":"ListItem","@id":"https:\/\/www.skalnik.pl\/blog\/jak-wybrac-plecak-miejski\/#listItem","name":"Jak wybra\u0107 plecak miejski"},"previousItem":{"@type":"ListItem","@id":"https:\/\/www.skalnik.pl\/blog#listItem","name":"Home"}},{"@type":"ListItem","@id":"https:\/\/www.skalnik.pl\/blog\/jak-wybrac-plecak-miejski\/#listItem","position":3,"name":"Jak wybra\u0107 plecak miejski","previousItem":{"@type":"ListItem","@id":"https:\/\/www.skalnik.pl\/blog\/.\/branza\/#listItem","name":"Bran\u017ca"}}]},{"@type":"Organization","@id":"https:\/\/www.skalnik.pl\/blog\/#organization","name":"blog Skalnik","description":"Blog, porady, artyku\u0142y - blog Skalnik","url":"https:\/\/www.skalnik.pl\/blog\/"},{"@type":"Person","@id":"https:\/\/www.skalnik.pl\/blog\/author\/redakcja-skalnik-pl\/#author","url":"https:\/\/www.skalnik.pl\/blog\/author\/redakcja-skalnik-pl\/","name":"Redakcja skalnik.pl","image":{"@type":"ImageObject","@id":"https:\/\/www.skalnik.pl\/blog\/jak-wybrac-plecak-miejski\/#authorImage","url":"https:\/\/secure.gravatar.com\/avatar\/7eab29b048aaf0899cd9a145e9adb814e2130ced31e65b454b902500bea65f9e?s=96&d=mm&r=g","width":96,"height":96,"caption":"Redakcja skalnik.pl"}},{"@type":"WebPage","@id":"https:\/\/www.skalnik.pl\/blog\/jak-wybrac-plecak-miejski\/#webpage","url":"https:\/\/www.skalnik.pl\/blog\/jak-wybrac-plecak-miejski\/","name":"Jak wybra\u0107 plecak miejski - blog Skalnik","description":"Plecaki miejskie pomieszcz\u0105 wszystko, co potrzebne na co dzie\u0144, a ich liczne kieszenie pozwol\u0105 uporz\u0105dkowa\u0107 rzeczy. Jak wybra\u0107 dobry plecak miejski?","inLanguage":"pl-PL","isPartOf":{"@id":"https:\/\/www.skalnik.pl\/blog\/#website"},"breadcrumb":{"@id":"https:\/\/www.skalnik.pl\/blog\/jak-wybrac-plecak-miejski\/#breadcrumblist"},"author":{"@id":"https:\/\/www.skalnik.pl\/blog\/author\/redakcja-skalnik-pl\/#author"},"creator":{"@id":"https:\/\/www.skalnik.pl\/blog\/author\/redakcja-skalnik-pl\/#author"},"image":{"@type":"ImageObject","url":"https:\/\/www.skalnik.pl\/blog\/wp-content\/uploads\/2020\/09\/Plecak-w-mie\u015bcie.jpg","@id":"https:\/\/www.skalnik.pl\/blog\/jak-wybrac-plecak-miejski\/#mainImage","width":1920,"height":705,"caption":"Plecak miejski"},"primaryImageOfPage":{"@id":"https:\/\/www.skalnik.pl\/blog\/jak-wybrac-plecak-miejski\/#mainImage"},"datePublished":"2020-10-02T07:53:00+02:00","dateModified":"2020-09-26T12:56:51+02:00"},{"@type":"WebSite","@id":"https:\/\/www.skalnik.pl\/blog\/#website","url":"https:\/\/www.skalnik.pl\/blog\/","name":"blog Skalnik","description":"Blog, porady, artyku\u0142y - blog Skalnik","inLanguage":"pl-PL","publisher":{"@id":"https:\/\/www.skalnik.pl\/blog\/#organization"}}]},"og:locale":"pl_PL","og:site_name":"blog Skalnik - Blog, porady, artyku\u0142y - blog Skalnik","og:type":"article","og:title":"Jak wybra\u0107 plecak miejski - blog Skalnik","og:description":"Plecaki miejskie pomieszcz\u0105 wszystko, co potrzebne na co dzie\u0144, a ich liczne kieszenie pozwol\u0105 uporz\u0105dkowa\u0107 rzeczy. Jak wybra\u0107 dobry plecak miejski?","og:url":"https:\/\/www.skalnik.pl\/blog\/jak-wybrac-plecak-miejski\/","og:image":"https:\/\/skalnik.pl\/blog\/wp-content\/uploads\/2020\/09\/Plecak-miejskie-The-North-Face.jpg","og:image:secure_url":"https:\/\/skalnik.pl\/blog\/wp-content\/uploads\/2020\/09\/Plecak-miejskie-The-North-Face.jpg","article:tag":["bran\u017ca","deuter","fjallraven","plecaki","the north face"],"article:published_time":"2020-10-02T05:53:00+00:00","article:modified_time":"2020-09-26T10:56:51+00:00","twitter:card":"summary_large_image","twitter:title":"Jak wybra\u0107 plecak miejski - blog Skalnik","twitter:description":"Plecaki miejskie pomieszcz\u0105 wszystko, co potrzebne na co dzie\u0144, a ich liczne kieszenie pozwol\u0105 uporz\u0105dkowa\u0107 rzeczy. Jak wybra\u0107 dobry plecak miejski?","twitter:image":"https:\/\/skalnik.pl\/blog\/wp-content\/uploads\/2020\/09\/Plecak-miejskie-The-North-Face.jpg"},"aioseo_meta_data":{"post_id":"14056","title":null,"description":"Plecaki miejskie pomieszcz\u0105 wszystko, co potrzebne na co dzie\u0144, a ich liczne kieszenie pozwol\u0105 uporz\u0105dkowa\u0107 rzeczy. Jak wybra\u0107 dobry plecak miejski?","keywords":[{"label":"plecak miejski","value":"plecak miejski"},{"label":"plecaki miejskie","value":"plecaki miejskie"},{"label":"plecak damski miejski","value":"plecak damski miejski"},{"label":"plecak miejski m\u0119ski","value":"plecak miejski m\u0119ski"},{"label":"ma\u0142y plecak miejski","value":"ma\u0142y plecak miejski"},{"label":"plecak miejski na laptopa","value":"plecak miejski na laptopa"}],"keyphrases":null,"primary_term":null,"canonical_url":"","og_title":null,"og_description":null,"og_object_type":"default","og_image_type":"default","og_image_url":null,"og_image_width":null,"og_image_height":null,"og_image_custom_url":null,"og_image_custom_fields":null,"og_video":null,"og_custom_url":null,"og_article_section":null,"og_article_tags":null,"twitter_use_og":false,"twitter_card":"default","twitter_image_type":"default","twitter_image_url":null,"twitter_image_custom_url":null,"twitter_image_custom_fields":null,"twitter_title":null,"twitter_description":null,"schema":{"blockGraphs":[],"customGraphs":[],"default":{"data":{"Article":[],"Course":[],"Dataset":[],"FAQPage":[],"Movie":[],"Person":[],"Product":[],"ProductReview":[],"Car":[],"Recipe":[],"Service":[],"SoftwareApplication":[],"WebPage":[]},"graphName":"BlogPosting","isEnabled":true},"graphs":[]},"schema_type":"default","schema_type_options":null,"pillar_content":false,"robots_default":true,"robots_noindex":false,"robots_noarchive":false,"robots_nosnippet":false,"robots_nofollow":false,"robots_noimageindex":false,"robots_noodp":false,"robots_notranslate":false,"robots_max_snippet":null,"robots_max_videopreview":null,"robots_max_imagepreview":"large","priority":null,"frequency":null,"local_seo":null,"breadcrumb_settings":null,"limit_modified_date":false,"ai":null,"created":"2022-08-26 10:09:04","updated":"2026-02-17 21:57:29","seo_analyzer_scan_date":null},"aioseo_breadcrumb":"<div class=\"aioseo-breadcrumbs\"><span class=\"aioseo-breadcrumb\">\n\t\t\t<a href=\"https:\/\/www.skalnik.pl\/blog\" title=\"Home\">Home<\/a>\n\t\t<\/span><span class=\"aioseo-breadcrumb-separator\">&raquo;<\/span><span class=\"aioseo-breadcrumb\">\n\t\t\t<a href=\"https:\/\/www.skalnik.pl\/blog\/.\/branza\/\" title=\"Bran\u017ca\">Bran\u017ca<\/a>\n\t\t<\/span><span class=\"aioseo-breadcrumb-separator\">&raquo;<\/span><span class=\"aioseo-breadcrumb\">\n\t\t\tJak wybra\u0107 plecak miejski\n\t\t<\/span><\/div>","aioseo_breadcrumb_json":[{"label":"Home","link":"https:\/\/www.skalnik.pl\/blog"},{"label":"Bran\u017ca","link":"https:\/\/www.skalnik.pl\/blog\/.\/branza\/"},{"label":"Jak wybra\u0107 plecak miejski","link":"https:\/\/www.skalnik.pl\/blog\/jak-wybrac-plecak-miejski\/"}],"_links":{"self":[{"href":"https:\/\/www.skalnik.pl\/blog\/wp-json\/wp\/v2\/posts\/14056","targetHints":{"allow":["GET"]}}],"collection":[{"href":"https:\/\/www.skalnik.pl\/blog\/wp-json\/wp\/v2\/posts"}],"about":[{"href":"https:\/\/www.skalnik.pl\/blog\/wp-json\/wp\/v2\/types\/post"}],"author":[{"embeddable":true,"href":"https:\/\/www.skalnik.pl\/blog\/wp-json\/wp\/v2\/users\/7"}],"replies":[{"embeddable":true,"href":"https:\/\/www.skalnik.pl\/blog\/wp-json\/wp\/v2\/comments?post=14056"}],"version-history":[{"count":6,"href":"https:\/\/www.skalnik.pl\/blog\/wp-json\/wp\/v2\/posts\/14056\/revisions"}],"predecessor-version":[{"id":14083,"href":"https:\/\/www.skalnik.pl\/blog\/wp-json\/wp\/v2\/posts\/14056\/revisions\/14083"}],"wp:featuredmedia":[{"embeddable":true,"href":"https:\/\/www.skalnik.pl\/blog\/wp-json\/wp\/v2\/media\/14068"}],"wp:attachment":[{"href":"https:\/\/www.skalnik.pl\/blog\/wp-json\/wp\/v2\/media?parent=14056"}],"wp:term":[{"taxonomy":"category","embeddable":true,"href":"https:\/\/www.skalnik.pl\/blog\/wp-json\/wp\/v2\/categories?post=14056"},{"taxonomy":"post_tag","embeddable":true,"href":"https:\/\/www.skalnik.pl\/blog\/wp-json\/wp\/v2\/tags?post=14056"},{"taxonomy":"magento_category","embeddable":true,"href":"https:\/\/www.skalnik.pl\/blog\/wp-json\/wp\/v2\/magento_category?post=14056"},{"taxonomy":"magento_product","embeddable":true,"href":"https:\/\/www.skalnik.pl\/blog\/wp-json\/wp\/v2\/magento_product?post=14056"}],"curies":[{"name":"wp","href":"https:\/\/api.w.org\/{rel}","templated":true}]}}