{"id":14168,"date":"2020-10-11T09:22:00","date_gmt":"2020-10-11T07:22:00","guid":{"rendered":"https:\/\/skalnik.pl\/blog\/?p=14168"},"modified":"2023-10-13T10:36:31","modified_gmt":"2023-10-13T08:36:31","slug":"korona-gor-polski-tarnica","status":"publish","type":"post","link":"https:\/\/www.skalnik.pl\/blog\/korona-gor-polski-tarnica\/","title":{"rendered":"Korona G\u00f3r Polski \u2013 Tarnica"},"content":{"rendered":"\n<p><strong>Magia Bieszczad\u00f3w przyci\u0105ga wielu, a has\u0142o \u201erzuci\u0107 wszystko i wyjecha\u0107 w Bieszczady\u201d zadomowi\u0142o si\u0119 w j\u0119zyku polskim na dobre. Naznaczone burzliw\u0105 histori\u0105 po wojnie, dzi\u015b ju\u017c nie tak dzikie i puste jak przed laty, jednak wci\u0105\u017c czaruj\u0105 przepi\u0119knymi widokami i niesamowitym klimatem.<\/strong><\/p>\n\n\n\n<p>Obok tak obowi\u0105zkowych punkt\u00f3w na mapie jak Po\u0142onina Cary\u0144ska, Po\u0142onina Wetli\u0144ska czy Bukowe Berdo, du\u017c\u0105 popularno\u015bci\u0105 ciesz\u0105 si\u0119 szlaki na Tarnic\u0119. Miano najwy\u017cszego szczytu dzia\u0142a jak magnes, tym bardziej, \u017ce szczyt ten zaliczamy do Korony G\u00f3r Polski. Rozleg\u0142e panoramy ze szczytu b\u0119d\u0105 nagrod\u0105 za trudy wspinaczki, ale w\u0142a\u015bnie\u2026 czy Tarnic\u0119 trudno jest zdoby\u0107?<\/p>\n\n\n\n<div id=\"ez-toc-container\" class=\"ez-toc-v2_0_85 counter-hierarchy ez-toc-counter ez-toc-light-blue ez-toc-container-direction\">\n<div class=\"ez-toc-title-container\">\n<p class=\"ez-toc-title\" style=\"cursor:inherit\">SPIS TRE\u015aCI <\/p>\n<span class=\"ez-toc-title-toggle\"><a href=\"#\" class=\"ez-toc-pull-right ez-toc-btn ez-toc-btn-xs ez-toc-btn-default ez-toc-toggle\" aria-label=\"Prze\u0142\u0105cznik Spisu Tre\u015bci\"><span class=\"ez-toc-js-icon-con\"><span class=\"\"><span class=\"eztoc-hide\" style=\"display:none;\">Toggle<\/span><span class=\"ez-toc-icon-toggle-span\"><svg style=\"fill: #999;color:#999\" xmlns=\"http:\/\/www.w3.org\/2000\/svg\" class=\"list-377408\" width=\"20px\" height=\"20px\" viewBox=\"0 0 24 24\" fill=\"none\"><path d=\"M6 6H4v2h2V6zm14 0H8v2h12V6zM4 11h2v2H4v-2zm16 0H8v2h12v-2zM4 16h2v2H4v-2zm16 0H8v2h12v-2z\" fill=\"currentColor\"><\/path><\/svg><svg style=\"fill: #999;color:#999\" class=\"arrow-unsorted-368013\" xmlns=\"http:\/\/www.w3.org\/2000\/svg\" width=\"10px\" height=\"10px\" viewBox=\"0 0 24 24\" version=\"1.2\" baseProfile=\"tiny\"><path d=\"M18.2 9.3l-6.2-6.3-6.2 6.3c-.2.2-.3.4-.3.7s.1.5.3.7c.2.2.4.3.7.3h11c.3 0 .5-.1.7-.3.2-.2.3-.5.3-.7s-.1-.5-.3-.7zM5.8 14.7l6.2 6.3 6.2-6.3c.2-.2.3-.5.3-.7s-.1-.5-.3-.7c-.2-.2-.4-.3-.7-.3h-11c-.3 0-.5.1-.7.3-.2.2-.3.5-.3.7s.1.5.3.7z\"\/><\/svg><\/span><\/span><\/span><\/a><\/span><\/div>\n<nav><ul class='ez-toc-list ez-toc-list-level-1 ' ><li class='ez-toc-page-1 ez-toc-heading-level-2'><a class=\"ez-toc-link ez-toc-heading-1\" href=\"https:\/\/www.skalnik.pl\/blog\/korona-gor-polski-tarnica\/#Krolowa_polskich_Bieszczadow\" >Kr\u00f3lowa polskich Bieszczad\u00f3w<\/a><\/li><li class='ez-toc-page-1 ez-toc-heading-level-2'><a class=\"ez-toc-link ez-toc-heading-2\" href=\"https:\/\/www.skalnik.pl\/blog\/korona-gor-polski-tarnica\/#Skad_wyjsc_na_Tarnice_i_jak_dojechac\" >Sk\u0105d wyj\u015b\u0107 na Tarnic\u0119 i jak dojecha\u0107<\/a><\/li><li class='ez-toc-page-1 ez-toc-heading-level-2'><a class=\"ez-toc-link ez-toc-heading-3\" href=\"https:\/\/www.skalnik.pl\/blog\/korona-gor-polski-tarnica\/#Jak_wejsc_na_Tarnice_%E2%80%93_szlaki\" >Jak wej\u015b\u0107 na Tarnic\u0119 \u2013 szlaki<\/a><ul class='ez-toc-list-level-3' ><li class='ez-toc-heading-level-3'><a class=\"ez-toc-link ez-toc-heading-4\" href=\"https:\/\/www.skalnik.pl\/blog\/korona-gor-polski-tarnica\/#Wolosate_%E2%80%93_Rozsypaniec_%E2%80%93_Halicz_%E2%80%93_Przelecz_Goprowska_%E2%80%93_Wolosate\" >Wo\u0142osate \u2013 Rozsypaniec \u2013 Halicz \u2013 Prze\u0142\u0119cz Goprowska &#8211; Wo\u0142osate<\/a><\/li><li class='ez-toc-page-1 ez-toc-heading-level-3'><a class=\"ez-toc-link ez-toc-heading-5\" href=\"https:\/\/www.skalnik.pl\/blog\/korona-gor-polski-tarnica\/#Ustrzyki_Gorne_%E2%80%93_Szeroki_Wierch_%E2%80%93_Tarnica_%E2%80%93_Wolosate_%E2%80%93_Ustrzyki_Gorne\" >Ustrzyki G\u00f3rne \u2013 Szeroki Wierch \u2013 Tarnica \u2013 Wo\u0142osate \u2013 Ustrzyki G\u00f3rne<\/a><\/li><li class='ez-toc-page-1 ez-toc-heading-level-3'><a class=\"ez-toc-link ez-toc-heading-6\" href=\"https:\/\/www.skalnik.pl\/blog\/korona-gor-polski-tarnica\/#Ustrzyki_Gorne_%E2%80%93_Szeroki_Wierch_%E2%80%93_Tarnica_%E2%80%93_Bukowe_Berdo_%E2%80%93_Widelki\" >Ustrzyki G\u00f3rne \u2013 Szeroki Wierch \u2013 Tarnica \u2013 Bukowe Berdo \u2013 Wide\u0142ki<\/a><\/li><li class='ez-toc-page-1 ez-toc-heading-level-3'><a class=\"ez-toc-link ez-toc-heading-7\" href=\"https:\/\/www.skalnik.pl\/blog\/korona-gor-polski-tarnica\/#Wolosate_%E2%80%93_Tarnica_%E2%80%93_Wolosate\" >Wo\u0142osate \u2013 Tarnica \u2013 Wo\u0142osate<\/a><\/li><\/ul><\/li><li class='ez-toc-page-1 ez-toc-heading-level-2'><a class=\"ez-toc-link ez-toc-heading-8\" href=\"https:\/\/www.skalnik.pl\/blog\/korona-gor-polski-tarnica\/#Tarnica_%E2%80%93_ciekawostki\" >Tarnica &#8211; ciekawostki:<\/a><\/li><\/ul><\/nav><\/div>\n<h2 class=\"wp-block-heading\"><span class=\"ez-toc-section\" id=\"Krolowa_polskich_Bieszczadow\"><\/span>Kr\u00f3lowa polskich Bieszczad\u00f3w<span class=\"ez-toc-section-end\"><\/span><\/h2>\n\n\n\n<p>Tarnica to najwy\u017cszy szczyt polskiej cz\u0119\u015bci Bieszczad\u00f3w, a zarazem ca\u0142ego wojew\u00f3dztwa podkarpackiego, wynosz\u0105c si\u0119 nad poziom morza nieco ponad 1346 metr\u00f3w. Wybitno\u015b\u0107 Tarnicy wynosi blisko 500 metr\u00f3w, a z daleka wzrok przyci\u0105ga jej sylwetka z charakterystycznym \u201esiod\u0142em\u201d. Zbocza g\u00f3ry pokryte s\u0105 skalnymi rumowiskami, a w\u015br\u00f3d nich mo\u017cna natrafi\u0107 na takie pami\u0105tki sprzed lat jak pozosta\u0142o\u015bci bunkr\u00f3w, czy starych cmentarzy.<\/p>\n\n\n\n<p>Aby zdoby\u0107 Tarnic\u0119 nie b\u0119dziemy potrzebowa\u0107 specjalistycznego sprz\u0119tu, a na wypad spokojnie mo\u017cemy zaprosi\u0107 rodzin\u0119 i przyjaci\u00f3\u0142 nie b\u0119d\u0105cych zapalonymi g\u00f3ro\u0142azami \u2013 szczeg\u00f3lnie korzystaj\u0105c z naj\u0142atwiejszego szlaku, o kt\u00f3rym poczytacie w kolejnych cz\u0119\u015bciach tego artyku\u0142u. Wystarcz\u0105 wygodne buty trekkingowe, <a href=\"https:\/\/skalnik.pl\/sprzet-turystyczny\/akcesoria-turystyczne\/akcesoria-turystyczne-kije-trekkingowe\" target=\"_blank\" rel=\"noreferrer noopener\">kijki trekkingowe<\/a>, plecak z prowiantem i zapasem wody. Oczywi\u015bcie jad\u0105c w Bieszczady, mapa turystyczna r\u00f3wnie\u017c powinna znale\u017a\u0107 si\u0119 w kieszeni plecaka.<\/p>\n\n\n\n<p>&nbsp;<\/p>\n\n\n<div class=\"wp-block-image\">\n<figure class=\"aligncenter size-large is-resized\"><img loading=\"lazy\" decoding=\"async\" src=\"https:\/\/skalnik.pl\/blog\/wp-content\/uploads\/2020\/08\/gopr-tylko-gopr.jpg\" alt=\"\" class=\"wp-image-13650\" width=\"271\" height=\"171\" srcset=\"https:\/\/www.skalnik.pl\/blog\/wp-content\/uploads\/2020\/08\/gopr-tylko-gopr.jpg 542w, https:\/\/www.skalnik.pl\/blog\/wp-content\/uploads\/2020\/08\/gopr-tylko-gopr-300x189.jpg 300w\" sizes=\"auto, (max-width: 271px) 100vw, 271px\" \/><figcaption class=\"wp-element-caption\">W Bieszczadach ratunek niesie <br>Grupa Bieszczadzka GOPR. <\/figcaption><\/figure>\n<\/div>\n\n\n<h2 class=\"wp-block-heading\"><span class=\"ez-toc-section\" id=\"Skad_wyjsc_na_Tarnice_i_jak_dojechac\"><\/span>Sk\u0105d wyj\u015b\u0107 na Tarnic\u0119 i jak dojecha\u0107<span class=\"ez-toc-section-end\"><\/span><\/h2>\n\n\n\n<p>Najlepszymi bazami wypadowymi do wej\u015bcia na Tarnic\u0119 b\u0119d\u0105 Ustrzyki G\u00f3rne oraz Wo\u0142osate. Szczeg\u00f3lnie ta pierwsza wie\u015b posiada nie\u017ale rozwini\u0119t\u0105 infrastruktur\u0119 turystyczno-handlow\u0105. Do Ustrzyk dojecha\u0107 mo\u017cemy dalekobie\u017cnym autobusem, nawet z odleg\u0142ych miast w Polsce, takich jak Wroc\u0142aw czy Warszawa. Do samego Wo\u0142osatego r\u00f3wnie\u017c mo\u017cemy dosta\u0107 si\u0119 busem. Tury\u015bci zmotoryzowani powinni pami\u0119ta\u0107, aby wybiera\u0107 wyznaczone parkingi, na przyk\u0142ad du\u017cy i wygodny parking w Wo\u0142osatem, na kt\u00f3rym znajdziemy te\u017c darmowe toalety.<\/p>\n\n\n<div class=\"wp-block-image\">\n<figure class=\"aligncenter size-large\"><img loading=\"lazy\" decoding=\"async\" width=\"1024\" height=\"640\" src=\"https:\/\/skalnik.pl\/blog\/wp-content\/uploads\/2020\/10\/marek-piwnicki-bieszczady-1024x640.jpg\" alt=\"\" class=\"wp-image-14178\" srcset=\"https:\/\/www.skalnik.pl\/blog\/wp-content\/uploads\/2020\/10\/marek-piwnicki-bieszczady-1024x640.jpg 1024w, https:\/\/www.skalnik.pl\/blog\/wp-content\/uploads\/2020\/10\/marek-piwnicki-bieszczady-300x188.jpg 300w, https:\/\/www.skalnik.pl\/blog\/wp-content\/uploads\/2020\/10\/marek-piwnicki-bieszczady-768x480.jpg 768w, https:\/\/www.skalnik.pl\/blog\/wp-content\/uploads\/2020\/10\/marek-piwnicki-bieszczady-1536x960.jpg 1536w, https:\/\/www.skalnik.pl\/blog\/wp-content\/uploads\/2020\/10\/marek-piwnicki-bieszczady-2048x1280.jpg 2048w\" sizes=\"auto, (max-width: 1024px) 100vw, 1024px\" \/><figcaption class=\"wp-element-caption\"><em>Bieszczady &#8211; dla wielu turyst\u00f3w najpi\u0119kniejsze i jedye w swoim rodzaju g\u00f3ry! (fot. Marek Piwnicki, Unsplash)<\/em><\/figcaption><\/figure>\n<\/div>\n\n\n<h2 class=\"wp-block-heading\"><span class=\"ez-toc-section\" id=\"Jak_wejsc_na_Tarnice_%E2%80%93_szlaki\"><\/span><strong>Jak wej\u015b\u0107 na Tarnic\u0119 \u2013 <\/strong><strong>szlaki<\/strong><span class=\"ez-toc-section-end\"><\/span><\/h2>\n\n\n\n<p>Na sam wierzcho\u0142ek powadzi szlak \u017c\u00f3\u0142ty z Prze\u0142\u0119czy pod Tarnic\u0105, a po jego zdobyciu schodzimy t\u0105 sam\u0105 drog\u0105. To kr\u00f3tki, 400-metrowy odcinek. Prze\u0142\u0119cz pod Tarnic\u0105 stanowi w\u0119ze\u0142 szlak\u00f3w, a w\u015br\u00f3d mo\u017cliwych wariant\u00f3w zdobycia szczytu mamy dla was kilka propozycji.<\/p>\n\n\n\n<h3 class=\"wp-block-heading\"><span class=\"ez-toc-section\" id=\"Wolosate_%E2%80%93_Rozsypaniec_%E2%80%93_Halicz_%E2%80%93_Przelecz_Goprowska_%E2%80%93_Wolosate\"><\/span>Wo\u0142osate \u2013 Rozsypaniec \u2013 Halicz \u2013 Prze\u0142\u0119cz Goprowska &#8211; Wo\u0142osate<span class=\"ez-toc-section-end\"><\/span><\/h3>\n\n\n\n<p>Kolor szlaku: czerwony\/ \u017c\u00f3\u0142ty\/niebieski<br>Czas przej\u015bcia: 6:10 h<br>Dystans: 18,9 km<\/p>\n\n\n\n<p>Pi\u0119kna p\u0119tla b\u0119d\u0105ca dobr\u0105 opcj\u0105 dla w\u0119drowc\u00f3w nie lubi\u0105cych wraca\u0107 na parking t\u0105 sam\u0105 drog\u0105. Przy okazji zdobywania Tarnicy odwiedzimy r\u00f3wnie\u017c Halicz, czyli trzeci pod wzgl\u0119dem wysoko\u015bci szczyt polskiej cz\u0119\u015bci Bieszczad\u00f3w. Trasa te jest niezwykle widokowa, a ukrai\u0144skie po\u0142oniny wydaj\u0105 si\u0119 by\u0107 na wyci\u0105gni\u0119cie r\u0119ki.<\/p>\n\n\n\n<p>W\u0119druj\u0105c czerwonym szlakiem b\u0119dziemy okr\u0105\u017ca\u0107 szczyt Tarnicy \u201ezaliczaj\u0105c\u201d po drodze blisko 800 metr\u00f3w przewy\u017cszenia, a\u017c po dotarciu na Prze\u0142\u0119cz pod Tarnic\u0105 wejdziemy \u017c\u00f3\u0142tym szlakiem na szczyt a nast\u0119pnie domkniemy p\u0119tle na parkingu lub przystanku autobusowym w Wo\u0142osatem.<\/p>\n\n\n\n<h3 class=\"wp-block-heading\"><span class=\"ez-toc-section\" id=\"Ustrzyki_Gorne_%E2%80%93_Szeroki_Wierch_%E2%80%93_Tarnica_%E2%80%93_Wolosate_%E2%80%93_Ustrzyki_Gorne\"><\/span>Ustrzyki G\u00f3rne \u2013 Szeroki Wierch \u2013 Tarnica \u2013 Wo\u0142osate \u2013 Ustrzyki G\u00f3rne<span class=\"ez-toc-section-end\"><\/span><\/h3>\n\n\n\n<p>Kolor szlaku: czerwony\/\u017c\u00f3\u0142ty\/niebieski<br>Czas przej\u015bcia: 5:55 h<br>Dystans: 18,5 km<\/p>\n\n\n\n<p>P\u0119tla podobnej d\u0142ugo\u015bci co pierwsza, jednak rozpoczynaj\u0105ca si\u0119 w Ustrzykach G\u00f3rnych \u2013 najpopularniejszej bazie wypadowej w okolicy. To dobra opcja dla turyst\u00f3w nocuj\u0105cych w Ustrzykach na ca\u0142odzienn\u0105 wycieczk\u0119. Z przymru\u017ceniem oka nazywam j\u0105 \u201edrog\u0105 pierwszych zdobywc\u00f3w\u201d, poniewa\u017c w\u0142a\u015bnie t\u0119dy po raz pierwszy w\u0119drowa\u0142em jesieni\u0105 na Tarnic\u0119 wiele lat temu. Id\u0105c czerwonym szlakiem w kierunku Szerokiego Wierchu z ka\u017cdym krokiem b\u0119d\u0105 otwiera\u0142y si\u0119 przed nami pi\u0119kniejsze widoki po obu stronach grzbietu, a\u017c w ko\u0144cu uka\u017ce si\u0119 cel w\u0119dr\u00f3wki \u2013 Tarnica. Gdy dotrzemy na Szeroki Wierch na szczyt Tarnicy pozostanie ju\u017c niespe\u0142na p\u00f3\u0142 godziny drogi i oko\u0142o 100 metr\u00f3w wspinaczki pod g\u00f3r\u0119, przez Prze\u0142\u0119cz pod Tarnic\u0105.<\/p>\n\n\n<div class=\"wp-block-image\">\n<figure class=\"aligncenter size-large\"><img loading=\"lazy\" decoding=\"async\" width=\"1024\" height=\"683\" src=\"https:\/\/skalnik.pl\/blog\/wp-content\/uploads\/2020\/10\/krystianwin-z-Pixabay-krzyz-tarnica-pixabay.jpg\" alt=\"\" class=\"wp-image-14172\" srcset=\"https:\/\/www.skalnik.pl\/blog\/wp-content\/uploads\/2020\/10\/krystianwin-z-Pixabay-krzyz-tarnica-pixabay.jpg 1024w, https:\/\/www.skalnik.pl\/blog\/wp-content\/uploads\/2020\/10\/krystianwin-z-Pixabay-krzyz-tarnica-pixabay-300x200.jpg 300w, https:\/\/www.skalnik.pl\/blog\/wp-content\/uploads\/2020\/10\/krystianwin-z-Pixabay-krzyz-tarnica-pixabay-768x512.jpg 768w\" sizes=\"auto, (max-width: 1024px) 100vw, 1024px\" \/><figcaption class=\"wp-element-caption\"><em>Krzy\u017c na szczycie Tarnicy. (fot. krystianwin, Pixabay)<\/em><\/figcaption><\/figure>\n<\/div>\n\n\n<p>Do Ustrzyk mo\u017cemy wr\u00f3ci\u0107 t\u0105 sam\u0105 drog\u0105, jednak dla urozmaicenia warto zej\u015b\u0107 niebieskim szlakiem do Wo\u0142osatego, sk\u0105d zostanie nam marsz powrotny lub z\u0142apanie busa do Ustrzyk G\u00f3rnych. Na tej trasie busy kursuj\u0105 regularnie.<\/p>\n\n\n\n<h3 class=\"wp-block-heading\"><span class=\"ez-toc-section\" id=\"Ustrzyki_Gorne_%E2%80%93_Szeroki_Wierch_%E2%80%93_Tarnica_%E2%80%93_Bukowe_Berdo_%E2%80%93_Widelki\"><\/span>Ustrzyki G\u00f3rne \u2013 Szeroki Wierch \u2013 Tarnica \u2013 Bukowe Berdo \u2013 Wide\u0142ki<span class=\"ez-toc-section-end\"><\/span><\/h3>\n\n\n\n<p>Kolor szlaku: czerwony\/\u017c\u00f3\u0142ty\/niebieski<br>Czas przej\u015bcia: 6:50 h<br>Dystans: 20 km<\/p>\n\n\n\n<p>Pierwsza cz\u0119\u015b\u0107 tej trasy pokrywa si\u0119 idealnie z poprzedni\u0105 i r\u00f3wnie\u017c jej punktem startowym s\u0105 Ustrzyki G\u00f3rne. Po zdobyciu Tarnicy nie schodzimy jednak do Wo\u0142osatego, ale odbijamy w prawo w kierunku Prze\u0142\u0119czy Goprowskiej. W tamtejszej wiacie mo\u017cna nabra\u0107 si\u0142 przed mocniejszym podej\u015bciem na Krzemie\u0144, a stamt\u0105d, pod\u0105\u017caj\u0105c za niebieskimi znakami udamy si\u0119 w kierunku kolejnego bieszczadzkiego klasyka. Wycieczki na Bukowe Berdo cz\u0119sto s\u0105 \u0142\u0105czone w\u0142a\u015bnie z wypadem na Tarnic\u0119.<\/p>\n\n\n\n<p>W\u0119dr\u00f3wka niebieskim szlakiem przez Bukowe Berdo i Po\u0142onin\u0119 D\u017awiniack\u0105 w kierunku Wide\u0142ek to kwintesencja Bieszczad\u00f3w, szczeg\u00f3lnie jesieni\u0105, gdy trawy nabieraj\u0105 malowniczych kolor\u00f3w. Po oko\u0142o 2,5-godzinnej drodze dotrzemy do skrzy\u017cowania Pszczeliny-Wide\u0142ki, sk\u0105d z powrotem do Ustrzyk mo\u017cemy dojecha\u0107 autobusem lub autostopem, kt\u00f3ra to opcja w Bieszczadach jest wci\u0105\u017c z powodzeniem w u\u017cyciu.<\/p>\n\n\n\n<p>Innym wariantem powrotu (albo startu, je\u015bli w Ustrzykach zdecydujemy si\u0119 zako\u0144czy\u0107 tras\u0119 zamiast zaczyna\u0107), jest zej\u015bcie z Bukowego Berda \u017c\u00f3\u0142tym szlakiem do wsi Muczne. Cho\u0107 nieco trudniej b\u0119dzie si\u0119 stamt\u0105d wydosta\u0107.<\/p>\n\n\n\n<h3 class=\"wp-block-heading\"><span class=\"ez-toc-section\" id=\"Wolosate_%E2%80%93_Tarnica_%E2%80%93_Wolosate\"><\/span>Wo\u0142osate \u2013 Tarnica \u2013 Wo\u0142osate<span class=\"ez-toc-section-end\"><\/span><\/h3>\n\n\n\n<p>Kolor szlaku: niebieski\/\u017c\u00f3\u0142ty<br>Czas przej\u015bcia: 3:10 h<br>Dystans: 8,7 km<\/p>\n\n\n\n<div style=\"max-width:1025px;overflow:hidden;margin:0 auto;min-width:300px;\"><iframe src=\"https:\/\/mapa-turystyczna.pl\/map\/widget\/route\/h1l0p1\/3r3.html\" style=\"width:100%;border:0;\" height=\"800\" frameborder=\"0\"><\/iframe><a href=\"https:\/\/mapa-turystyczna.pl\/route\/3r3?utm_source=external_web&amp;utm_medium=widget&amp;utm_campaign=route_widget\" target=\"_blank\" style=\"color:#999;padding:7px 0;font-size: 13px;font-family:Roboto,Arial,sans-serif;display: inline-block;\" rel=\"noopener noreferrer\">Trasa: Wo\u0142osate \u2013 Wo\u0142osate | mapa-turystyczna.pl<\/a><\/div>\n\n\n\n<p>Na koniec zostawi\u0142em bardzo popularn\u0105 opcj\u0119 na \u201eszybki strza\u0142\u201d czyli wej\u015bcie na Tarnic\u0119 wprost z parkingu w Wo\u0142osatem oraz powr\u00f3t t\u0105 sam\u0105 drog\u0105. Jest to najszybsza i zarazem naj\u0142atwiejsza opcja zdobycia szczytu, dobra dla turyst\u00f3w, kt\u00f3rzy wpadli w Bieszczady tylko na kilka dni, szukaj\u0105 prostej technicznie drogi do wej\u015bcia z rodzin\u0105 i dzie\u0107mi, albo s\u0105 w\u0142a\u015bnie w trakcie szybkiego kompletowania KGP \u201ena biegowo\u201d, bo i taka forma zaliczania kolejnych szczyt\u00f3w Korony bywa praktykowana.<\/p>\n\n\n\n<p>To w\u0142a\u015bnie na niebieskim szlaku z Wo\u0142osatego na Tarnic\u0119 powsta\u0142y g\u0142o\u015bne przed laty, a przez niekt\u00f3rych wci\u0105\u017c znienawidzone schody. Dla jednego turysty b\u0119d\u0105 oszpeceniem krajobrazu i zaprzeczeniem natury. Drugi turysta ucieszy si\u0119 z u\u0142atwie\u0144, bo takie stopnie pozwol\u0105 bezpiecznie i szybciej pokona\u0107 szlak, ale wszyscy musimy pami\u0119ta\u0107, \u017ce ich budowa wynika\u0142a si\u0119 b\u0142yskawicznie post\u0119puj\u0105cej degradacji szlaku. Naj\u0142atwiejsza droga oznacza najwi\u0119ksze t\u0142umy turyst\u00f3w, wi\u0119c jej zabezpieczenie by\u0142o priorytetem dla pracownik\u00f3w Bieszczadzkiego Parku Narodowego.<\/p>\n\n\n<div class=\"wp-block-image\">\n<figure class=\"aligncenter size-large\"><img loading=\"lazy\" decoding=\"async\" width=\"1024\" height=\"683\" src=\"https:\/\/skalnik.pl\/blog\/wp-content\/uploads\/2020\/10\/tarnica-schody-krystianwin-z-Pixabay.jpg\" alt=\"\" class=\"wp-image-14171\" srcset=\"https:\/\/www.skalnik.pl\/blog\/wp-content\/uploads\/2020\/10\/tarnica-schody-krystianwin-z-Pixabay.jpg 1024w, https:\/\/www.skalnik.pl\/blog\/wp-content\/uploads\/2020\/10\/tarnica-schody-krystianwin-z-Pixabay-300x200.jpg 300w, https:\/\/www.skalnik.pl\/blog\/wp-content\/uploads\/2020\/10\/tarnica-schody-krystianwin-z-Pixabay-768x512.jpg 768w\" sizes=\"auto, (max-width: 1024px) 100vw, 1024px\" \/><figcaption class=\"wp-element-caption\"><em>S\u0142ynne schody na Tarnic\u0119. (fot. krystianwin, Pixabay)<\/em><\/figcaption><\/figure>\n<\/div>\n\n\n<p>Aby unikn\u0105\u0107 owych t\u0142um\u00f3w (szczeg\u00f3lnie w sezonie) warto pojawi\u0107 si\u0119 w Wo\u0142osatem ju\u017c przed \u00f3sm\u0105 rano. Po mini\u0119ciu budki BNP oraz uiszczeniu op\u0142aty za wej\u015bcie do parku pokonamy do\u015b\u0107 p\u0142aski fragment wiod\u0105cy przez \u0142\u0105ki i drewniane mostki, a nast\u0119pnie w przeno\u015bni i dos\u0142ownie zaczn\u0105 si\u0119 \u201eschody\u201d, kt\u00f3re najpierw przez las, a p\u00f3\u017aniej przez otwarty teren poprowadz\u0105 nas do w\u0119z\u0142owej Prze\u0142\u0119czy pod Tarnic\u0105. Mozolnie, ale jednostajnie b\u0119dziemy tu pokonywa\u0107 ponad 500 metr\u00f3w pod g\u00f3r\u0119, co potrafi zm\u0119czy\u0107. Na szcz\u0119\u015bcie po drodze znajdziemy sporo \u0142aweczek do odpoczynku, na kt\u00f3rych mo\u017cna wyj\u0105\u0107 <a href=\"https:\/\/skalnik.pl\/sprzet-turystyczny\/camping\/camping-termosy\" target=\"_blank\" rel=\"noreferrer noopener\">termos<\/a> i spokojnie napi\u0107 si\u0119 herbaty, czy posili\u0107 kanapk\u0105. Z prze\u0142\u0119czy jeszcze kr\u00f3tkie podej\u015bcie na szczyt i mo\u017cna wraca\u0107 do Wo\u0142osatego t\u0105 sam\u0105 drog\u0105, ale ju\u017c o wiele szybciej.<\/p>\n\n\n\n<div style=\"width:1024; height:600px; padding: 15px; resize:both; overflow: auto;\"> <div style=\"width:100%; height:100%; box-shadow: 5px 5px 15px #00000038;\"> <iframe src=\"https:\/\/kgp3d.amu.edu.pl\/szczyty\/Tarnica.html\" allow=\"xr xr-spatial-tracking\" style=\"height: 100%; width: 100%; border: 0;\"><\/iframe> <\/div> <\/div>\n\n\n\n<h2 class=\"wp-block-heading\"><span class=\"ez-toc-section\" id=\"Tarnica_%E2%80%93_ciekawostki\"><\/span>Tarnica &#8211; ciekawostki: <span class=\"ez-toc-section-end\"><\/span><\/h2>\n\n\n\n<ul class=\"wp-block-list\">\n<li>Tarnica to pi\u0105ty pod wzgl\u0119dem wysoko\u015bci nad poziomem morza szczyt KGP.<\/li>\n\n\n\n<li>Przy dobrych warunkach z Tarnicy mo\u017cna dojrze\u0107 tak odleg\u0142e pasma jak G\u00f3ry Rodnia\u0144skie w Rumunii, czy Tatry Wysokie.<\/li>\n\n\n\n<li>Nazwa szczytu pochodzi z j\u0119zyka rumu\u0144skiego, a s\u0142owo \u201etarni\u0163a\u201d oznacza \u201esiod\u0142o\u201d lub \u201eprze\u0142\u0119cz\u201d co nawi\u0105zuje do charakterystycznego kszta\u0142tu wierzcho\u0142ka Tarnicy \u0142\u0105cz\u0105cego si\u0119 z Szerokim Wierchem.<\/li>\n\n\n\n<li>Zaledwie kilkana\u015bcie metr\u00f3w od szczytu Tarnicy, tu\u017c przy szlaku turystycznym odkryta zosta\u0142a jaskinia o d\u0142ugo\u015bci 16 metr\u00f3w. Ze wzgl\u0119d\u00f3w bezpiecze\u0144stwa otw\u00f3r wej\u015bciowy do niej zosta\u0142 zasypany przez pracownik\u00f3w parku.<\/li>\n\n\n\n<li>Ustawiony na szczycie Tarnicy 8,5 metrowy krzy\u017c to ju\u017c trzecia z kolei konstrukcja tego typu \u2013 poprzedni, nieco ni\u017cszy krzy\u017c, uleg\u0142 zniszczeniu w roku 2000.<\/li>\n\n\n\n<li>Po \u015bcie\u017ckach w rejonie Tarnicy w\u0119drowali bohaterowie popularnego serialu HBO \u201eWataha\u201d.<\/li>\n<\/ul>\n","protected":false},"excerpt":{"rendered":"<p>Zdobywasz KGP? Zdob\u0105d\u017a Tarnic\u0119! Podpowiadamy, kt\u00f3rym szlakiem wej\u015b\u0107 na szczyt. <\/p>\n","protected":false},"author":21,"featured_media":14180,"comment_status":"open","ping_status":"open","sticky":false,"template":"","format":"standard","meta":{"_acf_changed":false,"footnotes":""},"categories":[84],"tags":[225,260,210],"magento_category":[],"magento_product":[],"class_list":["post-14168","post","type-post","status-publish","format-standard","has-post-thumbnail","hentry","category-pasja","tag-karpaty","tag-korona-gor-polski","tag-turystyka"],"acf":[],"aioseo_notices":[],"aioseo_head":"\n\t\t<!-- All in One SEO 4.9.10 - aioseo.com -->\n\t<meta name=\"description\" content=\"Najwy\u017cszy szczyt Bieszczad\u00f3w -Tarnica - w naszym cyklu Korona G\u00f3r Polski. Poznaj szlaki na Tarnic\u0119. Ten wpis jest nie tylko dla zdobywc\u00f3w KGP. Rzu\u0107 wszytko i wyrusz w Bieszczady!\" \/>\n\t<meta name=\"robots\" content=\"max-image-preview:large\" \/>\n\t<meta name=\"author\" content=\"Dominik Marzec\"\/>\n\t<link rel=\"canonical\" href=\"https:\/\/www.skalnik.pl\/blog\/korona-gor-polski-tarnica\/\" \/>\n\t<meta name=\"generator\" content=\"All in One SEO (AIOSEO) 4.9.10\" \/>\n\t\t<meta property=\"og:locale\" content=\"pl_PL\" \/>\n\t\t<meta property=\"og:site_name\" content=\"blog Skalnik - Blog, porady, artyku\u0142y - blog Skalnik\" \/>\n\t\t<meta property=\"og:type\" content=\"article\" \/>\n\t\t<meta property=\"og:title\" content=\"Korona G\u00f3r Polski \u2013 Tarnica - blog Skalnik\" \/>\n\t\t<meta property=\"og:description\" content=\"Najwy\u017cszy szczyt Bieszczad\u00f3w -Tarnica - w naszym cyklu Korona G\u00f3r Polski. Poznaj szlaki na Tarnic\u0119. Ten wpis jest nie tylko dla zdobywc\u00f3w KGP. Rzu\u0107 wszytko i wyrusz w Bieszczady!\" \/>\n\t\t<meta property=\"og:url\" content=\"https:\/\/www.skalnik.pl\/blog\/korona-gor-polski-tarnica\/\" \/>\n\t\t<meta property=\"og:image\" content=\"https:\/\/skalnik.pl\/blog\/wp-content\/uploads\/2020\/08\/gopr-tylko-gopr.jpg\" \/>\n\t\t<meta property=\"og:image:secure_url\" content=\"https:\/\/skalnik.pl\/blog\/wp-content\/uploads\/2020\/08\/gopr-tylko-gopr.jpg\" \/>\n\t\t<meta property=\"article:tag\" content=\"pasja\" \/>\n\t\t<meta property=\"article:tag\" content=\"karpaty\" \/>\n\t\t<meta property=\"article:tag\" content=\"korona g\u00f3r polski\" \/>\n\t\t<meta property=\"article:tag\" content=\"turystyka\" \/>\n\t\t<meta property=\"article:published_time\" content=\"2020-10-11T07:22:00+00:00\" \/>\n\t\t<meta property=\"article:modified_time\" content=\"2023-10-13T08:36:31+00:00\" \/>\n\t\t<meta name=\"twitter:card\" content=\"summary_large_image\" \/>\n\t\t<meta name=\"twitter:title\" content=\"Korona G\u00f3r Polski \u2013 Tarnica - blog Skalnik\" \/>\n\t\t<meta name=\"twitter:description\" content=\"Najwy\u017cszy szczyt Bieszczad\u00f3w -Tarnica - w naszym cyklu Korona G\u00f3r Polski. Poznaj szlaki na Tarnic\u0119. Ten wpis jest nie tylko dla zdobywc\u00f3w KGP. Rzu\u0107 wszytko i wyrusz w Bieszczady!\" \/>\n\t\t<meta name=\"twitter:image\" content=\"https:\/\/skalnik.pl\/blog\/wp-content\/uploads\/2020\/08\/gopr-tylko-gopr.jpg\" \/>\n\t\t<script type=\"application\/ld+json\" class=\"aioseo-schema\">\n\t\t\t{\"@context\":\"https:\\\/\\\/schema.org\",\"@graph\":[{\"@type\":\"BlogPosting\",\"@id\":\"https:\\\/\\\/www.skalnik.pl\\\/blog\\\/korona-gor-polski-tarnica\\\/#blogposting\",\"name\":\"Korona G\\u00f3r Polski \\u2013 Tarnica - blog Skalnik\",\"headline\":\"Korona G\\u00f3r Polski \\u2013 Tarnica\",\"author\":{\"@id\":\"https:\\\/\\\/www.skalnik.pl\\\/blog\\\/author\\\/dominik-marzec\\\/#author\"},\"publisher\":{\"@id\":\"https:\\\/\\\/www.skalnik.pl\\\/blog\\\/#organization\"},\"image\":{\"@type\":\"ImageObject\",\"url\":\"https:\\\/\\\/www.skalnik.pl\\\/blog\\\/wp-content\\\/uploads\\\/2020\\\/10\\\/marek-piwnicki-s-aMqdiH9ZI-unsplash.jpg\",\"width\":1920,\"height\":706},\"datePublished\":\"2020-10-11T09:22:00+02:00\",\"dateModified\":\"2023-10-13T10:36:31+02:00\",\"inLanguage\":\"pl-PL\",\"mainEntityOfPage\":{\"@id\":\"https:\\\/\\\/www.skalnik.pl\\\/blog\\\/korona-gor-polski-tarnica\\\/#webpage\"},\"isPartOf\":{\"@id\":\"https:\\\/\\\/www.skalnik.pl\\\/blog\\\/korona-gor-polski-tarnica\\\/#webpage\"},\"articleSection\":\"Pasja, karpaty, korona g\\u00f3r polski, turystyka\"},{\"@type\":\"BreadcrumbList\",\"@id\":\"https:\\\/\\\/www.skalnik.pl\\\/blog\\\/korona-gor-polski-tarnica\\\/#breadcrumblist\",\"itemListElement\":[{\"@type\":\"ListItem\",\"@id\":\"https:\\\/\\\/www.skalnik.pl\\\/blog#listItem\",\"position\":1,\"name\":\"Home\",\"item\":\"https:\\\/\\\/www.skalnik.pl\\\/blog\",\"nextItem\":{\"@type\":\"ListItem\",\"@id\":\"https:\\\/\\\/www.skalnik.pl\\\/blog\\\/.\\\/pasja\\\/#listItem\",\"name\":\"Pasja\"}},{\"@type\":\"ListItem\",\"@id\":\"https:\\\/\\\/www.skalnik.pl\\\/blog\\\/.\\\/pasja\\\/#listItem\",\"position\":2,\"name\":\"Pasja\",\"item\":\"https:\\\/\\\/www.skalnik.pl\\\/blog\\\/.\\\/pasja\\\/\",\"nextItem\":{\"@type\":\"ListItem\",\"@id\":\"https:\\\/\\\/www.skalnik.pl\\\/blog\\\/korona-gor-polski-tarnica\\\/#listItem\",\"name\":\"Korona G\\u00f3r Polski \\u2013 Tarnica\"},\"previousItem\":{\"@type\":\"ListItem\",\"@id\":\"https:\\\/\\\/www.skalnik.pl\\\/blog#listItem\",\"name\":\"Home\"}},{\"@type\":\"ListItem\",\"@id\":\"https:\\\/\\\/www.skalnik.pl\\\/blog\\\/korona-gor-polski-tarnica\\\/#listItem\",\"position\":3,\"name\":\"Korona G\\u00f3r Polski \\u2013 Tarnica\",\"previousItem\":{\"@type\":\"ListItem\",\"@id\":\"https:\\\/\\\/www.skalnik.pl\\\/blog\\\/.\\\/pasja\\\/#listItem\",\"name\":\"Pasja\"}}]},{\"@type\":\"Organization\",\"@id\":\"https:\\\/\\\/www.skalnik.pl\\\/blog\\\/#organization\",\"name\":\"blog Skalnik\",\"description\":\"Blog, porady, artyku\\u0142y - blog Skalnik\",\"url\":\"https:\\\/\\\/www.skalnik.pl\\\/blog\\\/\"},{\"@type\":\"Person\",\"@id\":\"https:\\\/\\\/www.skalnik.pl\\\/blog\\\/author\\\/dominik-marzec\\\/#author\",\"url\":\"https:\\\/\\\/www.skalnik.pl\\\/blog\\\/author\\\/dominik-marzec\\\/\",\"name\":\"Dominik Marzec\",\"image\":{\"@type\":\"ImageObject\",\"@id\":\"https:\\\/\\\/www.skalnik.pl\\\/blog\\\/korona-gor-polski-tarnica\\\/#authorImage\",\"url\":\"https:\\\/\\\/secure.gravatar.com\\\/avatar\\\/3b5d5b73985d1015e6793369ac3b78362bc9b0fc6b0d982a1e6396714ef4fb75?s=96&d=mm&r=g\",\"width\":96,\"height\":96,\"caption\":\"Dominik Marzec\"}},{\"@type\":\"WebPage\",\"@id\":\"https:\\\/\\\/www.skalnik.pl\\\/blog\\\/korona-gor-polski-tarnica\\\/#webpage\",\"url\":\"https:\\\/\\\/www.skalnik.pl\\\/blog\\\/korona-gor-polski-tarnica\\\/\",\"name\":\"Korona G\\u00f3r Polski \\u2013 Tarnica - blog Skalnik\",\"description\":\"Najwy\\u017cszy szczyt Bieszczad\\u00f3w -Tarnica - w naszym cyklu Korona G\\u00f3r Polski. Poznaj szlaki na Tarnic\\u0119. Ten wpis jest nie tylko dla zdobywc\\u00f3w KGP. Rzu\\u0107 wszytko i wyrusz w Bieszczady!\",\"inLanguage\":\"pl-PL\",\"isPartOf\":{\"@id\":\"https:\\\/\\\/www.skalnik.pl\\\/blog\\\/#website\"},\"breadcrumb\":{\"@id\":\"https:\\\/\\\/www.skalnik.pl\\\/blog\\\/korona-gor-polski-tarnica\\\/#breadcrumblist\"},\"author\":{\"@id\":\"https:\\\/\\\/www.skalnik.pl\\\/blog\\\/author\\\/dominik-marzec\\\/#author\"},\"creator\":{\"@id\":\"https:\\\/\\\/www.skalnik.pl\\\/blog\\\/author\\\/dominik-marzec\\\/#author\"},\"image\":{\"@type\":\"ImageObject\",\"url\":\"https:\\\/\\\/www.skalnik.pl\\\/blog\\\/wp-content\\\/uploads\\\/2020\\\/10\\\/marek-piwnicki-s-aMqdiH9ZI-unsplash.jpg\",\"@id\":\"https:\\\/\\\/www.skalnik.pl\\\/blog\\\/korona-gor-polski-tarnica\\\/#mainImage\",\"width\":1920,\"height\":706},\"primaryImageOfPage\":{\"@id\":\"https:\\\/\\\/www.skalnik.pl\\\/blog\\\/korona-gor-polski-tarnica\\\/#mainImage\"},\"datePublished\":\"2020-10-11T09:22:00+02:00\",\"dateModified\":\"2023-10-13T10:36:31+02:00\"},{\"@type\":\"WebSite\",\"@id\":\"https:\\\/\\\/www.skalnik.pl\\\/blog\\\/#website\",\"url\":\"https:\\\/\\\/www.skalnik.pl\\\/blog\\\/\",\"name\":\"blog Skalnik\",\"description\":\"Blog, porady, artyku\\u0142y - blog Skalnik\",\"inLanguage\":\"pl-PL\",\"publisher\":{\"@id\":\"https:\\\/\\\/www.skalnik.pl\\\/blog\\\/#organization\"}}]}\n\t\t<\/script>\n\t\t<!-- All in One SEO -->\n\n","aioseo_head_json":{"title":"Korona G\u00f3r Polski \u2013 Tarnica - blog Skalnik","description":"Najwy\u017cszy szczyt Bieszczad\u00f3w -Tarnica - w naszym cyklu Korona G\u00f3r Polski. Poznaj szlaki na Tarnic\u0119. Ten wpis jest nie tylko dla zdobywc\u00f3w KGP. Rzu\u0107 wszytko i wyrusz w Bieszczady!","canonical_url":"https:\/\/www.skalnik.pl\/blog\/korona-gor-polski-tarnica\/","robots":"max-image-preview:large","keywords":"","webmasterTools":{"miscellaneous":""},"schema":{"@context":"https:\/\/schema.org","@graph":[{"@type":"BlogPosting","@id":"https:\/\/www.skalnik.pl\/blog\/korona-gor-polski-tarnica\/#blogposting","name":"Korona G\u00f3r Polski \u2013 Tarnica - blog Skalnik","headline":"Korona G\u00f3r Polski \u2013 Tarnica","author":{"@id":"https:\/\/www.skalnik.pl\/blog\/author\/dominik-marzec\/#author"},"publisher":{"@id":"https:\/\/www.skalnik.pl\/blog\/#organization"},"image":{"@type":"ImageObject","url":"https:\/\/www.skalnik.pl\/blog\/wp-content\/uploads\/2020\/10\/marek-piwnicki-s-aMqdiH9ZI-unsplash.jpg","width":1920,"height":706},"datePublished":"2020-10-11T09:22:00+02:00","dateModified":"2023-10-13T10:36:31+02:00","inLanguage":"pl-PL","mainEntityOfPage":{"@id":"https:\/\/www.skalnik.pl\/blog\/korona-gor-polski-tarnica\/#webpage"},"isPartOf":{"@id":"https:\/\/www.skalnik.pl\/blog\/korona-gor-polski-tarnica\/#webpage"},"articleSection":"Pasja, karpaty, korona g\u00f3r polski, turystyka"},{"@type":"BreadcrumbList","@id":"https:\/\/www.skalnik.pl\/blog\/korona-gor-polski-tarnica\/#breadcrumblist","itemListElement":[{"@type":"ListItem","@id":"https:\/\/www.skalnik.pl\/blog#listItem","position":1,"name":"Home","item":"https:\/\/www.skalnik.pl\/blog","nextItem":{"@type":"ListItem","@id":"https:\/\/www.skalnik.pl\/blog\/.\/pasja\/#listItem","name":"Pasja"}},{"@type":"ListItem","@id":"https:\/\/www.skalnik.pl\/blog\/.\/pasja\/#listItem","position":2,"name":"Pasja","item":"https:\/\/www.skalnik.pl\/blog\/.\/pasja\/","nextItem":{"@type":"ListItem","@id":"https:\/\/www.skalnik.pl\/blog\/korona-gor-polski-tarnica\/#listItem","name":"Korona G\u00f3r Polski \u2013 Tarnica"},"previousItem":{"@type":"ListItem","@id":"https:\/\/www.skalnik.pl\/blog#listItem","name":"Home"}},{"@type":"ListItem","@id":"https:\/\/www.skalnik.pl\/blog\/korona-gor-polski-tarnica\/#listItem","position":3,"name":"Korona G\u00f3r Polski \u2013 Tarnica","previousItem":{"@type":"ListItem","@id":"https:\/\/www.skalnik.pl\/blog\/.\/pasja\/#listItem","name":"Pasja"}}]},{"@type":"Organization","@id":"https:\/\/www.skalnik.pl\/blog\/#organization","name":"blog Skalnik","description":"Blog, porady, artyku\u0142y - blog Skalnik","url":"https:\/\/www.skalnik.pl\/blog\/"},{"@type":"Person","@id":"https:\/\/www.skalnik.pl\/blog\/author\/dominik-marzec\/#author","url":"https:\/\/www.skalnik.pl\/blog\/author\/dominik-marzec\/","name":"Dominik Marzec","image":{"@type":"ImageObject","@id":"https:\/\/www.skalnik.pl\/blog\/korona-gor-polski-tarnica\/#authorImage","url":"https:\/\/secure.gravatar.com\/avatar\/3b5d5b73985d1015e6793369ac3b78362bc9b0fc6b0d982a1e6396714ef4fb75?s=96&d=mm&r=g","width":96,"height":96,"caption":"Dominik Marzec"}},{"@type":"WebPage","@id":"https:\/\/www.skalnik.pl\/blog\/korona-gor-polski-tarnica\/#webpage","url":"https:\/\/www.skalnik.pl\/blog\/korona-gor-polski-tarnica\/","name":"Korona G\u00f3r Polski \u2013 Tarnica - blog Skalnik","description":"Najwy\u017cszy szczyt Bieszczad\u00f3w -Tarnica - w naszym cyklu Korona G\u00f3r Polski. Poznaj szlaki na Tarnic\u0119. Ten wpis jest nie tylko dla zdobywc\u00f3w KGP. Rzu\u0107 wszytko i wyrusz w Bieszczady!","inLanguage":"pl-PL","isPartOf":{"@id":"https:\/\/www.skalnik.pl\/blog\/#website"},"breadcrumb":{"@id":"https:\/\/www.skalnik.pl\/blog\/korona-gor-polski-tarnica\/#breadcrumblist"},"author":{"@id":"https:\/\/www.skalnik.pl\/blog\/author\/dominik-marzec\/#author"},"creator":{"@id":"https:\/\/www.skalnik.pl\/blog\/author\/dominik-marzec\/#author"},"image":{"@type":"ImageObject","url":"https:\/\/www.skalnik.pl\/blog\/wp-content\/uploads\/2020\/10\/marek-piwnicki-s-aMqdiH9ZI-unsplash.jpg","@id":"https:\/\/www.skalnik.pl\/blog\/korona-gor-polski-tarnica\/#mainImage","width":1920,"height":706},"primaryImageOfPage":{"@id":"https:\/\/www.skalnik.pl\/blog\/korona-gor-polski-tarnica\/#mainImage"},"datePublished":"2020-10-11T09:22:00+02:00","dateModified":"2023-10-13T10:36:31+02:00"},{"@type":"WebSite","@id":"https:\/\/www.skalnik.pl\/blog\/#website","url":"https:\/\/www.skalnik.pl\/blog\/","name":"blog Skalnik","description":"Blog, porady, artyku\u0142y - blog Skalnik","inLanguage":"pl-PL","publisher":{"@id":"https:\/\/www.skalnik.pl\/blog\/#organization"}}]},"og:locale":"pl_PL","og:site_name":"blog Skalnik - Blog, porady, artyku\u0142y - blog Skalnik","og:type":"article","og:title":"Korona G\u00f3r Polski \u2013 Tarnica - blog Skalnik","og:description":"Najwy\u017cszy szczyt Bieszczad\u00f3w -Tarnica - w naszym cyklu Korona G\u00f3r Polski. Poznaj szlaki na Tarnic\u0119. Ten wpis jest nie tylko dla zdobywc\u00f3w KGP. Rzu\u0107 wszytko i wyrusz w Bieszczady!","og:url":"https:\/\/www.skalnik.pl\/blog\/korona-gor-polski-tarnica\/","og:image":"https:\/\/skalnik.pl\/blog\/wp-content\/uploads\/2020\/08\/gopr-tylko-gopr.jpg","og:image:secure_url":"https:\/\/skalnik.pl\/blog\/wp-content\/uploads\/2020\/08\/gopr-tylko-gopr.jpg","article:tag":["pasja","karpaty","korona g\u00f3r polski","turystyka"],"article:published_time":"2020-10-11T07:22:00+00:00","article:modified_time":"2023-10-13T08:36:31+00:00","twitter:card":"summary_large_image","twitter:title":"Korona G\u00f3r Polski \u2013 Tarnica - blog Skalnik","twitter:description":"Najwy\u017cszy szczyt Bieszczad\u00f3w -Tarnica - w naszym cyklu Korona G\u00f3r Polski. Poznaj szlaki na Tarnic\u0119. Ten wpis jest nie tylko dla zdobywc\u00f3w KGP. Rzu\u0107 wszytko i wyrusz w Bieszczady!","twitter:image":"https:\/\/skalnik.pl\/blog\/wp-content\/uploads\/2020\/08\/gopr-tylko-gopr.jpg"},"aioseo_meta_data":{"post_id":"14168","title":null,"description":"Najwy\u017cszy szczyt Bieszczad\u00f3w -Tarnica - w naszym cyklu Korona G\u00f3r Polski. Poznaj szlaki na Tarnic\u0119. Ten wpis jest nie tylko dla zdobywc\u00f3w KGP. Rzu\u0107 wszytko i wyrusz w Bieszczady!","keywords":[{"label":"tarnica szlaki","value":"tarnica szlaki"},{"label":"tarnica jaki szlak","value":"tarnica jaki szlak"},{"label":"kgp tarnica","value":"kgp tarnica"},{"label":"korona g\u00f3r polski","value":"korona g\u00f3r polski"},{"label":"bieszczady tarnica","value":"bieszczady tarnica"},{"label":"tarnica bieszczady","value":"tarnica bieszczady"}],"keyphrases":{"focus":{"keyphrase":"","score":0,"analysis":{"keyphraseInTitle":{"score":0,"maxScore":9,"error":1}}},"additional":[]},"primary_term":null,"canonical_url":null,"og_title":null,"og_description":null,"og_object_type":"default","og_image_type":"default","og_image_url":null,"og_image_width":null,"og_image_height":null,"og_image_custom_url":null,"og_image_custom_fields":null,"og_video":"","og_custom_url":null,"og_article_section":null,"og_article_tags":[],"twitter_use_og":false,"twitter_card":"default","twitter_image_type":"default","twitter_image_url":null,"twitter_image_custom_url":null,"twitter_image_custom_fields":null,"twitter_title":null,"twitter_description":null,"schema":{"blockGraphs":[],"customGraphs":[],"default":{"data":{"Article":[],"Course":[],"Dataset":[],"FAQPage":[],"Movie":[],"Person":[],"Product":[],"ProductReview":[],"Car":[],"Recipe":[],"Service":[],"SoftwareApplication":[],"WebPage":[]},"graphName":"","isEnabled":true},"graphs":[]},"schema_type":"default","schema_type_options":null,"pillar_content":false,"robots_default":true,"robots_noindex":false,"robots_noarchive":false,"robots_nosnippet":false,"robots_nofollow":false,"robots_noimageindex":false,"robots_noodp":false,"robots_notranslate":false,"robots_max_snippet":"-1","robots_max_videopreview":"-1","robots_max_imagepreview":"large","priority":null,"frequency":"default","local_seo":null,"breadcrumb_settings":null,"limit_modified_date":false,"ai":null,"created":"2022-08-26 10:24:55","updated":"2026-02-17 21:57:29","seo_analyzer_scan_date":null},"aioseo_breadcrumb":"<div class=\"aioseo-breadcrumbs\"><span class=\"aioseo-breadcrumb\">\n\t\t\t<a href=\"https:\/\/www.skalnik.pl\/blog\" title=\"Home\">Home<\/a>\n\t\t<\/span><span class=\"aioseo-breadcrumb-separator\">&raquo;<\/span><span class=\"aioseo-breadcrumb\">\n\t\t\t<a href=\"https:\/\/www.skalnik.pl\/blog\/.\/pasja\/\" title=\"Pasja\">Pasja<\/a>\n\t\t<\/span><span class=\"aioseo-breadcrumb-separator\">&raquo;<\/span><span class=\"aioseo-breadcrumb\">\n\t\t\tKorona G\u00f3r Polski \u2013 Tarnica\n\t\t<\/span><\/div>","aioseo_breadcrumb_json":[{"label":"Home","link":"https:\/\/www.skalnik.pl\/blog"},{"label":"Pasja","link":"https:\/\/www.skalnik.pl\/blog\/.\/pasja\/"},{"label":"Korona G\u00f3r Polski \u2013 Tarnica","link":"https:\/\/www.skalnik.pl\/blog\/korona-gor-polski-tarnica\/"}],"_links":{"self":[{"href":"https:\/\/www.skalnik.pl\/blog\/wp-json\/wp\/v2\/posts\/14168","targetHints":{"allow":["GET"]}}],"collection":[{"href":"https:\/\/www.skalnik.pl\/blog\/wp-json\/wp\/v2\/posts"}],"about":[{"href":"https:\/\/www.skalnik.pl\/blog\/wp-json\/wp\/v2\/types\/post"}],"author":[{"embeddable":true,"href":"https:\/\/www.skalnik.pl\/blog\/wp-json\/wp\/v2\/users\/21"}],"replies":[{"embeddable":true,"href":"https:\/\/www.skalnik.pl\/blog\/wp-json\/wp\/v2\/comments?post=14168"}],"version-history":[{"count":12,"href":"https:\/\/www.skalnik.pl\/blog\/wp-json\/wp\/v2\/posts\/14168\/revisions"}],"predecessor-version":[{"id":23203,"href":"https:\/\/www.skalnik.pl\/blog\/wp-json\/wp\/v2\/posts\/14168\/revisions\/23203"}],"wp:featuredmedia":[{"embeddable":true,"href":"https:\/\/www.skalnik.pl\/blog\/wp-json\/wp\/v2\/media\/14180"}],"wp:attachment":[{"href":"https:\/\/www.skalnik.pl\/blog\/wp-json\/wp\/v2\/media?parent=14168"}],"wp:term":[{"taxonomy":"category","embeddable":true,"href":"https:\/\/www.skalnik.pl\/blog\/wp-json\/wp\/v2\/categories?post=14168"},{"taxonomy":"post_tag","embeddable":true,"href":"https:\/\/www.skalnik.pl\/blog\/wp-json\/wp\/v2\/tags?post=14168"},{"taxonomy":"magento_category","embeddable":true,"href":"https:\/\/www.skalnik.pl\/blog\/wp-json\/wp\/v2\/magento_category?post=14168"},{"taxonomy":"magento_product","embeddable":true,"href":"https:\/\/www.skalnik.pl\/blog\/wp-json\/wp\/v2\/magento_product?post=14168"}],"curies":[{"name":"wp","href":"https:\/\/api.w.org\/{rel}","templated":true}]}}