{"id":14325,"date":"2020-10-21T08:45:00","date_gmt":"2020-10-21T06:45:00","guid":{"rendered":"https:\/\/skalnik.pl\/blog\/?p=14325"},"modified":"2021-07-05T14:23:59","modified_gmt":"2021-07-05T12:23:59","slug":"korona-gor-polski-chelmiec","status":"publish","type":"post","link":"https:\/\/www.skalnik.pl\/blog\/korona-gor-polski-chelmiec\/","title":{"rendered":"Korona G\u00f3r Polski &#8211; Che\u0142miec"},"content":{"rendered":"\n<p><strong>Kszta\u0142t Che\u0142mca wraz z charakterystycznymi konstrukcjami na szczycie pozwalaj\u0105 z daleka rozpozna\u0107 t\u0119 g\u00f3r\u0119. Mimo niedu\u017cej wysoko\u015bci tutejsze szlaki s\u0105 bardzo r\u00f3\u017cnorodne i potrafi\u0105 dostarczy\u0107 wielu wra\u017ce\u0144.<\/strong><\/p>\n\n\n\n<div id=\"ez-toc-container\" class=\"ez-toc-v2_0_85 counter-hierarchy ez-toc-counter ez-toc-light-blue ez-toc-container-direction\">\n<div class=\"ez-toc-title-container\">\n<p class=\"ez-toc-title\" style=\"cursor:inherit\">SPIS TRE\u015aCI <\/p>\n<span class=\"ez-toc-title-toggle\"><a href=\"#\" class=\"ez-toc-pull-right ez-toc-btn ez-toc-btn-xs ez-toc-btn-default ez-toc-toggle\" aria-label=\"Prze\u0142\u0105cznik Spisu Tre\u015bci\"><span class=\"ez-toc-js-icon-con\"><span class=\"\"><span class=\"eztoc-hide\" style=\"display:none;\">Toggle<\/span><span class=\"ez-toc-icon-toggle-span\"><svg style=\"fill: #999;color:#999\" xmlns=\"http:\/\/www.w3.org\/2000\/svg\" class=\"list-377408\" width=\"20px\" height=\"20px\" viewBox=\"0 0 24 24\" fill=\"none\"><path d=\"M6 6H4v2h2V6zm14 0H8v2h12V6zM4 11h2v2H4v-2zm16 0H8v2h12v-2zM4 16h2v2H4v-2zm16 0H8v2h12v-2z\" fill=\"currentColor\"><\/path><\/svg><svg style=\"fill: #999;color:#999\" class=\"arrow-unsorted-368013\" xmlns=\"http:\/\/www.w3.org\/2000\/svg\" width=\"10px\" height=\"10px\" viewBox=\"0 0 24 24\" version=\"1.2\" baseProfile=\"tiny\"><path d=\"M18.2 9.3l-6.2-6.3-6.2 6.3c-.2.2-.3.4-.3.7s.1.5.3.7c.2.2.4.3.7.3h11c.3 0 .5-.1.7-.3.2-.2.3-.5.3-.7s-.1-.5-.3-.7zM5.8 14.7l6.2 6.3 6.2-6.3c.2-.2.3-.5.3-.7s-.1-.5-.3-.7c-.2-.2-.4-.3-.7-.3h-11c-.3 0-.5.1-.7.3-.2.2-.3.5-.3.7s.1.5.3.7z\"\/><\/svg><\/span><\/span><\/span><\/a><\/span><\/div>\n<nav><ul class='ez-toc-list ez-toc-list-level-1 ' ><li class='ez-toc-page-1 ez-toc-heading-level-2'><a class=\"ez-toc-link ez-toc-heading-1\" href=\"https:\/\/www.skalnik.pl\/blog\/korona-gor-polski-chelmiec\/#Polozenie\" >Po\u0142o\u017cenie<\/a><\/li><li class='ez-toc-page-1 ez-toc-heading-level-2'><a class=\"ez-toc-link ez-toc-heading-2\" href=\"https:\/\/www.skalnik.pl\/blog\/korona-gor-polski-chelmiec\/#Jak_wejsc\" >Jak wej\u015b\u0107<\/a><\/li><li class='ez-toc-page-1 ez-toc-heading-level-2'><a class=\"ez-toc-link ez-toc-heading-3\" href=\"https:\/\/www.skalnik.pl\/blog\/korona-gor-polski-chelmiec\/#Szlak_na_Chelmiec\" >Szlak na Che\u0142miec<\/a><ul class='ez-toc-list-level-3' ><li class='ez-toc-heading-level-3'><a class=\"ez-toc-link ez-toc-heading-4\" href=\"https:\/\/www.skalnik.pl\/blog\/korona-gor-polski-chelmiec\/#Boguszow-Gorce_PKP%E2%80%93_Chelmiec\" >Bogusz\u00f3w-Gorce (PKP)\u2013 Che\u0142miec<\/a><\/li><li class='ez-toc-page-1 ez-toc-heading-level-3'><a class=\"ez-toc-link ez-toc-heading-5\" href=\"https:\/\/www.skalnik.pl\/blog\/korona-gor-polski-chelmiec\/#Szczawno-Zdroj_%E2%80%93_Chelmiec\" >Szczawno-Zdr\u00f3j \u2013 Che\u0142miec<\/a><\/li><\/ul><\/li><li class='ez-toc-page-1 ez-toc-heading-level-2'><a class=\"ez-toc-link ez-toc-heading-6\" href=\"https:\/\/www.skalnik.pl\/blog\/korona-gor-polski-chelmiec\/#Chelmiec_szczyt\" >Che\u0142miec szczyt<\/a><\/li><li class='ez-toc-page-1 ez-toc-heading-level-2'><a class=\"ez-toc-link ez-toc-heading-7\" href=\"https:\/\/www.skalnik.pl\/blog\/korona-gor-polski-chelmiec\/#Co_warto_miec_ze_soba\" >Co warto mie\u0107 ze sob\u0105<\/a><\/li><li class='ez-toc-page-1 ez-toc-heading-level-2'><a class=\"ez-toc-link ez-toc-heading-8\" href=\"https:\/\/www.skalnik.pl\/blog\/korona-gor-polski-chelmiec\/#Ciekawostki\" >Ciekawostki<\/a><\/li><\/ul><\/nav><\/div>\n<h2 class=\"wp-block-heading\"><span class=\"ez-toc-section\" id=\"Polozenie\"><\/span>Po\u0142o\u017cenie<span class=\"ez-toc-section-end\"><\/span><\/h2>\n\n\n\n<p>Che\u0142miec le\u017cy w G\u00f3rach Wa\u0142brzyskich, kt\u00f3re zaliczaj\u0105 si\u0119 do Sudet\u00f3w \u015arodkowych. G\u00f3ry te granicz\u0105 z kilkoma pasmami: G\u00f3rami Sowimi, Kaczawskimi i Kamiennymi. Do Korony G\u00f3r Polski Che\u0142miec jest zaliczany, bowiem przez szereg lat by\u0142 uwa\u017cany za najwy\u017cszy szczyt G\u00f3r Wa\u0142brzyskich. I cho\u0107 dzi\u015b wiemy, \u017ce wy\u017csza od niego jest nieodleg\u0142a Borowa, to w wykazie KGP pozostaje Che\u0142miec.<\/p>\n\n\n\n<p>G\u00f3ry Wa\u0142brzyskie mo\u017ce nie maj\u0105 wielkich rekordzist\u00f3w wysoko\u015bci, ale tutejsze podej\u015bcia uchodz\u0105 za strome i naprawd\u0119 wymagaj\u0105ce. Tak jest zar\u00f3wno w przypadku Che\u0142mca, jak i Borowej.<\/p>\n\n\n\n<div class=\"wp-block-image\"><figure class=\"aligncenter size-large\"><img loading=\"lazy\" decoding=\"async\" width=\"1024\" height=\"768\" src=\"https:\/\/skalnik.pl\/blog\/wp-content\/uploads\/2020\/10\/borowa2.jpg\" alt=\"wie\u017ca na borowej\" class=\"wp-image-14335\" srcset=\"https:\/\/www.skalnik.pl\/blog\/wp-content\/uploads\/2020\/10\/borowa2.jpg 1024w, https:\/\/www.skalnik.pl\/blog\/wp-content\/uploads\/2020\/10\/borowa2-300x225.jpg 300w, https:\/\/www.skalnik.pl\/blog\/wp-content\/uploads\/2020\/10\/borowa2-768x576.jpg 768w\" sizes=\"auto, (max-width: 1024px) 100vw, 1024px\" \/><figcaption><em>Nieodleg\u0142a Borowa to najwy\u017cszy szczyt G\u00f3r Wa\u0142brzyskich. Obie g\u00f3ry spokojnie mo\u017cna zdoby\u0107 jednego dnia (a nawet do\u0142o\u017cy\u0107 jeszcze Walig\u00f3r\u0119, kt\u00f3r\u0105 opisali\u015bmy <a href=\"https:\/\/skalnik.pl\/blog\/korona-gor-polski-waligora\/\" target=\"_blank\" rel=\"noreferrer noopener\">tutaj)<\/a>.<\/em><\/figcaption><\/figure><\/div>\n\n\n\n<h2 class=\"wp-block-heading\"><span class=\"ez-toc-section\" id=\"Jak_wejsc\"><\/span>Jak wej\u015b\u0107<span class=\"ez-toc-section-end\"><\/span><\/h2>\n\n\n\n<p>Z dotarciem w okolice miejsca startu nie ma najmniejszego problemu. Po pierwsze dlatego, \u017ce jest kilka opcji trasy wiod\u0105cej na g\u00f3r\u0119, a po drugie ze wzgl\u0119du na po\u0142o\u017cenie Che\u0142mca. W pobli\u017cu znajduj\u0105 si\u0119 miasta, do kt\u00f3rych \u0142atwo dosta\u0107 si\u0119 nie tylko w\u0142asnym samochodem, ale tak\u017ce transportem zbiorowym. Poci\u0105giem mo\u017cna bez trudu dojecha\u0107 np. do Boguszowa-Gorc\u00f3w lub Wa\u0142brzycha. Dzi\u0119ki wykorzystaniu poci\u0105gu mo\u017cna zaliczy\u0107 ciekaw\u0105 tras\u0119 bez konieczno\u015bci zataczania p\u0119tli.<\/p>\n\n\n\n<h2 class=\"wp-block-heading\"><span class=\"ez-toc-section\" id=\"Szlak_na_Chelmiec\"><\/span>Szlak na Che\u0142miec<span class=\"ez-toc-section-end\"><\/span><\/h2>\n\n\n\n<p>Prowadz\u0105ce na Che\u0142miec szlaki turystyczne mo\u017cna podzieli\u0107 z grubsza na spacerowe i wymagaj\u0105ce. Spacerowe wij\u0105 si\u0119 przyjemnie i okalaj\u0105 g\u00f3r\u0119, te trudniejsze maj\u0105 przebieg od podn\u00f3\u017ca po szczyt niemal bez zb\u0119dnych odchyle\u0144. Zatem ka\u017cdy turysta powinien tu znale\u017a\u0107 co\u015b, co lubi lub co odpowiada jego kondycji. &nbsp;<\/p>\n\n\n\n<h3 class=\"wp-block-heading\"><span class=\"ez-toc-section\" id=\"Boguszow-Gorce_PKP%E2%80%93_Chelmiec\"><\/span>Bogusz\u00f3w-Gorce (PKP)\u2013 Che\u0142miec <span class=\"ez-toc-section-end\"><\/span><\/h3>\n\n\n\n<p>Kolor szlaku: zielony<br>Czas przej\u015bcia: 1:40 h (Bogusz\u00f3w-Gorce PKP)<br>Dystans: 4,7 km <\/p>\n\n\n\n<p>Najch\u0119tniej wybierany to zielony szlak na Che\u0142miec, prowadz\u0105cy z Boguszowa-Gorc\u00f3w. To dobra opcja na wycieczk\u0119 rodzinn\u0105, nawet z najm\u0142odszymi latoro\u015blami. Po r\u00f3wno wytyczonym szlaku bez problemu mo\u017cna prowadzi\u0107 w\u00f3zek. Zielonego oznaczenia powinni szuka\u0107 zar\u00f3wno przyje\u017cd\u017caj\u0105cy PKP \u2013 szlak biegnie bezpo\u015brednio przy dworcu kolejowym, jak i zmotoryzowani. Maj\u0105 oni do dyspozycji spory parking (bezp\u0142atny) po\u0142o\u017cony u zbiegu ulic S\u0142odowej i Kusoci\u0144skiego. Stamt\u0105d droga na szczyt zajmuje 1:15 h i ma nieca\u0142e 3,5 km. <\/p>\n\n\n\n<div class=\"wp-block-image\"><figure class=\"aligncenter size-large\"><img loading=\"lazy\" decoding=\"async\" width=\"1024\" height=\"768\" src=\"https:\/\/skalnik.pl\/blog\/wp-content\/uploads\/2020\/10\/chelmiec-po-drodze-1024x768.jpg\" alt=\"g\u00f3ry wa\u0142brzyskie droga na che\u0142miec\" class=\"wp-image-14334\" srcset=\"https:\/\/www.skalnik.pl\/blog\/wp-content\/uploads\/2020\/10\/chelmiec-po-drodze-1024x768.jpg 1024w, https:\/\/www.skalnik.pl\/blog\/wp-content\/uploads\/2020\/10\/chelmiec-po-drodze-300x225.jpg 300w, https:\/\/www.skalnik.pl\/blog\/wp-content\/uploads\/2020\/10\/chelmiec-po-drodze-768x576.jpg 768w, https:\/\/www.skalnik.pl\/blog\/wp-content\/uploads\/2020\/10\/chelmiec-po-drodze.jpg 1028w\" sizes=\"auto, (max-width: 1024px) 100vw, 1024px\" \/><figcaption><em>Sielskie widoki na szlaku zielonym na Che\u0142miec<\/em><\/figcaption><\/figure><\/div>\n\n\n\n<p>Z dworca droga na szczyt Che\u0142mca zajmuje p\u00f3\u0142torej godziny, z parkingu jest 30 min. szybciej. Tak jak wspomnia\u0142am, szlak jest dobrze wytyczony, a w\u0119dr\u00f3wka to przemi\u0142y spacer. Wzd\u0142u\u017c szlaku mija si\u0119 granitowe p\u0142yty uwsp\u00f3\u0142cze\u015bnionej drogi krzy\u017cowej, po\u015bwi\u0119conej g\u00f3rnikom. Nad urod\u0105 tego rozwi\u0105zania mo\u017ce lepiej nie dyskutowa\u0107, natomiast niew\u0105tpliwie s\u0105 one dobrym wska\u017anikiem odpowiadaj\u0105cym na pytanie \u201edaleko jeszcze?\u201d \u2013 stacji  jest oczywi\u015bcie czterna\u015bcie.<\/p>\n\n\n\n<div style=\"max-width:1000px;overflow:hidden;margin:0 auto;min-width:300px;\"><iframe src=\"https:\/\/mapa-turystyczna.pl\/map\/widget\/route\/h1l0p1\/qvw3.html\" style=\"width:100%;border:0;\" height=\"800\" frameborder=\"0\"><\/iframe><a href=\"https:\/\/mapa-turystyczna.pl\/route\/qvw3?utm_source=external_web&amp;utm_medium=widget&amp;utm_campaign=route_widget\" target=\"_blank\" style=\"color:#999;padding:7px 0;font-size: 13px;font-family:Roboto,Arial,sans-serif;display: inline-block;\" rel=\"noopener noreferrer\">Trasa: Bogusz\u00f3w-Gorce, stacja kolejowa \u2013 Che\u0142miec | mapa-turystyczna.pl<\/a><\/div>\n\n\n\n<p>Podobnie spacerowy charakter ma szlak czarny, kt\u00f3ry niemal w ca\u0142o\u015bci okala Che\u0142miec prowadz\u0105c ze Szczawna-Zdr\u00f3j na wierzcho\u0142ek.<\/p>\n\n\n\n<h3 class=\"wp-block-heading\"><span class=\"ez-toc-section\" id=\"Szczawno-Zdroj_%E2%80%93_Chelmiec\"><\/span>Szczawno-Zdr\u00f3j \u2013 Che\u0142miec <span class=\"ez-toc-section-end\"><\/span><\/h3>\n\n\n\n<p>Kolor szlaku: niebieski<br>Czas przej\u015bcia: 2 h<br>Dystans: 4,7 km<\/p>\n\n\n\n<p>Zdecydowanie wi\u0119cej adrenaliny dostarczaj\u0105 w\u0119dr\u00f3wce na Che\u0142miec szlaki \u017c\u00f3\u0142ty i niebieski. Szczeg\u00f3lnie ten drugi to prowadz\u0105ca na Che\u0142miec trasa, kt\u00f3ra niemal w ca\u0142o\u015bci charakteryzuje si\u0119 stromymi podej\u015bciami. Tu sprawdzi\u0107 si\u0119 mog\u0105 wszyscy t\u0119skni\u0105cy za wysokimi g\u00f3rami i wymagaj\u0105cymi podej\u015bciami. Jednocze\u015bnie w przypadku gorszej pogody tu mog\u0105 wyst\u0105pi\u0107 najwi\u0119ksze problemy (zalodzenie, \u015bnieg lub b\u0142oto). Warto wtedy szczeg\u00f3lnie uwa\u017ca\u0107 zar\u00f3wno podczas drogi w g\u00f3r\u0119, jak i w d\u00f3\u0142. <\/p>\n\n\n\n<div style=\"max-width:1000px;overflow:hidden;margin:0 auto;min-width:300px;\"><iframe src=\"https:\/\/mapa-turystyczna.pl\/map\/widget\/route\/h1l0p1\/5sb1.html\" style=\"width:100%;border:0;\" height=\"800\" frameborder=\"0\"><\/iframe><a href=\"https:\/\/mapa-turystyczna.pl\/route\/5sb1?utm_source=external_web&amp;utm_medium=widget&amp;utm_campaign=route_widget\" target=\"_blank\" style=\"color:#999;padding:7px 0;font-size: 13px;font-family:Roboto,Arial,sans-serif;display: inline-block;\" rel=\"noopener noreferrer\">Trasa: Szczawno-Zdr\u00f3j \u2013 Che\u0142miec | mapa-turystyczna.pl<\/a><\/div>\n\n\n\n<p>Niezale\u017cnie od tego, kt\u00f3ry wariant wybierzesz <a href=\"https:\/\/skalnik.pl\/sprzet-turystyczny\/ksiegarnia\/ksiegarnia-mapy\/sudety\" target=\"_blank\" rel=\"noreferrer noopener\">mapa Sudety<\/a> poka\u017ce ci w\u0142a\u015bciw\u0105 drog\u0119.<\/p>\n\n\n\n<h2 class=\"wp-block-heading\"><span class=\"ez-toc-section\" id=\"Chelmiec_szczyt\"><\/span>Che\u0142miec szczyt<span class=\"ez-toc-section-end\"><\/span><\/h2>\n\n\n\n<p>Je\u015bli spodziewasz si\u0119 obcowania z przyrod\u0105 i dlatego wybierasz Che\u0142miec szczyt ten ci\u0119 rozczaruje. Ta g\u00f3ra nie przypomina \u017cadnej innej spo\u015br\u00f3d Korony G\u00f3r Polski. Trudno j\u0105 zreszt\u0105 por\u00f3wna\u0107 do jakiegokolwiek szczytu. Jest tu niezwykle&#8230; industrialnie. To tak nietypowe w g\u00f3rach, \u017ce warto tu przyby\u0107 i zobaczy\u0107 na w\u0142asne oczy. Zreszt\u0105 historia budynk\u00f3w i konstrukcji jest do\u015b\u0107 ciekawa \u2013 po szczeg\u00f3\u0142y zapraszam do sekcji z ciekawostkami.<\/p>\n\n\n\n<div class=\"wp-block-image\"><figure class=\"aligncenter size-large\"><img loading=\"lazy\" decoding=\"async\" width=\"1024\" height=\"768\" src=\"https:\/\/skalnik.pl\/blog\/wp-content\/uploads\/2020\/10\/chelmiec-1024x768.jpg\" alt=\"\" class=\"wp-image-14333\" srcset=\"https:\/\/www.skalnik.pl\/blog\/wp-content\/uploads\/2020\/10\/chelmiec-1024x768.jpg 1024w, https:\/\/www.skalnik.pl\/blog\/wp-content\/uploads\/2020\/10\/chelmiec-300x225.jpg 300w, https:\/\/www.skalnik.pl\/blog\/wp-content\/uploads\/2020\/10\/chelmiec-768x576.jpg 768w, https:\/\/www.skalnik.pl\/blog\/wp-content\/uploads\/2020\/10\/chelmiec-1536x1152.jpg 1536w, https:\/\/www.skalnik.pl\/blog\/wp-content\/uploads\/2020\/10\/chelmiec-2048x1536.jpg 2048w\" sizes=\"auto, (max-width: 1024px) 100vw, 1024px\" \/><figcaption><em>Widoki na Che\u0142miec i z Che\u0142mca s\u0105 mocno industrialne<\/em><\/figcaption><\/figure><\/div>\n\n\n\n<p>Odnowiona wie\u017ca widokowa pe\u0142ni tak\u017ce rol\u0119 dodatkowego masztu, st\u0105d oznaczenia, \u017ce jest to strefa ograniczonego przebywania. Warto wzi\u0105\u0107 to pod uwag\u0119 stoj\u0105c na jej szczycie. Z wie\u017cy rozci\u0105ga si\u0119 widok na okoliczne miasta: Wa\u0142brzych i Szczawno-Zdr\u00f3j. Mo\u017cna te\u017c z niej dostrzec (w zale\u017cno\u015bci od pogody i widoczno\u015bci) zar\u00f3wno G\u00f3ry Wa\u0142brzyskie, jak i Kamienne oraz Kaczawskie. W przypadku naprawd\u0119 dobrych warunk\u00f3w dostrzec mo\u017cna te\u017c Rudawy Janowickie, G\u00f3ry Sowie i \u015al\u0119\u017c\u0119.<\/p>\n\n\n\n<p>Opr\u00f3cz wie\u017cy widokowej, budynku RTON, maszt\u00f3w oraz krzy\u017ca na Che\u0142mcu stoi tak\u017ce tradycyjna infrastruktura spotykana w g\u00f3rach. Jest sporych rozmiar\u00f3w wiata turystyczna, a przed ni\u0105 wydzielone miejsce na ognisko.<\/p>\n\n\n\n<iframe loading=\"lazy\" src=\"https:\/\/www.youtube.com\/embed\/NHxy8o6fDYk\" allow=\"accelerometer; autoplay; clipboard-write; encrypted-media; gyroscope; picture-in-picture\" allowfullscreen=\"\" width=\"800\" height=\"442\" frameborder=\"0\"><\/iframe>\n\n\n\n<div style=\"width:1024; height:600px; padding: 15px; resize:both; overflow: auto;\"> <div style=\"width:100%; height:100%; box-shadow: 5px 5px 15px #00000038;\"> <iframe src=\"https:\/\/kgp3d.amu.edu.pl\/szczyty\/Chelmiec.html\" allow=\"xr xr-spatial-tracking\" style=\"height: 100%; width: 100%; border: 0;\" ><\/iframe> <\/div> <\/div>\n\n\n\n<h2 class=\"wp-block-heading\"><span class=\"ez-toc-section\" id=\"Co_warto_miec_ze_soba\"><\/span>Co warto mie\u0107 ze sob\u0105<span class=\"ez-toc-section-end\"><\/span><\/h2>\n\n\n\n<p>W\u0119dr\u00f3wka na Che\u0142miec nie jest bardzo wymagaj\u0105ca, a szlaki wiod\u0105 w dolnej cz\u0119\u015bci polami, w g\u00f3rnej za\u015b lasem. Zdecydowanie wystarczaj\u0105 <a href=\"https:\/\/skalnik.pl\/catalogsearch\/result\/?q=buty+podej%C5%9Bciowe\" target=\"_blank\" rel=\"noreferrer noopener\">buty podej\u015bciowe<\/a>, tak\u017ce na szlaku niebieskim, chocia\u017c on \u2013 podkre\u015bl\u0119 raz jeszcze \u2013 wymaga szczeg\u00f3lnej ostro\u017cno\u015bci. Wed\u0142ug mnie to tak\u017ce g\u00f3ra, na kt\u00f3rej mo\u017cna spokojnie popr\u00f3bowa\u0107 treningi biegowe. Na szlak niebieski i \u017c\u00f3\u0142ty proponuj\u0119 zabra\u0107 tak\u017ce kije trekkingowe, przydatne szczeg\u00f3lnie podczas schodzenia po tych stromych \u015bcie\u017ckach. Przyda si\u0119 oczywi\u015bcie przek\u0105ska i co\u015b do picia, poniewa\u017c w wie\u017cy nie zawsze dost\u0119pny jest bufet.<\/p>\n\n\n\n<h2 class=\"wp-block-heading\"><span class=\"ez-toc-section\" id=\"Ciekawostki\"><\/span>Ciekawostki<span class=\"ez-toc-section-end\"><\/span><\/h2>\n\n\n\n<ul class=\"wp-block-list\"><li>Na niekt\u00f3rych starszych mapach turystycznych wysoko\u015b\u0107 Che\u0142mca to 869 m n.p.m. Wzi\u0119\u0142a si\u0119 ona z pomy\u0142ki w punkcie wierzcho\u0142ka \u2013 b\u0142\u0119dnie wysoko\u015b\u0107 g\u00f3ry podawano \u0142\u0105cznie z wie\u017c\u0105 widokow\u0105. Po skorygowaniu i pomiarze do wierzcho\u0142ka Che\u0142miec \u201ezmala\u0142\u201d o kilkana\u015bcie metr\u00f3w, do 851 m n.p.m.<\/li><li>Wie\u017ca widokowa, kt\u00f3ra jest udost\u0119pniana turystom pami\u0119ta koniec XIX wieku, kiedy to wzniesiono j\u0105 w formie&#8230; ruiny (zgodnie z panuj\u0105c\u0105 wtedy mod\u0105). Przed wojn\u0105 cieszy\u0142a si\u0119 zainteresowaniem turyst\u00f3w, po wojnie niszcza\u0142a. Obecnie zosta\u0142a odbudowana i spe\u0142nia swoj\u0105 rol\u0119 punktu widokowego na okoliczne g\u00f3ry. Jest tak\u017ce no\u015bnikiem wielu anten.<\/li><li>Stoj\u0105cy na szczycie budynek powsta\u0142 po II wojnie \u015bwiatowej. St\u0105d zag\u0142uszano sygna\u0142 Radia Wolna Europa, a teren dooko\u0142a by\u0142 niedost\u0119pny dla os\u00f3b postronnych. W swojej historii budynek pe\u0142ni\u0142 te\u017c funkcj\u0119 o\u015brodka kolonijnego oraz Radiowo-Telewizyjnego O\u015brodka Nadawczego. Obecnie wraz ze stoj\u0105cym obok masztem wykorzystywany jest przez firm\u0119 telekomunikacyjn\u0105.<\/li><li>W 2003 r. na szczycie Che\u0142mca stan\u0105\u0142 krzy\u017c o konstrukcji przypominaj\u0105cej kratownic\u0119. Zosta\u0142 ufundowany przez spo\u0142eczny komitet, ale wzbudzi\u0142 liczne kontrowersje. Odbywaj\u0105 si\u0119 przy nim uroczysto\u015bci o charakterze religijnym. Krzy\u017c jest o\u015bwietlony noc\u0105.<\/li><li>Wzd\u0142u\u017c szlaku zielonego stan\u0119\u0142y w 2001 r. granitowe p\u0142yty ze stacjami drogi krzy\u017cowej g\u00f3rniczego trudu, postawione przez mieszka\u0144c\u00f3w Boguszowa-Gorc\u00f3w.<\/li><\/ul>\n\n\n\n<p>Chcesz zdoby\u0107 albo ju\u017c zdobywasz <a href=\"https:\/\/skalnik.pl\/blog\/korona-gor-polski\" target=\"_blank\" rel=\"noreferrer noopener\">Koron\u0119 G\u00f3r Polski<\/a>? Zapoznaj si\u0119 z naszymi tekstami, w kt\u00f3rych prezentujemy ka\u017cdy ze szczyt\u00f3w KGP. Znajdziesz w nich praktyczne porady, opisy i przebieg polecanych szlak\u00f3w oraz ciekawostki dotycz\u0105ce ka\u017cdej z g\u00f3r.<\/p>\n","protected":false},"excerpt":{"rendered":"<p>Z daleka widoczna sylwetka Che\u0142mca to znak rozpoznawczy G\u00f3r Wa\u0142brzyskich. Masz do wyboru kilka wariant\u00f3w szlaku na ten szczyt nale\u017c\u0105cy do Korony G\u00f3r Polski.<\/p>\n","protected":false},"author":9,"featured_media":15777,"comment_status":"open","ping_status":"open","sticky":false,"template":"","format":"standard","meta":{"_acf_changed":false,"footnotes":""},"categories":[84],"tags":[28,260,162],"magento_category":[],"magento_product":[],"class_list":["post-14325","post","type-post","status-publish","format-standard","has-post-thumbnail","hentry","category-pasja","tag-gory","tag-korona-gor-polski","tag-sudety"],"acf":[],"aioseo_notices":[],"aioseo_head":"\n\t\t<!-- All in One SEO 4.9.10 - aioseo.com -->\n\t<meta name=\"description\" content=\"Che\u0142miec w zestawieniu Korona G\u00f3r Polski reprezentuje G\u00f3ry Wa\u0142brzyskie. Zobacz, jakie szlaki prowadz\u0105 na Che\u0142miec i sprawd\u017a czy dalej jest to najwy\u017cszy szczyt tych g\u00f3r.\" \/>\n\t<meta name=\"robots\" content=\"max-image-preview:large\" \/>\n\t<meta name=\"author\" content=\"Beata Nawrotkiewicz\"\/>\n\t<link rel=\"canonical\" href=\"https:\/\/www.skalnik.pl\/blog\/korona-gor-polski-chelmiec\/\" \/>\n\t<meta name=\"generator\" content=\"All in One SEO (AIOSEO) 4.9.10\" \/>\n\t\t<meta property=\"og:locale\" content=\"pl_PL\" \/>\n\t\t<meta property=\"og:site_name\" content=\"blog Skalnik - Blog, porady, artyku\u0142y - blog Skalnik\" \/>\n\t\t<meta property=\"og:type\" content=\"article\" \/>\n\t\t<meta property=\"og:title\" content=\"Korona G\u00f3r Polski \u2013 Che\u0142miec - blog Skalnik\" \/>\n\t\t<meta property=\"og:description\" content=\"Che\u0142miec w zestawieniu Korona G\u00f3r Polski reprezentuje G\u00f3ry Wa\u0142brzyskie. Zobacz, jakie szlaki prowadz\u0105 na Che\u0142miec i sprawd\u017a czy dalej jest to najwy\u017cszy szczyt tych g\u00f3r.\" \/>\n\t\t<meta property=\"og:url\" content=\"https:\/\/www.skalnik.pl\/blog\/korona-gor-polski-chelmiec\/\" \/>\n\t\t<meta property=\"og:image\" content=\"https:\/\/skalnik.pl\/blog\/wp-content\/uploads\/2020\/10\/borowa2.jpg\" \/>\n\t\t<meta property=\"og:image:secure_url\" content=\"https:\/\/skalnik.pl\/blog\/wp-content\/uploads\/2020\/10\/borowa2.jpg\" \/>\n\t\t<meta property=\"article:tag\" content=\"pasja\" \/>\n\t\t<meta property=\"article:tag\" content=\"g\u00f3ry\" \/>\n\t\t<meta property=\"article:tag\" content=\"korona g\u00f3r polski\" \/>\n\t\t<meta property=\"article:tag\" content=\"sudety\" \/>\n\t\t<meta property=\"article:published_time\" content=\"2020-10-21T06:45:00+00:00\" \/>\n\t\t<meta property=\"article:modified_time\" content=\"2021-07-05T12:23:59+00:00\" \/>\n\t\t<meta name=\"twitter:card\" content=\"summary_large_image\" \/>\n\t\t<meta name=\"twitter:title\" content=\"Korona G\u00f3r Polski \u2013 Che\u0142miec - blog Skalnik\" \/>\n\t\t<meta name=\"twitter:description\" content=\"Che\u0142miec w zestawieniu Korona G\u00f3r Polski reprezentuje G\u00f3ry Wa\u0142brzyskie. Zobacz, jakie szlaki prowadz\u0105 na Che\u0142miec i sprawd\u017a czy dalej jest to najwy\u017cszy szczyt tych g\u00f3r.\" \/>\n\t\t<meta name=\"twitter:image\" content=\"https:\/\/skalnik.pl\/blog\/wp-content\/uploads\/2020\/10\/borowa2.jpg\" \/>\n\t\t<script type=\"application\/ld+json\" class=\"aioseo-schema\">\n\t\t\t{\"@context\":\"https:\\\/\\\/schema.org\",\"@graph\":[{\"@type\":\"BlogPosting\",\"@id\":\"https:\\\/\\\/www.skalnik.pl\\\/blog\\\/korona-gor-polski-chelmiec\\\/#blogposting\",\"name\":\"Korona G\\u00f3r Polski \\u2013 Che\\u0142miec - blog Skalnik\",\"headline\":\"Korona G\\u00f3r Polski &#8211; Che\\u0142miec\",\"author\":{\"@id\":\"https:\\\/\\\/www.skalnik.pl\\\/blog\\\/author\\\/beata-nawrotkiewicz\\\/#author\"},\"publisher\":{\"@id\":\"https:\\\/\\\/www.skalnik.pl\\\/blog\\\/#organization\"},\"image\":{\"@type\":\"ImageObject\",\"url\":\"https:\\\/\\\/www.skalnik.pl\\\/blog\\\/wp-content\\\/uploads\\\/2020\\\/10\\\/che\\u0142miec-kgp.jpg\",\"width\":1920,\"height\":706},\"datePublished\":\"2020-10-21T08:45:00+02:00\",\"dateModified\":\"2021-07-05T14:23:59+02:00\",\"inLanguage\":\"pl-PL\",\"mainEntityOfPage\":{\"@id\":\"https:\\\/\\\/www.skalnik.pl\\\/blog\\\/korona-gor-polski-chelmiec\\\/#webpage\"},\"isPartOf\":{\"@id\":\"https:\\\/\\\/www.skalnik.pl\\\/blog\\\/korona-gor-polski-chelmiec\\\/#webpage\"},\"articleSection\":\"Pasja, g\\u00f3ry, korona g\\u00f3r polski, sudety\"},{\"@type\":\"BreadcrumbList\",\"@id\":\"https:\\\/\\\/www.skalnik.pl\\\/blog\\\/korona-gor-polski-chelmiec\\\/#breadcrumblist\",\"itemListElement\":[{\"@type\":\"ListItem\",\"@id\":\"https:\\\/\\\/www.skalnik.pl\\\/blog#listItem\",\"position\":1,\"name\":\"Home\",\"item\":\"https:\\\/\\\/www.skalnik.pl\\\/blog\",\"nextItem\":{\"@type\":\"ListItem\",\"@id\":\"https:\\\/\\\/www.skalnik.pl\\\/blog\\\/.\\\/pasja\\\/#listItem\",\"name\":\"Pasja\"}},{\"@type\":\"ListItem\",\"@id\":\"https:\\\/\\\/www.skalnik.pl\\\/blog\\\/.\\\/pasja\\\/#listItem\",\"position\":2,\"name\":\"Pasja\",\"item\":\"https:\\\/\\\/www.skalnik.pl\\\/blog\\\/.\\\/pasja\\\/\",\"nextItem\":{\"@type\":\"ListItem\",\"@id\":\"https:\\\/\\\/www.skalnik.pl\\\/blog\\\/korona-gor-polski-chelmiec\\\/#listItem\",\"name\":\"Korona G\\u00f3r Polski &#8211; Che\\u0142miec\"},\"previousItem\":{\"@type\":\"ListItem\",\"@id\":\"https:\\\/\\\/www.skalnik.pl\\\/blog#listItem\",\"name\":\"Home\"}},{\"@type\":\"ListItem\",\"@id\":\"https:\\\/\\\/www.skalnik.pl\\\/blog\\\/korona-gor-polski-chelmiec\\\/#listItem\",\"position\":3,\"name\":\"Korona G\\u00f3r Polski &#8211; Che\\u0142miec\",\"previousItem\":{\"@type\":\"ListItem\",\"@id\":\"https:\\\/\\\/www.skalnik.pl\\\/blog\\\/.\\\/pasja\\\/#listItem\",\"name\":\"Pasja\"}}]},{\"@type\":\"Organization\",\"@id\":\"https:\\\/\\\/www.skalnik.pl\\\/blog\\\/#organization\",\"name\":\"blog Skalnik\",\"description\":\"Blog, porady, artyku\\u0142y - blog Skalnik\",\"url\":\"https:\\\/\\\/www.skalnik.pl\\\/blog\\\/\"},{\"@type\":\"Person\",\"@id\":\"https:\\\/\\\/www.skalnik.pl\\\/blog\\\/author\\\/beata-nawrotkiewicz\\\/#author\",\"url\":\"https:\\\/\\\/www.skalnik.pl\\\/blog\\\/author\\\/beata-nawrotkiewicz\\\/\",\"name\":\"Beata Nawrotkiewicz\",\"image\":{\"@type\":\"ImageObject\",\"@id\":\"https:\\\/\\\/www.skalnik.pl\\\/blog\\\/korona-gor-polski-chelmiec\\\/#authorImage\",\"url\":\"https:\\\/\\\/secure.gravatar.com\\\/avatar\\\/53cf81cfcc3a81694535515925ffcf159be725e8bd1fb455eeb9e2cadcaa5684?s=96&d=mm&r=g\",\"width\":96,\"height\":96,\"caption\":\"Beata Nawrotkiewicz\"}},{\"@type\":\"WebPage\",\"@id\":\"https:\\\/\\\/www.skalnik.pl\\\/blog\\\/korona-gor-polski-chelmiec\\\/#webpage\",\"url\":\"https:\\\/\\\/www.skalnik.pl\\\/blog\\\/korona-gor-polski-chelmiec\\\/\",\"name\":\"Korona G\\u00f3r Polski \\u2013 Che\\u0142miec - blog Skalnik\",\"description\":\"Che\\u0142miec w zestawieniu Korona G\\u00f3r Polski reprezentuje G\\u00f3ry Wa\\u0142brzyskie. Zobacz, jakie szlaki prowadz\\u0105 na Che\\u0142miec i sprawd\\u017a czy dalej jest to najwy\\u017cszy szczyt tych g\\u00f3r.\",\"inLanguage\":\"pl-PL\",\"isPartOf\":{\"@id\":\"https:\\\/\\\/www.skalnik.pl\\\/blog\\\/#website\"},\"breadcrumb\":{\"@id\":\"https:\\\/\\\/www.skalnik.pl\\\/blog\\\/korona-gor-polski-chelmiec\\\/#breadcrumblist\"},\"author\":{\"@id\":\"https:\\\/\\\/www.skalnik.pl\\\/blog\\\/author\\\/beata-nawrotkiewicz\\\/#author\"},\"creator\":{\"@id\":\"https:\\\/\\\/www.skalnik.pl\\\/blog\\\/author\\\/beata-nawrotkiewicz\\\/#author\"},\"image\":{\"@type\":\"ImageObject\",\"url\":\"https:\\\/\\\/www.skalnik.pl\\\/blog\\\/wp-content\\\/uploads\\\/2020\\\/10\\\/che\\u0142miec-kgp.jpg\",\"@id\":\"https:\\\/\\\/www.skalnik.pl\\\/blog\\\/korona-gor-polski-chelmiec\\\/#mainImage\",\"width\":1920,\"height\":706},\"primaryImageOfPage\":{\"@id\":\"https:\\\/\\\/www.skalnik.pl\\\/blog\\\/korona-gor-polski-chelmiec\\\/#mainImage\"},\"datePublished\":\"2020-10-21T08:45:00+02:00\",\"dateModified\":\"2021-07-05T14:23:59+02:00\"},{\"@type\":\"WebSite\",\"@id\":\"https:\\\/\\\/www.skalnik.pl\\\/blog\\\/#website\",\"url\":\"https:\\\/\\\/www.skalnik.pl\\\/blog\\\/\",\"name\":\"blog Skalnik\",\"description\":\"Blog, porady, artyku\\u0142y - blog Skalnik\",\"inLanguage\":\"pl-PL\",\"publisher\":{\"@id\":\"https:\\\/\\\/www.skalnik.pl\\\/blog\\\/#organization\"}}]}\n\t\t<\/script>\n\t\t<!-- All in One SEO -->\n\n","aioseo_head_json":{"title":"Korona G\u00f3r Polski \u2013 Che\u0142miec - blog Skalnik","description":"Che\u0142miec w zestawieniu Korona G\u00f3r Polski reprezentuje G\u00f3ry Wa\u0142brzyskie. Zobacz, jakie szlaki prowadz\u0105 na Che\u0142miec i sprawd\u017a czy dalej jest to najwy\u017cszy szczyt tych g\u00f3r.","canonical_url":"https:\/\/www.skalnik.pl\/blog\/korona-gor-polski-chelmiec\/","robots":"max-image-preview:large","keywords":"","webmasterTools":{"miscellaneous":""},"schema":{"@context":"https:\/\/schema.org","@graph":[{"@type":"BlogPosting","@id":"https:\/\/www.skalnik.pl\/blog\/korona-gor-polski-chelmiec\/#blogposting","name":"Korona G\u00f3r Polski \u2013 Che\u0142miec - blog Skalnik","headline":"Korona G\u00f3r Polski &#8211; Che\u0142miec","author":{"@id":"https:\/\/www.skalnik.pl\/blog\/author\/beata-nawrotkiewicz\/#author"},"publisher":{"@id":"https:\/\/www.skalnik.pl\/blog\/#organization"},"image":{"@type":"ImageObject","url":"https:\/\/www.skalnik.pl\/blog\/wp-content\/uploads\/2020\/10\/che\u0142miec-kgp.jpg","width":1920,"height":706},"datePublished":"2020-10-21T08:45:00+02:00","dateModified":"2021-07-05T14:23:59+02:00","inLanguage":"pl-PL","mainEntityOfPage":{"@id":"https:\/\/www.skalnik.pl\/blog\/korona-gor-polski-chelmiec\/#webpage"},"isPartOf":{"@id":"https:\/\/www.skalnik.pl\/blog\/korona-gor-polski-chelmiec\/#webpage"},"articleSection":"Pasja, g\u00f3ry, korona g\u00f3r polski, sudety"},{"@type":"BreadcrumbList","@id":"https:\/\/www.skalnik.pl\/blog\/korona-gor-polski-chelmiec\/#breadcrumblist","itemListElement":[{"@type":"ListItem","@id":"https:\/\/www.skalnik.pl\/blog#listItem","position":1,"name":"Home","item":"https:\/\/www.skalnik.pl\/blog","nextItem":{"@type":"ListItem","@id":"https:\/\/www.skalnik.pl\/blog\/.\/pasja\/#listItem","name":"Pasja"}},{"@type":"ListItem","@id":"https:\/\/www.skalnik.pl\/blog\/.\/pasja\/#listItem","position":2,"name":"Pasja","item":"https:\/\/www.skalnik.pl\/blog\/.\/pasja\/","nextItem":{"@type":"ListItem","@id":"https:\/\/www.skalnik.pl\/blog\/korona-gor-polski-chelmiec\/#listItem","name":"Korona G\u00f3r Polski &#8211; Che\u0142miec"},"previousItem":{"@type":"ListItem","@id":"https:\/\/www.skalnik.pl\/blog#listItem","name":"Home"}},{"@type":"ListItem","@id":"https:\/\/www.skalnik.pl\/blog\/korona-gor-polski-chelmiec\/#listItem","position":3,"name":"Korona G\u00f3r Polski &#8211; Che\u0142miec","previousItem":{"@type":"ListItem","@id":"https:\/\/www.skalnik.pl\/blog\/.\/pasja\/#listItem","name":"Pasja"}}]},{"@type":"Organization","@id":"https:\/\/www.skalnik.pl\/blog\/#organization","name":"blog Skalnik","description":"Blog, porady, artyku\u0142y - blog Skalnik","url":"https:\/\/www.skalnik.pl\/blog\/"},{"@type":"Person","@id":"https:\/\/www.skalnik.pl\/blog\/author\/beata-nawrotkiewicz\/#author","url":"https:\/\/www.skalnik.pl\/blog\/author\/beata-nawrotkiewicz\/","name":"Beata Nawrotkiewicz","image":{"@type":"ImageObject","@id":"https:\/\/www.skalnik.pl\/blog\/korona-gor-polski-chelmiec\/#authorImage","url":"https:\/\/secure.gravatar.com\/avatar\/53cf81cfcc3a81694535515925ffcf159be725e8bd1fb455eeb9e2cadcaa5684?s=96&d=mm&r=g","width":96,"height":96,"caption":"Beata Nawrotkiewicz"}},{"@type":"WebPage","@id":"https:\/\/www.skalnik.pl\/blog\/korona-gor-polski-chelmiec\/#webpage","url":"https:\/\/www.skalnik.pl\/blog\/korona-gor-polski-chelmiec\/","name":"Korona G\u00f3r Polski \u2013 Che\u0142miec - blog Skalnik","description":"Che\u0142miec w zestawieniu Korona G\u00f3r Polski reprezentuje G\u00f3ry Wa\u0142brzyskie. Zobacz, jakie szlaki prowadz\u0105 na Che\u0142miec i sprawd\u017a czy dalej jest to najwy\u017cszy szczyt tych g\u00f3r.","inLanguage":"pl-PL","isPartOf":{"@id":"https:\/\/www.skalnik.pl\/blog\/#website"},"breadcrumb":{"@id":"https:\/\/www.skalnik.pl\/blog\/korona-gor-polski-chelmiec\/#breadcrumblist"},"author":{"@id":"https:\/\/www.skalnik.pl\/blog\/author\/beata-nawrotkiewicz\/#author"},"creator":{"@id":"https:\/\/www.skalnik.pl\/blog\/author\/beata-nawrotkiewicz\/#author"},"image":{"@type":"ImageObject","url":"https:\/\/www.skalnik.pl\/blog\/wp-content\/uploads\/2020\/10\/che\u0142miec-kgp.jpg","@id":"https:\/\/www.skalnik.pl\/blog\/korona-gor-polski-chelmiec\/#mainImage","width":1920,"height":706},"primaryImageOfPage":{"@id":"https:\/\/www.skalnik.pl\/blog\/korona-gor-polski-chelmiec\/#mainImage"},"datePublished":"2020-10-21T08:45:00+02:00","dateModified":"2021-07-05T14:23:59+02:00"},{"@type":"WebSite","@id":"https:\/\/www.skalnik.pl\/blog\/#website","url":"https:\/\/www.skalnik.pl\/blog\/","name":"blog Skalnik","description":"Blog, porady, artyku\u0142y - blog Skalnik","inLanguage":"pl-PL","publisher":{"@id":"https:\/\/www.skalnik.pl\/blog\/#organization"}}]},"og:locale":"pl_PL","og:site_name":"blog Skalnik - Blog, porady, artyku\u0142y - blog Skalnik","og:type":"article","og:title":"Korona G\u00f3r Polski \u2013 Che\u0142miec - blog Skalnik","og:description":"Che\u0142miec w zestawieniu Korona G\u00f3r Polski reprezentuje G\u00f3ry Wa\u0142brzyskie. Zobacz, jakie szlaki prowadz\u0105 na Che\u0142miec i sprawd\u017a czy dalej jest to najwy\u017cszy szczyt tych g\u00f3r.","og:url":"https:\/\/www.skalnik.pl\/blog\/korona-gor-polski-chelmiec\/","og:image":"https:\/\/skalnik.pl\/blog\/wp-content\/uploads\/2020\/10\/borowa2.jpg","og:image:secure_url":"https:\/\/skalnik.pl\/blog\/wp-content\/uploads\/2020\/10\/borowa2.jpg","article:tag":["pasja","g\u00f3ry","korona g\u00f3r polski","sudety"],"article:published_time":"2020-10-21T06:45:00+00:00","article:modified_time":"2021-07-05T12:23:59+00:00","twitter:card":"summary_large_image","twitter:title":"Korona G\u00f3r Polski \u2013 Che\u0142miec - blog Skalnik","twitter:description":"Che\u0142miec w zestawieniu Korona G\u00f3r Polski reprezentuje G\u00f3ry Wa\u0142brzyskie. Zobacz, jakie szlaki prowadz\u0105 na Che\u0142miec i sprawd\u017a czy dalej jest to najwy\u017cszy szczyt tych g\u00f3r.","twitter:image":"https:\/\/skalnik.pl\/blog\/wp-content\/uploads\/2020\/10\/borowa2.jpg"},"aioseo_meta_data":{"post_id":"14325","title":null,"description":"Che\u0142miec w zestawieniu Korona G\u00f3r Polski reprezentuje G\u00f3ry Wa\u0142brzyskie. Zobacz, jakie szlaki prowadz\u0105 na Che\u0142miec i sprawd\u017a czy dalej jest to najwy\u017cszy szczyt tych g\u00f3r.","keywords":"","keyphrases":null,"primary_term":null,"canonical_url":"","og_title":null,"og_description":null,"og_object_type":"default","og_image_type":"default","og_image_url":null,"og_image_width":null,"og_image_height":null,"og_image_custom_url":null,"og_image_custom_fields":null,"og_video":null,"og_custom_url":null,"og_article_section":null,"og_article_tags":null,"twitter_use_og":false,"twitter_card":"default","twitter_image_type":"default","twitter_image_url":null,"twitter_image_custom_url":null,"twitter_image_custom_fields":null,"twitter_title":null,"twitter_description":null,"schema":{"blockGraphs":[],"customGraphs":[],"default":{"data":{"Article":[],"Course":[],"Dataset":[],"FAQPage":[],"Movie":[],"Person":[],"Product":[],"ProductReview":[],"Car":[],"Recipe":[],"Service":[],"SoftwareApplication":[],"WebPage":[]},"graphName":"BlogPosting","isEnabled":true},"graphs":[]},"schema_type":"default","schema_type_options":null,"pillar_content":false,"robots_default":true,"robots_noindex":false,"robots_noarchive":false,"robots_nosnippet":false,"robots_nofollow":false,"robots_noimageindex":false,"robots_noodp":false,"robots_notranslate":false,"robots_max_snippet":null,"robots_max_videopreview":null,"robots_max_imagepreview":"large","priority":null,"frequency":null,"local_seo":null,"breadcrumb_settings":null,"limit_modified_date":false,"ai":null,"created":"2022-08-26 10:25:52","updated":"2026-02-17 21:58:29","seo_analyzer_scan_date":null},"aioseo_breadcrumb":"<div class=\"aioseo-breadcrumbs\"><span class=\"aioseo-breadcrumb\">\n\t\t\t<a href=\"https:\/\/www.skalnik.pl\/blog\" title=\"Home\">Home<\/a>\n\t\t<\/span><span class=\"aioseo-breadcrumb-separator\">&raquo;<\/span><span class=\"aioseo-breadcrumb\">\n\t\t\t<a href=\"https:\/\/www.skalnik.pl\/blog\/.\/pasja\/\" title=\"Pasja\">Pasja<\/a>\n\t\t<\/span><span class=\"aioseo-breadcrumb-separator\">&raquo;<\/span><span class=\"aioseo-breadcrumb\">\n\t\t\tKorona G\u00f3r Polski \u2013 Che\u0142miec\n\t\t<\/span><\/div>","aioseo_breadcrumb_json":[{"label":"Home","link":"https:\/\/www.skalnik.pl\/blog"},{"label":"Pasja","link":"https:\/\/www.skalnik.pl\/blog\/.\/pasja\/"},{"label":"Korona G\u00f3r Polski &#8211; Che\u0142miec","link":"https:\/\/www.skalnik.pl\/blog\/korona-gor-polski-chelmiec\/"}],"_links":{"self":[{"href":"https:\/\/www.skalnik.pl\/blog\/wp-json\/wp\/v2\/posts\/14325","targetHints":{"allow":["GET"]}}],"collection":[{"href":"https:\/\/www.skalnik.pl\/blog\/wp-json\/wp\/v2\/posts"}],"about":[{"href":"https:\/\/www.skalnik.pl\/blog\/wp-json\/wp\/v2\/types\/post"}],"author":[{"embeddable":true,"href":"https:\/\/www.skalnik.pl\/blog\/wp-json\/wp\/v2\/users\/9"}],"replies":[{"embeddable":true,"href":"https:\/\/www.skalnik.pl\/blog\/wp-json\/wp\/v2\/comments?post=14325"}],"version-history":[{"count":14,"href":"https:\/\/www.skalnik.pl\/blog\/wp-json\/wp\/v2\/posts\/14325\/revisions"}],"predecessor-version":[{"id":17281,"href":"https:\/\/www.skalnik.pl\/blog\/wp-json\/wp\/v2\/posts\/14325\/revisions\/17281"}],"wp:featuredmedia":[{"embeddable":true,"href":"https:\/\/www.skalnik.pl\/blog\/wp-json\/wp\/v2\/media\/15777"}],"wp:attachment":[{"href":"https:\/\/www.skalnik.pl\/blog\/wp-json\/wp\/v2\/media?parent=14325"}],"wp:term":[{"taxonomy":"category","embeddable":true,"href":"https:\/\/www.skalnik.pl\/blog\/wp-json\/wp\/v2\/categories?post=14325"},{"taxonomy":"post_tag","embeddable":true,"href":"https:\/\/www.skalnik.pl\/blog\/wp-json\/wp\/v2\/tags?post=14325"},{"taxonomy":"magento_category","embeddable":true,"href":"https:\/\/www.skalnik.pl\/blog\/wp-json\/wp\/v2\/magento_category?post=14325"},{"taxonomy":"magento_product","embeddable":true,"href":"https:\/\/www.skalnik.pl\/blog\/wp-json\/wp\/v2\/magento_product?post=14325"}],"curies":[{"name":"wp","href":"https:\/\/api.w.org\/{rel}","templated":true}]}}