{"id":14477,"date":"2020-11-02T07:29:00","date_gmt":"2020-11-02T06:29:00","guid":{"rendered":"https:\/\/skalnik.pl\/blog\/?p=14477"},"modified":"2020-11-20T08:49:31","modified_gmt":"2020-11-20T07:49:31","slug":"marka-rab-specjalisci-od-ekstremalnej-ochrony","status":"publish","type":"post","link":"https:\/\/www.skalnik.pl\/blog\/marka-rab-specjalisci-od-ekstremalnej-ochrony\/","title":{"rendered":"Marka Rab &#8211; specjali\u015bci od ekstremalnej ochrony"},"content":{"rendered":"\n<p><strong>Brytyjski Rab to marka s\u0142yn\u0105ca g\u0142\u00f3wnie z doskona\u0142ych produkt\u00f3w puchowych &#8211; \u015bpiwor\u00f3w i kurtek. Jest jednak wi\u0119cej powod\u00f3w, by wyspiarsk\u0105 mark\u0119 nazwa\u0107 specjalist\u0105 od extremalnej ochrony.&nbsp;<\/strong><\/p>\n\n\n\n<p>Rab to marka wybierana cz\u0119sto przez profesjonalist\u00f3w i stale obecna na wyprawach w najwy\u017csze g\u00f3ry \u015bwiata. Zaufanie, jakim darz\u0105 mark\u0119 osoby podejmuj\u0105ce si\u0119 ambitnych wyzwa\u0144, jest dobrym miernikiem jako\u015bci marki, kt\u00f3rej od pocz\u0105tku przy\u015bwieca\u0142a idea tworzenia odzie\u017cy gotowej na starcie z najgorszymi warunkami. Wszak od zarania marki kierowa\u0142o ni\u0105 motto:&nbsp;<\/p>\n\n\n\n<p class=\"has-text-align-center\"><em><br><\/em><em>For the most extreme conditions in the world.&nbsp;<\/em><\/p>\n\n\n\n<div id=\"ez-toc-container\" class=\"ez-toc-v2_0_85 counter-hierarchy ez-toc-counter ez-toc-light-blue ez-toc-container-direction\">\n<div class=\"ez-toc-title-container\">\n<p class=\"ez-toc-title\" style=\"cursor:inherit\">SPIS TRE\u015aCI <\/p>\n<span class=\"ez-toc-title-toggle\"><a href=\"#\" class=\"ez-toc-pull-right ez-toc-btn ez-toc-btn-xs ez-toc-btn-default ez-toc-toggle\" aria-label=\"Prze\u0142\u0105cznik Spisu Tre\u015bci\"><span class=\"ez-toc-js-icon-con\"><span class=\"\"><span class=\"eztoc-hide\" style=\"display:none;\">Toggle<\/span><span class=\"ez-toc-icon-toggle-span\"><svg style=\"fill: #999;color:#999\" xmlns=\"http:\/\/www.w3.org\/2000\/svg\" class=\"list-377408\" width=\"20px\" height=\"20px\" viewBox=\"0 0 24 24\" fill=\"none\"><path d=\"M6 6H4v2h2V6zm14 0H8v2h12V6zM4 11h2v2H4v-2zm16 0H8v2h12v-2zM4 16h2v2H4v-2zm16 0H8v2h12v-2z\" fill=\"currentColor\"><\/path><\/svg><svg style=\"fill: #999;color:#999\" class=\"arrow-unsorted-368013\" xmlns=\"http:\/\/www.w3.org\/2000\/svg\" width=\"10px\" height=\"10px\" viewBox=\"0 0 24 24\" version=\"1.2\" baseProfile=\"tiny\"><path d=\"M18.2 9.3l-6.2-6.3-6.2 6.3c-.2.2-.3.4-.3.7s.1.5.3.7c.2.2.4.3.7.3h11c.3 0 .5-.1.7-.3.2-.2.3-.5.3-.7s-.1-.5-.3-.7zM5.8 14.7l6.2 6.3 6.2-6.3c.2-.2.3-.5.3-.7s-.1-.5-.3-.7c-.2-.2-.4-.3-.7-.3h-11c-.3 0-.5.1-.7.3-.2.2-.3.5-.3.7s.1.5.3.7z\"\/><\/svg><\/span><\/span><\/span><\/a><\/span><\/div>\n<nav><ul class='ez-toc-list ez-toc-list-level-1 ' ><li class='ez-toc-page-1 ez-toc-heading-level-2'><a class=\"ez-toc-link ez-toc-heading-1\" href=\"https:\/\/www.skalnik.pl\/blog\/marka-rab-specjalisci-od-ekstremalnej-ochrony\/#Historia_marki_Rab%E2%80%A6\" >Historia marki Rab\u2026&nbsp;<\/a><\/li><li class='ez-toc-page-1 ez-toc-heading-level-2'><a class=\"ez-toc-link ez-toc-heading-2\" href=\"https:\/\/www.skalnik.pl\/blog\/marka-rab-specjalisci-od-ekstremalnej-ochrony\/#WeAreRab\" >#WeAreRab&nbsp;<\/a><\/li><li class='ez-toc-page-1 ez-toc-heading-level-2'><a class=\"ez-toc-link ez-toc-heading-3\" href=\"https:\/\/www.skalnik.pl\/blog\/marka-rab-specjalisci-od-ekstremalnej-ochrony\/#Kurtki_Rab_z_membrana_GORE-TEX%C2%AE\" >Kurtki Rab z membran\u0105 GORE-TEX\u00ae&nbsp;<\/a><\/li><li class='ez-toc-page-1 ez-toc-heading-level-2'><a class=\"ez-toc-link ez-toc-heading-4\" href=\"https:\/\/www.skalnik.pl\/blog\/marka-rab-specjalisci-od-ekstremalnej-ochrony\/#Kurtki_puchowe_Rab\" >Kurtki puchowe Rab<\/a><\/li><li class='ez-toc-page-1 ez-toc-heading-level-2'><a class=\"ez-toc-link ez-toc-heading-5\" href=\"https:\/\/www.skalnik.pl\/blog\/marka-rab-specjalisci-od-ekstremalnej-ochrony\/#W_sluzbie_izolacji_i_komfortu\" >W s\u0142u\u017cbie izolacji i komfortu&nbsp;<\/a><\/li><li class='ez-toc-page-1 ez-toc-heading-level-2'><a class=\"ez-toc-link ez-toc-heading-6\" href=\"https:\/\/www.skalnik.pl\/blog\/marka-rab-specjalisci-od-ekstremalnej-ochrony\/#Spiwory_puchowe_Rab\" >\u015apiwory puchowe Rab&nbsp;<\/a><\/li><\/ul><\/nav><\/div>\n<h2 class=\"wp-block-heading\"><span class=\"ez-toc-section\" id=\"Historia_marki_Rab%E2%80%A6\"><\/span>Historia marki Rab\u2026&nbsp;<span class=\"ez-toc-section-end\"><\/span><\/h2>\n\n\n\n<p>zaczyna si\u0119 w jeszcze przed tym, jak powstaje pierwszy produkt. W 1973 Rab Carrington w Buenos Aires, po drodze w g\u00f3ry Patagonii, uczy si\u0119 szy\u0107 \u015bpiwory puchowe. W tamtym okresie ma to by\u0107 \u017ar\u00f3d\u0142o zarobku na najbli\u017csz\u0105 wypraw\u0119. Umiej\u0119tno\u015b\u0107 ta da mu jednak wiele wi\u0119cej, ni\u017c mo\u017cliwo\u015b\u0107 zorganizowania jednej wspinaczki.&nbsp;<\/p>\n\n\n\n<p>Pocz\u0105tki marki si\u0119gaj\u0105 lat \u201880. XX w. Wspinacz przeprowadza si\u0119 do Sheffield i r\u0119cznie szyje pierwsze \u015bpiwory. Warsztacik Raba mie\u015bci si\u0119 na strychu, ale kolejne zam\u00f3wienia \u015brodowiska wspinaczkowego (kt\u00f3rego jest cz\u0119\u015bci\u0105) sprawiaj\u0105, \u017ce ze strychu musi przenie\u015b\u0107 si\u0119 do lokalnej fabryki.&nbsp;&nbsp;<\/p>\n\n\n\n<p>W latach \u201890. powstaj\u0105 kultowe kurtki Andes i Kinder Smock. Mark\u0119 rozs\u0142awia ekspedycyjny \u015bpiw\u00f3r puchowy Premier Sleeping Bag. Rab staje si\u0119 po prostu mark\u0105 technicznych produkt\u00f3w. I tak jest do prze\u0142omu wiek\u00f3w. W 2003 roku za\u0142o\u017cyciel marki odchodzi na emerytur\u0119. Przekazuje firm\u0119 pod zarz\u0105d Equip Outdoor Technologies Ltd. Mijaj\u0105 lata. Rab wci\u0105\u017c jest pionierem technologii i rozpoznawaln\u0105 mark\u0105 nie tylko w\u015br\u00f3d alpinist\u00f3w z Wysp Brytyjskich. Na polskim rynku marka obecna jest od 2013 roku.<\/p>\n\n\n\n<div class=\"wp-block-image\"><figure class=\"aligncenter size-large\"><img loading=\"lazy\" decoding=\"async\" width=\"1024\" height=\"683\" src=\"https:\/\/skalnik.pl\/blog\/wp-content\/uploads\/2020\/10\/rab-julia-virat.jpg\" alt=\"\" class=\"wp-image-14484\" srcset=\"https:\/\/www.skalnik.pl\/blog\/wp-content\/uploads\/2020\/10\/rab-julia-virat.jpg 1024w, https:\/\/www.skalnik.pl\/blog\/wp-content\/uploads\/2020\/10\/rab-julia-virat-300x200.jpg 300w, https:\/\/www.skalnik.pl\/blog\/wp-content\/uploads\/2020\/10\/rab-julia-virat-768x512.jpg 768w\" sizes=\"auto, (max-width: 1024px) 100vw, 1024px\" \/><figcaption><em>Od lat marce ufaj\u0105 profesjonali\u015bci. Na zdj\u0119ciu Julia Virat &#8211; jedna z niewielu przewodniczek wysokog\u00f3rskich. (fot. Rab)<\/em><\/figcaption><\/figure><\/div>\n\n\n\n<h2 class=\"wp-block-heading\"><span class=\"ez-toc-section\" id=\"WeAreRab\"><\/span>#WeAreRab&nbsp;<span class=\"ez-toc-section-end\"><\/span><\/h2>\n\n\n\n<p class=\"has-text-align-center\"><em>&#8222;The greatest thing I ever got from climbing was friendship\u201d<\/em><br>&#8211; Rab Carrington<\/p>\n\n\n\n<p>Wspinaczka to partnerstwo, g\u00f3ry to wyzwania i ludzie, a nie tylko kupa kamieni. Ka\u017cdy produkt marki to zaproszenie do przygody, st\u0105d podej\u015bcie, by tworzy\u0107 odzie\u017c i sprz\u0119t funkcjonalnymi i dopracowanymi w ka\u017cdym szczeg\u00f3le. St\u0105d te\u017c idea, by wspinacze czuli si\u0119 wsp\u00f3lnot\u0105.&nbsp;<\/p>\n\n\n\n<p>Przyjaci\u00f3\u0142mi marki s\u0105 instruktorzy sport\u00f3w g\u00f3rskich, wspinacze, przewodnicy g\u00f3rscy. Marce zale\u017cy na tworzeniu spo\u0142eczno\u015bci ludzi g\u00f3r, zadowolonej z jej produkt\u00f3w. Dlatego odzie\u017c przechodzi testy, a dopiero p\u00f3\u017aniej trafia do sklep\u00f3w outdoor. Marka wsp\u00f3\u0142pracuje \u015bci\u015ble ze stowarzyszeniem instruktor\u00f3w g\u00f3rskich Association of Mountaineering Instructors (AMI), wspinaczami takiego formatu jak Tom Randall i wieloma organizacjami non-profit. Anga\u017cuje si\u0119 w dzia\u0142ania Project Pressure &#8211; projektu dokumentuj\u0105cego zanikanie lodowc\u00f3w, jest partnerem inicjatywy CAC (Climbers Against Cancer) wspieraj\u0105cej wspinaczy z chorobami nowotworowymi i dzia\u0142a na rzecz tragarzy w g\u00f3rach ca\u0142ego \u015bwiata wraz z International Porter Protection Group.&nbsp;<\/p>\n\n\n\n<iframe loading=\"lazy\" src=\"https:\/\/www.youtube.com\/embed\/gYeT3AVqooI\" allow=\"accelerometer; autoplay; clipboard-write; encrypted-media; gyroscope; picture-in-picture\" allowfullscreen=\"\" width=\"800\" height=\"442\" frameborder=\"0\"><\/iframe>\n\n\n\n<h2 class=\"wp-block-heading\"><span class=\"ez-toc-section\" id=\"Kurtki_Rab_z_membrana_GORE-TEX%C2%AE\"><\/span>Kurtki Rab z membran\u0105 GORE-TEX\u00ae&nbsp;<span class=\"ez-toc-section-end\"><\/span><\/h2>\n\n\n\n<p>W ku\u017ani brytyjskich alpinist\u00f3w, jak\u0105 jest cho\u0107by droga Point Five Gully na Ben Nevis panuj\u0105 warunki, kt\u00f3rym musi sprosta\u0107 odzie\u017c Rab. Wspinanie tam, to nie herbatka u babci punkt siedemnasta!&nbsp;<\/p>\n\n\n\n<p>Kurtki hardshell Rab tworzy przy zastosowaniu najs\u0142ynniejszej z technologii oddychaj\u0105cych i wodoodpornych. <a href=\"https:\/\/skalnik.pl\/odziez\/odziez-meska\/odziez-meska-kurtki\/rab-goretex\" target=\"_blank\" rel=\"noreferrer noopener\">Kurtki GORE-TEX Rab <\/a>&#8211; bo o nich oczywi\u015bcie mowa &#8211; to katalog produkt\u00f3w na najtrudniejsze warunki. Opr\u00f3cz znakomitej membrany pierwsze skrzypce graj\u0105 techniczne detale i kroje. Po tych produktach wida\u0107, \u017ce tworz\u0105 je specjali\u015bci i praktycy. Wida\u0107 te\u017c, \u017ce to produkty dla ludzi o tych samych pasjach &#8211; \u017ce projektanci i wspinacze to jedna spo\u0142eczno\u015b\u0107.&nbsp;<\/p>\n\n\n\n<p>We\u017amy przyk\u0142adowo sztandarowy hardshell Rab &#8211; kurtk\u0119 Latok GTX. To przemy\u015blany w ka\u017cdym kawa\u0142ku tkaniny i w ka\u017cdym szwie model. \u0141\u0105czy on w sobie dwa najnowsze rodzaje membrany GORE-TEX\u00ae Pro. Materia\u0142 GORE-TEX\u00ae Pro Most Rugged wykorzystano w miejscach, kt\u00f3re musz\u0105 mie\u0107 pancern\u0105 wytrzyma\u0142o\u015b\u0107. Tam, gdzie kurtka powinna by\u0107 bardziej oddychaj\u0105ca, zastosowano natomiast GORE-TEX\u00ae Pro Most Breathable. A zatem jest to konstrukcja bez kompromisu dla ochrony i bez kompromisu dla komfortu.&nbsp;&nbsp;<\/p>\n\n\n\n<div class=\"wp-block-image\"><figure class=\"aligncenter size-large\"><img loading=\"lazy\" decoding=\"async\" width=\"1024\" height=\"683\" src=\"https:\/\/skalnik.pl\/blog\/wp-content\/uploads\/2020\/10\/kurtki-goretex-rab.jpg\" alt=\"kurtki gore-tex rab\" class=\"wp-image-14480\" srcset=\"https:\/\/www.skalnik.pl\/blog\/wp-content\/uploads\/2020\/10\/kurtki-goretex-rab.jpg 1024w, https:\/\/www.skalnik.pl\/blog\/wp-content\/uploads\/2020\/10\/kurtki-goretex-rab-300x200.jpg 300w, https:\/\/www.skalnik.pl\/blog\/wp-content\/uploads\/2020\/10\/kurtki-goretex-rab-768x512.jpg 768w\" sizes=\"auto, (max-width: 1024px) 100vw, 1024px\" \/><figcaption><em>Kurtki hardshell marki Rab to modele na najtrudniejsze warunki. (fot. Rab)<\/em><\/figcaption><\/figure><\/div>\n\n\n\n<h2 class=\"wp-block-heading\"><span class=\"ez-toc-section\" id=\"Kurtki_puchowe_Rab\"><\/span>Kurtki puchowe Rab<span class=\"ez-toc-section-end\"><\/span><\/h2>\n\n\n\n<p>Puch i produkty puchowe to oczko w g\u0142owie projektant\u00f3w marki. To r\u00f3wnie\u017c chyba najwi\u0119ksza mi\u0142o\u015b\u0107 tych, kt\u00f3rzy na kurtki Rab si\u0119 zdecydowali. Od ponad dekady najbardziej popularnym modelem jest kurtka Microlight Alpine, kt\u00f3ra towarzyszy u\u017cytkownikom w g\u00f3rach i w mie\u015bcie. Stworzona z my\u015bl\u0105 o alpejskich wyzwaniach kurtka z puchem, to model dla wielu os\u00f3b &#8211; jak dla mnie &#8211; kt\u00f3ry zim\u0105 staje si\u0119 kurtk\u0105 nawet na codzienne okazje.&nbsp;<\/p>\n\n\n\n<p>&nbsp;<br><em>O tej bestsellerowej kurtce mo\u017cesz przeczyta\u0107 wi\u0119cej <a href=\"https:\/\/skalnik.pl\/blog\/rab-microlight-alpine-wybor-pracownikow-skalnika\/\" target=\"_blank\" rel=\"noreferrer noopener\">tutaj<\/a>.&nbsp;<\/em><\/p>\n\n\n\n<p>&nbsp;<\/p>\n\n\n\n<p>Ale mia\u0142o by\u0107 o ekstremalnej ochronie, nie o ekstremalnej funkcjonalno\u015bci. Rab oferuje wysoko wyspecjalizowane produkty puchowe, dedykowane do zada\u0144 w wysokich g\u00f3rach i walki z niesprzyjaj\u0105c\u0105 pogod\u0105. Najcieplejsze kurtki ocieplane s\u0105 puchem o spr\u0119\u017cysto\u015bci 800 cuin. Do himalajskich eksploracji w granicach 6000 m n.p.m. stworzona zosta\u0142a kurtka Positron Pro, do dzia\u0142a\u0144, gdzie opr\u00f3cz niskiej temperatury szturmuje wiatr, puch\u00f3wka Infinity z technologi\u0105 wiatroszczeln\u0105 GORE-TEX\u00ae INFINIUM\u2122.<\/p>\n\n\n\n<p>Na jeszcze ni\u017csze temperatury i wy\u017csze g\u00f3ry marka tworzy kombinezony ekspedycyjne. Podczas ekspedycji uzupe\u0142nieniem s\u0105 r\u00f3wnie\u017c akcesoria, takie jak grube \u0142apawice puchowe czy botki puchowe. <\/p>\n\n\n\n<div class=\"wp-block-image\"><figure class=\"aligncenter size-large\"><img loading=\"lazy\" decoding=\"async\" width=\"1024\" height=\"682\" src=\"https:\/\/skalnik.pl\/blog\/wp-content\/uploads\/2020\/10\/kombinezon-ekspedycyjny.jpg\" alt=\"kombinezon puchowy himalaizm\" class=\"wp-image-14481\" srcset=\"https:\/\/www.skalnik.pl\/blog\/wp-content\/uploads\/2020\/10\/kombinezon-ekspedycyjny.jpg 1024w, https:\/\/www.skalnik.pl\/blog\/wp-content\/uploads\/2020\/10\/kombinezon-ekspedycyjny-300x200.jpg 300w, https:\/\/www.skalnik.pl\/blog\/wp-content\/uploads\/2020\/10\/kombinezon-ekspedycyjny-768x512.jpg 768w\" sizes=\"auto, (max-width: 1024px) 100vw, 1024px\" \/><figcaption><em>Od kurtek puchowych, po kombinezony ekspedycyjne! Uczestnik wyprawy Nanga Dream w czasie zimowej wyprawy na Nanga Parbat. (materia\u0142y Rab)<\/em><\/figcaption><\/figure><\/div>\n\n\n\n<h2 class=\"wp-block-heading\"><span class=\"ez-toc-section\" id=\"W_sluzbie_izolacji_i_komfortu\"><\/span>W s\u0142u\u017cbie izolacji i komfortu&nbsp;<span class=\"ez-toc-section-end\"><\/span><\/h2>\n\n\n\n<p>Jednym z najtrudniejszych zada\u0144 jest \u0142\u0105czenie wysokiej ochrony przed niskimi temperaturami i wygody w czasie dzia\u0142a\u0144 na wy\u017cszych obrotach lub w \u015brodowisku pe\u0142nym wilgoci. W wilgotnym otoczeniu i w czasie, gdy cia\u0142o produkuje zbyt du\u017co wilgoci, puch nie zdaje egzaminu. Na ekstremalne skrajno\u015bci &#8211; wilgo\u0107 i ch\u0142\u00f3d &#8211; w produktach dedykowanych do narciarstwa, wspinaczki lodowej, aktywnych dzia\u0142a\u0144 zim\u0105, marka stosuje w\u0142\u00f3kna syntetyczne &#8211; g\u0142\u00f3wnie izolacj\u0119 Cirrus\u2122. Kurtki takie jak bestsellerowy Cirrus Flex Hoody, czy znany od lat model Nebula Pro &#8211; niczym agent 007 &#8211; gotowe s\u0105 na specjalne zadania.&nbsp;<\/p>\n\n\n\n<h2 class=\"wp-block-heading\"><span class=\"ez-toc-section\" id=\"Spiwory_puchowe_Rab\"><\/span>\u015apiwory puchowe Rab&nbsp;<span class=\"ez-toc-section-end\"><\/span><\/h2>\n\n\n\n<p>Ile kresek poni\u017cej zera musi spa\u015b\u0107 temperatura, by uzna\u0107 j\u0105 za ekstremaln\u0105? Wszystko zale\u017cy od tego, jak dobrze przygotujesz si\u0119 na spotkanie z ni\u0105, gdy b\u0119dziesz najbardziej bezbronny. Na szcz\u0119\u015bcie Rab to specjalista od ciep\u0142ych i dopracowanych \u015bpiwor\u00f3w. Tym bardziej, \u017ce \u015bpiwory to historia i oczko w g\u0142owie marki.&nbsp;&nbsp;<\/p>\n\n\n\n<p>Najcieplejszy <a href=\"https:\/\/skalnik.pl\/sprzet-turystyczny\/spiwory-i-maty\/spiwory-i-maty-puchowe\" target=\"_blank\" rel=\"noreferrer noopener\">\u015bpiw\u00f3r puchowy<\/a> marki Rab &#8211; Expedition 1400 &#8211; pozwala wyspa\u0107 si\u0119 w temperaturze do -40\u00b0C. Prawie p\u00f3\u0142tora kilograma puchu <em>prima sort<\/em> (850 cuin) dba, o bezpiecze\u0144stwo i regeneracj\u0119 os\u00f3b, kt\u00f3re wyruszaj\u0105 na ekspedycje.<\/p>\n\n\n\n<p>To nie jedyny \u015bpiw\u00f3r Rab, kt\u00f3ry warto pozna\u0107. Ka\u017cdy u\u017cytkownik znajdzie w ofercie tego producenta model o parametrach idealnych do stawianych sobie zada\u0144 i cel\u00f3w. Jedno jest pewne &#8211; ka\u017cdy \u015bpiw\u00f3r Rab to jako\u015b\u0107, precyzja wykonania i r\u0119czna robota, co do kt\u00f3rej mo\u017cesz przekona\u0107 si\u0119 samodzielnie ogl\u0105daj\u0105c film, kt\u00f3ry zamieszczam poni\u017cej.&nbsp;<\/p>\n\n\n\n<iframe loading=\"lazy\" src=\"https:\/\/www.youtube.com\/embed\/adC930ZHWGU\" allow=\"accelerometer; autoplay; clipboard-write; encrypted-media; gyroscope; picture-in-picture\" allowfullscreen=\"\" width=\"800\" height=\"442\" frameborder=\"0\"><\/iframe>\n\n\n\n<p>&nbsp;<\/p>\n\n\n\n<p>Je\u015bli masz wra\u017cenie, \u017ce ten tekst to laurka dla brytyjskiej marki, to wcale czujno\u015b\u0107 ci\u0119 nie zawodzi. Moje do\u015bwiadczenia z t\u0105 mark\u0105 i jej produkty (z kt\u00f3rych korzystam ju\u017c od lat) sprawiaj\u0105, \u017ce o marce Rab potrafi\u0119 pisa\u0107 niemal w samych superlatywach. Nie mam zamiaru kry\u0107, \u017ce to jedna z moich ulubionych marek!<\/p>\n","protected":false},"excerpt":{"rendered":"<p>Brytyjska marka Rab to specjali\u015bci od ciep\u0142a i bezkompromisowej ochrony. Przekonaj si\u0119!<\/p>\n","protected":false},"author":8,"featured_media":14478,"comment_status":"open","ping_status":"open","sticky":false,"template":"","format":"standard","meta":{"_acf_changed":false,"footnotes":""},"categories":[5],"tags":[157,132,97],"magento_category":[],"magento_product":[],"class_list":["post-14477","post","type-post","status-publish","format-standard","has-post-thumbnail","hentry","category-branza","tag-kurtki-gore-tex","tag-kurtki-puchowe","tag-spiwory"],"acf":[],"aioseo_notices":[],"aioseo_head":"\n\t\t<!-- All in One SEO 4.9.10 - aioseo.com -->\n\t<meta name=\"description\" content=\"Rab to rozpoznawalna w\u015br\u00f3d wspinaczy i alpinist\u00f3w marka. \u015apiwory puchowe, kurtki GORE-TEX i kurtki puchowe tej marki to produkty cenione przez profesjonalist\u00f3w.\" \/>\n\t<meta name=\"robots\" content=\"max-image-preview:large\" \/>\n\t<meta name=\"author\" content=\"S\u0142awek Nosal\"\/>\n\t<link rel=\"canonical\" href=\"https:\/\/www.skalnik.pl\/blog\/marka-rab-specjalisci-od-ekstremalnej-ochrony\/\" \/>\n\t<meta name=\"generator\" content=\"All in One SEO (AIOSEO) 4.9.10\" \/>\n\t\t<meta property=\"og:locale\" content=\"pl_PL\" \/>\n\t\t<meta property=\"og:site_name\" content=\"blog Skalnik - Blog, porady, artyku\u0142y - blog Skalnik\" \/>\n\t\t<meta property=\"og:type\" content=\"article\" \/>\n\t\t<meta property=\"og:title\" content=\"Marka Rab \u2013 specjali\u015bci od ekstremalnej ochrony - blog Skalnik\" \/>\n\t\t<meta property=\"og:description\" content=\"Rab to rozpoznawalna w\u015br\u00f3d wspinaczy i alpinist\u00f3w marka. \u015apiwory puchowe, kurtki GORE-TEX i kurtki puchowe tej marki to produkty cenione przez profesjonalist\u00f3w.\" \/>\n\t\t<meta property=\"og:url\" content=\"https:\/\/www.skalnik.pl\/blog\/marka-rab-specjalisci-od-ekstremalnej-ochrony\/\" \/>\n\t\t<meta property=\"og:image\" content=\"https:\/\/skalnik.pl\/blog\/wp-content\/uploads\/2020\/10\/rab-julia-virat.jpg\" \/>\n\t\t<meta property=\"og:image:secure_url\" content=\"https:\/\/skalnik.pl\/blog\/wp-content\/uploads\/2020\/10\/rab-julia-virat.jpg\" \/>\n\t\t<meta property=\"article:tag\" content=\"bran\u017ca\" \/>\n\t\t<meta property=\"article:tag\" content=\"kurtki gore-tex\" \/>\n\t\t<meta property=\"article:tag\" content=\"kurtki puchowe\" \/>\n\t\t<meta property=\"article:tag\" content=\"\u015bpiwory\" \/>\n\t\t<meta property=\"article:published_time\" content=\"2020-11-02T06:29:00+00:00\" \/>\n\t\t<meta property=\"article:modified_time\" content=\"2020-11-20T07:49:31+00:00\" \/>\n\t\t<meta name=\"twitter:card\" content=\"summary_large_image\" \/>\n\t\t<meta name=\"twitter:title\" content=\"Marka Rab \u2013 specjali\u015bci od ekstremalnej ochrony - blog Skalnik\" \/>\n\t\t<meta name=\"twitter:description\" content=\"Rab to rozpoznawalna w\u015br\u00f3d wspinaczy i alpinist\u00f3w marka. \u015apiwory puchowe, kurtki GORE-TEX i kurtki puchowe tej marki to produkty cenione przez profesjonalist\u00f3w.\" \/>\n\t\t<meta name=\"twitter:image\" content=\"https:\/\/skalnik.pl\/blog\/wp-content\/uploads\/2020\/10\/rab-julia-virat.jpg\" \/>\n\t\t<script type=\"application\/ld+json\" class=\"aioseo-schema\">\n\t\t\t{\"@context\":\"https:\\\/\\\/schema.org\",\"@graph\":[{\"@type\":\"BlogPosting\",\"@id\":\"https:\\\/\\\/www.skalnik.pl\\\/blog\\\/marka-rab-specjalisci-od-ekstremalnej-ochrony\\\/#blogposting\",\"name\":\"Marka Rab \\u2013 specjali\\u015bci od ekstremalnej ochrony - blog Skalnik\",\"headline\":\"Marka Rab &#8211; specjali\\u015bci od ekstremalnej ochrony\",\"author\":{\"@id\":\"https:\\\/\\\/www.skalnik.pl\\\/blog\\\/author\\\/slawek-nosal\\\/#author\"},\"publisher\":{\"@id\":\"https:\\\/\\\/www.skalnik.pl\\\/blog\\\/#organization\"},\"image\":{\"@type\":\"ImageObject\",\"url\":\"https:\\\/\\\/www.skalnik.pl\\\/blog\\\/wp-content\\\/uploads\\\/2020\\\/10\\\/rab_okladka_specjalisci.jpg\",\"width\":1920,\"height\":706},\"datePublished\":\"2020-11-02T07:29:00+02:00\",\"dateModified\":\"2020-11-20T08:49:31+02:00\",\"inLanguage\":\"pl-PL\",\"mainEntityOfPage\":{\"@id\":\"https:\\\/\\\/www.skalnik.pl\\\/blog\\\/marka-rab-specjalisci-od-ekstremalnej-ochrony\\\/#webpage\"},\"isPartOf\":{\"@id\":\"https:\\\/\\\/www.skalnik.pl\\\/blog\\\/marka-rab-specjalisci-od-ekstremalnej-ochrony\\\/#webpage\"},\"articleSection\":\"Bran\\u017ca, kurtki gore-tex, kurtki puchowe, \\u015bpiwory\"},{\"@type\":\"BreadcrumbList\",\"@id\":\"https:\\\/\\\/www.skalnik.pl\\\/blog\\\/marka-rab-specjalisci-od-ekstremalnej-ochrony\\\/#breadcrumblist\",\"itemListElement\":[{\"@type\":\"ListItem\",\"@id\":\"https:\\\/\\\/www.skalnik.pl\\\/blog#listItem\",\"position\":1,\"name\":\"Home\",\"item\":\"https:\\\/\\\/www.skalnik.pl\\\/blog\",\"nextItem\":{\"@type\":\"ListItem\",\"@id\":\"https:\\\/\\\/www.skalnik.pl\\\/blog\\\/.\\\/branza\\\/#listItem\",\"name\":\"Bran\\u017ca\"}},{\"@type\":\"ListItem\",\"@id\":\"https:\\\/\\\/www.skalnik.pl\\\/blog\\\/.\\\/branza\\\/#listItem\",\"position\":2,\"name\":\"Bran\\u017ca\",\"item\":\"https:\\\/\\\/www.skalnik.pl\\\/blog\\\/.\\\/branza\\\/\",\"nextItem\":{\"@type\":\"ListItem\",\"@id\":\"https:\\\/\\\/www.skalnik.pl\\\/blog\\\/marka-rab-specjalisci-od-ekstremalnej-ochrony\\\/#listItem\",\"name\":\"Marka Rab &#8211; specjali\\u015bci od ekstremalnej ochrony\"},\"previousItem\":{\"@type\":\"ListItem\",\"@id\":\"https:\\\/\\\/www.skalnik.pl\\\/blog#listItem\",\"name\":\"Home\"}},{\"@type\":\"ListItem\",\"@id\":\"https:\\\/\\\/www.skalnik.pl\\\/blog\\\/marka-rab-specjalisci-od-ekstremalnej-ochrony\\\/#listItem\",\"position\":3,\"name\":\"Marka Rab &#8211; specjali\\u015bci od ekstremalnej ochrony\",\"previousItem\":{\"@type\":\"ListItem\",\"@id\":\"https:\\\/\\\/www.skalnik.pl\\\/blog\\\/.\\\/branza\\\/#listItem\",\"name\":\"Bran\\u017ca\"}}]},{\"@type\":\"Organization\",\"@id\":\"https:\\\/\\\/www.skalnik.pl\\\/blog\\\/#organization\",\"name\":\"blog Skalnik\",\"description\":\"Blog, porady, artyku\\u0142y - blog Skalnik\",\"url\":\"https:\\\/\\\/www.skalnik.pl\\\/blog\\\/\"},{\"@type\":\"Person\",\"@id\":\"https:\\\/\\\/www.skalnik.pl\\\/blog\\\/author\\\/slawek-nosal\\\/#author\",\"url\":\"https:\\\/\\\/www.skalnik.pl\\\/blog\\\/author\\\/slawek-nosal\\\/\",\"name\":\"S\\u0142awek Nosal\",\"image\":{\"@type\":\"ImageObject\",\"@id\":\"https:\\\/\\\/www.skalnik.pl\\\/blog\\\/marka-rab-specjalisci-od-ekstremalnej-ochrony\\\/#authorImage\",\"url\":\"https:\\\/\\\/secure.gravatar.com\\\/avatar\\\/376f39150afcfc713e809ef8313d42dee4210bb1425eaad8153efa8965009197?s=96&d=mm&r=g\",\"width\":96,\"height\":96,\"caption\":\"S\\u0142awek Nosal\"}},{\"@type\":\"WebPage\",\"@id\":\"https:\\\/\\\/www.skalnik.pl\\\/blog\\\/marka-rab-specjalisci-od-ekstremalnej-ochrony\\\/#webpage\",\"url\":\"https:\\\/\\\/www.skalnik.pl\\\/blog\\\/marka-rab-specjalisci-od-ekstremalnej-ochrony\\\/\",\"name\":\"Marka Rab \\u2013 specjali\\u015bci od ekstremalnej ochrony - blog Skalnik\",\"description\":\"Rab to rozpoznawalna w\\u015br\\u00f3d wspinaczy i alpinist\\u00f3w marka. \\u015apiwory puchowe, kurtki GORE-TEX i kurtki puchowe tej marki to produkty cenione przez profesjonalist\\u00f3w.\",\"inLanguage\":\"pl-PL\",\"isPartOf\":{\"@id\":\"https:\\\/\\\/www.skalnik.pl\\\/blog\\\/#website\"},\"breadcrumb\":{\"@id\":\"https:\\\/\\\/www.skalnik.pl\\\/blog\\\/marka-rab-specjalisci-od-ekstremalnej-ochrony\\\/#breadcrumblist\"},\"author\":{\"@id\":\"https:\\\/\\\/www.skalnik.pl\\\/blog\\\/author\\\/slawek-nosal\\\/#author\"},\"creator\":{\"@id\":\"https:\\\/\\\/www.skalnik.pl\\\/blog\\\/author\\\/slawek-nosal\\\/#author\"},\"image\":{\"@type\":\"ImageObject\",\"url\":\"https:\\\/\\\/www.skalnik.pl\\\/blog\\\/wp-content\\\/uploads\\\/2020\\\/10\\\/rab_okladka_specjalisci.jpg\",\"@id\":\"https:\\\/\\\/www.skalnik.pl\\\/blog\\\/marka-rab-specjalisci-od-ekstremalnej-ochrony\\\/#mainImage\",\"width\":1920,\"height\":706},\"primaryImageOfPage\":{\"@id\":\"https:\\\/\\\/www.skalnik.pl\\\/blog\\\/marka-rab-specjalisci-od-ekstremalnej-ochrony\\\/#mainImage\"},\"datePublished\":\"2020-11-02T07:29:00+02:00\",\"dateModified\":\"2020-11-20T08:49:31+02:00\"},{\"@type\":\"WebSite\",\"@id\":\"https:\\\/\\\/www.skalnik.pl\\\/blog\\\/#website\",\"url\":\"https:\\\/\\\/www.skalnik.pl\\\/blog\\\/\",\"name\":\"blog Skalnik\",\"description\":\"Blog, porady, artyku\\u0142y - blog Skalnik\",\"inLanguage\":\"pl-PL\",\"publisher\":{\"@id\":\"https:\\\/\\\/www.skalnik.pl\\\/blog\\\/#organization\"}}]}\n\t\t<\/script>\n\t\t<!-- All in One SEO -->\n\n","aioseo_head_json":{"title":"Marka Rab \u2013 specjali\u015bci od ekstremalnej ochrony - blog Skalnik","description":"Rab to rozpoznawalna w\u015br\u00f3d wspinaczy i alpinist\u00f3w marka. \u015apiwory puchowe, kurtki GORE-TEX i kurtki puchowe tej marki to produkty cenione przez profesjonalist\u00f3w.","canonical_url":"https:\/\/www.skalnik.pl\/blog\/marka-rab-specjalisci-od-ekstremalnej-ochrony\/","robots":"max-image-preview:large","keywords":"","webmasterTools":{"miscellaneous":""},"schema":{"@context":"https:\/\/schema.org","@graph":[{"@type":"BlogPosting","@id":"https:\/\/www.skalnik.pl\/blog\/marka-rab-specjalisci-od-ekstremalnej-ochrony\/#blogposting","name":"Marka Rab \u2013 specjali\u015bci od ekstremalnej ochrony - blog Skalnik","headline":"Marka Rab &#8211; specjali\u015bci od ekstremalnej ochrony","author":{"@id":"https:\/\/www.skalnik.pl\/blog\/author\/slawek-nosal\/#author"},"publisher":{"@id":"https:\/\/www.skalnik.pl\/blog\/#organization"},"image":{"@type":"ImageObject","url":"https:\/\/www.skalnik.pl\/blog\/wp-content\/uploads\/2020\/10\/rab_okladka_specjalisci.jpg","width":1920,"height":706},"datePublished":"2020-11-02T07:29:00+02:00","dateModified":"2020-11-20T08:49:31+02:00","inLanguage":"pl-PL","mainEntityOfPage":{"@id":"https:\/\/www.skalnik.pl\/blog\/marka-rab-specjalisci-od-ekstremalnej-ochrony\/#webpage"},"isPartOf":{"@id":"https:\/\/www.skalnik.pl\/blog\/marka-rab-specjalisci-od-ekstremalnej-ochrony\/#webpage"},"articleSection":"Bran\u017ca, kurtki gore-tex, kurtki puchowe, \u015bpiwory"},{"@type":"BreadcrumbList","@id":"https:\/\/www.skalnik.pl\/blog\/marka-rab-specjalisci-od-ekstremalnej-ochrony\/#breadcrumblist","itemListElement":[{"@type":"ListItem","@id":"https:\/\/www.skalnik.pl\/blog#listItem","position":1,"name":"Home","item":"https:\/\/www.skalnik.pl\/blog","nextItem":{"@type":"ListItem","@id":"https:\/\/www.skalnik.pl\/blog\/.\/branza\/#listItem","name":"Bran\u017ca"}},{"@type":"ListItem","@id":"https:\/\/www.skalnik.pl\/blog\/.\/branza\/#listItem","position":2,"name":"Bran\u017ca","item":"https:\/\/www.skalnik.pl\/blog\/.\/branza\/","nextItem":{"@type":"ListItem","@id":"https:\/\/www.skalnik.pl\/blog\/marka-rab-specjalisci-od-ekstremalnej-ochrony\/#listItem","name":"Marka Rab &#8211; specjali\u015bci od ekstremalnej ochrony"},"previousItem":{"@type":"ListItem","@id":"https:\/\/www.skalnik.pl\/blog#listItem","name":"Home"}},{"@type":"ListItem","@id":"https:\/\/www.skalnik.pl\/blog\/marka-rab-specjalisci-od-ekstremalnej-ochrony\/#listItem","position":3,"name":"Marka Rab &#8211; specjali\u015bci od ekstremalnej ochrony","previousItem":{"@type":"ListItem","@id":"https:\/\/www.skalnik.pl\/blog\/.\/branza\/#listItem","name":"Bran\u017ca"}}]},{"@type":"Organization","@id":"https:\/\/www.skalnik.pl\/blog\/#organization","name":"blog Skalnik","description":"Blog, porady, artyku\u0142y - blog Skalnik","url":"https:\/\/www.skalnik.pl\/blog\/"},{"@type":"Person","@id":"https:\/\/www.skalnik.pl\/blog\/author\/slawek-nosal\/#author","url":"https:\/\/www.skalnik.pl\/blog\/author\/slawek-nosal\/","name":"S\u0142awek Nosal","image":{"@type":"ImageObject","@id":"https:\/\/www.skalnik.pl\/blog\/marka-rab-specjalisci-od-ekstremalnej-ochrony\/#authorImage","url":"https:\/\/secure.gravatar.com\/avatar\/376f39150afcfc713e809ef8313d42dee4210bb1425eaad8153efa8965009197?s=96&d=mm&r=g","width":96,"height":96,"caption":"S\u0142awek Nosal"}},{"@type":"WebPage","@id":"https:\/\/www.skalnik.pl\/blog\/marka-rab-specjalisci-od-ekstremalnej-ochrony\/#webpage","url":"https:\/\/www.skalnik.pl\/blog\/marka-rab-specjalisci-od-ekstremalnej-ochrony\/","name":"Marka Rab \u2013 specjali\u015bci od ekstremalnej ochrony - blog Skalnik","description":"Rab to rozpoznawalna w\u015br\u00f3d wspinaczy i alpinist\u00f3w marka. \u015apiwory puchowe, kurtki GORE-TEX i kurtki puchowe tej marki to produkty cenione przez profesjonalist\u00f3w.","inLanguage":"pl-PL","isPartOf":{"@id":"https:\/\/www.skalnik.pl\/blog\/#website"},"breadcrumb":{"@id":"https:\/\/www.skalnik.pl\/blog\/marka-rab-specjalisci-od-ekstremalnej-ochrony\/#breadcrumblist"},"author":{"@id":"https:\/\/www.skalnik.pl\/blog\/author\/slawek-nosal\/#author"},"creator":{"@id":"https:\/\/www.skalnik.pl\/blog\/author\/slawek-nosal\/#author"},"image":{"@type":"ImageObject","url":"https:\/\/www.skalnik.pl\/blog\/wp-content\/uploads\/2020\/10\/rab_okladka_specjalisci.jpg","@id":"https:\/\/www.skalnik.pl\/blog\/marka-rab-specjalisci-od-ekstremalnej-ochrony\/#mainImage","width":1920,"height":706},"primaryImageOfPage":{"@id":"https:\/\/www.skalnik.pl\/blog\/marka-rab-specjalisci-od-ekstremalnej-ochrony\/#mainImage"},"datePublished":"2020-11-02T07:29:00+02:00","dateModified":"2020-11-20T08:49:31+02:00"},{"@type":"WebSite","@id":"https:\/\/www.skalnik.pl\/blog\/#website","url":"https:\/\/www.skalnik.pl\/blog\/","name":"blog Skalnik","description":"Blog, porady, artyku\u0142y - blog Skalnik","inLanguage":"pl-PL","publisher":{"@id":"https:\/\/www.skalnik.pl\/blog\/#organization"}}]},"og:locale":"pl_PL","og:site_name":"blog Skalnik - Blog, porady, artyku\u0142y - blog Skalnik","og:type":"article","og:title":"Marka Rab \u2013 specjali\u015bci od ekstremalnej ochrony - blog Skalnik","og:description":"Rab to rozpoznawalna w\u015br\u00f3d wspinaczy i alpinist\u00f3w marka. \u015apiwory puchowe, kurtki GORE-TEX i kurtki puchowe tej marki to produkty cenione przez profesjonalist\u00f3w.","og:url":"https:\/\/www.skalnik.pl\/blog\/marka-rab-specjalisci-od-ekstremalnej-ochrony\/","og:image":"https:\/\/skalnik.pl\/blog\/wp-content\/uploads\/2020\/10\/rab-julia-virat.jpg","og:image:secure_url":"https:\/\/skalnik.pl\/blog\/wp-content\/uploads\/2020\/10\/rab-julia-virat.jpg","article:tag":["bran\u017ca","kurtki gore-tex","kurtki puchowe","\u015bpiwory"],"article:published_time":"2020-11-02T06:29:00+00:00","article:modified_time":"2020-11-20T07:49:31+00:00","twitter:card":"summary_large_image","twitter:title":"Marka Rab \u2013 specjali\u015bci od ekstremalnej ochrony - blog Skalnik","twitter:description":"Rab to rozpoznawalna w\u015br\u00f3d wspinaczy i alpinist\u00f3w marka. \u015apiwory puchowe, kurtki GORE-TEX i kurtki puchowe tej marki to produkty cenione przez profesjonalist\u00f3w.","twitter:image":"https:\/\/skalnik.pl\/blog\/wp-content\/uploads\/2020\/10\/rab-julia-virat.jpg"},"aioseo_meta_data":{"post_id":"14477","title":null,"description":"Rab to rozpoznawalna w\u015br\u00f3d wspinaczy i alpinist\u00f3w marka. \u015apiwory puchowe, kurtki GORE-TEX i kurtki puchowe tej marki to produkty cenione przez profesjonalist\u00f3w.","keywords":[{"label":"kurtki puchowe","value":"kurtki puchowe"},{"label":"kurtki GORE-tex","value":"kurtki GORE-tex"},{"label":"kurtki rab","value":"kurtki rab"},{"label":"kurtki gore-tex rab","value":"kurtki gore-tex rab"},{"label":"\u015bpiwory puchowe","value":"\u015bpiwory puchowe"},{"label":"rab historia","value":"rab historia"}],"keyphrases":null,"primary_term":null,"canonical_url":"","og_title":null,"og_description":null,"og_object_type":"default","og_image_type":"default","og_image_url":null,"og_image_width":null,"og_image_height":null,"og_image_custom_url":null,"og_image_custom_fields":null,"og_video":null,"og_custom_url":null,"og_article_section":null,"og_article_tags":null,"twitter_use_og":false,"twitter_card":"default","twitter_image_type":"default","twitter_image_url":null,"twitter_image_custom_url":null,"twitter_image_custom_fields":null,"twitter_title":null,"twitter_description":null,"schema":{"blockGraphs":[],"customGraphs":[],"default":{"data":{"Article":[],"Course":[],"Dataset":[],"FAQPage":[],"Movie":[],"Person":[],"Product":[],"ProductReview":[],"Car":[],"Recipe":[],"Service":[],"SoftwareApplication":[],"WebPage":[]},"graphName":"BlogPosting","isEnabled":true},"graphs":[]},"schema_type":"default","schema_type_options":null,"pillar_content":false,"robots_default":true,"robots_noindex":false,"robots_noarchive":false,"robots_nosnippet":false,"robots_nofollow":false,"robots_noimageindex":false,"robots_noodp":false,"robots_notranslate":false,"robots_max_snippet":null,"robots_max_videopreview":null,"robots_max_imagepreview":"large","priority":null,"frequency":null,"local_seo":null,"breadcrumb_settings":null,"limit_modified_date":false,"ai":null,"created":"2022-08-26 10:25:53","updated":"2026-02-17 21:59:20","seo_analyzer_scan_date":null},"aioseo_breadcrumb":"<div class=\"aioseo-breadcrumbs\"><span class=\"aioseo-breadcrumb\">\n\t\t\t<a href=\"https:\/\/www.skalnik.pl\/blog\" title=\"Home\">Home<\/a>\n\t\t<\/span><span class=\"aioseo-breadcrumb-separator\">&raquo;<\/span><span class=\"aioseo-breadcrumb\">\n\t\t\t<a href=\"https:\/\/www.skalnik.pl\/blog\/.\/branza\/\" title=\"Bran\u017ca\">Bran\u017ca<\/a>\n\t\t<\/span><span class=\"aioseo-breadcrumb-separator\">&raquo;<\/span><span class=\"aioseo-breadcrumb\">\n\t\t\tMarka Rab \u2013 specjali\u015bci od ekstremalnej ochrony\n\t\t<\/span><\/div>","aioseo_breadcrumb_json":[{"label":"Home","link":"https:\/\/www.skalnik.pl\/blog"},{"label":"Bran\u017ca","link":"https:\/\/www.skalnik.pl\/blog\/.\/branza\/"},{"label":"Marka Rab &#8211; specjali\u015bci od ekstremalnej ochrony","link":"https:\/\/www.skalnik.pl\/blog\/marka-rab-specjalisci-od-ekstremalnej-ochrony\/"}],"_links":{"self":[{"href":"https:\/\/www.skalnik.pl\/blog\/wp-json\/wp\/v2\/posts\/14477","targetHints":{"allow":["GET"]}}],"collection":[{"href":"https:\/\/www.skalnik.pl\/blog\/wp-json\/wp\/v2\/posts"}],"about":[{"href":"https:\/\/www.skalnik.pl\/blog\/wp-json\/wp\/v2\/types\/post"}],"author":[{"embeddable":true,"href":"https:\/\/www.skalnik.pl\/blog\/wp-json\/wp\/v2\/users\/8"}],"replies":[{"embeddable":true,"href":"https:\/\/www.skalnik.pl\/blog\/wp-json\/wp\/v2\/comments?post=14477"}],"version-history":[{"count":7,"href":"https:\/\/www.skalnik.pl\/blog\/wp-json\/wp\/v2\/posts\/14477\/revisions"}],"predecessor-version":[{"id":14717,"href":"https:\/\/www.skalnik.pl\/blog\/wp-json\/wp\/v2\/posts\/14477\/revisions\/14717"}],"wp:featuredmedia":[{"embeddable":true,"href":"https:\/\/www.skalnik.pl\/blog\/wp-json\/wp\/v2\/media\/14478"}],"wp:attachment":[{"href":"https:\/\/www.skalnik.pl\/blog\/wp-json\/wp\/v2\/media?parent=14477"}],"wp:term":[{"taxonomy":"category","embeddable":true,"href":"https:\/\/www.skalnik.pl\/blog\/wp-json\/wp\/v2\/categories?post=14477"},{"taxonomy":"post_tag","embeddable":true,"href":"https:\/\/www.skalnik.pl\/blog\/wp-json\/wp\/v2\/tags?post=14477"},{"taxonomy":"magento_category","embeddable":true,"href":"https:\/\/www.skalnik.pl\/blog\/wp-json\/wp\/v2\/magento_category?post=14477"},{"taxonomy":"magento_product","embeddable":true,"href":"https:\/\/www.skalnik.pl\/blog\/wp-json\/wp\/v2\/magento_product?post=14477"}],"curies":[{"name":"wp","href":"https:\/\/api.w.org\/{rel}","templated":true}]}}