{"id":14528,"date":"2020-11-20T12:44:00","date_gmt":"2020-11-20T11:44:00","guid":{"rendered":"https:\/\/skalnik.pl\/blog\/?p=14528"},"modified":"2023-09-07T15:56:28","modified_gmt":"2023-09-07T13:56:28","slug":"rab-kangri-gtx-test-kurtki-gore-tex","status":"publish","type":"post","link":"https:\/\/www.skalnik.pl\/blog\/rab-kangri-gtx-test-kurtki-gore-tex\/","title":{"rendered":"Rab Kangri GTX &#8211; test kurtki GORE-TEX"},"content":{"rendered":"\n<p><strong>Ach ten s\u0142ynny GORE-TEX. Czy warto wyda\u0107 grubo ponad tysi\u0105c z\u0142otych na kurtk\u0119 przeciwdeszczow\u0105 &#8211; to pytanie sp\u0119dza sen z powiek niejednemu fanowi outdooru. Jak zwykle w g\u00f3rach nie ma uniwersalnych odpowiedzi dla ka\u017cdego. W tym te\u015bcie odpowiem jednak, czyje oczekiwania spe\u0142ni kurtka Rab Kangri GTX.&nbsp;<\/strong><\/p>\n\n\n\n<p>Od kilku miesi\u0119cy w\u0142a\u015bnie ta kurtka hardshell marki Rab l\u0105duje w moim plecaku na ka\u017cdej wycieczce. Je\u015bli tylko nadarza si\u0119 okazja na jej u\u017cycie, przechodzi testy i pod ka\u017cdym wzgl\u0119dem brana jest pod lup\u0119 oraz w\u015bcibskie oko.&nbsp;<\/p>\n\n\n\n<div id=\"ez-toc-container\" class=\"ez-toc-v2_0_85 counter-hierarchy ez-toc-counter ez-toc-light-blue ez-toc-container-direction\">\n<div class=\"ez-toc-title-container\">\n<p class=\"ez-toc-title\" style=\"cursor:inherit\">SPIS TRE\u015aCI <\/p>\n<span class=\"ez-toc-title-toggle\"><a href=\"#\" class=\"ez-toc-pull-right ez-toc-btn ez-toc-btn-xs ez-toc-btn-default ez-toc-toggle\" aria-label=\"Prze\u0142\u0105cznik Spisu Tre\u015bci\"><span class=\"ez-toc-js-icon-con\"><span class=\"\"><span class=\"eztoc-hide\" style=\"display:none;\">Toggle<\/span><span class=\"ez-toc-icon-toggle-span\"><svg style=\"fill: #999;color:#999\" xmlns=\"http:\/\/www.w3.org\/2000\/svg\" class=\"list-377408\" width=\"20px\" height=\"20px\" viewBox=\"0 0 24 24\" fill=\"none\"><path d=\"M6 6H4v2h2V6zm14 0H8v2h12V6zM4 11h2v2H4v-2zm16 0H8v2h12v-2zM4 16h2v2H4v-2zm16 0H8v2h12v-2z\" fill=\"currentColor\"><\/path><\/svg><svg style=\"fill: #999;color:#999\" class=\"arrow-unsorted-368013\" xmlns=\"http:\/\/www.w3.org\/2000\/svg\" width=\"10px\" height=\"10px\" viewBox=\"0 0 24 24\" version=\"1.2\" baseProfile=\"tiny\"><path d=\"M18.2 9.3l-6.2-6.3-6.2 6.3c-.2.2-.3.4-.3.7s.1.5.3.7c.2.2.4.3.7.3h11c.3 0 .5-.1.7-.3.2-.2.3-.5.3-.7s-.1-.5-.3-.7zM5.8 14.7l6.2 6.3 6.2-6.3c.2-.2.3-.5.3-.7s-.1-.5-.3-.7c-.2-.2-.4-.3-.7-.3h-11c-.3 0-.5.1-.7.3-.2.2-.3.5-.3.7s.1.5.3.7z\"\/><\/svg><\/span><\/span><\/span><\/a><\/span><\/div>\n<nav><ul class='ez-toc-list ez-toc-list-level-1 ' ><li class='ez-toc-page-1 ez-toc-heading-level-2'><a class=\"ez-toc-link ez-toc-heading-1\" href=\"https:\/\/www.skalnik.pl\/blog\/rab-kangri-gtx-test-kurtki-gore-tex\/#Kurtka_GORE-TEX_Kangri_GTX\" >Kurtka GORE-TEX Kangri GTX<\/a><\/li><li class='ez-toc-page-1 ez-toc-heading-level-2'><a class=\"ez-toc-link ez-toc-heading-2\" href=\"https:\/\/www.skalnik.pl\/blog\/rab-kangri-gtx-test-kurtki-gore-tex\/#Kurtka_GORE-TEX_ktora_robi_wrazenie\" >Kurtka GORE-TEX, kt\u00f3ra robi wra\u017cenie<\/a><\/li><li class='ez-toc-page-1 ez-toc-heading-level-2'><a class=\"ez-toc-link ez-toc-heading-3\" href=\"https:\/\/www.skalnik.pl\/blog\/rab-kangri-gtx-test-kurtki-gore-tex\/#Membrana_GORE-TEX_%E2%80%93_w_zlewie_w_deszczu_na_wietrze\" >Membrana GORE-TEX &#8211; w zlewie, w deszczu, na wietrze<\/a><\/li><li class='ez-toc-page-1 ez-toc-heading-level-2'><a class=\"ez-toc-link ez-toc-heading-4\" href=\"https:\/\/www.skalnik.pl\/blog\/rab-kangri-gtx-test-kurtki-gore-tex\/#Kroj_kurtki_hardshell_Rab_Kangri_GTX\" >Kr\u00f3j kurtki hardshell Rab Kangri GTX<\/a><\/li><li class='ez-toc-page-1 ez-toc-heading-level-2'><a class=\"ez-toc-link ez-toc-heading-5\" href=\"https:\/\/www.skalnik.pl\/blog\/rab-kangri-gtx-test-kurtki-gore-tex\/#Test_Kangri_GTX_%E2%80%93_podsumowanie\" >Test Kangri GTX &#8211; podsumowanie<\/a><\/li><\/ul><\/nav><\/div>\n<h2 class=\"wp-block-heading\"><span class=\"ez-toc-section\" id=\"Kurtka_GORE-TEX_Kangri_GTX\"><\/span>Kurtka GORE-TEX Kangri GTX<span class=\"ez-toc-section-end\"><\/span><\/h2>\n\n\n\n<p>Na pocz\u0105tek warto j\u0105 przedstawi\u0107. Kurtka przeciwdeszczowa Kangri GTX marki Rab to hardshell wyposa\u017cony w najbardziej rozpoznawan\u0105 technologi\u0119 wodoodporn\u0105 na \u015bwiecie spod znaku GORE-TEX. Jest to kurtka hardshell o wielu, naprawd\u0119 wielu technicznych cechach. Myli\u0142by si\u0119 jednak ten, kto zobaczy\u0142by w niej najbardziej zaawansowan\u0105 kurtk\u0119. Co nie znaczy jednak, \u017ce nie jest to solidny i niezawodny model!<\/p>\n\n\n\n<p>Kangri GTX to pozycja ze \u015brodka goretexowej stawki marki <a href=\"https:\/\/skalnik.pl\/rab\" target=\"_blank\" rel=\"noreferrer noopener\">Rab<\/a>. To model ju\u017c z membran\u0105 tr\u00f3jwarstwow\u0105 (3L), ale jeszcze nie model na laminatach z serii PRO. Taki wyb\u00f3r materia\u0142u podpowiada wi\u0119c, komu dedykowana jest tego typu kurtka na deszcz i wiatr. Ot\u00f3\u017c jest to odzie\u017c skrojona dla bardziej ambitnych turyst\u00f3w i wspinaczy, kt\u00f3rzy przez ca\u0142y rok potrzebuj\u0105 pewnej ochrony w g\u00f3rach.<\/p>\n\n\n<div class=\"wp-block-image\">\n<figure class=\"aligncenter size-large\"><img loading=\"lazy\" decoding=\"async\" width=\"1024\" height=\"683\" src=\"https:\/\/skalnik.pl\/blog\/wp-content\/uploads\/2020\/11\/kangri-gtx-rab-hardshell-test.jpg\" alt=\"\" class=\"wp-image-14542\" srcset=\"https:\/\/www.skalnik.pl\/blog\/wp-content\/uploads\/2020\/11\/kangri-gtx-rab-hardshell-test.jpg 1024w, https:\/\/www.skalnik.pl\/blog\/wp-content\/uploads\/2020\/11\/kangri-gtx-rab-hardshell-test-300x200.jpg 300w, https:\/\/www.skalnik.pl\/blog\/wp-content\/uploads\/2020\/11\/kangri-gtx-rab-hardshell-test-768x512.jpg 768w\" sizes=\"auto, (max-width: 1024px) 100vw, 1024px\" \/><figcaption class=\"wp-element-caption\"><em>Kurtka Kangri GTX spe\u0142ni oczekiwania os\u00f3b poszukuj\u0105cych technicznego hardshella. <\/em><br><em>(Tatry, fot. Adam Wojtczak)<\/em><\/figcaption><\/figure>\n<\/div>\n\n\n<p>Nie jest to z pewno\u015bci\u0105 kurtka dla turysty, kt\u00f3ry w g\u00f3rach bywa kilka razy w roku, a pogod\u0119 ma z grubsza zawsze na wyjazd zam\u00f3wion\u0105. Ta kurtka nie wystraszy si\u0119 wyjazdu w Alpy, kurniawy, kt\u00f3ra zaskoczy ci\u0119 tatrza\u0144sk\u0105 zim\u0105 i nie schowa si\u0119 za piecem kaflowym schroniska, gdy jej w\u0142a\u015bciciel porwie si\u0119 na skitur\u0119 w karkonoskiej mgle i szadzi.<\/p>\n\n\n\n<h2 class=\"wp-block-heading\"><span class=\"ez-toc-section\" id=\"Kurtka_GORE-TEX_ktora_robi_wrazenie\"><\/span>Kurtka GORE-TEX, kt\u00f3ra robi wra\u017cenie<span class=\"ez-toc-section-end\"><\/span><\/h2>\n\n\n\n<p>Normalnie nie bra\u0142bym tej kurtki zawsze do plecaka. Przez tych kilka miesi\u0119cy by\u0142y dni, gdy wystarczy\u0142by mi lekka, awaryjna kurtka przeciwdeszczowa, kt\u00f3ra wa\u017cy ok. 200 g mniej. M\u00f3g\u0142by to by\u0107 cho\u0107by Rab Downpour, kt\u00f3ry od czterech lat jest w mojej g\u00f3rskiej szafie. Chcia\u0142em jednak testowa\u0107 kurtk\u0119 <a href=\"https:\/\/skalnik.pl\/kurtka-kangri-gtx-ink-684310\" target=\"_blank\" rel=\"noreferrer noopener\">Kangri GTX <\/a>w mo\u017cliwie r\u00f3\u017cnych warunkach, by sprawdzi\u0107, jakie robi na mnie wra\u017cenie.&nbsp;<\/p>\n\n\n\n<p>Pierwszy deszcz i ju\u017c przy pierwszym za\u0142o\u017ceniu nie mam w\u0105tpliwo\u015bci. Na przelotny deszczyk wyci\u0105gam prawdziwy pancerz. Szczerze! Gdybym zamkn\u0105\u0142 oczy, czu\u0142bym si\u0119 jak pod parasolem. Kurtka Kangri GTX wykonana jest z mocnego materia\u0142u 70D. Wraz ze swoim pakownym, lekkim, ale nie ma co kry\u0107, sztywniejszym laminatem, daje odczu\u0107, \u017ce zima i zlewa to jej prawdziwy \u017cywio\u0142. Mimo wszystko, tamtego dnia kurtka robi na mnie dobre wra\u017cenie. Gdy nie odczuwa si\u0119 deszczu, w\u0119druje si\u0119 przecie\u017c w lepszej pogodzie &#8211; oczywi\u015bcie mowa o pogodzie ducha!&nbsp;<\/p>\n\n\n\n<p>Drugi raz kurtka zrobi\u0142a mega wra\u017cenie na moich g\u00f3rskich go\u015bciach. To by\u0142 sierpniowy dzie\u0144 w Masywie \u015anie\u017cnika, a ja w kompletnej zlewie, przez trzy bite godziny, brn\u0105\u0142em ju\u017c nawet nie szlakiem, ale po prostu potokiem z niewielk\u0105 grup\u0105 dzielnych ludzi. Gdy dotarli\u015bmy do Mi\u0119dzyg\u00f3rza &#8211; mimo tego, \u017ce ka\u017cdy mia\u0142 jak\u0105\u015b kurtk\u0119 przeciwdeszczow\u0105 &#8211; grupa nie mia\u0142a nic suchego na sobie. Wszyscy byli kompletnie przemoczeni, opr\u00f3cz jednej osoby &#8211; przewodnika w kurtce Kangri GTX. Mia\u0142em rzek\u0119 w podej\u015bci\u00f3wkach, ale na korpusie ani jednego wilgotnego miejsca. Nie powiem, kurtka zrobi\u0142a wtedy na mnie bardzo dobre wra\u017cenie, ale piorunuj\u0105ce wywar\u0142a po\u015br\u00f3d moich go\u015bci, kt\u00f3rzy nie mogli uwierzy\u0107, \u017ce pod kurtk\u0105 mia\u0142em non stop suchutko.&nbsp;<\/p>\n\n\n<div class=\"wp-block-image\">\n<figure class=\"aligncenter size-large\"><img loading=\"lazy\" decoding=\"async\" width=\"1024\" height=\"675\" src=\"https:\/\/skalnik.pl\/blog\/wp-content\/uploads\/2020\/11\/kangri-gtx-test.jpg\" alt=\"\" class=\"wp-image-14530\" srcset=\"https:\/\/www.skalnik.pl\/blog\/wp-content\/uploads\/2020\/11\/kangri-gtx-test.jpg 1024w, https:\/\/www.skalnik.pl\/blog\/wp-content\/uploads\/2020\/11\/kangri-gtx-test-300x198.jpg 300w, https:\/\/www.skalnik.pl\/blog\/wp-content\/uploads\/2020\/11\/kangri-gtx-test-768x506.jpg 768w\" sizes=\"auto, (max-width: 1024px) 100vw, 1024px\" \/><figcaption class=\"wp-element-caption\"><em>Z deszczu pod rynn\u0119. Wodospad Wilczki tu\u017c po w\u0119dr\u00f3wce w mocnej ulewie. <\/em><br>(Masyw \u015anie\u017cnika, arch. autora)<\/figcaption><\/figure>\n<\/div>\n\n\n<h2 class=\"wp-block-heading\"><span class=\"ez-toc-section\" id=\"Membrana_GORE-TEX_%E2%80%93_w_zlewie_w_deszczu_na_wietrze\"><\/span>Membrana GORE-TEX &#8211; w zlewie, w deszczu, na wietrze<span class=\"ez-toc-section-end\"><\/span><\/h2>\n\n\n\n<p>Przez kilka miesi\u0119cy kurtka zd\u0105\u017cy\u0142a zaprezentowa\u0107 si\u0119 przy zmiennych warunkach pogodowych. Przelotny, czy nawalny deszcz trwaj\u0105cy kilka godzin, nie ujawni\u0142 \u017cadnych niedoci\u0105gni\u0119\u0107. Podobnie w pe\u0142ni deszczowe dni ze zmienn\u0105 intensywno\u015bci\u0105 opad\u00f3w, nie robi\u0142y wra\u017cenia na wodoodporno\u015bci laminatu. Wzorowo sprawdzi\u0142y si\u0119 w kurtce strefy, kt\u00f3re mo\u017cna uzna\u0107 za newralgiczne. Podklejenia szw\u00f3w czy laminowane zamki wykonane s\u0105 w kurtce Rab z precyzj\u0105 i nie stanowi\u0105 s\u0142abszych ogniw w konstrukcji odzie\u017cy.&nbsp;<\/p>\n\n\n\n<p>Przyznam r\u00f3wnie\u017c, \u017ce zaskoczeniem by\u0142 dla mnie r\u00f3wnie\u017c komfort, jaki mo\u017cna osi\u0105gn\u0105\u0107 w tej kurtce. Oddychalno\u015b\u0107 membrany w po\u0142\u0105czeniu z umiej\u0119tnym doborem warstw i operowaniem wentylacj\u0105 pit zips pod pachami, z pewno\u015bci\u0105 pozwala w tej kurtce w wielu przypadkach dzia\u0142a\u0107 przy zachowaniu dobrego balansu. Najwi\u0119kszym chyba tego typu testem by\u0142 dla kurtki b\u0142yskawiczny rajd w d\u00f3\u0142, gdy z Kowad\u0142a w G\u00f3rach Z\u0142otych pogoni\u0142a mnie burza, kt\u00f3ra spad\u0142a nagle na okolice silnym deszczem i grzmotami.&nbsp;<\/p>\n\n\n<div class=\"wp-block-image\">\n<figure class=\"aligncenter size-large\"><img loading=\"lazy\" decoding=\"async\" width=\"1024\" height=\"682\" src=\"https:\/\/skalnik.pl\/blog\/wp-content\/uploads\/2020\/11\/test-kurtki-kangri-gtx-rab.jpg\" alt=\"\" class=\"wp-image-14535\" srcset=\"https:\/\/www.skalnik.pl\/blog\/wp-content\/uploads\/2020\/11\/test-kurtki-kangri-gtx-rab.jpg 1024w, https:\/\/www.skalnik.pl\/blog\/wp-content\/uploads\/2020\/11\/test-kurtki-kangri-gtx-rab-300x200.jpg 300w, https:\/\/www.skalnik.pl\/blog\/wp-content\/uploads\/2020\/11\/test-kurtki-kangri-gtx-rab-768x512.jpg 768w\" sizes=\"auto, (max-width: 1024px) 100vw, 1024px\" \/><figcaption class=\"wp-element-caption\"><em>Deszczowy podej\u015bcie na drodze do Schroniska Samotnia. <\/em><br><em>(Karkonosze, arch. autora)<\/em><\/figcaption><\/figure>\n<\/div>\n\n\n<p>Warto te\u017c doda\u0107, \u017ce hydrofobowa warstwa DWR, kt\u00f3r\u0105 wyko\u0144czony jest materia\u0142 zewn\u0119trzny dobrze chroni tkanin\u0119 przed namakaniem. Krople deszczu perl\u0105 si\u0119 na powierzchni kurtki. Po wej\u015bciu do schroniska czy domu wystarczy strz\u0105sn\u0105\u0107 krople i chwile odczeka\u0107, by odzie\u017c by\u0142a zn\u00f3w sucha. Odst\u0119pstwem od tej regu\u0142y by\u0142y tylko wielogodzinny kontakt kurtki z przemoczonymi do cna szelkami plecaka. Na niewielkim fragmencie, od ucisku na samym szczycie ramienia, materia\u0142 chwyci\u0142 troch\u0119 deszczu, ale \u017cadna wilgo\u0107 nie przecisn\u0119\u0142a si\u0119 dalej przez membran\u0119 i podszewk\u0119.&nbsp;<\/p>\n\n\n\n<p>Kilkukrotnie chowa\u0142em si\u0119 za pancerzem kurtki Rab ze nie ze wzgl\u0119du na opady, ale ze wzgl\u0119du na wiatr. W wietrznych Karkonoszach, w G\u00f3rach Kamiennych, na tatrza\u0144skiej grani, gdy z partnerem czekali\u015bmy na koleg\u00f3w z drugiego zespo\u0142u, kurtka chroni\u0142a bez zarzutu.&nbsp;<\/p>\n\n\n\n<h2 class=\"wp-block-heading\"><span class=\"ez-toc-section\" id=\"Kroj_kurtki_hardshell_Rab_Kangri_GTX\"><\/span>Kr\u00f3j kurtki hardshell Rab Kangri GTX<span class=\"ez-toc-section-end\"><\/span><\/h2>\n\n\n\n<p>Ta <a href=\"https:\/\/skalnik.pl\/odziez\/odziez-meska\/odziez-meska-kurtki\/przeciwdeszczowa\" target=\"_blank\" rel=\"noreferrer noopener\">kurtka przeciwdeszczowa m\u0119ska<\/a> nie zaproponuje wiele modystom szukaj\u0105cym dopasowanego kroju. Rozczaruje tak\u017ce wielu turyst\u00f3w, kt\u00f3rym zabraknie w niej cho\u0107by kieszeni na d\u0142onie. Ucieszy natomiast ka\u017cdego, kto chce mie\u0107 swobod\u0119 ruch\u00f3w i mo\u017cliwo\u015b\u0107 \u017conglowania warstwami pod kurtk\u0105. Zachwyci te\u017c tych, kt\u00f3rym zale\u017cy na technicznych detalach przydatnych w czasie wspinaczki i alpinizmu.&nbsp;<\/p>\n\n\n\n<p><strong>Kr\u00f3j kurtki<\/strong> jest obszerniejszy, technicznie wyprofilowany, a jej d\u0142ugo\u015b\u0107 skrojona tak, by chroni\u0107, a nie podkre\u015bla\u0107 sylwetk\u0119. Co to znaczy? Oznacza to, \u017ce do\u015b\u0107 jest materia\u0142u, by w kurtce si\u0119gn\u0105\u0107 d\u0142oni\u0105 czy dziab\u0105 powy\u017cej g\u0142owy. W takich sytuacjach kurtka nie ods\u0142oni plec\u00f3w i nie skr\u0119puje ruch\u00f3w.&nbsp;<\/p>\n\n\n\n<p><strong>Kaptur <\/strong>ma bardzo obszern\u0105 bry\u0142\u0119, skrojon\u0105 z my\u015bl\u0105 o zaci\u0105ganiu go na kask wspinaczkowy. Wyposa\u017cono go w pe\u0142n\u0105 regulacj\u0119 oraz usztywniony brzeg w g\u00f3rnej cz\u0119\u015bci. Brzeg ten tworzy pseudo-daszek, dzi\u0119ki kt\u00f3remu materia\u0142 nie opada na oczy, a krople sp\u0142ywaj\u0105 gdzie\u015b po bokach i nie wpadaj\u0105 pod gard\u0119. Je\u015bli chodzi o regulacj\u0119, na plus mo\u017cna zaliczy\u0107 t\u0119 kt\u00f3ra biegnie wok\u00f3\u0142 otworu na twarz. Sprawnie dopasowuje bry\u0142\u0119 i posiada ukryte regulatory, kt\u00f3re da si\u0119 obs\u0142u\u017cy\u0107 w r\u0119kawiczkach. Latem odrobin\u0119 rozczarowuje jednak regulacja dopasowania do obwodu g\u0142owy, kt\u00f3ra znajduje si\u0119 na tyle kaptura. Zak\u0142adaj\u0105c kaptur tylko na g\u0142ow\u0119, musia\u0142em doci\u0105ga\u0107 ten regulator na maksa. Przy czapce zimowej na g\u0142owie problem na szcz\u0119\u015bcie ju\u017c nie jest tak ewidentny.&nbsp;<\/p>\n\n\n\n<p><strong>Garda <\/strong>jest obszerna i wysoka. Jej kszta\u0142t mo\u017cna uzna\u0107 za bardzo komfortowy, przy za\u0142o\u017ceniu kaptura na kask. Kiedy kaptur nie jest za\u0142o\u017cony, garda ca\u0142kiem komfortowo daje si\u0119 u\u0142o\u017cy\u0107 i zupe\u0142nie nie przeszkadza w w\u0119dr\u00f3wce.<\/p>\n\n\n<div class=\"wp-block-image\">\n<figure class=\"aligncenter size-large\"><img loading=\"lazy\" decoding=\"async\" width=\"1024\" height=\"759\" src=\"https:\/\/skalnik.pl\/blog\/wp-content\/uploads\/2020\/11\/garda.jpg\" alt=\"\" class=\"wp-image-14533\" srcset=\"https:\/\/www.skalnik.pl\/blog\/wp-content\/uploads\/2020\/11\/garda.jpg 1024w, https:\/\/www.skalnik.pl\/blog\/wp-content\/uploads\/2020\/11\/garda-300x222.jpg 300w, https:\/\/www.skalnik.pl\/blog\/wp-content\/uploads\/2020\/11\/garda-768x569.jpg 768w\" sizes=\"auto, (max-width: 1024px) 100vw, 1024px\" \/><figcaption class=\"wp-element-caption\"><em>Garda uk\u0142ada si\u0119 wygodnie, gdy kaptur nie jest na g\u0142owie. <\/em><\/figcaption><\/figure>\n<\/div>\n\n\n<p><strong>Kieszenie<\/strong> w tej kurtce s\u0105 zapinane na zamki YKK\u00ae. Pojedyncza sucha kieszonka wewn\u0119trzna \u015bwietnie przydaje si\u0119 na smartfon. Kieszenie zewn\u0119trzne z wodoodpornymi zamkami s\u0105 kapitalne. Umieszczono je na tyle wysoko, by uprz\u0105\u017c i pas biodrowy plecaka nie utrudnia\u0142y si\u0119gania i s\u0105 one na tyle du\u017ce by pomie\u015bci\u0107 cho\u0107by map\u0119. Podczas wspomnianej ucieczki przed burz\u0105, sprawdzi\u0142y si\u0119 \u015bwietnie, gdy trzeba by\u0142o od czasu do czasu rzuci\u0107 okiem na uk\u0142ad le\u015bnych dr\u00f3g.<\/p>\n\n\n\n<p><strong>Wentylacja <\/strong>pod pachami ma podw\u00f3jne zamki i jest w pe\u0142ni laminowana. D\u0142ugo\u015b\u0107 suwak\u00f3w pozwala na naprawd\u0119 spore wentylowanie. Sama obs\u0142uga nie przysparza \u017cadnych problem\u00f3w. To element dobrze zlokalizowany i tak funkcjonalny, \u017ce czasem si\u0119 o nim po prostu zapomina.&nbsp;<\/p>\n\n\n\n<p><strong>R\u0119kawom<\/strong> nale\u017c\u0105 si\u0119 te\u017c przynajmniej cztery zdania. Ta cz\u0119\u015b\u0107 odzie\u017cy jest skrojona technicznie, z naddatkiem materia\u0142u, kt\u00f3ry nie ogranicza ruch\u00f3w. Profilowanie r\u0119kaw\u00f3w oceniam \u015bwietnie, regulacj\u0119 mankiet\u00f3w na pi\u0105tk\u0119 z plusem. Dla mnie rewelacja.&nbsp;<\/p>\n\n\n<div class=\"wp-block-image\">\n<figure class=\"aligncenter size-large\"><img loading=\"lazy\" decoding=\"async\" width=\"1024\" height=\"682\" src=\"https:\/\/skalnik.pl\/blog\/wp-content\/uploads\/2020\/11\/r\u0119kawy-kangri-GTX.jpg\" alt=\"\" class=\"wp-image-14536\" srcset=\"https:\/\/www.skalnik.pl\/blog\/wp-content\/uploads\/2020\/11\/r\u0119kawy-kangri-GTX.jpg 1024w, https:\/\/www.skalnik.pl\/blog\/wp-content\/uploads\/2020\/11\/r\u0119kawy-kangri-GTX-300x200.jpg 300w, https:\/\/www.skalnik.pl\/blog\/wp-content\/uploads\/2020\/11\/r\u0119kawy-kangri-GTX-768x512.jpg 768w\" sizes=\"auto, (max-width: 1024px) 100vw, 1024px\" \/><figcaption class=\"wp-element-caption\"><em>Starannie wyprofilowane r\u0119kawy ko\u0144cz\u0105 si\u0119 mankietem z regulacj\u0105 na rzepy. <\/em><br><em>(G\u00f3ry Kamienne, arch. autora)<\/em><\/figcaption><\/figure>\n<\/div>\n\n\n<p><strong>Regulacja <\/strong>kurtki Rab Kangri GTX jest dwojaka. Kurtka ma klasyczn\u0105 regulacj\u0119 w dolnym brzegu. Dwa regulatory zaci\u0105gni\u0119te przy wyj\u015bciu w g\u00f3ry pozostaj\u0105 w po\u0142o\u017ceniu, a\u017c do ko\u0144ca wyprawy. Drugi regulator znajduje si\u0119 na wysoko\u015bci pasa. M\u00f3wi\u0105c szczerze &#8211; z niego spr\u00f3buj\u0119 skorzysta\u0107 zim\u0105. Na skiturach powinien uszczelni\u0107 kurtk\u0119 w tym miejscu, pe\u0142ni\u0105c troch\u0119 rol\u0119 pasa \u015bniegowego.&nbsp;<\/p>\n\n\n\n<p><strong>Zamek centralny <\/strong>to rewelacja kurtki Rab &#8211; laminowany, dwustronny, wyko\u0144czony w g\u00f3rnej cz\u0119\u015bci ochron\u0105 podbr\u00f3dka na ko\u0144cu i materia\u0142em z mikrow\u0142\u00f3kien na wewn\u0119trznej listwie. Tak jak lubi\u0119 &#8211; bez zb\u0119dnej patki zewn\u0119trznej, bez zaci\u0119\u0107 w dzia\u0142aniu i z du\u017cym uchwytem, kt\u00f3ry da si\u0119 z\u0142apa\u0107 nawet w grubej r\u0119kawicy! Dwustronne rozpinanie kurtki ucieszy ka\u017cdego wspinacza. Warto doda\u0107 \u017ce po rozpi\u0119ciu kurtki hardshell od do\u0142u, jej po\u0142y mo\u017cna spi\u0105\u0107 specjalnym guzikiem. Ja doceni\u0142em to w Tatrach, gdy po zje\u017adzie najpierw mog\u0142em zn\u00f3w przywi\u0105za\u0107 si\u0119 \u00f3semk\u0105 do ko\u0144ca liny, a dopiero potem zdj\u0105\u0107 za\u0142o\u017con\u0105 na uprz\u0105\u017c kurtk\u0119.&nbsp;<\/p>\n\n\n<div class=\"wp-block-image\">\n<figure class=\"aligncenter size-large\"><img loading=\"lazy\" decoding=\"async\" width=\"1024\" height=\"682\" src=\"https:\/\/skalnik.pl\/blog\/wp-content\/uploads\/2020\/11\/DSC02418.jpg\" alt=\"\" class=\"wp-image-14534\" srcset=\"https:\/\/www.skalnik.pl\/blog\/wp-content\/uploads\/2020\/11\/DSC02418.jpg 1024w, https:\/\/www.skalnik.pl\/blog\/wp-content\/uploads\/2020\/11\/DSC02418-300x200.jpg 300w, https:\/\/www.skalnik.pl\/blog\/wp-content\/uploads\/2020\/11\/DSC02418-768x512.jpg 768w\" sizes=\"auto, (max-width: 1024px) 100vw, 1024px\" \/><figcaption class=\"wp-element-caption\"><em>Rozpinanie od do\u0142u przydaje si\u0119 podczas wspinaczki. <\/em><br><em>(Tatry, fot. Adam Wojtczak) <\/em><\/figcaption><\/figure>\n<\/div>\n\n<div class=\"wp-block-image\">\n<figure class=\"aligncenter size-large\"><img loading=\"lazy\" decoding=\"async\" width=\"823\" height=\"1024\" src=\"https:\/\/skalnik.pl\/blog\/wp-content\/uploads\/2020\/11\/detale-rab-kangri-gtx-823x1024.jpg\" alt=\"\" class=\"wp-image-14752\" srcset=\"https:\/\/www.skalnik.pl\/blog\/wp-content\/uploads\/2020\/11\/detale-rab-kangri-gtx-823x1024.jpg 823w, https:\/\/www.skalnik.pl\/blog\/wp-content\/uploads\/2020\/11\/detale-rab-kangri-gtx-241x300.jpg 241w, https:\/\/www.skalnik.pl\/blog\/wp-content\/uploads\/2020\/11\/detale-rab-kangri-gtx-768x956.jpg 768w, https:\/\/www.skalnik.pl\/blog\/wp-content\/uploads\/2020\/11\/detale-rab-kangri-gtx.jpg 964w\" sizes=\"auto, (max-width: 823px) 100vw, 823px\" \/><figcaption class=\"wp-element-caption\"><em>Starannie wykonane detale, sprawny DWR, czy du\u017ce pulki zamk\u00f3w ciesz\u0105 w czasie u\u017cytkowania kurtki. <\/em><\/figcaption><\/figure>\n<\/div>\n\n\n<h2 class=\"wp-block-heading\"><span class=\"ez-toc-section\" id=\"Test_Kangri_GTX_%E2%80%93_podsumowanie\"><\/span>Test Kangri GTX &#8211; podsumowanie<span class=\"ez-toc-section-end\"><\/span><\/h2>\n\n\n\n<p>Kurtka Rab Kangri GTX to rasowy hardshell GORE-TEX. Bez wahania mo\u017cna stwierdzi\u0107, \u017ce to model skrojony na ambitniejsze cele i ka\u017cd\u0105 nag\u0142\u0105 zmian\u0119 pogody, kt\u00f3ra mo\u017ce w g\u00f3rach zaskoczy\u0107. Ten praktycznie bezb\u0142\u0119dnie wykonany hardshell jest produktem, kt\u00f3ry powinien by\u0107 na celowniku tych os\u00f3b, kt\u00f3re w g\u00f3rach chc\u0105 wi\u0119cej i wi\u0119cej.&nbsp;<\/p>\n\n\n\n<p>Na koniec szybka \u015bci\u0105ga z atut\u00f3w i zarzut\u00f3w do tej kurtki Rab dla m\u0119\u017cczyzn.<\/p>\n\n\n\n<p>PLUSY<\/p>\n\n\n\n<ul class=\"wp-block-list\">\n<li>wysoki poziom ochrony przed deszczem i wiatrem<\/li>\n\n\n\n<li>sprawne oddychanie odzie\u017cy<\/li>\n\n\n\n<li>kaptur\/garda pod kask<\/li>\n\n\n\n<li>dwustronny zamek z du\u017cymi uchwytami w suwakach<\/li>\n\n\n\n<li>stabilne regulatory&nbsp;<\/li>\n\n\n\n<li>techniczny kr\u00f3j<\/li>\n<\/ul>\n\n\n\n<p>MINUSY<\/p>\n\n\n\n<ul class=\"wp-block-list\">\n<li>utrudniona regulacja kaptura na samej g\u0142owie<\/li>\n\n\n\n<li>brak pokrowca\/dedykowanej kieszeni, do kt\u00f3rej pakuje si\u0119 kurtka do transportu<\/li>\n\n\n\n<li>waga &#8211; kurtka nie jest przesadnie ci\u0119\u017cka jak na hardshell tej klasy, ale znalaz\u0142by si\u0119 potencja\u0142 na zmniejszenie kilku gram\u00f3w, cho\u0107by przez uj\u0119cie regulacji w pasie czy eliminacj\u0119 wewn\u0119trznej kieszeni<\/li>\n<\/ul>\n\n\n<div class=\"wp-block-image\">\n<figure class=\"aligncenter size-large\"><img loading=\"lazy\" decoding=\"async\" width=\"1024\" height=\"682\" src=\"https:\/\/skalnik.pl\/blog\/wp-content\/uploads\/2020\/11\/test-kurtki-goretex-rab.jpg\" alt=\"\" class=\"wp-image-14544\" srcset=\"https:\/\/www.skalnik.pl\/blog\/wp-content\/uploads\/2020\/11\/test-kurtki-goretex-rab.jpg 1024w, https:\/\/www.skalnik.pl\/blog\/wp-content\/uploads\/2020\/11\/test-kurtki-goretex-rab-300x200.jpg 300w, https:\/\/www.skalnik.pl\/blog\/wp-content\/uploads\/2020\/11\/test-kurtki-goretex-rab-768x512.jpg 768w\" sizes=\"auto, (max-width: 1024px) 100vw, 1024px\" \/><figcaption class=\"wp-element-caption\"><em>Kurtka Kangri GTX na trwa\u0142e wskakuje do mojego ekwipunku. Z ni\u0105 w czasie opad\u00f3w i wiatru mam zawsze odpowiedni\u0105 ochron\u0119. (G\u00f3ry Kamienne, arch. autora) <\/em><\/figcaption><\/figure>\n<\/div>\n\n\n<p>&nbsp;<\/p>\n\n\n\n<figure><iframe loading=\"lazy\" src=\"https:\/\/www.youtube.com\/embed\/VVgji1rjK4I\" allowfullscreen=\"\" width=\"800\" height=\"442\"><\/iframe><\/figure>\n\n\n\n<p><\/p>\n\n\n\n<p>Kilkumiesi\u0119czny test kurtki Kangri GTX marki Rab pozwoli\u0142 mi si\u0119 naprawd\u0119 zaprzyja\u017ani\u0107 z tym produktem. Za ka\u017cdym razem kurtka rewelacyjnie sprawdzi\u0142a si\u0119 w ochronie i utwierdzi\u0142a po raz kolejny w przekonaniu, \u017ce kurtki z membran\u0105 marki Rab to produkty, kt\u00f3rym warto ufa\u0107. W pracy przewodnika g\u00f3rskiego nie mog\u0119 pozwoli\u0107 sobie na pogodowe wym\u00f3wki. Rezerwacje nocleg\u00f3w czy terminy urlop\u00f3w os\u00f3b wyruszaj\u0105cych ze mn\u0105 w g\u00f3ry, to powody, dla kt\u00f3rych nie da si\u0119 odwo\u0142a\u0107 wycieczki. Wym\u00f3wk\u0105 mo\u017ce by\u0107 tylko bezpiecze\u0144stwo. Na szcz\u0119\u015bcie z kurtk\u0105 tak\u0105 jak Kangri GTX deszczowa prognoza staje si\u0119 mniej straszna, a w\u0119dr\u00f3wka czy inne dzia\u0142ania w deszczu, \u015bniegu, wietrze bezpieczniejsze i bardziej komfortowe.<\/p>\n","protected":false},"excerpt":{"rendered":"<p>GORE-TEX\u00ae z prawdziwego zdarzenia! Kangri GTX to kurtka dla ambitnych turyst\u00f3w i&#8230;<\/p>\n","protected":false},"author":8,"featured_media":14758,"comment_status":"open","ping_status":"open","sticky":false,"template":"","format":"standard","meta":{"_acf_changed":false,"footnotes":""},"categories":[8],"tags":[195,157,229],"magento_category":[40],"magento_product":[569,570,571,567,565,566,568,563,564,562,561],"class_list":["post-14528","post","type-post","status-publish","format-standard","has-post-thumbnail","hentry","category-testy","tag-hardshell","tag-kurtki-gore-tex","tag-testy"],"acf":[],"aioseo_notices":[],"aioseo_head":"\n\t\t<!-- All in One SEO 4.9.10 - aioseo.com -->\n\t<meta name=\"description\" content=\"Poznaj test kurtki Rab Kangri GTX. Po\u015bwi\u0119\u0107 kilka minut, a dowiesz si\u0119 dla kogo zaprojektowana jest ta kurtka GROE-TEX\u00ae i jak sprawdza si\u0119 w terenie.\" \/>\n\t<meta name=\"robots\" content=\"max-image-preview:large\" \/>\n\t<meta name=\"author\" content=\"S\u0142awek Nosal\"\/>\n\t<link rel=\"canonical\" href=\"https:\/\/www.skalnik.pl\/blog\/rab-kangri-gtx-test-kurtki-gore-tex\/\" \/>\n\t<meta name=\"generator\" content=\"All in One SEO (AIOSEO) 4.9.10\" \/>\n\t\t<meta property=\"og:locale\" content=\"pl_PL\" \/>\n\t\t<meta property=\"og:site_name\" content=\"blog Skalnik - Blog, porady, artyku\u0142y - blog Skalnik\" \/>\n\t\t<meta property=\"og:type\" content=\"article\" \/>\n\t\t<meta property=\"og:title\" content=\"Rab Kangri GTX \u2013 test kurtki GORE-TEX - blog Skalnik\" \/>\n\t\t<meta property=\"og:description\" content=\"Poznaj test kurtki Rab Kangri GTX. Po\u015bwi\u0119\u0107 kilka minut, a dowiesz si\u0119 dla kogo zaprojektowana jest ta kurtka GROE-TEX\u00ae i jak sprawdza si\u0119 w terenie.\" \/>\n\t\t<meta property=\"og:url\" content=\"https:\/\/www.skalnik.pl\/blog\/rab-kangri-gtx-test-kurtki-gore-tex\/\" \/>\n\t\t<meta property=\"og:image\" content=\"https:\/\/skalnik.pl\/blog\/wp-content\/uploads\/2020\/11\/kangri-gtx-rab-hardshell-test.jpg\" \/>\n\t\t<meta property=\"og:image:secure_url\" content=\"https:\/\/skalnik.pl\/blog\/wp-content\/uploads\/2020\/11\/kangri-gtx-rab-hardshell-test.jpg\" \/>\n\t\t<meta property=\"article:tag\" content=\"testy\" \/>\n\t\t<meta property=\"article:tag\" content=\"hardshell\" \/>\n\t\t<meta property=\"article:tag\" content=\"kurtki gore-tex\" \/>\n\t\t<meta property=\"article:published_time\" content=\"2020-11-20T11:44:00+00:00\" \/>\n\t\t<meta property=\"article:modified_time\" content=\"2023-09-07T13:56:28+00:00\" \/>\n\t\t<meta name=\"twitter:card\" content=\"summary_large_image\" \/>\n\t\t<meta name=\"twitter:title\" content=\"Rab Kangri GTX \u2013 test kurtki GORE-TEX - blog Skalnik\" \/>\n\t\t<meta name=\"twitter:description\" content=\"Poznaj test kurtki Rab Kangri GTX. Po\u015bwi\u0119\u0107 kilka minut, a dowiesz si\u0119 dla kogo zaprojektowana jest ta kurtka GROE-TEX\u00ae i jak sprawdza si\u0119 w terenie.\" \/>\n\t\t<meta name=\"twitter:image\" content=\"https:\/\/skalnik.pl\/blog\/wp-content\/uploads\/2020\/11\/kangri-gtx-rab-hardshell-test.jpg\" \/>\n\t\t<script type=\"application\/ld+json\" class=\"aioseo-schema\">\n\t\t\t{\"@context\":\"https:\\\/\\\/schema.org\",\"@graph\":[{\"@type\":\"BlogPosting\",\"@id\":\"https:\\\/\\\/www.skalnik.pl\\\/blog\\\/rab-kangri-gtx-test-kurtki-gore-tex\\\/#blogposting\",\"name\":\"Rab Kangri GTX \\u2013 test kurtki GORE-TEX - blog Skalnik\",\"headline\":\"Rab Kangri GTX &#8211; test kurtki GORE-TEX\",\"author\":{\"@id\":\"https:\\\/\\\/www.skalnik.pl\\\/blog\\\/author\\\/slawek-nosal\\\/#author\"},\"publisher\":{\"@id\":\"https:\\\/\\\/www.skalnik.pl\\\/blog\\\/#organization\"},\"image\":{\"@type\":\"ImageObject\",\"url\":\"https:\\\/\\\/www.skalnik.pl\\\/blog\\\/wp-content\\\/uploads\\\/2020\\\/11\\\/okladka-kangri22.jpg\",\"width\":1920,\"height\":706,\"caption\":\"kurtka goretex\"},\"datePublished\":\"2020-11-20T12:44:00+02:00\",\"dateModified\":\"2023-09-07T15:56:28+02:00\",\"inLanguage\":\"pl-PL\",\"mainEntityOfPage\":{\"@id\":\"https:\\\/\\\/www.skalnik.pl\\\/blog\\\/rab-kangri-gtx-test-kurtki-gore-tex\\\/#webpage\"},\"isPartOf\":{\"@id\":\"https:\\\/\\\/www.skalnik.pl\\\/blog\\\/rab-kangri-gtx-test-kurtki-gore-tex\\\/#webpage\"},\"articleSection\":\"Testy, hardshell, kurtki gore-tex, testy, 1090, 1007221, 1007234, 1007293, 684310, 684312, 684322, 684324, 690383, 690397, 709202, 709204\"},{\"@type\":\"BreadcrumbList\",\"@id\":\"https:\\\/\\\/www.skalnik.pl\\\/blog\\\/rab-kangri-gtx-test-kurtki-gore-tex\\\/#breadcrumblist\",\"itemListElement\":[{\"@type\":\"ListItem\",\"@id\":\"https:\\\/\\\/www.skalnik.pl\\\/blog#listItem\",\"position\":1,\"name\":\"Home\",\"item\":\"https:\\\/\\\/www.skalnik.pl\\\/blog\",\"nextItem\":{\"@type\":\"ListItem\",\"@id\":\"https:\\\/\\\/www.skalnik.pl\\\/blog\\\/.\\\/testy\\\/#listItem\",\"name\":\"Testy\"}},{\"@type\":\"ListItem\",\"@id\":\"https:\\\/\\\/www.skalnik.pl\\\/blog\\\/.\\\/testy\\\/#listItem\",\"position\":2,\"name\":\"Testy\",\"item\":\"https:\\\/\\\/www.skalnik.pl\\\/blog\\\/.\\\/testy\\\/\",\"nextItem\":{\"@type\":\"ListItem\",\"@id\":\"https:\\\/\\\/www.skalnik.pl\\\/blog\\\/rab-kangri-gtx-test-kurtki-gore-tex\\\/#listItem\",\"name\":\"Rab Kangri GTX &#8211; test kurtki GORE-TEX\"},\"previousItem\":{\"@type\":\"ListItem\",\"@id\":\"https:\\\/\\\/www.skalnik.pl\\\/blog#listItem\",\"name\":\"Home\"}},{\"@type\":\"ListItem\",\"@id\":\"https:\\\/\\\/www.skalnik.pl\\\/blog\\\/rab-kangri-gtx-test-kurtki-gore-tex\\\/#listItem\",\"position\":3,\"name\":\"Rab Kangri GTX &#8211; test kurtki GORE-TEX\",\"previousItem\":{\"@type\":\"ListItem\",\"@id\":\"https:\\\/\\\/www.skalnik.pl\\\/blog\\\/.\\\/testy\\\/#listItem\",\"name\":\"Testy\"}}]},{\"@type\":\"Organization\",\"@id\":\"https:\\\/\\\/www.skalnik.pl\\\/blog\\\/#organization\",\"name\":\"blog Skalnik\",\"description\":\"Blog, porady, artyku\\u0142y - blog Skalnik\",\"url\":\"https:\\\/\\\/www.skalnik.pl\\\/blog\\\/\"},{\"@type\":\"Person\",\"@id\":\"https:\\\/\\\/www.skalnik.pl\\\/blog\\\/author\\\/slawek-nosal\\\/#author\",\"url\":\"https:\\\/\\\/www.skalnik.pl\\\/blog\\\/author\\\/slawek-nosal\\\/\",\"name\":\"S\\u0142awek Nosal\",\"image\":{\"@type\":\"ImageObject\",\"@id\":\"https:\\\/\\\/www.skalnik.pl\\\/blog\\\/rab-kangri-gtx-test-kurtki-gore-tex\\\/#authorImage\",\"url\":\"https:\\\/\\\/secure.gravatar.com\\\/avatar\\\/376f39150afcfc713e809ef8313d42dee4210bb1425eaad8153efa8965009197?s=96&d=mm&r=g\",\"width\":96,\"height\":96,\"caption\":\"S\\u0142awek Nosal\"}},{\"@type\":\"WebPage\",\"@id\":\"https:\\\/\\\/www.skalnik.pl\\\/blog\\\/rab-kangri-gtx-test-kurtki-gore-tex\\\/#webpage\",\"url\":\"https:\\\/\\\/www.skalnik.pl\\\/blog\\\/rab-kangri-gtx-test-kurtki-gore-tex\\\/\",\"name\":\"Rab Kangri GTX \\u2013 test kurtki GORE-TEX - blog Skalnik\",\"description\":\"Poznaj test kurtki Rab Kangri GTX. Po\\u015bwi\\u0119\\u0107 kilka minut, a dowiesz si\\u0119 dla kogo zaprojektowana jest ta kurtka GROE-TEX\\u00ae i jak sprawdza si\\u0119 w terenie.\",\"inLanguage\":\"pl-PL\",\"isPartOf\":{\"@id\":\"https:\\\/\\\/www.skalnik.pl\\\/blog\\\/#website\"},\"breadcrumb\":{\"@id\":\"https:\\\/\\\/www.skalnik.pl\\\/blog\\\/rab-kangri-gtx-test-kurtki-gore-tex\\\/#breadcrumblist\"},\"author\":{\"@id\":\"https:\\\/\\\/www.skalnik.pl\\\/blog\\\/author\\\/slawek-nosal\\\/#author\"},\"creator\":{\"@id\":\"https:\\\/\\\/www.skalnik.pl\\\/blog\\\/author\\\/slawek-nosal\\\/#author\"},\"image\":{\"@type\":\"ImageObject\",\"url\":\"https:\\\/\\\/www.skalnik.pl\\\/blog\\\/wp-content\\\/uploads\\\/2020\\\/11\\\/okladka-kangri22.jpg\",\"@id\":\"https:\\\/\\\/www.skalnik.pl\\\/blog\\\/rab-kangri-gtx-test-kurtki-gore-tex\\\/#mainImage\",\"width\":1920,\"height\":706,\"caption\":\"kurtka goretex\"},\"primaryImageOfPage\":{\"@id\":\"https:\\\/\\\/www.skalnik.pl\\\/blog\\\/rab-kangri-gtx-test-kurtki-gore-tex\\\/#mainImage\"},\"datePublished\":\"2020-11-20T12:44:00+02:00\",\"dateModified\":\"2023-09-07T15:56:28+02:00\"},{\"@type\":\"WebSite\",\"@id\":\"https:\\\/\\\/www.skalnik.pl\\\/blog\\\/#website\",\"url\":\"https:\\\/\\\/www.skalnik.pl\\\/blog\\\/\",\"name\":\"blog Skalnik\",\"description\":\"Blog, porady, artyku\\u0142y - blog Skalnik\",\"inLanguage\":\"pl-PL\",\"publisher\":{\"@id\":\"https:\\\/\\\/www.skalnik.pl\\\/blog\\\/#organization\"}}]}\n\t\t<\/script>\n\t\t<!-- All in One SEO -->\n\n","aioseo_head_json":{"title":"Rab Kangri GTX \u2013 test kurtki GORE-TEX - blog Skalnik","description":"Poznaj test kurtki Rab Kangri GTX. Po\u015bwi\u0119\u0107 kilka minut, a dowiesz si\u0119 dla kogo zaprojektowana jest ta kurtka GROE-TEX\u00ae i jak sprawdza si\u0119 w terenie.","canonical_url":"https:\/\/www.skalnik.pl\/blog\/rab-kangri-gtx-test-kurtki-gore-tex\/","robots":"max-image-preview:large","keywords":"","webmasterTools":{"miscellaneous":""},"schema":{"@context":"https:\/\/schema.org","@graph":[{"@type":"BlogPosting","@id":"https:\/\/www.skalnik.pl\/blog\/rab-kangri-gtx-test-kurtki-gore-tex\/#blogposting","name":"Rab Kangri GTX \u2013 test kurtki GORE-TEX - blog Skalnik","headline":"Rab Kangri GTX &#8211; test kurtki GORE-TEX","author":{"@id":"https:\/\/www.skalnik.pl\/blog\/author\/slawek-nosal\/#author"},"publisher":{"@id":"https:\/\/www.skalnik.pl\/blog\/#organization"},"image":{"@type":"ImageObject","url":"https:\/\/www.skalnik.pl\/blog\/wp-content\/uploads\/2020\/11\/okladka-kangri22.jpg","width":1920,"height":706,"caption":"kurtka goretex"},"datePublished":"2020-11-20T12:44:00+02:00","dateModified":"2023-09-07T15:56:28+02:00","inLanguage":"pl-PL","mainEntityOfPage":{"@id":"https:\/\/www.skalnik.pl\/blog\/rab-kangri-gtx-test-kurtki-gore-tex\/#webpage"},"isPartOf":{"@id":"https:\/\/www.skalnik.pl\/blog\/rab-kangri-gtx-test-kurtki-gore-tex\/#webpage"},"articleSection":"Testy, hardshell, kurtki gore-tex, testy, 1090, 1007221, 1007234, 1007293, 684310, 684312, 684322, 684324, 690383, 690397, 709202, 709204"},{"@type":"BreadcrumbList","@id":"https:\/\/www.skalnik.pl\/blog\/rab-kangri-gtx-test-kurtki-gore-tex\/#breadcrumblist","itemListElement":[{"@type":"ListItem","@id":"https:\/\/www.skalnik.pl\/blog#listItem","position":1,"name":"Home","item":"https:\/\/www.skalnik.pl\/blog","nextItem":{"@type":"ListItem","@id":"https:\/\/www.skalnik.pl\/blog\/.\/testy\/#listItem","name":"Testy"}},{"@type":"ListItem","@id":"https:\/\/www.skalnik.pl\/blog\/.\/testy\/#listItem","position":2,"name":"Testy","item":"https:\/\/www.skalnik.pl\/blog\/.\/testy\/","nextItem":{"@type":"ListItem","@id":"https:\/\/www.skalnik.pl\/blog\/rab-kangri-gtx-test-kurtki-gore-tex\/#listItem","name":"Rab Kangri GTX &#8211; test kurtki GORE-TEX"},"previousItem":{"@type":"ListItem","@id":"https:\/\/www.skalnik.pl\/blog#listItem","name":"Home"}},{"@type":"ListItem","@id":"https:\/\/www.skalnik.pl\/blog\/rab-kangri-gtx-test-kurtki-gore-tex\/#listItem","position":3,"name":"Rab Kangri GTX &#8211; test kurtki GORE-TEX","previousItem":{"@type":"ListItem","@id":"https:\/\/www.skalnik.pl\/blog\/.\/testy\/#listItem","name":"Testy"}}]},{"@type":"Organization","@id":"https:\/\/www.skalnik.pl\/blog\/#organization","name":"blog Skalnik","description":"Blog, porady, artyku\u0142y - blog Skalnik","url":"https:\/\/www.skalnik.pl\/blog\/"},{"@type":"Person","@id":"https:\/\/www.skalnik.pl\/blog\/author\/slawek-nosal\/#author","url":"https:\/\/www.skalnik.pl\/blog\/author\/slawek-nosal\/","name":"S\u0142awek Nosal","image":{"@type":"ImageObject","@id":"https:\/\/www.skalnik.pl\/blog\/rab-kangri-gtx-test-kurtki-gore-tex\/#authorImage","url":"https:\/\/secure.gravatar.com\/avatar\/376f39150afcfc713e809ef8313d42dee4210bb1425eaad8153efa8965009197?s=96&d=mm&r=g","width":96,"height":96,"caption":"S\u0142awek Nosal"}},{"@type":"WebPage","@id":"https:\/\/www.skalnik.pl\/blog\/rab-kangri-gtx-test-kurtki-gore-tex\/#webpage","url":"https:\/\/www.skalnik.pl\/blog\/rab-kangri-gtx-test-kurtki-gore-tex\/","name":"Rab Kangri GTX \u2013 test kurtki GORE-TEX - blog Skalnik","description":"Poznaj test kurtki Rab Kangri GTX. Po\u015bwi\u0119\u0107 kilka minut, a dowiesz si\u0119 dla kogo zaprojektowana jest ta kurtka GROE-TEX\u00ae i jak sprawdza si\u0119 w terenie.","inLanguage":"pl-PL","isPartOf":{"@id":"https:\/\/www.skalnik.pl\/blog\/#website"},"breadcrumb":{"@id":"https:\/\/www.skalnik.pl\/blog\/rab-kangri-gtx-test-kurtki-gore-tex\/#breadcrumblist"},"author":{"@id":"https:\/\/www.skalnik.pl\/blog\/author\/slawek-nosal\/#author"},"creator":{"@id":"https:\/\/www.skalnik.pl\/blog\/author\/slawek-nosal\/#author"},"image":{"@type":"ImageObject","url":"https:\/\/www.skalnik.pl\/blog\/wp-content\/uploads\/2020\/11\/okladka-kangri22.jpg","@id":"https:\/\/www.skalnik.pl\/blog\/rab-kangri-gtx-test-kurtki-gore-tex\/#mainImage","width":1920,"height":706,"caption":"kurtka goretex"},"primaryImageOfPage":{"@id":"https:\/\/www.skalnik.pl\/blog\/rab-kangri-gtx-test-kurtki-gore-tex\/#mainImage"},"datePublished":"2020-11-20T12:44:00+02:00","dateModified":"2023-09-07T15:56:28+02:00"},{"@type":"WebSite","@id":"https:\/\/www.skalnik.pl\/blog\/#website","url":"https:\/\/www.skalnik.pl\/blog\/","name":"blog Skalnik","description":"Blog, porady, artyku\u0142y - blog Skalnik","inLanguage":"pl-PL","publisher":{"@id":"https:\/\/www.skalnik.pl\/blog\/#organization"}}]},"og:locale":"pl_PL","og:site_name":"blog Skalnik - Blog, porady, artyku\u0142y - blog Skalnik","og:type":"article","og:title":"Rab Kangri GTX \u2013 test kurtki GORE-TEX - blog Skalnik","og:description":"Poznaj test kurtki Rab Kangri GTX. Po\u015bwi\u0119\u0107 kilka minut, a dowiesz si\u0119 dla kogo zaprojektowana jest ta kurtka GROE-TEX\u00ae i jak sprawdza si\u0119 w terenie.","og:url":"https:\/\/www.skalnik.pl\/blog\/rab-kangri-gtx-test-kurtki-gore-tex\/","og:image":"https:\/\/skalnik.pl\/blog\/wp-content\/uploads\/2020\/11\/kangri-gtx-rab-hardshell-test.jpg","og:image:secure_url":"https:\/\/skalnik.pl\/blog\/wp-content\/uploads\/2020\/11\/kangri-gtx-rab-hardshell-test.jpg","article:tag":["testy","hardshell","kurtki gore-tex"],"article:published_time":"2020-11-20T11:44:00+00:00","article:modified_time":"2023-09-07T13:56:28+00:00","twitter:card":"summary_large_image","twitter:title":"Rab Kangri GTX \u2013 test kurtki GORE-TEX - blog Skalnik","twitter:description":"Poznaj test kurtki Rab Kangri GTX. Po\u015bwi\u0119\u0107 kilka minut, a dowiesz si\u0119 dla kogo zaprojektowana jest ta kurtka GROE-TEX\u00ae i jak sprawdza si\u0119 w terenie.","twitter:image":"https:\/\/skalnik.pl\/blog\/wp-content\/uploads\/2020\/11\/kangri-gtx-rab-hardshell-test.jpg"},"aioseo_meta_data":{"post_id":"14528","title":null,"description":"Poznaj test kurtki Rab Kangri GTX. Po\u015bwi\u0119\u0107 kilka minut, a dowiesz si\u0119 dla kogo zaprojektowana jest ta kurtka GROE-TEX\u00ae i jak sprawdza si\u0119 w terenie.","keywords":[{"label":"krutka rab","value":"krutka rab"},{"label":"kurtki","value":"kurtki"},{"label":"rab","value":"rab"},{"label":"kurtka goretex","value":"kurtka goretex"},{"label":"kurtka rab kangri gtx","value":"kurtka rab kangri gtx"},{"label":"kangr gtx test","value":"kangr gtx test"},{"label":"kangri gtx opinie","value":"kangri gtx opinie"}],"keyphrases":{"focus":{"keyphrase":"","score":0,"analysis":{"keyphraseInTitle":{"score":0,"maxScore":9,"error":1}}},"additional":[]},"primary_term":null,"canonical_url":null,"og_title":null,"og_description":null,"og_object_type":"default","og_image_type":"default","og_image_url":null,"og_image_width":null,"og_image_height":null,"og_image_custom_url":null,"og_image_custom_fields":null,"og_video":"","og_custom_url":null,"og_article_section":null,"og_article_tags":[],"twitter_use_og":false,"twitter_card":"default","twitter_image_type":"default","twitter_image_url":null,"twitter_image_custom_url":null,"twitter_image_custom_fields":null,"twitter_title":null,"twitter_description":null,"schema":{"blockGraphs":[],"customGraphs":[],"default":{"data":{"Article":[],"Course":[],"Dataset":[],"FAQPage":[],"Movie":[],"Person":[],"Product":[],"ProductReview":[],"Car":[],"Recipe":[],"Service":[],"SoftwareApplication":[],"WebPage":[]},"graphName":"","isEnabled":true},"graphs":[]},"schema_type":"default","schema_type_options":null,"pillar_content":false,"robots_default":true,"robots_noindex":false,"robots_noarchive":false,"robots_nosnippet":false,"robots_nofollow":false,"robots_noimageindex":false,"robots_noodp":false,"robots_notranslate":false,"robots_max_snippet":"-1","robots_max_videopreview":"-1","robots_max_imagepreview":"large","priority":null,"frequency":"default","local_seo":null,"breadcrumb_settings":null,"limit_modified_date":false,"ai":null,"created":"2022-08-26 10:27:08","updated":"2026-02-17 22:00:34","seo_analyzer_scan_date":null},"aioseo_breadcrumb":"<div class=\"aioseo-breadcrumbs\"><span class=\"aioseo-breadcrumb\">\n\t\t\t<a href=\"https:\/\/www.skalnik.pl\/blog\" title=\"Home\">Home<\/a>\n\t\t<\/span><span class=\"aioseo-breadcrumb-separator\">&raquo;<\/span><span class=\"aioseo-breadcrumb\">\n\t\t\t<a href=\"https:\/\/www.skalnik.pl\/blog\/.\/testy\/\" title=\"Testy\">Testy<\/a>\n\t\t<\/span><span class=\"aioseo-breadcrumb-separator\">&raquo;<\/span><span class=\"aioseo-breadcrumb\">\n\t\t\tRab Kangri GTX \u2013 test kurtki GORE-TEX\n\t\t<\/span><\/div>","aioseo_breadcrumb_json":[{"label":"Home","link":"https:\/\/www.skalnik.pl\/blog"},{"label":"Testy","link":"https:\/\/www.skalnik.pl\/blog\/.\/testy\/"},{"label":"Rab Kangri GTX &#8211; test kurtki GORE-TEX","link":"https:\/\/www.skalnik.pl\/blog\/rab-kangri-gtx-test-kurtki-gore-tex\/"}],"_links":{"self":[{"href":"https:\/\/www.skalnik.pl\/blog\/wp-json\/wp\/v2\/posts\/14528","targetHints":{"allow":["GET"]}}],"collection":[{"href":"https:\/\/www.skalnik.pl\/blog\/wp-json\/wp\/v2\/posts"}],"about":[{"href":"https:\/\/www.skalnik.pl\/blog\/wp-json\/wp\/v2\/types\/post"}],"author":[{"embeddable":true,"href":"https:\/\/www.skalnik.pl\/blog\/wp-json\/wp\/v2\/users\/8"}],"replies":[{"embeddable":true,"href":"https:\/\/www.skalnik.pl\/blog\/wp-json\/wp\/v2\/comments?post=14528"}],"version-history":[{"count":21,"href":"https:\/\/www.skalnik.pl\/blog\/wp-json\/wp\/v2\/posts\/14528\/revisions"}],"predecessor-version":[{"id":24181,"href":"https:\/\/www.skalnik.pl\/blog\/wp-json\/wp\/v2\/posts\/14528\/revisions\/24181"}],"wp:featuredmedia":[{"embeddable":true,"href":"https:\/\/www.skalnik.pl\/blog\/wp-json\/wp\/v2\/media\/14758"}],"wp:attachment":[{"href":"https:\/\/www.skalnik.pl\/blog\/wp-json\/wp\/v2\/media?parent=14528"}],"wp:term":[{"taxonomy":"category","embeddable":true,"href":"https:\/\/www.skalnik.pl\/blog\/wp-json\/wp\/v2\/categories?post=14528"},{"taxonomy":"post_tag","embeddable":true,"href":"https:\/\/www.skalnik.pl\/blog\/wp-json\/wp\/v2\/tags?post=14528"},{"taxonomy":"magento_category","embeddable":true,"href":"https:\/\/www.skalnik.pl\/blog\/wp-json\/wp\/v2\/magento_category?post=14528"},{"taxonomy":"magento_product","embeddable":true,"href":"https:\/\/www.skalnik.pl\/blog\/wp-json\/wp\/v2\/magento_product?post=14528"}],"curies":[{"name":"wp","href":"https:\/\/api.w.org\/{rel}","templated":true}]}}