{"id":14895,"date":"2020-12-04T07:18:00","date_gmt":"2020-12-04T06:18:00","guid":{"rendered":"https:\/\/skalnik.pl\/blog\/?p=14895"},"modified":"2024-05-21T08:39:05","modified_gmt":"2024-05-21T06:39:05","slug":"korona-gor-polski-lackowa","status":"publish","type":"post","link":"https:\/\/www.skalnik.pl\/blog\/korona-gor-polski-lackowa\/","title":{"rendered":"Korona G\u00f3r Polski &#8211; Lackowa"},"content":{"rendered":"\n<p><strong>Lackowa ma w sobie co\u015b, co nie pozwala o niej zapomnie\u0107. Mo\u017ce dlatego wspomina si\u0119 j\u0105 w turystycznych piosenkach. Ma te\u017c kilka innych nazw, spo\u015br\u00f3d kt\u00f3rych warto wspomnie\u0107 Chor\u0105giewk\u0119 Pu\u0142askiego (z czas\u00f3w konfederacji barskiej) oraz Policyjn\u0105 G\u00f3r\u0119 ze wzgl\u0119du na wysoko\u015b\u0107 Lackowej \u2013 ca\u0142e 997 m n.p.m. &nbsp;<\/strong><\/p>\n\n\n\n<div id=\"ez-toc-container\" class=\"ez-toc-v2_0_85 counter-hierarchy ez-toc-counter ez-toc-light-blue ez-toc-container-direction\">\n<div class=\"ez-toc-title-container\">\n<p class=\"ez-toc-title\" style=\"cursor:inherit\">SPIS TRE\u015aCI <\/p>\n<span class=\"ez-toc-title-toggle\"><a href=\"#\" class=\"ez-toc-pull-right ez-toc-btn ez-toc-btn-xs ez-toc-btn-default ez-toc-toggle\" aria-label=\"Prze\u0142\u0105cznik Spisu Tre\u015bci\"><span class=\"ez-toc-js-icon-con\"><span class=\"\"><span class=\"eztoc-hide\" style=\"display:none;\">Toggle<\/span><span class=\"ez-toc-icon-toggle-span\"><svg style=\"fill: #999;color:#999\" xmlns=\"http:\/\/www.w3.org\/2000\/svg\" class=\"list-377408\" width=\"20px\" height=\"20px\" viewBox=\"0 0 24 24\" fill=\"none\"><path d=\"M6 6H4v2h2V6zm14 0H8v2h12V6zM4 11h2v2H4v-2zm16 0H8v2h12v-2zM4 16h2v2H4v-2zm16 0H8v2h12v-2z\" fill=\"currentColor\"><\/path><\/svg><svg style=\"fill: #999;color:#999\" class=\"arrow-unsorted-368013\" xmlns=\"http:\/\/www.w3.org\/2000\/svg\" width=\"10px\" height=\"10px\" viewBox=\"0 0 24 24\" version=\"1.2\" baseProfile=\"tiny\"><path d=\"M18.2 9.3l-6.2-6.3-6.2 6.3c-.2.2-.3.4-.3.7s.1.5.3.7c.2.2.4.3.7.3h11c.3 0 .5-.1.7-.3.2-.2.3-.5.3-.7s-.1-.5-.3-.7zM5.8 14.7l6.2 6.3 6.2-6.3c.2-.2.3-.5.3-.7s-.1-.5-.3-.7c-.2-.2-.4-.3-.7-.3h-11c-.3 0-.5.1-.7.3-.2.2-.3.5-.3.7s.1.5.3.7z\"\/><\/svg><\/span><\/span><\/span><\/a><\/span><\/div>\n<nav><ul class='ez-toc-list ez-toc-list-level-1 ' ><li class='ez-toc-page-1 ez-toc-heading-level-2'><a class=\"ez-toc-link ez-toc-heading-1\" href=\"https:\/\/www.skalnik.pl\/blog\/korona-gor-polski-lackowa\/#Lackowa_polozenie\" >Lackowa po\u0142o\u017cenie<\/a><\/li><li class='ez-toc-page-1 ez-toc-heading-level-2'><a class=\"ez-toc-link ez-toc-heading-2\" href=\"https:\/\/www.skalnik.pl\/blog\/korona-gor-polski-lackowa\/#Lackowa_szlaki\" >Lackowa szlaki<\/a><\/li><li class='ez-toc-page-1 ez-toc-heading-level-2'><a class=\"ez-toc-link ez-toc-heading-3\" href=\"https:\/\/www.skalnik.pl\/blog\/korona-gor-polski-lackowa\/#Trasa_na_Lackowa\" >Trasa na Lackow\u0105<\/a><\/li><li class='ez-toc-page-1 ez-toc-heading-level-2'><a class=\"ez-toc-link ez-toc-heading-4\" href=\"https:\/\/www.skalnik.pl\/blog\/korona-gor-polski-lackowa\/#Dobrze_wiedziec_czyli_ciekawostki_zwiazane_z_Lackowa\" >Dobrze wiedzie\u0107, czyli ciekawostki zwi\u0105zane z Lackow\u0105<\/a><\/li><\/ul><\/nav><\/div>\n<h2 class=\"wp-block-heading\"><span class=\"ez-toc-section\" id=\"Lackowa_polozenie\"><\/span>Lackowa po\u0142o\u017cenie<span class=\"ez-toc-section-end\"><\/span><\/h2>\n\n\n\n<p>Lackowa to najwy\u017cszy szczyt Beskidu Niskiego, pasma po\u0142o\u017conego mi\u0119dzy Bieszczadami na wschodzie, a Beskidem S\u0105deckim na zachodzie. G\u00f3ry te \u2013 jak wskazuje nazwa \u2013 nie s\u0105 zbyt wybitne, zdecydowanie mniej popularne od s\u0105siednich Bieszczad\u00f3w, a przez to niemal puste. Maj\u0105 te\u017c swoje tajemnice, kt\u00f3re warto odkrywa\u0107. Beskid Niski to pasmo le\u017c\u0105ce zar\u00f3wno po polskiej, jak i po s\u0142owackiej stronie. Granica przebiega te\u017c m.in. przez Lackow\u0105, kt\u00f3ra jest najwy\u017csza po stronie polskiej, natomiast s\u0142owacki Beskid Niski ma par\u0119 metr\u00f3w wy\u017cszy Busov (1002 m n.p.m.).<\/p>\n\n\n\n<h2 class=\"wp-block-heading\"><span class=\"ez-toc-section\" id=\"Lackowa_szlaki\"><\/span>Lackowa szlaki<span class=\"ez-toc-section-end\"><\/span><\/h2>\n\n\n\n<p>Szlak na Lackow\u0105 prowadzi tylko jeden \u2013 czerwony. Jest to fragment szlaku wytyczonego wzd\u0142u\u017c granicy polsko-s\u0142owackiej. Biegnie on r\u00f3wnolegle do s\u0142ynnego g\u0142\u00f3wnego szlaku beskidzkiego, cho\u0107 jest od niego nieco kr\u00f3tszy.  Je\u015bli interesuje ci\u0119 raczej jednodniowa w\u0119dr\u00f3wka ni\u017c wielodniowe przej\u015bcie wzd\u0142u\u017c granicy, ucieszy ci\u0119 wiadomo\u015b\u0107, \u017ce brak innych szlak\u00f3w to nie problem. W okolicy Lackowej jest wiele dr\u00f3g, trakt\u00f3w i \u015bcie\u017cek, dzi\u0119ki kt\u00f3rym mo\u017cliwe s\u0105 parogodzinne wypady na najwy\u017cszy szczyt Beskidu Niskiego. Umo\u017cliwiaj\u0105 one tak\u017ce zatoczenie p\u0119tli dla turyst\u00f3w, kt\u00f3rzy chc\u0105 zako\u0144czy\u0107 w\u0119dr\u00f3wk\u0119 w miejscu startu. Poniewa\u017c teren ten nie jest parkiem narodowym czy rezerwatem, spokojnie mo\u017cna zej\u015b\u0107 ze szlaku.<\/p>\n\n\n\n<p>Miejscami startu jednodniowych w\u0119dr\u00f3wek s\u0105 zazwyczaj miejscowo\u015bci Izby lub Ropki, do kt\u00f3rych w miar\u0119 \u0142atwo dojecha\u0107 jest samochodem i zostawi\u0107 go na par\u0119 godzin. Przygotuj si\u0119 na w\u0119dr\u00f3wk\u0119, kt\u00f3ra wcale nie b\u0119dzie tak \u201elajtowa\u201d jak mog\u0142aby wskazywa\u0107 nazwa pasma. Poni\u017cej szczeg\u00f3\u0142owy opis jednego z wariant\u00f3w dotarcia na Lackow\u0105. Za start i met\u0119 w\u0119dr\u00f3wki przyj\u0119\u0142am miejscowo\u015b\u0107 Izby.<\/p>\n\n\n\n<h2 class=\"wp-block-heading\"><span class=\"ez-toc-section\" id=\"Trasa_na_Lackowa\"><\/span>Trasa na Lackow\u0105<span class=\"ez-toc-section-end\"><\/span><\/h2>\n\n\n\n<p>Izby \u2013 prze\u0142. Beskid \u2013 Lackowa \u2013 Bieliczna \u2013 Izby<br>Czas: ok. 3 godz.<br>Dystans: 11 km<\/p>\n\n\n\n<p>Do Izb naj\u0142atwiej dotrze\u0107 samochodem, ale kursuje tu tak\u017ce komunikacja zbiorowa z Gorlic. Auto najlepiej zaparkowa\u0107 w pobli\u017cu gospodarstwa rolnego na ko\u0144cu wsi, przy drodze prowadz\u0105cej w stron\u0119 prze\u0142\u0119czy Beskid. W sezonie \u0142atwo pozna\u0107 to miejsce, bo zapewne b\u0119dzie tu sta\u0142o co najmniej kilka innych samochod\u00f3w. Z tego miejsca do szlaku doprowadza najpierw betonowa, potem szutrowa, a w ko\u0144cu le\u015bna droga. Nie spos\u00f3b si\u0119 zgubi\u0107 \u2013 wystarczy i\u015b\u0107 po prostu przed siebie. Przez pewien czas po lewej stronie dobrze widoczny b\u0119dzie cel w\u0119dr\u00f3wki \u2013 Lackowa.<\/p>\n\n\n\n<iframe loading=\"lazy\" style=\"border:none\" src=\"https:\/\/en.frame.mapy.cz\/s\/parorojave\" width=\"800\" height=\"442\" frameborder=\"0\"><\/iframe>\n\n\n\n<p>Prze\u0142\u0119cz Beskid nie jest zbyt dobrze oznakowana. Stoj\u0105 tu jednak s\u0142upki graniczne, \u015bwiadcz\u0105ce o tym, \u017ce pora skr\u0119ci\u0107 na wsch\u00f3d (czyli w lewo). Szlak na pocz\u0105tku jest kr\u0119t\u0105 \u015bcie\u017ck\u0105 po\u0142o\u017con\u0105 w bukowym lesie, po kt\u00f3rej kilka os\u00f3b musi w\u0119drowa\u0107 g\u0119siego. Z czasem jednak rozszerza si\u0119 w wygodny le\u015bny dukt. Puntem kulminacyjnym stosunkowo \u0142atwej w\u0119dr\u00f3wki jest legendarny odcinek zwany <em>\u015bcian\u0105 p\u0142aczu<\/em>. To podobno najbardziej stromy \u2013 poza Tatrami \u2013 d\u0142u\u017cszy odcinek znakowanego szlaku. Rzeczywi\u015bcie w por\u00f3wnaniu z tym miejscem nawet podej\u015bcie na Borow\u0105 czy Walig\u00f3r\u0119 (<a href=\"https:\/\/skalnik.pl\/blog\/korona-gor-polski-waligora\/\" target=\"_blank\" rel=\"noreferrer noopener\">zobacz wpis o tym szczycie<\/a>) staj\u0105 si\u0119 nieco \u0142agodniejsze.<\/p>\n\n\n<div class=\"page_gallery\">\n\n\t\t<style type=\"text\/css\">\n\t\t\t#gallery-1 {\n\t\t\t\tmargin: auto;\n\t\t\t}\n\t\t\t#gallery-1 .gallery-item {\n\t\t\t\tfloat: left;\n\t\t\t\tmargin-top: 10px;\n\t\t\t\ttext-align: center;\n\t\t\t\twidth: 33%;\n\t\t\t}\n\t\t\t#gallery-1 img {\n\t\t\t\tborder: 2px solid #cfcfcf;\n\t\t\t}\n\t\t\t#gallery-1 .gallery-caption {\n\t\t\t\tmargin-left: 0;\n\t\t\t}\n\t\t\t\/* see gallery_shortcode() in wp-includes\/media.php *\/\n\t\t<\/style>\n\t\t<div id='gallery-1' class='gallery galleryid-14895 gallery-columns-3 gallery-size-large'><dl class='gallery-item'>\n\t\t\t<dt class='gallery-icon landscape'>\n\t\t\t\t<img loading=\"lazy\" decoding=\"async\" width=\"1024\" height=\"768\" src=\"https:\/\/www.skalnik.pl\/blog\/wp-content\/uploads\/2020\/11\/szlaki.jpg\" class=\"attachment-large size-large\" alt=\"prze\u0142\u0119cz Beskid - drogowskaz na Lackow\u0105\" aria-describedby=\"gallery-1-14904\" srcset=\"https:\/\/www.skalnik.pl\/blog\/wp-content\/uploads\/2020\/11\/szlaki.jpg 1024w, https:\/\/www.skalnik.pl\/blog\/wp-content\/uploads\/2020\/11\/szlaki-300x225.jpg 300w, https:\/\/www.skalnik.pl\/blog\/wp-content\/uploads\/2020\/11\/szlaki-768x576.jpg 768w\" sizes=\"auto, (max-width: 1024px) 100vw, 1024px\" \/>\n\t\t\t<\/dt>\n\t\t\t\t<dd class='wp-caption-text gallery-caption' id='gallery-1-14904'>\n\t\t\t\tPrze\u0142\u0119cz Beskid &#8211; niewyra\u017ane oznaczenie szlaku (fot. A. Robak)\n\t\t\t\t<\/dd><\/dl><dl class='gallery-item'>\n\t\t\t<dt class='gallery-icon landscape'>\n\t\t\t\t<img loading=\"lazy\" decoding=\"async\" width=\"771\" height=\"578\" src=\"https:\/\/www.skalnik.pl\/blog\/wp-content\/uploads\/2020\/11\/sciana-placzu2.jpg\" class=\"attachment-large size-large\" alt=\"\u015bciana p\u0142aczu - podej\u015bcie na Lackow\u0105\" aria-describedby=\"gallery-1-14903\" srcset=\"https:\/\/www.skalnik.pl\/blog\/wp-content\/uploads\/2020\/11\/sciana-placzu2.jpg 771w, https:\/\/www.skalnik.pl\/blog\/wp-content\/uploads\/2020\/11\/sciana-placzu2-300x225.jpg 300w, https:\/\/www.skalnik.pl\/blog\/wp-content\/uploads\/2020\/11\/sciana-placzu2-768x576.jpg 768w\" sizes=\"auto, (max-width: 771px) 100vw, 771px\" \/>\n\t\t\t<\/dt>\n\t\t\t\t<dd class='wp-caption-text gallery-caption' id='gallery-1-14903'>\n\t\t\t\tPocz\u0105tek legendarnej \u015bciany p\u0142aczu (fot. A. Robak)\n\t\t\t\t<\/dd><\/dl><dl class='gallery-item'>\n\t\t\t<dt class='gallery-icon landscape'>\n\t\t\t\t<img loading=\"lazy\" decoding=\"async\" width=\"1024\" height=\"768\" src=\"https:\/\/www.skalnik.pl\/blog\/wp-content\/uploads\/2020\/11\/scianak-placzu.jpg\" class=\"attachment-large size-large\" alt=\"stroma \u015bciana p\u0142aczu na Lackow\u0105\" aria-describedby=\"gallery-1-14902\" srcset=\"https:\/\/www.skalnik.pl\/blog\/wp-content\/uploads\/2020\/11\/scianak-placzu.jpg 1024w, https:\/\/www.skalnik.pl\/blog\/wp-content\/uploads\/2020\/11\/scianak-placzu-300x225.jpg 300w, https:\/\/www.skalnik.pl\/blog\/wp-content\/uploads\/2020\/11\/scianak-placzu-768x576.jpg 768w\" sizes=\"auto, (max-width: 1024px) 100vw, 1024px\" \/>\n\t\t\t<\/dt>\n\t\t\t\t<dd class='wp-caption-text gallery-caption' id='gallery-1-14902'>\n\t\t\t\tStrome podej\u015bcie na Lackow\u0105 (fot. A. Robak)\n\t\t\t\t<\/dd><\/dl><br style=\"clear: both\" \/>\n\t\t<\/div>\n\n<\/div>\n\n\n<p>Pokonanie <em>\u015bciany p\u0142aczu<\/em> w g\u00f3r\u0119 jest mimo wszystko \u0142atwiejsze ni\u017c w d\u00f3\u0142, st\u0105d taki w\u0142a\u015bnie kierunek polecam. Je\u015bli kto\u015b planuje t\u0119dy schodzi\u0107, rekomenduj\u0119 wysokie <a href=\"https:\/\/www.skalnik.pl\/buty\/buty-meskie\" target=\"_blank\" rel=\"noopener\" title=\"\">buty trekkingowe<\/a>, szczeg\u00f3lnie osobom mniej obeznanym ze stromiznami. Po obfitych deszczach przej\u015bcie tego odcinka mo\u017ce by\u0107 skrajnie trudne. Na szcz\u0119\u015bcie rosn\u0105 tu m\u0142ode buczki, spod ziemi wystaj\u0105 te\u017c korzenie \u2013 warto korzysta\u0107 z tych pomocy przy wspinaniu si\u0119 ku g\u00f3rze lub schodzeniu (twarz\u0105 do stoku). Pozosta\u0142a cz\u0119\u015b\u0107 drogi nie nastr\u0119cza wi\u0119kszych trudno\u015bci i w sumie po ok. 1,5 godz. w\u0119dr\u00f3wki mo\u017cemy powiedzie\u0107, \u017ce mamy to &#8211; Lackowa szczyt Korony G\u00f3r Polski zdobyta.<\/p>\n\n\n\n<p>Na szczycie jest tabliczka (polska i s\u0142owacka), flagi bia\u0142o-czerwone oraz skrzynka z piecz\u0105tk\u0105. Widok\u00f3w st\u0105d \u017cadnych si\u0119 nie u\u015bwiadczy, Lackowa jest g\u0119sto poro\u015bni\u0119ta bukami. Co nieco wida\u0107 troch\u0119 poni\u017cej szczytu, ale to widok na stron\u0119 s\u0142owack\u0105.<\/p>\n\n\n<div class=\"wp-block-image\">\n<figure class=\"aligncenter size-large\"><img loading=\"lazy\" decoding=\"async\" width=\"1024\" height=\"768\" src=\"https:\/\/skalnik.pl\/blog\/wp-content\/uploads\/2020\/11\/lackowa-szczyt.jpg\" alt=\"\" class=\"wp-image-14899\" srcset=\"https:\/\/www.skalnik.pl\/blog\/wp-content\/uploads\/2020\/11\/lackowa-szczyt.jpg 1024w, https:\/\/www.skalnik.pl\/blog\/wp-content\/uploads\/2020\/11\/lackowa-szczyt-300x225.jpg 300w, https:\/\/www.skalnik.pl\/blog\/wp-content\/uploads\/2020\/11\/lackowa-szczyt-768x576.jpg 768w\" sizes=\"auto, (max-width: 1024px) 100vw, 1024px\" \/><figcaption class=\"wp-element-caption\"><em>Szczyt Lackowej poro\u015bni\u0119ty jest bukowym lasem<\/em><\/figcaption><\/figure>\n<\/div>\n\n\n<p>Schodz\u0105c z Lackowej warto doj\u015b\u0107 albo do samej prze\u0142\u0119czy Pu\u0142askiego, albo troch\u0119 wcze\u015bniej odbi\u0107 w lewo w jedn\u0105 z wielu le\u015bnych dr\u00f3g. Po kilkunastu minutach marszu przez las dociera si\u0119 do \u0142\u0105k. St\u0105d rozci\u0105gaj\u0105 si\u0119 \u0142adne widoki nie tylko na Lackow\u0105, ale tak\u017ce na okoliczne g\u00f3ry. Droga wiedzie wzd\u0142u\u017c strumienia, w kt\u00f3rym zadomowi\u0142y si\u0119 bobry \u2013 \u015bladami ich dzia\u0142alno\u015bci s\u0105 charakterystycznie \u201ezjedzone\u201d drzewa oraz ogromne \u017ceremie. To chyba za spraw\u0105 bobr\u00f3w rzeka Bia\u0142a raz po raz przelewa si\u0119 ze swojego koryta i p\u0142ynie&#8230; drog\u0105. Je\u015bli stan wody jest niski, mo\u017cna spokojnie znale\u017a\u0107 przej\u015bcie, ale po kilku deszczowych dniach mo\u017ce te\u017c si\u0119 zdarzy\u0107, \u017ce trzeba b\u0119dzie zdejmowa\u0107 buty.<\/p>\n\n\n<div class=\"page_gallery\">\n\n\t\t<style type=\"text\/css\">\n\t\t\t#gallery-2 {\n\t\t\t\tmargin: auto;\n\t\t\t}\n\t\t\t#gallery-2 .gallery-item {\n\t\t\t\tfloat: left;\n\t\t\t\tmargin-top: 10px;\n\t\t\t\ttext-align: center;\n\t\t\t\twidth: 33%;\n\t\t\t}\n\t\t\t#gallery-2 img {\n\t\t\t\tborder: 2px solid #cfcfcf;\n\t\t\t}\n\t\t\t#gallery-2 .gallery-caption {\n\t\t\t\tmargin-left: 0;\n\t\t\t}\n\t\t\t\/* see gallery_shortcode() in wp-includes\/media.php *\/\n\t\t<\/style>\n\t\t<div id='gallery-2' class='gallery galleryid-14895 gallery-columns-3 gallery-size-large'><dl class='gallery-item'>\n\t\t\t<dt class='gallery-icon landscape'>\n\t\t\t\t<img loading=\"lazy\" decoding=\"async\" width=\"1024\" height=\"768\" src=\"https:\/\/www.skalnik.pl\/blog\/wp-content\/uploads\/2020\/11\/do-bielicznej.jpg\" class=\"attachment-large size-large\" alt=\"dwie postaci na polach w\u015br\u00f3d g\u00f3r\" aria-describedby=\"gallery-2-14909\" srcset=\"https:\/\/www.skalnik.pl\/blog\/wp-content\/uploads\/2020\/11\/do-bielicznej.jpg 1024w, https:\/\/www.skalnik.pl\/blog\/wp-content\/uploads\/2020\/11\/do-bielicznej-300x225.jpg 300w, https:\/\/www.skalnik.pl\/blog\/wp-content\/uploads\/2020\/11\/do-bielicznej-768x576.jpg 768w\" sizes=\"auto, (max-width: 1024px) 100vw, 1024px\" \/>\n\t\t\t<\/dt>\n\t\t\t\t<dd class='wp-caption-text gallery-caption' id='gallery-2-14909'>\n\t\t\t\tPo bezdro\u017cach Beskidu Niskiego\n\t\t\t\t<\/dd><\/dl><dl class='gallery-item'>\n\t\t\t<dt class='gallery-icon landscape'>\n\t\t\t\t<img loading=\"lazy\" decoding=\"async\" width=\"1024\" height=\"768\" src=\"https:\/\/www.skalnik.pl\/blog\/wp-content\/uploads\/2020\/11\/zeremie.jpg\" class=\"attachment-large size-large\" alt=\"\u017ceremie bobrze\" aria-describedby=\"gallery-2-14911\" srcset=\"https:\/\/www.skalnik.pl\/blog\/wp-content\/uploads\/2020\/11\/zeremie.jpg 1024w, https:\/\/www.skalnik.pl\/blog\/wp-content\/uploads\/2020\/11\/zeremie-300x225.jpg 300w, https:\/\/www.skalnik.pl\/blog\/wp-content\/uploads\/2020\/11\/zeremie-768x576.jpg 768w\" sizes=\"auto, (max-width: 1024px) 100vw, 1024px\" \/>\n\t\t\t<\/dt>\n\t\t\t\t<dd class='wp-caption-text gallery-caption' id='gallery-2-14911'>\n\t\t\t\tSpi\u0119trzona przez bobry rzeczka Bia\u0142a\n\t\t\t\t<\/dd><\/dl><dl class='gallery-item'>\n\t\t\t<dt class='gallery-icon landscape'>\n\t\t\t\t<img loading=\"lazy\" decoding=\"async\" width=\"1024\" height=\"768\" src=\"https:\/\/www.skalnik.pl\/blog\/wp-content\/uploads\/2020\/11\/droga-strumien.jpg\" class=\"attachment-large size-large\" alt=\"rzeka Bia\u0142a p\u0142ynie w miejscu szlaku\" aria-describedby=\"gallery-2-14905\" srcset=\"https:\/\/www.skalnik.pl\/blog\/wp-content\/uploads\/2020\/11\/droga-strumien.jpg 1024w, https:\/\/www.skalnik.pl\/blog\/wp-content\/uploads\/2020\/11\/droga-strumien-300x225.jpg 300w, https:\/\/www.skalnik.pl\/blog\/wp-content\/uploads\/2020\/11\/droga-strumien-768x576.jpg 768w\" sizes=\"auto, (max-width: 1024px) 100vw, 1024px\" \/>\n\t\t\t<\/dt>\n\t\t\t\t<dd class='wp-caption-text gallery-caption' id='gallery-2-14905'>\n\t\t\t\tNiekiedy woda p\u0142ynie w miejscu szlaku (fot. A. Robak)\n\t\t\t\t<\/dd><\/dl><br style=\"clear: both\" \/><dl class='gallery-item'>\n\t\t\t<dt class='gallery-icon landscape'>\n\t\t\t\t<img loading=\"lazy\" decoding=\"async\" width=\"1024\" height=\"768\" src=\"https:\/\/www.skalnik.pl\/blog\/wp-content\/uploads\/2020\/11\/przez-rzeke.jpg\" class=\"attachment-large size-large\" alt=\"dwie osoby przechodz\u0105 przez rzeczk\u0119 na boso, w r\u0119ku trzymaj\u0105 buty\" aria-describedby=\"gallery-2-14910\" srcset=\"https:\/\/www.skalnik.pl\/blog\/wp-content\/uploads\/2020\/11\/przez-rzeke.jpg 1024w, https:\/\/www.skalnik.pl\/blog\/wp-content\/uploads\/2020\/11\/przez-rzeke-300x225.jpg 300w, https:\/\/www.skalnik.pl\/blog\/wp-content\/uploads\/2020\/11\/przez-rzeke-768x576.jpg 768w\" sizes=\"auto, (max-width: 1024px) 100vw, 1024px\" \/>\n\t\t\t<\/dt>\n\t\t\t\t<dd class='wp-caption-text gallery-caption' id='gallery-2-14910'>\n\t\t\t\tCzasem trzeba \u015bci\u0105gn\u0105\u0107 buty\n\t\t\t\t<\/dd><\/dl>\n\t\t\t<br style='clear: both' \/>\n\t\t<\/div>\n\n<\/div>\n\n\n<div style=\"width:1024; height:600px; padding: 15px; resize:both; overflow: auto;\"> <div style=\"width:100%; height:100%; box-shadow: 5px 5px 15px #00000038;\"> <iframe src=\"https:\/\/kgp3d.amu.edu.pl\/szczyty\/Wackowa.html\" allow=\"xr xr-spatial-tracking\" style=\"height: 100%; width: 100%; border: 0;\" ><\/iframe> <\/div> <\/div>\n\n\n\n<p>Po dawnej \u0142emkowskiej wsi Bieliczna niewiele zosta\u0142o, ale jest droga, kt\u00f3r\u0105 wygodnie dociera si\u0119 do Izb. Je\u015bli kto\u015b chce spr\u00f3bowa\u0107 w\u0119dr\u00f3wki w odwrotn\u0105 stron\u0119 mo\u017ce zostawi\u0107 samoch\u00f3d przed Bieliczn\u0105. To tak\u017ce miejsce, gdzie parkuj\u0105 tury\u015bci, kt\u00f3rzy chc\u0105 zwiedzi\u0107 jedynie pozosta\u0142o\u015bci po tej wiosce.<\/p>\n\n\n\n<h2 class=\"wp-block-heading\"><span class=\"ez-toc-section\" id=\"Dobrze_wiedziec_czyli_ciekawostki_zwiazane_z_Lackowa\"><\/span>Dobrze wiedzie\u0107, czyli ciekawostki zwi\u0105zane z Lackow\u0105<span class=\"ez-toc-section-end\"><\/span><\/h2>\n\n\n\n<ul class=\"wp-block-list\">\n<li>Beskid Niski mo\u017ce nie imponuje wysoko\u015bci\u0105, jednak tereny te by\u0142y niemym \u015bwiadkiem wielu wydarze\u0144 z historii Polski. Przez stulecia mieszka\u0142y tu \u2013 prowadz\u0105c rolniczo-pasterski tryb \u017cycia \u2013 rusi\u0144skie mniejszo\u015bci znane jako Bojkowie, Wo\u0142ochowie i \u0141emkowie. Prawdopodobnie przybywali falami z niespokojnych teren\u00f3w z Ba\u0142kan\u00f3w. Zajmowali ziemie le\u017c\u0105ce od\u0142ogiem, niezagospodarowane przez polskich rolnik\u00f3w. Wyr\u00f3\u017cniali si\u0119 wyznaniem: prawos\u0142awiem lub greckokatolickim oraz cyrylic\u0105 w alfabecie pisanym. Po II wojnie \u015bwiatowej zostali przesiedleni w r\u00f3\u017cne cz\u0119\u015bci kraju, skazani na zapomnienie. \u015alad\u00f3w po nich w Beskidzie Niskim jest sporo, najcz\u0119\u015bciej s\u0105 to pojedyncze cerkwie, cmentarze, przydro\u017cne krzy\u017ce z podw\u00f3jnymi ramionami, kapliczki. Po cz\u0119\u015bci wsi nie zosta\u0142o nawet to, jedynie zdzicza\u0142e owocowe drzewa i resztki fundament\u00f3w niemal ju\u017c niewidoczne.<\/li>\n<\/ul>\n\n\n<div class=\"page_gallery\">\n\n\t\t<style type=\"text\/css\">\n\t\t\t#gallery-3 {\n\t\t\t\tmargin: auto;\n\t\t\t}\n\t\t\t#gallery-3 .gallery-item {\n\t\t\t\tfloat: left;\n\t\t\t\tmargin-top: 10px;\n\t\t\t\ttext-align: center;\n\t\t\t\twidth: 33%;\n\t\t\t}\n\t\t\t#gallery-3 img {\n\t\t\t\tborder: 2px solid #cfcfcf;\n\t\t\t}\n\t\t\t#gallery-3 .gallery-caption {\n\t\t\t\tmargin-left: 0;\n\t\t\t}\n\t\t\t\/* see gallery_shortcode() in wp-includes\/media.php *\/\n\t\t<\/style>\n\t\t<div id='gallery-3' class='gallery galleryid-14895 gallery-columns-3 gallery-size-large'><dl class='gallery-item'>\n\t\t\t<dt class='gallery-icon portrait'>\n\t\t\t\t<img loading=\"lazy\" decoding=\"async\" width=\"768\" height=\"1024\" src=\"https:\/\/www.skalnik.pl\/blog\/wp-content\/uploads\/2020\/11\/bieliczna-cerkiew.jpg\" class=\"attachment-large size-large\" alt=\"bia\u0142a cerkiew z dachem krytym gontem - zdj\u0119cie od strony absydy\" aria-describedby=\"gallery-3-14906\" srcset=\"https:\/\/www.skalnik.pl\/blog\/wp-content\/uploads\/2020\/11\/bieliczna-cerkiew.jpg 768w, https:\/\/www.skalnik.pl\/blog\/wp-content\/uploads\/2020\/11\/bieliczna-cerkiew-225x300.jpg 225w\" sizes=\"auto, (max-width: 768px) 100vw, 768px\" \/>\n\t\t\t<\/dt>\n\t\t\t\t<dd class='wp-caption-text gallery-caption' id='gallery-3-14906'>\n\t\t\t\tXVIII-wieczna cerkiew pw. \u015bw. Micha\u0142a Archanio\u0142a\n\t\t\t\t<\/dd><\/dl><dl class='gallery-item'>\n\t\t\t<dt class='gallery-icon portrait'>\n\t\t\t\t<img loading=\"lazy\" decoding=\"async\" width=\"768\" height=\"1024\" src=\"https:\/\/www.skalnik.pl\/blog\/wp-content\/uploads\/2020\/11\/bieliczna-kapliczka.jpg\" class=\"attachment-large size-large\" alt=\"kapliczka przydro\u017cna w Bielicznej\" aria-describedby=\"gallery-3-14907\" srcset=\"https:\/\/www.skalnik.pl\/blog\/wp-content\/uploads\/2020\/11\/bieliczna-kapliczka.jpg 768w, https:\/\/www.skalnik.pl\/blog\/wp-content\/uploads\/2020\/11\/bieliczna-kapliczka-225x300.jpg 225w\" sizes=\"auto, (max-width: 768px) 100vw, 768px\" \/>\n\t\t\t<\/dt>\n\t\t\t\t<dd class='wp-caption-text gallery-caption' id='gallery-3-14907'>\n\t\t\t\tPrzydro\u017cna kapliczka \u015bw. Miko\u0142aja\n\t\t\t\t<\/dd><\/dl><dl class='gallery-item'>\n\t\t\t<dt class='gallery-icon portrait'>\n\t\t\t\t<img loading=\"lazy\" decoding=\"async\" width=\"768\" height=\"1024\" src=\"https:\/\/www.skalnik.pl\/blog\/wp-content\/uploads\/2020\/11\/cmentarz-bieliczna.jpg\" class=\"attachment-large size-large\" alt=\"cmentarzyk w Bielicznej\" aria-describedby=\"gallery-3-14908\" srcset=\"https:\/\/www.skalnik.pl\/blog\/wp-content\/uploads\/2020\/11\/cmentarz-bieliczna.jpg 768w, https:\/\/www.skalnik.pl\/blog\/wp-content\/uploads\/2020\/11\/cmentarz-bieliczna-225x300.jpg 225w\" sizes=\"auto, (max-width: 768px) 100vw, 768px\" \/>\n\t\t\t<\/dt>\n\t\t\t\t<dd class='wp-caption-text gallery-caption' id='gallery-3-14908'>\n\t\t\t\tCmentarz w Bielicznej\n\t\t\t\t<\/dd><\/dl><br style=\"clear: both\" \/>\n\t\t<\/div>\n\n<\/div>\n\n\n<ul class=\"wp-block-list\">\n<li>U st\u00f3p Lackowej le\u017ca\u0142a kiedy\u015b wie\u015b Bieliczna, zamieszkiwana przez ludno\u015b\u0107 \u0142emkowsk\u0105. Pozosta\u0142a po niej niedu\u017ca cerkiew i cmentarzyk, na kt\u00f3rym zachowa\u0142o si\u0119 kilka nagrobk\u00f3w. Warto zobaczy\u0107 to miejsce, bo jest niezwykle urokliwe, a z cmentarza jest znakomity widok na okoliczne g\u00f3ry, w tym Lackow\u0105. Cerkiewka jest otwarta przez ca\u0142\u0105 dob\u0119.<\/li>\n<\/ul>\n\n\n\n<ul class=\"wp-block-list\">\n<li>Po drodze do Bielicznej i w samej Bielicznej warto popatrze\u0107 na bobrze \u017ceremie, kt\u00f3rych jest tu ca\u0142a masa.<\/li>\n<\/ul>\n\n\n\n<ul class=\"wp-block-list\">\n<li>O Lackowej pisali poeci, \u015bpiewali bardowie. Nazwa Lackowa pochodzi z j\u0119zyka \u0142emkowskiego i oznaczaj\u0105ca ni mniej, ni wi\u0119cej tylko g\u00f3r\u0119 Wackow\u0105, czyli nale\u017c\u0105c\u0105 do Wac\u0142awa (bli\u017cej niestety nieznanego).<\/li>\n<\/ul>\n\n\n\n<ul class=\"wp-block-list\">\n<li>Chor\u0105giewka Pu\u0142askiego to inne miano Lackowej. Podczas konfederacji barskiej stacjonowa\u0142y w okolicy tutaj \u017co\u0142nierze gen. Kazimierza Pu\u0142askiego. Lackowa by\u0142a wtedy g\u00f3r\u0105 bezle\u015bn\u0105, wykorzystywano j\u0105 do \u0142\u0105czno\u015bci, bo by\u0142a dobrze widoczna z okolicy. Nazwiskiem Pu\u0142askiego nazwano tak\u017ce prze\u0142\u0119cz po\u0142o\u017con\u0105 mi\u0119dzy Lackow\u0105 a Ostrym Wierchem.<\/li>\n<\/ul>\n","protected":false},"excerpt":{"rendered":"<p>Beskid Niski ma swoj\u0105 kr\u00f3low\u0105 &#8211; to Lackowa, o kt\u00f3rej \u015bpiewa si\u0119 przy ognisku. Prowadzi na ni\u0105 jeden z najbardziej stromych szlak\u00f3w zwany \u015bcian\u0105 p\u0142aczu.<\/p>\n","protected":false},"author":9,"featured_media":14898,"comment_status":"open","ping_status":"open","sticky":false,"template":"","format":"standard","meta":{"_acf_changed":false,"footnotes":""},"categories":[84],"tags":[28,260,91],"magento_category":[],"magento_product":[],"class_list":["post-14895","post","type-post","status-publish","format-standard","has-post-thumbnail","hentry","category-pasja","tag-gory","tag-korona-gor-polski","tag-trekking"],"acf":[],"aioseo_notices":[],"aioseo_head":"\n\t\t<!-- All in One SEO 4.9.10 - aioseo.com -->\n\t<meta name=\"description\" content=\"Beskid Niski ma swoj\u0105 kr\u00f3low\u0105, kt\u00f3r\u0105 jest Lackowa. Prowadzi na ni\u0105 stromy szlak zwany \u015bcian\u0105 p\u0142aczu, podobno najbardziej stromy w polskich g\u00f3rach poza Tatrami.\" \/>\n\t<meta name=\"robots\" content=\"max-image-preview:large\" \/>\n\t<meta name=\"author\" content=\"Beata Nawrotkiewicz\"\/>\n\t<link rel=\"canonical\" href=\"https:\/\/www.skalnik.pl\/blog\/korona-gor-polski-lackowa\/\" \/>\n\t<meta name=\"generator\" content=\"All in One SEO (AIOSEO) 4.9.10\" \/>\n\t\t<meta property=\"og:locale\" content=\"pl_PL\" \/>\n\t\t<meta property=\"og:site_name\" content=\"blog Skalnik - Blog, porady, artyku\u0142y - blog Skalnik\" \/>\n\t\t<meta property=\"og:type\" content=\"article\" \/>\n\t\t<meta property=\"og:title\" content=\"Korona G\u00f3r Polski \u2013 Lackowa - blog Skalnik\" \/>\n\t\t<meta property=\"og:description\" content=\"Beskid Niski ma swoj\u0105 kr\u00f3low\u0105, kt\u00f3r\u0105 jest Lackowa. Prowadzi na ni\u0105 stromy szlak zwany \u015bcian\u0105 p\u0142aczu, podobno najbardziej stromy w polskich g\u00f3rach poza Tatrami.\" \/>\n\t\t<meta property=\"og:url\" content=\"https:\/\/www.skalnik.pl\/blog\/korona-gor-polski-lackowa\/\" \/>\n\t\t<meta property=\"og:image\" content=\"https:\/\/skalnik.pl\/blog\/wp-content\/uploads\/2020\/11\/lackowa-szczyt.jpg\" \/>\n\t\t<meta property=\"og:image:secure_url\" content=\"https:\/\/skalnik.pl\/blog\/wp-content\/uploads\/2020\/11\/lackowa-szczyt.jpg\" \/>\n\t\t<meta property=\"article:tag\" content=\"pasja\" \/>\n\t\t<meta property=\"article:tag\" content=\"g\u00f3ry\" \/>\n\t\t<meta property=\"article:tag\" content=\"korona g\u00f3r polski\" \/>\n\t\t<meta property=\"article:tag\" content=\"trekking\" \/>\n\t\t<meta property=\"article:published_time\" content=\"2020-12-04T06:18:00+00:00\" \/>\n\t\t<meta property=\"article:modified_time\" content=\"2024-05-21T06:39:05+00:00\" \/>\n\t\t<meta name=\"twitter:card\" content=\"summary_large_image\" \/>\n\t\t<meta name=\"twitter:title\" content=\"Korona G\u00f3r Polski \u2013 Lackowa - blog Skalnik\" \/>\n\t\t<meta name=\"twitter:description\" content=\"Beskid Niski ma swoj\u0105 kr\u00f3low\u0105, kt\u00f3r\u0105 jest Lackowa. Prowadzi na ni\u0105 stromy szlak zwany \u015bcian\u0105 p\u0142aczu, podobno najbardziej stromy w polskich g\u00f3rach poza Tatrami.\" \/>\n\t\t<meta name=\"twitter:image\" content=\"https:\/\/skalnik.pl\/blog\/wp-content\/uploads\/2020\/11\/lackowa-szczyt.jpg\" \/>\n\t\t<script type=\"application\/ld+json\" class=\"aioseo-schema\">\n\t\t\t{\"@context\":\"https:\\\/\\\/schema.org\",\"@graph\":[{\"@type\":\"BlogPosting\",\"@id\":\"https:\\\/\\\/www.skalnik.pl\\\/blog\\\/korona-gor-polski-lackowa\\\/#blogposting\",\"name\":\"Korona G\\u00f3r Polski \\u2013 Lackowa - blog Skalnik\",\"headline\":\"Korona G\\u00f3r Polski &#8211; Lackowa\",\"author\":{\"@id\":\"https:\\\/\\\/www.skalnik.pl\\\/blog\\\/author\\\/beata-nawrotkiewicz\\\/#author\"},\"publisher\":{\"@id\":\"https:\\\/\\\/www.skalnik.pl\\\/blog\\\/#organization\"},\"image\":{\"@type\":\"ImageObject\",\"url\":\"https:\\\/\\\/www.skalnik.pl\\\/blog\\\/wp-content\\\/uploads\\\/2020\\\/11\\\/lackowa-tytulowe.jpg\",\"width\":1920,\"height\":705,\"caption\":\"widok z \\u0142\\u0105k na Lackow\\u0105\"},\"datePublished\":\"2020-12-04T07:18:00+02:00\",\"dateModified\":\"2024-05-21T08:39:05+02:00\",\"inLanguage\":\"pl-PL\",\"mainEntityOfPage\":{\"@id\":\"https:\\\/\\\/www.skalnik.pl\\\/blog\\\/korona-gor-polski-lackowa\\\/#webpage\"},\"isPartOf\":{\"@id\":\"https:\\\/\\\/www.skalnik.pl\\\/blog\\\/korona-gor-polski-lackowa\\\/#webpage\"},\"articleSection\":\"Pasja, g\\u00f3ry, korona g\\u00f3r polski, trekking\"},{\"@type\":\"BreadcrumbList\",\"@id\":\"https:\\\/\\\/www.skalnik.pl\\\/blog\\\/korona-gor-polski-lackowa\\\/#breadcrumblist\",\"itemListElement\":[{\"@type\":\"ListItem\",\"@id\":\"https:\\\/\\\/www.skalnik.pl\\\/blog#listItem\",\"position\":1,\"name\":\"Home\",\"item\":\"https:\\\/\\\/www.skalnik.pl\\\/blog\",\"nextItem\":{\"@type\":\"ListItem\",\"@id\":\"https:\\\/\\\/www.skalnik.pl\\\/blog\\\/.\\\/pasja\\\/#listItem\",\"name\":\"Pasja\"}},{\"@type\":\"ListItem\",\"@id\":\"https:\\\/\\\/www.skalnik.pl\\\/blog\\\/.\\\/pasja\\\/#listItem\",\"position\":2,\"name\":\"Pasja\",\"item\":\"https:\\\/\\\/www.skalnik.pl\\\/blog\\\/.\\\/pasja\\\/\",\"nextItem\":{\"@type\":\"ListItem\",\"@id\":\"https:\\\/\\\/www.skalnik.pl\\\/blog\\\/korona-gor-polski-lackowa\\\/#listItem\",\"name\":\"Korona G\\u00f3r Polski &#8211; Lackowa\"},\"previousItem\":{\"@type\":\"ListItem\",\"@id\":\"https:\\\/\\\/www.skalnik.pl\\\/blog#listItem\",\"name\":\"Home\"}},{\"@type\":\"ListItem\",\"@id\":\"https:\\\/\\\/www.skalnik.pl\\\/blog\\\/korona-gor-polski-lackowa\\\/#listItem\",\"position\":3,\"name\":\"Korona G\\u00f3r Polski &#8211; Lackowa\",\"previousItem\":{\"@type\":\"ListItem\",\"@id\":\"https:\\\/\\\/www.skalnik.pl\\\/blog\\\/.\\\/pasja\\\/#listItem\",\"name\":\"Pasja\"}}]},{\"@type\":\"Organization\",\"@id\":\"https:\\\/\\\/www.skalnik.pl\\\/blog\\\/#organization\",\"name\":\"blog Skalnik\",\"description\":\"Blog, porady, artyku\\u0142y - blog Skalnik\",\"url\":\"https:\\\/\\\/www.skalnik.pl\\\/blog\\\/\"},{\"@type\":\"Person\",\"@id\":\"https:\\\/\\\/www.skalnik.pl\\\/blog\\\/author\\\/beata-nawrotkiewicz\\\/#author\",\"url\":\"https:\\\/\\\/www.skalnik.pl\\\/blog\\\/author\\\/beata-nawrotkiewicz\\\/\",\"name\":\"Beata Nawrotkiewicz\",\"image\":{\"@type\":\"ImageObject\",\"@id\":\"https:\\\/\\\/www.skalnik.pl\\\/blog\\\/korona-gor-polski-lackowa\\\/#authorImage\",\"url\":\"https:\\\/\\\/secure.gravatar.com\\\/avatar\\\/53cf81cfcc3a81694535515925ffcf159be725e8bd1fb455eeb9e2cadcaa5684?s=96&d=mm&r=g\",\"width\":96,\"height\":96,\"caption\":\"Beata Nawrotkiewicz\"}},{\"@type\":\"WebPage\",\"@id\":\"https:\\\/\\\/www.skalnik.pl\\\/blog\\\/korona-gor-polski-lackowa\\\/#webpage\",\"url\":\"https:\\\/\\\/www.skalnik.pl\\\/blog\\\/korona-gor-polski-lackowa\\\/\",\"name\":\"Korona G\\u00f3r Polski \\u2013 Lackowa - blog Skalnik\",\"description\":\"Beskid Niski ma swoj\\u0105 kr\\u00f3low\\u0105, kt\\u00f3r\\u0105 jest Lackowa. Prowadzi na ni\\u0105 stromy szlak zwany \\u015bcian\\u0105 p\\u0142aczu, podobno najbardziej stromy w polskich g\\u00f3rach poza Tatrami.\",\"inLanguage\":\"pl-PL\",\"isPartOf\":{\"@id\":\"https:\\\/\\\/www.skalnik.pl\\\/blog\\\/#website\"},\"breadcrumb\":{\"@id\":\"https:\\\/\\\/www.skalnik.pl\\\/blog\\\/korona-gor-polski-lackowa\\\/#breadcrumblist\"},\"author\":{\"@id\":\"https:\\\/\\\/www.skalnik.pl\\\/blog\\\/author\\\/beata-nawrotkiewicz\\\/#author\"},\"creator\":{\"@id\":\"https:\\\/\\\/www.skalnik.pl\\\/blog\\\/author\\\/beata-nawrotkiewicz\\\/#author\"},\"image\":{\"@type\":\"ImageObject\",\"url\":\"https:\\\/\\\/www.skalnik.pl\\\/blog\\\/wp-content\\\/uploads\\\/2020\\\/11\\\/lackowa-tytulowe.jpg\",\"@id\":\"https:\\\/\\\/www.skalnik.pl\\\/blog\\\/korona-gor-polski-lackowa\\\/#mainImage\",\"width\":1920,\"height\":705,\"caption\":\"widok z \\u0142\\u0105k na Lackow\\u0105\"},\"primaryImageOfPage\":{\"@id\":\"https:\\\/\\\/www.skalnik.pl\\\/blog\\\/korona-gor-polski-lackowa\\\/#mainImage\"},\"datePublished\":\"2020-12-04T07:18:00+02:00\",\"dateModified\":\"2024-05-21T08:39:05+02:00\"},{\"@type\":\"WebSite\",\"@id\":\"https:\\\/\\\/www.skalnik.pl\\\/blog\\\/#website\",\"url\":\"https:\\\/\\\/www.skalnik.pl\\\/blog\\\/\",\"name\":\"blog Skalnik\",\"description\":\"Blog, porady, artyku\\u0142y - blog Skalnik\",\"inLanguage\":\"pl-PL\",\"publisher\":{\"@id\":\"https:\\\/\\\/www.skalnik.pl\\\/blog\\\/#organization\"}}]}\n\t\t<\/script>\n\t\t<!-- All in One SEO -->\n\n","aioseo_head_json":{"title":"Korona G\u00f3r Polski \u2013 Lackowa - blog Skalnik","description":"Beskid Niski ma swoj\u0105 kr\u00f3low\u0105, kt\u00f3r\u0105 jest Lackowa. Prowadzi na ni\u0105 stromy szlak zwany \u015bcian\u0105 p\u0142aczu, podobno najbardziej stromy w polskich g\u00f3rach poza Tatrami.","canonical_url":"https:\/\/www.skalnik.pl\/blog\/korona-gor-polski-lackowa\/","robots":"max-image-preview:large","keywords":"","webmasterTools":{"miscellaneous":""},"schema":{"@context":"https:\/\/schema.org","@graph":[{"@type":"BlogPosting","@id":"https:\/\/www.skalnik.pl\/blog\/korona-gor-polski-lackowa\/#blogposting","name":"Korona G\u00f3r Polski \u2013 Lackowa - blog Skalnik","headline":"Korona G\u00f3r Polski &#8211; Lackowa","author":{"@id":"https:\/\/www.skalnik.pl\/blog\/author\/beata-nawrotkiewicz\/#author"},"publisher":{"@id":"https:\/\/www.skalnik.pl\/blog\/#organization"},"image":{"@type":"ImageObject","url":"https:\/\/www.skalnik.pl\/blog\/wp-content\/uploads\/2020\/11\/lackowa-tytulowe.jpg","width":1920,"height":705,"caption":"widok z \u0142\u0105k na Lackow\u0105"},"datePublished":"2020-12-04T07:18:00+02:00","dateModified":"2024-05-21T08:39:05+02:00","inLanguage":"pl-PL","mainEntityOfPage":{"@id":"https:\/\/www.skalnik.pl\/blog\/korona-gor-polski-lackowa\/#webpage"},"isPartOf":{"@id":"https:\/\/www.skalnik.pl\/blog\/korona-gor-polski-lackowa\/#webpage"},"articleSection":"Pasja, g\u00f3ry, korona g\u00f3r polski, trekking"},{"@type":"BreadcrumbList","@id":"https:\/\/www.skalnik.pl\/blog\/korona-gor-polski-lackowa\/#breadcrumblist","itemListElement":[{"@type":"ListItem","@id":"https:\/\/www.skalnik.pl\/blog#listItem","position":1,"name":"Home","item":"https:\/\/www.skalnik.pl\/blog","nextItem":{"@type":"ListItem","@id":"https:\/\/www.skalnik.pl\/blog\/.\/pasja\/#listItem","name":"Pasja"}},{"@type":"ListItem","@id":"https:\/\/www.skalnik.pl\/blog\/.\/pasja\/#listItem","position":2,"name":"Pasja","item":"https:\/\/www.skalnik.pl\/blog\/.\/pasja\/","nextItem":{"@type":"ListItem","@id":"https:\/\/www.skalnik.pl\/blog\/korona-gor-polski-lackowa\/#listItem","name":"Korona G\u00f3r Polski &#8211; Lackowa"},"previousItem":{"@type":"ListItem","@id":"https:\/\/www.skalnik.pl\/blog#listItem","name":"Home"}},{"@type":"ListItem","@id":"https:\/\/www.skalnik.pl\/blog\/korona-gor-polski-lackowa\/#listItem","position":3,"name":"Korona G\u00f3r Polski &#8211; Lackowa","previousItem":{"@type":"ListItem","@id":"https:\/\/www.skalnik.pl\/blog\/.\/pasja\/#listItem","name":"Pasja"}}]},{"@type":"Organization","@id":"https:\/\/www.skalnik.pl\/blog\/#organization","name":"blog Skalnik","description":"Blog, porady, artyku\u0142y - blog Skalnik","url":"https:\/\/www.skalnik.pl\/blog\/"},{"@type":"Person","@id":"https:\/\/www.skalnik.pl\/blog\/author\/beata-nawrotkiewicz\/#author","url":"https:\/\/www.skalnik.pl\/blog\/author\/beata-nawrotkiewicz\/","name":"Beata Nawrotkiewicz","image":{"@type":"ImageObject","@id":"https:\/\/www.skalnik.pl\/blog\/korona-gor-polski-lackowa\/#authorImage","url":"https:\/\/secure.gravatar.com\/avatar\/53cf81cfcc3a81694535515925ffcf159be725e8bd1fb455eeb9e2cadcaa5684?s=96&d=mm&r=g","width":96,"height":96,"caption":"Beata Nawrotkiewicz"}},{"@type":"WebPage","@id":"https:\/\/www.skalnik.pl\/blog\/korona-gor-polski-lackowa\/#webpage","url":"https:\/\/www.skalnik.pl\/blog\/korona-gor-polski-lackowa\/","name":"Korona G\u00f3r Polski \u2013 Lackowa - blog Skalnik","description":"Beskid Niski ma swoj\u0105 kr\u00f3low\u0105, kt\u00f3r\u0105 jest Lackowa. Prowadzi na ni\u0105 stromy szlak zwany \u015bcian\u0105 p\u0142aczu, podobno najbardziej stromy w polskich g\u00f3rach poza Tatrami.","inLanguage":"pl-PL","isPartOf":{"@id":"https:\/\/www.skalnik.pl\/blog\/#website"},"breadcrumb":{"@id":"https:\/\/www.skalnik.pl\/blog\/korona-gor-polski-lackowa\/#breadcrumblist"},"author":{"@id":"https:\/\/www.skalnik.pl\/blog\/author\/beata-nawrotkiewicz\/#author"},"creator":{"@id":"https:\/\/www.skalnik.pl\/blog\/author\/beata-nawrotkiewicz\/#author"},"image":{"@type":"ImageObject","url":"https:\/\/www.skalnik.pl\/blog\/wp-content\/uploads\/2020\/11\/lackowa-tytulowe.jpg","@id":"https:\/\/www.skalnik.pl\/blog\/korona-gor-polski-lackowa\/#mainImage","width":1920,"height":705,"caption":"widok z \u0142\u0105k na Lackow\u0105"},"primaryImageOfPage":{"@id":"https:\/\/www.skalnik.pl\/blog\/korona-gor-polski-lackowa\/#mainImage"},"datePublished":"2020-12-04T07:18:00+02:00","dateModified":"2024-05-21T08:39:05+02:00"},{"@type":"WebSite","@id":"https:\/\/www.skalnik.pl\/blog\/#website","url":"https:\/\/www.skalnik.pl\/blog\/","name":"blog Skalnik","description":"Blog, porady, artyku\u0142y - blog Skalnik","inLanguage":"pl-PL","publisher":{"@id":"https:\/\/www.skalnik.pl\/blog\/#organization"}}]},"og:locale":"pl_PL","og:site_name":"blog Skalnik - Blog, porady, artyku\u0142y - blog Skalnik","og:type":"article","og:title":"Korona G\u00f3r Polski \u2013 Lackowa - blog Skalnik","og:description":"Beskid Niski ma swoj\u0105 kr\u00f3low\u0105, kt\u00f3r\u0105 jest Lackowa. Prowadzi na ni\u0105 stromy szlak zwany \u015bcian\u0105 p\u0142aczu, podobno najbardziej stromy w polskich g\u00f3rach poza Tatrami.","og:url":"https:\/\/www.skalnik.pl\/blog\/korona-gor-polski-lackowa\/","og:image":"https:\/\/skalnik.pl\/blog\/wp-content\/uploads\/2020\/11\/lackowa-szczyt.jpg","og:image:secure_url":"https:\/\/skalnik.pl\/blog\/wp-content\/uploads\/2020\/11\/lackowa-szczyt.jpg","article:tag":["pasja","g\u00f3ry","korona g\u00f3r polski","trekking"],"article:published_time":"2020-12-04T06:18:00+00:00","article:modified_time":"2024-05-21T06:39:05+00:00","twitter:card":"summary_large_image","twitter:title":"Korona G\u00f3r Polski \u2013 Lackowa - blog Skalnik","twitter:description":"Beskid Niski ma swoj\u0105 kr\u00f3low\u0105, kt\u00f3r\u0105 jest Lackowa. Prowadzi na ni\u0105 stromy szlak zwany \u015bcian\u0105 p\u0142aczu, podobno najbardziej stromy w polskich g\u00f3rach poza Tatrami.","twitter:image":"https:\/\/skalnik.pl\/blog\/wp-content\/uploads\/2020\/11\/lackowa-szczyt.jpg"},"aioseo_meta_data":{"post_id":"14895","title":null,"description":"Beskid Niski ma swoj\u0105 kr\u00f3low\u0105, kt\u00f3r\u0105 jest Lackowa. Prowadzi na ni\u0105 stromy szlak zwany \u015bcian\u0105 p\u0142aczu, podobno najbardziej stromy w polskich g\u00f3rach poza Tatrami.","keywords":[{"label":"Lackowa","value":"Lackowa"},{"label":"Korona G\u00f3r Polski","value":"Korona G\u00f3r Polski"},{"label":"Beskid Niski","value":"Beskid Niski"},{"label":"najwy\u017cszy szczyt Beskid Niski","value":"najwy\u017cszy szczyt Beskid Niski"}],"keyphrases":{"focus":{"keyphrase":"","score":0,"analysis":{"keyphraseInTitle":{"score":0,"maxScore":9,"error":1}}},"additional":[]},"primary_term":null,"canonical_url":null,"og_title":null,"og_description":null,"og_object_type":"default","og_image_type":"default","og_image_url":null,"og_image_width":null,"og_image_height":null,"og_image_custom_url":null,"og_image_custom_fields":null,"og_video":"","og_custom_url":null,"og_article_section":null,"og_article_tags":[],"twitter_use_og":false,"twitter_card":"default","twitter_image_type":"default","twitter_image_url":null,"twitter_image_custom_url":null,"twitter_image_custom_fields":null,"twitter_title":null,"twitter_description":null,"schema":{"blockGraphs":[],"customGraphs":[],"default":{"data":{"Article":[],"Course":[],"Dataset":[],"FAQPage":[],"Movie":[],"Person":[],"Product":[],"ProductReview":[],"Car":[],"Recipe":[],"Service":[],"SoftwareApplication":[],"WebPage":[]},"graphName":"","isEnabled":true},"graphs":[]},"schema_type":"default","schema_type_options":null,"pillar_content":false,"robots_default":true,"robots_noindex":false,"robots_noarchive":false,"robots_nosnippet":false,"robots_nofollow":false,"robots_noimageindex":false,"robots_noodp":false,"robots_notranslate":false,"robots_max_snippet":"-1","robots_max_videopreview":"-1","robots_max_imagepreview":"large","priority":null,"frequency":"default","local_seo":null,"breadcrumb_settings":null,"limit_modified_date":false,"ai":null,"created":"2022-08-26 10:27:58","updated":"2026-02-17 22:00:35","seo_analyzer_scan_date":null},"aioseo_breadcrumb":"<div class=\"aioseo-breadcrumbs\"><span class=\"aioseo-breadcrumb\">\n\t\t\t<a href=\"https:\/\/www.skalnik.pl\/blog\" title=\"Home\">Home<\/a>\n\t\t<\/span><span class=\"aioseo-breadcrumb-separator\">&raquo;<\/span><span class=\"aioseo-breadcrumb\">\n\t\t\t<a href=\"https:\/\/www.skalnik.pl\/blog\/.\/pasja\/\" title=\"Pasja\">Pasja<\/a>\n\t\t<\/span><span class=\"aioseo-breadcrumb-separator\">&raquo;<\/span><span class=\"aioseo-breadcrumb\">\n\t\t\tKorona G\u00f3r Polski \u2013 Lackowa\n\t\t<\/span><\/div>","aioseo_breadcrumb_json":[{"label":"Home","link":"https:\/\/www.skalnik.pl\/blog"},{"label":"Pasja","link":"https:\/\/www.skalnik.pl\/blog\/.\/pasja\/"},{"label":"Korona G\u00f3r Polski &#8211; Lackowa","link":"https:\/\/www.skalnik.pl\/blog\/korona-gor-polski-lackowa\/"}],"_links":{"self":[{"href":"https:\/\/www.skalnik.pl\/blog\/wp-json\/wp\/v2\/posts\/14895","targetHints":{"allow":["GET"]}}],"collection":[{"href":"https:\/\/www.skalnik.pl\/blog\/wp-json\/wp\/v2\/posts"}],"about":[{"href":"https:\/\/www.skalnik.pl\/blog\/wp-json\/wp\/v2\/types\/post"}],"author":[{"embeddable":true,"href":"https:\/\/www.skalnik.pl\/blog\/wp-json\/wp\/v2\/users\/9"}],"replies":[{"embeddable":true,"href":"https:\/\/www.skalnik.pl\/blog\/wp-json\/wp\/v2\/comments?post=14895"}],"version-history":[{"count":12,"href":"https:\/\/www.skalnik.pl\/blog\/wp-json\/wp\/v2\/posts\/14895\/revisions"}],"predecessor-version":[{"id":26346,"href":"https:\/\/www.skalnik.pl\/blog\/wp-json\/wp\/v2\/posts\/14895\/revisions\/26346"}],"wp:featuredmedia":[{"embeddable":true,"href":"https:\/\/www.skalnik.pl\/blog\/wp-json\/wp\/v2\/media\/14898"}],"wp:attachment":[{"href":"https:\/\/www.skalnik.pl\/blog\/wp-json\/wp\/v2\/media?parent=14895"}],"wp:term":[{"taxonomy":"category","embeddable":true,"href":"https:\/\/www.skalnik.pl\/blog\/wp-json\/wp\/v2\/categories?post=14895"},{"taxonomy":"post_tag","embeddable":true,"href":"https:\/\/www.skalnik.pl\/blog\/wp-json\/wp\/v2\/tags?post=14895"},{"taxonomy":"magento_category","embeddable":true,"href":"https:\/\/www.skalnik.pl\/blog\/wp-json\/wp\/v2\/magento_category?post=14895"},{"taxonomy":"magento_product","embeddable":true,"href":"https:\/\/www.skalnik.pl\/blog\/wp-json\/wp\/v2\/magento_product?post=14895"}],"curies":[{"name":"wp","href":"https:\/\/api.w.org\/{rel}","templated":true}]}}