{"id":14990,"date":"2020-12-13T22:28:00","date_gmt":"2020-12-13T21:28:00","guid":{"rendered":"https:\/\/skalnik.pl\/blog\/?p=14990"},"modified":"2021-01-04T07:58:50","modified_gmt":"2021-01-04T06:58:50","slug":"bielizna-termoaktywna-brubeck-syntetyk-vs-merino","status":"publish","type":"post","link":"https:\/\/www.skalnik.pl\/blog\/bielizna-termoaktywna-brubeck-syntetyk-vs-merino\/","title":{"rendered":"Bielizna termoaktywna Brubeck \u2013 syntetyk vs merino"},"content":{"rendered":"\n<p><strong>Polacy nie g\u0119si, swoj\u0105 g\u00f3rsk\u0105 odzie\u017c maj\u0105 \u2013 tak mo\u017cna by sparafrazowa\u0107 s\u0142owa Miko\u0142aja Reja, odnosz\u0105c si\u0119 do kolekcji ubra\u0144 polskiej marki Brubeck. Bielizna termoaktywna Brubeck to produkty \u015bwiatowej klasy, kt\u00f3re \u015bmia\u0142o stawi\u0105 czo\u0142a najtrudniejszej pogodzie.<\/strong><\/p>\n\n\n\n<p>\u015aredniowieczni rycerze przed bitw\u0105 przywdziewali zbroje, aby os\u0142oni\u0107 si\u0119 przed ciosami przeciwnik\u00f3w. G\u00f3rscy w\u0119drowcy i narciarze przed wycieczk\u0105 si\u0119gaj\u0105 natomiast po bielizn\u0119 termoaktywn\u0105, aby ochroni\u0107 si\u0119 przed kaprysami pogody. Dla wielu turyst\u00f3w pierwszym wyborem jest odzie\u017c termoaktywna Brubeck. Co wyr\u00f3\u017cnia produkty tej marki?<\/p>\n\n\n\n<div class=\"wp-block-image\"><figure class=\"aligncenter size-large\"><img loading=\"lazy\" decoding=\"async\" width=\"1024\" height=\"640\" src=\"https:\/\/skalnik.pl\/blog\/wp-content\/uploads\/2020\/12\/Brubeck-bielizna-merino.jpg\" alt=\"Brubeck bielizna merino\" class=\"wp-image-15004\" srcset=\"https:\/\/www.skalnik.pl\/blog\/wp-content\/uploads\/2020\/12\/Brubeck-bielizna-merino.jpg 1024w, https:\/\/www.skalnik.pl\/blog\/wp-content\/uploads\/2020\/12\/Brubeck-bielizna-merino-300x188.jpg 300w, https:\/\/www.skalnik.pl\/blog\/wp-content\/uploads\/2020\/12\/Brubeck-bielizna-merino-768x480.jpg 768w\" sizes=\"auto, (max-width: 1024px) 100vw, 1024px\" \/><figcaption><em>Odzie\u017c termoaktywna Brubeck to skuteczna ochrona przed kaprysami pogody (fot. Brubeck)<\/em><\/figcaption><\/figure><\/div>\n\n\n\n<div id=\"ez-toc-container\" class=\"ez-toc-v2_0_85 counter-hierarchy ez-toc-counter ez-toc-light-blue ez-toc-container-direction\">\n<div class=\"ez-toc-title-container\">\n<p class=\"ez-toc-title\" style=\"cursor:inherit\">SPIS TRE\u015aCI <\/p>\n<span class=\"ez-toc-title-toggle\"><a href=\"#\" class=\"ez-toc-pull-right ez-toc-btn ez-toc-btn-xs ez-toc-btn-default ez-toc-toggle\" aria-label=\"Prze\u0142\u0105cznik Spisu Tre\u015bci\"><span class=\"ez-toc-js-icon-con\"><span class=\"\"><span class=\"eztoc-hide\" style=\"display:none;\">Toggle<\/span><span class=\"ez-toc-icon-toggle-span\"><svg style=\"fill: #999;color:#999\" xmlns=\"http:\/\/www.w3.org\/2000\/svg\" class=\"list-377408\" width=\"20px\" height=\"20px\" viewBox=\"0 0 24 24\" fill=\"none\"><path d=\"M6 6H4v2h2V6zm14 0H8v2h12V6zM4 11h2v2H4v-2zm16 0H8v2h12v-2zM4 16h2v2H4v-2zm16 0H8v2h12v-2z\" fill=\"currentColor\"><\/path><\/svg><svg style=\"fill: #999;color:#999\" class=\"arrow-unsorted-368013\" xmlns=\"http:\/\/www.w3.org\/2000\/svg\" width=\"10px\" height=\"10px\" viewBox=\"0 0 24 24\" version=\"1.2\" baseProfile=\"tiny\"><path d=\"M18.2 9.3l-6.2-6.3-6.2 6.3c-.2.2-.3.4-.3.7s.1.5.3.7c.2.2.4.3.7.3h11c.3 0 .5-.1.7-.3.2-.2.3-.5.3-.7s-.1-.5-.3-.7zM5.8 14.7l6.2 6.3 6.2-6.3c.2-.2.3-.5.3-.7s-.1-.5-.3-.7c-.2-.2-.4-.3-.7-.3h-11c-.3 0-.5.1-.7.3-.2.2-.3.5-.3.7s.1.5.3.7z\"\/><\/svg><\/span><\/span><\/span><\/a><\/span><\/div>\n<nav><ul class='ez-toc-list ez-toc-list-level-1 ' ><li class='ez-toc-page-1 ez-toc-heading-level-2'><a class=\"ez-toc-link ez-toc-heading-1\" href=\"https:\/\/www.skalnik.pl\/blog\/bielizna-termoaktywna-brubeck-syntetyk-vs-merino\/#Bielizna_termoaktywna_Brubeck_%E2%80%93_twoja_druga_skora\" >Bielizna termoaktywna Brubeck \u2013 twoja druga sk\u00f3ra<\/a><\/li><li class='ez-toc-page-1 ez-toc-heading-level-2'><a class=\"ez-toc-link ez-toc-heading-2\" href=\"https:\/\/www.skalnik.pl\/blog\/bielizna-termoaktywna-brubeck-syntetyk-vs-merino\/#Bielizna_termiczna_Brubeck_%E2%80%93_jaka_tkanine_wybrac\" >Bielizna termiczna Brubeck \u2013 jak\u0105 tkanin\u0119 wybra\u0107?<\/a><ul class='ez-toc-list-level-3' ><li class='ez-toc-heading-level-3'><a class=\"ez-toc-link ez-toc-heading-3\" href=\"https:\/\/www.skalnik.pl\/blog\/bielizna-termoaktywna-brubeck-syntetyk-vs-merino\/#Brubeck_merino_%E2%80%93_naturalne_polaczenie\" >Brubeck merino \u2013 naturalne po\u0142\u0105czenie<\/a><\/li><li class='ez-toc-page-1 ez-toc-heading-level-3'><a class=\"ez-toc-link ez-toc-heading-4\" href=\"https:\/\/www.skalnik.pl\/blog\/bielizna-termoaktywna-brubeck-syntetyk-vs-merino\/#Brubeck_syntetycznie\" >Brubeck syntetycznie<\/a><\/li><\/ul><\/li><li class='ez-toc-page-1 ez-toc-heading-level-2'><a class=\"ez-toc-link ez-toc-heading-5\" href=\"https:\/\/www.skalnik.pl\/blog\/bielizna-termoaktywna-brubeck-syntetyk-vs-merino\/#Brubeck_w_sluzbie_najlepszym\" >Brubeck w s\u0142u\u017cbie najlepszym<\/a><\/li><\/ul><\/nav><\/div>\n<h2 class=\"wp-block-heading\"><span class=\"ez-toc-section\" id=\"Bielizna_termoaktywna_Brubeck_%E2%80%93_twoja_druga_skora\"><\/span>Bielizna termoaktywna Brubeck \u2013 twoja druga sk\u00f3ra<span class=\"ez-toc-section-end\"><\/span><\/h2>\n\n\n\n<p>Je\u015bli kto\u015b rusza w miar\u0119 regularnie na szlak, zakup g\u00f3rskich but\u00f3w czy kurtki jest dla niego raczej oczywisto\u015bci\u0105. Czy jednak trzeba koniecznie kupowa\u0107 specjaln\u0105 bielizn\u0119 na aktywne wypady? Czym taka <a href=\"https:\/\/skalnik.pl\/odziez\/odziez-meska\/odziez-meska-bielizna-termoaktywna\" target=\"_blank\" rel=\"noreferrer noopener\">bielizna termoaktywna<\/a> r\u00f3\u017cni si\u0119 od bawe\u0142nianych majtek czy getr\u00f3w?<\/p>\n\n\n\n<p>Zwyk\u0142a bielizna zapewnia zazwyczaj jedynie ochron\u0119 od ch\u0142odu (a i to nie zawsze w takim stopniu, w jakim oczekuje si\u0119 tego w g\u00f3rach). Tymczasem bielizna termoaktywna Brubeck spe\u0142nia r\u00f3wnocze\u015bnie dwie wa\u017cne funkcje:<\/p>\n\n\n\n<ul class=\"wp-block-list\"><li>skutecznie <strong>zatrzymuje ciep\u0142o<\/strong> blisko cia\u0142a;<\/li><li>sprawnie <strong>odprowadza wilgo\u0107 na zewn\u0105trz<\/strong>, dzi\u0119ki czemu odzie\u017c nie zmienia ci si\u0119 w zimny kompres przylegaj\u0105cy do cia\u0142a.<\/li><\/ul>\n\n\n\n<p>Bielizna Brubeck dopasowuje si\u0119 do twojego komfortu termicznego oraz panuj\u0105cej pogody. W\u0142a\u015bnie dlatego wyroby tej marki sprawdz\u0105 si\u0119 zar\u00f3wno w upalny dzie\u0144 na szlaku, jak i zim\u0105 na skitourach. Oczywi\u015bcie, do pogody nale\u017cy dopasowa\u0107 spos\u00f3b noszenia odzie\u017cy. Latem mo\u017ce ci wystarczy\u0107 sama zaprojektowana przez Brubeck koszulka. Zim\u0105 natomiast b\u0119dzie ona stanowi\u0142a pierwsz\u0105 warstw\u0119 ubioru, \u015bci\u015ble przylegaj\u0105c\u0105 do cia\u0142a.<\/p>\n\n\n\n<div class=\"wp-block-image\"><figure class=\"aligncenter size-large\"><img loading=\"lazy\" decoding=\"async\" width=\"1024\" height=\"683\" src=\"https:\/\/skalnik.pl\/blog\/wp-content\/uploads\/2020\/12\/Odzie\u017c-termiczna-merino-Brubeck.jpg\" alt=\"Odzie\u017c termiczna merino Brubeck\" class=\"wp-image-15009\" srcset=\"https:\/\/www.skalnik.pl\/blog\/wp-content\/uploads\/2020\/12\/Odzie\u017c-termiczna-merino-Brubeck.jpg 1024w, https:\/\/www.skalnik.pl\/blog\/wp-content\/uploads\/2020\/12\/Odzie\u017c-termiczna-merino-Brubeck-300x200.jpg 300w, https:\/\/www.skalnik.pl\/blog\/wp-content\/uploads\/2020\/12\/Odzie\u017c-termiczna-merino-Brubeck-768x512.jpg 768w\" sizes=\"auto, (max-width: 1024px) 100vw, 1024px\" \/><figcaption><em>Odzie\u017c Brubeck sprawdzi si\u0119 w r\u00f3\u017cnych warunkach pogodowych (fot. Brubeck)<\/em><\/figcaption><\/figure><\/div>\n\n\n\n<h2 class=\"wp-block-heading\"><span class=\"ez-toc-section\" id=\"Bielizna_termiczna_Brubeck_%E2%80%93_jaka_tkanine_wybrac\"><\/span>Bielizna termiczna Brubeck \u2013 jak\u0105 tkanin\u0119 wybra\u0107?<span class=\"ez-toc-section-end\"><\/span><\/h2>\n\n\n\n<p>Aby bielizna termoaktywna Brubeck spe\u0142nia\u0142a dobrze swoj\u0105 rol\u0119, musi by\u0107 wykonana z odpowiedniej tkaniny. Do wyboru masz dwie opcje:<\/p>\n\n\n\n<ul class=\"wp-block-list\"><li>we\u0142na merino;<\/li><li>tkaniny syntetyczne.<\/li><\/ul>\n\n\n\n<h3 class=\"wp-block-heading\"><span class=\"ez-toc-section\" id=\"Brubeck_merino_%E2%80%93_naturalne_polaczenie\"><\/span>Brubeck merino \u2013 naturalne po\u0142\u0105czenie<span class=\"ez-toc-section-end\"><\/span><\/h3>\n\n\n\n<p><a href=\"https:\/\/skalnik.pl\/odziez\/welna-merino\" target=\"_blank\" rel=\"noreferrer noopener\">We\u0142na merino<\/a> jest jednym z ulubionych materia\u0142\u00f3w g\u00f3rskich w\u0119drowc\u00f3w. Z jej licznych zalet pe\u0142nymi gar\u015bciami czerpie tak\u017ce Brubeck. Dlaczego we\u0142na z owiec merynos\u00f3w sprawdza si\u0119 tak dobrze w outdoorze?<\/p>\n\n\n\n<ul class=\"wp-block-list\"><li><strong>bardzo dobre odprowadzanie potu<\/strong> \u2013 nawet w trakcie dynamicznego wysi\u0142ku merino zagwarantuje, \u017ce twoja sk\u00f3ra pozostanie sucha;<\/li><li><strong>antybakteryjno\u015b\u0107<\/strong> \u2013 wykorzystywane przez Brubeck merino minimalizuje rozw\u00f3j bakterii odpowiedzialnych za powstawanie nieprzyjemnego zapachu;<\/li><li><strong>mi\u0119kko\u015b\u0107<\/strong> \u2013 nie musisz si\u0119 obawia\u0107, \u017ce bielizna merino Brubeck ci\u0119 podra\u017cni. We\u0142na merynos\u00f3w jest delikatna i przyjemna w dotyku.<\/li><li><strong>\u015bwietne zdolno\u015bci termoregulacyjne<\/strong> \u2013 ani nie za ciep\u0142o, ani nie za ch\u0142odno, tylko w sam raz. Merino zapobiega zar\u00f3wno przegrzaniu, jak i wych\u0142odzeniu na szlaku.<\/li><\/ul>\n\n\n\n<div class=\"wp-block-image\"><figure class=\"aligncenter size-large\"><img loading=\"lazy\" decoding=\"async\" width=\"1024\" height=\"776\" src=\"https:\/\/skalnik.pl\/blog\/wp-content\/uploads\/2020\/12\/Active-Wool-Brubeck.jpg\" alt=\"Active Wool Brubeck\" class=\"wp-image-14999\" srcset=\"https:\/\/www.skalnik.pl\/blog\/wp-content\/uploads\/2020\/12\/Active-Wool-Brubeck.jpg 1024w, https:\/\/www.skalnik.pl\/blog\/wp-content\/uploads\/2020\/12\/Active-Wool-Brubeck-300x227.jpg 300w, https:\/\/www.skalnik.pl\/blog\/wp-content\/uploads\/2020\/12\/Active-Wool-Brubeck-768x582.jpg 768w\" sizes=\"auto, (max-width: 1024px) 100vw, 1024px\" \/><figcaption><em>Koszulki Brubeck wykonane z merino zapewni\u0105 ci ciep\u0142o i odprowadz\u0105 wilgo\u0107 na zewn\u0105trz (fot. Brubeck)<\/em><\/figcaption><\/figure><\/div>\n\n\n\n<p>Pami\u0119taj, \u017ce u\u017cywane przez Brubeck merino mo\u017ce mie\u0107 r\u00f3\u017cn\u0105 gramatur\u0119. Im jest ona wi\u0119ksza, tym odzie\u017c b\u0119dzie zapewnia\u0107 wi\u0119cej ciep\u0142a. Je\u015bli wi\u0119c potrzebna ci jest bielizna termoaktywna Brubeck na zim\u0119, wybieraj produkty z gramatur\u0105 wynosz\u0105c\u0105 ok. 200.<\/p>\n\n\n\n<p>W jakich kolekcjach Brubeck znajdziesz ubrania z merino?<\/p>\n\n\n\n<ul class=\"wp-block-list\" type=\"1\"><li><strong>Active Wool<\/strong> \u2013 bielizna termoaktywna Brubeck z tej linii przeznaczona jest do dzia\u0142a\u0144 o \u015brednim stopniu intensywno\u015bci. W linii Active Wool Brubeck stosuje zazwyczaj dwuwarstwow\u0105 konstrukcj\u0119 odzie\u017cy: wewn\u0119trzne mikrow\u0142\u00f3kno oraz we\u0142n\u0119 merynos\u00f3w w warstwie zewn\u0119trznej. Takie po\u0142\u0105czenie zapewnia szybszy odbi\u00f3r wilgoci i zwi\u0119ksza komfort cieplny.<\/li><\/ul>\n\n\n\n<ul class=\"wp-block-list\" type=\"1\" start=\"2\"><li><strong>Extreme Wool<\/strong> \u2013 bielizna Brubeck z tej serii sprawdzi si\u0119 w niskich temperaturach. Koszulka Brubeck z linii Extreme Wool ma specjalne strefy RIB, kt\u00f3re zapewniaj\u0105 dopasowanie odzie\u017cy do cia\u0142a oraz utrzymanie jej we w\u0142a\u015bciwym po\u0142o\u017ceniu. Bez obaw mo\u017cesz wi\u0119c wykonywa\u0107 nawet najbardziej zwariowane ruchy na stoku.<\/li><\/ul>\n\n\n\n<iframe loading=\"lazy\" src=\"https:\/\/www.youtube.com\/embed\/MYYHwwqIDiU\" allow=\"accelerometer; autoplay; clipboard-write; encrypted-media; gyroscope; picture-in-picture\" allowfullscreen=\"\" width=\"800\" height=\"442\" frameborder=\"0\"><\/iframe>\n\n\n\n<h3 class=\"wp-block-heading\"><span class=\"ez-toc-section\" id=\"Brubeck_syntetycznie\"><\/span>Brubeck syntetycznie<span class=\"ez-toc-section-end\"><\/span><\/h3>\n\n\n\n<p>W\u0142\u00f3kna syntetyczne wysokiej jako\u015bci \u2013 takie jak poliamid i polipropylen &#8211; tak\u017ce mog\u0105 ci zapewni\u0107 dobr\u0105 ochron\u0119 przed ch\u0142odem oraz szybkie odprowadzanie wilgoci.<\/p>\n\n\n\n<p>Bielizna termiczna Brubeck \u015bmia\u0142o korzysta z osi\u0105gni\u0119\u0107 naukowc\u00f3w i in\u017cynier\u00f3w, kt\u00f3rzy w laboratoriach wci\u0105\u017c udoskonalaj\u0105 w\u0142\u00f3kna syntetyczne. W najnowszych kolekcjach Brubeck znajdziesz przede wszystkim dwa rodzaje innowacyjnej prz\u0119dzy:<\/p>\n\n\n\n<ul class=\"wp-block-list\"><li><strong>NILIT INNERGY<\/strong> \u2013 w tej prz\u0119dzy Brubeck wzbogaci\u0142 w\u0142\u00f3kna syntetyczne dodatkiem mineralnym, kt\u00f3ry zamienia ciep\u0142o emitowane przez cia\u0142o na promieniowanie podczerwone. Bielizna termoaktywna Brubeck odbija je z powrotem do ciebie, podnosz\u0105c komfort cieplny i wspomagaj\u0105c przep\u0142yw krwi. Tego typu prz\u0119dz\u0119 posiada mi\u0119dzy innymi koszulka Brubeck Thermo.<\/li><li><strong>NILIT HEAT<\/strong> \u2013 ta zaawansowana prz\u0119dza wykorzystuje w\u0119giel powstaj\u0105cy z \u0142upin ziaren kawy. Umo\u017cliwia on w\u0142\u00f3knom lepsze magazynowanie ciep\u0142a, a na dodatek posiada w\u0142a\u015bciwo\u015bci antybakteryjne.<\/li><\/ul>\n\n\n\n<div class=\"wp-block-image\"><figure class=\"aligncenter size-large\"><img loading=\"lazy\" decoding=\"async\" width=\"1024\" height=\"582\" src=\"https:\/\/skalnik.pl\/blog\/wp-content\/uploads\/2020\/12\/Odzie\u017c-Thermo-Brubeck.jpg\" alt=\"Bielizna Thermo Brubeck\" class=\"wp-image-15011\" srcset=\"https:\/\/www.skalnik.pl\/blog\/wp-content\/uploads\/2020\/12\/Odzie\u017c-Thermo-Brubeck.jpg 1024w, https:\/\/www.skalnik.pl\/blog\/wp-content\/uploads\/2020\/12\/Odzie\u017c-Thermo-Brubeck-300x171.jpg 300w, https:\/\/www.skalnik.pl\/blog\/wp-content\/uploads\/2020\/12\/Odzie\u017c-Thermo-Brubeck-768x437.jpg 768w\" sizes=\"auto, (max-width: 1024px) 100vw, 1024px\" \/><figcaption><em>Odzie\u017c z serii Thermo wykorzystuje innowacyjne w\u0142\u00f3kna, by zapewni\u0107 ci jak najwi\u0119kszy komfort (fot. Brubeck)<\/em><\/figcaption><\/figure><\/div>\n\n\n\n<p>Syntetyczna odzie\u017c termoaktywna Brubeck posiada zazwyczaj dwie warstwy. Wewn\u0119trzna odpowiada za sprawne odprowadzanie wilgoci. Wierzchnia zapewnia natomiast odpowiedni\u0105 termoregulacj\u0119.<\/p>\n\n\n\n<p>Je\u015bli interesuje ci\u0119 projektowana przez Brubeck bielizna termoaktywna z w\u0142\u00f3kien syntetycznych, zwr\u00f3\u0107 uwag\u0119 na kolekcje takie jak:<\/p>\n\n\n\n<ul class=\"wp-block-list\" type=\"1\"><li><strong>Thermo<\/strong> \u2013 bielizna termoaktywna Brubeck z serii Thermo ma \u015bredni\u0105 grubo\u015b\u0107 i \u015bwietnie utrzymuje optymaln\u0105 temperatur\u0119 cia\u0142a. Co wa\u017cne, zaprojektowana przez Brubeck koszulka z tej linii ma siateczk\u0119 w strefach, gdzie cia\u0142o wytwarza najwi\u0119cej potu. Odzie\u017c Brubeck Thermo b\u0119dzie dobrym wyborem na dynamiczne aktywno\u015bci w okresie zimowym oraz przej\u015bciowym.<\/li><\/ul>\n\n\n\n<ul class=\"wp-block-list\" type=\"1\" start=\"2\"><li><strong>Athletic<\/strong> \u2013 projektowana przez Brubeck bielizna termoaktywna z tej linii przeznaczona jest dla sportowc\u00f3w, zw\u0142aszcza takich trenuj\u0105cych w wy\u017cszych temperaturach. Specjalne strefy w miejscach o wzmo\u017conej potliwo\u015bci poprawiaj\u0105 wentylacj\u0119, a elementy odblaskowe zwi\u0119kszaj\u0105 bezpiecze\u0144stwo po zmroku. Koszulka Brubeck z serii Athletic \u015bwietnie dopasowuje si\u0119 do cia\u0142a, zapewniaj\u0105c pe\u0142n\u0105 swobod\u0119 ruch\u00f3w.<\/li><\/ul>\n\n\n\n<ul class=\"wp-block-list\" type=\"1\" start=\"3\"><li><strong>3D Pro<\/strong> \u2013 ultralekka i cienka odzie\u017c termoaktywna Brubeck z serii 3D Pro sprawdzi si\u0119 nawet w trakcie intensywnych aktywno\u015bci w wysokich temperaturach. Koszulka Brubeck z tej linii posiada porowat\u0105 konstrukcj\u0119, co zwi\u0119ksza powierzchni\u0119 odbioru wilgoci. Wentylacj\u0119 wspomagaj\u0105 specjalne kana\u0142y powietrzne oraz modyfikowane sploty w miejscach o najwi\u0119kszej potliwo\u015bci.<\/li><\/ul>\n\n\n\n<ul class=\"wp-block-list\" type=\"1\" start=\"4\"><li><strong>Dry<\/strong> \u2013 w okresach przej\u015bciowych cz\u0119sto nie wiadomo w co si\u0119 ubra\u0107, aby ani si\u0119 nie przegrza\u0107, ani nie wych\u0142odzi\u0107. W takie dni dobrym wyborem b\u0119dzie zaprojektowana przez Brubeck bielizna termoaktywna z serii Dry. Odzie\u017c z tej lini wykonano z dwuwarstwowej, oddychaj\u0105cej tkaniny o \u015bredniej grubo\u015bci.<\/li><\/ul>\n\n\n\n<ul class=\"wp-block-list\" type=\"1\" start=\"5\"><li><strong>Bicycle<\/strong> \u2013 zgodnie z nazw\u0105 stworzona przez Brubeck koszulka i spodenki z tej serii sprawdz\u0105 si\u0119 \u015bwietnie na rowerze. Odblaski zwi\u0119kszaj\u0105 twoje bezpiecze\u0144stwo, a silikonowe wyko\u0144czenia zapobiegaj\u0105 przesuwaniu si\u0119 nogawek.<\/li><\/ul>\n\n\n\n<div class=\"wp-block-image\"><figure class=\"aligncenter size-large\"><img loading=\"lazy\" decoding=\"async\" width=\"1024\" height=\"682\" src=\"https:\/\/skalnik.pl\/blog\/wp-content\/uploads\/2020\/12\/Bielizna-na-rower-Brubeck.jpg\" alt=\"Bielizna Brubeck na rower\" class=\"wp-image-15001\" srcset=\"https:\/\/www.skalnik.pl\/blog\/wp-content\/uploads\/2020\/12\/Bielizna-na-rower-Brubeck.jpg 1024w, https:\/\/www.skalnik.pl\/blog\/wp-content\/uploads\/2020\/12\/Bielizna-na-rower-Brubeck-300x200.jpg 300w, https:\/\/www.skalnik.pl\/blog\/wp-content\/uploads\/2020\/12\/Bielizna-na-rower-Brubeck-768x512.jpg 768w\" sizes=\"auto, (max-width: 1024px) 100vw, 1024px\" \/><figcaption><em>Odzie\u017c Brubeck sprawdzi si\u0119 r\u00f3wnie\u017c jako bielizna na rower (fot. Brubeck)<\/em><\/figcaption><\/figure><\/div>\n\n\n\n<h2 class=\"wp-block-heading\"><span class=\"ez-toc-section\" id=\"Brubeck_w_sluzbie_najlepszym\"><\/span>Brubeck w s\u0142u\u017cbie najlepszym<span class=\"ez-toc-section-end\"><\/span><\/h2>\n\n\n\n<p>Same opisy tkanin i technologii nie przekona\u0142y ci\u0119 o jako\u015bci odzie\u017cy Brubeck? Mo\u017ce wi\u0119c do wypr\u00f3bowania produkt\u00f3w tej firmy zach\u0119ci ci\u0119 opinia os\u00f3b, kt\u00f3re cz\u0119sto musz\u0105 rusza\u0107 w g\u00f3ry mimo z\u0142ej pogody?<\/p>\n\n\n\n<p>Firma <a href=\"https:\/\/skalnik.pl\/brubeck\/\" target=\"_blank\" rel=\"noreferrer noopener\">Brubeck<\/a> zosta\u0142a ostatnio oficjalnym partnerem technicznym GOPR. Je\u015bli bielizna termiczna Brubeck s\u0142u\u017cy dobrze ratownikom mierz\u0105cym si\u0119 cz\u0119sto z bardzo trudnymi warunkami, to tak\u017ce i tobie zapewni raczej wystarczaj\u0105ce ciep\u0142o na szlaku.<\/p>\n\n\n\n<div class=\"wp-block-image\"><figure class=\"aligncenter size-large is-resized\"><img loading=\"lazy\" decoding=\"async\" src=\"https:\/\/skalnik.pl\/blog\/wp-content\/uploads\/2020\/12\/Brubeck-i-GOPR-1024x1024.png\" alt=\"Brubeck i GOPR\" class=\"wp-image-14997\" width=\"580\" height=\"580\" srcset=\"https:\/\/www.skalnik.pl\/blog\/wp-content\/uploads\/2020\/12\/Brubeck-i-GOPR-1024x1024.png 1024w, https:\/\/www.skalnik.pl\/blog\/wp-content\/uploads\/2020\/12\/Brubeck-i-GOPR-300x300.png 300w, https:\/\/www.skalnik.pl\/blog\/wp-content\/uploads\/2020\/12\/Brubeck-i-GOPR-768x768.png 768w, https:\/\/www.skalnik.pl\/blog\/wp-content\/uploads\/2020\/12\/Brubeck-i-GOPR.png 1026w\" sizes=\"auto, (max-width: 580px) 100vw, 580px\" \/><figcaption><em>Odzie\u017c Brubeck doceniaj\u0105 tak\u017ce ratownicy GOPR (fot. Brubeck)<\/em><\/figcaption><\/figure><\/div>\n\n\n\n<p>Odzie\u017c \u015bwiatowej klasy wykonywana od pocz\u0105tku do ko\u0144ca w Polsce. Taka w\u0142a\u015bnie jest bielizna Brubeck, kt\u00f3ra zapewni ci ciep\u0142\u0105 i such\u0105 warstw\u0119 tu\u017c przy sk\u00f3rze niezale\u017cnie od tego, jakie warunki napotkasz na szlaku.<\/p>\n\n\n\n<p class=\"has-text-align-right\"><em>Katarzyna Butkiewicz<\/em><\/p>\n","protected":false},"excerpt":{"rendered":"<p>Brubeck to dow\u00f3d, \u017ce polskie marki nie maj\u0105 si\u0119 czego wstydzi\u0107. Jak\u0105 bielizn\u0119 wybra\u0107: syntetyk czy merino?<\/p>\n","protected":false},"author":7,"featured_media":15003,"comment_status":"open","ping_status":"open","sticky":false,"template":"","format":"standard","meta":{"_acf_changed":false,"footnotes":""},"categories":[5],"tags":[101,252,143,169,16],"magento_category":[53],"magento_product":[],"class_list":["post-14990","post","type-post","status-publish","format-standard","has-post-thumbnail","hentry","category-branza","tag-bielizna-termiczna","tag-bielizna-termoaktywna","tag-brubeck","tag-merino","tag-zima"],"acf":[],"aioseo_notices":[],"aioseo_head":"\n\t\t<!-- All in One SEO 4.9.10 - aioseo.com -->\n\t<meta name=\"description\" content=\"Polska marka Brubeck to \u015bwiatowa czo\u0142\u00f3wka na rynku bielizny termoaktywnej. Bielizna termiczna Brubeck merino czy syntetyk - co lepiej wybra\u0107 na szlak?\" \/>\n\t<meta name=\"robots\" content=\"max-image-preview:large\" \/>\n\t<meta name=\"author\" content=\"Redakcja skalnik.pl\"\/>\n\t<link rel=\"canonical\" href=\"https:\/\/www.skalnik.pl\/blog\/bielizna-termoaktywna-brubeck-syntetyk-vs-merino\/\" \/>\n\t<meta name=\"generator\" content=\"All in One SEO (AIOSEO) 4.9.10\" \/>\n\t\t<meta property=\"og:locale\" content=\"pl_PL\" \/>\n\t\t<meta property=\"og:site_name\" content=\"blog Skalnik - Blog, porady, artyku\u0142y - blog Skalnik\" \/>\n\t\t<meta property=\"og:type\" content=\"article\" \/>\n\t\t<meta property=\"og:title\" content=\"Bielizna termoaktywna Brubeck \u2013 syntetyk vs merino - blog Skalnik\" \/>\n\t\t<meta property=\"og:description\" content=\"Polska marka Brubeck to \u015bwiatowa czo\u0142\u00f3wka na rynku bielizny termoaktywnej. Bielizna termiczna Brubeck merino czy syntetyk - co lepiej wybra\u0107 na szlak?\" \/>\n\t\t<meta property=\"og:url\" content=\"https:\/\/www.skalnik.pl\/blog\/bielizna-termoaktywna-brubeck-syntetyk-vs-merino\/\" \/>\n\t\t<meta property=\"og:image\" content=\"https:\/\/skalnik.pl\/blog\/wp-content\/uploads\/2020\/12\/Brubeck-bielizna-merino.jpg\" \/>\n\t\t<meta property=\"og:image:secure_url\" content=\"https:\/\/skalnik.pl\/blog\/wp-content\/uploads\/2020\/12\/Brubeck-bielizna-merino.jpg\" \/>\n\t\t<meta property=\"article:tag\" content=\"bran\u017ca\" \/>\n\t\t<meta property=\"article:tag\" content=\"bielizna termiczna\" \/>\n\t\t<meta property=\"article:tag\" content=\"bielizna termoaktywna\" \/>\n\t\t<meta property=\"article:tag\" content=\"brubeck\" \/>\n\t\t<meta property=\"article:tag\" content=\"merino\" \/>\n\t\t<meta property=\"article:tag\" content=\"zima\" \/>\n\t\t<meta property=\"article:published_time\" content=\"2020-12-13T21:28:00+00:00\" \/>\n\t\t<meta property=\"article:modified_time\" content=\"2021-01-04T06:58:50+00:00\" \/>\n\t\t<meta name=\"twitter:card\" content=\"summary_large_image\" \/>\n\t\t<meta name=\"twitter:title\" content=\"Bielizna termoaktywna Brubeck \u2013 syntetyk vs merino - blog Skalnik\" \/>\n\t\t<meta name=\"twitter:description\" content=\"Polska marka Brubeck to \u015bwiatowa czo\u0142\u00f3wka na rynku bielizny termoaktywnej. Bielizna termiczna Brubeck merino czy syntetyk - co lepiej wybra\u0107 na szlak?\" \/>\n\t\t<meta name=\"twitter:image\" content=\"https:\/\/skalnik.pl\/blog\/wp-content\/uploads\/2020\/12\/Brubeck-bielizna-merino.jpg\" \/>\n\t\t<script type=\"application\/ld+json\" class=\"aioseo-schema\">\n\t\t\t{\"@context\":\"https:\\\/\\\/schema.org\",\"@graph\":[{\"@type\":\"BlogPosting\",\"@id\":\"https:\\\/\\\/www.skalnik.pl\\\/blog\\\/bielizna-termoaktywna-brubeck-syntetyk-vs-merino\\\/#blogposting\",\"name\":\"Bielizna termoaktywna Brubeck \\u2013 syntetyk vs merino - blog Skalnik\",\"headline\":\"Bielizna termoaktywna Brubeck \\u2013 syntetyk vs merino\",\"author\":{\"@id\":\"https:\\\/\\\/www.skalnik.pl\\\/blog\\\/author\\\/redakcja-skalnik-pl\\\/#author\"},\"publisher\":{\"@id\":\"https:\\\/\\\/www.skalnik.pl\\\/blog\\\/#organization\"},\"image\":{\"@type\":\"ImageObject\",\"url\":\"https:\\\/\\\/www.skalnik.pl\\\/blog\\\/wp-content\\\/uploads\\\/2020\\\/12\\\/Bielizna-Brubeck.jpg\",\"width\":1920,\"height\":705,\"caption\":\"Bielizna termoaktywna Brubeck\"},\"datePublished\":\"2020-12-13T22:28:00+02:00\",\"dateModified\":\"2021-01-04T07:58:50+02:00\",\"inLanguage\":\"pl-PL\",\"mainEntityOfPage\":{\"@id\":\"https:\\\/\\\/www.skalnik.pl\\\/blog\\\/bielizna-termoaktywna-brubeck-syntetyk-vs-merino\\\/#webpage\"},\"isPartOf\":{\"@id\":\"https:\\\/\\\/www.skalnik.pl\\\/blog\\\/bielizna-termoaktywna-brubeck-syntetyk-vs-merino\\\/#webpage\"},\"articleSection\":\"Bran\\u017ca, bielizna termiczna, bielizna termoaktywna, brubeck, merino, zima, 1097\"},{\"@type\":\"BreadcrumbList\",\"@id\":\"https:\\\/\\\/www.skalnik.pl\\\/blog\\\/bielizna-termoaktywna-brubeck-syntetyk-vs-merino\\\/#breadcrumblist\",\"itemListElement\":[{\"@type\":\"ListItem\",\"@id\":\"https:\\\/\\\/www.skalnik.pl\\\/blog#listItem\",\"position\":1,\"name\":\"Home\",\"item\":\"https:\\\/\\\/www.skalnik.pl\\\/blog\",\"nextItem\":{\"@type\":\"ListItem\",\"@id\":\"https:\\\/\\\/www.skalnik.pl\\\/blog\\\/.\\\/branza\\\/#listItem\",\"name\":\"Bran\\u017ca\"}},{\"@type\":\"ListItem\",\"@id\":\"https:\\\/\\\/www.skalnik.pl\\\/blog\\\/.\\\/branza\\\/#listItem\",\"position\":2,\"name\":\"Bran\\u017ca\",\"item\":\"https:\\\/\\\/www.skalnik.pl\\\/blog\\\/.\\\/branza\\\/\",\"nextItem\":{\"@type\":\"ListItem\",\"@id\":\"https:\\\/\\\/www.skalnik.pl\\\/blog\\\/bielizna-termoaktywna-brubeck-syntetyk-vs-merino\\\/#listItem\",\"name\":\"Bielizna termoaktywna Brubeck \\u2013 syntetyk vs merino\"},\"previousItem\":{\"@type\":\"ListItem\",\"@id\":\"https:\\\/\\\/www.skalnik.pl\\\/blog#listItem\",\"name\":\"Home\"}},{\"@type\":\"ListItem\",\"@id\":\"https:\\\/\\\/www.skalnik.pl\\\/blog\\\/bielizna-termoaktywna-brubeck-syntetyk-vs-merino\\\/#listItem\",\"position\":3,\"name\":\"Bielizna termoaktywna Brubeck \\u2013 syntetyk vs merino\",\"previousItem\":{\"@type\":\"ListItem\",\"@id\":\"https:\\\/\\\/www.skalnik.pl\\\/blog\\\/.\\\/branza\\\/#listItem\",\"name\":\"Bran\\u017ca\"}}]},{\"@type\":\"Organization\",\"@id\":\"https:\\\/\\\/www.skalnik.pl\\\/blog\\\/#organization\",\"name\":\"blog Skalnik\",\"description\":\"Blog, porady, artyku\\u0142y - blog Skalnik\",\"url\":\"https:\\\/\\\/www.skalnik.pl\\\/blog\\\/\"},{\"@type\":\"Person\",\"@id\":\"https:\\\/\\\/www.skalnik.pl\\\/blog\\\/author\\\/redakcja-skalnik-pl\\\/#author\",\"url\":\"https:\\\/\\\/www.skalnik.pl\\\/blog\\\/author\\\/redakcja-skalnik-pl\\\/\",\"name\":\"Redakcja skalnik.pl\",\"image\":{\"@type\":\"ImageObject\",\"@id\":\"https:\\\/\\\/www.skalnik.pl\\\/blog\\\/bielizna-termoaktywna-brubeck-syntetyk-vs-merino\\\/#authorImage\",\"url\":\"https:\\\/\\\/secure.gravatar.com\\\/avatar\\\/7eab29b048aaf0899cd9a145e9adb814e2130ced31e65b454b902500bea65f9e?s=96&d=mm&r=g\",\"width\":96,\"height\":96,\"caption\":\"Redakcja skalnik.pl\"}},{\"@type\":\"WebPage\",\"@id\":\"https:\\\/\\\/www.skalnik.pl\\\/blog\\\/bielizna-termoaktywna-brubeck-syntetyk-vs-merino\\\/#webpage\",\"url\":\"https:\\\/\\\/www.skalnik.pl\\\/blog\\\/bielizna-termoaktywna-brubeck-syntetyk-vs-merino\\\/\",\"name\":\"Bielizna termoaktywna Brubeck \\u2013 syntetyk vs merino - blog Skalnik\",\"description\":\"Polska marka Brubeck to \\u015bwiatowa czo\\u0142\\u00f3wka na rynku bielizny termoaktywnej. Bielizna termiczna Brubeck merino czy syntetyk - co lepiej wybra\\u0107 na szlak?\",\"inLanguage\":\"pl-PL\",\"isPartOf\":{\"@id\":\"https:\\\/\\\/www.skalnik.pl\\\/blog\\\/#website\"},\"breadcrumb\":{\"@id\":\"https:\\\/\\\/www.skalnik.pl\\\/blog\\\/bielizna-termoaktywna-brubeck-syntetyk-vs-merino\\\/#breadcrumblist\"},\"author\":{\"@id\":\"https:\\\/\\\/www.skalnik.pl\\\/blog\\\/author\\\/redakcja-skalnik-pl\\\/#author\"},\"creator\":{\"@id\":\"https:\\\/\\\/www.skalnik.pl\\\/blog\\\/author\\\/redakcja-skalnik-pl\\\/#author\"},\"image\":{\"@type\":\"ImageObject\",\"url\":\"https:\\\/\\\/www.skalnik.pl\\\/blog\\\/wp-content\\\/uploads\\\/2020\\\/12\\\/Bielizna-Brubeck.jpg\",\"@id\":\"https:\\\/\\\/www.skalnik.pl\\\/blog\\\/bielizna-termoaktywna-brubeck-syntetyk-vs-merino\\\/#mainImage\",\"width\":1920,\"height\":705,\"caption\":\"Bielizna termoaktywna Brubeck\"},\"primaryImageOfPage\":{\"@id\":\"https:\\\/\\\/www.skalnik.pl\\\/blog\\\/bielizna-termoaktywna-brubeck-syntetyk-vs-merino\\\/#mainImage\"},\"datePublished\":\"2020-12-13T22:28:00+02:00\",\"dateModified\":\"2021-01-04T07:58:50+02:00\"},{\"@type\":\"WebSite\",\"@id\":\"https:\\\/\\\/www.skalnik.pl\\\/blog\\\/#website\",\"url\":\"https:\\\/\\\/www.skalnik.pl\\\/blog\\\/\",\"name\":\"blog Skalnik\",\"description\":\"Blog, porady, artyku\\u0142y - blog Skalnik\",\"inLanguage\":\"pl-PL\",\"publisher\":{\"@id\":\"https:\\\/\\\/www.skalnik.pl\\\/blog\\\/#organization\"}}]}\n\t\t<\/script>\n\t\t<!-- All in One SEO -->\n\n","aioseo_head_json":{"title":"Bielizna termoaktywna Brubeck \u2013 syntetyk vs merino - blog Skalnik","description":"Polska marka Brubeck to \u015bwiatowa czo\u0142\u00f3wka na rynku bielizny termoaktywnej. Bielizna termiczna Brubeck merino czy syntetyk - co lepiej wybra\u0107 na szlak?","canonical_url":"https:\/\/www.skalnik.pl\/blog\/bielizna-termoaktywna-brubeck-syntetyk-vs-merino\/","robots":"max-image-preview:large","keywords":"","webmasterTools":{"miscellaneous":""},"schema":{"@context":"https:\/\/schema.org","@graph":[{"@type":"BlogPosting","@id":"https:\/\/www.skalnik.pl\/blog\/bielizna-termoaktywna-brubeck-syntetyk-vs-merino\/#blogposting","name":"Bielizna termoaktywna Brubeck \u2013 syntetyk vs merino - blog Skalnik","headline":"Bielizna termoaktywna Brubeck \u2013 syntetyk vs merino","author":{"@id":"https:\/\/www.skalnik.pl\/blog\/author\/redakcja-skalnik-pl\/#author"},"publisher":{"@id":"https:\/\/www.skalnik.pl\/blog\/#organization"},"image":{"@type":"ImageObject","url":"https:\/\/www.skalnik.pl\/blog\/wp-content\/uploads\/2020\/12\/Bielizna-Brubeck.jpg","width":1920,"height":705,"caption":"Bielizna termoaktywna Brubeck"},"datePublished":"2020-12-13T22:28:00+02:00","dateModified":"2021-01-04T07:58:50+02:00","inLanguage":"pl-PL","mainEntityOfPage":{"@id":"https:\/\/www.skalnik.pl\/blog\/bielizna-termoaktywna-brubeck-syntetyk-vs-merino\/#webpage"},"isPartOf":{"@id":"https:\/\/www.skalnik.pl\/blog\/bielizna-termoaktywna-brubeck-syntetyk-vs-merino\/#webpage"},"articleSection":"Bran\u017ca, bielizna termiczna, bielizna termoaktywna, brubeck, merino, zima, 1097"},{"@type":"BreadcrumbList","@id":"https:\/\/www.skalnik.pl\/blog\/bielizna-termoaktywna-brubeck-syntetyk-vs-merino\/#breadcrumblist","itemListElement":[{"@type":"ListItem","@id":"https:\/\/www.skalnik.pl\/blog#listItem","position":1,"name":"Home","item":"https:\/\/www.skalnik.pl\/blog","nextItem":{"@type":"ListItem","@id":"https:\/\/www.skalnik.pl\/blog\/.\/branza\/#listItem","name":"Bran\u017ca"}},{"@type":"ListItem","@id":"https:\/\/www.skalnik.pl\/blog\/.\/branza\/#listItem","position":2,"name":"Bran\u017ca","item":"https:\/\/www.skalnik.pl\/blog\/.\/branza\/","nextItem":{"@type":"ListItem","@id":"https:\/\/www.skalnik.pl\/blog\/bielizna-termoaktywna-brubeck-syntetyk-vs-merino\/#listItem","name":"Bielizna termoaktywna Brubeck \u2013 syntetyk vs merino"},"previousItem":{"@type":"ListItem","@id":"https:\/\/www.skalnik.pl\/blog#listItem","name":"Home"}},{"@type":"ListItem","@id":"https:\/\/www.skalnik.pl\/blog\/bielizna-termoaktywna-brubeck-syntetyk-vs-merino\/#listItem","position":3,"name":"Bielizna termoaktywna Brubeck \u2013 syntetyk vs merino","previousItem":{"@type":"ListItem","@id":"https:\/\/www.skalnik.pl\/blog\/.\/branza\/#listItem","name":"Bran\u017ca"}}]},{"@type":"Organization","@id":"https:\/\/www.skalnik.pl\/blog\/#organization","name":"blog Skalnik","description":"Blog, porady, artyku\u0142y - blog Skalnik","url":"https:\/\/www.skalnik.pl\/blog\/"},{"@type":"Person","@id":"https:\/\/www.skalnik.pl\/blog\/author\/redakcja-skalnik-pl\/#author","url":"https:\/\/www.skalnik.pl\/blog\/author\/redakcja-skalnik-pl\/","name":"Redakcja skalnik.pl","image":{"@type":"ImageObject","@id":"https:\/\/www.skalnik.pl\/blog\/bielizna-termoaktywna-brubeck-syntetyk-vs-merino\/#authorImage","url":"https:\/\/secure.gravatar.com\/avatar\/7eab29b048aaf0899cd9a145e9adb814e2130ced31e65b454b902500bea65f9e?s=96&d=mm&r=g","width":96,"height":96,"caption":"Redakcja skalnik.pl"}},{"@type":"WebPage","@id":"https:\/\/www.skalnik.pl\/blog\/bielizna-termoaktywna-brubeck-syntetyk-vs-merino\/#webpage","url":"https:\/\/www.skalnik.pl\/blog\/bielizna-termoaktywna-brubeck-syntetyk-vs-merino\/","name":"Bielizna termoaktywna Brubeck \u2013 syntetyk vs merino - blog Skalnik","description":"Polska marka Brubeck to \u015bwiatowa czo\u0142\u00f3wka na rynku bielizny termoaktywnej. Bielizna termiczna Brubeck merino czy syntetyk - co lepiej wybra\u0107 na szlak?","inLanguage":"pl-PL","isPartOf":{"@id":"https:\/\/www.skalnik.pl\/blog\/#website"},"breadcrumb":{"@id":"https:\/\/www.skalnik.pl\/blog\/bielizna-termoaktywna-brubeck-syntetyk-vs-merino\/#breadcrumblist"},"author":{"@id":"https:\/\/www.skalnik.pl\/blog\/author\/redakcja-skalnik-pl\/#author"},"creator":{"@id":"https:\/\/www.skalnik.pl\/blog\/author\/redakcja-skalnik-pl\/#author"},"image":{"@type":"ImageObject","url":"https:\/\/www.skalnik.pl\/blog\/wp-content\/uploads\/2020\/12\/Bielizna-Brubeck.jpg","@id":"https:\/\/www.skalnik.pl\/blog\/bielizna-termoaktywna-brubeck-syntetyk-vs-merino\/#mainImage","width":1920,"height":705,"caption":"Bielizna termoaktywna Brubeck"},"primaryImageOfPage":{"@id":"https:\/\/www.skalnik.pl\/blog\/bielizna-termoaktywna-brubeck-syntetyk-vs-merino\/#mainImage"},"datePublished":"2020-12-13T22:28:00+02:00","dateModified":"2021-01-04T07:58:50+02:00"},{"@type":"WebSite","@id":"https:\/\/www.skalnik.pl\/blog\/#website","url":"https:\/\/www.skalnik.pl\/blog\/","name":"blog Skalnik","description":"Blog, porady, artyku\u0142y - blog Skalnik","inLanguage":"pl-PL","publisher":{"@id":"https:\/\/www.skalnik.pl\/blog\/#organization"}}]},"og:locale":"pl_PL","og:site_name":"blog Skalnik - Blog, porady, artyku\u0142y - blog Skalnik","og:type":"article","og:title":"Bielizna termoaktywna Brubeck \u2013 syntetyk vs merino - blog Skalnik","og:description":"Polska marka Brubeck to \u015bwiatowa czo\u0142\u00f3wka na rynku bielizny termoaktywnej. Bielizna termiczna Brubeck merino czy syntetyk - co lepiej wybra\u0107 na szlak?","og:url":"https:\/\/www.skalnik.pl\/blog\/bielizna-termoaktywna-brubeck-syntetyk-vs-merino\/","og:image":"https:\/\/skalnik.pl\/blog\/wp-content\/uploads\/2020\/12\/Brubeck-bielizna-merino.jpg","og:image:secure_url":"https:\/\/skalnik.pl\/blog\/wp-content\/uploads\/2020\/12\/Brubeck-bielizna-merino.jpg","article:tag":["bran\u017ca","bielizna termiczna","bielizna termoaktywna","brubeck","merino","zima"],"article:published_time":"2020-12-13T21:28:00+00:00","article:modified_time":"2021-01-04T06:58:50+00:00","twitter:card":"summary_large_image","twitter:title":"Bielizna termoaktywna Brubeck \u2013 syntetyk vs merino - blog Skalnik","twitter:description":"Polska marka Brubeck to \u015bwiatowa czo\u0142\u00f3wka na rynku bielizny termoaktywnej. Bielizna termiczna Brubeck merino czy syntetyk - co lepiej wybra\u0107 na szlak?","twitter:image":"https:\/\/skalnik.pl\/blog\/wp-content\/uploads\/2020\/12\/Brubeck-bielizna-merino.jpg"},"aioseo_meta_data":{"post_id":"14990","title":null,"description":"Polska marka Brubeck to \u015bwiatowa czo\u0142\u00f3wka na rynku bielizny termoaktywnej. Bielizna termiczna Brubeck merino czy syntetyk - co lepiej wybra\u0107 na szlak?","keywords":[{"label":"Brubeck","value":"Brubeck"},{"label":"bielizna termoaktywna Brubeck","value":"bielizna termoaktywna Brubeck"},{"label":"odzie\u017c termoaktywna Brubeck","value":"odzie\u017c termoaktywna Brubeck"},{"label":"bielizna termiczna Brubeck","value":"bielizna termiczna Brubeck"},{"label":"koszulka Brubeck","value":"koszulka Brubeck"},{"label":"bielizna Brubeck","value":"bielizna Brubeck"}],"keyphrases":null,"primary_term":null,"canonical_url":"","og_title":null,"og_description":null,"og_object_type":"default","og_image_type":"default","og_image_url":null,"og_image_width":null,"og_image_height":null,"og_image_custom_url":null,"og_image_custom_fields":null,"og_video":null,"og_custom_url":null,"og_article_section":null,"og_article_tags":null,"twitter_use_og":false,"twitter_card":"default","twitter_image_type":"default","twitter_image_url":null,"twitter_image_custom_url":null,"twitter_image_custom_fields":null,"twitter_title":null,"twitter_description":null,"schema":{"blockGraphs":[],"customGraphs":[],"default":{"data":{"Article":[],"Course":[],"Dataset":[],"FAQPage":[],"Movie":[],"Person":[],"Product":[],"ProductReview":[],"Car":[],"Recipe":[],"Service":[],"SoftwareApplication":[],"WebPage":[]},"graphName":"BlogPosting","isEnabled":true},"graphs":[]},"schema_type":"default","schema_type_options":null,"pillar_content":false,"robots_default":true,"robots_noindex":false,"robots_noarchive":false,"robots_nosnippet":false,"robots_nofollow":false,"robots_noimageindex":false,"robots_noodp":false,"robots_notranslate":false,"robots_max_snippet":null,"robots_max_videopreview":null,"robots_max_imagepreview":"large","priority":null,"frequency":null,"local_seo":null,"breadcrumb_settings":null,"limit_modified_date":false,"ai":null,"created":"2022-08-26 10:28:58","updated":"2026-02-17 22:01:19","seo_analyzer_scan_date":null},"aioseo_breadcrumb":"<div class=\"aioseo-breadcrumbs\"><span class=\"aioseo-breadcrumb\">\n\t\t\t<a href=\"https:\/\/www.skalnik.pl\/blog\" title=\"Home\">Home<\/a>\n\t\t<\/span><span class=\"aioseo-breadcrumb-separator\">&raquo;<\/span><span class=\"aioseo-breadcrumb\">\n\t\t\t<a href=\"https:\/\/www.skalnik.pl\/blog\/.\/branza\/\" title=\"Bran\u017ca\">Bran\u017ca<\/a>\n\t\t<\/span><span class=\"aioseo-breadcrumb-separator\">&raquo;<\/span><span class=\"aioseo-breadcrumb\">\n\t\t\tBielizna termoaktywna Brubeck \u2013 syntetyk vs merino\n\t\t<\/span><\/div>","aioseo_breadcrumb_json":[{"label":"Home","link":"https:\/\/www.skalnik.pl\/blog"},{"label":"Bran\u017ca","link":"https:\/\/www.skalnik.pl\/blog\/.\/branza\/"},{"label":"Bielizna termoaktywna Brubeck \u2013 syntetyk vs merino","link":"https:\/\/www.skalnik.pl\/blog\/bielizna-termoaktywna-brubeck-syntetyk-vs-merino\/"}],"_links":{"self":[{"href":"https:\/\/www.skalnik.pl\/blog\/wp-json\/wp\/v2\/posts\/14990","targetHints":{"allow":["GET"]}}],"collection":[{"href":"https:\/\/www.skalnik.pl\/blog\/wp-json\/wp\/v2\/posts"}],"about":[{"href":"https:\/\/www.skalnik.pl\/blog\/wp-json\/wp\/v2\/types\/post"}],"author":[{"embeddable":true,"href":"https:\/\/www.skalnik.pl\/blog\/wp-json\/wp\/v2\/users\/7"}],"replies":[{"embeddable":true,"href":"https:\/\/www.skalnik.pl\/blog\/wp-json\/wp\/v2\/comments?post=14990"}],"version-history":[{"count":13,"href":"https:\/\/www.skalnik.pl\/blog\/wp-json\/wp\/v2\/posts\/14990\/revisions"}],"predecessor-version":[{"id":15014,"href":"https:\/\/www.skalnik.pl\/blog\/wp-json\/wp\/v2\/posts\/14990\/revisions\/15014"}],"wp:featuredmedia":[{"embeddable":true,"href":"https:\/\/www.skalnik.pl\/blog\/wp-json\/wp\/v2\/media\/15003"}],"wp:attachment":[{"href":"https:\/\/www.skalnik.pl\/blog\/wp-json\/wp\/v2\/media?parent=14990"}],"wp:term":[{"taxonomy":"category","embeddable":true,"href":"https:\/\/www.skalnik.pl\/blog\/wp-json\/wp\/v2\/categories?post=14990"},{"taxonomy":"post_tag","embeddable":true,"href":"https:\/\/www.skalnik.pl\/blog\/wp-json\/wp\/v2\/tags?post=14990"},{"taxonomy":"magento_category","embeddable":true,"href":"https:\/\/www.skalnik.pl\/blog\/wp-json\/wp\/v2\/magento_category?post=14990"},{"taxonomy":"magento_product","embeddable":true,"href":"https:\/\/www.skalnik.pl\/blog\/wp-json\/wp\/v2\/magento_product?post=14990"}],"curies":[{"name":"wp","href":"https:\/\/api.w.org\/{rel}","templated":true}]}}