{"id":15018,"date":"2020-12-14T12:00:00","date_gmt":"2020-12-14T11:00:00","guid":{"rendered":"https:\/\/skalnik.pl\/blog\/?p=15018"},"modified":"2021-01-04T08:07:31","modified_gmt":"2021-01-04T07:07:31","slug":"nowe-odslony-membrany-gore-tex-pro","status":"publish","type":"post","link":"https:\/\/www.skalnik.pl\/blog\/nowe-odslony-membrany-gore-tex-pro\/","title":{"rendered":"Nowe ods\u0142ony membrany GORE-TEX\u00ae Pro"},"content":{"rendered":"\n<p><strong>Tej membrany nie trzeba nikomu przedstawia\u0107, firma W. L. Gore wypracowa\u0142a sobie niezachwian\u0105 pozycj\u0119 lidera w kategorii odzie\u017cy wodoodpornej na outdoorowym rynku. Z technologii GORE-TEX korzysta wi\u0119kszo\u015b\u0107 producent\u00f3w odzie\u017cy g\u00f3rskiej i sportowej.<\/strong><\/p>\n\n\n\n<p>W swoim portfolio GORE-TEX\u00ae ma kilkana\u015bcie technologii do wyboru. Dzi\u0119ki temu ka\u017cdy mo\u017ce znale\u017a\u0107 dok\u0142adnie to, czego potrzebuje. Rozwi\u0105zania r\u00f3\u017cni\u0105 si\u0119 mi\u0119dzy sob\u0105 wag\u0105, wytrzyma\u0142o\u015bci\u0105 i rozmiarem po spakowaniu (<a href=\"https:\/\/skalnik.pl\/blog\/goretex-najpopularniejsza-membrana-na-swiecie\/\" target=\"_blank\" rel=\"noreferrer noopener\">opisujemy je tutaj<\/a>). Dla najbardziej wymagaj\u0105cych powsta\u0142 laminat GORE-TEX Pro\u00ae, kt\u00f3ry charakteryzuje si\u0119 najwi\u0119ksz\u0105 wytrzyma\u0142o\u015bci\u0105 przy jednoczesnej wodoodporno\u015bci i wiatroszczelno\u015bci. Przez lata by\u0142 on wybierany przez zaawansowanych u\u017cytkownik\u00f3w i profesjonalist\u00f3w. Sprawdza\u0142 si\u0119 w wysokich g\u00f3rach i srogich, zimowych warunkach.<\/p>\n\n\n\n<p>Nieod\u0142\u0105cznym elementem laminatu jest materia\u0142 wierzchni i podszewka. To one w du\u017cej mierze przes\u0105dzaj\u0105 o parametrach ko\u0144cowych gotowej kurtki czy spodni z GORE-TEXem. Dotychczas wersja Pro wyst\u0119powa\u0142a w tylko jednym wariancie, kt\u00f3ry s\u0142u\u017cy\u0142 tak samo narciarzom, jak i alpinistom i wspinaczom, ale w ekstremalnych warunkach nie ma miejsca na kompromisy, dlatego w sezonie jesie\u0144\/zima 2020 W. L. Gore wprowadza zmiany, rozbijaj\u0105c ten niezawodny laminat na 3 r\u00f3\u017cne warianty, odpowiadaj\u0105ce sprecyzowanym wymaganiom u\u017cytkownik\u00f3w.<\/p>\n\n\n\n<div id=\"ez-toc-container\" class=\"ez-toc-v2_0_85 counter-hierarchy ez-toc-counter ez-toc-light-blue ez-toc-container-direction\">\n<div class=\"ez-toc-title-container\">\n<p class=\"ez-toc-title\" style=\"cursor:inherit\">SPIS TRE\u015aCI <\/p>\n<span class=\"ez-toc-title-toggle\"><a href=\"#\" class=\"ez-toc-pull-right ez-toc-btn ez-toc-btn-xs ez-toc-btn-default ez-toc-toggle\" aria-label=\"Prze\u0142\u0105cznik Spisu Tre\u015bci\"><span class=\"ez-toc-js-icon-con\"><span class=\"\"><span class=\"eztoc-hide\" style=\"display:none;\">Toggle<\/span><span class=\"ez-toc-icon-toggle-span\"><svg style=\"fill: #999;color:#999\" xmlns=\"http:\/\/www.w3.org\/2000\/svg\" class=\"list-377408\" width=\"20px\" height=\"20px\" viewBox=\"0 0 24 24\" fill=\"none\"><path d=\"M6 6H4v2h2V6zm14 0H8v2h12V6zM4 11h2v2H4v-2zm16 0H8v2h12v-2zM4 16h2v2H4v-2zm16 0H8v2h12v-2z\" fill=\"currentColor\"><\/path><\/svg><svg style=\"fill: #999;color:#999\" class=\"arrow-unsorted-368013\" xmlns=\"http:\/\/www.w3.org\/2000\/svg\" width=\"10px\" height=\"10px\" viewBox=\"0 0 24 24\" version=\"1.2\" baseProfile=\"tiny\"><path d=\"M18.2 9.3l-6.2-6.3-6.2 6.3c-.2.2-.3.4-.3.7s.1.5.3.7c.2.2.4.3.7.3h11c.3 0 .5-.1.7-.3.2-.2.3-.5.3-.7s-.1-.5-.3-.7zM5.8 14.7l6.2 6.3 6.2-6.3c.2-.2.3-.5.3-.7s-.1-.5-.3-.7c-.2-.2-.4-.3-.7-.3h-11c-.3 0-.5.1-.7.3-.2.2-.3.5-.3.7s.1.5.3.7z\"\/><\/svg><\/span><\/span><\/span><\/a><\/span><\/div>\n<nav><ul class='ez-toc-list ez-toc-list-level-1 ' ><li class='ez-toc-page-1 ez-toc-heading-level-2'><a class=\"ez-toc-link ez-toc-heading-1\" href=\"https:\/\/www.skalnik.pl\/blog\/nowe-odslony-membrany-gore-tex-pro\/#GORE-TEX%C2%AE_Pro_Most_Rugged\" >GORE-TEX\u00ae Pro Most Rugged<\/a><\/li><li class='ez-toc-page-1 ez-toc-heading-level-2'><a class=\"ez-toc-link ez-toc-heading-2\" href=\"https:\/\/www.skalnik.pl\/blog\/nowe-odslony-membrany-gore-tex-pro\/#GORE-TEX%C2%AE_Pro_Most_Breathable\" >GORE-TEX\u00ae Pro Most Breathable<\/a><\/li><li class='ez-toc-page-1 ez-toc-heading-level-2'><a class=\"ez-toc-link ez-toc-heading-3\" href=\"https:\/\/www.skalnik.pl\/blog\/nowe-odslony-membrany-gore-tex-pro\/#GORE-TEX%C2%AE_Pro_Stretch\" >GORE-TEX\u00ae Pro Stretch<\/a><\/li><li class='ez-toc-page-1 ez-toc-heading-level-2'><a class=\"ez-toc-link ez-toc-heading-4\" href=\"https:\/\/www.skalnik.pl\/blog\/nowe-odslony-membrany-gore-tex-pro\/#Ekstremalnie_testowane\" >Ekstremalnie testowane<\/a><\/li><li class='ez-toc-page-1 ez-toc-heading-level-2'><a class=\"ez-toc-link ez-toc-heading-5\" href=\"https:\/\/www.skalnik.pl\/blog\/nowe-odslony-membrany-gore-tex-pro\/#O_produkcji_GORE-TEX%C2%AE_Pro_slow_kilka\" >O produkcji GORE-TEX\u00ae Pro s\u0142\u00f3w kilka<\/a><\/li><\/ul><\/nav><\/div>\n<h2 class=\"wp-block-heading\"><span class=\"ez-toc-section\" id=\"GORE-TEX%C2%AE_Pro_Most_Rugged\"><\/span><strong>GORE-TEX\u00ae Pro Most Rugged<\/strong><span class=\"ez-toc-section-end\"><\/span><\/h2>\n\n\n\n<p>Most Rugged = ultrawytrzyma\u0142y. To ods\u0142ona membrany GORE-TEX Pro\u00ae, kt\u00f3ra stawia przede wszystkim na wytrzyma\u0142o\u015b\u0107. Laminat jest tr\u00f3jwarstwowy, \u0142\u0105czony z mocnymi materia\u0142ami wierzchnimi. Maj\u0105 one gruby splot pomi\u0119dzy 70 a 200 Denier\u00f3w. Mimo tego w po\u0142\u0105czeniu z podszewk\u0105 Micro Grid Backer zachowuje on bardzo dobr\u0105 oddychalno\u015b\u0107, kt\u00f3ra nie przekracza 9 RET. Podszewka wp\u0142ywa korzystnie r\u00f3wnie\u017c na trwa\u0142o\u015b\u0107 produktu ko\u0144cowego i jego ni\u017csz\u0105 wag\u0119. Membrana jest chroniona przed przetarciami, a materia\u0142 od wewn\u0105trz jest g\u0142adki, co stanowi plus w po\u0142\u0105czeniu z innymi warstwami ubioru i pozwala zachowa\u0107 komfortow\u0105 swobod\u0119 ruch\u00f3w.&nbsp;<\/p>\n\n\n\n<div class=\"wp-block-image\"><figure class=\"aligncenter size-large\"><img loading=\"lazy\" decoding=\"async\" width=\"1024\" height=\"683\" src=\"https:\/\/skalnik.pl\/blog\/wp-content\/uploads\/2020\/12\/img_COF_GT_GMT_PRO_SNO_CLB_2019_FrankKretschmann_01.Medium-1024x683.jpeg\" alt=\"GORE-TEX\u00ae Pro Most Rugged wspinaczka w Chamonix\" class=\"wp-image-15020\" srcset=\"https:\/\/www.skalnik.pl\/blog\/wp-content\/uploads\/2020\/12\/img_COF_GT_GMT_PRO_SNO_CLB_2019_FrankKretschmann_01.Medium-1024x683.jpeg 1024w, https:\/\/www.skalnik.pl\/blog\/wp-content\/uploads\/2020\/12\/img_COF_GT_GMT_PRO_SNO_CLB_2019_FrankKretschmann_01.Medium-300x200.jpeg 300w, https:\/\/www.skalnik.pl\/blog\/wp-content\/uploads\/2020\/12\/img_COF_GT_GMT_PRO_SNO_CLB_2019_FrankKretschmann_01.Medium-768x512.jpeg 768w, https:\/\/www.skalnik.pl\/blog\/wp-content\/uploads\/2020\/12\/img_COF_GT_GMT_PRO_SNO_CLB_2019_FrankKretschmann_01.Medium-1536x1025.jpeg 1536w, https:\/\/www.skalnik.pl\/blog\/wp-content\/uploads\/2020\/12\/img_COF_GT_GMT_PRO_SNO_CLB_2019_FrankKretschmann_01.Medium.jpeg 1920w\" sizes=\"auto, (max-width: 1024px) 100vw, 1024px\" \/><figcaption><em>GORE-TEX\u00ae Pro Most Rugged w akcji podczas test\u00f3w wspinaczkowych w Chamonix<\/em><\/figcaption><\/figure><\/div>\n\n\n\n<p>Ekstremalnie wytrzyma\u0142a membrana idealnie nadaje si\u0119 do najbardziej wymagaj\u0105cych sport\u00f3w jak skialpinizm czy wspinaczka w lodzie. Niestraszny jej kontakt ze ska\u0142ami i noszonym sprz\u0119tem. Poradzi sobie r\u00f3wnie\u017c z kaprysami pogody. GORE-TEX Pro\u00ae Most Rugged jest w pe\u0142ni wodoodpona i wiatroszczelna. Dla lubi\u0105cych cyferki jest to minimum 28 000 mm dla wodoodporno\u015bci i ochrona przed wiatrem na poziomie: 5l\/m2\/sek&nbsp;<\/p>\n\n\n\n<h2 class=\"wp-block-heading\"><span class=\"ez-toc-section\" id=\"GORE-TEX%C2%AE_Pro_Most_Breathable\"><\/span><strong>GORE-TEX\u00ae Pro Most Breathable<\/strong><span class=\"ez-toc-section-end\"><\/span><\/h2>\n\n\n\n<p>Most Breathable, czyli oddychalno\u015b\u0107 &#8211; to ma by\u0107 cecha wyr\u00f3\u017cniaj\u0105ca t\u0119 membran\u0119 na tle innych technologii. W tej ods\u0142onie GORE-TEX\u00ae Pro r\u00f3wnie\u017c zastosowano podszewk\u0119 Micro Grid Backer, jednak materia\u0142 wierzchni jest ju\u017c inny. Tkaniny wyr\u00f3\u017cniaj\u0105 si\u0119 ekstremaln\u0105 oddychalno\u015bci\u0105, kt\u00f3ra nie przekracza 6 w skali RET. S\u0105 one tak\u017ce lekkie, o g\u0119sto\u015bci liniowej ju\u017c od 30 Denier\u00f3w (do 150) i wadze 108 g\/m2. Parametr wodoodporno\u015bci i wiatroszczelno\u015bci jest tutaj taki sam jak w wersji Most Rugged. Technologia jest wymarzonym sprzymierze\u0144cem intensywnych i dynamicznych aktywno\u015bci jak skitouring&nbsp;&nbsp;<\/p>\n\n\n\n<figure class=\"wp-block-video aligncenter\"><video height=\"480\" style=\"aspect-ratio: 854 \/ 480;\" width=\"854\" controls src=\"https:\/\/skalnik.pl\/blog\/wp-content\/uploads\/2020\/12\/ani_COF_GT_GMT_PRO_XX_XX_look-inside_black_no-stretch_en-80-sd.mp4\"><\/video><figcaption><em>Nowe membrany GORE-TEX\u00ae Pro spe\u0142niaj\u0105 wysokie wymagania<\/em><\/figcaption><\/figure>\n\n\n\n<p>Dla wszystkich, kt\u00f3rzy z dystansem podchodz\u0105 do zmian, dobr\u0105 informacj\u0105 b\u0119dzie, \u017ce GORE-TEX\u00ae Pro Most Breathable to membrana najbardziej zbli\u017cona swoimi w\u0142a\u015bciwo\u015bciami do poprzedniej wersji GORE-TEX\u00ae Pro, kt\u00f3ra wyst\u0119powa\u0142a w jednym wariancie.&nbsp;<\/p>\n\n\n\n<p>O zastosowaniu nowej technologii membran GORE-TEX\u00ae Pro Most Rugged b\u0105d\u017a Most Breathable b\u0119d\u0105 \u015bwiadczy\u0142y metki z dodatkow\u0105 zawieszk\u0105 &#8222;NEW GORE-TE PRO PRODUCTS&#8221;:<\/p>\n\n\n\n<div class=\"wp-block-image\"><figure class=\"aligncenter size-large\"><img loading=\"lazy\" decoding=\"async\" width=\"1024\" height=\"639\" src=\"https:\/\/skalnik.pl\/blog\/wp-content\/uploads\/2020\/12\/Metki-nowe-gore-pro.png\" alt=\"Metki w produktach z nowym GORE-TEX Pro\" class=\"wp-image-15025\" srcset=\"https:\/\/www.skalnik.pl\/blog\/wp-content\/uploads\/2020\/12\/Metki-nowe-gore-pro.png 1024w, https:\/\/www.skalnik.pl\/blog\/wp-content\/uploads\/2020\/12\/Metki-nowe-gore-pro-300x187.png 300w, https:\/\/www.skalnik.pl\/blog\/wp-content\/uploads\/2020\/12\/Metki-nowe-gore-pro-768x479.png 768w\" sizes=\"auto, (max-width: 1024px) 100vw, 1024px\" \/><figcaption><em>Metki i dodatkowa zawieszka w produktach z nowym GORE-TEX Pro. Technologie mo\u017cna rozr\u00f3\u017cni\u0107 po kolorze dolnego rogu &#8211; czerwonym lub bia\u0142ym.<\/em><\/figcaption><\/figure><\/div>\n\n\n\n<h2 class=\"wp-block-heading\"><span class=\"ez-toc-section\" id=\"GORE-TEX%C2%AE_Pro_Stretch\"><\/span><strong>GORE-TEX\u00ae Pro Stretch<\/strong><span class=\"ez-toc-section-end\"><\/span><\/h2>\n\n\n\n<p>Producent najpopularniejszej na \u015bwiecie membrany nie zapomnia\u0142 r\u00f3wnie\u017c o tym, co w odzie\u017cy sportowej liczy si\u0119 chyba najbardziej, czyli o wygodzie. Dlatego w\u0142a\u015bnie ostatni wariant membrany GORE-TEX\u00ae Pro posiada dopisek Stretch. Poza ochron\u0105 przed wiatrem i wod\u0105 membrana zapewnia te\u017c unikatow\u0105 w swojej kategorii mobilno\u015b\u0107 ruch\u00f3w dzi\u0119ki elastycznym materia\u0142om. Rozci\u0105gliwo\u015b\u0107 tego laminatu to minimum 12%, a w g\u00f3rnej granicy mo\u017ce osi\u0105ga\u0107 a\u017c 20%. Oznacza to, \u017ce tkanina \u015bwietnie dopasowuje si\u0119 do ruch\u00f3w, nie powoduje uczucia sztywno\u015bci i daleko jej do \u201cszeleszcz\u0105cych\u201d hardshelli.&nbsp;<\/p>\n\n\n\n<p>Oddychalno\u015b\u0107 GORE-TEX\u00ae Pro Stretch zostaje zachowana na poziomie &lt;13 RET, co mo\u017ce wydawa\u0107 si\u0119 minusem, ale tutaj trzeba zaznaczy\u0107, \u017ce ten laminat nie wyst\u0119puje samodzielnie. Jest on \u0142\u0105czony z innymi wariantami GORE i stosowany we wstawkach, jako inserty zwi\u0119kszaj\u0105ce komfort u\u017cytkowania danego modelu. Tak\u017ce, gdy zobaczysz w swojej wodoodpornej odzie\u017cy inny materia\u0142 na kolanach, \u0142okciach czy ramionach, to du\u017ca szansa, \u017ce jest to w\u0142a\u015bnie najnowsza, elastyczna ods\u0142ona membrany GORE-TEX\u00ae Pro.<\/p>\n\n\n\n<p>Technologi\u0119 rozpoznasz po tej dodatkowej metce do\u0142\u0105czonej do etykiety g\u0142\u00f3wnej:<\/p>\n\n\n\n<div class=\"wp-block-image\"><figure class=\"aligncenter size-large\"><img loading=\"lazy\" decoding=\"async\" width=\"1024\" height=\"639\" src=\"https:\/\/skalnik.pl\/blog\/wp-content\/uploads\/2020\/12\/Metki-nowe-gore-pro-wstawka-stretch.png\" alt=\"Wstawka informacyjna o zastosowaniu technologii GORE-TEX Pro Stretch\" class=\"wp-image-15026\" srcset=\"https:\/\/www.skalnik.pl\/blog\/wp-content\/uploads\/2020\/12\/Metki-nowe-gore-pro-wstawka-stretch.png 1024w, https:\/\/www.skalnik.pl\/blog\/wp-content\/uploads\/2020\/12\/Metki-nowe-gore-pro-wstawka-stretch-300x187.png 300w, https:\/\/www.skalnik.pl\/blog\/wp-content\/uploads\/2020\/12\/Metki-nowe-gore-pro-wstawka-stretch-768x479.png 768w\" sizes=\"auto, (max-width: 1024px) 100vw, 1024px\" \/><figcaption><em>Wstawka informacyjna o zastosowaniu technologii GORE-TEX Pro Stretch<\/em><\/figcaption><\/figure><\/div>\n\n\n\n<p>Materia\u0142 nie traci innych w\u0142a\u015bciwo\u015bci charakterystycznych dla membran z rodziny Pro, w tym tak\u017ce wyj\u0105tkowej wytrzyma\u0142o\u015bci na uszkodzenia mechaniczne.<\/p>\n\n\n\n<h2 class=\"wp-block-heading\"><span class=\"ez-toc-section\" id=\"Ekstremalnie_testowane\"><\/span><strong>Ekstremalnie testowane<\/strong><span class=\"ez-toc-section-end\"><\/span><\/h2>\n\n\n\n<p>Najbardziej znacz\u0105ce dla u\u017cytkownika cechy, kt\u00f3re determinuj\u0105 wyb\u00f3r membrany GORE-TEX\u00ae Pro spo\u015br\u00f3d przer\u00f3\u017cnych technologii stosowanych w g\u00f3rskiej odzie\u017cy, to przede wszystkim ekstremalna wytrzyma\u0142o\u015b\u0107, dzi\u0119ki kt\u00f3rej mo\u017cna u\u017cytkowa\u0107 j\u0105 w skrajnych warunkach przez d\u0142ugi czas; \u015bwietna oddychalno\u015b\u0107, zapobiegaj\u0105ca gromadzeniu si\u0119 wilgoci w spodnich warstwach; niezawodna ochrona przed wod\u0105 z gwarancj\u0105 GUARANTEED TO KEEP YOU DRY\u2122, chroni\u0105ca przed najbardziej paskudn\u0105 aur\u0105 i najwi\u0119ksz\u0105 zamieci\u0105; i wiatroszczelno\u015b\u0107, kt\u00f3ra ma znacz\u0105cy wp\u0142yw na utrzymanie przy ciele komfortu termicznego.<\/p>\n\n\n\n<iframe loading=\"lazy\" src=\"https:\/\/www.youtube.com\/embed\/8WnzdGulx3s\" allow=\"accelerometer; autoplay; clipboard-write; encrypted-media; gyroscope; picture-in-picture\" allowfullscreen=\"\" width=\"800\" height=\"442\" frameborder=\"0\"><\/iframe>\n\n\n\n<p>Uzyskanie tych wszystkich parametr\u00f3w nie by\u0142oby mo\u017cliwe do zrealizowania, gdyby nie seria szczeg\u00f3\u0142owych test\u00f3w laboratoryjnych i w p\u00f3\u017aniejszym etapie &#8211; r\u00f3wnie\u017c w terenie z pomoc\u0105 ambasador\u00f3w marki GORE-TEX\u00ae.<\/p>\n\n\n\n<p>Testy marki obejmuj\u0105 bardzo rygorystyczne standardy. Odzie\u017c jest poddawana wielokrotnemu sprawdzaniu na ka\u017cdym etapie. Pocieranie materia\u0142\u00f3w papierem \u015bciernym, wielokrotne zginanie czy moczenie gotowej odzie\u017cy jest w laboratoriach W. L. Gore na porz\u0105dku dziennym. Ostatnim g\u0142osem s\u0105 sportowcy, kt\u00f3rzy zabieraj\u0105 produkty z membran\u0105 GORE-TEX\u00ae w miejsca, do kt\u00f3rych zosta\u0142y stworzone.<\/p>\n\n\n\n<iframe loading=\"lazy\" src=\"https:\/\/www.youtube.com\/embed\/_ee-mk4Qr80\" allow=\"accelerometer; autoplay; clipboard-write; encrypted-media; gyroscope; picture-in-picture\" allowfullscreen=\"\" width=\"800\" height=\"442\" frameborder=\"0\"><\/iframe>\n\n\n\n<h2 class=\"wp-block-heading\"><span class=\"ez-toc-section\" id=\"O_produkcji_GORE-TEX%C2%AE_Pro_slow_kilka\"><\/span><strong>O produkcji GORE-TEX\u00ae Pro s\u0142\u00f3w kilka<\/strong><span class=\"ez-toc-section-end\"><\/span><\/h2>\n\n\n\n<p>Wa\u017cnym aspektem przy tworzeniu nowo\u015bci jest dba\u0142o\u015b\u0107 o w\u0142a\u015bciwy proces produkcji i zr\u00f3wnowa\u017cony rozw\u00f3j z uwzgl\u0119dnieniem wzi\u0119cia odpowiedzialno\u015bci za \u015brodowisko naturalne i swoje dzia\u0142ania. Firma W. L. Gore pod\u0105\u017ca za s\u0142owami prezesa &#8211; Jasona Fielda: \u201cMamy nadziej\u0119, \u017ce korzy\u015b\u0107 wynikaj\u0105ca z naszych innowacji b\u0119dzie wi\u0119ksza ni\u017c \u015brodowiskowy i spo\u0142eczny \u015blad naszych produkt\u00f3w i dzia\u0142a\u0144\u201d.<\/p>\n\n\n\n<p>Nowe wersje membran GORE-TEX\u00ae Pro korzystaj\u0105 z materia\u0142\u00f3w pozyskiwanych z recyklingu i farbowanych ekologicznymi sposobami \u201csolution dyed\u201d, kt\u00f3re zmniejszaj\u0105 zu\u017cycie wody nawet do 60% i ograniczaj\u0105 emisj\u0119 dwutlenku w\u0119gla a\u017c o 58% (poliester) i 45% (poliamid). Wp\u0142ywa to tak\u017ce na mniejsz\u0105 ilo\u015b\u0107 odpad\u00f3w, bo na 1000 m materia\u0142u wykorzystuje si\u0119 4000 plastikowych butelek z recyklingu, i mniejsze zu\u017cycie energii elektrycznej. W\u0142\u00f3kna barwione s\u0105 w ca\u0142o\u015bci (nie tylko powierzchniowo), dlatego odzie\u017c prezentuje si\u0119 dobrze przez d\u0142ugi czas.&nbsp;<\/p>\n\n\n\n<div class=\"wp-block-image\"><figure class=\"aligncenter size-large\"><img loading=\"lazy\" decoding=\"async\" width=\"1024\" height=\"683\" src=\"https:\/\/skalnik.pl\/blog\/wp-content\/uploads\/2020\/12\/nowe-gore-pro-patagonia.jpeg\" alt=\"Nowy Gore-Tex Pro w Chamonix\" class=\"wp-image-15028\" srcset=\"https:\/\/www.skalnik.pl\/blog\/wp-content\/uploads\/2020\/12\/nowe-gore-pro-patagonia.jpeg 1024w, https:\/\/www.skalnik.pl\/blog\/wp-content\/uploads\/2020\/12\/nowe-gore-pro-patagonia-300x200.jpeg 300w, https:\/\/www.skalnik.pl\/blog\/wp-content\/uploads\/2020\/12\/nowe-gore-pro-patagonia-768x512.jpeg 768w\" sizes=\"auto, (max-width: 1024px) 100vw, 1024px\" \/><figcaption><em>Tworzenie wytrzyma\u0142ych produkt\u00f3w jest jednym ze sposob\u00f3w marki GORE na ochron\u0119 \u015brodowiska naturalnego<\/em><\/figcaption><\/figure><\/div>\n\n\n\n<p>Tworzenie trwa\u0142ych produkt\u00f3w o d\u0142ugiej \u017cywotno\u015bci zmniejsza negatywny wp\u0142yw na \u015brodowisko naturalne. Marka uwa\u017ca, \u017ce wyd\u0142u\u017cenie czasu u\u017cytkowania odzie\u017cy jest najlepszym sposobem na zr\u00f3wnowa\u017cony rozw\u00f3j bez szkody dla \u015brodowiska, czego dowodem ma by\u0107 nowy najbardziej wydajny laminat GORE-TEX\u00ae Pro w trzech wyspecjalizowanych wariantach.<\/p>\n\n\n\n<p>Na koniec znowu zacytujemy prezesa W. L. Gore:<\/p>\n\n\n\n<p>&#8222;<strong><em>Nasze zaanga\u017cowanie w zr\u00f3wnowa\u017cony rozw\u00f3j jest wyrazem polityki marki Gore<\/em><\/strong> &#8211; <strong><em>\u201eRazem ulepszajmy \u017cycie\u201d.<\/em><\/strong> <strong><em>Deklaracja ta jest dedykowana naszym wsp\u00f3\u0142pracownikom, klientom i wszystkim, kt\u00f3rzy codziennie korzystaj\u0105 z naszych produkt\u00f3w na ca\u0142ym \u015bwiec<\/em><\/strong><em><strong>ie&#8221;<\/strong><\/em> &#8211; Jason Field.<\/p>\n","protected":false},"excerpt":{"rendered":"<p>W sezonie jesie\u0144-zima 2020 wesz\u0142y nowe ods\u0142ony kultowej membrany GORE-TEX Pro, dowiedz si\u0119 o nich wi\u0119cej&#8230;<\/p>\n","protected":false},"author":28,"featured_media":15024,"comment_status":"open","ping_status":"open","sticky":false,"template":"","format":"standard","meta":{"_acf_changed":false,"footnotes":""},"categories":[5],"tags":[109,157,15],"magento_category":[],"magento_product":[],"class_list":["post-15018","post","type-post","status-publish","format-standard","has-post-thumbnail","hentry","category-branza","tag-gore-tex","tag-kurtki-gore-tex","tag-odziez"],"acf":[],"aioseo_notices":[],"aioseo_head":"\n\t\t<!-- All in One SEO 4.9.10 - aioseo.com -->\n\t<meta name=\"description\" content=\"Najpopularniejsza membrana GORE-TEX Pro wprowadza nowe technologie. Czym r\u00f3\u017cni\u0105 si\u0119 wersje Most Rugged, Most Breathable i Stretch i dlaczego s\u0105 lepsze od...\" \/>\n\t<meta name=\"robots\" content=\"max-image-preview:large\" \/>\n\t<meta name=\"author\" content=\"Angela Semczuk\"\/>\n\t<link rel=\"canonical\" href=\"https:\/\/www.skalnik.pl\/blog\/nowe-odslony-membrany-gore-tex-pro\/\" \/>\n\t<meta name=\"generator\" content=\"All in One SEO (AIOSEO) 4.9.10\" \/>\n\t\t<meta property=\"og:locale\" content=\"pl_PL\" \/>\n\t\t<meta property=\"og:site_name\" content=\"blog Skalnik - Blog, porady, artyku\u0142y - blog Skalnik\" \/>\n\t\t<meta property=\"og:type\" content=\"article\" \/>\n\t\t<meta property=\"og:title\" content=\"Nowe ods\u0142ony membrany GORE-TEX\u00ae Pro - blog Skalnik\" \/>\n\t\t<meta property=\"og:description\" content=\"Najpopularniejsza membrana GORE-TEX Pro wprowadza nowe technologie. Czym r\u00f3\u017cni\u0105 si\u0119 wersje Most Rugged, Most Breathable i Stretch i dlaczego s\u0105 lepsze od...\" \/>\n\t\t<meta property=\"og:url\" content=\"https:\/\/www.skalnik.pl\/blog\/nowe-odslony-membrany-gore-tex-pro\/\" \/>\n\t\t<meta property=\"og:image\" content=\"https:\/\/skalnik.pl\/blog\/wp-content\/uploads\/2020\/12\/img_COF_GT_GMT_PRO_SNO_CLB_2019_FrankKretschmann_01.Medium-1024x683.jpeg\" \/>\n\t\t<meta property=\"og:image:secure_url\" content=\"https:\/\/skalnik.pl\/blog\/wp-content\/uploads\/2020\/12\/img_COF_GT_GMT_PRO_SNO_CLB_2019_FrankKretschmann_01.Medium-1024x683.jpeg\" \/>\n\t\t<meta property=\"article:tag\" content=\"bran\u017ca\" \/>\n\t\t<meta property=\"article:tag\" content=\"gore-tex\" \/>\n\t\t<meta property=\"article:tag\" content=\"kurtki gore-tex\" \/>\n\t\t<meta property=\"article:tag\" content=\"odzie\u017c\" \/>\n\t\t<meta property=\"article:published_time\" content=\"2020-12-14T11:00:00+00:00\" \/>\n\t\t<meta property=\"article:modified_time\" content=\"2021-01-04T07:07:31+00:00\" \/>\n\t\t<meta name=\"twitter:card\" content=\"summary_large_image\" \/>\n\t\t<meta name=\"twitter:title\" content=\"Nowe ods\u0142ony membrany GORE-TEX\u00ae Pro - blog Skalnik\" \/>\n\t\t<meta name=\"twitter:description\" content=\"Najpopularniejsza membrana GORE-TEX Pro wprowadza nowe technologie. Czym r\u00f3\u017cni\u0105 si\u0119 wersje Most Rugged, Most Breathable i Stretch i dlaczego s\u0105 lepsze od...\" \/>\n\t\t<meta name=\"twitter:image\" content=\"https:\/\/skalnik.pl\/blog\/wp-content\/uploads\/2020\/12\/img_COF_GT_GMT_PRO_SNO_CLB_2019_FrankKretschmann_01.Medium-1024x683.jpeg\" \/>\n\t\t<script type=\"application\/ld+json\" class=\"aioseo-schema\">\n\t\t\t{\"@context\":\"https:\\\/\\\/schema.org\",\"@graph\":[{\"@type\":\"BlogPosting\",\"@id\":\"https:\\\/\\\/www.skalnik.pl\\\/blog\\\/nowe-odslony-membrany-gore-tex-pro\\\/#blogposting\",\"name\":\"Nowe ods\\u0142ony membrany GORE-TEX\\u00ae Pro - blog Skalnik\",\"headline\":\"Nowe ods\\u0142ony membrany GORE-TEX\\u00ae Pro\",\"author\":{\"@id\":\"https:\\\/\\\/www.skalnik.pl\\\/blog\\\/author\\\/angela-semczuk\\\/#author\"},\"publisher\":{\"@id\":\"https:\\\/\\\/www.skalnik.pl\\\/blog\\\/#organization\"},\"image\":{\"@type\":\"ImageObject\",\"url\":\"https:\\\/\\\/www.skalnik.pl\\\/blog\\\/wp-content\\\/uploads\\\/2020\\\/12\\\/img_COF_GT_GMT_PRO_SNO_MTN_2019_KlausFengler_62.HR_.Large_.jpeg\",\"width\":1920,\"height\":705,\"caption\":\"Robert Jasper podczas wspinaczki w Patagonii\"},\"datePublished\":\"2020-12-14T12:00:00+02:00\",\"dateModified\":\"2021-01-04T08:07:31+02:00\",\"inLanguage\":\"pl-PL\",\"mainEntityOfPage\":{\"@id\":\"https:\\\/\\\/www.skalnik.pl\\\/blog\\\/nowe-odslony-membrany-gore-tex-pro\\\/#webpage\"},\"isPartOf\":{\"@id\":\"https:\\\/\\\/www.skalnik.pl\\\/blog\\\/nowe-odslony-membrany-gore-tex-pro\\\/#webpage\"},\"articleSection\":\"Bran\\u017ca, gore-tex, kurtki gore-tex, odzie\\u017c\"},{\"@type\":\"BreadcrumbList\",\"@id\":\"https:\\\/\\\/www.skalnik.pl\\\/blog\\\/nowe-odslony-membrany-gore-tex-pro\\\/#breadcrumblist\",\"itemListElement\":[{\"@type\":\"ListItem\",\"@id\":\"https:\\\/\\\/www.skalnik.pl\\\/blog#listItem\",\"position\":1,\"name\":\"Home\",\"item\":\"https:\\\/\\\/www.skalnik.pl\\\/blog\",\"nextItem\":{\"@type\":\"ListItem\",\"@id\":\"https:\\\/\\\/www.skalnik.pl\\\/blog\\\/.\\\/branza\\\/#listItem\",\"name\":\"Bran\\u017ca\"}},{\"@type\":\"ListItem\",\"@id\":\"https:\\\/\\\/www.skalnik.pl\\\/blog\\\/.\\\/branza\\\/#listItem\",\"position\":2,\"name\":\"Bran\\u017ca\",\"item\":\"https:\\\/\\\/www.skalnik.pl\\\/blog\\\/.\\\/branza\\\/\",\"nextItem\":{\"@type\":\"ListItem\",\"@id\":\"https:\\\/\\\/www.skalnik.pl\\\/blog\\\/nowe-odslony-membrany-gore-tex-pro\\\/#listItem\",\"name\":\"Nowe ods\\u0142ony membrany GORE-TEX\\u00ae Pro\"},\"previousItem\":{\"@type\":\"ListItem\",\"@id\":\"https:\\\/\\\/www.skalnik.pl\\\/blog#listItem\",\"name\":\"Home\"}},{\"@type\":\"ListItem\",\"@id\":\"https:\\\/\\\/www.skalnik.pl\\\/blog\\\/nowe-odslony-membrany-gore-tex-pro\\\/#listItem\",\"position\":3,\"name\":\"Nowe ods\\u0142ony membrany GORE-TEX\\u00ae Pro\",\"previousItem\":{\"@type\":\"ListItem\",\"@id\":\"https:\\\/\\\/www.skalnik.pl\\\/blog\\\/.\\\/branza\\\/#listItem\",\"name\":\"Bran\\u017ca\"}}]},{\"@type\":\"Organization\",\"@id\":\"https:\\\/\\\/www.skalnik.pl\\\/blog\\\/#organization\",\"name\":\"blog Skalnik\",\"description\":\"Blog, porady, artyku\\u0142y - blog Skalnik\",\"url\":\"https:\\\/\\\/www.skalnik.pl\\\/blog\\\/\"},{\"@type\":\"Person\",\"@id\":\"https:\\\/\\\/www.skalnik.pl\\\/blog\\\/author\\\/angela-semczuk\\\/#author\",\"url\":\"https:\\\/\\\/www.skalnik.pl\\\/blog\\\/author\\\/angela-semczuk\\\/\",\"name\":\"Angela Semczuk\",\"image\":{\"@type\":\"ImageObject\",\"@id\":\"https:\\\/\\\/www.skalnik.pl\\\/blog\\\/nowe-odslony-membrany-gore-tex-pro\\\/#authorImage\",\"url\":\"https:\\\/\\\/secure.gravatar.com\\\/avatar\\\/2e35895ed566f66486e308460c0caf9f9fa2f4bd643a42453eb55d7aa3584457?s=96&d=mm&r=g\",\"width\":96,\"height\":96,\"caption\":\"Angela Semczuk\"}},{\"@type\":\"WebPage\",\"@id\":\"https:\\\/\\\/www.skalnik.pl\\\/blog\\\/nowe-odslony-membrany-gore-tex-pro\\\/#webpage\",\"url\":\"https:\\\/\\\/www.skalnik.pl\\\/blog\\\/nowe-odslony-membrany-gore-tex-pro\\\/\",\"name\":\"Nowe ods\\u0142ony membrany GORE-TEX\\u00ae Pro - blog Skalnik\",\"description\":\"Najpopularniejsza membrana GORE-TEX Pro wprowadza nowe technologie. Czym r\\u00f3\\u017cni\\u0105 si\\u0119 wersje Most Rugged, Most Breathable i Stretch i dlaczego s\\u0105 lepsze od...\",\"inLanguage\":\"pl-PL\",\"isPartOf\":{\"@id\":\"https:\\\/\\\/www.skalnik.pl\\\/blog\\\/#website\"},\"breadcrumb\":{\"@id\":\"https:\\\/\\\/www.skalnik.pl\\\/blog\\\/nowe-odslony-membrany-gore-tex-pro\\\/#breadcrumblist\"},\"author\":{\"@id\":\"https:\\\/\\\/www.skalnik.pl\\\/blog\\\/author\\\/angela-semczuk\\\/#author\"},\"creator\":{\"@id\":\"https:\\\/\\\/www.skalnik.pl\\\/blog\\\/author\\\/angela-semczuk\\\/#author\"},\"image\":{\"@type\":\"ImageObject\",\"url\":\"https:\\\/\\\/www.skalnik.pl\\\/blog\\\/wp-content\\\/uploads\\\/2020\\\/12\\\/img_COF_GT_GMT_PRO_SNO_MTN_2019_KlausFengler_62.HR_.Large_.jpeg\",\"@id\":\"https:\\\/\\\/www.skalnik.pl\\\/blog\\\/nowe-odslony-membrany-gore-tex-pro\\\/#mainImage\",\"width\":1920,\"height\":705,\"caption\":\"Robert Jasper podczas wspinaczki w Patagonii\"},\"primaryImageOfPage\":{\"@id\":\"https:\\\/\\\/www.skalnik.pl\\\/blog\\\/nowe-odslony-membrany-gore-tex-pro\\\/#mainImage\"},\"datePublished\":\"2020-12-14T12:00:00+02:00\",\"dateModified\":\"2021-01-04T08:07:31+02:00\"},{\"@type\":\"WebSite\",\"@id\":\"https:\\\/\\\/www.skalnik.pl\\\/blog\\\/#website\",\"url\":\"https:\\\/\\\/www.skalnik.pl\\\/blog\\\/\",\"name\":\"blog Skalnik\",\"description\":\"Blog, porady, artyku\\u0142y - blog Skalnik\",\"inLanguage\":\"pl-PL\",\"publisher\":{\"@id\":\"https:\\\/\\\/www.skalnik.pl\\\/blog\\\/#organization\"}}]}\n\t\t<\/script>\n\t\t<!-- All in One SEO -->\n\n","aioseo_head_json":{"title":"Nowe ods\u0142ony membrany GORE-TEX\u00ae Pro - blog Skalnik","description":"Najpopularniejsza membrana GORE-TEX Pro wprowadza nowe technologie. Czym r\u00f3\u017cni\u0105 si\u0119 wersje Most Rugged, Most Breathable i Stretch i dlaczego s\u0105 lepsze od...","canonical_url":"https:\/\/www.skalnik.pl\/blog\/nowe-odslony-membrany-gore-tex-pro\/","robots":"max-image-preview:large","keywords":"","webmasterTools":{"miscellaneous":""},"schema":{"@context":"https:\/\/schema.org","@graph":[{"@type":"BlogPosting","@id":"https:\/\/www.skalnik.pl\/blog\/nowe-odslony-membrany-gore-tex-pro\/#blogposting","name":"Nowe ods\u0142ony membrany GORE-TEX\u00ae Pro - blog Skalnik","headline":"Nowe ods\u0142ony membrany GORE-TEX\u00ae Pro","author":{"@id":"https:\/\/www.skalnik.pl\/blog\/author\/angela-semczuk\/#author"},"publisher":{"@id":"https:\/\/www.skalnik.pl\/blog\/#organization"},"image":{"@type":"ImageObject","url":"https:\/\/www.skalnik.pl\/blog\/wp-content\/uploads\/2020\/12\/img_COF_GT_GMT_PRO_SNO_MTN_2019_KlausFengler_62.HR_.Large_.jpeg","width":1920,"height":705,"caption":"Robert Jasper podczas wspinaczki w Patagonii"},"datePublished":"2020-12-14T12:00:00+02:00","dateModified":"2021-01-04T08:07:31+02:00","inLanguage":"pl-PL","mainEntityOfPage":{"@id":"https:\/\/www.skalnik.pl\/blog\/nowe-odslony-membrany-gore-tex-pro\/#webpage"},"isPartOf":{"@id":"https:\/\/www.skalnik.pl\/blog\/nowe-odslony-membrany-gore-tex-pro\/#webpage"},"articleSection":"Bran\u017ca, gore-tex, kurtki gore-tex, odzie\u017c"},{"@type":"BreadcrumbList","@id":"https:\/\/www.skalnik.pl\/blog\/nowe-odslony-membrany-gore-tex-pro\/#breadcrumblist","itemListElement":[{"@type":"ListItem","@id":"https:\/\/www.skalnik.pl\/blog#listItem","position":1,"name":"Home","item":"https:\/\/www.skalnik.pl\/blog","nextItem":{"@type":"ListItem","@id":"https:\/\/www.skalnik.pl\/blog\/.\/branza\/#listItem","name":"Bran\u017ca"}},{"@type":"ListItem","@id":"https:\/\/www.skalnik.pl\/blog\/.\/branza\/#listItem","position":2,"name":"Bran\u017ca","item":"https:\/\/www.skalnik.pl\/blog\/.\/branza\/","nextItem":{"@type":"ListItem","@id":"https:\/\/www.skalnik.pl\/blog\/nowe-odslony-membrany-gore-tex-pro\/#listItem","name":"Nowe ods\u0142ony membrany GORE-TEX\u00ae Pro"},"previousItem":{"@type":"ListItem","@id":"https:\/\/www.skalnik.pl\/blog#listItem","name":"Home"}},{"@type":"ListItem","@id":"https:\/\/www.skalnik.pl\/blog\/nowe-odslony-membrany-gore-tex-pro\/#listItem","position":3,"name":"Nowe ods\u0142ony membrany GORE-TEX\u00ae Pro","previousItem":{"@type":"ListItem","@id":"https:\/\/www.skalnik.pl\/blog\/.\/branza\/#listItem","name":"Bran\u017ca"}}]},{"@type":"Organization","@id":"https:\/\/www.skalnik.pl\/blog\/#organization","name":"blog Skalnik","description":"Blog, porady, artyku\u0142y - blog Skalnik","url":"https:\/\/www.skalnik.pl\/blog\/"},{"@type":"Person","@id":"https:\/\/www.skalnik.pl\/blog\/author\/angela-semczuk\/#author","url":"https:\/\/www.skalnik.pl\/blog\/author\/angela-semczuk\/","name":"Angela Semczuk","image":{"@type":"ImageObject","@id":"https:\/\/www.skalnik.pl\/blog\/nowe-odslony-membrany-gore-tex-pro\/#authorImage","url":"https:\/\/secure.gravatar.com\/avatar\/2e35895ed566f66486e308460c0caf9f9fa2f4bd643a42453eb55d7aa3584457?s=96&d=mm&r=g","width":96,"height":96,"caption":"Angela Semczuk"}},{"@type":"WebPage","@id":"https:\/\/www.skalnik.pl\/blog\/nowe-odslony-membrany-gore-tex-pro\/#webpage","url":"https:\/\/www.skalnik.pl\/blog\/nowe-odslony-membrany-gore-tex-pro\/","name":"Nowe ods\u0142ony membrany GORE-TEX\u00ae Pro - blog Skalnik","description":"Najpopularniejsza membrana GORE-TEX Pro wprowadza nowe technologie. Czym r\u00f3\u017cni\u0105 si\u0119 wersje Most Rugged, Most Breathable i Stretch i dlaczego s\u0105 lepsze od...","inLanguage":"pl-PL","isPartOf":{"@id":"https:\/\/www.skalnik.pl\/blog\/#website"},"breadcrumb":{"@id":"https:\/\/www.skalnik.pl\/blog\/nowe-odslony-membrany-gore-tex-pro\/#breadcrumblist"},"author":{"@id":"https:\/\/www.skalnik.pl\/blog\/author\/angela-semczuk\/#author"},"creator":{"@id":"https:\/\/www.skalnik.pl\/blog\/author\/angela-semczuk\/#author"},"image":{"@type":"ImageObject","url":"https:\/\/www.skalnik.pl\/blog\/wp-content\/uploads\/2020\/12\/img_COF_GT_GMT_PRO_SNO_MTN_2019_KlausFengler_62.HR_.Large_.jpeg","@id":"https:\/\/www.skalnik.pl\/blog\/nowe-odslony-membrany-gore-tex-pro\/#mainImage","width":1920,"height":705,"caption":"Robert Jasper podczas wspinaczki w Patagonii"},"primaryImageOfPage":{"@id":"https:\/\/www.skalnik.pl\/blog\/nowe-odslony-membrany-gore-tex-pro\/#mainImage"},"datePublished":"2020-12-14T12:00:00+02:00","dateModified":"2021-01-04T08:07:31+02:00"},{"@type":"WebSite","@id":"https:\/\/www.skalnik.pl\/blog\/#website","url":"https:\/\/www.skalnik.pl\/blog\/","name":"blog Skalnik","description":"Blog, porady, artyku\u0142y - blog Skalnik","inLanguage":"pl-PL","publisher":{"@id":"https:\/\/www.skalnik.pl\/blog\/#organization"}}]},"og:locale":"pl_PL","og:site_name":"blog Skalnik - Blog, porady, artyku\u0142y - blog Skalnik","og:type":"article","og:title":"Nowe ods\u0142ony membrany GORE-TEX\u00ae Pro - blog Skalnik","og:description":"Najpopularniejsza membrana GORE-TEX Pro wprowadza nowe technologie. Czym r\u00f3\u017cni\u0105 si\u0119 wersje Most Rugged, Most Breathable i Stretch i dlaczego s\u0105 lepsze od...","og:url":"https:\/\/www.skalnik.pl\/blog\/nowe-odslony-membrany-gore-tex-pro\/","og:image":"https:\/\/skalnik.pl\/blog\/wp-content\/uploads\/2020\/12\/img_COF_GT_GMT_PRO_SNO_CLB_2019_FrankKretschmann_01.Medium-1024x683.jpeg","og:image:secure_url":"https:\/\/skalnik.pl\/blog\/wp-content\/uploads\/2020\/12\/img_COF_GT_GMT_PRO_SNO_CLB_2019_FrankKretschmann_01.Medium-1024x683.jpeg","article:tag":["bran\u017ca","gore-tex","kurtki gore-tex","odzie\u017c"],"article:published_time":"2020-12-14T11:00:00+00:00","article:modified_time":"2021-01-04T07:07:31+00:00","twitter:card":"summary_large_image","twitter:title":"Nowe ods\u0142ony membrany GORE-TEX\u00ae Pro - blog Skalnik","twitter:description":"Najpopularniejsza membrana GORE-TEX Pro wprowadza nowe technologie. Czym r\u00f3\u017cni\u0105 si\u0119 wersje Most Rugged, Most Breathable i Stretch i dlaczego s\u0105 lepsze od...","twitter:image":"https:\/\/skalnik.pl\/blog\/wp-content\/uploads\/2020\/12\/img_COF_GT_GMT_PRO_SNO_CLB_2019_FrankKretschmann_01.Medium-1024x683.jpeg"},"aioseo_meta_data":{"post_id":"15018","title":"","description":"Najpopularniejsza membrana GORE-TEX Pro wprowadza nowe technologie. Czym r\u00f3\u017cni\u0105 si\u0119 wersje Most Rugged, Most Breathable i Stretch i dlaczego s\u0105 lepsze od...","keywords":[{"label":"gore-tex","value":"gore-tex"},{"label":"gore-tex pro","value":"gore-tex pro"},{"label":"najlepsza membrana","value":"najlepsza membrana"},{"label":"most rugged","value":"most rugged"},{"label":"most breathable","value":"most breathable"}],"keyphrases":null,"primary_term":null,"canonical_url":"","og_title":null,"og_description":null,"og_object_type":"default","og_image_type":"default","og_image_url":null,"og_image_width":null,"og_image_height":null,"og_image_custom_url":null,"og_image_custom_fields":null,"og_video":null,"og_custom_url":null,"og_article_section":null,"og_article_tags":null,"twitter_use_og":false,"twitter_card":"default","twitter_image_type":"default","twitter_image_url":null,"twitter_image_custom_url":null,"twitter_image_custom_fields":null,"twitter_title":null,"twitter_description":null,"schema":{"blockGraphs":[],"customGraphs":[],"default":{"data":{"Article":[],"Course":[],"Dataset":[],"FAQPage":[],"Movie":[],"Person":[],"Product":[],"ProductReview":[],"Car":[],"Recipe":[],"Service":[],"SoftwareApplication":[],"WebPage":[]},"graphName":"BlogPosting","isEnabled":true},"graphs":[]},"schema_type":"default","schema_type_options":null,"pillar_content":false,"robots_default":true,"robots_noindex":false,"robots_noarchive":false,"robots_nosnippet":false,"robots_nofollow":false,"robots_noimageindex":false,"robots_noodp":false,"robots_notranslate":false,"robots_max_snippet":null,"robots_max_videopreview":null,"robots_max_imagepreview":"large","priority":null,"frequency":null,"local_seo":null,"breadcrumb_settings":null,"limit_modified_date":false,"ai":null,"created":"2022-08-26 10:28:58","updated":"2026-02-17 22:01:19","seo_analyzer_scan_date":null},"aioseo_breadcrumb":"<div class=\"aioseo-breadcrumbs\"><span class=\"aioseo-breadcrumb\">\n\t\t\t<a href=\"https:\/\/www.skalnik.pl\/blog\" title=\"Home\">Home<\/a>\n\t\t<\/span><span class=\"aioseo-breadcrumb-separator\">&raquo;<\/span><span class=\"aioseo-breadcrumb\">\n\t\t\t<a href=\"https:\/\/www.skalnik.pl\/blog\/.\/branza\/\" title=\"Bran\u017ca\">Bran\u017ca<\/a>\n\t\t<\/span><span class=\"aioseo-breadcrumb-separator\">&raquo;<\/span><span class=\"aioseo-breadcrumb\">\n\t\t\tNowe ods\u0142ony membrany GORE-TEX\u00ae Pro\n\t\t<\/span><\/div>","aioseo_breadcrumb_json":[{"label":"Home","link":"https:\/\/www.skalnik.pl\/blog"},{"label":"Bran\u017ca","link":"https:\/\/www.skalnik.pl\/blog\/.\/branza\/"},{"label":"Nowe ods\u0142ony membrany GORE-TEX\u00ae Pro","link":"https:\/\/www.skalnik.pl\/blog\/nowe-odslony-membrany-gore-tex-pro\/"}],"_links":{"self":[{"href":"https:\/\/www.skalnik.pl\/blog\/wp-json\/wp\/v2\/posts\/15018","targetHints":{"allow":["GET"]}}],"collection":[{"href":"https:\/\/www.skalnik.pl\/blog\/wp-json\/wp\/v2\/posts"}],"about":[{"href":"https:\/\/www.skalnik.pl\/blog\/wp-json\/wp\/v2\/types\/post"}],"author":[{"embeddable":true,"href":"https:\/\/www.skalnik.pl\/blog\/wp-json\/wp\/v2\/users\/28"}],"replies":[{"embeddable":true,"href":"https:\/\/www.skalnik.pl\/blog\/wp-json\/wp\/v2\/comments?post=15018"}],"version-history":[{"count":8,"href":"https:\/\/www.skalnik.pl\/blog\/wp-json\/wp\/v2\/posts\/15018\/revisions"}],"predecessor-version":[{"id":15329,"href":"https:\/\/www.skalnik.pl\/blog\/wp-json\/wp\/v2\/posts\/15018\/revisions\/15329"}],"wp:featuredmedia":[{"embeddable":true,"href":"https:\/\/www.skalnik.pl\/blog\/wp-json\/wp\/v2\/media\/15024"}],"wp:attachment":[{"href":"https:\/\/www.skalnik.pl\/blog\/wp-json\/wp\/v2\/media?parent=15018"}],"wp:term":[{"taxonomy":"category","embeddable":true,"href":"https:\/\/www.skalnik.pl\/blog\/wp-json\/wp\/v2\/categories?post=15018"},{"taxonomy":"post_tag","embeddable":true,"href":"https:\/\/www.skalnik.pl\/blog\/wp-json\/wp\/v2\/tags?post=15018"},{"taxonomy":"magento_category","embeddable":true,"href":"https:\/\/www.skalnik.pl\/blog\/wp-json\/wp\/v2\/magento_category?post=15018"},{"taxonomy":"magento_product","embeddable":true,"href":"https:\/\/www.skalnik.pl\/blog\/wp-json\/wp\/v2\/magento_product?post=15018"}],"curies":[{"name":"wp","href":"https:\/\/api.w.org\/{rel}","templated":true}]}}