{"id":15116,"date":"2020-12-23T07:46:00","date_gmt":"2020-12-23T06:46:00","guid":{"rendered":"https:\/\/skalnik.pl\/blog\/?p=15116"},"modified":"2022-08-04T09:29:58","modified_gmt":"2022-08-04T07:29:58","slug":"kurtka-przeciwwiatrowa-jak-wybrac","status":"publish","type":"post","link":"https:\/\/www.skalnik.pl\/blog\/kurtka-przeciwwiatrowa-jak-wybrac\/","title":{"rendered":"Kurtka przeciwwiatrowa \u2013 jak wybra\u0107?"},"content":{"rendered":"\n<p><strong>Osoby zaczynaj\u0105ce g\u00f3rsk\u0105 przygod\u0119 zazwyczaj najbardziej obawiaj\u0105 si\u0119 deszczu. Bardziej zaprawieni tury\u015bci wiedz\u0105 jednak, \u017ce niejednokrotnie to wiatr jest gro\u017aniejszym przeciwnikiem. Dlatego te\u017c ka\u017cdemu mi\u0142o\u015bnikowi g\u00f3r przyda si\u0119 kurtka przeciwwiatrowa. Jak j\u0105 wybra\u0107?<\/strong><\/p>\n\n\n\n<p>Outdoorowy rynek przypomina cz\u0119sto przeci\u0105ganie liny mi\u0119dzy uniwersalnym rozwi\u0105zaniami a odzie\u017c\u0105 dedykowan\u0105 na konkretne sytuacje. Hardshell, czyli kurtka z membran\u0105, to kurtka przeciwdeszczowa i przeciwwiatrowa, kt\u00f3ra niejednokrotnie zapewni odpowiedni\u0105 ochron\u0119. Ulewa, m\u017cawka, ch\u0142odny i wilgotny dzie\u0144 \u2013 w takich przypadkach hardshell zabezpieczy ci\u0119 przed przemokni\u0119ciem i zimnem.<\/p>\n\n\n\n<p>Je\u015bli jednak zastanowisz si\u0119 dok\u0142adnie nad swoimi g\u00f3rskimi wyprawami, to stwierdzisz zapewne, \u017ce deszczowe dni nale\u017ca\u0142y do rzadko\u015bci. Cz\u0119sto natomiast, nawet w ciep\u0142e dni, trzeba by\u0142o walczy\u0107 z silnym wiatrem na grani. W taki ciep\u0142y i suchy, ale wietrzny dzie\u0144, hardshell b\u0119dzie zazwyczaj zbyt pancern\u0105 ochron\u0105. Nawet najlepsza membrana ogranicza bowiem oddychalno\u015b\u0107. Dlatego te\u017c na outdoorowym rynku znajdziesz specjalne kurtki przeciwwiatrowe, kt\u00f3re chroni\u0105 przed silnymi podmuchami wiatru, nie ograniczaj\u0105c jednocze\u015bnie tak mocno odprowadzania potu na zewn\u0105trz.<\/p>\n\n\n\n<div class=\"wp-block-image\"><figure class=\"aligncenter size-large\"><img loading=\"lazy\" decoding=\"async\" width=\"600\" height=\"600\" src=\"https:\/\/skalnik.pl\/blog\/wp-content\/uploads\/2020\/12\/Kurtka-przeciwwiatrowa-w-g\u00f3ry.jpg\" alt=\"Kurtka GORE-TEX w g\u00f3ry\" class=\"wp-image-15124\" srcset=\"https:\/\/www.skalnik.pl\/blog\/wp-content\/uploads\/2020\/12\/Kurtka-przeciwwiatrowa-w-g\u00f3ry.jpg 600w, https:\/\/www.skalnik.pl\/blog\/wp-content\/uploads\/2020\/12\/Kurtka-przeciwwiatrowa-w-g\u00f3ry-300x300.jpg 300w\" sizes=\"auto, (max-width: 600px) 100vw, 600px\" \/><figcaption><em>W g\u00f3rach nawet w s\u0142oneczny dzie\u0144 mo\u017ce wia\u0107 silny wiatr (fot. GORE-TEX)<\/em><\/figcaption><\/figure><\/div>\n\n\n\n<div id=\"ez-toc-container\" class=\"ez-toc-v2_0_85 counter-hierarchy ez-toc-counter ez-toc-light-blue ez-toc-container-direction\">\n<div class=\"ez-toc-title-container\">\n<p class=\"ez-toc-title\" style=\"cursor:inherit\">SPIS TRE\u015aCI <\/p>\n<span class=\"ez-toc-title-toggle\"><a href=\"#\" class=\"ez-toc-pull-right ez-toc-btn ez-toc-btn-xs ez-toc-btn-default ez-toc-toggle\" aria-label=\"Prze\u0142\u0105cznik Spisu Tre\u015bci\"><span class=\"ez-toc-js-icon-con\"><span class=\"\"><span class=\"eztoc-hide\" style=\"display:none;\">Toggle<\/span><span class=\"ez-toc-icon-toggle-span\"><svg style=\"fill: #999;color:#999\" xmlns=\"http:\/\/www.w3.org\/2000\/svg\" class=\"list-377408\" width=\"20px\" height=\"20px\" viewBox=\"0 0 24 24\" fill=\"none\"><path d=\"M6 6H4v2h2V6zm14 0H8v2h12V6zM4 11h2v2H4v-2zm16 0H8v2h12v-2zM4 16h2v2H4v-2zm16 0H8v2h12v-2z\" fill=\"currentColor\"><\/path><\/svg><svg style=\"fill: #999;color:#999\" class=\"arrow-unsorted-368013\" xmlns=\"http:\/\/www.w3.org\/2000\/svg\" width=\"10px\" height=\"10px\" viewBox=\"0 0 24 24\" version=\"1.2\" baseProfile=\"tiny\"><path d=\"M18.2 9.3l-6.2-6.3-6.2 6.3c-.2.2-.3.4-.3.7s.1.5.3.7c.2.2.4.3.7.3h11c.3 0 .5-.1.7-.3.2-.2.3-.5.3-.7s-.1-.5-.3-.7zM5.8 14.7l6.2 6.3 6.2-6.3c.2-.2.3-.5.3-.7s-.1-.5-.3-.7c-.2-.2-.4-.3-.7-.3h-11c-.3 0-.5.1-.7.3-.2.2-.3.5-.3.7s.1.5.3.7z\"\/><\/svg><\/span><\/span><\/span><\/a><\/span><\/div>\n<nav><ul class='ez-toc-list ez-toc-list-level-1 ' ><li class='ez-toc-page-1 ez-toc-heading-level-2'><a class=\"ez-toc-link ez-toc-heading-1\" href=\"https:\/\/www.skalnik.pl\/blog\/kurtka-przeciwwiatrowa-jak-wybrac\/#Jakie_kurtki_przeciwwiatrowe_mozesz_wybrac\" >Jakie kurtki przeciwwiatrowe mo\u017cesz wybra\u0107?<\/a><ul class='ez-toc-list-level-3' ><li class='ez-toc-heading-level-3'><a class=\"ez-toc-link ez-toc-heading-2\" href=\"https:\/\/www.skalnik.pl\/blog\/kurtka-przeciwwiatrowa-jak-wybrac\/#Wiatrowka_na_cieple_i_zimne_dni\" >Wiatr\u00f3wka na ciep\u0142e i zimne dni<\/a><\/li><li class='ez-toc-page-1 ez-toc-heading-level-3'><a class=\"ez-toc-link ez-toc-heading-3\" href=\"https:\/\/www.skalnik.pl\/blog\/kurtka-przeciwwiatrowa-jak-wybrac\/#Elastyczny_softshell_chroniacy_przed_wiatrem_i_chlodem\" >Elastyczny softshell chroni\u0105cy przed wiatrem i ch\u0142odem<\/a><\/li><li class='ez-toc-page-1 ez-toc-heading-level-3'><a class=\"ez-toc-link ez-toc-heading-4\" href=\"https:\/\/www.skalnik.pl\/blog\/kurtka-przeciwwiatrowa-jak-wybrac\/#Softshell_z_membrana_%E2%80%93_wiatroszczelnosc_na_100\" >Softshell z membran\u0105 \u2013 wiatroszczelno\u015b\u0107 na 100%<\/a><\/li><li class='ez-toc-page-1 ez-toc-heading-level-3'><a class=\"ez-toc-link ez-toc-heading-5\" href=\"https:\/\/www.skalnik.pl\/blog\/kurtka-przeciwwiatrowa-jak-wybrac\/#Ultralekkie_wiatrowki_dla_biegaczy\" >Ultralekkie wiatr\u00f3wki dla biegaczy<\/a><\/li><\/ul><\/li><li class='ez-toc-page-1 ez-toc-heading-level-2'><a class=\"ez-toc-link ez-toc-heading-6\" href=\"https:\/\/www.skalnik.pl\/blog\/kurtka-przeciwwiatrowa-jak-wybrac\/#Jak_powinna_byc_zbudowana_kurtka_wiatroszczelna\" >Jak powinna by\u0107 zbudowana kurtka wiatroszczelna?<\/a><\/li><li class='ez-toc-page-1 ez-toc-heading-level-2'><a class=\"ez-toc-link ez-toc-heading-7\" href=\"https:\/\/www.skalnik.pl\/blog\/kurtka-przeciwwiatrowa-jak-wybrac\/#Jaka_membrane_moze_posiadac_kurtka_przeciwwiatrowa\" >Jak\u0105 membran\u0119 mo\u017ce posiada\u0107 kurtka przeciwwiatrowa?<\/a><\/li><\/ul><\/nav><\/div>\n<h2 class=\"wp-block-heading\"><span class=\"ez-toc-section\" id=\"Jakie_kurtki_przeciwwiatrowe_mozesz_wybrac\"><\/span>Jakie kurtki przeciwwiatrowe mo\u017cesz wybra\u0107?<span class=\"ez-toc-section-end\"><\/span><\/h2>\n\n\n\n<p>Kurtki wiatroszczelne to do\u015b\u0107 szeroka kategoria odzie\u017cy, dzi\u0119ki czemu ka\u017cdy mo\u017ce dobra\u0107 rozwi\u0105zanie do swoich potrzeb. Co oferuj\u0105 outdoorowe marki?<\/p>\n\n\n\n<h3 class=\"wp-block-heading\"><span class=\"ez-toc-section\" id=\"Wiatrowka_na_cieple_i_zimne_dni\"><\/span>Wiatr\u00f3wka na ciep\u0142e i zimne dni<span class=\"ez-toc-section-end\"><\/span><\/h3>\n\n\n\n<p>Najprostszym rozwi\u0105zaniem chroni\u0105cym przed wiatrem jest wiatr\u00f3wka. Taka kurtka niczego nie udaje: os\u0142ania przed wiatrem i tyle. Nie zapewnia natomiast izolacji przed ch\u0142odem. Paradoksalnie dzi\u0119ki temu taka kurtka przeciwwiatrowa jest uniwersalnym rozwi\u0105zaniem na r\u00f3\u017cne pory roku. W ciep\u0142e, ale wietrzne dni, wiatr\u00f3wk\u0119 narzucisz na sam\u0105 koszulk\u0119 z kr\u00f3tkim r\u0119kawem. W zimniejsze dni pod kurtk\u0119 za\u0142o\u017cysz natomiast warstwy lepiej chroni\u0105ce przed zimnem, czyli np. bielizn\u0119 termiczn\u0105 i polar. Bardzo lekka wiatr\u00f3wka sprawdzi si\u0119 te\u017c dobrze jako kurtka przeciwwiatrowa na rower.<\/p>\n\n\n\n<div class=\"wp-block-image\"><figure class=\"aligncenter size-large\"><img loading=\"lazy\" decoding=\"async\" width=\"1024\" height=\"768\" src=\"https:\/\/skalnik.pl\/blog\/wp-content\/uploads\/2020\/12\/Wiatr\u00f3wka-Marmot-Trail-Wind.png\" alt=\"Wiatr\u00f3wka Marmot Trail Wind\" class=\"wp-image-15130\" srcset=\"https:\/\/www.skalnik.pl\/blog\/wp-content\/uploads\/2020\/12\/Wiatr\u00f3wka-Marmot-Trail-Wind.png 1024w, https:\/\/www.skalnik.pl\/blog\/wp-content\/uploads\/2020\/12\/Wiatr\u00f3wka-Marmot-Trail-Wind-300x225.png 300w, https:\/\/www.skalnik.pl\/blog\/wp-content\/uploads\/2020\/12\/Wiatr\u00f3wka-Marmot-Trail-Wind-768x576.png 768w\" sizes=\"auto, (max-width: 1024px) 100vw, 1024px\" \/><figcaption><em>Lekk\u0105 i oddychaj\u0105c\u0105 wiatr\u00f3wk\u0119 bez problemu zabierzesz na ka\u017cdy wyjazd (fot. Marmot)<\/em><\/figcaption><\/figure><\/div>\n\n\n\n<p>Wiatr\u00f3wka zapewnia bardzo dobr\u0105 oddychalno\u015b\u0107, wi\u0119c nie musisz si\u0119 obawia\u0107 uczucia zimnego kompresu, kiedy po szybkim podej\u015bciu staniesz na wietrznej grani. Tego typu kurtka przeciwwiatrowa damska lub m\u0119ska nie zajmuje te\u017c wiele miejsca w plecaku i bardzo szybko schnie.<\/p>\n\n\n\n<p>Wybieraj\u0105c wiatr\u00f3wk\u0119 dla siebie, zwr\u00f3\u0107 uwag\u0119, czy materia\u0142, z kt\u00f3rego wykonano dany model, zapewnia odpowiedni\u0105 wytrzyma\u0142o\u015b\u0107.<\/p>\n\n\n\n<h3 class=\"wp-block-heading\"><span class=\"ez-toc-section\" id=\"Elastyczny_softshell_chroniacy_przed_wiatrem_i_chlodem\"><\/span>Elastyczny softshell chroni\u0105cy przed wiatrem i ch\u0142odem<span class=\"ez-toc-section-end\"><\/span><\/h3>\n\n\n\n<p><a href=\"https:\/\/skalnik.pl\/odziez\/softshell\" target=\"_blank\" rel=\"noreferrer noopener\">Softshell<\/a> powsta\u0142 w kontrze do tradycyjnych kurtek z membran\u0105, czyli hardshelli. Klasyczny softshell zapewnia wi\u0119c bardzo dobr\u0105 oddychalno\u015b\u0107, swobod\u0119 ruch\u00f3w oraz ochron\u0119 przed wiatrem, ale nie os\u0142ania przed deszczem. Co prawda softshelle s\u0105 pokryte hydrofobow\u0105 pow\u0142ok\u0105 DWR, ale ona zapewni wystarczaj\u0105c\u0105 ochron\u0119 jedynie w razie kr\u00f3tkiego opadu.<\/p>\n\n\n\n<p>Zazwyczaj softshell sk\u0142ada si\u0119 z dw\u00f3ch warstw: mi\u0119kkiego fleecu chroni\u0105cego przed ch\u0142odem oraz g\u0119sto tkanej warstwy zewn\u0119trznej. To w\u0142a\u015bnie ona nie pozwala zimnym podmuchom wiatru przenikn\u0105\u0107 przez odzie\u017c do twojego cia\u0142a.<\/p>\n\n\n\n<p>Dzi\u0119ki wewn\u0119trznej warstwie fleecu softshell sprawdzi si\u0119 jako kurtka przeciwwiatrowa tak\u017ce w ch\u0142odniejsze dni. Je\u015bli potrzebna jest ci kurtka przeciwwiatrowa na rower na jesienne dni, odzie\u017c na trekkingi w porach przej\u015bciowych czy te\u017c warstwa na skitoury, softshell mo\u017ce by\u0107 w\u0142a\u015bnie tym, czego szukasz.<\/p>\n\n\n\n<p>Pakownym i bardzo lekkim softshellem chroni\u0105cym przed wiatrem jest np. Rab Borealis. Je\u015bli jednak szukasz softshella na ch\u0142odniejsze jesienne dni lub wr\u0119cz zimowe wypady, wybierz model z grubszym materia\u0142em, a najlepiej te podszyte materia\u0142em fleece.<\/p>\n\n\n\n<iframe loading=\"lazy\" src=\"https:\/\/www.youtube.com\/embed\/60Cq4xM1z_0\" allow=\"accelerometer; autoplay; clipboard-write; encrypted-media; gyroscope; picture-in-picture\" allowfullscreen=\"\" width=\"800\" height=\"442\" frameborder=\"0\"><\/iframe>\n\n\n\n<h3 class=\"wp-block-heading\"><span class=\"ez-toc-section\" id=\"Softshell_z_membrana_%E2%80%93_wiatroszczelnosc_na_100\"><\/span>Softshell z membran\u0105 \u2013 wiatroszczelno\u015b\u0107 na 100%<span class=\"ez-toc-section-end\"><\/span><\/h3>\n\n\n\n<p>Je\u015bli potrzebna jest ci kurtka przeciwwiatrowa damska lub m\u0119ska, kt\u00f3ra b\u0119dzie ca\u0142kiem wiatroszczelna, zwr\u00f3\u0107 uwag\u0119 na softshelle z membran\u0105. Jak one dzia\u0142aj\u0105?<\/p>\n\n\n\n<p>Tego typu softshelle posiadaj\u0105 membran\u0119 pomi\u0119dzy elastyczn\u0105 warstw\u0105 zewn\u0119trzn\u0105 a wewn\u0119trznym materia\u0142em. G\u0142\u00f3wnym zadaniem tej membrany nie jest jednak ochrona przed deszczem (jak w przypadku hardshelli), a os\u0142ona przed wiatrem. Dzi\u0119ki temu softshell z membran\u0105 mo\u017ce by\u0107 prawie ca\u0142kowicie nieprzewiewny.<\/p>\n\n\n\n<p>Takie kurtki wiatroszczelne stawi\u0105 czo\u0142a nawet bardzo silnym wiatrom na grani. Musisz jednak pami\u0119ta\u0107, \u017ce softshell z membran\u0105 b\u0119dzie nieco ci\u0119\u017cszy i mniej oddychaj\u0105cy od klasycznego softshella.<\/p>\n\n\n\n<p>Mimo \u017ce membrana w softshellach nie chroni tak dobrze przed wod\u0105 jak ta, kt\u00f3ra jest u\u017cywana w hardshellach, to softshell z membran\u0105 da ci pewn\u0105 ochron\u0119 przed opadami. Tego typu model mo\u017ce by\u0107 wi\u0119c u\u017cywany jako kurtka przeciwdeszczowa i przeciwwiatrowa.<\/p>\n\n\n\n<p>Wybieraj\u0105c model dla siebie, sprawd\u017a, jak\u0105 dok\u0142adnie membran\u0119 posiada kurtka przeciwwiatrowa. W dalszej cz\u0119\u015bci artyku\u0142u przedstawiam najwa\u017cniejsze membrany wiatroszczelne.<\/p>\n\n\n\n<div class=\"wp-block-image\"><figure class=\"aligncenter size-large\"><img loading=\"lazy\" decoding=\"async\" width=\"768\" height=\"1024\" src=\"https:\/\/skalnik.pl\/blog\/wp-content\/uploads\/2020\/12\/Kurtka-Marmot-Rom-768x1024.jpg\" alt=\"Softshell Marmot Rom\" class=\"wp-image-15128\" srcset=\"https:\/\/www.skalnik.pl\/blog\/wp-content\/uploads\/2020\/12\/Kurtka-Marmot-Rom-768x1024.jpg 768w, https:\/\/www.skalnik.pl\/blog\/wp-content\/uploads\/2020\/12\/Kurtka-Marmot-Rom-225x300.jpg 225w, https:\/\/www.skalnik.pl\/blog\/wp-content\/uploads\/2020\/12\/Kurtka-Marmot-Rom.jpg 1024w\" sizes=\"auto, (max-width: 768px) 100vw, 768px\" \/><figcaption><em>Softshell z membran\u0105 zapewni ca\u0142kowit\u0105 nieprzewiewno\u015b\u0107 (fot. Marmot)<\/em><\/figcaption><\/figure><\/div>\n\n\n\n<h3 class=\"wp-block-heading\"><span class=\"ez-toc-section\" id=\"Ultralekkie_wiatrowki_dla_biegaczy\"><\/span>Ultralekkie wiatr\u00f3wki dla biegaczy<span class=\"ez-toc-section-end\"><\/span><\/h3>\n\n\n\n<p>Biegacze zazwyczaj unikaj\u0105 kurtek. Je\u015bli jednak ju\u017c musz\u0105 j\u0105 za\u0142o\u017cy\u0107, to w razie bardzo silnego wiatru postawi\u0105 zazwyczaj na ultralekkie wiatr\u00f3wki stworzone specjalnie z my\u015bl\u0105 o nich.<\/p>\n\n\n\n<p>Taka kurtka przeciwwiatrowa nie chroni oczywi\u015bcie przed deszczem. Jest za to lekka i mo\u017cna ja zwin\u0105\u0107 w bardzo ma\u0142y pakunek, kt\u00f3ry zmie\u015bci si\u0119 nawet w kieszeni.<\/p>\n\n\n\n<p>Tego typu kurtki przeciwwiatrowe sprawdz\u0105 si\u0119 dobrze na treningach czy te\u017c zawodach biegowych w g\u00f3rach, kiedy liczysz ka\u017cdy gram, ale jednak obawiasz si\u0119 przewiania na grani.<\/p>\n\n\n\n<h2 class=\"wp-block-heading\"><span class=\"ez-toc-section\" id=\"Jak_powinna_byc_zbudowana_kurtka_wiatroszczelna\"><\/span>Jak powinna by\u0107 zbudowana kurtka wiatroszczelna?<span class=\"ez-toc-section-end\"><\/span><\/h2>\n\n\n\n<p>Niezale\u017cnie od tego, na jakie rozwi\u0105zanie ostatecznie postawisz, zwr\u00f3\u0107 uwag\u0119 na kilka detali w budowie, dzi\u0119ki kt\u00f3rym kurtka przeciwwiatrowa damska lub m\u0119ska jeszcze lepiej os\u0142oni ci\u0119 przed zimnymi podmuchami:<\/p>\n\n\n\n<ul class=\"wp-block-list\"><li><strong>Przed\u0142u\u017cony ty\u0142<\/strong> \u2013 ochroni przed przewianiem twoje plecy.<\/li><li><strong>\u015aci\u0105gacze u do\u0142u kurtki<\/strong> \u2013 zabezpiecz\u0105 przed podwiewaniem odzie\u017cy.<\/li><li><strong>Spos\u00f3b uszycia r\u0119kaw\u00f3w<\/strong> \u2013 powinny by\u0107 wykonane tak, by przy podnoszeniu r\u0105k do g\u00f3ry kurtka nie podnosi\u0142a si\u0119 razem z nimi.<\/li><li><strong>Kaptur<\/strong> \u2013 sprawd\u017a, czy swobodnie zmie\u015bcisz pod niego kask oraz czy mo\u017cna go wygodnie wyregulowa\u0107 \u015bci\u0105gaczami.<\/li><\/ul>\n\n\n\n<div class=\"wp-block-image\"><figure class=\"aligncenter size-large\"><img loading=\"lazy\" decoding=\"async\" width=\"1024\" height=\"952\" src=\"https:\/\/skalnik.pl\/blog\/wp-content\/uploads\/2020\/12\/Kurtka-przeciwwiatrowa-na-rower.jpg\" alt=\"Kurtka przeciwwiatrowa na rower\" class=\"wp-image-15122\" srcset=\"https:\/\/www.skalnik.pl\/blog\/wp-content\/uploads\/2020\/12\/Kurtka-przeciwwiatrowa-na-rower.jpg 1024w, https:\/\/www.skalnik.pl\/blog\/wp-content\/uploads\/2020\/12\/Kurtka-przeciwwiatrowa-na-rower-300x279.jpg 300w, https:\/\/www.skalnik.pl\/blog\/wp-content\/uploads\/2020\/12\/Kurtka-przeciwwiatrowa-na-rower-768x714.jpg 768w\" sizes=\"auto, (max-width: 1024px) 100vw, 1024px\" \/><figcaption><em>Na rower tak\u017ce przyda si\u0119 kurtka chroni\u0105ca przed przewianiem (fot. Dynafit)<\/em><\/figcaption><\/figure><\/div>\n\n\n\n<h2 class=\"wp-block-heading\"><span class=\"ez-toc-section\" id=\"Jaka_membrane_moze_posiadac_kurtka_przeciwwiatrowa\"><\/span>Jak\u0105 membran\u0119 mo\u017ce posiada\u0107 kurtka przeciwwiatrowa?<span class=\"ez-toc-section-end\"><\/span><\/h2>\n\n\n\n<p>Najbardziej znan\u0105 membran\u0105 wiatroodporn\u0105 jest <strong>GORE Windstopper<\/strong> wyprodukowana przez Gore &amp; Associates. Dzi\u0119ki strukturze miliard\u00f3w mikrootwor\u00f3w zapewnia ona bardzo dobr\u0105 oddychalno\u015b\u0107, chroni\u0105c jednocze\u015bnie przed wiatrem.<\/p>\n\n\n\n<p>Kurtki przeciwwiatrowe z tak\u0105 membran\u0105 zapewni\u0105 ci przez d\u0142u\u017cszy czas ochron\u0119 przed wod\u0105, ale pami\u0119taj, \u017ce nie s\u0105 one wodoodporne. Dzi\u0119ki du\u017cej wytrzyma\u0142o\u015bci na przetarcia nie musisz si\u0119 natomiast obawia\u0107, \u017ce kurtka wiatroszczelna ju\u017c po jednym sezonie b\u0119dzie si\u0119 nadawa\u0142a do wyrzucenia.<\/p>\n\n\n\n<p>W ostatnim czasie Windstopper do\u0142\u0105czy\u0142 do linii Infinium i po modyfikacjach jest oferowany pod nazw\u0105 <strong>GORE-TEX Infinium Windstopper<\/strong>. Najnowsza wersja zapewnia jeszcze wi\u0119ksz\u0105 oddychalno\u015b\u0107, wi\u0119c odzie\u017c z tak\u0105 membran\u0105 sprawdzi si\u0119 jako kurtka przeciwwiatrowa na rower.<\/p>\n\n\n\n<div class=\"wp-block-image\"><figure class=\"aligncenter size-large\"><img loading=\"lazy\" decoding=\"async\" width=\"1022\" height=\"1024\" src=\"https:\/\/skalnik.pl\/blog\/wp-content\/uploads\/2020\/12\/Gore-tex-do-biegania-1022x1024.jpg\" alt=\"Kurtka z membran\u0105 GORE-TEX INFINIUM Windstopper\" class=\"wp-image-15120\" srcset=\"https:\/\/www.skalnik.pl\/blog\/wp-content\/uploads\/2020\/12\/Gore-tex-do-biegania-1022x1024.jpg 1022w, https:\/\/www.skalnik.pl\/blog\/wp-content\/uploads\/2020\/12\/Gore-tex-do-biegania-300x300.jpg 300w, https:\/\/www.skalnik.pl\/blog\/wp-content\/uploads\/2020\/12\/Gore-tex-do-biegania-768x770.jpg 768w, https:\/\/www.skalnik.pl\/blog\/wp-content\/uploads\/2020\/12\/Gore-tex-do-biegania.jpg 1024w\" sizes=\"auto, (max-width: 1022px) 100vw, 1022px\" \/><figcaption><em>Kurtka z membran\u0105 GORE-TEX INFINIUM Windstopper to dobry wyb\u00f3r r\u00f3wnie\u017c na bieganie w ch\u0142odniejsze dni (fot. GORE-TEX)<\/em><\/figcaption><\/figure><\/div>\n\n\n\n<p>Czym dok\u0142adnie jest linia Infinium? To <a href=\"https:\/\/skalnik.pl\/odziez\/odziez-meska\/odziez-meska-kurtki\/goretex\" target=\"_blank\" rel=\"noreferrer noopener\">kurtki GORE-TEX<\/a>, w przypadku kt\u00f3rych priorytetem nie jest wodoodporno\u015b\u0107, lecz komfort i zapewnienie optymalnej termiki. Produkty z tej rodziny nie s\u0105 wi\u0119c wodoszczelne, ale bardzo dobrze chroni\u0105 przed wiatrem. Wed\u0142ug zapewnie\u0144 producenta kurtka przeciwwiatrowa z membran\u0105 GORE-TEX INFINIUM Windstopper jest w 100% nieprzewiewna.<\/p>\n\n\n\n<p>Membran\u0119 GORE-TEX INFINIUM posiada m.in. kurtka wiatroszczelna Marmot Rom 2.0 Hoody.<\/p>\n\n\n\n<p>Na rynku znajdziesz tak\u017ce kurtki przeciwwiatrowe z membran\u0105 innych firm. Dla przyk\u0142adu marka Salewa wykorzystuje w odzie\u017cy technicznej membran\u0119 <strong>Stormwall<\/strong>. Posiada j\u0105 cho\u0107by kurtka przeciwwiatrowa Salewa Comici.<\/p>\n\n\n\n<div class=\"wp-block-image\"><figure class=\"aligncenter size-large\"><img loading=\"lazy\" decoding=\"async\" width=\"1024\" height=\"768\" src=\"https:\/\/skalnik.pl\/blog\/wp-content\/uploads\/2020\/12\/Kurtka-Salewa-Comici.png\" alt=\"Kurtka softshell Salewa Comici\" class=\"wp-image-15126\" srcset=\"https:\/\/www.skalnik.pl\/blog\/wp-content\/uploads\/2020\/12\/Kurtka-Salewa-Comici.png 1024w, https:\/\/www.skalnik.pl\/blog\/wp-content\/uploads\/2020\/12\/Kurtka-Salewa-Comici-300x225.png 300w, https:\/\/www.skalnik.pl\/blog\/wp-content\/uploads\/2020\/12\/Kurtka-Salewa-Comici-768x576.png 768w\" sizes=\"auto, (max-width: 1024px) 100vw, 1024px\" \/><figcaption><em>Salewa Comici ma kaptur regulowany jedn\u0105 r\u0119k\u0105, kt\u00f3ry na pewno doceni\u0105 wspinacze<\/em><\/figcaption><\/figure><\/div>\n\n\n\n<p>Wiatr hulaj\u0105cy na grani to bardzo cz\u0119ste wyzwanie na g\u00f3rskich szlakach. Ch\u0142odne podmuchy daj\u0105 si\u0119 te\u017c we znaki rowerzystom i biegaczom. Kurtki przeciwwiatrowe stan\u0105 jednak w twojej obronie i sprawi\u0105, \u017ce b\u0119dziesz si\u0119 cieszy\u0107 pobytem na dworze tak\u017ce w wietrzny dzie\u0144.<\/p>\n\n\n\n<p class=\"has-text-align-right\"><em>Katarzyna Butkiewicz<\/em><\/p>\n","protected":false},"excerpt":{"rendered":"<p>Mocny wiatr na grani? Radzimy, jaka kurtka przeciwwiatrowa powstrzyma nawet silne podmuchy.<\/p>\n","protected":false},"author":7,"featured_media":15132,"comment_status":"open","ping_status":"open","sticky":false,"template":"","format":"standard","meta":{"_acf_changed":false,"footnotes":""},"categories":[3],"tags":[122,157,15,108],"magento_category":[40],"magento_product":[],"class_list":["post-15116","post","type-post","status-publish","format-standard","has-post-thumbnail","hentry","category-porady","tag-biegi-gorskie","tag-kurtki-gore-tex","tag-odziez","tag-softshell"],"acf":[],"aioseo_notices":[],"aioseo_head":"\n\t\t<!-- All in One SEO 4.9.10 - aioseo.com -->\n\t<meta name=\"description\" content=\"Silny wiatr jest niejednokrotnie gro\u017aniejszym przeciwnikiem w g\u00f3rach ni\u017c deszcz. Jaka kurtka przeciwwiatrowa skutecznie ochroni ci\u0119 przed podmuchami?\" \/>\n\t<meta name=\"robots\" content=\"max-image-preview:large\" \/>\n\t<meta name=\"author\" content=\"Redakcja skalnik.pl\"\/>\n\t<link rel=\"canonical\" href=\"https:\/\/www.skalnik.pl\/blog\/kurtka-przeciwwiatrowa-jak-wybrac\/\" \/>\n\t<meta name=\"generator\" content=\"All in One SEO (AIOSEO) 4.9.10\" \/>\n\t\t<meta property=\"og:locale\" content=\"pl_PL\" \/>\n\t\t<meta property=\"og:site_name\" content=\"blog Skalnik - Blog, porady, artyku\u0142y - blog Skalnik\" \/>\n\t\t<meta property=\"og:type\" content=\"article\" \/>\n\t\t<meta property=\"og:title\" content=\"Kurtka przeciwwiatrowa \u2013 jak wybra\u0107? - blog Skalnik\" \/>\n\t\t<meta property=\"og:description\" content=\"Silny wiatr jest niejednokrotnie gro\u017aniejszym przeciwnikiem w g\u00f3rach ni\u017c deszcz. Jaka kurtka przeciwwiatrowa skutecznie ochroni ci\u0119 przed podmuchami?\" \/>\n\t\t<meta property=\"og:url\" content=\"https:\/\/www.skalnik.pl\/blog\/kurtka-przeciwwiatrowa-jak-wybrac\/\" \/>\n\t\t<meta property=\"og:image\" content=\"https:\/\/skalnik.pl\/blog\/wp-content\/uploads\/2020\/12\/Kurtka-przeciwwiatrowa-w-g\u00f3ry.jpg\" \/>\n\t\t<meta property=\"og:image:secure_url\" content=\"https:\/\/skalnik.pl\/blog\/wp-content\/uploads\/2020\/12\/Kurtka-przeciwwiatrowa-w-g\u00f3ry.jpg\" \/>\n\t\t<meta property=\"article:tag\" content=\"porady\" \/>\n\t\t<meta property=\"article:tag\" content=\"biegi g\u00f3rskie\" \/>\n\t\t<meta property=\"article:tag\" content=\"kurtki gore-tex\" \/>\n\t\t<meta property=\"article:tag\" content=\"odzie\u017c\" \/>\n\t\t<meta property=\"article:tag\" content=\"softshell\" \/>\n\t\t<meta property=\"article:published_time\" content=\"2020-12-23T06:46:00+00:00\" \/>\n\t\t<meta property=\"article:modified_time\" content=\"2022-08-04T07:29:58+00:00\" \/>\n\t\t<meta name=\"twitter:card\" content=\"summary_large_image\" \/>\n\t\t<meta name=\"twitter:title\" content=\"Kurtka przeciwwiatrowa \u2013 jak wybra\u0107? - blog Skalnik\" \/>\n\t\t<meta name=\"twitter:description\" content=\"Silny wiatr jest niejednokrotnie gro\u017aniejszym przeciwnikiem w g\u00f3rach ni\u017c deszcz. Jaka kurtka przeciwwiatrowa skutecznie ochroni ci\u0119 przed podmuchami?\" \/>\n\t\t<meta name=\"twitter:image\" content=\"https:\/\/skalnik.pl\/blog\/wp-content\/uploads\/2020\/12\/Kurtka-przeciwwiatrowa-w-g\u00f3ry.jpg\" \/>\n\t\t<script type=\"application\/ld+json\" class=\"aioseo-schema\">\n\t\t\t{\"@context\":\"https:\\\/\\\/schema.org\",\"@graph\":[{\"@type\":\"BlogPosting\",\"@id\":\"https:\\\/\\\/www.skalnik.pl\\\/blog\\\/kurtka-przeciwwiatrowa-jak-wybrac\\\/#blogposting\",\"name\":\"Kurtka przeciwwiatrowa \\u2013 jak wybra\\u0107? - blog Skalnik\",\"headline\":\"Kurtka przeciwwiatrowa \\u2013 jak wybra\\u0107?\",\"author\":{\"@id\":\"https:\\\/\\\/www.skalnik.pl\\\/blog\\\/author\\\/redakcja-skalnik-pl\\\/#author\"},\"publisher\":{\"@id\":\"https:\\\/\\\/www.skalnik.pl\\\/blog\\\/#organization\"},\"image\":{\"@type\":\"ImageObject\",\"url\":\"https:\\\/\\\/www.skalnik.pl\\\/blog\\\/wp-content\\\/uploads\\\/2020\\\/12\\\/Kurtka-przeciwwiatrowa.jpg\",\"width\":1920,\"height\":705,\"caption\":\"Kurtka przeciwwiatrowa do biegania\"},\"datePublished\":\"2020-12-23T07:46:00+02:00\",\"dateModified\":\"2022-08-04T09:29:58+02:00\",\"inLanguage\":\"pl-PL\",\"mainEntityOfPage\":{\"@id\":\"https:\\\/\\\/www.skalnik.pl\\\/blog\\\/kurtka-przeciwwiatrowa-jak-wybrac\\\/#webpage\"},\"isPartOf\":{\"@id\":\"https:\\\/\\\/www.skalnik.pl\\\/blog\\\/kurtka-przeciwwiatrowa-jak-wybrac\\\/#webpage\"},\"articleSection\":\"Porady, biegi g\\u00f3rskie, kurtki gore-tex, odzie\\u017c, softshell, 1090\"},{\"@type\":\"BreadcrumbList\",\"@id\":\"https:\\\/\\\/www.skalnik.pl\\\/blog\\\/kurtka-przeciwwiatrowa-jak-wybrac\\\/#breadcrumblist\",\"itemListElement\":[{\"@type\":\"ListItem\",\"@id\":\"https:\\\/\\\/www.skalnik.pl\\\/blog#listItem\",\"position\":1,\"name\":\"Home\",\"item\":\"https:\\\/\\\/www.skalnik.pl\\\/blog\",\"nextItem\":{\"@type\":\"ListItem\",\"@id\":\"https:\\\/\\\/www.skalnik.pl\\\/blog\\\/.\\\/porady\\\/#listItem\",\"name\":\"Porady\"}},{\"@type\":\"ListItem\",\"@id\":\"https:\\\/\\\/www.skalnik.pl\\\/blog\\\/.\\\/porady\\\/#listItem\",\"position\":2,\"name\":\"Porady\",\"item\":\"https:\\\/\\\/www.skalnik.pl\\\/blog\\\/.\\\/porady\\\/\",\"nextItem\":{\"@type\":\"ListItem\",\"@id\":\"https:\\\/\\\/www.skalnik.pl\\\/blog\\\/kurtka-przeciwwiatrowa-jak-wybrac\\\/#listItem\",\"name\":\"Kurtka przeciwwiatrowa \\u2013 jak wybra\\u0107?\"},\"previousItem\":{\"@type\":\"ListItem\",\"@id\":\"https:\\\/\\\/www.skalnik.pl\\\/blog#listItem\",\"name\":\"Home\"}},{\"@type\":\"ListItem\",\"@id\":\"https:\\\/\\\/www.skalnik.pl\\\/blog\\\/kurtka-przeciwwiatrowa-jak-wybrac\\\/#listItem\",\"position\":3,\"name\":\"Kurtka przeciwwiatrowa \\u2013 jak wybra\\u0107?\",\"previousItem\":{\"@type\":\"ListItem\",\"@id\":\"https:\\\/\\\/www.skalnik.pl\\\/blog\\\/.\\\/porady\\\/#listItem\",\"name\":\"Porady\"}}]},{\"@type\":\"Organization\",\"@id\":\"https:\\\/\\\/www.skalnik.pl\\\/blog\\\/#organization\",\"name\":\"blog Skalnik\",\"description\":\"Blog, porady, artyku\\u0142y - blog Skalnik\",\"url\":\"https:\\\/\\\/www.skalnik.pl\\\/blog\\\/\"},{\"@type\":\"Person\",\"@id\":\"https:\\\/\\\/www.skalnik.pl\\\/blog\\\/author\\\/redakcja-skalnik-pl\\\/#author\",\"url\":\"https:\\\/\\\/www.skalnik.pl\\\/blog\\\/author\\\/redakcja-skalnik-pl\\\/\",\"name\":\"Redakcja skalnik.pl\",\"image\":{\"@type\":\"ImageObject\",\"@id\":\"https:\\\/\\\/www.skalnik.pl\\\/blog\\\/kurtka-przeciwwiatrowa-jak-wybrac\\\/#authorImage\",\"url\":\"https:\\\/\\\/secure.gravatar.com\\\/avatar\\\/7eab29b048aaf0899cd9a145e9adb814e2130ced31e65b454b902500bea65f9e?s=96&d=mm&r=g\",\"width\":96,\"height\":96,\"caption\":\"Redakcja skalnik.pl\"}},{\"@type\":\"WebPage\",\"@id\":\"https:\\\/\\\/www.skalnik.pl\\\/blog\\\/kurtka-przeciwwiatrowa-jak-wybrac\\\/#webpage\",\"url\":\"https:\\\/\\\/www.skalnik.pl\\\/blog\\\/kurtka-przeciwwiatrowa-jak-wybrac\\\/\",\"name\":\"Kurtka przeciwwiatrowa \\u2013 jak wybra\\u0107? - blog Skalnik\",\"description\":\"Silny wiatr jest niejednokrotnie gro\\u017aniejszym przeciwnikiem w g\\u00f3rach ni\\u017c deszcz. Jaka kurtka przeciwwiatrowa skutecznie ochroni ci\\u0119 przed podmuchami?\",\"inLanguage\":\"pl-PL\",\"isPartOf\":{\"@id\":\"https:\\\/\\\/www.skalnik.pl\\\/blog\\\/#website\"},\"breadcrumb\":{\"@id\":\"https:\\\/\\\/www.skalnik.pl\\\/blog\\\/kurtka-przeciwwiatrowa-jak-wybrac\\\/#breadcrumblist\"},\"author\":{\"@id\":\"https:\\\/\\\/www.skalnik.pl\\\/blog\\\/author\\\/redakcja-skalnik-pl\\\/#author\"},\"creator\":{\"@id\":\"https:\\\/\\\/www.skalnik.pl\\\/blog\\\/author\\\/redakcja-skalnik-pl\\\/#author\"},\"image\":{\"@type\":\"ImageObject\",\"url\":\"https:\\\/\\\/www.skalnik.pl\\\/blog\\\/wp-content\\\/uploads\\\/2020\\\/12\\\/Kurtka-przeciwwiatrowa.jpg\",\"@id\":\"https:\\\/\\\/www.skalnik.pl\\\/blog\\\/kurtka-przeciwwiatrowa-jak-wybrac\\\/#mainImage\",\"width\":1920,\"height\":705,\"caption\":\"Kurtka przeciwwiatrowa do biegania\"},\"primaryImageOfPage\":{\"@id\":\"https:\\\/\\\/www.skalnik.pl\\\/blog\\\/kurtka-przeciwwiatrowa-jak-wybrac\\\/#mainImage\"},\"datePublished\":\"2020-12-23T07:46:00+02:00\",\"dateModified\":\"2022-08-04T09:29:58+02:00\"},{\"@type\":\"WebSite\",\"@id\":\"https:\\\/\\\/www.skalnik.pl\\\/blog\\\/#website\",\"url\":\"https:\\\/\\\/www.skalnik.pl\\\/blog\\\/\",\"name\":\"blog Skalnik\",\"description\":\"Blog, porady, artyku\\u0142y - blog Skalnik\",\"inLanguage\":\"pl-PL\",\"publisher\":{\"@id\":\"https:\\\/\\\/www.skalnik.pl\\\/blog\\\/#organization\"}}]}\n\t\t<\/script>\n\t\t<!-- All in One SEO -->\n\n","aioseo_head_json":{"title":"Kurtka przeciwwiatrowa \u2013 jak wybra\u0107? - blog Skalnik","description":"Silny wiatr jest niejednokrotnie gro\u017aniejszym przeciwnikiem w g\u00f3rach ni\u017c deszcz. Jaka kurtka przeciwwiatrowa skutecznie ochroni ci\u0119 przed podmuchami?","canonical_url":"https:\/\/www.skalnik.pl\/blog\/kurtka-przeciwwiatrowa-jak-wybrac\/","robots":"max-image-preview:large","keywords":"","webmasterTools":{"miscellaneous":""},"schema":{"@context":"https:\/\/schema.org","@graph":[{"@type":"BlogPosting","@id":"https:\/\/www.skalnik.pl\/blog\/kurtka-przeciwwiatrowa-jak-wybrac\/#blogposting","name":"Kurtka przeciwwiatrowa \u2013 jak wybra\u0107? - blog Skalnik","headline":"Kurtka przeciwwiatrowa \u2013 jak wybra\u0107?","author":{"@id":"https:\/\/www.skalnik.pl\/blog\/author\/redakcja-skalnik-pl\/#author"},"publisher":{"@id":"https:\/\/www.skalnik.pl\/blog\/#organization"},"image":{"@type":"ImageObject","url":"https:\/\/www.skalnik.pl\/blog\/wp-content\/uploads\/2020\/12\/Kurtka-przeciwwiatrowa.jpg","width":1920,"height":705,"caption":"Kurtka przeciwwiatrowa do biegania"},"datePublished":"2020-12-23T07:46:00+02:00","dateModified":"2022-08-04T09:29:58+02:00","inLanguage":"pl-PL","mainEntityOfPage":{"@id":"https:\/\/www.skalnik.pl\/blog\/kurtka-przeciwwiatrowa-jak-wybrac\/#webpage"},"isPartOf":{"@id":"https:\/\/www.skalnik.pl\/blog\/kurtka-przeciwwiatrowa-jak-wybrac\/#webpage"},"articleSection":"Porady, biegi g\u00f3rskie, kurtki gore-tex, odzie\u017c, softshell, 1090"},{"@type":"BreadcrumbList","@id":"https:\/\/www.skalnik.pl\/blog\/kurtka-przeciwwiatrowa-jak-wybrac\/#breadcrumblist","itemListElement":[{"@type":"ListItem","@id":"https:\/\/www.skalnik.pl\/blog#listItem","position":1,"name":"Home","item":"https:\/\/www.skalnik.pl\/blog","nextItem":{"@type":"ListItem","@id":"https:\/\/www.skalnik.pl\/blog\/.\/porady\/#listItem","name":"Porady"}},{"@type":"ListItem","@id":"https:\/\/www.skalnik.pl\/blog\/.\/porady\/#listItem","position":2,"name":"Porady","item":"https:\/\/www.skalnik.pl\/blog\/.\/porady\/","nextItem":{"@type":"ListItem","@id":"https:\/\/www.skalnik.pl\/blog\/kurtka-przeciwwiatrowa-jak-wybrac\/#listItem","name":"Kurtka przeciwwiatrowa \u2013 jak wybra\u0107?"},"previousItem":{"@type":"ListItem","@id":"https:\/\/www.skalnik.pl\/blog#listItem","name":"Home"}},{"@type":"ListItem","@id":"https:\/\/www.skalnik.pl\/blog\/kurtka-przeciwwiatrowa-jak-wybrac\/#listItem","position":3,"name":"Kurtka przeciwwiatrowa \u2013 jak wybra\u0107?","previousItem":{"@type":"ListItem","@id":"https:\/\/www.skalnik.pl\/blog\/.\/porady\/#listItem","name":"Porady"}}]},{"@type":"Organization","@id":"https:\/\/www.skalnik.pl\/blog\/#organization","name":"blog Skalnik","description":"Blog, porady, artyku\u0142y - blog Skalnik","url":"https:\/\/www.skalnik.pl\/blog\/"},{"@type":"Person","@id":"https:\/\/www.skalnik.pl\/blog\/author\/redakcja-skalnik-pl\/#author","url":"https:\/\/www.skalnik.pl\/blog\/author\/redakcja-skalnik-pl\/","name":"Redakcja skalnik.pl","image":{"@type":"ImageObject","@id":"https:\/\/www.skalnik.pl\/blog\/kurtka-przeciwwiatrowa-jak-wybrac\/#authorImage","url":"https:\/\/secure.gravatar.com\/avatar\/7eab29b048aaf0899cd9a145e9adb814e2130ced31e65b454b902500bea65f9e?s=96&d=mm&r=g","width":96,"height":96,"caption":"Redakcja skalnik.pl"}},{"@type":"WebPage","@id":"https:\/\/www.skalnik.pl\/blog\/kurtka-przeciwwiatrowa-jak-wybrac\/#webpage","url":"https:\/\/www.skalnik.pl\/blog\/kurtka-przeciwwiatrowa-jak-wybrac\/","name":"Kurtka przeciwwiatrowa \u2013 jak wybra\u0107? - blog Skalnik","description":"Silny wiatr jest niejednokrotnie gro\u017aniejszym przeciwnikiem w g\u00f3rach ni\u017c deszcz. Jaka kurtka przeciwwiatrowa skutecznie ochroni ci\u0119 przed podmuchami?","inLanguage":"pl-PL","isPartOf":{"@id":"https:\/\/www.skalnik.pl\/blog\/#website"},"breadcrumb":{"@id":"https:\/\/www.skalnik.pl\/blog\/kurtka-przeciwwiatrowa-jak-wybrac\/#breadcrumblist"},"author":{"@id":"https:\/\/www.skalnik.pl\/blog\/author\/redakcja-skalnik-pl\/#author"},"creator":{"@id":"https:\/\/www.skalnik.pl\/blog\/author\/redakcja-skalnik-pl\/#author"},"image":{"@type":"ImageObject","url":"https:\/\/www.skalnik.pl\/blog\/wp-content\/uploads\/2020\/12\/Kurtka-przeciwwiatrowa.jpg","@id":"https:\/\/www.skalnik.pl\/blog\/kurtka-przeciwwiatrowa-jak-wybrac\/#mainImage","width":1920,"height":705,"caption":"Kurtka przeciwwiatrowa do biegania"},"primaryImageOfPage":{"@id":"https:\/\/www.skalnik.pl\/blog\/kurtka-przeciwwiatrowa-jak-wybrac\/#mainImage"},"datePublished":"2020-12-23T07:46:00+02:00","dateModified":"2022-08-04T09:29:58+02:00"},{"@type":"WebSite","@id":"https:\/\/www.skalnik.pl\/blog\/#website","url":"https:\/\/www.skalnik.pl\/blog\/","name":"blog Skalnik","description":"Blog, porady, artyku\u0142y - blog Skalnik","inLanguage":"pl-PL","publisher":{"@id":"https:\/\/www.skalnik.pl\/blog\/#organization"}}]},"og:locale":"pl_PL","og:site_name":"blog Skalnik - Blog, porady, artyku\u0142y - blog Skalnik","og:type":"article","og:title":"Kurtka przeciwwiatrowa \u2013 jak wybra\u0107? - blog Skalnik","og:description":"Silny wiatr jest niejednokrotnie gro\u017aniejszym przeciwnikiem w g\u00f3rach ni\u017c deszcz. Jaka kurtka przeciwwiatrowa skutecznie ochroni ci\u0119 przed podmuchami?","og:url":"https:\/\/www.skalnik.pl\/blog\/kurtka-przeciwwiatrowa-jak-wybrac\/","og:image":"https:\/\/skalnik.pl\/blog\/wp-content\/uploads\/2020\/12\/Kurtka-przeciwwiatrowa-w-g\u00f3ry.jpg","og:image:secure_url":"https:\/\/skalnik.pl\/blog\/wp-content\/uploads\/2020\/12\/Kurtka-przeciwwiatrowa-w-g\u00f3ry.jpg","article:tag":["porady","biegi g\u00f3rskie","kurtki gore-tex","odzie\u017c","softshell"],"article:published_time":"2020-12-23T06:46:00+00:00","article:modified_time":"2022-08-04T07:29:58+00:00","twitter:card":"summary_large_image","twitter:title":"Kurtka przeciwwiatrowa \u2013 jak wybra\u0107? - blog Skalnik","twitter:description":"Silny wiatr jest niejednokrotnie gro\u017aniejszym przeciwnikiem w g\u00f3rach ni\u017c deszcz. Jaka kurtka przeciwwiatrowa skutecznie ochroni ci\u0119 przed podmuchami?","twitter:image":"https:\/\/skalnik.pl\/blog\/wp-content\/uploads\/2020\/12\/Kurtka-przeciwwiatrowa-w-g\u00f3ry.jpg"},"aioseo_meta_data":{"post_id":"15116","title":null,"description":"Silny wiatr jest niejednokrotnie gro\u017aniejszym przeciwnikiem w g\u00f3rach ni\u017c deszcz. Jaka kurtka przeciwwiatrowa skutecznie ochroni ci\u0119 przed podmuchami?","keywords":[{"label":"kurtka przeciwwiatrowa","value":"kurtka przeciwwiatrowa"},{"label":"kurtka przeciwwiatrowa na rower","value":"kurtka przeciwwiatrowa na rower"},{"label":"kurtka przeciwwiatrowa i przeciwdeszczowa","value":"kurtka przeciwwiatrowa i przeciwdeszczowa"},{"label":"kurtka wiatroszczelna","value":"kurtka wiatroszczelna"},{"label":"kurtka przeciwwiatrowa damska","value":"kurtka przeciwwiatrowa damska"}],"keyphrases":null,"primary_term":null,"canonical_url":"","og_title":null,"og_description":null,"og_object_type":"default","og_image_type":"default","og_image_url":null,"og_image_width":null,"og_image_height":null,"og_image_custom_url":null,"og_image_custom_fields":null,"og_video":null,"og_custom_url":null,"og_article_section":null,"og_article_tags":null,"twitter_use_og":false,"twitter_card":"default","twitter_image_type":"default","twitter_image_url":null,"twitter_image_custom_url":null,"twitter_image_custom_fields":null,"twitter_title":null,"twitter_description":null,"schema":{"blockGraphs":[],"customGraphs":[],"default":{"data":{"Article":[],"Course":[],"Dataset":[],"FAQPage":[],"Movie":[],"Person":[],"Product":[],"ProductReview":[],"Car":[],"Recipe":[],"Service":[],"SoftwareApplication":[],"WebPage":[]},"graphName":"BlogPosting","isEnabled":true},"graphs":[]},"schema_type":"default","schema_type_options":null,"pillar_content":false,"robots_default":true,"robots_noindex":false,"robots_noarchive":false,"robots_nosnippet":false,"robots_nofollow":false,"robots_noimageindex":false,"robots_noodp":false,"robots_notranslate":false,"robots_max_snippet":null,"robots_max_videopreview":null,"robots_max_imagepreview":"large","priority":null,"frequency":null,"local_seo":null,"breadcrumb_settings":null,"limit_modified_date":false,"ai":null,"created":"2022-08-26 10:28:58","updated":"2026-02-17 22:01:19","seo_analyzer_scan_date":null},"aioseo_breadcrumb":"<div class=\"aioseo-breadcrumbs\"><span class=\"aioseo-breadcrumb\">\n\t\t\t<a href=\"https:\/\/www.skalnik.pl\/blog\" title=\"Home\">Home<\/a>\n\t\t<\/span><span class=\"aioseo-breadcrumb-separator\">&raquo;<\/span><span class=\"aioseo-breadcrumb\">\n\t\t\t<a href=\"https:\/\/www.skalnik.pl\/blog\/.\/porady\/\" title=\"Porady\">Porady<\/a>\n\t\t<\/span><span class=\"aioseo-breadcrumb-separator\">&raquo;<\/span><span class=\"aioseo-breadcrumb\">\n\t\t\tKurtka przeciwwiatrowa \u2013 jak wybra\u0107?\n\t\t<\/span><\/div>","aioseo_breadcrumb_json":[{"label":"Home","link":"https:\/\/www.skalnik.pl\/blog"},{"label":"Porady","link":"https:\/\/www.skalnik.pl\/blog\/.\/porady\/"},{"label":"Kurtka przeciwwiatrowa \u2013 jak wybra\u0107?","link":"https:\/\/www.skalnik.pl\/blog\/kurtka-przeciwwiatrowa-jak-wybrac\/"}],"_links":{"self":[{"href":"https:\/\/www.skalnik.pl\/blog\/wp-json\/wp\/v2\/posts\/15116","targetHints":{"allow":["GET"]}}],"collection":[{"href":"https:\/\/www.skalnik.pl\/blog\/wp-json\/wp\/v2\/posts"}],"about":[{"href":"https:\/\/www.skalnik.pl\/blog\/wp-json\/wp\/v2\/types\/post"}],"author":[{"embeddable":true,"href":"https:\/\/www.skalnik.pl\/blog\/wp-json\/wp\/v2\/users\/7"}],"replies":[{"embeddable":true,"href":"https:\/\/www.skalnik.pl\/blog\/wp-json\/wp\/v2\/comments?post=15116"}],"version-history":[{"count":6,"href":"https:\/\/www.skalnik.pl\/blog\/wp-json\/wp\/v2\/posts\/15116\/revisions"}],"predecessor-version":[{"id":15138,"href":"https:\/\/www.skalnik.pl\/blog\/wp-json\/wp\/v2\/posts\/15116\/revisions\/15138"}],"wp:featuredmedia":[{"embeddable":true,"href":"https:\/\/www.skalnik.pl\/blog\/wp-json\/wp\/v2\/media\/15132"}],"wp:attachment":[{"href":"https:\/\/www.skalnik.pl\/blog\/wp-json\/wp\/v2\/media?parent=15116"}],"wp:term":[{"taxonomy":"category","embeddable":true,"href":"https:\/\/www.skalnik.pl\/blog\/wp-json\/wp\/v2\/categories?post=15116"},{"taxonomy":"post_tag","embeddable":true,"href":"https:\/\/www.skalnik.pl\/blog\/wp-json\/wp\/v2\/tags?post=15116"},{"taxonomy":"magento_category","embeddable":true,"href":"https:\/\/www.skalnik.pl\/blog\/wp-json\/wp\/v2\/magento_category?post=15116"},{"taxonomy":"magento_product","embeddable":true,"href":"https:\/\/www.skalnik.pl\/blog\/wp-json\/wp\/v2\/magento_product?post=15116"}],"curies":[{"name":"wp","href":"https:\/\/api.w.org\/{rel}","templated":true}]}}