{"id":15172,"date":"2020-12-25T13:16:00","date_gmt":"2020-12-25T12:16:00","guid":{"rendered":"https:\/\/skalnik.pl\/blog\/?p=15172"},"modified":"2023-11-14T10:19:33","modified_gmt":"2023-11-14T08:19:33","slug":"gramatura-polaru-jaki-polar-wybrac","status":"publish","type":"post","link":"https:\/\/www.skalnik.pl\/blog\/gramatura-polaru-jaki-polar-wybrac\/","title":{"rendered":"Gramatura polaru &#8211; jaki polar wybra\u0107?"},"content":{"rendered":"\n<p><strong>Polar to nie ko\u0144, nie ka\u017cdy widzi jaki jest. Przynajmniej na pierwszy rzut oka, ale po tym tek\u015bcie i obejrzeniu metki swojej kolejnej bluzy b\u0119dziecie wszystko wiedzie\u0107. Co to jest gramatura polaru? Czy to jedyny parametr, kt\u00f3rym powinni\u015bmy si\u0119 kierowa\u0107? Zaraz na wszystko odpowiemy.<\/strong><\/p>\n\n\n\n<div id=\"ez-toc-container\" class=\"ez-toc-v2_0_85 counter-hierarchy ez-toc-counter ez-toc-light-blue ez-toc-container-direction\">\n<div class=\"ez-toc-title-container\">\n<p class=\"ez-toc-title\" style=\"cursor:inherit\">SPIS TRE\u015aCI <\/p>\n<span class=\"ez-toc-title-toggle\"><a href=\"#\" class=\"ez-toc-pull-right ez-toc-btn ez-toc-btn-xs ez-toc-btn-default ez-toc-toggle\" aria-label=\"Prze\u0142\u0105cznik Spisu Tre\u015bci\"><span class=\"ez-toc-js-icon-con\"><span class=\"\"><span class=\"eztoc-hide\" style=\"display:none;\">Toggle<\/span><span class=\"ez-toc-icon-toggle-span\"><svg style=\"fill: #999;color:#999\" xmlns=\"http:\/\/www.w3.org\/2000\/svg\" class=\"list-377408\" width=\"20px\" height=\"20px\" viewBox=\"0 0 24 24\" fill=\"none\"><path d=\"M6 6H4v2h2V6zm14 0H8v2h12V6zM4 11h2v2H4v-2zm16 0H8v2h12v-2zM4 16h2v2H4v-2zm16 0H8v2h12v-2z\" fill=\"currentColor\"><\/path><\/svg><svg style=\"fill: #999;color:#999\" class=\"arrow-unsorted-368013\" xmlns=\"http:\/\/www.w3.org\/2000\/svg\" width=\"10px\" height=\"10px\" viewBox=\"0 0 24 24\" version=\"1.2\" baseProfile=\"tiny\"><path d=\"M18.2 9.3l-6.2-6.3-6.2 6.3c-.2.2-.3.4-.3.7s.1.5.3.7c.2.2.4.3.7.3h11c.3 0 .5-.1.7-.3.2-.2.3-.5.3-.7s-.1-.5-.3-.7zM5.8 14.7l6.2 6.3 6.2-6.3c.2-.2.3-.5.3-.7s-.1-.5-.3-.7c-.2-.2-.4-.3-.7-.3h-11c-.3 0-.5.1-.7.3-.2.2-.3.5-.3.7s.1.5.3.7z\"\/><\/svg><\/span><\/span><\/span><\/a><\/span><\/div>\n<nav><ul class='ez-toc-list ez-toc-list-level-1 ' ><li class='ez-toc-page-1 ez-toc-heading-level-2'><a class=\"ez-toc-link ez-toc-heading-1\" href=\"https:\/\/www.skalnik.pl\/blog\/gramatura-polaru-jaki-polar-wybrac\/#Co_to_jest_gramatura_polaru\" >Co to jest gramatura polaru<\/a><\/li><li class='ez-toc-page-1 ez-toc-heading-level-2'><a class=\"ez-toc-link ez-toc-heading-2\" href=\"https:\/\/www.skalnik.pl\/blog\/gramatura-polaru-jaki-polar-wybrac\/#Jaki_polar_wybrac\" >Jaki polar wybra\u0107?<\/a><\/li><li class='ez-toc-page-1 ez-toc-heading-level-2'><a class=\"ez-toc-link ez-toc-heading-3\" href=\"https:\/\/www.skalnik.pl\/blog\/gramatura-polaru-jaki-polar-wybrac\/#Jaka_gramatura_polaru_jest_najlepsza\" >Jaka gramatura polaru jest najlepsza<\/a><\/li><li class='ez-toc-page-1 ez-toc-heading-level-2'><a class=\"ez-toc-link ez-toc-heading-4\" href=\"https:\/\/www.skalnik.pl\/blog\/gramatura-polaru-jaki-polar-wybrac\/#Jaki_polar_w_gory\" >Jaki polar w g\u00f3ry<\/a><\/li><li class='ez-toc-page-1 ez-toc-heading-level-2'><a class=\"ez-toc-link ez-toc-heading-5\" href=\"https:\/\/www.skalnik.pl\/blog\/gramatura-polaru-jaki-polar-wybrac\/#Polar_z_zamkiem_czy_bez\" >Polar z zamkiem, czy bez<\/a><\/li><\/ul><\/nav><\/div>\n<h2 class=\"wp-block-heading\"><span class=\"ez-toc-section\" id=\"Co_to_jest_gramatura_polaru\"><\/span><strong>Co to jest gramatura polaru<\/strong><span class=\"ez-toc-section-end\"><\/span><\/h2>\n\n\n\n<p>Odpowiadaj\u0105c na to pytanie warto zacz\u0105\u0107 od podstaw. Pozwoli to w prosty spos\u00f3b doj\u015b\u0107 do wyja\u015bnienia zagadkowej gramatury.<\/p>\n\n\n\n<p>Pytanie pierwsze: Co to jest polar? Jest to materia\u0142. Pytanie drugie: Jakie cechy ma materia\u0142? Faktur\u0119, wielko\u015b\u0107, paroprzepuszczalno\u015b\u0107&#8230; i gramatur\u0119, czyli &#8211; potocznie m\u00f3wi\u0105c &#8211; grubo\u015b\u0107. Je\u015bli metr kwadratowy materia\u0142u wa\u017cy 100 gram\u00f3w, to ten materia\u0142 ma gramatur\u0119 100 g\/m\u00b2. Gdy przypadkiem b\u0119dzie to polar, a my uszyjemy z tego bluz\u0119, to wyjdzie nam tak zwany <em>polar setka<\/em> \u2013 czyli cienka bluza polarowa. Analogicznie \u2013 bluzy uszyte z <em>trzysetki<\/em>, czyli gramaturze polaru 300 g\/m\u00b2 b\u0119d\u0105 stworzone z trzy razy ci\u0119\u017cszego materia\u0142u. Nie oznacza to, \u017ce s\u0105 trzy razy cieplejsze, ale o tym p\u00f3\u017aniej.<\/p>\n\n\n<div class=\"wp-block-image\">\n<figure class=\"aligncenter size-large\"><img loading=\"lazy\" decoding=\"async\" width=\"1024\" height=\"683\" src=\"https:\/\/skalnik.pl\/blog\/wp-content\/uploads\/2020\/12\/ciep\u0142y-polar.jpeg\" alt=\"\" class=\"wp-image-15178\" srcset=\"https:\/\/www.skalnik.pl\/blog\/wp-content\/uploads\/2020\/12\/ciep\u0142y-polar.jpeg 1024w, https:\/\/www.skalnik.pl\/blog\/wp-content\/uploads\/2020\/12\/ciep\u0142y-polar-300x200.jpeg 300w, https:\/\/www.skalnik.pl\/blog\/wp-content\/uploads\/2020\/12\/ciep\u0142y-polar-768x512.jpeg 768w\" sizes=\"auto, (max-width: 1024px) 100vw, 1024px\" \/><figcaption class=\"wp-element-caption\"><em>Bluzy polarowe s\u0105 r\u00f3\u017cne. Od cienkich polar\u00f3w, po grube, mi\u0119siste i ciep\u0142e bluzy. (fot. The North Face)<\/em><\/figcaption><\/figure>\n<\/div>\n\n\n<figure class=\"wp-block-image size-full\"><a href=\"https:\/\/www.skalnik.pl\/odziez\/odziez-damska\/odziez-damska-bluzy\" target=\"_blank\" rel=\"noreferrer noopener\"><img loading=\"lazy\" decoding=\"async\" width=\"1024\" height=\"250\" src=\"https:\/\/www.skalnik.pl\/blog\/wp-content\/uploads\/2023\/11\/BLUZY-DAMSKIE-BANER.png\" alt=\"\" class=\"wp-image-24707\" srcset=\"https:\/\/www.skalnik.pl\/blog\/wp-content\/uploads\/2023\/11\/BLUZY-DAMSKIE-BANER.png 1024w, https:\/\/www.skalnik.pl\/blog\/wp-content\/uploads\/2023\/11\/BLUZY-DAMSKIE-BANER-300x73.png 300w, https:\/\/www.skalnik.pl\/blog\/wp-content\/uploads\/2023\/11\/BLUZY-DAMSKIE-BANER-768x188.png 768w\" sizes=\"auto, (max-width: 1024px) 100vw, 1024px\" \/><\/a><\/figure>\n\n\n\t<div class=\"magento-wrapper\">\n\t\t<ul class=\"products\">\n\t\t\t<li class=\"product\">\n\t\n\t\t<div class=\"image\">\n\t\t\t<a href=\"https:\/\/www.skalnik.pl\/bluza-puez-hybrid-pl-full-zip-hoody-women-syrah-melange-1010909\" target=\"_self\">\n\t\t\t\t\t\t<img\n\t\t\tsrc=\"https:\/\/www.skalnik.pl\/media\/catalog\/product\/b\/l\/bluza-puez-hybrid-pl-full-zip-hoody-women-syrah-melange-1010909_2.jpg\"\n\t\t\talt=\"BLUZA PUEZ HYBRID PL FULL ZIP HOODY WOMEN-SYRAH MELANGE\"\n\t\t\t\t\t\t\t\t\/>\n\t\t\t\t\t<\/a>\n\t\t<\/div>\n\n\t\t\n\t\t<a href=\"https:\/\/www.skalnik.pl\/bluza-puez-hybrid-pl-full-zip-hoody-women-syrah-melange-1010909\" target=\"_self\"><span class=\"name\">BLUZA PUEZ HYBRID PL FULL ZIP HOODY WOMEN-SYRAH MELANGE<\/span><\/a>\t\n\t\n\t\n\t<div class=\"url\"><a class=\"view-details\" href=\"https:\/\/www.skalnik.pl\/bluza-puez-hybrid-pl-full-zip-hoody-women-syrah-melange-1010909\">Zobacz wi\u0119cej <\/a><\/div><\/li>\n<li class=\"product\">\n\t\n\t\t<div class=\"image\">\n\t\t\t<a href=\"https:\/\/www.skalnik.pl\/bluza-r1-daily-jacket-women-nouveau-green-northern-green-x-dye-1015281\" target=\"_self\">\n\t\t\t\t\t\t<img\n\t\t\tsrc=\"https:\/\/www.skalnik.pl\/media\/catalog\/product\/b\/l\/bluza-r1-daily-jacket-women-nouveau-green-northern-green-x-dye-1015281_2.jpg\"\n\t\t\talt=\"BLUZA R1 DAILY JACKET WOMEN-NOUVEAU GREEN-NORTHERN GREEN X-DYE\"\n\t\t\t\t\t\t\t\t\/>\n\t\t\t\t\t<\/a>\n\t\t<\/div>\n\n\t\t\n\t\t<a href=\"https:\/\/www.skalnik.pl\/bluza-r1-daily-jacket-women-nouveau-green-northern-green-x-dye-1015281\" target=\"_self\"><span class=\"name\">BLUZA R1 DAILY JACKET WOMEN-NOUVEAU GREEN-NORTHERN GREEN X-DYE<\/span><\/a>\t\n\t\n\t\n\t<div class=\"url\"><a class=\"view-details\" href=\"https:\/\/www.skalnik.pl\/bluza-r1-daily-jacket-women-nouveau-green-northern-green-x-dye-1015281\">Zobacz wi\u0119cej <\/a><\/div><\/li>\n<li class=\"product\">\n\t\n\t\t<div class=\"image\">\n\t\t\t<a href=\"https:\/\/www.skalnik.pl\/bluza-eclipse-hooded-women-topaz-medieval-blue-1025952\" target=\"_self\">\n\t\t\t\t\t\t<img\n\t\t\tsrc=\"https:\/\/www.skalnik.pl\/media\/catalog\/product\/b\/l\/bluza-eclipse-hooded-women-topaz-medieval-blue-1025952_2.jpg\"\n\t\t\talt=\"BLUZA ECLIPSE HOODED WOMEN-TOPAZ-MEDIEVAL BLUE\"\n\t\t\t\t\t\t\t\t\/>\n\t\t\t\t\t<\/a>\n\t\t<\/div>\n\n\t\t\n\t\t<a href=\"https:\/\/www.skalnik.pl\/bluza-eclipse-hooded-women-topaz-medieval-blue-1025952\" target=\"_self\"><span class=\"name\">BLUZA ECLIPSE HOODED WOMEN-TOPAZ-MEDIEVAL BLUE<\/span><\/a>\t\n\t\n\t\n\t<div class=\"url\"><a class=\"view-details\" href=\"https:\/\/www.skalnik.pl\/bluza-eclipse-hooded-women-topaz-medieval-blue-1025952\">Zobacz wi\u0119cej <\/a><\/div><\/li>\n\t\t<\/ul>\n\t<\/div>\n\n\n\n\n<p>Je\u015bli zastanawiacie si\u0119 z czego jest polar i czy materia\u0142 r\u00f3\u017cni si\u0119 sk\u0142adem mi\u0119dzy gramaturami, to odpowied\u017a jest kr\u00f3tka \u2013 nie. Polar zawsze sk\u0142ada si\u0119 z w\u0142\u00f3kien sztucznych \u2013 poliestru. Czasami ma wi\u0119ksze lub mniejsze domieszki, \u017ceby zwi\u0119kszy\u0107 wytrzyma\u0142o\u015b\u0107 lub rozci\u0105gliwo\u015b\u0107, ale trzon stanowi dobrze znany poliester.<\/p>\n\n\n\n<h2 class=\"wp-block-heading\"><span class=\"ez-toc-section\" id=\"Jaki_polar_wybrac\"><\/span>Jaki polar wybra\u0107?<span class=\"ez-toc-section-end\"><\/span><\/h2>\n\n\n\n<p>Tutaj pada ulubiona odpowied\u017a \u2013 to zale\u017cy. Je\u015bli chcecie mie\u0107 dobry polar na warstw\u0119 zewn\u0119trzn\u0105, to pewnie szukacie czego\u015b w miar\u0119 nieprzewiewnego i ciep\u0142ego. Wtedy z pomoc\u0105 przychodz\u0105 grube bluzy. Nadaj\u0105cy si\u0119 na warstw\u0119 zewn\u0119trzn\u0105 polar (gramatura 300 i wi\u0119cej) b\u0119dzie ca\u0142kiem dobrze chroni\u0142 od warunk\u00f3w zewn\u0119trznych przez swoj\u0105 zbit\u0105 struktur\u0119. Je\u015bli przy okazji b\u0119dzie on czym\u015b podszyty, to ju\u017c mo\u017cemy mie\u0107 pewno\u015b\u0107, \u017ce ochroni nas w du\u017cej mierze nawet przed wych\u0142adzaj\u0105cym wiatrem.<\/p>\n\n\n\n<p>Natomiast je\u015bli b\u0119dziecie szuka\u0107 drugiej warstwy swojego zestawu odzie\u017cy, musimy przenie\u015b\u0107 si\u0119 na drugi koniec skali. Na bielizn\u0119 termoaktywn\u0105 zwykle wchodzi cieniutki polar (gramatura 100 i podobne). Tej bluzy nie b\u0119dziecie \u015bci\u0105ga\u0107 za ka\u017cdym razem, gdy zaczniecie i\u015b\u0107 po przerwie. Powinna ona pracowa\u0107 razem z Wami i innymi elementami zestawu, dlatego nie mo\u017ce by\u0107 zbyt gruba.<\/p>\n\n\n<div class=\"wp-block-image\">\n<figure class=\"aligncenter size-large\"><img loading=\"lazy\" decoding=\"async\" width=\"1024\" height=\"683\" src=\"https:\/\/skalnik.pl\/blog\/wp-content\/uploads\/2020\/12\/polar-warstwy.jpeg\" alt=\"\" class=\"wp-image-15179\" srcset=\"https:\/\/www.skalnik.pl\/blog\/wp-content\/uploads\/2020\/12\/polar-warstwy.jpeg 1024w, https:\/\/www.skalnik.pl\/blog\/wp-content\/uploads\/2020\/12\/polar-warstwy-300x200.jpeg 300w, https:\/\/www.skalnik.pl\/blog\/wp-content\/uploads\/2020\/12\/polar-warstwy-768x512.jpeg 768w\" sizes=\"auto, (max-width: 1024px) 100vw, 1024px\" \/><figcaption class=\"wp-element-caption\"><em>Bluza polarowa \u015bwietnie sprawdza si\u0119 jako jedna z warstw odzie\u017cy w g\u00f3rach. fot. (Berghaus)<\/em><\/figcaption><\/figure>\n<\/div>\n\n\n<p>Dobieraj\u0105c grubo\u015b\u0107 polaru mo\u017cemy si\u0119 kierowa\u0107 uniwersaln\u0105 zasad\u0105 \u2013 im wi\u0119ksza aktywno\u015b\u0107 tym cie\u0144szy polar. Jednak to generalizowanie, a ono nigdy nie jest doskona\u0142e. Ka\u017cdy wydziela inn\u0105 ilo\u015b\u0107 ciep\u0142a, wi\u0119c musicie sami dobra\u0107 polar. Jaka gramatura b\u0119dzie najlepsza zale\u017cy od Waszych indywidualnych potrzeb i warunk\u00f3w. Dlatego polecam lektur\u0119 do tekstu <a href=\"https:\/\/skalnik.pl\/blog\/jak-wybrac-polar\/\" target=\"_blank\" rel=\"noreferrer noopener\">\u201eJaki polar wybra\u0107\u201d<\/a>, je\u015bli chcecie si\u0119 dowiedzie\u0107 czego\u015b wi\u0119cej o doborze odpowiedniej bluzy. Tam znajduje si\u0119 te\u017c odpowied\u017a na pytania: Polar \u2013 jaki to materia\u0142 oraz co mo\u017ce zaoferowa\u0107 u\u017cytkownikom.<\/p>\n\n\n\n<h2 class=\"wp-block-heading\"><span class=\"ez-toc-section\" id=\"Jaka_gramatura_polaru_jest_najlepsza\"><\/span>Jaka gramatura polaru jest najlepsza<span class=\"ez-toc-section-end\"><\/span><\/h2>\n\n\n\n<p>Dobry polar nie musi by\u0107 gruby, aby by\u0142 ciep\u0142y. Producenci prze\u015bcigaj\u0105 si\u0119 w projektowaniu nowych rozwi\u0105za\u0144. Dzi\u0119ki temu mamy do dyspozycji rodzaje polaru jak Polartec\u00ae Power Grid\u00ae, czy Polartec\u00ae Alpha\u00ae. Dzi\u0119ki swoim konstrukcjom zapewniaj\u0105 wi\u0119cej ciep\u0142a przy mniejszej ilo\u015bci samego materia\u0142u. Je\u015bli wi\u0119c b\u0119dziecie chcieli mie\u0107 dobry polar, to nie oznacza, \u017ce musicie szuka\u0107 go tylko w danej \u201ekategorii wagowej\u201d. Otw\u00f3rzcie si\u0119 r\u00f3wnie\u017c na nowe konstrukcje!<\/p>\n\n\n\n<figure class=\"wp-block-image size-full\"><a href=\"https:\/\/www.skalnik.pl\/odziez\/odziez-meska\/odziez-meska-bluzy\" target=\"_blank\" rel=\"noreferrer noopener\"><img loading=\"lazy\" decoding=\"async\" width=\"1024\" height=\"250\" src=\"https:\/\/www.skalnik.pl\/blog\/wp-content\/uploads\/2023\/11\/BLUZY-MESKIE-BANER.png\" alt=\"\" class=\"wp-image-24708\" srcset=\"https:\/\/www.skalnik.pl\/blog\/wp-content\/uploads\/2023\/11\/BLUZY-MESKIE-BANER.png 1024w, https:\/\/www.skalnik.pl\/blog\/wp-content\/uploads\/2023\/11\/BLUZY-MESKIE-BANER-300x73.png 300w, https:\/\/www.skalnik.pl\/blog\/wp-content\/uploads\/2023\/11\/BLUZY-MESKIE-BANER-768x188.png 768w\" sizes=\"auto, (max-width: 1024px) 100vw, 1024px\" \/><\/a><\/figure>\n\n\n\t<div class=\"magento-wrapper\">\n\t\t<ul class=\"products\">\n\t\t\t<li class=\"product\">\n\t\n\t\t<div class=\"image\">\n\t\t\t<a href=\"https:\/\/www.skalnik.pl\/bluza-puez-2-dry-ls-hood-full-zip-tee-navy-blazer-0910-1020702\" target=\"_self\">\n\t\t\t\t\t\t<img\n\t\t\tsrc=\"https:\/\/www.skalnik.pl\/media\/catalog\/product\/b\/l\/bluza-puez-2-dry-ls-hood-full-zip-tee-navy-blazer-0910-1020702_2.jpg\"\n\t\t\talt=\"BLUZA PUEZ 2 DRY LS HOOD FULL ZIP TEE-NAVY BLAZER-0910\"\n\t\t\t\t\t\t\t\t\/>\n\t\t\t\t\t<\/a>\n\t\t<\/div>\n\n\t\t\n\t\t<a href=\"https:\/\/www.skalnik.pl\/bluza-puez-2-dry-ls-hood-full-zip-tee-navy-blazer-0910-1020702\" target=\"_self\"><span class=\"name\">BLUZA PUEZ 2 DRY LS HOOD FULL ZIP TEE-NAVY BLAZER-0910<\/span><\/a>\t\n\t\n\t\n\t<div class=\"url\"><a class=\"view-details\" href=\"https:\/\/www.skalnik.pl\/bluza-puez-2-dry-ls-hood-full-zip-tee-navy-blazer-0910-1020702\">Zobacz wi\u0119cej <\/a><\/div><\/li>\n<li class=\"product\">\n\t\n\t\t<div class=\"image\">\n\t\t\t<a href=\"https:\/\/www.skalnik.pl\/bluza-superflux-hoody-deep-ink-deep-ink-1021115\" target=\"_self\">\n\t\t\t\t\t\t<img\n\t\t\tsrc=\"https:\/\/www.skalnik.pl\/media\/catalog\/product\/b\/l\/bluza-superflux-hoody-deep-ink-deep-ink-1021115_2.jpg\"\n\t\t\talt=\"BLUZA SUPERFLUX HOODY-DEEP INK-DEEP INK\"\n\t\t\t\t\t\t\t\t\/>\n\t\t\t\t\t<\/a>\n\t\t<\/div>\n\n\t\t\n\t\t<a href=\"https:\/\/www.skalnik.pl\/bluza-superflux-hoody-deep-ink-deep-ink-1021115\" target=\"_self\"><span class=\"name\">BLUZA SUPERFLUX HOODY-DEEP INK-DEEP INK<\/span><\/a>\t\n\t\n\t\n\t<div class=\"url\"><a class=\"view-details\" href=\"https:\/\/www.skalnik.pl\/bluza-superflux-hoody-deep-ink-deep-ink-1021115\">Zobacz wi\u0119cej <\/a><\/div><\/li>\n<li class=\"product\">\n\t\n\t\t<div class=\"image\">\n\t\t\t<a href=\"https:\/\/www.skalnik.pl\/bluza-bolt-polartec-hoodie-tnf-black-1015459\" target=\"_self\">\n\t\t\t\t\t\t<img\n\t\t\tsrc=\"https:\/\/www.skalnik.pl\/media\/catalog\/product\/b\/l\/bluza-bolt-polartec-hoodie-tnf-black-1015459_2.jpg\"\n\t\t\talt=\"BLUZA BOLT POLARTEC HOODIE-TNF BLACK\"\n\t\t\t\t\t\t\t\t\/>\n\t\t\t\t\t<\/a>\n\t\t<\/div>\n\n\t\t\n\t\t<a href=\"https:\/\/www.skalnik.pl\/bluza-bolt-polartec-hoodie-tnf-black-1015459\" target=\"_self\"><span class=\"name\">BLUZA BOLT POLARTEC HOODIE-TNF BLACK<\/span><\/a>\t\n\t\n\t\n\t<div class=\"url\"><a class=\"view-details\" href=\"https:\/\/www.skalnik.pl\/bluza-bolt-polartec-hoodie-tnf-black-1015459\">Zobacz wi\u0119cej <\/a><\/div><\/li>\n\t\t<\/ul>\n\t<\/div>\n\n\n\n\n<h2 class=\"wp-block-heading\"><span class=\"ez-toc-section\" id=\"Jaki_polar_w_gory\"><\/span>Jaki polar w g\u00f3ry<span class=\"ez-toc-section-end\"><\/span><\/h2>\n\n\n\n<p>Niestety, nie ma jednoznacznej odpowiedzi na to pytanie. Drobna dziewczyna i ros\u0142y facet b\u0119d\u0105 inaczej odczuwa\u0107 zimno. Sami wi\u0119c musicie zdecydowa\u0107 jaki polar jest dla Was najodpowiedniejszy. Wy\u017cej ju\u017c wspomnia\u0142em uniwersaln\u0105 zasad\u0119 doboru gramatury, teraz mog\u0119 podpowiedzie\u0107 nieco o wyborze samej bluzy. A w\u0142a\u015bciwie, to chc\u0119 powiedzie\u0107 o wyborze bluz.<\/p>\n\n\n\n<p>Na pewno kojarzycie zalecenie ubioru \u201ena cebulk\u0119\u201d. Tak w\u0142a\u015bnie powinno ubiera\u0107 si\u0119 w g\u00f3rach! Nie ubierajcie jednej bluzy, kt\u00f3rej grubo\u015b\u0107 b\u0119dzie podobna do \u015bcian bunkra. Mog\u0119 si\u0119 za\u0142o\u017cy\u0107, \u017ce w takiej bluzie b\u0119dzie Wam albo za ciep\u0142o, albo za zimno. Ma\u0142a szansa, \u017ce b\u0119dzie w takim polarze w sam raz przez ca\u0142\u0105 wycieczk\u0119. Je\u015bli zamiast tego zdecydujecie si\u0119 na dwa <a href=\"https:\/\/skalnik.pl\/odziez\/polarowa\" target=\"_blank\" rel=\"noreferrer noopener\">polary<\/a> mo\u017cecie dowolnie je zmienia\u0107. Na post\u00f3j zak\u0142adacie dwa, na marsz tylko jeden. Na super ci\u0119\u017ckie podej\u015bcie \u017cadnego. W sytuacji gdy jeden si\u0119 zamoczy szybko mo\u017cna zmieni\u0107 go na ten z plecaka. Dwa dobre polary robi\u0105 robot\u0119!<\/p>\n\n\n<div class=\"wp-block-image\">\n<figure class=\"aligncenter size-large\"><img loading=\"lazy\" decoding=\"async\" width=\"1023\" height=\"683\" src=\"https:\/\/skalnik.pl\/blog\/wp-content\/uploads\/2020\/12\/kilka-poloarowych-bluz-rab.jpeg\" alt=\"\" class=\"wp-image-15176\" srcset=\"https:\/\/www.skalnik.pl\/blog\/wp-content\/uploads\/2020\/12\/kilka-poloarowych-bluz-rab.jpeg 1023w, https:\/\/www.skalnik.pl\/blog\/wp-content\/uploads\/2020\/12\/kilka-poloarowych-bluz-rab-300x200.jpeg 300w, https:\/\/www.skalnik.pl\/blog\/wp-content\/uploads\/2020\/12\/kilka-poloarowych-bluz-rab-768x513.jpeg 768w\" sizes=\"auto, (max-width: 1023px) 100vw, 1023px\" \/><figcaption class=\"wp-element-caption\"><em>Kilka polarowych bluz &#8211; tak! Szczeg\u00f3lnie w ekstremalnych warunkach. Uczestnik zimowej wyprawy na Nanga Parbat w dw\u00f3ch bluzach. (fot. Rab)<\/em><\/figcaption><\/figure>\n<\/div>\n\n\n<h2 class=\"wp-block-heading\"><span class=\"ez-toc-section\" id=\"Polar_z_zamkiem_czy_bez\"><\/span>Polar z zamkiem, czy bez<span class=\"ez-toc-section-end\"><\/span><\/h2>\n\n\n\n<p>Zamki puszczaj\u0105 ciep\u0142o. Dlatego w \u015bpiworach mamy listwy, kt\u00f3re zakrywaj\u0105 zamki, a w kurtkach na naprawd\u0119 ci\u0119\u017ckie warunki materia\u0142 od do\u0142u i od g\u00f3ry zamka. W polarach jest tak samo. Je\u015bli wi\u0119c chcecie wycisn\u0105\u0107 maksymaln\u0105 ilo\u015b\u0107 ciep\u0142a z danej bluzy powinni\u015bcie szuka\u0107 bluzy z minimalnym zamkiem. Da si\u0119 przywykn\u0105\u0107 do zak\u0142adania rzeczy przez g\u0142ow\u0119 \u2013 to nie przeszkadza w \u017cyciu.<\/p>\n\n\n\n<p>Poza tym&#8230; zamki wa\u017c\u0105! Na skr\u00f3ceniu zamka z ca\u0142ej d\u0142ugo\u015bci do \u00bc da si\u0119 zaoszcz\u0119dzi\u0107 \u0142adne kilkadziesi\u0105t gram\u00f3w. Doceni to na pewno ka\u017cdy biegacz i licz\u0105cy si\u0119 z wag\u0105 podr\u00f3\u017cnik.<\/p>\n\n\n\n<p>Jednak i tutaj grubo\u015b\u0107 polaru ma znaczenie. Nie znajdziemy bardzo ciep\u0142ych bluz zak\u0142adanych przez g\u0142ow\u0119. Te s\u0105 zwykle rozpinane na ca\u0142ej d\u0142ugo\u015bci<\/p>\n\n\n\n<p>&nbsp;<\/p>\n\n\n\n<p>Mam nadziej\u0119, \u017ce wiecie ju\u017c co oznacza gramatura polaru i nie b\u0119dziecie si\u0119 zastanawia\u0107, czy wzi\u0105\u0107 <em>setk\u0119<\/em>, czy <em>trzysetk\u0119<\/em>. \u015awiat materia\u0142\u00f3w outdoor jest szeroki i wierz\u0119, \u017ce b\u0119dziecie mieli okazj\u0119 przetestowa\u0107 wiele konstrukcji. Podzielcie si\u0119 w komentarzach, jaka z polarowych bluz jest Wasz\u0105 ulubion\u0105. Szukaj\u0105c odpowiedniej dla siebie <a href=\"https:\/\/skalnik.pl\/odziez\/odziez-meska\/odziez-meska-bluzy\" target=\"_blank\" rel=\"noreferrer noopener\">bluzy<\/a>, zajrzyjcie na grup\u0119 facebookow\u0105 G\u00f3ry &#8211; Wspinanie &#8211; Sprz\u0119t &#8211; Patenty (spo\u0142eczno\u015b\u0107 Skalnik.pl), gdzie mo\u017cecie zada\u0107 pytanie i uzyska\u0107 odpowied\u017a od mi\u0142o\u015bnik\u00f3w outdooru, takich jak Wy!<\/p>\n\n\n\n<figure class=\"wp-block-image size-full\"><a href=\"https:\/\/www.skalnik.pl\/\" target=\"_blank\" rel=\"noreferrer noopener\"><img loading=\"lazy\" decoding=\"async\" width=\"1024\" height=\"250\" src=\"https:\/\/www.skalnik.pl\/blog\/wp-content\/uploads\/2023\/05\/Baner-blog_skalnik_1024x250pxA.jpg\" alt=\"\" class=\"wp-image-23052\" srcset=\"https:\/\/www.skalnik.pl\/blog\/wp-content\/uploads\/2023\/05\/Baner-blog_skalnik_1024x250pxA.jpg 1024w, https:\/\/www.skalnik.pl\/blog\/wp-content\/uploads\/2023\/05\/Baner-blog_skalnik_1024x250pxA-300x73.jpg 300w, https:\/\/www.skalnik.pl\/blog\/wp-content\/uploads\/2023\/05\/Baner-blog_skalnik_1024x250pxA-768x188.jpg 768w\" sizes=\"auto, (max-width: 1024px) 100vw, 1024px\" \/><\/a><\/figure>\n","protected":false},"excerpt":{"rendered":"<p>Co to jest gramatura polaru i jaka b\u0119dzie odpowiednia? Sprawd\u017a i wybierz dobr\u0105 bluz\u0119. <\/p>\n","protected":false},"author":36,"featured_media":15174,"comment_status":"open","ping_status":"open","sticky":false,"template":"","format":"standard","meta":{"_acf_changed":false,"footnotes":""},"categories":[3],"tags":[15,133,210],"magento_category":[253],"magento_product":[],"class_list":["post-15172","post","type-post","status-publish","format-standard","has-post-thumbnail","hentry","category-porady","tag-odziez","tag-polartec","tag-turystyka"],"acf":[],"aioseo_notices":[],"aioseo_head":"\n\t\t<!-- All in One SEO 4.9.10 - aioseo.com -->\n\t<meta name=\"description\" content=\"Czym jest gramatura polaru? Dzi\u0119ki temu artyku\u0142owi dowiesz si\u0119 jak kupi\u0107 bluz\u0119 polarow\u0105 dopasowan\u0105 do swoich potrzeb. Jedne bluzy polar innym bluzom w g\u00f3ry mog\u0105 nie by\u0107 r\u00f3wne.\" \/>\n\t<meta name=\"robots\" content=\"max-image-preview:large\" \/>\n\t<meta name=\"author\" content=\"Krzysztof Ostry\u017cniuk\"\/>\n\t<link rel=\"canonical\" href=\"https:\/\/www.skalnik.pl\/blog\/gramatura-polaru-jaki-polar-wybrac\/\" \/>\n\t<meta name=\"generator\" content=\"All in One SEO (AIOSEO) 4.9.10\" \/>\n\t\t<meta property=\"og:locale\" content=\"pl_PL\" \/>\n\t\t<meta property=\"og:site_name\" content=\"blog Skalnik - Blog, porady, artyku\u0142y - blog Skalnik\" \/>\n\t\t<meta property=\"og:type\" content=\"article\" \/>\n\t\t<meta property=\"og:title\" content=\"Gramatura polaru \u2013 jaki polar wybra\u0107? - blog Skalnik\" \/>\n\t\t<meta property=\"og:description\" content=\"Czym jest gramatura polaru? Dzi\u0119ki temu artyku\u0142owi dowiesz si\u0119 jak kupi\u0107 bluz\u0119 polarow\u0105 dopasowan\u0105 do swoich potrzeb. Jedne bluzy polar innym bluzom w g\u00f3ry mog\u0105 nie by\u0107 r\u00f3wne.\" \/>\n\t\t<meta property=\"og:url\" content=\"https:\/\/www.skalnik.pl\/blog\/gramatura-polaru-jaki-polar-wybrac\/\" \/>\n\t\t<meta property=\"og:image\" content=\"https:\/\/skalnik.pl\/blog\/wp-content\/uploads\/2020\/12\/ciep\u0142y-polar.jpeg\" \/>\n\t\t<meta property=\"og:image:secure_url\" content=\"https:\/\/skalnik.pl\/blog\/wp-content\/uploads\/2020\/12\/ciep\u0142y-polar.jpeg\" \/>\n\t\t<meta property=\"article:tag\" content=\"porady\" \/>\n\t\t<meta property=\"article:tag\" content=\"odzie\u017c\" \/>\n\t\t<meta property=\"article:tag\" content=\"polartec\" \/>\n\t\t<meta property=\"article:tag\" content=\"turystyka\" \/>\n\t\t<meta property=\"article:published_time\" content=\"2020-12-25T12:16:00+00:00\" \/>\n\t\t<meta property=\"article:modified_time\" content=\"2023-11-14T08:19:33+00:00\" \/>\n\t\t<meta name=\"twitter:card\" content=\"summary_large_image\" \/>\n\t\t<meta name=\"twitter:title\" content=\"Gramatura polaru \u2013 jaki polar wybra\u0107? - blog Skalnik\" \/>\n\t\t<meta name=\"twitter:description\" content=\"Czym jest gramatura polaru? Dzi\u0119ki temu artyku\u0142owi dowiesz si\u0119 jak kupi\u0107 bluz\u0119 polarow\u0105 dopasowan\u0105 do swoich potrzeb. Jedne bluzy polar innym bluzom w g\u00f3ry mog\u0105 nie by\u0107 r\u00f3wne.\" \/>\n\t\t<meta name=\"twitter:image\" content=\"https:\/\/skalnik.pl\/blog\/wp-content\/uploads\/2020\/12\/ciep\u0142y-polar.jpeg\" \/>\n\t\t<script type=\"application\/ld+json\" class=\"aioseo-schema\">\n\t\t\t{\"@context\":\"https:\\\/\\\/schema.org\",\"@graph\":[{\"@type\":\"BlogPosting\",\"@id\":\"https:\\\/\\\/www.skalnik.pl\\\/blog\\\/gramatura-polaru-jaki-polar-wybrac\\\/#blogposting\",\"name\":\"Gramatura polaru \\u2013 jaki polar wybra\\u0107? - blog Skalnik\",\"headline\":\"Gramatura polaru &#8211; jaki polar wybra\\u0107?\",\"author\":{\"@id\":\"https:\\\/\\\/www.skalnik.pl\\\/blog\\\/author\\\/krzysztof-ostryzniuk\\\/#author\"},\"publisher\":{\"@id\":\"https:\\\/\\\/www.skalnik.pl\\\/blog\\\/#organization\"},\"image\":{\"@type\":\"ImageObject\",\"url\":\"https:\\\/\\\/www.skalnik.pl\\\/blog\\\/wp-content\\\/uploads\\\/2020\\\/12\\\/salewa-bluzy-gramatura-polaru.jpeg\",\"width\":1920,\"height\":704},\"datePublished\":\"2020-12-25T13:16:00+02:00\",\"dateModified\":\"2023-11-14T10:19:33+02:00\",\"inLanguage\":\"pl-PL\",\"mainEntityOfPage\":{\"@id\":\"https:\\\/\\\/www.skalnik.pl\\\/blog\\\/gramatura-polaru-jaki-polar-wybrac\\\/#webpage\"},\"isPartOf\":{\"@id\":\"https:\\\/\\\/www.skalnik.pl\\\/blog\\\/gramatura-polaru-jaki-polar-wybrac\\\/#webpage\"},\"articleSection\":\"Porady, odzie\\u017c, polartec, turystyka, 1099\"},{\"@type\":\"BreadcrumbList\",\"@id\":\"https:\\\/\\\/www.skalnik.pl\\\/blog\\\/gramatura-polaru-jaki-polar-wybrac\\\/#breadcrumblist\",\"itemListElement\":[{\"@type\":\"ListItem\",\"@id\":\"https:\\\/\\\/www.skalnik.pl\\\/blog#listItem\",\"position\":1,\"name\":\"Home\",\"item\":\"https:\\\/\\\/www.skalnik.pl\\\/blog\",\"nextItem\":{\"@type\":\"ListItem\",\"@id\":\"https:\\\/\\\/www.skalnik.pl\\\/blog\\\/.\\\/porady\\\/#listItem\",\"name\":\"Porady\"}},{\"@type\":\"ListItem\",\"@id\":\"https:\\\/\\\/www.skalnik.pl\\\/blog\\\/.\\\/porady\\\/#listItem\",\"position\":2,\"name\":\"Porady\",\"item\":\"https:\\\/\\\/www.skalnik.pl\\\/blog\\\/.\\\/porady\\\/\",\"nextItem\":{\"@type\":\"ListItem\",\"@id\":\"https:\\\/\\\/www.skalnik.pl\\\/blog\\\/gramatura-polaru-jaki-polar-wybrac\\\/#listItem\",\"name\":\"Gramatura polaru &#8211; jaki polar wybra\\u0107?\"},\"previousItem\":{\"@type\":\"ListItem\",\"@id\":\"https:\\\/\\\/www.skalnik.pl\\\/blog#listItem\",\"name\":\"Home\"}},{\"@type\":\"ListItem\",\"@id\":\"https:\\\/\\\/www.skalnik.pl\\\/blog\\\/gramatura-polaru-jaki-polar-wybrac\\\/#listItem\",\"position\":3,\"name\":\"Gramatura polaru &#8211; jaki polar wybra\\u0107?\",\"previousItem\":{\"@type\":\"ListItem\",\"@id\":\"https:\\\/\\\/www.skalnik.pl\\\/blog\\\/.\\\/porady\\\/#listItem\",\"name\":\"Porady\"}}]},{\"@type\":\"Organization\",\"@id\":\"https:\\\/\\\/www.skalnik.pl\\\/blog\\\/#organization\",\"name\":\"blog Skalnik\",\"description\":\"Blog, porady, artyku\\u0142y - blog Skalnik\",\"url\":\"https:\\\/\\\/www.skalnik.pl\\\/blog\\\/\"},{\"@type\":\"Person\",\"@id\":\"https:\\\/\\\/www.skalnik.pl\\\/blog\\\/author\\\/krzysztof-ostryzniuk\\\/#author\",\"url\":\"https:\\\/\\\/www.skalnik.pl\\\/blog\\\/author\\\/krzysztof-ostryzniuk\\\/\",\"name\":\"Krzysztof Ostry\\u017cniuk\",\"image\":{\"@type\":\"ImageObject\",\"@id\":\"https:\\\/\\\/www.skalnik.pl\\\/blog\\\/gramatura-polaru-jaki-polar-wybrac\\\/#authorImage\",\"url\":\"https:\\\/\\\/secure.gravatar.com\\\/avatar\\\/4600ff58a0243a08913d57bbc4055c2d277233f33a85f841ecb639e269a6697a?s=96&d=mm&r=g\",\"width\":96,\"height\":96,\"caption\":\"Krzysztof Ostry\\u017cniuk\"}},{\"@type\":\"WebPage\",\"@id\":\"https:\\\/\\\/www.skalnik.pl\\\/blog\\\/gramatura-polaru-jaki-polar-wybrac\\\/#webpage\",\"url\":\"https:\\\/\\\/www.skalnik.pl\\\/blog\\\/gramatura-polaru-jaki-polar-wybrac\\\/\",\"name\":\"Gramatura polaru \\u2013 jaki polar wybra\\u0107? - blog Skalnik\",\"description\":\"Czym jest gramatura polaru? Dzi\\u0119ki temu artyku\\u0142owi dowiesz si\\u0119 jak kupi\\u0107 bluz\\u0119 polarow\\u0105 dopasowan\\u0105 do swoich potrzeb. Jedne bluzy polar innym bluzom w g\\u00f3ry mog\\u0105 nie by\\u0107 r\\u00f3wne.\",\"inLanguage\":\"pl-PL\",\"isPartOf\":{\"@id\":\"https:\\\/\\\/www.skalnik.pl\\\/blog\\\/#website\"},\"breadcrumb\":{\"@id\":\"https:\\\/\\\/www.skalnik.pl\\\/blog\\\/gramatura-polaru-jaki-polar-wybrac\\\/#breadcrumblist\"},\"author\":{\"@id\":\"https:\\\/\\\/www.skalnik.pl\\\/blog\\\/author\\\/krzysztof-ostryzniuk\\\/#author\"},\"creator\":{\"@id\":\"https:\\\/\\\/www.skalnik.pl\\\/blog\\\/author\\\/krzysztof-ostryzniuk\\\/#author\"},\"image\":{\"@type\":\"ImageObject\",\"url\":\"https:\\\/\\\/www.skalnik.pl\\\/blog\\\/wp-content\\\/uploads\\\/2020\\\/12\\\/salewa-bluzy-gramatura-polaru.jpeg\",\"@id\":\"https:\\\/\\\/www.skalnik.pl\\\/blog\\\/gramatura-polaru-jaki-polar-wybrac\\\/#mainImage\",\"width\":1920,\"height\":704},\"primaryImageOfPage\":{\"@id\":\"https:\\\/\\\/www.skalnik.pl\\\/blog\\\/gramatura-polaru-jaki-polar-wybrac\\\/#mainImage\"},\"datePublished\":\"2020-12-25T13:16:00+02:00\",\"dateModified\":\"2023-11-14T10:19:33+02:00\"},{\"@type\":\"WebSite\",\"@id\":\"https:\\\/\\\/www.skalnik.pl\\\/blog\\\/#website\",\"url\":\"https:\\\/\\\/www.skalnik.pl\\\/blog\\\/\",\"name\":\"blog Skalnik\",\"description\":\"Blog, porady, artyku\\u0142y - blog Skalnik\",\"inLanguage\":\"pl-PL\",\"publisher\":{\"@id\":\"https:\\\/\\\/www.skalnik.pl\\\/blog\\\/#organization\"}}]}\n\t\t<\/script>\n\t\t<!-- All in One SEO -->\n\n","aioseo_head_json":{"title":"Gramatura polaru \u2013 jaki polar wybra\u0107? - blog Skalnik","description":"Czym jest gramatura polaru? Dzi\u0119ki temu artyku\u0142owi dowiesz si\u0119 jak kupi\u0107 bluz\u0119 polarow\u0105 dopasowan\u0105 do swoich potrzeb. Jedne bluzy polar innym bluzom w g\u00f3ry mog\u0105 nie by\u0107 r\u00f3wne.","canonical_url":"https:\/\/www.skalnik.pl\/blog\/gramatura-polaru-jaki-polar-wybrac\/","robots":"max-image-preview:large","keywords":"","webmasterTools":{"miscellaneous":""},"schema":{"@context":"https:\/\/schema.org","@graph":[{"@type":"BlogPosting","@id":"https:\/\/www.skalnik.pl\/blog\/gramatura-polaru-jaki-polar-wybrac\/#blogposting","name":"Gramatura polaru \u2013 jaki polar wybra\u0107? - blog Skalnik","headline":"Gramatura polaru &#8211; jaki polar wybra\u0107?","author":{"@id":"https:\/\/www.skalnik.pl\/blog\/author\/krzysztof-ostryzniuk\/#author"},"publisher":{"@id":"https:\/\/www.skalnik.pl\/blog\/#organization"},"image":{"@type":"ImageObject","url":"https:\/\/www.skalnik.pl\/blog\/wp-content\/uploads\/2020\/12\/salewa-bluzy-gramatura-polaru.jpeg","width":1920,"height":704},"datePublished":"2020-12-25T13:16:00+02:00","dateModified":"2023-11-14T10:19:33+02:00","inLanguage":"pl-PL","mainEntityOfPage":{"@id":"https:\/\/www.skalnik.pl\/blog\/gramatura-polaru-jaki-polar-wybrac\/#webpage"},"isPartOf":{"@id":"https:\/\/www.skalnik.pl\/blog\/gramatura-polaru-jaki-polar-wybrac\/#webpage"},"articleSection":"Porady, odzie\u017c, polartec, turystyka, 1099"},{"@type":"BreadcrumbList","@id":"https:\/\/www.skalnik.pl\/blog\/gramatura-polaru-jaki-polar-wybrac\/#breadcrumblist","itemListElement":[{"@type":"ListItem","@id":"https:\/\/www.skalnik.pl\/blog#listItem","position":1,"name":"Home","item":"https:\/\/www.skalnik.pl\/blog","nextItem":{"@type":"ListItem","@id":"https:\/\/www.skalnik.pl\/blog\/.\/porady\/#listItem","name":"Porady"}},{"@type":"ListItem","@id":"https:\/\/www.skalnik.pl\/blog\/.\/porady\/#listItem","position":2,"name":"Porady","item":"https:\/\/www.skalnik.pl\/blog\/.\/porady\/","nextItem":{"@type":"ListItem","@id":"https:\/\/www.skalnik.pl\/blog\/gramatura-polaru-jaki-polar-wybrac\/#listItem","name":"Gramatura polaru &#8211; jaki polar wybra\u0107?"},"previousItem":{"@type":"ListItem","@id":"https:\/\/www.skalnik.pl\/blog#listItem","name":"Home"}},{"@type":"ListItem","@id":"https:\/\/www.skalnik.pl\/blog\/gramatura-polaru-jaki-polar-wybrac\/#listItem","position":3,"name":"Gramatura polaru &#8211; jaki polar wybra\u0107?","previousItem":{"@type":"ListItem","@id":"https:\/\/www.skalnik.pl\/blog\/.\/porady\/#listItem","name":"Porady"}}]},{"@type":"Organization","@id":"https:\/\/www.skalnik.pl\/blog\/#organization","name":"blog Skalnik","description":"Blog, porady, artyku\u0142y - blog Skalnik","url":"https:\/\/www.skalnik.pl\/blog\/"},{"@type":"Person","@id":"https:\/\/www.skalnik.pl\/blog\/author\/krzysztof-ostryzniuk\/#author","url":"https:\/\/www.skalnik.pl\/blog\/author\/krzysztof-ostryzniuk\/","name":"Krzysztof Ostry\u017cniuk","image":{"@type":"ImageObject","@id":"https:\/\/www.skalnik.pl\/blog\/gramatura-polaru-jaki-polar-wybrac\/#authorImage","url":"https:\/\/secure.gravatar.com\/avatar\/4600ff58a0243a08913d57bbc4055c2d277233f33a85f841ecb639e269a6697a?s=96&d=mm&r=g","width":96,"height":96,"caption":"Krzysztof Ostry\u017cniuk"}},{"@type":"WebPage","@id":"https:\/\/www.skalnik.pl\/blog\/gramatura-polaru-jaki-polar-wybrac\/#webpage","url":"https:\/\/www.skalnik.pl\/blog\/gramatura-polaru-jaki-polar-wybrac\/","name":"Gramatura polaru \u2013 jaki polar wybra\u0107? - blog Skalnik","description":"Czym jest gramatura polaru? Dzi\u0119ki temu artyku\u0142owi dowiesz si\u0119 jak kupi\u0107 bluz\u0119 polarow\u0105 dopasowan\u0105 do swoich potrzeb. Jedne bluzy polar innym bluzom w g\u00f3ry mog\u0105 nie by\u0107 r\u00f3wne.","inLanguage":"pl-PL","isPartOf":{"@id":"https:\/\/www.skalnik.pl\/blog\/#website"},"breadcrumb":{"@id":"https:\/\/www.skalnik.pl\/blog\/gramatura-polaru-jaki-polar-wybrac\/#breadcrumblist"},"author":{"@id":"https:\/\/www.skalnik.pl\/blog\/author\/krzysztof-ostryzniuk\/#author"},"creator":{"@id":"https:\/\/www.skalnik.pl\/blog\/author\/krzysztof-ostryzniuk\/#author"},"image":{"@type":"ImageObject","url":"https:\/\/www.skalnik.pl\/blog\/wp-content\/uploads\/2020\/12\/salewa-bluzy-gramatura-polaru.jpeg","@id":"https:\/\/www.skalnik.pl\/blog\/gramatura-polaru-jaki-polar-wybrac\/#mainImage","width":1920,"height":704},"primaryImageOfPage":{"@id":"https:\/\/www.skalnik.pl\/blog\/gramatura-polaru-jaki-polar-wybrac\/#mainImage"},"datePublished":"2020-12-25T13:16:00+02:00","dateModified":"2023-11-14T10:19:33+02:00"},{"@type":"WebSite","@id":"https:\/\/www.skalnik.pl\/blog\/#website","url":"https:\/\/www.skalnik.pl\/blog\/","name":"blog Skalnik","description":"Blog, porady, artyku\u0142y - blog Skalnik","inLanguage":"pl-PL","publisher":{"@id":"https:\/\/www.skalnik.pl\/blog\/#organization"}}]},"og:locale":"pl_PL","og:site_name":"blog Skalnik - Blog, porady, artyku\u0142y - blog Skalnik","og:type":"article","og:title":"Gramatura polaru \u2013 jaki polar wybra\u0107? - blog Skalnik","og:description":"Czym jest gramatura polaru? Dzi\u0119ki temu artyku\u0142owi dowiesz si\u0119 jak kupi\u0107 bluz\u0119 polarow\u0105 dopasowan\u0105 do swoich potrzeb. Jedne bluzy polar innym bluzom w g\u00f3ry mog\u0105 nie by\u0107 r\u00f3wne.","og:url":"https:\/\/www.skalnik.pl\/blog\/gramatura-polaru-jaki-polar-wybrac\/","og:image":"https:\/\/skalnik.pl\/blog\/wp-content\/uploads\/2020\/12\/ciep\u0142y-polar.jpeg","og:image:secure_url":"https:\/\/skalnik.pl\/blog\/wp-content\/uploads\/2020\/12\/ciep\u0142y-polar.jpeg","article:tag":["porady","odzie\u017c","polartec","turystyka"],"article:published_time":"2020-12-25T12:16:00+00:00","article:modified_time":"2023-11-14T08:19:33+00:00","twitter:card":"summary_large_image","twitter:title":"Gramatura polaru \u2013 jaki polar wybra\u0107? - blog Skalnik","twitter:description":"Czym jest gramatura polaru? Dzi\u0119ki temu artyku\u0142owi dowiesz si\u0119 jak kupi\u0107 bluz\u0119 polarow\u0105 dopasowan\u0105 do swoich potrzeb. Jedne bluzy polar innym bluzom w g\u00f3ry mog\u0105 nie by\u0107 r\u00f3wne.","twitter:image":"https:\/\/skalnik.pl\/blog\/wp-content\/uploads\/2020\/12\/ciep\u0142y-polar.jpeg"},"aioseo_meta_data":{"post_id":"15172","title":null,"description":"Czym jest gramatura polaru? Dzi\u0119ki temu artyku\u0142owi dowiesz si\u0119 jak kupi\u0107 bluz\u0119 polarow\u0105 dopasowan\u0105 do swoich potrzeb. Jedne bluzy polar innym bluzom w g\u00f3ry mog\u0105 nie by\u0107 r\u00f3wne.","keywords":[{"label":"polar","value":"polar"},{"label":"bluza w g\u00f3ry","value":"bluza w g\u00f3ry"},{"label":"bluzy polar","value":"bluzy polar"},{"label":"polar w g\u00f3ry","value":"polar w g\u00f3ry"},{"label":"bluzy polarowe gramatura","value":"bluzy polarowe gramatura"}],"keyphrases":{"focus":{"keyphrase":"","score":0,"analysis":{"keyphraseInTitle":{"score":0,"maxScore":9,"error":1}}},"additional":[]},"primary_term":null,"canonical_url":null,"og_title":null,"og_description":null,"og_object_type":"default","og_image_type":"default","og_image_url":null,"og_image_width":null,"og_image_height":null,"og_image_custom_url":null,"og_image_custom_fields":null,"og_video":"","og_custom_url":null,"og_article_section":null,"og_article_tags":[],"twitter_use_og":false,"twitter_card":"default","twitter_image_type":"default","twitter_image_url":null,"twitter_image_custom_url":null,"twitter_image_custom_fields":null,"twitter_title":null,"twitter_description":null,"schema":{"blockGraphs":[],"customGraphs":[],"default":{"data":{"Article":[],"Course":[],"Dataset":[],"FAQPage":[],"Movie":[],"Person":[],"Product":[],"ProductReview":[],"Car":[],"Recipe":[],"Service":[],"SoftwareApplication":[],"WebPage":[]},"graphName":"","isEnabled":true},"graphs":[]},"schema_type":"default","schema_type_options":null,"pillar_content":false,"robots_default":true,"robots_noindex":false,"robots_noarchive":false,"robots_nosnippet":false,"robots_nofollow":false,"robots_noimageindex":false,"robots_noodp":false,"robots_notranslate":false,"robots_max_snippet":"-1","robots_max_videopreview":"-1","robots_max_imagepreview":"large","priority":null,"frequency":"default","local_seo":null,"breadcrumb_settings":null,"limit_modified_date":false,"ai":null,"created":"2022-08-26 09:47:12","updated":"2026-02-17 22:02:24","seo_analyzer_scan_date":null},"aioseo_breadcrumb":"<div class=\"aioseo-breadcrumbs\"><span class=\"aioseo-breadcrumb\">\n\t\t\t<a href=\"https:\/\/www.skalnik.pl\/blog\" title=\"Home\">Home<\/a>\n\t\t<\/span><span class=\"aioseo-breadcrumb-separator\">&raquo;<\/span><span class=\"aioseo-breadcrumb\">\n\t\t\t<a href=\"https:\/\/www.skalnik.pl\/blog\/.\/porady\/\" title=\"Porady\">Porady<\/a>\n\t\t<\/span><span class=\"aioseo-breadcrumb-separator\">&raquo;<\/span><span class=\"aioseo-breadcrumb\">\n\t\t\tGramatura polaru \u2013 jaki polar wybra\u0107?\n\t\t<\/span><\/div>","aioseo_breadcrumb_json":[{"label":"Home","link":"https:\/\/www.skalnik.pl\/blog"},{"label":"Porady","link":"https:\/\/www.skalnik.pl\/blog\/.\/porady\/"},{"label":"Gramatura polaru &#8211; jaki polar wybra\u0107?","link":"https:\/\/www.skalnik.pl\/blog\/gramatura-polaru-jaki-polar-wybrac\/"}],"_links":{"self":[{"href":"https:\/\/www.skalnik.pl\/blog\/wp-json\/wp\/v2\/posts\/15172","targetHints":{"allow":["GET"]}}],"collection":[{"href":"https:\/\/www.skalnik.pl\/blog\/wp-json\/wp\/v2\/posts"}],"about":[{"href":"https:\/\/www.skalnik.pl\/blog\/wp-json\/wp\/v2\/types\/post"}],"author":[{"embeddable":true,"href":"https:\/\/www.skalnik.pl\/blog\/wp-json\/wp\/v2\/users\/36"}],"replies":[{"embeddable":true,"href":"https:\/\/www.skalnik.pl\/blog\/wp-json\/wp\/v2\/comments?post=15172"}],"version-history":[{"count":11,"href":"https:\/\/www.skalnik.pl\/blog\/wp-json\/wp\/v2\/posts\/15172\/revisions"}],"predecessor-version":[{"id":24726,"href":"https:\/\/www.skalnik.pl\/blog\/wp-json\/wp\/v2\/posts\/15172\/revisions\/24726"}],"wp:featuredmedia":[{"embeddable":true,"href":"https:\/\/www.skalnik.pl\/blog\/wp-json\/wp\/v2\/media\/15174"}],"wp:attachment":[{"href":"https:\/\/www.skalnik.pl\/blog\/wp-json\/wp\/v2\/media?parent=15172"}],"wp:term":[{"taxonomy":"category","embeddable":true,"href":"https:\/\/www.skalnik.pl\/blog\/wp-json\/wp\/v2\/categories?post=15172"},{"taxonomy":"post_tag","embeddable":true,"href":"https:\/\/www.skalnik.pl\/blog\/wp-json\/wp\/v2\/tags?post=15172"},{"taxonomy":"magento_category","embeddable":true,"href":"https:\/\/www.skalnik.pl\/blog\/wp-json\/wp\/v2\/magento_category?post=15172"},{"taxonomy":"magento_product","embeddable":true,"href":"https:\/\/www.skalnik.pl\/blog\/wp-json\/wp\/v2\/magento_product?post=15172"}],"curies":[{"name":"wp","href":"https:\/\/api.w.org\/{rel}","templated":true}]}}