{"id":15740,"date":"2021-02-05T23:59:00","date_gmt":"2021-02-05T22:59:00","guid":{"rendered":"https:\/\/skalnik.pl\/blog\/?p=15740"},"modified":"2021-07-05T13:45:26","modified_gmt":"2021-07-05T11:45:26","slug":"korona-gor-polski-czupel","status":"publish","type":"post","link":"https:\/\/www.skalnik.pl\/blog\/korona-gor-polski-czupel\/","title":{"rendered":"Korona G\u00f3r Polski &#8211; Czupel"},"content":{"rendered":"\n<p><strong>Pasmo Beskidu Ma\u0142ego nosi swoj\u0105 nazw\u0119 nie ze wzgl\u0119du na wysoko\u015b\u0107, lecz niewielk\u0105 powierzchni\u0119, jak\u0105 te g\u00f3ry zajmuj\u0105. Cho\u0107 trzeba doda\u0107, \u017ce szczyty te\u017c do wysokich nie nale\u017c\u0105, skoro najwy\u017cszy z nich &#8211; Czupel &#8211; ma r\u00f3wne 930 m n.p.m.&nbsp;<\/strong><\/p>\n\n\n\n<div id=\"ez-toc-container\" class=\"ez-toc-v2_0_85 counter-hierarchy ez-toc-counter ez-toc-light-blue ez-toc-container-direction\">\n<div class=\"ez-toc-title-container\">\n<p class=\"ez-toc-title\" style=\"cursor:inherit\">SPIS TRE\u015aCI <\/p>\n<span class=\"ez-toc-title-toggle\"><a href=\"#\" class=\"ez-toc-pull-right ez-toc-btn ez-toc-btn-xs ez-toc-btn-default ez-toc-toggle\" aria-label=\"Prze\u0142\u0105cznik Spisu Tre\u015bci\"><span class=\"ez-toc-js-icon-con\"><span class=\"\"><span class=\"eztoc-hide\" style=\"display:none;\">Toggle<\/span><span class=\"ez-toc-icon-toggle-span\"><svg style=\"fill: #999;color:#999\" xmlns=\"http:\/\/www.w3.org\/2000\/svg\" class=\"list-377408\" width=\"20px\" height=\"20px\" viewBox=\"0 0 24 24\" fill=\"none\"><path d=\"M6 6H4v2h2V6zm14 0H8v2h12V6zM4 11h2v2H4v-2zm16 0H8v2h12v-2zM4 16h2v2H4v-2zm16 0H8v2h12v-2z\" fill=\"currentColor\"><\/path><\/svg><svg style=\"fill: #999;color:#999\" class=\"arrow-unsorted-368013\" xmlns=\"http:\/\/www.w3.org\/2000\/svg\" width=\"10px\" height=\"10px\" viewBox=\"0 0 24 24\" version=\"1.2\" baseProfile=\"tiny\"><path d=\"M18.2 9.3l-6.2-6.3-6.2 6.3c-.2.2-.3.4-.3.7s.1.5.3.7c.2.2.4.3.7.3h11c.3 0 .5-.1.7-.3.2-.2.3-.5.3-.7s-.1-.5-.3-.7zM5.8 14.7l6.2 6.3 6.2-6.3c.2-.2.3-.5.3-.7s-.1-.5-.3-.7c-.2-.2-.4-.3-.7-.3h-11c-.3 0-.5.1-.7.3-.2.2-.3.5-.3.7s.1.5.3.7z\"\/><\/svg><\/span><\/span><\/span><\/a><\/span><\/div>\n<nav><ul class='ez-toc-list ez-toc-list-level-1 ' ><li class='ez-toc-page-1 ez-toc-heading-level-2'><a class=\"ez-toc-link ez-toc-heading-1\" href=\"https:\/\/www.skalnik.pl\/blog\/korona-gor-polski-czupel\/#Czupel_gdzie_lezy\" >Czupel gdzie le\u017cy<\/a><\/li><li class='ez-toc-page-1 ez-toc-heading-level-2'><a class=\"ez-toc-link ez-toc-heading-2\" href=\"https:\/\/www.skalnik.pl\/blog\/korona-gor-polski-czupel\/#Szlak_na_Czupel\" >Szlak na Czupel<\/a><\/li><li class='ez-toc-page-1 ez-toc-heading-level-2'><a class=\"ez-toc-link ez-toc-heading-3\" href=\"https:\/\/www.skalnik.pl\/blog\/korona-gor-polski-czupel\/#Trasa_na_Czupel\" >Trasa na Czupel<\/a><ul class='ez-toc-list-level-3' ><li class='ez-toc-heading-level-3'><a class=\"ez-toc-link ez-toc-heading-4\" href=\"https:\/\/www.skalnik.pl\/blog\/korona-gor-polski-czupel\/#Jaskinia_Wietrzna_Dziura\" >Jaskinia Wietrzna Dziura<\/a><\/li><\/ul><\/li><li class='ez-toc-page-1 ez-toc-heading-level-2'><a class=\"ez-toc-link ez-toc-heading-5\" href=\"https:\/\/www.skalnik.pl\/blog\/korona-gor-polski-czupel\/#Ciekawostki\" >Ciekawostki<\/a><\/li><\/ul><\/nav><\/div>\n<h2 class=\"wp-block-heading\"><span class=\"ez-toc-section\" id=\"Czupel_gdzie_lezy\"><\/span>Czupel gdzie le\u017cy<span class=\"ez-toc-section-end\"><\/span><\/h2>\n\n\n\n<p>Beskid Ma\u0142y graniczy od zachodu z Beskidem \u015al\u0105skim, natomiast od wschodu i po\u0142udnia z Beskidem Makowskim. Z p\u00f3\u0142nocy do Beskidu Ma\u0142ego przylegaj\u0105 Pog\u00f3rze \u015al\u0105skie i Wielickie. Sam Beskid Ma\u0142y za spraw\u0105 prze\u0142omu rzeki So\u0142y dzieli si\u0119 na dwie cz\u0119\u015bci: zachodni\u0105 (Pasma Czupla i Magurki) i wschodni\u0105 (zwan\u0105 Beskidem Andrychowskim). Le\u017c\u0105cy w zachodniej cz\u0119\u015bci pasma Czupel, najwy\u017cszy szczyt Beskidu Ma\u0142ego, nale\u017cy do Korony G\u00f3r Polski. Po\u0142o\u017cony w pobli\u017cu \u017bywca i Bielska-Bia\u0142ej stanowi cel niedzielnych wypad\u00f3w mieszka\u0144c\u00f3w, szczeg\u00f3lnie, \u017ce droga na szczyt nie jest zbyt wymagaj\u0105ca ani czasoch\u0142onna.<\/p>\n\n\n\n<div class=\"wp-block-image\"><figure class=\"aligncenter size-large\"><img loading=\"lazy\" decoding=\"async\" width=\"1024\" height=\"683\" src=\"https:\/\/skalnik.pl\/blog\/wp-content\/uploads\/2021\/01\/zejscie-1024x683.jpg\" alt=\"Widok na g\u00f3ry - Szyndzielni\u0119, Klimczok i Magur\u0119\" class=\"wp-image-15750\" srcset=\"https:\/\/www.skalnik.pl\/blog\/wp-content\/uploads\/2021\/01\/zejscie-1024x683.jpg 1024w, https:\/\/www.skalnik.pl\/blog\/wp-content\/uploads\/2021\/01\/zejscie-300x200.jpg 300w, https:\/\/www.skalnik.pl\/blog\/wp-content\/uploads\/2021\/01\/zejscie-768x512.jpg 768w, https:\/\/www.skalnik.pl\/blog\/wp-content\/uploads\/2021\/01\/zejscie.jpg 1200w\" sizes=\"auto, (max-width: 1024px) 100vw, 1024px\" \/><figcaption><em>Widok ze szlaku niebieskiego na zach\u00f3d w stron\u0119 m.in. Klimczoka, Szyndzielni i Magury. <\/em><\/figcaption><\/figure><\/div>\n\n\n\n<h2 class=\"wp-block-heading\"><span class=\"ez-toc-section\" id=\"Szlak_na_Czupel\"><\/span>Szlak na Czupel<span class=\"ez-toc-section-end\"><\/span><\/h2>\n\n\n\n<p>Bezpo\u015bredni szlak na Czupel jest tylko jeden, ale dosta\u0107 si\u0119 na ten szczyt mo\u017cna na wiele sposob\u00f3w i praktycznie z ka\u017cdego kierunku. Najpopularniejszym miejscem startu jest prze\u0142\u0119cz Przegibek, gdzie wygodnie mo\u017cna zostawi\u0107 samoch\u00f3d. Je\u015bli jednak liczysz na d\u0142u\u017csz\u0105 w\u0119dr\u00f3wk\u0119 mo\u017cesz zdobywa\u0107 Czupel z Bielska-Bia\u0142ej, Wilkowic, Mi\u0119dzybrodzia czy Czernichowa. Pami\u0119taj jedynie, \u017ce wtedy pokonujesz ca\u0142kiem spore przewy\u017cszenia, a zatem trasa jest do\u015b\u0107 m\u0119cz\u0105ca. Widokowo szlaki od strony sztucznych jezior &#8211; Mi\u0119dzybrodzkiego i \u017bywieckiego &#8211; wynagradzaj\u0105 trudy pi\u0119cia si\u0119 w g\u00f3r\u0119.<\/p>\n\n\n\n<h2 class=\"wp-block-heading\"><span class=\"ez-toc-section\" id=\"Trasa_na_Czupel\"><\/span>Trasa na Czupel<span class=\"ez-toc-section-end\"><\/span><\/h2>\n\n\n\n<p>Parking (szlak zielony) &#8211; Magurka Wilkowicka (szlak niebieski) &#8211; Czupel<br>czas: 1:45 godz.<br>dystans: 4,6 km<\/p>\n\n\n\n<p>Najbardziej znany i najkr\u00f3tszy szlak na Czupel prowadzi z prze\u0142\u0119czy Przegibek i wiele os\u00f3b wybiera w\u0142a\u015bnie ten wariant drogi na szczyt. Wchodzi si\u0119 wtedy bezpo\u015brednio z parkingu na niebieski szlak, by nim dotrze\u0107 po niespe\u0142na 2 godzinach na Czupel. Prosto, ale jednocze\u015bnie do\u015b\u0107 monotonnie. Dlatego proponuj\u0119 niewielkie urozmaicenie tej w\u0119dr\u00f3wki.&nbsp;<\/p>\n\n\n\n<p>Nieco poni\u017cej prze\u0142. Przegibek, w stron\u0119 Bielska-Bia\u0142ej, znajduje si\u0119 parking, obok kt\u00f3rego przechodzi szlak zielony. To miejsce proponuj\u0119 jako punkt startu kr\u00f3tkiego spaceru na Czupel, w kt\u00f3rym Przegibek stanie si\u0119 finiszem. Dzi\u0119ki temu cz\u0119\u015b\u0107 drogi stanie si\u0119 p\u0119tl\u0105 i nie trzeba b\u0119dzie wraca\u0107 po swoich \u015bladach. Co wa\u017cne, ta trasa zajmuje praktycznie tyle samo czasu, co w\u0119dr\u00f3wka szlakiem niebieskim.<\/p>\n\n\n\n<p>W\u0119dr\u00f3wka zielonym szlakiem trwa ok. godziny i droga pnie si\u0119 do\u015b\u0107 jednostajnie w g\u00f3r\u0119. Bukowy las do\u015b\u0107 skutecznie zas\u0142ania widoki, cho\u0107 jesieni\u0105 na pocz\u0105tku drogi mo\u017cna podziwia\u0107 okolic\u0119. Ten odcinek to najbardziej wysi\u0142kowy fragment trasy. Od schroniska na Magurce Wilkowickiej (le\u017c\u0105cym na wys. 903 m n.p.m.) na Czupel jest ju\u017c niemal zupe\u0142nie p\u0142asko, zatem proponuj\u0119 najpierw zdoby\u0107 szczyt, a p\u00f3\u017aniej wst\u0105pi\u0107 do schroniska.&nbsp;<\/p>\n\n\n\n<div class=\"wp-block-image\"><figure class=\"aligncenter size-large\"><img loading=\"lazy\" decoding=\"async\" width=\"1024\" height=\"683\" src=\"https:\/\/skalnik.pl\/blog\/wp-content\/uploads\/2021\/01\/schronisko-magurka-1024x683.jpg\" alt=\"Schronisko na Magurce Wilkowickiej\" class=\"wp-image-15762\" srcset=\"https:\/\/www.skalnik.pl\/blog\/wp-content\/uploads\/2021\/01\/schronisko-magurka-1024x683.jpg 1024w, https:\/\/www.skalnik.pl\/blog\/wp-content\/uploads\/2021\/01\/schronisko-magurka-300x200.jpg 300w, https:\/\/www.skalnik.pl\/blog\/wp-content\/uploads\/2021\/01\/schronisko-magurka-768x512.jpg 768w, https:\/\/www.skalnik.pl\/blog\/wp-content\/uploads\/2021\/01\/schronisko-magurka.jpg 1200w\" sizes=\"auto, (max-width: 1024px) 100vw, 1024px\" \/><figcaption><em>Budynek schroniska na Magurce Wilkowickiej ma ponad 100 lat i jest trzecim schroniskiem stoj\u0105cym w tym miejscu.<\/em><\/figcaption><\/figure><\/div>\n\n\n\n<p>Id\u0105c t\u0105 niemal p\u0142ask\u0105 \u015bcie\u017ck\u0105 na Czupel mo\u017cna si\u0119 zdziwi\u0107, widz\u0105c przymocowan\u0105 tabliczk\u0105 z nazw\u0105 szczytu. Nie ma \u017cadnego podej\u015bcia pod sam wierzcho\u0142ek, zatem na s\u0142owo trzeba uwierzy\u0107 tym, kt\u00f3rzy g\u00f3r\u0119 mierzyli.<\/p>\n\n\n\n<p>Zbocza Czupla porastaj\u0105 drzewa i trzeba si\u0119 dobrze nagimnastykowa\u0107, \u017ceby m\u00f3c podziwia\u0107 jakiekolwiek widoki. Troch\u0119 \u0142atwiej jest ze stron\u0105 p\u00f3\u0142nocn\u0105, ze wzgl\u0119du na wyci\u0119te cz\u0119\u015bciowo drzewa. Natomiast warto spr\u00f3bowa\u0107 znale\u017a\u0107 miejsce gdzie\u015b na po\u0142udniowej stronie, bo przy przejrzystym powietrzu jest szansa na tatrza\u0144sk\u0105 panoram\u0119.<\/p>\n\n\n\n<div class=\"wp-block-image\"><figure class=\"aligncenter size-large\"><img loading=\"lazy\" decoding=\"async\" width=\"1024\" height=\"683\" src=\"https:\/\/skalnik.pl\/blog\/wp-content\/uploads\/2021\/01\/widok-babia-gora-1-1024x683.jpg\" alt=\"Widok z Czupla na pierwszym planie drzewa, w oddali Babia G\u00f3ra i na horyzoncie Tatry\" class=\"wp-image-15748\" srcset=\"https:\/\/www.skalnik.pl\/blog\/wp-content\/uploads\/2021\/01\/widok-babia-gora-1-1024x683.jpg 1024w, https:\/\/www.skalnik.pl\/blog\/wp-content\/uploads\/2021\/01\/widok-babia-gora-1-300x200.jpg 300w, https:\/\/www.skalnik.pl\/blog\/wp-content\/uploads\/2021\/01\/widok-babia-gora-1-768x512.jpg 768w, https:\/\/www.skalnik.pl\/blog\/wp-content\/uploads\/2021\/01\/widok-babia-gora-1-1536x1024.jpg 1536w, https:\/\/www.skalnik.pl\/blog\/wp-content\/uploads\/2021\/01\/widok-babia-gora-1-2048x1365.jpg 2048w\" sizes=\"auto, (max-width: 1024px) 100vw, 1024px\" \/><figcaption><em>Spomi\u0119dzy drzew widok z Czupla na po\u0142udnie z charakterystyczn\u0105 sylwetk\u0105 Babiej G\u00f3ry. W tle wida\u0107 Tatry.<\/em><\/figcaption><\/figure><\/div>\n\n\n\n<h3 class=\"wp-block-heading\"><span class=\"ez-toc-section\" id=\"Jaskinia_Wietrzna_Dziura\"><\/span>Jaskinia Wietrzna Dziura<span class=\"ez-toc-section-end\"><\/span><\/h3>\n\n\n\n<p>Wracaj\u0105c w stron\u0119 schroniska mo\u017cna zahaczy\u0107 o jedn\u0105 z tutejszych atrakcji, kt\u00f3r\u0105 jest jaskinia Wietrzna Dziura lub Smocza Jama. Naj\u0142atwiej doj\u015b\u0107 do niej czarnym szlakiem odchodz\u0105cym z niebiesko znakowanej \u015bcie\u017cki.<\/p>\n\n\n\n<p>To jaskinia osuwiskowa, niezbyt rozleg\u0142a &#8211; wej\u015bcie do niej jest \u0142atwe, cho\u0107 na pocz\u0105tku trzeba si\u0119 nieco poczo\u0142ga\u0107. Wed\u0142ug miejscowych legend prowadzi\u0142a &#8211; wcale nie tak dawno temu &#8211; do zamku (\u017cywieckiego lub \u0142odygowickiego &#8211; tu zdania s\u0105 rozbie\u017cne), ale zosta\u0142a zasypana i teraz ma jedynie 33 m d\u0142ugo\u015bci.<\/p>\n\n\n\n<p>Od schroniska proponuj\u0119 zej\u015bcie szlakiem niebieskim na prze\u0142\u0119cz Przegibek. Powr\u00f3t na parking jest mo\u017cliwy poboczem drogi i zajmuje dos\u0142ownie kilka-kilkana\u015bcie minut. Ca\u0142\u0105 wycieczk\u0119 (nie licz\u0105c zwiedzania jaskini) mo\u017cna zamkn\u0105\u0107 w ok. 3 godz.<\/p>\n\n\n\n<div style=\"max-width:1000px;overflow:hidden;margin:0 auto;min-width:300px;\"><iframe src=\"https:\/\/mapa-turystyczna.pl\/map\/widget\/route\/h1l0p1\/ib4i.html\" style=\"width:100%;border:0;\" height=\"800\" frameborder=\"0\"><\/iframe><a href=\"https:\/\/mapa-turystyczna.pl\/route\/ib4i?utm_source=external_web&amp;utm_medium=widget&amp;utm_campaign=route_widget\" target=\"_blank\" style=\"color:#999;padding:7px 0;font-size: 13px;font-family:Roboto,Arial,sans-serif;display: inline-block;\" rel=\"noopener noreferrer\">Trasa do: Czupel | mapa-turystyczna.pl<\/a><\/div>\n\n\n\n<p>Generalnie jest to \u0142atwy szlak na Czupel, idealny na weekendowy spacer z dzie\u0107mi (cho\u0107 szlak nie jest przystosowany dla w\u00f3zk\u00f3w). Nie trzeba si\u0119 do tej w\u0119dr\u00f3wki specjalnie przygotowywa\u0107, spokojnie wystarcz\u0105 tu niskie buty. W pierwszej cz\u0119\u015bci szlaku, gdy wije si\u0119 on ci\u0105gle w g\u00f3r\u0119, przydatne by\u0107 mog\u0105 <a href=\"https:\/\/skalnik.pl\/sprzet-turystyczny\/akcesoria-turystyczne\/akcesoria-turystyczne-kije-trekkingowe\" target=\"_blank\" rel=\"noreferrer noopener\">kije trekkingowe<\/a>.<\/p>\n\n\n\n<div style=\"width:1024; height:600px; padding: 15px; resize:both; overflow: auto;\"> <div style=\"width:100%; height:100%; box-shadow: 5px 5px 15px #00000038;\"> <iframe src=\"https:\/\/kgp3d.amu.edu.pl\/szczyty\/Czupel.html\" allow=\"xr xr-spatial-tracking\" style=\"height: 100%; width: 100%; border: 0;\" ><\/iframe> <\/div> <\/div>\n\n\n\n<h2 class=\"wp-block-heading\"><span class=\"ez-toc-section\" id=\"Ciekawostki\"><\/span>Ciekawostki<span class=\"ez-toc-section-end\"><\/span><\/h2>\n\n\n\n<ul class=\"wp-block-list\"><li>nazwa Czupel jest do\u015b\u0107 popularna w Beskidach, oznacza bowiem czubek, ostro zako\u0144czony szczyt;<\/li><li>jeszcze do niedawna wysoko\u015b\u0107 Czupla widniej\u0105ca na mapach by\u0142a o 3 metry wy\u017csza &#8211; obecnie, po dok\u0142adniejszych pomiarach;<\/li><li>w Beskidzie Ma\u0142ym wyznaczono nie tylko piesze, ale i rowerowe szlaki turystyczne;<\/li><li>zim\u0105 w okolicy Magurki Wilkowickiej mo\u017cna korzysta\u0107 z dobrze przygotowanych tras narciarstwa biegowego;<\/li><li>obecny budynek schroniska na Magurce ma ju\u017c ponad 100 lat, wybudowano go w 1913 r. po tym jak dwa poprzednie stoj\u0105ce w tym miejscu zosta\u0142y strawione przez po\u017cary.<\/li><\/ul>\n\n\n\n<p><em>Autorem zdj\u0119cia tytu\u0142owego jest Rafa\u0142 Sta\u0144czuk.<\/em><\/p>\n","protected":false},"excerpt":{"rendered":"<p>Najwy\u017cszym szczytem Beskidu Ma\u0142ego jest licz\u0105cy 930 m n.p.m. Czupel. Wiedzie na niego \u0142atwy szlak idealny na spacery z dzie\u0107mi.<\/p>\n","protected":false},"author":9,"featured_media":15767,"comment_status":"open","ping_status":"open","sticky":false,"template":"","format":"standard","meta":{"_acf_changed":false,"footnotes":""},"categories":[84],"tags":[28,260,91],"magento_category":[],"magento_product":[],"class_list":["post-15740","post","type-post","status-publish","format-standard","has-post-thumbnail","hentry","category-pasja","tag-gory","tag-korona-gor-polski","tag-trekking"],"acf":[],"aioseo_notices":[],"aioseo_head":"\n\t\t<!-- All in One SEO 4.9.10 - aioseo.com -->\n\t<meta name=\"description\" content=\"Najkr\u00f3tszy szlak na Czupel, najwy\u017cszy szczyt Beskidu Ma\u0142ego, zajmuje nieca\u0142e 2 godziny niezbyt forsownego spaceru. G\u00f3r\u0119 mo\u017cna zdobywa\u0107 o ka\u017cdej porze roku\" \/>\n\t<meta name=\"robots\" content=\"max-image-preview:large\" \/>\n\t<meta name=\"author\" content=\"Beata Nawrotkiewicz\"\/>\n\t<link rel=\"canonical\" href=\"https:\/\/www.skalnik.pl\/blog\/korona-gor-polski-czupel\/\" \/>\n\t<meta name=\"generator\" content=\"All in One SEO (AIOSEO) 4.9.10\" \/>\n\t\t<meta property=\"og:locale\" content=\"pl_PL\" \/>\n\t\t<meta property=\"og:site_name\" content=\"blog Skalnik - Blog, porady, artyku\u0142y - blog Skalnik\" \/>\n\t\t<meta property=\"og:type\" content=\"article\" \/>\n\t\t<meta property=\"og:title\" content=\"Korona G\u00f3r Polski \u2013 Czupel - blog Skalnik\" \/>\n\t\t<meta property=\"og:description\" content=\"Najkr\u00f3tszy szlak na Czupel, najwy\u017cszy szczyt Beskidu Ma\u0142ego, zajmuje nieca\u0142e 2 godziny niezbyt forsownego spaceru. G\u00f3r\u0119 mo\u017cna zdobywa\u0107 o ka\u017cdej porze roku\" \/>\n\t\t<meta property=\"og:url\" content=\"https:\/\/www.skalnik.pl\/blog\/korona-gor-polski-czupel\/\" \/>\n\t\t<meta property=\"og:image\" content=\"https:\/\/skalnik.pl\/blog\/wp-content\/uploads\/2021\/01\/zejscie-1024x683.jpg\" \/>\n\t\t<meta property=\"og:image:secure_url\" content=\"https:\/\/skalnik.pl\/blog\/wp-content\/uploads\/2021\/01\/zejscie-1024x683.jpg\" \/>\n\t\t<meta property=\"article:tag\" content=\"pasja\" \/>\n\t\t<meta property=\"article:tag\" content=\"g\u00f3ry\" \/>\n\t\t<meta property=\"article:tag\" content=\"korona g\u00f3r polski\" \/>\n\t\t<meta property=\"article:tag\" content=\"trekking\" \/>\n\t\t<meta property=\"article:published_time\" content=\"2021-02-05T22:59:00+00:00\" \/>\n\t\t<meta property=\"article:modified_time\" content=\"2021-07-05T11:45:26+00:00\" \/>\n\t\t<meta name=\"twitter:card\" content=\"summary_large_image\" \/>\n\t\t<meta name=\"twitter:title\" content=\"Korona G\u00f3r Polski \u2013 Czupel - blog Skalnik\" \/>\n\t\t<meta name=\"twitter:description\" content=\"Najkr\u00f3tszy szlak na Czupel, najwy\u017cszy szczyt Beskidu Ma\u0142ego, zajmuje nieca\u0142e 2 godziny niezbyt forsownego spaceru. G\u00f3r\u0119 mo\u017cna zdobywa\u0107 o ka\u017cdej porze roku\" \/>\n\t\t<meta name=\"twitter:image\" content=\"https:\/\/skalnik.pl\/blog\/wp-content\/uploads\/2021\/01\/zejscie-1024x683.jpg\" \/>\n\t\t<script type=\"application\/ld+json\" class=\"aioseo-schema\">\n\t\t\t{\"@context\":\"https:\\\/\\\/schema.org\",\"@graph\":[{\"@type\":\"BlogPosting\",\"@id\":\"https:\\\/\\\/www.skalnik.pl\\\/blog\\\/korona-gor-polski-czupel\\\/#blogposting\",\"name\":\"Korona G\\u00f3r Polski \\u2013 Czupel - blog Skalnik\",\"headline\":\"Korona G\\u00f3r Polski &#8211; Czupel\",\"author\":{\"@id\":\"https:\\\/\\\/www.skalnik.pl\\\/blog\\\/author\\\/beata-nawrotkiewicz\\\/#author\"},\"publisher\":{\"@id\":\"https:\\\/\\\/www.skalnik.pl\\\/blog\\\/#organization\"},\"image\":{\"@type\":\"ImageObject\",\"url\":\"https:\\\/\\\/www.skalnik.pl\\\/blog\\\/wp-content\\\/uploads\\\/2021\\\/01\\\/szczyt-czupel.jpg\",\"width\":1920,\"height\":705,\"caption\":\"tabliczka na szczycie Czupla\"},\"datePublished\":\"2021-02-05T23:59:00+02:00\",\"dateModified\":\"2021-07-05T13:45:26+02:00\",\"inLanguage\":\"pl-PL\",\"mainEntityOfPage\":{\"@id\":\"https:\\\/\\\/www.skalnik.pl\\\/blog\\\/korona-gor-polski-czupel\\\/#webpage\"},\"isPartOf\":{\"@id\":\"https:\\\/\\\/www.skalnik.pl\\\/blog\\\/korona-gor-polski-czupel\\\/#webpage\"},\"articleSection\":\"Pasja, g\\u00f3ry, korona g\\u00f3r polski, trekking\"},{\"@type\":\"BreadcrumbList\",\"@id\":\"https:\\\/\\\/www.skalnik.pl\\\/blog\\\/korona-gor-polski-czupel\\\/#breadcrumblist\",\"itemListElement\":[{\"@type\":\"ListItem\",\"@id\":\"https:\\\/\\\/www.skalnik.pl\\\/blog#listItem\",\"position\":1,\"name\":\"Home\",\"item\":\"https:\\\/\\\/www.skalnik.pl\\\/blog\",\"nextItem\":{\"@type\":\"ListItem\",\"@id\":\"https:\\\/\\\/www.skalnik.pl\\\/blog\\\/.\\\/pasja\\\/#listItem\",\"name\":\"Pasja\"}},{\"@type\":\"ListItem\",\"@id\":\"https:\\\/\\\/www.skalnik.pl\\\/blog\\\/.\\\/pasja\\\/#listItem\",\"position\":2,\"name\":\"Pasja\",\"item\":\"https:\\\/\\\/www.skalnik.pl\\\/blog\\\/.\\\/pasja\\\/\",\"nextItem\":{\"@type\":\"ListItem\",\"@id\":\"https:\\\/\\\/www.skalnik.pl\\\/blog\\\/korona-gor-polski-czupel\\\/#listItem\",\"name\":\"Korona G\\u00f3r Polski &#8211; Czupel\"},\"previousItem\":{\"@type\":\"ListItem\",\"@id\":\"https:\\\/\\\/www.skalnik.pl\\\/blog#listItem\",\"name\":\"Home\"}},{\"@type\":\"ListItem\",\"@id\":\"https:\\\/\\\/www.skalnik.pl\\\/blog\\\/korona-gor-polski-czupel\\\/#listItem\",\"position\":3,\"name\":\"Korona G\\u00f3r Polski &#8211; Czupel\",\"previousItem\":{\"@type\":\"ListItem\",\"@id\":\"https:\\\/\\\/www.skalnik.pl\\\/blog\\\/.\\\/pasja\\\/#listItem\",\"name\":\"Pasja\"}}]},{\"@type\":\"Organization\",\"@id\":\"https:\\\/\\\/www.skalnik.pl\\\/blog\\\/#organization\",\"name\":\"blog Skalnik\",\"description\":\"Blog, porady, artyku\\u0142y - blog Skalnik\",\"url\":\"https:\\\/\\\/www.skalnik.pl\\\/blog\\\/\"},{\"@type\":\"Person\",\"@id\":\"https:\\\/\\\/www.skalnik.pl\\\/blog\\\/author\\\/beata-nawrotkiewicz\\\/#author\",\"url\":\"https:\\\/\\\/www.skalnik.pl\\\/blog\\\/author\\\/beata-nawrotkiewicz\\\/\",\"name\":\"Beata Nawrotkiewicz\",\"image\":{\"@type\":\"ImageObject\",\"@id\":\"https:\\\/\\\/www.skalnik.pl\\\/blog\\\/korona-gor-polski-czupel\\\/#authorImage\",\"url\":\"https:\\\/\\\/secure.gravatar.com\\\/avatar\\\/53cf81cfcc3a81694535515925ffcf159be725e8bd1fb455eeb9e2cadcaa5684?s=96&d=mm&r=g\",\"width\":96,\"height\":96,\"caption\":\"Beata Nawrotkiewicz\"}},{\"@type\":\"WebPage\",\"@id\":\"https:\\\/\\\/www.skalnik.pl\\\/blog\\\/korona-gor-polski-czupel\\\/#webpage\",\"url\":\"https:\\\/\\\/www.skalnik.pl\\\/blog\\\/korona-gor-polski-czupel\\\/\",\"name\":\"Korona G\\u00f3r Polski \\u2013 Czupel - blog Skalnik\",\"description\":\"Najkr\\u00f3tszy szlak na Czupel, najwy\\u017cszy szczyt Beskidu Ma\\u0142ego, zajmuje nieca\\u0142e 2 godziny niezbyt forsownego spaceru. G\\u00f3r\\u0119 mo\\u017cna zdobywa\\u0107 o ka\\u017cdej porze roku\",\"inLanguage\":\"pl-PL\",\"isPartOf\":{\"@id\":\"https:\\\/\\\/www.skalnik.pl\\\/blog\\\/#website\"},\"breadcrumb\":{\"@id\":\"https:\\\/\\\/www.skalnik.pl\\\/blog\\\/korona-gor-polski-czupel\\\/#breadcrumblist\"},\"author\":{\"@id\":\"https:\\\/\\\/www.skalnik.pl\\\/blog\\\/author\\\/beata-nawrotkiewicz\\\/#author\"},\"creator\":{\"@id\":\"https:\\\/\\\/www.skalnik.pl\\\/blog\\\/author\\\/beata-nawrotkiewicz\\\/#author\"},\"image\":{\"@type\":\"ImageObject\",\"url\":\"https:\\\/\\\/www.skalnik.pl\\\/blog\\\/wp-content\\\/uploads\\\/2021\\\/01\\\/szczyt-czupel.jpg\",\"@id\":\"https:\\\/\\\/www.skalnik.pl\\\/blog\\\/korona-gor-polski-czupel\\\/#mainImage\",\"width\":1920,\"height\":705,\"caption\":\"tabliczka na szczycie Czupla\"},\"primaryImageOfPage\":{\"@id\":\"https:\\\/\\\/www.skalnik.pl\\\/blog\\\/korona-gor-polski-czupel\\\/#mainImage\"},\"datePublished\":\"2021-02-05T23:59:00+02:00\",\"dateModified\":\"2021-07-05T13:45:26+02:00\"},{\"@type\":\"WebSite\",\"@id\":\"https:\\\/\\\/www.skalnik.pl\\\/blog\\\/#website\",\"url\":\"https:\\\/\\\/www.skalnik.pl\\\/blog\\\/\",\"name\":\"blog Skalnik\",\"description\":\"Blog, porady, artyku\\u0142y - blog Skalnik\",\"inLanguage\":\"pl-PL\",\"publisher\":{\"@id\":\"https:\\\/\\\/www.skalnik.pl\\\/blog\\\/#organization\"}}]}\n\t\t<\/script>\n\t\t<!-- All in One SEO -->\n\n","aioseo_head_json":{"title":"Korona G\u00f3r Polski \u2013 Czupel - blog Skalnik","description":"Najkr\u00f3tszy szlak na Czupel, najwy\u017cszy szczyt Beskidu Ma\u0142ego, zajmuje nieca\u0142e 2 godziny niezbyt forsownego spaceru. G\u00f3r\u0119 mo\u017cna zdobywa\u0107 o ka\u017cdej porze roku","canonical_url":"https:\/\/www.skalnik.pl\/blog\/korona-gor-polski-czupel\/","robots":"max-image-preview:large","keywords":"","webmasterTools":{"miscellaneous":""},"schema":{"@context":"https:\/\/schema.org","@graph":[{"@type":"BlogPosting","@id":"https:\/\/www.skalnik.pl\/blog\/korona-gor-polski-czupel\/#blogposting","name":"Korona G\u00f3r Polski \u2013 Czupel - blog Skalnik","headline":"Korona G\u00f3r Polski &#8211; Czupel","author":{"@id":"https:\/\/www.skalnik.pl\/blog\/author\/beata-nawrotkiewicz\/#author"},"publisher":{"@id":"https:\/\/www.skalnik.pl\/blog\/#organization"},"image":{"@type":"ImageObject","url":"https:\/\/www.skalnik.pl\/blog\/wp-content\/uploads\/2021\/01\/szczyt-czupel.jpg","width":1920,"height":705,"caption":"tabliczka na szczycie Czupla"},"datePublished":"2021-02-05T23:59:00+02:00","dateModified":"2021-07-05T13:45:26+02:00","inLanguage":"pl-PL","mainEntityOfPage":{"@id":"https:\/\/www.skalnik.pl\/blog\/korona-gor-polski-czupel\/#webpage"},"isPartOf":{"@id":"https:\/\/www.skalnik.pl\/blog\/korona-gor-polski-czupel\/#webpage"},"articleSection":"Pasja, g\u00f3ry, korona g\u00f3r polski, trekking"},{"@type":"BreadcrumbList","@id":"https:\/\/www.skalnik.pl\/blog\/korona-gor-polski-czupel\/#breadcrumblist","itemListElement":[{"@type":"ListItem","@id":"https:\/\/www.skalnik.pl\/blog#listItem","position":1,"name":"Home","item":"https:\/\/www.skalnik.pl\/blog","nextItem":{"@type":"ListItem","@id":"https:\/\/www.skalnik.pl\/blog\/.\/pasja\/#listItem","name":"Pasja"}},{"@type":"ListItem","@id":"https:\/\/www.skalnik.pl\/blog\/.\/pasja\/#listItem","position":2,"name":"Pasja","item":"https:\/\/www.skalnik.pl\/blog\/.\/pasja\/","nextItem":{"@type":"ListItem","@id":"https:\/\/www.skalnik.pl\/blog\/korona-gor-polski-czupel\/#listItem","name":"Korona G\u00f3r Polski &#8211; Czupel"},"previousItem":{"@type":"ListItem","@id":"https:\/\/www.skalnik.pl\/blog#listItem","name":"Home"}},{"@type":"ListItem","@id":"https:\/\/www.skalnik.pl\/blog\/korona-gor-polski-czupel\/#listItem","position":3,"name":"Korona G\u00f3r Polski &#8211; Czupel","previousItem":{"@type":"ListItem","@id":"https:\/\/www.skalnik.pl\/blog\/.\/pasja\/#listItem","name":"Pasja"}}]},{"@type":"Organization","@id":"https:\/\/www.skalnik.pl\/blog\/#organization","name":"blog Skalnik","description":"Blog, porady, artyku\u0142y - blog Skalnik","url":"https:\/\/www.skalnik.pl\/blog\/"},{"@type":"Person","@id":"https:\/\/www.skalnik.pl\/blog\/author\/beata-nawrotkiewicz\/#author","url":"https:\/\/www.skalnik.pl\/blog\/author\/beata-nawrotkiewicz\/","name":"Beata Nawrotkiewicz","image":{"@type":"ImageObject","@id":"https:\/\/www.skalnik.pl\/blog\/korona-gor-polski-czupel\/#authorImage","url":"https:\/\/secure.gravatar.com\/avatar\/53cf81cfcc3a81694535515925ffcf159be725e8bd1fb455eeb9e2cadcaa5684?s=96&d=mm&r=g","width":96,"height":96,"caption":"Beata Nawrotkiewicz"}},{"@type":"WebPage","@id":"https:\/\/www.skalnik.pl\/blog\/korona-gor-polski-czupel\/#webpage","url":"https:\/\/www.skalnik.pl\/blog\/korona-gor-polski-czupel\/","name":"Korona G\u00f3r Polski \u2013 Czupel - blog Skalnik","description":"Najkr\u00f3tszy szlak na Czupel, najwy\u017cszy szczyt Beskidu Ma\u0142ego, zajmuje nieca\u0142e 2 godziny niezbyt forsownego spaceru. G\u00f3r\u0119 mo\u017cna zdobywa\u0107 o ka\u017cdej porze roku","inLanguage":"pl-PL","isPartOf":{"@id":"https:\/\/www.skalnik.pl\/blog\/#website"},"breadcrumb":{"@id":"https:\/\/www.skalnik.pl\/blog\/korona-gor-polski-czupel\/#breadcrumblist"},"author":{"@id":"https:\/\/www.skalnik.pl\/blog\/author\/beata-nawrotkiewicz\/#author"},"creator":{"@id":"https:\/\/www.skalnik.pl\/blog\/author\/beata-nawrotkiewicz\/#author"},"image":{"@type":"ImageObject","url":"https:\/\/www.skalnik.pl\/blog\/wp-content\/uploads\/2021\/01\/szczyt-czupel.jpg","@id":"https:\/\/www.skalnik.pl\/blog\/korona-gor-polski-czupel\/#mainImage","width":1920,"height":705,"caption":"tabliczka na szczycie Czupla"},"primaryImageOfPage":{"@id":"https:\/\/www.skalnik.pl\/blog\/korona-gor-polski-czupel\/#mainImage"},"datePublished":"2021-02-05T23:59:00+02:00","dateModified":"2021-07-05T13:45:26+02:00"},{"@type":"WebSite","@id":"https:\/\/www.skalnik.pl\/blog\/#website","url":"https:\/\/www.skalnik.pl\/blog\/","name":"blog Skalnik","description":"Blog, porady, artyku\u0142y - blog Skalnik","inLanguage":"pl-PL","publisher":{"@id":"https:\/\/www.skalnik.pl\/blog\/#organization"}}]},"og:locale":"pl_PL","og:site_name":"blog Skalnik - Blog, porady, artyku\u0142y - blog Skalnik","og:type":"article","og:title":"Korona G\u00f3r Polski \u2013 Czupel - blog Skalnik","og:description":"Najkr\u00f3tszy szlak na Czupel, najwy\u017cszy szczyt Beskidu Ma\u0142ego, zajmuje nieca\u0142e 2 godziny niezbyt forsownego spaceru. G\u00f3r\u0119 mo\u017cna zdobywa\u0107 o ka\u017cdej porze roku","og:url":"https:\/\/www.skalnik.pl\/blog\/korona-gor-polski-czupel\/","og:image":"https:\/\/skalnik.pl\/blog\/wp-content\/uploads\/2021\/01\/zejscie-1024x683.jpg","og:image:secure_url":"https:\/\/skalnik.pl\/blog\/wp-content\/uploads\/2021\/01\/zejscie-1024x683.jpg","article:tag":["pasja","g\u00f3ry","korona g\u00f3r polski","trekking"],"article:published_time":"2021-02-05T22:59:00+00:00","article:modified_time":"2021-07-05T11:45:26+00:00","twitter:card":"summary_large_image","twitter:title":"Korona G\u00f3r Polski \u2013 Czupel - blog Skalnik","twitter:description":"Najkr\u00f3tszy szlak na Czupel, najwy\u017cszy szczyt Beskidu Ma\u0142ego, zajmuje nieca\u0142e 2 godziny niezbyt forsownego spaceru. G\u00f3r\u0119 mo\u017cna zdobywa\u0107 o ka\u017cdej porze roku","twitter:image":"https:\/\/skalnik.pl\/blog\/wp-content\/uploads\/2021\/01\/zejscie-1024x683.jpg"},"aioseo_meta_data":{"post_id":"15740","title":null,"description":"Najkr\u00f3tszy szlak na Czupel, najwy\u017cszy szczyt Beskidu Ma\u0142ego, zajmuje nieca\u0142e 2 godziny niezbyt forsownego spaceru. G\u00f3r\u0119 mo\u017cna zdobywa\u0107 o ka\u017cdej porze roku","keywords":"","keyphrases":null,"primary_term":null,"canonical_url":"","og_title":null,"og_description":null,"og_object_type":"default","og_image_type":"default","og_image_url":null,"og_image_width":null,"og_image_height":null,"og_image_custom_url":null,"og_image_custom_fields":null,"og_video":null,"og_custom_url":null,"og_article_section":null,"og_article_tags":null,"twitter_use_og":false,"twitter_card":"default","twitter_image_type":"default","twitter_image_url":null,"twitter_image_custom_url":null,"twitter_image_custom_fields":null,"twitter_title":null,"twitter_description":null,"schema":{"blockGraphs":[],"customGraphs":[],"default":{"data":{"Article":[],"Course":[],"Dataset":[],"FAQPage":[],"Movie":[],"Person":[],"Product":[],"ProductReview":[],"Car":[],"Recipe":[],"Service":[],"SoftwareApplication":[],"WebPage":[]},"graphName":"BlogPosting","isEnabled":true},"graphs":[]},"schema_type":"default","schema_type_options":null,"pillar_content":false,"robots_default":true,"robots_noindex":false,"robots_noarchive":false,"robots_nosnippet":false,"robots_nofollow":false,"robots_noimageindex":false,"robots_noodp":false,"robots_notranslate":false,"robots_max_snippet":null,"robots_max_videopreview":null,"robots_max_imagepreview":"large","priority":null,"frequency":null,"local_seo":null,"breadcrumb_settings":null,"limit_modified_date":false,"ai":null,"created":"2022-08-26 10:30:59","updated":"2026-02-17 22:04:21","seo_analyzer_scan_date":null},"aioseo_breadcrumb":"<div class=\"aioseo-breadcrumbs\"><span class=\"aioseo-breadcrumb\">\n\t\t\t<a href=\"https:\/\/www.skalnik.pl\/blog\" title=\"Home\">Home<\/a>\n\t\t<\/span><span class=\"aioseo-breadcrumb-separator\">&raquo;<\/span><span class=\"aioseo-breadcrumb\">\n\t\t\t<a href=\"https:\/\/www.skalnik.pl\/blog\/.\/pasja\/\" title=\"Pasja\">Pasja<\/a>\n\t\t<\/span><span class=\"aioseo-breadcrumb-separator\">&raquo;<\/span><span class=\"aioseo-breadcrumb\">\n\t\t\tKorona G\u00f3r Polski \u2013 Czupel\n\t\t<\/span><\/div>","aioseo_breadcrumb_json":[{"label":"Home","link":"https:\/\/www.skalnik.pl\/blog"},{"label":"Pasja","link":"https:\/\/www.skalnik.pl\/blog\/.\/pasja\/"},{"label":"Korona G\u00f3r Polski &#8211; Czupel","link":"https:\/\/www.skalnik.pl\/blog\/korona-gor-polski-czupel\/"}],"_links":{"self":[{"href":"https:\/\/www.skalnik.pl\/blog\/wp-json\/wp\/v2\/posts\/15740","targetHints":{"allow":["GET"]}}],"collection":[{"href":"https:\/\/www.skalnik.pl\/blog\/wp-json\/wp\/v2\/posts"}],"about":[{"href":"https:\/\/www.skalnik.pl\/blog\/wp-json\/wp\/v2\/types\/post"}],"author":[{"embeddable":true,"href":"https:\/\/www.skalnik.pl\/blog\/wp-json\/wp\/v2\/users\/9"}],"replies":[{"embeddable":true,"href":"https:\/\/www.skalnik.pl\/blog\/wp-json\/wp\/v2\/comments?post=15740"}],"version-history":[{"count":12,"href":"https:\/\/www.skalnik.pl\/blog\/wp-json\/wp\/v2\/posts\/15740\/revisions"}],"predecessor-version":[{"id":17275,"href":"https:\/\/www.skalnik.pl\/blog\/wp-json\/wp\/v2\/posts\/15740\/revisions\/17275"}],"wp:featuredmedia":[{"embeddable":true,"href":"https:\/\/www.skalnik.pl\/blog\/wp-json\/wp\/v2\/media\/15767"}],"wp:attachment":[{"href":"https:\/\/www.skalnik.pl\/blog\/wp-json\/wp\/v2\/media?parent=15740"}],"wp:term":[{"taxonomy":"category","embeddable":true,"href":"https:\/\/www.skalnik.pl\/blog\/wp-json\/wp\/v2\/categories?post=15740"},{"taxonomy":"post_tag","embeddable":true,"href":"https:\/\/www.skalnik.pl\/blog\/wp-json\/wp\/v2\/tags?post=15740"},{"taxonomy":"magento_category","embeddable":true,"href":"https:\/\/www.skalnik.pl\/blog\/wp-json\/wp\/v2\/magento_category?post=15740"},{"taxonomy":"magento_product","embeddable":true,"href":"https:\/\/www.skalnik.pl\/blog\/wp-json\/wp\/v2\/magento_product?post=15740"}],"curies":[{"name":"wp","href":"https:\/\/api.w.org\/{rel}","templated":true}]}}