{"id":15923,"date":"2021-03-19T19:05:00","date_gmt":"2021-03-19T18:05:00","guid":{"rendered":"https:\/\/skalnik.pl\/blog\/?p=15923"},"modified":"2021-09-09T08:35:56","modified_gmt":"2021-09-09T06:35:56","slug":"vanlife-wolnosc-i-przygoda","status":"publish","type":"post","link":"https:\/\/www.skalnik.pl\/blog\/vanlife-wolnosc-i-przygoda\/","title":{"rendered":"Vanlife \u2013 wolno\u015b\u0107 i przygoda"},"content":{"rendered":"\n<p><strong>Najbardziej radykalni rzucaj\u0105 ca\u0142y sw\u00f3j dotychczasowy \u015bwiat i stawiaj\u0105 na \u017cycie w kamperze. Inni podr\u00f3\u017c kamperem traktuj\u0105 jako urlopowe oderwanie od rzeczywisto\u015bci. Komu spodoba si\u0119 vanlife? Co zabra\u0107 ze sob\u0105, aby \u017cycie w vanie by\u0142o komfortowe?<\/strong><\/p>\n\n\n\n<p>Ju\u017c od pewnego czasu caravaning, czyli podr\u00f3\u017cowanie kamperem, zyskiwa\u0142o w Polsce popularno\u015b\u0107. Pandemia koronawirusa znacz\u0105co jednak przyspieszy\u0142a ten proces. Wolno\u015b\u0107, samowystarczalno\u015b\u0107, brak konieczno\u015bci kontaktu z innymi ludzi \u2013 w czasach epidemii te cechy kamper\u00f3w okaza\u0142y si\u0119 ogromnymi zaletami. Czy jednak van i \u017cycie w nim s\u0105 dla ka\u017cdego?<\/p>\n\n\n\n<div class=\"wp-block-image\"><figure class=\"aligncenter size-large\"><img loading=\"lazy\" decoding=\"async\" width=\"1024\" height=\"683\" src=\"https:\/\/skalnik.pl\/blog\/wp-content\/uploads\/2021\/02\/Kamper-w-nocy.jpg\" alt=\"Kamper w nocy\" class=\"wp-image-15939\" srcset=\"https:\/\/www.skalnik.pl\/blog\/wp-content\/uploads\/2021\/02\/Kamper-w-nocy.jpg 1024w, https:\/\/www.skalnik.pl\/blog\/wp-content\/uploads\/2021\/02\/Kamper-w-nocy-300x200.jpg 300w, https:\/\/www.skalnik.pl\/blog\/wp-content\/uploads\/2021\/02\/Kamper-w-nocy-768x512.jpg 768w\" sizes=\"auto, (max-width: 1024px) 100vw, 1024px\" \/><figcaption><em>Takiej miejsc\u00f3wki nie zapewni ci \u017caden hotel (fot. Greg Ortega, Unsplash)<\/em><\/figcaption><\/figure><\/div>\n\n\n\n<div id=\"ez-toc-container\" class=\"ez-toc-v2_0_85 counter-hierarchy ez-toc-counter ez-toc-light-blue ez-toc-container-direction\">\n<div class=\"ez-toc-title-container\">\n<p class=\"ez-toc-title\" style=\"cursor:inherit\">SPIS TRE\u015aCI <\/p>\n<span class=\"ez-toc-title-toggle\"><a href=\"#\" class=\"ez-toc-pull-right ez-toc-btn ez-toc-btn-xs ez-toc-btn-default ez-toc-toggle\" aria-label=\"Prze\u0142\u0105cznik Spisu Tre\u015bci\"><span class=\"ez-toc-js-icon-con\"><span class=\"\"><span class=\"eztoc-hide\" style=\"display:none;\">Toggle<\/span><span class=\"ez-toc-icon-toggle-span\"><svg style=\"fill: #999;color:#999\" xmlns=\"http:\/\/www.w3.org\/2000\/svg\" class=\"list-377408\" width=\"20px\" height=\"20px\" viewBox=\"0 0 24 24\" fill=\"none\"><path d=\"M6 6H4v2h2V6zm14 0H8v2h12V6zM4 11h2v2H4v-2zm16 0H8v2h12v-2zM4 16h2v2H4v-2zm16 0H8v2h12v-2z\" fill=\"currentColor\"><\/path><\/svg><svg style=\"fill: #999;color:#999\" class=\"arrow-unsorted-368013\" xmlns=\"http:\/\/www.w3.org\/2000\/svg\" width=\"10px\" height=\"10px\" viewBox=\"0 0 24 24\" version=\"1.2\" baseProfile=\"tiny\"><path d=\"M18.2 9.3l-6.2-6.3-6.2 6.3c-.2.2-.3.4-.3.7s.1.5.3.7c.2.2.4.3.7.3h11c.3 0 .5-.1.7-.3.2-.2.3-.5.3-.7s-.1-.5-.3-.7zM5.8 14.7l6.2 6.3 6.2-6.3c.2-.2.3-.5.3-.7s-.1-.5-.3-.7c-.2-.2-.4-.3-.7-.3h-11c-.3 0-.5.1-.7.3-.2.2-.3.5-.3.7s.1.5.3.7z\"\/><\/svg><\/span><\/span><\/span><\/a><\/span><\/div>\n<nav><ul class='ez-toc-list ez-toc-list-level-1 ' ><li class='ez-toc-page-1 ez-toc-heading-level-2'><a class=\"ez-toc-link ez-toc-heading-1\" href=\"https:\/\/www.skalnik.pl\/blog\/vanlife-wolnosc-i-przygoda\/#Vanlife_%E2%80%93_sposob_na_krotkie_i_dlugie_wakacje\" >Vanlife \u2013 spos\u00f3b na kr\u00f3tkie i d\u0142ugie wakacje<\/a><\/li><li class='ez-toc-page-1 ez-toc-heading-level-2'><a class=\"ez-toc-link ez-toc-heading-2\" href=\"https:\/\/www.skalnik.pl\/blog\/vanlife-wolnosc-i-przygoda\/#Caravaning_%E2%80%93_blaski_i_cienie\" >Caravaning \u2013 blaski i cienie<\/a><\/li><li class='ez-toc-page-1 ez-toc-heading-level-2'><a class=\"ez-toc-link ez-toc-heading-3\" href=\"https:\/\/www.skalnik.pl\/blog\/vanlife-wolnosc-i-przygoda\/#Van_%E2%80%93_co_do_niego_zabrac\" >Van \u2013 co do niego zabra\u0107?<\/a><\/li><li class='ez-toc-page-1 ez-toc-heading-level-2'><a class=\"ez-toc-link ez-toc-heading-4\" href=\"https:\/\/www.skalnik.pl\/blog\/vanlife-wolnosc-i-przygoda\/#Kamper_%E2%80%93_lista_rzeczy_do_spakowania\" >Kamper \u2013 lista rzeczy do spakowania<\/a><ul class='ez-toc-list-level-3' ><li class='ez-toc-heading-level-3'><a class=\"ez-toc-link ez-toc-heading-5\" href=\"https:\/\/www.skalnik.pl\/blog\/vanlife-wolnosc-i-przygoda\/#Ubrania\" >Ubrania<\/a><\/li><li class='ez-toc-page-1 ez-toc-heading-level-3'><a class=\"ez-toc-link ez-toc-heading-6\" href=\"https:\/\/www.skalnik.pl\/blog\/vanlife-wolnosc-i-przygoda\/#Gotowanie\" >Gotowanie<\/a><\/li><li class='ez-toc-page-1 ez-toc-heading-level-3'><a class=\"ez-toc-link ez-toc-heading-7\" href=\"https:\/\/www.skalnik.pl\/blog\/vanlife-wolnosc-i-przygoda\/#Sprzatanie\" >Sprz\u0105tanie<\/a><\/li><li class='ez-toc-page-1 ez-toc-heading-level-3'><a class=\"ez-toc-link ez-toc-heading-8\" href=\"https:\/\/www.skalnik.pl\/blog\/vanlife-wolnosc-i-przygoda\/#Pielegnacja\" >Piel\u0119gnacja<\/a><\/li><li class='ez-toc-page-1 ez-toc-heading-level-3'><a class=\"ez-toc-link ez-toc-heading-9\" href=\"https:\/\/www.skalnik.pl\/blog\/vanlife-wolnosc-i-przygoda\/#Spanie\" >Spanie<\/a><\/li><li class='ez-toc-page-1 ez-toc-heading-level-3'><a class=\"ez-toc-link ez-toc-heading-10\" href=\"https:\/\/www.skalnik.pl\/blog\/vanlife-wolnosc-i-przygoda\/#Codzienne_zycie_w_vanie\" >Codzienne \u017cycie w vanie<\/a><\/li><li class='ez-toc-page-1 ez-toc-heading-level-3'><a class=\"ez-toc-link ez-toc-heading-11\" href=\"https:\/\/www.skalnik.pl\/blog\/vanlife-wolnosc-i-przygoda\/#Narzedzia_i_bezpieczenstwo\" >Narz\u0119dzia i bezpiecze\u0144stwo<\/a><\/li><\/ul><\/li><\/ul><\/nav><\/div>\n<h2 class=\"wp-block-heading\"><span class=\"ez-toc-section\" id=\"Vanlife_%E2%80%93_sposob_na_krotkie_i_dlugie_wakacje\"><\/span><strong>V<\/strong>anlife \u2013 spos\u00f3b na kr\u00f3tkie i d\u0142ugie wakacje<span class=\"ez-toc-section-end\"><\/span><\/h2>\n\n\n\n<p>\u017bycie w kamperze to dla wielu \u015bwietny pomys\u0142 na rodzinne wakacje, a dla niekt\u00f3rych spos\u00f3b na ca\u0142e \u017cycie. Pod hasztagiem #VanLife znajdziesz w sieci wiele relacji os\u00f3b, kt\u00f3re zdecydowa\u0142y si\u0119 na kr\u00f3cej lub d\u0142u\u017cej zmieni\u0107 normalne mieszkanie na dom na k\u00f3\u0142kach. W ten spos\u00f3b zwiedzaj\u0105 Polsk\u0119, Europ\u0119, a niekiedy nawet ca\u0142y \u015bwiat.<\/p>\n\n\n\n<p>W czasach koronawirusa <strong>caravaning zdecydowanie zyska\u0142 na popularno\u015bci<\/strong>. Podr\u00f3\u017cuj\u0105c kamperem, nie potrzebujesz hoteli ani restauracji. Nie przejmujesz si\u0119 tak bardzo tym, jakie nowe ograniczenia zostan\u0105 za moment wprowadzone. Nie musisz te\u017c dokonywa\u0107 rezerwacji z wielotygodniowym wyprzedzeniem i marzy\u0107 o tym, by wszystko uda\u0142o si\u0119 przeprowadzi\u0107 zgodnie z planem.<\/p>\n\n\n\n<p>Pod koniec zesz\u0142ego roku mo\u017cna by\u0142o przeczyta\u0107 wiele wiadomo\u015bci o wysypie kamper\u00f3w w Zakopanem. W obliczu zamkni\u0119tych hoteli osoby pragn\u0105ce sp\u0119dzi\u0107 Sylwestra u podn\u00f3\u017ca Tatr, wynaj\u0119\u0142y kampery i ruszy\u0142y na kempingi. Mo\u017cna si\u0119 spodziewa\u0107, \u017ce tak\u017ce w tegoroczne wakacje wielu Polak\u00f3w spragnionych wypoczynku wybierze w\u0142a\u015bnie podr\u00f3\u017c kamperem.<\/p>\n\n\n\n<p>Zanim jednak z entuzjazmem stwierdzisz, \u017ce te\u017c tak chcesz, zastan\u00f3w si\u0119, czy caravaning jest na pewno dla ciebie.<\/p>\n\n\n\n<div class=\"wp-block-image\"><figure class=\"aligncenter size-large\"><img loading=\"lazy\" decoding=\"async\" width=\"1024\" height=\"683\" src=\"https:\/\/skalnik.pl\/blog\/wp-content\/uploads\/2021\/02\/Zaparkowany-van.jpg\" alt=\"Van zaparkowany na molo\" class=\"wp-image-15938\" srcset=\"https:\/\/www.skalnik.pl\/blog\/wp-content\/uploads\/2021\/02\/Zaparkowany-van.jpg 1024w, https:\/\/www.skalnik.pl\/blog\/wp-content\/uploads\/2021\/02\/Zaparkowany-van-300x200.jpg 300w, https:\/\/www.skalnik.pl\/blog\/wp-content\/uploads\/2021\/02\/Zaparkowany-van-768x512.jpg 768w\" sizes=\"auto, (max-width: 1024px) 100vw, 1024px\" \/><figcaption><em>Podr\u00f3\u017c vanem to pe\u0142na wolno\u015b\u0107? Nie do ko\u0144ca&#8230; (fot. Nick Dunlap, Unsplash) <\/em><\/figcaption><\/figure><\/div>\n\n\n\n<h2 class=\"wp-block-heading\"><span class=\"ez-toc-section\" id=\"Caravaning_%E2%80%93_blaski_i_cienie\"><\/span>Caravaning \u2013 blaski i cienie<span class=\"ez-toc-section-end\"><\/span><\/h2>\n\n\n\n<p>Niew\u0105tpliw\u0105 zalet\u0105 vanlife jest fakt, \u017ce <strong>dok\u0142adny spos\u00f3b podr\u00f3\u017cowania mo\u017cesz dopasowa\u0107 pod swoje potrzeby i okoliczno\u015bci<\/strong>. Mo\u017cesz ruszy\u0107 w podr\u00f3\u017c objazdow\u0105 po kraju albo pojecha\u0107 na kemping nad morzem i tam sp\u0119dzi\u0107 spokojnie urlop. Mo\u017cesz podr\u00f3\u017cowa\u0107 po Polsce albo ruszy\u0107 na podb\u00f3j Europy.<\/p>\n\n\n\n<p>Podr\u00f3\u017c kamperem nie jest jednak ca\u0142kowit\u0105 wolno\u015bci\u0105. Zamiast odda\u0107 si\u0119 zupe\u0142nej beztrosce, musisz raczej balansowa\u0107 mi\u0119dzy improwizacj\u0105 a planowaniem.<\/p>\n\n\n\n<p>Przede wszystkim <strong>o kamper trzeba dba\u0107<\/strong>. Nag\u0142a awaria? Drobna usterka? Przed ruszeniem w dalsz\u0105 drog\u0119 trzeba j\u0105 naprawi\u0107.<\/p>\n\n\n\n<p>Du\u017ce i ci\u0119\u017ckie kampery zu\u017cywaj\u0105 te\u017c wiele paliwa, wi\u0119c pami\u0119taj, \u017ce mimo oszcz\u0119dno\u015bci na hotelach czy restauracjach sama podr\u00f3\u017c mo\u017ce nie okaza\u0107 si\u0119 tak bardzo tania.<\/p>\n\n\n\n<p>Pami\u0119taj te\u017c, \u017ce kampery nie zawsze s\u0105 mile widziane. <strong>Nie wsz\u0119dzie mo\u017cesz nimi wjecha\u0107 ani nie mo\u017cesz zatrzyma\u0107 si\u0119 w dowolnym miejscu na noc<\/strong>. W wi\u0119kszo\u015bci europejskich kraj\u00f3w kempingowanie jest dozwolone jedynie w wyznaczonych do tego miejscach. Ruszaj\u0105c w podr\u00f3\u017c kamperem, pomy\u015bl wi\u0119c wcze\u015bniej, gdzie si\u0119 zatrzymasz.<\/p>\n\n\n\n<p>Niezale\u017cnie od tego, gdzie zatrzymujesz sw\u00f3j van, <strong>dbaj o \u015brodowisko naturalne<\/strong>. Nie wylewaj nigdy zawarto\u015bci toalety chemicznej do lasu, a miejsce kempingowe pozostaw w takim stanie, w jakim by\u0142o przed twoim przyjazdem.<\/p>\n\n\n\n<div class=\"wp-block-image\"><figure class=\"aligncenter size-large\"><img loading=\"lazy\" decoding=\"async\" width=\"1024\" height=\"684\" src=\"https:\/\/skalnik.pl\/blog\/wp-content\/uploads\/2021\/02\/Van-widok.jpg\" alt=\"Zaparkowany van z widokiem\" class=\"wp-image-15936\" srcset=\"https:\/\/www.skalnik.pl\/blog\/wp-content\/uploads\/2021\/02\/Van-widok.jpg 1024w, https:\/\/www.skalnik.pl\/blog\/wp-content\/uploads\/2021\/02\/Van-widok-300x200.jpg 300w, https:\/\/www.skalnik.pl\/blog\/wp-content\/uploads\/2021\/02\/Van-widok-768x513.jpg 768w\" sizes=\"auto, (max-width: 1024px) 100vw, 1024px\" \/><figcaption><em>Poranek z pi\u0119knym widokiem? Pami\u0119taj, \u017ce nie wsz\u0119dzie mo\u017cesz zatrzyma\u0107 kamper na noc (fot. Stijn te Strake, Unsplash)<\/em><\/figcaption><\/figure><\/div>\n\n\n\n<h2 class=\"wp-block-heading\"><span class=\"ez-toc-section\" id=\"Van_%E2%80%93_co_do_niego_zabrac\"><\/span>Van \u2013 co do niego zabra\u0107?<span class=\"ez-toc-section-end\"><\/span><\/h2>\n\n\n\n<p>Mam dom na k\u00f3\u0142kach, wi\u0119c mog\u0119 do niego zabra\u0107 wszystko, czego tylko dusza zapragnie? Je\u015bli \u017cycie w vanie zaczniesz z takim nastawieniem, po chwili oka\u017ce si\u0119, \u017ce zdecydowanie przekraczasz \u0142adowno\u015b\u0107 swojego kampera, a w \u015brodku nie mo\u017cesz zrobi\u0107 najmniejszego ruchu, aby czego\u015b nie potr\u0105ci\u0107. W rzeczywisto\u015bci kampery maj\u0105 do\u015b\u0107 zminimalizowan\u0105 przestrze\u0144 \u017cyciow\u0105. <strong>Do pakowania nale\u017cy wi\u0119c podej\u015b\u0107 rygorystycznie i zabra\u0107 tylko to, co faktycznie potrzebne.<\/strong><\/p>\n\n\n\n<p>M\u0105dre pakowanie jest szczeg\u00f3lnie wa\u017cne, je\u015bli w podr\u00f3\u017c kamperem ruszasz ca\u0142\u0105 rodzin\u0105 albo w grupie znajomych. Odpowiednia selekcja rzeczy, a nast\u0119pnie ich m\u0105dre rozmieszczenie w vanie pomo\u017ce zapobiec wielu k\u0142\u00f3tniom i sporom.<\/p>\n\n\n\n<p>Poni\u017cej podpowiadam, jakie rzeczy warto zabra\u0107, je\u015bli planujesz kr\u00f3tsze lub d\u0142u\u017csze \u017cycie w kamperze. Dla wi\u0119kszej czytelno\u015bci podzieli\u0142am je na kilka kategorii.<\/p>\n\n\n\n<h2 class=\"wp-block-heading\"><span class=\"ez-toc-section\" id=\"Kamper_%E2%80%93_lista_rzeczy_do_spakowania\"><\/span>Kamper \u2013 lista rzeczy do spakowania<span class=\"ez-toc-section-end\"><\/span><\/h2>\n\n\n\n<h3 class=\"wp-block-heading\"><span class=\"ez-toc-section\" id=\"Ubrania\"><\/span>Ubrania<span class=\"ez-toc-section-end\"><\/span><\/h3>\n\n\n\n<p>Dom na k\u00f3\u0142kach to z pewno\u015bci\u0105 nie miejsce na rewi\u0119 mody. Na wakacje zabierz tylko te ubrania, kt\u00f3re b\u0119dziesz faktycznie nosi\u0107. Stawiaj na wygodne kroje i ciemne barwy lub kolory ziemi. Z pewno\u015bci\u0105 przydadz\u0105 si\u0119 wodoodporne sanda\u0142y trekkingowe. Mo\u017cesz wygodnie chodzi\u0107 w nich po kempingu, a tak\u017ce zabra\u0107 pod prysznic. Je\u015bli kamper s\u0142u\u017cy ci jako \u015brodek transportu w g\u00f3rskie rejony, zabierz te\u017c oczywi\u015bcie buty trekkingowe.<\/p>\n\n\n\n<div class=\"wp-block-image\"><figure class=\"aligncenter size-large\"><img loading=\"lazy\" decoding=\"async\" width=\"1024\" height=\"683\" src=\"https:\/\/skalnik.pl\/blog\/wp-content\/uploads\/2021\/02\/Sanda\u0142y-trekkingowe-Teva.jpg\" alt=\"Sanda\u0142y trekkingowe Teva\" class=\"wp-image-15932\" srcset=\"https:\/\/www.skalnik.pl\/blog\/wp-content\/uploads\/2021\/02\/Sanda\u0142y-trekkingowe-Teva.jpg 1024w, https:\/\/www.skalnik.pl\/blog\/wp-content\/uploads\/2021\/02\/Sanda\u0142y-trekkingowe-Teva-300x200.jpg 300w, https:\/\/www.skalnik.pl\/blog\/wp-content\/uploads\/2021\/02\/Sanda\u0142y-trekkingowe-Teva-768x512.jpg 768w\" sizes=\"auto, (max-width: 1024px) 100vw, 1024px\" \/><figcaption><em>Daj odpocz\u0105\u0107 swoim stopom! Postaw na sanda\u0142y trekkingowe (fot. Teva)<\/em><\/figcaption><\/figure><\/div>\n\n\n\n<h3 class=\"wp-block-heading\"><span class=\"ez-toc-section\" id=\"Gotowanie\"><\/span>Gotowanie<span class=\"ez-toc-section-end\"><\/span><\/h3>\n\n\n\n<p>Zale\u017cy ci, by wakacyjny caravaning sta\u0142 si\u0119 rodzinn\u0105 tradycj\u0105? Zadbaj o dobre jedzenie. Je\u015bli chcesz samodzielnie przygotowywa\u0107 ciep\u0142e posi\u0142ki, potrzebna jest ci oczywi\u015bcie kuchenka do gotowania. Zabierz te\u017c ze sob\u0105 najwa\u017cniejsze naczynia. Garnek, sztu\u0107ce, deska do krojenia, kubki, talerze i miseczki to niezb\u0119dna podstawa. W kamperze dobrze sprawdz\u0105 si\u0119 lekkie, ma\u0142e i wytrzyma\u0142e <a href=\"https:\/\/skalnik.pl\/sprzet-turystyczny\/camping\/camping-menazki-i-naczynia\" target=\"_blank\" rel=\"noreferrer noopener\">naczynia turystyczne<\/a>.<\/p>\n\n\n\n<p>Aby nie produkowa\u0107 wi\u0119cej plastiku ni\u017c to konieczne, zabierz ze sob\u0105 wielorazowe butelki na wod\u0119 oraz kubki termiczne na ciep\u0142e napoje. Przydadz\u0105 si\u0119 te\u017c wi\u0119ksze baniaki do transportowania wody. Zastan\u00f3w si\u0119, czy nie przyda ci si\u0119 tak\u017ce filtr do wody, aby jeszcze bardziej uniezale\u017cni\u0107 si\u0119 od \u015bwiata.<\/p>\n\n\n\n<p>Kamper powinien kojarzy\u0107 si\u0119 z przyjemnymi porankami oraz wieczorami. Zapakuj wi\u0119c czajnik albo kawiark\u0119 do zaparzania kawy, a tak\u017ce otwieracze do wina czy piwa.<\/p>\n\n\n\n<div class=\"wp-block-image\"><figure class=\"aligncenter size-large\"><img loading=\"lazy\" decoding=\"async\" width=\"1024\" height=\"683\" src=\"https:\/\/skalnik.pl\/blog\/wp-content\/uploads\/2021\/02\/Butelka-Nalgene.jpg\" alt=\"Butelka wielorazowa Nalgene\" class=\"wp-image-15934\" srcset=\"https:\/\/www.skalnik.pl\/blog\/wp-content\/uploads\/2021\/02\/Butelka-Nalgene.jpg 1024w, https:\/\/www.skalnik.pl\/blog\/wp-content\/uploads\/2021\/02\/Butelka-Nalgene-300x200.jpg 300w, https:\/\/www.skalnik.pl\/blog\/wp-content\/uploads\/2021\/02\/Butelka-Nalgene-768x512.jpg 768w\" sizes=\"auto, (max-width: 1024px) 100vw, 1024px\" \/><figcaption><em>W pi\u0119kne miejsca zabierz wielorazow\u0105 butelk\u0119 przyjazn\u0105 dla \u015brodowiska (fot. Nalgene)<\/em><\/figcaption><\/figure><\/div>\n\n\n\n<h3 class=\"wp-block-heading\"><span class=\"ez-toc-section\" id=\"Sprzatanie\"><\/span>Sprz\u0105tanie<span class=\"ez-toc-section-end\"><\/span><\/h3>\n\n\n\n<p>O kamper trzeba dba\u0107. Inaczej ju\u017c po kilku dniach podr\u00f3\u017cy utoniesz w brudach. We\u017a wi\u0119c \u015bciereczki i g\u0105bki oraz misk\u0119, kt\u00f3ra pozwoli ci umy\u0107 naczynia, zu\u017cywaj\u0105c mniej wody. Przydadz\u0105 si\u0119 tak\u017ce papierowe r\u0119czniki, worki na \u015bmieci oraz oczywi\u015bcie zmiotka i szufelka.<\/p>\n\n\n\n<h3 class=\"wp-block-heading\"><span class=\"ez-toc-section\" id=\"Pielegnacja\"><\/span>Piel\u0119gnacja<span class=\"ez-toc-section-end\"><\/span><\/h3>\n\n\n\n<p>Caravaning nie jest wym\u00f3wk\u0105, by zapomnie\u0107 o higienie. Je\u015bli nie chcesz uzale\u017cnia\u0107 si\u0119 od miejsc z infrastruktur\u0105 turystyczn\u0105, zabierz ze sob\u0105 prysznic solarny. Na kempingu dobrze sprawdzi si\u0119 tak\u017ce r\u0119cznik szybkoschn\u0105cy. Kosmetyczk\u0119 spakuj minimalistycznie, stawiaj\u0105c najlepiej na biodegradowalne kosmetyki. Nie zapomnij o kremie przeciws\u0142onecznym oraz \u015brodku odstraszaj\u0105cym na komary.<\/p>\n\n\n\n<div class=\"wp-block-image\"><figure class=\"aligncenter size-large\"><img loading=\"lazy\" decoding=\"async\" width=\"1024\" height=\"678\" src=\"https:\/\/skalnik.pl\/blog\/wp-content\/uploads\/2021\/02\/R\u0119czniki-szybkoschn\u0105ce-Sea-to-Summit.jpg\" alt=\"R\u0119czniki szybkoschn\u0105ce Sea to Summit\" class=\"wp-image-15927\" srcset=\"https:\/\/www.skalnik.pl\/blog\/wp-content\/uploads\/2021\/02\/R\u0119czniki-szybkoschn\u0105ce-Sea-to-Summit.jpg 1024w, https:\/\/www.skalnik.pl\/blog\/wp-content\/uploads\/2021\/02\/R\u0119czniki-szybkoschn\u0105ce-Sea-to-Summit-300x199.jpg 300w, https:\/\/www.skalnik.pl\/blog\/wp-content\/uploads\/2021\/02\/R\u0119czniki-szybkoschn\u0105ce-Sea-to-Summit-768x509.jpg 768w\" sizes=\"auto, (max-width: 1024px) 100vw, 1024px\" \/><figcaption><em>Lekkie r\u0119czniki szybkoschn\u0105ce sprawdz\u0105 si\u0119 idealnie w trakcie podr\u00f3\u017cy kamperem (fot. Sea to Summit)<\/em><\/figcaption><\/figure><\/div>\n\n\n\n<h3 class=\"wp-block-heading\"><span class=\"ez-toc-section\" id=\"Spanie\"><\/span>Spanie<span class=\"ez-toc-section-end\"><\/span><\/h3>\n\n\n\n<p>Je\u015bli nie chcesz targa\u0107 ze sob\u0105 po\u015bcieli, postaw na <a href=\"https:\/\/skalnik.pl\/sprzet-turystyczny\/spiwory-i-maty\/spiwory-i-maty-syntetyczne\" target=\"_blank\" rel=\"noreferrer noopener\">\u015bpiwory syntetyczne<\/a>. Aby nie przejmowa\u0107 si\u0119 nocnymi ha\u0142asami we\u017a te\u017c ze sob\u0105 zatyczki do uszu oraz opask\u0119 na oczy. Latem przydatna b\u0119dzie tak\u017ce moskitiera, kt\u00f3ra ochroni kamper przed nieproszonymi go\u015b\u0107mi. A \u017ceby wieczorne rozmowy by\u0142y przyjemniejsze, zapakuj lampk\u0119 turystyczn\u0105.<\/p>\n\n\n\n<h3 class=\"wp-block-heading\"><span class=\"ez-toc-section\" id=\"Codzienne_zycie_w_vanie\"><\/span>Codzienne \u017cycie w vanie<span class=\"ez-toc-section-end\"><\/span><\/h3>\n\n\n\n<p>Chcesz, by caravaning sta\u0142 si\u0119 bardziej komfortowy? Zabierz ze sob\u0105 lekkie i sk\u0142adane meble turystyczne. Stoliczek i krzese\u0142ka pozwol\u0105 ci si\u0119 cieszy\u0107 leniwym \u015bniadaniem przed kamperem. Je\u015bli w trakcie vanlife chcesz zazna\u0107 ca\u0142kowitego relaksu, we\u017a te\u017c ze sob\u0105 hamak.<\/p>\n\n\n\n<p>Zabierz tak\u017ce rzeczy, kt\u00f3re pozwol\u0105 ci sp\u0119dzi\u0107 ciekawie czas w deszczowe popo\u0142udnia: ksi\u0105\u017cki, plansz\u00f3wki, zeszyt na zapiski.<\/p>\n\n\n\n<div class=\"wp-block-image\"><figure class=\"aligncenter size-large\"><img loading=\"lazy\" decoding=\"async\" width=\"1024\" height=\"629\" src=\"https:\/\/skalnik.pl\/blog\/wp-content\/uploads\/2021\/02\/Hamaki-Ticket-to-moon.jpg\" alt=\"Hamaki Ticket To The Moon\" class=\"wp-image-15929\" srcset=\"https:\/\/www.skalnik.pl\/blog\/wp-content\/uploads\/2021\/02\/Hamaki-Ticket-to-moon.jpg 1024w, https:\/\/www.skalnik.pl\/blog\/wp-content\/uploads\/2021\/02\/Hamaki-Ticket-to-moon-300x184.jpg 300w, https:\/\/www.skalnik.pl\/blog\/wp-content\/uploads\/2021\/02\/Hamaki-Ticket-to-moon-768x472.jpg 768w\" sizes=\"auto, (max-width: 1024px) 100vw, 1024px\" \/><figcaption><em>Chwila relaksu na pla\u017cy? Na hamaku zapomnisz o wszelkich problemach (fot. Ticket To The Moon)<\/em><\/figcaption><\/figure><\/div>\n\n\n\n<h3 class=\"wp-block-heading\"><span class=\"ez-toc-section\" id=\"Narzedzia_i_bezpieczenstwo\"><\/span>Narz\u0119dzia i bezpiecze\u0144stwo<span class=\"ez-toc-section-end\"><\/span><\/h3>\n\n\n\n<p>Niestety, van niekiedy mo\u017ce si\u0119 popsu\u0107. Podstawowe narz\u0119dzia do naprawy, kamizelki odblaskowe, tr\u00f3jk\u0105t ostrzegawczy, kanister z zapasem paliwa s\u0105 wi\u0119c niezb\u0119dnym wyposa\u017ceniem. Kamper musi te\u017c posiada\u0107 apteczk\u0119. Je\u015bli obawiasz si\u0119 z\u0142odziei, zakup k\u0142\u00f3dk\u0119 antyw\u0142amaniow\u0105 na drzwi vana. Nie zapomnij te\u017c o \u0142adowarkach do telefonu i powerbanku, by w razie kryzysowych sytuacji nie zosta\u0107 samemu z roz\u0142adowan\u0105 kom\u00f3rk\u0105. Do baga\u017cu warto r\u00f3wnie\u017c wrzuci\u0107 scyzoryk.<\/p>\n\n\n\n<div class=\"wp-block-image\"><figure class=\"aligncenter size-large\"><img loading=\"lazy\" decoding=\"async\" width=\"1024\" height=\"1024\" src=\"https:\/\/skalnik.pl\/blog\/wp-content\/uploads\/2021\/02\/Apteczka-Lifesystems-1024x1024.jpg\" alt=\"Apteczka pierwszej pomocy Lifesystems\" class=\"wp-image-15930\" srcset=\"https:\/\/www.skalnik.pl\/blog\/wp-content\/uploads\/2021\/02\/Apteczka-Lifesystems.jpg 1024w, https:\/\/www.skalnik.pl\/blog\/wp-content\/uploads\/2021\/02\/Apteczka-Lifesystems-300x300.jpg 300w, https:\/\/www.skalnik.pl\/blog\/wp-content\/uploads\/2021\/02\/Apteczka-Lifesystems-768x768.jpg 768w\" sizes=\"auto, (max-width: 1024px) 100vw, 1024px\" \/><figcaption><em>Na drobne i powa\u017cniejsze urazy &#8211; dobrze wyposa\u017cona apteczka pomo\u017ce w wielu kryzysowych sytuacjach (fot. Lifesystems)<\/em><\/figcaption><\/figure><\/div>\n\n\n\n<p>Caravaning to wolno\u015b\u0107 i przygoda, kt\u00f3r\u0105 jednak warto smakowa\u0107 z odrobin\u0105 rozwagi. Przed ruszeniem w podr\u00f3\u017c kamperem sprawd\u017a zasady, kt\u00f3re obowi\u0105zuj\u0105 w danym kraju odno\u015bnie jazdy i kempingowania. Spakuj te\u017c tylko to, co jest ci faktycznie potrzebne, aby tw\u00f3j dom na k\u00f3\u0142kach nie zmieni\u0142 si\u0119 w graciarni\u0119. Dobre przygotowanie przed wyjazdem pozwoli ci na wi\u0119ksz\u0105 spontaniczno\u015b\u0107 w trakcie samej podr\u00f3\u017cy.<\/p>\n\n\n\n<p class=\"has-text-align-right\"><em>Katarzyna Butkiewicz<\/em><\/p>\n","protected":false},"excerpt":{"rendered":"<p>Jedni przenosz\u0105 ca\u0142e \u017cycie do kampera. Inni ruszaj\u0105 vanem na urlop. Czy vanlife jest dla ciebie?<\/p>\n","protected":false},"author":7,"featured_media":16300,"comment_status":"open","ping_status":"open","sticky":false,"template":"","format":"standard","meta":{"_acf_changed":false,"footnotes":""},"categories":[84],"tags":[88,210],"magento_category":[],"magento_product":[],"class_list":["post-15923","post","type-post","status-publish","format-standard","has-post-thumbnail","hentry","category-pasja","tag-kemping","tag-turystyka"],"acf":[],"aioseo_notices":[],"aioseo_head":"\n\t\t<!-- All in One SEO 4.9.10 - aioseo.com -->\n\t<meta name=\"description\" content=\"Vanlife daje ci wolno\u015b\u0107 i niezale\u017cno\u015b\u0107. Co spakowa\u0107 na podr\u00f3\u017c kamperem? Jakie blaski i cienie ma caravaning? Zobacz, czy kamper to pomys\u0142 dla ciebie.\" \/>\n\t<meta name=\"robots\" content=\"max-image-preview:large\" \/>\n\t<meta name=\"author\" content=\"Redakcja skalnik.pl\"\/>\n\t<link rel=\"canonical\" href=\"https:\/\/www.skalnik.pl\/blog\/vanlife-wolnosc-i-przygoda\/\" \/>\n\t<meta name=\"generator\" content=\"All in One SEO (AIOSEO) 4.9.10\" \/>\n\t\t<meta property=\"og:locale\" content=\"pl_PL\" \/>\n\t\t<meta property=\"og:site_name\" content=\"blog Skalnik - Blog, porady, artyku\u0142y - blog Skalnik\" \/>\n\t\t<meta property=\"og:type\" content=\"article\" \/>\n\t\t<meta property=\"og:title\" content=\"Vanlife \u2013 wolno\u015b\u0107 i przygoda - blog Skalnik\" \/>\n\t\t<meta property=\"og:description\" content=\"Vanlife daje ci wolno\u015b\u0107 i niezale\u017cno\u015b\u0107. Co spakowa\u0107 na podr\u00f3\u017c kamperem? Jakie blaski i cienie ma caravaning? Zobacz, czy kamper to pomys\u0142 dla ciebie.\" \/>\n\t\t<meta property=\"og:url\" content=\"https:\/\/www.skalnik.pl\/blog\/vanlife-wolnosc-i-przygoda\/\" \/>\n\t\t<meta property=\"og:image\" content=\"https:\/\/skalnik.pl\/blog\/wp-content\/uploads\/2021\/02\/Kamper-w-nocy.jpg\" \/>\n\t\t<meta property=\"og:image:secure_url\" content=\"https:\/\/skalnik.pl\/blog\/wp-content\/uploads\/2021\/02\/Kamper-w-nocy.jpg\" \/>\n\t\t<meta property=\"article:tag\" content=\"pasja\" \/>\n\t\t<meta property=\"article:tag\" content=\"kemping\" \/>\n\t\t<meta property=\"article:tag\" content=\"turystyka\" \/>\n\t\t<meta property=\"article:published_time\" content=\"2021-03-19T18:05:00+00:00\" \/>\n\t\t<meta property=\"article:modified_time\" content=\"2021-09-09T06:35:56+00:00\" \/>\n\t\t<meta name=\"twitter:card\" content=\"summary_large_image\" \/>\n\t\t<meta name=\"twitter:title\" content=\"Vanlife \u2013 wolno\u015b\u0107 i przygoda - blog Skalnik\" \/>\n\t\t<meta name=\"twitter:description\" content=\"Vanlife daje ci wolno\u015b\u0107 i niezale\u017cno\u015b\u0107. Co spakowa\u0107 na podr\u00f3\u017c kamperem? Jakie blaski i cienie ma caravaning? Zobacz, czy kamper to pomys\u0142 dla ciebie.\" \/>\n\t\t<meta name=\"twitter:image\" content=\"https:\/\/skalnik.pl\/blog\/wp-content\/uploads\/2021\/02\/Kamper-w-nocy.jpg\" \/>\n\t\t<script type=\"application\/ld+json\" class=\"aioseo-schema\">\n\t\t\t{\"@context\":\"https:\\\/\\\/schema.org\",\"@graph\":[{\"@type\":\"BlogPosting\",\"@id\":\"https:\\\/\\\/www.skalnik.pl\\\/blog\\\/vanlife-wolnosc-i-przygoda\\\/#blogposting\",\"name\":\"Vanlife \\u2013 wolno\\u015b\\u0107 i przygoda - blog Skalnik\",\"headline\":\"Vanlife \\u2013 wolno\\u015b\\u0107 i przygoda\",\"author\":{\"@id\":\"https:\\\/\\\/www.skalnik.pl\\\/blog\\\/author\\\/redakcja-skalnik-pl\\\/#author\"},\"publisher\":{\"@id\":\"https:\\\/\\\/www.skalnik.pl\\\/blog\\\/#organization\"},\"image\":{\"@type\":\"ImageObject\",\"url\":\"https:\\\/\\\/www.skalnik.pl\\\/blog\\\/wp-content\\\/uploads\\\/2021\\\/03\\\/tommy-lisbin-tQeTKUnI4Ow-unsplash.jpg\",\"width\":1920,\"height\":706},\"datePublished\":\"2021-03-19T19:05:00+02:00\",\"dateModified\":\"2021-09-09T08:35:56+02:00\",\"inLanguage\":\"pl-PL\",\"mainEntityOfPage\":{\"@id\":\"https:\\\/\\\/www.skalnik.pl\\\/blog\\\/vanlife-wolnosc-i-przygoda\\\/#webpage\"},\"isPartOf\":{\"@id\":\"https:\\\/\\\/www.skalnik.pl\\\/blog\\\/vanlife-wolnosc-i-przygoda\\\/#webpage\"},\"articleSection\":\"Pasja, kemping, turystyka\"},{\"@type\":\"BreadcrumbList\",\"@id\":\"https:\\\/\\\/www.skalnik.pl\\\/blog\\\/vanlife-wolnosc-i-przygoda\\\/#breadcrumblist\",\"itemListElement\":[{\"@type\":\"ListItem\",\"@id\":\"https:\\\/\\\/www.skalnik.pl\\\/blog#listItem\",\"position\":1,\"name\":\"Home\",\"item\":\"https:\\\/\\\/www.skalnik.pl\\\/blog\",\"nextItem\":{\"@type\":\"ListItem\",\"@id\":\"https:\\\/\\\/www.skalnik.pl\\\/blog\\\/.\\\/pasja\\\/#listItem\",\"name\":\"Pasja\"}},{\"@type\":\"ListItem\",\"@id\":\"https:\\\/\\\/www.skalnik.pl\\\/blog\\\/.\\\/pasja\\\/#listItem\",\"position\":2,\"name\":\"Pasja\",\"item\":\"https:\\\/\\\/www.skalnik.pl\\\/blog\\\/.\\\/pasja\\\/\",\"nextItem\":{\"@type\":\"ListItem\",\"@id\":\"https:\\\/\\\/www.skalnik.pl\\\/blog\\\/vanlife-wolnosc-i-przygoda\\\/#listItem\",\"name\":\"Vanlife \\u2013 wolno\\u015b\\u0107 i przygoda\"},\"previousItem\":{\"@type\":\"ListItem\",\"@id\":\"https:\\\/\\\/www.skalnik.pl\\\/blog#listItem\",\"name\":\"Home\"}},{\"@type\":\"ListItem\",\"@id\":\"https:\\\/\\\/www.skalnik.pl\\\/blog\\\/vanlife-wolnosc-i-przygoda\\\/#listItem\",\"position\":3,\"name\":\"Vanlife \\u2013 wolno\\u015b\\u0107 i przygoda\",\"previousItem\":{\"@type\":\"ListItem\",\"@id\":\"https:\\\/\\\/www.skalnik.pl\\\/blog\\\/.\\\/pasja\\\/#listItem\",\"name\":\"Pasja\"}}]},{\"@type\":\"Organization\",\"@id\":\"https:\\\/\\\/www.skalnik.pl\\\/blog\\\/#organization\",\"name\":\"blog Skalnik\",\"description\":\"Blog, porady, artyku\\u0142y - blog Skalnik\",\"url\":\"https:\\\/\\\/www.skalnik.pl\\\/blog\\\/\"},{\"@type\":\"Person\",\"@id\":\"https:\\\/\\\/www.skalnik.pl\\\/blog\\\/author\\\/redakcja-skalnik-pl\\\/#author\",\"url\":\"https:\\\/\\\/www.skalnik.pl\\\/blog\\\/author\\\/redakcja-skalnik-pl\\\/\",\"name\":\"Redakcja skalnik.pl\",\"image\":{\"@type\":\"ImageObject\",\"@id\":\"https:\\\/\\\/www.skalnik.pl\\\/blog\\\/vanlife-wolnosc-i-przygoda\\\/#authorImage\",\"url\":\"https:\\\/\\\/secure.gravatar.com\\\/avatar\\\/7eab29b048aaf0899cd9a145e9adb814e2130ced31e65b454b902500bea65f9e?s=96&d=mm&r=g\",\"width\":96,\"height\":96,\"caption\":\"Redakcja skalnik.pl\"}},{\"@type\":\"WebPage\",\"@id\":\"https:\\\/\\\/www.skalnik.pl\\\/blog\\\/vanlife-wolnosc-i-przygoda\\\/#webpage\",\"url\":\"https:\\\/\\\/www.skalnik.pl\\\/blog\\\/vanlife-wolnosc-i-przygoda\\\/\",\"name\":\"Vanlife \\u2013 wolno\\u015b\\u0107 i przygoda - blog Skalnik\",\"description\":\"Vanlife daje ci wolno\\u015b\\u0107 i niezale\\u017cno\\u015b\\u0107. Co spakowa\\u0107 na podr\\u00f3\\u017c kamperem? Jakie blaski i cienie ma caravaning? Zobacz, czy kamper to pomys\\u0142 dla ciebie.\",\"inLanguage\":\"pl-PL\",\"isPartOf\":{\"@id\":\"https:\\\/\\\/www.skalnik.pl\\\/blog\\\/#website\"},\"breadcrumb\":{\"@id\":\"https:\\\/\\\/www.skalnik.pl\\\/blog\\\/vanlife-wolnosc-i-przygoda\\\/#breadcrumblist\"},\"author\":{\"@id\":\"https:\\\/\\\/www.skalnik.pl\\\/blog\\\/author\\\/redakcja-skalnik-pl\\\/#author\"},\"creator\":{\"@id\":\"https:\\\/\\\/www.skalnik.pl\\\/blog\\\/author\\\/redakcja-skalnik-pl\\\/#author\"},\"image\":{\"@type\":\"ImageObject\",\"url\":\"https:\\\/\\\/www.skalnik.pl\\\/blog\\\/wp-content\\\/uploads\\\/2021\\\/03\\\/tommy-lisbin-tQeTKUnI4Ow-unsplash.jpg\",\"@id\":\"https:\\\/\\\/www.skalnik.pl\\\/blog\\\/vanlife-wolnosc-i-przygoda\\\/#mainImage\",\"width\":1920,\"height\":706},\"primaryImageOfPage\":{\"@id\":\"https:\\\/\\\/www.skalnik.pl\\\/blog\\\/vanlife-wolnosc-i-przygoda\\\/#mainImage\"},\"datePublished\":\"2021-03-19T19:05:00+02:00\",\"dateModified\":\"2021-09-09T08:35:56+02:00\"},{\"@type\":\"WebSite\",\"@id\":\"https:\\\/\\\/www.skalnik.pl\\\/blog\\\/#website\",\"url\":\"https:\\\/\\\/www.skalnik.pl\\\/blog\\\/\",\"name\":\"blog Skalnik\",\"description\":\"Blog, porady, artyku\\u0142y - blog Skalnik\",\"inLanguage\":\"pl-PL\",\"publisher\":{\"@id\":\"https:\\\/\\\/www.skalnik.pl\\\/blog\\\/#organization\"}}]}\n\t\t<\/script>\n\t\t<!-- All in One SEO -->\n\n","aioseo_head_json":{"title":"Vanlife \u2013 wolno\u015b\u0107 i przygoda - blog Skalnik","description":"Vanlife daje ci wolno\u015b\u0107 i niezale\u017cno\u015b\u0107. Co spakowa\u0107 na podr\u00f3\u017c kamperem? Jakie blaski i cienie ma caravaning? Zobacz, czy kamper to pomys\u0142 dla ciebie.","canonical_url":"https:\/\/www.skalnik.pl\/blog\/vanlife-wolnosc-i-przygoda\/","robots":"max-image-preview:large","keywords":"","webmasterTools":{"miscellaneous":""},"schema":{"@context":"https:\/\/schema.org","@graph":[{"@type":"BlogPosting","@id":"https:\/\/www.skalnik.pl\/blog\/vanlife-wolnosc-i-przygoda\/#blogposting","name":"Vanlife \u2013 wolno\u015b\u0107 i przygoda - blog Skalnik","headline":"Vanlife \u2013 wolno\u015b\u0107 i przygoda","author":{"@id":"https:\/\/www.skalnik.pl\/blog\/author\/redakcja-skalnik-pl\/#author"},"publisher":{"@id":"https:\/\/www.skalnik.pl\/blog\/#organization"},"image":{"@type":"ImageObject","url":"https:\/\/www.skalnik.pl\/blog\/wp-content\/uploads\/2021\/03\/tommy-lisbin-tQeTKUnI4Ow-unsplash.jpg","width":1920,"height":706},"datePublished":"2021-03-19T19:05:00+02:00","dateModified":"2021-09-09T08:35:56+02:00","inLanguage":"pl-PL","mainEntityOfPage":{"@id":"https:\/\/www.skalnik.pl\/blog\/vanlife-wolnosc-i-przygoda\/#webpage"},"isPartOf":{"@id":"https:\/\/www.skalnik.pl\/blog\/vanlife-wolnosc-i-przygoda\/#webpage"},"articleSection":"Pasja, kemping, turystyka"},{"@type":"BreadcrumbList","@id":"https:\/\/www.skalnik.pl\/blog\/vanlife-wolnosc-i-przygoda\/#breadcrumblist","itemListElement":[{"@type":"ListItem","@id":"https:\/\/www.skalnik.pl\/blog#listItem","position":1,"name":"Home","item":"https:\/\/www.skalnik.pl\/blog","nextItem":{"@type":"ListItem","@id":"https:\/\/www.skalnik.pl\/blog\/.\/pasja\/#listItem","name":"Pasja"}},{"@type":"ListItem","@id":"https:\/\/www.skalnik.pl\/blog\/.\/pasja\/#listItem","position":2,"name":"Pasja","item":"https:\/\/www.skalnik.pl\/blog\/.\/pasja\/","nextItem":{"@type":"ListItem","@id":"https:\/\/www.skalnik.pl\/blog\/vanlife-wolnosc-i-przygoda\/#listItem","name":"Vanlife \u2013 wolno\u015b\u0107 i przygoda"},"previousItem":{"@type":"ListItem","@id":"https:\/\/www.skalnik.pl\/blog#listItem","name":"Home"}},{"@type":"ListItem","@id":"https:\/\/www.skalnik.pl\/blog\/vanlife-wolnosc-i-przygoda\/#listItem","position":3,"name":"Vanlife \u2013 wolno\u015b\u0107 i przygoda","previousItem":{"@type":"ListItem","@id":"https:\/\/www.skalnik.pl\/blog\/.\/pasja\/#listItem","name":"Pasja"}}]},{"@type":"Organization","@id":"https:\/\/www.skalnik.pl\/blog\/#organization","name":"blog Skalnik","description":"Blog, porady, artyku\u0142y - blog Skalnik","url":"https:\/\/www.skalnik.pl\/blog\/"},{"@type":"Person","@id":"https:\/\/www.skalnik.pl\/blog\/author\/redakcja-skalnik-pl\/#author","url":"https:\/\/www.skalnik.pl\/blog\/author\/redakcja-skalnik-pl\/","name":"Redakcja skalnik.pl","image":{"@type":"ImageObject","@id":"https:\/\/www.skalnik.pl\/blog\/vanlife-wolnosc-i-przygoda\/#authorImage","url":"https:\/\/secure.gravatar.com\/avatar\/7eab29b048aaf0899cd9a145e9adb814e2130ced31e65b454b902500bea65f9e?s=96&d=mm&r=g","width":96,"height":96,"caption":"Redakcja skalnik.pl"}},{"@type":"WebPage","@id":"https:\/\/www.skalnik.pl\/blog\/vanlife-wolnosc-i-przygoda\/#webpage","url":"https:\/\/www.skalnik.pl\/blog\/vanlife-wolnosc-i-przygoda\/","name":"Vanlife \u2013 wolno\u015b\u0107 i przygoda - blog Skalnik","description":"Vanlife daje ci wolno\u015b\u0107 i niezale\u017cno\u015b\u0107. Co spakowa\u0107 na podr\u00f3\u017c kamperem? Jakie blaski i cienie ma caravaning? Zobacz, czy kamper to pomys\u0142 dla ciebie.","inLanguage":"pl-PL","isPartOf":{"@id":"https:\/\/www.skalnik.pl\/blog\/#website"},"breadcrumb":{"@id":"https:\/\/www.skalnik.pl\/blog\/vanlife-wolnosc-i-przygoda\/#breadcrumblist"},"author":{"@id":"https:\/\/www.skalnik.pl\/blog\/author\/redakcja-skalnik-pl\/#author"},"creator":{"@id":"https:\/\/www.skalnik.pl\/blog\/author\/redakcja-skalnik-pl\/#author"},"image":{"@type":"ImageObject","url":"https:\/\/www.skalnik.pl\/blog\/wp-content\/uploads\/2021\/03\/tommy-lisbin-tQeTKUnI4Ow-unsplash.jpg","@id":"https:\/\/www.skalnik.pl\/blog\/vanlife-wolnosc-i-przygoda\/#mainImage","width":1920,"height":706},"primaryImageOfPage":{"@id":"https:\/\/www.skalnik.pl\/blog\/vanlife-wolnosc-i-przygoda\/#mainImage"},"datePublished":"2021-03-19T19:05:00+02:00","dateModified":"2021-09-09T08:35:56+02:00"},{"@type":"WebSite","@id":"https:\/\/www.skalnik.pl\/blog\/#website","url":"https:\/\/www.skalnik.pl\/blog\/","name":"blog Skalnik","description":"Blog, porady, artyku\u0142y - blog Skalnik","inLanguage":"pl-PL","publisher":{"@id":"https:\/\/www.skalnik.pl\/blog\/#organization"}}]},"og:locale":"pl_PL","og:site_name":"blog Skalnik - Blog, porady, artyku\u0142y - blog Skalnik","og:type":"article","og:title":"Vanlife \u2013 wolno\u015b\u0107 i przygoda - blog Skalnik","og:description":"Vanlife daje ci wolno\u015b\u0107 i niezale\u017cno\u015b\u0107. Co spakowa\u0107 na podr\u00f3\u017c kamperem? Jakie blaski i cienie ma caravaning? Zobacz, czy kamper to pomys\u0142 dla ciebie.","og:url":"https:\/\/www.skalnik.pl\/blog\/vanlife-wolnosc-i-przygoda\/","og:image":"https:\/\/skalnik.pl\/blog\/wp-content\/uploads\/2021\/02\/Kamper-w-nocy.jpg","og:image:secure_url":"https:\/\/skalnik.pl\/blog\/wp-content\/uploads\/2021\/02\/Kamper-w-nocy.jpg","article:tag":["pasja","kemping","turystyka"],"article:published_time":"2021-03-19T18:05:00+00:00","article:modified_time":"2021-09-09T06:35:56+00:00","twitter:card":"summary_large_image","twitter:title":"Vanlife \u2013 wolno\u015b\u0107 i przygoda - blog Skalnik","twitter:description":"Vanlife daje ci wolno\u015b\u0107 i niezale\u017cno\u015b\u0107. Co spakowa\u0107 na podr\u00f3\u017c kamperem? Jakie blaski i cienie ma caravaning? Zobacz, czy kamper to pomys\u0142 dla ciebie.","twitter:image":"https:\/\/skalnik.pl\/blog\/wp-content\/uploads\/2021\/02\/Kamper-w-nocy.jpg"},"aioseo_meta_data":{"post_id":"15923","title":null,"description":"Vanlife daje ci wolno\u015b\u0107 i niezale\u017cno\u015b\u0107. Co spakowa\u0107 na podr\u00f3\u017c kamperem? Jakie blaski i cienie ma caravaning? Zobacz, czy kamper to pomys\u0142 dla ciebie.","keywords":[{"label":"kamper","value":"kamper"},{"label":"van","value":"van"},{"label":"caravaning","value":"caravaning"},{"label":"vanlife","value":"vanlife"},{"label":"dom na k\u00f3\u0142kach","value":"dom na k\u00f3\u0142kach"},{"label":"podr\u00f3\u017c kamperem","value":"podr\u00f3\u017c kamperem"}],"keyphrases":null,"primary_term":null,"canonical_url":"","og_title":null,"og_description":null,"og_object_type":"default","og_image_type":"default","og_image_url":null,"og_image_width":null,"og_image_height":null,"og_image_custom_url":null,"og_image_custom_fields":null,"og_video":null,"og_custom_url":null,"og_article_section":null,"og_article_tags":null,"twitter_use_og":false,"twitter_card":"default","twitter_image_type":"default","twitter_image_url":null,"twitter_image_custom_url":null,"twitter_image_custom_fields":null,"twitter_title":null,"twitter_description":null,"schema":{"blockGraphs":[],"customGraphs":[],"default":{"data":{"Article":[],"Course":[],"Dataset":[],"FAQPage":[],"Movie":[],"Person":[],"Product":[],"ProductReview":[],"Car":[],"Recipe":[],"Service":[],"SoftwareApplication":[],"WebPage":[]},"graphName":"BlogPosting","isEnabled":true},"graphs":[]},"schema_type":"default","schema_type_options":null,"pillar_content":false,"robots_default":true,"robots_noindex":false,"robots_noarchive":false,"robots_nosnippet":false,"robots_nofollow":false,"robots_noimageindex":false,"robots_noodp":false,"robots_notranslate":false,"robots_max_snippet":null,"robots_max_videopreview":null,"robots_max_imagepreview":"large","priority":null,"frequency":null,"local_seo":null,"breadcrumb_settings":null,"limit_modified_date":false,"ai":null,"created":"2022-08-26 10:32:57","updated":"2026-02-17 22:07:26","seo_analyzer_scan_date":null},"aioseo_breadcrumb":"<div class=\"aioseo-breadcrumbs\"><span class=\"aioseo-breadcrumb\">\n\t\t\t<a href=\"https:\/\/www.skalnik.pl\/blog\" title=\"Home\">Home<\/a>\n\t\t<\/span><span class=\"aioseo-breadcrumb-separator\">&raquo;<\/span><span class=\"aioseo-breadcrumb\">\n\t\t\t<a href=\"https:\/\/www.skalnik.pl\/blog\/.\/pasja\/\" title=\"Pasja\">Pasja<\/a>\n\t\t<\/span><span class=\"aioseo-breadcrumb-separator\">&raquo;<\/span><span class=\"aioseo-breadcrumb\">\n\t\t\tVanlife \u2013 wolno\u015b\u0107 i przygoda\n\t\t<\/span><\/div>","aioseo_breadcrumb_json":[{"label":"Home","link":"https:\/\/www.skalnik.pl\/blog"},{"label":"Pasja","link":"https:\/\/www.skalnik.pl\/blog\/.\/pasja\/"},{"label":"Vanlife \u2013 wolno\u015b\u0107 i przygoda","link":"https:\/\/www.skalnik.pl\/blog\/vanlife-wolnosc-i-przygoda\/"}],"_links":{"self":[{"href":"https:\/\/www.skalnik.pl\/blog\/wp-json\/wp\/v2\/posts\/15923","targetHints":{"allow":["GET"]}}],"collection":[{"href":"https:\/\/www.skalnik.pl\/blog\/wp-json\/wp\/v2\/posts"}],"about":[{"href":"https:\/\/www.skalnik.pl\/blog\/wp-json\/wp\/v2\/types\/post"}],"author":[{"embeddable":true,"href":"https:\/\/www.skalnik.pl\/blog\/wp-json\/wp\/v2\/users\/7"}],"replies":[{"embeddable":true,"href":"https:\/\/www.skalnik.pl\/blog\/wp-json\/wp\/v2\/comments?post=15923"}],"version-history":[{"count":5,"href":"https:\/\/www.skalnik.pl\/blog\/wp-json\/wp\/v2\/posts\/15923\/revisions"}],"predecessor-version":[{"id":15941,"href":"https:\/\/www.skalnik.pl\/blog\/wp-json\/wp\/v2\/posts\/15923\/revisions\/15941"}],"wp:featuredmedia":[{"embeddable":true,"href":"https:\/\/www.skalnik.pl\/blog\/wp-json\/wp\/v2\/media\/16300"}],"wp:attachment":[{"href":"https:\/\/www.skalnik.pl\/blog\/wp-json\/wp\/v2\/media?parent=15923"}],"wp:term":[{"taxonomy":"category","embeddable":true,"href":"https:\/\/www.skalnik.pl\/blog\/wp-json\/wp\/v2\/categories?post=15923"},{"taxonomy":"post_tag","embeddable":true,"href":"https:\/\/www.skalnik.pl\/blog\/wp-json\/wp\/v2\/tags?post=15923"},{"taxonomy":"magento_category","embeddable":true,"href":"https:\/\/www.skalnik.pl\/blog\/wp-json\/wp\/v2\/magento_category?post=15923"},{"taxonomy":"magento_product","embeddable":true,"href":"https:\/\/www.skalnik.pl\/blog\/wp-json\/wp\/v2\/magento_product?post=15923"}],"curies":[{"name":"wp","href":"https:\/\/api.w.org\/{rel}","templated":true}]}}