{"id":15962,"date":"2021-02-26T11:38:00","date_gmt":"2021-02-26T10:38:00","guid":{"rendered":"https:\/\/skalnik.pl\/blog\/?p=15962"},"modified":"2024-05-20T15:40:52","modified_gmt":"2024-05-20T13:40:52","slug":"glowny-szlak-beskidzki","status":"publish","type":"post","link":"https:\/\/www.skalnik.pl\/blog\/glowny-szlak-beskidzki\/","title":{"rendered":"G\u0142\u00f3wny Szlak Beskidzki"},"content":{"rendered":"\n<p><strong>Dzikie Bieszczady i Beskid Niski, Beskid S\u0105decki oraz Gorce z fantastycznymi widokami, Beskid \u017bywiecki z Kr\u00f3low\u0105 Beskid\u00f3w, Beskid \u015al\u0105ski na szcz\u0119\u015bliwe zako\u0144czenie w\u0119dr\u00f3wki \u2013 G\u0142\u00f3wny Szlak Beskidzki zapewnia w\u0119drowcom tysi\u0105ce pi\u0119knych moment\u00f3w. Co spakowa\u0107 na biegn\u0105c\u0105 przez Beskidy tras\u0119 i jak przej\u015b\u0107 G\u0142\u00f3wny Szlak Beskidzki?<\/strong><\/p>\n\n\n\n<p>Szukasz ambitnego g\u00f3rskiego celu na tegoroczne wakacje? Rzu\u0107 wszystko i pojed\u017a w Bieszczady, sk\u0105d ruszysz na G\u0142\u00f3wny Szlak Beskidzki. Albo zacznij w\u0119dr\u00f3wk\u0119 w Ustroniu na \u015al\u0105sku i pod\u0105\u017caj GSB ku wschodnim rejonom Polski. Sprawd\u017a, jak si\u0119 przygotowa\u0107, aby w\u0119dr\u00f3wka po najd\u0142u\u017cszym g\u00f3rskim szlaku w Polsce by\u0142a przyjemno\u015bci\u0105.<\/p>\n\n\n<div class=\"wp-block-image\">\n<figure class=\"aligncenter size-large is-resized\"><img loading=\"lazy\" decoding=\"async\" src=\"https:\/\/skalnik.pl\/blog\/wp-content\/uploads\/2021\/02\/IMG_8294.jpg\" alt=\"G\u0142\u00f3wny Szlak Beskidzki - czerwony szlak\" class=\"wp-image-15991\" width=\"1024\" height=\"768\" srcset=\"https:\/\/www.skalnik.pl\/blog\/wp-content\/uploads\/2021\/02\/IMG_8294.jpg 1024w, https:\/\/www.skalnik.pl\/blog\/wp-content\/uploads\/2021\/02\/IMG_8294-300x225.jpg 300w, https:\/\/www.skalnik.pl\/blog\/wp-content\/uploads\/2021\/02\/IMG_8294-768x576.jpg 768w\" sizes=\"auto, (max-width: 1024px) 100vw, 1024px\" \/><figcaption class=\"wp-element-caption\"><em>GSB &#8211; pod\u0105\u017caj za czerwonym szlakiem! (fot. z arch. autorki)<\/em><\/figcaption><\/figure>\n<\/div>\n\n\n<div id=\"ez-toc-container\" class=\"ez-toc-v2_0_85 counter-hierarchy ez-toc-counter ez-toc-light-blue ez-toc-container-direction\">\n<div class=\"ez-toc-title-container\">\n<p class=\"ez-toc-title\" style=\"cursor:inherit\">SPIS TRE\u015aCI <\/p>\n<span class=\"ez-toc-title-toggle\"><a href=\"#\" class=\"ez-toc-pull-right ez-toc-btn ez-toc-btn-xs ez-toc-btn-default ez-toc-toggle\" aria-label=\"Prze\u0142\u0105cznik Spisu Tre\u015bci\"><span class=\"ez-toc-js-icon-con\"><span class=\"\"><span class=\"eztoc-hide\" style=\"display:none;\">Toggle<\/span><span class=\"ez-toc-icon-toggle-span\"><svg style=\"fill: #999;color:#999\" xmlns=\"http:\/\/www.w3.org\/2000\/svg\" class=\"list-377408\" width=\"20px\" height=\"20px\" viewBox=\"0 0 24 24\" fill=\"none\"><path d=\"M6 6H4v2h2V6zm14 0H8v2h12V6zM4 11h2v2H4v-2zm16 0H8v2h12v-2zM4 16h2v2H4v-2zm16 0H8v2h12v-2z\" fill=\"currentColor\"><\/path><\/svg><svg style=\"fill: #999;color:#999\" class=\"arrow-unsorted-368013\" xmlns=\"http:\/\/www.w3.org\/2000\/svg\" width=\"10px\" height=\"10px\" viewBox=\"0 0 24 24\" version=\"1.2\" baseProfile=\"tiny\"><path d=\"M18.2 9.3l-6.2-6.3-6.2 6.3c-.2.2-.3.4-.3.7s.1.5.3.7c.2.2.4.3.7.3h11c.3 0 .5-.1.7-.3.2-.2.3-.5.3-.7s-.1-.5-.3-.7zM5.8 14.7l6.2 6.3 6.2-6.3c.2-.2.3-.5.3-.7s-.1-.5-.3-.7c-.2-.2-.4-.3-.7-.3h-11c-.3 0-.5.1-.7.3-.2.2-.3.5-.3.7s.1.5.3.7z\"\/><\/svg><\/span><\/span><\/span><\/a><\/span><\/div>\n<nav><ul class='ez-toc-list ez-toc-list-level-1 ' ><li class='ez-toc-page-1 ez-toc-heading-level-2'><a class=\"ez-toc-link ez-toc-heading-1\" href=\"https:\/\/www.skalnik.pl\/blog\/glowny-szlak-beskidzki\/#Czym_jest_Glowny_Szlak_Beskidzki\" >Czym jest G\u0142\u00f3wny Szlak Beskidzki?<\/a><\/li><li class='ez-toc-page-1 ez-toc-heading-level-2'><a class=\"ez-toc-link ez-toc-heading-2\" href=\"https:\/\/www.skalnik.pl\/blog\/glowny-szlak-beskidzki\/#Dawno_dawno_temu_czyli_poczatki_GSB\" >Dawno, dawno temu, czyli pocz\u0105tki GSB<\/a><\/li><li class='ez-toc-page-1 ez-toc-heading-level-2'><a class=\"ez-toc-link ez-toc-heading-3\" href=\"https:\/\/www.skalnik.pl\/blog\/glowny-szlak-beskidzki\/#Wspolczesny_przebieg_Glownego_Szlaku_Beskidzkiego\" >Wsp\u00f3\u0142czesny przebieg G\u0142\u00f3wnego Szlaku Beskidzkiego<\/a><ul class='ez-toc-list-level-3' ><li class='ez-toc-heading-level-3'><a class=\"ez-toc-link ez-toc-heading-4\" href=\"https:\/\/www.skalnik.pl\/blog\/glowny-szlak-beskidzki\/#Bieszczady_%E2%80%93_poloniny_na_start\" >Bieszczady \u2013 po\u0142oniny na start<\/a><\/li><li class='ez-toc-page-1 ez-toc-heading-level-3'><a class=\"ez-toc-link ez-toc-heading-5\" href=\"https:\/\/www.skalnik.pl\/blog\/glowny-szlak-beskidzki\/#Dziki_i_tajemniczy_Beskid_Niski\" >Dziki i tajemniczy Beskid Niski<\/a><\/li><li class='ez-toc-page-1 ez-toc-heading-level-3'><a class=\"ez-toc-link ez-toc-heading-6\" href=\"https:\/\/www.skalnik.pl\/blog\/glowny-szlak-beskidzki\/#Beskid_Sadecki_%E2%80%93_powrot_do_cywilizacji\" >Beskid S\u0105decki \u2013 powr\u00f3t do cywilizacji<\/a><\/li><li class='ez-toc-page-1 ez-toc-heading-level-3'><a class=\"ez-toc-link ez-toc-heading-7\" href=\"https:\/\/www.skalnik.pl\/blog\/glowny-szlak-beskidzki\/#Gorce_z_widokami_na_Tatry\" >Gorce z widokami na Tatry<\/a><\/li><li class='ez-toc-page-1 ez-toc-heading-level-3'><a class=\"ez-toc-link ez-toc-heading-8\" href=\"https:\/\/www.skalnik.pl\/blog\/glowny-szlak-beskidzki\/#Beskid_Zywiecki_i_Krolowa_Beskidow\" >Beskid \u017bywiecki i Kr\u00f3lowa Beskid\u00f3w<\/a><\/li><li class='ez-toc-page-1 ez-toc-heading-level-3'><a class=\"ez-toc-link ez-toc-heading-9\" href=\"https:\/\/www.skalnik.pl\/blog\/glowny-szlak-beskidzki\/#Beskid_Slaski_%E2%80%93_czas_na_mete\" >Beskid \u015al\u0105ski \u2013 czas na met\u0119<\/a><\/li><\/ul><\/li><li class='ez-toc-page-1 ez-toc-heading-level-2'><a class=\"ez-toc-link ez-toc-heading-10\" href=\"https:\/\/www.skalnik.pl\/blog\/glowny-szlak-beskidzki\/#Jak_przejsc_Glowny_Szlak_Beskidzki\" >Jak przej\u015b\u0107 G\u0142\u00f3wny Szlak Beskidzki?<\/a><\/li><li class='ez-toc-page-1 ez-toc-heading-level-2'><a class=\"ez-toc-link ez-toc-heading-11\" href=\"https:\/\/www.skalnik.pl\/blog\/glowny-szlak-beskidzki\/#Glowny_Szlak_Beskidzki_mapa\" >G\u0142\u00f3wny Szlak Beskidzki mapa<\/a><\/li><li class='ez-toc-page-1 ez-toc-heading-level-2'><a class=\"ez-toc-link ez-toc-heading-12\" href=\"https:\/\/www.skalnik.pl\/blog\/glowny-szlak-beskidzki\/#Jak_dotrzec_na_start_GSB\" >Jak dotrze\u0107 na start GSB?<\/a><\/li><\/ul><\/nav><\/div>\n<h2 class=\"wp-block-heading\"><span class=\"ez-toc-section\" id=\"Czym_jest_Glowny_Szlak_Beskidzki\"><\/span>Czym jest G\u0142\u00f3wny Szlak Beskidzki?<span class=\"ez-toc-section-end\"><\/span><\/h2>\n\n\n\n<p>Szlaki d\u0142ugodystansowe daj\u0105 w\u0119drowcom niezwyk\u0142e poczucie wolno\u015bci. Krok po kroku odrywasz si\u0119 od cywilizacji, podziwiasz pi\u0119kne widoki i odnajdujesz spok\u00f3j. Oczywi\u015bcie, szlaki d\u0142ugodystansowe to nie tylko mi\u0142e chwile. W\u0119dr\u00f3wka w deszczu, b\u0142ocie, zimnie \u2013 na to tak\u017ce trzeba by\u0107 przygotowanym. Po trudnych dniach jeszcze bardziej docenia si\u0119 jednak drobne rado\u015bci na szlaku, takie jak promienie s\u0142o\u0144ce rozgrzewaj\u0105ce twarz i pyszne nale\u015bniki w schronisku.<\/p>\n\n\n\n<p>Pi\u0119kne szlaki d\u0142ugodystansowe znajdziesz we wszystkich zak\u0105tkach \u015bwiata, ale najlepiej zacz\u0105\u0107 od w\u0142asnego podw\u00f3rka. Po wpisaniu w wyszukiwark\u0119 has\u0142a \u201eSzlaki Beskidy\u201d na pewno od razu wy\u015bwietli ci si\u0119 informacja o najd\u0142u\u017cszej z tras biegn\u0105cych po polskich g\u00f3rach: <strong>G\u0142\u00f3wnym Szlaku Beskidzkim<\/strong>.<\/p>\n\n\n<div class=\"wp-block-image\">\n<figure class=\"aligncenter size-large\"><img loading=\"lazy\" decoding=\"async\" width=\"1024\" height=\"768\" src=\"https:\/\/skalnik.pl\/blog\/wp-content\/uploads\/2021\/02\/GSB-szlaki.jpg\" alt=\"G\u0142\u00f3wny Szlak Beskidzki - szlaki\" class=\"wp-image-15987\" srcset=\"https:\/\/www.skalnik.pl\/blog\/wp-content\/uploads\/2021\/02\/GSB-szlaki.jpg 1024w, https:\/\/www.skalnik.pl\/blog\/wp-content\/uploads\/2021\/02\/GSB-szlaki-300x225.jpg 300w, https:\/\/www.skalnik.pl\/blog\/wp-content\/uploads\/2021\/02\/GSB-szlaki-768x576.jpg 768w\" sizes=\"auto, (max-width: 1024px) 100vw, 1024px\" \/><figcaption class=\"wp-element-caption\"><em>G\u0142\u00f3wny Szlak Beskidzki to najd\u0142u\u017cszy g\u00f3rski szlak w Polsce i \u015bwietne wyzwanie dla ka\u017cdego turysty (fot. Janusz \u0141opusiewicz)<\/em><\/figcaption><\/figure>\n<\/div>\n\n\n<p>G\u0142\u00f3wny Szlak Beskidzki ma d\u0142ugo\u015b\u0107 mniej wi\u0119cej <strong>500 km<\/strong>. Wi\u0119kszo\u015b\u0107 os\u00f3b przechodzi go w ok. <strong>2 \u2013 3 tygodnie<\/strong>. Oznaczony jest czerwonym kolorem, a jego punkty kra\u0144cowe to Wo\u0142osate w Bieszczadach i Ustro\u0144 w Beskidzie \u015al\u0105skim.<\/p>\n\n\n\n<p>G\u0142\u00f3wny Szlak Beskidzki to ambitny i wymagaj\u0105cy szlak, kt\u00f3ry jest jednak pozbawiony technicznych trudno\u015bci. To idealny cel dla wszystkich, kt\u00f3rzy maj\u0105 ju\u017c za sob\u0105 wiele weekendowych i kilkudniowych wycieczek po polskich g\u00f3rach, a teraz chcieliby zmierzy\u0107 si\u0119 z d\u0142u\u017cszym dystansem.<\/p>\n\n\n\n<h2 class=\"wp-block-heading\"><span class=\"ez-toc-section\" id=\"Dawno_dawno_temu_czyli_poczatki_GSB\"><\/span>Dawno, dawno temu, czyli pocz\u0105tki GSB<span class=\"ez-toc-section-end\"><\/span><\/h2>\n\n\n\n<p>G\u0142\u00f3wny Szlak Beskidzki zaprojektowano ju\u017c <strong>prawie 100 lat temu<\/strong>. Na pocz\u0105tku wyznaczono zachodni\u0105 cz\u0119\u015b\u0107 mi\u0119dzy Beskidem \u015al\u0105skim a S\u0105deckim. Potem do\u0142\u0105czy\u0142a cz\u0119\u015b\u0107 biegn\u0105ca przez Beskidy Wschodnie. Warto zauwa\u017cy\u0107, \u017ce przed II Wojn\u0105 \u015awiatow\u0105 GSB by\u0142 jeszcze wi\u0119kszym wyzwaniem dla piechur\u00f3w. Ci\u0105gn\u0105\u0142 si\u0119 bowiem tak\u017ce przez g\u00f3ry le\u017c\u0105ce na terenie obecnej Ukrainy. Szlak poprowadzono a\u017c po <strong>Czarnohor\u0119<\/strong>, gdzie GSB zbli\u017ca\u0142 si\u0119 do granicy z Rumuni\u0105.<\/p>\n\n\n<div class=\"wp-block-image\">\n<figure class=\"aligncenter size-large\"><img loading=\"lazy\" decoding=\"async\" width=\"1024\" height=\"768\" src=\"https:\/\/skalnik.pl\/blog\/wp-content\/uploads\/2021\/02\/Czarnohora.jpg\" alt=\"Czarnohora\" class=\"wp-image-15989\" srcset=\"https:\/\/www.skalnik.pl\/blog\/wp-content\/uploads\/2021\/02\/Czarnohora.jpg 1024w, https:\/\/www.skalnik.pl\/blog\/wp-content\/uploads\/2021\/02\/Czarnohora-300x225.jpg 300w, https:\/\/www.skalnik.pl\/blog\/wp-content\/uploads\/2021\/02\/Czarnohora-768x576.jpg 768w\" sizes=\"auto, (max-width: 1024px) 100vw, 1024px\" \/><figcaption class=\"wp-element-caption\"><em>Czarnohora &#8211; kiedy\u015b a\u017c tutaj si\u0119ga\u0142 G\u0142\u00f3wny Szlak Beskidzki (fot. Ustas, Wikimedia Commons)<\/em><\/figcaption><\/figure>\n<\/div>\n\n\n<h2 class=\"wp-block-heading\"><span class=\"ez-toc-section\" id=\"Wspolczesny_przebieg_Glownego_Szlaku_Beskidzkiego\"><\/span>Wsp\u00f3\u0142czesny przebieg G\u0142\u00f3wnego Szlaku Beskidzkiego<span class=\"ez-toc-section-end\"><\/span><\/h2>\n\n\n\n<p>Wsp\u00f3\u0142cze\u015bnie G\u0142\u00f3wny Szlak Beskidzki przechodzi przez wi\u0119kszo\u015b\u0107 wa\u017cniejszych pasm w polskich Beskidach. Pomija jedynie Beskid Ma\u0142y, Makowski i Wyspowy (przez te pasma poprowadzono Ma\u0142y Szlak Beskidzki) oraz Pieniny.<\/p>\n\n\n\n<p>Niew\u0105tpliw\u0105 zalet\u0105 GSB jest fakt, \u017ce <strong>cz\u0119sto prowadzi g\u0142\u00f3wnymi grzbietami g\u00f3rskimi<\/strong> oraz pozwala zdoby\u0107 wiele wa\u017cnych szczyt\u00f3w.<\/p>\n\n\n\n<p>Dok\u0142adny przebieg szlaku prze\u015bledzisz na poni\u017cszej mapie:<\/p>\n\n\n\n<div style=\"max-width:1024px;overflow:hidden;margin:0 auto;min-width:300px;\"><iframe src=\"https:\/\/mapa-turystyczna.pl\/map\/widget\/route\/h1l0p1\/u5ka.html\" style=\"width:100%;border:0;\" height=\"680\" frameborder=\"0\"><\/iframe><a href=\"https:\/\/mapa-turystyczna.pl\/route\/u5ka?utm_source=external_web&amp;utm_medium=widget&amp;utm_campaign=route_widget\" target=\"_blank\" style=\"color:#999;padding:7px 0;font-size: 13px;font-family:Roboto,Arial,sans-serif;display: inline-block;\" rel=\"noopener noreferrer\">Trasa: Wo\u0142osate \u2013 Ustro\u0144 | mapa-turystyczna.pl<\/a><\/div>\n\n\n\n<p>G\u0142\u00f3wny Szlak Beskidzki <strong>mo\u017cesz pokonywa\u0107 od wschodu lub od zachodu<\/strong>. Wyb\u00f3r nale\u017cy do ciebie, a decyzja powinna zale\u017ce\u0107 g\u0142\u00f3wnie od tego, czy wolisz pod\u0105\u017ca\u0107 od czy ku cywilizacji i rozbudowanej infrastrukturze turystycznej. Poni\u017cej opisuj\u0119 pasma, przez kt\u00f3re przebiega G\u0142\u00f3wny Szlak Beskidzki, id\u0105c od wschodu ku zachodowi:<\/p>\n\n\n\n<h3 class=\"wp-block-heading\"><span class=\"ez-toc-section\" id=\"Bieszczady_%E2%80%93_poloniny_na_start\"><\/span>Bieszczady \u2013 po\u0142oniny na start<span class=\"ez-toc-section-end\"><\/span><\/h3>\n\n\n\n<p>Id\u0105c od wschodu, w\u0119dr\u00f3wk\u0119 zaczniesz od najpi\u0119kniejszej cz\u0119\u015bci GSB, czyli Bieszczad\u00f3w. Kropk\u0119 oznaczaj\u0105c\u0105 pocz\u0105tek (lub koniec) szlaku znajdziesz w wiosce Wo\u0142osate. W Bieszczadach czekaj\u0105 na ciebie wci\u0105\u017c dzika, karpacka puszcza, rozleg\u0142e po\u0142oniny i zapieraj\u0105ce dech w piersiach widoki. Na pocz\u0105tku szlak do\u015b\u0107 rzadko schodzi do miejscowo\u015bci, wi\u0119c pami\u0119taj o zabraniu odpowiednich zapas\u00f3w jedzenia.<\/p>\n\n\n<div class=\"wp-block-image\">\n<figure class=\"aligncenter size-large\"><img loading=\"lazy\" decoding=\"async\" width=\"1024\" height=\"768\" src=\"https:\/\/skalnik.pl\/blog\/wp-content\/uploads\/2021\/02\/G\u0142\u00f3wny-Szlak-Beskidzki-Bieszczady.jpg\" alt=\"G\u0142\u00f3wny Szlak Beskidzki - Bieszczady\" class=\"wp-image-15971\" srcset=\"https:\/\/www.skalnik.pl\/blog\/wp-content\/uploads\/2021\/02\/G\u0142\u00f3wny-Szlak-Beskidzki-Bieszczady.jpg 1024w, https:\/\/www.skalnik.pl\/blog\/wp-content\/uploads\/2021\/02\/G\u0142\u00f3wny-Szlak-Beskidzki-Bieszczady-300x225.jpg 300w, https:\/\/www.skalnik.pl\/blog\/wp-content\/uploads\/2021\/02\/G\u0142\u00f3wny-Szlak-Beskidzki-Bieszczady-768x576.jpg 768w\" sizes=\"auto, (max-width: 1024px) 100vw, 1024px\" \/><figcaption class=\"wp-element-caption\"><em>Rzuci\u0107 wszystko i jecha\u0107 w Bieszczady? Dla takich widok\u00f3w na pewno warto (fot. Janusz \u0141opusiewicz)<\/em><\/figcaption><\/figure>\n<\/div>\n\n\n<h3 class=\"wp-block-heading\"><span class=\"ez-toc-section\" id=\"Dziki_i_tajemniczy_Beskid_Niski\"><\/span><strong>D<\/strong>ziki i tajemniczy Beskid Niski<span class=\"ez-toc-section-end\"><\/span><\/h3>\n\n\n\n<p>Najd\u0142u\u017csza cz\u0119\u015b\u0107 GSB przebiega przez tajemniczy Beskid Niski. Nie czeka ci\u0119 tam wiele stromych podej\u015b\u0107 (najbardziej wymagaj\u0105cy jest masyw Koziego \u017bebra), ale mo\u017cesz natrafi\u0107 na problemy nawigacyjne. W tych g\u00f3rach warto czujniej spogl\u0105da\u0107 na map\u0119 i wyci\u0105gn\u0105\u0107 kompas. Je\u015bli planujesz noclegi pod namiotem, zaplanuj w\u0119dr\u00f3wk\u0119 tak, by noc nie zasta\u0142a ci\u0119 na terenie Magurskiego Parku Narodowego.<\/p>\n\n\n<div class=\"wp-block-image\">\n<figure class=\"aligncenter size-large is-resized\"><img loading=\"lazy\" decoding=\"async\" src=\"https:\/\/skalnik.pl\/blog\/wp-content\/uploads\/2021\/02\/G\u0142\u00f3wny-Szlak-Beskidzki-Beskid-Niski.jpg\" alt=\"G\u0142\u00f3wny Szlak Beskidzki - Beskid Niski\" class=\"wp-image-15975\" width=\"1024\" height=\"768\" srcset=\"https:\/\/www.skalnik.pl\/blog\/wp-content\/uploads\/2021\/02\/G\u0142\u00f3wny-Szlak-Beskidzki-Beskid-Niski.jpg 1024w, https:\/\/www.skalnik.pl\/blog\/wp-content\/uploads\/2021\/02\/G\u0142\u00f3wny-Szlak-Beskidzki-Beskid-Niski-300x225.jpg 300w, https:\/\/www.skalnik.pl\/blog\/wp-content\/uploads\/2021\/02\/G\u0142\u00f3wny-Szlak-Beskidzki-Beskid-Niski-768x576.jpg 768w\" sizes=\"auto, (max-width: 1024px) 100vw, 1024px\" \/><figcaption class=\"wp-element-caption\"><em>Zaro\u015bni\u0119te fragmenty GSB w Beskidzie Niskim mog\u0105 przysporzy\u0107 ci problem\u00f3w nawigacyjnych (fot. Janusz \u0141opusiewicz)<\/em><\/figcaption><\/figure>\n<\/div>\n\n\n<h3 class=\"wp-block-heading\"><span class=\"ez-toc-section\" id=\"Beskid_Sadecki_%E2%80%93_powrot_do_cywilizacji\"><\/span>Beskid S\u0105decki \u2013 powr\u00f3t do cywilizacji<span class=\"ez-toc-section-end\"><\/span><\/h3>\n\n\n\n<p>Po zej\u015bciu do Krynicy Zdr\u00f3j wkroczysz na lepiej zagospodarowane oraz oznaczone tereny. Schronisko na \u0141abowskiej Hali znajduje si\u0119 niemal dok\u0142adnie w po\u0142owie GSB, wi\u0119c to dobre miejsce na d\u0142u\u017csze \u015bwi\u0119towanie. W Beskidzie S\u0105deckim szlak poprowadzi ci\u0119 na Radziejow\u0105 \u2013 najwy\u017cszy szczyt tego pasma \u2013 na kt\u00f3rej znajduje si\u0119 wie\u017ca widokowa. Potem miniesz schronisko na Przehybie i zejdziesz do Kro\u015bcienka nad Dunajcem.<\/p>\n\n\n<div class=\"wp-block-image\">\n<figure class=\"aligncenter size-large\"><img loading=\"lazy\" decoding=\"async\" width=\"1024\" height=\"768\" src=\"https:\/\/skalnik.pl\/blog\/wp-content\/uploads\/2021\/02\/IMG_8312.jpg\" alt=\"G\u0142\u00f3wny Szlak Beskidzki - Beskid S\u0105decki\" class=\"wp-image-15977\" srcset=\"https:\/\/www.skalnik.pl\/blog\/wp-content\/uploads\/2021\/02\/IMG_8312.jpg 1024w, https:\/\/www.skalnik.pl\/blog\/wp-content\/uploads\/2021\/02\/IMG_8312-300x225.jpg 300w, https:\/\/www.skalnik.pl\/blog\/wp-content\/uploads\/2021\/02\/IMG_8312-768x576.jpg 768w\" sizes=\"auto, (max-width: 1024px) 100vw, 1024px\" \/><figcaption class=\"wp-element-caption\"><em>Beskid S\u0105decki tak\u017ce mo\u017ce ci\u0119 obdarowa\u0107 pi\u0119knymi widokami na Tatry (fot. z arch. autorki)<\/em><\/figcaption><\/figure>\n<\/div>\n\n\n<h3 class=\"wp-block-heading\"><span class=\"ez-toc-section\" id=\"Gorce_z_widokami_na_Tatry\"><\/span>Gorce z widokami na Tatry<span class=\"ez-toc-section-end\"><\/span><\/h3>\n\n\n\n<p>Gorce powitaj\u0105 ci\u0119 d\u0142ugim podej\u015bciem na Luba\u0144, gdzie czeka nagroda w postaci wie\u017cy widokowej oraz bazy namiotowej. GSB pod\u0105\u017ca potem g\u0142\u00f3wnym grzbietem Gorc\u00f3w, z kt\u00f3rego roztaczaj\u0105 si\u0119 pi\u0119kne widoki na okoliczne pasma, w tym Tatry. Po wej\u015bciu na Turbacz rozpoczniesz kilkugodzinne zej\u015bcie do Rabki-Zdr\u00f3j.<\/p>\n\n\n<div class=\"wp-block-image\">\n<figure class=\"aligncenter size-large\"><img loading=\"lazy\" decoding=\"async\" width=\"1024\" height=\"768\" src=\"https:\/\/skalnik.pl\/blog\/wp-content\/uploads\/2021\/02\/G\u0142\u00f3wny-Szlak-Beskidzki-Gorce.jpg\" alt=\"G\u0142\u00f3wny Szlak Beskidzki - Gorce\" class=\"wp-image-15981\" srcset=\"https:\/\/www.skalnik.pl\/blog\/wp-content\/uploads\/2021\/02\/G\u0142\u00f3wny-Szlak-Beskidzki-Gorce.jpg 1024w, https:\/\/www.skalnik.pl\/blog\/wp-content\/uploads\/2021\/02\/G\u0142\u00f3wny-Szlak-Beskidzki-Gorce-300x225.jpg 300w, https:\/\/www.skalnik.pl\/blog\/wp-content\/uploads\/2021\/02\/G\u0142\u00f3wny-Szlak-Beskidzki-Gorce-768x576.jpg 768w\" sizes=\"auto, (max-width: 1024px) 100vw, 1024px\" \/><figcaption class=\"wp-element-caption\"><em>Schronisko na Turbaczu to dobre miejsce na odpoczynek (fot. z arch. autorki)<\/em><\/figcaption><\/figure>\n<\/div>\n\n\n<h3 class=\"wp-block-heading\"><span class=\"ez-toc-section\" id=\"Beskid_Zywiecki_i_Krolowa_Beskidow\"><\/span>Beskid \u017bywiecki i Kr\u00f3lowa Beskid\u00f3w<span class=\"ez-toc-section-end\"><\/span><\/h3>\n\n\n\n<p>Za Rabk\u0105 czeka ci\u0119 jeden z nudniejszych moment\u00f3w GSB. Przekroczenie \u201eZakopianki\u201d, Jordan\u00f3w, kilometry po p\u0142askim obni\u017ceniu. Nie zniech\u0119caj si\u0119 jednak. Zbli\u017casz si\u0119 ju\u017c przecie\u017c do Beskidu \u017bywieckiego, a tam przywita ci\u0119 Babia G\u00f3ra. Podej\u015bcie na ten szczyt jest wymagaj\u0105ce, ale satysfakcja ze stani\u0119cia na Babiej z pewno\u015bci\u0105 wynagrodzi ten trud. Pami\u0119taj jednak, \u017ce Kr\u00f3lowa Beskid\u00f3w lubi przyci\u0105ga\u0107 wiatr i deszcze. Przed rozpocz\u0119ciem wspinaczki sprawd\u017a wi\u0119c prognozy pogody. Za Babi\u0105 G\u00f3r\u0105 przez d\u0142u\u017cszy czas b\u0119dziesz pod\u0105\u017ca\u0107 blisko granicy ze S\u0142owacj\u0105.<\/p>\n\n\n<div class=\"wp-block-image\">\n<figure class=\"aligncenter size-large\"><img loading=\"lazy\" decoding=\"async\" width=\"1024\" height=\"682\" src=\"https:\/\/skalnik.pl\/blog\/wp-content\/uploads\/2021\/02\/G\u0142\u00f3wny-Szlak-Beskidzki-Babia-G\u00f3ra.jpg\" alt=\"G\u0142\u00f3wny Szlak Beskidzki - Babia G\u00f3ra\" class=\"wp-image-15983\" srcset=\"https:\/\/www.skalnik.pl\/blog\/wp-content\/uploads\/2021\/02\/G\u0142\u00f3wny-Szlak-Beskidzki-Babia-G\u00f3ra.jpg 1024w, https:\/\/www.skalnik.pl\/blog\/wp-content\/uploads\/2021\/02\/G\u0142\u00f3wny-Szlak-Beskidzki-Babia-G\u00f3ra-300x200.jpg 300w, https:\/\/www.skalnik.pl\/blog\/wp-content\/uploads\/2021\/02\/G\u0142\u00f3wny-Szlak-Beskidzki-Babia-G\u00f3ra-768x512.jpg 768w\" sizes=\"auto, (max-width: 1024px) 100vw, 1024px\" \/><figcaption class=\"wp-element-caption\"><em>Babia G\u00f3ra &#8211; najwy\u017cszy punkt GSB (fot. Kanonik, Pixabay)<\/em><\/figcaption><\/figure>\n<\/div>\n\n\n<h3 class=\"wp-block-heading\"><span class=\"ez-toc-section\" id=\"Beskid_Slaski_%E2%80%93_czas_na_mete\"><\/span>Beskid \u015al\u0105ski \u2013 czas na met\u0119<span class=\"ez-toc-section-end\"><\/span><\/h3>\n\n\n\n<p>Za W\u0119giersk\u0105 G\u00f3rk\u0105 wkroczysz w ostatnie pasmo GSB \u2013 Beskid \u015al\u0105ski. Zaczniesz od podej\u015bcia na Barani\u0105 G\u00f3r\u0119 (w pobli\u017cu znajduje si\u0119 \u017ar\u00f3d\u0142o Wis\u0142y), a potem b\u0119dziesz w\u0119drowa\u0107 grzbietem. To ju\u017c ostatnie kilometry w\u0119dr\u00f3wki po g\u00f3rach! Po stromym zej\u015bciu do Ustronia GSB szykuje dla ciebie jeszcze jedn\u0105 niespodziank\u0119. Zamiast skierowa\u0107 si\u0119 prosto do centrum miasteczka, G\u0142\u00f3wny Szlak Beskidzki odbija jeszcze na szczyt R\u00f3wnicy. Dopiero stamt\u0105d schodzi do miasta. Tabliczk\u0119 z czerwon\u0105 kropk\u0105 znajdziesz przy stacji kolejowej.<\/p>\n\n\n<div class=\"wp-block-image\">\n<figure class=\"aligncenter size-large\"><img loading=\"lazy\" decoding=\"async\" width=\"1024\" height=\"799\" src=\"https:\/\/skalnik.pl\/blog\/wp-content\/uploads\/2021\/02\/G\u0142\u00f3wny-Szlak-Beskidzki-Barania-G\u00f3ra.jpg\" alt=\"G\u0142\u00f3wny Szlak Beskidzki - Barania G\u00f3ra\" class=\"wp-image-15985\" srcset=\"https:\/\/www.skalnik.pl\/blog\/wp-content\/uploads\/2021\/02\/G\u0142\u00f3wny-Szlak-Beskidzki-Barania-G\u00f3ra.jpg 1024w, https:\/\/www.skalnik.pl\/blog\/wp-content\/uploads\/2021\/02\/G\u0142\u00f3wny-Szlak-Beskidzki-Barania-G\u00f3ra-300x234.jpg 300w, https:\/\/www.skalnik.pl\/blog\/wp-content\/uploads\/2021\/02\/G\u0142\u00f3wny-Szlak-Beskidzki-Barania-G\u00f3ra-768x599.jpg 768w\" sizes=\"auto, (max-width: 1024px) 100vw, 1024px\" \/><figcaption class=\"wp-element-caption\"><em>Na Baraniej G\u00f3rze czeka na ciebie wie\u017ca widokowa (fot. Pudelek, Wikimedia Commons)<\/em><\/figcaption><\/figure>\n<\/div>\n\n\n<h2 class=\"wp-block-heading\"><span class=\"ez-toc-section\" id=\"Jak_przejsc_Glowny_Szlak_Beskidzki\"><\/span>Jak <strong>przej\u015b\u0107<\/strong> G\u0142\u00f3wny Szlak Beskidzki?<span class=\"ez-toc-section-end\"><\/span><\/h2>\n\n\n\n<p>W pi\u0105tkowy poranek siedzisz w pracy, gapisz si\u0119 na tabelki w Excelu i nagle stwierdzasz, \u017ce czas rzuci\u0107 to wszystko, za\u0142o\u017cy\u0107<strong> <\/strong><a href=\"https:\/\/www.skalnik.pl\/buty\/buty-meskie\" target=\"_blank\" rel=\"noopener\" title=\"\">buty trekkingowe<\/a> i ruszy\u0107 na GSB? Chcesz ju\u017c sprawdza\u0107 mo\u017cliwo\u015bci dojazdu w Beskidy? Poczekaj! G\u0142\u00f3wny Szlak Beskidzki nie wymaga mo\u017ce od ciebie specjalnych umiej\u0119tno\u015bci technicznych, ale to jednak szlak d\u0142ugodystansowy. Je\u015bli nie zadbasz o kondycj\u0119 i na prowadz\u0105ce przez Beskidy szlaki ruszysz bez \u017cadnego przygotowania, w\u0119dr\u00f3wka zamieni si\u0119 w koszmar, a ty zapewne nie dotrzesz do celu. O czym zatem warto pomy\u015ble\u0107 przed tras\u0105 i jak przej\u015b\u0107 G\u0142\u00f3wny Szlak Beskidzki?<\/p>\n\n\n\n<ul class=\"wp-block-list\">\n<li><strong>W\u0119druj i \u0107wicz<\/strong> &#8211; najlepsze przygotowanie na szlaki d\u0142ugodystansowe to weekendowe i kilkudniowe wycieczki po g\u00f3rach. Wzmacniaj te\u017c mi\u0119\u015bnie: znajd\u017a czas na bieganie czy jazd\u0119 na rowerze. Aby ruszy\u0107 na GSB, nie trzeba zosta\u0107 wcze\u015bniej mistrzem na si\u0142owni, ale zbudowanie og\u00f3lnej kondycji jest konieczne.<\/li>\n\n\n\n<li><strong>Edukacja <\/strong>\u2013 przed ruszeniem na szlak poznaj lub przypomnij sobie zasady bezpiecznego i przyjaznego dla natury w\u0119drowania po g\u00f3rach oraz biwakowania.<\/li>\n<\/ul>\n\n\n<div class=\"wp-block-image\">\n<figure class=\"aligncenter size-large is-resized\"><img loading=\"lazy\" decoding=\"async\" src=\"https:\/\/skalnik.pl\/blog\/wp-content\/uploads\/2021\/02\/GSB-nied\u017awiedzie.jpg\" alt=\"G\u0142\u00f3wny Szlak Beskidzki - nied\u017awiedzie\" class=\"wp-image-15973\" width=\"1024\" height=\"768\" srcset=\"https:\/\/www.skalnik.pl\/blog\/wp-content\/uploads\/2021\/02\/GSB-nied\u017awiedzie.jpg 1024w, https:\/\/www.skalnik.pl\/blog\/wp-content\/uploads\/2021\/02\/GSB-nied\u017awiedzie-300x225.jpg 300w, https:\/\/www.skalnik.pl\/blog\/wp-content\/uploads\/2021\/02\/GSB-nied\u017awiedzie-768x576.jpg 768w\" sizes=\"auto, (max-width: 1024px) 100vw, 1024px\" \/><figcaption class=\"wp-element-caption\"><em>Na GSB mo\u017cesz zobaczy\u0107 nied\u017awiedzie. Przed ruszeniem na szlak sprawd\u017a wi\u0119c, jak si\u0119 zachowa\u0107 w razie takiego spotkania (fot. Janusz \u0141opusiewicz)<\/em><\/figcaption><\/figure>\n<\/div>\n\n\n<ul class=\"wp-block-list\">\n<li><strong>Termin<\/strong> \u2013 najlepszy czas na G\u0142\u00f3wny Szlak Beskidzki trwa od czerwca do wrze\u015bnia. Dni s\u0105 wtedy d\u0142ugie, temperatury przyjemne, a w razie potrzeby na szlaku zawsze b\u0119dzie mo\u017cna liczy\u0107 na pomoc innych piechur\u00f3w.<\/li>\n\n\n\n<li><strong>Noclegi<\/strong> \u2013 sie\u0107 schronisk na i w pobli\u017cu GSB jest na tyle g\u0119sta, \u017ce ka\u017cd\u0105 noc mo\u017cesz sp\u0119dzi\u0107 przyjemnie pod dachem. Je\u015bli chcesz nieco zaoszcz\u0119dzi\u0107 lub preferujesz surowsze warunki, zabierz na biegn\u0105ce przez Beskidy szlaki namiot lub tarp. Nie rozbijaj si\u0119 jednak w miejscach obj\u0119tych ochron\u0105. Po drodze napotkasz te\u017c na liczne wiaty i sza\u0142asy, z kt\u00f3rych warto korzysta\u0107 dla dobra swojego i natury.<\/li>\n\n\n\n<li><strong>Jedzenie<\/strong> \u2013 nawet je\u015bli \u015bpisz pod namiotem, kuchenka turystyczna nie b\u0119dzie ci raczej potrzebna. Ciep\u0142e posi\u0142ki zjesz w mijanych schroniskach lub wioskach. Nie przesad\u017a te\u017c z ilo\u015bci\u0105 suchego prowiantu pakowanego do plecaka. Najd\u0142u\u017csze przerwy na GSB mi\u0119dzy punktami, gdzie mo\u017cna zaopatrzy\u0107 si\u0119 w co\u015b do jedzenia, nie powinny przekroczy\u0107 2 dni. Na pewno natomiast warto zabra\u0107 ze sob\u0105 buk\u0142ak lub wielorazow\u0105 butelk\u0119 na wod\u0119.<\/li>\n\n\n\n<li><strong>Sprz\u0119t<\/strong> \u2013 rzeczy dobierz tak, by plecak by\u0142 mo\u017cliwie lekki. Na prowadz\u0105ce przez Beskidy szlaki nie potrzebujesz wcale bardzo du\u017co sprz\u0119tu, a na d\u0142ugim szlaku dotkliwie odczujesz ka\u017cdy dodatkowy kilogram. Zabierz buty trekkingowe, niezb\u0119dne ubrania, kosmetyczk\u0119 z podstawowymi \u015brodkami do higieny, apteczk\u0119 turystyczn\u0105, a tak\u017ce <a href=\"https:\/\/skalnik.pl\/sprzet-turystyczny\/akcesoria-turystyczne\/akcesoria-turystyczne-kije-trekkingowe\" target=\"_blank\" rel=\"noreferrer noopener\">kijki trekkingowe<\/a>, kt\u00f3re odci\u0105\u017c\u0105 twoje stawy i kr\u0119gos\u0142up. Do plecaka wrzu\u0107 te\u017c czo\u0142\u00f3wk\u0119, powerbank i \u0142adowark\u0119 do telefonu oraz map\u0119 lub przewodnik. Aby na zawsze uwieczni\u0107 chwile na szlaku, we\u017a aparat. W portfelu miej zawsze nieco got\u00f3wki. Rzeczy w plecaku popakuj w wodoodporne worki. Oczywi\u015bcie, je\u015bli nie zamierzasz spa\u0107 jedynie w schroniskach, potrzebne ci te\u017c b\u0119d\u0105 namiot\/tarp, karimata oraz \u015bpiw\u00f3r.<\/li>\n\n\n\n<li><strong>Tempo<\/strong> \u2013 w trakcie w\u0119dr\u00f3wki staraj si\u0119 utrzymywa\u0107 swoje naturalne tempo i odpoczywaj wtedy, kiedy tego potrzebujesz. Przez pierwsze kilka dni pokonuj kr\u00f3tsze dystanse, a kiedy cia\u0142o przyzwyczai si\u0119 do wysi\u0142ku, stopniowo zwi\u0119kszaj przemierzane odleg\u0142o\u015bci. Pokonanie GSB wi\u0119kszo\u015bci os\u00f3b zajmuje od dw\u00f3ch do trzech tygodni. Dla rozmi\u0142owanych w rankingach: obecny rekord GSB nale\u017cy do Rafa\u0142a Kota, kt\u00f3ry na prze\u0142omie wrze\u015bnia i pa\u017adziernika 2020 r. pokona\u0142 szlak w 107 godzin i 19 minut.<\/li>\n<\/ul>\n\n\n\n<iframe loading=\"lazy\" src=\"https:\/\/www.youtube.com\/embed\/BtjkeZX4p8o\" allow=\"accelerometer; autoplay; clipboard-write; encrypted-media; gyroscope; picture-in-picture\" allowfullscreen=\"\" width=\"800\" height=\"442\" frameborder=\"0\"><\/iframe>\n\n\n\n<h2 class=\"wp-block-heading\"><span class=\"ez-toc-section\" id=\"Glowny_Szlak_Beskidzki_mapa\"><\/span>G\u0142\u00f3wny Szlak Beskidzki mapa<span class=\"ez-toc-section-end\"><\/span><\/h2>\n\n\n\n<p>\u201eG\u0142\u00f3wny Szlak Beskidzki mapa\u201d jest has\u0142em cz\u0119sto wpisywanym przez turyst\u00f3w my\u015bl\u0105cych o pokonaniu tej trasy. Na rynku nie znajdziesz jednak jednej mapy obejmuj\u0105cej ca\u0142y GSB.<\/p>\n\n\n\n<p>Mo\u017cesz wi\u0119c albo wzi\u0105\u0107 ze sob\u0105 <strong>kilka arkuszy map<\/strong> po\u015bwi\u0119conych poszczeg\u00f3lnym pasmom, albo postawi\u0107 na <strong>przewodnik turystyczny G\u0142\u00f3wny Szlak Beskidzki wydawnictwa Compass<\/strong>. W przewodniku znajdziesz ca\u0142\u0105 tras\u0119 podzielon\u0105 na dzienne etapy, a tak\u017ce informacje krajoznawcze i praktyczne oraz mapki.<\/p>\n\n\n\n<p>G\u0142\u00f3wny Szlak Beskidzki jest oznaczony <strong>czerwonym szlakiem<\/strong> i przez wi\u0119kszo\u015b\u0107 czasu nawigacja nie powinna ci przysporzy\u0107 du\u017cych problem\u00f3w. W trudniejszych miejscach wystarcz\u0105 ci kompas oraz mapa (o ile oczywi\u015bcie umiesz z nich korzysta\u0107). Mo\u017cesz oczywi\u015bcie wzi\u0105\u0107 ze sob\u0105 odbiornik GPS, ale, o ile nie natrafisz na skrajne warunki pogodowe, nie b\u0119dzie on niezb\u0119dny do uko\u0144czenia trasy z sukcesem.<\/p>\n\n\n<div class=\"wp-block-image\">\n<figure class=\"aligncenter size-large\"><img loading=\"lazy\" decoding=\"async\" width=\"1024\" height=\"768\" src=\"https:\/\/skalnik.pl\/blog\/wp-content\/uploads\/2021\/02\/GSB-czerwony-szlak.jpg\" alt=\"G\u0142\u00f3wny Szlak Beskidzki - czerwony szlak\" class=\"wp-image-15969\" srcset=\"https:\/\/www.skalnik.pl\/blog\/wp-content\/uploads\/2021\/02\/GSB-czerwony-szlak.jpg 1024w, https:\/\/www.skalnik.pl\/blog\/wp-content\/uploads\/2021\/02\/GSB-czerwony-szlak-300x225.jpg 300w, https:\/\/www.skalnik.pl\/blog\/wp-content\/uploads\/2021\/02\/GSB-czerwony-szlak-768x576.jpg 768w\" sizes=\"auto, (max-width: 1024px) 100vw, 1024px\" \/><figcaption class=\"wp-element-caption\"><em>G\u0142\u00f3wny Szlak Beskidzki oznaczono czerwonym kolorem (fot. Janusz \u0141opusiewicz)<\/em><\/figcaption><\/figure>\n<\/div>\n\n\n<h2 class=\"wp-block-heading\"><span class=\"ez-toc-section\" id=\"Jak_dotrzec_na_start_GSB\"><\/span>Jak dotrze\u0107 na start GSB?<span class=\"ez-toc-section-end\"><\/span><\/h2>\n\n\n\n<p>Do <strong>Ustronia<\/strong>, gdzie znajduje si\u0119 si\u0119 zachodni kraniec szlaku, regularnie kursuj\u0105 poci\u0105gi z Katowic. Mo\u017cesz te\u017c podjecha\u0107 autobusem z Bielska-Bia\u0142ej czy Cieszyna. Dotarcie w Beskidy od tej strony nie b\u0119dzie wi\u0119c problemem.<\/p>\n\n\n\n<p>Je\u015bli natomiast startujesz na wschodzie, mo\u017cesz dojecha\u0107 autobusem do Ustrzyk G\u00f3rnych. Stamt\u0105d busem, stopem albo pieszo musisz jeszcze pokona\u0107 ok. 5 km do <strong>Wo\u0142osatego<\/strong>.<\/p>\n\n\n<div class=\"wp-block-image\">\n<figure class=\"aligncenter size-large\"><img loading=\"lazy\" decoding=\"async\" width=\"1024\" height=\"628\" src=\"https:\/\/skalnik.pl\/blog\/wp-content\/uploads\/2021\/02\/Wo\u0142osate-pocz\u0105tek-GSB.jpg\" alt=\"Wo\u0142osate - pocz\u0105tek GSB\" class=\"wp-image-15993\" srcset=\"https:\/\/www.skalnik.pl\/blog\/wp-content\/uploads\/2021\/02\/Wo\u0142osate-pocz\u0105tek-GSB.jpg 1024w, https:\/\/www.skalnik.pl\/blog\/wp-content\/uploads\/2021\/02\/Wo\u0142osate-pocz\u0105tek-GSB-300x184.jpg 300w, https:\/\/www.skalnik.pl\/blog\/wp-content\/uploads\/2021\/02\/Wo\u0142osate-pocz\u0105tek-GSB-768x471.jpg 768w\" sizes=\"auto, (max-width: 1024px) 100vw, 1024px\" \/><figcaption class=\"wp-element-caption\"><em>Wiedza zebrana? Kondycja przygotowana? A zatem ruszaj na GSB (fot. Przykuta, Wikimedia Commons)<\/em><\/figcaption><\/figure>\n<\/div>\n\n\n<p>Wiesz ju\u017c, jak dotrze\u0107 na start GSB? A zatem szykuj kondycj\u0119 i ruszaj na najd\u0142u\u017cszy g\u00f3rski szlak w Polsce. A po GSB czekaj\u0105 na ciebie kolejne pi\u0119kne szlaki d\u0142ugodystansowe. Przygody z takimi trasami nie ko\u0144czy si\u0119 bowiem na jednej w\u0119dr\u00f3wce.<\/p>\n\n\n\n<p class=\"has-text-align-right\"><em>Katarzyna Butkiewicz<\/em><\/p>\n","protected":false},"excerpt":{"rendered":"<p>G\u0142\u00f3wny Szlak Beskidzki &#8211; najd\u0142u\u017cszy szlak g\u00f3rski w Polsce &#8211; to cel wielu turyst\u00f3w. Jak przej\u015b\u0107 GSB?<\/p>\n","protected":false},"author":7,"featured_media":15997,"comment_status":"open","ping_status":"open","sticky":false,"template":"","format":"standard","meta":{"_acf_changed":false,"footnotes":""},"categories":[84],"tags":[28,94,91,210],"magento_category":[],"magento_product":[],"class_list":["post-15962","post","type-post","status-publish","format-standard","has-post-thumbnail","hentry","category-pasja","tag-gory","tag-inspiracje","tag-trekking","tag-turystyka"],"acf":[],"aioseo_notices":[],"aioseo_head":"\n\t\t<!-- All in One SEO 4.9.10 - aioseo.com -->\n\t<meta name=\"description\" content=\"G\u0142\u00f3wny Szlak Beskidzki to najd\u0142u\u017cszy szlak g\u00f3rski w Polsce. Jak przej\u015b\u0107 G\u0142\u00f3wny Szlak Beskidzki? Jak dotrze\u0107 na start GSB? Trasa, potrzebny sprz\u0119t, termin.\" \/>\n\t<meta name=\"robots\" content=\"max-image-preview:large\" \/>\n\t<meta name=\"author\" content=\"Redakcja skalnik.pl\"\/>\n\t<link rel=\"canonical\" href=\"https:\/\/www.skalnik.pl\/blog\/glowny-szlak-beskidzki\/\" \/>\n\t<meta name=\"generator\" content=\"All in One SEO (AIOSEO) 4.9.10\" \/>\n\t\t<meta property=\"og:locale\" content=\"pl_PL\" \/>\n\t\t<meta property=\"og:site_name\" content=\"blog Skalnik - Blog, porady, artyku\u0142y - blog Skalnik\" \/>\n\t\t<meta property=\"og:type\" content=\"article\" \/>\n\t\t<meta property=\"og:title\" content=\"G\u0142\u00f3wny Szlak Beskidzki - blog Skalnik\" \/>\n\t\t<meta property=\"og:description\" content=\"G\u0142\u00f3wny Szlak Beskidzki to najd\u0142u\u017cszy szlak g\u00f3rski w Polsce. Jak przej\u015b\u0107 G\u0142\u00f3wny Szlak Beskidzki? Jak dotrze\u0107 na start GSB? Trasa, potrzebny sprz\u0119t, termin.\" \/>\n\t\t<meta property=\"og:url\" content=\"https:\/\/www.skalnik.pl\/blog\/glowny-szlak-beskidzki\/\" \/>\n\t\t<meta property=\"og:image\" content=\"https:\/\/skalnik.pl\/blog\/wp-content\/uploads\/2021\/02\/IMG_8294.jpg\" \/>\n\t\t<meta property=\"og:image:secure_url\" content=\"https:\/\/skalnik.pl\/blog\/wp-content\/uploads\/2021\/02\/IMG_8294.jpg\" \/>\n\t\t<meta property=\"article:tag\" content=\"pasja\" \/>\n\t\t<meta property=\"article:tag\" content=\"g\u00f3ry\" \/>\n\t\t<meta property=\"article:tag\" content=\"inspiracje\" \/>\n\t\t<meta property=\"article:tag\" content=\"trekking\" \/>\n\t\t<meta property=\"article:tag\" content=\"turystyka\" \/>\n\t\t<meta property=\"article:published_time\" content=\"2021-02-26T10:38:00+00:00\" \/>\n\t\t<meta property=\"article:modified_time\" content=\"2024-05-20T13:40:52+00:00\" \/>\n\t\t<meta name=\"twitter:card\" content=\"summary_large_image\" \/>\n\t\t<meta name=\"twitter:title\" content=\"G\u0142\u00f3wny Szlak Beskidzki - blog Skalnik\" \/>\n\t\t<meta name=\"twitter:description\" content=\"G\u0142\u00f3wny Szlak Beskidzki to najd\u0142u\u017cszy szlak g\u00f3rski w Polsce. Jak przej\u015b\u0107 G\u0142\u00f3wny Szlak Beskidzki? Jak dotrze\u0107 na start GSB? Trasa, potrzebny sprz\u0119t, termin.\" \/>\n\t\t<meta name=\"twitter:image\" content=\"https:\/\/skalnik.pl\/blog\/wp-content\/uploads\/2021\/02\/IMG_8294.jpg\" \/>\n\t\t<script type=\"application\/ld+json\" class=\"aioseo-schema\">\n\t\t\t{\"@context\":\"https:\\\/\\\/schema.org\",\"@graph\":[{\"@type\":\"BlogPosting\",\"@id\":\"https:\\\/\\\/www.skalnik.pl\\\/blog\\\/glowny-szlak-beskidzki\\\/#blogposting\",\"name\":\"G\\u0142\\u00f3wny Szlak Beskidzki - blog Skalnik\",\"headline\":\"G\\u0142\\u00f3wny Szlak Beskidzki\",\"author\":{\"@id\":\"https:\\\/\\\/www.skalnik.pl\\\/blog\\\/author\\\/redakcja-skalnik-pl\\\/#author\"},\"publisher\":{\"@id\":\"https:\\\/\\\/www.skalnik.pl\\\/blog\\\/#organization\"},\"image\":{\"@type\":\"ImageObject\",\"url\":\"https:\\\/\\\/www.skalnik.pl\\\/blog\\\/wp-content\\\/uploads\\\/2021\\\/02\\\/Bieszczady.jpg\",\"width\":1920,\"height\":705,\"caption\":\"Gl\\u00f3wny Szlak Beskidzki - Bieszczady\"},\"datePublished\":\"2021-02-26T11:38:00+02:00\",\"dateModified\":\"2024-05-20T15:40:52+02:00\",\"inLanguage\":\"pl-PL\",\"mainEntityOfPage\":{\"@id\":\"https:\\\/\\\/www.skalnik.pl\\\/blog\\\/glowny-szlak-beskidzki\\\/#webpage\"},\"isPartOf\":{\"@id\":\"https:\\\/\\\/www.skalnik.pl\\\/blog\\\/glowny-szlak-beskidzki\\\/#webpage\"},\"articleSection\":\"Pasja, g\\u00f3ry, inspiracje, trekking, turystyka\"},{\"@type\":\"BreadcrumbList\",\"@id\":\"https:\\\/\\\/www.skalnik.pl\\\/blog\\\/glowny-szlak-beskidzki\\\/#breadcrumblist\",\"itemListElement\":[{\"@type\":\"ListItem\",\"@id\":\"https:\\\/\\\/www.skalnik.pl\\\/blog#listItem\",\"position\":1,\"name\":\"Home\",\"item\":\"https:\\\/\\\/www.skalnik.pl\\\/blog\",\"nextItem\":{\"@type\":\"ListItem\",\"@id\":\"https:\\\/\\\/www.skalnik.pl\\\/blog\\\/.\\\/pasja\\\/#listItem\",\"name\":\"Pasja\"}},{\"@type\":\"ListItem\",\"@id\":\"https:\\\/\\\/www.skalnik.pl\\\/blog\\\/.\\\/pasja\\\/#listItem\",\"position\":2,\"name\":\"Pasja\",\"item\":\"https:\\\/\\\/www.skalnik.pl\\\/blog\\\/.\\\/pasja\\\/\",\"nextItem\":{\"@type\":\"ListItem\",\"@id\":\"https:\\\/\\\/www.skalnik.pl\\\/blog\\\/glowny-szlak-beskidzki\\\/#listItem\",\"name\":\"G\\u0142\\u00f3wny Szlak Beskidzki\"},\"previousItem\":{\"@type\":\"ListItem\",\"@id\":\"https:\\\/\\\/www.skalnik.pl\\\/blog#listItem\",\"name\":\"Home\"}},{\"@type\":\"ListItem\",\"@id\":\"https:\\\/\\\/www.skalnik.pl\\\/blog\\\/glowny-szlak-beskidzki\\\/#listItem\",\"position\":3,\"name\":\"G\\u0142\\u00f3wny Szlak Beskidzki\",\"previousItem\":{\"@type\":\"ListItem\",\"@id\":\"https:\\\/\\\/www.skalnik.pl\\\/blog\\\/.\\\/pasja\\\/#listItem\",\"name\":\"Pasja\"}}]},{\"@type\":\"Organization\",\"@id\":\"https:\\\/\\\/www.skalnik.pl\\\/blog\\\/#organization\",\"name\":\"blog Skalnik\",\"description\":\"Blog, porady, artyku\\u0142y - blog Skalnik\",\"url\":\"https:\\\/\\\/www.skalnik.pl\\\/blog\\\/\"},{\"@type\":\"Person\",\"@id\":\"https:\\\/\\\/www.skalnik.pl\\\/blog\\\/author\\\/redakcja-skalnik-pl\\\/#author\",\"url\":\"https:\\\/\\\/www.skalnik.pl\\\/blog\\\/author\\\/redakcja-skalnik-pl\\\/\",\"name\":\"Redakcja skalnik.pl\",\"image\":{\"@type\":\"ImageObject\",\"@id\":\"https:\\\/\\\/www.skalnik.pl\\\/blog\\\/glowny-szlak-beskidzki\\\/#authorImage\",\"url\":\"https:\\\/\\\/secure.gravatar.com\\\/avatar\\\/7eab29b048aaf0899cd9a145e9adb814e2130ced31e65b454b902500bea65f9e?s=96&d=mm&r=g\",\"width\":96,\"height\":96,\"caption\":\"Redakcja skalnik.pl\"}},{\"@type\":\"WebPage\",\"@id\":\"https:\\\/\\\/www.skalnik.pl\\\/blog\\\/glowny-szlak-beskidzki\\\/#webpage\",\"url\":\"https:\\\/\\\/www.skalnik.pl\\\/blog\\\/glowny-szlak-beskidzki\\\/\",\"name\":\"G\\u0142\\u00f3wny Szlak Beskidzki - blog Skalnik\",\"description\":\"G\\u0142\\u00f3wny Szlak Beskidzki to najd\\u0142u\\u017cszy szlak g\\u00f3rski w Polsce. Jak przej\\u015b\\u0107 G\\u0142\\u00f3wny Szlak Beskidzki? Jak dotrze\\u0107 na start GSB? Trasa, potrzebny sprz\\u0119t, termin.\",\"inLanguage\":\"pl-PL\",\"isPartOf\":{\"@id\":\"https:\\\/\\\/www.skalnik.pl\\\/blog\\\/#website\"},\"breadcrumb\":{\"@id\":\"https:\\\/\\\/www.skalnik.pl\\\/blog\\\/glowny-szlak-beskidzki\\\/#breadcrumblist\"},\"author\":{\"@id\":\"https:\\\/\\\/www.skalnik.pl\\\/blog\\\/author\\\/redakcja-skalnik-pl\\\/#author\"},\"creator\":{\"@id\":\"https:\\\/\\\/www.skalnik.pl\\\/blog\\\/author\\\/redakcja-skalnik-pl\\\/#author\"},\"image\":{\"@type\":\"ImageObject\",\"url\":\"https:\\\/\\\/www.skalnik.pl\\\/blog\\\/wp-content\\\/uploads\\\/2021\\\/02\\\/Bieszczady.jpg\",\"@id\":\"https:\\\/\\\/www.skalnik.pl\\\/blog\\\/glowny-szlak-beskidzki\\\/#mainImage\",\"width\":1920,\"height\":705,\"caption\":\"Gl\\u00f3wny Szlak Beskidzki - Bieszczady\"},\"primaryImageOfPage\":{\"@id\":\"https:\\\/\\\/www.skalnik.pl\\\/blog\\\/glowny-szlak-beskidzki\\\/#mainImage\"},\"datePublished\":\"2021-02-26T11:38:00+02:00\",\"dateModified\":\"2024-05-20T15:40:52+02:00\"},{\"@type\":\"WebSite\",\"@id\":\"https:\\\/\\\/www.skalnik.pl\\\/blog\\\/#website\",\"url\":\"https:\\\/\\\/www.skalnik.pl\\\/blog\\\/\",\"name\":\"blog Skalnik\",\"description\":\"Blog, porady, artyku\\u0142y - blog Skalnik\",\"inLanguage\":\"pl-PL\",\"publisher\":{\"@id\":\"https:\\\/\\\/www.skalnik.pl\\\/blog\\\/#organization\"}}]}\n\t\t<\/script>\n\t\t<!-- All in One SEO -->\n\n","aioseo_head_json":{"title":"G\u0142\u00f3wny Szlak Beskidzki - blog Skalnik","description":"G\u0142\u00f3wny Szlak Beskidzki to najd\u0142u\u017cszy szlak g\u00f3rski w Polsce. Jak przej\u015b\u0107 G\u0142\u00f3wny Szlak Beskidzki? Jak dotrze\u0107 na start GSB? Trasa, potrzebny sprz\u0119t, termin.","canonical_url":"https:\/\/www.skalnik.pl\/blog\/glowny-szlak-beskidzki\/","robots":"max-image-preview:large","keywords":"","webmasterTools":{"miscellaneous":""},"schema":{"@context":"https:\/\/schema.org","@graph":[{"@type":"BlogPosting","@id":"https:\/\/www.skalnik.pl\/blog\/glowny-szlak-beskidzki\/#blogposting","name":"G\u0142\u00f3wny Szlak Beskidzki - blog Skalnik","headline":"G\u0142\u00f3wny Szlak Beskidzki","author":{"@id":"https:\/\/www.skalnik.pl\/blog\/author\/redakcja-skalnik-pl\/#author"},"publisher":{"@id":"https:\/\/www.skalnik.pl\/blog\/#organization"},"image":{"@type":"ImageObject","url":"https:\/\/www.skalnik.pl\/blog\/wp-content\/uploads\/2021\/02\/Bieszczady.jpg","width":1920,"height":705,"caption":"Gl\u00f3wny Szlak Beskidzki - Bieszczady"},"datePublished":"2021-02-26T11:38:00+02:00","dateModified":"2024-05-20T15:40:52+02:00","inLanguage":"pl-PL","mainEntityOfPage":{"@id":"https:\/\/www.skalnik.pl\/blog\/glowny-szlak-beskidzki\/#webpage"},"isPartOf":{"@id":"https:\/\/www.skalnik.pl\/blog\/glowny-szlak-beskidzki\/#webpage"},"articleSection":"Pasja, g\u00f3ry, inspiracje, trekking, turystyka"},{"@type":"BreadcrumbList","@id":"https:\/\/www.skalnik.pl\/blog\/glowny-szlak-beskidzki\/#breadcrumblist","itemListElement":[{"@type":"ListItem","@id":"https:\/\/www.skalnik.pl\/blog#listItem","position":1,"name":"Home","item":"https:\/\/www.skalnik.pl\/blog","nextItem":{"@type":"ListItem","@id":"https:\/\/www.skalnik.pl\/blog\/.\/pasja\/#listItem","name":"Pasja"}},{"@type":"ListItem","@id":"https:\/\/www.skalnik.pl\/blog\/.\/pasja\/#listItem","position":2,"name":"Pasja","item":"https:\/\/www.skalnik.pl\/blog\/.\/pasja\/","nextItem":{"@type":"ListItem","@id":"https:\/\/www.skalnik.pl\/blog\/glowny-szlak-beskidzki\/#listItem","name":"G\u0142\u00f3wny Szlak Beskidzki"},"previousItem":{"@type":"ListItem","@id":"https:\/\/www.skalnik.pl\/blog#listItem","name":"Home"}},{"@type":"ListItem","@id":"https:\/\/www.skalnik.pl\/blog\/glowny-szlak-beskidzki\/#listItem","position":3,"name":"G\u0142\u00f3wny Szlak Beskidzki","previousItem":{"@type":"ListItem","@id":"https:\/\/www.skalnik.pl\/blog\/.\/pasja\/#listItem","name":"Pasja"}}]},{"@type":"Organization","@id":"https:\/\/www.skalnik.pl\/blog\/#organization","name":"blog Skalnik","description":"Blog, porady, artyku\u0142y - blog Skalnik","url":"https:\/\/www.skalnik.pl\/blog\/"},{"@type":"Person","@id":"https:\/\/www.skalnik.pl\/blog\/author\/redakcja-skalnik-pl\/#author","url":"https:\/\/www.skalnik.pl\/blog\/author\/redakcja-skalnik-pl\/","name":"Redakcja skalnik.pl","image":{"@type":"ImageObject","@id":"https:\/\/www.skalnik.pl\/blog\/glowny-szlak-beskidzki\/#authorImage","url":"https:\/\/secure.gravatar.com\/avatar\/7eab29b048aaf0899cd9a145e9adb814e2130ced31e65b454b902500bea65f9e?s=96&d=mm&r=g","width":96,"height":96,"caption":"Redakcja skalnik.pl"}},{"@type":"WebPage","@id":"https:\/\/www.skalnik.pl\/blog\/glowny-szlak-beskidzki\/#webpage","url":"https:\/\/www.skalnik.pl\/blog\/glowny-szlak-beskidzki\/","name":"G\u0142\u00f3wny Szlak Beskidzki - blog Skalnik","description":"G\u0142\u00f3wny Szlak Beskidzki to najd\u0142u\u017cszy szlak g\u00f3rski w Polsce. Jak przej\u015b\u0107 G\u0142\u00f3wny Szlak Beskidzki? Jak dotrze\u0107 na start GSB? Trasa, potrzebny sprz\u0119t, termin.","inLanguage":"pl-PL","isPartOf":{"@id":"https:\/\/www.skalnik.pl\/blog\/#website"},"breadcrumb":{"@id":"https:\/\/www.skalnik.pl\/blog\/glowny-szlak-beskidzki\/#breadcrumblist"},"author":{"@id":"https:\/\/www.skalnik.pl\/blog\/author\/redakcja-skalnik-pl\/#author"},"creator":{"@id":"https:\/\/www.skalnik.pl\/blog\/author\/redakcja-skalnik-pl\/#author"},"image":{"@type":"ImageObject","url":"https:\/\/www.skalnik.pl\/blog\/wp-content\/uploads\/2021\/02\/Bieszczady.jpg","@id":"https:\/\/www.skalnik.pl\/blog\/glowny-szlak-beskidzki\/#mainImage","width":1920,"height":705,"caption":"Gl\u00f3wny Szlak Beskidzki - Bieszczady"},"primaryImageOfPage":{"@id":"https:\/\/www.skalnik.pl\/blog\/glowny-szlak-beskidzki\/#mainImage"},"datePublished":"2021-02-26T11:38:00+02:00","dateModified":"2024-05-20T15:40:52+02:00"},{"@type":"WebSite","@id":"https:\/\/www.skalnik.pl\/blog\/#website","url":"https:\/\/www.skalnik.pl\/blog\/","name":"blog Skalnik","description":"Blog, porady, artyku\u0142y - blog Skalnik","inLanguage":"pl-PL","publisher":{"@id":"https:\/\/www.skalnik.pl\/blog\/#organization"}}]},"og:locale":"pl_PL","og:site_name":"blog Skalnik - Blog, porady, artyku\u0142y - blog Skalnik","og:type":"article","og:title":"G\u0142\u00f3wny Szlak Beskidzki - blog Skalnik","og:description":"G\u0142\u00f3wny Szlak Beskidzki to najd\u0142u\u017cszy szlak g\u00f3rski w Polsce. Jak przej\u015b\u0107 G\u0142\u00f3wny Szlak Beskidzki? Jak dotrze\u0107 na start GSB? Trasa, potrzebny sprz\u0119t, termin.","og:url":"https:\/\/www.skalnik.pl\/blog\/glowny-szlak-beskidzki\/","og:image":"https:\/\/skalnik.pl\/blog\/wp-content\/uploads\/2021\/02\/IMG_8294.jpg","og:image:secure_url":"https:\/\/skalnik.pl\/blog\/wp-content\/uploads\/2021\/02\/IMG_8294.jpg","article:tag":["pasja","g\u00f3ry","inspiracje","trekking","turystyka"],"article:published_time":"2021-02-26T10:38:00+00:00","article:modified_time":"2024-05-20T13:40:52+00:00","twitter:card":"summary_large_image","twitter:title":"G\u0142\u00f3wny Szlak Beskidzki - blog Skalnik","twitter:description":"G\u0142\u00f3wny Szlak Beskidzki to najd\u0142u\u017cszy szlak g\u00f3rski w Polsce. Jak przej\u015b\u0107 G\u0142\u00f3wny Szlak Beskidzki? Jak dotrze\u0107 na start GSB? Trasa, potrzebny sprz\u0119t, termin.","twitter:image":"https:\/\/skalnik.pl\/blog\/wp-content\/uploads\/2021\/02\/IMG_8294.jpg"},"aioseo_meta_data":{"post_id":"15962","title":null,"description":"G\u0142\u00f3wny Szlak Beskidzki to najd\u0142u\u017cszy szlak g\u00f3rski w Polsce. Jak przej\u015b\u0107 G\u0142\u00f3wny Szlak Beskidzki? Jak dotrze\u0107 na start GSB? Trasa, potrzebny sprz\u0119t, termin.","keywords":[{"label":"G\u0142\u00f3wny Szlak Beskidzki","value":"G\u0142\u00f3wny Szlak Beskidzki"},{"label":"GSB","value":"GSB"},{"label":"Beskidy","value":"Beskidy"},{"label":"szlaki d\u0142ugodystansowe","value":"szlaki d\u0142ugodystansowe"},{"label":"mapa","value":"mapa"},{"label":"szlaki Beskidy","value":"szlaki Beskidy"},{"label":"jak przej\u015b\u0107 G\u0142\u00f3wny Szlak Beskidzki","value":"jak przej\u015b\u0107 G\u0142\u00f3wny Szlak Beskidzki"}],"keyphrases":{"focus":{"keyphrase":"","score":0,"analysis":{"keyphraseInTitle":{"score":0,"maxScore":9,"error":1}}},"additional":[]},"primary_term":null,"canonical_url":null,"og_title":null,"og_description":null,"og_object_type":"default","og_image_type":"default","og_image_url":null,"og_image_width":null,"og_image_height":null,"og_image_custom_url":null,"og_image_custom_fields":null,"og_video":"","og_custom_url":null,"og_article_section":null,"og_article_tags":[],"twitter_use_og":false,"twitter_card":"default","twitter_image_type":"default","twitter_image_url":null,"twitter_image_custom_url":null,"twitter_image_custom_fields":null,"twitter_title":null,"twitter_description":null,"schema":{"blockGraphs":[],"customGraphs":[],"default":{"data":{"Article":[],"Course":[],"Dataset":[],"FAQPage":[],"Movie":[],"Person":[],"Product":[],"ProductReview":[],"Car":[],"Recipe":[],"Service":[],"SoftwareApplication":[],"WebPage":[]},"graphName":"","isEnabled":true},"graphs":[]},"schema_type":"default","schema_type_options":null,"pillar_content":false,"robots_default":true,"robots_noindex":false,"robots_noarchive":false,"robots_nosnippet":false,"robots_nofollow":false,"robots_noimageindex":false,"robots_noodp":false,"robots_notranslate":false,"robots_max_snippet":"-1","robots_max_videopreview":"-1","robots_max_imagepreview":"large","priority":null,"frequency":"default","local_seo":null,"breadcrumb_settings":null,"limit_modified_date":false,"ai":null,"created":"2022-08-26 10:32:05","updated":"2026-02-17 22:05:54","seo_analyzer_scan_date":null},"aioseo_breadcrumb":"<div class=\"aioseo-breadcrumbs\"><span class=\"aioseo-breadcrumb\">\n\t\t\t<a href=\"https:\/\/www.skalnik.pl\/blog\" title=\"Home\">Home<\/a>\n\t\t<\/span><span class=\"aioseo-breadcrumb-separator\">&raquo;<\/span><span class=\"aioseo-breadcrumb\">\n\t\t\t<a href=\"https:\/\/www.skalnik.pl\/blog\/.\/pasja\/\" title=\"Pasja\">Pasja<\/a>\n\t\t<\/span><span class=\"aioseo-breadcrumb-separator\">&raquo;<\/span><span class=\"aioseo-breadcrumb\">\n\t\t\tG\u0142\u00f3wny Szlak Beskidzki\n\t\t<\/span><\/div>","aioseo_breadcrumb_json":[{"label":"Home","link":"https:\/\/www.skalnik.pl\/blog"},{"label":"Pasja","link":"https:\/\/www.skalnik.pl\/blog\/.\/pasja\/"},{"label":"G\u0142\u00f3wny Szlak Beskidzki","link":"https:\/\/www.skalnik.pl\/blog\/glowny-szlak-beskidzki\/"}],"_links":{"self":[{"href":"https:\/\/www.skalnik.pl\/blog\/wp-json\/wp\/v2\/posts\/15962","targetHints":{"allow":["GET"]}}],"collection":[{"href":"https:\/\/www.skalnik.pl\/blog\/wp-json\/wp\/v2\/posts"}],"about":[{"href":"https:\/\/www.skalnik.pl\/blog\/wp-json\/wp\/v2\/types\/post"}],"author":[{"embeddable":true,"href":"https:\/\/www.skalnik.pl\/blog\/wp-json\/wp\/v2\/users\/7"}],"replies":[{"embeddable":true,"href":"https:\/\/www.skalnik.pl\/blog\/wp-json\/wp\/v2\/comments?post=15962"}],"version-history":[{"count":21,"href":"https:\/\/www.skalnik.pl\/blog\/wp-json\/wp\/v2\/posts\/15962\/revisions"}],"predecessor-version":[{"id":26324,"href":"https:\/\/www.skalnik.pl\/blog\/wp-json\/wp\/v2\/posts\/15962\/revisions\/26324"}],"wp:featuredmedia":[{"embeddable":true,"href":"https:\/\/www.skalnik.pl\/blog\/wp-json\/wp\/v2\/media\/15997"}],"wp:attachment":[{"href":"https:\/\/www.skalnik.pl\/blog\/wp-json\/wp\/v2\/media?parent=15962"}],"wp:term":[{"taxonomy":"category","embeddable":true,"href":"https:\/\/www.skalnik.pl\/blog\/wp-json\/wp\/v2\/categories?post=15962"},{"taxonomy":"post_tag","embeddable":true,"href":"https:\/\/www.skalnik.pl\/blog\/wp-json\/wp\/v2\/tags?post=15962"},{"taxonomy":"magento_category","embeddable":true,"href":"https:\/\/www.skalnik.pl\/blog\/wp-json\/wp\/v2\/magento_category?post=15962"},{"taxonomy":"magento_product","embeddable":true,"href":"https:\/\/www.skalnik.pl\/blog\/wp-json\/wp\/v2\/magento_product?post=15962"}],"curies":[{"name":"wp","href":"https:\/\/api.w.org\/{rel}","templated":true}]}}