{"id":16236,"date":"2021-03-26T08:39:00","date_gmt":"2021-03-26T07:39:00","guid":{"rendered":"https:\/\/skalnik.pl\/blog\/?p=16236"},"modified":"2021-08-23T08:58:52","modified_gmt":"2021-08-23T06:58:52","slug":"jaki-kask-w-gory","status":"publish","type":"post","link":"https:\/\/www.skalnik.pl\/blog\/jaki-kask-w-gory\/","title":{"rendered":"Jaki kask w g\u00f3ry?"},"content":{"rendered":"\n<p><strong>W dolinach i w mie\u015bcie cz\u0142owiek w sportowym kasku to najprawdopodobniej rowerzysta, ewentualnie mi\u0142o\u015bnik jazdy na deskorolce lub fan innych sport\u00f3w ekstremalnych. Przenosz\u0105c si\u0119 wy\u017cej w tereny g\u00f3rskie, zobaczymy kaski na g\u0142owach wspinaczy, skiturowc\u00f3w, wreszcie i\u2026 turyst\u00f3w. Tak turyst\u00f3w!<\/strong><\/p>\n\n\n\n<p>Ten element outdoorowego wyposa\u017cenia nie musi jednak by\u0107 domen\u0105 wy\u0142\u0105cznie \u0142ojant\u00f3w i taternik\u00f3w, ale warto aby znalaz\u0142 si\u0119 w szafie ka\u017cdego bardziej zaawansowanego turysty, kt\u00f3ry lubi od czasu do czasu wybra\u0107 si\u0119 w Tatry Wysokie, o via ferracie ju\u017c nie wspominaj\u0105c. Jaki kask w g\u00f3ry wybra\u0107 i jak ugry\u017a\u0107 temat z perspektywy nie stricte wspinaczkowej, ale bardziej turystycznej?<\/p>\n\n\n\n<div id=\"ez-toc-container\" class=\"ez-toc-v2_0_85 counter-hierarchy ez-toc-counter ez-toc-light-blue ez-toc-container-direction\">\n<div class=\"ez-toc-title-container\">\n<p class=\"ez-toc-title\" style=\"cursor:inherit\">SPIS TRE\u015aCI <\/p>\n<span class=\"ez-toc-title-toggle\"><a href=\"#\" class=\"ez-toc-pull-right ez-toc-btn ez-toc-btn-xs ez-toc-btn-default ez-toc-toggle\" aria-label=\"Prze\u0142\u0105cznik Spisu Tre\u015bci\"><span class=\"ez-toc-js-icon-con\"><span class=\"\"><span class=\"eztoc-hide\" style=\"display:none;\">Toggle<\/span><span class=\"ez-toc-icon-toggle-span\"><svg style=\"fill: #999;color:#999\" xmlns=\"http:\/\/www.w3.org\/2000\/svg\" class=\"list-377408\" width=\"20px\" height=\"20px\" viewBox=\"0 0 24 24\" fill=\"none\"><path d=\"M6 6H4v2h2V6zm14 0H8v2h12V6zM4 11h2v2H4v-2zm16 0H8v2h12v-2zM4 16h2v2H4v-2zm16 0H8v2h12v-2z\" fill=\"currentColor\"><\/path><\/svg><svg style=\"fill: #999;color:#999\" class=\"arrow-unsorted-368013\" xmlns=\"http:\/\/www.w3.org\/2000\/svg\" width=\"10px\" height=\"10px\" viewBox=\"0 0 24 24\" version=\"1.2\" baseProfile=\"tiny\"><path d=\"M18.2 9.3l-6.2-6.3-6.2 6.3c-.2.2-.3.4-.3.7s.1.5.3.7c.2.2.4.3.7.3h11c.3 0 .5-.1.7-.3.2-.2.3-.5.3-.7s-.1-.5-.3-.7zM5.8 14.7l6.2 6.3 6.2-6.3c.2-.2.3-.5.3-.7s-.1-.5-.3-.7c-.2-.2-.4-.3-.7-.3h-11c-.3 0-.5.1-.7.3-.2.2-.3.5-.3.7s.1.5.3.7z\"\/><\/svg><\/span><\/span><\/span><\/a><\/span><\/div>\n<nav><ul class='ez-toc-list ez-toc-list-level-1 ' ><li class='ez-toc-page-1 ez-toc-heading-level-2'><a class=\"ez-toc-link ez-toc-heading-1\" href=\"https:\/\/www.skalnik.pl\/blog\/jaki-kask-w-gory\/#Nosic_czy_nie_nosic_Oto_jest_pytanie\" >Nosi\u0107, czy nie nosi\u0107? Oto jest pytanie.<\/a><\/li><li class='ez-toc-page-1 ez-toc-heading-level-2'><a class=\"ez-toc-link ez-toc-heading-2\" href=\"https:\/\/www.skalnik.pl\/blog\/jaki-kask-w-gory\/#Rodzaje_kaskow\" >Rodzaje kask\u00f3w<\/a><\/li><li class='ez-toc-page-1 ez-toc-heading-level-2'><a class=\"ez-toc-link ez-toc-heading-3\" href=\"https:\/\/www.skalnik.pl\/blog\/jaki-kask-w-gory\/#O_czym_warto_pamietac_wybierajac_kask\" >O czym warto pami\u0119ta\u0107 wybieraj\u0105c kask?<\/a><\/li><\/ul><\/nav><\/div>\n<h2 class=\"wp-block-heading\"><span class=\"ez-toc-section\" id=\"Nosic_czy_nie_nosic_Oto_jest_pytanie\"><\/span>Nosi\u0107, czy nie nosi\u0107? Oto jest pytanie.<span class=\"ez-toc-section-end\"><\/span><\/h2>\n\n\n\n<p><a href=\"https:\/\/skalnik.pl\/sprzet-wspinaczkowy\/wspinaczka\/wspinaczka-kaski\" target=\"_blank\" rel=\"noreferrer noopener\">Kask wspinaczkowy<\/a> jest elementem ekwipunku zapewniaj\u0105cym nam bezpiecze\u0144stwo w g\u00f3rach. Maj\u0105c wi\u0119c na uwadze fakt, i\u017c bezpiecze\u0144stwo jest najwa\u017cniejsze, na pytanie \u201ekiedy zak\u0142ada\u0107 kask?\u201d mo\u017cna by odpowiedzie\u0107: \u201ezawsze\u201d. Nieszcz\u0119\u015bliwe potkni\u0119cie, po\u015blizgni\u0119cie, czy pechowe znalezienie si\u0119 na torze spadaj\u0105cego z g\u00f3ry kamienia mo\u017ce mie\u0107 miejsce wsz\u0119dzie, nawet w tak pozornie \u0142atwych g\u00f3rach. Miejsce i czas, w kt\u00f3rym decydujemy si\u0119 na u\u017cycie kasku ka\u017cdy powinien oszacowa\u0107 samodzielnie, jednak chyba wszyscy zgodzimy si\u0119 z jednym \u2013 jego przydatno\u015b\u0107 ro\u015bnie wraz z wysoko\u015bci\u0105, trudno\u015bciami na szlaku, jego nastromieniem oraz charakterystyk\u0105 terenu. Oto kilka sytuacji, w kt\u00f3rych kask na pewno si\u0119 przyda.<\/p>\n\n\n\n<div class=\"wp-block-image\"><figure class=\"aligncenter size-large\"><img loading=\"lazy\" decoding=\"async\" width=\"960\" height=\"640\" src=\"https:\/\/skalnik.pl\/blog\/wp-content\/uploads\/2021\/03\/via-ferraty-kask-w-g\u00f3ry.jpg\" alt=\"kask na via ferraty\" class=\"wp-image-16240\" srcset=\"https:\/\/www.skalnik.pl\/blog\/wp-content\/uploads\/2021\/03\/via-ferraty-kask-w-g\u00f3ry.jpg 960w, https:\/\/www.skalnik.pl\/blog\/wp-content\/uploads\/2021\/03\/via-ferraty-kask-w-g\u00f3ry-300x200.jpg 300w, https:\/\/www.skalnik.pl\/blog\/wp-content\/uploads\/2021\/03\/via-ferraty-kask-w-g\u00f3ry-768x512.jpg 768w\" sizes=\"auto, (max-width: 960px) 100vw, 960px\" \/><figcaption><em>Na via ferratach kask na g\u0142owie turysty to podstawa! (fot. Deuter)<\/em><\/figcaption><\/figure><\/div>\n\n\n\n<ul class=\"wp-block-list\"><li><a href=\"https:\/\/skalnik.pl\/sprzet-wspinaczkowy\/inne\/inne-via-ferraty\" target=\"_blank\" rel=\"noreferrer noopener\">Via Ferrata<\/a> \u2013 co\u015b dla bardziej zaawansowanego mi\u0142o\u015bnika turystyki kwalifikowanej; wspania\u0142a aktywno\u015b\u0107 pozwalaj\u0105ca lizn\u0105\u0107 nieco wspinaczki ska\u0142kowej i zasmakowa\u0107 ekspozycji na trudnych trasach. Poza wygodnym obuwiem ze sztywn\u0105 podeszw\u0105, uprz\u0119\u017c\u0105 wspinaczkow\u0105 i lon\u017c\u0105, absolutnie obowi\u0105zkowym elementem ekwipunku dla osoby wybieraj\u0105cej si\u0119 na ferrat\u0119 powinien by\u0107 kask wspinaczkowy. Ochroni przed spadaj\u0105cymi od\u0142amkami skalnymi, czy kamieniem str\u0105conym przez osob\u0119 nad nami, zabezpieczy te\u017c g\u0142ow\u0119 przed uderzeniem w ska\u0142\u0119 przy ewentualnym po\u015blizgni\u0119ciu czy odpadni\u0119ciu.<\/li><\/ul>\n\n\n\n<ul class=\"wp-block-list\"><li>G\u00f3ry typu alpejskiego latem \u2013 dok\u0142adnie te same zagro\u017cenia co na via ferracie b\u0119d\u0105 na nas czyha\u0107 na standardowo znakowanym turystycznym szlaku w wy\u017cszych g\u00f3rach o bardziej alpejskim charakterze \u2013 np. w Tatrach. W cz\u0119\u015bci Tatr Wysokich (chocia\u017c nie tylko) sporo jest podej\u015b\u0107 zakosami w stromym terenie, gdzie \u0142atwo o spadaj\u0105cy z g\u00f3ry kamie\u0144, skalny od\u0142amek, czy nawet (a zdarzaj\u0105 si\u0119 takie przypadki) upuszczony termos. Niech sztandarowym przyk\u0142adem b\u0119dzie tu Ko\u015bcielec, Rysy, \u015awinica, a przede wszystkim legendarna Orla Per\u0107. Tam kask przyda si\u0119 na ca\u0142ym jej przebiegu, a tak\u017ce na mocno przewy\u017cszonych drogach doj\u015bciowe do grani, takich jak wspinaczka na Zawrat, czy przej\u015bcie \u017blebem Kulczy\u0144skiego. W sezonie tego typu szlaki bywaj\u0105 oblegane przez turyst\u00f3w, niestety r\u00f3wnie\u017c tych mniej ostro\u017cnych i mniej roztropnych, wi\u0119c tym bardziej warto si\u0119 zabezpieczy\u0107 przed kamieniami sypi\u0105cymi si\u0119 spod but\u00f3w innych.<\/li><\/ul>\n\n\n\n<iframe loading=\"lazy\" src=\"https:\/\/www.youtube.com\/embed\/7kEW4NPDaX4\" allow=\"accelerometer; autoplay; clipboard-write; encrypted-media; gyroscope; picture-in-picture\" allowfullscreen=\"\" width=\"800\" height=\"442\" frameborder=\"0\"><\/iframe>\n\n\n\n<ul class=\"wp-block-list\"><li>Zim\u0105 w wy\u017cszych g\u00f3rach \u2013 zim\u0105 w naszych Tatrach mo\u017cna spotka\u0107 wi\u0119ksz\u0105 liczb\u0119 turyst\u00f3w wyposa\u017conych w kaski ni\u017c latem, cho\u0107 wci\u0105\u017c jest to sprz\u0119t cz\u0119sto pomijany i niedoceniany. Poza obowi\u0105zkowymi rakami i czekanem turystycznym warto wyposa\u017cy\u0107 si\u0119 r\u00f3wnie\u017c w kask g\u00f3rski. W razie pechowego po\u015blizgni\u0119cia jego skorupa ochroni g\u0142ow\u0119 przed uderzeniem w ska\u0142\u0119, l\u00f3d czy zmro\u017cony \u015bnieg, r\u00f3wnie\u017c podczas niekontrolowanego zjazdu stromym zboczem. Kaski wspinaczkowe warto zabra\u0107 tak\u017ce w teren lawinowy. Na takie niebezpiecze\u0144stwa jeste\u015bmy nara\u017ceni, decyduj\u0105c si\u0119 na satysfakcjonuj\u0105ce i pi\u0119kne, ale jednak wymagaj\u0105ce rozwagi zimowe w\u0119dr\u00f3wki. A zatem &#8211; kask w Tatry? Zim\u0105 i latem, zdecydowanie tak!<\/li><\/ul>\n\n\n\n<h2 class=\"wp-block-heading\"><span class=\"ez-toc-section\" id=\"Rodzaje_kaskow\"><\/span>Rodzaje kask\u00f3w<span class=\"ez-toc-section-end\"><\/span><\/h2>\n\n\n\n<p>Podstawowy podzia\u0142 kask\u00f3w wynika z ich konstrukcji, a w\u0142a\u015bciwie z konstrukcji najwa\u017cniejszego elementu \u2013 skorupy. Mo\u017cemy tu zatem wyr\u00f3\u017cni\u0107 kaski o budowie klasycznej, tzw. hybrydowe oraz kaski piankowe:<\/p>\n\n\n\n<ul class=\"wp-block-list\"><li><strong>Kask o klasycznej konstrukcji (hybrydowej)<\/strong> &#8211; jest to kask, w kt\u00f3rym skorupa sk\u0142ada si\u0119 z dw\u00f3ch cz\u0119\u015bci. Wewn\u0119trzna, wykonana z g\u0119stej pianki, ma za zadanie amortyzowa\u0107 wstrz\u0105s i zaabsorbowa\u0107 ewentualne uderzenie. Warstwa zewn\u0119trzna to ju\u017c w\u0142a\u015bciwy \u201epancerz\u201d najcz\u0119\u015bciej z twardego i bardzo odpornego tworzywa poliw\u0119glanowego lub ABS-u. Jest to rodzaj kask\u00f3w dla u\u017cytkownik\u00f3w nie uznaj\u0105cych kompromis\u00f3w &#8211; waga mo\u017ce i b\u0119dzie tu wy\u017csza, ale zyskamy maksymaln\u0105 wytrzyma\u0142o\u015b\u0107 dzi\u0119ki podw\u00f3jnej ochronie. Godne uwagi przyk\u0142ady kask\u00f3w hybrydowych to kask wspinaczkowy Petzl Boreo, Camp Storm lub Salewa Pura.<\/li><\/ul>\n\n\n\n<div class=\"wp-block-image\"><figure class=\"aligncenter size-large\"><img loading=\"lazy\" decoding=\"async\" width=\"962\" height=\"640\" src=\"https:\/\/skalnik.pl\/blog\/wp-content\/uploads\/2021\/03\/\u00a9MDaviet_JULB_1okulary-julbo-kask-petzl-1.jpg\" alt=\"okulary julbo kask wspinaczkowy damski petzl\" class=\"wp-image-16237\" srcset=\"https:\/\/www.skalnik.pl\/blog\/wp-content\/uploads\/2021\/03\/\u00a9MDaviet_JULB_1okulary-julbo-kask-petzl-1.jpg 962w, https:\/\/www.skalnik.pl\/blog\/wp-content\/uploads\/2021\/03\/\u00a9MDaviet_JULB_1okulary-julbo-kask-petzl-1-300x200.jpg 300w, https:\/\/www.skalnik.pl\/blog\/wp-content\/uploads\/2021\/03\/\u00a9MDaviet_JULB_1okulary-julbo-kask-petzl-1-768x511.jpg 768w\" sizes=\"auto, (max-width: 962px) 100vw, 962px\" \/><figcaption><em>Kask o klasycznej konstrukcji sk\u0142ada si\u0119 z twardej skorupy i amortyzuj\u0105cej pianki pod ni\u0105. <\/em><br><em>(fot. Julbo)<\/em><\/figcaption><\/figure><\/div>\n\n\n\n<ul class=\"wp-block-list\"><li><strong>Kask piankowy<\/strong> &#8211; skorupa takiego kasku w ca\u0142o\u015bci wykonana jest z pianki EPS\/EPP (polipropylen\/polistyren) pokrytej cienk\u0105 poliw\u0119glanow\u0105 pow\u0142ok\u0105. Taki kask ochroni g\u0142ow\u0119 r\u00f3wnie dobrze co kask hybrydowy, trzeba jednak mie\u0107 na uwadze, \u017ce jego konstrukcja jest delikatniejsza i mo\u017ce ulec zadrapaniu, wgnieceniu lub odkszta\u0142ceniu po kontakcie z czym\u015b twardym. W zamian otrzymujemy jednak bardzo po\u017c\u0105dan\u0105 cech\u0119 \u2013 nisk\u0105 wag\u0119. Kaski piankowe s\u0105 du\u017co l\u017cejsze od klasycznych, co na pewno doceni\u0105 wszyscy zwolennicy filozofii light&amp;fast i wszyscy ci, dla kt\u00f3rych waga pi\u00f3rkowa sprz\u0119tu ma znaczenie. Przedstawiciele tego segmentu to na przyk\u0142ad kask wspinaczkowy Black Diamond Vapor, czy model Orion od Climbing Technology.<\/li><\/ul>\n\n\n\n<div class=\"wp-block-image\"><figure class=\"aligncenter size-large\"><img loading=\"lazy\" decoding=\"async\" width=\"962\" height=\"640\" src=\"https:\/\/skalnik.pl\/blog\/wp-content\/uploads\/2021\/03\/\u00a9MDaviet_JULBO-kask-petzl.jpg\" alt=\"kask wspinaczkowy petzl okulary julbo\" class=\"wp-image-16238\" srcset=\"https:\/\/www.skalnik.pl\/blog\/wp-content\/uploads\/2021\/03\/\u00a9MDaviet_JULBO-kask-petzl.jpg 962w, https:\/\/www.skalnik.pl\/blog\/wp-content\/uploads\/2021\/03\/\u00a9MDaviet_JULBO-kask-petzl-300x200.jpg 300w, https:\/\/www.skalnik.pl\/blog\/wp-content\/uploads\/2021\/03\/\u00a9MDaviet_JULBO-kask-petzl-768x511.jpg 768w\" sizes=\"auto, (max-width: 962px) 100vw, 962px\" \/><figcaption><em>Ultralekki kask piankowy Sirroco marki Petzl. (fot. Julbo)<\/em><\/figcaption><\/figure><\/div>\n\n\n\n<h2 class=\"wp-block-heading\"><span class=\"ez-toc-section\" id=\"O_czym_warto_pamietac_wybierajac_kask\"><\/span>O czym warto pami\u0119ta\u0107 wybieraj\u0105c kask?<span class=\"ez-toc-section-end\"><\/span><\/h2>\n\n\n\n<p>Gdy ju\u017c podejmiemy decyzj\u0119 o rodzaju kasku, musimy pochyli\u0107 si\u0119 nad szeregiem pozosta\u0142ych cech konstrukcyjnych, kt\u00f3re b\u0119d\u0105 mia\u0142y du\u017ce znaczenie dla funkcjonalno\u015bci kasku i przede wszystkim \u2013 dla naszego bezpiecze\u0144stwa i komfortu.<\/p>\n\n\n\n<ul class=\"wp-block-list\"><li><strong>Certyfikacja \u2013 <\/strong>mo\u017ce si\u0119 to wydawa\u0107 truizmem, ale wybierajmy wy\u0142\u0105cznie sprawdzony kask w g\u00f3ry, kt\u00f3ry przeszed\u0142 odpowiednie testy po\u015bwiadczone wbitym w dokumentacj\u0119 certyfikatem CE EN\/UIAA. Pami\u0119tajmy, \u017ce normy jakich wymaga si\u0119 od kask\u00f3w wspinaczkowych s\u0105 inne ni\u017c dla kask\u00f3w do pracy na wysoko\u015bci!<\/li><\/ul>\n\n\n\n<ul class=\"wp-block-list\"><li><strong>Waga \u2013 <\/strong>wiadomo, im ni\u017csza tym lepiej! Jak jednak mogli\u015bcie przeczyta\u0107 wy\u017cej, l\u017cejsze kaski (czyli najcz\u0119\u015bciej te piankowe) b\u0119d\u0105 nara\u017cone na szybsze zu\u017cycie. Ka\u017cdy musi wi\u0119c sam zdecydowa\u0107 w kt\u00f3rym miejscu znajduje si\u0119 odpowiedni dla niego balans mi\u0119dzy wag\u0105 a wytrzyma\u0142o\u015bci\u0105. Przyk\u0142adowo:piankowy,damski kask wspinaczkowy Black Diamond Vision Women wa\u017cy 215 gram\u00f3w, podczas gdy Petzl Panga o klasycznej skorupie ju\u017c 330 gram\u00f3w.<\/li><\/ul>\n\n\n\n<ul class=\"wp-block-list\"><li><strong>Wentylacja \u2013 <\/strong>jakby nie patrze\u0107, kask okrywa nasz\u0105 g\u0142ow\u0119, kt\u00f3ra podczas intensywnych g\u00f3rskich aktywno\u015bci musi jako\u015b odparowa\u0107. To w\u0142a\u015bnie w celu poprawy wentylacji (oraz dla zredukowana wagi) w skorupach kask\u00f3w stosuje si\u0119 wyci\u0119cia o wymy\u015blnych kszta\u0142tach romb\u00f3w czy kropel.<\/li><\/ul>\n\n\n\n<div class=\"wp-block-image\"><figure class=\"aligncenter size-large\"><img loading=\"lazy\" decoding=\"async\" width=\"959\" height=\"640\" src=\"https:\/\/skalnik.pl\/blog\/wp-content\/uploads\/2021\/03\/ts_ice_senja_kask-black-diamond.jpg\" alt=\"kask wspinaczkowy black diamond\" class=\"wp-image-16239\" srcset=\"https:\/\/www.skalnik.pl\/blog\/wp-content\/uploads\/2021\/03\/ts_ice_senja_kask-black-diamond.jpg 959w, https:\/\/www.skalnik.pl\/blog\/wp-content\/uploads\/2021\/03\/ts_ice_senja_kask-black-diamond-300x200.jpg 300w, https:\/\/www.skalnik.pl\/blog\/wp-content\/uploads\/2021\/03\/ts_ice_senja_kask-black-diamond-768x513.jpg 768w\" sizes=\"auto, (max-width: 959px) 100vw, 959px\" \/><figcaption><em>Du\u017ce otwory wentylacyjne doskonale sprawdzaj\u0105 si\u0119 latem. (fot. Julbo) <\/em><\/figcaption><\/figure><\/div>\n\n\n\n<ul class=\"wp-block-list\"><li><strong>System no\u015bny \u2013 <\/strong>waga i kszta\u0142t skorupy to jedno, ale za utrzymaniem kasku na naszej g\u0142owie stoi system no\u015bny. Kaski r\u00f3\u017cnych producent\u00f3w r\u00f3\u017cni\u0105 si\u0119 rodzajami wewn\u0119trznych wk\u0142adek, poduszek i ta\u015bm mocuj\u0105cych (fasunku). Wa\u017cne aby ta\u015bmy mocuj\u0105ce da\u0142o si\u0119 \u0142atwo wyregulowa\u0107 \u2013 np. po tym jak zim\u0105 pod kask za\u0142o\u017cymy czapk\u0119.<\/li><\/ul>\n\n\n\n<ul class=\"wp-block-list\"><li><strong>Mocowanie czo\u0142\u00f3wki \u2013 <\/strong>zdecydowana wi\u0119kszo\u015b\u0107 wsp\u00f3\u0142czesnych kask\u00f3w posiada dedykowane klipsy\/wyci\u0119cia do zamocowania <a href=\"https:\/\/skalnik.pl\/sprzet-turystyczny\/oswietlenie\/oswietlenie-czolowki\" target=\"_blank\" rel=\"noreferrer noopener\" title=\"https:\/\/skalnik.pl\/sprzet-turystyczny\/oswietlenie\/oswietlenie-czolowki\">czo\u0142\u00f3wki<\/a>, co jest nieocenionym patentem, gdy zapada zmrok i musimy o\u015bwietli\u0107 sobie drog\u0119. Szczeg\u00f3lnie wa\u017cna to funkcjonalno\u015b\u0107 zim\u0105, gdzie cz\u0119sto na bardziej wymagaj\u0105ce trasy wychodzimy do g\u00f3ry przed \u015bwitem, a i cz\u0119sto wracamy po zachodzie s\u0142o\u0144ca.<\/li><\/ul>\n\n\n\n<p>&nbsp;<\/p>\n\n\n\n<p>Kask to jeden z tych element\u00f3w g\u00f3rskiego szpeju, kt\u00f3ry mamy nadziej\u0119, \u017ce nigdy si\u0119 nie przyda. Tego te\u017c \u017cycz\u0119 sobie i wam, ale je\u015bli ju\u017c nast\u0105pi ten moment, to nasza g\u0142owa b\u0119dzie nam wdzi\u0119czna za ten kawa\u0142 pianki i tworzywa, kt\u00f3ry musia\u0142a na sobie d\u017awiga\u0107. Czym\u017ce jest jednak ten ci\u0119\u017car w stosunku do ochrony przed nieprzyjemnym albo nawet tragicznym w skutkach urazem&#8230; Planujmy tras\u0119, sprawdzajmy warunki, a je\u015bli pojawi si\u0119 dylemat \u201ebra\u0107 kask czy nie bra\u0107?\u201d &#8211; lepiej dmucha\u0107 na zimne i zabra\u0107 go ze sob\u0105.<\/p>\n","protected":false},"excerpt":{"rendered":"<p>Czy turysta w g\u00f3rach powinien mie\u0107 kask? W wielu przypadkach jest on bardzo po\u017c\u0105dany. <\/p>\n","protected":false},"author":21,"featured_media":16241,"comment_status":"open","ping_status":"open","sticky":false,"template":"","format":"standard","meta":{"_acf_changed":false,"footnotes":""},"categories":[3],"tags":[14,210,112],"magento_category":[76],"magento_product":[],"class_list":["post-16236","post","type-post","status-publish","format-standard","has-post-thumbnail","hentry","category-porady","tag-tatry","tag-turystyka","tag-via-ferrata"],"acf":[],"aioseo_notices":[],"aioseo_head":"\n\t\t<!-- All in One SEO 4.9.10 - aioseo.com -->\n\t<meta name=\"description\" content=\"Czy turystom potrzebny jest kask? Czy zabiera\u0107 kaski wspinaczkowe na tatrza\u0144skie szlaki? W tym artykule odpowiadamy, kiedy nawet na g\u0142owie turysty kask w g\u00f3ry jest niezb\u0119dny.\" \/>\n\t<meta name=\"robots\" content=\"max-image-preview:large\" \/>\n\t<meta name=\"author\" content=\"Dominik Marzec\"\/>\n\t<link rel=\"canonical\" href=\"https:\/\/www.skalnik.pl\/blog\/jaki-kask-w-gory\/\" \/>\n\t<meta name=\"generator\" content=\"All in One SEO (AIOSEO) 4.9.10\" \/>\n\t\t<meta property=\"og:locale\" content=\"pl_PL\" \/>\n\t\t<meta property=\"og:site_name\" content=\"blog Skalnik - Blog, porady, artyku\u0142y - blog Skalnik\" \/>\n\t\t<meta property=\"og:type\" content=\"article\" \/>\n\t\t<meta property=\"og:title\" content=\"Jaki kask w g\u00f3ry? - blog Skalnik\" \/>\n\t\t<meta property=\"og:description\" content=\"Czy turystom potrzebny jest kask? Czy zabiera\u0107 kaski wspinaczkowe na tatrza\u0144skie szlaki? W tym artykule odpowiadamy, kiedy nawet na g\u0142owie turysty kask w g\u00f3ry jest niezb\u0119dny.\" \/>\n\t\t<meta property=\"og:url\" content=\"https:\/\/www.skalnik.pl\/blog\/jaki-kask-w-gory\/\" \/>\n\t\t<meta property=\"og:image\" content=\"https:\/\/skalnik.pl\/blog\/wp-content\/uploads\/2021\/03\/via-ferraty-kask-w-g\u00f3ry.jpg\" \/>\n\t\t<meta property=\"og:image:secure_url\" content=\"https:\/\/skalnik.pl\/blog\/wp-content\/uploads\/2021\/03\/via-ferraty-kask-w-g\u00f3ry.jpg\" \/>\n\t\t<meta property=\"article:tag\" content=\"porady\" \/>\n\t\t<meta property=\"article:tag\" content=\"tatry\" \/>\n\t\t<meta property=\"article:tag\" content=\"turystyka\" \/>\n\t\t<meta property=\"article:tag\" content=\"via ferrata\" \/>\n\t\t<meta property=\"article:published_time\" content=\"2021-03-26T07:39:00+00:00\" \/>\n\t\t<meta property=\"article:modified_time\" content=\"2021-08-23T06:58:52+00:00\" \/>\n\t\t<meta name=\"twitter:card\" content=\"summary_large_image\" \/>\n\t\t<meta name=\"twitter:title\" content=\"Jaki kask w g\u00f3ry? - blog Skalnik\" \/>\n\t\t<meta name=\"twitter:description\" content=\"Czy turystom potrzebny jest kask? Czy zabiera\u0107 kaski wspinaczkowe na tatrza\u0144skie szlaki? W tym artykule odpowiadamy, kiedy nawet na g\u0142owie turysty kask w g\u00f3ry jest niezb\u0119dny.\" \/>\n\t\t<meta name=\"twitter:image\" content=\"https:\/\/skalnik.pl\/blog\/wp-content\/uploads\/2021\/03\/via-ferraty-kask-w-g\u00f3ry.jpg\" \/>\n\t\t<script type=\"application\/ld+json\" class=\"aioseo-schema\">\n\t\t\t{\"@context\":\"https:\\\/\\\/schema.org\",\"@graph\":[{\"@type\":\"BlogPosting\",\"@id\":\"https:\\\/\\\/www.skalnik.pl\\\/blog\\\/jaki-kask-w-gory\\\/#blogposting\",\"name\":\"Jaki kask w g\\u00f3ry? - blog Skalnik\",\"headline\":\"Jaki kask w g\\u00f3ry?\",\"author\":{\"@id\":\"https:\\\/\\\/www.skalnik.pl\\\/blog\\\/author\\\/dominik-marzec\\\/#author\"},\"publisher\":{\"@id\":\"https:\\\/\\\/www.skalnik.pl\\\/blog\\\/#organization\"},\"image\":{\"@type\":\"ImageObject\",\"url\":\"https:\\\/\\\/www.skalnik.pl\\\/blog\\\/wp-content\\\/uploads\\\/2021\\\/03\\\/Hiking_Trail_SideShot_8_Stefan-Neuhauser.jpg\",\"width\":1920,\"height\":706},\"datePublished\":\"2021-03-26T08:39:00+02:00\",\"dateModified\":\"2021-08-23T08:58:52+02:00\",\"inLanguage\":\"pl-PL\",\"mainEntityOfPage\":{\"@id\":\"https:\\\/\\\/www.skalnik.pl\\\/blog\\\/jaki-kask-w-gory\\\/#webpage\"},\"isPartOf\":{\"@id\":\"https:\\\/\\\/www.skalnik.pl\\\/blog\\\/jaki-kask-w-gory\\\/#webpage\"},\"articleSection\":\"Porady, tatry, turystyka, via ferrata, 1161\"},{\"@type\":\"BreadcrumbList\",\"@id\":\"https:\\\/\\\/www.skalnik.pl\\\/blog\\\/jaki-kask-w-gory\\\/#breadcrumblist\",\"itemListElement\":[{\"@type\":\"ListItem\",\"@id\":\"https:\\\/\\\/www.skalnik.pl\\\/blog#listItem\",\"position\":1,\"name\":\"Home\",\"item\":\"https:\\\/\\\/www.skalnik.pl\\\/blog\",\"nextItem\":{\"@type\":\"ListItem\",\"@id\":\"https:\\\/\\\/www.skalnik.pl\\\/blog\\\/.\\\/porady\\\/#listItem\",\"name\":\"Porady\"}},{\"@type\":\"ListItem\",\"@id\":\"https:\\\/\\\/www.skalnik.pl\\\/blog\\\/.\\\/porady\\\/#listItem\",\"position\":2,\"name\":\"Porady\",\"item\":\"https:\\\/\\\/www.skalnik.pl\\\/blog\\\/.\\\/porady\\\/\",\"nextItem\":{\"@type\":\"ListItem\",\"@id\":\"https:\\\/\\\/www.skalnik.pl\\\/blog\\\/jaki-kask-w-gory\\\/#listItem\",\"name\":\"Jaki kask w g\\u00f3ry?\"},\"previousItem\":{\"@type\":\"ListItem\",\"@id\":\"https:\\\/\\\/www.skalnik.pl\\\/blog#listItem\",\"name\":\"Home\"}},{\"@type\":\"ListItem\",\"@id\":\"https:\\\/\\\/www.skalnik.pl\\\/blog\\\/jaki-kask-w-gory\\\/#listItem\",\"position\":3,\"name\":\"Jaki kask w g\\u00f3ry?\",\"previousItem\":{\"@type\":\"ListItem\",\"@id\":\"https:\\\/\\\/www.skalnik.pl\\\/blog\\\/.\\\/porady\\\/#listItem\",\"name\":\"Porady\"}}]},{\"@type\":\"Organization\",\"@id\":\"https:\\\/\\\/www.skalnik.pl\\\/blog\\\/#organization\",\"name\":\"blog Skalnik\",\"description\":\"Blog, porady, artyku\\u0142y - blog Skalnik\",\"url\":\"https:\\\/\\\/www.skalnik.pl\\\/blog\\\/\"},{\"@type\":\"Person\",\"@id\":\"https:\\\/\\\/www.skalnik.pl\\\/blog\\\/author\\\/dominik-marzec\\\/#author\",\"url\":\"https:\\\/\\\/www.skalnik.pl\\\/blog\\\/author\\\/dominik-marzec\\\/\",\"name\":\"Dominik Marzec\",\"image\":{\"@type\":\"ImageObject\",\"@id\":\"https:\\\/\\\/www.skalnik.pl\\\/blog\\\/jaki-kask-w-gory\\\/#authorImage\",\"url\":\"https:\\\/\\\/secure.gravatar.com\\\/avatar\\\/3b5d5b73985d1015e6793369ac3b78362bc9b0fc6b0d982a1e6396714ef4fb75?s=96&d=mm&r=g\",\"width\":96,\"height\":96,\"caption\":\"Dominik Marzec\"}},{\"@type\":\"WebPage\",\"@id\":\"https:\\\/\\\/www.skalnik.pl\\\/blog\\\/jaki-kask-w-gory\\\/#webpage\",\"url\":\"https:\\\/\\\/www.skalnik.pl\\\/blog\\\/jaki-kask-w-gory\\\/\",\"name\":\"Jaki kask w g\\u00f3ry? - blog Skalnik\",\"description\":\"Czy turystom potrzebny jest kask? Czy zabiera\\u0107 kaski wspinaczkowe na tatrza\\u0144skie szlaki? W tym artykule odpowiadamy, kiedy nawet na g\\u0142owie turysty kask w g\\u00f3ry jest niezb\\u0119dny.\",\"inLanguage\":\"pl-PL\",\"isPartOf\":{\"@id\":\"https:\\\/\\\/www.skalnik.pl\\\/blog\\\/#website\"},\"breadcrumb\":{\"@id\":\"https:\\\/\\\/www.skalnik.pl\\\/blog\\\/jaki-kask-w-gory\\\/#breadcrumblist\"},\"author\":{\"@id\":\"https:\\\/\\\/www.skalnik.pl\\\/blog\\\/author\\\/dominik-marzec\\\/#author\"},\"creator\":{\"@id\":\"https:\\\/\\\/www.skalnik.pl\\\/blog\\\/author\\\/dominik-marzec\\\/#author\"},\"image\":{\"@type\":\"ImageObject\",\"url\":\"https:\\\/\\\/www.skalnik.pl\\\/blog\\\/wp-content\\\/uploads\\\/2021\\\/03\\\/Hiking_Trail_SideShot_8_Stefan-Neuhauser.jpg\",\"@id\":\"https:\\\/\\\/www.skalnik.pl\\\/blog\\\/jaki-kask-w-gory\\\/#mainImage\",\"width\":1920,\"height\":706},\"primaryImageOfPage\":{\"@id\":\"https:\\\/\\\/www.skalnik.pl\\\/blog\\\/jaki-kask-w-gory\\\/#mainImage\"},\"datePublished\":\"2021-03-26T08:39:00+02:00\",\"dateModified\":\"2021-08-23T08:58:52+02:00\"},{\"@type\":\"WebSite\",\"@id\":\"https:\\\/\\\/www.skalnik.pl\\\/blog\\\/#website\",\"url\":\"https:\\\/\\\/www.skalnik.pl\\\/blog\\\/\",\"name\":\"blog Skalnik\",\"description\":\"Blog, porady, artyku\\u0142y - blog Skalnik\",\"inLanguage\":\"pl-PL\",\"publisher\":{\"@id\":\"https:\\\/\\\/www.skalnik.pl\\\/blog\\\/#organization\"}}]}\n\t\t<\/script>\n\t\t<!-- All in One SEO -->\n\n","aioseo_head_json":{"title":"Jaki kask w g\u00f3ry? - blog Skalnik","description":"Czy turystom potrzebny jest kask? Czy zabiera\u0107 kaski wspinaczkowe na tatrza\u0144skie szlaki? W tym artykule odpowiadamy, kiedy nawet na g\u0142owie turysty kask w g\u00f3ry jest niezb\u0119dny.","canonical_url":"https:\/\/www.skalnik.pl\/blog\/jaki-kask-w-gory\/","robots":"max-image-preview:large","keywords":"","webmasterTools":{"miscellaneous":""},"schema":{"@context":"https:\/\/schema.org","@graph":[{"@type":"BlogPosting","@id":"https:\/\/www.skalnik.pl\/blog\/jaki-kask-w-gory\/#blogposting","name":"Jaki kask w g\u00f3ry? - blog Skalnik","headline":"Jaki kask w g\u00f3ry?","author":{"@id":"https:\/\/www.skalnik.pl\/blog\/author\/dominik-marzec\/#author"},"publisher":{"@id":"https:\/\/www.skalnik.pl\/blog\/#organization"},"image":{"@type":"ImageObject","url":"https:\/\/www.skalnik.pl\/blog\/wp-content\/uploads\/2021\/03\/Hiking_Trail_SideShot_8_Stefan-Neuhauser.jpg","width":1920,"height":706},"datePublished":"2021-03-26T08:39:00+02:00","dateModified":"2021-08-23T08:58:52+02:00","inLanguage":"pl-PL","mainEntityOfPage":{"@id":"https:\/\/www.skalnik.pl\/blog\/jaki-kask-w-gory\/#webpage"},"isPartOf":{"@id":"https:\/\/www.skalnik.pl\/blog\/jaki-kask-w-gory\/#webpage"},"articleSection":"Porady, tatry, turystyka, via ferrata, 1161"},{"@type":"BreadcrumbList","@id":"https:\/\/www.skalnik.pl\/blog\/jaki-kask-w-gory\/#breadcrumblist","itemListElement":[{"@type":"ListItem","@id":"https:\/\/www.skalnik.pl\/blog#listItem","position":1,"name":"Home","item":"https:\/\/www.skalnik.pl\/blog","nextItem":{"@type":"ListItem","@id":"https:\/\/www.skalnik.pl\/blog\/.\/porady\/#listItem","name":"Porady"}},{"@type":"ListItem","@id":"https:\/\/www.skalnik.pl\/blog\/.\/porady\/#listItem","position":2,"name":"Porady","item":"https:\/\/www.skalnik.pl\/blog\/.\/porady\/","nextItem":{"@type":"ListItem","@id":"https:\/\/www.skalnik.pl\/blog\/jaki-kask-w-gory\/#listItem","name":"Jaki kask w g\u00f3ry?"},"previousItem":{"@type":"ListItem","@id":"https:\/\/www.skalnik.pl\/blog#listItem","name":"Home"}},{"@type":"ListItem","@id":"https:\/\/www.skalnik.pl\/blog\/jaki-kask-w-gory\/#listItem","position":3,"name":"Jaki kask w g\u00f3ry?","previousItem":{"@type":"ListItem","@id":"https:\/\/www.skalnik.pl\/blog\/.\/porady\/#listItem","name":"Porady"}}]},{"@type":"Organization","@id":"https:\/\/www.skalnik.pl\/blog\/#organization","name":"blog Skalnik","description":"Blog, porady, artyku\u0142y - blog Skalnik","url":"https:\/\/www.skalnik.pl\/blog\/"},{"@type":"Person","@id":"https:\/\/www.skalnik.pl\/blog\/author\/dominik-marzec\/#author","url":"https:\/\/www.skalnik.pl\/blog\/author\/dominik-marzec\/","name":"Dominik Marzec","image":{"@type":"ImageObject","@id":"https:\/\/www.skalnik.pl\/blog\/jaki-kask-w-gory\/#authorImage","url":"https:\/\/secure.gravatar.com\/avatar\/3b5d5b73985d1015e6793369ac3b78362bc9b0fc6b0d982a1e6396714ef4fb75?s=96&d=mm&r=g","width":96,"height":96,"caption":"Dominik Marzec"}},{"@type":"WebPage","@id":"https:\/\/www.skalnik.pl\/blog\/jaki-kask-w-gory\/#webpage","url":"https:\/\/www.skalnik.pl\/blog\/jaki-kask-w-gory\/","name":"Jaki kask w g\u00f3ry? - blog Skalnik","description":"Czy turystom potrzebny jest kask? Czy zabiera\u0107 kaski wspinaczkowe na tatrza\u0144skie szlaki? W tym artykule odpowiadamy, kiedy nawet na g\u0142owie turysty kask w g\u00f3ry jest niezb\u0119dny.","inLanguage":"pl-PL","isPartOf":{"@id":"https:\/\/www.skalnik.pl\/blog\/#website"},"breadcrumb":{"@id":"https:\/\/www.skalnik.pl\/blog\/jaki-kask-w-gory\/#breadcrumblist"},"author":{"@id":"https:\/\/www.skalnik.pl\/blog\/author\/dominik-marzec\/#author"},"creator":{"@id":"https:\/\/www.skalnik.pl\/blog\/author\/dominik-marzec\/#author"},"image":{"@type":"ImageObject","url":"https:\/\/www.skalnik.pl\/blog\/wp-content\/uploads\/2021\/03\/Hiking_Trail_SideShot_8_Stefan-Neuhauser.jpg","@id":"https:\/\/www.skalnik.pl\/blog\/jaki-kask-w-gory\/#mainImage","width":1920,"height":706},"primaryImageOfPage":{"@id":"https:\/\/www.skalnik.pl\/blog\/jaki-kask-w-gory\/#mainImage"},"datePublished":"2021-03-26T08:39:00+02:00","dateModified":"2021-08-23T08:58:52+02:00"},{"@type":"WebSite","@id":"https:\/\/www.skalnik.pl\/blog\/#website","url":"https:\/\/www.skalnik.pl\/blog\/","name":"blog Skalnik","description":"Blog, porady, artyku\u0142y - blog Skalnik","inLanguage":"pl-PL","publisher":{"@id":"https:\/\/www.skalnik.pl\/blog\/#organization"}}]},"og:locale":"pl_PL","og:site_name":"blog Skalnik - Blog, porady, artyku\u0142y - blog Skalnik","og:type":"article","og:title":"Jaki kask w g\u00f3ry? - blog Skalnik","og:description":"Czy turystom potrzebny jest kask? Czy zabiera\u0107 kaski wspinaczkowe na tatrza\u0144skie szlaki? W tym artykule odpowiadamy, kiedy nawet na g\u0142owie turysty kask w g\u00f3ry jest niezb\u0119dny.","og:url":"https:\/\/www.skalnik.pl\/blog\/jaki-kask-w-gory\/","og:image":"https:\/\/skalnik.pl\/blog\/wp-content\/uploads\/2021\/03\/via-ferraty-kask-w-g\u00f3ry.jpg","og:image:secure_url":"https:\/\/skalnik.pl\/blog\/wp-content\/uploads\/2021\/03\/via-ferraty-kask-w-g\u00f3ry.jpg","article:tag":["porady","tatry","turystyka","via ferrata"],"article:published_time":"2021-03-26T07:39:00+00:00","article:modified_time":"2021-08-23T06:58:52+00:00","twitter:card":"summary_large_image","twitter:title":"Jaki kask w g\u00f3ry? - blog Skalnik","twitter:description":"Czy turystom potrzebny jest kask? Czy zabiera\u0107 kaski wspinaczkowe na tatrza\u0144skie szlaki? W tym artykule odpowiadamy, kiedy nawet na g\u0142owie turysty kask w g\u00f3ry jest niezb\u0119dny.","twitter:image":"https:\/\/skalnik.pl\/blog\/wp-content\/uploads\/2021\/03\/via-ferraty-kask-w-g\u00f3ry.jpg"},"aioseo_meta_data":{"post_id":"16236","title":null,"description":"Czy turystom potrzebny jest kask? Czy zabiera\u0107 kaski wspinaczkowe na tatrza\u0144skie szlaki? W tym artykule odpowiadamy, kiedy nawet na g\u0142owie turysty kask w g\u00f3ry jest niezb\u0119dny.","keywords":[{"label":"kask wspinaczkowy","value":"kask wspinaczkowy"},{"label":"kaski w g\u00f3ry","value":"kaski w g\u00f3ry"},{"label":"kask orla per\u0107","value":"kask orla per\u0107"},{"label":"kask w tatry","value":"kask w tatry"}],"keyphrases":null,"primary_term":null,"canonical_url":"","og_title":null,"og_description":null,"og_object_type":"default","og_image_type":"default","og_image_url":null,"og_image_width":null,"og_image_height":null,"og_image_custom_url":null,"og_image_custom_fields":null,"og_video":null,"og_custom_url":null,"og_article_section":null,"og_article_tags":null,"twitter_use_og":false,"twitter_card":"default","twitter_image_type":"default","twitter_image_url":null,"twitter_image_custom_url":null,"twitter_image_custom_fields":null,"twitter_title":null,"twitter_description":null,"schema":{"blockGraphs":[],"customGraphs":[],"default":{"data":{"Article":[],"Course":[],"Dataset":[],"FAQPage":[],"Movie":[],"Person":[],"Product":[],"ProductReview":[],"Car":[],"Recipe":[],"Service":[],"SoftwareApplication":[],"WebPage":[]},"graphName":"BlogPosting","isEnabled":true},"graphs":[]},"schema_type":"default","schema_type_options":null,"pillar_content":false,"robots_default":true,"robots_noindex":false,"robots_noarchive":false,"robots_nosnippet":false,"robots_nofollow":false,"robots_noimageindex":false,"robots_noodp":false,"robots_notranslate":false,"robots_max_snippet":null,"robots_max_videopreview":null,"robots_max_imagepreview":"large","priority":null,"frequency":null,"local_seo":null,"breadcrumb_settings":null,"limit_modified_date":false,"ai":null,"created":"2022-08-26 10:00:09","updated":"2026-02-17 22:07:26","seo_analyzer_scan_date":null},"aioseo_breadcrumb":"<div class=\"aioseo-breadcrumbs\"><span class=\"aioseo-breadcrumb\">\n\t\t\t<a href=\"https:\/\/www.skalnik.pl\/blog\" title=\"Home\">Home<\/a>\n\t\t<\/span><span class=\"aioseo-breadcrumb-separator\">&raquo;<\/span><span class=\"aioseo-breadcrumb\">\n\t\t\t<a href=\"https:\/\/www.skalnik.pl\/blog\/.\/porady\/\" title=\"Porady\">Porady<\/a>\n\t\t<\/span><span class=\"aioseo-breadcrumb-separator\">&raquo;<\/span><span class=\"aioseo-breadcrumb\">\n\t\t\tJaki kask w g\u00f3ry?\n\t\t<\/span><\/div>","aioseo_breadcrumb_json":[{"label":"Home","link":"https:\/\/www.skalnik.pl\/blog"},{"label":"Porady","link":"https:\/\/www.skalnik.pl\/blog\/.\/porady\/"},{"label":"Jaki kask w g\u00f3ry?","link":"https:\/\/www.skalnik.pl\/blog\/jaki-kask-w-gory\/"}],"_links":{"self":[{"href":"https:\/\/www.skalnik.pl\/blog\/wp-json\/wp\/v2\/posts\/16236","targetHints":{"allow":["GET"]}}],"collection":[{"href":"https:\/\/www.skalnik.pl\/blog\/wp-json\/wp\/v2\/posts"}],"about":[{"href":"https:\/\/www.skalnik.pl\/blog\/wp-json\/wp\/v2\/types\/post"}],"author":[{"embeddable":true,"href":"https:\/\/www.skalnik.pl\/blog\/wp-json\/wp\/v2\/users\/21"}],"replies":[{"embeddable":true,"href":"https:\/\/www.skalnik.pl\/blog\/wp-json\/wp\/v2\/comments?post=16236"}],"version-history":[{"count":3,"href":"https:\/\/www.skalnik.pl\/blog\/wp-json\/wp\/v2\/posts\/16236\/revisions"}],"predecessor-version":[{"id":16246,"href":"https:\/\/www.skalnik.pl\/blog\/wp-json\/wp\/v2\/posts\/16236\/revisions\/16246"}],"wp:featuredmedia":[{"embeddable":true,"href":"https:\/\/www.skalnik.pl\/blog\/wp-json\/wp\/v2\/media\/16241"}],"wp:attachment":[{"href":"https:\/\/www.skalnik.pl\/blog\/wp-json\/wp\/v2\/media?parent=16236"}],"wp:term":[{"taxonomy":"category","embeddable":true,"href":"https:\/\/www.skalnik.pl\/blog\/wp-json\/wp\/v2\/categories?post=16236"},{"taxonomy":"post_tag","embeddable":true,"href":"https:\/\/www.skalnik.pl\/blog\/wp-json\/wp\/v2\/tags?post=16236"},{"taxonomy":"magento_category","embeddable":true,"href":"https:\/\/www.skalnik.pl\/blog\/wp-json\/wp\/v2\/magento_category?post=16236"},{"taxonomy":"magento_product","embeddable":true,"href":"https:\/\/www.skalnik.pl\/blog\/wp-json\/wp\/v2\/magento_product?post=16236"}],"curies":[{"name":"wp","href":"https:\/\/api.w.org\/{rel}","templated":true}]}}