{"id":16856,"date":"2026-05-08T07:35:00","date_gmt":"2026-05-08T05:35:00","guid":{"rendered":"https:\/\/skalnik.pl\/blog\/?p=16856"},"modified":"2026-05-19T12:06:39","modified_gmt":"2026-05-19T10:06:39","slug":"tatry-z-dziecmi-latwe-szlaki","status":"publish","type":"post","link":"https:\/\/www.skalnik.pl\/blog\/tatry-z-dziecmi-latwe-szlaki\/","title":{"rendered":"Tatry i Zakopane \u2013 \u0142atwe trasy z dzie\u0107mi"},"content":{"rendered":"\n<p><strong>Wyjazd w Tatry z dzie\u0107mi to przygoda, kt\u00f3r\u0105 warto prze\u017cy\u0107 wsp\u00f3lnie. Nie b\u00f3j si\u0119 zabiera\u0107 dzieci od najm\u0142odszych lat w nasze najwy\u017csze g\u00f3ry. Nie wiesz, gdzie si\u0119 wybra\u0107? Poka\u017cemy Ci, \u017ce s\u0105 w Polskich Tatrach miejsca warte nie tylko pokazania dzieciom, lecz przede wszystkim mo\u017cliwe do zdobycia nawet ze szkrabami.<\/strong><\/p>\n\n\n\n<p>Odkrywanie g\u00f3r z w\u00f3zkiem, nosid\u0142em czy kilkulatkiem u boku mo\u017ce by\u0107 fascynuj\u0105cym wyzwaniem!<\/p>\n\n\n\n<p>Z tego artyku\u0142u dowiesz si\u0119:<\/p>\n\n\n\n<ul class=\"wp-block-list\">\n<li>jakie szlaki tatrza\u0144skie s\u0105 odpowiednie na zwiedzanie z dzie\u0107mi,<\/li>\n\n\n\n<li>na co zwr\u00f3ci\u0107 uwag\u0119 podczas planowania trasy z dzieckiem,<\/li>\n\n\n\n<li>na jakie akcesoria w g\u00f3ry dla dzieci warto zwr\u00f3ci\u0107 uwag\u0119.<\/li>\n<\/ul>\n\n\n\n<div id=\"ez-toc-container\" class=\"ez-toc-v2_0_85 counter-hierarchy ez-toc-counter ez-toc-light-blue ez-toc-container-direction\">\n<div class=\"ez-toc-title-container\">\n<p class=\"ez-toc-title\" style=\"cursor:inherit\">SPIS TRE\u015aCI <\/p>\n<span class=\"ez-toc-title-toggle\"><a href=\"#\" class=\"ez-toc-pull-right ez-toc-btn ez-toc-btn-xs ez-toc-btn-default ez-toc-toggle\" aria-label=\"Prze\u0142\u0105cznik Spisu Tre\u015bci\"><span class=\"ez-toc-js-icon-con\"><span class=\"\"><span class=\"eztoc-hide\" style=\"display:none;\">Toggle<\/span><span class=\"ez-toc-icon-toggle-span\"><svg style=\"fill: #999;color:#999\" xmlns=\"http:\/\/www.w3.org\/2000\/svg\" class=\"list-377408\" width=\"20px\" height=\"20px\" viewBox=\"0 0 24 24\" fill=\"none\"><path d=\"M6 6H4v2h2V6zm14 0H8v2h12V6zM4 11h2v2H4v-2zm16 0H8v2h12v-2zM4 16h2v2H4v-2zm16 0H8v2h12v-2z\" fill=\"currentColor\"><\/path><\/svg><svg style=\"fill: #999;color:#999\" class=\"arrow-unsorted-368013\" xmlns=\"http:\/\/www.w3.org\/2000\/svg\" width=\"10px\" height=\"10px\" viewBox=\"0 0 24 24\" version=\"1.2\" baseProfile=\"tiny\"><path d=\"M18.2 9.3l-6.2-6.3-6.2 6.3c-.2.2-.3.4-.3.7s.1.5.3.7c.2.2.4.3.7.3h11c.3 0 .5-.1.7-.3.2-.2.3-.5.3-.7s-.1-.5-.3-.7zM5.8 14.7l6.2 6.3 6.2-6.3c.2-.2.3-.5.3-.7s-.1-.5-.3-.7c-.2-.2-.4-.3-.7-.3h-11c-.3 0-.5.1-.7.3-.2.2-.3.5-.3.7s.1.5.3.7z\"\/><\/svg><\/span><\/span><\/span><\/a><\/span><\/div>\n<nav><ul class='ez-toc-list ez-toc-list-level-1 ' ><li class='ez-toc-page-1 ez-toc-heading-level-2'><a class=\"ez-toc-link ez-toc-heading-1\" href=\"https:\/\/www.skalnik.pl\/blog\/tatry-z-dziecmi-latwe-szlaki\/#Szlaki_w_Tatrach_z_wozkiem\" >Szlaki w Tatrach z w\u00f3zkiem<\/a><ul class='ez-toc-list-level-3' ><li class='ez-toc-heading-level-3'><a class=\"ez-toc-link ez-toc-heading-2\" href=\"https:\/\/www.skalnik.pl\/blog\/tatry-z-dziecmi-latwe-szlaki\/#Morskie_Oko\" >Morskie Oko<\/a><\/li><li class='ez-toc-page-1 ez-toc-heading-level-3'><a class=\"ez-toc-link ez-toc-heading-3\" href=\"https:\/\/www.skalnik.pl\/blog\/tatry-z-dziecmi-latwe-szlaki\/#Doliny_Tatr_Zachodnich_%E2%80%93_spokojniejsze_szlaki_dla_rodzin\" >Doliny Tatr Zachodnich \u2013 spokojniejsze szlaki dla rodzin<\/a><\/li><li class='ez-toc-page-1 ez-toc-heading-level-3'><a class=\"ez-toc-link ez-toc-heading-4\" href=\"https:\/\/www.skalnik.pl\/blog\/tatry-z-dziecmi-latwe-szlaki\/#Dolina_Strazyska\" >Dolina Str\u0105\u017cyska<\/a><\/li><\/ul><\/li><li class='ez-toc-page-1 ez-toc-heading-level-2'><a class=\"ez-toc-link ez-toc-heading-5\" href=\"https:\/\/www.skalnik.pl\/blog\/tatry-z-dziecmi-latwe-szlaki\/#W_Tatry_z_nosidelkiem\" >W Tatry z noside\u0142kiem<\/a><ul class='ez-toc-list-level-3' ><li class='ez-toc-heading-level-3'><a class=\"ez-toc-link ez-toc-heading-6\" href=\"https:\/\/www.skalnik.pl\/blog\/tatry-z-dziecmi-latwe-szlaki\/#Psia_Trawka\" >Psia Trawka<\/a><\/li><li class='ez-toc-page-1 ez-toc-heading-level-3'><a class=\"ez-toc-link ez-toc-heading-7\" href=\"https:\/\/www.skalnik.pl\/blog\/tatry-z-dziecmi-latwe-szlaki\/#Grzes\" >Grze\u015b<\/a><\/li><\/ul><\/li><li class='ez-toc-page-1 ez-toc-heading-level-2'><a class=\"ez-toc-link ez-toc-heading-8\" href=\"https:\/\/www.skalnik.pl\/blog\/tatry-z-dziecmi-latwe-szlaki\/#W_Tatrach_z_dzieckiem_kilkuletnim\" >W Tatrach z dzieckiem kilkuletnim<\/a><ul class='ez-toc-list-level-3' ><li class='ez-toc-heading-level-3'><a class=\"ez-toc-link ez-toc-heading-9\" href=\"https:\/\/www.skalnik.pl\/blog\/tatry-z-dziecmi-latwe-szlaki\/#Dolina_Roztoki_i_schronisko_w_Dolinie_Roztoki\" >Dolina Roztoki i schronisko w Dolinie Roztoki<\/a><\/li><li class='ez-toc-page-1 ez-toc-heading-level-3'><a class=\"ez-toc-link ez-toc-heading-10\" href=\"https:\/\/www.skalnik.pl\/blog\/tatry-z-dziecmi-latwe-szlaki\/#Rusinowa_Polana\" >Rusinowa Polana<\/a><\/li><\/ul><\/li><li class='ez-toc-page-1 ez-toc-heading-level-2'><a class=\"ez-toc-link ez-toc-heading-11\" href=\"https:\/\/www.skalnik.pl\/blog\/tatry-z-dziecmi-latwe-szlaki\/#Tatrzanskie_atrakcje_dla_dzieci\" >Tatrza\u0144skie atrakcje dla dzieci<\/a><ul class='ez-toc-list-level-3' ><li class='ez-toc-heading-level-3'><a class=\"ez-toc-link ez-toc-heading-12\" href=\"https:\/\/www.skalnik.pl\/blog\/tatry-z-dziecmi-latwe-szlaki\/#Kolejka_na_Kasprowy_Wierch\" >Kolejka na Kasprowy Wierch<\/a><\/li><li class='ez-toc-page-1 ez-toc-heading-level-3'><a class=\"ez-toc-link ez-toc-heading-13\" href=\"https:\/\/www.skalnik.pl\/blog\/tatry-z-dziecmi-latwe-szlaki\/#Chocholowska_ciuchcia\" >Chocho\u0142owska ciuchcia<\/a><\/li><\/ul><\/li><li class='ez-toc-page-1 ez-toc-heading-level-2'><a class=\"ez-toc-link ez-toc-heading-14\" href=\"https:\/\/www.skalnik.pl\/blog\/tatry-z-dziecmi-latwe-szlaki\/#Atrakcje_dla_dzieci_w_Zakopanem_%E2%80%93_co_robic_poza_szlakiem\" >Atrakcje dla dzieci w Zakopanem \u2013 co robi\u0107 poza szlakiem?<\/a><\/li><li class='ez-toc-page-1 ez-toc-heading-level-2'><a class=\"ez-toc-link ez-toc-heading-15\" href=\"https:\/\/www.skalnik.pl\/blog\/tatry-z-dziecmi-latwe-szlaki\/#Podsumowanie\" >Podsumowanie<\/a><\/li><\/ul><\/nav><\/div>\n<h2 class=\"wp-block-heading\"><span class=\"ez-toc-section\" id=\"Szlaki_w_Tatrach_z_wozkiem\"><\/span>Szlaki w Tatrach z w\u00f3zkiem<span class=\"ez-toc-section-end\"><\/span><\/h2>\n\n\n\n<p>Tatry kojarz\u0105 si\u0119 z wymagaj\u0105cymi podej\u015bciami i stromymi \u015bcie\u017ckami, ale wbrew pozorom mo\u017cna tu znale\u017a\u0107 tak\u017ce \u0142atwe szlaki, kt\u00f3re \u015bwietnie sprawdzaj\u0105 si\u0119 podczas <strong>w\u0119dr\u00f3wek z dzie\u0107mi<\/strong> \u2013 nawet wtedy, gdy podr\u00f3\u017cujemy z w\u00f3zkiem.<\/p>\n\n\n\n<h3 class=\"wp-block-heading\"><span class=\"ez-toc-section\" id=\"Morskie_Oko\"><\/span>Morskie Oko<span class=\"ez-toc-section-end\"><\/span><\/h3>\n\n\n\n<p><strong>Szlak:<\/strong> czerwony (Palenica Bia\u0142cza\u0144ska \u2013 Wodogrzmoty Mickiewicza \u2013 Morskie Oko)<br><strong>Czas przej\u015bcia:<\/strong> ok. 2:45 godz. w jedn\u0105 stron\u0119<br><strong>Start:<\/strong> parking Palenica Bia\u0142cza\u0144ska (warto wcze\u015bniej zarezerwowa\u0107 miejsce online)<br><br>To zdecydowanie jeden z najwygodniejszych tatrza\u0144skich szlak\u00f3w dla os\u00f3b podr\u00f3\u017cuj\u0105cych z dzieckiem w w\u00f3zku, a tak\u017ce dla os\u00f3b poruszaj\u0105cych si\u0119 na w\u00f3zkach inwalidzkich. Szeroka asfaltowa droga prowadzi przez las a\u017c do jednego z najpi\u0119kniejszych miejsc w polskich Tatrach.<\/p>\n\n\n\n<p>Trasa liczy prawie 8 km i pnie si\u0119 \u0142agodnie pod g\u00f3r\u0119, dlatego wielu turyst\u00f3w wybiera j\u0105 w\u0142a\u015bnie na pierwsze szlaki rodzinne w g\u00f3rach. Warto jednak pami\u0119ta\u0107, \u017ce latem oraz w s\u0142oneczne weekendy droga bywa bardzo zat\u0142oczona. Je\u015bli planujesz w\u0119dr\u00f3wki z dzie\u0107mi, najlepiej wyruszy\u0107 wcze\u015bnie rano \u2013 szczeg\u00f3lnie w dni powszednie.Po drodze znajduje si\u0119 kilka dobrych miejsc na odpoczynek. Kr\u00f3tk\u0105 przerw\u0119 mo\u017cna zrobi\u0107 przy <strong>Wodogrzmotach Mickiewicza<\/strong>, gdzie s\u0142ycha\u0107 huk spadaj\u0105cej wody, albo wy\u017cej \u2013 w okolicach W\u0142osienicy.<\/p>\n\n\n\n<p>Po drodze znajduje si\u0119 kilka dobrych miejsc na odpoczynek. Kr\u00f3tk\u0105 przerw\u0119 mo\u017cna zrobi\u0107 przy <strong>Wodogrzmotach Mickiewicza<\/strong>, gdzie s\u0142ycha\u0107 huk spadaj\u0105cej wody, albo wy\u017cej \u2013 w okolicach W\u0142osienicy.<\/p>\n\n\n<div class=\"wp-block-image\">\n<figure class=\"aligncenter size-large\"><img loading=\"lazy\" decoding=\"async\" width=\"1024\" height=\"768\" src=\"https:\/\/skalnik.pl\/blog\/wp-content\/uploads\/2021\/05\/moko.jpg\" alt=\"na pierwszym planie Morskie Oko, w tle przykryte chmurami szczyty - wida\u0107 tylko turni\u0119 Mnicha\" class=\"wp-image-16880\" srcset=\"https:\/\/www.skalnik.pl\/blog\/wp-content\/uploads\/2021\/05\/moko.jpg 1024w, https:\/\/www.skalnik.pl\/blog\/wp-content\/uploads\/2021\/05\/moko-300x225.jpg 300w, https:\/\/www.skalnik.pl\/blog\/wp-content\/uploads\/2021\/05\/moko-768x576.jpg 768w\" sizes=\"auto, (max-width: 1024px) 100vw, 1024px\" \/><figcaption class=\"wp-element-caption\"><em>To jeden z najbardziej rozpoznawalnych tatrza\u0144skich widok\u00f3w<\/em><\/figcaption><\/figure>\n<\/div>\n\n\n<div style=\"max-width:1000px;overflow:hidden;margin:0 auto;min-width:300px;\"><iframe src=\"https:\/\/mapa-turystyczna.pl\/map\/widget\/route\/h1l0p1\/wkrq.html\" style=\"width:100%;border:0;\" height=\"800\" frameborder=\"0\"><\/iframe><a href=\"https:\/\/mapa-turystyczna.pl\/route\/wkrq?utm_source=external_web&amp;utm_medium=widget&amp;utm_campaign=route_widget\" target=\"_blank\" style=\"color:#999;padding:7px 0;font-size: 13px;font-family:Roboto,Arial,sans-serif;display: inline-block;\" rel=\"noopener noreferrer\">Trasa: Palenica Bia\u0142cza\u0144ska \u2013 Morskie Oko, pod Czarnym Stawem | mapa-turystyczna.pl<\/a><\/div>\n\n\n\n<h3 class=\"wp-block-heading\"><span class=\"ez-toc-section\" id=\"Doliny_Tatr_Zachodnich_%E2%80%93_spokojniejsze_szlaki_dla_rodzin\"><\/span><strong>Doliny Tatr Zachodnich \u2013 spokojniejsze szlaki dla rodzin<\/strong><span class=\"ez-toc-section-end\"><\/span><\/h3>\n\n\n\n<p>Je\u015bli szukasz mniej zat\u0142oczonych tras na <strong>w\u0119dr\u00f3wki z dzie\u0107mi<\/strong>, dobrym wyborem b\u0119d\u0105 doliny Tatr Zachodnich.<\/p>\n\n\n\n<h4 class=\"wp-block-heading\"><strong>Dolina Ko\u015bcieliska i Dolina Chocho\u0142owska<\/strong><\/h4>\n\n\n\n<p>To jedne z najpopularniejszych, a zarazem najbardziej przyjaznych tras dla rodzin. Drogi s\u0105 szerokie i stosunkowo \u0142agodne, dlatego przydaj\u0105 si\u0119 tu w\u00f3zki z dobrym zawieszeniem lub z pompowanymi ko\u0142ami.<\/p>\n\n\n\n<ul class=\"wp-block-list\">\n<li><strong>Dolina Chocho\u0142owska<\/strong> zachwyca przestrzeni\u0105 i wiosennymi krokusami.<\/li>\n\n\n\n<li><strong>Dolina Ko\u015bcieliska<\/strong> oferuje liczne polany, strumienie oraz mo\u017cliwo\u015b\u0107 kr\u00f3tkich przystank\u00f3w przy schronisku na Hali Ornak.<\/li>\n<\/ul>\n\n\n\n<h3 class=\"wp-block-heading\"><span class=\"ez-toc-section\" id=\"Dolina_Strazyska\"><\/span><strong>Dolina Str\u0105\u017cyska<\/strong><span class=\"ez-toc-section-end\"><\/span><\/h3>\n\n\n\n<p><strong>Dolina Str\u0105\u017cyska<\/strong> to jedna z najcz\u0119\u015bciej polecanych tras na kr\u00f3tkie w\u0119dr\u00f3wki z dzie\u0107mi. Szlak zaczyna si\u0119 niedaleko Zakopanego i prowadzi szerok\u0105 le\u015bn\u0105 drog\u0105 w stron\u0119 Polany Str\u0105\u017cyskiej.<\/p>\n\n\n\n<p>Cho\u0107 nawierzchnia jest miejscami kamienista, wiele rodzin pokonuje j\u0105 w\u00f3zkami terenowymi z amortyzacj\u0105. Nagrod\u0105 na ko\u0144cu trasy jest widok na monumentalny masyw Giewontu oraz mo\u017cliwo\u015b\u0107 kr\u00f3tkiego spaceru do wodospadu Siklawica.<\/p>\n\n\n\n<h2 class=\"wp-block-heading\"><span class=\"ez-toc-section\" id=\"W_Tatry_z_nosidelkiem\"><\/span>W Tatry z noside\u0142kiem<span class=\"ez-toc-section-end\"><\/span><\/h2>\n\n\n\n<p>Dziecko w nosidle turystycznym daje du\u017c\u0105 swobod\u0119 podczas g\u00f3rskich wypraw \u2013 przede wszystkim rodzicowi. Dzi\u0119ki niemu mo\u017cna wybra\u0107 si\u0119 na szlaki turystyczne, kt\u00f3re dla w\u00f3zka by\u0142yby niedost\u0119pne.&nbsp;<\/p>\n\n\n\n<p><strong>Hala G\u0105sienicowa<\/strong><\/p>\n\n\n\n<p><strong>Szlak:<\/strong> niebieski (Ku\u017anice \u2013 Bocza\u0144 \u2013 Hala G\u0105sienicowa) lub \u017c\u00f3\u0142ty (Ku\u017anice \u2013 Dolina Jaworzynki \u2013 Hala G\u0105sienicowa)<br><strong>Czas przej\u015bcia:<\/strong> ok. 2\u20132:30 godz. w jedn\u0105 stron\u0119<br><strong>Start:<\/strong> Ku\u017anice<\/p>\n\n\n\n<p><strong>Hala G\u0105sienicowa<\/strong> to jedno z najbardziej widokowych miejsc w polskich Tatrach, a jednocze\u015bnie cel dost\u0119pny dla os\u00f3b podr\u00f3\u017cuj\u0105cych z noside\u0142kiem. Trasa przez Bocza\u0144 jest szeroka i dobrze przygotowana, dlatego wielu rodzic\u00f3w wybiera j\u0105 na pierwsze d\u0142u\u017csze w\u0119dr\u00f3wki z dzie\u0107mi w g\u00f3rach.<\/p>\n\n\n\n<p>Po drodze mo\u017cna zatrzyma\u0107 si\u0119 na kr\u00f3tk\u0105 przerw\u0119 na Polanie Jaworzynka lub odpocz\u0105\u0107 przy schronisku Murowaniec. Sama hala zachwyca panoram\u0105 tatrza\u0144skich szczyt\u00f3w i rozleg\u0142\u0105 przestrzeni\u0105.<\/p>\n\n\n\n<h3 class=\"wp-block-heading\"><span class=\"ez-toc-section\" id=\"Psia_Trawka\"><\/span><strong>Psia Trawka<\/strong><span class=\"ez-toc-section-end\"><\/span><\/h3>\n\n\n\n<p><strong>Szlak:<\/strong> zielony (Toporowa Cyrhla \u2013 Dolina Suchej Wody \u2013 Psia Trawka)<br><strong>Czas przej\u015bcia:<\/strong> ok. 2 godz. w jedn\u0105 stron\u0119<br><strong>Start:<\/strong> Toporowa Cyrhla<\/p>\n\n\n\n<p><strong>Psia Trawka<\/strong> to jedna z najspokojniejszych i mniej zat\u0142oczonych polan w tej cz\u0119\u015bci Tatr. Trasa prowadzi szerok\u0105 drog\u0105 przez Dolin\u0119 Suchej Wody i jest stosunkowo \u0142agodna, dlatego \u015bwietnie sprawdza si\u0119 jako cel na pierwsze \u0142atwe szlaki z noside\u0142kiem.<\/p>\n\n\n\n<h3 class=\"wp-block-heading\"><span class=\"ez-toc-section\" id=\"Grzes\"><\/span><strong>Grze\u015b<\/strong><span class=\"ez-toc-section-end\"><\/span><\/h3>\n\n\n\n<p><strong>Szlak:<\/strong> zielony (Siwa Polana \u2013 Polana Chocho\u0142owska), \u017c\u00f3\u0142ty (Polana Chocho\u0142owska \u2013 Grze\u015b)<br><strong>Czas przej\u015bcia:<\/strong> ok. 3:45 godz. w jedn\u0105 stron\u0119<br><strong>Po\u0142o\u017cenie:<\/strong> Siwa Polana (du\u017cy p\u0142atny parking, bilety wst\u0119pu w kasie \u2013 uwaga, to nie s\u0105 bilety TPN)<\/p>\n\n\n\n<p>Tatry Zachodnie s\u0105 zdecydowanie spokojniejsze ni\u017c Tatry Wysokie, a wiele tutejszych szlak\u00f3w turystycznych idealnie nadaje si\u0119 na w\u0119dr\u00f3wki z dzie\u0107mi z nosid\u0142em.<\/p>\n\n\n\n<p>Pierwsza cz\u0119\u015b\u0107 trasy prowadzi bardzo \u0142atw\u0105 drog\u0105 do <strong>Polany Chocho\u0142owskiej<\/strong>, gdzie mo\u017cna odpocz\u0105\u0107 w schronisku przed dalszym podej\u015bciem. Sam szlak na Grzesia stopniowo pnie si\u0119 w g\u00f3r\u0119, ale nie ma technicznych trudno\u015bci.<\/p>\n\n\n<div class=\"wp-block-image\">\n<figure class=\"aligncenter size-large\"><img loading=\"lazy\" decoding=\"async\" width=\"1024\" height=\"742\" src=\"https:\/\/skalnik.pl\/blog\/wp-content\/uploads\/2021\/05\/grzes2.jpg\" alt=\"na pierwszym planie stoj\u0105cy ch\u0142opiec ma uniesion\u0105 praw\u0105 r\u0119k\u0119, a lew\u0105 si\u0119 podpiera pod bok w tle widoczne szczyty g\u00f3r\" class=\"wp-image-16879\" srcset=\"https:\/\/www.skalnik.pl\/blog\/wp-content\/uploads\/2021\/05\/grzes2.jpg 1024w, https:\/\/www.skalnik.pl\/blog\/wp-content\/uploads\/2021\/05\/grzes2-300x217.jpg 300w, https:\/\/www.skalnik.pl\/blog\/wp-content\/uploads\/2021\/05\/grzes2-768x557.jpg 768w\" sizes=\"auto, (max-width: 1024px) 100vw, 1024px\" \/><figcaption class=\"wp-element-caption\"><em>Na Grzesia spokojnie wejd\u0105 te\u017c kilkulatki (fot. Marcin Pokorowski)<\/em><\/figcaption><\/figure>\n<\/div>\n\n\n<div style=\"max-width:1000px;overflow:hidden;margin:0 auto;min-width:300px;\"><iframe src=\"https:\/\/mapa-turystyczna.pl\/map\/widget\/route\/h1l0p1\/7tvv.html\" style=\"width:100%;border:0;\" height=\"800\" frameborder=\"0\"><\/iframe><a href=\"https:\/\/mapa-turystyczna.pl\/route\/7tvv?utm_source=external_web&amp;utm_medium=widget&amp;utm_campaign=route_widget\" target=\"_blank\" style=\"color:#999;padding:7px 0;font-size: 13px;font-family:Roboto,Arial,sans-serif;display: inline-block;\" rel=\"noopener noreferrer\">Trasa: Siwa Polana \u2013 Grze\u015b | mapa-turystyczna.pl<\/a><\/div>\n\n\n\n<h2 class=\"wp-block-heading\"><span class=\"ez-toc-section\" id=\"W_Tatrach_z_dzieckiem_kilkuletnim\"><\/span>W Tatrach z dzieckiem kilkuletnim<span class=\"ez-toc-section-end\"><\/span><\/h2>\n\n\n\n<p>Dziecko w wieku przedszkolnym mo\u017ce by\u0107 \u015bwietnym kompanem g\u00f3rskich wypraw \u2013 pod warunkiem, \u017ce tempo i trasa s\u0105 dopasowane do jego mo\u017cliwo\u015bci.<\/p>\n\n\n\n<p>Najwa\u017cniejsze podczas w\u0119dr\u00f3wek z dzie\u0107mi jest cierpliwo\u015b\u0107 i uwa\u017cno\u015b\u0107. Kilkulatki potrzebuj\u0105 przerw, czasu na obserwowanie przyrody oraz chwili zabawy.<\/p>\n\n\n\n<p>Kilkulatki bardzo lubi\u0105 zadania. Jednym z nich mo\u017ce by\u0107 samodzielne noszenie drobiazg\u00f3w w ma\u0142ym plecaku. Je\u015bli szukasz pomys\u0142u na prezent dla m\u0142odego turysty, sprawd\u017a <strong>plecaki dla dzieci<\/strong> \u2013 dzi\u0119ki nim maluch poczuje si\u0119 jak prawdziwy uczestnik wyprawy.<\/p>\n\n\n<div class=\"wp-block-image\">\n<figure class=\"aligncenter size-large\"><img loading=\"lazy\" decoding=\"async\" width=\"1024\" height=\"575\" src=\"https:\/\/skalnik.pl\/blog\/wp-content\/uploads\/2021\/05\/brama-kantaka.jpg\" alt=\"ch\u0142opiec z niebieskim plecakiem siedzi na kamieniu tu\u017c nad potokiem\" class=\"wp-image-16882\" srcset=\"https:\/\/www.skalnik.pl\/blog\/wp-content\/uploads\/2021\/05\/brama-kantaka.jpg 1024w, https:\/\/www.skalnik.pl\/blog\/wp-content\/uploads\/2021\/05\/brama-kantaka-300x168.jpg 300w, https:\/\/www.skalnik.pl\/blog\/wp-content\/uploads\/2021\/05\/brama-kantaka-768x431.jpg 768w\" sizes=\"auto, (max-width: 1024px) 100vw, 1024px\" \/><figcaption class=\"wp-element-caption\"><em>Chwila odpoczynku nad wod\u0105 (fot. Marcin Pokorowski)<\/em><\/figcaption><\/figure>\n<\/div>\n\n\n<h3 class=\"wp-block-heading\"><span class=\"ez-toc-section\" id=\"Dolina_Roztoki_i_schronisko_w_Dolinie_Roztoki\"><\/span><strong>Dolina Roztoki i schronisko w Dolinie Roztoki<\/strong><span class=\"ez-toc-section-end\"><\/span><\/h3>\n\n\n\n<p><strong>Szlak:<\/strong> czerwony (Palenica Bia\u0142cza\u0144ska \u2013 Wodogrzmoty Mickiewicza), zielony (Wodogrzmoty Mickiewicza \u2013 Dolina Roztoki \/ Siklawa)<br><strong>Czas:<\/strong> ok. 2:15 godz. w jedn\u0105 stron\u0119<br><strong>Po\u0142o\u017cenie:<\/strong> Palenica Bia\u0142cza\u0144ska (parking \u2013 ten sam, co na trasie do Morskiego Oka)<\/p>\n\n\n\n<p>Jedna najpi\u0119kniejszych dolin w Tatrach. Pocz\u0105tek szlaku wygl\u0105da do\u015b\u0107 wymagaj\u0105co. Po jego pokonaniu trasa staje si\u0119 jednak znacznie \u0142agodniejsza.<\/p>\n\n\n\n<p>Nagrod\u0105 za wysi\u0142ek jest widok na pot\u0119\u017cn\u0105 Siklaw\u0119, najwy\u017cszy wodospad w polskich Tatrach. Starsze dzieci mog\u0105 potraktowa\u0107 t\u0119 wycieczk\u0119 jak ma\u0142\u0105 g\u00f3rsk\u0105 przygod\u0119.<\/p>\n\n\n\n<h3 class=\"wp-block-heading\"><span class=\"ez-toc-section\" id=\"Rusinowa_Polana\"><\/span><strong>Rusinowa Polana<\/strong><span class=\"ez-toc-section-end\"><\/span><\/h3>\n\n\n\n<p><strong>Rusinowa Polana<\/strong> uwa\u017cana jest za jedno miejsc na pierwsze prawdziwe w\u0119dr\u00f3wki z dzie\u0107mi w Tatrach. Szlak jest kr\u00f3tki i stosunkowo \u0142agodny, a na ko\u0144cu czeka nagroda \u2013 panorama Tatr Wysokich z widokiem na Gerlach, Rysy i Lodowy Szczyt.<\/p>\n\n\n<div class=\"wp-block-image\">\n<figure class=\"aligncenter size-large is-resized\"><img loading=\"lazy\" decoding=\"async\" width=\"1024\" height=\"768\" src=\"https:\/\/skalnik.pl\/blog\/wp-content\/uploads\/2021\/05\/roztoka-1024x768.jpg\" alt=\"schronisko w Dolinie Roztoki widok od frontu\" class=\"wp-image-16884\" style=\"width:580px;height:435px\" srcset=\"https:\/\/www.skalnik.pl\/blog\/wp-content\/uploads\/2021\/05\/roztoka-1024x768.jpg 1024w, https:\/\/www.skalnik.pl\/blog\/wp-content\/uploads\/2021\/05\/roztoka-300x225.jpg 300w, https:\/\/www.skalnik.pl\/blog\/wp-content\/uploads\/2021\/05\/roztoka-768x576.jpg 768w, https:\/\/www.skalnik.pl\/blog\/wp-content\/uploads\/2021\/05\/roztoka-1536x1152.jpg 1536w, https:\/\/www.skalnik.pl\/blog\/wp-content\/uploads\/2021\/05\/roztoka-2048x1536.jpg 2048w\" sizes=\"auto, (max-width: 1024px) 100vw, 1024px\" \/><figcaption class=\"wp-element-caption\"><em>Schronisko w Dolinie Roztoki wygrywa wiele turystycznych ranking\u00f3w, tury\u015bci kochaj\u0105 to miejsce za domow\u0105 atmosfer\u0119 i pyszn\u0105 kuchni\u0119<\/em><\/figcaption><\/figure>\n<\/div>\n\n\n<div style=\"max-width:1000px;overflow:hidden;margin:0 auto;min-width:300px;\"><iframe src=\"https:\/\/mapa-turystyczna.pl\/map\/widget\/route\/h1l0p1\/36dm.html\" style=\"width:100%;border:0;\" height=\"800\" frameborder=\"0\"><\/iframe><a href=\"https:\/\/mapa-turystyczna.pl\/route\/36dm?utm_source=external_web&amp;utm_medium=widget&amp;utm_campaign=route_widget\" target=\"_blank\" style=\"color:#999;padding:7px 0;font-size: 13px;font-family:Roboto,Arial,sans-serif;display: inline-block;\" rel=\"noopener noreferrer\">Trasa: Palenica Bia\u0142cza\u0144ska \u2013 Dolina Roztoki | mapa-turystyczna.pl<\/a><\/div>\n\n\n\n<h2 class=\"wp-block-heading\"><span class=\"ez-toc-section\" id=\"Tatrzanskie_atrakcje_dla_dzieci\"><\/span>Tatrza\u0144skie atrakcje dla dzieci<span class=\"ez-toc-section-end\"><\/span><\/h2>\n\n\n\n<p>Tatry to nie tylko szlaki rodzinne i g\u00f3rskie w\u0119dr\u00f3wki. Nawet najbardziej zapalony m\u0142ody turysta potrzebuje czasem odmiany.<\/p>\n\n\n\n<h3 class=\"wp-block-heading\"><span class=\"ez-toc-section\" id=\"Kolejka_na_Kasprowy_Wierch\"><\/span><strong>Kolejka na Kasprowy Wierch<\/strong><span class=\"ez-toc-section-end\"><\/span><\/h3>\n\n\n\n<p>Dla wielu doros\u0142ych to droga na skr\u00f3ty, dla dzieci \u2013 prawdziwa przygoda. Po wje\u017adzie na g\u00f3r\u0119 nie trzeba od razu wraca\u0107 kolej\u0105. Dobrym pomys\u0142em jest spacer na Prze\u0142\u0119cz Liliowe i zej\u015bcie w stron\u0119 Hali G\u0105sienicowej.<\/p>\n\n\n\n<h3 class=\"wp-block-heading\"><span class=\"ez-toc-section\" id=\"Chocholowska_ciuchcia\"><\/span><strong>Chocho\u0142owska ciuchcia<\/strong><span class=\"ez-toc-section-end\"><\/span><\/h3>\n\n\n\n<p>Po dniu pe\u0142nym g\u00f3rskich wra\u017ce\u0144 ma\u0142e nogi mog\u0105 potrzebowa\u0107 odpoczynku. Wtedy \u015bwietnie sprawdza si\u0119 <strong>Chocho\u0142owska ciuchcia<\/strong>, kt\u00f3ra kursuje po asfaltowym odcinku mi\u0119dzy Siw\u0105 Polan\u0105 a Polan\u0105 Huciska.<\/p>\n\n\n<div class=\"wp-block-image\">\n<figure class=\"aligncenter size-large\"><img loading=\"lazy\" decoding=\"async\" width=\"1024\" height=\"754\" src=\"https:\/\/skalnik.pl\/blog\/wp-content\/uploads\/2021\/05\/mrozna.jpg\" alt=\"szczelina w jaskini na g\u00f3rze wida\u0107 \u015bwiat\u0142o, na dalszym planie stoi ch\u0142opiec z plecakiem\" class=\"wp-image-16883\" srcset=\"https:\/\/www.skalnik.pl\/blog\/wp-content\/uploads\/2021\/05\/mrozna.jpg 1024w, https:\/\/www.skalnik.pl\/blog\/wp-content\/uploads\/2021\/05\/mrozna-300x221.jpg 300w, https:\/\/www.skalnik.pl\/blog\/wp-content\/uploads\/2021\/05\/mrozna-768x566.jpg 768w\" sizes=\"auto, (max-width: 1024px) 100vw, 1024px\" \/><figcaption class=\"wp-element-caption\"><em>O\u015bwietlone korytarze jaskini Mro\u017anej<\/em><\/figcaption><\/figure>\n<\/div>\n\n\n<h2 class=\"wp-block-heading\"><span class=\"ez-toc-section\" id=\"Atrakcje_dla_dzieci_w_Zakopanem_%E2%80%93_co_robic_poza_szlakiem\"><\/span><strong>Atrakcje dla dzieci w Zakopanem \u2013 co robi\u0107 poza szlakiem?<\/strong><span class=\"ez-toc-section-end\"><\/span><\/h2>\n\n\n\n<p>Po intensywnym dniu w g\u00f3rach warto tak\u017ce skorzysta\u0107 z atrakcji, kt\u00f3re oferuje samo Zakopane.<\/p>\n\n\n\n<ul class=\"wp-block-list\">\n<li>Spacer po <strong>Krup\u00f3wkach w Zakopanem<\/strong> to dla dzieci prawdziwa przygoda. Kolorowe stragany, regionalne pami\u0105tki, uliczni arty\u015bci i zapach oscypk\u00f3w tworz\u0105 wyj\u0105tkow\u0105 atmosfer\u0119.<\/li>\n\n\n\n<li><strong>Aqua Park Zakopane<\/strong> to miejsce idealna na regeneracj\u0119 po ca\u0142ym dniu chodzenia. Dzieci uwielbiaj\u0105 zje\u017cd\u017calnie i baseny rekreacyjne, a doro\u015bli mog\u0105 odpocz\u0105\u0107 w strefie relaksu z widokiem na Tatry.<\/li>\n\n\n\n<li>Dla m\u0142odych mi\u0142o\u015bnik\u00f3w aktywno\u015bci \u015bwietn\u0105 propozycj\u0105 s\u0105 <strong>parki linowe. <\/strong>Ma\u0142pi Gaj oraz GuGu Park oferuj\u0105 trasy o r\u00f3\u017cnym poziomie trudno\u015bci, dzi\u0119ki czemu nawet m\u0142odsze dzieci mog\u0105 spr\u00f3bowa\u0107 swoich si\u0142 w bezpiecznych warunkach.<\/li>\n\n\n\n<li>Je\u015bli chcesz pokaza\u0107 dzieciom Tatry z naukowej strony, koniecznie odwied\u017a <strong>Centrum Edukacji Przyrodniczej Tatrza\u0144skiego Parku Narodowego<\/strong>. Interaktywne wystawy pozwalaj\u0105 pozna\u0107 zwierz\u0119ta, ro\u015bliny i histori\u0119 g\u00f3r.<\/li>\n\n\n\n<li>Starsze dzieci mog\u0105 zainteresowa\u0107 si\u0119 tak\u017ce histori\u0105 regionu. <strong>Muzeum Tatrza\u0144skie<\/strong> prezentuje kultur\u0119 Podhala, dawne wyprawy g\u00f3rskie i tradycje zwi\u0105zane z Tatrami.<\/li>\n\n\n\n<li>Zim\u0105 ogromn\u0105 popularno\u015bci\u0105 cieszy si\u0119 <strong>Snowlandia Zimowy Park Rozrywki<\/strong>, w ramach kt\u00f3rego powstaj\u0105 lodowe labirynty, \u015bnie\u017cne zamki oraz ogromne rze\u017aby ze \u015bniegu.<\/li>\n<\/ul>\n\n\n\n<h2 class=\"wp-block-heading\"><span class=\"ez-toc-section\" id=\"Podsumowanie\"><\/span><strong>Podsumowanie<\/strong><span class=\"ez-toc-section-end\"><\/span><\/h2>\n\n\n\n<p>Planuj\u0105c w\u0119dr\u00f3wki z dzie\u0107mi w Tatrach, warto pami\u0119ta\u0107, \u017ce dobre przygotowanie cz\u0119sto decyduje o tym, czy wycieczka b\u0119dzie przyjemn\u0105 przygod\u0105, czy m\u0119cz\u0105cym obowi\u0105zkiem. Niezale\u017cnie od tego, czy wybierasz \u0142atwe szlaki, czy nieco d\u0142u\u017csze szlaki rodzinne, podstaw\u0105 pozostaje dopasowanie trasy do wieku, kondycji i do\u015bwiadczenia dziecka.<\/p>\n\n\n\n<p><\/p>\n","protected":false},"excerpt":{"rendered":"<p>Jed\u017a z dzieckiem w Tatry i poka\u017c mu najwy\u017csze polskie g\u00f3ry. Znajdziesz tu szlaki dla dzieci w w\u00f3zku, w nosidle i na w\u0119dr\u00f3wki z kilkulatkiem.<\/p>\n","protected":false},"author":9,"featured_media":16878,"comment_status":"open","ping_status":"open","sticky":false,"template":"","format":"standard","meta":{"_acf_changed":false,"footnotes":""},"categories":[84],"tags":[173,14],"magento_category":[],"magento_product":[],"class_list":["post-16856","post","type-post","status-publish","format-standard","has-post-thumbnail","hentry","category-pasja","tag-dziecko-w-gorach","tag-tatry"],"acf":[],"aioseo_notices":[],"aioseo_head":"\n\t\t<!-- All in One SEO 4.9.10 - aioseo.com -->\n\t<meta name=\"description\" content=\"\u0141atwe szlaki w Tatrach dla dzieci w r\u00f3\u017cnym wieku. Od maluch\u00f3w w w\u00f3zkach, przez dzieci w noside\u0142kach po kilkulatki same przemierzaj\u0105ce szlaki.\" \/>\n\t<meta name=\"robots\" content=\"max-image-preview:large\" \/>\n\t<meta name=\"author\" content=\"Beata Nawrotkiewicz\"\/>\n\t<link rel=\"canonical\" href=\"https:\/\/www.skalnik.pl\/blog\/tatry-z-dziecmi-latwe-szlaki\/\" \/>\n\t<meta name=\"generator\" content=\"All in One SEO (AIOSEO) 4.9.10\" \/>\n\t\t<meta property=\"og:locale\" content=\"pl_PL\" \/>\n\t\t<meta property=\"og:site_name\" content=\"blog Skalnik - Blog, porady, artyku\u0142y - blog Skalnik\" \/>\n\t\t<meta property=\"og:type\" content=\"article\" \/>\n\t\t<meta property=\"og:title\" content=\"Tatry i Zakopane \u2013 \u0142atwe trasy z dzie\u0107mi - blog Skalnik\" \/>\n\t\t<meta property=\"og:description\" content=\"\u0141atwe szlaki w Tatrach dla dzieci w r\u00f3\u017cnym wieku. Od maluch\u00f3w w w\u00f3zkach, przez dzieci w noside\u0142kach po kilkulatki same przemierzaj\u0105ce szlaki.\" \/>\n\t\t<meta property=\"og:url\" content=\"https:\/\/www.skalnik.pl\/blog\/tatry-z-dziecmi-latwe-szlaki\/\" \/>\n\t\t<meta property=\"og:image\" content=\"https:\/\/skalnik.pl\/blog\/wp-content\/uploads\/2021\/05\/moko.jpg\" \/>\n\t\t<meta property=\"og:image:secure_url\" content=\"https:\/\/skalnik.pl\/blog\/wp-content\/uploads\/2021\/05\/moko.jpg\" \/>\n\t\t<meta property=\"article:tag\" content=\"pasja\" \/>\n\t\t<meta property=\"article:tag\" content=\"dziecko w g\u00f3rach\" \/>\n\t\t<meta property=\"article:tag\" content=\"tatry\" \/>\n\t\t<meta property=\"article:published_time\" content=\"2026-05-08T05:35:00+00:00\" \/>\n\t\t<meta property=\"article:modified_time\" content=\"2026-05-19T10:06:39+00:00\" \/>\n\t\t<meta name=\"twitter:card\" content=\"summary_large_image\" \/>\n\t\t<meta name=\"twitter:title\" content=\"Tatry i Zakopane \u2013 \u0142atwe trasy z dzie\u0107mi - blog Skalnik\" \/>\n\t\t<meta name=\"twitter:description\" content=\"\u0141atwe szlaki w Tatrach dla dzieci w r\u00f3\u017cnym wieku. Od maluch\u00f3w w w\u00f3zkach, przez dzieci w noside\u0142kach po kilkulatki same przemierzaj\u0105ce szlaki.\" \/>\n\t\t<meta name=\"twitter:image\" content=\"https:\/\/skalnik.pl\/blog\/wp-content\/uploads\/2021\/05\/moko.jpg\" \/>\n\t\t<script type=\"application\/ld+json\" class=\"aioseo-schema\">\n\t\t\t{\"@context\":\"https:\\\/\\\/schema.org\",\"@graph\":[{\"@type\":\"BlogPosting\",\"@id\":\"https:\\\/\\\/www.skalnik.pl\\\/blog\\\/tatry-z-dziecmi-latwe-szlaki\\\/#blogposting\",\"name\":\"Tatry i Zakopane \\u2013 \\u0142atwe trasy z dzie\\u0107mi - blog Skalnik\",\"headline\":\"Tatry i Zakopane \\u2013 \\u0142atwe trasy z dzie\\u0107mi\",\"author\":{\"@id\":\"https:\\\/\\\/www.skalnik.pl\\\/blog\\\/author\\\/beata-nawrotkiewicz\\\/#author\"},\"publisher\":{\"@id\":\"https:\\\/\\\/www.skalnik.pl\\\/blog\\\/#organization\"},\"image\":{\"@type\":\"ImageObject\",\"url\":\"https:\\\/\\\/www.skalnik.pl\\\/blog\\\/wp-content\\\/uploads\\\/2021\\\/05\\\/grzes-glowne.jpg\",\"width\":1920,\"height\":705,\"caption\":\"ch\\u0142opiec siedzi ty\\u0142em i patrzy na panoram\\u0119 tatr zachodnich\"},\"datePublished\":\"2026-05-08T07:35:00+02:00\",\"dateModified\":\"2026-05-19T12:06:39+02:00\",\"inLanguage\":\"pl-PL\",\"mainEntityOfPage\":{\"@id\":\"https:\\\/\\\/www.skalnik.pl\\\/blog\\\/tatry-z-dziecmi-latwe-szlaki\\\/#webpage\"},\"isPartOf\":{\"@id\":\"https:\\\/\\\/www.skalnik.pl\\\/blog\\\/tatry-z-dziecmi-latwe-szlaki\\\/#webpage\"},\"articleSection\":\"Pasja, dziecko w g\\u00f3rach, tatry\"},{\"@type\":\"BreadcrumbList\",\"@id\":\"https:\\\/\\\/www.skalnik.pl\\\/blog\\\/tatry-z-dziecmi-latwe-szlaki\\\/#breadcrumblist\",\"itemListElement\":[{\"@type\":\"ListItem\",\"@id\":\"https:\\\/\\\/www.skalnik.pl\\\/blog#listItem\",\"position\":1,\"name\":\"Home\",\"item\":\"https:\\\/\\\/www.skalnik.pl\\\/blog\",\"nextItem\":{\"@type\":\"ListItem\",\"@id\":\"https:\\\/\\\/www.skalnik.pl\\\/blog\\\/.\\\/pasja\\\/#listItem\",\"name\":\"Pasja\"}},{\"@type\":\"ListItem\",\"@id\":\"https:\\\/\\\/www.skalnik.pl\\\/blog\\\/.\\\/pasja\\\/#listItem\",\"position\":2,\"name\":\"Pasja\",\"item\":\"https:\\\/\\\/www.skalnik.pl\\\/blog\\\/.\\\/pasja\\\/\",\"nextItem\":{\"@type\":\"ListItem\",\"@id\":\"https:\\\/\\\/www.skalnik.pl\\\/blog\\\/tatry-z-dziecmi-latwe-szlaki\\\/#listItem\",\"name\":\"Tatry i Zakopane \\u2013 \\u0142atwe trasy z dzie\\u0107mi\"},\"previousItem\":{\"@type\":\"ListItem\",\"@id\":\"https:\\\/\\\/www.skalnik.pl\\\/blog#listItem\",\"name\":\"Home\"}},{\"@type\":\"ListItem\",\"@id\":\"https:\\\/\\\/www.skalnik.pl\\\/blog\\\/tatry-z-dziecmi-latwe-szlaki\\\/#listItem\",\"position\":3,\"name\":\"Tatry i Zakopane \\u2013 \\u0142atwe trasy z dzie\\u0107mi\",\"previousItem\":{\"@type\":\"ListItem\",\"@id\":\"https:\\\/\\\/www.skalnik.pl\\\/blog\\\/.\\\/pasja\\\/#listItem\",\"name\":\"Pasja\"}}]},{\"@type\":\"Organization\",\"@id\":\"https:\\\/\\\/www.skalnik.pl\\\/blog\\\/#organization\",\"name\":\"blog Skalnik\",\"description\":\"Blog, porady, artyku\\u0142y - blog Skalnik\",\"url\":\"https:\\\/\\\/www.skalnik.pl\\\/blog\\\/\"},{\"@type\":\"Person\",\"@id\":\"https:\\\/\\\/www.skalnik.pl\\\/blog\\\/author\\\/beata-nawrotkiewicz\\\/#author\",\"url\":\"https:\\\/\\\/www.skalnik.pl\\\/blog\\\/author\\\/beata-nawrotkiewicz\\\/\",\"name\":\"Beata Nawrotkiewicz\",\"image\":{\"@type\":\"ImageObject\",\"@id\":\"https:\\\/\\\/www.skalnik.pl\\\/blog\\\/tatry-z-dziecmi-latwe-szlaki\\\/#authorImage\",\"url\":\"https:\\\/\\\/secure.gravatar.com\\\/avatar\\\/53cf81cfcc3a81694535515925ffcf159be725e8bd1fb455eeb9e2cadcaa5684?s=96&d=mm&r=g\",\"width\":96,\"height\":96,\"caption\":\"Beata Nawrotkiewicz\"}},{\"@type\":\"WebPage\",\"@id\":\"https:\\\/\\\/www.skalnik.pl\\\/blog\\\/tatry-z-dziecmi-latwe-szlaki\\\/#webpage\",\"url\":\"https:\\\/\\\/www.skalnik.pl\\\/blog\\\/tatry-z-dziecmi-latwe-szlaki\\\/\",\"name\":\"Tatry i Zakopane \\u2013 \\u0142atwe trasy z dzie\\u0107mi - blog Skalnik\",\"description\":\"\\u0141atwe szlaki w Tatrach dla dzieci w r\\u00f3\\u017cnym wieku. Od maluch\\u00f3w w w\\u00f3zkach, przez dzieci w noside\\u0142kach po kilkulatki same przemierzaj\\u0105ce szlaki.\",\"inLanguage\":\"pl-PL\",\"isPartOf\":{\"@id\":\"https:\\\/\\\/www.skalnik.pl\\\/blog\\\/#website\"},\"breadcrumb\":{\"@id\":\"https:\\\/\\\/www.skalnik.pl\\\/blog\\\/tatry-z-dziecmi-latwe-szlaki\\\/#breadcrumblist\"},\"author\":{\"@id\":\"https:\\\/\\\/www.skalnik.pl\\\/blog\\\/author\\\/beata-nawrotkiewicz\\\/#author\"},\"creator\":{\"@id\":\"https:\\\/\\\/www.skalnik.pl\\\/blog\\\/author\\\/beata-nawrotkiewicz\\\/#author\"},\"image\":{\"@type\":\"ImageObject\",\"url\":\"https:\\\/\\\/www.skalnik.pl\\\/blog\\\/wp-content\\\/uploads\\\/2021\\\/05\\\/grzes-glowne.jpg\",\"@id\":\"https:\\\/\\\/www.skalnik.pl\\\/blog\\\/tatry-z-dziecmi-latwe-szlaki\\\/#mainImage\",\"width\":1920,\"height\":705,\"caption\":\"ch\\u0142opiec siedzi ty\\u0142em i patrzy na panoram\\u0119 tatr zachodnich\"},\"primaryImageOfPage\":{\"@id\":\"https:\\\/\\\/www.skalnik.pl\\\/blog\\\/tatry-z-dziecmi-latwe-szlaki\\\/#mainImage\"},\"datePublished\":\"2026-05-08T07:35:00+02:00\",\"dateModified\":\"2026-05-19T12:06:39+02:00\"},{\"@type\":\"WebSite\",\"@id\":\"https:\\\/\\\/www.skalnik.pl\\\/blog\\\/#website\",\"url\":\"https:\\\/\\\/www.skalnik.pl\\\/blog\\\/\",\"name\":\"blog Skalnik\",\"description\":\"Blog, porady, artyku\\u0142y - blog Skalnik\",\"inLanguage\":\"pl-PL\",\"publisher\":{\"@id\":\"https:\\\/\\\/www.skalnik.pl\\\/blog\\\/#organization\"}}]}\n\t\t<\/script>\n\t\t<!-- All in One SEO -->\n\n","aioseo_head_json":{"title":"Tatry i Zakopane \u2013 \u0142atwe trasy z dzie\u0107mi - blog Skalnik","description":"\u0141atwe szlaki w Tatrach dla dzieci w r\u00f3\u017cnym wieku. Od maluch\u00f3w w w\u00f3zkach, przez dzieci w noside\u0142kach po kilkulatki same przemierzaj\u0105ce szlaki.","canonical_url":"https:\/\/www.skalnik.pl\/blog\/tatry-z-dziecmi-latwe-szlaki\/","robots":"max-image-preview:large","keywords":"","webmasterTools":{"miscellaneous":""},"schema":{"@context":"https:\/\/schema.org","@graph":[{"@type":"BlogPosting","@id":"https:\/\/www.skalnik.pl\/blog\/tatry-z-dziecmi-latwe-szlaki\/#blogposting","name":"Tatry i Zakopane \u2013 \u0142atwe trasy z dzie\u0107mi - blog Skalnik","headline":"Tatry i Zakopane \u2013 \u0142atwe trasy z dzie\u0107mi","author":{"@id":"https:\/\/www.skalnik.pl\/blog\/author\/beata-nawrotkiewicz\/#author"},"publisher":{"@id":"https:\/\/www.skalnik.pl\/blog\/#organization"},"image":{"@type":"ImageObject","url":"https:\/\/www.skalnik.pl\/blog\/wp-content\/uploads\/2021\/05\/grzes-glowne.jpg","width":1920,"height":705,"caption":"ch\u0142opiec siedzi ty\u0142em i patrzy na panoram\u0119 tatr zachodnich"},"datePublished":"2026-05-08T07:35:00+02:00","dateModified":"2026-05-19T12:06:39+02:00","inLanguage":"pl-PL","mainEntityOfPage":{"@id":"https:\/\/www.skalnik.pl\/blog\/tatry-z-dziecmi-latwe-szlaki\/#webpage"},"isPartOf":{"@id":"https:\/\/www.skalnik.pl\/blog\/tatry-z-dziecmi-latwe-szlaki\/#webpage"},"articleSection":"Pasja, dziecko w g\u00f3rach, tatry"},{"@type":"BreadcrumbList","@id":"https:\/\/www.skalnik.pl\/blog\/tatry-z-dziecmi-latwe-szlaki\/#breadcrumblist","itemListElement":[{"@type":"ListItem","@id":"https:\/\/www.skalnik.pl\/blog#listItem","position":1,"name":"Home","item":"https:\/\/www.skalnik.pl\/blog","nextItem":{"@type":"ListItem","@id":"https:\/\/www.skalnik.pl\/blog\/.\/pasja\/#listItem","name":"Pasja"}},{"@type":"ListItem","@id":"https:\/\/www.skalnik.pl\/blog\/.\/pasja\/#listItem","position":2,"name":"Pasja","item":"https:\/\/www.skalnik.pl\/blog\/.\/pasja\/","nextItem":{"@type":"ListItem","@id":"https:\/\/www.skalnik.pl\/blog\/tatry-z-dziecmi-latwe-szlaki\/#listItem","name":"Tatry i Zakopane \u2013 \u0142atwe trasy z dzie\u0107mi"},"previousItem":{"@type":"ListItem","@id":"https:\/\/www.skalnik.pl\/blog#listItem","name":"Home"}},{"@type":"ListItem","@id":"https:\/\/www.skalnik.pl\/blog\/tatry-z-dziecmi-latwe-szlaki\/#listItem","position":3,"name":"Tatry i Zakopane \u2013 \u0142atwe trasy z dzie\u0107mi","previousItem":{"@type":"ListItem","@id":"https:\/\/www.skalnik.pl\/blog\/.\/pasja\/#listItem","name":"Pasja"}}]},{"@type":"Organization","@id":"https:\/\/www.skalnik.pl\/blog\/#organization","name":"blog Skalnik","description":"Blog, porady, artyku\u0142y - blog Skalnik","url":"https:\/\/www.skalnik.pl\/blog\/"},{"@type":"Person","@id":"https:\/\/www.skalnik.pl\/blog\/author\/beata-nawrotkiewicz\/#author","url":"https:\/\/www.skalnik.pl\/blog\/author\/beata-nawrotkiewicz\/","name":"Beata Nawrotkiewicz","image":{"@type":"ImageObject","@id":"https:\/\/www.skalnik.pl\/blog\/tatry-z-dziecmi-latwe-szlaki\/#authorImage","url":"https:\/\/secure.gravatar.com\/avatar\/53cf81cfcc3a81694535515925ffcf159be725e8bd1fb455eeb9e2cadcaa5684?s=96&d=mm&r=g","width":96,"height":96,"caption":"Beata Nawrotkiewicz"}},{"@type":"WebPage","@id":"https:\/\/www.skalnik.pl\/blog\/tatry-z-dziecmi-latwe-szlaki\/#webpage","url":"https:\/\/www.skalnik.pl\/blog\/tatry-z-dziecmi-latwe-szlaki\/","name":"Tatry i Zakopane \u2013 \u0142atwe trasy z dzie\u0107mi - blog Skalnik","description":"\u0141atwe szlaki w Tatrach dla dzieci w r\u00f3\u017cnym wieku. Od maluch\u00f3w w w\u00f3zkach, przez dzieci w noside\u0142kach po kilkulatki same przemierzaj\u0105ce szlaki.","inLanguage":"pl-PL","isPartOf":{"@id":"https:\/\/www.skalnik.pl\/blog\/#website"},"breadcrumb":{"@id":"https:\/\/www.skalnik.pl\/blog\/tatry-z-dziecmi-latwe-szlaki\/#breadcrumblist"},"author":{"@id":"https:\/\/www.skalnik.pl\/blog\/author\/beata-nawrotkiewicz\/#author"},"creator":{"@id":"https:\/\/www.skalnik.pl\/blog\/author\/beata-nawrotkiewicz\/#author"},"image":{"@type":"ImageObject","url":"https:\/\/www.skalnik.pl\/blog\/wp-content\/uploads\/2021\/05\/grzes-glowne.jpg","@id":"https:\/\/www.skalnik.pl\/blog\/tatry-z-dziecmi-latwe-szlaki\/#mainImage","width":1920,"height":705,"caption":"ch\u0142opiec siedzi ty\u0142em i patrzy na panoram\u0119 tatr zachodnich"},"primaryImageOfPage":{"@id":"https:\/\/www.skalnik.pl\/blog\/tatry-z-dziecmi-latwe-szlaki\/#mainImage"},"datePublished":"2026-05-08T07:35:00+02:00","dateModified":"2026-05-19T12:06:39+02:00"},{"@type":"WebSite","@id":"https:\/\/www.skalnik.pl\/blog\/#website","url":"https:\/\/www.skalnik.pl\/blog\/","name":"blog Skalnik","description":"Blog, porady, artyku\u0142y - blog Skalnik","inLanguage":"pl-PL","publisher":{"@id":"https:\/\/www.skalnik.pl\/blog\/#organization"}}]},"og:locale":"pl_PL","og:site_name":"blog Skalnik - Blog, porady, artyku\u0142y - blog Skalnik","og:type":"article","og:title":"Tatry i Zakopane \u2013 \u0142atwe trasy z dzie\u0107mi - blog Skalnik","og:description":"\u0141atwe szlaki w Tatrach dla dzieci w r\u00f3\u017cnym wieku. Od maluch\u00f3w w w\u00f3zkach, przez dzieci w noside\u0142kach po kilkulatki same przemierzaj\u0105ce szlaki.","og:url":"https:\/\/www.skalnik.pl\/blog\/tatry-z-dziecmi-latwe-szlaki\/","og:image":"https:\/\/skalnik.pl\/blog\/wp-content\/uploads\/2021\/05\/moko.jpg","og:image:secure_url":"https:\/\/skalnik.pl\/blog\/wp-content\/uploads\/2021\/05\/moko.jpg","article:tag":["pasja","dziecko w g\u00f3rach","tatry"],"article:published_time":"2026-05-08T05:35:00+00:00","article:modified_time":"2026-05-19T10:06:39+00:00","twitter:card":"summary_large_image","twitter:title":"Tatry i Zakopane \u2013 \u0142atwe trasy z dzie\u0107mi - blog Skalnik","twitter:description":"\u0141atwe szlaki w Tatrach dla dzieci w r\u00f3\u017cnym wieku. Od maluch\u00f3w w w\u00f3zkach, przez dzieci w noside\u0142kach po kilkulatki same przemierzaj\u0105ce szlaki.","twitter:image":"https:\/\/skalnik.pl\/blog\/wp-content\/uploads\/2021\/05\/moko.jpg"},"aioseo_meta_data":{"post_id":"16856","title":null,"description":"\u0141atwe szlaki w Tatrach dla dzieci w r\u00f3\u017cnym wieku. Od maluch\u00f3w w w\u00f3zkach, przez dzieci w noside\u0142kach po kilkulatki same przemierzaj\u0105ce szlaki.","keywords":null,"keyphrases":{"focus":{"keyphrase":"","score":0,"analysis":{"keyphraseInTitle":{"score":0,"maxScore":9,"error":1}}},"additional":[]},"primary_term":null,"canonical_url":null,"og_title":null,"og_description":null,"og_object_type":"default","og_image_type":"default","og_image_url":null,"og_image_width":null,"og_image_height":null,"og_image_custom_url":null,"og_image_custom_fields":null,"og_video":"","og_custom_url":null,"og_article_section":null,"og_article_tags":null,"twitter_use_og":false,"twitter_card":"default","twitter_image_type":"default","twitter_image_url":null,"twitter_image_custom_url":null,"twitter_image_custom_fields":null,"twitter_title":null,"twitter_description":null,"schema":{"blockGraphs":[],"customGraphs":[],"default":{"data":{"Article":[],"Course":[],"Dataset":[],"FAQPage":[],"Movie":[],"Person":[],"Product":[],"ProductReview":[],"Car":[],"Recipe":[],"Service":[],"SoftwareApplication":[],"WebPage":[]},"graphName":"BlogPosting","isEnabled":true},"graphs":[]},"schema_type":"default","schema_type_options":null,"pillar_content":false,"robots_default":true,"robots_noindex":false,"robots_noarchive":false,"robots_nosnippet":false,"robots_nofollow":false,"robots_noimageindex":false,"robots_noodp":false,"robots_notranslate":false,"robots_max_snippet":"-1","robots_max_videopreview":"-1","robots_max_imagepreview":"large","priority":null,"frequency":"default","local_seo":null,"breadcrumb_settings":null,"limit_modified_date":false,"ai":{"faqs":[],"keyPoints":[],"titles":[],"descriptions":[],"socialPosts":{"email":[],"linkedin":[],"twitter":[],"facebook":[],"instagram":[]}},"created":"2022-08-26 10:35:28","updated":"2026-05-19 10:11:48","seo_analyzer_scan_date":null},"aioseo_breadcrumb":"<div class=\"aioseo-breadcrumbs\"><span class=\"aioseo-breadcrumb\">\n\t\t\t<a href=\"https:\/\/www.skalnik.pl\/blog\" title=\"Home\">Home<\/a>\n\t\t<\/span><span class=\"aioseo-breadcrumb-separator\">&raquo;<\/span><span class=\"aioseo-breadcrumb\">\n\t\t\t<a href=\"https:\/\/www.skalnik.pl\/blog\/.\/pasja\/\" title=\"Pasja\">Pasja<\/a>\n\t\t<\/span><span class=\"aioseo-breadcrumb-separator\">&raquo;<\/span><span class=\"aioseo-breadcrumb\">\n\t\t\tTatry i Zakopane \u2013 \u0142atwe trasy z dzie\u0107mi\n\t\t<\/span><\/div>","aioseo_breadcrumb_json":[{"label":"Home","link":"https:\/\/www.skalnik.pl\/blog"},{"label":"Pasja","link":"https:\/\/www.skalnik.pl\/blog\/.\/pasja\/"},{"label":"Tatry i Zakopane \u2013 \u0142atwe trasy z dzie\u0107mi","link":"https:\/\/www.skalnik.pl\/blog\/tatry-z-dziecmi-latwe-szlaki\/"}],"_links":{"self":[{"href":"https:\/\/www.skalnik.pl\/blog\/wp-json\/wp\/v2\/posts\/16856","targetHints":{"allow":["GET"]}}],"collection":[{"href":"https:\/\/www.skalnik.pl\/blog\/wp-json\/wp\/v2\/posts"}],"about":[{"href":"https:\/\/www.skalnik.pl\/blog\/wp-json\/wp\/v2\/types\/post"}],"author":[{"embeddable":true,"href":"https:\/\/www.skalnik.pl\/blog\/wp-json\/wp\/v2\/users\/9"}],"replies":[{"embeddable":true,"href":"https:\/\/www.skalnik.pl\/blog\/wp-json\/wp\/v2\/comments?post=16856"}],"version-history":[{"count":12,"href":"https:\/\/www.skalnik.pl\/blog\/wp-json\/wp\/v2\/posts\/16856\/revisions"}],"predecessor-version":[{"id":27893,"href":"https:\/\/www.skalnik.pl\/blog\/wp-json\/wp\/v2\/posts\/16856\/revisions\/27893"}],"wp:featuredmedia":[{"embeddable":true,"href":"https:\/\/www.skalnik.pl\/blog\/wp-json\/wp\/v2\/media\/16878"}],"wp:attachment":[{"href":"https:\/\/www.skalnik.pl\/blog\/wp-json\/wp\/v2\/media?parent=16856"}],"wp:term":[{"taxonomy":"category","embeddable":true,"href":"https:\/\/www.skalnik.pl\/blog\/wp-json\/wp\/v2\/categories?post=16856"},{"taxonomy":"post_tag","embeddable":true,"href":"https:\/\/www.skalnik.pl\/blog\/wp-json\/wp\/v2\/tags?post=16856"},{"taxonomy":"magento_category","embeddable":true,"href":"https:\/\/www.skalnik.pl\/blog\/wp-json\/wp\/v2\/magento_category?post=16856"},{"taxonomy":"magento_product","embeddable":true,"href":"https:\/\/www.skalnik.pl\/blog\/wp-json\/wp\/v2\/magento_product?post=16856"}],"curies":[{"name":"wp","href":"https:\/\/api.w.org\/{rel}","templated":true}]}}