{"id":16985,"date":"2021-06-18T09:52:00","date_gmt":"2021-06-18T07:52:00","guid":{"rendered":"https:\/\/skalnik.pl\/blog\/?p=16985"},"modified":"2021-08-09T12:00:42","modified_gmt":"2021-08-09T10:00:42","slug":"co-wziac-na-biwak","status":"publish","type":"post","link":"https:\/\/www.skalnik.pl\/blog\/co-wziac-na-biwak\/","title":{"rendered":"Co wzi\u0105\u0107 na biwak"},"content":{"rendered":"\n<p><strong>Przed wyjazdem trzeba zada\u0107 sobie jedno bardzo, ale to bardzo wa\u017cne pytanie: co chcesz zabra\u0107 na biwak? A potem to zabra\u0107. Niestety, nie jest to takie proste, bo niepo\u017c\u0105dane jest noszenie czego\u015b zb\u0119dnego, a z drugiej strony nie mo\u017ce niczego zabrakn\u0105\u0107.<\/strong><\/p>\n\n\n\n<p>Jak wi\u0119c sobie z tym radzi\u0107? Co zabra\u0107 na biwak i jak to wszystko spakowa\u0107 do plecaka? Od czego zacz\u0105\u0107? Mam na to sw\u00f3j spos\u00f3b! Warto zacz\u0105\u0107 od stworzenia listy!<\/p>\n\n\n\n<div id=\"ez-toc-container\" class=\"ez-toc-v2_0_85 counter-hierarchy ez-toc-counter ez-toc-light-blue ez-toc-container-direction\">\n<div class=\"ez-toc-title-container\">\n<p class=\"ez-toc-title\" style=\"cursor:inherit\">SPIS TRE\u015aCI <\/p>\n<span class=\"ez-toc-title-toggle\"><a href=\"#\" class=\"ez-toc-pull-right ez-toc-btn ez-toc-btn-xs ez-toc-btn-default ez-toc-toggle\" aria-label=\"Prze\u0142\u0105cznik Spisu Tre\u015bci\"><span class=\"ez-toc-js-icon-con\"><span class=\"\"><span class=\"eztoc-hide\" style=\"display:none;\">Toggle<\/span><span class=\"ez-toc-icon-toggle-span\"><svg style=\"fill: #999;color:#999\" xmlns=\"http:\/\/www.w3.org\/2000\/svg\" class=\"list-377408\" width=\"20px\" height=\"20px\" viewBox=\"0 0 24 24\" fill=\"none\"><path d=\"M6 6H4v2h2V6zm14 0H8v2h12V6zM4 11h2v2H4v-2zm16 0H8v2h12v-2zM4 16h2v2H4v-2zm16 0H8v2h12v-2z\" fill=\"currentColor\"><\/path><\/svg><svg style=\"fill: #999;color:#999\" class=\"arrow-unsorted-368013\" xmlns=\"http:\/\/www.w3.org\/2000\/svg\" width=\"10px\" height=\"10px\" viewBox=\"0 0 24 24\" version=\"1.2\" baseProfile=\"tiny\"><path d=\"M18.2 9.3l-6.2-6.3-6.2 6.3c-.2.2-.3.4-.3.7s.1.5.3.7c.2.2.4.3.7.3h11c.3 0 .5-.1.7-.3.2-.2.3-.5.3-.7s-.1-.5-.3-.7zM5.8 14.7l6.2 6.3 6.2-6.3c.2-.2.3-.5.3-.7s-.1-.5-.3-.7c-.2-.2-.4-.3-.7-.3h-11c-.3 0-.5.1-.7.3-.2.2-.3.5-.3.7s.1.5.3.7z\"\/><\/svg><\/span><\/span><\/span><\/a><\/span><\/div>\n<nav><ul class='ez-toc-list ez-toc-list-level-1 ' ><li class='ez-toc-page-1 ez-toc-heading-level-2'><a class=\"ez-toc-link ez-toc-heading-1\" href=\"https:\/\/www.skalnik.pl\/blog\/co-wziac-na-biwak\/#Czego_bedziemy_potrzebowac_na_biwaku\" >Czego b\u0119dziemy potrzebowa\u0107 na biwaku?<\/a><\/li><li class='ez-toc-page-1 ez-toc-heading-level-2'><a class=\"ez-toc-link ez-toc-heading-2\" href=\"https:\/\/www.skalnik.pl\/blog\/co-wziac-na-biwak\/#Obowiazkowa_lista_rzeczy_na_biwak\" >Obowi\u0105zkowa lista rzeczy na biwak<\/a><\/li><li class='ez-toc-page-1 ez-toc-heading-level-2'><a class=\"ez-toc-link ez-toc-heading-3\" href=\"https:\/\/www.skalnik.pl\/blog\/co-wziac-na-biwak\/#Odziez_w_gory_i_na_biwak\" >Odzie\u017c w g\u00f3ry i na biwak<\/a><\/li><li class='ez-toc-page-1 ez-toc-heading-level-2'><a class=\"ez-toc-link ez-toc-heading-4\" href=\"https:\/\/www.skalnik.pl\/blog\/co-wziac-na-biwak\/#Izolacja_%E2%80%93_cieple_ubrania\" >Izolacja &#8211; ciep\u0142e ubrania<\/a><\/li><li class='ez-toc-page-1 ez-toc-heading-level-2'><a class=\"ez-toc-link ez-toc-heading-5\" href=\"https:\/\/www.skalnik.pl\/blog\/co-wziac-na-biwak\/#Kuchnia_turystyczna\" >Kuchnia turystyczna<\/a><\/li><li class='ez-toc-page-1 ez-toc-heading-level-2'><a class=\"ez-toc-link ez-toc-heading-6\" href=\"https:\/\/www.skalnik.pl\/blog\/co-wziac-na-biwak\/#Drobiazgi\" >Drobiazgi<\/a><\/li><li class='ez-toc-page-1 ez-toc-heading-level-2'><a class=\"ez-toc-link ez-toc-heading-7\" href=\"https:\/\/www.skalnik.pl\/blog\/co-wziac-na-biwak\/#Apteczka_pierwszej_pomocy\" >Apteczka pierwszej pomocy<\/a><\/li><li class='ez-toc-page-1 ez-toc-heading-level-2'><a class=\"ez-toc-link ez-toc-heading-8\" href=\"https:\/\/www.skalnik.pl\/blog\/co-wziac-na-biwak\/#Kosmetyczka_turystyczna\" >Kosmetyczka turystyczna<\/a><\/li><li class='ez-toc-page-1 ez-toc-heading-level-2'><a class=\"ez-toc-link ez-toc-heading-9\" href=\"https:\/\/www.skalnik.pl\/blog\/co-wziac-na-biwak\/#Survival\" >Survival<\/a><\/li><li class='ez-toc-page-1 ez-toc-heading-level-2'><a class=\"ez-toc-link ez-toc-heading-10\" href=\"https:\/\/www.skalnik.pl\/blog\/co-wziac-na-biwak\/#Nocleg_w_terenie\" >Nocleg w terenie<\/a><\/li><li class='ez-toc-page-1 ez-toc-heading-level-2'><a class=\"ez-toc-link ez-toc-heading-11\" href=\"https:\/\/www.skalnik.pl\/blog\/co-wziac-na-biwak\/#Plecak_i_organizacja\" >Plecak i organizacja<\/a><\/li><li class='ez-toc-page-1 ez-toc-heading-level-2'><a class=\"ez-toc-link ez-toc-heading-12\" href=\"https:\/\/www.skalnik.pl\/blog\/co-wziac-na-biwak\/#Nieoczywiste_rzeczy_przydatne_na_biwaku\" >Nieoczywiste rzeczy przydatne na biwaku<\/a><\/li><li class='ez-toc-page-1 ez-toc-heading-level-2'><a class=\"ez-toc-link ez-toc-heading-13\" href=\"https:\/\/www.skalnik.pl\/blog\/co-wziac-na-biwak\/#Co_zabrac_na_biwak_harcerski\" >Co zabra\u0107 na biwak harcerski?<\/a><\/li><\/ul><\/nav><\/div>\n<h2 class=\"wp-block-heading\"><span class=\"ez-toc-section\" id=\"Czego_bedziemy_potrzebowac_na_biwaku\"><\/span><strong>Czego b\u0119dziemy potrzebowa\u0107 na biwaku?<\/strong><span class=\"ez-toc-section-end\"><\/span><\/h2>\n\n\n\n<p>Najpierw wyja\u015bnijmy, co rozumiemy przez biwak. Chodzi o nocowanie pod namiotem, b\u0105d\u017a alternatywny nocleg w terenie. W ka\u017cdym spisie niezb\u0119dnych rzeczy jest pewien trzon, kt\u00f3ry b\u0119dzie wsp\u00f3lny dla wszystkich. Opr\u00f3cz niego s\u0105 przedmioty, kt\u00f3re ka\u017cdy powinien dobra\u0107 dla siebie, takie jak: sk\u0142ad apteczki, ilo\u015b\u0107 ciep\u0142ych ubra\u0144 czy konieczno\u015b\u0107 posiadani poduszki.<\/p>\n\n\n\n<p>Postaram si\u0119 opisa\u0107 mo\u017cliwie uniwersalny zestaw i sprzeda\u0107 par\u0119 swoich patent\u00f3w. Jako przyk\u0142ad wyjazdu b\u0119d\u0119 traktowa\u0107 wyjazd w ciep\u0142ym okresie \u2013 p\u00f3\u017ana wiosna, lato, jesie\u0144. Wspomn\u0119 r\u00f3wnie\u017c o biwaku harcerskim, bo taka lista ma par\u0119 dodatkowych punkt\u00f3w.<\/p>\n\n\n\n<p><span class=\"has-inline-color has-vivid-cyan-blue-color\">Nie tylko namiot! <a href=\"https:\/\/skalnik.pl\/blog\/wiating-i-tarp-alternatywa-dla-namiotow\/\" target=\"_blank\" rel=\"noreferrer noopener\"><strong>Kliknij tutaj<\/strong><\/a> i poznaj inne metody biwakowania!<\/span><\/p>\n\n\n\n<h2 class=\"wp-block-heading\"><span class=\"ez-toc-section\" id=\"Obowiazkowa_lista_rzeczy_na_biwak\"><\/span>Obowi\u0105zkowa lista rzeczy na biwak<span class=\"ez-toc-section-end\"><\/span><\/h2>\n\n\n\n<p>Ca\u0142o\u015b\u0107 swojego ekwipunku zawsze dziel\u0119 na kategorie. \u0141atwiej jest przypilnowa\u0107 10 rzeczy z danej dzia\u0142ki, ni\u017c pami\u0119ta\u0107, \u017ce do zabrania jest 68 przedmiot\u00f3w. Dodatkowo ca\u0142e kategorie pakuj\u0119 do jednego wora, bo przedmioty z niej potrzebne s\u0105 r\u00f3wnocze\u015bnie. Ekwipunek na biwak zwykle dziel\u0119 na:<\/p>\n\n\n\n<ul class=\"wp-block-list\"><li>ubrania,<\/li><li>ubrania ciep\u0142e (izolacja),<\/li><li>gotowanie,<\/li><li>drobiazgi,<\/li><li>apteczka pierwszej pomocy,<\/li><li>kosmetyczka,<\/li><li>spanie,<\/li><li>plecak i organizacja.<\/li><\/ul>\n\n\n\n<p>Podzia\u0142 jest dosy\u0107 szczeg\u00f3\u0142owy, ale u\u0142atwia mi to pakowanie. \u015amia\u0142o mo\u017cna po\u0142\u0105czy\u0107 par\u0119 kategorii w jedn\u0105, je\u015bli b\u0119dzie to dla Was wygodniejsze. Ostatecznie to Wy decydujecie, co wzi\u0105\u0107 na biwak.<\/p>\n\n\n\n<div class=\"wp-block-image\"><figure class=\"aligncenter size-large\"><img loading=\"lazy\" decoding=\"async\" width=\"1024\" height=\"683\" src=\"https:\/\/skalnik.pl\/blog\/wp-content\/uploads\/2021\/06\/biwakowanie-pod-namiotem-patrick-hendry-unsplash.jpg\" alt=\"\" class=\"wp-image-16995\" srcset=\"https:\/\/www.skalnik.pl\/blog\/wp-content\/uploads\/2021\/06\/biwakowanie-pod-namiotem-patrick-hendry-unsplash.jpg 1024w, https:\/\/www.skalnik.pl\/blog\/wp-content\/uploads\/2021\/06\/biwakowanie-pod-namiotem-patrick-hendry-unsplash-300x200.jpg 300w, https:\/\/www.skalnik.pl\/blog\/wp-content\/uploads\/2021\/06\/biwakowanie-pod-namiotem-patrick-hendry-unsplash-768x512.jpg 768w\" sizes=\"auto, (max-width: 1024px) 100vw, 1024px\" \/><figcaption><em>Biwak pod namiotem b\u0119dzie komfortowy, gdy zabierzesz ca\u0142y niezb\u0119dny ekwipunek. <\/em><br><em>(fot. Patrick Hendry, Unsplash)<\/em><\/figcaption><\/figure><\/div>\n\n\n\n<h2 class=\"wp-block-heading\"><span class=\"ez-toc-section\" id=\"Odziez_w_gory_i_na_biwak\"><\/span>Odzie\u017c w g\u00f3ry i na biwak<span class=\"ez-toc-section-end\"><\/span><\/h2>\n\n\n\n<p>Zabieram ze sob\u0105 zazwyczaj podobny zestaw sk\u0142adaj\u0105cy si\u0119 z koszulek, bielizny i skarpet. Gdy spodziewam si\u0119 ch\u0142odniejszych moment\u00f3w dorzucam jeszcze kalesony. Wszystkie inne cieplejsze ciuchy kwalifikuj\u0119 jako \u201eizolacja\u201d.<br><br>Najcz\u0119\u015bciej mam dwa typy koszulek \u2013 z d\u0142ugim i z kr\u00f3tkim r\u0119kawem. W jednej \u015bpi\u0119, w drugiej chodz\u0119 \u2013 o tym kt\u00f3ra jest do czego decyduje pogoda. Najwa\u017cniejsze jest to, \u017ce zawsze s\u0105 to koszulki szybkoschn\u0105ce. Bawe\u0142nie m\u00f3wi\u0119 nie! Cho\u0107 inne w\u0142\u00f3kna naturalne na biwaku sprawdzaj\u0105 si\u0119 dobrze, szczeg\u00f3lnie we\u0142na merynosa, wybieram te materia\u0142y, kt\u00f3re szybko s\u0105 suche. Na wyjazdach cz\u0119sto nosz\u0119 d\u0142ugi r\u0119kaw, nawet jak jest ciep\u0142o, \u017ceby ochroni\u0107 sk\u00f3r\u0119 przed s\u0142o\u0144cem.<\/p>\n\n\n\n<p>Podobnie jest zreszt\u0105 z innymi elementami \u2013 wszystko jest dostosowane do warunk\u00f3w panuj\u0105cych na szlaku \u2013 oddycha dobrze, schnie szybko. To wa\u017cne w przypadku d\u0142u\u017cszych wyjazd\u00f3w, bo pranie i suszenie zajmuje tylko par\u0119 chwil.<\/p>\n\n\n\n<h2 class=\"wp-block-heading\"><span class=\"ez-toc-section\" id=\"Izolacja_%E2%80%93_cieple_ubrania\"><\/span><strong>Izolacja &#8211; ciep\u0142e ubrania<\/strong><span class=\"ez-toc-section-end\"><\/span><\/h2>\n\n\n\n<p>Metoda <em>na cebulk\u0119<\/em> jest wed\u0142ug mnie najlepsza, wi\u0119c mam kilka cienkich warstw, kt\u00f3re mog\u0119 ze sob\u0105 odpowiednio do warunk\u00f3w komponowa\u0107. Id\u0105c \u201eod cia\u0142a\u201d jest to:<\/p>\n\n\n\n<ol class=\"wp-block-list\"><li>koszulka termoaktywna<\/li><li>polar\/polary<\/li><li>softshell\/wiatr\u00f3wka<\/li><li>kurtka przeciwdeszczowa<\/li><\/ol>\n\n\n\n<p>Poza tym elementy, bez kt\u00f3rych nigdzie si\u0119 nie ruszam, to czapka i chusta wielofunkcyjna. Chusty wielofunkcyjne bardzo cz\u0119sto mam dwie &#8211; jedn\u0105 na szyj\u0119, drug\u0105 na g\u0142ow\u0119 lub r\u0119k\u0119. Oddycha lepiej ni\u017c czapka, a chroni przed wiatrem. Nie zawsze, ale cz\u0119sto, zabieram te\u017c cienkie r\u0119kawiczki. Przydaj\u0105 si\u0119 do ochrony przed wiatrem, czy na ch\u0142odniejsze wieczory.<\/p>\n\n\n\n<p>Nie zobaczycie u mnie grubych polar\u00f3w, czy ocieplanych kurtek z membran\u0105. Wol\u0119 zabra\u0107 dwa cienkie polary i lekkiego hardshella, a nast\u0119pnie zak\u0142ada\u0107 i \u015bci\u0105ga\u0107 ka\u017cdy element kilka razy w ci\u0105gu dnia. Biwakowanie w lesie ma to do siebie, \u017ce amplituda temperatur jest du\u017ca. Dlatego warto modyfikowa\u0107 grubo\u015b\u0107 ubioru zale\u017cnie od godziny. Tego <a href=\"https:\/\/skalnik.pl\/blog\/gramatura-polaru-jaki-polar-wybrac\/\" target=\"_blank\" rel=\"noreferrer noopener\"><strong>jaki polar wybra\u0107<\/strong><\/a> dowiecie si\u0119 z klikaj\u0105c link w tym zdaniu. Teraz tylko kr\u00f3tkie podsumowanie \u2013 lepiej jest wzi\u0105\u0107 co\u015b dobrego, o bardziej zaawansowanej konstrukcji: Polartec Alpha lub Polartec Power Grid. Wtedy z tej samej cienkiej warstwy mo\u017cna wycisn\u0105\u0107 wi\u0119cej ciep\u0142a.<\/p>\n\n\n\n<h2 class=\"wp-block-heading\"><span class=\"ez-toc-section\" id=\"Kuchnia_turystyczna\"><\/span>Kuchnia turystyczna<span class=\"ez-toc-section-end\"><\/span><\/h2>\n\n\n\n<p>Najwa\u017cniejszy jest zestaw naczy\u0144 \u2013 w zale\u017cno\u015bci od formu\u0142y wyjazdu jest on ograniczany do samego kubka, lub rozbudowany do patelni, mena\u017cki z talerzem i kubka. Czasami lubi\u0119 dobrze podje\u015b\u0107 (kto nie lubi?!), wi\u0119c zabieram sporo element\u00f3w. Gdy liczy si\u0119 waga potrafi\u0119 jednak korzysta\u0107 tylko z kubka \u2013 z niego jem, pij\u0119 herbat\u0119, w nim gotuj\u0119 wod\u0119.<\/p>\n\n\n\n<p>Podobne rozterki s\u0105 przy wyborze palnika. Gdy jestem na biwaku, gdzie nie musz\u0119 du\u017co chodzi\u0107 i mog\u0119 pozwoli\u0107 sobie na luksus, to bior\u0119 du\u017cy palnik, lub nawet ca\u0142\u0105 kuchenk\u0119 turystyczn\u0105 typu Jetboil. Jednak je\u015bli chc\u0119 podr\u00f3\u017cowa\u0107 na lekko, wystarcza mi minimalistyczny palnik z p\u0142omieniem \u015bwiecowym.<\/p>\n\n\n\n<p><span class=\"has-inline-color has-vivid-cyan-blue-color\">Zobacz <a href=\"https:\/\/skalnik.pl\/sprzet-turystyczny\/camping\/camping-kuchenki\" target=\"_blank\" rel=\"noreferrer noopener\"><strong>kuchenki turystyczne<\/strong><\/a> z naszej oferty. <\/span><\/p>\n\n\n\n<div class=\"wp-block-image\"><figure class=\"aligncenter size-large\"><img loading=\"lazy\" decoding=\"async\" width=\"1024\" height=\"683\" src=\"https:\/\/skalnik.pl\/blog\/wp-content\/uploads\/2021\/06\/Kuchnia-turystyczna-kuchenka-sage-friedman-unsplash.jpg\" alt=\"kuchenka turystyczna garnek turystyczny\" class=\"wp-image-16990\" srcset=\"https:\/\/www.skalnik.pl\/blog\/wp-content\/uploads\/2021\/06\/Kuchnia-turystyczna-kuchenka-sage-friedman-unsplash.jpg 1024w, https:\/\/www.skalnik.pl\/blog\/wp-content\/uploads\/2021\/06\/Kuchnia-turystyczna-kuchenka-sage-friedman-unsplash-300x200.jpg 300w, https:\/\/www.skalnik.pl\/blog\/wp-content\/uploads\/2021\/06\/Kuchnia-turystyczna-kuchenka-sage-friedman-unsplash-768x512.jpg 768w\" sizes=\"auto, (max-width: 1024px) 100vw, 1024px\" \/><figcaption><em>D\u0142ugo\u015b\u0107 wyjazdu z biwakiem i liczba os\u00f3b cz\u0119sto decyduje o wyposa\u017ceniu turystycznej kuchni. <\/em><br><em>(fot. Sage Friedman, Unsplash) <\/em><\/figcaption><\/figure><\/div>\n\n\n\n<h2 class=\"wp-block-heading\"><span class=\"ez-toc-section\" id=\"Drobiazgi\"><\/span>Drobiazgi<span class=\"ez-toc-section-end\"><\/span><\/h2>\n\n\n\n<p>Nie wiem jak kwalifikowa\u0107 te rzeczy, wi\u0119c s\u0105 wrzucone wszystkie do jednej puli. Dla mnie jest to: portfel, telefon, \u0142adowarka z kablem, powerbank, zapasowe baterie do czo\u0142\u00f3wki, czo\u0142\u00f3wka. Portfel cz\u0119sto zamieniam na worek strunowy, bo i tak nie u\u017cywam go za cz\u0119sto na biwaku w lesie.<\/p>\n\n\n\n<h2 class=\"wp-block-heading\"><span class=\"ez-toc-section\" id=\"Apteczka_pierwszej_pomocy\"><\/span><strong>Apteczka <\/strong><strong>pierwszej pomocy<\/strong><span class=\"ez-toc-section-end\"><\/span><\/h2>\n\n\n\n<p>Niezb\u0119dna i bardzo wa\u017cna rzecz. Kr\u00f3tko odpowiadaj\u0105c na pytanie, co spakowa\u0107 na biwak, je\u015bli chodzi o apteczk\u0119 \u2013 odpowiem, \u017ce niezb\u0119dny jest zestaw plastr\u00f3w i podstawowych opatrunk\u00f3w. Przydaje si\u0119 folia NRC i banda\u017ce elastyczne. Odsy\u0142am jednak do osobnego tekstu, bo to sprawa, kt\u00f3rej warto po\u015bwi\u0119ci\u0107 wi\u0119cej uwagi.<\/p>\n\n\n\n<iframe loading=\"lazy\" src=\"https:\/\/www.youtube.com\/embed\/qSbBGvWJSfk\" title=\"YouTube video player\" allow=\"accelerometer; autoplay; clipboard-write; encrypted-media; gyroscope; picture-in-picture\" allowfullscreen=\"\" width=\"880\" height=\"442\" frameborder=\"0\"><\/iframe>\n\n\n\n<h2 class=\"wp-block-heading\"><span class=\"ez-toc-section\" id=\"Kosmetyczka_turystyczna\"><\/span>Kosmetyczka turystyczna<span class=\"ez-toc-section-end\"><\/span><\/h2>\n\n\n\n<p>W samej kosmetyczce nie potrzebuj\u0119 wiele, wi\u0119c kwalifikuj\u0119 tutaj te\u017c r\u0119cznik czy papier toaletowy. Ta kategoria jest nieco jak apteczka \u2013 ka\u017cdy musi skomponowa\u0107 j\u0105 sam. Na pewno, w ka\u017cdym zestawie znajdzie si\u0119 szczoteczka, pasta do z\u0119b\u00f3w i myd\u0142o. To ostatnie mo\u017cna kupi\u0107 w wygodnych listkach.<br><br>Na d\u0142u\u017csze wyjazdy polecam zabra\u0107 obcinaczki do paznokci i patyczki higieniczne. Z\u0142amany paznokie\u0107 powoduje mas\u0119 problem\u00f3w, wi\u0119c dobrze jest mie\u0107 co\u015b czym go szybko ogarniemy.<\/p>\n\n\n\n<h2 class=\"wp-block-heading\"><span class=\"ez-toc-section\" id=\"Survival\"><\/span>Survival<span class=\"ez-toc-section-end\"><\/span><\/h2>\n\n\n\n<p>Dumnie brzmi, ale to po prostu wszystkie \u201eprzydasie\u201d, spe\u0142niaj\u0105ce podstawowe funkcje naprawczo-u\u017cytkowe. Tutaj znajdziemy dwa kluczowe elementy \u2013 n\u00f3\u017c i zapalniczka. Nie musz\u0119 chyba wyja\u015bnia\u0107, po co nam na biwaku jedno i drugie. Opr\u00f3cz rzeczy kompletnie niezb\u0119dnych s\u0105 te, kt\u00f3re zapewniaj\u0105 mi spokojny sen. I dos\u0142ownie, i w przeno\u015bni.<br><br>\u0141atki do materaca zabieram wsz\u0119dzie tam, gdzie materac. Nigdy nie mia\u0142em \u201eprzyjemno\u015bci\u201d doka\u0144cza\u0107 wyjazdu na glebie, ale w\u015br\u00f3d znajomych ju\u017c takie rzeczy si\u0119 zdarza\u0142y. Poza \u0142atkami do tego wliczam te\u017c kawa\u0142ek linki. Przetarta sznur\u00f3wka, rozerwane rami\u0119 plecaka, czy urwany odci\u0105g od namiotu \u2013 wsz\u0119dzie tam przyda si\u0119 linka o niewielkiej \u015brednicy.<\/p>\n\n\n\n<h2 class=\"wp-block-heading\"><span class=\"ez-toc-section\" id=\"Nocleg_w_terenie\"><\/span>Nocleg w terenie<span class=\"ez-toc-section-end\"><\/span><\/h2>\n\n\n\n<p>Zestaw noclegowy jest kr\u00f3tki i niekt\u00f3rym znany \u2013 \u015bpiw\u00f3r, mata i b\u0119dziesz wyspany.<br><br>Niestety, nie uda\u0142o mi si\u0119 w rymowance zmie\u015bci\u0107 wszystkiego. Oczywi\u015bcie nie \u015bpi\u0119 po kowbojsku zawsze i wsz\u0119dzie. Cz\u0119sto zabieram ze sob\u0105 namiot lub tarp i poduszk\u0119. Na swojej li\u015bcie sprz\u0119tu osobno traktuj\u0119 te\u017c szpilki od namiotu. Nie dlatego, \u017ce trzymam je osobno, tylko dlatego, \u017ceby zawsze sprawdzi\u0107 czy je zabra\u0142em.<\/p>\n\n\n\n<p><span class=\"has-inline-color has-vivid-cyan-blue-color\">Wi\u0119kszy komfort od zwyk\u0142ej karimaty daj\u0105 maty turystyczne i materace. Poznaj nasze <a href=\"https:\/\/skalnik.pl\/sprzet-turystyczny\/spiwory-i-maty\/spiwory-i-maty-samopompujace\" target=\"_blank\" rel=\"noreferrer noopener\"><strong>maty samopompuj\u0105ce<\/strong><\/a>.<\/span><\/p>\n\n\n\n<div class=\"wp-block-image\"><figure class=\"aligncenter size-large\"><img loading=\"lazy\" decoding=\"async\" width=\"1024\" height=\"683\" src=\"https:\/\/skalnik.pl\/blog\/wp-content\/uploads\/2021\/06\/ZYCIEPOPRACY-mata-volven-poduszka-\u015bpiw\u00f3r-polaris.jpg\" alt=\"maty samopompuj\u0105ce volven\" class=\"wp-image-16992\" srcset=\"https:\/\/www.skalnik.pl\/blog\/wp-content\/uploads\/2021\/06\/ZYCIEPOPRACY-mata-volven-poduszka-\u015bpiw\u00f3r-polaris.jpg 1024w, https:\/\/www.skalnik.pl\/blog\/wp-content\/uploads\/2021\/06\/ZYCIEPOPRACY-mata-volven-poduszka-\u015bpiw\u00f3r-polaris-300x200.jpg 300w, https:\/\/www.skalnik.pl\/blog\/wp-content\/uploads\/2021\/06\/ZYCIEPOPRACY-mata-volven-poduszka-\u015bpiw\u00f3r-polaris-768x512.jpg 768w\" sizes=\"auto, (max-width: 1024px) 100vw, 1024px\" \/><figcaption><em>Mata samopompuj\u0105ca to doskona\u0142y pomys\u0142 na wygod\u0119 w czasie biwakowania. <\/em><br><em>(fot. IG: zyciepopracy)<\/em><\/figcaption><\/figure><\/div>\n\n\n\n<h2 class=\"wp-block-heading\"><span class=\"ez-toc-section\" id=\"Plecak_i_organizacja\"><\/span>Plecak i organizacja<span class=\"ez-toc-section-end\"><\/span><\/h2>\n\n\n\n<p>Moja lista rzeczy jest po\u0142\u0105czona z list\u0105 wagi tych przedmiot\u00f3w, dlatego mam tam wpisane wszystko co mam ze sob\u0105. To chyba najmniej rozbudowana i najbardziej intuicyjna kategoria. Najwa\u017cniejszy jest plecak. Do plecaka wk\u0142adam worki wodoszczelne, w kt\u00f3re pakuj\u0119 poszczeg\u00f3lne kategorie. Do klapy dorzucam pokrowiec przeciwdeszczowy na to wszystko i gotowe!<\/p>\n\n\n\n<h2 class=\"wp-block-heading\"><span class=\"ez-toc-section\" id=\"Nieoczywiste_rzeczy_przydatne_na_biwaku\"><\/span>Nieoczywiste rzeczy przydatne na biwaku<span class=\"ez-toc-section-end\"><\/span><\/h2>\n\n\n\n<p>Rzeczy, kt\u00f3rych brak odkrywa\u0142em przez wiele wyjazd\u00f3w. Nie bior\u0119 ich za ka\u017cdym razem, ale dostosowuj\u0119 je do typu wyjazdu:<\/p>\n\n\n\n<ul class=\"wp-block-list\"><li>siedzisko \u2013 szczeg\u00f3lnie przydatne, gdy mamy materac lub mat\u0119 pompowan\u0105; odpowiednio z\u0142o\u017cone nadaje si\u0119 na poduszk\u0119;<\/li><li>marker \u2013 zdarza si\u0119 nag\u0142a potrzeba pojechania stopem, a marker jest nieod\u0142\u0105cznym towarzyszem takich podr\u00f3\u017cy;<\/li><li>bivy cover \u2013 tzw. p\u0142achta biwakowa; chroni materac przed przebiciem i \u015bpiw\u00f3r od nasi\u0105kania wilgoci\u0105 w nocy;<\/li><li>lampka obozowa \u2013 \u015bwietna do podwieszenia w namiocie; zapewnia wi\u0119ksz\u0105 wygod\u0119 przy posiad\u00f3wkach do p\u00f3\u017anych godzin.<\/li><\/ul>\n\n\n\n<h2 class=\"wp-block-heading\"><span class=\"ez-toc-section\" id=\"Co_zabrac_na_biwak_harcerski\"><\/span>Co zabra\u0107 na biwak harcerski?<span class=\"ez-toc-section-end\"><\/span><\/h2>\n\n\n\n<p>Najcz\u0119\u015bciej musimy zabiera\u0107 mundur (koniecznie z nakryciem g\u0142owy). Poza tym przydadz\u0105 si\u0119 g\u0142\u0119boko ukryte s\u0142odycze, mena\u017cka z du\u017cym talerzem (wtedy dostaje si\u0119 wi\u0119ksze porcje). Szczeg\u00f3\u0142owe wymogi zale\u017c\u0105 od konkretnego \u015brodowiska. Kadra powinna powiedzie\u0107, co warto zabra\u0107 dodatkowo na biwak harcerski \u2013 obrz\u0119dowo\u015b\u0107 w dru\u017cynach jest r\u00f3\u017cna. Najwi\u0119cej problem\u00f3w jednak powoduje cz\u0119sto zgoda od rodzica i musicie o niej bezwzgl\u0119dnie pami\u0119ta\u0107!<\/p>\n\n\n\n<p><\/p>\n\n\n\n<p>Ilu ludzi tyle list sprz\u0119tu \u2013 dlatego dajcie zna\u0107 w komentarzach, jaki Wy wybieracie sprz\u0119t na biwak i do jakich wniosk\u00f3w doszli\u015bcie wraz z do\u015bwiadczeniem. Mam nadziej\u0119, \u017ce cz\u0119\u015b\u0107 tego czym si\u0119 z Wami, podzieli\u0142em przyda si\u0119 kiedy\u015b na szlaku czy biwaku.<\/p>\n","protected":false},"excerpt":{"rendered":"<p>Nie zapomnij niczego, co niezb\u0119dne podczas biwakowania. Sprawd\u017a co warto wzi\u0105\u0107 pod namiot!<\/p>\n","protected":false},"author":36,"featured_media":16998,"comment_status":"open","ping_status":"open","sticky":false,"template":"","format":"standard","meta":{"_acf_changed":false,"footnotes":""},"categories":[3],"tags":[87,113],"magento_category":[205],"magento_product":[],"class_list":["post-16985","post","type-post","status-publish","format-standard","has-post-thumbnail","hentry","category-porady","tag-biwak","tag-namioty"],"acf":[],"aioseo_notices":[],"aioseo_head":"\n\t\t<!-- All in One SEO 4.9.10 - aioseo.com -->\n\t<meta name=\"description\" content=\"Zabierz na biwak wszystko czego potrzebujesz. Namiot czy \u015bpiw\u00f3r to oczywisto\u015bci. Co jednak jeszcze zabra\u0107, by komfortowo sp\u0119dzi\u0107 noc w terenie i odpowiednio wypocz\u0105\u0107?\" \/>\n\t<meta name=\"robots\" content=\"max-image-preview:large\" \/>\n\t<meta name=\"author\" content=\"Krzysztof Ostry\u017cniuk\"\/>\n\t<link rel=\"canonical\" href=\"https:\/\/www.skalnik.pl\/blog\/co-wziac-na-biwak\/\" \/>\n\t<meta name=\"generator\" content=\"All in One SEO (AIOSEO) 4.9.10\" \/>\n\t\t<meta property=\"og:locale\" content=\"pl_PL\" \/>\n\t\t<meta property=\"og:site_name\" content=\"blog Skalnik - Blog, porady, artyku\u0142y - blog Skalnik\" \/>\n\t\t<meta property=\"og:type\" content=\"article\" \/>\n\t\t<meta property=\"og:title\" content=\"Co wzi\u0105\u0107 na biwak - blog Skalnik\" \/>\n\t\t<meta property=\"og:description\" content=\"Zabierz na biwak wszystko czego potrzebujesz. Namiot czy \u015bpiw\u00f3r to oczywisto\u015bci. Co jednak jeszcze zabra\u0107, by komfortowo sp\u0119dzi\u0107 noc w terenie i odpowiednio wypocz\u0105\u0107?\" \/>\n\t\t<meta property=\"og:url\" content=\"https:\/\/www.skalnik.pl\/blog\/co-wziac-na-biwak\/\" \/>\n\t\t<meta property=\"og:image\" content=\"https:\/\/skalnik.pl\/blog\/wp-content\/uploads\/2021\/06\/biwakowanie-pod-namiotem-patrick-hendry-unsplash.jpg\" \/>\n\t\t<meta property=\"og:image:secure_url\" content=\"https:\/\/skalnik.pl\/blog\/wp-content\/uploads\/2021\/06\/biwakowanie-pod-namiotem-patrick-hendry-unsplash.jpg\" \/>\n\t\t<meta property=\"article:tag\" content=\"porady\" \/>\n\t\t<meta property=\"article:tag\" content=\"biwak\" \/>\n\t\t<meta property=\"article:tag\" content=\"namioty\" \/>\n\t\t<meta property=\"article:published_time\" content=\"2021-06-18T07:52:00+00:00\" \/>\n\t\t<meta property=\"article:modified_time\" content=\"2021-08-09T10:00:42+00:00\" \/>\n\t\t<meta name=\"twitter:card\" content=\"summary_large_image\" \/>\n\t\t<meta name=\"twitter:title\" content=\"Co wzi\u0105\u0107 na biwak - blog Skalnik\" \/>\n\t\t<meta name=\"twitter:description\" content=\"Zabierz na biwak wszystko czego potrzebujesz. Namiot czy \u015bpiw\u00f3r to oczywisto\u015bci. Co jednak jeszcze zabra\u0107, by komfortowo sp\u0119dzi\u0107 noc w terenie i odpowiednio wypocz\u0105\u0107?\" \/>\n\t\t<meta name=\"twitter:image\" content=\"https:\/\/skalnik.pl\/blog\/wp-content\/uploads\/2021\/06\/biwakowanie-pod-namiotem-patrick-hendry-unsplash.jpg\" \/>\n\t\t<script type=\"application\/ld+json\" class=\"aioseo-schema\">\n\t\t\t{\"@context\":\"https:\\\/\\\/schema.org\",\"@graph\":[{\"@type\":\"BlogPosting\",\"@id\":\"https:\\\/\\\/www.skalnik.pl\\\/blog\\\/co-wziac-na-biwak\\\/#blogposting\",\"name\":\"Co wzi\\u0105\\u0107 na biwak - blog Skalnik\",\"headline\":\"Co wzi\\u0105\\u0107 na biwak\",\"author\":{\"@id\":\"https:\\\/\\\/www.skalnik.pl\\\/blog\\\/author\\\/krzysztof-ostryzniuk\\\/#author\"},\"publisher\":{\"@id\":\"https:\\\/\\\/www.skalnik.pl\\\/blog\\\/#organization\"},\"image\":{\"@type\":\"ImageObject\",\"url\":\"https:\\\/\\\/www.skalnik.pl\\\/blog\\\/wp-content\\\/uploads\\\/2021\\\/06\\\/patrick-hendry-euaPfbR6nC0-unsplash.jpg\",\"width\":1925,\"height\":706,\"caption\":\"biwakowanie\"},\"datePublished\":\"2021-06-18T09:52:00+02:00\",\"dateModified\":\"2021-08-09T12:00:42+02:00\",\"inLanguage\":\"pl-PL\",\"mainEntityOfPage\":{\"@id\":\"https:\\\/\\\/www.skalnik.pl\\\/blog\\\/co-wziac-na-biwak\\\/#webpage\"},\"isPartOf\":{\"@id\":\"https:\\\/\\\/www.skalnik.pl\\\/blog\\\/co-wziac-na-biwak\\\/#webpage\"},\"articleSection\":\"Porady, biwak, namioty, 1232\"},{\"@type\":\"BreadcrumbList\",\"@id\":\"https:\\\/\\\/www.skalnik.pl\\\/blog\\\/co-wziac-na-biwak\\\/#breadcrumblist\",\"itemListElement\":[{\"@type\":\"ListItem\",\"@id\":\"https:\\\/\\\/www.skalnik.pl\\\/blog#listItem\",\"position\":1,\"name\":\"Home\",\"item\":\"https:\\\/\\\/www.skalnik.pl\\\/blog\",\"nextItem\":{\"@type\":\"ListItem\",\"@id\":\"https:\\\/\\\/www.skalnik.pl\\\/blog\\\/.\\\/porady\\\/#listItem\",\"name\":\"Porady\"}},{\"@type\":\"ListItem\",\"@id\":\"https:\\\/\\\/www.skalnik.pl\\\/blog\\\/.\\\/porady\\\/#listItem\",\"position\":2,\"name\":\"Porady\",\"item\":\"https:\\\/\\\/www.skalnik.pl\\\/blog\\\/.\\\/porady\\\/\",\"nextItem\":{\"@type\":\"ListItem\",\"@id\":\"https:\\\/\\\/www.skalnik.pl\\\/blog\\\/co-wziac-na-biwak\\\/#listItem\",\"name\":\"Co wzi\\u0105\\u0107 na biwak\"},\"previousItem\":{\"@type\":\"ListItem\",\"@id\":\"https:\\\/\\\/www.skalnik.pl\\\/blog#listItem\",\"name\":\"Home\"}},{\"@type\":\"ListItem\",\"@id\":\"https:\\\/\\\/www.skalnik.pl\\\/blog\\\/co-wziac-na-biwak\\\/#listItem\",\"position\":3,\"name\":\"Co wzi\\u0105\\u0107 na biwak\",\"previousItem\":{\"@type\":\"ListItem\",\"@id\":\"https:\\\/\\\/www.skalnik.pl\\\/blog\\\/.\\\/porady\\\/#listItem\",\"name\":\"Porady\"}}]},{\"@type\":\"Organization\",\"@id\":\"https:\\\/\\\/www.skalnik.pl\\\/blog\\\/#organization\",\"name\":\"blog Skalnik\",\"description\":\"Blog, porady, artyku\\u0142y - blog Skalnik\",\"url\":\"https:\\\/\\\/www.skalnik.pl\\\/blog\\\/\"},{\"@type\":\"Person\",\"@id\":\"https:\\\/\\\/www.skalnik.pl\\\/blog\\\/author\\\/krzysztof-ostryzniuk\\\/#author\",\"url\":\"https:\\\/\\\/www.skalnik.pl\\\/blog\\\/author\\\/krzysztof-ostryzniuk\\\/\",\"name\":\"Krzysztof Ostry\\u017cniuk\",\"image\":{\"@type\":\"ImageObject\",\"@id\":\"https:\\\/\\\/www.skalnik.pl\\\/blog\\\/co-wziac-na-biwak\\\/#authorImage\",\"url\":\"https:\\\/\\\/secure.gravatar.com\\\/avatar\\\/4600ff58a0243a08913d57bbc4055c2d277233f33a85f841ecb639e269a6697a?s=96&d=mm&r=g\",\"width\":96,\"height\":96,\"caption\":\"Krzysztof Ostry\\u017cniuk\"}},{\"@type\":\"WebPage\",\"@id\":\"https:\\\/\\\/www.skalnik.pl\\\/blog\\\/co-wziac-na-biwak\\\/#webpage\",\"url\":\"https:\\\/\\\/www.skalnik.pl\\\/blog\\\/co-wziac-na-biwak\\\/\",\"name\":\"Co wzi\\u0105\\u0107 na biwak - blog Skalnik\",\"description\":\"Zabierz na biwak wszystko czego potrzebujesz. Namiot czy \\u015bpiw\\u00f3r to oczywisto\\u015bci. Co jednak jeszcze zabra\\u0107, by komfortowo sp\\u0119dzi\\u0107 noc w terenie i odpowiednio wypocz\\u0105\\u0107?\",\"inLanguage\":\"pl-PL\",\"isPartOf\":{\"@id\":\"https:\\\/\\\/www.skalnik.pl\\\/blog\\\/#website\"},\"breadcrumb\":{\"@id\":\"https:\\\/\\\/www.skalnik.pl\\\/blog\\\/co-wziac-na-biwak\\\/#breadcrumblist\"},\"author\":{\"@id\":\"https:\\\/\\\/www.skalnik.pl\\\/blog\\\/author\\\/krzysztof-ostryzniuk\\\/#author\"},\"creator\":{\"@id\":\"https:\\\/\\\/www.skalnik.pl\\\/blog\\\/author\\\/krzysztof-ostryzniuk\\\/#author\"},\"image\":{\"@type\":\"ImageObject\",\"url\":\"https:\\\/\\\/www.skalnik.pl\\\/blog\\\/wp-content\\\/uploads\\\/2021\\\/06\\\/patrick-hendry-euaPfbR6nC0-unsplash.jpg\",\"@id\":\"https:\\\/\\\/www.skalnik.pl\\\/blog\\\/co-wziac-na-biwak\\\/#mainImage\",\"width\":1925,\"height\":706,\"caption\":\"biwakowanie\"},\"primaryImageOfPage\":{\"@id\":\"https:\\\/\\\/www.skalnik.pl\\\/blog\\\/co-wziac-na-biwak\\\/#mainImage\"},\"datePublished\":\"2021-06-18T09:52:00+02:00\",\"dateModified\":\"2021-08-09T12:00:42+02:00\"},{\"@type\":\"WebSite\",\"@id\":\"https:\\\/\\\/www.skalnik.pl\\\/blog\\\/#website\",\"url\":\"https:\\\/\\\/www.skalnik.pl\\\/blog\\\/\",\"name\":\"blog Skalnik\",\"description\":\"Blog, porady, artyku\\u0142y - blog Skalnik\",\"inLanguage\":\"pl-PL\",\"publisher\":{\"@id\":\"https:\\\/\\\/www.skalnik.pl\\\/blog\\\/#organization\"}}]}\n\t\t<\/script>\n\t\t<!-- All in One SEO -->\n\n","aioseo_head_json":{"title":"Co wzi\u0105\u0107 na biwak - blog Skalnik","description":"Zabierz na biwak wszystko czego potrzebujesz. Namiot czy \u015bpiw\u00f3r to oczywisto\u015bci. Co jednak jeszcze zabra\u0107, by komfortowo sp\u0119dzi\u0107 noc w terenie i odpowiednio wypocz\u0105\u0107?","canonical_url":"https:\/\/www.skalnik.pl\/blog\/co-wziac-na-biwak\/","robots":"max-image-preview:large","keywords":"","webmasterTools":{"miscellaneous":""},"schema":{"@context":"https:\/\/schema.org","@graph":[{"@type":"BlogPosting","@id":"https:\/\/www.skalnik.pl\/blog\/co-wziac-na-biwak\/#blogposting","name":"Co wzi\u0105\u0107 na biwak - blog Skalnik","headline":"Co wzi\u0105\u0107 na biwak","author":{"@id":"https:\/\/www.skalnik.pl\/blog\/author\/krzysztof-ostryzniuk\/#author"},"publisher":{"@id":"https:\/\/www.skalnik.pl\/blog\/#organization"},"image":{"@type":"ImageObject","url":"https:\/\/www.skalnik.pl\/blog\/wp-content\/uploads\/2021\/06\/patrick-hendry-euaPfbR6nC0-unsplash.jpg","width":1925,"height":706,"caption":"biwakowanie"},"datePublished":"2021-06-18T09:52:00+02:00","dateModified":"2021-08-09T12:00:42+02:00","inLanguage":"pl-PL","mainEntityOfPage":{"@id":"https:\/\/www.skalnik.pl\/blog\/co-wziac-na-biwak\/#webpage"},"isPartOf":{"@id":"https:\/\/www.skalnik.pl\/blog\/co-wziac-na-biwak\/#webpage"},"articleSection":"Porady, biwak, namioty, 1232"},{"@type":"BreadcrumbList","@id":"https:\/\/www.skalnik.pl\/blog\/co-wziac-na-biwak\/#breadcrumblist","itemListElement":[{"@type":"ListItem","@id":"https:\/\/www.skalnik.pl\/blog#listItem","position":1,"name":"Home","item":"https:\/\/www.skalnik.pl\/blog","nextItem":{"@type":"ListItem","@id":"https:\/\/www.skalnik.pl\/blog\/.\/porady\/#listItem","name":"Porady"}},{"@type":"ListItem","@id":"https:\/\/www.skalnik.pl\/blog\/.\/porady\/#listItem","position":2,"name":"Porady","item":"https:\/\/www.skalnik.pl\/blog\/.\/porady\/","nextItem":{"@type":"ListItem","@id":"https:\/\/www.skalnik.pl\/blog\/co-wziac-na-biwak\/#listItem","name":"Co wzi\u0105\u0107 na biwak"},"previousItem":{"@type":"ListItem","@id":"https:\/\/www.skalnik.pl\/blog#listItem","name":"Home"}},{"@type":"ListItem","@id":"https:\/\/www.skalnik.pl\/blog\/co-wziac-na-biwak\/#listItem","position":3,"name":"Co wzi\u0105\u0107 na biwak","previousItem":{"@type":"ListItem","@id":"https:\/\/www.skalnik.pl\/blog\/.\/porady\/#listItem","name":"Porady"}}]},{"@type":"Organization","@id":"https:\/\/www.skalnik.pl\/blog\/#organization","name":"blog Skalnik","description":"Blog, porady, artyku\u0142y - blog Skalnik","url":"https:\/\/www.skalnik.pl\/blog\/"},{"@type":"Person","@id":"https:\/\/www.skalnik.pl\/blog\/author\/krzysztof-ostryzniuk\/#author","url":"https:\/\/www.skalnik.pl\/blog\/author\/krzysztof-ostryzniuk\/","name":"Krzysztof Ostry\u017cniuk","image":{"@type":"ImageObject","@id":"https:\/\/www.skalnik.pl\/blog\/co-wziac-na-biwak\/#authorImage","url":"https:\/\/secure.gravatar.com\/avatar\/4600ff58a0243a08913d57bbc4055c2d277233f33a85f841ecb639e269a6697a?s=96&d=mm&r=g","width":96,"height":96,"caption":"Krzysztof Ostry\u017cniuk"}},{"@type":"WebPage","@id":"https:\/\/www.skalnik.pl\/blog\/co-wziac-na-biwak\/#webpage","url":"https:\/\/www.skalnik.pl\/blog\/co-wziac-na-biwak\/","name":"Co wzi\u0105\u0107 na biwak - blog Skalnik","description":"Zabierz na biwak wszystko czego potrzebujesz. Namiot czy \u015bpiw\u00f3r to oczywisto\u015bci. Co jednak jeszcze zabra\u0107, by komfortowo sp\u0119dzi\u0107 noc w terenie i odpowiednio wypocz\u0105\u0107?","inLanguage":"pl-PL","isPartOf":{"@id":"https:\/\/www.skalnik.pl\/blog\/#website"},"breadcrumb":{"@id":"https:\/\/www.skalnik.pl\/blog\/co-wziac-na-biwak\/#breadcrumblist"},"author":{"@id":"https:\/\/www.skalnik.pl\/blog\/author\/krzysztof-ostryzniuk\/#author"},"creator":{"@id":"https:\/\/www.skalnik.pl\/blog\/author\/krzysztof-ostryzniuk\/#author"},"image":{"@type":"ImageObject","url":"https:\/\/www.skalnik.pl\/blog\/wp-content\/uploads\/2021\/06\/patrick-hendry-euaPfbR6nC0-unsplash.jpg","@id":"https:\/\/www.skalnik.pl\/blog\/co-wziac-na-biwak\/#mainImage","width":1925,"height":706,"caption":"biwakowanie"},"primaryImageOfPage":{"@id":"https:\/\/www.skalnik.pl\/blog\/co-wziac-na-biwak\/#mainImage"},"datePublished":"2021-06-18T09:52:00+02:00","dateModified":"2021-08-09T12:00:42+02:00"},{"@type":"WebSite","@id":"https:\/\/www.skalnik.pl\/blog\/#website","url":"https:\/\/www.skalnik.pl\/blog\/","name":"blog Skalnik","description":"Blog, porady, artyku\u0142y - blog Skalnik","inLanguage":"pl-PL","publisher":{"@id":"https:\/\/www.skalnik.pl\/blog\/#organization"}}]},"og:locale":"pl_PL","og:site_name":"blog Skalnik - Blog, porady, artyku\u0142y - blog Skalnik","og:type":"article","og:title":"Co wzi\u0105\u0107 na biwak - blog Skalnik","og:description":"Zabierz na biwak wszystko czego potrzebujesz. Namiot czy \u015bpiw\u00f3r to oczywisto\u015bci. Co jednak jeszcze zabra\u0107, by komfortowo sp\u0119dzi\u0107 noc w terenie i odpowiednio wypocz\u0105\u0107?","og:url":"https:\/\/www.skalnik.pl\/blog\/co-wziac-na-biwak\/","og:image":"https:\/\/skalnik.pl\/blog\/wp-content\/uploads\/2021\/06\/biwakowanie-pod-namiotem-patrick-hendry-unsplash.jpg","og:image:secure_url":"https:\/\/skalnik.pl\/blog\/wp-content\/uploads\/2021\/06\/biwakowanie-pod-namiotem-patrick-hendry-unsplash.jpg","article:tag":["porady","biwak","namioty"],"article:published_time":"2021-06-18T07:52:00+00:00","article:modified_time":"2021-08-09T10:00:42+00:00","twitter:card":"summary_large_image","twitter:title":"Co wzi\u0105\u0107 na biwak - blog Skalnik","twitter:description":"Zabierz na biwak wszystko czego potrzebujesz. Namiot czy \u015bpiw\u00f3r to oczywisto\u015bci. Co jednak jeszcze zabra\u0107, by komfortowo sp\u0119dzi\u0107 noc w terenie i odpowiednio wypocz\u0105\u0107?","twitter:image":"https:\/\/skalnik.pl\/blog\/wp-content\/uploads\/2021\/06\/biwakowanie-pod-namiotem-patrick-hendry-unsplash.jpg"},"aioseo_meta_data":{"post_id":"16985","title":null,"description":"Zabierz na biwak wszystko czego potrzebujesz. Namiot czy \u015bpiw\u00f3r to oczywisto\u015bci. Co jednak jeszcze zabra\u0107, by komfortowo sp\u0119dzi\u0107 noc w terenie i odpowiednio wypocz\u0105\u0107?","keywords":[{"label":"biwak","value":"biwak"},{"label":"biwakowanie","value":"biwakowanie"},{"label":"\u015bpiwory","value":"\u015bpiwory"},{"label":"co zabra\u0107 pod namiot","value":"co zabra\u0107 pod namiot"}],"keyphrases":null,"primary_term":null,"canonical_url":"","og_title":null,"og_description":null,"og_object_type":"default","og_image_type":"default","og_image_url":null,"og_image_width":null,"og_image_height":null,"og_image_custom_url":null,"og_image_custom_fields":null,"og_video":null,"og_custom_url":null,"og_article_section":null,"og_article_tags":null,"twitter_use_og":false,"twitter_card":"default","twitter_image_type":"default","twitter_image_url":null,"twitter_image_custom_url":null,"twitter_image_custom_fields":null,"twitter_title":null,"twitter_description":null,"schema":{"blockGraphs":[],"customGraphs":[],"default":{"data":{"Article":[],"Course":[],"Dataset":[],"FAQPage":[],"Movie":[],"Person":[],"Product":[],"ProductReview":[],"Car":[],"Recipe":[],"Service":[],"SoftwareApplication":[],"WebPage":[]},"graphName":"BlogPosting","isEnabled":true},"graphs":[]},"schema_type":"default","schema_type_options":null,"pillar_content":false,"robots_default":true,"robots_noindex":false,"robots_noarchive":false,"robots_nosnippet":false,"robots_nofollow":false,"robots_noimageindex":false,"robots_noodp":false,"robots_notranslate":false,"robots_max_snippet":null,"robots_max_videopreview":null,"robots_max_imagepreview":"large","priority":null,"frequency":null,"local_seo":null,"breadcrumb_settings":null,"limit_modified_date":false,"ai":null,"created":"2022-08-26 09:53:39","updated":"2026-02-17 22:10:25","seo_analyzer_scan_date":null},"aioseo_breadcrumb":"<div class=\"aioseo-breadcrumbs\"><span class=\"aioseo-breadcrumb\">\n\t\t\t<a href=\"https:\/\/www.skalnik.pl\/blog\" title=\"Home\">Home<\/a>\n\t\t<\/span><span class=\"aioseo-breadcrumb-separator\">&raquo;<\/span><span class=\"aioseo-breadcrumb\">\n\t\t\t<a href=\"https:\/\/www.skalnik.pl\/blog\/.\/porady\/\" title=\"Porady\">Porady<\/a>\n\t\t<\/span><span class=\"aioseo-breadcrumb-separator\">&raquo;<\/span><span class=\"aioseo-breadcrumb\">\n\t\t\tCo wzi\u0105\u0107 na biwak\n\t\t<\/span><\/div>","aioseo_breadcrumb_json":[{"label":"Home","link":"https:\/\/www.skalnik.pl\/blog"},{"label":"Porady","link":"https:\/\/www.skalnik.pl\/blog\/.\/porady\/"},{"label":"Co wzi\u0105\u0107 na biwak","link":"https:\/\/www.skalnik.pl\/blog\/co-wziac-na-biwak\/"}],"_links":{"self":[{"href":"https:\/\/www.skalnik.pl\/blog\/wp-json\/wp\/v2\/posts\/16985","targetHints":{"allow":["GET"]}}],"collection":[{"href":"https:\/\/www.skalnik.pl\/blog\/wp-json\/wp\/v2\/posts"}],"about":[{"href":"https:\/\/www.skalnik.pl\/blog\/wp-json\/wp\/v2\/types\/post"}],"author":[{"embeddable":true,"href":"https:\/\/www.skalnik.pl\/blog\/wp-json\/wp\/v2\/users\/36"}],"replies":[{"embeddable":true,"href":"https:\/\/www.skalnik.pl\/blog\/wp-json\/wp\/v2\/comments?post=16985"}],"version-history":[{"count":8,"href":"https:\/\/www.skalnik.pl\/blog\/wp-json\/wp\/v2\/posts\/16985\/revisions"}],"predecessor-version":[{"id":17547,"href":"https:\/\/www.skalnik.pl\/blog\/wp-json\/wp\/v2\/posts\/16985\/revisions\/17547"}],"wp:featuredmedia":[{"embeddable":true,"href":"https:\/\/www.skalnik.pl\/blog\/wp-json\/wp\/v2\/media\/16998"}],"wp:attachment":[{"href":"https:\/\/www.skalnik.pl\/blog\/wp-json\/wp\/v2\/media?parent=16985"}],"wp:term":[{"taxonomy":"category","embeddable":true,"href":"https:\/\/www.skalnik.pl\/blog\/wp-json\/wp\/v2\/categories?post=16985"},{"taxonomy":"post_tag","embeddable":true,"href":"https:\/\/www.skalnik.pl\/blog\/wp-json\/wp\/v2\/tags?post=16985"},{"taxonomy":"magento_category","embeddable":true,"href":"https:\/\/www.skalnik.pl\/blog\/wp-json\/wp\/v2\/magento_category?post=16985"},{"taxonomy":"magento_product","embeddable":true,"href":"https:\/\/www.skalnik.pl\/blog\/wp-json\/wp\/v2\/magento_product?post=16985"}],"curies":[{"name":"wp","href":"https:\/\/api.w.org\/{rel}","templated":true}]}}