{"id":17025,"date":"2021-06-23T08:13:00","date_gmt":"2021-06-23T06:13:00","guid":{"rendered":"https:\/\/skalnik.pl\/blog\/?p=17025"},"modified":"2022-07-04T08:07:40","modified_gmt":"2022-07-04T06:07:40","slug":"lato-w-gorach-spodnie-czy-spodenki","status":"publish","type":"post","link":"https:\/\/www.skalnik.pl\/blog\/lato-w-gorach-spodnie-czy-spodenki\/","title":{"rendered":"Lato w g\u00f3rach \u2013 spodnie czy spodenki?"},"content":{"rendered":"\n<p><strong>Wyb\u00f3r ubioru na letni wypad w g\u00f3ry przypomina przeci\u0105ganie liny. Z jednej strony wiesz, \u017ce w wy\u017cszych g\u00f3rach nawet <\/strong><strong>gor\u0105cy<\/strong><strong> poranek mo\u017ce przemieni\u0107 si\u0119 w deszczowe i chmurne popo\u0142udnie. Z drugiej strony pra\u017c\u0105ce s\u0142o\u0144ce zach\u0119ca do zrzucenia z siebie niepotrzebnych warstw. Zatem jakie spodnie do chodzenia po g\u00f3rach wybra\u0107 latem? D\u0142ugie spodnie turystyczne czy kr\u00f3tkie spodenki w g\u00f3ry?<\/strong><\/p>\n\n\n\n<p>Kilka lat temu wspina\u0142am si\u0119 w s\u0142oneczne popo\u0142udnie na gra\u0144 Pirenej\u00f3w. Stok by\u0142 akurat do\u015b\u0107 \u0142agodny, szlak dobrze ubity i pozbawiony ska\u0142, a aura przyjemna, wi\u0119c z zadowoleniem w\u0119drowa\u0142am w kr\u00f3tkich spodenkach oraz sanda\u0142ach trekkingowych. Nagle ujrza\u0142am przed sob\u0105 dw\u00f3jk\u0119 Francuz\u00f3w id\u0105cych w ci\u0119\u017ckich trekach oraz d\u0142ugich, ci\u0119\u017ckich i ciemnych spodniach turystycznych. Nie wiedzia\u0142am, jak to mo\u017cliwe, \u017ce nie gotuj\u0105 si\u0119 w takim ubiorze. Dla nich jednak to m\u00f3j str\u00f3j by\u0142 powodem zdziwienia. Spodenki turystyczne w wysokie g\u00f3ry? Jak tak mo\u017cna? Zatem w\u0142a\u015bnie: czy mo\u017cna ubra\u0107 kr\u00f3tkie spodenki w g\u00f3ry? Je\u015bli tak, to jakie i kiedy dok\u0142adnie?<\/p>\n\n\n\n<div class=\"wp-block-image\"><figure class=\"aligncenter size-large\"><img loading=\"lazy\" decoding=\"async\" width=\"1024\" height=\"683\" src=\"https:\/\/skalnik.pl\/blog\/wp-content\/uploads\/2021\/06\/Kr\u00f3tkie-czy-d\u0142ugie-spodnie.jpg\" alt=\"Kr\u00f3tkie i d\u0142ugie spodnie The North Face\" class=\"wp-image-17028\" srcset=\"https:\/\/www.skalnik.pl\/blog\/wp-content\/uploads\/2021\/06\/Kr\u00f3tkie-czy-d\u0142ugie-spodnie.jpg 1024w, https:\/\/www.skalnik.pl\/blog\/wp-content\/uploads\/2021\/06\/Kr\u00f3tkie-czy-d\u0142ugie-spodnie-300x200.jpg 300w, https:\/\/www.skalnik.pl\/blog\/wp-content\/uploads\/2021\/06\/Kr\u00f3tkie-czy-d\u0142ugie-spodnie-768x512.jpg 768w\" sizes=\"auto, (max-width: 1024px) 100vw, 1024px\" \/><figcaption><em>Kr\u00f3tkie czy d\u0142ugie spodnie? Co wybra\u0107 latem w g\u00f3ry? (fot. The North Face)<\/em><\/figcaption><\/figure><\/div>\n\n\n\n<div id=\"ez-toc-container\" class=\"ez-toc-v2_0_85 counter-hierarchy ez-toc-counter ez-toc-light-blue ez-toc-container-direction\">\n<div class=\"ez-toc-title-container\">\n<p class=\"ez-toc-title\" style=\"cursor:inherit\">SPIS TRE\u015aCI <\/p>\n<span class=\"ez-toc-title-toggle\"><a href=\"#\" class=\"ez-toc-pull-right ez-toc-btn ez-toc-btn-xs ez-toc-btn-default ez-toc-toggle\" aria-label=\"Prze\u0142\u0105cznik Spisu Tre\u015bci\"><span class=\"ez-toc-js-icon-con\"><span class=\"\"><span class=\"eztoc-hide\" style=\"display:none;\">Toggle<\/span><span class=\"ez-toc-icon-toggle-span\"><svg style=\"fill: #999;color:#999\" xmlns=\"http:\/\/www.w3.org\/2000\/svg\" class=\"list-377408\" width=\"20px\" height=\"20px\" viewBox=\"0 0 24 24\" fill=\"none\"><path d=\"M6 6H4v2h2V6zm14 0H8v2h12V6zM4 11h2v2H4v-2zm16 0H8v2h12v-2zM4 16h2v2H4v-2zm16 0H8v2h12v-2z\" fill=\"currentColor\"><\/path><\/svg><svg style=\"fill: #999;color:#999\" class=\"arrow-unsorted-368013\" xmlns=\"http:\/\/www.w3.org\/2000\/svg\" width=\"10px\" height=\"10px\" viewBox=\"0 0 24 24\" version=\"1.2\" baseProfile=\"tiny\"><path d=\"M18.2 9.3l-6.2-6.3-6.2 6.3c-.2.2-.3.4-.3.7s.1.5.3.7c.2.2.4.3.7.3h11c.3 0 .5-.1.7-.3.2-.2.3-.5.3-.7s-.1-.5-.3-.7zM5.8 14.7l6.2 6.3 6.2-6.3c.2-.2.3-.5.3-.7s-.1-.5-.3-.7c-.2-.2-.4-.3-.7-.3h-11c-.3 0-.5.1-.7.3-.2.2-.3.5-.3.7s.1.5.3.7z\"\/><\/svg><\/span><\/span><\/span><\/a><\/span><\/div>\n<nav><ul class='ez-toc-list ez-toc-list-level-1 ' ><li class='ez-toc-page-1 ez-toc-heading-level-2'><a class=\"ez-toc-link ez-toc-heading-1\" href=\"https:\/\/www.skalnik.pl\/blog\/lato-w-gorach-spodnie-czy-spodenki\/#Jakie_spodnie_w_gory_latem\" >Jakie spodnie w g\u00f3ry latem?<\/a><\/li><li class='ez-toc-page-1 ez-toc-heading-level-2'><a class=\"ez-toc-link ez-toc-heading-2\" href=\"https:\/\/www.skalnik.pl\/blog\/lato-w-gorach-spodnie-czy-spodenki\/#Spodnie_w_gory_czy_spodenki_%E2%80%93_co_wybrac\" >Spodnie w g\u00f3ry czy spodenki \u2013 co wybra\u0107?<\/a><\/li><li class='ez-toc-page-1 ez-toc-heading-level-2'><a class=\"ez-toc-link ez-toc-heading-3\" href=\"https:\/\/www.skalnik.pl\/blog\/lato-w-gorach-spodnie-czy-spodenki\/#Kiedy_postawic_na_dlugie_spodnie_turystyczne\" >Kiedy postawi\u0107 na d\u0142ugie spodnie turystyczne?<\/a><\/li><li class='ez-toc-page-1 ez-toc-heading-level-2'><a class=\"ez-toc-link ez-toc-heading-4\" href=\"https:\/\/www.skalnik.pl\/blog\/lato-w-gorach-spodnie-czy-spodenki\/#Spodnie_z_odpinanymi_nogawkami_%E2%80%93_a_moze_nie_trzeba_wybierac\" >Spodnie z odpinanymi nogawkami \u2013 a mo\u017ce nie trzeba wybiera\u0107?<\/a><\/li><\/ul><\/nav><\/div>\n<h2 class=\"wp-block-heading\"><span class=\"ez-toc-section\" id=\"Jakie_spodnie_w_gory_latem\"><\/span>Jakie spodnie w g\u00f3ry latem?<span class=\"ez-toc-section-end\"><\/span><\/h2>\n\n\n\n<p>Zanim odpowiem na pytanie: \u201eD\u0142ugie spodnie turystyczne czy kr\u00f3tkie spodenki w g\u00f3ry?\u201d kilka kr\u00f3tkich uwag o tym, z jakiego materia\u0142u powinny by\u0107 wykonane spodnie do chodzenia po g\u00f3rach latem.<\/p>\n\n\n\n<p>Grubsze spodnie softshell lub spodnie z membran\u0105 to nie najlepszy pomys\u0142 na lato (te drugie sprawdz\u0105 si\u0119 jedynie jako awaryjna para na wypadek deszczu). W gor\u0105c\u0105 por\u0119 roku dobrym wyborem s\u0105 natomiast spodnie turystyczne m\u0119skie i damskie z <strong>oddychaj\u0105cych<\/strong> oraz <strong>szybkoschn\u0105cych<\/strong> tkanin. Dzi\u0119ki temu spodnie mog\u0105 szybko odprowadza\u0107 pot, a po deszczu momentalnie wysychaj\u0105. Wystarczy przej\u015b\u0107 si\u0119 chwil\u0119 na s\u0142o\u0144cu.<\/p>\n\n\n\n<div class=\"wp-block-image\"><figure class=\"aligncenter size-large\"><img loading=\"lazy\" decoding=\"async\" width=\"1024\" height=\"683\" src=\"https:\/\/skalnik.pl\/blog\/wp-content\/uploads\/2021\/06\/Spodnie-na-lato-Salewa.jpg\" alt=\"Spodnie na lato Salewa\" class=\"wp-image-17036\" srcset=\"https:\/\/www.skalnik.pl\/blog\/wp-content\/uploads\/2021\/06\/Spodnie-na-lato-Salewa.jpg 1024w, https:\/\/www.skalnik.pl\/blog\/wp-content\/uploads\/2021\/06\/Spodnie-na-lato-Salewa-300x200.jpg 300w, https:\/\/www.skalnik.pl\/blog\/wp-content\/uploads\/2021\/06\/Spodnie-na-lato-Salewa-768x512.jpg 768w\" sizes=\"auto, (max-width: 1024px) 100vw, 1024px\" \/><figcaption><em>Lato to czas na oddychaj\u0105ce i szybkoschn\u0105ce tkaniny (fot. Salewa)<\/em><\/figcaption><\/figure><\/div>\n\n\n\n<p>Producenci cz\u0119sto stawiaj\u0105 na lekki, ale wytrzyma\u0142y <strong>nylon<\/strong>. Dodatkowe <strong>w\u0142\u00f3kna elastyczne<\/strong> (np. elastan) sprawiaj\u0105, \u017ce spodnie w g\u00f3ry mog\u0105 zapewni\u0107 wi\u0119ksz\u0105 swobod\u0119 ruchu.<\/p>\n\n\n\n<p>Dobry pomys\u0142 na lato to spodnie turystyczne m\u0119skie i damskie wyposa\u017cone w <strong>filtr UV, <\/strong>kt\u00f3ry ochroni ci\u0119 przed szkodliwymi promieniami.<\/p>\n\n\n\n<h2 class=\"wp-block-heading\"><span class=\"ez-toc-section\" id=\"Spodnie_w_gory_czy_spodenki_%E2%80%93_co_wybrac\"><\/span>Spodnie w g\u00f3ry czy spodenki \u2013 co wybra\u0107?<span class=\"ez-toc-section-end\"><\/span><\/h2>\n\n\n\n<p>Odpowiadaj\u0105c na pytanie ze wst\u0119pu: tak, mo\u017cna ubiera\u0107 kr\u00f3tkie spodnie w g\u00f3ry, i to nawet takie wy\u017csze. Trzeba jedynie odpowiednio dobra\u0107 spodnie do okazji.<\/p>\n\n\n\n<p><em><span class=\"has-inline-color has-vivid-red-color\">Szukasz spodenek dla siebie? Tutaj znajdziesz dobre<\/span> <a href=\"https:\/\/skalnik.pl\/odziez\/odziez-damska\/odziez-damska-spodenki\" target=\"_blank\" rel=\"noreferrer noopener\">spodenki damskie<\/a><\/em>.<\/p>\n\n\n\n<p>Kiedy zatem sprawdz\u0105 si\u0119 spodenki turystyczne?<\/p>\n\n\n\n<ul class=\"wp-block-list\"><li><strong>Wysokie temperatury<\/strong> \u2013 kr\u00f3tkie spodnie w g\u00f3ry nadaj\u0105 si\u0119 oczywi\u015bcie tylko na ciep\u0142e dni. Pami\u0119taj jednak, \u017ce wraz ze wzrostem wysoko\u015bci spada temperatura. Sprawdzaj\u0105c pogod\u0119, sp\u00f3jrz wi\u0119c, jakie temperatury maj\u0105 by\u0107 w okolicach szczytu lub bierz poprawk\u0119 na wysoko\u015b\u0107 (zwykle 100 m przewy\u017cszenia to spadek temperatury o 0,6 \u2013 1 stopie\u0144).<\/li><li><strong>Wilgotne i gor\u0105ce powietrze<\/strong> \u2013 je\u015bli jest bardzo parno, nawet najlepiej oddychaj\u0105ce d\u0142ugie spodnie turystyczne mog\u0105 sobie nie poradzi\u0107 z odprowadzaniem potu.<\/li><li><strong>Trawiaste szlaki bez ska\u0142<\/strong> \u2013 kr\u00f3tkie spodnie w g\u00f3ry sprawdz\u0105 si\u0119 raczej na \u0142agodnych i trawiastych stokach. Je\u015bli ruszasz w skalisty teren, lepiej mie\u0107 warstw\u0119 wytrzyma\u0142ej tkaniny mi\u0119dzy sk\u00f3r\u0105 a ostrymi kamieniami.<\/li><\/ul>\n\n\n\n<p>Je\u015bli zdecydujesz si\u0119 ubra\u0107 spodenki turystyczne, wrzu\u0107 zawsze do plecaka awaryjne d\u0142ugie spodnie turystyczne. Nigdy nie wiadomo, kiedy pogoda w g\u00f3rach ulegnie nag\u0142emu za\u0142amaniu.<\/p>\n\n\n\n<div class=\"wp-block-image\"><figure class=\"aligncenter size-large\"><img loading=\"lazy\" decoding=\"async\" width=\"1024\" height=\"683\" src=\"https:\/\/skalnik.pl\/blog\/wp-content\/uploads\/2021\/06\/Kr\u00f3tkie-spodenki-Salewa.jpg\" alt=\"Kr\u00f3tki spodenki Salewa\" class=\"wp-image-17038\" srcset=\"https:\/\/www.skalnik.pl\/blog\/wp-content\/uploads\/2021\/06\/Kr\u00f3tkie-spodenki-Salewa.jpg 1024w, https:\/\/www.skalnik.pl\/blog\/wp-content\/uploads\/2021\/06\/Kr\u00f3tkie-spodenki-Salewa-300x200.jpg 300w, https:\/\/www.skalnik.pl\/blog\/wp-content\/uploads\/2021\/06\/Kr\u00f3tkie-spodenki-Salewa-768x512.jpg 768w\" sizes=\"auto, (max-width: 1024px) 100vw, 1024px\" \/><figcaption><em>Je\u015bli zdecydujesz si\u0119 na kr\u00f3tkie spodenki w g\u00f3ry, zapakuj do plecaka awaryjn\u0105 par\u0119 d\u0142ugich spodni <\/em><br><em>(fot. Salewa)<\/em><\/figcaption><\/figure><\/div>\n\n\n\n<p>Spodenki w g\u00f3ry wykonuje si\u0119 zwykle z materia\u0142\u00f3w syntetycznych. S\u0105 rozci\u0105gliwe, przewiewne i bardzo szybko wysychaj\u0105. Ciekawe modele takich spodenek to np.:<\/p>\n\n\n\n<ul class=\"wp-block-list\"><li><strong>Lightning Short The North Face<\/strong> \u2013 te spodenki turystyczne wykonano w technologii FlashDry XD, dzi\u0119ki czemu bardzo dobrze odprowadzaj\u0105 wilgo\u0107.<\/li><li><strong>Transalper Light Dynastretch Dynafit<\/strong> \u2013 kr\u00f3tkie spodnie w g\u00f3ry dedykowane do dynamicznych dzia\u0142a\u0144. Tkanina zapewnia elastyczno\u015b\u0107 w 4 kierunkach, a g\u0119sty splot chroni przed wiatrem.<\/li><li><strong>Me Comici Short Mountain Equipment<\/strong> \u2013 lekkie i elastyczne kr\u00f3tkie spodnie softshell z systemem active fit. Dzi\u0119ki niemu spodenki dopasowuj\u0105 si\u0119 idealnie do sylwetki.<\/li><\/ul>\n\n\n\n<p><em><span class=\"has-inline-color has-vivid-red-color\">U\u017cyj linku i poznaj bli\u017cej <\/span><a href=\"https:\/\/skalnik.pl\/odziez\/odziez-meska\/odziez-meska-spodenki\" target=\"_blank\" rel=\"noreferrer noopener\">spodenki m\u0119skie<\/a>.<\/em><\/p>\n\n\n\n<h2 class=\"wp-block-heading\"><span class=\"ez-toc-section\" id=\"Kiedy_postawic_na_dlugie_spodnie_turystyczne\"><\/span>Kiedy postawi\u0107 na d\u0142ugie spodnie turystyczne?<span class=\"ez-toc-section-end\"><\/span><\/h2>\n\n\n\n<p>W jakich sytuacjach lepiej sprawdz\u0105 si\u0119 d\u0142ugie spodnie turystyczne damskie i m\u0119skie?<\/p>\n\n\n\n<ul class=\"wp-block-list\"><li><strong>W skalistym terenie<\/strong> \u2013 mocny materia\u0142 zabezpieczy ci\u0119 przed obtarciami.<\/li><li><strong>W wysokich g\u00f3rach<\/strong> \u2013 na grani czy na szczytach i latem bywa zimno. Nawet je\u015bli tras\u0119 zaczynasz w kr\u00f3tkich spodenkach, to w pewnym momencie raczej przebierzesz si\u0119 w d\u0142ugie spodnie turystyczne.<\/li><li><strong>Zaro\u015bni\u0119te szlaki<\/strong> \u2013 ruszasz na rzadko ucz\u0119szczane \u015bcie\u017cki? Spodnie turystyczne m\u0119skie i damskie ochroni\u0105 nogi przed k\u0142uj\u0105cymi ro\u015blinami i chaszczami.<\/li><li><strong>Tereny pe\u0142ne kleszczy, komar\u00f3w i much ko\u0144skich<\/strong> \u2013 podczas letniej w\u0119dr\u00f3wki po Estonii napotka\u0142am turyst\u0119, kt\u00f3ry na szlak po tym kraju zabra\u0142 ze sob\u0105 jedynie kr\u00f3tkie spodenki turystyczne. Bardzo po\u017ca\u0142owa\u0142 swojej decyzji, kiedy zacz\u0119\u0142y si\u0119 rejony, w kt\u00f3rych muchy ko\u0144skie nie odpuszcza\u0142y nawet na moment. D\u0142ugie spodnie turystyczne damskie i m\u0119skie nie dadz\u0105 stuprocentowej ochrony przed owadami, ale na pewno podaruj\u0105 odrobin\u0119 wytchnienia.<\/li><\/ul>\n\n\n\n<div class=\"wp-block-image\"><figure class=\"aligncenter size-large\"><img loading=\"lazy\" decoding=\"async\" width=\"683\" height=\"1024\" src=\"https:\/\/skalnik.pl\/blog\/wp-content\/uploads\/2021\/06\/Spodnie-Mountain-Equipment-683x1024.jpg\" alt=\"Spodnie Mountain Equipment\" class=\"wp-image-17030\" srcset=\"https:\/\/www.skalnik.pl\/blog\/wp-content\/uploads\/2021\/06\/Spodnie-Mountain-Equipment-683x1024.jpg 683w, https:\/\/www.skalnik.pl\/blog\/wp-content\/uploads\/2021\/06\/Spodnie-Mountain-Equipment-200x300.jpg 200w, https:\/\/www.skalnik.pl\/blog\/wp-content\/uploads\/2021\/06\/Spodnie-Mountain-Equipment-768x1152.jpg 768w, https:\/\/www.skalnik.pl\/blog\/wp-content\/uploads\/2021\/06\/Spodnie-Mountain-Equipment.jpg 1024w\" sizes=\"auto, (max-width: 683px) 100vw, 683px\" \/><figcaption><em>W skalistym terenie nawet latem przydadz\u0105 si\u0119 d\u0142ugie spodnie (fot. Mountain Equipment)<\/em><\/figcaption><\/figure><\/div>\n\n\n\n<p>Jakie spodnie w g\u00f3ry warto wybra\u0107 latem? Poni\u017cej przedstawiam kilka propozycji:<\/p>\n\n\n\n<ul class=\"wp-block-list\"><li><strong>Mape Milo<\/strong> \u2013 przewiewne i komfortowe spodnie turystyczne z tkaniny Supplex o dobrej oddychalno\u015bci. Rzep na dole umo\u017cliwia \u0142atw\u0105 regulacj\u0119 obwodu nogawki.<\/li><li><strong>Altvia Trail Patagonia<\/strong> \u2013 techniczne spodnie do chodzenia po g\u00f3rach wyposa\u017cone w filtr UPF +50.<\/li><li><strong>Nosilife Cargo II Craghoppers<\/strong> \u2013 spodnie turystyczne wykonane w technologii NosiLife. Materia\u0142 nas\u0105czono preparatem odstraszaj\u0105cym owady, dzi\u0119ki czemu ryzyko pok\u0105sania spada nawet o 90%.<\/li><\/ul>\n\n\n\n<div class=\"wp-block-image\"><figure class=\"aligncenter size-large\"><img loading=\"lazy\" decoding=\"async\" width=\"683\" height=\"1024\" src=\"https:\/\/skalnik.pl\/blog\/wp-content\/uploads\/2021\/06\/D\u0142ugie-spodnie-Mountain-Equipment-683x1024.jpg\" alt=\"D\u0142ugie spodnie turystyczne Mountain Equipment\" class=\"wp-image-17032\" srcset=\"https:\/\/www.skalnik.pl\/blog\/wp-content\/uploads\/2021\/06\/D\u0142ugie-spodnie-Mountain-Equipment-683x1024.jpg 683w, https:\/\/www.skalnik.pl\/blog\/wp-content\/uploads\/2021\/06\/D\u0142ugie-spodnie-Mountain-Equipment-200x300.jpg 200w, https:\/\/www.skalnik.pl\/blog\/wp-content\/uploads\/2021\/06\/D\u0142ugie-spodnie-Mountain-Equipment-768x1152.jpg 768w, https:\/\/www.skalnik.pl\/blog\/wp-content\/uploads\/2021\/06\/D\u0142ugie-spodnie-Mountain-Equipment.jpg 1024w\" sizes=\"auto, (max-width: 683px) 100vw, 683px\" \/><figcaption><em>Przewiewne d\u0142ugie spodnie sprawdz\u0105 si\u0119 tak\u017ce latem (fot. Mountain Equipment)<\/em><\/figcaption><\/figure><\/div>\n\n\n\n<h2 class=\"wp-block-heading\"><span class=\"ez-toc-section\" id=\"Spodnie_z_odpinanymi_nogawkami_%E2%80%93_a_moze_nie_trzeba_wybierac\"><\/span>Spodnie z odpinanymi nogawkami \u2013 a mo\u017ce nie trzeba wybiera\u0107?<span class=\"ez-toc-section-end\"><\/span><\/h2>\n\n\n\n<p>Nie chcesz wybiera\u0107 ani nosi\u0107 w plecaku awaryjnej pary d\u0142ugich spodni? Postaw na model 2 w 1, czyli <strong>spodnie z odpinanymi nogawkami<\/strong>. Takie spodnie \u015bwietnie sprawdz\u0105 si\u0119 w zr\u00f3\u017cnicowanym terenie, a tak\u017ce na d\u0142ugim szlaku. Zamiast zabiera\u0107 dwie pary, masz jeden model, kt\u00f3ry zmieniasz w d\u0142ugie lub kr\u00f3tkie spodnie, kiedy chcesz.<\/p>\n\n\n\n<p>Czy spodnie z odpinanymi nogawkami maj\u0105 jakie\u015b wady? Niestety tak. Po pierwsze, <strong>zamek<\/strong> s\u0142u\u017c\u0105cy do odpinania nogawki jest nara\u017cony na awarie. Najlepiej wybieraj wi\u0119c spodnie turystyczne damskie i m\u0119skie wyposa\u017cone w zamki YKK. Ta japo\u0144ska firma s\u0142ynie z niezawodnych i wytrzyma\u0142ych zamk\u00f3w.<\/p>\n\n\n\n<div class=\"wp-block-image\"><figure class=\"aligncenter size-large\"><img loading=\"lazy\" decoding=\"async\" width=\"1024\" height=\"768\" src=\"https:\/\/skalnik.pl\/blog\/wp-content\/uploads\/2021\/06\/Spodnie-z-odpinanymi-nogawkami.jpg\" alt=\"Spodnie z odpinanymi nogawkami The North Face\" class=\"wp-image-17034\" srcset=\"https:\/\/www.skalnik.pl\/blog\/wp-content\/uploads\/2021\/06\/Spodnie-z-odpinanymi-nogawkami.jpg 1024w, https:\/\/www.skalnik.pl\/blog\/wp-content\/uploads\/2021\/06\/Spodnie-z-odpinanymi-nogawkami-300x225.jpg 300w, https:\/\/www.skalnik.pl\/blog\/wp-content\/uploads\/2021\/06\/Spodnie-z-odpinanymi-nogawkami-768x576.jpg 768w\" sizes=\"auto, (max-width: 1024px) 100vw, 1024px\" \/><figcaption><em>Nie zawsze trzeba wybiera\u0107: spodnie z odpinanymi nogawkami to rozwi\u0105zanie 2 w 1 (fot. The North Face)<\/em><\/figcaption><\/figure><\/div>\n\n\n\n<p>Po drugie, wybieraj\u0105c spodnie z odpinanymi nogawkami sprawd\u017a koniecznie, czy dodatkowy zamek <strong>nigdzie ci\u0119 nie uwiera<\/strong>. Jestem do\u015b\u0107 wysok\u0105 kobiet\u0105 i w moim przypadku zamek wypada\u0142 cz\u0119sto w nieodpowiednim miejscu, blokuj\u0105c ruchy przy podnoszeniu n\u00f3g. Po\u015bwi\u0119\u0107 wi\u0119c nieco czasu na przymiark\u0119 i posprawdzaj wiele par, by znale\u017a\u0107 taki model, kt\u00f3ry faktycznie zapewni ci swobod\u0119 na szlaku.<\/p>\n\n\n\n<p>Dobre spodnie z odpinanymi nogawkami to m.in.: Lightning Convertible od The North Face i Nosilife Pro II Convertible Long.<\/p>\n\n\n\n<iframe loading=\"lazy\" src=\"https:\/\/www.youtube.com\/embed\/5tUQqNSYo2k\" title=\"YouTube video player\" allow=\"accelerometer; autoplay; clipboard-write; encrypted-media; gyroscope; picture-in-picture\" allowfullscreen=\"\" width=\"800\" height=\"442\" frameborder=\"0\"><\/iframe>\n\n\n\n<p>Jakie spodnie w g\u00f3ry? D\u0142uga para czy kr\u00f3tkie spodenki turystyczne? W gor\u0105ce dni wybieraj taki model, kt\u00f3ry ci bardziej odpowiada. Nawet je\u015bli jednak jeste\u015b zagorza\u0142ym mi\u0142o\u015bnikiem szort\u00f3w, zabieraj zawsze ze sob\u0105 awaryjn\u0105 par\u0119 d\u0142ugich spodni. Na pewno sobie podzi\u0119kujesz w razie nag\u0142ego za\u0142amania pogody w g\u00f3rach.<\/p>\n\n\n\n<p class=\"has-text-align-right\"><em>Katarzyna Ha\u0142upka<\/em><\/p>\n","protected":false},"excerpt":{"rendered":"<p>Spodenki czy d\u0142ugie spodnie? A mo\u017ce spodnie z odpinanymi nogawkami? Co wybra\u0107 latem w g\u00f3ry?<\/p>\n","protected":false},"author":7,"featured_media":17040,"comment_status":"open","ping_status":"open","sticky":false,"template":"","format":"standard","meta":{"_acf_changed":false,"footnotes":""},"categories":[3],"tags":[107,15,130],"magento_category":[55],"magento_product":[],"class_list":["post-17025","post","type-post","status-publish","format-standard","has-post-thumbnail","hentry","category-porady","tag-lato","tag-odziez","tag-spodnie-trekkingowe"],"acf":[],"aioseo_notices":[],"aioseo_head":"\n\t\t<!-- All in One SEO 4.9.10 - aioseo.com -->\n\t<meta name=\"description\" content=\"Co ubra\u0107 latem w g\u00f3ry? D\u0142ugie spodnie turystyczne czy kr\u00f3tkie spodenki w g\u00f3ry? A mo\u017ce spodnie z odpinanymi nogawkami? Sprawd\u017a, kiedy wybra\u0107 jakie spodnie.\" \/>\n\t<meta name=\"robots\" content=\"max-image-preview:large\" \/>\n\t<meta name=\"author\" content=\"Redakcja skalnik.pl\"\/>\n\t<link rel=\"canonical\" href=\"https:\/\/www.skalnik.pl\/blog\/lato-w-gorach-spodnie-czy-spodenki\/\" \/>\n\t<meta name=\"generator\" content=\"All in One SEO (AIOSEO) 4.9.10\" \/>\n\t\t<meta property=\"og:locale\" content=\"pl_PL\" \/>\n\t\t<meta property=\"og:site_name\" content=\"blog Skalnik - Blog, porady, artyku\u0142y - blog Skalnik\" \/>\n\t\t<meta property=\"og:type\" content=\"article\" \/>\n\t\t<meta property=\"og:title\" content=\"Lato w g\u00f3rach \u2013 spodnie czy spodenki? - blog Skalnik\" \/>\n\t\t<meta property=\"og:description\" content=\"Co ubra\u0107 latem w g\u00f3ry? D\u0142ugie spodnie turystyczne czy kr\u00f3tkie spodenki w g\u00f3ry? A mo\u017ce spodnie z odpinanymi nogawkami? Sprawd\u017a, kiedy wybra\u0107 jakie spodnie.\" \/>\n\t\t<meta property=\"og:url\" content=\"https:\/\/www.skalnik.pl\/blog\/lato-w-gorach-spodnie-czy-spodenki\/\" \/>\n\t\t<meta property=\"og:image\" content=\"https:\/\/skalnik.pl\/blog\/wp-content\/uploads\/2021\/06\/Kr\u00f3tkie-czy-d\u0142ugie-spodnie.jpg\" \/>\n\t\t<meta property=\"og:image:secure_url\" content=\"https:\/\/skalnik.pl\/blog\/wp-content\/uploads\/2021\/06\/Kr\u00f3tkie-czy-d\u0142ugie-spodnie.jpg\" \/>\n\t\t<meta property=\"article:tag\" content=\"porady\" \/>\n\t\t<meta property=\"article:tag\" content=\"lato\" \/>\n\t\t<meta property=\"article:tag\" content=\"odzie\u017c\" \/>\n\t\t<meta property=\"article:tag\" content=\"spodnie trekkingowe\" \/>\n\t\t<meta property=\"article:published_time\" content=\"2021-06-23T06:13:00+00:00\" \/>\n\t\t<meta property=\"article:modified_time\" content=\"2022-07-04T06:07:40+00:00\" \/>\n\t\t<meta name=\"twitter:card\" content=\"summary_large_image\" \/>\n\t\t<meta name=\"twitter:title\" content=\"Lato w g\u00f3rach \u2013 spodnie czy spodenki? - blog Skalnik\" \/>\n\t\t<meta name=\"twitter:description\" content=\"Co ubra\u0107 latem w g\u00f3ry? D\u0142ugie spodnie turystyczne czy kr\u00f3tkie spodenki w g\u00f3ry? A mo\u017ce spodnie z odpinanymi nogawkami? Sprawd\u017a, kiedy wybra\u0107 jakie spodnie.\" \/>\n\t\t<meta name=\"twitter:image\" content=\"https:\/\/skalnik.pl\/blog\/wp-content\/uploads\/2021\/06\/Kr\u00f3tkie-czy-d\u0142ugie-spodnie.jpg\" \/>\n\t\t<script type=\"application\/ld+json\" class=\"aioseo-schema\">\n\t\t\t{\"@context\":\"https:\\\/\\\/schema.org\",\"@graph\":[{\"@type\":\"BlogPosting\",\"@id\":\"https:\\\/\\\/www.skalnik.pl\\\/blog\\\/lato-w-gorach-spodnie-czy-spodenki\\\/#blogposting\",\"name\":\"Lato w g\\u00f3rach \\u2013 spodnie czy spodenki? - blog Skalnik\",\"headline\":\"Lato w g\\u00f3rach \\u2013 spodnie czy spodenki?\",\"author\":{\"@id\":\"https:\\\/\\\/www.skalnik.pl\\\/blog\\\/author\\\/redakcja-skalnik-pl\\\/#author\"},\"publisher\":{\"@id\":\"https:\\\/\\\/www.skalnik.pl\\\/blog\\\/#organization\"},\"image\":{\"@type\":\"ImageObject\",\"url\":\"https:\\\/\\\/www.skalnik.pl\\\/blog\\\/wp-content\\\/uploads\\\/2021\\\/06\\\/Kr\\u00f3tkie-spodenki-w-g\\u00f3ry.png\",\"width\":1920,\"height\":705,\"caption\":\"Kr\\u00f3tkie spodenki g\\u00f3rskie\"},\"datePublished\":\"2021-06-23T08:13:00+02:00\",\"dateModified\":\"2022-07-04T08:07:40+02:00\",\"inLanguage\":\"pl-PL\",\"mainEntityOfPage\":{\"@id\":\"https:\\\/\\\/www.skalnik.pl\\\/blog\\\/lato-w-gorach-spodnie-czy-spodenki\\\/#webpage\"},\"isPartOf\":{\"@id\":\"https:\\\/\\\/www.skalnik.pl\\\/blog\\\/lato-w-gorach-spodnie-czy-spodenki\\\/#webpage\"},\"articleSection\":\"Porady, lato, odzie\\u017c, spodnie trekkingowe, 1096\"},{\"@type\":\"BreadcrumbList\",\"@id\":\"https:\\\/\\\/www.skalnik.pl\\\/blog\\\/lato-w-gorach-spodnie-czy-spodenki\\\/#breadcrumblist\",\"itemListElement\":[{\"@type\":\"ListItem\",\"@id\":\"https:\\\/\\\/www.skalnik.pl\\\/blog#listItem\",\"position\":1,\"name\":\"Home\",\"item\":\"https:\\\/\\\/www.skalnik.pl\\\/blog\",\"nextItem\":{\"@type\":\"ListItem\",\"@id\":\"https:\\\/\\\/www.skalnik.pl\\\/blog\\\/.\\\/porady\\\/#listItem\",\"name\":\"Porady\"}},{\"@type\":\"ListItem\",\"@id\":\"https:\\\/\\\/www.skalnik.pl\\\/blog\\\/.\\\/porady\\\/#listItem\",\"position\":2,\"name\":\"Porady\",\"item\":\"https:\\\/\\\/www.skalnik.pl\\\/blog\\\/.\\\/porady\\\/\",\"nextItem\":{\"@type\":\"ListItem\",\"@id\":\"https:\\\/\\\/www.skalnik.pl\\\/blog\\\/lato-w-gorach-spodnie-czy-spodenki\\\/#listItem\",\"name\":\"Lato w g\\u00f3rach \\u2013 spodnie czy spodenki?\"},\"previousItem\":{\"@type\":\"ListItem\",\"@id\":\"https:\\\/\\\/www.skalnik.pl\\\/blog#listItem\",\"name\":\"Home\"}},{\"@type\":\"ListItem\",\"@id\":\"https:\\\/\\\/www.skalnik.pl\\\/blog\\\/lato-w-gorach-spodnie-czy-spodenki\\\/#listItem\",\"position\":3,\"name\":\"Lato w g\\u00f3rach \\u2013 spodnie czy spodenki?\",\"previousItem\":{\"@type\":\"ListItem\",\"@id\":\"https:\\\/\\\/www.skalnik.pl\\\/blog\\\/.\\\/porady\\\/#listItem\",\"name\":\"Porady\"}}]},{\"@type\":\"Organization\",\"@id\":\"https:\\\/\\\/www.skalnik.pl\\\/blog\\\/#organization\",\"name\":\"blog Skalnik\",\"description\":\"Blog, porady, artyku\\u0142y - blog Skalnik\",\"url\":\"https:\\\/\\\/www.skalnik.pl\\\/blog\\\/\"},{\"@type\":\"Person\",\"@id\":\"https:\\\/\\\/www.skalnik.pl\\\/blog\\\/author\\\/redakcja-skalnik-pl\\\/#author\",\"url\":\"https:\\\/\\\/www.skalnik.pl\\\/blog\\\/author\\\/redakcja-skalnik-pl\\\/\",\"name\":\"Redakcja skalnik.pl\",\"image\":{\"@type\":\"ImageObject\",\"@id\":\"https:\\\/\\\/www.skalnik.pl\\\/blog\\\/lato-w-gorach-spodnie-czy-spodenki\\\/#authorImage\",\"url\":\"https:\\\/\\\/secure.gravatar.com\\\/avatar\\\/7eab29b048aaf0899cd9a145e9adb814e2130ced31e65b454b902500bea65f9e?s=96&d=mm&r=g\",\"width\":96,\"height\":96,\"caption\":\"Redakcja skalnik.pl\"}},{\"@type\":\"WebPage\",\"@id\":\"https:\\\/\\\/www.skalnik.pl\\\/blog\\\/lato-w-gorach-spodnie-czy-spodenki\\\/#webpage\",\"url\":\"https:\\\/\\\/www.skalnik.pl\\\/blog\\\/lato-w-gorach-spodnie-czy-spodenki\\\/\",\"name\":\"Lato w g\\u00f3rach \\u2013 spodnie czy spodenki? - blog Skalnik\",\"description\":\"Co ubra\\u0107 latem w g\\u00f3ry? D\\u0142ugie spodnie turystyczne czy kr\\u00f3tkie spodenki w g\\u00f3ry? A mo\\u017ce spodnie z odpinanymi nogawkami? Sprawd\\u017a, kiedy wybra\\u0107 jakie spodnie.\",\"inLanguage\":\"pl-PL\",\"isPartOf\":{\"@id\":\"https:\\\/\\\/www.skalnik.pl\\\/blog\\\/#website\"},\"breadcrumb\":{\"@id\":\"https:\\\/\\\/www.skalnik.pl\\\/blog\\\/lato-w-gorach-spodnie-czy-spodenki\\\/#breadcrumblist\"},\"author\":{\"@id\":\"https:\\\/\\\/www.skalnik.pl\\\/blog\\\/author\\\/redakcja-skalnik-pl\\\/#author\"},\"creator\":{\"@id\":\"https:\\\/\\\/www.skalnik.pl\\\/blog\\\/author\\\/redakcja-skalnik-pl\\\/#author\"},\"image\":{\"@type\":\"ImageObject\",\"url\":\"https:\\\/\\\/www.skalnik.pl\\\/blog\\\/wp-content\\\/uploads\\\/2021\\\/06\\\/Kr\\u00f3tkie-spodenki-w-g\\u00f3ry.png\",\"@id\":\"https:\\\/\\\/www.skalnik.pl\\\/blog\\\/lato-w-gorach-spodnie-czy-spodenki\\\/#mainImage\",\"width\":1920,\"height\":705,\"caption\":\"Kr\\u00f3tkie spodenki g\\u00f3rskie\"},\"primaryImageOfPage\":{\"@id\":\"https:\\\/\\\/www.skalnik.pl\\\/blog\\\/lato-w-gorach-spodnie-czy-spodenki\\\/#mainImage\"},\"datePublished\":\"2021-06-23T08:13:00+02:00\",\"dateModified\":\"2022-07-04T08:07:40+02:00\"},{\"@type\":\"WebSite\",\"@id\":\"https:\\\/\\\/www.skalnik.pl\\\/blog\\\/#website\",\"url\":\"https:\\\/\\\/www.skalnik.pl\\\/blog\\\/\",\"name\":\"blog Skalnik\",\"description\":\"Blog, porady, artyku\\u0142y - blog Skalnik\",\"inLanguage\":\"pl-PL\",\"publisher\":{\"@id\":\"https:\\\/\\\/www.skalnik.pl\\\/blog\\\/#organization\"}}]}\n\t\t<\/script>\n\t\t<!-- All in One SEO -->\n\n","aioseo_head_json":{"title":"Lato w g\u00f3rach \u2013 spodnie czy spodenki? - blog Skalnik","description":"Co ubra\u0107 latem w g\u00f3ry? D\u0142ugie spodnie turystyczne czy kr\u00f3tkie spodenki w g\u00f3ry? A mo\u017ce spodnie z odpinanymi nogawkami? Sprawd\u017a, kiedy wybra\u0107 jakie spodnie.","canonical_url":"https:\/\/www.skalnik.pl\/blog\/lato-w-gorach-spodnie-czy-spodenki\/","robots":"max-image-preview:large","keywords":"","webmasterTools":{"miscellaneous":""},"schema":{"@context":"https:\/\/schema.org","@graph":[{"@type":"BlogPosting","@id":"https:\/\/www.skalnik.pl\/blog\/lato-w-gorach-spodnie-czy-spodenki\/#blogposting","name":"Lato w g\u00f3rach \u2013 spodnie czy spodenki? - blog Skalnik","headline":"Lato w g\u00f3rach \u2013 spodnie czy spodenki?","author":{"@id":"https:\/\/www.skalnik.pl\/blog\/author\/redakcja-skalnik-pl\/#author"},"publisher":{"@id":"https:\/\/www.skalnik.pl\/blog\/#organization"},"image":{"@type":"ImageObject","url":"https:\/\/www.skalnik.pl\/blog\/wp-content\/uploads\/2021\/06\/Kr\u00f3tkie-spodenki-w-g\u00f3ry.png","width":1920,"height":705,"caption":"Kr\u00f3tkie spodenki g\u00f3rskie"},"datePublished":"2021-06-23T08:13:00+02:00","dateModified":"2022-07-04T08:07:40+02:00","inLanguage":"pl-PL","mainEntityOfPage":{"@id":"https:\/\/www.skalnik.pl\/blog\/lato-w-gorach-spodnie-czy-spodenki\/#webpage"},"isPartOf":{"@id":"https:\/\/www.skalnik.pl\/blog\/lato-w-gorach-spodnie-czy-spodenki\/#webpage"},"articleSection":"Porady, lato, odzie\u017c, spodnie trekkingowe, 1096"},{"@type":"BreadcrumbList","@id":"https:\/\/www.skalnik.pl\/blog\/lato-w-gorach-spodnie-czy-spodenki\/#breadcrumblist","itemListElement":[{"@type":"ListItem","@id":"https:\/\/www.skalnik.pl\/blog#listItem","position":1,"name":"Home","item":"https:\/\/www.skalnik.pl\/blog","nextItem":{"@type":"ListItem","@id":"https:\/\/www.skalnik.pl\/blog\/.\/porady\/#listItem","name":"Porady"}},{"@type":"ListItem","@id":"https:\/\/www.skalnik.pl\/blog\/.\/porady\/#listItem","position":2,"name":"Porady","item":"https:\/\/www.skalnik.pl\/blog\/.\/porady\/","nextItem":{"@type":"ListItem","@id":"https:\/\/www.skalnik.pl\/blog\/lato-w-gorach-spodnie-czy-spodenki\/#listItem","name":"Lato w g\u00f3rach \u2013 spodnie czy spodenki?"},"previousItem":{"@type":"ListItem","@id":"https:\/\/www.skalnik.pl\/blog#listItem","name":"Home"}},{"@type":"ListItem","@id":"https:\/\/www.skalnik.pl\/blog\/lato-w-gorach-spodnie-czy-spodenki\/#listItem","position":3,"name":"Lato w g\u00f3rach \u2013 spodnie czy spodenki?","previousItem":{"@type":"ListItem","@id":"https:\/\/www.skalnik.pl\/blog\/.\/porady\/#listItem","name":"Porady"}}]},{"@type":"Organization","@id":"https:\/\/www.skalnik.pl\/blog\/#organization","name":"blog Skalnik","description":"Blog, porady, artyku\u0142y - blog Skalnik","url":"https:\/\/www.skalnik.pl\/blog\/"},{"@type":"Person","@id":"https:\/\/www.skalnik.pl\/blog\/author\/redakcja-skalnik-pl\/#author","url":"https:\/\/www.skalnik.pl\/blog\/author\/redakcja-skalnik-pl\/","name":"Redakcja skalnik.pl","image":{"@type":"ImageObject","@id":"https:\/\/www.skalnik.pl\/blog\/lato-w-gorach-spodnie-czy-spodenki\/#authorImage","url":"https:\/\/secure.gravatar.com\/avatar\/7eab29b048aaf0899cd9a145e9adb814e2130ced31e65b454b902500bea65f9e?s=96&d=mm&r=g","width":96,"height":96,"caption":"Redakcja skalnik.pl"}},{"@type":"WebPage","@id":"https:\/\/www.skalnik.pl\/blog\/lato-w-gorach-spodnie-czy-spodenki\/#webpage","url":"https:\/\/www.skalnik.pl\/blog\/lato-w-gorach-spodnie-czy-spodenki\/","name":"Lato w g\u00f3rach \u2013 spodnie czy spodenki? - blog Skalnik","description":"Co ubra\u0107 latem w g\u00f3ry? D\u0142ugie spodnie turystyczne czy kr\u00f3tkie spodenki w g\u00f3ry? A mo\u017ce spodnie z odpinanymi nogawkami? Sprawd\u017a, kiedy wybra\u0107 jakie spodnie.","inLanguage":"pl-PL","isPartOf":{"@id":"https:\/\/www.skalnik.pl\/blog\/#website"},"breadcrumb":{"@id":"https:\/\/www.skalnik.pl\/blog\/lato-w-gorach-spodnie-czy-spodenki\/#breadcrumblist"},"author":{"@id":"https:\/\/www.skalnik.pl\/blog\/author\/redakcja-skalnik-pl\/#author"},"creator":{"@id":"https:\/\/www.skalnik.pl\/blog\/author\/redakcja-skalnik-pl\/#author"},"image":{"@type":"ImageObject","url":"https:\/\/www.skalnik.pl\/blog\/wp-content\/uploads\/2021\/06\/Kr\u00f3tkie-spodenki-w-g\u00f3ry.png","@id":"https:\/\/www.skalnik.pl\/blog\/lato-w-gorach-spodnie-czy-spodenki\/#mainImage","width":1920,"height":705,"caption":"Kr\u00f3tkie spodenki g\u00f3rskie"},"primaryImageOfPage":{"@id":"https:\/\/www.skalnik.pl\/blog\/lato-w-gorach-spodnie-czy-spodenki\/#mainImage"},"datePublished":"2021-06-23T08:13:00+02:00","dateModified":"2022-07-04T08:07:40+02:00"},{"@type":"WebSite","@id":"https:\/\/www.skalnik.pl\/blog\/#website","url":"https:\/\/www.skalnik.pl\/blog\/","name":"blog Skalnik","description":"Blog, porady, artyku\u0142y - blog Skalnik","inLanguage":"pl-PL","publisher":{"@id":"https:\/\/www.skalnik.pl\/blog\/#organization"}}]},"og:locale":"pl_PL","og:site_name":"blog Skalnik - Blog, porady, artyku\u0142y - blog Skalnik","og:type":"article","og:title":"Lato w g\u00f3rach \u2013 spodnie czy spodenki? - blog Skalnik","og:description":"Co ubra\u0107 latem w g\u00f3ry? D\u0142ugie spodnie turystyczne czy kr\u00f3tkie spodenki w g\u00f3ry? A mo\u017ce spodnie z odpinanymi nogawkami? Sprawd\u017a, kiedy wybra\u0107 jakie spodnie.","og:url":"https:\/\/www.skalnik.pl\/blog\/lato-w-gorach-spodnie-czy-spodenki\/","og:image":"https:\/\/skalnik.pl\/blog\/wp-content\/uploads\/2021\/06\/Kr\u00f3tkie-czy-d\u0142ugie-spodnie.jpg","og:image:secure_url":"https:\/\/skalnik.pl\/blog\/wp-content\/uploads\/2021\/06\/Kr\u00f3tkie-czy-d\u0142ugie-spodnie.jpg","article:tag":["porady","lato","odzie\u017c","spodnie trekkingowe"],"article:published_time":"2021-06-23T06:13:00+00:00","article:modified_time":"2022-07-04T06:07:40+00:00","twitter:card":"summary_large_image","twitter:title":"Lato w g\u00f3rach \u2013 spodnie czy spodenki? - blog Skalnik","twitter:description":"Co ubra\u0107 latem w g\u00f3ry? D\u0142ugie spodnie turystyczne czy kr\u00f3tkie spodenki w g\u00f3ry? A mo\u017ce spodnie z odpinanymi nogawkami? Sprawd\u017a, kiedy wybra\u0107 jakie spodnie.","twitter:image":"https:\/\/skalnik.pl\/blog\/wp-content\/uploads\/2021\/06\/Kr\u00f3tkie-czy-d\u0142ugie-spodnie.jpg"},"aioseo_meta_data":{"post_id":"17025","title":null,"description":"Co ubra\u0107 latem w g\u00f3ry? D\u0142ugie spodnie turystyczne czy kr\u00f3tkie spodenki w g\u00f3ry? A mo\u017ce spodnie z odpinanymi nogawkami? Sprawd\u017a, kiedy wybra\u0107 jakie spodnie.","keywords":[{"label":"spodnie turystyczne","value":"spodnie turystyczne"},{"label":"spodnie z odpinanymi nogawkami","value":"spodnie z odpinanymi nogawkami"},{"label":"jakie spodnie w g\u00f3ry","value":"jakie spodnie w g\u00f3ry"},{"label":"spodenki turystyczne","value":"spodenki turystyczne"},{"label":"kr\u00f3tkie spodnie w g\u00f3ry","value":"kr\u00f3tkie spodnie w g\u00f3ry"}],"keyphrases":null,"primary_term":null,"canonical_url":"","og_title":null,"og_description":null,"og_object_type":"default","og_image_type":"default","og_image_url":null,"og_image_width":null,"og_image_height":null,"og_image_custom_url":null,"og_image_custom_fields":null,"og_video":null,"og_custom_url":null,"og_article_section":null,"og_article_tags":null,"twitter_use_og":false,"twitter_card":"default","twitter_image_type":"default","twitter_image_url":null,"twitter_image_custom_url":null,"twitter_image_custom_fields":null,"twitter_title":null,"twitter_description":null,"schema":{"blockGraphs":[],"customGraphs":[],"default":{"data":{"Article":[],"Course":[],"Dataset":[],"FAQPage":[],"Movie":[],"Person":[],"Product":[],"ProductReview":[],"Car":[],"Recipe":[],"Service":[],"SoftwareApplication":[],"WebPage":[]},"graphName":"BlogPosting","isEnabled":true},"graphs":[]},"schema_type":"default","schema_type_options":null,"pillar_content":false,"robots_default":true,"robots_noindex":false,"robots_noarchive":false,"robots_nosnippet":false,"robots_nofollow":false,"robots_noimageindex":false,"robots_noodp":false,"robots_notranslate":false,"robots_max_snippet":null,"robots_max_videopreview":null,"robots_max_imagepreview":"large","priority":null,"frequency":null,"local_seo":null,"breadcrumb_settings":null,"limit_modified_date":false,"ai":null,"created":"2022-08-26 10:36:24","updated":"2026-02-17 22:11:30","seo_analyzer_scan_date":null},"aioseo_breadcrumb":"<div class=\"aioseo-breadcrumbs\"><span class=\"aioseo-breadcrumb\">\n\t\t\t<a href=\"https:\/\/www.skalnik.pl\/blog\" title=\"Home\">Home<\/a>\n\t\t<\/span><span class=\"aioseo-breadcrumb-separator\">&raquo;<\/span><span class=\"aioseo-breadcrumb\">\n\t\t\t<a href=\"https:\/\/www.skalnik.pl\/blog\/.\/porady\/\" title=\"Porady\">Porady<\/a>\n\t\t<\/span><span class=\"aioseo-breadcrumb-separator\">&raquo;<\/span><span class=\"aioseo-breadcrumb\">\n\t\t\tLato w g\u00f3rach \u2013 spodnie czy spodenki?\n\t\t<\/span><\/div>","aioseo_breadcrumb_json":[{"label":"Home","link":"https:\/\/www.skalnik.pl\/blog"},{"label":"Porady","link":"https:\/\/www.skalnik.pl\/blog\/.\/porady\/"},{"label":"Lato w g\u00f3rach \u2013 spodnie czy spodenki?","link":"https:\/\/www.skalnik.pl\/blog\/lato-w-gorach-spodnie-czy-spodenki\/"}],"_links":{"self":[{"href":"https:\/\/www.skalnik.pl\/blog\/wp-json\/wp\/v2\/posts\/17025","targetHints":{"allow":["GET"]}}],"collection":[{"href":"https:\/\/www.skalnik.pl\/blog\/wp-json\/wp\/v2\/posts"}],"about":[{"href":"https:\/\/www.skalnik.pl\/blog\/wp-json\/wp\/v2\/types\/post"}],"author":[{"embeddable":true,"href":"https:\/\/www.skalnik.pl\/blog\/wp-json\/wp\/v2\/users\/7"}],"replies":[{"embeddable":true,"href":"https:\/\/www.skalnik.pl\/blog\/wp-json\/wp\/v2\/comments?post=17025"}],"version-history":[{"count":11,"href":"https:\/\/www.skalnik.pl\/blog\/wp-json\/wp\/v2\/posts\/17025\/revisions"}],"predecessor-version":[{"id":17063,"href":"https:\/\/www.skalnik.pl\/blog\/wp-json\/wp\/v2\/posts\/17025\/revisions\/17063"}],"wp:featuredmedia":[{"embeddable":true,"href":"https:\/\/www.skalnik.pl\/blog\/wp-json\/wp\/v2\/media\/17040"}],"wp:attachment":[{"href":"https:\/\/www.skalnik.pl\/blog\/wp-json\/wp\/v2\/media?parent=17025"}],"wp:term":[{"taxonomy":"category","embeddable":true,"href":"https:\/\/www.skalnik.pl\/blog\/wp-json\/wp\/v2\/categories?post=17025"},{"taxonomy":"post_tag","embeddable":true,"href":"https:\/\/www.skalnik.pl\/blog\/wp-json\/wp\/v2\/tags?post=17025"},{"taxonomy":"magento_category","embeddable":true,"href":"https:\/\/www.skalnik.pl\/blog\/wp-json\/wp\/v2\/magento_category?post=17025"},{"taxonomy":"magento_product","embeddable":true,"href":"https:\/\/www.skalnik.pl\/blog\/wp-json\/wp\/v2\/magento_product?post=17025"}],"curies":[{"name":"wp","href":"https:\/\/api.w.org\/{rel}","templated":true}]}}