{"id":17131,"date":"2021-07-07T10:29:00","date_gmt":"2021-07-07T08:29:00","guid":{"rendered":"https:\/\/skalnik.pl\/blog\/?p=17131"},"modified":"2024-05-21T08:50:29","modified_gmt":"2024-05-21T06:50:29","slug":"szlaki-w-tatrach-dla-sredniozaawansowanych","status":"publish","type":"post","link":"https:\/\/www.skalnik.pl\/blog\/szlaki-w-tatrach-dla-sredniozaawansowanych\/","title":{"rendered":"Szlaki w Tatrach dla \u015bredniozaawansowanych"},"content":{"rendered":"\n<p><strong>Je\u015bli po\u0142kn\u0119\u0142a\u015b lub po\u0142kn\u0105\u0142e\u015b tatrza\u0144skiego bakcyla i z dolin zadzierasz g\u0142ow\u0119 wysoko na otaczaj\u0105ce ci\u0119 g\u00f3ry, pora by ruszy\u0107 na nieco trudniejsze szlaki. B\u0119d\u0105 to w\u0119dr\u00f3wki d\u0142u\u017csze, szlaki przebiegaj\u0105ce przez r\u00f3\u017cne szczyty w Tatrach i trasy po zr\u00f3\u017cnicowanym terenie.<\/strong><\/p>\n\n\n\n<p>Tatry wi\u0119kszo\u015bci z nas kojarz\u0105 si\u0119 ze skalistymi turniami, poszarpanymi kraw\u0119dziami na tle nieba, ze \u017clebami i piargami. Z takich widok\u00f3w s\u0142yn\u0105 Tatry Wysokie, w kt\u00f3rych znajdziesz ca\u0142\u0105 gam\u0119 szlak\u00f3w od naj\u0142atwiejszych po ekstremalne. Te, kt\u00f3re opisa\u0142am, sama przemierzy\u0142am wielokrotnie na r\u00f3\u017cnych etapach mojej znajomo\u015bci z najwy\u017cszymi polskimi g\u00f3rami. S\u0105 one do pokonania dla przeci\u0119tnie sprawnego turysty, kt\u00f3ry ma za sob\u0105 do\u015bwiadczenie w ca\u0142odziennych g\u00f3rskich w\u0119dr\u00f3wkach. Oto subiektywne zestawienie: szlaki w Tatrach dla \u015bredniozaawansowanych.<\/p>\n\n\n\n<div id=\"ez-toc-container\" class=\"ez-toc-v2_0_85 counter-hierarchy ez-toc-counter ez-toc-light-blue ez-toc-container-direction\">\n<div class=\"ez-toc-title-container\">\n<p class=\"ez-toc-title\" style=\"cursor:inherit\">SPIS TRE\u015aCI <\/p>\n<span class=\"ez-toc-title-toggle\"><a href=\"#\" class=\"ez-toc-pull-right ez-toc-btn ez-toc-btn-xs ez-toc-btn-default ez-toc-toggle\" aria-label=\"Prze\u0142\u0105cznik Spisu Tre\u015bci\"><span class=\"ez-toc-js-icon-con\"><span class=\"\"><span class=\"eztoc-hide\" style=\"display:none;\">Toggle<\/span><span class=\"ez-toc-icon-toggle-span\"><svg style=\"fill: #999;color:#999\" xmlns=\"http:\/\/www.w3.org\/2000\/svg\" class=\"list-377408\" width=\"20px\" height=\"20px\" viewBox=\"0 0 24 24\" fill=\"none\"><path d=\"M6 6H4v2h2V6zm14 0H8v2h12V6zM4 11h2v2H4v-2zm16 0H8v2h12v-2zM4 16h2v2H4v-2zm16 0H8v2h12v-2z\" fill=\"currentColor\"><\/path><\/svg><svg style=\"fill: #999;color:#999\" class=\"arrow-unsorted-368013\" xmlns=\"http:\/\/www.w3.org\/2000\/svg\" width=\"10px\" height=\"10px\" viewBox=\"0 0 24 24\" version=\"1.2\" baseProfile=\"tiny\"><path d=\"M18.2 9.3l-6.2-6.3-6.2 6.3c-.2.2-.3.4-.3.7s.1.5.3.7c.2.2.4.3.7.3h11c.3 0 .5-.1.7-.3.2-.2.3-.5.3-.7s-.1-.5-.3-.7zM5.8 14.7l6.2 6.3 6.2-6.3c.2-.2.3-.5.3-.7s-.1-.5-.3-.7c-.2-.2-.4-.3-.7-.3h-11c-.3 0-.5.1-.7.3-.2.2-.3.5-.3.7s.1.5.3.7z\"\/><\/svg><\/span><\/span><\/span><\/a><\/span><\/div>\n<nav><ul class='ez-toc-list ez-toc-list-level-1 ' ><li class='ez-toc-page-1 ez-toc-heading-level-2'><a class=\"ez-toc-link ez-toc-heading-1\" href=\"https:\/\/www.skalnik.pl\/blog\/szlaki-w-tatrach-dla-sredniozaawansowanych\/#Morskie_Oko_niebanalnie\" >Morskie Oko niebanalnie<\/a><\/li><li class='ez-toc-page-1 ez-toc-heading-level-2'><a class=\"ez-toc-link ez-toc-heading-2\" href=\"https:\/\/www.skalnik.pl\/blog\/szlaki-w-tatrach-dla-sredniozaawansowanych\/#Szlaki_przez_Zawrat\" >Szlaki przez Zawrat<\/a><ul class='ez-toc-list-level-3' ><li class='ez-toc-heading-level-3'><a class=\"ez-toc-link ez-toc-heading-3\" href=\"https:\/\/www.skalnik.pl\/blog\/szlaki-w-tatrach-dla-sredniozaawansowanych\/#Wariant_1_Z_Hali_Gasienicowej_do_Doliny_Pieciu_Stawow_Polskich\" >Wariant 1. Z Hali G\u0105sienicowej do Doliny Pi\u0119ciu Staw\u00f3w Polskich<\/a><\/li><li class='ez-toc-page-1 ez-toc-heading-level-3'><a class=\"ez-toc-link ez-toc-heading-4\" href=\"https:\/\/www.skalnik.pl\/blog\/szlaki-w-tatrach-dla-sredniozaawansowanych\/#Wariant_2_Przez_Zawrat_i_Swinice_na_Kasprowy_Wierch\" >Wariant 2. Przez Zawrat i \u015awinic\u0119 na Kasprowy Wierch<\/a><\/li><li class='ez-toc-page-1 ez-toc-heading-level-3'><a class=\"ez-toc-link ez-toc-heading-5\" href=\"https:\/\/www.skalnik.pl\/blog\/szlaki-w-tatrach-dla-sredniozaawansowanych\/#Wariant_3_Przez_Swinie_i_Koscielec\" >Wariant 3. Przez \u015awini\u0119 i Ko\u015bcielec<\/a><\/li><\/ul><\/li><li class='ez-toc-page-1 ez-toc-heading-level-2'><a class=\"ez-toc-link ez-toc-heading-6\" href=\"https:\/\/www.skalnik.pl\/blog\/szlaki-w-tatrach-dla-sredniozaawansowanych\/#Szlak_przez_Czerwone_Wierchy\" >Szlak przez Czerwone Wierchy<\/a><\/li><li class='ez-toc-page-1 ez-toc-heading-level-2'><a class=\"ez-toc-link ez-toc-heading-7\" href=\"https:\/\/www.skalnik.pl\/blog\/szlaki-w-tatrach-dla-sredniozaawansowanych\/#Szlaki_w_Tatrach_dla_kazdego\" >Szlaki w Tatrach dla ka\u017cdego<\/a><\/li><\/ul><\/nav><\/div>\n<h2 class=\"wp-block-heading\"><span class=\"ez-toc-section\" id=\"Morskie_Oko_niebanalnie\"><\/span>Morskie Oko niebanalnie<span class=\"ez-toc-section-end\"><\/span><\/h2>\n\n\n\n<p><em>Szlak: czerwony (Palenica Bia\u0142cza\u0144ska \u2013 Wodogrzmoty Mickiewicza), zielony (Wodogrzmoty \u2013 Dolina 5 Staw\u00f3w Polskich), niebieski (Dolina 5 Staw\u00f3w Polskich \u2013 Morskie Oko), czerwony (Morskie Oko \u2013 Palenica Bia\u0142cza\u0144ska)<\/em><\/p>\n\n\n\n<p><em>Czas przej\u015bcia: 8,5 godz. (ca\u0142o\u015b\u0107 trasy)<\/em><\/p>\n\n\n\n<p><em>Po\u0142o\u017cenie: dojazd (busem lub samochodem) na parking Palenica Bia\u0142cza\u0144ska (uwaga w sezonie oraz w weekendy lepiej zarezerwowa\u0107 miejsce online). Trasa jest p\u0119tl\u0105, pocz\u0105tek i koniec w tym samym miejscu.<\/em><\/p>\n\n\n\n<p>Morskie Oko to mekka wszystkich udaj\u0105cych si\u0119 w Tatry. Asfaltowy szlak zostawmy jednak rodzicom, kt\u00f3rzy maj\u0105 ma\u0142e dzieci, osobom z niepe\u0142nosprawno\u015bciami czy seniorom. Nad najpopularniejszy tatrza\u0144ski staw da si\u0119 dotrze\u0107 okr\u0119\u017cn\u0105 i bardziej malownicz\u0105 drog\u0105. Pierwszy odcinek wiedzie (niestety) asfaltem, ale zaraz za Wodogrzmotami Mickiewicza trzeba skr\u0119ci\u0107 w szlak zielony biegn\u0105cy pi\u0119kn\u0105 Dolin\u0105 Roztoki.<\/p>\n\n\n<div class=\"wp-block-image\">\n<figure class=\"aligncenter size-large\"><img loading=\"lazy\" decoding=\"async\" width=\"1024\" height=\"768\" src=\"https:\/\/skalnik.pl\/blog\/wp-content\/uploads\/2021\/05\/moko.jpg\" alt=\"widok na mnicha i morskie oko \" class=\"wp-image-16880\" srcset=\"https:\/\/www.skalnik.pl\/blog\/wp-content\/uploads\/2021\/05\/moko.jpg 1024w, https:\/\/www.skalnik.pl\/blog\/wp-content\/uploads\/2021\/05\/moko-300x225.jpg 300w, https:\/\/www.skalnik.pl\/blog\/wp-content\/uploads\/2021\/05\/moko-768x576.jpg 768w\" sizes=\"auto, (max-width: 1024px) 100vw, 1024px\" \/><figcaption class=\"wp-element-caption\"><em>Najbardziej rozpoznawalny widok z polskich Tatr &#8211; Morskie Oko i g\u00f3ruj\u0105ce nad nim szczyty<\/em><\/figcaption><\/figure>\n<\/div>\n\n\n<p>Ten odcinek trasy opisa\u0142am jako <a href=\"https:\/\/skalnik.pl\/blog\/tatry-z-dziecmi-latwe-szlaki\/\" target=\"_blank\" rel=\"noreferrer noopener\">propozycj\u0119 w\u0119dr\u00f3wki z dzie\u0107mi<\/a> \u2013 nie jest bardzo wymagaj\u0105cy. Trudno\u015bci zaczynaj\u0105 si\u0119 przy Siklawie, najwy\u017cszym polskim wodospadzie. Tu warto zachowa\u0107 ostro\u017cno\u015b\u0107, bo szlak biegnie ostro w g\u00f3r\u0119 po skalnym progu. Gdy jednak masz t\u0119 drog\u0119 za sob\u0105 jeste\u015b w przepi\u0119knej Dolinie Pi\u0119ciu Staw\u00f3w Polskich. Doliny co prawda nie mo\u017cna obej\u015b\u0107 (latem) dooko\u0142a, ale zach\u0119cam na przej\u015bcie dodatkowych metr\u00f3w, by podziwia\u0107 niezwyk\u0142e pi\u0119kno tego miejsca. Punktem odpoczynku jest oczywi\u015bcie schronisko Pi\u0119\u0107 Staw\u00f3w. Prowadzi je od kilku ju\u017c pokole\u0144 rodzina Krzeptowskich. Tutejsza kuchnia naprawd\u0119 rozpieszcza podniebienia i dodaje energii do dalszej w\u0119dr\u00f3wki.<\/p>\n\n\n<div class=\"wp-block-image\">\n<figure class=\"aligncenter size-large\"><img loading=\"lazy\" decoding=\"async\" width=\"1024\" height=\"685\" src=\"https:\/\/skalnik.pl\/blog\/wp-content\/uploads\/2021\/06\/DSC_0133.jpg\" alt=\"Dolina Pi\u0119ciu Staw\u00f3w Polskich na wodzie nie ma ju\u017c lodu, ale na zboczach g\u00f3r widoczne spore \u0142achy \u015bniegu\" class=\"wp-image-17138\" srcset=\"https:\/\/www.skalnik.pl\/blog\/wp-content\/uploads\/2021\/06\/DSC_0133.jpg 1024w, https:\/\/www.skalnik.pl\/blog\/wp-content\/uploads\/2021\/06\/DSC_0133-300x201.jpg 300w, https:\/\/www.skalnik.pl\/blog\/wp-content\/uploads\/2021\/06\/DSC_0133-768x514.jpg 768w\" sizes=\"auto, (max-width: 1024px) 100vw, 1024px\" \/><figcaption class=\"wp-element-caption\"><em>Dolina Pi\u0119ciu Staw\u00f3w Polskich jest pi\u0119kna o ka\u017cdej porze roku<\/em><\/figcaption><\/figure>\n<\/div>\n\n\n<p>Dalej szlak wiedzie przez \u015awist\u00f3wk\u0119 Roztock\u0105 do Morskiego Oka. Ten odcinek trasy jest zamykany co roku od 1 grudnia do 15 maja, o czym dobrze pami\u0119ta\u0107 wybieraj\u0105c si\u0119 na pozasezonowe wycieczki. Zej\u015bcie jest do\u015b\u0107 wymagaj\u0105ce i trzeba zachowa\u0107 tu ostro\u017cno\u015b\u0107. Szlak jest w\u0105ski, a ruch odbywa si\u0119 dwukierunkowo. G\u00f3rski savoir vivre to nie tylko \u201ecze\u015b\u0107\u201d m\u00f3wione spotkanym osobom, ale tak\u017ce przepuszczanie w\u0119druj\u0105cych pod g\u00f3r\u0119. Kiedy szlak niebieski po\u0142\u0105czy si\u0119 z asfaltem, jeste\u015b bardzo blisko. Wchodz\u0105c tu zobaczysz panoram\u0119 przepi\u0119knych Tatr Wysokich z charakterystyczn\u0105 turni\u0105 Mnicha i dostojnymi Mi\u0119guszowieckimi Szczytami. Czerwony szlak okala Morskie Oko, z drugiej strony stawu zobaczysz, w jaki malowniczym miejscu postawiono schronisko Morskie Oko. Tu posilisz si\u0119 przed drog\u0105 powrotn\u0105, kt\u00f3r\u0105 trzeba pokona\u0107 asfaltem.<\/p>\n\n\n\n<div style=\"max-width:1000px;overflow:hidden;margin:0 auto;min-width:300px;\"><iframe src=\"https:\/\/mapa-turystyczna.pl\/map\/widget\/route\/h1l0p1\/2oz5.html\" style=\"width:100%;border:0;\" height=\"800\" frameborder=\"0\"><\/iframe><a href=\"https:\/\/mapa-turystyczna.pl\/route\/2oz5?utm_source=external_web&amp;utm_medium=widget&amp;utm_campaign=route_widget\" target=\"_blank\" style=\"color:#999;padding:7px 0;font-size: 13px;font-family:Roboto,Arial,sans-serif;display: inline-block;\" rel=\"noopener noreferrer\">Trasa: Palenica Bia\u0142cza\u0144ska \u2013 Palenica Bia\u0142cza\u0144ska | mapa-turystyczna.pl<\/a><\/div>\n\n\n\n<h2 class=\"wp-block-heading\"><span class=\"ez-toc-section\" id=\"Szlaki_przez_Zawrat\"><\/span>Szlaki przez Zawrat<span class=\"ez-toc-section-end\"><\/span><\/h2>\n\n\n\n<p>Na prze\u0142\u0119czy Zawrat krzy\u017cuj\u0105 si\u0119 dwa szlaki w czterech kierunkach. Przez prze\u0142\u0119cz przechodzi \u201eszlak przelotowy\u201d \u2013 t\u0119dy naj\u0142atwiej dosta\u0107 si\u0119 z Hali G\u0105sienicowej do Doliny Pi\u0119ciu Staw\u00f3w Polskich (lub odwrotnie). Pozosta\u0142e to szlaki jednokierunkowe. Jeden (jednokierunkowy od czerwca 2021) prowadzi na \u015awinic\u0119. Drugi na legendarn\u0105 Orl\u0105 Per\u0107, kt\u00f3ra na Zawracie ma sw\u00f3j pocz\u0105tek,<\/p>\n\n\n\n<p>Orla Per\u0107 to najtrudniejszy szlak w polskich Tatrach przeznaczony dla os\u00f3b ze sporym do\u015bwiadczeniem tatrza\u0144skim, \u015bwiadomych zagro\u017ce\u0144, swoich umiej\u0119tno\u015bci i kondycji. Natomiast sama prze\u0142\u0119cz Zawrat stanowi dobry punkt w\u0119dr\u00f3wek szlifuj\u0105cych do\u015bwiadczenie w Tatrach.<\/p>\n\n\n\n<h3 class=\"wp-block-heading\"><span class=\"ez-toc-section\" id=\"Wariant_1_Z_Hali_Gasienicowej_do_Doliny_Pieciu_Stawow_Polskich\"><\/span>Wariant 1. Z Hali G\u0105sienicowej do Doliny Pi\u0119ciu Staw\u00f3w Polskich<span class=\"ez-toc-section-end\"><\/span><\/h3>\n\n\n\n<p><em>Szlak: niebieski (Ku\u017anice \u2013 Hala G\u0105sienicowa \u2013 Zawrat \u2013 Dolina Pi\u0119ciu Staw\u00f3w Polskich), zielony (Dolina Pi\u0119ciu Staw\u00f3w \u2013 Dolina Roztoki), czerwony (Wodogrzmoty Mickiewicza \u2013 Palenica Bia\u0142cza\u0144ska)<\/em><\/p>\n\n\n\n<p><em>Czas przej\u015bcia: 9:18 godz.<\/em><\/p>\n\n\n\n<p><em>Po\u0142o\u017cenie: start w Ku\u017anicach, koniec na Palenicy Bia\u0142cza\u0144skiej (ostatnie busy zazwyczaj kursuj\u0105 o zmierzchu)<\/em><\/p>\n\n\n\n<p>Propozycja w\u0119dr\u00f3wki przez dwie dobrze znane tatrza\u0144skie doliny. Naj\u0142atwiej przedosta\u0107 si\u0119 mi\u0119dzy nimi przez prze\u0142\u0119cz Zawrat. Wybieraj\u0105c kierunek w\u0119dr\u00f3wki warto wzi\u0105\u0107 pod uwag\u0119 fakt, \u017ce podej\u015bcie od G\u0105sienicowej jest zacienione, to p\u00f3\u0142nocny stok i d\u0142ugo utrzymuje si\u0119 tu \u015bnieg. Po tej stronie znajduj\u0105 si\u0119 tak\u017ce \u0142a\u0144cuchy u\u0142atwiaj\u0105ce pokonywanie skalnych odcink\u00f3w.<\/p>\n\n\n<div class=\"wp-block-image\">\n<figure class=\"aligncenter size-large\"><img loading=\"lazy\" decoding=\"async\" width=\"1024\" height=\"576\" src=\"https:\/\/skalnik.pl\/blog\/wp-content\/uploads\/2021\/06\/zarat-d5sp.jpg\" alt=\"widok na Tatry Wysokie w dolinie widoczny jeden ze Staw\u00f3w Polskich\" class=\"wp-image-17136\" srcset=\"https:\/\/www.skalnik.pl\/blog\/wp-content\/uploads\/2021\/06\/zarat-d5sp.jpg 1024w, https:\/\/www.skalnik.pl\/blog\/wp-content\/uploads\/2021\/06\/zarat-d5sp-300x169.jpg 300w, https:\/\/www.skalnik.pl\/blog\/wp-content\/uploads\/2021\/06\/zarat-d5sp-768x432.jpg 768w\" sizes=\"auto, (max-width: 1024px) 100vw, 1024px\" \/><figcaption class=\"wp-element-caption\"><em>Widok na szlak z Zawratu do Doliny Pi\u0119ciu Staw\u00f3w Polskich<\/em><\/figcaption><\/figure>\n<\/div>\n\n\n<p>Zaproponowany kierunek w\u0119dr\u00f3wki: Hala G\u0105sienicowa \u2013 Dolina Pi\u0119ciu Staw\u00f3w jest wed\u0142ug mnie nieco \u0142atwiejszy. Na w\u0119dr\u00f3wk\u0119 we\u017a ze sob\u0105 spor\u0105 ilo\u015b\u0107 wody, bo zej\u015bcie do Doliny Pi\u0119ciu Staw\u00f3w jest do\u015b\u0107 nu\u017c\u0105ce, a szlak jest ca\u0142kowicie ods\u0142oni\u0119ty \u2013 w s\u0142oneczny dzie\u0144 naprawd\u0119 trzeba na\u0142o\u017cy\u0107 sporo kremu z filtrem i regularnie si\u0119 nawadnia\u0107.<\/p>\n\n\n\n<p>Pocz\u0105tek tej trasy to szlak na Hal\u0119 G\u0105sienicow\u0105, kt\u00f3ry jest \u0142atwy i popularny (opisa\u0142am go <a href=\"https:\/\/skalnik.pl\/blog\/latwe-szlaki-w-tatrach-przewodnik-dla-poczatkujacych\/\" target=\"_blank\" rel=\"noreferrer noopener\">tutaj<\/a>). Najtrudniejszym odcinkiem jest wiod\u0105cy w\u015br\u00f3d ska\u0142 szlak na Zawrat ubezpieczony w wielu miejscach \u0142a\u0144cuchami. Docenisz tu solidne <a href=\"https:\/\/www.skalnik.pl\/buty\/buty-meskie\" target=\"_blank\" rel=\"noopener\" title=\"\">buty trekkingowe<\/a> z gumow\u0105 podeszw\u0105 o dobrym tarciu. Zej\u015bcie do Doliny Pi\u0119ciu Staw\u00f3w jest \u2013 jak wspomnia\u0142am wcze\u015bniej \u2013 nu\u017c\u0105ce, ale nie ma na nim trudno\u015bci. Te pojawiaj\u0105 si\u0119 przy zej\u015bciu do Doliny Roztoki. \u017beby je omin\u0105\u0107, zamiast wybiera\u0107 zielony szlak wzd\u0142u\u017c Siklawy lepiej podej\u015b\u0107 pod schronisko w Dolinie Pi\u0119ciu Staw\u00f3w. Tam mo\u017cna posili\u0107 si\u0119 i uzupe\u0142ni\u0107 p\u0142yny, a nast\u0119pnie zej\u015b\u0107 czarnym szlakiem do Doliny Roztoki.<\/p>\n\n\n\n<div style=\"max-width:1000px;overflow:hidden;margin:0 auto;min-width:300px;\"><iframe src=\"https:\/\/mapa-turystyczna.pl\/map\/widget\/route\/h1l0p1\/2o7i.html\" style=\"width:100%;border:0;\" height=\"800\" frameborder=\"0\"><\/iframe><a href=\"https:\/\/mapa-turystyczna.pl\/route\/2o7i?utm_source=external_web&amp;utm_medium=widget&amp;utm_campaign=route_widget\" target=\"_blank\" style=\"color:#999;padding:7px 0;font-size: 13px;font-family:Roboto,Arial,sans-serif;display: inline-block;\" rel=\"noopener noreferrer\">Trasa: Potok Bystra \u2013 Palenica Bia\u0142cza\u0144ska | mapa-turystyczna.pl<\/a><\/div>\n\n\n\n<h3 class=\"wp-block-heading\"><span class=\"ez-toc-section\" id=\"Wariant_2_Przez_Zawrat_i_Swinice_na_Kasprowy_Wierch\"><\/span>Wariant 2. Przez Zawrat i \u015awinic\u0119 na Kasprowy Wierch<span class=\"ez-toc-section-end\"><\/span><\/h3>\n\n\n\n<p><em>Szlak: niebieski (Ku\u017anice \u2013 Hala G\u0105sienicowa \u2013 Zawrat), czerwony (Zawrat \u2013 \u015awinica \u2013 Kasprowy Wierch), zielony (Kasprowy Wierch \u2013 My\u015blenickie Turnie \u2013 Ku\u017anice)<\/em><\/p>\n\n\n\n<p><em>Czas przej\u015bcia: 9:44 godz.<\/em><\/p>\n\n\n\n<p><em>Po\u0142o\u017cenie: start i koniec w Ku\u017anicach (mo\u017cliwy te\u017c zjazd kolejk\u0105 z Kasprowego Wierchu)<\/em><\/p>\n\n\n\n<p>W tym wariancie w\u0119dr\u00f3wki zaproponowany kierunek jest obecnie jedynym dost\u0119pnym, poniewa\u017c szlak turystyczny na odcinku Zawrat \u2013 \u015awinica jest jednokierunkowy. Zar\u00f3wno podej\u015bcie na Zawrat, jak i w dalszej cz\u0119\u015bci na \u015awinic\u0119 to szlak skalny cz\u0119\u015bciowo ubezpieczony \u0142a\u0144cuchami. W jego pokonywaniu mog\u0105 niekiedy przeszkadza\u0107 kijki trekkingowe, dlatego dobrze mie\u0107 plecak turystyczny, do kt\u00f3rego mo\u017cna je przytroczy\u0107. W sezonie jest to bardzo popularna trasa, zatem je\u015bli masz we\u017a ze sob\u0105 <a href=\"https:\/\/skalnik.pl\/sprzet-wspinaczkowy\/wspinaczka\/wspinaczka-kaski\" target=\"_blank\" rel=\"noreferrer noopener\">kask wspinaczkowy<\/a> \u2013 o potr\u0105cenie kawa\u0142ka ska\u0142y naprawd\u0119 nietrudno.<\/p>\n\n\n<div class=\"wp-block-image\">\n<figure class=\"aligncenter size-large\"><img loading=\"lazy\" decoding=\"async\" width=\"1024\" height=\"576\" src=\"https:\/\/skalnik.pl\/blog\/wp-content\/uploads\/2021\/06\/swinica.jpg\" alt=\"szlak na \u015awinic\u0119, wida\u0107 postaci pn\u0105ce si\u0119 w g\u00f3r\u0119 po skalnym odcinku\" class=\"wp-image-17140\" srcset=\"https:\/\/www.skalnik.pl\/blog\/wp-content\/uploads\/2021\/06\/swinica.jpg 1024w, https:\/\/www.skalnik.pl\/blog\/wp-content\/uploads\/2021\/06\/swinica-300x169.jpg 300w, https:\/\/www.skalnik.pl\/blog\/wp-content\/uploads\/2021\/06\/swinica-768x432.jpg 768w\" sizes=\"auto, (max-width: 1024px) 100vw, 1024px\" \/><figcaption class=\"wp-element-caption\">Tr<em>udno\u015bci na szlaku na \u015awinic\u0119 (zdj\u0119cie zrobione przed 2018 r., kiedy to obryw skalny Niebieskiej Turni zniszczy\u0142 cz\u0119\u015b\u0107 szlaku Zawrat \u2013 \u015awinica).<\/em><\/figcaption><\/figure>\n<\/div>\n\n\n<p>Ze \u015awinicy roztacza si\u0119 przepi\u0119kna panorama zar\u00f3wno na Tatry Zachodnie, jak i Tatry Wysokie, a tak\u017ce s\u0142owack\u0105 cz\u0119\u015b\u0107 Tatr. Dalsza cz\u0119\u015b\u0107 w\u0119dr\u00f3wki biegnie grani\u0105 w stron\u0119 Kasprowego Wierchu. Po drodze przekracza si\u0119 granic\u0119 Tatr Wysokich i Tatr Zachodnich \u2013 wyznacza j\u0105 prze\u0142\u0119cz Liliowe. Ten odcinek szlaku to bardzo przyjemna w\u0119dr\u00f3wka z pi\u0119knymi widokami. Kasprowy Wierch mo\u017ce niejednego w\u0119drowca przyt\u0142oczy\u0107 liczb\u0105 turyst\u00f3w \u2013 to w ko\u0144cu najcz\u0119\u015bciej odwiedzany w Polsce szczyt Tatr.<\/p>\n\n\n\n<div style=\"max-width:1000px;overflow:hidden;margin:0 auto;min-width:300px;\"><iframe src=\"https:\/\/mapa-turystyczna.pl\/map\/widget\/route\/h1l0p1\/2o6y.html\" style=\"width:100%;border:0;\" height=\"800\" frameborder=\"0\"><\/iframe><a href=\"https:\/\/mapa-turystyczna.pl\/route\/2o6y?utm_source=external_web&amp;utm_medium=widget&amp;utm_campaign=route_widget\" target=\"_blank\" style=\"color:#999;padding:7px 0;font-size: 13px;font-family:Roboto,Arial,sans-serif;display: inline-block;\" rel=\"noopener noreferrer\">Trasa: Ku\u017anice \u2013 Ku\u017anice | mapa-turystyczna.pl<\/a><\/div>\n\n\n\n<h3 class=\"wp-block-heading\"><span class=\"ez-toc-section\" id=\"Wariant_3_Przez_Swinie_i_Koscielec\"><\/span>Wariant 3. Przez \u015awini\u0119 i Ko\u015bcielec<span class=\"ez-toc-section-end\"><\/span><\/h3>\n\n\n\n<p><em>Szlak: niebieski (Ku\u017anice \u2013 Hala G\u0105sienicowa \u2013 Zawrat), czerwony (Zawrat \u2013 \u015awinicka Prze\u0142\u0119cz), czarny (\u015awinicka Prze\u0142\u0119cz \u2013 Zielony Staw G\u0105sienicowy), niebieski (Zielony Staw G\u0105sienicowy \u2013 Karb), czarny (Karb \u2013 Ko\u015bcielec \u2013 Czarny Staw G\u0105sienicowy), niebieski (Czarny Staw G\u0105sienicowy \u2013 Murowaniec \u2013 Ku\u017anice)<\/em><\/p>\n\n\n\n<p><em>Czas przej\u015bcia: 11:46 godz.<\/em><\/p>\n\n\n\n<p><em>Po\u0142o\u017cenie: start i koniec w Ku\u017anicach<\/em><\/p>\n\n\n\n<p>D\u0142uga i wymagaj\u0105ca w\u0119dr\u00f3wka, kt\u00f3ra przebiega przez dobrze znane szczyty w Tatrach (\u015awinic\u0119 i Ko\u015bcielec). Najlepiej wyruszy\u0107 na ni\u0105 bardzo wcze\u015bnie, \u017ceby szlaki by\u0142y jeszcze do\u015b\u0107 puste. Utrudnie\u0144 zwi\u0105zanych z t\u0142okiem mo\u017cna si\u0119 spodziewa\u0107 przy podej\u015bciu na Zawrat, \u015awinic\u0119 i Ko\u015bcielec. Dodatkowo na Zawrat i \u015awinic\u0119 szlak ubezpieczony zosta\u0142 \u0142a\u0144cuchami. Nie ma ich na Ko\u015bcielcu, ale tutejsze podej\u015bcie (a przede wszystkim zej\u015bcie) wymaga koncentracji i uwagi. Szlak na Ko\u015bcielec ma charakter tam i z powrotem, a ruch odbywa si\u0119 w obie strony. Przez co zdarzaj\u0105 si\u0119 na tej trasie przestoje. Jednak polecam gor\u0105co wej\u015bcie na ten szczyt, w kt\u00f3rego zobaczysz m.in. pi\u0119kno Orlej Perci, a niejednokrotnie us\u0142yszysz nawo\u0142uj\u0105cych si\u0119 w ska\u0142ach wspinaczy-taternik\u00f3w.<\/p>\n\n\n<div class=\"wp-block-image\">\n<figure class=\"aligncenter size-large\"><img loading=\"lazy\" decoding=\"async\" width=\"1024\" height=\"681\" src=\"https:\/\/skalnik.pl\/blog\/wp-content\/uploads\/2021\/06\/koscielec2.jpg\" alt=\"fragment Czarnego Stawu G\u0105sienicowego oraz g\u00f3ruj\u0105cego nad nim Ko\u015bcielca\" class=\"wp-image-17135\" srcset=\"https:\/\/www.skalnik.pl\/blog\/wp-content\/uploads\/2021\/06\/koscielec2.jpg 1024w, https:\/\/www.skalnik.pl\/blog\/wp-content\/uploads\/2021\/06\/koscielec2-300x200.jpg 300w, https:\/\/www.skalnik.pl\/blog\/wp-content\/uploads\/2021\/06\/koscielec2-768x511.jpg 768w\" sizes=\"auto, (max-width: 1024px) 100vw, 1024px\" \/><figcaption class=\"wp-element-caption\"><em>Ko\u015bcielec swoj\u0105 nazw\u0119 zawdzi\u0119cza kszta\u0142towi, kt\u00f3ry podobny jest do bry\u0142 ko\u015bcielnych (fot. Marcin Pokorowski)<\/em><\/figcaption><\/figure>\n<\/div>\n\n\n<p>Ca\u0142a trasa zajmuje wed\u0142ug czasu podanego na mapie niemal 12 godzin. Na szcz\u0119\u015bcie mo\u017cna j\u0105 w kilku momentach modyfikowa\u0107, co mo\u017ce si\u0119 przyda\u0107 przy za\u0142amaniu pogody, utracie si\u0142 czy zbyt p\u00f3\u017anej porze. Pami\u0119taj, \u017ceby w plecaku znalaz\u0142a si\u0119 mapa, dzi\u0119ki kt\u00f3rej szybko dostosujesz tras\u0119 do aktualnej sytuacji (sprawd\u017a, co mamy w kategorii <a href=\"https:\/\/skalnik.pl\/sprzet-turystyczny\/ksiegarnia\/ksiegarnia-mapy\/tatry-mapa\" target=\"_blank\" rel=\"noreferrer noopener\">mapa Tatry<\/a>)<\/p>\n\n\n\n<p>Przej\u015bcie tej, do\u015b\u0107 niepozornie wygl\u0105daj\u0105cej na mapie, p\u0119tli, daje mn\u00f3stwo satysfakcji, pi\u0119knych widok\u00f3w i jest zdecydowanie przepustk\u0105, by rusza\u0107 ju\u017c na kolejne, bardziej wymagaj\u0105ce szlaki. &nbsp;<\/p>\n\n\n\n<div style=\"max-width:1000px;overflow:hidden;margin:0 auto;min-width:300px;\"><iframe src=\"https:\/\/mapa-turystyczna.pl\/map\/widget\/route\/h1l0p1\/2a8i.html\" style=\"width:100%;border:0;\" height=\"800\" frameborder=\"0\"><\/iframe><a href=\"https:\/\/mapa-turystyczna.pl\/route\/2a8i?utm_source=external_web&amp;utm_medium=widget&amp;utm_campaign=route_widget\" target=\"_blank\" style=\"color:#999;padding:7px 0;font-size: 13px;font-family:Roboto,Arial,sans-serif;display: inline-block;\" rel=\"noopener noreferrer\">Trasa: Ku\u017anice \u2013 Ku\u017anice | mapa-turystyczna.pl<\/a><\/div>\n\n\n\n<h2 class=\"wp-block-heading\"><span class=\"ez-toc-section\" id=\"Szlak_przez_Czerwone_Wierchy\"><\/span>Szlak przez Czerwone Wierchy<span class=\"ez-toc-section-end\"><\/span><\/h2>\n\n\n\n<p><em>Szlak: zielony (Dolina Ko\u015bcieliska \u2013 Zahradziska), czerwony (Zahradziska \u2013 Ciemniak \u2013 Krzesanica \u2013 Ma\u0142o\u0142\u0105czniak \u2013 Kopa Kondracka) \u017c\u00f3\u0142ty (Kopa Kondracka \u2013 Kondracka Prze\u0142\u0119cz \u2013 Dolina Ma\u0142ej \u0141\u0105ki). Mo\u017cliwe odbicie z Kondrackiej prze\u0142\u0119czy szlakiem niebieskim na Giewont i z powrotem na prze\u0142\u0119cz. &nbsp;<\/em><\/p>\n\n\n\n<p><em>Czas przej\u015bcia: 9:17 godz.<\/em><\/p>\n\n\n\n<p><em>Po\u0142o\u017cenie: start u wylotu Doliny Ko\u015bcieliskiej, koniec w Dolinie Ma\u0142ej \u0141\u0105ki<\/em><\/p>\n\n\n\n<p>Cztery szczyty w Tatrach Zachodnich: Ciemniak, Krzesanic\u0119, Ma\u0142o\u0142\u0105czniak i Kop\u0119 Kondrack\u0105 zwyk\u0142o nazywa\u0107 si\u0119 zbiorczo Czerwonymi Wierchami. Najpi\u0119kniej wygl\u0105daj\u0105 jesieni\u0105, kiedy ich zbocza rzeczywi\u015bcie staj\u0105 si\u0119 czerwone od zabarwienia traw (sit skucina) oraz li\u015bci jag\u00f3d. <\/p>\n\n\n\n<p>Tras\u0119 przez Czerwone Wierchy mo\u017cna skraca\u0107 lub wyd\u0142u\u017ca\u0107 w zale\u017cno\u015bci np. od kondycji czy pogody. W pi\u0119kne dni trudno\u015bci\u0105 tej w\u0119dr\u00f3wki jest przede wszystkim jej d\u0142ugo\u015b\u0107 oraz brak schronisk po drodze. Mo\u017cna j\u0105 zatem przypasowa\u0107 tak\u017ce dla bardziej do\u015bwiadczonych pocz\u0105tkuj\u0105cych turyst\u00f3w w Tatrach. Jednak Czerwone Wierchy staj\u0105 si\u0119 niebezpieczne podczas mg\u0142y lub \u015bnie\u017cycy \u2013 gdy prognozowana jest taka pogoda lepiej zmieni\u0107 g\u00f3rskie plany.<\/p>\n\n\n\n<figure class=\"wp-block-image size-large\"><img loading=\"lazy\" decoding=\"async\" width=\"1024\" height=\"682\" src=\"https:\/\/skalnik.pl\/blog\/wp-content\/uploads\/2021\/06\/malolaczniak.jpg\" alt=\"Tatry Zachodnie i Czerwone Wierchy\" class=\"wp-image-17134\" srcset=\"https:\/\/www.skalnik.pl\/blog\/wp-content\/uploads\/2021\/06\/malolaczniak.jpg 1024w, https:\/\/www.skalnik.pl\/blog\/wp-content\/uploads\/2021\/06\/malolaczniak-300x200.jpg 300w, https:\/\/www.skalnik.pl\/blog\/wp-content\/uploads\/2021\/06\/malolaczniak-768x512.jpg 768w\" sizes=\"auto, (max-width: 1024px) 100vw, 1024px\" \/><figcaption class=\"wp-element-caption\"><em>Widok z Ma\u0142o\u0142\u0105czniaka w kierunku Tatr Wysokich<\/em><\/figcaption><\/figure>\n\n\n\n<p>Ciekawym wariantem (ale nie w szczycie sezonu turystycznego) jest rozszerzenie trasy o wej\u015bcie na Giewont. Nie wiem, co ludzi przyci\u0105ga na t\u0119 g\u00f3r\u0119, ale je\u015bli kto\u015b nie by\u0142, warto wej\u015b\u0107 i przekona\u0107 si\u0119 o tym samodzielnie. Natomiast trzeba pami\u0119ta\u0107, \u017ce ten szlak jest zazwyczaj zat\u0142oczony, wy\u015blizgany i ubezpieczony \u0142a\u0144cuchami. Na szcz\u0119\u015bcie zej\u015bcie poprowadzono obok. Pomaga to o tyle, \u017ce ludzie przemieszczaj\u0105 si\u0119 tylko w jedn\u0105 stron\u0119.<\/p>\n\n\n\n<div style=\"max-width:1000px;overflow:hidden;margin:0 auto;min-width:300px;\"><iframe src=\"https:\/\/mapa-turystyczna.pl\/map\/widget\/route\/h1l0p1\/2dtf.html\" style=\"width:100%;border:0;\" height=\"800\" frameborder=\"0\"><\/iframe><a href=\"https:\/\/mapa-turystyczna.pl\/route\/2dtf?utm_source=external_web&amp;utm_medium=widget&amp;utm_campaign=route_widget\" target=\"_blank\" style=\"color:#999;padding:7px 0;font-size: 13px;font-family:Roboto,Arial,sans-serif;display: inline-block;\" rel=\"noopener noreferrer\">Trasa: Kiry \u2013 Gronik | mapa-turystyczna.pl<\/a><\/div>\n\n\n\n<h2 class=\"wp-block-heading\"><span class=\"ez-toc-section\" id=\"Szlaki_w_Tatrach_dla_kazdego\"><\/span>Szlaki w Tatrach dla ka\u017cdego<span class=\"ez-toc-section-end\"><\/span><\/h2>\n\n\n\n<p>Zaproponowane powy\u017cej w\u0119dr\u00f3wki to tylko wierzcho\u0142ek g\u00f3ry lodowej. Szlak\u00f3w, na kt\u00f3rych osoby przybywaj\u0105ce w Tatry po raz kolejny, znajd\u0105 to, czego potrzebuj\u0105 (widoki, samotno\u015b\u0107, troch\u0119 adrenaliny, ca\u0142odniow\u0105 w\u0119dr\u00f3wk\u0119) jest naprawd\u0119 sporo. Zar\u00f3wno w Tatrach Wysokich, jak i Zachodnich.<\/p>\n\n\n\n<p>Skala trudno\u015bci zmienia si\u0119 wraz z porami roku. Szlaki w Tatrach, o kt\u00f3rych pisz\u0119, mog\u0105 by\u0107 niedost\u0119pne lub ekstremalnie trudne zim\u0105, a tak\u017ce w czasie deszczu. Pami\u0119taj, planuj\u0105c swoj\u0105 tras\u0119 po Tatrach, \u017ce letnie burze, kt\u00f3re zdarzaj\u0105 si\u0119 ca\u0142kiem cz\u0119sto zwykle nadci\u0105gaj\u0105 popo\u0142udniu. W g\u00f3rach lepiej zawsze by\u0107 rannym ptaszkiem.<\/p>\n\n\n\n<p>Mam nadziej\u0119, \u017ce zach\u0119ci\u0142am ci\u0119 do poznawania tych g\u00f3r \u2013 jed\u017a w Tatry szlaki dla ka\u017cdego znajdziesz tu bez problemu.<\/p>\n","protected":false},"excerpt":{"rendered":"<p>Pierwsze szlaki w Tatrach masz ju\u017c za sob\u0105 i apetytu na kolejne ro\u015bnie. Przygotowali\u015bmy kilka propozycji wycieczek dla \u015bredniozaawansowanych turyst\u00f3w<\/p>\n","protected":false},"author":9,"featured_media":17141,"comment_status":"open","ping_status":"open","sticky":false,"template":"","format":"standard","meta":{"_acf_changed":false,"footnotes":""},"categories":[84],"tags":[28,14,91],"magento_category":[],"magento_product":[],"class_list":["post-17131","post","type-post","status-publish","format-standard","has-post-thumbnail","hentry","category-pasja","tag-gory","tag-tatry","tag-trekking"],"acf":[],"aioseo_notices":[],"aioseo_head":"\n\t\t<!-- All in One SEO 4.9.10 - aioseo.com -->\n\t<meta name=\"description\" content=\"Szlaki w Tatrach dla os\u00f3b, kt\u00f3re chc\u0105 zdobywa\u0107 znane szczyty w Tatrach i podziwia\u0107 pi\u0119kno najwy\u017cszych g\u00f3r Polski. Kilkugodzinne wycieczki o r\u00f3\u017cnym poziomie\" \/>\n\t<meta name=\"robots\" content=\"max-image-preview:large\" \/>\n\t<meta name=\"author\" content=\"Beata Nawrotkiewicz\"\/>\n\t<link rel=\"canonical\" href=\"https:\/\/www.skalnik.pl\/blog\/szlaki-w-tatrach-dla-sredniozaawansowanych\/\" \/>\n\t<meta name=\"generator\" content=\"All in One SEO (AIOSEO) 4.9.10\" \/>\n\t\t<meta property=\"og:locale\" content=\"pl_PL\" \/>\n\t\t<meta property=\"og:site_name\" content=\"blog Skalnik - Blog, porady, artyku\u0142y - blog Skalnik\" \/>\n\t\t<meta property=\"og:type\" content=\"article\" \/>\n\t\t<meta property=\"og:title\" content=\"Szlaki w Tatrach dla \u015bredniozaawansowanych - blog Skalnik\" \/>\n\t\t<meta property=\"og:description\" content=\"Szlaki w Tatrach dla os\u00f3b, kt\u00f3re chc\u0105 zdobywa\u0107 znane szczyty w Tatrach i podziwia\u0107 pi\u0119kno najwy\u017cszych g\u00f3r Polski. Kilkugodzinne wycieczki o r\u00f3\u017cnym poziomie\" \/>\n\t\t<meta property=\"og:url\" content=\"https:\/\/www.skalnik.pl\/blog\/szlaki-w-tatrach-dla-sredniozaawansowanych\/\" \/>\n\t\t<meta property=\"og:image\" content=\"https:\/\/skalnik.pl\/blog\/wp-content\/uploads\/2021\/05\/moko.jpg\" \/>\n\t\t<meta property=\"og:image:secure_url\" content=\"https:\/\/skalnik.pl\/blog\/wp-content\/uploads\/2021\/05\/moko.jpg\" \/>\n\t\t<meta property=\"article:tag\" content=\"pasja\" \/>\n\t\t<meta property=\"article:tag\" content=\"g\u00f3ry\" \/>\n\t\t<meta property=\"article:tag\" content=\"tatry\" \/>\n\t\t<meta property=\"article:tag\" content=\"trekking\" \/>\n\t\t<meta property=\"article:published_time\" content=\"2021-07-07T08:29:00+00:00\" \/>\n\t\t<meta property=\"article:modified_time\" content=\"2024-05-21T06:50:29+00:00\" \/>\n\t\t<meta name=\"twitter:card\" content=\"summary_large_image\" \/>\n\t\t<meta name=\"twitter:title\" content=\"Szlaki w Tatrach dla \u015bredniozaawansowanych - blog Skalnik\" \/>\n\t\t<meta name=\"twitter:description\" content=\"Szlaki w Tatrach dla os\u00f3b, kt\u00f3re chc\u0105 zdobywa\u0107 znane szczyty w Tatrach i podziwia\u0107 pi\u0119kno najwy\u017cszych g\u00f3r Polski. Kilkugodzinne wycieczki o r\u00f3\u017cnym poziomie\" \/>\n\t\t<meta name=\"twitter:image\" content=\"https:\/\/skalnik.pl\/blog\/wp-content\/uploads\/2021\/05\/moko.jpg\" \/>\n\t\t<script type=\"application\/ld+json\" class=\"aioseo-schema\">\n\t\t\t{\"@context\":\"https:\\\/\\\/schema.org\",\"@graph\":[{\"@type\":\"BlogPosting\",\"@id\":\"https:\\\/\\\/www.skalnik.pl\\\/blog\\\/szlaki-w-tatrach-dla-sredniozaawansowanych\\\/#blogposting\",\"name\":\"Szlaki w Tatrach dla \\u015bredniozaawansowanych - blog Skalnik\",\"headline\":\"Szlaki w Tatrach dla \\u015bredniozaawansowanych\",\"author\":{\"@id\":\"https:\\\/\\\/www.skalnik.pl\\\/blog\\\/author\\\/beata-nawrotkiewicz\\\/#author\"},\"publisher\":{\"@id\":\"https:\\\/\\\/www.skalnik.pl\\\/blog\\\/#organization\"},\"image\":{\"@type\":\"ImageObject\",\"url\":\"https:\\\/\\\/www.skalnik.pl\\\/blog\\\/wp-content\\\/uploads\\\/2021\\\/06\\\/koscielec-tytulowe.jpg\",\"width\":1920,\"height\":705,\"caption\":\"wej\\u015bcie na Ko\\u015bcielec w tle Czarny Staw G\\u0105sienicowy\"},\"datePublished\":\"2021-07-07T10:29:00+02:00\",\"dateModified\":\"2024-05-21T08:50:29+02:00\",\"inLanguage\":\"pl-PL\",\"mainEntityOfPage\":{\"@id\":\"https:\\\/\\\/www.skalnik.pl\\\/blog\\\/szlaki-w-tatrach-dla-sredniozaawansowanych\\\/#webpage\"},\"isPartOf\":{\"@id\":\"https:\\\/\\\/www.skalnik.pl\\\/blog\\\/szlaki-w-tatrach-dla-sredniozaawansowanych\\\/#webpage\"},\"articleSection\":\"Pasja, g\\u00f3ry, tatry, trekking\"},{\"@type\":\"BreadcrumbList\",\"@id\":\"https:\\\/\\\/www.skalnik.pl\\\/blog\\\/szlaki-w-tatrach-dla-sredniozaawansowanych\\\/#breadcrumblist\",\"itemListElement\":[{\"@type\":\"ListItem\",\"@id\":\"https:\\\/\\\/www.skalnik.pl\\\/blog#listItem\",\"position\":1,\"name\":\"Home\",\"item\":\"https:\\\/\\\/www.skalnik.pl\\\/blog\",\"nextItem\":{\"@type\":\"ListItem\",\"@id\":\"https:\\\/\\\/www.skalnik.pl\\\/blog\\\/.\\\/pasja\\\/#listItem\",\"name\":\"Pasja\"}},{\"@type\":\"ListItem\",\"@id\":\"https:\\\/\\\/www.skalnik.pl\\\/blog\\\/.\\\/pasja\\\/#listItem\",\"position\":2,\"name\":\"Pasja\",\"item\":\"https:\\\/\\\/www.skalnik.pl\\\/blog\\\/.\\\/pasja\\\/\",\"nextItem\":{\"@type\":\"ListItem\",\"@id\":\"https:\\\/\\\/www.skalnik.pl\\\/blog\\\/szlaki-w-tatrach-dla-sredniozaawansowanych\\\/#listItem\",\"name\":\"Szlaki w Tatrach dla \\u015bredniozaawansowanych\"},\"previousItem\":{\"@type\":\"ListItem\",\"@id\":\"https:\\\/\\\/www.skalnik.pl\\\/blog#listItem\",\"name\":\"Home\"}},{\"@type\":\"ListItem\",\"@id\":\"https:\\\/\\\/www.skalnik.pl\\\/blog\\\/szlaki-w-tatrach-dla-sredniozaawansowanych\\\/#listItem\",\"position\":3,\"name\":\"Szlaki w Tatrach dla \\u015bredniozaawansowanych\",\"previousItem\":{\"@type\":\"ListItem\",\"@id\":\"https:\\\/\\\/www.skalnik.pl\\\/blog\\\/.\\\/pasja\\\/#listItem\",\"name\":\"Pasja\"}}]},{\"@type\":\"Organization\",\"@id\":\"https:\\\/\\\/www.skalnik.pl\\\/blog\\\/#organization\",\"name\":\"blog Skalnik\",\"description\":\"Blog, porady, artyku\\u0142y - blog Skalnik\",\"url\":\"https:\\\/\\\/www.skalnik.pl\\\/blog\\\/\"},{\"@type\":\"Person\",\"@id\":\"https:\\\/\\\/www.skalnik.pl\\\/blog\\\/author\\\/beata-nawrotkiewicz\\\/#author\",\"url\":\"https:\\\/\\\/www.skalnik.pl\\\/blog\\\/author\\\/beata-nawrotkiewicz\\\/\",\"name\":\"Beata Nawrotkiewicz\",\"image\":{\"@type\":\"ImageObject\",\"@id\":\"https:\\\/\\\/www.skalnik.pl\\\/blog\\\/szlaki-w-tatrach-dla-sredniozaawansowanych\\\/#authorImage\",\"url\":\"https:\\\/\\\/secure.gravatar.com\\\/avatar\\\/53cf81cfcc3a81694535515925ffcf159be725e8bd1fb455eeb9e2cadcaa5684?s=96&d=mm&r=g\",\"width\":96,\"height\":96,\"caption\":\"Beata Nawrotkiewicz\"}},{\"@type\":\"WebPage\",\"@id\":\"https:\\\/\\\/www.skalnik.pl\\\/blog\\\/szlaki-w-tatrach-dla-sredniozaawansowanych\\\/#webpage\",\"url\":\"https:\\\/\\\/www.skalnik.pl\\\/blog\\\/szlaki-w-tatrach-dla-sredniozaawansowanych\\\/\",\"name\":\"Szlaki w Tatrach dla \\u015bredniozaawansowanych - blog Skalnik\",\"description\":\"Szlaki w Tatrach dla os\\u00f3b, kt\\u00f3re chc\\u0105 zdobywa\\u0107 znane szczyty w Tatrach i podziwia\\u0107 pi\\u0119kno najwy\\u017cszych g\\u00f3r Polski. Kilkugodzinne wycieczki o r\\u00f3\\u017cnym poziomie\",\"inLanguage\":\"pl-PL\",\"isPartOf\":{\"@id\":\"https:\\\/\\\/www.skalnik.pl\\\/blog\\\/#website\"},\"breadcrumb\":{\"@id\":\"https:\\\/\\\/www.skalnik.pl\\\/blog\\\/szlaki-w-tatrach-dla-sredniozaawansowanych\\\/#breadcrumblist\"},\"author\":{\"@id\":\"https:\\\/\\\/www.skalnik.pl\\\/blog\\\/author\\\/beata-nawrotkiewicz\\\/#author\"},\"creator\":{\"@id\":\"https:\\\/\\\/www.skalnik.pl\\\/blog\\\/author\\\/beata-nawrotkiewicz\\\/#author\"},\"image\":{\"@type\":\"ImageObject\",\"url\":\"https:\\\/\\\/www.skalnik.pl\\\/blog\\\/wp-content\\\/uploads\\\/2021\\\/06\\\/koscielec-tytulowe.jpg\",\"@id\":\"https:\\\/\\\/www.skalnik.pl\\\/blog\\\/szlaki-w-tatrach-dla-sredniozaawansowanych\\\/#mainImage\",\"width\":1920,\"height\":705,\"caption\":\"wej\\u015bcie na Ko\\u015bcielec w tle Czarny Staw G\\u0105sienicowy\"},\"primaryImageOfPage\":{\"@id\":\"https:\\\/\\\/www.skalnik.pl\\\/blog\\\/szlaki-w-tatrach-dla-sredniozaawansowanych\\\/#mainImage\"},\"datePublished\":\"2021-07-07T10:29:00+02:00\",\"dateModified\":\"2024-05-21T08:50:29+02:00\"},{\"@type\":\"WebSite\",\"@id\":\"https:\\\/\\\/www.skalnik.pl\\\/blog\\\/#website\",\"url\":\"https:\\\/\\\/www.skalnik.pl\\\/blog\\\/\",\"name\":\"blog Skalnik\",\"description\":\"Blog, porady, artyku\\u0142y - blog Skalnik\",\"inLanguage\":\"pl-PL\",\"publisher\":{\"@id\":\"https:\\\/\\\/www.skalnik.pl\\\/blog\\\/#organization\"}}]}\n\t\t<\/script>\n\t\t<!-- All in One SEO -->\n\n","aioseo_head_json":{"title":"Szlaki w Tatrach dla \u015bredniozaawansowanych - blog Skalnik","description":"Szlaki w Tatrach dla os\u00f3b, kt\u00f3re chc\u0105 zdobywa\u0107 znane szczyty w Tatrach i podziwia\u0107 pi\u0119kno najwy\u017cszych g\u00f3r Polski. Kilkugodzinne wycieczki o r\u00f3\u017cnym poziomie","canonical_url":"https:\/\/www.skalnik.pl\/blog\/szlaki-w-tatrach-dla-sredniozaawansowanych\/","robots":"max-image-preview:large","keywords":"","webmasterTools":{"miscellaneous":""},"schema":{"@context":"https:\/\/schema.org","@graph":[{"@type":"BlogPosting","@id":"https:\/\/www.skalnik.pl\/blog\/szlaki-w-tatrach-dla-sredniozaawansowanych\/#blogposting","name":"Szlaki w Tatrach dla \u015bredniozaawansowanych - blog Skalnik","headline":"Szlaki w Tatrach dla \u015bredniozaawansowanych","author":{"@id":"https:\/\/www.skalnik.pl\/blog\/author\/beata-nawrotkiewicz\/#author"},"publisher":{"@id":"https:\/\/www.skalnik.pl\/blog\/#organization"},"image":{"@type":"ImageObject","url":"https:\/\/www.skalnik.pl\/blog\/wp-content\/uploads\/2021\/06\/koscielec-tytulowe.jpg","width":1920,"height":705,"caption":"wej\u015bcie na Ko\u015bcielec w tle Czarny Staw G\u0105sienicowy"},"datePublished":"2021-07-07T10:29:00+02:00","dateModified":"2024-05-21T08:50:29+02:00","inLanguage":"pl-PL","mainEntityOfPage":{"@id":"https:\/\/www.skalnik.pl\/blog\/szlaki-w-tatrach-dla-sredniozaawansowanych\/#webpage"},"isPartOf":{"@id":"https:\/\/www.skalnik.pl\/blog\/szlaki-w-tatrach-dla-sredniozaawansowanych\/#webpage"},"articleSection":"Pasja, g\u00f3ry, tatry, trekking"},{"@type":"BreadcrumbList","@id":"https:\/\/www.skalnik.pl\/blog\/szlaki-w-tatrach-dla-sredniozaawansowanych\/#breadcrumblist","itemListElement":[{"@type":"ListItem","@id":"https:\/\/www.skalnik.pl\/blog#listItem","position":1,"name":"Home","item":"https:\/\/www.skalnik.pl\/blog","nextItem":{"@type":"ListItem","@id":"https:\/\/www.skalnik.pl\/blog\/.\/pasja\/#listItem","name":"Pasja"}},{"@type":"ListItem","@id":"https:\/\/www.skalnik.pl\/blog\/.\/pasja\/#listItem","position":2,"name":"Pasja","item":"https:\/\/www.skalnik.pl\/blog\/.\/pasja\/","nextItem":{"@type":"ListItem","@id":"https:\/\/www.skalnik.pl\/blog\/szlaki-w-tatrach-dla-sredniozaawansowanych\/#listItem","name":"Szlaki w Tatrach dla \u015bredniozaawansowanych"},"previousItem":{"@type":"ListItem","@id":"https:\/\/www.skalnik.pl\/blog#listItem","name":"Home"}},{"@type":"ListItem","@id":"https:\/\/www.skalnik.pl\/blog\/szlaki-w-tatrach-dla-sredniozaawansowanych\/#listItem","position":3,"name":"Szlaki w Tatrach dla \u015bredniozaawansowanych","previousItem":{"@type":"ListItem","@id":"https:\/\/www.skalnik.pl\/blog\/.\/pasja\/#listItem","name":"Pasja"}}]},{"@type":"Organization","@id":"https:\/\/www.skalnik.pl\/blog\/#organization","name":"blog Skalnik","description":"Blog, porady, artyku\u0142y - blog Skalnik","url":"https:\/\/www.skalnik.pl\/blog\/"},{"@type":"Person","@id":"https:\/\/www.skalnik.pl\/blog\/author\/beata-nawrotkiewicz\/#author","url":"https:\/\/www.skalnik.pl\/blog\/author\/beata-nawrotkiewicz\/","name":"Beata Nawrotkiewicz","image":{"@type":"ImageObject","@id":"https:\/\/www.skalnik.pl\/blog\/szlaki-w-tatrach-dla-sredniozaawansowanych\/#authorImage","url":"https:\/\/secure.gravatar.com\/avatar\/53cf81cfcc3a81694535515925ffcf159be725e8bd1fb455eeb9e2cadcaa5684?s=96&d=mm&r=g","width":96,"height":96,"caption":"Beata Nawrotkiewicz"}},{"@type":"WebPage","@id":"https:\/\/www.skalnik.pl\/blog\/szlaki-w-tatrach-dla-sredniozaawansowanych\/#webpage","url":"https:\/\/www.skalnik.pl\/blog\/szlaki-w-tatrach-dla-sredniozaawansowanych\/","name":"Szlaki w Tatrach dla \u015bredniozaawansowanych - blog Skalnik","description":"Szlaki w Tatrach dla os\u00f3b, kt\u00f3re chc\u0105 zdobywa\u0107 znane szczyty w Tatrach i podziwia\u0107 pi\u0119kno najwy\u017cszych g\u00f3r Polski. Kilkugodzinne wycieczki o r\u00f3\u017cnym poziomie","inLanguage":"pl-PL","isPartOf":{"@id":"https:\/\/www.skalnik.pl\/blog\/#website"},"breadcrumb":{"@id":"https:\/\/www.skalnik.pl\/blog\/szlaki-w-tatrach-dla-sredniozaawansowanych\/#breadcrumblist"},"author":{"@id":"https:\/\/www.skalnik.pl\/blog\/author\/beata-nawrotkiewicz\/#author"},"creator":{"@id":"https:\/\/www.skalnik.pl\/blog\/author\/beata-nawrotkiewicz\/#author"},"image":{"@type":"ImageObject","url":"https:\/\/www.skalnik.pl\/blog\/wp-content\/uploads\/2021\/06\/koscielec-tytulowe.jpg","@id":"https:\/\/www.skalnik.pl\/blog\/szlaki-w-tatrach-dla-sredniozaawansowanych\/#mainImage","width":1920,"height":705,"caption":"wej\u015bcie na Ko\u015bcielec w tle Czarny Staw G\u0105sienicowy"},"primaryImageOfPage":{"@id":"https:\/\/www.skalnik.pl\/blog\/szlaki-w-tatrach-dla-sredniozaawansowanych\/#mainImage"},"datePublished":"2021-07-07T10:29:00+02:00","dateModified":"2024-05-21T08:50:29+02:00"},{"@type":"WebSite","@id":"https:\/\/www.skalnik.pl\/blog\/#website","url":"https:\/\/www.skalnik.pl\/blog\/","name":"blog Skalnik","description":"Blog, porady, artyku\u0142y - blog Skalnik","inLanguage":"pl-PL","publisher":{"@id":"https:\/\/www.skalnik.pl\/blog\/#organization"}}]},"og:locale":"pl_PL","og:site_name":"blog Skalnik - Blog, porady, artyku\u0142y - blog Skalnik","og:type":"article","og:title":"Szlaki w Tatrach dla \u015bredniozaawansowanych - blog Skalnik","og:description":"Szlaki w Tatrach dla os\u00f3b, kt\u00f3re chc\u0105 zdobywa\u0107 znane szczyty w Tatrach i podziwia\u0107 pi\u0119kno najwy\u017cszych g\u00f3r Polski. Kilkugodzinne wycieczki o r\u00f3\u017cnym poziomie","og:url":"https:\/\/www.skalnik.pl\/blog\/szlaki-w-tatrach-dla-sredniozaawansowanych\/","og:image":"https:\/\/skalnik.pl\/blog\/wp-content\/uploads\/2021\/05\/moko.jpg","og:image:secure_url":"https:\/\/skalnik.pl\/blog\/wp-content\/uploads\/2021\/05\/moko.jpg","article:tag":["pasja","g\u00f3ry","tatry","trekking"],"article:published_time":"2021-07-07T08:29:00+00:00","article:modified_time":"2024-05-21T06:50:29+00:00","twitter:card":"summary_large_image","twitter:title":"Szlaki w Tatrach dla \u015bredniozaawansowanych - blog Skalnik","twitter:description":"Szlaki w Tatrach dla os\u00f3b, kt\u00f3re chc\u0105 zdobywa\u0107 znane szczyty w Tatrach i podziwia\u0107 pi\u0119kno najwy\u017cszych g\u00f3r Polski. Kilkugodzinne wycieczki o r\u00f3\u017cnym poziomie","twitter:image":"https:\/\/skalnik.pl\/blog\/wp-content\/uploads\/2021\/05\/moko.jpg"},"aioseo_meta_data":{"post_id":"17131","title":null,"description":"Szlaki w Tatrach dla os\u00f3b, kt\u00f3re chc\u0105 zdobywa\u0107 znane szczyty w Tatrach i podziwia\u0107 pi\u0119kno najwy\u017cszych g\u00f3r Polski. Kilkugodzinne wycieczki o r\u00f3\u017cnym poziomie","keywords":[],"keyphrases":{"focus":{"keyphrase":"","score":0,"analysis":{"keyphraseInTitle":{"score":0,"maxScore":9,"error":1}}},"additional":[]},"primary_term":null,"canonical_url":null,"og_title":null,"og_description":null,"og_object_type":"default","og_image_type":"default","og_image_url":null,"og_image_width":null,"og_image_height":null,"og_image_custom_url":null,"og_image_custom_fields":null,"og_video":"","og_custom_url":null,"og_article_section":null,"og_article_tags":[],"twitter_use_og":false,"twitter_card":"default","twitter_image_type":"default","twitter_image_url":null,"twitter_image_custom_url":null,"twitter_image_custom_fields":null,"twitter_title":null,"twitter_description":null,"schema":{"blockGraphs":[],"customGraphs":[],"default":{"data":{"Article":[],"Course":[],"Dataset":[],"FAQPage":[],"Movie":[],"Person":[],"Product":[],"ProductReview":[],"Car":[],"Recipe":[],"Service":[],"SoftwareApplication":[],"WebPage":[]},"graphName":"","isEnabled":true},"graphs":[]},"schema_type":"default","schema_type_options":null,"pillar_content":false,"robots_default":true,"robots_noindex":false,"robots_noarchive":false,"robots_nosnippet":false,"robots_nofollow":false,"robots_noimageindex":false,"robots_noodp":false,"robots_notranslate":false,"robots_max_snippet":"-1","robots_max_videopreview":"-1","robots_max_imagepreview":"large","priority":null,"frequency":"default","local_seo":null,"breadcrumb_settings":null,"limit_modified_date":false,"ai":null,"created":"2022-08-26 09:38:22","updated":"2026-02-17 22:11:30","seo_analyzer_scan_date":null},"aioseo_breadcrumb":"<div class=\"aioseo-breadcrumbs\"><span class=\"aioseo-breadcrumb\">\n\t\t\t<a href=\"https:\/\/www.skalnik.pl\/blog\" title=\"Home\">Home<\/a>\n\t\t<\/span><span class=\"aioseo-breadcrumb-separator\">&raquo;<\/span><span class=\"aioseo-breadcrumb\">\n\t\t\t<a href=\"https:\/\/www.skalnik.pl\/blog\/.\/pasja\/\" title=\"Pasja\">Pasja<\/a>\n\t\t<\/span><span class=\"aioseo-breadcrumb-separator\">&raquo;<\/span><span class=\"aioseo-breadcrumb\">\n\t\t\tSzlaki w Tatrach dla \u015bredniozaawansowanych\n\t\t<\/span><\/div>","aioseo_breadcrumb_json":[{"label":"Home","link":"https:\/\/www.skalnik.pl\/blog"},{"label":"Pasja","link":"https:\/\/www.skalnik.pl\/blog\/.\/pasja\/"},{"label":"Szlaki w Tatrach dla \u015bredniozaawansowanych","link":"https:\/\/www.skalnik.pl\/blog\/szlaki-w-tatrach-dla-sredniozaawansowanych\/"}],"_links":{"self":[{"href":"https:\/\/www.skalnik.pl\/blog\/wp-json\/wp\/v2\/posts\/17131","targetHints":{"allow":["GET"]}}],"collection":[{"href":"https:\/\/www.skalnik.pl\/blog\/wp-json\/wp\/v2\/posts"}],"about":[{"href":"https:\/\/www.skalnik.pl\/blog\/wp-json\/wp\/v2\/types\/post"}],"author":[{"embeddable":true,"href":"https:\/\/www.skalnik.pl\/blog\/wp-json\/wp\/v2\/users\/9"}],"replies":[{"embeddable":true,"href":"https:\/\/www.skalnik.pl\/blog\/wp-json\/wp\/v2\/comments?post=17131"}],"version-history":[{"count":9,"href":"https:\/\/www.skalnik.pl\/blog\/wp-json\/wp\/v2\/posts\/17131\/revisions"}],"predecessor-version":[{"id":26365,"href":"https:\/\/www.skalnik.pl\/blog\/wp-json\/wp\/v2\/posts\/17131\/revisions\/26365"}],"wp:featuredmedia":[{"embeddable":true,"href":"https:\/\/www.skalnik.pl\/blog\/wp-json\/wp\/v2\/media\/17141"}],"wp:attachment":[{"href":"https:\/\/www.skalnik.pl\/blog\/wp-json\/wp\/v2\/media?parent=17131"}],"wp:term":[{"taxonomy":"category","embeddable":true,"href":"https:\/\/www.skalnik.pl\/blog\/wp-json\/wp\/v2\/categories?post=17131"},{"taxonomy":"post_tag","embeddable":true,"href":"https:\/\/www.skalnik.pl\/blog\/wp-json\/wp\/v2\/tags?post=17131"},{"taxonomy":"magento_category","embeddable":true,"href":"https:\/\/www.skalnik.pl\/blog\/wp-json\/wp\/v2\/magento_category?post=17131"},{"taxonomy":"magento_product","embeddable":true,"href":"https:\/\/www.skalnik.pl\/blog\/wp-json\/wp\/v2\/magento_product?post=17131"}],"curies":[{"name":"wp","href":"https:\/\/api.w.org\/{rel}","templated":true}]}}