{"id":17346,"date":"2021-07-30T09:40:00","date_gmt":"2021-07-30T07:40:00","guid":{"rendered":"https:\/\/skalnik.pl\/blog\/?p=17346"},"modified":"2021-07-22T09:27:38","modified_gmt":"2021-07-22T07:27:38","slug":"korona-gor-polski-lubomir","status":"publish","type":"post","link":"https:\/\/www.skalnik.pl\/blog\/korona-gor-polski-lubomir\/","title":{"rendered":"Korona G\u00f3r Polski &#8211; Lubomir"},"content":{"rendered":"\n<p><strong>Lubomir pod wieloma wzgl\u0119dami jest g\u00f3r\u0105 ciekaw\u0105. Dopiero od niespe\u0142na stu lat nosi swoj\u0105 nazw\u0119, na szczycie mo\u017cna sobie przybli\u017cy\u0107 niebo, a o to, czy jest najwy\u017cszy tocz\u0105 si\u0119 spory i dyskusje. &nbsp;<\/strong><\/p>\n\n\n\n<p>Lubomir<strong> <\/strong>to jeden z \u201ekontrowersyjnych\u201d szczyt\u00f3w Korony G\u00f3r Polski. W wykazie widnieje jako najwy\u017cszy szczyt Beskidu Makowskiego o wysoko\u015bci 904 m n.p.m. Tymczasem wed\u0142ug cz\u0119\u015bci opracowa\u0144 naukowych nale\u017cy raczej do Beskidu Wyspowego \u2013 wtedy wy\u017csza od niego jest Mogielnica, szczyt tak\u017ce nale\u017c\u0105cy do zestawienia Korona G\u00f3r Polski.<\/p>\n\n\n\n<div id=\"ez-toc-container\" class=\"ez-toc-v2_0_85 counter-hierarchy ez-toc-counter ez-toc-light-blue ez-toc-container-direction\">\n<div class=\"ez-toc-title-container\">\n<p class=\"ez-toc-title\" style=\"cursor:inherit\">SPIS TRE\u015aCI <\/p>\n<span class=\"ez-toc-title-toggle\"><a href=\"#\" class=\"ez-toc-pull-right ez-toc-btn ez-toc-btn-xs ez-toc-btn-default ez-toc-toggle\" aria-label=\"Prze\u0142\u0105cznik Spisu Tre\u015bci\"><span class=\"ez-toc-js-icon-con\"><span class=\"\"><span class=\"eztoc-hide\" style=\"display:none;\">Toggle<\/span><span class=\"ez-toc-icon-toggle-span\"><svg style=\"fill: #999;color:#999\" xmlns=\"http:\/\/www.w3.org\/2000\/svg\" class=\"list-377408\" width=\"20px\" height=\"20px\" viewBox=\"0 0 24 24\" fill=\"none\"><path d=\"M6 6H4v2h2V6zm14 0H8v2h12V6zM4 11h2v2H4v-2zm16 0H8v2h12v-2zM4 16h2v2H4v-2zm16 0H8v2h12v-2z\" fill=\"currentColor\"><\/path><\/svg><svg style=\"fill: #999;color:#999\" class=\"arrow-unsorted-368013\" xmlns=\"http:\/\/www.w3.org\/2000\/svg\" width=\"10px\" height=\"10px\" viewBox=\"0 0 24 24\" version=\"1.2\" baseProfile=\"tiny\"><path d=\"M18.2 9.3l-6.2-6.3-6.2 6.3c-.2.2-.3.4-.3.7s.1.5.3.7c.2.2.4.3.7.3h11c.3 0 .5-.1.7-.3.2-.2.3-.5.3-.7s-.1-.5-.3-.7zM5.8 14.7l6.2 6.3 6.2-6.3c.2-.2.3-.5.3-.7s-.1-.5-.3-.7c-.2-.2-.4-.3-.7-.3h-11c-.3 0-.5.1-.7.3-.2.2-.3.5-.3.7s.1.5.3.7z\"\/><\/svg><\/span><\/span><\/span><\/a><\/span><\/div>\n<nav><ul class='ez-toc-list ez-toc-list-level-1 ' ><li class='ez-toc-page-1 ez-toc-heading-level-2'><a class=\"ez-toc-link ez-toc-heading-1\" href=\"https:\/\/www.skalnik.pl\/blog\/korona-gor-polski-lubomir\/#Beskid_Makowski\" >Beskid Makowski<\/a><\/li><li class='ez-toc-page-1 ez-toc-heading-level-2'><a class=\"ez-toc-link ez-toc-heading-2\" href=\"https:\/\/www.skalnik.pl\/blog\/korona-gor-polski-lubomir\/#Najkrotszy_szlak_na_Lubomir\" >Najkr\u00f3tszy szlak na Lubomir<\/a><\/li><li class='ez-toc-page-1 ez-toc-heading-level-2'><a class=\"ez-toc-link ez-toc-heading-3\" href=\"https:\/\/www.skalnik.pl\/blog\/korona-gor-polski-lubomir\/#Szlak_ze_schroniska_na_Kudlaczach\" >Szlak ze schroniska na Kud\u0142aczach<\/a><\/li><li class='ez-toc-page-1 ez-toc-heading-level-2'><a class=\"ez-toc-link ez-toc-heading-4\" href=\"https:\/\/www.skalnik.pl\/blog\/korona-gor-polski-lubomir\/#Okolica\" >Okolica<\/a><\/li><li class='ez-toc-page-1 ez-toc-heading-level-2'><a class=\"ez-toc-link ez-toc-heading-5\" href=\"https:\/\/www.skalnik.pl\/blog\/korona-gor-polski-lubomir\/#Lubomir_ciekawostki\" >Lubomir ciekawostki<\/a><\/li><\/ul><\/nav><\/div>\n<h2 class=\"wp-block-heading\"><span class=\"ez-toc-section\" id=\"Beskid_Makowski\"><\/span>Beskid Makowski<span class=\"ez-toc-section-end\"><\/span><\/h2>\n\n\n\n<p>Ma\u0142o popularne pasmo g\u00f3rskie, kt\u00f3re graniczy ze zdecydowanie bardziej znanymi g\u00f3rami &#8211; Beskidem \u017bywieckim (na po\u0142udniu), Beskidem Ma\u0142ym (na p\u00f3\u0142nocy), Beskidem Wyspowym (na wschodzie). Granic\u0119 zachodni\u0105 stanowi natomiast Kotlina \u017bywiecka. <\/p>\n\n\n\n<p>Nazwa Beskid Makowski pochodzi od miejscowo\u015bci Mak\u00f3w Podhala\u0144ski, wcze\u015bniej u\u017cywano te\u017c okre\u015ble\u0144 Beskid \u015aredni (nazwa ta czasem si\u0119 pojawia nawet obecnie) lub Beskid My\u015blenicki. Granice pasma s\u0105 bardzo umowne, st\u0105d trudno\u015bci w ich stuprocentowym okre\u015bleniu, a zatem przyporz\u0105dkowaniu wierzcho\u0142k\u00f3w, kt\u00f3re do niego nale\u017c\u0105.<\/p>\n\n\n\n<p>Wed\u0142ug cz\u0119\u015bci \u017ar\u00f3de\u0142 Beskid Makowski najwy\u017cszy szczyt ma w zupe\u0142nie gdzie indziej. Jest to graniczna (polsko-s\u0142owacka) M\u0119dralowa\/Modr\u00e1lov\u00e1 o wysoko\u015bci 1169 m n.p.m.&nbsp; Skoro jednak autorzy KGP wskazali Lubomir, ten to szczyt zdobywa si\u0119, nie bacz\u0105c na spory puryst\u00f3w g\u00f3rskich. &nbsp;<\/p>\n\n\n\n<div class=\"wp-block-image\"><figure class=\"aligncenter size-large\"><img loading=\"lazy\" decoding=\"async\" width=\"1024\" height=\"918\" src=\"https:\/\/skalnik.pl\/blog\/wp-content\/uploads\/2021\/07\/tabliczki.jpg\" alt=\"Tabliczka z nazw\u0105 Lubomir 904 m n.p.m. oraz kierunkowskazy w stron\u0119 \u0141ysiny oraz Ciecienia\" class=\"wp-image-17352\" srcset=\"https:\/\/www.skalnik.pl\/blog\/wp-content\/uploads\/2021\/07\/tabliczki.jpg 1024w, https:\/\/www.skalnik.pl\/blog\/wp-content\/uploads\/2021\/07\/tabliczki-300x269.jpg 300w, https:\/\/www.skalnik.pl\/blog\/wp-content\/uploads\/2021\/07\/tabliczki-768x689.jpg 768w\" sizes=\"auto, (max-width: 1024px) 100vw, 1024px\" \/><figcaption><em>Na szczycie Lubomira (jest oczywi\u015bcie obowi\u0105zkowa skrzynka na piecz\u0105tk\u0119 KGP).<\/em><\/figcaption><\/figure><\/div>\n\n\n\n<p>Sam Lubomir nie jest szczytem widokowym, brakuje tam wie\u017cy, a ca\u0142a g\u00f3ra poro\u015bni\u0119ta jest lasem. Za to historia szczytu (a raczej historia, kt\u00f3ra tutaj si\u0119 toczy\u0142a) jest wyj\u0105tkowa i warto o niej wiedzie\u0107. Zreszt\u0105 zadbano o to, wi\u0119c na szlakach mo\u017cna napotka\u0107 \u015bcie\u017cki dydaktyczne z ciekawymi tablicami edukacyjnymi.<\/p>\n\n\n\n<h2 class=\"wp-block-heading\"><span class=\"ez-toc-section\" id=\"Najkrotszy_szlak_na_Lubomir\"><\/span>Najkr\u00f3tszy szlak na Lubomir<span class=\"ez-toc-section-end\"><\/span><\/h2>\n\n\n\n<p>Czas: 1:20 godz.<br>Dystans: 2 km<\/p>\n\n\n\n<p>Najszybciej na Lubomir mo\u017cna dotrze\u0107 z prze\u0142\u0119czy Jaworzyce, tu\u017c przy wsi Paryl\u00f3wka. Znaki na drzewach jednoznacznie wskazuj\u0105, \u017ce droga jest wewn\u0119trzna i rzeczywi\u015bcie w wiosce nie ma miejsc parkingowych. Dlatego zmotoryzowani najlepiej, je\u015bli zostawi\u0105 auta przy drewnianej wiacie turystycznej. St\u0105d na szczyt jest naprawd\u0119 niewinny spacerek, kt\u00f3remu spokojnie podo\u0142aj\u0105 nawet kilkulatki, cho\u0107 nie jest to droga odpowiednia dla w\u00f3zk\u00f3w. <\/p>\n\n\n\n<div class=\"wp-block-image\"><figure class=\"aligncenter size-large\"><img loading=\"lazy\" decoding=\"async\" width=\"1024\" height=\"768\" src=\"https:\/\/skalnik.pl\/blog\/wp-content\/uploads\/2021\/07\/obserwatorium.jpg\" alt=\"Droga przez las, na kt\u00f3rej ko\u0144cu wida\u0107 budynek zwie\u0144czony kopu\u0142\u0105 - charakterystyczny kszta\u0142t obserwatorium astronomicznego\" class=\"wp-image-17353\" srcset=\"https:\/\/www.skalnik.pl\/blog\/wp-content\/uploads\/2021\/07\/obserwatorium.jpg 1024w, https:\/\/www.skalnik.pl\/blog\/wp-content\/uploads\/2021\/07\/obserwatorium-300x225.jpg 300w, https:\/\/www.skalnik.pl\/blog\/wp-content\/uploads\/2021\/07\/obserwatorium-768x576.jpg 768w\" sizes=\"auto, (max-width: 1024px) 100vw, 1024px\" \/><figcaption><em>Fragment budynku obserwatorium astronomicznego na szczycie Lubomira.<\/em><\/figcaption><\/figure><\/div>\n\n\n\n<p>Cz\u0119\u015b\u0107 szlaku biegnie przez miejscowo\u015b\u0107 Paryl\u00f3wka, a nast\u0119pnie lasem. Widoki na okolic\u0119 mo\u017cna podziwia\u0107 tylko z cz\u0119\u015bci drogi przez wie\u015b. Szlak jest szeroki i bardzo dobrze oznaczony. W kilku miejscach krzy\u017cuje si\u0119 z le\u015bnymi drogami, ale tylko ta prowadz\u0105ca na Lubomir jest znakowana (czerwony kolor szlaku). Szczyt Lubomira jest niemal w ca\u0142o\u015bci zalesiony. Stoi tu budynek obserwatorium astronomicznego im. prof. Tadeusza Banachiewicza. Powr\u00f3t tym samym szlakiem. Przy szlaku znajduj\u0105 si\u0119 tablice edukacyjne po\u015bwi\u0119cone polskim odkryciom astronomicznym.<\/p>\n\n\n\n<div style=\"max-width:1000px;overflow:hidden;margin:0 auto;min-width:300px;\"><iframe src=\"https:\/\/mapa-turystyczna.pl\/map\/widget\/route\/h1l0p1\/9sg2.html\" style=\"width:100%;border:0;\" height=\"800\" frameborder=\"0\"><\/iframe><a href=\"https:\/\/mapa-turystyczna.pl\/route\/9sg2?utm_source=external_web&amp;utm_medium=widget&amp;utm_campaign=route_widget\" target=\"_blank\" style=\"color:#999;padding:7px 0;font-size: 13px;font-family:Roboto,Arial,sans-serif;display: inline-block;\" rel=\"noopener noreferrer\">Trasa do: Lubomir | mapa-turystyczna.pl<\/a><\/div>\n\n\n\n<h2 class=\"wp-block-heading\"><span class=\"ez-toc-section\" id=\"Szlak_ze_schroniska_na_Kudlaczach\"><\/span>Szlak ze schroniska na Kud\u0142aczach<span class=\"ez-toc-section-end\"><\/span><\/h2>\n\n\n\n<p>Czas: 2:27 godz. (w tym 1:33 godz. podej\u015bcia)<br>Dystans: 8 km<\/p>\n\n\n\n<p>Zalet\u0105 tej trasy jest mo\u017cliwo\u015b\u0107 wyboru spo\u015br\u00f3d kilku szlak\u00f3w (zielony, czerwony, czarny), a zatem zatoczenia p\u0119tli bez konieczno\u015bci powrotu tym samym szlakiem. Trasa zajmuje niewiele wi\u0119cej czasu ni\u017c najkr\u00f3tszy szlak na Lubomir, jest jednak bardziej malownicza. Ruszaj\u0105c spod schroniska na Kud\u0142aczach zielonym szlakiem a\u017c do Prze\u0142\u0119czy Suchej (zwanej te\u017c Such\u0105 Polan\u0105) idzie si\u0119 niemal po p\u0142askim terenie. Dopiero skr\u0119caj\u0105c na \u017c\u00f3\u0142ty szlak trzeba si\u0119 nieco wysili\u0107 podchodz\u0105c na Pasmo Lubomira i \u0141ysiny. Na szczyt \u0141ysiny (891 m n.p.m.) nie ma szlaku, jednak mo\u017cna wej\u015b\u0107 \u015bcie\u017ck\u0105 z miejsca po\u0142\u0105czenia szlaku \u017c\u00f3\u0142tego, czerwonego i czarnego. <\/p>\n\n\n\n<p>Na Lubomir wyprowadza szlak czerwony. Wariantem drogi powrotnej i szans\u0105 na zrobienie p\u0119tli (dla tych, kt\u00f3rzy nie lubi\u0105 dwa razy chodzi\u0107 t\u0105 sam\u0105 drog\u0105) mo\u017ce by\u0107 zej\u015bcie szlakiem czerwonym do samego schroniska na Kud\u0142aczach. Stoki s\u0105 tu \u0142agodniejsze.<\/p>\n\n\n\n<div style=\"max-width:1000px;overflow:hidden;margin:0 auto;min-width:300px;\"><iframe src=\"https:\/\/mapa-turystyczna.pl\/map\/widget\/route\/h1l0p1\/73xj.html\" style=\"width:100%;border:0;\" height=\"800\" frameborder=\"0\"><\/iframe><a href=\"https:\/\/mapa-turystyczna.pl\/route\/73xj?utm_source=external_web&amp;utm_medium=widget&amp;utm_campaign=route_widget\" target=\"_blank\" style=\"color:#999;padding:7px 0;font-size: 13px;font-family:Roboto,Arial,sans-serif;display: inline-block;\" rel=\"noopener noreferrer\">Trasa: Schronisko PTTK na Kud\u0142aczach \u2013 Schronisko PTTK na Kud\u0142aczach | mapa-turystyczna.pl<\/a><\/div>\n\n\n\n<p>Osoby niezmotoryzowane do schroniska na Kud\u0142aczach mog\u0105 dosta\u0107 si\u0119 na piechot\u0119 szlakiem czarnym z Pcimia (ok. 2,5 godz.). Z My\u015blenic kursuj\u0105 busy (kierunek Pcim Sucha Dzia\u0142y), kt\u00f3re zatrzymuj\u0105 si\u0119 ok. 20 min. od schroniska (na stronie internetowej schroniska s\u0105 zamieszczane aktualne rozk\u0142ady jazdy bus\u00f3w).<\/p>\n\n\n\n<h2 class=\"wp-block-heading\"><span class=\"ez-toc-section\" id=\"Okolica\"><\/span>Okolica<span class=\"ez-toc-section-end\"><\/span><\/h2>\n\n\n\n<p>Sporo turyst\u00f3w wybiera najkr\u00f3tsz\u0105 tras\u0119 na Lubomir. Jest wtedy czas, by odwiedzi\u0107 w ci\u0105gu jednego dnia nieodleg\u0142y szczyt Mogielnicy lub ruszy\u0107 na inne szlaki Beskid Wyspowy, mimo niewielkiej powierzchni, ma troch\u0119 ciekawych miejsc, wartych odwiedzenia.<\/p>\n\n\n\n<p>Je\u015bli popierasz wyb\u00f3r tw\u00f3rc\u00f3w KGP i uznajesz, \u017ce Lubomir to jednak Beskid Makowski szczyty mniej ucz\u0119szczane od tych z Korony czekaj\u0105 na ciebie. Cho\u0107 nie s\u0105 wybitne cz\u0119sto z odwdzi\u0119czaj\u0105 si\u0119 przepi\u0119knymi widokami na bardziej znane Gorce czy Tatry.<\/p>\n\n\n\n<div style=\"width:100%; height:600px; padding: 15px; resize:both; overflow: auto;\"> <div style=\"width:100%; height:100%; box-shadow: 5px 5px 15px #00000038;\"> <iframe src=\"https:\/\/kgp3d.amu.edu.pl\/u\/Lubomir.html\" allow=\"xr xr-spatial-tracking\" style=\"height: 100%; width: 100%; border: 0;\"><\/iframe> <\/div> <\/div>\n\n\n\n<h2 class=\"wp-block-heading\"><span class=\"ez-toc-section\" id=\"Lubomir_ciekawostki\"><\/span>Lubomir ciekawostki<span class=\"ez-toc-section-end\"><\/span><\/h2>\n\n\n\n<ul class=\"wp-block-list\"><li>do 1932 r. g\u00f3ra nosi\u0142a nazw\u0119 \u0141ysina (obecnie nazwa ta przypisana jest ni\u017cszemu szczytowi, kt\u00f3ry razem z Lubomirem tworzy Pasmo Lubomira i \u0141ysiny)<\/li><li>zmienion\u0105 j\u0105 na cze\u015b\u0107 Kazimierza Lubomirskiego, kt\u00f3ry dekad\u0119 wcze\u015bniej podarowa\u0142 Uniwersytetowi Jagiello\u0144skiemu 10 ha las\u00f3w na g\u00f3rze \u0141ysina wraz z drewnian\u0105 le\u015bnicz\u00f3wk\u0105 \u2013 korzystaj\u0105c z tych zasob\u00f3w otwarto fili\u0119 krakowskiego obserwatorium astronomicznego<\/li><li>obserwatorium na Lubomirze otwarto w 1922 r. z inicjatywy prof. Tadeusza Banachiewicza<\/li><li>w 1925 i 1936 roku odkryto z obserwatorium na Lubomirze dwie komety \u2013 zosta\u0142y one uwiecznione w herbie gminy Wi\u015bniowa<\/li><li>we wrze\u015bniu 1944 r. Niemcy spalili budynki obserwatorium, a sprz\u0119t zarekwirowali<\/li><li>ze starych budynk\u00f3w do dzi\u015b osta\u0142y si\u0119 jedynie kamienne fundamenty \u2013 obserwatorium zosta\u0142o odbudowane i otwarte uroczy\u015bcie dopiero w 2007 r. i dzi\u015b nosi imi\u0119 prof. Banachiewicza<\/li><li>obserwatorium mo\u017cna zwiedza\u0107 w weekendy, ponadto organizowane s\u0105 w nim tematyczne obserwacje nieba zar\u00f3wno dla os\u00f3b indywidualnych, jak i grup zorganizowanych<\/li><li>na Prze\u0142\u0119czy Suchej stoi pomnik upami\u0119tniaj\u0105cy partyzanckie oddzia\u0142y AK, kt\u00f3re w czasie II wojny \u015bwiatowej mia\u0142y na tym terenie swoj\u0105 baz\u0119<\/li><\/ul>\n\n\n\n<p>Lubomir jest kolejnym szczytem przedstawionym w naszym cyklu Korona G\u00f3r Polski. Sprawd\u017a <a href=\"https:\/\/skalnik.pl\/blog\/tag\/korona-gor-polski\/\" target=\"_blank\" rel=\"noreferrer noopener\">tutaj<\/a>, kt\u00f3re szlaki ju\u017c opisali\u015bmy.&nbsp;<\/p>\n","protected":false},"excerpt":{"rendered":"<p>\u0141atwe i kr\u00f3tkie szlaki na Lubomir, najwy\u017csz\u0105 g\u00f3r\u0119 w Beskidzie Makowskim. A na szczycie wizyta w obserwatorium astronomicznym<\/p>\n","protected":false},"author":9,"featured_media":17351,"comment_status":"open","ping_status":"open","sticky":false,"template":"","format":"standard","meta":{"_acf_changed":false,"footnotes":""},"categories":[84],"tags":[28,260],"magento_category":[],"magento_product":[],"class_list":["post-17346","post","type-post","status-publish","format-standard","has-post-thumbnail","hentry","category-pasja","tag-gory","tag-korona-gor-polski"],"acf":[],"aioseo_notices":[],"aioseo_head":"\n\t\t<!-- All in One SEO 4.9.10 - aioseo.com -->\n\t<meta name=\"description\" content=\"Kr\u00f3tkie szlaki na Lubomir najwy\u017cszy szczyt Beskidu Makowskiego to pomys\u0142 na szybk\u0105 w\u0119dr\u00f3wk\u0119 w kr\u00f3tki dzie\u0144 lub niespieszny spacer z dzie\u0107mi.\" \/>\n\t<meta name=\"robots\" content=\"max-image-preview:large\" \/>\n\t<meta name=\"author\" content=\"Beata Nawrotkiewicz\"\/>\n\t<link rel=\"canonical\" href=\"https:\/\/www.skalnik.pl\/blog\/korona-gor-polski-lubomir\/\" \/>\n\t<meta name=\"generator\" content=\"All in One SEO (AIOSEO) 4.9.10\" \/>\n\t\t<meta property=\"og:locale\" content=\"pl_PL\" \/>\n\t\t<meta property=\"og:site_name\" content=\"blog Skalnik - Blog, porady, artyku\u0142y - blog Skalnik\" \/>\n\t\t<meta property=\"og:type\" content=\"article\" \/>\n\t\t<meta property=\"og:title\" content=\"Korona G\u00f3r Polski \u2013 Lubomir - blog Skalnik\" \/>\n\t\t<meta property=\"og:description\" content=\"Kr\u00f3tkie szlaki na Lubomir najwy\u017cszy szczyt Beskidu Makowskiego to pomys\u0142 na szybk\u0105 w\u0119dr\u00f3wk\u0119 w kr\u00f3tki dzie\u0144 lub niespieszny spacer z dzie\u0107mi.\" \/>\n\t\t<meta property=\"og:url\" content=\"https:\/\/www.skalnik.pl\/blog\/korona-gor-polski-lubomir\/\" \/>\n\t\t<meta property=\"og:image\" content=\"https:\/\/skalnik.pl\/blog\/wp-content\/uploads\/2021\/07\/tabliczki.jpg\" \/>\n\t\t<meta property=\"og:image:secure_url\" content=\"https:\/\/skalnik.pl\/blog\/wp-content\/uploads\/2021\/07\/tabliczki.jpg\" \/>\n\t\t<meta property=\"article:tag\" content=\"pasja\" \/>\n\t\t<meta property=\"article:tag\" content=\"g\u00f3ry\" \/>\n\t\t<meta property=\"article:tag\" content=\"korona g\u00f3r polski\" \/>\n\t\t<meta property=\"article:published_time\" content=\"2021-07-30T07:40:00+00:00\" \/>\n\t\t<meta property=\"article:modified_time\" content=\"2021-07-22T07:27:38+00:00\" \/>\n\t\t<meta name=\"twitter:card\" content=\"summary_large_image\" \/>\n\t\t<meta name=\"twitter:title\" content=\"Korona G\u00f3r Polski \u2013 Lubomir - blog Skalnik\" \/>\n\t\t<meta name=\"twitter:description\" content=\"Kr\u00f3tkie szlaki na Lubomir najwy\u017cszy szczyt Beskidu Makowskiego to pomys\u0142 na szybk\u0105 w\u0119dr\u00f3wk\u0119 w kr\u00f3tki dzie\u0144 lub niespieszny spacer z dzie\u0107mi.\" \/>\n\t\t<meta name=\"twitter:image\" content=\"https:\/\/skalnik.pl\/blog\/wp-content\/uploads\/2021\/07\/tabliczki.jpg\" \/>\n\t\t<script type=\"application\/ld+json\" class=\"aioseo-schema\">\n\t\t\t{\"@context\":\"https:\\\/\\\/schema.org\",\"@graph\":[{\"@type\":\"BlogPosting\",\"@id\":\"https:\\\/\\\/www.skalnik.pl\\\/blog\\\/korona-gor-polski-lubomir\\\/#blogposting\",\"name\":\"Korona G\\u00f3r Polski \\u2013 Lubomir - blog Skalnik\",\"headline\":\"Korona G\\u00f3r Polski &#8211; Lubomir\",\"author\":{\"@id\":\"https:\\\/\\\/www.skalnik.pl\\\/blog\\\/author\\\/beata-nawrotkiewicz\\\/#author\"},\"publisher\":{\"@id\":\"https:\\\/\\\/www.skalnik.pl\\\/blog\\\/#organization\"},\"image\":{\"@type\":\"ImageObject\",\"url\":\"https:\\\/\\\/www.skalnik.pl\\\/blog\\\/wp-content\\\/uploads\\\/2021\\\/07\\\/widoki.jpg\",\"width\":1920,\"height\":705,\"caption\":\"widok z czerwonego szlaku na Lubomir w stron\\u0119 Beskidu Wyspowego\"},\"datePublished\":\"2021-07-30T09:40:00+02:00\",\"dateModified\":\"2021-07-22T09:27:38+02:00\",\"inLanguage\":\"pl-PL\",\"commentCount\":2,\"mainEntityOfPage\":{\"@id\":\"https:\\\/\\\/www.skalnik.pl\\\/blog\\\/korona-gor-polski-lubomir\\\/#webpage\"},\"isPartOf\":{\"@id\":\"https:\\\/\\\/www.skalnik.pl\\\/blog\\\/korona-gor-polski-lubomir\\\/#webpage\"},\"articleSection\":\"Pasja, g\\u00f3ry, korona g\\u00f3r polski\"},{\"@type\":\"BreadcrumbList\",\"@id\":\"https:\\\/\\\/www.skalnik.pl\\\/blog\\\/korona-gor-polski-lubomir\\\/#breadcrumblist\",\"itemListElement\":[{\"@type\":\"ListItem\",\"@id\":\"https:\\\/\\\/www.skalnik.pl\\\/blog#listItem\",\"position\":1,\"name\":\"Home\",\"item\":\"https:\\\/\\\/www.skalnik.pl\\\/blog\",\"nextItem\":{\"@type\":\"ListItem\",\"@id\":\"https:\\\/\\\/www.skalnik.pl\\\/blog\\\/.\\\/pasja\\\/#listItem\",\"name\":\"Pasja\"}},{\"@type\":\"ListItem\",\"@id\":\"https:\\\/\\\/www.skalnik.pl\\\/blog\\\/.\\\/pasja\\\/#listItem\",\"position\":2,\"name\":\"Pasja\",\"item\":\"https:\\\/\\\/www.skalnik.pl\\\/blog\\\/.\\\/pasja\\\/\",\"nextItem\":{\"@type\":\"ListItem\",\"@id\":\"https:\\\/\\\/www.skalnik.pl\\\/blog\\\/korona-gor-polski-lubomir\\\/#listItem\",\"name\":\"Korona G\\u00f3r Polski &#8211; Lubomir\"},\"previousItem\":{\"@type\":\"ListItem\",\"@id\":\"https:\\\/\\\/www.skalnik.pl\\\/blog#listItem\",\"name\":\"Home\"}},{\"@type\":\"ListItem\",\"@id\":\"https:\\\/\\\/www.skalnik.pl\\\/blog\\\/korona-gor-polski-lubomir\\\/#listItem\",\"position\":3,\"name\":\"Korona G\\u00f3r Polski &#8211; Lubomir\",\"previousItem\":{\"@type\":\"ListItem\",\"@id\":\"https:\\\/\\\/www.skalnik.pl\\\/blog\\\/.\\\/pasja\\\/#listItem\",\"name\":\"Pasja\"}}]},{\"@type\":\"Organization\",\"@id\":\"https:\\\/\\\/www.skalnik.pl\\\/blog\\\/#organization\",\"name\":\"blog Skalnik\",\"description\":\"Blog, porady, artyku\\u0142y - blog Skalnik\",\"url\":\"https:\\\/\\\/www.skalnik.pl\\\/blog\\\/\"},{\"@type\":\"Person\",\"@id\":\"https:\\\/\\\/www.skalnik.pl\\\/blog\\\/author\\\/beata-nawrotkiewicz\\\/#author\",\"url\":\"https:\\\/\\\/www.skalnik.pl\\\/blog\\\/author\\\/beata-nawrotkiewicz\\\/\",\"name\":\"Beata Nawrotkiewicz\",\"image\":{\"@type\":\"ImageObject\",\"@id\":\"https:\\\/\\\/www.skalnik.pl\\\/blog\\\/korona-gor-polski-lubomir\\\/#authorImage\",\"url\":\"https:\\\/\\\/secure.gravatar.com\\\/avatar\\\/53cf81cfcc3a81694535515925ffcf159be725e8bd1fb455eeb9e2cadcaa5684?s=96&d=mm&r=g\",\"width\":96,\"height\":96,\"caption\":\"Beata Nawrotkiewicz\"}},{\"@type\":\"WebPage\",\"@id\":\"https:\\\/\\\/www.skalnik.pl\\\/blog\\\/korona-gor-polski-lubomir\\\/#webpage\",\"url\":\"https:\\\/\\\/www.skalnik.pl\\\/blog\\\/korona-gor-polski-lubomir\\\/\",\"name\":\"Korona G\\u00f3r Polski \\u2013 Lubomir - blog Skalnik\",\"description\":\"Kr\\u00f3tkie szlaki na Lubomir najwy\\u017cszy szczyt Beskidu Makowskiego to pomys\\u0142 na szybk\\u0105 w\\u0119dr\\u00f3wk\\u0119 w kr\\u00f3tki dzie\\u0144 lub niespieszny spacer z dzie\\u0107mi.\",\"inLanguage\":\"pl-PL\",\"isPartOf\":{\"@id\":\"https:\\\/\\\/www.skalnik.pl\\\/blog\\\/#website\"},\"breadcrumb\":{\"@id\":\"https:\\\/\\\/www.skalnik.pl\\\/blog\\\/korona-gor-polski-lubomir\\\/#breadcrumblist\"},\"author\":{\"@id\":\"https:\\\/\\\/www.skalnik.pl\\\/blog\\\/author\\\/beata-nawrotkiewicz\\\/#author\"},\"creator\":{\"@id\":\"https:\\\/\\\/www.skalnik.pl\\\/blog\\\/author\\\/beata-nawrotkiewicz\\\/#author\"},\"image\":{\"@type\":\"ImageObject\",\"url\":\"https:\\\/\\\/www.skalnik.pl\\\/blog\\\/wp-content\\\/uploads\\\/2021\\\/07\\\/widoki.jpg\",\"@id\":\"https:\\\/\\\/www.skalnik.pl\\\/blog\\\/korona-gor-polski-lubomir\\\/#mainImage\",\"width\":1920,\"height\":705,\"caption\":\"widok z czerwonego szlaku na Lubomir w stron\\u0119 Beskidu Wyspowego\"},\"primaryImageOfPage\":{\"@id\":\"https:\\\/\\\/www.skalnik.pl\\\/blog\\\/korona-gor-polski-lubomir\\\/#mainImage\"},\"datePublished\":\"2021-07-30T09:40:00+02:00\",\"dateModified\":\"2021-07-22T09:27:38+02:00\"},{\"@type\":\"WebSite\",\"@id\":\"https:\\\/\\\/www.skalnik.pl\\\/blog\\\/#website\",\"url\":\"https:\\\/\\\/www.skalnik.pl\\\/blog\\\/\",\"name\":\"blog Skalnik\",\"description\":\"Blog, porady, artyku\\u0142y - blog Skalnik\",\"inLanguage\":\"pl-PL\",\"publisher\":{\"@id\":\"https:\\\/\\\/www.skalnik.pl\\\/blog\\\/#organization\"}}]}\n\t\t<\/script>\n\t\t<!-- All in One SEO -->\n\n","aioseo_head_json":{"title":"Korona G\u00f3r Polski \u2013 Lubomir - blog Skalnik","description":"Kr\u00f3tkie szlaki na Lubomir najwy\u017cszy szczyt Beskidu Makowskiego to pomys\u0142 na szybk\u0105 w\u0119dr\u00f3wk\u0119 w kr\u00f3tki dzie\u0144 lub niespieszny spacer z dzie\u0107mi.","canonical_url":"https:\/\/www.skalnik.pl\/blog\/korona-gor-polski-lubomir\/","robots":"max-image-preview:large","keywords":"","webmasterTools":{"miscellaneous":""},"schema":{"@context":"https:\/\/schema.org","@graph":[{"@type":"BlogPosting","@id":"https:\/\/www.skalnik.pl\/blog\/korona-gor-polski-lubomir\/#blogposting","name":"Korona G\u00f3r Polski \u2013 Lubomir - blog Skalnik","headline":"Korona G\u00f3r Polski &#8211; Lubomir","author":{"@id":"https:\/\/www.skalnik.pl\/blog\/author\/beata-nawrotkiewicz\/#author"},"publisher":{"@id":"https:\/\/www.skalnik.pl\/blog\/#organization"},"image":{"@type":"ImageObject","url":"https:\/\/www.skalnik.pl\/blog\/wp-content\/uploads\/2021\/07\/widoki.jpg","width":1920,"height":705,"caption":"widok z czerwonego szlaku na Lubomir w stron\u0119 Beskidu Wyspowego"},"datePublished":"2021-07-30T09:40:00+02:00","dateModified":"2021-07-22T09:27:38+02:00","inLanguage":"pl-PL","commentCount":2,"mainEntityOfPage":{"@id":"https:\/\/www.skalnik.pl\/blog\/korona-gor-polski-lubomir\/#webpage"},"isPartOf":{"@id":"https:\/\/www.skalnik.pl\/blog\/korona-gor-polski-lubomir\/#webpage"},"articleSection":"Pasja, g\u00f3ry, korona g\u00f3r polski"},{"@type":"BreadcrumbList","@id":"https:\/\/www.skalnik.pl\/blog\/korona-gor-polski-lubomir\/#breadcrumblist","itemListElement":[{"@type":"ListItem","@id":"https:\/\/www.skalnik.pl\/blog#listItem","position":1,"name":"Home","item":"https:\/\/www.skalnik.pl\/blog","nextItem":{"@type":"ListItem","@id":"https:\/\/www.skalnik.pl\/blog\/.\/pasja\/#listItem","name":"Pasja"}},{"@type":"ListItem","@id":"https:\/\/www.skalnik.pl\/blog\/.\/pasja\/#listItem","position":2,"name":"Pasja","item":"https:\/\/www.skalnik.pl\/blog\/.\/pasja\/","nextItem":{"@type":"ListItem","@id":"https:\/\/www.skalnik.pl\/blog\/korona-gor-polski-lubomir\/#listItem","name":"Korona G\u00f3r Polski &#8211; Lubomir"},"previousItem":{"@type":"ListItem","@id":"https:\/\/www.skalnik.pl\/blog#listItem","name":"Home"}},{"@type":"ListItem","@id":"https:\/\/www.skalnik.pl\/blog\/korona-gor-polski-lubomir\/#listItem","position":3,"name":"Korona G\u00f3r Polski &#8211; Lubomir","previousItem":{"@type":"ListItem","@id":"https:\/\/www.skalnik.pl\/blog\/.\/pasja\/#listItem","name":"Pasja"}}]},{"@type":"Organization","@id":"https:\/\/www.skalnik.pl\/blog\/#organization","name":"blog Skalnik","description":"Blog, porady, artyku\u0142y - blog Skalnik","url":"https:\/\/www.skalnik.pl\/blog\/"},{"@type":"Person","@id":"https:\/\/www.skalnik.pl\/blog\/author\/beata-nawrotkiewicz\/#author","url":"https:\/\/www.skalnik.pl\/blog\/author\/beata-nawrotkiewicz\/","name":"Beata Nawrotkiewicz","image":{"@type":"ImageObject","@id":"https:\/\/www.skalnik.pl\/blog\/korona-gor-polski-lubomir\/#authorImage","url":"https:\/\/secure.gravatar.com\/avatar\/53cf81cfcc3a81694535515925ffcf159be725e8bd1fb455eeb9e2cadcaa5684?s=96&d=mm&r=g","width":96,"height":96,"caption":"Beata Nawrotkiewicz"}},{"@type":"WebPage","@id":"https:\/\/www.skalnik.pl\/blog\/korona-gor-polski-lubomir\/#webpage","url":"https:\/\/www.skalnik.pl\/blog\/korona-gor-polski-lubomir\/","name":"Korona G\u00f3r Polski \u2013 Lubomir - blog Skalnik","description":"Kr\u00f3tkie szlaki na Lubomir najwy\u017cszy szczyt Beskidu Makowskiego to pomys\u0142 na szybk\u0105 w\u0119dr\u00f3wk\u0119 w kr\u00f3tki dzie\u0144 lub niespieszny spacer z dzie\u0107mi.","inLanguage":"pl-PL","isPartOf":{"@id":"https:\/\/www.skalnik.pl\/blog\/#website"},"breadcrumb":{"@id":"https:\/\/www.skalnik.pl\/blog\/korona-gor-polski-lubomir\/#breadcrumblist"},"author":{"@id":"https:\/\/www.skalnik.pl\/blog\/author\/beata-nawrotkiewicz\/#author"},"creator":{"@id":"https:\/\/www.skalnik.pl\/blog\/author\/beata-nawrotkiewicz\/#author"},"image":{"@type":"ImageObject","url":"https:\/\/www.skalnik.pl\/blog\/wp-content\/uploads\/2021\/07\/widoki.jpg","@id":"https:\/\/www.skalnik.pl\/blog\/korona-gor-polski-lubomir\/#mainImage","width":1920,"height":705,"caption":"widok z czerwonego szlaku na Lubomir w stron\u0119 Beskidu Wyspowego"},"primaryImageOfPage":{"@id":"https:\/\/www.skalnik.pl\/blog\/korona-gor-polski-lubomir\/#mainImage"},"datePublished":"2021-07-30T09:40:00+02:00","dateModified":"2021-07-22T09:27:38+02:00"},{"@type":"WebSite","@id":"https:\/\/www.skalnik.pl\/blog\/#website","url":"https:\/\/www.skalnik.pl\/blog\/","name":"blog Skalnik","description":"Blog, porady, artyku\u0142y - blog Skalnik","inLanguage":"pl-PL","publisher":{"@id":"https:\/\/www.skalnik.pl\/blog\/#organization"}}]},"og:locale":"pl_PL","og:site_name":"blog Skalnik - Blog, porady, artyku\u0142y - blog Skalnik","og:type":"article","og:title":"Korona G\u00f3r Polski \u2013 Lubomir - blog Skalnik","og:description":"Kr\u00f3tkie szlaki na Lubomir najwy\u017cszy szczyt Beskidu Makowskiego to pomys\u0142 na szybk\u0105 w\u0119dr\u00f3wk\u0119 w kr\u00f3tki dzie\u0144 lub niespieszny spacer z dzie\u0107mi.","og:url":"https:\/\/www.skalnik.pl\/blog\/korona-gor-polski-lubomir\/","og:image":"https:\/\/skalnik.pl\/blog\/wp-content\/uploads\/2021\/07\/tabliczki.jpg","og:image:secure_url":"https:\/\/skalnik.pl\/blog\/wp-content\/uploads\/2021\/07\/tabliczki.jpg","article:tag":["pasja","g\u00f3ry","korona g\u00f3r polski"],"article:published_time":"2021-07-30T07:40:00+00:00","article:modified_time":"2021-07-22T07:27:38+00:00","twitter:card":"summary_large_image","twitter:title":"Korona G\u00f3r Polski \u2013 Lubomir - blog Skalnik","twitter:description":"Kr\u00f3tkie szlaki na Lubomir najwy\u017cszy szczyt Beskidu Makowskiego to pomys\u0142 na szybk\u0105 w\u0119dr\u00f3wk\u0119 w kr\u00f3tki dzie\u0144 lub niespieszny spacer z dzie\u0107mi.","twitter:image":"https:\/\/skalnik.pl\/blog\/wp-content\/uploads\/2021\/07\/tabliczki.jpg"},"aioseo_meta_data":{"post_id":"17346","title":null,"description":"Kr\u00f3tkie szlaki na Lubomir najwy\u017cszy szczyt Beskidu Makowskiego to pomys\u0142 na szybk\u0105 w\u0119dr\u00f3wk\u0119 w kr\u00f3tki dzie\u0144 lub niespieszny spacer z dzie\u0107mi.","keywords":"","keyphrases":null,"primary_term":null,"canonical_url":"","og_title":null,"og_description":null,"og_object_type":"default","og_image_type":"default","og_image_url":null,"og_image_width":null,"og_image_height":null,"og_image_custom_url":null,"og_image_custom_fields":null,"og_video":null,"og_custom_url":null,"og_article_section":null,"og_article_tags":null,"twitter_use_og":false,"twitter_card":"default","twitter_image_type":"default","twitter_image_url":null,"twitter_image_custom_url":null,"twitter_image_custom_fields":null,"twitter_title":null,"twitter_description":null,"schema":{"blockGraphs":[],"customGraphs":[],"default":{"data":{"Article":[],"Course":[],"Dataset":[],"FAQPage":[],"Movie":[],"Person":[],"Product":[],"ProductReview":[],"Car":[],"Recipe":[],"Service":[],"SoftwareApplication":[],"WebPage":[]},"graphName":"BlogPosting","isEnabled":true},"graphs":[]},"schema_type":"default","schema_type_options":null,"pillar_content":false,"robots_default":true,"robots_noindex":false,"robots_noarchive":false,"robots_nosnippet":false,"robots_nofollow":false,"robots_noimageindex":false,"robots_noodp":false,"robots_notranslate":false,"robots_max_snippet":null,"robots_max_videopreview":null,"robots_max_imagepreview":"large","priority":null,"frequency":null,"local_seo":null,"breadcrumb_settings":null,"limit_modified_date":false,"ai":null,"created":"2022-08-26 10:29:15","updated":"2026-02-17 22:12:35","seo_analyzer_scan_date":null},"aioseo_breadcrumb":"<div class=\"aioseo-breadcrumbs\"><span class=\"aioseo-breadcrumb\">\n\t\t\t<a href=\"https:\/\/www.skalnik.pl\/blog\" title=\"Home\">Home<\/a>\n\t\t<\/span><span class=\"aioseo-breadcrumb-separator\">&raquo;<\/span><span class=\"aioseo-breadcrumb\">\n\t\t\t<a href=\"https:\/\/www.skalnik.pl\/blog\/.\/pasja\/\" title=\"Pasja\">Pasja<\/a>\n\t\t<\/span><span class=\"aioseo-breadcrumb-separator\">&raquo;<\/span><span class=\"aioseo-breadcrumb\">\n\t\t\tKorona G\u00f3r Polski \u2013 Lubomir\n\t\t<\/span><\/div>","aioseo_breadcrumb_json":[{"label":"Home","link":"https:\/\/www.skalnik.pl\/blog"},{"label":"Pasja","link":"https:\/\/www.skalnik.pl\/blog\/.\/pasja\/"},{"label":"Korona G\u00f3r Polski &#8211; Lubomir","link":"https:\/\/www.skalnik.pl\/blog\/korona-gor-polski-lubomir\/"}],"_links":{"self":[{"href":"https:\/\/www.skalnik.pl\/blog\/wp-json\/wp\/v2\/posts\/17346","targetHints":{"allow":["GET"]}}],"collection":[{"href":"https:\/\/www.skalnik.pl\/blog\/wp-json\/wp\/v2\/posts"}],"about":[{"href":"https:\/\/www.skalnik.pl\/blog\/wp-json\/wp\/v2\/types\/post"}],"author":[{"embeddable":true,"href":"https:\/\/www.skalnik.pl\/blog\/wp-json\/wp\/v2\/users\/9"}],"replies":[{"embeddable":true,"href":"https:\/\/www.skalnik.pl\/blog\/wp-json\/wp\/v2\/comments?post=17346"}],"version-history":[{"count":11,"href":"https:\/\/www.skalnik.pl\/blog\/wp-json\/wp\/v2\/posts\/17346\/revisions"}],"predecessor-version":[{"id":19401,"href":"https:\/\/www.skalnik.pl\/blog\/wp-json\/wp\/v2\/posts\/17346\/revisions\/19401"}],"wp:featuredmedia":[{"embeddable":true,"href":"https:\/\/www.skalnik.pl\/blog\/wp-json\/wp\/v2\/media\/17351"}],"wp:attachment":[{"href":"https:\/\/www.skalnik.pl\/blog\/wp-json\/wp\/v2\/media?parent=17346"}],"wp:term":[{"taxonomy":"category","embeddable":true,"href":"https:\/\/www.skalnik.pl\/blog\/wp-json\/wp\/v2\/categories?post=17346"},{"taxonomy":"post_tag","embeddable":true,"href":"https:\/\/www.skalnik.pl\/blog\/wp-json\/wp\/v2\/tags?post=17346"},{"taxonomy":"magento_category","embeddable":true,"href":"https:\/\/www.skalnik.pl\/blog\/wp-json\/wp\/v2\/magento_category?post=17346"},{"taxonomy":"magento_product","embeddable":true,"href":"https:\/\/www.skalnik.pl\/blog\/wp-json\/wp\/v2\/magento_product?post=17346"}],"curies":[{"name":"wp","href":"https:\/\/api.w.org\/{rel}","templated":true}]}}