{"id":17414,"date":"2021-07-20T14:21:48","date_gmt":"2021-07-20T12:21:48","guid":{"rendered":"https:\/\/skalnik.pl\/blog\/?p=17414"},"modified":"2023-05-22T14:27:43","modified_gmt":"2023-05-22T12:27:43","slug":"tatry-najtrudniejsze-szlaki-lato","status":"publish","type":"post","link":"https:\/\/www.skalnik.pl\/blog\/tatry-najtrudniejsze-szlaki-lato\/","title":{"rendered":"Tatry &#8211; najtrudniejsze szlaki (lato)"},"content":{"rendered":"\n<p><strong>Lato w pe\u0142ni, ludzi na szlakach z ka\u017cdym tygodniem pojawia si\u0119 coraz wi\u0119cej, dlatego tym razem postanowi\u0142am opisa\u0107 kilka najtrudniejszych szlak\u00f3w w Tatrach. Zobacz, jak si\u0119 do nich przygotowa\u0107 i na co zwr\u00f3ci\u0107 uwag\u0119.<\/strong><\/p>\n\n\n\n<div id=\"ez-toc-container\" class=\"ez-toc-v2_0_85 counter-hierarchy ez-toc-counter ez-toc-light-blue ez-toc-container-direction\">\n<div class=\"ez-toc-title-container\">\n<p class=\"ez-toc-title\" style=\"cursor:inherit\">SPIS TRE\u015aCI <\/p>\n<span class=\"ez-toc-title-toggle\"><a href=\"#\" class=\"ez-toc-pull-right ez-toc-btn ez-toc-btn-xs ez-toc-btn-default ez-toc-toggle\" aria-label=\"Prze\u0142\u0105cznik Spisu Tre\u015bci\"><span class=\"ez-toc-js-icon-con\"><span class=\"\"><span class=\"eztoc-hide\" style=\"display:none;\">Toggle<\/span><span class=\"ez-toc-icon-toggle-span\"><svg style=\"fill: #999;color:#999\" xmlns=\"http:\/\/www.w3.org\/2000\/svg\" class=\"list-377408\" width=\"20px\" height=\"20px\" viewBox=\"0 0 24 24\" fill=\"none\"><path d=\"M6 6H4v2h2V6zm14 0H8v2h12V6zM4 11h2v2H4v-2zm16 0H8v2h12v-2zM4 16h2v2H4v-2zm16 0H8v2h12v-2z\" fill=\"currentColor\"><\/path><\/svg><svg style=\"fill: #999;color:#999\" class=\"arrow-unsorted-368013\" xmlns=\"http:\/\/www.w3.org\/2000\/svg\" width=\"10px\" height=\"10px\" viewBox=\"0 0 24 24\" version=\"1.2\" baseProfile=\"tiny\"><path d=\"M18.2 9.3l-6.2-6.3-6.2 6.3c-.2.2-.3.4-.3.7s.1.5.3.7c.2.2.4.3.7.3h11c.3 0 .5-.1.7-.3.2-.2.3-.5.3-.7s-.1-.5-.3-.7zM5.8 14.7l6.2 6.3 6.2-6.3c.2-.2.3-.5.3-.7s-.1-.5-.3-.7c-.2-.2-.4-.3-.7-.3h-11c-.3 0-.5.1-.7.3-.2.2-.3.5-.3.7s.1.5.3.7z\"\/><\/svg><\/span><\/span><\/span><\/a><\/span><\/div>\n<nav><ul class='ez-toc-list ez-toc-list-level-1 ' ><li class='ez-toc-page-1 ez-toc-heading-level-2'><a class=\"ez-toc-link ez-toc-heading-1\" href=\"https:\/\/www.skalnik.pl\/blog\/tatry-najtrudniejsze-szlaki-lato\/#Tatry_%E2%80%93_trudne_szlaki\" >Tatry \u2013 trudne szlaki<\/a><\/li><li class='ez-toc-page-1 ez-toc-heading-level-2'><a class=\"ez-toc-link ez-toc-heading-2\" href=\"https:\/\/www.skalnik.pl\/blog\/tatry-najtrudniejsze-szlaki-lato\/#Sprzet_na_najtrudniejsze_szlaki_Tatr\" >Sprz\u0119t na najtrudniejsze szlaki Tatr<\/a><\/li><li class='ez-toc-page-1 ez-toc-heading-level-2'><a class=\"ez-toc-link ez-toc-heading-3\" href=\"https:\/\/www.skalnik.pl\/blog\/tatry-najtrudniejsze-szlaki-lato\/#Najtrudniejsze_szlaki_Tatr\" >Najtrudniejsze szlaki Tatr<\/a><ul class='ez-toc-list-level-3' ><li class='ez-toc-heading-level-3'><a class=\"ez-toc-link ez-toc-heading-4\" href=\"https:\/\/www.skalnik.pl\/blog\/tatry-najtrudniejsze-szlaki-lato\/#1_Orla_Perc\" >#1 Orla Per\u0107<\/a><\/li><li class='ez-toc-page-1 ez-toc-heading-level-3'><a class=\"ez-toc-link ez-toc-heading-5\" href=\"https:\/\/www.skalnik.pl\/blog\/tatry-najtrudniejsze-szlaki-lato\/#2_Rysy\" >#2 Rysy<\/a><\/li><li class='ez-toc-page-1 ez-toc-heading-level-3'><a class=\"ez-toc-link ez-toc-heading-6\" href=\"https:\/\/www.skalnik.pl\/blog\/tatry-najtrudniejsze-szlaki-lato\/#3_Przelecz_pod_Chlopkiem\" >#3 Prze\u0142\u0119cz pod Ch\u0142opkiem<\/a><\/li><li class='ez-toc-page-1 ez-toc-heading-level-3'><a class=\"ez-toc-link ez-toc-heading-7\" href=\"https:\/\/www.skalnik.pl\/blog\/tatry-najtrudniejsze-szlaki-lato\/#4_Czerwona_Lawka\" >#4 Czerwona \u0141awka<\/a><\/li><li class='ez-toc-page-1 ez-toc-heading-level-3'><a class=\"ez-toc-link ez-toc-heading-8\" href=\"https:\/\/www.skalnik.pl\/blog\/tatry-najtrudniejsze-szlaki-lato\/#4_Gran_Rohaczy\" >#4 Gra\u0144 Rohaczy<\/a><\/li><\/ul><\/li><\/ul><\/nav><\/div>\n<h2 class=\"wp-block-heading\"><span class=\"ez-toc-section\" id=\"Tatry_%E2%80%93_trudne_szlaki\"><\/span>Tatry \u2013 trudne szlaki<span class=\"ez-toc-section-end\"><\/span><\/h2>\n\n\n\n<p>Zar\u00f3wno po polskiej, jak i po s\u0142owackiej stronie Tatr mamy kilka szlak\u00f3w, kt\u00f3re \u015bmia\u0142o mo\u017cna uzna\u0107 za trudne. Prowadz\u0105 one w wysokog\u00f3rskim terenie, s\u0105 ubezpieczone klamrami lub \u0142a\u0144cuchami, ale wymagaj\u0105 wi\u0119kszego do\u015bwiadczenia.<\/p>\n\n\n\n<p>Zauwa\u017ca\u0142am, \u017ce coraz wi\u0119cej ludzi do\u015b\u0107 odwa\u017cnie wchodzi w te trudne partie Tatr bez \u017cadnego przygotowania. Dla mnie, przewodniczki i ratowniczki, w g\u00f3rach najbardziej liczy si\u0119 bezpiecze\u0144stwo. Nie da si\u0119 bezpiecznie porusza\u0107 po g\u00f3rach bez odpowiedniego do\u015bwiadczenia. \u017beby je zdoby\u0107, konieczne jest sp\u0119dzenie sporej ilo\u015bci czasu na \u0142atwych szlakach. Nie ma lepszej metody oswajania rozmaitych l\u0119k\u00f3w, zdobywania do\u015bwiadczenia ni\u017c chodzenie, chodzenie i jeszcze raz chodzenie. <\/p>\n\n\n\n<p>W g\u00f3ry nale\u017cy wchodzi\u0107 stopniowo. Warto zacz\u0105\u0107 od \u0142atwych wycieczek, spokojnie nabywa\u0107 do\u015bwiadczenie, a\u017c w ko\u0144cu pr\u00f3bowa\u0107 trudniejszych szlak\u00f3w. Takie \u201ewychodzenie\u201d procentuje. Uczy tak\u017ce, jak si\u0119 prawid\u0142owo przygotowa\u0107, co spakowa\u0107 do plecaka, jak szacowa\u0107 czas przej\u015b\u0107, a tak\u017ce rozwija kondycj\u0119.<\/p>\n\n\n\n<div class=\"wp-block-image\"><figure class=\"aligncenter size-large\"><img loading=\"lazy\" decoding=\"async\" width=\"1024\" height=\"768\" src=\"https:\/\/skalnik.pl\/blog\/wp-content\/uploads\/2021\/07\/tatry-zachodnie.jpg\" alt=\"\" class=\"wp-image-17416\" srcset=\"https:\/\/www.skalnik.pl\/blog\/wp-content\/uploads\/2021\/07\/tatry-zachodnie.jpg 1024w, https:\/\/www.skalnik.pl\/blog\/wp-content\/uploads\/2021\/07\/tatry-zachodnie-300x225.jpg 300w, https:\/\/www.skalnik.pl\/blog\/wp-content\/uploads\/2021\/07\/tatry-zachodnie-768x576.jpg 768w\" sizes=\"auto, (max-width: 1024px) 100vw, 1024px\" \/><figcaption><em>Do ka\u017cdej wycieczki trzeba odpowiednio si\u0119 przygotowa\u0107. (arch. autorki)<\/em><\/figcaption><\/figure><\/div>\n\n\n\n<p><span class=\"has-inline-color has-vivid-cyan-blue-color\">Tatrza\u0144skie <a href=\"https:\/\/skalnik.pl\/blog\/latwe-szlaki-w-tatrach-przewodnik-dla-poczatkujacych\/\" target=\"_blank\" rel=\"noreferrer noopener\"><strong>szlaki dla pocz\u0105tkuj\u0105cych<\/strong><\/a> znajdziesz w tym wpisie, a w tym miejscu <a href=\"https:\/\/skalnik.pl\/blog\/szlaki-w-tatrach-dla-sredniozaawansowanych\/\" target=\"_blank\" rel=\"noreferrer noopener\"><strong>wycieczki dla \u015bredniozaawansowanych<\/strong><\/a>.<\/span><\/p>\n\n\n\n<h2 class=\"wp-block-heading\"><span class=\"ez-toc-section\" id=\"Sprzet_na_najtrudniejsze_szlaki_Tatr\"><\/span>Sprz\u0119t na najtrudniejsze szlaki Tatr<span class=\"ez-toc-section-end\"><\/span><\/h2>\n\n\n\n<p>Tak jak wspomnia\u0142am, wi\u0119kszo\u015b\u0107 wysokog\u00f3rskich szlak\u00f3w jest ubezpieczona \u0142a\u0144cuchami. Pewnie zauwa\u017cyli\u015bcie, \u017ce pojawia si\u0119 na nich coraz wi\u0119ksza liczba os\u00f3b w uprz\u0119\u017cach i kaskach. Niekt\u00f3rych to denerwuje, poniewa\u017c taki turysta porusza si\u0119 wolniej, a niekt\u00f3rych inspiruje do zadbania o w\u0142asne bezpiecze\u0144stwo.<\/p>\n\n\n\n<p>Jako przewodniczka uwa\u017cam, \u017ce uprz\u0105\u017c, lon\u017ca i kask na takich szlakach to bardzo dobry kierunek. Zdecydowanie poprawia bezpiecze\u0144stwo. Lon\u017ca jest \u0142atwa w obs\u0142udze, nie wymaga du\u017cego do\u015bwiadczenia, \u017ceby si\u0119 z ni\u0105 sprawie porusza\u0107. Nie musicie nawet od razu kupowa\u0107 takiego sprz\u0119tu. W Zakopanem jest kilka wypo\u017cyczalni, kt\u00f3re oferuj\u0105 go za zupe\u0142nie rozs\u0105dne pieni\u0105dze. Polecam!<\/p>\n\n\n\n<p><span class=\"has-inline-color has-vivid-cyan-blue-color\">Przeczytaj <a href=\"https:\/\/skalnik.pl\/blog\/jaki-kask-w-gory\/\" target=\"_blank\" rel=\"noreferrer noopener\"><strong>jaki kask w g\u00f3ry<\/strong><\/a><strong> <\/strong>warto wybra\u0107.<\/span><\/p>\n\n\n\n<h2 class=\"wp-block-heading\"><span class=\"ez-toc-section\" id=\"Najtrudniejsze_szlaki_Tatr\"><\/span>Najtrudniejsze szlaki Tatr<span class=\"ez-toc-section-end\"><\/span><\/h2>\n\n\n\n<p>Pewnie jeste\u015bcie ciekawi, kt\u00f3re szlaki moim zdaniem s\u0105 najtrudniejsze w Tatrach. Jestem przekonana, \u017ce Was nie zaskocz\u0119.<\/p>\n\n\n\n<h3 class=\"wp-block-heading\"><span class=\"ez-toc-section\" id=\"1_Orla_Perc\"><\/span>#1 Orla Per\u0107<span class=\"ez-toc-section-end\"><\/span><\/h3>\n\n\n\n<p>Numerem jeden jest Orla Per\u0107. S\u0105dz\u0119, \u017ce tego szlaku nie trzeba reklamowa\u0107. Zaczyna si\u0119 na prze\u0142\u0119czy Zawrat, a ko\u0144czy na prze\u0142\u0119czy Krzy\u017cne. Na odcinku Zawrat \u2013 Kozi Wierch ruch jest jednokierunkowy. Moim zdaniem to najtrudniejszy szlak po polskiej stronie Tatr. Dodatkowo jest do\u015b\u0107 d\u0142ugi. Z Zakopanego, tam i z powrotem, to oko\u0142o 24 kilometry i nieco ponad 2 tysi\u0105ce metr\u00f3w przewy\u017cszenia.<\/p>\n\n\n\n<div class=\"wp-block-image\"><figure class=\"aligncenter size-large\"><img loading=\"lazy\" decoding=\"async\" width=\"1024\" height=\"576\" src=\"https:\/\/skalnik.pl\/blog\/wp-content\/uploads\/2021\/07\/orla-per\u0107-2.jpg\" alt=\"\" class=\"wp-image-17418\" srcset=\"https:\/\/www.skalnik.pl\/blog\/wp-content\/uploads\/2021\/07\/orla-per\u0107-2.jpg 1024w, https:\/\/www.skalnik.pl\/blog\/wp-content\/uploads\/2021\/07\/orla-per\u0107-2-300x169.jpg 300w, https:\/\/www.skalnik.pl\/blog\/wp-content\/uploads\/2021\/07\/orla-per\u0107-2-768x432.jpg 768w\" sizes=\"auto, (max-width: 1024px) 100vw, 1024px\" \/><figcaption>Ekspozycja, klamry, \u0142a\u0144cuchy i spora liczba \u015bmia\u0142k\u00f3w na szlaku &#8211; taka jest w\u0142a\u015bnie<em> Orla Per\u0107. (arch. autorki)<\/em><\/figcaption><\/figure><\/div>\n\n\n\n<p>Szlak Orla Per\u0107 jest w pe\u0142ni ubezpieczony \u0142a\u0144cuchami, klamrami oraz drabinkami. Wiele os\u00f3b zadaje mi pytanie, czy da si\u0119 przej\u015b\u0107 go w ci\u0105gu jednego dnia. Oczywi\u015bcie, \u017ce tak, jednak wymaga to bardzo dobrej kondycji, swobody poruszania si\u0119 w eksponowanym terenie oraz lekkiego farta. Na Orlej Perci w sezonie letnio\u2013jesiennym jest do\u015b\u0107 du\u017cy ruch. Bywa, \u017ce t\u0142ok na szlaku uniemo\u017cliwi Wam takie przej\u015bcie. Na \u0142a\u0144cuchach lubi\u0105 tworzy\u0107 si\u0119 korki, kt\u00f3rych nie da si\u0119 omin\u0105\u0107. Trzeba cierpliwie czeka\u0107 w kolejce, \u017ceby nie stwarza\u0107 zagro\u017cenia osobom, kt\u00f3re s\u0105 s\u0142abiej do tego szlaku przygotowane.<\/p>\n\n\n\n<p>Nie polecam przechodzenia Orlej Perci w jednym kawa\u0142ku. Uwa\u017cam, \u017ce zdecydowanie lepiej i bezpieczniej jest podzieli\u0107 j\u0105 na dwa, a nawet trzy odcinki. Dzi\u0119ki temu mo\u017cecie cieszy\u0107 si\u0119 widokami, nie stresowa\u0107 si\u0119 i bez po\u015bpiechu odby\u0107 wycieczk\u0119. Przygotowuj\u0105c si\u0119 do przej\u015bcia Orlej Perci warto pami\u0119ta\u0107, \u017ce tylko na odcinku Zawrat \u2013 Skrajny Granat jest sporo szlak\u00f3w, kt\u00f3rymi w ka\u017cdym momencie mo\u017cecie zej\u015b\u0107 do doliny. Na dalszym odcinku trzeba i\u015b\u0107 a\u017c do prze\u0142\u0119czy Krzy\u017cne. Nie ma mo\u017cliwo\u015bci zej\u015bcia. Mo\u017cna ewentualnie wr\u00f3ci\u0107 poniewa\u017c ten odcinek jest dwukierunkowy. Moim, subiektywnym zdaniem, ten w\u0142a\u015bnie odcinek jest trudniejszy. Po zako\u0144czeniu wycieczki czeka nas d\u0142ugie zej\u015bcie do Doliny Pa\u0144szczycy lub Pi\u0119ciu Staw\u00f3w Polskich.<\/p>\n\n\n\n<p>Na Orl\u0105 Per\u0107 polecam polecam wybra\u0107 si\u0119 poza sezonem, kiedy jest mniej ludzi.<\/p>\n\n\n\n<div style=\"max-width:1024px;overflow:hidden;margin:0 auto;min-width:300px;\"><iframe src=\"https:\/\/mapa-turystyczna.pl\/map\/widget\/route\/h1l0p1\/mxi9.html\" style=\"width:100%;border:0;\" height=\"800\" frameborder=\"0\"><\/iframe><a href=\"https:\/\/mapa-turystyczna.pl\/route\/mxi9?utm_source=external_web&amp;utm_medium=widget&amp;utm_campaign=route_widget\" target=\"_blank\" style=\"color:#999;padding:7px 0;font-size: 13px;font-family:Roboto,Arial,sans-serif;display: inline-block;\" rel=\"noopener noreferrer\">Trasa: Zawrat \u2013 Krzy\u017cne | mapa-turystyczna.pl<\/a><\/div>\n\n\n\n<h3 class=\"wp-block-heading\"><span class=\"ez-toc-section\" id=\"2_Rysy\"><\/span>#2 Rysy<span class=\"ez-toc-section-end\"><\/span><\/h3>\n\n\n\n<p>Rysy. Mo\u017cna je zdoby\u0107 dwoma wariantami, \u0142atwiejszym &#8211; od strony s\u0142owackiej &#8211; lub trudniejszym, od strony polskiej. Skoncentruje si\u0119 na szlaku po naszej stronie Tatr. Pomimo, \u017ce jest atrakcyjny i r\u00f3\u017cnorodny, nie lubi\u0119 go. Jest zbyt oblegany przez ludzi. Nie mog\u0119 go pomin\u0105\u0107 jednak w tym zestawieniu, poniewa\u017c jest to najwy\u017cszy szczyt w Polsce.<\/p>\n\n\n\n<div class=\"wp-block-image\"><figure class=\"aligncenter size-large\"><img loading=\"lazy\" decoding=\"async\" width=\"1024\" height=\"768\" src=\"https:\/\/skalnik.pl\/blog\/wp-content\/uploads\/2021\/07\/rysy.jpg\" alt=\"\" class=\"wp-image-17420\" srcset=\"https:\/\/www.skalnik.pl\/blog\/wp-content\/uploads\/2021\/07\/rysy.jpg 1024w, https:\/\/www.skalnik.pl\/blog\/wp-content\/uploads\/2021\/07\/rysy-300x225.jpg 300w, https:\/\/www.skalnik.pl\/blog\/wp-content\/uploads\/2021\/07\/rysy-768x576.jpg 768w\" sizes=\"auto, (max-width: 1024px) 100vw, 1024px\" \/><figcaption><em>Rysy to szczyt, kt\u00f3ry jest marzeniem wielu turyst\u00f3w. (arch. autorki)<\/em><\/figcaption><\/figure><\/div>\n\n\n\n<p>To pow\u00f3d, dla kt\u00f3rego id\u0105 na niego ca\u0142e rzesze ludzi. Niestety osoby wybieraj\u0105ce si\u0119 na Rysy w wi\u0119kszo\u015bci nieprzygotowane s\u0105 do takiej wycieczki. Szlak jest bardzo d\u0142ugi. Najpierw trzeba pokona\u0107 oko\u0142o 9 km asfaltem do Morskiego Oka. Nast\u0119pnie staje si\u0119 on bardzo stromy, bo na niewielkiej odleg\u0142o\u015bci oko\u0142o 3 kilometr\u00f3w do pokonania jest blisko 1100 metr\u00f3w przewy\u017cszenia. Ju\u017c to daje w ko\u015b\u0107, a wy\u017cej nie jest \u0142atwiej. Ca\u0142a Grz\u0119da jest ubezpieczona \u0142a\u0144cuchami, a w takim terenie nie ka\u017cdy porusza si\u0119 sprawnie.<\/p>\n\n\n\n<p>W mojej ocenie ten szlak nie jest a\u017c tak trudny jak Orla Per\u0107, jednak jest tutaj znacznie wi\u0119cej ludzi. Osoby te cz\u0119sto poruszaj\u0105 si\u0119 niepewnie, nie radz\u0105 sobie w eksponowanym terenie, zrzucaj\u0105 kamienie. Zdecydowanie warto mie\u0107 na sobie uprz\u0105\u017c i lon\u017ce, a na g\u0142owie kask.<\/p>\n\n\n\n<div class=\"wp-block-image\"><figure class=\"aligncenter size-large\"><img loading=\"lazy\" decoding=\"async\" width=\"1024\" height=\"768\" src=\"https:\/\/skalnik.pl\/blog\/wp-content\/uploads\/2021\/07\/szlak-na-rysy.jpg\" alt=\"\" class=\"wp-image-17422\" srcset=\"https:\/\/www.skalnik.pl\/blog\/wp-content\/uploads\/2021\/07\/szlak-na-rysy.jpg 1024w, https:\/\/www.skalnik.pl\/blog\/wp-content\/uploads\/2021\/07\/szlak-na-rysy-300x225.jpg 300w, https:\/\/www.skalnik.pl\/blog\/wp-content\/uploads\/2021\/07\/szlak-na-rysy-768x576.jpg 768w\" sizes=\"auto, (max-width: 1024px) 100vw, 1024px\" \/><figcaption><em>Widokowy i &#8222;powietrzny&#8221; szlak na Rysy. (arch. autorki)<\/em><\/figcaption><\/figure><\/div>\n\n\n\n<div style=\"max-width:1024px;overflow:hidden;margin:0 auto;min-width:300px;\"><iframe src=\"https:\/\/mapa-turystyczna.pl\/map\/widget\/route\/h1l0p1\/o4hy.html\" style=\"width:100%;border:0;\" height=\"800\" frameborder=\"0\"><\/iframe><a href=\"https:\/\/mapa-turystyczna.pl\/route\/o4hy?utm_source=external_web&amp;utm_medium=widget&amp;utm_campaign=route_widget\" target=\"_blank\" style=\"color:#999;padding:7px 0;font-size: 13px;font-family:Roboto,Arial,sans-serif;display: inline-block;\" rel=\"noopener noreferrer\">Trasa: Schronisko PTTK przy Morskim Oku \u2013 Rysy | mapa-turystyczna.pl<\/a><\/div>\n\n\n\n<p>Samo otoczenie Rys\u00f3w jest bardzo \u0142adne, a widoki ze szczytu s\u0105 niesamowite. Podobnie jednak, jak Orl\u0105 Per\u0107, polecam ten szlak poza sezonem, najlepiej wybra\u0107 jaki\u015b dzie\u0144 w \u015brodku tygodnia. Zdecydowanie odradzam weekendy.<\/p>\n\n\n\n<p><span class=\"has-inline-color has-vivid-cyan-blue-color\">Przeczytaj nasz artyku\u0142 o tym <a href=\"https:\/\/skalnik.pl\/blog\/jak-wejsc-na-rysy-latem\/\" target=\"_blank\" rel=\"noreferrer noopener\"><strong>jak wej\u015b\u0107 na Rysy<\/strong><\/a>. <\/span><\/p>\n\n\n\n<h3 class=\"wp-block-heading\"><span class=\"ez-toc-section\" id=\"3_Przelecz_pod_Chlopkiem\"><\/span>#3 Prze\u0142\u0119cz pod Ch\u0142opkiem<span class=\"ez-toc-section-end\"><\/span><\/h3>\n\n\n\n<p>Niekt\u00f3rzy uwa\u017caj\u0105, \u017ce prowadzi na ni\u0105 najtrudniejszy szlak w Tatrach. Z ca\u0142\u0105 pewno\u015bci\u0105 jest bardzo r\u00f3\u017cnorodny i w niekt\u00f3rych miejscach eksponowany. Bardzo lubi\u0119 ten szlak, bo mimo tego, \u017ce znajduje si\u0119 w rejonie Morskiego Oka jest do\u015b\u0107 spokojny. Nie ma na nim zbyt wielu turyst\u00f3w, por\u00f3wnuj\u0105c go na przyk\u0142ad z Rysami.<\/p>\n\n\n\n<p>Zapewne bierze si\u0119 to st\u0105d, \u017ce szlak nie prowadzi na \u017caden szczyt. Zdecydowanie jednak warto go przej\u015b\u0107. Ten szlak jest tak\u017ce bardzo stromy. Na kr\u00f3tkim odcinku robi si\u0119 blisko tysi\u0105c metr\u00f3w r\u00f3\u017cnicy wzniesie\u0144. Niekt\u00f3re miejsca ubezpieczone s\u0105 klamrami. Podobnie jak na wcze\u015bniej opisanych przeze mnie szlakach, tutaj tak\u017ce warto mie\u0107 na g\u0142owie kask, a na sobie uprz\u0105\u017c z lon\u017c\u0105. W razie niepewno\u015bci mo\u017cna si\u0119 wpi\u0105\u0107 i bezpiecznie pokonywa\u0107 trudno\u015bci. Na prze\u0142\u0119czy czekaj\u0105 pi\u0119kne widoki i zdecydowanie mniej ludzi ni\u017c na Rysach. Uwa\u017cam, \u017ce ka\u017cdy, kto lubi trudne szlaki, chocia\u017c raz w \u017cyciu powinien wybra\u0107 si\u0119 na Prze\u0142\u0119cz pod Ch\u0142opkiem!<\/p>\n\n\n\n<div style=\"max-width:1024px;overflow:hidden;margin:0 auto;min-width:300px;\"><iframe src=\"https:\/\/mapa-turystyczna.pl\/map\/widget\/route\/h1l0p1\/w74e.html\" style=\"width:100%;border:0;\" height=\"800\" frameborder=\"0\"><\/iframe><a href=\"https:\/\/mapa-turystyczna.pl\/route\/w74e?utm_source=external_web&amp;utm_medium=widget&amp;utm_campaign=route_widget\" target=\"_blank\" style=\"color:#999;padding:7px 0;font-size: 13px;font-family:Roboto,Arial,sans-serif;display: inline-block;\" rel=\"noopener noreferrer\">Trasa: Schronisko PTTK przy Morskim Oku \u2013 Mi\u0119guszowiecka Prze\u0142\u0119cz Pod Ch\u0142opkiem | mapa-turystyczna.pl<\/a><\/div>\n\n\n\n<h3 class=\"wp-block-heading\"><span class=\"ez-toc-section\" id=\"4_Czerwona_Lawka\"><\/span>#4 Czerwona \u0141awka<span class=\"ez-toc-section-end\"><\/span><\/h3>\n\n\n\n<p>Jest to chyba najbardziej popularny szlak na S\u0142owacji. Prowadzi przez przepi\u0119kne doliny Pi\u0119ciu Staw\u00f3w Spiskich oraz Starole\u015bn\u0105, a tak\u017ce przez dwa najwy\u017cej po\u0142o\u017cone schroniska po tamtej stronie Tatr: Chat\u0119 Teryego oraz Zb\u00f3jnick\u0105. Oba schroniska znajduj\u0105 si\u0119 na wysoko\u015bci oko\u0142o 2000 m n.p.m.<\/p>\n\n\n\n<div class=\"wp-block-image\"><figure class=\"aligncenter size-large\"><img loading=\"lazy\" decoding=\"async\" width=\"1024\" height=\"768\" src=\"https:\/\/skalnik.pl\/blog\/wp-content\/uploads\/2021\/07\/dolina-5-staw\u00f3w-spiskich.jpg\" alt=\"\" class=\"wp-image-17425\" srcset=\"https:\/\/www.skalnik.pl\/blog\/wp-content\/uploads\/2021\/07\/dolina-5-staw\u00f3w-spiskich.jpg 1024w, https:\/\/www.skalnik.pl\/blog\/wp-content\/uploads\/2021\/07\/dolina-5-staw\u00f3w-spiskich-300x225.jpg 300w, https:\/\/www.skalnik.pl\/blog\/wp-content\/uploads\/2021\/07\/dolina-5-staw\u00f3w-spiskich-768x576.jpg 768w\" sizes=\"auto, (max-width: 1024px) 100vw, 1024px\" \/><figcaption><em>W Dolinie Pi\u0119ciu Staw\u00f3w Spiskich (arch. autorki)<\/em><\/figcaption><\/figure><\/div>\n\n\n\n<div class=\"wp-block-image\"><figure class=\"aligncenter size-large\"><img loading=\"lazy\" decoding=\"async\" width=\"1024\" height=\"576\" src=\"https:\/\/skalnik.pl\/blog\/wp-content\/uploads\/2021\/07\/chata-teryego-1.jpg\" alt=\"\" class=\"wp-image-17426\" srcset=\"https:\/\/www.skalnik.pl\/blog\/wp-content\/uploads\/2021\/07\/chata-teryego-1.jpg 1024w, https:\/\/www.skalnik.pl\/blog\/wp-content\/uploads\/2021\/07\/chata-teryego-1-300x169.jpg 300w, https:\/\/www.skalnik.pl\/blog\/wp-content\/uploads\/2021\/07\/chata-teryego-1-768x432.jpg 768w\" sizes=\"auto, (max-width: 1024px) 100vw, 1024px\" \/><figcaption><em>Chata Teryego. (arch. autorki) <\/em><\/figcaption><\/figure><\/div>\n\n\n\n<p>Wycieczka tym szlakiem jest bardzo urozmaicona, ale tak\u017ce d\u0142uga. Wymaga dobrej kondycji oraz umiej\u0119tno\u015bci poruszania si\u0119 w wysokog\u00f3rskim terenie. Planuj\u0105c j\u0105 najlepiej zrobi\u0107 p\u0119tl\u0119 z Doliny Pi\u0119ciu Staw\u00f3w Spiskich do Starole\u015bnej. Kiedy\u015b szlak ten by\u0142 jednokierunkowy, teraz mo\u017cna przej\u015b\u0107 go w dwie strony. Do samych schronisk trzeba pokona\u0107 blisko 9 km, a na prze\u0142\u0119cz kolejne 2 km. Prze\u0142\u0119cz Czerwona \u0141awka to jedna z wy\u017cej po\u0142o\u017conych prze\u0142\u0119czy po s\u0142owackiej stronie Tatr. Jej wysoko\u015b\u0107 to a\u017c 2352 m n.p.m. Prze\u0142\u0119cz otoczona jest wysokimi szczytami, jednak na \u017caden nie prowadzi szlak turystyczny. Aby dosta\u0107 si\u0119 w to miejsce, trzeba pokona\u0107 kilka \u0142a\u0144cuch\u00f3w.<\/p>\n\n\n\n<p>Tradycyjnie polecam uprz\u0105\u017c z lon\u017c\u0105 i kask.<\/p>\n\n\n\n<div style=\"max-width:1024px;overflow:hidden;margin:0 auto;min-width:300px;\"><iframe src=\"https:\/\/mapa-turystyczna.pl\/map\/widget\/route\/h1l0p1\/635k.html\" style=\"width:100%;border:0;\" height=\"800\" frameborder=\"0\"><\/iframe><a href=\"https:\/\/mapa-turystyczna.pl\/route\/635k?utm_source=external_web&amp;utm_medium=widget&amp;utm_campaign=route_widget\" target=\"_blank\" style=\"color:#999;padding:7px 0;font-size: 13px;font-family:Roboto,Arial,sans-serif;display: inline-block;\" rel=\"noopener noreferrer\">Trasa: T\u00e9ryho chata \u2013 Zbojn\u00edcka chata | mapa-turystyczna.pl<\/a><\/div>\n\n\n\n<h3 class=\"wp-block-heading\"><span class=\"ez-toc-section\" id=\"4_Gran_Rohaczy\"><\/span>#4 Gra\u0144 Rohaczy<span class=\"ez-toc-section-end\"><\/span><\/h3>\n\n\n\n<p>Trasa uwa\u017cana jest za \u201es\u0142owack\u0105 Orl\u0105 Per\u0107\u201d. Droga przez Gra\u0144 Rohaczy jest przepi\u0119kna i malownicza, zw\u0142aszcza w okresie jesiennym, kiedy przyroda zmienia kolory. Szlak znajduje si\u0119 w s\u0142owackich Tatrach Zachodnich.<\/p>\n\n\n\n<div class=\"wp-block-image\"><figure class=\"aligncenter size-large\"><img loading=\"lazy\" decoding=\"async\" width=\"1024\" height=\"768\" src=\"https:\/\/skalnik.pl\/blog\/wp-content\/uploads\/2021\/07\/tatry_zachodnie-1024x768.jpg\" alt=\"\" class=\"wp-image-17429\" srcset=\"https:\/\/www.skalnik.pl\/blog\/wp-content\/uploads\/2021\/07\/tatry_zachodnie-1024x768.jpg 1024w, https:\/\/www.skalnik.pl\/blog\/wp-content\/uploads\/2021\/07\/tatry_zachodnie-300x225.jpg 300w, https:\/\/www.skalnik.pl\/blog\/wp-content\/uploads\/2021\/07\/tatry_zachodnie-768x576.jpg 768w, https:\/\/www.skalnik.pl\/blog\/wp-content\/uploads\/2021\/07\/tatry_zachodnie-1536x1152.jpg 1536w, https:\/\/www.skalnik.pl\/blog\/wp-content\/uploads\/2021\/07\/tatry_zachodnie-2048x1536.jpg 2048w\" sizes=\"auto, (max-width: 1024px) 100vw, 1024px\" \/><figcaption><em>Tatry Zachodnie s\u0105 urokliwe. Tu te\u017c znajdziesz miejsca, gdzie t\u0119tno przyspiesza i to nie tylko z powodu widok\u00f3w. (arch. autorki)<\/em><\/figcaption><\/figure><\/div>\n\n\n\n<p>Pewnie wi\u0119kszo\u015bci z Was kojarzy Tatry Zachodnie si\u0119 z \u0142atw\u0105 wycieczk\u0105? Nic bardziej mylnego. Na tej trasie jest kilka eksponowanych miejsc, kt\u00f3re dla niejednej osoby stanowi\u0105 problem. Sama Gra\u0144 Rohaczy nie jest d\u0142uga. Polecam jednak p\u00f3j\u015b\u0107 dalej, przez Trzy Kopy, w kierunku Banikowskiej Prze\u0142\u0119czy. Prawie ca\u0142y ten odcinek jest ubezpieczony \u0142a\u0144cuchami, a okolica robi naprawd\u0119 wra\u017cenie.<\/p>\n\n\n\n<p>W tych rejonach nie ma a\u017c tak wielu ludzi, dzi\u0119ki czemu jest przyjemniej i bezpieczniej. Mo\u017cna spokojnie, u\u017cywaj\u0105c uprz\u0119\u017cy i lon\u017cy, pokonywa\u0107 trudno\u015bci bez wi\u0119kszego ryzyka, \u017ce kto\u015b za nami b\u0119dzie si\u0119 z tego powodu denerwowa\u0142. Uwierzcie mi &#8211; ca\u0142y rejon Rohaczy jest pi\u0119kny i warto go odwiedzi\u0107.<\/p>\n\n\n\n<div class=\"wp-block-image\"><figure class=\"aligncenter size-large\"><img loading=\"lazy\" decoding=\"async\" width=\"1024\" height=\"768\" src=\"https:\/\/skalnik.pl\/blog\/wp-content\/uploads\/2021\/07\/jamnicki-staw.jpg\" alt=\"\" class=\"wp-image-17427\" srcset=\"https:\/\/www.skalnik.pl\/blog\/wp-content\/uploads\/2021\/07\/jamnicki-staw.jpg 1024w, https:\/\/www.skalnik.pl\/blog\/wp-content\/uploads\/2021\/07\/jamnicki-staw-300x225.jpg 300w, https:\/\/www.skalnik.pl\/blog\/wp-content\/uploads\/2021\/07\/jamnicki-staw-768x576.jpg 768w\" sizes=\"auto, (max-width: 1024px) 100vw, 1024px\" \/><figcaption><em>Jamnicki Staw. W Tatrach Zachodnich mo\u017cna si\u0119 zakocha\u0107! (arch. autorki) <\/em><\/figcaption><\/figure><\/div>\n\n\n\n<div style=\"max-width:1024px;overflow:hidden;margin:0 auto;min-width:300px;\"><iframe src=\"https:\/\/mapa-turystyczna.pl\/map\/widget\/route\/h1l0p1\/9kuz.html\" style=\"width:100%;border:0;\" height=\"800\" frameborder=\"0\"><\/iframe><a href=\"https:\/\/mapa-turystyczna.pl\/route\/9kuz?utm_source=external_web&amp;utm_medium=widget&amp;utm_campaign=route_widget\" target=\"_blank\" style=\"color:#999;padding:7px 0;font-size: 13px;font-family:Roboto,Arial,sans-serif;display: inline-block;\" rel=\"noopener noreferrer\">Trasa: Jamn\u00edcke sedlo \u2013 Ban\u00edkovsk\u00e9 sedlo | mapa-turystyczna.pl<\/a><\/div>\n\n\n\n<p>Oto kilka najtrudniejszych szlak\u00f3w po polskiej i s\u0142owackiej stronie Tatr. Ka\u017cdy warto odwiedzi\u0107, wsz\u0119dzie warto by\u0107. Pami\u0119tajcie jednak, \u017ce aby porusza\u0107 si\u0119 w eksponowanym terenie ubezpieczonym \u0142a\u0144cuchami nale\u017cy zdoby\u0107 do\u015bwiadczenie g\u00f3rskie. Nie warto pcha\u0107 si\u0119 od razu wysoko w g\u00f3ry, zanim zdob\u0119dzie si\u0119 odpowiednie do\u015bwiadczenie. Jest to po prostu ryzykowne i niebezpieczne.<\/p>\n\n\n\n<p>Z mich obserwacji wynika, \u017ce wycieczka niedopasowana do umiej\u0119tno\u015bci nie sprawia satysfakcji. Jest wiele os\u00f3b, kt\u00f3re na najtrudniejszych szlakach Tatr \u201ewalcz\u0105 o \u017cycie\u201d, zamiast cieszy\u0107 si\u0119 wycieczk\u0105 i pi\u0119knymi widokami. Nie da si\u0119 przeskoczy\u0107 jakiego\u015b etapu. Poczekajcie, zbudujcie kondycje, zdob\u0105d\u017acie do\u015bwiadczenie, a potem planujcie wycieczki na najtrudniejsze szlaki w Tatrach. Warto, oj warto wybra\u0107 tak\u0105 drog\u0119.<\/p>\n\n\n\n<p>&nbsp;<\/p>\n\n\n\n<p>Zach\u0119cam Was tak\u017ce, aby\u015bcie nie chodzili w g\u0142\u00f3wnych sezonach tam, gdzie jest najwi\u0119cej ludzi. To po prostu niebezpieczne. Lepiej odczeka\u0107 i &#8211; na przyk\u0142ad na Rysy &#8211; p\u00f3j\u015b\u0107 w spokojniejszym czasie, ni\u017c ryzykowa\u0107, \u017ce co\u015b si\u0119 stanie. Wybierajcie te\u017c szlaki mniej popularne. W Tatrach Zachodnich w okresie letnim jest du\u017co wi\u0119cej przestrzeni do odpoczynku, du\u017co mniej ludzi, a tak\u017ce tutaj mo\u017cna znale\u017a\u0107 troch\u0119 adrenaliny, jak cho\u0107by na wspomnianej Grani Rohaczy. Na koniec jeszcze jedno! Pami\u0119tajcie o ubezpieczeniu na S\u0142owacji od akcji ratunkowych. Powodzenia!<\/p>\n","protected":false},"excerpt":{"rendered":"<p>Poznaj najtrudniejsze szlaki w Tatrach Polskich i S\u0142owackich. Wi\u0119cej ni\u017c Orla Per\u0107 i Rysy!<\/p>\n","protected":false},"author":35,"featured_media":17432,"comment_status":"open","ping_status":"open","sticky":false,"template":"","format":"standard","meta":{"_acf_changed":false,"footnotes":""},"categories":[84,3],"tags":[12,14],"magento_category":[],"magento_product":[],"class_list":["post-17414","post","type-post","status-publish","format-standard","has-post-thumbnail","hentry","category-pasja","category-porady","tag-bezpieczenstwo","tag-tatry"],"acf":[],"aioseo_notices":[],"aioseo_head":"\n\t\t<!-- All in One SEO 4.9.10 - aioseo.com -->\n\t<meta name=\"description\" content=\"Orla Per\u0107, Rysy, a mo\u017ce... Chcesz pozna\u0107 najtrudniejsze szlaki Tatr? Ewelina Wiercioch pisze o najtrudniejszych szlakach tatrza\u0144skich po Polskiej i S\u0142owackiej stronie.\" \/>\n\t<meta name=\"robots\" content=\"max-image-preview:large\" \/>\n\t<meta name=\"author\" content=\"Ewelina Wiercioch\"\/>\n\t<link rel=\"canonical\" href=\"https:\/\/www.skalnik.pl\/blog\/tatry-najtrudniejsze-szlaki-lato\/\" \/>\n\t<meta name=\"generator\" content=\"All in One SEO (AIOSEO) 4.9.10\" \/>\n\t\t<meta property=\"og:locale\" content=\"pl_PL\" \/>\n\t\t<meta property=\"og:site_name\" content=\"blog Skalnik - Blog, porady, artyku\u0142y - blog Skalnik\" \/>\n\t\t<meta property=\"og:type\" content=\"article\" \/>\n\t\t<meta property=\"og:title\" content=\"Tatry \u2013 najtrudniejsze szlaki (lato) - blog Skalnik\" \/>\n\t\t<meta property=\"og:description\" content=\"Orla Per\u0107, Rysy, a mo\u017ce... Chcesz pozna\u0107 najtrudniejsze szlaki Tatr? Ewelina Wiercioch pisze o najtrudniejszych szlakach tatrza\u0144skich po Polskiej i S\u0142owackiej stronie.\" \/>\n\t\t<meta property=\"og:url\" content=\"https:\/\/www.skalnik.pl\/blog\/tatry-najtrudniejsze-szlaki-lato\/\" \/>\n\t\t<meta property=\"og:image\" content=\"https:\/\/skalnik.pl\/blog\/wp-content\/uploads\/2021\/07\/tatry-zachodnie.jpg\" \/>\n\t\t<meta property=\"og:image:secure_url\" content=\"https:\/\/skalnik.pl\/blog\/wp-content\/uploads\/2021\/07\/tatry-zachodnie.jpg\" \/>\n\t\t<meta property=\"article:tag\" content=\"pasja\" \/>\n\t\t<meta property=\"article:tag\" content=\"porady\" \/>\n\t\t<meta property=\"article:tag\" content=\"bezpiecze\u0144stwo\" \/>\n\t\t<meta property=\"article:tag\" content=\"tatry\" \/>\n\t\t<meta property=\"article:published_time\" content=\"2021-07-20T12:21:48+00:00\" \/>\n\t\t<meta property=\"article:modified_time\" content=\"2023-05-22T12:27:43+00:00\" \/>\n\t\t<meta name=\"twitter:card\" content=\"summary_large_image\" \/>\n\t\t<meta name=\"twitter:title\" content=\"Tatry \u2013 najtrudniejsze szlaki (lato) - blog Skalnik\" \/>\n\t\t<meta name=\"twitter:description\" content=\"Orla Per\u0107, Rysy, a mo\u017ce... Chcesz pozna\u0107 najtrudniejsze szlaki Tatr? Ewelina Wiercioch pisze o najtrudniejszych szlakach tatrza\u0144skich po Polskiej i S\u0142owackiej stronie.\" \/>\n\t\t<meta name=\"twitter:image\" content=\"https:\/\/skalnik.pl\/blog\/wp-content\/uploads\/2021\/07\/tatry-zachodnie.jpg\" \/>\n\t\t<script type=\"application\/ld+json\" class=\"aioseo-schema\">\n\t\t\t{\"@context\":\"https:\\\/\\\/schema.org\",\"@graph\":[{\"@type\":\"BlogPosting\",\"@id\":\"https:\\\/\\\/www.skalnik.pl\\\/blog\\\/tatry-najtrudniejsze-szlaki-lato\\\/#blogposting\",\"name\":\"Tatry \\u2013 najtrudniejsze szlaki (lato) - blog Skalnik\",\"headline\":\"Tatry &#8211; najtrudniejsze szlaki (lato)\",\"author\":{\"@id\":\"https:\\\/\\\/www.skalnik.pl\\\/blog\\\/author\\\/ewelina-wiercioch\\\/#author\"},\"publisher\":{\"@id\":\"https:\\\/\\\/www.skalnik.pl\\\/blog\\\/#organization\"},\"image\":{\"@type\":\"ImageObject\",\"url\":\"https:\\\/\\\/www.skalnik.pl\\\/blog\\\/wp-content\\\/uploads\\\/2021\\\/07\\\/tatry-najtrudniejsze-szlaki-orla-perc.jpg\",\"width\":1920,\"height\":706},\"datePublished\":\"2021-07-20T14:21:48+02:00\",\"dateModified\":\"2023-05-22T14:27:43+02:00\",\"inLanguage\":\"pl-PL\",\"mainEntityOfPage\":{\"@id\":\"https:\\\/\\\/www.skalnik.pl\\\/blog\\\/tatry-najtrudniejsze-szlaki-lato\\\/#webpage\"},\"isPartOf\":{\"@id\":\"https:\\\/\\\/www.skalnik.pl\\\/blog\\\/tatry-najtrudniejsze-szlaki-lato\\\/#webpage\"},\"articleSection\":\"Pasja, Porady, bezpiecze\\u0144stwo, tatry\"},{\"@type\":\"BreadcrumbList\",\"@id\":\"https:\\\/\\\/www.skalnik.pl\\\/blog\\\/tatry-najtrudniejsze-szlaki-lato\\\/#breadcrumblist\",\"itemListElement\":[{\"@type\":\"ListItem\",\"@id\":\"https:\\\/\\\/www.skalnik.pl\\\/blog#listItem\",\"position\":1,\"name\":\"Home\",\"item\":\"https:\\\/\\\/www.skalnik.pl\\\/blog\",\"nextItem\":{\"@type\":\"ListItem\",\"@id\":\"https:\\\/\\\/www.skalnik.pl\\\/blog\\\/.\\\/porady\\\/#listItem\",\"name\":\"Porady\"}},{\"@type\":\"ListItem\",\"@id\":\"https:\\\/\\\/www.skalnik.pl\\\/blog\\\/.\\\/porady\\\/#listItem\",\"position\":2,\"name\":\"Porady\",\"item\":\"https:\\\/\\\/www.skalnik.pl\\\/blog\\\/.\\\/porady\\\/\",\"nextItem\":{\"@type\":\"ListItem\",\"@id\":\"https:\\\/\\\/www.skalnik.pl\\\/blog\\\/tatry-najtrudniejsze-szlaki-lato\\\/#listItem\",\"name\":\"Tatry &#8211; najtrudniejsze szlaki (lato)\"},\"previousItem\":{\"@type\":\"ListItem\",\"@id\":\"https:\\\/\\\/www.skalnik.pl\\\/blog#listItem\",\"name\":\"Home\"}},{\"@type\":\"ListItem\",\"@id\":\"https:\\\/\\\/www.skalnik.pl\\\/blog\\\/tatry-najtrudniejsze-szlaki-lato\\\/#listItem\",\"position\":3,\"name\":\"Tatry &#8211; najtrudniejsze szlaki (lato)\",\"previousItem\":{\"@type\":\"ListItem\",\"@id\":\"https:\\\/\\\/www.skalnik.pl\\\/blog\\\/.\\\/porady\\\/#listItem\",\"name\":\"Porady\"}}]},{\"@type\":\"Organization\",\"@id\":\"https:\\\/\\\/www.skalnik.pl\\\/blog\\\/#organization\",\"name\":\"blog Skalnik\",\"description\":\"Blog, porady, artyku\\u0142y - blog Skalnik\",\"url\":\"https:\\\/\\\/www.skalnik.pl\\\/blog\\\/\"},{\"@type\":\"Person\",\"@id\":\"https:\\\/\\\/www.skalnik.pl\\\/blog\\\/author\\\/ewelina-wiercioch\\\/#author\",\"url\":\"https:\\\/\\\/www.skalnik.pl\\\/blog\\\/author\\\/ewelina-wiercioch\\\/\",\"name\":\"Ewelina Wiercioch\",\"image\":{\"@type\":\"ImageObject\",\"@id\":\"https:\\\/\\\/www.skalnik.pl\\\/blog\\\/tatry-najtrudniejsze-szlaki-lato\\\/#authorImage\",\"url\":\"https:\\\/\\\/secure.gravatar.com\\\/avatar\\\/ae7e9dfc20ea8affae907a61fa43b556bfcd68a53256aa40f33f08f94f7d2d24?s=96&d=mm&r=g\",\"width\":96,\"height\":96,\"caption\":\"Ewelina Wiercioch\"}},{\"@type\":\"WebPage\",\"@id\":\"https:\\\/\\\/www.skalnik.pl\\\/blog\\\/tatry-najtrudniejsze-szlaki-lato\\\/#webpage\",\"url\":\"https:\\\/\\\/www.skalnik.pl\\\/blog\\\/tatry-najtrudniejsze-szlaki-lato\\\/\",\"name\":\"Tatry \\u2013 najtrudniejsze szlaki (lato) - blog Skalnik\",\"description\":\"Orla Per\\u0107, Rysy, a mo\\u017ce... Chcesz pozna\\u0107 najtrudniejsze szlaki Tatr? Ewelina Wiercioch pisze o najtrudniejszych szlakach tatrza\\u0144skich po Polskiej i S\\u0142owackiej stronie.\",\"inLanguage\":\"pl-PL\",\"isPartOf\":{\"@id\":\"https:\\\/\\\/www.skalnik.pl\\\/blog\\\/#website\"},\"breadcrumb\":{\"@id\":\"https:\\\/\\\/www.skalnik.pl\\\/blog\\\/tatry-najtrudniejsze-szlaki-lato\\\/#breadcrumblist\"},\"author\":{\"@id\":\"https:\\\/\\\/www.skalnik.pl\\\/blog\\\/author\\\/ewelina-wiercioch\\\/#author\"},\"creator\":{\"@id\":\"https:\\\/\\\/www.skalnik.pl\\\/blog\\\/author\\\/ewelina-wiercioch\\\/#author\"},\"image\":{\"@type\":\"ImageObject\",\"url\":\"https:\\\/\\\/www.skalnik.pl\\\/blog\\\/wp-content\\\/uploads\\\/2021\\\/07\\\/tatry-najtrudniejsze-szlaki-orla-perc.jpg\",\"@id\":\"https:\\\/\\\/www.skalnik.pl\\\/blog\\\/tatry-najtrudniejsze-szlaki-lato\\\/#mainImage\",\"width\":1920,\"height\":706},\"primaryImageOfPage\":{\"@id\":\"https:\\\/\\\/www.skalnik.pl\\\/blog\\\/tatry-najtrudniejsze-szlaki-lato\\\/#mainImage\"},\"datePublished\":\"2021-07-20T14:21:48+02:00\",\"dateModified\":\"2023-05-22T14:27:43+02:00\"},{\"@type\":\"WebSite\",\"@id\":\"https:\\\/\\\/www.skalnik.pl\\\/blog\\\/#website\",\"url\":\"https:\\\/\\\/www.skalnik.pl\\\/blog\\\/\",\"name\":\"blog Skalnik\",\"description\":\"Blog, porady, artyku\\u0142y - blog Skalnik\",\"inLanguage\":\"pl-PL\",\"publisher\":{\"@id\":\"https:\\\/\\\/www.skalnik.pl\\\/blog\\\/#organization\"}}]}\n\t\t<\/script>\n\t\t<!-- All in One SEO -->\n\n","aioseo_head_json":{"title":"Tatry \u2013 najtrudniejsze szlaki (lato) - blog Skalnik","description":"Orla Per\u0107, Rysy, a mo\u017ce... Chcesz pozna\u0107 najtrudniejsze szlaki Tatr? Ewelina Wiercioch pisze o najtrudniejszych szlakach tatrza\u0144skich po Polskiej i S\u0142owackiej stronie.","canonical_url":"https:\/\/www.skalnik.pl\/blog\/tatry-najtrudniejsze-szlaki-lato\/","robots":"max-image-preview:large","keywords":"","webmasterTools":{"miscellaneous":""},"schema":{"@context":"https:\/\/schema.org","@graph":[{"@type":"BlogPosting","@id":"https:\/\/www.skalnik.pl\/blog\/tatry-najtrudniejsze-szlaki-lato\/#blogposting","name":"Tatry \u2013 najtrudniejsze szlaki (lato) - blog Skalnik","headline":"Tatry &#8211; najtrudniejsze szlaki (lato)","author":{"@id":"https:\/\/www.skalnik.pl\/blog\/author\/ewelina-wiercioch\/#author"},"publisher":{"@id":"https:\/\/www.skalnik.pl\/blog\/#organization"},"image":{"@type":"ImageObject","url":"https:\/\/www.skalnik.pl\/blog\/wp-content\/uploads\/2021\/07\/tatry-najtrudniejsze-szlaki-orla-perc.jpg","width":1920,"height":706},"datePublished":"2021-07-20T14:21:48+02:00","dateModified":"2023-05-22T14:27:43+02:00","inLanguage":"pl-PL","mainEntityOfPage":{"@id":"https:\/\/www.skalnik.pl\/blog\/tatry-najtrudniejsze-szlaki-lato\/#webpage"},"isPartOf":{"@id":"https:\/\/www.skalnik.pl\/blog\/tatry-najtrudniejsze-szlaki-lato\/#webpage"},"articleSection":"Pasja, Porady, bezpiecze\u0144stwo, tatry"},{"@type":"BreadcrumbList","@id":"https:\/\/www.skalnik.pl\/blog\/tatry-najtrudniejsze-szlaki-lato\/#breadcrumblist","itemListElement":[{"@type":"ListItem","@id":"https:\/\/www.skalnik.pl\/blog#listItem","position":1,"name":"Home","item":"https:\/\/www.skalnik.pl\/blog","nextItem":{"@type":"ListItem","@id":"https:\/\/www.skalnik.pl\/blog\/.\/porady\/#listItem","name":"Porady"}},{"@type":"ListItem","@id":"https:\/\/www.skalnik.pl\/blog\/.\/porady\/#listItem","position":2,"name":"Porady","item":"https:\/\/www.skalnik.pl\/blog\/.\/porady\/","nextItem":{"@type":"ListItem","@id":"https:\/\/www.skalnik.pl\/blog\/tatry-najtrudniejsze-szlaki-lato\/#listItem","name":"Tatry &#8211; najtrudniejsze szlaki (lato)"},"previousItem":{"@type":"ListItem","@id":"https:\/\/www.skalnik.pl\/blog#listItem","name":"Home"}},{"@type":"ListItem","@id":"https:\/\/www.skalnik.pl\/blog\/tatry-najtrudniejsze-szlaki-lato\/#listItem","position":3,"name":"Tatry &#8211; najtrudniejsze szlaki (lato)","previousItem":{"@type":"ListItem","@id":"https:\/\/www.skalnik.pl\/blog\/.\/porady\/#listItem","name":"Porady"}}]},{"@type":"Organization","@id":"https:\/\/www.skalnik.pl\/blog\/#organization","name":"blog Skalnik","description":"Blog, porady, artyku\u0142y - blog Skalnik","url":"https:\/\/www.skalnik.pl\/blog\/"},{"@type":"Person","@id":"https:\/\/www.skalnik.pl\/blog\/author\/ewelina-wiercioch\/#author","url":"https:\/\/www.skalnik.pl\/blog\/author\/ewelina-wiercioch\/","name":"Ewelina Wiercioch","image":{"@type":"ImageObject","@id":"https:\/\/www.skalnik.pl\/blog\/tatry-najtrudniejsze-szlaki-lato\/#authorImage","url":"https:\/\/secure.gravatar.com\/avatar\/ae7e9dfc20ea8affae907a61fa43b556bfcd68a53256aa40f33f08f94f7d2d24?s=96&d=mm&r=g","width":96,"height":96,"caption":"Ewelina Wiercioch"}},{"@type":"WebPage","@id":"https:\/\/www.skalnik.pl\/blog\/tatry-najtrudniejsze-szlaki-lato\/#webpage","url":"https:\/\/www.skalnik.pl\/blog\/tatry-najtrudniejsze-szlaki-lato\/","name":"Tatry \u2013 najtrudniejsze szlaki (lato) - blog Skalnik","description":"Orla Per\u0107, Rysy, a mo\u017ce... Chcesz pozna\u0107 najtrudniejsze szlaki Tatr? Ewelina Wiercioch pisze o najtrudniejszych szlakach tatrza\u0144skich po Polskiej i S\u0142owackiej stronie.","inLanguage":"pl-PL","isPartOf":{"@id":"https:\/\/www.skalnik.pl\/blog\/#website"},"breadcrumb":{"@id":"https:\/\/www.skalnik.pl\/blog\/tatry-najtrudniejsze-szlaki-lato\/#breadcrumblist"},"author":{"@id":"https:\/\/www.skalnik.pl\/blog\/author\/ewelina-wiercioch\/#author"},"creator":{"@id":"https:\/\/www.skalnik.pl\/blog\/author\/ewelina-wiercioch\/#author"},"image":{"@type":"ImageObject","url":"https:\/\/www.skalnik.pl\/blog\/wp-content\/uploads\/2021\/07\/tatry-najtrudniejsze-szlaki-orla-perc.jpg","@id":"https:\/\/www.skalnik.pl\/blog\/tatry-najtrudniejsze-szlaki-lato\/#mainImage","width":1920,"height":706},"primaryImageOfPage":{"@id":"https:\/\/www.skalnik.pl\/blog\/tatry-najtrudniejsze-szlaki-lato\/#mainImage"},"datePublished":"2021-07-20T14:21:48+02:00","dateModified":"2023-05-22T14:27:43+02:00"},{"@type":"WebSite","@id":"https:\/\/www.skalnik.pl\/blog\/#website","url":"https:\/\/www.skalnik.pl\/blog\/","name":"blog Skalnik","description":"Blog, porady, artyku\u0142y - blog Skalnik","inLanguage":"pl-PL","publisher":{"@id":"https:\/\/www.skalnik.pl\/blog\/#organization"}}]},"og:locale":"pl_PL","og:site_name":"blog Skalnik - Blog, porady, artyku\u0142y - blog Skalnik","og:type":"article","og:title":"Tatry \u2013 najtrudniejsze szlaki (lato) - blog Skalnik","og:description":"Orla Per\u0107, Rysy, a mo\u017ce... Chcesz pozna\u0107 najtrudniejsze szlaki Tatr? Ewelina Wiercioch pisze o najtrudniejszych szlakach tatrza\u0144skich po Polskiej i S\u0142owackiej stronie.","og:url":"https:\/\/www.skalnik.pl\/blog\/tatry-najtrudniejsze-szlaki-lato\/","og:image":"https:\/\/skalnik.pl\/blog\/wp-content\/uploads\/2021\/07\/tatry-zachodnie.jpg","og:image:secure_url":"https:\/\/skalnik.pl\/blog\/wp-content\/uploads\/2021\/07\/tatry-zachodnie.jpg","article:tag":["pasja","porady","bezpiecze\u0144stwo","tatry"],"article:published_time":"2021-07-20T12:21:48+00:00","article:modified_time":"2023-05-22T12:27:43+00:00","twitter:card":"summary_large_image","twitter:title":"Tatry \u2013 najtrudniejsze szlaki (lato) - blog Skalnik","twitter:description":"Orla Per\u0107, Rysy, a mo\u017ce... Chcesz pozna\u0107 najtrudniejsze szlaki Tatr? Ewelina Wiercioch pisze o najtrudniejszych szlakach tatrza\u0144skich po Polskiej i S\u0142owackiej stronie.","twitter:image":"https:\/\/skalnik.pl\/blog\/wp-content\/uploads\/2021\/07\/tatry-zachodnie.jpg"},"aioseo_meta_data":{"post_id":"17414","title":null,"description":"Orla Per\u0107, Rysy, a mo\u017ce... Chcesz pozna\u0107 najtrudniejsze szlaki Tatr? Ewelina Wiercioch pisze o najtrudniejszych szlakach tatrza\u0144skich po Polskiej i S\u0142owackiej stronie.","keywords":[{"label":"tatry","value":"tatry"},{"label":"najtrudniejsze szlaki","value":"najtrudniejsze szlaki"},{"label":"tatry wysokie","value":"tatry wysokie"},{"label":"rysy szlak","value":"rysy szlak"},{"label":"orla per\u0107","value":"orla per\u0107"}],"keyphrases":null,"primary_term":null,"canonical_url":"","og_title":null,"og_description":null,"og_object_type":"default","og_image_type":"default","og_image_url":null,"og_image_width":null,"og_image_height":null,"og_image_custom_url":null,"og_image_custom_fields":null,"og_video":null,"og_custom_url":null,"og_article_section":null,"og_article_tags":null,"twitter_use_og":false,"twitter_card":"default","twitter_image_type":"default","twitter_image_url":null,"twitter_image_custom_url":null,"twitter_image_custom_fields":null,"twitter_title":null,"twitter_description":null,"schema":{"blockGraphs":[],"customGraphs":[],"default":{"data":{"Article":[],"Course":[],"Dataset":[],"FAQPage":[],"Movie":[],"Person":[],"Product":[],"ProductReview":[],"Car":[],"Recipe":[],"Service":[],"SoftwareApplication":[],"WebPage":[]},"graphName":"","isEnabled":true},"graphs":[]},"schema_type":"default","schema_type_options":null,"pillar_content":false,"robots_default":true,"robots_noindex":false,"robots_noarchive":false,"robots_nosnippet":false,"robots_nofollow":false,"robots_noimageindex":false,"robots_noodp":false,"robots_notranslate":false,"robots_max_snippet":null,"robots_max_videopreview":null,"robots_max_imagepreview":"large","priority":null,"frequency":null,"local_seo":null,"breadcrumb_settings":null,"limit_modified_date":false,"ai":null,"created":"2022-08-26 10:14:54","updated":"2026-02-17 22:12:35","seo_analyzer_scan_date":null},"aioseo_breadcrumb":"<div class=\"aioseo-breadcrumbs\"><span class=\"aioseo-breadcrumb\">\n\t\t\t<a href=\"https:\/\/www.skalnik.pl\/blog\" title=\"Home\">Home<\/a>\n\t\t<\/span><span class=\"aioseo-breadcrumb-separator\">&raquo;<\/span><span class=\"aioseo-breadcrumb\">\n\t\t\t<a href=\"https:\/\/www.skalnik.pl\/blog\/.\/porady\/\" title=\"Porady\">Porady<\/a>\n\t\t<\/span><span class=\"aioseo-breadcrumb-separator\">&raquo;<\/span><span class=\"aioseo-breadcrumb\">\n\t\t\tTatry \u2013 najtrudniejsze szlaki (lato)\n\t\t<\/span><\/div>","aioseo_breadcrumb_json":[{"label":"Home","link":"https:\/\/www.skalnik.pl\/blog"},{"label":"Porady","link":"https:\/\/www.skalnik.pl\/blog\/.\/porady\/"},{"label":"Tatry &#8211; najtrudniejsze szlaki (lato)","link":"https:\/\/www.skalnik.pl\/blog\/tatry-najtrudniejsze-szlaki-lato\/"}],"_links":{"self":[{"href":"https:\/\/www.skalnik.pl\/blog\/wp-json\/wp\/v2\/posts\/17414","targetHints":{"allow":["GET"]}}],"collection":[{"href":"https:\/\/www.skalnik.pl\/blog\/wp-json\/wp\/v2\/posts"}],"about":[{"href":"https:\/\/www.skalnik.pl\/blog\/wp-json\/wp\/v2\/types\/post"}],"author":[{"embeddable":true,"href":"https:\/\/www.skalnik.pl\/blog\/wp-json\/wp\/v2\/users\/35"}],"replies":[{"embeddable":true,"href":"https:\/\/www.skalnik.pl\/blog\/wp-json\/wp\/v2\/comments?post=17414"}],"version-history":[{"count":20,"href":"https:\/\/www.skalnik.pl\/blog\/wp-json\/wp\/v2\/posts\/17414\/revisions"}],"predecessor-version":[{"id":23106,"href":"https:\/\/www.skalnik.pl\/blog\/wp-json\/wp\/v2\/posts\/17414\/revisions\/23106"}],"wp:featuredmedia":[{"embeddable":true,"href":"https:\/\/www.skalnik.pl\/blog\/wp-json\/wp\/v2\/media\/17432"}],"wp:attachment":[{"href":"https:\/\/www.skalnik.pl\/blog\/wp-json\/wp\/v2\/media?parent=17414"}],"wp:term":[{"taxonomy":"category","embeddable":true,"href":"https:\/\/www.skalnik.pl\/blog\/wp-json\/wp\/v2\/categories?post=17414"},{"taxonomy":"post_tag","embeddable":true,"href":"https:\/\/www.skalnik.pl\/blog\/wp-json\/wp\/v2\/tags?post=17414"},{"taxonomy":"magento_category","embeddable":true,"href":"https:\/\/www.skalnik.pl\/blog\/wp-json\/wp\/v2\/magento_category?post=17414"},{"taxonomy":"magento_product","embeddable":true,"href":"https:\/\/www.skalnik.pl\/blog\/wp-json\/wp\/v2\/magento_product?post=17414"}],"curies":[{"name":"wp","href":"https:\/\/api.w.org\/{rel}","templated":true}]}}