{"id":17477,"date":"2021-08-11T07:10:00","date_gmt":"2021-08-11T05:10:00","guid":{"rendered":"https:\/\/skalnik.pl\/blog\/?p=17477"},"modified":"2021-08-26T11:49:30","modified_gmt":"2021-08-26T09:49:30","slug":"olimpijski-zestaw-aleksandry-miroslaw-od-black-diamond","status":"publish","type":"post","link":"https:\/\/www.skalnik.pl\/blog\/olimpijski-zestaw-aleksandry-miroslaw-od-black-diamond\/","title":{"rendered":"Olimpijski zestaw Aleksandry Miros\u0142aw od Black Diamond"},"content":{"rendered":"\n<p><strong>Black Diamond wspiera sportowc\u00f3w. Wychodzi naprzeciw ich potrzebom i uwzgl\u0119dnia ich sugestie w swoich projektach. Ambasadorzy marki maj\u0105 realny wp\u0142yw na jej rozw\u00f3j i postrzeganie. S\u0105 to reprezentanci r\u00f3\u017cnych dyscyplin zwi\u0105zanych z g\u00f3rami. W\u015br\u00f3d nich znajduje si\u0119 r\u00f3wnie\u017c nasza rodowita wspinaczka \u2013 Aleksandra Miros\u0142aw.<\/strong><\/p>\n\n\n\n<p>W tym roku mia\u0142o miejsce wyczekiwane sportowe wydarzenie &#8211; Igrzyska Olimpijskie Tokio 2020. Wystartowa\u0142a w nich nasza reprezentantka \u2013 Aleksandra Miros\u0142aw, do Tokio pojecha\u0142a z 4. miejsca, bo takie zaj\u0119\u0142a w klasyfikacji generalnej. Z takim r\u00f3wnie\u017c wr\u00f3ci\u0142a z olimpijskiego fina\u0142u, jednocze\u015bnie bij\u0105c rekord \u015bwiata we wspinaczce na czas! <span class=\"has-inline-color has-vivid-cyan-blue-color\">O tym, jak dok\u0142adnie wygl\u0105da\u0142y te zawody, ich punktacji i zawodnikach napisa\u0142a Zosia <\/span>\u2013 <a href=\"https:\/\/skalnik.pl\/blog\/wspinaczka-na-letnich-igrzyskach-olimpijskich-w-tokio-2020\/\" target=\"_blank\" rel=\"noreferrer noopener\"><strong>zajrzyj tutaj<\/strong><\/a>. Ten tekst natomiast napisa\u0142am dla sprz\u0119towych freak\u00f3w \u2013 ciekawskich i dociekliwych pasjonat\u00f3w, lubi\u0105cych wiedzie\u0107, co w trawie piszczy.<\/p>\n\n\n\n<div class=\"wp-block-image\"><figure class=\"aligncenter size-large\"><img loading=\"lazy\" decoding=\"async\" width=\"1024\" height=\"683\" src=\"https:\/\/skalnik.pl\/blog\/wp-content\/uploads\/2021\/07\/Ola-Miroslaw_Staronphoto-51-Niestandardowy.jpg\" alt=\"Aleksandra Miros\u0142aw Tokio 2020\" class=\"wp-image-17484\" srcset=\"https:\/\/www.skalnik.pl\/blog\/wp-content\/uploads\/2021\/07\/Ola-Miroslaw_Staronphoto-51-Niestandardowy.jpg 1024w, https:\/\/www.skalnik.pl\/blog\/wp-content\/uploads\/2021\/07\/Ola-Miroslaw_Staronphoto-51-Niestandardowy-300x200.jpg 300w, https:\/\/www.skalnik.pl\/blog\/wp-content\/uploads\/2021\/07\/Ola-Miroslaw_Staronphoto-51-Niestandardowy-768x512.jpg 768w\" sizes=\"auto, (max-width: 1024px) 100vw, 1024px\" \/><figcaption><em>Ola uplasowa\u0142a si\u0119 na 4 miejscu olimpijskiego tr\u00f3jboju wspinaczkowego. (fot. Piotr Staro\u0144, FB: Staronphoto)<\/em><\/figcaption><\/figure><\/div>\n\n\n\n<div id=\"ez-toc-container\" class=\"ez-toc-v2_0_85 counter-hierarchy ez-toc-counter ez-toc-light-blue ez-toc-container-direction\">\n<div class=\"ez-toc-title-container\">\n<p class=\"ez-toc-title\" style=\"cursor:inherit\">SPIS TRE\u015aCI <\/p>\n<span class=\"ez-toc-title-toggle\"><a href=\"#\" class=\"ez-toc-pull-right ez-toc-btn ez-toc-btn-xs ez-toc-btn-default ez-toc-toggle\" aria-label=\"Prze\u0142\u0105cznik Spisu Tre\u015bci\"><span class=\"ez-toc-js-icon-con\"><span class=\"\"><span class=\"eztoc-hide\" style=\"display:none;\">Toggle<\/span><span class=\"ez-toc-icon-toggle-span\"><svg style=\"fill: #999;color:#999\" xmlns=\"http:\/\/www.w3.org\/2000\/svg\" class=\"list-377408\" width=\"20px\" height=\"20px\" viewBox=\"0 0 24 24\" fill=\"none\"><path d=\"M6 6H4v2h2V6zm14 0H8v2h12V6zM4 11h2v2H4v-2zm16 0H8v2h12v-2zM4 16h2v2H4v-2zm16 0H8v2h12v-2z\" fill=\"currentColor\"><\/path><\/svg><svg style=\"fill: #999;color:#999\" class=\"arrow-unsorted-368013\" xmlns=\"http:\/\/www.w3.org\/2000\/svg\" width=\"10px\" height=\"10px\" viewBox=\"0 0 24 24\" version=\"1.2\" baseProfile=\"tiny\"><path d=\"M18.2 9.3l-6.2-6.3-6.2 6.3c-.2.2-.3.4-.3.7s.1.5.3.7c.2.2.4.3.7.3h11c.3 0 .5-.1.7-.3.2-.2.3-.5.3-.7s-.1-.5-.3-.7zM5.8 14.7l6.2 6.3 6.2-6.3c.2-.2.3-.5.3-.7s-.1-.5-.3-.7c-.2-.2-.4-.3-.7-.3h-11c-.3 0-.5.1-.7.3-.2.2-.3.5-.3.7s.1.5.3.7z\"\/><\/svg><\/span><\/span><\/span><\/a><\/span><\/div>\n<nav><ul class='ez-toc-list ez-toc-list-level-1 ' ><li class='ez-toc-page-1 ez-toc-heading-level-2'><a class=\"ez-toc-link ez-toc-heading-1\" href=\"https:\/\/www.skalnik.pl\/blog\/olimpijski-zestaw-aleksandry-miroslaw-od-black-diamond\/#Aleksandra_Miroslaw_i_jej_olimpijski_zestaw_Black_Diamond\" >Aleksandra Miros\u0142aw i jej olimpijski zestaw Black Diamond<\/a><\/li><li class='ez-toc-page-1 ez-toc-heading-level-2'><a class=\"ez-toc-link ez-toc-heading-2\" href=\"https:\/\/www.skalnik.pl\/blog\/olimpijski-zestaw-aleksandry-miroslaw-od-black-diamond\/#Uprzaz_wspinaczkowa_na_miare_olimpijczyka_%E2%80%93_model_airNet\" >Uprz\u0105\u017c wspinaczkowa na miar\u0119 olimpijczyka \u2013 model airNet<\/a><\/li><li class='ez-toc-page-1 ez-toc-heading-level-2'><a class=\"ez-toc-link ez-toc-heading-3\" href=\"https:\/\/www.skalnik.pl\/blog\/olimpijski-zestaw-aleksandry-miroslaw-od-black-diamond\/#Worek_na_magnezje_i_lina_Black_Diamond\" >Worek na magnezj\u0119 i lina Black Diamond<\/a><\/li><li class='ez-toc-page-1 ez-toc-heading-level-2'><a class=\"ez-toc-link ez-toc-heading-4\" href=\"https:\/\/www.skalnik.pl\/blog\/olimpijski-zestaw-aleksandry-miroslaw-od-black-diamond\/#Wygoda_w_drodze_do_topu\" >Wygoda w drodze do topu<\/a><\/li><li class='ez-toc-page-1 ez-toc-heading-level-2'><a class=\"ez-toc-link ez-toc-heading-5\" href=\"https:\/\/www.skalnik.pl\/blog\/olimpijski-zestaw-aleksandry-miroslaw-od-black-diamond\/#Dol_do_piecia_w_gore\" >D\u00f3\u0142 do pi\u0119cia w g\u00f3r\u0119<\/a><\/li><li class='ez-toc-page-1 ez-toc-heading-level-2'><a class=\"ez-toc-link ez-toc-heading-6\" href=\"https:\/\/www.skalnik.pl\/blog\/olimpijski-zestaw-aleksandry-miroslaw-od-black-diamond\/#Przelomowa_olimpiada_w_Tokio\" >Prze\u0142omowa olimpiada w Tokio<\/a><\/li><\/ul><\/nav><\/div>\n<h2 class=\"wp-block-heading\"><span class=\"ez-toc-section\" id=\"Aleksandra_Miroslaw_i_jej_olimpijski_zestaw_Black_Diamond\"><\/span><strong>Aleksandra Miros\u0142aw i jej olimpijski zestaw Black Diamond<\/strong><span class=\"ez-toc-section-end\"><\/span><\/h2>\n\n\n\n<p>Ola, jako ambasadorka marki, jest wspierana sprz\u0119towo przez Black Diamond. Wspinaczkowy zestaw towarzyszy jej zar\u00f3wno podczas trening\u00f3w i przygotowa\u0144, jak i w trakcie wyst\u0105pienia na olimpiadzie w Tokio. A co wchodzi w jego sk\u0142ad? Niekt\u00f3re modele zosta\u0142y stworzone specjalnie z my\u015bl\u0105 o olimpijczykach. Poni\u017cej przedstawiam Wam je dok\u0142adniej.<\/p>\n\n\n\n<h2 class=\"wp-block-heading\"><span class=\"ez-toc-section\" id=\"Uprzaz_wspinaczkowa_na_miare_olimpijczyka_%E2%80%93_model_airNet\"><\/span><strong>Uprz\u0105\u017c wspinaczkowa na miar\u0119 olimpijczyka \u2013 model airNet<\/strong><span class=\"ez-toc-section-end\"><\/span><\/h2>\n\n\n\n<p>Jak wiadomo, rzecz bez kt\u00f3rej nie mo\u017ce si\u0119 oby\u0107 \u017caden wspinacz, to uprz\u0105\u017c. <strong>Uprz\u0105\u017c Black Diamond airNet<\/strong> zosta\u0142a stworzona we wsp\u00f3\u0142pracy z Adamem Ondr\u0105, specjalnie na Olimpiad\u0119 Tokio 2020. Jej budowa wyr\u00f3\u017cnia si\u0119 ultralekkimi rozwi\u0105zaniami. Opatentowana siatka airNET, od kt\u00f3rej uprz\u0105\u017c wzi\u0119\u0142a nazw\u0119, zapewnia dobre oparcie wspinaczowi na pasie biodrowym. Materia\u0142y s\u0105 \u015bwietnie oddychaj\u0105ce, a p\u0119tle udowe po\u0142\u0105czone z g\u00f3rn\u0105 cz\u0119\u015bci\u0105 za pomoc\u0105 minimalistycznych i jednocze\u015bnie elastycznych linek. Waga ca\u0142o\u015bci to zaledwie 235 gram\u00f3w! To wszystko sprawia, \u017ce airNET jest idealn\u0105 uprz\u0119\u017c\u0105 do zmaga\u0144 sportowych. W ko\u0144cu zadba\u0142 o to sam mistrz.<\/p>\n\n\n\n<div class=\"wp-block-image\"><figure class=\"aligncenter size-large\"><img loading=\"lazy\" decoding=\"async\" width=\"1024\" height=\"683\" src=\"https:\/\/skalnik.pl\/blog\/wp-content\/uploads\/2021\/07\/Ola-Miroslaw_Staronphoto-24-Niestandardowy.jpg\" alt=\"Ola Miros\u0142aw - Uprz\u0105\u017c airNET\" class=\"wp-image-17482\" srcset=\"https:\/\/www.skalnik.pl\/blog\/wp-content\/uploads\/2021\/07\/Ola-Miroslaw_Staronphoto-24-Niestandardowy.jpg 1024w, https:\/\/www.skalnik.pl\/blog\/wp-content\/uploads\/2021\/07\/Ola-Miroslaw_Staronphoto-24-Niestandardowy-300x200.jpg 300w, https:\/\/www.skalnik.pl\/blog\/wp-content\/uploads\/2021\/07\/Ola-Miroslaw_Staronphoto-24-Niestandardowy-768x512.jpg 768w\" sizes=\"auto, (max-width: 1024px) 100vw, 1024px\" \/><figcaption><em>Odpowiednia uprz\u0105\u017c jest dla wspinacza jak buty dla biegacza. Black Diamond airNET powsta\u0142a we wsp\u00f3\u0142pracy z Adamem Ondr\u0105. (fot. Piotr Staro\u0144, FB: Staronphoto)<\/em><\/figcaption><\/figure><\/div>\n\n\n\n<h2 class=\"wp-block-heading\"><span class=\"ez-toc-section\" id=\"Worek_na_magnezje_i_lina_Black_Diamond\"><\/span><strong>Worek na magnezj\u0119 i lina Black Diamond<\/strong><span class=\"ez-toc-section-end\"><\/span><\/h2>\n\n\n\n<p>Uzupe\u0142nieniem do uprz\u0119\u017cy jest oczywi\u015bcie woreczek na magnezj\u0119. W tym przypadku jednak s\u0142owo worek jest bardziej odpowiednie, poniewa\u017c <strong>Mondo Chalk Pot<\/strong> to typowo boulderowy, du\u017cy i pojemny model. Zmie\u015bci si\u0119 w nim spory zapas bia\u0142ego py\u0142u i dodatkowe akcesoria, np. szczotka do czyszczenia chwyt\u00f3w. Zamkni\u0119cie typu rolltop zabezpiecza przed wysypaniem si\u0119 zawarto\u015bci, do tego jest wygodne, poniewa\u017c klamra zapina si\u0119 magnetycznie.<\/p>\n\n\n\n<p>Do szybkich i skutecznych start\u00f3w na prowadzeniu sprawdzi si\u0119 z kolei woreczek o mniejszych rozmiarach. Idealnie pasuj\u0105cy do wpi\u0119cia przy uprz\u0119\u017cy &#8211; <strong>Mojo Zip Chalk<\/strong>. Klasyczny kszta\u0142t, kt\u00f3ry zawsze zapewnia \u0142atwy dost\u0119p do magnezji, a do tego mocne materia\u0142y, to najwi\u0119ksze zalety tego ma\u0142ego partnera wspinaczkowego.<\/p>\n\n\n\n<div class=\"wp-block-image\"><figure class=\"aligncenter size-large\"><img loading=\"lazy\" decoding=\"async\" width=\"1024\" height=\"683\" src=\"https:\/\/skalnik.pl\/blog\/wp-content\/uploads\/2021\/07\/Ola-Miroslaw_Staronphoto-45-Niestandardowy.jpg\" alt=\"Aleksandra Miros\u0142aw - worek Mondo Chalk Pot\" class=\"wp-image-17483\" srcset=\"https:\/\/www.skalnik.pl\/blog\/wp-content\/uploads\/2021\/07\/Ola-Miroslaw_Staronphoto-45-Niestandardowy.jpg 1024w, https:\/\/www.skalnik.pl\/blog\/wp-content\/uploads\/2021\/07\/Ola-Miroslaw_Staronphoto-45-Niestandardowy-300x200.jpg 300w, https:\/\/www.skalnik.pl\/blog\/wp-content\/uploads\/2021\/07\/Ola-Miroslaw_Staronphoto-45-Niestandardowy-768x512.jpg 768w\" sizes=\"auto, (max-width: 1024px) 100vw, 1024px\" \/><figcaption><em>Mondo Chalk Pot to du\u017cy worek &#8211; idealny do boulderingu i start\u00f3w na czas. (fot. Piotr Staro\u0144, FB: Staronphoto)<\/em><\/figcaption><\/figure><\/div>\n\n\n\n<p>R\u00f3wnie wa\u017cna jest lina, dzi\u0119ki kt\u00f3rej mo\u017cna trenowa\u0107 owo wspinanie na prowadzeniu. Black Diamond zaproponowa\u0142 Oli Miros\u0142aw <strong>lin\u0119 o \u015brednicy 9,6 mm<\/strong>. Specjalny splot 2&#215;2 zapewnia jej trwa\u0142o\u015b\u0107 i elastyczno\u015b\u0107. Niezbyt gruba \u2013p\u0142ynnie przechodzi przez przyrz\u0105d, a jednocze\u015bnie zniesie intensywne u\u017cytkowanie w sezonie ska\u0142kowym. Wyst\u0119puje w d\u0142ugo\u015bciach 60, 70 i 80 m, wi\u0119c sprawdzi si\u0119 tak samo na drogach sportowych, jak i wielowyci\u0105gowych \u2013 nie tylko na sztucznym panelu, ale i w plenerze.<\/p>\n\n\n\n<h2 class=\"wp-block-heading\"><span class=\"ez-toc-section\" id=\"Wygoda_w_drodze_do_topu\"><\/span><strong>Wygoda w drodze do topu<\/strong><span class=\"ez-toc-section-end\"><\/span><\/h2>\n\n\n\n<p>Skoro sprz\u0119t ju\u017c om\u00f3wiony, to warto zaczepi\u0107 wzrok na stroju. Wspinanie to sport wymagaj\u0105cy. Kondycja musi i\u015b\u0107 tu w parze z mobilno\u015bci\u0105 i zwinno\u015bci\u0105. Do tego potrzebne jest wygodne i niekr\u0119puj\u0105ce odzienie, w kt\u00f3rym ka\u017cdy skomplikowany ruch b\u0119dzie mo\u017cliwy.<\/p>\n\n\n\n<p>Idealnym przyk\u0142adem takiego jest koszulka <strong>Splitter Tank \u2013 koszulka wspinaczkowa<\/strong> z odkrytymi ramionami i krzy\u017cowaniem na plecach. Lu\u017any fason z oryginalnym wykrojem plec\u00f3w zapewnia tak\u017ce odpowiedni\u0105 wentylacj\u0119, a d\u0142ugo\u015b\u0107 doskonale wsp\u00f3\u0142pracuje z uprz\u0119\u017c\u0105. Mo\u017cecie si\u0119 jej bli\u017cej przyjrze\u0107 na poni\u017cszym zdj\u0119ciu.<\/p>\n\n\n\n<div class=\"wp-block-image\"><figure class=\"aligncenter size-large\"><img loading=\"lazy\" decoding=\"async\" width=\"1024\" height=\"683\" src=\"https:\/\/skalnik.pl\/blog\/wp-content\/uploads\/2021\/07\/Ola-Miroslaw_Staronphoto-41-Niestandardowy.jpg\" alt=\"Ola Miros\u0142aw - Splitter Tank BD\" class=\"wp-image-17481\" srcset=\"https:\/\/www.skalnik.pl\/blog\/wp-content\/uploads\/2021\/07\/Ola-Miroslaw_Staronphoto-41-Niestandardowy.jpg 1024w, https:\/\/www.skalnik.pl\/blog\/wp-content\/uploads\/2021\/07\/Ola-Miroslaw_Staronphoto-41-Niestandardowy-300x200.jpg 300w, https:\/\/www.skalnik.pl\/blog\/wp-content\/uploads\/2021\/07\/Ola-Miroslaw_Staronphoto-41-Niestandardowy-768x512.jpg 768w\" sizes=\"auto, (max-width: 1024px) 100vw, 1024px\" \/><figcaption><em>Splitter Tank to model bardzo przewiewny i zapewniaj\u0105cy 100 swobody. (fot. Piotr Staro\u0144, FB: Staronphoto)<\/em><\/figcaption><\/figure><\/div>\n\n\n\n<p>Do koszulki Black Diamond przydatna jest bluza, by nie wych\u0142odzi\u0107 si\u0119 pomi\u0119dzy kolejnymi wstawkami. W zestawie Oli znajduje si\u0119 <strong>bluza Basis Full Zip Hoody<\/strong>. Bardzo przyjemna organiczna bawe\u0142na z mi\u0119kk\u0105 stron\u0105 wewn\u0119trzn\u0105 i dodatkiem elastanu dla bezkompromisowej swobody i komfortu. Zosta\u0142a wyposa\u017cona r\u00f3wnie\u017c w obszerny kaptur.<\/p>\n\n\n\n<h2 class=\"wp-block-heading\"><span class=\"ez-toc-section\" id=\"Dol_do_piecia_w_gore\"><\/span><strong>D\u00f3\u0142 do pi\u0119cia w g\u00f3r\u0119<\/strong><span class=\"ez-toc-section-end\"><\/span><\/h2>\n\n\n\n<p>Ostatnim elementem olimpijskiego wyposa\u017cenia i stroju jednocze\u015bnie s\u0105 spodnie. Tutaj mamy 2 warianty do wyboru \u2013 <strong>d\u0142ugie Notion SP Pants i kr\u00f3tkie spodenki przed kolano Credo Shorts<\/strong>. Obie pary zosta\u0142y skrojone pod k\u0105tem wspinaczkowych zastosowa\u0144. Odporna na zu\u017cycie bawe\u0142na organiczna zosta\u0142a po\u0142\u0105czona z elastanem zapewniaj\u0105cym swobod\u0119 podczas ka\u017cdego ruchu. Tkanina jest te\u017c przyja\u017aniejsza dla \u015brodowiska ni\u017c rozwi\u0105zania syntetyczne. Spodnie posiadaj\u0105 praktyczne kieszenie oraz rozci\u0105gliwy, dopasowuj\u0105cy si\u0119 do sylwetki pas \u2013 w przypadku d\u0142ugiego wariantu, i pasek z regulacj\u0105 w modelu z kr\u00f3tk\u0105 nogawk\u0105. Znakiem rozpoznawczym spodni wspinaczkowych jest zaprojektowana specjalna przestrze\u0144 na szczoteczk\u0105 do chwyt\u00f3w.<\/p>\n\n\n\n<div class=\"wp-block-image\"><figure class=\"aligncenter size-large\"><img loading=\"lazy\" decoding=\"async\" width=\"1024\" height=\"683\" src=\"https:\/\/skalnik.pl\/blog\/wp-content\/uploads\/2021\/07\/Ola-Miroslaw_Staronphoto-52-Niestandardowy.jpg\" alt=\"Aleksandra Miros\u0142aw Notion SP Pants\" class=\"wp-image-17485\" srcset=\"https:\/\/www.skalnik.pl\/blog\/wp-content\/uploads\/2021\/07\/Ola-Miroslaw_Staronphoto-52-Niestandardowy.jpg 1024w, https:\/\/www.skalnik.pl\/blog\/wp-content\/uploads\/2021\/07\/Ola-Miroslaw_Staronphoto-52-Niestandardowy-300x200.jpg 300w, https:\/\/www.skalnik.pl\/blog\/wp-content\/uploads\/2021\/07\/Ola-Miroslaw_Staronphoto-52-Niestandardowy-768x512.jpg 768w\" sizes=\"auto, (max-width: 1024px) 100vw, 1024px\" \/><figcaption><em>Wygodne spodnie pozwalaj\u0105 na bardzo skomplikowane ruchy. (fot. Piotr Staro\u0144, FB: Staronphoto)<\/em><\/figcaption><\/figure><\/div>\n\n\n\n<h2 class=\"wp-block-heading\"><span class=\"ez-toc-section\" id=\"Przelomowa_olimpiada_w_Tokio\"><\/span><strong>Prze\u0142omowa olimpiada w Tokio<\/strong><span class=\"ez-toc-section-end\"><\/span><\/h2>\n\n\n\n<p>Olimpiada 2020 to prze\u0142omowe wydarzenie we wspinaczkowym \u015bwiecie. Ten sport doczeka\u0142 si\u0119 w\u0142a\u015bnie inauguracji w najwa\u017cniejszych sportowych zawodach \u2013 Igrzyskach Olimpijskich. Mamy wielkie szcz\u0119\u015bcie jako Polacy, \u017ce mogli\u015bmy kibicowa\u0107 naszej rodaczce. Aleksandra Miros\u0142aw jest mistrzyni\u0105 w czas\u00f3wkach, dla niej to wyst\u0105pienie r\u00f3wnie\u017c by\u0142o prze\u0142omowym wydarzeniem w karierze \u2013 nie tylko ze wzgl\u0119du na presti\u017c igrzysk olimpijskich, lecz tak\u017ce na po\u0142\u0105czenie wszystkich dyscyplin wspinaczkowych w tr\u00f3jb\u00f3j. Ola trenowa\u0142a pod tym k\u0105tem przez wiele miesi\u0119cy i nie ma w\u0105tpliwo\u015bci, \u017ce da\u0142a z siebie wszystko. Co by\u0142o wida\u0107 i przysporzy\u0142o wielu pozytywnych emocji r\u00f3wnie\u017c nam, kibicom. W swojej wiod\u0105cej dyscyplinie ustanowi\u0142a nowy rekord \u015bwiata z czasem 6,84 s.! Mamy z czego by\u0107 dumni, bez wzgl\u0119du na to, \u017ce do medalu zabrak\u0142o niewiele. Je\u015bli nie widzia\u0142e\u015b\/a\u015b olimpijskich zawod\u00f3w wspinaczkowych, , to zach\u0119cam do nadrobienia zaleg\u0142o\u015bci i zobaczenia zar\u00f3wno m\u0119skich, jak i damskich konkurencji. Wszystkie b\u0119d\u0105 historyczne i bez w\u0105tpliwo\u015bci \u2013 by\u0142y widowiskowe!<\/p>\n\n\n\n<p><span class=\"has-inline-color has-vivid-cyan-blue-color\">List\u0119 wszystkich zawodnik\u00f3w, kt\u00f3rzy wzi\u0119li udzia\u0142 w olimpijskiej wspinaczce, znajdziesz we wcze\u015bniej wspomnianym tek\u015bcie Zosi \u2013 <a href=\"https:\/\/skalnik.pl\/blog\/wspinaczka-na-letnich-igrzyskach-olimpijskich-w-tokio-2020\/\" target=\"_blank\" rel=\"noreferrer noopener\"><strong>tutaj<\/strong><\/a>.<\/span><\/p>\n","protected":false},"excerpt":{"rendered":"<p>Olimpijski sprz\u0119t na miar\u0119 mistrza musi posiada\u0107 wiele cech. Zobacz, co zabiera Ola Miros\u0142aw na olimpiad\u0119.<\/p>\n","protected":false},"author":28,"featured_media":17479,"comment_status":"open","ping_status":"open","sticky":false,"template":"","format":"standard","meta":{"_acf_changed":false,"footnotes":""},"categories":[5],"tags":[103,90,20],"magento_category":[],"magento_product":[],"class_list":["post-17477","post","type-post","status-publish","format-standard","has-post-thumbnail","hentry","category-branza","tag-black-diamond","tag-sprzet-wspinaczkowy","tag-wspinaczka"],"acf":[],"aioseo_notices":[],"aioseo_head":"\n\t\t<!-- All in One SEO 4.9.10 - aioseo.com -->\n\t<meta name=\"description\" content=\"Na Igrzyskach Olimpijskich Tokio 2020 Aleksandra Miros\u0142aw da z siebie wszystko. Pomo\u017ce jej w tym odpowiedni sprz\u0119t od Black Diamond. Olimpijski zestaw zawiera..\" \/>\n\t<meta name=\"robots\" content=\"max-image-preview:large\" \/>\n\t<meta name=\"author\" content=\"Angela Semczuk\"\/>\n\t<link rel=\"canonical\" href=\"https:\/\/www.skalnik.pl\/blog\/olimpijski-zestaw-aleksandry-miroslaw-od-black-diamond\/\" \/>\n\t<meta name=\"generator\" content=\"All in One SEO (AIOSEO) 4.9.10\" \/>\n\t\t<meta property=\"og:locale\" content=\"pl_PL\" \/>\n\t\t<meta property=\"og:site_name\" content=\"blog Skalnik - Blog, porady, artyku\u0142y - blog Skalnik\" \/>\n\t\t<meta property=\"og:type\" content=\"article\" \/>\n\t\t<meta property=\"og:title\" content=\"Olimpijski zestaw Aleksandry Miros\u0142aw od Black Diamond - blog Skalnik\" \/>\n\t\t<meta property=\"og:description\" content=\"Na Igrzyskach Olimpijskich Tokio 2020 Aleksandra Miros\u0142aw da z siebie wszystko. Pomo\u017ce jej w tym odpowiedni sprz\u0119t od Black Diamond. Olimpijski zestaw zawiera..\" \/>\n\t\t<meta property=\"og:url\" content=\"https:\/\/www.skalnik.pl\/blog\/olimpijski-zestaw-aleksandry-miroslaw-od-black-diamond\/\" \/>\n\t\t<meta property=\"og:image\" content=\"https:\/\/skalnik.pl\/blog\/wp-content\/uploads\/2021\/07\/Ola-Miroslaw_Staronphoto-51-Niestandardowy.jpg\" \/>\n\t\t<meta property=\"og:image:secure_url\" content=\"https:\/\/skalnik.pl\/blog\/wp-content\/uploads\/2021\/07\/Ola-Miroslaw_Staronphoto-51-Niestandardowy.jpg\" \/>\n\t\t<meta property=\"article:tag\" content=\"bran\u017ca\" \/>\n\t\t<meta property=\"article:tag\" content=\"black diamond\" \/>\n\t\t<meta property=\"article:tag\" content=\"sprz\u0119t wspinaczkowy\" \/>\n\t\t<meta property=\"article:tag\" content=\"wspinaczka\" \/>\n\t\t<meta property=\"article:published_time\" content=\"2021-08-11T05:10:00+00:00\" \/>\n\t\t<meta property=\"article:modified_time\" content=\"2021-08-26T09:49:30+00:00\" \/>\n\t\t<meta name=\"twitter:card\" content=\"summary_large_image\" \/>\n\t\t<meta name=\"twitter:title\" content=\"Olimpijski zestaw Aleksandry Miros\u0142aw od Black Diamond - blog Skalnik\" \/>\n\t\t<meta name=\"twitter:description\" content=\"Na Igrzyskach Olimpijskich Tokio 2020 Aleksandra Miros\u0142aw da z siebie wszystko. Pomo\u017ce jej w tym odpowiedni sprz\u0119t od Black Diamond. Olimpijski zestaw zawiera..\" \/>\n\t\t<meta name=\"twitter:image\" content=\"https:\/\/skalnik.pl\/blog\/wp-content\/uploads\/2021\/07\/Ola-Miroslaw_Staronphoto-51-Niestandardowy.jpg\" \/>\n\t\t<script type=\"application\/ld+json\" class=\"aioseo-schema\">\n\t\t\t{\"@context\":\"https:\\\/\\\/schema.org\",\"@graph\":[{\"@type\":\"BlogPosting\",\"@id\":\"https:\\\/\\\/www.skalnik.pl\\\/blog\\\/olimpijski-zestaw-aleksandry-miroslaw-od-black-diamond\\\/#blogposting\",\"name\":\"Olimpijski zestaw Aleksandry Miros\\u0142aw od Black Diamond - blog Skalnik\",\"headline\":\"Olimpijski zestaw Aleksandry Miros\\u0142aw od Black Diamond\",\"author\":{\"@id\":\"https:\\\/\\\/www.skalnik.pl\\\/blog\\\/author\\\/angela-semczuk\\\/#author\"},\"publisher\":{\"@id\":\"https:\\\/\\\/www.skalnik.pl\\\/blog\\\/#organization\"},\"image\":{\"@type\":\"ImageObject\",\"url\":\"https:\\\/\\\/www.skalnik.pl\\\/blog\\\/wp-content\\\/uploads\\\/2021\\\/07\\\/Ola-Miroslaw_Staronphoto-72.jpg\",\"width\":1920,\"height\":705,\"caption\":\"Aleksandra Miros\\u0142aw Tokio 2020\"},\"datePublished\":\"2021-08-11T07:10:00+02:00\",\"dateModified\":\"2021-08-26T11:49:30+02:00\",\"inLanguage\":\"pl-PL\",\"mainEntityOfPage\":{\"@id\":\"https:\\\/\\\/www.skalnik.pl\\\/blog\\\/olimpijski-zestaw-aleksandry-miroslaw-od-black-diamond\\\/#webpage\"},\"isPartOf\":{\"@id\":\"https:\\\/\\\/www.skalnik.pl\\\/blog\\\/olimpijski-zestaw-aleksandry-miroslaw-od-black-diamond\\\/#webpage\"},\"articleSection\":\"Bran\\u017ca, black diamond, sprz\\u0119t wspinaczkowy, wspinaczka\"},{\"@type\":\"BreadcrumbList\",\"@id\":\"https:\\\/\\\/www.skalnik.pl\\\/blog\\\/olimpijski-zestaw-aleksandry-miroslaw-od-black-diamond\\\/#breadcrumblist\",\"itemListElement\":[{\"@type\":\"ListItem\",\"@id\":\"https:\\\/\\\/www.skalnik.pl\\\/blog#listItem\",\"position\":1,\"name\":\"Home\",\"item\":\"https:\\\/\\\/www.skalnik.pl\\\/blog\",\"nextItem\":{\"@type\":\"ListItem\",\"@id\":\"https:\\\/\\\/www.skalnik.pl\\\/blog\\\/.\\\/branza\\\/#listItem\",\"name\":\"Bran\\u017ca\"}},{\"@type\":\"ListItem\",\"@id\":\"https:\\\/\\\/www.skalnik.pl\\\/blog\\\/.\\\/branza\\\/#listItem\",\"position\":2,\"name\":\"Bran\\u017ca\",\"item\":\"https:\\\/\\\/www.skalnik.pl\\\/blog\\\/.\\\/branza\\\/\",\"nextItem\":{\"@type\":\"ListItem\",\"@id\":\"https:\\\/\\\/www.skalnik.pl\\\/blog\\\/olimpijski-zestaw-aleksandry-miroslaw-od-black-diamond\\\/#listItem\",\"name\":\"Olimpijski zestaw Aleksandry Miros\\u0142aw od Black Diamond\"},\"previousItem\":{\"@type\":\"ListItem\",\"@id\":\"https:\\\/\\\/www.skalnik.pl\\\/blog#listItem\",\"name\":\"Home\"}},{\"@type\":\"ListItem\",\"@id\":\"https:\\\/\\\/www.skalnik.pl\\\/blog\\\/olimpijski-zestaw-aleksandry-miroslaw-od-black-diamond\\\/#listItem\",\"position\":3,\"name\":\"Olimpijski zestaw Aleksandry Miros\\u0142aw od Black Diamond\",\"previousItem\":{\"@type\":\"ListItem\",\"@id\":\"https:\\\/\\\/www.skalnik.pl\\\/blog\\\/.\\\/branza\\\/#listItem\",\"name\":\"Bran\\u017ca\"}}]},{\"@type\":\"Organization\",\"@id\":\"https:\\\/\\\/www.skalnik.pl\\\/blog\\\/#organization\",\"name\":\"blog Skalnik\",\"description\":\"Blog, porady, artyku\\u0142y - blog Skalnik\",\"url\":\"https:\\\/\\\/www.skalnik.pl\\\/blog\\\/\"},{\"@type\":\"Person\",\"@id\":\"https:\\\/\\\/www.skalnik.pl\\\/blog\\\/author\\\/angela-semczuk\\\/#author\",\"url\":\"https:\\\/\\\/www.skalnik.pl\\\/blog\\\/author\\\/angela-semczuk\\\/\",\"name\":\"Angela Semczuk\",\"image\":{\"@type\":\"ImageObject\",\"@id\":\"https:\\\/\\\/www.skalnik.pl\\\/blog\\\/olimpijski-zestaw-aleksandry-miroslaw-od-black-diamond\\\/#authorImage\",\"url\":\"https:\\\/\\\/secure.gravatar.com\\\/avatar\\\/2e35895ed566f66486e308460c0caf9f9fa2f4bd643a42453eb55d7aa3584457?s=96&d=mm&r=g\",\"width\":96,\"height\":96,\"caption\":\"Angela Semczuk\"}},{\"@type\":\"WebPage\",\"@id\":\"https:\\\/\\\/www.skalnik.pl\\\/blog\\\/olimpijski-zestaw-aleksandry-miroslaw-od-black-diamond\\\/#webpage\",\"url\":\"https:\\\/\\\/www.skalnik.pl\\\/blog\\\/olimpijski-zestaw-aleksandry-miroslaw-od-black-diamond\\\/\",\"name\":\"Olimpijski zestaw Aleksandry Miros\\u0142aw od Black Diamond - blog Skalnik\",\"description\":\"Na Igrzyskach Olimpijskich Tokio 2020 Aleksandra Miros\\u0142aw da z siebie wszystko. Pomo\\u017ce jej w tym odpowiedni sprz\\u0119t od Black Diamond. Olimpijski zestaw zawiera..\",\"inLanguage\":\"pl-PL\",\"isPartOf\":{\"@id\":\"https:\\\/\\\/www.skalnik.pl\\\/blog\\\/#website\"},\"breadcrumb\":{\"@id\":\"https:\\\/\\\/www.skalnik.pl\\\/blog\\\/olimpijski-zestaw-aleksandry-miroslaw-od-black-diamond\\\/#breadcrumblist\"},\"author\":{\"@id\":\"https:\\\/\\\/www.skalnik.pl\\\/blog\\\/author\\\/angela-semczuk\\\/#author\"},\"creator\":{\"@id\":\"https:\\\/\\\/www.skalnik.pl\\\/blog\\\/author\\\/angela-semczuk\\\/#author\"},\"image\":{\"@type\":\"ImageObject\",\"url\":\"https:\\\/\\\/www.skalnik.pl\\\/blog\\\/wp-content\\\/uploads\\\/2021\\\/07\\\/Ola-Miroslaw_Staronphoto-72.jpg\",\"@id\":\"https:\\\/\\\/www.skalnik.pl\\\/blog\\\/olimpijski-zestaw-aleksandry-miroslaw-od-black-diamond\\\/#mainImage\",\"width\":1920,\"height\":705,\"caption\":\"Aleksandra Miros\\u0142aw Tokio 2020\"},\"primaryImageOfPage\":{\"@id\":\"https:\\\/\\\/www.skalnik.pl\\\/blog\\\/olimpijski-zestaw-aleksandry-miroslaw-od-black-diamond\\\/#mainImage\"},\"datePublished\":\"2021-08-11T07:10:00+02:00\",\"dateModified\":\"2021-08-26T11:49:30+02:00\"},{\"@type\":\"WebSite\",\"@id\":\"https:\\\/\\\/www.skalnik.pl\\\/blog\\\/#website\",\"url\":\"https:\\\/\\\/www.skalnik.pl\\\/blog\\\/\",\"name\":\"blog Skalnik\",\"description\":\"Blog, porady, artyku\\u0142y - blog Skalnik\",\"inLanguage\":\"pl-PL\",\"publisher\":{\"@id\":\"https:\\\/\\\/www.skalnik.pl\\\/blog\\\/#organization\"}}]}\n\t\t<\/script>\n\t\t<!-- All in One SEO -->\n\n","aioseo_head_json":{"title":"Olimpijski zestaw Aleksandry Miros\u0142aw od Black Diamond - blog Skalnik","description":"Na Igrzyskach Olimpijskich Tokio 2020 Aleksandra Miros\u0142aw da z siebie wszystko. Pomo\u017ce jej w tym odpowiedni sprz\u0119t od Black Diamond. Olimpijski zestaw zawiera..","canonical_url":"https:\/\/www.skalnik.pl\/blog\/olimpijski-zestaw-aleksandry-miroslaw-od-black-diamond\/","robots":"max-image-preview:large","keywords":"","webmasterTools":{"miscellaneous":""},"schema":{"@context":"https:\/\/schema.org","@graph":[{"@type":"BlogPosting","@id":"https:\/\/www.skalnik.pl\/blog\/olimpijski-zestaw-aleksandry-miroslaw-od-black-diamond\/#blogposting","name":"Olimpijski zestaw Aleksandry Miros\u0142aw od Black Diamond - blog Skalnik","headline":"Olimpijski zestaw Aleksandry Miros\u0142aw od Black Diamond","author":{"@id":"https:\/\/www.skalnik.pl\/blog\/author\/angela-semczuk\/#author"},"publisher":{"@id":"https:\/\/www.skalnik.pl\/blog\/#organization"},"image":{"@type":"ImageObject","url":"https:\/\/www.skalnik.pl\/blog\/wp-content\/uploads\/2021\/07\/Ola-Miroslaw_Staronphoto-72.jpg","width":1920,"height":705,"caption":"Aleksandra Miros\u0142aw Tokio 2020"},"datePublished":"2021-08-11T07:10:00+02:00","dateModified":"2021-08-26T11:49:30+02:00","inLanguage":"pl-PL","mainEntityOfPage":{"@id":"https:\/\/www.skalnik.pl\/blog\/olimpijski-zestaw-aleksandry-miroslaw-od-black-diamond\/#webpage"},"isPartOf":{"@id":"https:\/\/www.skalnik.pl\/blog\/olimpijski-zestaw-aleksandry-miroslaw-od-black-diamond\/#webpage"},"articleSection":"Bran\u017ca, black diamond, sprz\u0119t wspinaczkowy, wspinaczka"},{"@type":"BreadcrumbList","@id":"https:\/\/www.skalnik.pl\/blog\/olimpijski-zestaw-aleksandry-miroslaw-od-black-diamond\/#breadcrumblist","itemListElement":[{"@type":"ListItem","@id":"https:\/\/www.skalnik.pl\/blog#listItem","position":1,"name":"Home","item":"https:\/\/www.skalnik.pl\/blog","nextItem":{"@type":"ListItem","@id":"https:\/\/www.skalnik.pl\/blog\/.\/branza\/#listItem","name":"Bran\u017ca"}},{"@type":"ListItem","@id":"https:\/\/www.skalnik.pl\/blog\/.\/branza\/#listItem","position":2,"name":"Bran\u017ca","item":"https:\/\/www.skalnik.pl\/blog\/.\/branza\/","nextItem":{"@type":"ListItem","@id":"https:\/\/www.skalnik.pl\/blog\/olimpijski-zestaw-aleksandry-miroslaw-od-black-diamond\/#listItem","name":"Olimpijski zestaw Aleksandry Miros\u0142aw od Black Diamond"},"previousItem":{"@type":"ListItem","@id":"https:\/\/www.skalnik.pl\/blog#listItem","name":"Home"}},{"@type":"ListItem","@id":"https:\/\/www.skalnik.pl\/blog\/olimpijski-zestaw-aleksandry-miroslaw-od-black-diamond\/#listItem","position":3,"name":"Olimpijski zestaw Aleksandry Miros\u0142aw od Black Diamond","previousItem":{"@type":"ListItem","@id":"https:\/\/www.skalnik.pl\/blog\/.\/branza\/#listItem","name":"Bran\u017ca"}}]},{"@type":"Organization","@id":"https:\/\/www.skalnik.pl\/blog\/#organization","name":"blog Skalnik","description":"Blog, porady, artyku\u0142y - blog Skalnik","url":"https:\/\/www.skalnik.pl\/blog\/"},{"@type":"Person","@id":"https:\/\/www.skalnik.pl\/blog\/author\/angela-semczuk\/#author","url":"https:\/\/www.skalnik.pl\/blog\/author\/angela-semczuk\/","name":"Angela Semczuk","image":{"@type":"ImageObject","@id":"https:\/\/www.skalnik.pl\/blog\/olimpijski-zestaw-aleksandry-miroslaw-od-black-diamond\/#authorImage","url":"https:\/\/secure.gravatar.com\/avatar\/2e35895ed566f66486e308460c0caf9f9fa2f4bd643a42453eb55d7aa3584457?s=96&d=mm&r=g","width":96,"height":96,"caption":"Angela Semczuk"}},{"@type":"WebPage","@id":"https:\/\/www.skalnik.pl\/blog\/olimpijski-zestaw-aleksandry-miroslaw-od-black-diamond\/#webpage","url":"https:\/\/www.skalnik.pl\/blog\/olimpijski-zestaw-aleksandry-miroslaw-od-black-diamond\/","name":"Olimpijski zestaw Aleksandry Miros\u0142aw od Black Diamond - blog Skalnik","description":"Na Igrzyskach Olimpijskich Tokio 2020 Aleksandra Miros\u0142aw da z siebie wszystko. Pomo\u017ce jej w tym odpowiedni sprz\u0119t od Black Diamond. Olimpijski zestaw zawiera..","inLanguage":"pl-PL","isPartOf":{"@id":"https:\/\/www.skalnik.pl\/blog\/#website"},"breadcrumb":{"@id":"https:\/\/www.skalnik.pl\/blog\/olimpijski-zestaw-aleksandry-miroslaw-od-black-diamond\/#breadcrumblist"},"author":{"@id":"https:\/\/www.skalnik.pl\/blog\/author\/angela-semczuk\/#author"},"creator":{"@id":"https:\/\/www.skalnik.pl\/blog\/author\/angela-semczuk\/#author"},"image":{"@type":"ImageObject","url":"https:\/\/www.skalnik.pl\/blog\/wp-content\/uploads\/2021\/07\/Ola-Miroslaw_Staronphoto-72.jpg","@id":"https:\/\/www.skalnik.pl\/blog\/olimpijski-zestaw-aleksandry-miroslaw-od-black-diamond\/#mainImage","width":1920,"height":705,"caption":"Aleksandra Miros\u0142aw Tokio 2020"},"primaryImageOfPage":{"@id":"https:\/\/www.skalnik.pl\/blog\/olimpijski-zestaw-aleksandry-miroslaw-od-black-diamond\/#mainImage"},"datePublished":"2021-08-11T07:10:00+02:00","dateModified":"2021-08-26T11:49:30+02:00"},{"@type":"WebSite","@id":"https:\/\/www.skalnik.pl\/blog\/#website","url":"https:\/\/www.skalnik.pl\/blog\/","name":"blog Skalnik","description":"Blog, porady, artyku\u0142y - blog Skalnik","inLanguage":"pl-PL","publisher":{"@id":"https:\/\/www.skalnik.pl\/blog\/#organization"}}]},"og:locale":"pl_PL","og:site_name":"blog Skalnik - Blog, porady, artyku\u0142y - blog Skalnik","og:type":"article","og:title":"Olimpijski zestaw Aleksandry Miros\u0142aw od Black Diamond - blog Skalnik","og:description":"Na Igrzyskach Olimpijskich Tokio 2020 Aleksandra Miros\u0142aw da z siebie wszystko. Pomo\u017ce jej w tym odpowiedni sprz\u0119t od Black Diamond. Olimpijski zestaw zawiera..","og:url":"https:\/\/www.skalnik.pl\/blog\/olimpijski-zestaw-aleksandry-miroslaw-od-black-diamond\/","og:image":"https:\/\/skalnik.pl\/blog\/wp-content\/uploads\/2021\/07\/Ola-Miroslaw_Staronphoto-51-Niestandardowy.jpg","og:image:secure_url":"https:\/\/skalnik.pl\/blog\/wp-content\/uploads\/2021\/07\/Ola-Miroslaw_Staronphoto-51-Niestandardowy.jpg","article:tag":["bran\u017ca","black diamond","sprz\u0119t wspinaczkowy","wspinaczka"],"article:published_time":"2021-08-11T05:10:00+00:00","article:modified_time":"2021-08-26T09:49:30+00:00","twitter:card":"summary_large_image","twitter:title":"Olimpijski zestaw Aleksandry Miros\u0142aw od Black Diamond - blog Skalnik","twitter:description":"Na Igrzyskach Olimpijskich Tokio 2020 Aleksandra Miros\u0142aw da z siebie wszystko. Pomo\u017ce jej w tym odpowiedni sprz\u0119t od Black Diamond. Olimpijski zestaw zawiera..","twitter:image":"https:\/\/skalnik.pl\/blog\/wp-content\/uploads\/2021\/07\/Ola-Miroslaw_Staronphoto-51-Niestandardowy.jpg"},"aioseo_meta_data":{"post_id":"17477","title":"","description":"Na Igrzyskach Olimpijskich Tokio 2020 Aleksandra Miros\u0142aw da z siebie wszystko. Pomo\u017ce jej w tym odpowiedni sprz\u0119t od Black Diamond. Olimpijski zestaw zawiera..","keywords":[{"label":"Tokio 2020","value":"Tokio 2020"},{"label":"Black Diamond","value":"Black Diamond"},{"label":"Alekandra Miros\u0142aw","value":"Alekandra Miros\u0142aw"},{"label":"wspinaczka olimpiada","value":"wspinaczka olimpiada"}],"keyphrases":null,"primary_term":null,"canonical_url":"","og_title":null,"og_description":null,"og_object_type":"default","og_image_type":"default","og_image_url":null,"og_image_width":null,"og_image_height":null,"og_image_custom_url":null,"og_image_custom_fields":null,"og_video":null,"og_custom_url":null,"og_article_section":null,"og_article_tags":null,"twitter_use_og":false,"twitter_card":"default","twitter_image_type":"default","twitter_image_url":null,"twitter_image_custom_url":null,"twitter_image_custom_fields":null,"twitter_title":null,"twitter_description":null,"schema":{"blockGraphs":[],"customGraphs":[],"default":{"data":{"Article":[],"Course":[],"Dataset":[],"FAQPage":[],"Movie":[],"Person":[],"Product":[],"ProductReview":[],"Car":[],"Recipe":[],"Service":[],"SoftwareApplication":[],"WebPage":[]},"graphName":"BlogPosting","isEnabled":true},"graphs":[]},"schema_type":"default","schema_type_options":null,"pillar_content":false,"robots_default":true,"robots_noindex":false,"robots_noarchive":false,"robots_nosnippet":false,"robots_nofollow":false,"robots_noimageindex":false,"robots_noodp":false,"robots_notranslate":false,"robots_max_snippet":null,"robots_max_videopreview":null,"robots_max_imagepreview":"large","priority":null,"frequency":null,"local_seo":null,"breadcrumb_settings":null,"limit_modified_date":false,"ai":null,"created":"2022-08-26 10:38:54","updated":"2026-02-17 22:13:19","seo_analyzer_scan_date":null},"aioseo_breadcrumb":"<div class=\"aioseo-breadcrumbs\"><span class=\"aioseo-breadcrumb\">\n\t\t\t<a href=\"https:\/\/www.skalnik.pl\/blog\" title=\"Home\">Home<\/a>\n\t\t<\/span><span class=\"aioseo-breadcrumb-separator\">&raquo;<\/span><span class=\"aioseo-breadcrumb\">\n\t\t\t<a href=\"https:\/\/www.skalnik.pl\/blog\/.\/branza\/\" title=\"Bran\u017ca\">Bran\u017ca<\/a>\n\t\t<\/span><span class=\"aioseo-breadcrumb-separator\">&raquo;<\/span><span class=\"aioseo-breadcrumb\">\n\t\t\tOlimpijski zestaw Aleksandry Miros\u0142aw od Black Diamond\n\t\t<\/span><\/div>","aioseo_breadcrumb_json":[{"label":"Home","link":"https:\/\/www.skalnik.pl\/blog"},{"label":"Bran\u017ca","link":"https:\/\/www.skalnik.pl\/blog\/.\/branza\/"},{"label":"Olimpijski zestaw Aleksandry Miros\u0142aw od Black Diamond","link":"https:\/\/www.skalnik.pl\/blog\/olimpijski-zestaw-aleksandry-miroslaw-od-black-diamond\/"}],"_links":{"self":[{"href":"https:\/\/www.skalnik.pl\/blog\/wp-json\/wp\/v2\/posts\/17477","targetHints":{"allow":["GET"]}}],"collection":[{"href":"https:\/\/www.skalnik.pl\/blog\/wp-json\/wp\/v2\/posts"}],"about":[{"href":"https:\/\/www.skalnik.pl\/blog\/wp-json\/wp\/v2\/types\/post"}],"author":[{"embeddable":true,"href":"https:\/\/www.skalnik.pl\/blog\/wp-json\/wp\/v2\/users\/28"}],"replies":[{"embeddable":true,"href":"https:\/\/www.skalnik.pl\/blog\/wp-json\/wp\/v2\/comments?post=17477"}],"version-history":[{"count":6,"href":"https:\/\/www.skalnik.pl\/blog\/wp-json\/wp\/v2\/posts\/17477\/revisions"}],"predecessor-version":[{"id":17694,"href":"https:\/\/www.skalnik.pl\/blog\/wp-json\/wp\/v2\/posts\/17477\/revisions\/17694"}],"wp:featuredmedia":[{"embeddable":true,"href":"https:\/\/www.skalnik.pl\/blog\/wp-json\/wp\/v2\/media\/17479"}],"wp:attachment":[{"href":"https:\/\/www.skalnik.pl\/blog\/wp-json\/wp\/v2\/media?parent=17477"}],"wp:term":[{"taxonomy":"category","embeddable":true,"href":"https:\/\/www.skalnik.pl\/blog\/wp-json\/wp\/v2\/categories?post=17477"},{"taxonomy":"post_tag","embeddable":true,"href":"https:\/\/www.skalnik.pl\/blog\/wp-json\/wp\/v2\/tags?post=17477"},{"taxonomy":"magento_category","embeddable":true,"href":"https:\/\/www.skalnik.pl\/blog\/wp-json\/wp\/v2\/magento_category?post=17477"},{"taxonomy":"magento_product","embeddable":true,"href":"https:\/\/www.skalnik.pl\/blog\/wp-json\/wp\/v2\/magento_product?post=17477"}],"curies":[{"name":"wp","href":"https:\/\/api.w.org\/{rel}","templated":true}]}}