{"id":17571,"date":"2021-08-25T08:16:00","date_gmt":"2021-08-25T06:16:00","guid":{"rendered":"https:\/\/skalnik.pl\/blog\/?p=17571"},"modified":"2021-08-17T09:00:59","modified_gmt":"2021-08-17T07:00:59","slug":"jaskinie-w-tatrach","status":"publish","type":"post","link":"https:\/\/www.skalnik.pl\/blog\/jaskinie-w-tatrach\/","title":{"rendered":"Jaskinie w Tatrach"},"content":{"rendered":"\n<p><strong>Tatrza\u0144skie szlaki, szczyty i widoki, to nie wszystko, co nasze najwy\u017csze g\u00f3ry maj\u0105 \u201enaj\u201d. Pod ziemi\u0105 kryj\u0105 si\u0119 miejsca nie mniej fascynuj\u0105ce, pi\u0119kne i tajemnicze. Mowa tu oczywi\u015bcie o jaskiniach w Tatrach. Po polskiej stronie g\u00f3r mamy ich ponad 800, ale dla turyst\u00f3w udost\u0119pniono malutk\u0105 ich liczb\u0119 \u2013 zaledwie sze\u015b\u0107. Czy warto odwiedzi\u0107 turystyczne jaskinie w Tatrach?<\/strong><\/p>\n\n\n\n<p>Dolina Ko\u015bcieliska, to kierunek, jaki powinna obra\u0107 ka\u017cda osoba, kt\u00f3ra chcia\u0142aby przekona\u0107 si\u0119, jak Tatry wygl\u0105daj\u0105 od \u015brodka (albo od spodu). To w niej po\u0142o\u017conych jest pi\u0119\u0107 (z sze\u015bciu) turystycznych jaski\u0144. W\u015br\u00f3d nich te najpopularniejsze: Mro\u017ana i Mylna. Spacer Dolin\u0105 Ko\u015bcielisk\u0105 mo\u017ce wydawa\u0107 si\u0119 nu\u017c\u0105cy, ale wzbogacony odwiedziny w jaskiniach nabiera smaku przygody. Do jaski\u0144 tatrza\u0144skich obowi\u0105zkowo zabra\u0107 nale\u017cy ciep\u0142e ubranie (temperatura pod ziemi\u0105 to jakie\u015b 6-8 stopni, po kilkunastu minutach pod ziemi\u0105 robi si\u0119 zimno) najlepiej takie, kt\u00f3re mo\u017cna ubrudzi\u0107, sztuczne \u015bwiat\u0142o w postaci czo\u0142\u00f3wki, a do wi\u0119kszo\u015bci tak\u017ce kask wspinaczkowy.<\/p>\n\n\n\n<p><span class=\"has-inline-color has-vivid-cyan-blue-color\">Znajd\u017a odpowiedni <a href=\"https:\/\/skalnik.pl\/sprzet-wspinaczkowy\/wspinaczka\/wspinaczka-kaski\" target=\"_blank\" rel=\"noreferrer noopener\"><strong>kask wspinaczkowy<\/strong><\/a> dla siebie.<\/span><\/p>\n\n\n\n<p>Zwykle zwiedza si\u0119 jaskinie w Polsce, kt\u00f3re fascynuj\u0105 bogactwem form naciekowych. W Tatrach naciek\u00f3w nie ma lub zachowa\u0142y si\u0119 w niewielu miejscach, w bardzo szcz\u0105tkowej formie. Jest tu jednak co\u015b zupe\u0142nie innego \u2013 mimo udost\u0119pnienia dla turyst\u00f3w jaskinie (poza Mro\u017an\u0105) s\u0105 prawie dzikie. Bez u\u0142atwie\u0144, zach\u0119caj\u0105ce do sprawdzenia, co kryje si\u0119 w prze\u0142azach i szczelinach.<\/p>\n\n\n\n<p>Poni\u017cszy opis jaski\u0144 jest nieprzypadkowy i odpowiada kolejno\u015bci, w jakiej mo\u017cna je odwiedzi\u0107 w\u0119druj\u0105c wzd\u0142u\u017c Doliny Ko\u015bcieliskiej. Teoretycznie jest mo\u017cliwe, \u017ceby zrobi\u0107 to w czasie jednej w\u0119dr\u00f3wki, ale w du\u017cym stopniu zale\u017cy to od dost\u0119pno\u015bci jaski\u0144, pogody i liczby turyst\u00f3w na szlaku. W jaskiniach wyprzedzanie wolniejszych os\u00f3b nie zawsze jest mo\u017cliwe.<\/p>\n\n\n\n<div id=\"ez-toc-container\" class=\"ez-toc-v2_0_85 counter-hierarchy ez-toc-counter ez-toc-light-blue ez-toc-container-direction\">\n<div class=\"ez-toc-title-container\">\n<p class=\"ez-toc-title\" style=\"cursor:inherit\">SPIS TRE\u015aCI <\/p>\n<span class=\"ez-toc-title-toggle\"><a href=\"#\" class=\"ez-toc-pull-right ez-toc-btn ez-toc-btn-xs ez-toc-btn-default ez-toc-toggle\" aria-label=\"Prze\u0142\u0105cznik Spisu Tre\u015bci\"><span class=\"ez-toc-js-icon-con\"><span class=\"\"><span class=\"eztoc-hide\" style=\"display:none;\">Toggle<\/span><span class=\"ez-toc-icon-toggle-span\"><svg style=\"fill: #999;color:#999\" xmlns=\"http:\/\/www.w3.org\/2000\/svg\" class=\"list-377408\" width=\"20px\" height=\"20px\" viewBox=\"0 0 24 24\" fill=\"none\"><path d=\"M6 6H4v2h2V6zm14 0H8v2h12V6zM4 11h2v2H4v-2zm16 0H8v2h12v-2zM4 16h2v2H4v-2zm16 0H8v2h12v-2z\" fill=\"currentColor\"><\/path><\/svg><svg style=\"fill: #999;color:#999\" class=\"arrow-unsorted-368013\" xmlns=\"http:\/\/www.w3.org\/2000\/svg\" width=\"10px\" height=\"10px\" viewBox=\"0 0 24 24\" version=\"1.2\" baseProfile=\"tiny\"><path d=\"M18.2 9.3l-6.2-6.3-6.2 6.3c-.2.2-.3.4-.3.7s.1.5.3.7c.2.2.4.3.7.3h11c.3 0 .5-.1.7-.3.2-.2.3-.5.3-.7s-.1-.5-.3-.7zM5.8 14.7l6.2 6.3 6.2-6.3c.2-.2.3-.5.3-.7s-.1-.5-.3-.7c-.2-.2-.4-.3-.7-.3h-11c-.3 0-.5.1-.7.3-.2.2-.3.5-.3.7s.1.5.3.7z\"\/><\/svg><\/span><\/span><\/span><\/a><\/span><\/div>\n<nav><ul class='ez-toc-list ez-toc-list-level-1 ' ><li class='ez-toc-page-1 ez-toc-heading-level-2'><a class=\"ez-toc-link ez-toc-heading-1\" href=\"https:\/\/www.skalnik.pl\/blog\/jaskinie-w-tatrach\/#Jaskinia_Mrozna\" >Jaskinia Mro\u017ana<\/a><\/li><li class='ez-toc-page-1 ez-toc-heading-level-2'><a class=\"ez-toc-link ez-toc-heading-2\" href=\"https:\/\/www.skalnik.pl\/blog\/jaskinie-w-tatrach\/#Jaskinia_Smocza_Jama\" >Jaskinia Smocza Jama<\/a><\/li><li class='ez-toc-page-1 ez-toc-heading-level-2'><a class=\"ez-toc-link ez-toc-heading-3\" href=\"https:\/\/www.skalnik.pl\/blog\/jaskinie-w-tatrach\/#Jaskinia_Raptawicka_i_Oblazkowa\" >Jaskinia Raptawicka i Ob\u0142azkowa<\/a><\/li><li class='ez-toc-page-1 ez-toc-heading-level-2'><a class=\"ez-toc-link ez-toc-heading-4\" href=\"https:\/\/www.skalnik.pl\/blog\/jaskinie-w-tatrach\/#Jaskinia_Mylna\" >Jaskinia Mylna<\/a><\/li><li class='ez-toc-page-1 ez-toc-heading-level-2'><a class=\"ez-toc-link ez-toc-heading-5\" href=\"https:\/\/www.skalnik.pl\/blog\/jaskinie-w-tatrach\/#Jaskinia_Dziura\" >Jaskinia Dziura<\/a><\/li><li class='ez-toc-page-1 ez-toc-heading-level-2'><a class=\"ez-toc-link ez-toc-heading-6\" href=\"https:\/\/www.skalnik.pl\/blog\/jaskinie-w-tatrach\/#Tatry_jaskinie_dla_turystow_jaskinie_dla_grotolazow\" >Tatry: jaskinie dla turyst\u00f3w, jaskinie dla groto\u0142az\u00f3w<\/a><\/li><\/ul><\/nav><\/div>\n<h2 class=\"wp-block-heading\"><span class=\"ez-toc-section\" id=\"Jaskinia_Mrozna\"><\/span>Jaskinia Mro\u017ana<span class=\"ez-toc-section-end\"><\/span><\/h2>\n\n\n\n<p>Jedyna jaskinia w Tatrach Polskich, w kt\u00f3rej zamontowano o\u015bwietlenie (nie trzeba zatem mie\u0107 czo\u0142\u00f3wki), betonowe stopnie, podesty. Wst\u0119p do jaskini jest p\u0142atny. Myli si\u0119 ten, kto pomy\u015bli, \u017ce jest banalnie \u0142atwa. Nie jest. Bywaj\u0105 miejsca, w kt\u00f3rych trzeba ugi\u0105\u0107 kolana, albo plecy, niekiedy wci\u0105gn\u0105\u0107 brzuch. Dzieciom zdecydowanie \u0142atwiej si\u0119 t\u0119dy porusza\u0107.<\/p>\n\n\n\n<p>Jaskinia Mro\u017ana jest dwuotworowa, oznacza to, \u017ce wchodzi si\u0119 w jednym miejscu, a wychodzi w innym. Warto doda\u0107, \u017ce tylko obecne wyj\u015bcie jest naturalnym otworem jaskini. Wej\u015bcie jest sztuczne, przekopane dla wygodniejszego i bezpieczniejszego ruchu turystycznego. W w\u0105skich korytarzach trudno by\u0142oby si\u0119 bowiem min\u0105\u0107 wchodz\u0105cym i wychodz\u0105cym.<\/p>\n\n\n\n<div class=\"wp-block-image\"><figure class=\"aligncenter size-large\"><img loading=\"lazy\" decoding=\"async\" width=\"500\" height=\"500\" src=\"https:\/\/skalnik.pl\/blog\/wp-content\/uploads\/2021\/08\/mrozna-500.jpg\" alt=\"Korytarz jaskini Mro\u017anej ze sztucznym o\u015bwietleniem\" class=\"wp-image-17636\" srcset=\"https:\/\/www.skalnik.pl\/blog\/wp-content\/uploads\/2021\/08\/mrozna-500.jpg 500w, https:\/\/www.skalnik.pl\/blog\/wp-content\/uploads\/2021\/08\/mrozna-500-300x300.jpg 300w\" sizes=\"auto, (max-width: 500px) 100vw, 500px\" \/><figcaption><em>Sztucznie o\u015bwietlony korytarz w jaskini Mro\u017anej<\/em><\/figcaption><\/figure><\/div>\n\n\n\n<p>Przez wi\u0119ksz\u0105 cz\u0119\u015b\u0107 drogi w jaskini jest ca\u0142kiem szeroko i wysoko. Osobi\u015bcie znam jednak osoby, kt\u00f3re zawr\u00f3ci\u0142y ju\u017c po paru metrach, gdy tylko zamkn\u0119\u0142y si\u0119 za nimi drzwi. Jaskinia Mro\u017ana to dobry sprawdzian, jak znosimy \u201ezamkni\u0119cie\u201d pod ziemi\u0105. Jaskinia otwarta jest od maja do ko\u0144ca pa\u017adziernika \u2013 w pozosta\u0142e miesi\u0105ce zimuj\u0105 w niej nietoperze. Przej\u015bcie jaskini Mro\u017anej zajmuje oko\u0142o p\u00f3\u0142 godziny. Bywa w niej t\u0142oczno (wydaje mi si\u0119, \u017ce nie ma limitu wej\u015b\u0107).<\/p>\n\n\n\n<h2 class=\"wp-block-heading\"><span class=\"ez-toc-section\" id=\"Jaskinia_Smocza_Jama\"><\/span>Jaskinia Smocza Jama<span class=\"ez-toc-section-end\"><\/span><\/h2>\n\n\n\n<p>Smocza Jama to niedu\u017ca jaskinia, tak\u017ce dwuotworowa. Wchodzi si\u0119 do niej z W\u0105wozu Krak\u00f3w. To niesamowite miejsce w polskich Tatrach, w kt\u00f3rych nawet w sezonie turystycznym bywa zupe\u0142nie pusto.<\/p>\n\n\n\n<p>Wej\u015bcie do jaskini jest bezp\u0142atne, przydaje si\u0119 czo\u0142\u00f3wka, cho\u0107 jaskinia jest na tyle kr\u00f3tka, \u017ce udaje si\u0119 j\u0105 przej\u015b\u0107 tak\u017ce bez \u015bwiat\u0142a. Do Smoczej Jamy prowadzi \u017c\u00f3\u0142ty szlak, kt\u00f3ry zaczyna si\u0119 nieopodal ska\u0142y Pisanej. Po przej\u015bciu jaskini powr\u00f3t do Doliny Ko\u015bcieliskiej trwa ok. 15 minut (szlak \u017c\u00f3\u0142ty, jednokierunkowy). Wraca si\u0119 na Polan\u0119 Pisan\u0105, czyli kilkana\u015bcie metr\u00f3w \u201ewcze\u015bniej\u201d ni\u017c wej\u015bcie do W\u0105wozu Krak\u00f3w.<\/p>\n\n\n\n<p><span class=\"has-inline-color has-vivid-cyan-blue-color\">Taka <strong><a href=\"https:\/\/skalnik.pl\/sprzet-turystyczny\/oswietlenie\/oswietlenie-czolowki\" target=\"_blank\" rel=\"noreferrer noopener\">czo\u0142\u00f3wka<\/a><\/strong> przyda ci si\u0119 w tej jaskini. <\/span><\/p>\n\n\n\n<div class=\"wp-block-image\"><figure class=\"aligncenter size-large\"><img loading=\"lazy\" decoding=\"async\" width=\"500\" height=\"500\" src=\"https:\/\/skalnik.pl\/blog\/wp-content\/uploads\/2021\/08\/smocza-jama-drabinka.jpg\" alt=\"Smocza Jama - stalowa drabinka przed wej\u015bciem\" class=\"wp-image-17642\" srcset=\"https:\/\/www.skalnik.pl\/blog\/wp-content\/uploads\/2021\/08\/smocza-jama-drabinka.jpg 500w, https:\/\/www.skalnik.pl\/blog\/wp-content\/uploads\/2021\/08\/smocza-jama-drabinka-300x300.jpg 300w\" sizes=\"auto, (max-width: 500px) 100vw, 500px\" \/><figcaption><em>Drabinka prowadz\u0105ca do jaskini Smocza Jama (fot. M. Pokorowski)<\/em><\/figcaption><\/figure><\/div>\n\n\n\n<p>Trudno\u015bci, z jakimi trzeba si\u0119 zmierzy\u0107 to kilkumetrowa, metalowa drabinka, za kt\u00f3r\u0105 pnie si\u0119 ubezpieczony \u0142a\u0144cuchami szlak. Przeprowadza on przez Smocz\u0105 Jam\u0119, w kt\u00f3rej te\u017c idzie si\u0119 pod g\u00f3rk\u0119. Ca\u0142a droga od wej\u015bcia do W\u0105wozu Krak\u00f3w do powrotu na Polan\u0119 Pisan\u0105 zajmuje ok. p\u00f3\u0142 godziny. <\/p>\n\n\n\n<p><span class=\"has-inline-color has-vivid-cyan-blue-color\">Dok\u0142adnie jaskini\u0119 t\u0119 opisa\u0142a Ola w swoim artykule. Koniecznie sprawd\u017a,<\/span> <a href=\"https:\/\/skalnik.pl\/blog\/smocza-jama-jaskinia-turystyczna\/\" target=\"_blank\" rel=\"noreferrer noopener\"><strong>jakie atrakcje kryj\u0105 si\u0119 w tatrza\u0144skiej Smoczej Jamie<\/strong><\/a>.<\/p>\n\n\n\n<h2 class=\"wp-block-heading\"><span class=\"ez-toc-section\" id=\"Jaskinia_Raptawicka_i_Oblazkowa\"><\/span>Jaskinia Raptawicka i Ob\u0142azkowa<span class=\"ez-toc-section-end\"><\/span><\/h2>\n\n\n\n<p>Za ska\u0142\u0105 Pisan\u0105 znajduje si\u0119 odbicie (tym razem w prawo) szlaku czerwonego i czarnego. Prowadz\u0105 one w stron\u0119 najbardziej znanej tatrza\u0144skiej jaskini \u2013 Mylnej, a tak\u017ce jej mniejszych si\u00f3str: Ob\u0142azkowej i Raptawickiej. Szlaki zaczynaj\u0105 si\u0119 od nied\u0142ugiego fragmentu z \u0142a\u0144cuchami, potem strom\u0105 \u015bcie\u017ck\u0105 wiod\u0105 wysoko ponad Dolin\u0119 Ko\u015bcielisk\u0105. Do wszystkich tych jaski\u0144 zabierz kask i czo\u0142\u00f3wk\u0119.<\/p>\n\n\n\n<p>Te trzy jaskinie \u2013 Mylna, Raptawicka i Ob\u0142azkowa \u2013 od pocz\u0105tku XXI wieku stanowi\u0105 tzw. system jaskiniowy, czyli s\u0105 ze sob\u0105 po\u0142\u0105czone. Od razu powiem \u2013 po\u0142\u0105czenia s\u0105 niestabilne, ciasne, niebezpieczne, kr\u00f3tko m\u00f3wi\u0105c: nieudost\u0119pniane dla turyst\u00f3w. Odwiedza si\u0119 je jako trzy niezale\u017cne jaskinie.<\/p>\n\n\n\n<p>Najwy\u017cej po\u0142o\u017cony jest otw\u00f3r wej\u015bciowy do jaskini Raptawickiej, prowadzi do niego ubezpieczony \u0142a\u0144cuchami czarny szlak. To jaskinia, kt\u00f3ra ma wej\u015bcie i wyj\u015bcie w tym samym miejscu. \u017beby dosta\u0107 si\u0119 do jej wn\u0119trza trzeba zej\u015b\u0107 po kilkumetrowej, metalowej drabince. \u015awiat\u0142o naturalne wpada tylko do cz\u0119\u015bci po\u0142o\u017conych najbli\u017cej otworu, ale warto zobaczy\u0107 wi\u0119cej zakamark\u00f3w jaskini Raptawickiej. Najd\u0142u\u017cszy jest \u015brodkowy spo\u015br\u00f3d trzech korytarzy. Opr\u00f3cz sporych rozmiar\u00f3w sali, rozga\u0142\u0119zia si\u0119 na w\u0119\u017csze korytarzyki. Przeciskanie si\u0119 przez nie mo\u017ce dostarczy\u0107 wielu wra\u017ce\u0144, cho\u0107 oczywi\u015bcie wchodzenie w nie polecam osobom, kt\u00f3re dobrze czuj\u0105 si\u0119 w ciemnych i ciasnych miejscach.<\/p>\n\n\n\n<div class=\"wp-block-image\"><figure class=\"aligncenter size-large\"><img loading=\"lazy\" decoding=\"async\" width=\"478\" height=\"337\" src=\"https:\/\/skalnik.pl\/blog\/wp-content\/uploads\/2021\/08\/raptawicka.jpg\" alt=\"Plan jaskini Raptawickiej\" class=\"wp-image-17627\" srcset=\"https:\/\/www.skalnik.pl\/blog\/wp-content\/uploads\/2021\/08\/raptawicka.jpg 478w, https:\/\/www.skalnik.pl\/blog\/wp-content\/uploads\/2021\/08\/raptawicka-300x212.jpg 300w\" sizes=\"auto, (max-width: 478px) 100vw, 478px\" \/><figcaption><em>Plan jaskini Raptawickiej (\u017ar\u00f3d\u0142o: Pa\u0144stwowy Instytut Geologiczny\u2013PIB, http:\/\/jaskiniepolski.pgi.gov.pl)<\/em><\/figcaption><\/figure><\/div>\n\n\n\n<p>\u017beby dosta\u0107 si\u0119 do pozosta\u0142ych dw\u00f3ch jaski\u0144 trzeba zej\u015b\u0107 i na rozdro\u017cu skr\u0119ci\u0107 w szlak czerwony. Wej\u015bcie do jaskini Ob\u0142azkowej jest sporych rozmiar\u00f3w, jednak korytarz prowadz\u0105cy w g\u0142\u0105b szybko robi si\u0119 do\u015b\u0107 w\u0105ski i niski. \u017beby dotrze\u0107 do najdalszych zakamark\u00f3w Ob\u0142azkowej niezb\u0119dne jest poruszanie si\u0119 w kuckach i czo\u0142ganie. Korytarze nie maj\u0105 skomplikowanego przebiegu. Cho\u0107 niekt\u00f3re przej\u015bcia wygl\u0105daj\u0105 na niemo\u017cliwe do pokonania, s\u0105 do przej\u015bcia. Warto jednak zachowa\u0107 si\u0142\u0119 i determinacj\u0119, \u017ceby zag\u0142\u0119bi\u0107 si\u0119 w ciemne korytarze jaskini Mylnej.<\/p>\n\n\n\n<h2 class=\"wp-block-heading\"><span class=\"ez-toc-section\" id=\"Jaskinia_Mylna\"><\/span>Jaskinia Mylna<span class=\"ez-toc-section-end\"><\/span><\/h2>\n\n\n\n<p>Najd\u0142u\u017csza i zdecydowanie najciekawsza z turystycznych jaski\u0144 tatrza\u0144skich. Opr\u00f3cz sprz\u0119tu niezb\u0119dnego w poprzednich jaskiniach: kasku wspinaczkowego i czo\u0142\u00f3wki (dobrze mie\u0107 pod r\u0119k\u0105 tak\u017ce zapasowe baterie) warto te\u017c zadba\u0107 o pokrowiec (lub du\u017cy worek) na plecak i wysokie buty trekkingowe, poniewa\u017c korytarze jaskini Mylnej s\u0105 niskie, a do tego cz\u0119sto wyst\u0119puj\u0105 w nich ka\u0142u\u017ce. Polecam te\u017c wydrukowa\u0107 sobie (lub zapisa\u0107 w telefonie) plan jaskini Mylnej. Przez jej g\u0142\u00f3wny ci\u0105g prowadzi oznakowany szlak turystyczny (czerwony), warto jednak pozna\u0107 wi\u0119cej zakamark\u00f3w jaskini i wtedy przydaje si\u0119 plan. Jej nazwa odzwierciedla to, co zastaniemy pod ziemi\u0105 \u2013 prawdziw\u0105 pl\u0105tanin\u0119 korytarzy, przej\u015b\u0107 i przesmyk\u00f3w. \u0141atwo si\u0119 w nich pogubi\u0107.<\/p>\n\n\n\n<div class=\"wp-block-image\"><figure class=\"aligncenter size-large\"><img loading=\"lazy\" decoding=\"async\" width=\"500\" height=\"500\" src=\"https:\/\/skalnik.pl\/blog\/wp-content\/uploads\/2021\/08\/mylna-wejsice-500.jpg\" alt=\"Jaskinia Mylna otw\u00f3r wej\u015bciowy\" class=\"wp-image-17635\" srcset=\"https:\/\/www.skalnik.pl\/blog\/wp-content\/uploads\/2021\/08\/mylna-wejsice-500.jpg 500w, https:\/\/www.skalnik.pl\/blog\/wp-content\/uploads\/2021\/08\/mylna-wejsice-500-300x300.jpg 300w\" sizes=\"auto, (max-width: 500px) 100vw, 500px\" \/><figcaption>O<em>tw\u00f3r wej\u015bciowy do jaskini Mylnej, przy wej\u015bciu po prawej dobrze widoczne oznaczenie szlaku czerwonego, kt\u00f3ry prowadzi przez jaskini\u0119<\/em><\/figcaption><\/figure><\/div>\n\n\n\n<p>Jednym z najbardziej znanych miejsc s\u0105 Okna Pawlikowskiego \u2013 dwa otwory znajduj\u0105ce si\u0119 nieopodal wej\u015bcia do jaskini Mylnej. Rozci\u0105ga si\u0119 z nich przepi\u0119kny widok na le\u017c\u0105c\u0105 kilkadziesi\u0105t metr\u00f3w poni\u017cej Dolin\u0119 Ko\u015bcielisk\u0105 i na le\u017c\u0105ce po przeciwnej stronie skalne turnie. Z tego miejsca mo\u017cna si\u0119 jeszcze do\u015b\u0107 bezpiecznie wycofa\u0107, dalsza droga prowadzi ju\u017c tylko przed siebie, a szlak jest jednokierunkowy.<\/p>\n\n\n\n<p>Mylna to naprawd\u0119 rozleg\u0142a jaskinia z utrudnieniami w postaci niskich korytarzy czy zalanych fragment\u00f3w. Przej\u015bcie z plecakiem na plecak jest niemo\u017cliwe \u2013 lepiej nie\u015b\u0107 go przed sob\u0105, a je\u015bli to mo\u017cliwe, podawa\u0107 osobie z przodu. W sezonie bywa zat\u0142oczona, zatem lepiej wchodzi\u0107 do niej pod koniec dnia, kiedy ruch turystyczny nieco s\u0142abnie. Teoretycznie jaskini\u0119 Myln\u0105 mo\u017cna przej\u015b\u0107 w p\u00f3\u0142 godziny, jednak im wi\u0119cej sprawdzanych korytarzy, tym czas sp\u0119dzony pod ziemi\u0105 jest d\u0142u\u017cszy.<\/p>\n\n\n\n<div class=\"wp-block-image\"><figure class=\"aligncenter size-large\"><img loading=\"lazy\" decoding=\"async\" width=\"500\" height=\"500\" src=\"https:\/\/skalnik.pl\/blog\/wp-content\/uploads\/2021\/08\/mylna-wnetrze-600.jpg\" alt=\"Wn\u0119trze jaskini Mylnej\" class=\"wp-image-17634\" srcset=\"https:\/\/www.skalnik.pl\/blog\/wp-content\/uploads\/2021\/08\/mylna-wnetrze-600.jpg 500w, https:\/\/www.skalnik.pl\/blog\/wp-content\/uploads\/2021\/08\/mylna-wnetrze-600-300x300.jpg 300w\" sizes=\"auto, (max-width: 500px) 100vw, 500px\" \/><figcaption><em>Niski strop w jaskini Mylnej<\/em><\/figcaption><\/figure><\/div>\n\n\n\n<p>Po jaskiniowych przygodach pora na nagrod\u0119. Ma Dolina Ko\u015bcieliska schronisko na Hali Ornak, w kt\u00f3rym mo\u017cesz nabra\u0107 si\u0142 na drog\u0119 powrotn\u0105. Ze szlaku zej\u015bciowego z jaskini Mylnej do schroniska jest ok. p\u00f3\u0142 godziny marszu.<\/p>\n\n\n\n<h2 class=\"wp-block-heading\"><span class=\"ez-toc-section\" id=\"Jaskinia_Dziura\"><\/span>Jaskinia Dziura<span class=\"ez-toc-section-end\"><\/span><\/h2>\n\n\n\n<p>Sz\u00f3st\u0105 turystyczn\u0105 jaskini\u0105 w Tatrach jest Dziura po\u0142o\u017cona w Dolinie ku Dziurze. Jest ona zdecydowanie mniej ciekawa od wcze\u015bniej opisanych. Jest to podziemna sala, bez dodatkowych korytarzy. Nie mam sumienia poleca\u0107 jej jako cel wycieczki, cho\u0107 przy okazji w\u0119dr\u00f3wki \u0142atw\u0105 Drog\u0105 pod Reglami (czyli granic\u0105 TPN) warto odej\u015b\u0107 do Doliny ku Dziurze i odwiedzi\u0107 ko\u0144cz\u0105c\u0105 j\u0105 jaskini\u0119. Tu akurat kask nie jest niezb\u0119dny, ale czo\u0142\u00f3wka czy latarka umo\u017cliwi rozejrzenie si\u0119 po wn\u0119trzu Dziury.<\/p>\n\n\n\n<h2 class=\"wp-block-heading\"><span class=\"ez-toc-section\" id=\"Tatry_jaskinie_dla_turystow_jaskinie_dla_grotolazow\"><\/span>Tatry: jaskinie dla turyst\u00f3w, jaskinie dla groto\u0142az\u00f3w<span class=\"ez-toc-section-end\"><\/span><\/h2>\n\n\n\n<p>Opr\u00f3cz udost\u0119pnionych dla turyst\u00f3w s\u0105 tak\u017ce jaskinie w Tatrach dost\u0119pne wy\u0142\u0105cznie dla taternik\u00f3w jaskiniowych. \u017beby do nich wej\u015b\u0107 niezb\u0119dne jest jaskiniowe \u201eprawo jazdy\u201d, czyli karta taternika jaskiniowego. <\/p>\n\n\n\n<p><span class=\"has-inline-color has-vivid-cyan-blue-color\">Przeczytaj wi\u0119cej w tek\u015bcie o tym, <strong><a href=\"https:\/\/skalnik.pl\/blog\/kurs-taternictwa-jaskiniowego-czy-warto\/\" target=\"_blank\" rel=\"noreferrer noopener\">jak wygl\u0105da kurs jaskiniowy<\/a>.<\/strong><\/span><\/p>\n\n\n\n<p>Z 800 tatrza\u0144skich jaski\u0144 6 jest udost\u0119pnionych turystom, za\u015b 23 taternikom jaskiniowym. Co zatem z pozosta\u0142\u0105 liczb\u0105? Niekt\u00f3re s\u0105 tak niewielkich rozmiar\u00f3w, \u017ce dla groto\u0142az\u00f3w nie s\u0105 wyzwaniem. Inne chroni si\u0119 ze wzgl\u0119du na ich unikatowy charakter. Jeszcze inne zamkni\u0119to, by chroni\u0107 przyrod\u0119 wok\u00f3\u0142 nich. Nale\u017cy bowiem pami\u0119ta\u0107, \u017ce do niemal wszystkich jaski\u0144 taternickich nie prowadz\u0105 szlaki, lecz znane wtajemniczonym \u201ewyra\u017anie wydeptane \u015bcie\u017cki\u201d. Bywaj\u0105 jaskinie niedost\u0119pne w lecie (poniewa\u017c s\u0105 zalane wod\u0105), a tak\u017ce takie, do kt\u00f3rych dost\u0119p w zimie jest skrajnie niebezpieczny.<\/p>\n\n\n\n<div class=\"wp-block-image\"><figure class=\"aligncenter size-large\"><img loading=\"lazy\" decoding=\"async\" width=\"500\" height=\"500\" src=\"https:\/\/skalnik.pl\/blog\/wp-content\/uploads\/2021\/08\/marmurowa-500.jpg\" alt=\"\" class=\"wp-image-17637\" srcset=\"https:\/\/www.skalnik.pl\/blog\/wp-content\/uploads\/2021\/08\/marmurowa-500.jpg 500w, https:\/\/www.skalnik.pl\/blog\/wp-content\/uploads\/2021\/08\/marmurowa-500-300x300.jpg 300w\" sizes=\"auto, (max-width: 500px) 100vw, 500px\" \/><figcaption><em>Wej\u015bcie do jaskini Marmurowej &#8211; dost\u0119pnej tylko dla taternik\u00f3w jaskiniowych<\/em><\/figcaption><\/figure><\/div>\n\n\n\n<p>Najwi\u0119ksze tatrza\u0144skie jaskinie znajduj\u0105 si\u0119 w Tatrach Zachodnich, na co wp\u0142yw ma geologiczna budowa g\u00f3r. Tworz\u0105 je bowiem ska\u0142y, kt\u00f3re ulegaj\u0105 krasowieniu. To woda wydr\u0105\u017cy\u0142a w ska\u0142ach jaskinie. Najwi\u0119ksza jaskinia w Polsce \u2013 kt\u00f3ra jest jednocze\u015bnie najg\u0142\u0119bsza i najd\u0142u\u017csza \u2013 Wielka \u015anie\u017cna znajduje si\u0119 w Dolinie Ma\u0142ej \u0141\u0105ki. Tak naprawd\u0119 jest to system z\u0142o\u017cony z czterech jaski\u0144. To jedna z niewielu polskich jaski\u0144, w kt\u00f3rej wci\u0105\u017c prowadzone s\u0105 prace eksploracyjne. Mo\u017ce za kilka lat jej dzisiejsze wymiary \u2013 824 m g\u0142\u0119boko\u015bci i 23619 m d\u0142ugo\u015bci \u2013 zostan\u0105 zrewidowane.<\/p>\n\n\n\n<p>Innym s\u0142ynnym miejscem, w kt\u00f3rym cz\u0119sto mo\u017cna spotka\u0107 groto\u0142az\u00f3w jest Dolina Ko\u015bcieliska jaskinie tutejsze \u2013 szczeg\u00f3lnie Czarna i Zimna stanowi\u0105 swego rodzaju poligon do\u015bwiadczalny dla ka\u017cdego adepta taternictwa jaskiniowego.<\/p>\n\n\n\n<div class=\"wp-block-image\"><figure class=\"aligncenter size-large\"><img loading=\"lazy\" decoding=\"async\" width=\"500\" height=\"500\" src=\"https:\/\/skalnik.pl\/blog\/wp-content\/uploads\/2021\/08\/czarna-50.jpg\" alt=\"\" class=\"wp-image-17639\" srcset=\"https:\/\/www.skalnik.pl\/blog\/wp-content\/uploads\/2021\/08\/czarna-50.jpg 500w, https:\/\/www.skalnik.pl\/blog\/wp-content\/uploads\/2021\/08\/czarna-50-300x300.jpg 300w\" sizes=\"auto, (max-width: 500px) 100vw, 500px\" \/><figcaption><em>W jaskini Czarnej<\/em><\/figcaption><\/figure><\/div>\n\n\n\n<p>Powy\u017cszy artyku\u0142 nale\u017cy do cyklu o najwy\u017cszych polskich g\u00f3rach. To praktyczne artyku\u0142y. <a href=\"https:\/\/skalnik.pl\/blog\/tag\/tatry\/\" target=\"_blank\" rel=\"noreferrer noopener\">Przeczytaj je i zaplanuj bezpieczne i ciekawe w\u0119dr\u00f3wki po Tatrach<\/a>. &nbsp;<\/p>\n","protected":false},"excerpt":{"rendered":"<p>Jaskinie w Tatrach fascynuj\u0105 nie mniej ni\u017c wierchy. Od dawna kr\u0105\u017cy\u0142y legendy o ukrytym w nich z\u0142ocie, dzi\u015b przyci\u0105gaj\u0105 \u017c\u0105dnych nietypowych przyg\u00f3d. <\/p>\n","protected":false},"author":9,"featured_media":17626,"comment_status":"open","ping_status":"open","sticky":false,"template":"","format":"standard","meta":{"_acf_changed":false,"footnotes":""},"categories":[84],"tags":[106,14],"magento_category":[],"magento_product":[],"class_list":["post-17571","post","type-post","status-publish","format-standard","has-post-thumbnail","hentry","category-pasja","tag-jaskinie","tag-tatry"],"acf":[],"aioseo_notices":[],"aioseo_head":"\n\t\t<!-- All in One SEO 4.9.10 - aioseo.com -->\n\t<meta name=\"description\" content=\"Dolina Ko\u015bcieliska to miejsce, w kt\u00f3rym znajduje si\u0119 pi\u0119\u0107 z sze\u015bciu jaski\u0144 dla turyst\u00f3w w Tatrach, w\u015br\u00f3d nich najs\u0142ynniejsza jaskinia Mylna\" \/>\n\t<meta name=\"robots\" content=\"max-image-preview:large\" \/>\n\t<meta name=\"author\" content=\"Beata Nawrotkiewicz\"\/>\n\t<link rel=\"canonical\" href=\"https:\/\/www.skalnik.pl\/blog\/jaskinie-w-tatrach\/\" \/>\n\t<meta name=\"generator\" content=\"All in One SEO (AIOSEO) 4.9.10\" \/>\n\t\t<meta property=\"og:locale\" content=\"pl_PL\" \/>\n\t\t<meta property=\"og:site_name\" content=\"blog Skalnik - Blog, porady, artyku\u0142y - blog Skalnik\" \/>\n\t\t<meta property=\"og:type\" content=\"article\" \/>\n\t\t<meta property=\"og:title\" content=\"Jaskinie w Tatrach - blog Skalnik\" \/>\n\t\t<meta property=\"og:description\" content=\"Dolina Ko\u015bcieliska to miejsce, w kt\u00f3rym znajduje si\u0119 pi\u0119\u0107 z sze\u015bciu jaski\u0144 dla turyst\u00f3w w Tatrach, w\u015br\u00f3d nich najs\u0142ynniejsza jaskinia Mylna\" \/>\n\t\t<meta property=\"og:url\" content=\"https:\/\/www.skalnik.pl\/blog\/jaskinie-w-tatrach\/\" \/>\n\t\t<meta property=\"og:image\" content=\"https:\/\/skalnik.pl\/blog\/wp-content\/uploads\/2021\/08\/mrozna-500.jpg\" \/>\n\t\t<meta property=\"og:image:secure_url\" content=\"https:\/\/skalnik.pl\/blog\/wp-content\/uploads\/2021\/08\/mrozna-500.jpg\" \/>\n\t\t<meta property=\"article:tag\" content=\"pasja\" \/>\n\t\t<meta property=\"article:tag\" content=\"jaskinie\" \/>\n\t\t<meta property=\"article:tag\" content=\"tatry\" \/>\n\t\t<meta property=\"article:published_time\" content=\"2021-08-25T06:16:00+00:00\" \/>\n\t\t<meta property=\"article:modified_time\" content=\"2021-08-17T07:00:59+00:00\" \/>\n\t\t<meta name=\"twitter:card\" content=\"summary_large_image\" \/>\n\t\t<meta name=\"twitter:title\" content=\"Jaskinie w Tatrach - blog Skalnik\" \/>\n\t\t<meta name=\"twitter:description\" content=\"Dolina Ko\u015bcieliska to miejsce, w kt\u00f3rym znajduje si\u0119 pi\u0119\u0107 z sze\u015bciu jaski\u0144 dla turyst\u00f3w w Tatrach, w\u015br\u00f3d nich najs\u0142ynniejsza jaskinia Mylna\" \/>\n\t\t<meta name=\"twitter:image\" content=\"https:\/\/skalnik.pl\/blog\/wp-content\/uploads\/2021\/08\/mrozna-500.jpg\" \/>\n\t\t<script type=\"application\/ld+json\" class=\"aioseo-schema\">\n\t\t\t{\"@context\":\"https:\\\/\\\/schema.org\",\"@graph\":[{\"@type\":\"BlogPosting\",\"@id\":\"https:\\\/\\\/www.skalnik.pl\\\/blog\\\/jaskinie-w-tatrach\\\/#blogposting\",\"name\":\"Jaskinie w Tatrach - blog Skalnik\",\"headline\":\"Jaskinie w Tatrach\",\"author\":{\"@id\":\"https:\\\/\\\/www.skalnik.pl\\\/blog\\\/author\\\/beata-nawrotkiewicz\\\/#author\"},\"publisher\":{\"@id\":\"https:\\\/\\\/www.skalnik.pl\\\/blog\\\/#organization\"},\"image\":{\"@type\":\"ImageObject\",\"url\":\"https:\\\/\\\/www.skalnik.pl\\\/blog\\\/wp-content\\\/uploads\\\/2021\\\/08\\\/okno-pawlikowskiego.jpg\",\"width\":1920,\"height\":705,\"caption\":\"okno pawlikowskiego w jaskini mylnej\"},\"datePublished\":\"2021-08-25T08:16:00+02:00\",\"dateModified\":\"2021-08-17T09:00:59+02:00\",\"inLanguage\":\"pl-PL\",\"mainEntityOfPage\":{\"@id\":\"https:\\\/\\\/www.skalnik.pl\\\/blog\\\/jaskinie-w-tatrach\\\/#webpage\"},\"isPartOf\":{\"@id\":\"https:\\\/\\\/www.skalnik.pl\\\/blog\\\/jaskinie-w-tatrach\\\/#webpage\"},\"articleSection\":\"Pasja, jaskinie, tatry\"},{\"@type\":\"BreadcrumbList\",\"@id\":\"https:\\\/\\\/www.skalnik.pl\\\/blog\\\/jaskinie-w-tatrach\\\/#breadcrumblist\",\"itemListElement\":[{\"@type\":\"ListItem\",\"@id\":\"https:\\\/\\\/www.skalnik.pl\\\/blog#listItem\",\"position\":1,\"name\":\"Home\",\"item\":\"https:\\\/\\\/www.skalnik.pl\\\/blog\",\"nextItem\":{\"@type\":\"ListItem\",\"@id\":\"https:\\\/\\\/www.skalnik.pl\\\/blog\\\/.\\\/pasja\\\/#listItem\",\"name\":\"Pasja\"}},{\"@type\":\"ListItem\",\"@id\":\"https:\\\/\\\/www.skalnik.pl\\\/blog\\\/.\\\/pasja\\\/#listItem\",\"position\":2,\"name\":\"Pasja\",\"item\":\"https:\\\/\\\/www.skalnik.pl\\\/blog\\\/.\\\/pasja\\\/\",\"nextItem\":{\"@type\":\"ListItem\",\"@id\":\"https:\\\/\\\/www.skalnik.pl\\\/blog\\\/jaskinie-w-tatrach\\\/#listItem\",\"name\":\"Jaskinie w Tatrach\"},\"previousItem\":{\"@type\":\"ListItem\",\"@id\":\"https:\\\/\\\/www.skalnik.pl\\\/blog#listItem\",\"name\":\"Home\"}},{\"@type\":\"ListItem\",\"@id\":\"https:\\\/\\\/www.skalnik.pl\\\/blog\\\/jaskinie-w-tatrach\\\/#listItem\",\"position\":3,\"name\":\"Jaskinie w Tatrach\",\"previousItem\":{\"@type\":\"ListItem\",\"@id\":\"https:\\\/\\\/www.skalnik.pl\\\/blog\\\/.\\\/pasja\\\/#listItem\",\"name\":\"Pasja\"}}]},{\"@type\":\"Organization\",\"@id\":\"https:\\\/\\\/www.skalnik.pl\\\/blog\\\/#organization\",\"name\":\"blog Skalnik\",\"description\":\"Blog, porady, artyku\\u0142y - blog Skalnik\",\"url\":\"https:\\\/\\\/www.skalnik.pl\\\/blog\\\/\"},{\"@type\":\"Person\",\"@id\":\"https:\\\/\\\/www.skalnik.pl\\\/blog\\\/author\\\/beata-nawrotkiewicz\\\/#author\",\"url\":\"https:\\\/\\\/www.skalnik.pl\\\/blog\\\/author\\\/beata-nawrotkiewicz\\\/\",\"name\":\"Beata Nawrotkiewicz\",\"image\":{\"@type\":\"ImageObject\",\"@id\":\"https:\\\/\\\/www.skalnik.pl\\\/blog\\\/jaskinie-w-tatrach\\\/#authorImage\",\"url\":\"https:\\\/\\\/secure.gravatar.com\\\/avatar\\\/53cf81cfcc3a81694535515925ffcf159be725e8bd1fb455eeb9e2cadcaa5684?s=96&d=mm&r=g\",\"width\":96,\"height\":96,\"caption\":\"Beata Nawrotkiewicz\"}},{\"@type\":\"WebPage\",\"@id\":\"https:\\\/\\\/www.skalnik.pl\\\/blog\\\/jaskinie-w-tatrach\\\/#webpage\",\"url\":\"https:\\\/\\\/www.skalnik.pl\\\/blog\\\/jaskinie-w-tatrach\\\/\",\"name\":\"Jaskinie w Tatrach - blog Skalnik\",\"description\":\"Dolina Ko\\u015bcieliska to miejsce, w kt\\u00f3rym znajduje si\\u0119 pi\\u0119\\u0107 z sze\\u015bciu jaski\\u0144 dla turyst\\u00f3w w Tatrach, w\\u015br\\u00f3d nich najs\\u0142ynniejsza jaskinia Mylna\",\"inLanguage\":\"pl-PL\",\"isPartOf\":{\"@id\":\"https:\\\/\\\/www.skalnik.pl\\\/blog\\\/#website\"},\"breadcrumb\":{\"@id\":\"https:\\\/\\\/www.skalnik.pl\\\/blog\\\/jaskinie-w-tatrach\\\/#breadcrumblist\"},\"author\":{\"@id\":\"https:\\\/\\\/www.skalnik.pl\\\/blog\\\/author\\\/beata-nawrotkiewicz\\\/#author\"},\"creator\":{\"@id\":\"https:\\\/\\\/www.skalnik.pl\\\/blog\\\/author\\\/beata-nawrotkiewicz\\\/#author\"},\"image\":{\"@type\":\"ImageObject\",\"url\":\"https:\\\/\\\/www.skalnik.pl\\\/blog\\\/wp-content\\\/uploads\\\/2021\\\/08\\\/okno-pawlikowskiego.jpg\",\"@id\":\"https:\\\/\\\/www.skalnik.pl\\\/blog\\\/jaskinie-w-tatrach\\\/#mainImage\",\"width\":1920,\"height\":705,\"caption\":\"okno pawlikowskiego w jaskini mylnej\"},\"primaryImageOfPage\":{\"@id\":\"https:\\\/\\\/www.skalnik.pl\\\/blog\\\/jaskinie-w-tatrach\\\/#mainImage\"},\"datePublished\":\"2021-08-25T08:16:00+02:00\",\"dateModified\":\"2021-08-17T09:00:59+02:00\"},{\"@type\":\"WebSite\",\"@id\":\"https:\\\/\\\/www.skalnik.pl\\\/blog\\\/#website\",\"url\":\"https:\\\/\\\/www.skalnik.pl\\\/blog\\\/\",\"name\":\"blog Skalnik\",\"description\":\"Blog, porady, artyku\\u0142y - blog Skalnik\",\"inLanguage\":\"pl-PL\",\"publisher\":{\"@id\":\"https:\\\/\\\/www.skalnik.pl\\\/blog\\\/#organization\"}}]}\n\t\t<\/script>\n\t\t<!-- All in One SEO -->\n\n","aioseo_head_json":{"title":"Jaskinie w Tatrach - blog Skalnik","description":"Dolina Ko\u015bcieliska to miejsce, w kt\u00f3rym znajduje si\u0119 pi\u0119\u0107 z sze\u015bciu jaski\u0144 dla turyst\u00f3w w Tatrach, w\u015br\u00f3d nich najs\u0142ynniejsza jaskinia Mylna","canonical_url":"https:\/\/www.skalnik.pl\/blog\/jaskinie-w-tatrach\/","robots":"max-image-preview:large","keywords":"","webmasterTools":{"miscellaneous":""},"schema":{"@context":"https:\/\/schema.org","@graph":[{"@type":"BlogPosting","@id":"https:\/\/www.skalnik.pl\/blog\/jaskinie-w-tatrach\/#blogposting","name":"Jaskinie w Tatrach - blog Skalnik","headline":"Jaskinie w Tatrach","author":{"@id":"https:\/\/www.skalnik.pl\/blog\/author\/beata-nawrotkiewicz\/#author"},"publisher":{"@id":"https:\/\/www.skalnik.pl\/blog\/#organization"},"image":{"@type":"ImageObject","url":"https:\/\/www.skalnik.pl\/blog\/wp-content\/uploads\/2021\/08\/okno-pawlikowskiego.jpg","width":1920,"height":705,"caption":"okno pawlikowskiego w jaskini mylnej"},"datePublished":"2021-08-25T08:16:00+02:00","dateModified":"2021-08-17T09:00:59+02:00","inLanguage":"pl-PL","mainEntityOfPage":{"@id":"https:\/\/www.skalnik.pl\/blog\/jaskinie-w-tatrach\/#webpage"},"isPartOf":{"@id":"https:\/\/www.skalnik.pl\/blog\/jaskinie-w-tatrach\/#webpage"},"articleSection":"Pasja, jaskinie, tatry"},{"@type":"BreadcrumbList","@id":"https:\/\/www.skalnik.pl\/blog\/jaskinie-w-tatrach\/#breadcrumblist","itemListElement":[{"@type":"ListItem","@id":"https:\/\/www.skalnik.pl\/blog#listItem","position":1,"name":"Home","item":"https:\/\/www.skalnik.pl\/blog","nextItem":{"@type":"ListItem","@id":"https:\/\/www.skalnik.pl\/blog\/.\/pasja\/#listItem","name":"Pasja"}},{"@type":"ListItem","@id":"https:\/\/www.skalnik.pl\/blog\/.\/pasja\/#listItem","position":2,"name":"Pasja","item":"https:\/\/www.skalnik.pl\/blog\/.\/pasja\/","nextItem":{"@type":"ListItem","@id":"https:\/\/www.skalnik.pl\/blog\/jaskinie-w-tatrach\/#listItem","name":"Jaskinie w Tatrach"},"previousItem":{"@type":"ListItem","@id":"https:\/\/www.skalnik.pl\/blog#listItem","name":"Home"}},{"@type":"ListItem","@id":"https:\/\/www.skalnik.pl\/blog\/jaskinie-w-tatrach\/#listItem","position":3,"name":"Jaskinie w Tatrach","previousItem":{"@type":"ListItem","@id":"https:\/\/www.skalnik.pl\/blog\/.\/pasja\/#listItem","name":"Pasja"}}]},{"@type":"Organization","@id":"https:\/\/www.skalnik.pl\/blog\/#organization","name":"blog Skalnik","description":"Blog, porady, artyku\u0142y - blog Skalnik","url":"https:\/\/www.skalnik.pl\/blog\/"},{"@type":"Person","@id":"https:\/\/www.skalnik.pl\/blog\/author\/beata-nawrotkiewicz\/#author","url":"https:\/\/www.skalnik.pl\/blog\/author\/beata-nawrotkiewicz\/","name":"Beata Nawrotkiewicz","image":{"@type":"ImageObject","@id":"https:\/\/www.skalnik.pl\/blog\/jaskinie-w-tatrach\/#authorImage","url":"https:\/\/secure.gravatar.com\/avatar\/53cf81cfcc3a81694535515925ffcf159be725e8bd1fb455eeb9e2cadcaa5684?s=96&d=mm&r=g","width":96,"height":96,"caption":"Beata Nawrotkiewicz"}},{"@type":"WebPage","@id":"https:\/\/www.skalnik.pl\/blog\/jaskinie-w-tatrach\/#webpage","url":"https:\/\/www.skalnik.pl\/blog\/jaskinie-w-tatrach\/","name":"Jaskinie w Tatrach - blog Skalnik","description":"Dolina Ko\u015bcieliska to miejsce, w kt\u00f3rym znajduje si\u0119 pi\u0119\u0107 z sze\u015bciu jaski\u0144 dla turyst\u00f3w w Tatrach, w\u015br\u00f3d nich najs\u0142ynniejsza jaskinia Mylna","inLanguage":"pl-PL","isPartOf":{"@id":"https:\/\/www.skalnik.pl\/blog\/#website"},"breadcrumb":{"@id":"https:\/\/www.skalnik.pl\/blog\/jaskinie-w-tatrach\/#breadcrumblist"},"author":{"@id":"https:\/\/www.skalnik.pl\/blog\/author\/beata-nawrotkiewicz\/#author"},"creator":{"@id":"https:\/\/www.skalnik.pl\/blog\/author\/beata-nawrotkiewicz\/#author"},"image":{"@type":"ImageObject","url":"https:\/\/www.skalnik.pl\/blog\/wp-content\/uploads\/2021\/08\/okno-pawlikowskiego.jpg","@id":"https:\/\/www.skalnik.pl\/blog\/jaskinie-w-tatrach\/#mainImage","width":1920,"height":705,"caption":"okno pawlikowskiego w jaskini mylnej"},"primaryImageOfPage":{"@id":"https:\/\/www.skalnik.pl\/blog\/jaskinie-w-tatrach\/#mainImage"},"datePublished":"2021-08-25T08:16:00+02:00","dateModified":"2021-08-17T09:00:59+02:00"},{"@type":"WebSite","@id":"https:\/\/www.skalnik.pl\/blog\/#website","url":"https:\/\/www.skalnik.pl\/blog\/","name":"blog Skalnik","description":"Blog, porady, artyku\u0142y - blog Skalnik","inLanguage":"pl-PL","publisher":{"@id":"https:\/\/www.skalnik.pl\/blog\/#organization"}}]},"og:locale":"pl_PL","og:site_name":"blog Skalnik - Blog, porady, artyku\u0142y - blog Skalnik","og:type":"article","og:title":"Jaskinie w Tatrach - blog Skalnik","og:description":"Dolina Ko\u015bcieliska to miejsce, w kt\u00f3rym znajduje si\u0119 pi\u0119\u0107 z sze\u015bciu jaski\u0144 dla turyst\u00f3w w Tatrach, w\u015br\u00f3d nich najs\u0142ynniejsza jaskinia Mylna","og:url":"https:\/\/www.skalnik.pl\/blog\/jaskinie-w-tatrach\/","og:image":"https:\/\/skalnik.pl\/blog\/wp-content\/uploads\/2021\/08\/mrozna-500.jpg","og:image:secure_url":"https:\/\/skalnik.pl\/blog\/wp-content\/uploads\/2021\/08\/mrozna-500.jpg","article:tag":["pasja","jaskinie","tatry"],"article:published_time":"2021-08-25T06:16:00+00:00","article:modified_time":"2021-08-17T07:00:59+00:00","twitter:card":"summary_large_image","twitter:title":"Jaskinie w Tatrach - blog Skalnik","twitter:description":"Dolina Ko\u015bcieliska to miejsce, w kt\u00f3rym znajduje si\u0119 pi\u0119\u0107 z sze\u015bciu jaski\u0144 dla turyst\u00f3w w Tatrach, w\u015br\u00f3d nich najs\u0142ynniejsza jaskinia Mylna","twitter:image":"https:\/\/skalnik.pl\/blog\/wp-content\/uploads\/2021\/08\/mrozna-500.jpg"},"aioseo_meta_data":{"post_id":"17571","title":null,"description":"Dolina Ko\u015bcieliska to miejsce, w kt\u00f3rym znajduje si\u0119 pi\u0119\u0107 z sze\u015bciu jaski\u0144 dla turyst\u00f3w w Tatrach, w\u015br\u00f3d nich najs\u0142ynniejsza jaskinia Mylna","keywords":"","keyphrases":null,"primary_term":null,"canonical_url":"","og_title":null,"og_description":null,"og_object_type":"default","og_image_type":"default","og_image_url":null,"og_image_width":null,"og_image_height":null,"og_image_custom_url":null,"og_image_custom_fields":null,"og_video":null,"og_custom_url":null,"og_article_section":null,"og_article_tags":null,"twitter_use_og":false,"twitter_card":"default","twitter_image_type":"default","twitter_image_url":null,"twitter_image_custom_url":null,"twitter_image_custom_fields":null,"twitter_title":null,"twitter_description":null,"schema":{"blockGraphs":[],"customGraphs":[],"default":{"data":{"Article":[],"Course":[],"Dataset":[],"FAQPage":[],"Movie":[],"Person":[],"Product":[],"ProductReview":[],"Car":[],"Recipe":[],"Service":[],"SoftwareApplication":[],"WebPage":[]},"graphName":"BlogPosting","isEnabled":true},"graphs":[]},"schema_type":"default","schema_type_options":null,"pillar_content":false,"robots_default":true,"robots_noindex":false,"robots_noarchive":false,"robots_nosnippet":false,"robots_nofollow":false,"robots_noimageindex":false,"robots_noodp":false,"robots_notranslate":false,"robots_max_snippet":null,"robots_max_videopreview":null,"robots_max_imagepreview":"large","priority":null,"frequency":null,"local_seo":null,"breadcrumb_settings":null,"limit_modified_date":false,"ai":null,"created":"2022-08-26 10:39:37","updated":"2026-02-17 22:13:19","seo_analyzer_scan_date":null},"aioseo_breadcrumb":"<div class=\"aioseo-breadcrumbs\"><span class=\"aioseo-breadcrumb\">\n\t\t\t<a href=\"https:\/\/www.skalnik.pl\/blog\" title=\"Home\">Home<\/a>\n\t\t<\/span><span class=\"aioseo-breadcrumb-separator\">&raquo;<\/span><span class=\"aioseo-breadcrumb\">\n\t\t\t<a href=\"https:\/\/www.skalnik.pl\/blog\/.\/pasja\/\" title=\"Pasja\">Pasja<\/a>\n\t\t<\/span><span class=\"aioseo-breadcrumb-separator\">&raquo;<\/span><span class=\"aioseo-breadcrumb\">\n\t\t\tJaskinie w Tatrach\n\t\t<\/span><\/div>","aioseo_breadcrumb_json":[{"label":"Home","link":"https:\/\/www.skalnik.pl\/blog"},{"label":"Pasja","link":"https:\/\/www.skalnik.pl\/blog\/.\/pasja\/"},{"label":"Jaskinie w Tatrach","link":"https:\/\/www.skalnik.pl\/blog\/jaskinie-w-tatrach\/"}],"_links":{"self":[{"href":"https:\/\/www.skalnik.pl\/blog\/wp-json\/wp\/v2\/posts\/17571","targetHints":{"allow":["GET"]}}],"collection":[{"href":"https:\/\/www.skalnik.pl\/blog\/wp-json\/wp\/v2\/posts"}],"about":[{"href":"https:\/\/www.skalnik.pl\/blog\/wp-json\/wp\/v2\/types\/post"}],"author":[{"embeddable":true,"href":"https:\/\/www.skalnik.pl\/blog\/wp-json\/wp\/v2\/users\/9"}],"replies":[{"embeddable":true,"href":"https:\/\/www.skalnik.pl\/blog\/wp-json\/wp\/v2\/comments?post=17571"}],"version-history":[{"count":9,"href":"https:\/\/www.skalnik.pl\/blog\/wp-json\/wp\/v2\/posts\/17571\/revisions"}],"predecessor-version":[{"id":17648,"href":"https:\/\/www.skalnik.pl\/blog\/wp-json\/wp\/v2\/posts\/17571\/revisions\/17648"}],"wp:featuredmedia":[{"embeddable":true,"href":"https:\/\/www.skalnik.pl\/blog\/wp-json\/wp\/v2\/media\/17626"}],"wp:attachment":[{"href":"https:\/\/www.skalnik.pl\/blog\/wp-json\/wp\/v2\/media?parent=17571"}],"wp:term":[{"taxonomy":"category","embeddable":true,"href":"https:\/\/www.skalnik.pl\/blog\/wp-json\/wp\/v2\/categories?post=17571"},{"taxonomy":"post_tag","embeddable":true,"href":"https:\/\/www.skalnik.pl\/blog\/wp-json\/wp\/v2\/tags?post=17571"},{"taxonomy":"magento_category","embeddable":true,"href":"https:\/\/www.skalnik.pl\/blog\/wp-json\/wp\/v2\/magento_category?post=17571"},{"taxonomy":"magento_product","embeddable":true,"href":"https:\/\/www.skalnik.pl\/blog\/wp-json\/wp\/v2\/magento_product?post=17571"}],"curies":[{"name":"wp","href":"https:\/\/api.w.org\/{rel}","templated":true}]}}